{"id":35265,"date":"2025-03-10T14:42:22","date_gmt":"2025-03-10T11:42:22","guid":{"rendered":"https:\/\/denizcankizil.tr\/uncategorized-tr\/izmir-kordon-hem-guvenli-hem-daha-yesil\/"},"modified":"2025-03-10T14:42:22","modified_gmt":"2025-03-10T11:42:22","slug":"izmir-kordon-hem-guvenli-hem-daha-yesil","status":"publish","type":"post","link":"https:\/\/denizcankizil.tr\/ru\/haberler\/gundem\/izmir-kordon-hem-guvenli-hem-daha-yesil\/","title":{"rendered":"\u0130zmir Kordon hem g\u00fcvenli, hem daha ye\u015fil"},"content":{"rendered":"<p>\u0130zmir B\u00fcy\u00fck\u015fehir Belediye Ba\u015fkan\u0131 Dr. Cemil Tugay\u2019\u0131n Kordon\u2019da su ta\u015fk\u0131nlar\u0131n\u0131 \u00f6nlemek amac\u0131yla ba\u015flatt\u0131\u011f\u0131 \u201cAcil Eylem Paketi\u201d d\u00fczenlemesinde sona gelindi. Sahil boyunca ge\u00e7ici f\u0131rt\u0131na duvar\u0131 olu\u015fturulurken, Kordon\u2019a 6 bin metrekarelik yeni ye\u015fil alan kazand\u0131r\u0131ld\u0131. Peyzaj ve sosyal alan d\u00fczenlemeleri ise devam ediyor.\u0130ZM\u0130R (\u0130GFA) &#8211; \u0130zmir B\u00fcy\u00fck\u015fehir Belediye Ba\u015fkan\u0131 Dr. Cemil Tugay\u2019\u0131n Kordon\u2019da deniz ta\u015fk\u0131nlar\u0131n\u0131 \u00f6nlemek ve \u0130zmirlilerin k\u0131y\u0131 \u015feridini daha konforlu kullan\u0131m\u0131n\u0131 sa\u011flamak i\u00e7in ba\u015flatt\u0131\u011f\u0131\u00a0 \u201cAcil Eylem Paketi\u201d \u00e7al\u0131\u015fmalar\u0131nda sona gelindi.<br \/>\nAlsancak Liman\u0131\u2019ndan Cumhuriyet Meydan\u0131\u2019na kadar olan bin 700 metrelik sahil \u015feridinde k\u0131y\u0131ya paralel ge\u00e7ici f\u0131rt\u0131na duvar\u0131n\u0131n yap\u0131m\u0131 tamamlan\u0131rken, k\u0131y\u0131 boyunca yap\u0131lan peyzaj d\u00fczenlemeleriyle Kordon daha ye\u015fil bir g\u00f6r\u00fcn\u00fcme kavu\u015ftu. Park ve Bah\u00e7eler Dairesi Ba\u015fkanl\u0131\u011f\u0131 taraf\u0131ndan y\u00fcr\u00fct\u00fclen peyzaj d\u00fczenlemesinde, su ta\u015fk\u0131nlar\u0131na ve iklim krizinin etkilerine dayan\u0131kl\u0131 bitkiler tercih edilerek Kordon\u2019da y\u0131l boyunca ye\u015fil dokunun korunmas\u0131 hedeflendi. Alanda peyzaj d\u00fczenlemelerinin devam etti\u011fi, kent mobilyalar\u0131, oturma ve yeni aktivite alanlar\u0131 ile seyir teraslar\u0131n\u0131n montaj\u0131n\u0131n ard\u0131ndan \u00e7al\u0131\u015fmalar\u0131n tamamlanaca\u011f\u0131 bildirildi.<br \/>\n\u0130zmir B\u00fcy\u00fck\u015fehir Belediyesi peyzaj d\u00fczenlemelerinde deniz semizi, zakkum, defne, Arap yasemini, akkavak, \u0131lg\u0131n ve palmiye bitkilerini kulland\u0131. Bitkilerin sulanmas\u0131 i\u00e7in alana sulama tesisat\u0131 kuruldu. Park ve Bah\u00e7eler Dairesi Ba\u015fkanl\u0131\u011f\u0131 G\u00fcney Alanlar \u015eube M\u00fcd\u00fcrl\u00fc\u011f\u00fc \u015eefi Umut G\u00f6k, \u00e7al\u0131\u015fmalar kapsam\u0131nda Kordon\u2019a 6 bin metrekare yeni ye\u015fil alan kazand\u0131r\u0131ld\u0131\u011f\u0131n\u0131 s\u00f6yledi. G\u00f6k, 10 bin 440 metrekarelik bir peyzaj alan\u0131na 43 bin \u00e7al\u0131 bitkisi ile 185 adet a\u011fa\u00e7 diktiklerini aktararak, 8 bin 100 metrekarelik alanda \u00e7im seriminin devam etti\u011fini bildirdi. Se\u00e7ilen bitkilerin tuzlu suya dayan\u0131kl\u0131 bitkiler oldu\u011funu aktaran G\u00f6k, \u201cGe\u00e7mi\u015f d\u00f6nemlerde ya\u015fad\u0131\u011f\u0131m\u0131z ta\u015fk\u0131nlarda t\u00fcm peyzaj alanlar\u0131m\u0131z, ye\u015fil alanlar\u0131m\u0131z tahrip olmu\u015ftu. Bu tahribat\u0131 \u00f6nlemek ad\u0131na daha \u00e7ok tuzlu suya dayan\u0131kl\u0131 bitkileri tercih ettik\u201d dedi.<\/p>\n<p>KENT MOB\u0130LYALARI VE OYUN ALANLARIYLA DAHA ETK\u0130N KULLANIM<br \/>\nBu projeyle deniz ta\u015fk\u0131n\u0131 riskini \u00f6nlerken vatanda\u015flara daha konforlu, daha geni\u015f ye\u015fil alanlar ve daha ferah bir sahil sunduklar\u0131n\u0131 ifade eden G\u00f6k, \u201cProjenin y\u00fczde 95\u2019i tamamlanm\u0131\u015f durumda. Sahil k\u0131sm\u0131nda \u00e7e\u015fitli yerlerde aktivite alanlar\u0131 olu\u015fturuyoruz. Vatanda\u015flar\u0131m\u0131z, sahilde daha fazla vakit ge\u00e7irebilecek. \u015eu an alanda g\u00f6lgeliklerimiz mevcut. Kordon\u2019un \u00e7e\u015fitli yerlerine oturma alanlar\u0131, kent mobilyalar\u0131 eklenecek\u201d dedi.<br \/>\n\u0130zmir B\u00fcy\u00fck\u015fehir Belediyesi Fen \u0130\u015fleri Dairesi Ba\u015fkanl\u0131\u011f\u0131 toplam bin 700 metrelik sahil \u015feridinde k\u0131y\u0131ya paralel ge\u00e7ici f\u0131rt\u0131na duvar\u0131 ve sel kap\u0131lar\u0131n\u0131n yap\u0131m\u0131n\u0131 tamamlad\u0131. D\u00fczenlemeyle, Kordon\u2019da olas\u0131 bir afetin etkisi azalt\u0131lm\u0131\u015f oldu. K\u00f6rfez\u2019deki dalgalar\u0131n en \u00e7ok etki yaratt\u0131\u011f\u0131 Cumhuriyet Meydan\u0131\u2019ndaki d\u00fczenleme sayesinde can g\u00fcvenli\u011fi de sa\u011flanm\u0131\u015f oldu. Alanda yap\u0131m\u0131 tamamlanan set dalgalar\u0131n meydanda olu\u015fturdu\u011fu tehdidin \u00f6n\u00fcne ge\u00e7ti.<\/p>\n<p>Fen \u0130\u015fleri Dairesi ekipleri, f\u0131rt\u0131na duvar\u0131n\u0131n yan\u0131 s\u0131ra Kordon\u2019un sahil \u015feridindeki y\u00fcr\u00fcy\u00fc\u015f yolunu da tamamen yeniledi. Daha \u00f6nceki formunda, k\u0131r\u0131k ve a\u00e7\u0131k aral\u0131kl\u0131 ta\u015flardan olu\u015fan y\u00fcr\u00fcy\u00fc\u015f yolu, \u00f6zellikle engellilerin, ya\u015fl\u0131lar\u0131n ve bebek arabalar\u0131n\u0131n da eri\u015fimine uygun d\u00fcz bir zemine kavu\u015fturuldu. Y\u00fcr\u00fcy\u00fc\u015f yolu d\u00fczenlemeleriyle e\u015f zamanl\u0131 olarak alan\u0131n ayd\u0131nlatma sistemi de ba\u015ftan sona elden ge\u00e7irildi.<\/p>\n<p>\u200b\u0130zmir B\u00fcy\u00fck\u015fehir Belediye Ba\u015fkan\u0131 Dr. Cemil Tugay\u2019\u0131n Kordon\u2019da su ta\u015fk\u0131nlar\u0131n\u0131 \u00f6nlemek amac\u0131yla ba\u015flatt\u0131\u011f\u0131 \u201cAcil Eylem Paketi\u201d d\u00fczenlemesinde sona gelindi. Sahil boyunca ge\u00e7ici f\u0131rt\u0131na duvar\u0131 olu\u015fturulurken, Kordon\u2019a 6 bin metrekarelik yeni ye\u015fil alan kazand\u0131r\u0131ld\u0131. Peyzaj ve sosyal alan d\u00fczenlemeleri ise devam ediyor.\u0130ZM\u0130R (\u0130GFA) &#8211; \u0130zmir B\u00fcy\u00fck\u015fehir Belediye Ba\u015fkan\u0131 Dr. Cemil Tugay\u2019\u0131n Kordon\u2019da deniz ta\u015fk\u0131nlar\u0131n\u0131 \u00f6nlemek ve \u0130zmirlilerin k\u0131y\u0131 \u015feridini daha konforlu kullan\u0131m\u0131n\u0131 sa\u011flamak i\u00e7in ba\u015flatt\u0131\u011f\u0131\u00a0 \u201cAcil Eylem Paketi\u201d \u00e7al\u0131\u015fmalar\u0131nda sona gelindi.<br \/>\nAlsancak Liman\u0131\u2019ndan Cumhuriyet Meydan\u0131\u2019na kadar olan bin 700 metrelik sahil \u015feridinde k\u0131y\u0131ya paralel ge\u00e7ici f\u0131rt\u0131na duvar\u0131n\u0131n yap\u0131m\u0131 tamamlan\u0131rken, k\u0131y\u0131 boyunca yap\u0131lan peyzaj d\u00fczenlemeleriyle Kordon daha ye\u015fil bir g\u00f6r\u00fcn\u00fcme kavu\u015ftu. Park ve Bah\u00e7eler Dairesi Ba\u015fkanl\u0131\u011f\u0131 taraf\u0131ndan y\u00fcr\u00fct\u00fclen peyzaj d\u00fczenlemesinde, su ta\u015fk\u0131nlar\u0131na ve iklim krizinin etkilerine dayan\u0131kl\u0131 bitkiler tercih edilerek Kordon\u2019da y\u0131l boyunca ye\u015fil dokunun korunmas\u0131 hedeflendi. Alanda peyzaj d\u00fczenlemelerinin devam etti\u011fi, kent mobilyalar\u0131, oturma ve yeni aktivite alanlar\u0131 ile seyir teraslar\u0131n\u0131n montaj\u0131n\u0131n ard\u0131ndan \u00e7al\u0131\u015fmalar\u0131n tamamlanaca\u011f\u0131 bildirildi.<br \/>\n\u0130zmir B\u00fcy\u00fck\u015fehir Belediyesi peyzaj d\u00fczenlemelerinde deniz semizi, zakkum, defne, Arap yasemini, akkavak, \u0131lg\u0131n ve palmiye bitkilerini kulland\u0131. Bitkilerin sulanmas\u0131 i\u00e7in alana sulama tesisat\u0131 kuruldu. Park ve Bah\u00e7eler Dairesi Ba\u015fkanl\u0131\u011f\u0131 G\u00fcney Alanlar \u015eube M\u00fcd\u00fcrl\u00fc\u011f\u00fc \u015eefi Umut G\u00f6k, \u00e7al\u0131\u015fmalar kapsam\u0131nda Kordon\u2019a 6 bin metrekare yeni ye\u015fil alan kazand\u0131r\u0131ld\u0131\u011f\u0131n\u0131 s\u00f6yledi. G\u00f6k, 10 bin 440 metrekarelik bir peyzaj alan\u0131na 43 bin \u00e7al\u0131 bitkisi ile 185 adet a\u011fa\u00e7 diktiklerini aktararak, 8 bin 100 metrekarelik alanda \u00e7im seriminin devam etti\u011fini bildirdi. Se\u00e7ilen bitkilerin tuzlu suya dayan\u0131kl\u0131 bitkiler oldu\u011funu aktaran G\u00f6k, \u201cGe\u00e7mi\u015f d\u00f6nemlerde ya\u015fad\u0131\u011f\u0131m\u0131z ta\u015fk\u0131nlarda t\u00fcm peyzaj alanlar\u0131m\u0131z, ye\u015fil alanlar\u0131m\u0131z tahrip olmu\u015ftu. Bu tahribat\u0131 \u00f6nlemek ad\u0131na daha \u00e7ok tuzlu suya dayan\u0131kl\u0131 bitkileri tercih ettik\u201d dedi.<\/p>\n<p>KENT MOB\u0130LYALARI VE OYUN ALANLARIYLA DAHA ETK\u0130N KULLANIM<br \/>\nBu projeyle deniz ta\u015fk\u0131n\u0131 riskini \u00f6nlerken vatanda\u015flara daha konforlu, daha geni\u015f ye\u015fil alanlar ve daha ferah bir sahil sunduklar\u0131n\u0131 ifade eden G\u00f6k, \u201cProjenin y\u00fczde 95\u2019i tamamlanm\u0131\u015f durumda. Sahil k\u0131sm\u0131nda \u00e7e\u015fitli yerlerde aktivite alanlar\u0131 olu\u015fturuyoruz. Vatanda\u015flar\u0131m\u0131z, sahilde daha fazla vakit ge\u00e7irebilecek. \u015eu an alanda g\u00f6lgeliklerimiz mevcut. Kordon\u2019un \u00e7e\u015fitli yerlerine oturma alanlar\u0131, kent mobilyalar\u0131 eklenecek\u201d dedi.<br \/>\n\u0130zmir B\u00fcy\u00fck\u015fehir Belediyesi Fen \u0130\u015fleri Dairesi Ba\u015fkanl\u0131\u011f\u0131 toplam bin 700 metrelik sahil \u015feridinde k\u0131y\u0131ya paralel ge\u00e7ici f\u0131rt\u0131na duvar\u0131 ve sel kap\u0131lar\u0131n\u0131n yap\u0131m\u0131n\u0131 tamamlad\u0131. D\u00fczenlemeyle, Kordon\u2019da olas\u0131 bir afetin etkisi azalt\u0131lm\u0131\u015f oldu. K\u00f6rfez\u2019deki dalgalar\u0131n en \u00e7ok etki yaratt\u0131\u011f\u0131 Cumhuriyet Meydan\u0131\u2019ndaki d\u00fczenleme sayesinde can g\u00fcvenli\u011fi de sa\u011flanm\u0131\u015f oldu. Alanda yap\u0131m\u0131 tamamlanan set dalgalar\u0131n meydanda olu\u015fturdu\u011fu tehdidin \u00f6n\u00fcne ge\u00e7ti.<\/p>\n<p>Fen \u0130\u015fleri Dairesi ekipleri, f\u0131rt\u0131na duvar\u0131n\u0131n yan\u0131 s\u0131ra Kordon\u2019un sahil \u015feridindeki y\u00fcr\u00fcy\u00fc\u015f yolunu da tamamen yeniledi. Daha \u00f6nceki formunda, k\u0131r\u0131k ve a\u00e7\u0131k aral\u0131kl\u0131 ta\u015flardan olu\u015fan y\u00fcr\u00fcy\u00fc\u015f yolu, \u00f6zellikle engellilerin, ya\u015fl\u0131lar\u0131n ve bebek arabalar\u0131n\u0131n da eri\u015fimine uygun d\u00fcz bir zemine kavu\u015fturuldu. Y\u00fcr\u00fcy\u00fc\u015f yolu d\u00fczenlemeleriyle e\u015f zamanl\u0131 olarak alan\u0131n ayd\u0131nlatma sistemi de ba\u015ftan sona elden ge\u00e7irildi.\u00a0<\/p>\n<p>\u200bHaberin Al\u0131nt\u0131land\u0131\u011f\u0131 Kaynak: www.iskenderun.org<\/p>","protected":false},"excerpt":{"rendered":"<p>\u0130zmir B\u00fcy\u00fck\u015fehir Belediye Ba\u015fkan\u0131 Dr. Cemil Tugay\u2019\u0131n Kordon\u2019da su ta\u015fk\u0131nlar\u0131n\u0131 \u00f6nlemek amac\u0131yla ba\u015flatt\u0131\u011f\u0131 \u201cAcil Eylem Paketi\u201d d\u00fczenlemesinde sona gelindi. Sahil boyunca ge\u00e7ici f\u0131rt\u0131na duvar\u0131 olu\u015fturulurken, Kordon\u2019a 6 bin metrekarelik yeni ye\u015fil alan kazand\u0131r\u0131ld\u0131. Peyzaj ve sosyal alan d\u00fczenlemeleri ise devam ediyor.\u0130ZM\u0130R (\u0130GFA) &#8211; \u0130zmir B\u00fcy\u00fck\u015fehir Belediye Ba\u015fkan\u0131 Dr. Cemil Tugay\u2019\u0131n Kordon\u2019da deniz ta\u015fk\u0131nlar\u0131n\u0131 \u00f6nlemek ve \u0130zmirlilerin k\u0131y\u0131 \u015feridini daha konforlu kullan\u0131m\u0131n\u0131 sa\u011flamak i\u00e7in ba\u015flatt\u0131\u011f\u0131\u00a0 \u201cAcil Eylem Paketi\u201d \u00e7al\u0131\u015fmalar\u0131nda sona gelindi. Alsancak Liman\u0131\u2019ndan Cumhuriyet Meydan\u0131\u2019na kadar olan bin 700 metrelik sahil \u015feridinde k\u0131y\u0131ya paralel ge\u00e7ici f\u0131rt\u0131na duvar\u0131n\u0131n yap\u0131m\u0131 tamamlan\u0131rken, k\u0131y\u0131 boyunca yap\u0131lan peyzaj d\u00fczenlemeleriyle Kordon daha ye\u015fil bir g\u00f6r\u00fcn\u00fcme kavu\u015ftu. Park ve Bah\u00e7eler Dairesi Ba\u015fkanl\u0131\u011f\u0131 taraf\u0131ndan y\u00fcr\u00fct\u00fclen peyzaj d\u00fczenlemesinde, su ta\u015fk\u0131nlar\u0131na ve iklim krizinin etkilerine dayan\u0131kl\u0131 bitkiler tercih edilerek Kordon\u2019da y\u0131l boyunca ye\u015fil dokunun korunmas\u0131 hedeflendi. Alanda peyzaj d\u00fczenlemelerinin devam etti\u011fi, kent mobilyalar\u0131, oturma ve yeni aktivite alanlar\u0131 ile seyir teraslar\u0131n\u0131n montaj\u0131n\u0131n ard\u0131ndan \u00e7al\u0131\u015fmalar\u0131n tamamlanaca\u011f\u0131 bildirildi. \u0130zmir B\u00fcy\u00fck\u015fehir Belediyesi peyzaj d\u00fczenlemelerinde deniz semizi, zakkum, defne, Arap yasemini, akkavak, \u0131lg\u0131n ve palmiye bitkilerini kulland\u0131. Bitkilerin sulanmas\u0131 i\u00e7in alana sulama tesisat\u0131 kuruldu. Park ve Bah\u00e7eler Dairesi Ba\u015fkanl\u0131\u011f\u0131 G\u00fcney Alanlar \u015eube M\u00fcd\u00fcrl\u00fc\u011f\u00fc \u015eefi Umut G\u00f6k, \u00e7al\u0131\u015fmalar kapsam\u0131nda Kordon\u2019a 6 bin metrekare yeni ye\u015fil alan kazand\u0131r\u0131ld\u0131\u011f\u0131n\u0131 s\u00f6yledi. G\u00f6k, 10 bin 440 metrekarelik bir peyzaj alan\u0131na &hellip;<\/p>","protected":false},"author":1,"featured_media":0,"comment_status":"open","ping_status":"open","sticky":false,"template":"","format":"standard","meta":{"_acf_changed":false,"footnotes":""},"categories":[24],"tags":[],"class_list":["post-35265","post","type-post","status-publish","format-standard","has-post-thumbnail","hentry","category-gundem"],"acf":[],"yoast_head":"<!-- This site is optimized with the Yoast SEO Premium plugin v26.6 (Yoast SEO v27.1.1) - https:\/\/yoast.com\/product\/yoast-seo-premium-wordpress\/ -->\n<title>\u0130zmir Kordon hem g\u00fcvenli, hem daha ye\u015fil - Av. Deniz Can K\u0131z\u0131l<\/title>\n<meta name=\"robots\" content=\"index, follow, max-snippet:-1, max-image-preview:large, max-video-preview:-1\" \/>\n<link rel=\"canonical\" href=\"https:\/\/denizcankizil.tr\/ru\/haberler\/gundem\/izmir-kordon-hem-guvenli-hem-daha-yesil\/\" \/>\n<meta property=\"og:locale\" content=\"ru_RU\" \/>\n<meta property=\"og:type\" content=\"article\" \/>\n<meta property=\"og:title\" content=\"\u0130zmir Kordon hem g\u00fcvenli, hem daha ye\u015fil\" \/>\n<meta property=\"og:description\" content=\"\u0130zmir B\u00fcy\u00fck\u015fehir Belediye Ba\u015fkan\u0131 Dr. Cemil Tugay\u2019\u0131n Kordon\u2019da su ta\u015fk\u0131nlar\u0131n\u0131 \u00f6nlemek amac\u0131yla ba\u015flatt\u0131\u011f\u0131 \u201cAcil Eylem Paketi\u201d d\u00fczenlemesinde sona gelindi. Sahil boyunca ge\u00e7ici f\u0131rt\u0131na duvar\u0131 olu\u015fturulurken, Kordon\u2019a 6 bin metrekarelik yeni ye\u015fil alan kazand\u0131r\u0131ld\u0131. Peyzaj ve sosyal alan d\u00fczenlemeleri ise devam ediyor.\u0130ZM\u0130R (\u0130GFA) &#8211; \u0130zmir B\u00fcy\u00fck\u015fehir Belediye Ba\u015fkan\u0131 Dr. Cemil Tugay\u2019\u0131n Kordon\u2019da deniz ta\u015fk\u0131nlar\u0131n\u0131 \u00f6nlemek ve \u0130zmirlilerin k\u0131y\u0131 \u015feridini daha konforlu kullan\u0131m\u0131n\u0131 sa\u011flamak i\u00e7in ba\u015flatt\u0131\u011f\u0131\u00a0 \u201cAcil Eylem Paketi\u201d \u00e7al\u0131\u015fmalar\u0131nda sona gelindi. Alsancak Liman\u0131\u2019ndan Cumhuriyet Meydan\u0131\u2019na kadar olan bin 700 metrelik sahil \u015feridinde k\u0131y\u0131ya paralel ge\u00e7ici f\u0131rt\u0131na duvar\u0131n\u0131n yap\u0131m\u0131 tamamlan\u0131rken, k\u0131y\u0131 boyunca yap\u0131lan peyzaj d\u00fczenlemeleriyle Kordon daha ye\u015fil bir g\u00f6r\u00fcn\u00fcme kavu\u015ftu. Park ve Bah\u00e7eler Dairesi Ba\u015fkanl\u0131\u011f\u0131 taraf\u0131ndan y\u00fcr\u00fct\u00fclen peyzaj d\u00fczenlemesinde, su ta\u015fk\u0131nlar\u0131na ve iklim krizinin etkilerine dayan\u0131kl\u0131 bitkiler tercih edilerek Kordon\u2019da y\u0131l boyunca ye\u015fil dokunun korunmas\u0131 hedeflendi. Alanda peyzaj d\u00fczenlemelerinin devam etti\u011fi, kent mobilyalar\u0131, oturma ve yeni aktivite alanlar\u0131 ile seyir teraslar\u0131n\u0131n montaj\u0131n\u0131n ard\u0131ndan \u00e7al\u0131\u015fmalar\u0131n tamamlanaca\u011f\u0131 bildirildi. \u0130zmir B\u00fcy\u00fck\u015fehir Belediyesi peyzaj d\u00fczenlemelerinde deniz semizi, zakkum, defne, Arap yasemini, akkavak, \u0131lg\u0131n ve palmiye bitkilerini kulland\u0131. Bitkilerin sulanmas\u0131 i\u00e7in alana sulama tesisat\u0131 kuruldu. Park ve Bah\u00e7eler Dairesi Ba\u015fkanl\u0131\u011f\u0131 G\u00fcney Alanlar \u015eube M\u00fcd\u00fcrl\u00fc\u011f\u00fc \u015eefi Umut G\u00f6k, \u00e7al\u0131\u015fmalar kapsam\u0131nda Kordon\u2019a 6 bin metrekare yeni ye\u015fil alan kazand\u0131r\u0131ld\u0131\u011f\u0131n\u0131 s\u00f6yledi. G\u00f6k, 10 bin 440 metrekarelik bir peyzaj alan\u0131na &hellip;\" \/>\n<meta property=\"og:url\" content=\"https:\/\/denizcankizil.tr\/ru\/haberler\/gundem\/izmir-kordon-hem-guvenli-hem-daha-yesil\/\" \/>\n<meta property=\"og:site_name\" content=\"Av. Deniz Can K\u0131z\u0131l\" \/>\n<meta property=\"article:published_time\" content=\"2025-03-10T11:42:22+00:00\" \/>\n<meta name=\"author\" content=\"admin\" \/>\n<meta name=\"twitter:card\" content=\"summary_large_image\" \/>\n<meta name=\"twitter:label1\" content=\"\u041d\u0430\u043f\u0438\u0441\u0430\u043d\u043e \u0430\u0432\u0442\u043e\u0440\u043e\u043c\" \/>\n\t<meta name=\"twitter:data1\" content=\"admin\" \/>\n\t<meta name=\"twitter:label2\" content=\"\u041f\u0440\u0438\u043c\u0435\u0440\u043d\u043e\u0435 \u0432\u0440\u0435\u043c\u044f \u0434\u043b\u044f \u0447\u0442\u0435\u043d\u0438\u044f\" \/>\n\t<meta name=\"twitter:data2\" content=\"6 \u043c\u0438\u043d\u0443\u0442\" \/>\n<script type=\"application\/ld+json\" class=\"yoast-schema-graph\">{\"@context\":\"https:\/\/schema.org\",\"@graph\":[{\"@type\":\"Article\",\"@id\":\"https:\/\/denizcankizil.tr\/ru\/haberler\/gundem\/izmir-kordon-hem-guvenli-hem-daha-yesil\/#article\",\"isPartOf\":{\"@id\":\"https:\/\/denizcankizil.tr\/ru\/haberler\/gundem\/izmir-kordon-hem-guvenli-hem-daha-yesil\/\"},\"author\":{\"name\":\"admin\",\"@id\":\"https:\/\/denizcankizil.tr\/de\/#\/schema\/person\/be3c05fe6a12686905512445d8185489\"},\"headline\":\"\u0130zmir Kordon hem g\u00fcvenli, hem daha ye\u015fil\",\"datePublished\":\"2025-03-10T11:42:22+00:00\",\"mainEntityOfPage\":{\"@id\":\"https:\/\/denizcankizil.tr\/ru\/haberler\/gundem\/izmir-kordon-hem-guvenli-hem-daha-yesil\/\"},\"wordCount\":1263,\"commentCount\":0,\"publisher\":{\"@id\":\"https:\/\/denizcankizil.tr\/de\/#organization\"},\"articleSection\":[\"G\u00fcndem\"],\"inLanguage\":\"ru-RU\",\"potentialAction\":[{\"@type\":\"CommentAction\",\"name\":\"Comment\",\"target\":[\"https:\/\/denizcankizil.tr\/ru\/haberler\/gundem\/izmir-kordon-hem-guvenli-hem-daha-yesil\/#respond\"]}]},{\"@type\":\"WebPage\",\"@id\":\"https:\/\/denizcankizil.tr\/ru\/haberler\/gundem\/izmir-kordon-hem-guvenli-hem-daha-yesil\/\",\"url\":\"https:\/\/denizcankizil.tr\/ru\/haberler\/gundem\/izmir-kordon-hem-guvenli-hem-daha-yesil\/\",\"name\":\"\u0130zmir Kordon hem g\u00fcvenli, hem daha ye\u015fil - Av. Deniz Can K\u0131z\u0131l\",\"isPartOf\":{\"@id\":\"https:\/\/denizcankizil.tr\/de\/#website\"},\"datePublished\":\"2025-03-10T11:42:22+00:00\",\"breadcrumb\":{\"@id\":\"https:\/\/denizcankizil.tr\/ru\/haberler\/gundem\/izmir-kordon-hem-guvenli-hem-daha-yesil\/#breadcrumb\"},\"inLanguage\":\"ru-RU\",\"potentialAction\":[{\"@type\":\"ReadAction\",\"target\":[\"https:\/\/denizcankizil.tr\/ru\/haberler\/gundem\/izmir-kordon-hem-guvenli-hem-daha-yesil\/\"]}]},{\"@type\":\"BreadcrumbList\",\"@id\":\"https:\/\/denizcankizil.tr\/ru\/haberler\/gundem\/izmir-kordon-hem-guvenli-hem-daha-yesil\/#breadcrumb\",\"itemListElement\":[{\"@type\":\"ListItem\",\"position\":1,\"name\":\"Home\",\"item\":\"https:\/\/denizcankizil.tr\/de\/\"},{\"@type\":\"ListItem\",\"position\":2,\"name\":\"\u0130zmir Kordon hem g\u00fcvenli, hem daha ye\u015fil\"}]},{\"@type\":\"WebSite\",\"@id\":\"https:\/\/denizcankizil.tr\/de\/#website\",\"url\":\"https:\/\/denizcankizil.tr\/de\/\",\"name\":\"Av. Deniz Can K\u0131z\u0131l\",\"description\":\"Avukat Deniz Can K\u0131z\u0131l Antalya Barosu\",\"publisher\":{\"@id\":\"https:\/\/denizcankizil.tr\/de\/#organization\"},\"potentialAction\":[{\"@type\":\"SearchAction\",\"target\":{\"@type\":\"EntryPoint\",\"urlTemplate\":\"https:\/\/denizcankizil.tr\/de\/?s={search_term_string}\"},\"query-input\":{\"@type\":\"PropertyValueSpecification\",\"valueRequired\":true,\"valueName\":\"search_term_string\"}}],\"inLanguage\":\"ru-RU\"},{\"@type\":\"Organization\",\"@id\":\"https:\/\/denizcankizil.tr\/de\/#organization\",\"name\":\"Av. Deniz Can K\u0131z\u0131l\",\"url\":\"https:\/\/denizcankizil.tr\/de\/\",\"logo\":{\"@type\":\"ImageObject\",\"inLanguage\":\"ru-RU\",\"@id\":\"https:\/\/denizcankizil.tr\/de\/#\/schema\/logo\/image\/\",\"url\":\"https:\/\/denizcankizil.tr\/wp-content\/uploads\/2024\/10\/siyah-logo-svg.svg\",\"contentUrl\":\"https:\/\/denizcankizil.tr\/wp-content\/uploads\/2024\/10\/siyah-logo-svg.svg\",\"width\":1080,\"height\":1080,\"caption\":\"Av. Deniz Can K\u0131z\u0131l\"},\"image\":{\"@id\":\"https:\/\/denizcankizil.tr\/de\/#\/schema\/logo\/image\/\"}},{\"@type\":\"Person\",\"@id\":\"https:\/\/denizcankizil.tr\/de\/#\/schema\/person\/be3c05fe6a12686905512445d8185489\",\"name\":\"admin\",\"image\":{\"@type\":\"ImageObject\",\"inLanguage\":\"ru-RU\",\"@id\":\"https:\/\/denizcankizil.tr\/de\/#\/schema\/person\/image\/\",\"url\":\"https:\/\/secure.gravatar.com\/avatar\/c1fce94c830dc79107e174f890d7210541c4a63e8e5d816341794a2151c9d58c?s=96&d=mm&r=g\",\"contentUrl\":\"https:\/\/secure.gravatar.com\/avatar\/c1fce94c830dc79107e174f890d7210541c4a63e8e5d816341794a2151c9d58c?s=96&d=mm&r=g\",\"caption\":\"admin\"},\"sameAs\":[\"http:\/\/denizcankizil.tr\"],\"url\":\"https:\/\/www.iskenderun.org\/izmir-kordon-hem-guvenli-hem-daha-yesil\"}]}<\/script>\n<!-- \/ Yoast SEO Premium plugin. -->","yoast_head_json":{"title":"\u0130zmir Kordon hem g\u00fcvenli, hem daha ye\u015fil - Av. Deniz Can K\u0131z\u0131l","robots":{"index":"index","follow":"follow","max-snippet":"max-snippet:-1","max-image-preview":"max-image-preview:large","max-video-preview":"max-video-preview:-1"},"canonical":"https:\/\/denizcankizil.tr\/ru\/haberler\/gundem\/izmir-kordon-hem-guvenli-hem-daha-yesil\/","og_locale":"ru_RU","og_type":"article","og_title":"\u0130zmir Kordon hem g\u00fcvenli, hem daha ye\u015fil","og_description":"\u0130zmir B\u00fcy\u00fck\u015fehir Belediye Ba\u015fkan\u0131 Dr. Cemil Tugay\u2019\u0131n Kordon\u2019da su ta\u015fk\u0131nlar\u0131n\u0131 \u00f6nlemek amac\u0131yla ba\u015flatt\u0131\u011f\u0131 \u201cAcil Eylem Paketi\u201d d\u00fczenlemesinde sona gelindi. Sahil boyunca ge\u00e7ici f\u0131rt\u0131na duvar\u0131 olu\u015fturulurken, Kordon\u2019a 6 bin metrekarelik yeni ye\u015fil alan kazand\u0131r\u0131ld\u0131. Peyzaj ve sosyal alan d\u00fczenlemeleri ise devam ediyor.\u0130ZM\u0130R (\u0130GFA) &#8211; \u0130zmir B\u00fcy\u00fck\u015fehir Belediye Ba\u015fkan\u0131 Dr. Cemil Tugay\u2019\u0131n Kordon\u2019da deniz ta\u015fk\u0131nlar\u0131n\u0131 \u00f6nlemek ve \u0130zmirlilerin k\u0131y\u0131 \u015feridini daha konforlu kullan\u0131m\u0131n\u0131 sa\u011flamak i\u00e7in ba\u015flatt\u0131\u011f\u0131\u00a0 \u201cAcil Eylem Paketi\u201d \u00e7al\u0131\u015fmalar\u0131nda sona gelindi. Alsancak Liman\u0131\u2019ndan Cumhuriyet Meydan\u0131\u2019na kadar olan bin 700 metrelik sahil \u015feridinde k\u0131y\u0131ya paralel ge\u00e7ici f\u0131rt\u0131na duvar\u0131n\u0131n yap\u0131m\u0131 tamamlan\u0131rken, k\u0131y\u0131 boyunca yap\u0131lan peyzaj d\u00fczenlemeleriyle Kordon daha ye\u015fil bir g\u00f6r\u00fcn\u00fcme kavu\u015ftu. Park ve Bah\u00e7eler Dairesi Ba\u015fkanl\u0131\u011f\u0131 taraf\u0131ndan y\u00fcr\u00fct\u00fclen peyzaj d\u00fczenlemesinde, su ta\u015fk\u0131nlar\u0131na ve iklim krizinin etkilerine dayan\u0131kl\u0131 bitkiler tercih edilerek Kordon\u2019da y\u0131l boyunca ye\u015fil dokunun korunmas\u0131 hedeflendi. Alanda peyzaj d\u00fczenlemelerinin devam etti\u011fi, kent mobilyalar\u0131, oturma ve yeni aktivite alanlar\u0131 ile seyir teraslar\u0131n\u0131n montaj\u0131n\u0131n ard\u0131ndan \u00e7al\u0131\u015fmalar\u0131n tamamlanaca\u011f\u0131 bildirildi. \u0130zmir B\u00fcy\u00fck\u015fehir Belediyesi peyzaj d\u00fczenlemelerinde deniz semizi, zakkum, defne, Arap yasemini, akkavak, \u0131lg\u0131n ve palmiye bitkilerini kulland\u0131. Bitkilerin sulanmas\u0131 i\u00e7in alana sulama tesisat\u0131 kuruldu. Park ve Bah\u00e7eler Dairesi Ba\u015fkanl\u0131\u011f\u0131 G\u00fcney Alanlar \u015eube M\u00fcd\u00fcrl\u00fc\u011f\u00fc \u015eefi Umut G\u00f6k, \u00e7al\u0131\u015fmalar kapsam\u0131nda Kordon\u2019a 6 bin metrekare yeni ye\u015fil alan kazand\u0131r\u0131ld\u0131\u011f\u0131n\u0131 s\u00f6yledi. G\u00f6k, 10 bin 440 metrekarelik bir peyzaj alan\u0131na &hellip;","og_url":"https:\/\/denizcankizil.tr\/ru\/haberler\/gundem\/izmir-kordon-hem-guvenli-hem-daha-yesil\/","og_site_name":"Av. Deniz Can K\u0131z\u0131l","article_published_time":"2025-03-10T11:42:22+00:00","author":"admin","twitter_card":"summary_large_image","twitter_misc":{"\u041d\u0430\u043f\u0438\u0441\u0430\u043d\u043e \u0430\u0432\u0442\u043e\u0440\u043e\u043c":"admin","\u041f\u0440\u0438\u043c\u0435\u0440\u043d\u043e\u0435 \u0432\u0440\u0435\u043c\u044f \u0434\u043b\u044f \u0447\u0442\u0435\u043d\u0438\u044f":"6 \u043c\u0438\u043d\u0443\u0442"},"schema":{"@context":"https:\/\/schema.org","@graph":[{"@type":"Article","@id":"https:\/\/denizcankizil.tr\/ru\/haberler\/gundem\/izmir-kordon-hem-guvenli-hem-daha-yesil\/#article","isPartOf":{"@id":"https:\/\/denizcankizil.tr\/ru\/haberler\/gundem\/izmir-kordon-hem-guvenli-hem-daha-yesil\/"},"author":{"name":"admin","@id":"https:\/\/denizcankizil.tr\/de\/#\/schema\/person\/be3c05fe6a12686905512445d8185489"},"headline":"\u0130zmir Kordon hem g\u00fcvenli, hem daha ye\u015fil","datePublished":"2025-03-10T11:42:22+00:00","mainEntityOfPage":{"@id":"https:\/\/denizcankizil.tr\/ru\/haberler\/gundem\/izmir-kordon-hem-guvenli-hem-daha-yesil\/"},"wordCount":1263,"commentCount":0,"publisher":{"@id":"https:\/\/denizcankizil.tr\/de\/#organization"},"articleSection":["G\u00fcndem"],"inLanguage":"ru-RU","potentialAction":[{"@type":"CommentAction","name":"Comment","target":["https:\/\/denizcankizil.tr\/ru\/haberler\/gundem\/izmir-kordon-hem-guvenli-hem-daha-yesil\/#respond"]}]},{"@type":"WebPage","@id":"https:\/\/denizcankizil.tr\/ru\/haberler\/gundem\/izmir-kordon-hem-guvenli-hem-daha-yesil\/","url":"https:\/\/denizcankizil.tr\/ru\/haberler\/gundem\/izmir-kordon-hem-guvenli-hem-daha-yesil\/","name":"\u0130zmir Kordon hem g\u00fcvenli, hem daha ye\u015fil - Av. Deniz Can K\u0131z\u0131l","isPartOf":{"@id":"https:\/\/denizcankizil.tr\/de\/#website"},"datePublished":"2025-03-10T11:42:22+00:00","breadcrumb":{"@id":"https:\/\/denizcankizil.tr\/ru\/haberler\/gundem\/izmir-kordon-hem-guvenli-hem-daha-yesil\/#breadcrumb"},"inLanguage":"ru-RU","potentialAction":[{"@type":"ReadAction","target":["https:\/\/denizcankizil.tr\/ru\/haberler\/gundem\/izmir-kordon-hem-guvenli-hem-daha-yesil\/"]}]},{"@type":"BreadcrumbList","@id":"https:\/\/denizcankizil.tr\/ru\/haberler\/gundem\/izmir-kordon-hem-guvenli-hem-daha-yesil\/#breadcrumb","itemListElement":[{"@type":"ListItem","position":1,"name":"Home","item":"https:\/\/denizcankizil.tr\/de\/"},{"@type":"ListItem","position":2,"name":"\u0130zmir Kordon hem g\u00fcvenli, hem daha ye\u015fil"}]},{"@type":"WebSite","@id":"https:\/\/denizcankizil.tr\/de\/#website","url":"https:\/\/denizcankizil.tr\/de\/","name":"Av. Deniz Can K\u0131z\u0131l","description":"Avukat Deniz Can K\u0131z\u0131l Antalya Barosu","publisher":{"@id":"https:\/\/denizcankizil.tr\/de\/#organization"},"potentialAction":[{"@type":"SearchAction","target":{"@type":"EntryPoint","urlTemplate":"https:\/\/denizcankizil.tr\/de\/?s={search_term_string}"},"query-input":{"@type":"PropertyValueSpecification","valueRequired":true,"valueName":"search_term_string"}}],"inLanguage":"ru-RU"},{"@type":"Organization","@id":"https:\/\/denizcankizil.tr\/de\/#organization","name":"Av. Deniz Can K\u0131z\u0131l","url":"https:\/\/denizcankizil.tr\/de\/","logo":{"@type":"ImageObject","inLanguage":"ru-RU","@id":"https:\/\/denizcankizil.tr\/de\/#\/schema\/logo\/image\/","url":"https:\/\/denizcankizil.tr\/wp-content\/uploads\/2024\/10\/siyah-logo-svg.svg","contentUrl":"https:\/\/denizcankizil.tr\/wp-content\/uploads\/2024\/10\/siyah-logo-svg.svg","width":1080,"height":1080,"caption":"Av. Deniz Can K\u0131z\u0131l"},"image":{"@id":"https:\/\/denizcankizil.tr\/de\/#\/schema\/logo\/image\/"}},{"@type":"Person","@id":"https:\/\/denizcankizil.tr\/de\/#\/schema\/person\/be3c05fe6a12686905512445d8185489","name":"\u0430\u0434\u043c\u0438\u043d","image":{"@type":"ImageObject","inLanguage":"ru-RU","@id":"https:\/\/denizcankizil.tr\/de\/#\/schema\/person\/image\/","url":"https:\/\/secure.gravatar.com\/avatar\/c1fce94c830dc79107e174f890d7210541c4a63e8e5d816341794a2151c9d58c?s=96&d=mm&r=g","contentUrl":"https:\/\/secure.gravatar.com\/avatar\/c1fce94c830dc79107e174f890d7210541c4a63e8e5d816341794a2151c9d58c?s=96&d=mm&r=g","caption":"admin"},"sameAs":["http:\/\/denizcankizil.tr"],"url":"https:\/\/www.iskenderun.org\/izmir-kordon-hem-guvenli-hem-daha-yesil"}]}},"_links":{"self":[{"href":"https:\/\/denizcankizil.tr\/ru\/wp-json\/wp\/v2\/posts\/35265","targetHints":{"allow":["GET"]}}],"collection":[{"href":"https:\/\/denizcankizil.tr\/ru\/wp-json\/wp\/v2\/posts"}],"about":[{"href":"https:\/\/denizcankizil.tr\/ru\/wp-json\/wp\/v2\/types\/post"}],"author":[{"embeddable":true,"href":"https:\/\/denizcankizil.tr\/ru\/wp-json\/wp\/v2\/users\/1"}],"replies":[{"embeddable":true,"href":"https:\/\/denizcankizil.tr\/ru\/wp-json\/wp\/v2\/comments?post=35265"}],"version-history":[{"count":0,"href":"https:\/\/denizcankizil.tr\/ru\/wp-json\/wp\/v2\/posts\/35265\/revisions"}],"wp:attachment":[{"href":"https:\/\/denizcankizil.tr\/ru\/wp-json\/wp\/v2\/media?parent=35265"}],"wp:term":[{"taxonomy":"category","embeddable":true,"href":"https:\/\/denizcankizil.tr\/ru\/wp-json\/wp\/v2\/categories?post=35265"},{"taxonomy":"post_tag","embeddable":true,"href":"https:\/\/denizcankizil.tr\/ru\/wp-json\/wp\/v2\/tags?post=35265"}],"curies":[{"name":"wp","href":"https:\/\/api.w.org\/{rel}","templated":true}]}}