{"id":35160,"date":"2025-03-09T11:41:17","date_gmt":"2025-03-09T08:41:17","guid":{"rendered":"https:\/\/denizcankizil.tr\/uncategorized-tr\/corumlu-is-insanlarindan-antalya-il-muftusune-ziyaret\/"},"modified":"2025-03-09T11:41:17","modified_gmt":"2025-03-09T08:41:17","slug":"corumlu-is-insanlarindan-antalya-il-muftusune-ziyaret","status":"publish","type":"post","link":"https:\/\/denizcankizil.tr\/ru\/haberler\/gundem\/corumlu-is-insanlarindan-antalya-il-muftusune-ziyaret\/","title":{"rendered":"\u00c7orumlu i\u015f insanlar\u0131ndan Antalya \u0130l M\u00fcft\u00fcs\u00fc&#8217;ne ziyaret"},"content":{"rendered":"<p>\u00c7orum \u0130\u015f \u0130nsanlar\u0131 Platformu Ba\u015fkan\u0131 Halil G\u00fcvenba\u015f ve y\u00f6netim kurulu \u00fcyeleri Antalya \u0130l M\u00fcft\u00fcs\u00fc Nazif Fethi Yal\u00e7\u0131nkaya&#8217;y\u0131 ziyaret ederek hayata ge\u00e7irilecek sosyal sorumluluk projeleri hakk\u0131nda g\u00f6r\u00fc\u015ft\u00fc. \u00a0\u00a0<\/p>\n<p>TOPLUM YARARINA YAPILACAK PROJELER MASAYA YATIRILDI\u00a0<\/p>\n<p>\u00c7orum \u0130\u015f \u0130nsanlar\u0131 Platformu Ba\u015fkan\u0131 Halil G\u00fcvenba\u015f, Antalya \u0130l M\u00fcft\u00fcs\u00fc Nazif Fethi Yal\u00e7\u0131nkaya&#8217;y\u0131 makam\u0131nda ziyaret etti. Ziyarette hem i\u015f d\u00fcnyas\u0131, hem de toplumsal konular \u00fczerine fikir al\u0131\u015fveri\u015finde bulunuldu. B\u00f6lgesel i\u015f birlikleri, dini hizmetlerin topluma katk\u0131lar\u0131 ve sosyal sorumluluk projeleri gibi \u00f6nemli konular\u0131n ele al\u0131nd\u0131\u011f\u0131 ziyarette Halil G\u00fcvenba\u015f, i\u015f d\u00fcnyas\u0131nda dini de\u011ferlere sayg\u0131l\u0131 bir yakla\u015f\u0131m sergileyerek, toplum yarar\u0131na yap\u0131lacak ortak \u00e7al\u0131\u015fmalar\u0131n \u00f6nemine vurgu yapt\u0131. Nazif Fethi Yal\u00e7\u0131nkaya da toplumun farkl\u0131 kesimleriyle i\u015f birli\u011fi i\u00e7inde olman\u0131n, dini hizmetlerin daha etkili bir \u015fekilde yay\u0131lmas\u0131n\u0131 sa\u011flayaca\u011f\u0131n\u0131 belirtti. \u00c7orum \u0130\u015f \u0130nsanlar\u0131 Platformu Ba\u015fkan\u0131, ziyaretin yeni i\u015f birliklerinin kap\u0131lar\u0131n\u0131 aralayarak ilerleyen d\u00f6nemde toplum yarar\u0131na projelere imza at\u0131lmas\u0131n\u0131 temenni etti.\u00a0<br \/>\n\u00a0<\/p>\n<p>\u200b\u00c7orum \u0130\u015f \u0130nsanlar\u0131 Platformu Ba\u015fkan\u0131 Hilal G\u00fcvenba\u015f ve y\u00f6netim kurulu \u00fcyeleri, Antalya \u0130l M\u00fcft\u00fcs\u00fc Nazif Fethi Yal\u00e7\u0131nkaya&#8217;y\u0131 ziyaret ederek sosyal sorumluluk projeleri \u00fczerine fikir al\u0131\u015fveri\u015finde bulundu.\u00a0<\/p>\n<p>\u200bHaberin Al\u0131nt\u0131land\u0131\u011f\u0131 Kaynak: www.antalyakorfez.com<\/p>","protected":false},"excerpt":{"rendered":"<p>\u00c7orum \u0130\u015f \u0130nsanlar\u0131 Platformu Ba\u015fkan\u0131 Halil G\u00fcvenba\u015f ve y\u00f6netim kurulu \u00fcyeleri Antalya \u0130l M\u00fcft\u00fcs\u00fc Nazif Fethi Yal\u00e7\u0131nkaya&#8217;y\u0131 ziyaret ederek hayata ge\u00e7irilecek sosyal sorumluluk projeleri hakk\u0131nda g\u00f6r\u00fc\u015ft\u00fc. \u00a0\u00a0 TOPLUM YARARINA YAPILACAK PROJELER MASAYA YATIRILDI\u00a0 \u00c7orum \u0130\u015f \u0130nsanlar\u0131 Platformu Ba\u015fkan\u0131 Halil G\u00fcvenba\u015f, Antalya \u0130l M\u00fcft\u00fcs\u00fc Nazif Fethi Yal\u00e7\u0131nkaya&#8217;y\u0131 makam\u0131nda ziyaret etti. Ziyarette hem i\u015f d\u00fcnyas\u0131, hem de toplumsal konular \u00fczerine fikir al\u0131\u015fveri\u015finde bulunuldu. B\u00f6lgesel i\u015f birlikleri, dini hizmetlerin topluma katk\u0131lar\u0131 ve sosyal sorumluluk projeleri gibi \u00f6nemli konular\u0131n ele al\u0131nd\u0131\u011f\u0131 ziyarette Halil G\u00fcvenba\u015f, i\u015f d\u00fcnyas\u0131nda dini de\u011ferlere sayg\u0131l\u0131 bir yakla\u015f\u0131m sergileyerek, toplum yarar\u0131na yap\u0131lacak ortak \u00e7al\u0131\u015fmalar\u0131n \u00f6nemine vurgu yapt\u0131. Nazif Fethi Yal\u00e7\u0131nkaya da toplumun farkl\u0131 kesimleriyle i\u015f birli\u011fi i\u00e7inde olman\u0131n, dini hizmetlerin daha etkili bir \u015fekilde yay\u0131lmas\u0131n\u0131 sa\u011flayaca\u011f\u0131n\u0131 belirtti. \u00c7orum \u0130\u015f \u0130nsanlar\u0131 Platformu Ba\u015fkan\u0131, ziyaretin yeni i\u015f birliklerinin kap\u0131lar\u0131n\u0131 aralayarak ilerleyen d\u00f6nemde toplum yarar\u0131na projelere imza at\u0131lmas\u0131n\u0131 temenni etti.\u00a0 \u00a0 \u200b\u00c7orum \u0130\u015f \u0130nsanlar\u0131 Platformu Ba\u015fkan\u0131 Hilal G\u00fcvenba\u015f ve y\u00f6netim kurulu \u00fcyeleri, Antalya \u0130l M\u00fcft\u00fcs\u00fc Nazif Fethi Yal\u00e7\u0131nkaya&#8217;y\u0131 ziyaret ederek sosyal sorumluluk projeleri \u00fczerine fikir al\u0131\u015fveri\u015finde bulundu.\u00a0 \u200bHaberin Al\u0131nt\u0131land\u0131\u011f\u0131 Kaynak: www.antalyakorfez.com<\/p>","protected":false},"author":5,"featured_media":0,"comment_status":"open","ping_status":"open","sticky":false,"template":"","format":"standard","meta":{"_acf_changed":false,"footnotes":""},"categories":[24],"tags":[],"class_list":["post-35160","post","type-post","status-publish","format-standard","has-post-thumbnail","hentry","category-gundem"],"acf":[],"yoast_head":"<!-- This site is optimized with the Yoast SEO Premium plugin v26.6 (Yoast SEO v27.1.1) - https:\/\/yoast.com\/product\/yoast-seo-premium-wordpress\/ -->\n<title>\u00c7orumlu i\u015f insanlar\u0131ndan Antalya \u0130l M\u00fcft\u00fcs\u00fc&#039;ne ziyaret - Av. Deniz Can K\u0131z\u0131l<\/title>\n<meta name=\"robots\" content=\"index, follow, max-snippet:-1, max-image-preview:large, max-video-preview:-1\" \/>\n<link rel=\"canonical\" href=\"https:\/\/denizcankizil.tr\/ru\/haberler\/gundem\/corumlu-is-insanlarindan-antalya-il-muftusune-ziyaret\/\" \/>\n<meta property=\"og:locale\" content=\"ru_RU\" \/>\n<meta property=\"og:type\" content=\"article\" \/>\n<meta property=\"og:title\" content=\"\u00c7orumlu i\u015f insanlar\u0131ndan Antalya \u0130l M\u00fcft\u00fcs\u00fc&#039;ne ziyaret\" \/>\n<meta property=\"og:description\" content=\"\u00c7orum \u0130\u015f \u0130nsanlar\u0131 Platformu Ba\u015fkan\u0131 Halil G\u00fcvenba\u015f ve y\u00f6netim kurulu \u00fcyeleri Antalya \u0130l M\u00fcft\u00fcs\u00fc Nazif Fethi Yal\u00e7\u0131nkaya&#8217;y\u0131 ziyaret ederek hayata ge\u00e7irilecek sosyal sorumluluk projeleri hakk\u0131nda g\u00f6r\u00fc\u015ft\u00fc. \u00a0\u00a0 TOPLUM YARARINA YAPILACAK PROJELER MASAYA YATIRILDI\u00a0 \u00c7orum \u0130\u015f \u0130nsanlar\u0131 Platformu Ba\u015fkan\u0131 Halil G\u00fcvenba\u015f, Antalya \u0130l M\u00fcft\u00fcs\u00fc Nazif Fethi Yal\u00e7\u0131nkaya&#8217;y\u0131 makam\u0131nda ziyaret etti. Ziyarette hem i\u015f d\u00fcnyas\u0131, hem de toplumsal konular \u00fczerine fikir al\u0131\u015fveri\u015finde bulunuldu. B\u00f6lgesel i\u015f birlikleri, dini hizmetlerin topluma katk\u0131lar\u0131 ve sosyal sorumluluk projeleri gibi \u00f6nemli konular\u0131n ele al\u0131nd\u0131\u011f\u0131 ziyarette Halil G\u00fcvenba\u015f, i\u015f d\u00fcnyas\u0131nda dini de\u011ferlere sayg\u0131l\u0131 bir yakla\u015f\u0131m sergileyerek, toplum yarar\u0131na yap\u0131lacak ortak \u00e7al\u0131\u015fmalar\u0131n \u00f6nemine vurgu yapt\u0131. Nazif Fethi Yal\u00e7\u0131nkaya da toplumun farkl\u0131 kesimleriyle i\u015f birli\u011fi i\u00e7inde olman\u0131n, dini hizmetlerin daha etkili bir \u015fekilde yay\u0131lmas\u0131n\u0131 sa\u011flayaca\u011f\u0131n\u0131 belirtti. \u00c7orum \u0130\u015f \u0130nsanlar\u0131 Platformu Ba\u015fkan\u0131, ziyaretin yeni i\u015f birliklerinin kap\u0131lar\u0131n\u0131 aralayarak ilerleyen d\u00f6nemde toplum yarar\u0131na projelere imza at\u0131lmas\u0131n\u0131 temenni etti.\u00a0 \u00a0 \u200b\u00c7orum \u0130\u015f \u0130nsanlar\u0131 Platformu Ba\u015fkan\u0131 Hilal G\u00fcvenba\u015f ve y\u00f6netim kurulu \u00fcyeleri, Antalya \u0130l M\u00fcft\u00fcs\u00fc Nazif Fethi Yal\u00e7\u0131nkaya&#8217;y\u0131 ziyaret ederek sosyal sorumluluk projeleri \u00fczerine fikir al\u0131\u015fveri\u015finde bulundu.\u00a0 \u200bHaberin Al\u0131nt\u0131land\u0131\u011f\u0131 Kaynak: www.antalyakorfez.com\" \/>\n<meta property=\"og:url\" content=\"https:\/\/denizcankizil.tr\/ru\/haberler\/gundem\/corumlu-is-insanlarindan-antalya-il-muftusune-ziyaret\/\" \/>\n<meta property=\"og:site_name\" content=\"Av. Deniz Can K\u0131z\u0131l\" \/>\n<meta property=\"article:published_time\" content=\"2025-03-09T08:41:17+00:00\" \/>\n<meta name=\"author\" content=\"Antalya K\u00f6rfez\" \/>\n<meta name=\"twitter:card\" content=\"summary_large_image\" \/>\n<meta name=\"twitter:label1\" content=\"\u041d\u0430\u043f\u0438\u0441\u0430\u043d\u043e \u0430\u0432\u0442\u043e\u0440\u043e\u043c\" \/>\n\t<meta name=\"twitter:data1\" content=\"Antalya K\u00f6rfez\" \/>\n\t<meta name=\"twitter:label2\" content=\"\u041f\u0440\u0438\u043c\u0435\u0440\u043d\u043e\u0435 \u0432\u0440\u0435\u043c\u044f \u0434\u043b\u044f \u0447\u0442\u0435\u043d\u0438\u044f\" \/>\n\t<meta name=\"twitter:data2\" content=\"1 \u043c\u0438\u043d\u0443\u0442\u0430\" \/>\n<script type=\"application\/ld+json\" class=\"yoast-schema-graph\">{\"@context\":\"https:\/\/schema.org\",\"@graph\":[{\"@type\":\"Article\",\"@id\":\"https:\/\/denizcankizil.tr\/ru\/haberler\/gundem\/corumlu-is-insanlarindan-antalya-il-muftusune-ziyaret\/#article\",\"isPartOf\":{\"@id\":\"https:\/\/denizcankizil.tr\/ru\/haberler\/gundem\/corumlu-is-insanlarindan-antalya-il-muftusune-ziyaret\/\"},\"author\":{\"name\":\"Antalya K\u00f6rfez\",\"@id\":\"https:\/\/denizcankizil.tr\/#\/schema\/person\/e1eb71bb4dd684d46563f0af307e1234\"},\"headline\":\"\u00c7orumlu i\u015f insanlar\u0131ndan Antalya \u0130l M\u00fcft\u00fcs\u00fc&#8217;ne ziyaret\",\"datePublished\":\"2025-03-09T08:41:17+00:00\",\"mainEntityOfPage\":{\"@id\":\"https:\/\/denizcankizil.tr\/ru\/haberler\/gundem\/corumlu-is-insanlarindan-antalya-il-muftusune-ziyaret\/\"},\"wordCount\":235,\"commentCount\":0,\"publisher\":{\"@id\":\"https:\/\/denizcankizil.tr\/#organization\"},\"articleSection\":[\"G\u00fcndem\"],\"inLanguage\":\"ru-RU\",\"potentialAction\":[{\"@type\":\"CommentAction\",\"name\":\"Comment\",\"target\":[\"https:\/\/denizcankizil.tr\/ru\/haberler\/gundem\/corumlu-is-insanlarindan-antalya-il-muftusune-ziyaret\/#respond\"]}]},{\"@type\":\"WebPage\",\"@id\":\"https:\/\/denizcankizil.tr\/ru\/haberler\/gundem\/corumlu-is-insanlarindan-antalya-il-muftusune-ziyaret\/\",\"url\":\"https:\/\/denizcankizil.tr\/ru\/haberler\/gundem\/corumlu-is-insanlarindan-antalya-il-muftusune-ziyaret\/\",\"name\":\"\u00c7orumlu i\u015f insanlar\u0131ndan Antalya \u0130l M\u00fcft\u00fcs\u00fc'ne ziyaret - Av. Deniz Can K\u0131z\u0131l\",\"isPartOf\":{\"@id\":\"https:\/\/denizcankizil.tr\/#website\"},\"datePublished\":\"2025-03-09T08:41:17+00:00\",\"breadcrumb\":{\"@id\":\"https:\/\/denizcankizil.tr\/ru\/haberler\/gundem\/corumlu-is-insanlarindan-antalya-il-muftusune-ziyaret\/#breadcrumb\"},\"inLanguage\":\"ru-RU\",\"potentialAction\":[{\"@type\":\"ReadAction\",\"target\":[\"https:\/\/denizcankizil.tr\/ru\/haberler\/gundem\/corumlu-is-insanlarindan-antalya-il-muftusune-ziyaret\/\"]}]},{\"@type\":\"BreadcrumbList\",\"@id\":\"https:\/\/denizcankizil.tr\/ru\/haberler\/gundem\/corumlu-is-insanlarindan-antalya-il-muftusune-ziyaret\/#breadcrumb\",\"itemListElement\":[{\"@type\":\"ListItem\",\"position\":1,\"name\":\"Home\",\"item\":\"https:\/\/denizcankizil.tr\/de\/\"},{\"@type\":\"ListItem\",\"position\":2,\"name\":\"\u00c7orumlu i\u015f insanlar\u0131ndan Antalya \u0130l M\u00fcft\u00fcs\u00fc&#8217;ne ziyaret\"}]},{\"@type\":\"WebSite\",\"@id\":\"https:\/\/denizcankizil.tr\/#website\",\"url\":\"https:\/\/denizcankizil.tr\/\",\"name\":\"Av. Deniz Can K\u0131z\u0131l\",\"description\":\"Avukat Deniz Can K\u0131z\u0131l Antalya Barosu\",\"publisher\":{\"@id\":\"https:\/\/denizcankizil.tr\/#organization\"},\"potentialAction\":[{\"@type\":\"SearchAction\",\"target\":{\"@type\":\"EntryPoint\",\"urlTemplate\":\"https:\/\/denizcankizil.tr\/?s={search_term_string}\"},\"query-input\":{\"@type\":\"PropertyValueSpecification\",\"valueRequired\":true,\"valueName\":\"search_term_string\"}}],\"inLanguage\":\"ru-RU\"},{\"@type\":\"Organization\",\"@id\":\"https:\/\/denizcankizil.tr\/#organization\",\"name\":\"Av. Deniz Can K\u0131z\u0131l\",\"url\":\"https:\/\/denizcankizil.tr\/\",\"logo\":{\"@type\":\"ImageObject\",\"inLanguage\":\"ru-RU\",\"@id\":\"https:\/\/denizcankizil.tr\/#\/schema\/logo\/image\/\",\"url\":\"https:\/\/denizcankizil.tr\/wp-content\/uploads\/2024\/10\/siyah-logo-svg.svg\",\"contentUrl\":\"https:\/\/denizcankizil.tr\/wp-content\/uploads\/2024\/10\/siyah-logo-svg.svg\",\"width\":1080,\"height\":1080,\"caption\":\"Av. Deniz Can K\u0131z\u0131l\"},\"image\":{\"@id\":\"https:\/\/denizcankizil.tr\/#\/schema\/logo\/image\/\"}},{\"@type\":\"Person\",\"@id\":\"https:\/\/denizcankizil.tr\/#\/schema\/person\/e1eb71bb4dd684d46563f0af307e1234\",\"name\":\"Antalya K\u00f6rfez\",\"image\":{\"@type\":\"ImageObject\",\"inLanguage\":\"ru-RU\",\"@id\":\"https:\/\/denizcankizil.tr\/#\/schema\/person\/image\/\",\"url\":\"https:\/\/secure.gravatar.com\/avatar\/42b01982558a48a0b501fdcab6a408d3717ea5919095ee2e67b0e521799c5905?s=96&d=mm&r=g\",\"contentUrl\":\"https:\/\/secure.gravatar.com\/avatar\/42b01982558a48a0b501fdcab6a408d3717ea5919095ee2e67b0e521799c5905?s=96&d=mm&r=g\",\"caption\":\"Antalya K\u00f6rfez\"},\"sameAs\":[\"http:\/\/www.antalyakorfez.com\"],\"url\":\"https:\/\/www.antalyakorfez.com\/corumlu-is-insanlarindan-antalya-il-muftusune-ziyaret\"}]}<\/script>\n<!-- \/ Yoast SEO Premium plugin. -->","yoast_head_json":{"title":"\u00c7orumlu i\u015f insanlar\u0131ndan Antalya \u0130l M\u00fcft\u00fcs\u00fc'ne ziyaret - Av. Deniz Can K\u0131z\u0131l","robots":{"index":"index","follow":"follow","max-snippet":"max-snippet:-1","max-image-preview":"max-image-preview:large","max-video-preview":"max-video-preview:-1"},"canonical":"https:\/\/denizcankizil.tr\/ru\/haberler\/gundem\/corumlu-is-insanlarindan-antalya-il-muftusune-ziyaret\/","og_locale":"ru_RU","og_type":"article","og_title":"\u00c7orumlu i\u015f insanlar\u0131ndan Antalya \u0130l M\u00fcft\u00fcs\u00fc'ne ziyaret","og_description":"\u00c7orum \u0130\u015f \u0130nsanlar\u0131 Platformu Ba\u015fkan\u0131 Halil G\u00fcvenba\u015f ve y\u00f6netim kurulu \u00fcyeleri Antalya \u0130l M\u00fcft\u00fcs\u00fc Nazif Fethi Yal\u00e7\u0131nkaya&#8217;y\u0131 ziyaret ederek hayata ge\u00e7irilecek sosyal sorumluluk projeleri hakk\u0131nda g\u00f6r\u00fc\u015ft\u00fc. \u00a0\u00a0 TOPLUM YARARINA YAPILACAK PROJELER MASAYA YATIRILDI\u00a0 \u00c7orum \u0130\u015f \u0130nsanlar\u0131 Platformu Ba\u015fkan\u0131 Halil G\u00fcvenba\u015f, Antalya \u0130l M\u00fcft\u00fcs\u00fc Nazif Fethi Yal\u00e7\u0131nkaya&#8217;y\u0131 makam\u0131nda ziyaret etti. Ziyarette hem i\u015f d\u00fcnyas\u0131, hem de toplumsal konular \u00fczerine fikir al\u0131\u015fveri\u015finde bulunuldu. B\u00f6lgesel i\u015f birlikleri, dini hizmetlerin topluma katk\u0131lar\u0131 ve sosyal sorumluluk projeleri gibi \u00f6nemli konular\u0131n ele al\u0131nd\u0131\u011f\u0131 ziyarette Halil G\u00fcvenba\u015f, i\u015f d\u00fcnyas\u0131nda dini de\u011ferlere sayg\u0131l\u0131 bir yakla\u015f\u0131m sergileyerek, toplum yarar\u0131na yap\u0131lacak ortak \u00e7al\u0131\u015fmalar\u0131n \u00f6nemine vurgu yapt\u0131. Nazif Fethi Yal\u00e7\u0131nkaya da toplumun farkl\u0131 kesimleriyle i\u015f birli\u011fi i\u00e7inde olman\u0131n, dini hizmetlerin daha etkili bir \u015fekilde yay\u0131lmas\u0131n\u0131 sa\u011flayaca\u011f\u0131n\u0131 belirtti. \u00c7orum \u0130\u015f \u0130nsanlar\u0131 Platformu Ba\u015fkan\u0131, ziyaretin yeni i\u015f birliklerinin kap\u0131lar\u0131n\u0131 aralayarak ilerleyen d\u00f6nemde toplum yarar\u0131na projelere imza at\u0131lmas\u0131n\u0131 temenni etti.\u00a0 \u00a0 \u200b\u00c7orum \u0130\u015f \u0130nsanlar\u0131 Platformu Ba\u015fkan\u0131 Hilal G\u00fcvenba\u015f ve y\u00f6netim kurulu \u00fcyeleri, Antalya \u0130l M\u00fcft\u00fcs\u00fc Nazif Fethi Yal\u00e7\u0131nkaya&#8217;y\u0131 ziyaret ederek sosyal sorumluluk projeleri \u00fczerine fikir al\u0131\u015fveri\u015finde bulundu.\u00a0 \u200bHaberin Al\u0131nt\u0131land\u0131\u011f\u0131 Kaynak: www.antalyakorfez.com","og_url":"https:\/\/denizcankizil.tr\/ru\/haberler\/gundem\/corumlu-is-insanlarindan-antalya-il-muftusune-ziyaret\/","og_site_name":"Av. Deniz Can K\u0131z\u0131l","article_published_time":"2025-03-09T08:41:17+00:00","author":"Antalya K\u00f6rfez","twitter_card":"summary_large_image","twitter_misc":{"\u041d\u0430\u043f\u0438\u0441\u0430\u043d\u043e \u0430\u0432\u0442\u043e\u0440\u043e\u043c":"Antalya K\u00f6rfez","\u041f\u0440\u0438\u043c\u0435\u0440\u043d\u043e\u0435 \u0432\u0440\u0435\u043c\u044f \u0434\u043b\u044f \u0447\u0442\u0435\u043d\u0438\u044f":"1 \u043c\u0438\u043d\u0443\u0442\u0430"},"schema":{"@context":"https:\/\/schema.org","@graph":[{"@type":"Article","@id":"https:\/\/denizcankizil.tr\/ru\/haberler\/gundem\/corumlu-is-insanlarindan-antalya-il-muftusune-ziyaret\/#article","isPartOf":{"@id":"https:\/\/denizcankizil.tr\/ru\/haberler\/gundem\/corumlu-is-insanlarindan-antalya-il-muftusune-ziyaret\/"},"author":{"name":"Antalya K\u00f6rfez","@id":"https:\/\/denizcankizil.tr\/#\/schema\/person\/e1eb71bb4dd684d46563f0af307e1234"},"headline":"\u00c7orumlu i\u015f insanlar\u0131ndan Antalya \u0130l M\u00fcft\u00fcs\u00fc&#8217;ne ziyaret","datePublished":"2025-03-09T08:41:17+00:00","mainEntityOfPage":{"@id":"https:\/\/denizcankizil.tr\/ru\/haberler\/gundem\/corumlu-is-insanlarindan-antalya-il-muftusune-ziyaret\/"},"wordCount":235,"commentCount":0,"publisher":{"@id":"https:\/\/denizcankizil.tr\/#organization"},"articleSection":["G\u00fcndem"],"inLanguage":"ru-RU","potentialAction":[{"@type":"CommentAction","name":"Comment","target":["https:\/\/denizcankizil.tr\/ru\/haberler\/gundem\/corumlu-is-insanlarindan-antalya-il-muftusune-ziyaret\/#respond"]}]},{"@type":"WebPage","@id":"https:\/\/denizcankizil.tr\/ru\/haberler\/gundem\/corumlu-is-insanlarindan-antalya-il-muftusune-ziyaret\/","url":"https:\/\/denizcankizil.tr\/ru\/haberler\/gundem\/corumlu-is-insanlarindan-antalya-il-muftusune-ziyaret\/","name":"\u00c7orumlu i\u015f insanlar\u0131ndan Antalya \u0130l M\u00fcft\u00fcs\u00fc'ne ziyaret - Av. Deniz Can K\u0131z\u0131l","isPartOf":{"@id":"https:\/\/denizcankizil.tr\/#website"},"datePublished":"2025-03-09T08:41:17+00:00","breadcrumb":{"@id":"https:\/\/denizcankizil.tr\/ru\/haberler\/gundem\/corumlu-is-insanlarindan-antalya-il-muftusune-ziyaret\/#breadcrumb"},"inLanguage":"ru-RU","potentialAction":[{"@type":"ReadAction","target":["https:\/\/denizcankizil.tr\/ru\/haberler\/gundem\/corumlu-is-insanlarindan-antalya-il-muftusune-ziyaret\/"]}]},{"@type":"BreadcrumbList","@id":"https:\/\/denizcankizil.tr\/ru\/haberler\/gundem\/corumlu-is-insanlarindan-antalya-il-muftusune-ziyaret\/#breadcrumb","itemListElement":[{"@type":"ListItem","position":1,"name":"Home","item":"https:\/\/denizcankizil.tr\/de\/"},{"@type":"ListItem","position":2,"name":"\u00c7orumlu i\u015f insanlar\u0131ndan Antalya \u0130l M\u00fcft\u00fcs\u00fc&#8217;ne ziyaret"}]},{"@type":"WebSite","@id":"https:\/\/denizcankizil.tr\/#website","url":"https:\/\/denizcankizil.tr\/","name":"Av. Deniz Can K\u0131z\u0131l","description":"Avukat Deniz Can K\u0131z\u0131l Antalya Barosu","publisher":{"@id":"https:\/\/denizcankizil.tr\/#organization"},"potentialAction":[{"@type":"SearchAction","target":{"@type":"EntryPoint","urlTemplate":"https:\/\/denizcankizil.tr\/?s={search_term_string}"},"query-input":{"@type":"PropertyValueSpecification","valueRequired":true,"valueName":"search_term_string"}}],"inLanguage":"ru-RU"},{"@type":"Organization","@id":"https:\/\/denizcankizil.tr\/#organization","name":"Av. Deniz Can K\u0131z\u0131l","url":"https:\/\/denizcankizil.tr\/","logo":{"@type":"ImageObject","inLanguage":"ru-RU","@id":"https:\/\/denizcankizil.tr\/#\/schema\/logo\/image\/","url":"https:\/\/denizcankizil.tr\/wp-content\/uploads\/2024\/10\/siyah-logo-svg.svg","contentUrl":"https:\/\/denizcankizil.tr\/wp-content\/uploads\/2024\/10\/siyah-logo-svg.svg","width":1080,"height":1080,"caption":"Av. Deniz Can K\u0131z\u0131l"},"image":{"@id":"https:\/\/denizcankizil.tr\/#\/schema\/logo\/image\/"}},{"@type":"Person","@id":"https:\/\/denizcankizil.tr\/#\/schema\/person\/e1eb71bb4dd684d46563f0af307e1234","name":"Antalya K\u00f6rfez","image":{"@type":"ImageObject","inLanguage":"ru-RU","@id":"https:\/\/denizcankizil.tr\/#\/schema\/person\/image\/","url":"https:\/\/secure.gravatar.com\/avatar\/42b01982558a48a0b501fdcab6a408d3717ea5919095ee2e67b0e521799c5905?s=96&d=mm&r=g","contentUrl":"https:\/\/secure.gravatar.com\/avatar\/42b01982558a48a0b501fdcab6a408d3717ea5919095ee2e67b0e521799c5905?s=96&d=mm&r=g","caption":"Antalya K\u00f6rfez"},"sameAs":["http:\/\/www.antalyakorfez.com"],"url":"https:\/\/www.antalyakorfez.com\/corumlu-is-insanlarindan-antalya-il-muftusune-ziyaret"}]}},"_links":{"self":[{"href":"https:\/\/denizcankizil.tr\/ru\/wp-json\/wp\/v2\/posts\/35160","targetHints":{"allow":["GET"]}}],"collection":[{"href":"https:\/\/denizcankizil.tr\/ru\/wp-json\/wp\/v2\/posts"}],"about":[{"href":"https:\/\/denizcankizil.tr\/ru\/wp-json\/wp\/v2\/types\/post"}],"author":[{"embeddable":true,"href":"https:\/\/denizcankizil.tr\/ru\/wp-json\/wp\/v2\/users\/5"}],"replies":[{"embeddable":true,"href":"https:\/\/denizcankizil.tr\/ru\/wp-json\/wp\/v2\/comments?post=35160"}],"version-history":[{"count":0,"href":"https:\/\/denizcankizil.tr\/ru\/wp-json\/wp\/v2\/posts\/35160\/revisions"}],"wp:attachment":[{"href":"https:\/\/denizcankizil.tr\/ru\/wp-json\/wp\/v2\/media?parent=35160"}],"wp:term":[{"taxonomy":"category","embeddable":true,"href":"https:\/\/denizcankizil.tr\/ru\/wp-json\/wp\/v2\/categories?post=35160"},{"taxonomy":"post_tag","embeddable":true,"href":"https:\/\/denizcankizil.tr\/ru\/wp-json\/wp\/v2\/tags?post=35160"}],"curies":[{"name":"wp","href":"https:\/\/api.w.org\/{rel}","templated":true}]}}