{"id":35142,"date":"2025-03-08T17:41:27","date_gmt":"2025-03-08T14:41:27","guid":{"rendered":"https:\/\/denizcankizil.tr\/uncategorized-tr\/antalya-valisi-sahin-kadin-erkek-esitligine-vurgu-yapti\/"},"modified":"2025-03-08T17:41:27","modified_gmt":"2025-03-08T14:41:27","slug":"antalya-valisi-sahin-kadin-erkek-esitligine-vurgu-yapti","status":"publish","type":"post","link":"https:\/\/denizcankizil.tr\/ru\/haberler\/gundem\/antalya-valisi-sahin-kadin-erkek-esitligine-vurgu-yapti\/","title":{"rendered":"Antalya Valisi \u015eahin kad\u0131n erkek e\u015fitli\u011fine vurgu yapt\u0131"},"content":{"rendered":"<p>8 Mart D\u00fcnya Kad\u0131nlar G\u00fcn\u00fc etkinli\u011fine kat\u0131lan Antalya Valisi Hulusi \u015eahin ve e\u015fi Ebru \u015eahin, Kad\u0131n Konukevi m\u00fcd\u00fcrl\u00fckleri ile \u00e7ocuk kurulu\u015flar\u0131ndan hizmet alan kad\u0131nlar ve \u00e7ocuklar\u0131n haz\u0131rlad\u0131\u011f\u0131 el eme\u011fi \u00fcr\u00fcnlerin sergilendi\u011fi etkinli\u011fin a\u00e7\u0131l\u0131\u015f\u0131n\u0131 yapt\u0131. Ard\u0131ndan Kad\u0131n Karavanc\u0131lar T\u00fcrk Halk M\u00fczi\u011fi Toplulu\u011fu\u2019nun konserini izledi.<\/p>\n<p>\u00a0T\u00dcRK KADINI HER ZAMAN M\u0130LLET\u0130N\u0130N YANINDA OLDU<\/p>\n<p>Programda yapt\u0131\u011f\u0131 konu\u015fmada T\u00fcrk kad\u0131n\u0131n\u0131n tarih boyunca b\u00fcy\u00fck fedak\u00e2rl\u0131klar yapt\u0131\u011f\u0131n\u0131 ifade eden Vali \u015eahin, &#8220;Kad\u0131nlar\u0131m\u0131z olmasa biz de var olamazd\u0131k. Gerek Kurtulu\u015f Sava\u015f\u0131\u2019nda gerekse b\u00f6l\u00fcc\u00fc ter\u00f6r \u00f6rg\u00fct\u00fcyle m\u00fccadelede, nerede ihtiya\u00e7 varsa kad\u0131nlar\u0131m\u0131z orada yer ald\u0131. \u00c7anakkale Sava\u015f\u0131, T\u00fcrk milletinin \u00f6l\u00fcm kal\u0131m sava\u015f\u0131yd\u0131. O sava\u015fta gen\u00e7 k\u0131zlar\u0131m\u0131z erkek k\u0131l\u0131\u011f\u0131na girerek cepheye gitti\u201d dedi.<\/p>\n<p>T\u00dcRK TOPLUMUNDA KADIN ERKEK E\u015e\u0130TL\u0130\u011e\u0130<\/p>\n<p>\u015eahin konu\u015fmas\u0131n\u0131n devam\u0131nda, \u201cBizim sadece \u015fehit annelerimiz de\u011fil, \u015fehit kad\u0131nlar\u0131m\u0131z da var. T\u00fcrk toplumunda kad\u0131n ve erkek e\u015fitli\u011fi 3 bin y\u0131ldan fazla bir ge\u00e7mi\u015fe dayan\u0131r. Bizim toplumumuzda bir ki\u015finin kad\u0131n ya da erkek olmas\u0131 de\u011fil, insan olmas\u0131 \u00f6nemlidir. Bu sebeple kad\u0131na kar\u015f\u0131 \u015fiddetle her zaman m\u00fccadele edece\u011fiz ve kad\u0131nlar\u0131 ba\u015f\u0131m\u0131z\u0131n tac\u0131 yapmaya devam edece\u011fiz. Bu etkinli\u011fin d\u00fczenlenmesinde eme\u011fi ge\u00e7en herkese te\u015fekk\u00fcr ederim&#8221; diye konu\u015ftu.<\/p>\n<p>\u200bAntalya\u2019da Aile ve Sosyal Hizmetler \u0130l M\u00fcd\u00fcrl\u00fc\u011f\u00fc\u2019n\u00fcn koordinesinde d\u00fczenlenen anlaml\u0131 etkinlikte, kad\u0131nlar\u0131n el eme\u011fi g\u00f6z nuru eserlerinin sergilendi\u011fi serginin a\u00e7\u0131l\u0131\u015f\u0131 Vali Hulusi \u015eahin taraf\u0131ndan ger\u00e7ekle\u015ftirildi. Kad\u0131n erkek e\u015fitli\u011fine vurgu yapan Vali \u015eahin, \u201cKad\u0131nlar\u0131m\u0131z ba\u015f\u0131m\u0131z\u0131n tac\u0131d\u0131r\u201d dedi\u00a0<\/p>\n<p>\u200bHaberin Al\u0131nt\u0131land\u0131\u011f\u0131 Kaynak: www.antalyakorfez.com<\/p>","protected":false},"excerpt":{"rendered":"<p>8 Mart D\u00fcnya Kad\u0131nlar G\u00fcn\u00fc etkinli\u011fine kat\u0131lan Antalya Valisi Hulusi \u015eahin ve e\u015fi Ebru \u015eahin, Kad\u0131n Konukevi m\u00fcd\u00fcrl\u00fckleri ile \u00e7ocuk kurulu\u015flar\u0131ndan hizmet alan kad\u0131nlar ve \u00e7ocuklar\u0131n haz\u0131rlad\u0131\u011f\u0131 el eme\u011fi \u00fcr\u00fcnlerin sergilendi\u011fi etkinli\u011fin a\u00e7\u0131l\u0131\u015f\u0131n\u0131 yapt\u0131. Ard\u0131ndan Kad\u0131n Karavanc\u0131lar T\u00fcrk Halk M\u00fczi\u011fi Toplulu\u011fu\u2019nun konserini izledi. \u00a0T\u00dcRK KADINI HER ZAMAN M\u0130LLET\u0130N\u0130N YANINDA OLDU Programda yapt\u0131\u011f\u0131 konu\u015fmada T\u00fcrk kad\u0131n\u0131n\u0131n tarih boyunca b\u00fcy\u00fck fedak\u00e2rl\u0131klar yapt\u0131\u011f\u0131n\u0131 ifade eden Vali \u015eahin, &#8220;Kad\u0131nlar\u0131m\u0131z olmasa biz de var olamazd\u0131k. Gerek Kurtulu\u015f Sava\u015f\u0131\u2019nda gerekse b\u00f6l\u00fcc\u00fc ter\u00f6r \u00f6rg\u00fct\u00fcyle m\u00fccadelede, nerede ihtiya\u00e7 varsa kad\u0131nlar\u0131m\u0131z orada yer ald\u0131. \u00c7anakkale Sava\u015f\u0131, T\u00fcrk milletinin \u00f6l\u00fcm kal\u0131m sava\u015f\u0131yd\u0131. O sava\u015fta gen\u00e7 k\u0131zlar\u0131m\u0131z erkek k\u0131l\u0131\u011f\u0131na girerek cepheye gitti\u201d dedi. T\u00dcRK TOPLUMUNDA KADIN ERKEK E\u015e\u0130TL\u0130\u011e\u0130 \u015eahin konu\u015fmas\u0131n\u0131n devam\u0131nda, \u201cBizim sadece \u015fehit annelerimiz de\u011fil, \u015fehit kad\u0131nlar\u0131m\u0131z da var. T\u00fcrk toplumunda kad\u0131n ve erkek e\u015fitli\u011fi 3 bin y\u0131ldan fazla bir ge\u00e7mi\u015fe dayan\u0131r. Bizim toplumumuzda bir ki\u015finin kad\u0131n ya da erkek olmas\u0131 de\u011fil, insan olmas\u0131 \u00f6nemlidir. Bu sebeple kad\u0131na kar\u015f\u0131 \u015fiddetle her zaman m\u00fccadele edece\u011fiz ve kad\u0131nlar\u0131 ba\u015f\u0131m\u0131z\u0131n tac\u0131 yapmaya devam edece\u011fiz. Bu etkinli\u011fin d\u00fczenlenmesinde eme\u011fi ge\u00e7en herkese te\u015fekk\u00fcr ederim&#8221; diye konu\u015ftu. \u200bAntalya\u2019da Aile ve Sosyal Hizmetler \u0130l M\u00fcd\u00fcrl\u00fc\u011f\u00fc\u2019n\u00fcn koordinesinde d\u00fczenlenen anlaml\u0131 etkinlikte, kad\u0131nlar\u0131n el eme\u011fi g\u00f6z nuru eserlerinin sergilendi\u011fi serginin a\u00e7\u0131l\u0131\u015f\u0131 Vali Hulusi \u015eahin taraf\u0131ndan ger\u00e7ekle\u015ftirildi. Kad\u0131n erkek e\u015fitli\u011fine vurgu &hellip;<\/p>","protected":false},"author":5,"featured_media":0,"comment_status":"open","ping_status":"open","sticky":false,"template":"","format":"standard","meta":{"_acf_changed":false,"footnotes":""},"categories":[24],"tags":[],"class_list":["post-35142","post","type-post","status-publish","format-standard","has-post-thumbnail","hentry","category-gundem"],"acf":[],"yoast_head":"<!-- This site is optimized with the Yoast SEO Premium plugin v26.6 (Yoast SEO v27.1.1) - https:\/\/yoast.com\/product\/yoast-seo-premium-wordpress\/ -->\n<title>Antalya Valisi \u015eahin kad\u0131n erkek e\u015fitli\u011fine vurgu yapt\u0131 - Av. Deniz Can K\u0131z\u0131l<\/title>\n<meta name=\"robots\" content=\"index, follow, max-snippet:-1, max-image-preview:large, max-video-preview:-1\" \/>\n<link rel=\"canonical\" href=\"https:\/\/denizcankizil.tr\/ru\/haberler\/gundem\/antalya-valisi-sahin-kadin-erkek-esitligine-vurgu-yapti\/\" \/>\n<meta property=\"og:locale\" content=\"ru_RU\" \/>\n<meta property=\"og:type\" content=\"article\" \/>\n<meta property=\"og:title\" content=\"Antalya Valisi \u015eahin kad\u0131n erkek e\u015fitli\u011fine vurgu yapt\u0131\" \/>\n<meta property=\"og:description\" content=\"8 Mart D\u00fcnya Kad\u0131nlar G\u00fcn\u00fc etkinli\u011fine kat\u0131lan Antalya Valisi Hulusi \u015eahin ve e\u015fi Ebru \u015eahin, Kad\u0131n Konukevi m\u00fcd\u00fcrl\u00fckleri ile \u00e7ocuk kurulu\u015flar\u0131ndan hizmet alan kad\u0131nlar ve \u00e7ocuklar\u0131n haz\u0131rlad\u0131\u011f\u0131 el eme\u011fi \u00fcr\u00fcnlerin sergilendi\u011fi etkinli\u011fin a\u00e7\u0131l\u0131\u015f\u0131n\u0131 yapt\u0131. Ard\u0131ndan Kad\u0131n Karavanc\u0131lar T\u00fcrk Halk M\u00fczi\u011fi Toplulu\u011fu\u2019nun konserini izledi. \u00a0T\u00dcRK KADINI HER ZAMAN M\u0130LLET\u0130N\u0130N YANINDA OLDU Programda yapt\u0131\u011f\u0131 konu\u015fmada T\u00fcrk kad\u0131n\u0131n\u0131n tarih boyunca b\u00fcy\u00fck fedak\u00e2rl\u0131klar yapt\u0131\u011f\u0131n\u0131 ifade eden Vali \u015eahin, &#8220;Kad\u0131nlar\u0131m\u0131z olmasa biz de var olamazd\u0131k. Gerek Kurtulu\u015f Sava\u015f\u0131\u2019nda gerekse b\u00f6l\u00fcc\u00fc ter\u00f6r \u00f6rg\u00fct\u00fcyle m\u00fccadelede, nerede ihtiya\u00e7 varsa kad\u0131nlar\u0131m\u0131z orada yer ald\u0131. \u00c7anakkale Sava\u015f\u0131, T\u00fcrk milletinin \u00f6l\u00fcm kal\u0131m sava\u015f\u0131yd\u0131. O sava\u015fta gen\u00e7 k\u0131zlar\u0131m\u0131z erkek k\u0131l\u0131\u011f\u0131na girerek cepheye gitti\u201d dedi. T\u00dcRK TOPLUMUNDA KADIN ERKEK E\u015e\u0130TL\u0130\u011e\u0130 \u015eahin konu\u015fmas\u0131n\u0131n devam\u0131nda, \u201cBizim sadece \u015fehit annelerimiz de\u011fil, \u015fehit kad\u0131nlar\u0131m\u0131z da var. T\u00fcrk toplumunda kad\u0131n ve erkek e\u015fitli\u011fi 3 bin y\u0131ldan fazla bir ge\u00e7mi\u015fe dayan\u0131r. Bizim toplumumuzda bir ki\u015finin kad\u0131n ya da erkek olmas\u0131 de\u011fil, insan olmas\u0131 \u00f6nemlidir. Bu sebeple kad\u0131na kar\u015f\u0131 \u015fiddetle her zaman m\u00fccadele edece\u011fiz ve kad\u0131nlar\u0131 ba\u015f\u0131m\u0131z\u0131n tac\u0131 yapmaya devam edece\u011fiz. Bu etkinli\u011fin d\u00fczenlenmesinde eme\u011fi ge\u00e7en herkese te\u015fekk\u00fcr ederim&#8221; diye konu\u015ftu. \u200bAntalya\u2019da Aile ve Sosyal Hizmetler \u0130l M\u00fcd\u00fcrl\u00fc\u011f\u00fc\u2019n\u00fcn koordinesinde d\u00fczenlenen anlaml\u0131 etkinlikte, kad\u0131nlar\u0131n el eme\u011fi g\u00f6z nuru eserlerinin sergilendi\u011fi serginin a\u00e7\u0131l\u0131\u015f\u0131 Vali Hulusi \u015eahin taraf\u0131ndan ger\u00e7ekle\u015ftirildi. Kad\u0131n erkek e\u015fitli\u011fine vurgu &hellip;\" \/>\n<meta property=\"og:url\" content=\"https:\/\/denizcankizil.tr\/ru\/haberler\/gundem\/antalya-valisi-sahin-kadin-erkek-esitligine-vurgu-yapti\/\" \/>\n<meta property=\"og:site_name\" content=\"Av. Deniz Can K\u0131z\u0131l\" \/>\n<meta property=\"article:published_time\" content=\"2025-03-08T14:41:27+00:00\" \/>\n<meta name=\"author\" content=\"Antalya K\u00f6rfez\" \/>\n<meta name=\"twitter:card\" content=\"summary_large_image\" \/>\n<meta name=\"twitter:label1\" content=\"\u041d\u0430\u043f\u0438\u0441\u0430\u043d\u043e \u0430\u0432\u0442\u043e\u0440\u043e\u043c\" \/>\n\t<meta name=\"twitter:data1\" content=\"Antalya K\u00f6rfez\" \/>\n\t<meta name=\"twitter:label2\" content=\"\u041f\u0440\u0438\u043c\u0435\u0440\u043d\u043e\u0435 \u0432\u0440\u0435\u043c\u044f \u0434\u043b\u044f \u0447\u0442\u0435\u043d\u0438\u044f\" \/>\n\t<meta name=\"twitter:data2\" content=\"2 \u043c\u0438\u043d\u0443\u0442\u044b\" \/>\n<script type=\"application\/ld+json\" class=\"yoast-schema-graph\">{\"@context\":\"https:\/\/schema.org\",\"@graph\":[{\"@type\":\"Article\",\"@id\":\"https:\/\/denizcankizil.tr\/de\/haberler\/gundem\/antalya-valisi-sahin-kadin-erkek-esitligine-vurgu-yapti\/#article\",\"isPartOf\":{\"@id\":\"https:\/\/denizcankizil.tr\/de\/haberler\/gundem\/antalya-valisi-sahin-kadin-erkek-esitligine-vurgu-yapti\/\"},\"author\":{\"name\":\"Antalya K\u00f6rfez\",\"@id\":\"https:\/\/denizcankizil.tr\/de\/#\/schema\/person\/e1eb71bb4dd684d46563f0af307e1234\"},\"headline\":\"Antalya Valisi \u015eahin kad\u0131n erkek e\u015fitli\u011fine vurgu yapt\u0131\",\"datePublished\":\"2025-03-08T14:41:27+00:00\",\"mainEntityOfPage\":{\"@id\":\"https:\/\/denizcankizil.tr\/de\/haberler\/gundem\/antalya-valisi-sahin-kadin-erkek-esitligine-vurgu-yapti\/\"},\"wordCount\":353,\"commentCount\":0,\"publisher\":{\"@id\":\"https:\/\/denizcankizil.tr\/de\/#organization\"},\"articleSection\":[\"G\u00fcndem\"],\"inLanguage\":\"ru-RU\",\"potentialAction\":[{\"@type\":\"CommentAction\",\"name\":\"Comment\",\"target\":[\"https:\/\/denizcankizil.tr\/de\/haberler\/gundem\/antalya-valisi-sahin-kadin-erkek-esitligine-vurgu-yapti\/#respond\"]}]},{\"@type\":\"WebPage\",\"@id\":\"https:\/\/denizcankizil.tr\/de\/haberler\/gundem\/antalya-valisi-sahin-kadin-erkek-esitligine-vurgu-yapti\/\",\"url\":\"https:\/\/denizcankizil.tr\/de\/haberler\/gundem\/antalya-valisi-sahin-kadin-erkek-esitligine-vurgu-yapti\/\",\"name\":\"Antalya Valisi \u015eahin kad\u0131n erkek e\u015fitli\u011fine vurgu yapt\u0131 - Av. Deniz Can K\u0131z\u0131l\",\"isPartOf\":{\"@id\":\"https:\/\/denizcankizil.tr\/de\/#website\"},\"datePublished\":\"2025-03-08T14:41:27+00:00\",\"breadcrumb\":{\"@id\":\"https:\/\/denizcankizil.tr\/de\/haberler\/gundem\/antalya-valisi-sahin-kadin-erkek-esitligine-vurgu-yapti\/#breadcrumb\"},\"inLanguage\":\"ru-RU\",\"potentialAction\":[{\"@type\":\"ReadAction\",\"target\":[\"https:\/\/denizcankizil.tr\/de\/haberler\/gundem\/antalya-valisi-sahin-kadin-erkek-esitligine-vurgu-yapti\/\"]}]},{\"@type\":\"BreadcrumbList\",\"@id\":\"https:\/\/denizcankizil.tr\/de\/haberler\/gundem\/antalya-valisi-sahin-kadin-erkek-esitligine-vurgu-yapti\/#breadcrumb\",\"itemListElement\":[{\"@type\":\"ListItem\",\"position\":1,\"name\":\"Home\",\"item\":\"https:\/\/denizcankizil.tr\/de\/\"},{\"@type\":\"ListItem\",\"position\":2,\"name\":\"Antalya Valisi \u015eahin kad\u0131n erkek e\u015fitli\u011fine vurgu yapt\u0131\"}]},{\"@type\":\"WebSite\",\"@id\":\"https:\/\/denizcankizil.tr\/de\/#website\",\"url\":\"https:\/\/denizcankizil.tr\/de\/\",\"name\":\"Av. Deniz Can K\u0131z\u0131l\",\"description\":\"Avukat Deniz Can K\u0131z\u0131l Antalya Barosu\",\"publisher\":{\"@id\":\"https:\/\/denizcankizil.tr\/de\/#organization\"},\"potentialAction\":[{\"@type\":\"SearchAction\",\"target\":{\"@type\":\"EntryPoint\",\"urlTemplate\":\"https:\/\/denizcankizil.tr\/de\/?s={search_term_string}\"},\"query-input\":{\"@type\":\"PropertyValueSpecification\",\"valueRequired\":true,\"valueName\":\"search_term_string\"}}],\"inLanguage\":\"ru-RU\"},{\"@type\":\"Organization\",\"@id\":\"https:\/\/denizcankizil.tr\/de\/#organization\",\"name\":\"Av. Deniz Can K\u0131z\u0131l\",\"url\":\"https:\/\/denizcankizil.tr\/de\/\",\"logo\":{\"@type\":\"ImageObject\",\"inLanguage\":\"ru-RU\",\"@id\":\"https:\/\/denizcankizil.tr\/de\/#\/schema\/logo\/image\/\",\"url\":\"https:\/\/denizcankizil.tr\/wp-content\/uploads\/2024\/10\/siyah-logo-svg.svg\",\"contentUrl\":\"https:\/\/denizcankizil.tr\/wp-content\/uploads\/2024\/10\/siyah-logo-svg.svg\",\"width\":1080,\"height\":1080,\"caption\":\"Av. Deniz Can K\u0131z\u0131l\"},\"image\":{\"@id\":\"https:\/\/denizcankizil.tr\/de\/#\/schema\/logo\/image\/\"}},{\"@type\":\"Person\",\"@id\":\"https:\/\/denizcankizil.tr\/de\/#\/schema\/person\/e1eb71bb4dd684d46563f0af307e1234\",\"name\":\"Antalya K\u00f6rfez\",\"image\":{\"@type\":\"ImageObject\",\"inLanguage\":\"ru-RU\",\"@id\":\"https:\/\/denizcankizil.tr\/de\/#\/schema\/person\/image\/\",\"url\":\"https:\/\/secure.gravatar.com\/avatar\/42b01982558a48a0b501fdcab6a408d3717ea5919095ee2e67b0e521799c5905?s=96&d=mm&r=g\",\"contentUrl\":\"https:\/\/secure.gravatar.com\/avatar\/42b01982558a48a0b501fdcab6a408d3717ea5919095ee2e67b0e521799c5905?s=96&d=mm&r=g\",\"caption\":\"Antalya K\u00f6rfez\"},\"sameAs\":[\"http:\/\/www.antalyakorfez.com\"],\"url\":\"https:\/\/www.antalyakorfez.com\/antalya-valisi-sahin-kadin-erkek-esitligine-vurgu-yapti\"}]}<\/script>\n<!-- \/ Yoast SEO Premium plugin. -->","yoast_head_json":{"title":"Antalya Valisi \u015eahin kad\u0131n erkek e\u015fitli\u011fine vurgu yapt\u0131 - Av. Deniz Can K\u0131z\u0131l","robots":{"index":"index","follow":"follow","max-snippet":"max-snippet:-1","max-image-preview":"max-image-preview:large","max-video-preview":"max-video-preview:-1"},"canonical":"https:\/\/denizcankizil.tr\/ru\/haberler\/gundem\/antalya-valisi-sahin-kadin-erkek-esitligine-vurgu-yapti\/","og_locale":"ru_RU","og_type":"article","og_title":"Antalya Valisi \u015eahin kad\u0131n erkek e\u015fitli\u011fine vurgu yapt\u0131","og_description":"8 Mart D\u00fcnya Kad\u0131nlar G\u00fcn\u00fc etkinli\u011fine kat\u0131lan Antalya Valisi Hulusi \u015eahin ve e\u015fi Ebru \u015eahin, Kad\u0131n Konukevi m\u00fcd\u00fcrl\u00fckleri ile \u00e7ocuk kurulu\u015flar\u0131ndan hizmet alan kad\u0131nlar ve \u00e7ocuklar\u0131n haz\u0131rlad\u0131\u011f\u0131 el eme\u011fi \u00fcr\u00fcnlerin sergilendi\u011fi etkinli\u011fin a\u00e7\u0131l\u0131\u015f\u0131n\u0131 yapt\u0131. Ard\u0131ndan Kad\u0131n Karavanc\u0131lar T\u00fcrk Halk M\u00fczi\u011fi Toplulu\u011fu\u2019nun konserini izledi. \u00a0T\u00dcRK KADINI HER ZAMAN M\u0130LLET\u0130N\u0130N YANINDA OLDU Programda yapt\u0131\u011f\u0131 konu\u015fmada T\u00fcrk kad\u0131n\u0131n\u0131n tarih boyunca b\u00fcy\u00fck fedak\u00e2rl\u0131klar yapt\u0131\u011f\u0131n\u0131 ifade eden Vali \u015eahin, &#8220;Kad\u0131nlar\u0131m\u0131z olmasa biz de var olamazd\u0131k. Gerek Kurtulu\u015f Sava\u015f\u0131\u2019nda gerekse b\u00f6l\u00fcc\u00fc ter\u00f6r \u00f6rg\u00fct\u00fcyle m\u00fccadelede, nerede ihtiya\u00e7 varsa kad\u0131nlar\u0131m\u0131z orada yer ald\u0131. \u00c7anakkale Sava\u015f\u0131, T\u00fcrk milletinin \u00f6l\u00fcm kal\u0131m sava\u015f\u0131yd\u0131. O sava\u015fta gen\u00e7 k\u0131zlar\u0131m\u0131z erkek k\u0131l\u0131\u011f\u0131na girerek cepheye gitti\u201d dedi. T\u00dcRK TOPLUMUNDA KADIN ERKEK E\u015e\u0130TL\u0130\u011e\u0130 \u015eahin konu\u015fmas\u0131n\u0131n devam\u0131nda, \u201cBizim sadece \u015fehit annelerimiz de\u011fil, \u015fehit kad\u0131nlar\u0131m\u0131z da var. T\u00fcrk toplumunda kad\u0131n ve erkek e\u015fitli\u011fi 3 bin y\u0131ldan fazla bir ge\u00e7mi\u015fe dayan\u0131r. Bizim toplumumuzda bir ki\u015finin kad\u0131n ya da erkek olmas\u0131 de\u011fil, insan olmas\u0131 \u00f6nemlidir. Bu sebeple kad\u0131na kar\u015f\u0131 \u015fiddetle her zaman m\u00fccadele edece\u011fiz ve kad\u0131nlar\u0131 ba\u015f\u0131m\u0131z\u0131n tac\u0131 yapmaya devam edece\u011fiz. Bu etkinli\u011fin d\u00fczenlenmesinde eme\u011fi ge\u00e7en herkese te\u015fekk\u00fcr ederim&#8221; diye konu\u015ftu. \u200bAntalya\u2019da Aile ve Sosyal Hizmetler \u0130l M\u00fcd\u00fcrl\u00fc\u011f\u00fc\u2019n\u00fcn koordinesinde d\u00fczenlenen anlaml\u0131 etkinlikte, kad\u0131nlar\u0131n el eme\u011fi g\u00f6z nuru eserlerinin sergilendi\u011fi serginin a\u00e7\u0131l\u0131\u015f\u0131 Vali Hulusi \u015eahin taraf\u0131ndan ger\u00e7ekle\u015ftirildi. Kad\u0131n erkek e\u015fitli\u011fine vurgu &hellip;","og_url":"https:\/\/denizcankizil.tr\/ru\/haberler\/gundem\/antalya-valisi-sahin-kadin-erkek-esitligine-vurgu-yapti\/","og_site_name":"Av. Deniz Can K\u0131z\u0131l","article_published_time":"2025-03-08T14:41:27+00:00","author":"Antalya K\u00f6rfez","twitter_card":"summary_large_image","twitter_misc":{"\u041d\u0430\u043f\u0438\u0441\u0430\u043d\u043e \u0430\u0432\u0442\u043e\u0440\u043e\u043c":"Antalya K\u00f6rfez","\u041f\u0440\u0438\u043c\u0435\u0440\u043d\u043e\u0435 \u0432\u0440\u0435\u043c\u044f \u0434\u043b\u044f \u0447\u0442\u0435\u043d\u0438\u044f":"2 \u043c\u0438\u043d\u0443\u0442\u044b"},"schema":{"@context":"https:\/\/schema.org","@graph":[{"@type":"Article","@id":"https:\/\/denizcankizil.tr\/de\/haberler\/gundem\/antalya-valisi-sahin-kadin-erkek-esitligine-vurgu-yapti\/#article","isPartOf":{"@id":"https:\/\/denizcankizil.tr\/de\/haberler\/gundem\/antalya-valisi-sahin-kadin-erkek-esitligine-vurgu-yapti\/"},"author":{"name":"Antalya K\u00f6rfez","@id":"https:\/\/denizcankizil.tr\/de\/#\/schema\/person\/e1eb71bb4dd684d46563f0af307e1234"},"headline":"Antalya Valisi \u015eahin kad\u0131n erkek e\u015fitli\u011fine vurgu yapt\u0131","datePublished":"2025-03-08T14:41:27+00:00","mainEntityOfPage":{"@id":"https:\/\/denizcankizil.tr\/de\/haberler\/gundem\/antalya-valisi-sahin-kadin-erkek-esitligine-vurgu-yapti\/"},"wordCount":353,"commentCount":0,"publisher":{"@id":"https:\/\/denizcankizil.tr\/de\/#organization"},"articleSection":["G\u00fcndem"],"inLanguage":"ru-RU","potentialAction":[{"@type":"CommentAction","name":"Comment","target":["https:\/\/denizcankizil.tr\/de\/haberler\/gundem\/antalya-valisi-sahin-kadin-erkek-esitligine-vurgu-yapti\/#respond"]}]},{"@type":"WebPage","@id":"https:\/\/denizcankizil.tr\/de\/haberler\/gundem\/antalya-valisi-sahin-kadin-erkek-esitligine-vurgu-yapti\/","url":"https:\/\/denizcankizil.tr\/de\/haberler\/gundem\/antalya-valisi-sahin-kadin-erkek-esitligine-vurgu-yapti\/","name":"Antalya Valisi \u015eahin kad\u0131n erkek e\u015fitli\u011fine vurgu yapt\u0131 - Av. Deniz Can K\u0131z\u0131l","isPartOf":{"@id":"https:\/\/denizcankizil.tr\/de\/#website"},"datePublished":"2025-03-08T14:41:27+00:00","breadcrumb":{"@id":"https:\/\/denizcankizil.tr\/de\/haberler\/gundem\/antalya-valisi-sahin-kadin-erkek-esitligine-vurgu-yapti\/#breadcrumb"},"inLanguage":"ru-RU","potentialAction":[{"@type":"ReadAction","target":["https:\/\/denizcankizil.tr\/de\/haberler\/gundem\/antalya-valisi-sahin-kadin-erkek-esitligine-vurgu-yapti\/"]}]},{"@type":"BreadcrumbList","@id":"https:\/\/denizcankizil.tr\/de\/haberler\/gundem\/antalya-valisi-sahin-kadin-erkek-esitligine-vurgu-yapti\/#breadcrumb","itemListElement":[{"@type":"ListItem","position":1,"name":"Home","item":"https:\/\/denizcankizil.tr\/de\/"},{"@type":"ListItem","position":2,"name":"Antalya Valisi \u015eahin kad\u0131n erkek e\u015fitli\u011fine vurgu yapt\u0131"}]},{"@type":"WebSite","@id":"https:\/\/denizcankizil.tr\/de\/#website","url":"https:\/\/denizcankizil.tr\/de\/","name":"Av. Deniz Can K\u0131z\u0131l","description":"Avukat Deniz Can K\u0131z\u0131l Antalya Barosu","publisher":{"@id":"https:\/\/denizcankizil.tr\/de\/#organization"},"potentialAction":[{"@type":"SearchAction","target":{"@type":"EntryPoint","urlTemplate":"https:\/\/denizcankizil.tr\/de\/?s={search_term_string}"},"query-input":{"@type":"PropertyValueSpecification","valueRequired":true,"valueName":"search_term_string"}}],"inLanguage":"ru-RU"},{"@type":"Organization","@id":"https:\/\/denizcankizil.tr\/de\/#organization","name":"Av. Deniz Can K\u0131z\u0131l","url":"https:\/\/denizcankizil.tr\/de\/","logo":{"@type":"ImageObject","inLanguage":"ru-RU","@id":"https:\/\/denizcankizil.tr\/de\/#\/schema\/logo\/image\/","url":"https:\/\/denizcankizil.tr\/wp-content\/uploads\/2024\/10\/siyah-logo-svg.svg","contentUrl":"https:\/\/denizcankizil.tr\/wp-content\/uploads\/2024\/10\/siyah-logo-svg.svg","width":1080,"height":1080,"caption":"Av. Deniz Can K\u0131z\u0131l"},"image":{"@id":"https:\/\/denizcankizil.tr\/de\/#\/schema\/logo\/image\/"}},{"@type":"Person","@id":"https:\/\/denizcankizil.tr\/de\/#\/schema\/person\/e1eb71bb4dd684d46563f0af307e1234","name":"Antalya K\u00f6rfez","image":{"@type":"ImageObject","inLanguage":"ru-RU","@id":"https:\/\/denizcankizil.tr\/de\/#\/schema\/person\/image\/","url":"https:\/\/secure.gravatar.com\/avatar\/42b01982558a48a0b501fdcab6a408d3717ea5919095ee2e67b0e521799c5905?s=96&d=mm&r=g","contentUrl":"https:\/\/secure.gravatar.com\/avatar\/42b01982558a48a0b501fdcab6a408d3717ea5919095ee2e67b0e521799c5905?s=96&d=mm&r=g","caption":"Antalya K\u00f6rfez"},"sameAs":["http:\/\/www.antalyakorfez.com"],"url":"https:\/\/www.antalyakorfez.com\/antalya-valisi-sahin-kadin-erkek-esitligine-vurgu-yapti"}]}},"_links":{"self":[{"href":"https:\/\/denizcankizil.tr\/ru\/wp-json\/wp\/v2\/posts\/35142","targetHints":{"allow":["GET"]}}],"collection":[{"href":"https:\/\/denizcankizil.tr\/ru\/wp-json\/wp\/v2\/posts"}],"about":[{"href":"https:\/\/denizcankizil.tr\/ru\/wp-json\/wp\/v2\/types\/post"}],"author":[{"embeddable":true,"href":"https:\/\/denizcankizil.tr\/ru\/wp-json\/wp\/v2\/users\/5"}],"replies":[{"embeddable":true,"href":"https:\/\/denizcankizil.tr\/ru\/wp-json\/wp\/v2\/comments?post=35142"}],"version-history":[{"count":0,"href":"https:\/\/denizcankizil.tr\/ru\/wp-json\/wp\/v2\/posts\/35142\/revisions"}],"wp:attachment":[{"href":"https:\/\/denizcankizil.tr\/ru\/wp-json\/wp\/v2\/media?parent=35142"}],"wp:term":[{"taxonomy":"category","embeddable":true,"href":"https:\/\/denizcankizil.tr\/ru\/wp-json\/wp\/v2\/categories?post=35142"},{"taxonomy":"post_tag","embeddable":true,"href":"https:\/\/denizcankizil.tr\/ru\/wp-json\/wp\/v2\/tags?post=35142"}],"curies":[{"name":"wp","href":"https:\/\/api.w.org\/{rel}","templated":true}]}}