{"id":35024,"date":"2025-03-07T15:41:38","date_gmt":"2025-03-07T12:41:38","guid":{"rendered":"https:\/\/denizcankizil.tr\/uncategorized-tr\/mesut-kocagozden-vali-sahine-anlamli-hediye\/"},"modified":"2025-03-07T15:41:38","modified_gmt":"2025-03-07T12:41:38","slug":"mesut-kocagozden-vali-sahine-anlamli-hediye","status":"publish","type":"post","link":"https:\/\/denizcankizil.tr\/ru\/haberler\/gundem\/mesut-kocagozden-vali-sahine-anlamli-hediye\/","title":{"rendered":"Mesut Kocag\u00f6z\u2019den Vali Sahin\u2019e anlaml\u0131 hediye"},"content":{"rendered":"<p>Atat\u00fcrk\u2019\u00fcn Antalya\u2019ya geli\u015finin 95. y\u0131l\u0131, Atat\u00fcrk K\u00fclt\u00fcr Merkezi\u2019nde (AKM) d\u00fczenlenen \u00e7e\u015fitli etkinliklerle co\u015fkuyla kutland\u0131. Etkinlikte, Aksu Fen Lisesi \u00f6\u011frencilerinin haz\u0131rlad\u0131\u011f\u0131 \u2018Gazi Aram\u0131zda\u2019 adl\u0131 g\u00f6sterim b\u00fcy\u00fck ilgiyle izlendi. Atat\u00fcrk\u2019\u00fcn Antalya\u2019ya geli\u015fine \u00f6zel d\u00fczenlenen resim, \u015fiir ve kompozisyon yar\u0131\u015fmas\u0131nda dereceye giren \u00f6\u011frencilere de \u00f6d\u00fclleri takdim edildi. Kepez Belediyesi s\u0131n\u0131rlar\u0131nda bulunan Naime Baki Saat\u00e7io\u011flu Ticaret Meslek ve Teknik Anadolu Lisesi \u00f6\u011frencisi Tuana K\u0131rkulak, \u201cHi\u00e7 \u015e\u00fcphesiz ki Antalya d\u00fcnyan\u0131n en g\u00fczel \u015fehridir\u201d adl\u0131 liseler aras\u0131 kompozisyon yar\u0131\u015fmas\u0131nda il ikincili\u011fi \u00f6d\u00fcl\u00fcne lay\u0131k g\u00f6r\u00fcld\u00fc.<\/p>\n<p>BURHANETT\u0130N ONAT\u2019IN K\u0130TABI\u00a0<\/p>\n<p>Atat\u00fcrk\u2019\u00fcn Antalya\u2019ya geli\u015finin kutland\u0131\u011f\u0131 etkinlik program\u0131na kat\u0131lan Kepez Belediye Ba\u015fkan\u0131 Mesut Kocag\u00f6z, Antalya Valisi Hulusi \u015eahin\u2019e bu \u00f6zel g\u00fcnde, anlaml\u0131 bir hediye sundu. Ba\u015fkan Kocag\u00f6z, Antalya a\u015f\u0131\u011f\u0131 Dr. Burhanettin Onat taraf\u0131ndan kaleme al\u0131nan \u2018Bir Zamanlar Antalya\u2019 adl\u0131 kitab\u0131 Atat\u00fcrk\u2019\u00fcn Antalya geli\u015finin an\u0131s\u0131na Vali \u015eahin\u2019e hediye etti. \u00a0Vali \u015eahin, bu anlaml\u0131 hediye i\u00e7in Ba\u015fkan Kocag\u00f6z\u2019e te\u015fekk\u00fcr ederek, \u201cBu eser Antalya\u2019n\u0131n ge\u00e7mi\u015fine \u0131\u015f\u0131k tutan de\u011ferli bir \u00e7al\u0131\u015fma. \u015eehrimizin tarihine katk\u0131 sunan herkese minnettar\u0131z\u201d dedi.\u00a0<\/p>\n<p>VAL\u0130 \u015eAH\u0130N\u2019E ANLAMLI HED\u0130YE\u00a0<\/p>\n<p>Antalya Valisi Hulusi \u015eahin, Kepez Belediye Ba\u015fkan\u0131 Mesut Kocag\u00f6z ile daha \u00f6nceki bir g\u00f6r\u00fc\u015fmesinde Dr. Burhanettin Onat\u2019\u0131n \u201cBir Zamanlar Antalya\u201d adl\u0131 kitab\u0131n\u0131 okumak istedi\u011fini belirtmi\u015fti. Ba\u015fkan Kocag\u00f6z de Atat\u00fcrk\u2019\u00fcn Antalya\u2019ya geli\u015finin 95. y\u0131l\u0131 an\u0131s\u0131na, Vali \u015eahin\u2019e bu anlaml\u0131 eseri hediye etti.<br \/>\n\u00a0<\/p>\n<p>\u200bKepez Belediye Ba\u015fkan\u0131 Mesut Kocag\u00f6z, \u00a06 Mart Atat\u00fcrk\u2019\u00fcn Antalya\u2019ya geli\u015finin 95. y\u0131l d\u00f6n\u00fcm\u00fcne \u00f6zel Antalya Valisi Hulusi \u015eahin\u2019e Dr. Burhanettin Onat\u2019\u0131n kaleme ald\u0131\u011f\u0131 \u201cBir Zamanlar Antalya\u201d adl\u0131 kitab\u0131n\u0131 hediye etti. \u00a0Vali \u015eahin, bu anlaml\u0131 hediye i\u00e7in Ba\u015fkan Kocag\u00f6z\u2019e te\u015fekk\u00fcr ederek, \u201cBu eser Antalya\u2019n\u0131n ge\u00e7mi\u015fine \u0131\u015f\u0131k tutan de\u011ferli bir \u00e7al\u0131\u015fma. \u015eehrimizin tarihine katk\u0131 sunan herkese minnettar\u0131z\u201d dedi.\u00a0<\/p>\n<p>\u200bHaberin Al\u0131nt\u0131land\u0131\u011f\u0131 Kaynak: www.antalyakorfez.com<\/p>","protected":false},"excerpt":{"rendered":"<p>Atat\u00fcrk\u2019\u00fcn Antalya\u2019ya geli\u015finin 95. y\u0131l\u0131, Atat\u00fcrk K\u00fclt\u00fcr Merkezi\u2019nde (AKM) d\u00fczenlenen \u00e7e\u015fitli etkinliklerle co\u015fkuyla kutland\u0131. Etkinlikte, Aksu Fen Lisesi \u00f6\u011frencilerinin haz\u0131rlad\u0131\u011f\u0131 \u2018Gazi Aram\u0131zda\u2019 adl\u0131 g\u00f6sterim b\u00fcy\u00fck ilgiyle izlendi. Atat\u00fcrk\u2019\u00fcn Antalya\u2019ya geli\u015fine \u00f6zel d\u00fczenlenen resim, \u015fiir ve kompozisyon yar\u0131\u015fmas\u0131nda dereceye giren \u00f6\u011frencilere de \u00f6d\u00fclleri takdim edildi. Kepez Belediyesi s\u0131n\u0131rlar\u0131nda bulunan Naime Baki Saat\u00e7io\u011flu Ticaret Meslek ve Teknik Anadolu Lisesi \u00f6\u011frencisi Tuana K\u0131rkulak, \u201cHi\u00e7 \u015e\u00fcphesiz ki Antalya d\u00fcnyan\u0131n en g\u00fczel \u015fehridir\u201d adl\u0131 liseler aras\u0131 kompozisyon yar\u0131\u015fmas\u0131nda il ikincili\u011fi \u00f6d\u00fcl\u00fcne lay\u0131k g\u00f6r\u00fcld\u00fc. BURHANETT\u0130N ONAT\u2019IN K\u0130TABI\u00a0 Atat\u00fcrk\u2019\u00fcn Antalya\u2019ya geli\u015finin kutland\u0131\u011f\u0131 etkinlik program\u0131na kat\u0131lan Kepez Belediye Ba\u015fkan\u0131 Mesut Kocag\u00f6z, Antalya Valisi Hulusi \u015eahin\u2019e bu \u00f6zel g\u00fcnde, anlaml\u0131 bir hediye sundu. Ba\u015fkan Kocag\u00f6z, Antalya a\u015f\u0131\u011f\u0131 Dr. Burhanettin Onat taraf\u0131ndan kaleme al\u0131nan \u2018Bir Zamanlar Antalya\u2019 adl\u0131 kitab\u0131 Atat\u00fcrk\u2019\u00fcn Antalya geli\u015finin an\u0131s\u0131na Vali \u015eahin\u2019e hediye etti. \u00a0Vali \u015eahin, bu anlaml\u0131 hediye i\u00e7in Ba\u015fkan Kocag\u00f6z\u2019e te\u015fekk\u00fcr ederek, \u201cBu eser Antalya\u2019n\u0131n ge\u00e7mi\u015fine \u0131\u015f\u0131k tutan de\u011ferli bir \u00e7al\u0131\u015fma. \u015eehrimizin tarihine katk\u0131 sunan herkese minnettar\u0131z\u201d dedi.\u00a0 VAL\u0130 \u015eAH\u0130N\u2019E ANLAMLI HED\u0130YE\u00a0 Antalya Valisi Hulusi \u015eahin, Kepez Belediye Ba\u015fkan\u0131 Mesut Kocag\u00f6z ile daha \u00f6nceki bir g\u00f6r\u00fc\u015fmesinde Dr. Burhanettin Onat\u2019\u0131n \u201cBir Zamanlar Antalya\u201d adl\u0131 kitab\u0131n\u0131 okumak istedi\u011fini belirtmi\u015fti. Ba\u015fkan Kocag\u00f6z de Atat\u00fcrk\u2019\u00fcn Antalya\u2019ya geli\u015finin 95. y\u0131l\u0131 an\u0131s\u0131na, Vali \u015eahin\u2019e bu anlaml\u0131 eseri hediye etti. \u00a0 \u200bKepez &hellip;<\/p>","protected":false},"author":5,"featured_media":0,"comment_status":"open","ping_status":"open","sticky":false,"template":"","format":"standard","meta":{"_acf_changed":false,"footnotes":""},"categories":[24],"tags":[],"class_list":["post-35024","post","type-post","status-publish","format-standard","has-post-thumbnail","hentry","category-gundem"],"acf":[],"yoast_head":"<!-- This site is optimized with the Yoast SEO Premium plugin v26.6 (Yoast SEO v27.1.1) - https:\/\/yoast.com\/product\/yoast-seo-premium-wordpress\/ -->\n<title>Mesut Kocag\u00f6z\u2019den Vali Sahin\u2019e anlaml\u0131 hediye - Av. Deniz Can K\u0131z\u0131l<\/title>\n<meta name=\"robots\" content=\"index, follow, max-snippet:-1, max-image-preview:large, max-video-preview:-1\" \/>\n<link rel=\"canonical\" href=\"https:\/\/denizcankizil.tr\/ru\/haberler\/gundem\/mesut-kocagozden-vali-sahine-anlamli-hediye\/\" \/>\n<meta property=\"og:locale\" content=\"ru_RU\" \/>\n<meta property=\"og:type\" content=\"article\" \/>\n<meta property=\"og:title\" content=\"Mesut Kocag\u00f6z\u2019den Vali Sahin\u2019e anlaml\u0131 hediye\" \/>\n<meta property=\"og:description\" content=\"Atat\u00fcrk\u2019\u00fcn Antalya\u2019ya geli\u015finin 95. y\u0131l\u0131, Atat\u00fcrk K\u00fclt\u00fcr Merkezi\u2019nde (AKM) d\u00fczenlenen \u00e7e\u015fitli etkinliklerle co\u015fkuyla kutland\u0131. Etkinlikte, Aksu Fen Lisesi \u00f6\u011frencilerinin haz\u0131rlad\u0131\u011f\u0131 \u2018Gazi Aram\u0131zda\u2019 adl\u0131 g\u00f6sterim b\u00fcy\u00fck ilgiyle izlendi. Atat\u00fcrk\u2019\u00fcn Antalya\u2019ya geli\u015fine \u00f6zel d\u00fczenlenen resim, \u015fiir ve kompozisyon yar\u0131\u015fmas\u0131nda dereceye giren \u00f6\u011frencilere de \u00f6d\u00fclleri takdim edildi. Kepez Belediyesi s\u0131n\u0131rlar\u0131nda bulunan Naime Baki Saat\u00e7io\u011flu Ticaret Meslek ve Teknik Anadolu Lisesi \u00f6\u011frencisi Tuana K\u0131rkulak, \u201cHi\u00e7 \u015e\u00fcphesiz ki Antalya d\u00fcnyan\u0131n en g\u00fczel \u015fehridir\u201d adl\u0131 liseler aras\u0131 kompozisyon yar\u0131\u015fmas\u0131nda il ikincili\u011fi \u00f6d\u00fcl\u00fcne lay\u0131k g\u00f6r\u00fcld\u00fc. BURHANETT\u0130N ONAT\u2019IN K\u0130TABI\u00a0 Atat\u00fcrk\u2019\u00fcn Antalya\u2019ya geli\u015finin kutland\u0131\u011f\u0131 etkinlik program\u0131na kat\u0131lan Kepez Belediye Ba\u015fkan\u0131 Mesut Kocag\u00f6z, Antalya Valisi Hulusi \u015eahin\u2019e bu \u00f6zel g\u00fcnde, anlaml\u0131 bir hediye sundu. Ba\u015fkan Kocag\u00f6z, Antalya a\u015f\u0131\u011f\u0131 Dr. Burhanettin Onat taraf\u0131ndan kaleme al\u0131nan \u2018Bir Zamanlar Antalya\u2019 adl\u0131 kitab\u0131 Atat\u00fcrk\u2019\u00fcn Antalya geli\u015finin an\u0131s\u0131na Vali \u015eahin\u2019e hediye etti. \u00a0Vali \u015eahin, bu anlaml\u0131 hediye i\u00e7in Ba\u015fkan Kocag\u00f6z\u2019e te\u015fekk\u00fcr ederek, \u201cBu eser Antalya\u2019n\u0131n ge\u00e7mi\u015fine \u0131\u015f\u0131k tutan de\u011ferli bir \u00e7al\u0131\u015fma. \u015eehrimizin tarihine katk\u0131 sunan herkese minnettar\u0131z\u201d dedi.\u00a0 VAL\u0130 \u015eAH\u0130N\u2019E ANLAMLI HED\u0130YE\u00a0 Antalya Valisi Hulusi \u015eahin, Kepez Belediye Ba\u015fkan\u0131 Mesut Kocag\u00f6z ile daha \u00f6nceki bir g\u00f6r\u00fc\u015fmesinde Dr. Burhanettin Onat\u2019\u0131n \u201cBir Zamanlar Antalya\u201d adl\u0131 kitab\u0131n\u0131 okumak istedi\u011fini belirtmi\u015fti. Ba\u015fkan Kocag\u00f6z de Atat\u00fcrk\u2019\u00fcn Antalya\u2019ya geli\u015finin 95. y\u0131l\u0131 an\u0131s\u0131na, Vali \u015eahin\u2019e bu anlaml\u0131 eseri hediye etti. \u00a0 \u200bKepez &hellip;\" \/>\n<meta property=\"og:url\" content=\"https:\/\/denizcankizil.tr\/ru\/haberler\/gundem\/mesut-kocagozden-vali-sahine-anlamli-hediye\/\" \/>\n<meta property=\"og:site_name\" content=\"Av. Deniz Can K\u0131z\u0131l\" \/>\n<meta property=\"article:published_time\" content=\"2025-03-07T12:41:38+00:00\" \/>\n<meta name=\"author\" content=\"Antalya K\u00f6rfez\" \/>\n<meta name=\"twitter:card\" content=\"summary_large_image\" \/>\n<meta name=\"twitter:label1\" content=\"\u041d\u0430\u043f\u0438\u0441\u0430\u043d\u043e \u0430\u0432\u0442\u043e\u0440\u043e\u043c\" \/>\n\t<meta name=\"twitter:data1\" content=\"Antalya K\u00f6rfez\" \/>\n\t<meta name=\"twitter:label2\" content=\"\u041f\u0440\u0438\u043c\u0435\u0440\u043d\u043e\u0435 \u0432\u0440\u0435\u043c\u044f \u0434\u043b\u044f \u0447\u0442\u0435\u043d\u0438\u044f\" \/>\n\t<meta name=\"twitter:data2\" content=\"2 \u043c\u0438\u043d\u0443\u0442\u044b\" \/>\n<script type=\"application\/ld+json\" class=\"yoast-schema-graph\">{\"@context\":\"https:\/\/schema.org\",\"@graph\":[{\"@type\":\"Article\",\"@id\":\"https:\/\/denizcankizil.tr\/ru\/haberler\/gundem\/mesut-kocagozden-vali-sahine-anlamli-hediye\/#article\",\"isPartOf\":{\"@id\":\"https:\/\/denizcankizil.tr\/ru\/haberler\/gundem\/mesut-kocagozden-vali-sahine-anlamli-hediye\/\"},\"author\":{\"name\":\"Antalya K\u00f6rfez\",\"@id\":\"https:\/\/denizcankizil.tr\/#\/schema\/person\/e1eb71bb4dd684d46563f0af307e1234\"},\"headline\":\"Mesut Kocag\u00f6z\u2019den Vali Sahin\u2019e anlaml\u0131 hediye\",\"datePublished\":\"2025-03-07T12:41:38+00:00\",\"mainEntityOfPage\":{\"@id\":\"https:\/\/denizcankizil.tr\/ru\/haberler\/gundem\/mesut-kocagozden-vali-sahine-anlamli-hediye\/\"},\"wordCount\":392,\"commentCount\":0,\"publisher\":{\"@id\":\"https:\/\/denizcankizil.tr\/#organization\"},\"articleSection\":[\"G\u00fcndem\"],\"inLanguage\":\"ru-RU\",\"potentialAction\":[{\"@type\":\"CommentAction\",\"name\":\"Comment\",\"target\":[\"https:\/\/denizcankizil.tr\/ru\/haberler\/gundem\/mesut-kocagozden-vali-sahine-anlamli-hediye\/#respond\"]}]},{\"@type\":\"WebPage\",\"@id\":\"https:\/\/denizcankizil.tr\/ru\/haberler\/gundem\/mesut-kocagozden-vali-sahine-anlamli-hediye\/\",\"url\":\"https:\/\/denizcankizil.tr\/ru\/haberler\/gundem\/mesut-kocagozden-vali-sahine-anlamli-hediye\/\",\"name\":\"Mesut Kocag\u00f6z\u2019den Vali Sahin\u2019e anlaml\u0131 hediye - Av. Deniz Can K\u0131z\u0131l\",\"isPartOf\":{\"@id\":\"https:\/\/denizcankizil.tr\/#website\"},\"datePublished\":\"2025-03-07T12:41:38+00:00\",\"breadcrumb\":{\"@id\":\"https:\/\/denizcankizil.tr\/ru\/haberler\/gundem\/mesut-kocagozden-vali-sahine-anlamli-hediye\/#breadcrumb\"},\"inLanguage\":\"ru-RU\",\"potentialAction\":[{\"@type\":\"ReadAction\",\"target\":[\"https:\/\/denizcankizil.tr\/ru\/haberler\/gundem\/mesut-kocagozden-vali-sahine-anlamli-hediye\/\"]}]},{\"@type\":\"BreadcrumbList\",\"@id\":\"https:\/\/denizcankizil.tr\/ru\/haberler\/gundem\/mesut-kocagozden-vali-sahine-anlamli-hediye\/#breadcrumb\",\"itemListElement\":[{\"@type\":\"ListItem\",\"position\":1,\"name\":\"Home\",\"item\":\"https:\/\/denizcankizil.tr\/de\/\"},{\"@type\":\"ListItem\",\"position\":2,\"name\":\"Mesut Kocag\u00f6z\u2019den Vali Sahin\u2019e anlaml\u0131 hediye\"}]},{\"@type\":\"WebSite\",\"@id\":\"https:\/\/denizcankizil.tr\/#website\",\"url\":\"https:\/\/denizcankizil.tr\/\",\"name\":\"Av. Deniz Can K\u0131z\u0131l\",\"description\":\"Avukat Deniz Can K\u0131z\u0131l Antalya Barosu\",\"publisher\":{\"@id\":\"https:\/\/denizcankizil.tr\/#organization\"},\"potentialAction\":[{\"@type\":\"SearchAction\",\"target\":{\"@type\":\"EntryPoint\",\"urlTemplate\":\"https:\/\/denizcankizil.tr\/?s={search_term_string}\"},\"query-input\":{\"@type\":\"PropertyValueSpecification\",\"valueRequired\":true,\"valueName\":\"search_term_string\"}}],\"inLanguage\":\"ru-RU\"},{\"@type\":\"Organization\",\"@id\":\"https:\/\/denizcankizil.tr\/#organization\",\"name\":\"Av. Deniz Can K\u0131z\u0131l\",\"url\":\"https:\/\/denizcankizil.tr\/\",\"logo\":{\"@type\":\"ImageObject\",\"inLanguage\":\"ru-RU\",\"@id\":\"https:\/\/denizcankizil.tr\/#\/schema\/logo\/image\/\",\"url\":\"https:\/\/denizcankizil.tr\/wp-content\/uploads\/2024\/10\/siyah-logo-svg.svg\",\"contentUrl\":\"https:\/\/denizcankizil.tr\/wp-content\/uploads\/2024\/10\/siyah-logo-svg.svg\",\"width\":1080,\"height\":1080,\"caption\":\"Av. Deniz Can K\u0131z\u0131l\"},\"image\":{\"@id\":\"https:\/\/denizcankizil.tr\/#\/schema\/logo\/image\/\"}},{\"@type\":\"Person\",\"@id\":\"https:\/\/denizcankizil.tr\/#\/schema\/person\/e1eb71bb4dd684d46563f0af307e1234\",\"name\":\"Antalya K\u00f6rfez\",\"image\":{\"@type\":\"ImageObject\",\"inLanguage\":\"ru-RU\",\"@id\":\"https:\/\/denizcankizil.tr\/#\/schema\/person\/image\/\",\"url\":\"https:\/\/secure.gravatar.com\/avatar\/42b01982558a48a0b501fdcab6a408d3717ea5919095ee2e67b0e521799c5905?s=96&d=mm&r=g\",\"contentUrl\":\"https:\/\/secure.gravatar.com\/avatar\/42b01982558a48a0b501fdcab6a408d3717ea5919095ee2e67b0e521799c5905?s=96&d=mm&r=g\",\"caption\":\"Antalya K\u00f6rfez\"},\"sameAs\":[\"http:\/\/www.antalyakorfez.com\"],\"url\":\"https:\/\/www.antalyakorfez.com\/mesut-kocagozden-vali-sahine-anlamli-hediye\"}]}<\/script>\n<!-- \/ Yoast SEO Premium plugin. -->","yoast_head_json":{"title":"Mesut Kocag\u00f6z\u2019den Vali Sahin\u2019e anlaml\u0131 hediye - Av. Deniz Can K\u0131z\u0131l","robots":{"index":"index","follow":"follow","max-snippet":"max-snippet:-1","max-image-preview":"max-image-preview:large","max-video-preview":"max-video-preview:-1"},"canonical":"https:\/\/denizcankizil.tr\/ru\/haberler\/gundem\/mesut-kocagozden-vali-sahine-anlamli-hediye\/","og_locale":"ru_RU","og_type":"article","og_title":"Mesut Kocag\u00f6z\u2019den Vali Sahin\u2019e anlaml\u0131 hediye","og_description":"Atat\u00fcrk\u2019\u00fcn Antalya\u2019ya geli\u015finin 95. y\u0131l\u0131, Atat\u00fcrk K\u00fclt\u00fcr Merkezi\u2019nde (AKM) d\u00fczenlenen \u00e7e\u015fitli etkinliklerle co\u015fkuyla kutland\u0131. Etkinlikte, Aksu Fen Lisesi \u00f6\u011frencilerinin haz\u0131rlad\u0131\u011f\u0131 \u2018Gazi Aram\u0131zda\u2019 adl\u0131 g\u00f6sterim b\u00fcy\u00fck ilgiyle izlendi. Atat\u00fcrk\u2019\u00fcn Antalya\u2019ya geli\u015fine \u00f6zel d\u00fczenlenen resim, \u015fiir ve kompozisyon yar\u0131\u015fmas\u0131nda dereceye giren \u00f6\u011frencilere de \u00f6d\u00fclleri takdim edildi. Kepez Belediyesi s\u0131n\u0131rlar\u0131nda bulunan Naime Baki Saat\u00e7io\u011flu Ticaret Meslek ve Teknik Anadolu Lisesi \u00f6\u011frencisi Tuana K\u0131rkulak, \u201cHi\u00e7 \u015e\u00fcphesiz ki Antalya d\u00fcnyan\u0131n en g\u00fczel \u015fehridir\u201d adl\u0131 liseler aras\u0131 kompozisyon yar\u0131\u015fmas\u0131nda il ikincili\u011fi \u00f6d\u00fcl\u00fcne lay\u0131k g\u00f6r\u00fcld\u00fc. BURHANETT\u0130N ONAT\u2019IN K\u0130TABI\u00a0 Atat\u00fcrk\u2019\u00fcn Antalya\u2019ya geli\u015finin kutland\u0131\u011f\u0131 etkinlik program\u0131na kat\u0131lan Kepez Belediye Ba\u015fkan\u0131 Mesut Kocag\u00f6z, Antalya Valisi Hulusi \u015eahin\u2019e bu \u00f6zel g\u00fcnde, anlaml\u0131 bir hediye sundu. Ba\u015fkan Kocag\u00f6z, Antalya a\u015f\u0131\u011f\u0131 Dr. Burhanettin Onat taraf\u0131ndan kaleme al\u0131nan \u2018Bir Zamanlar Antalya\u2019 adl\u0131 kitab\u0131 Atat\u00fcrk\u2019\u00fcn Antalya geli\u015finin an\u0131s\u0131na Vali \u015eahin\u2019e hediye etti. \u00a0Vali \u015eahin, bu anlaml\u0131 hediye i\u00e7in Ba\u015fkan Kocag\u00f6z\u2019e te\u015fekk\u00fcr ederek, \u201cBu eser Antalya\u2019n\u0131n ge\u00e7mi\u015fine \u0131\u015f\u0131k tutan de\u011ferli bir \u00e7al\u0131\u015fma. \u015eehrimizin tarihine katk\u0131 sunan herkese minnettar\u0131z\u201d dedi.\u00a0 VAL\u0130 \u015eAH\u0130N\u2019E ANLAMLI HED\u0130YE\u00a0 Antalya Valisi Hulusi \u015eahin, Kepez Belediye Ba\u015fkan\u0131 Mesut Kocag\u00f6z ile daha \u00f6nceki bir g\u00f6r\u00fc\u015fmesinde Dr. Burhanettin Onat\u2019\u0131n \u201cBir Zamanlar Antalya\u201d adl\u0131 kitab\u0131n\u0131 okumak istedi\u011fini belirtmi\u015fti. Ba\u015fkan Kocag\u00f6z de Atat\u00fcrk\u2019\u00fcn Antalya\u2019ya geli\u015finin 95. y\u0131l\u0131 an\u0131s\u0131na, Vali \u015eahin\u2019e bu anlaml\u0131 eseri hediye etti. \u00a0 \u200bKepez &hellip;","og_url":"https:\/\/denizcankizil.tr\/ru\/haberler\/gundem\/mesut-kocagozden-vali-sahine-anlamli-hediye\/","og_site_name":"Av. Deniz Can K\u0131z\u0131l","article_published_time":"2025-03-07T12:41:38+00:00","author":"Antalya K\u00f6rfez","twitter_card":"summary_large_image","twitter_misc":{"\u041d\u0430\u043f\u0438\u0441\u0430\u043d\u043e \u0430\u0432\u0442\u043e\u0440\u043e\u043c":"Antalya K\u00f6rfez","\u041f\u0440\u0438\u043c\u0435\u0440\u043d\u043e\u0435 \u0432\u0440\u0435\u043c\u044f \u0434\u043b\u044f \u0447\u0442\u0435\u043d\u0438\u044f":"2 \u043c\u0438\u043d\u0443\u0442\u044b"},"schema":{"@context":"https:\/\/schema.org","@graph":[{"@type":"Article","@id":"https:\/\/denizcankizil.tr\/ru\/haberler\/gundem\/mesut-kocagozden-vali-sahine-anlamli-hediye\/#article","isPartOf":{"@id":"https:\/\/denizcankizil.tr\/ru\/haberler\/gundem\/mesut-kocagozden-vali-sahine-anlamli-hediye\/"},"author":{"name":"Antalya K\u00f6rfez","@id":"https:\/\/denizcankizil.tr\/#\/schema\/person\/e1eb71bb4dd684d46563f0af307e1234"},"headline":"Mesut Kocag\u00f6z\u2019den Vali Sahin\u2019e anlaml\u0131 hediye","datePublished":"2025-03-07T12:41:38+00:00","mainEntityOfPage":{"@id":"https:\/\/denizcankizil.tr\/ru\/haberler\/gundem\/mesut-kocagozden-vali-sahine-anlamli-hediye\/"},"wordCount":392,"commentCount":0,"publisher":{"@id":"https:\/\/denizcankizil.tr\/#organization"},"articleSection":["G\u00fcndem"],"inLanguage":"ru-RU","potentialAction":[{"@type":"CommentAction","name":"Comment","target":["https:\/\/denizcankizil.tr\/ru\/haberler\/gundem\/mesut-kocagozden-vali-sahine-anlamli-hediye\/#respond"]}]},{"@type":"WebPage","@id":"https:\/\/denizcankizil.tr\/ru\/haberler\/gundem\/mesut-kocagozden-vali-sahine-anlamli-hediye\/","url":"https:\/\/denizcankizil.tr\/ru\/haberler\/gundem\/mesut-kocagozden-vali-sahine-anlamli-hediye\/","name":"Mesut Kocag\u00f6z\u2019den Vali Sahin\u2019e anlaml\u0131 hediye - Av. Deniz Can K\u0131z\u0131l","isPartOf":{"@id":"https:\/\/denizcankizil.tr\/#website"},"datePublished":"2025-03-07T12:41:38+00:00","breadcrumb":{"@id":"https:\/\/denizcankizil.tr\/ru\/haberler\/gundem\/mesut-kocagozden-vali-sahine-anlamli-hediye\/#breadcrumb"},"inLanguage":"ru-RU","potentialAction":[{"@type":"ReadAction","target":["https:\/\/denizcankizil.tr\/ru\/haberler\/gundem\/mesut-kocagozden-vali-sahine-anlamli-hediye\/"]}]},{"@type":"BreadcrumbList","@id":"https:\/\/denizcankizil.tr\/ru\/haberler\/gundem\/mesut-kocagozden-vali-sahine-anlamli-hediye\/#breadcrumb","itemListElement":[{"@type":"ListItem","position":1,"name":"Home","item":"https:\/\/denizcankizil.tr\/de\/"},{"@type":"ListItem","position":2,"name":"Mesut Kocag\u00f6z\u2019den Vali Sahin\u2019e anlaml\u0131 hediye"}]},{"@type":"WebSite","@id":"https:\/\/denizcankizil.tr\/#website","url":"https:\/\/denizcankizil.tr\/","name":"Av. Deniz Can K\u0131z\u0131l","description":"Avukat Deniz Can K\u0131z\u0131l Antalya Barosu","publisher":{"@id":"https:\/\/denizcankizil.tr\/#organization"},"potentialAction":[{"@type":"SearchAction","target":{"@type":"EntryPoint","urlTemplate":"https:\/\/denizcankizil.tr\/?s={search_term_string}"},"query-input":{"@type":"PropertyValueSpecification","valueRequired":true,"valueName":"search_term_string"}}],"inLanguage":"ru-RU"},{"@type":"Organization","@id":"https:\/\/denizcankizil.tr\/#organization","name":"Av. Deniz Can K\u0131z\u0131l","url":"https:\/\/denizcankizil.tr\/","logo":{"@type":"ImageObject","inLanguage":"ru-RU","@id":"https:\/\/denizcankizil.tr\/#\/schema\/logo\/image\/","url":"https:\/\/denizcankizil.tr\/wp-content\/uploads\/2024\/10\/siyah-logo-svg.svg","contentUrl":"https:\/\/denizcankizil.tr\/wp-content\/uploads\/2024\/10\/siyah-logo-svg.svg","width":1080,"height":1080,"caption":"Av. Deniz Can K\u0131z\u0131l"},"image":{"@id":"https:\/\/denizcankizil.tr\/#\/schema\/logo\/image\/"}},{"@type":"Person","@id":"https:\/\/denizcankizil.tr\/#\/schema\/person\/e1eb71bb4dd684d46563f0af307e1234","name":"Antalya K\u00f6rfez","image":{"@type":"ImageObject","inLanguage":"ru-RU","@id":"https:\/\/denizcankizil.tr\/#\/schema\/person\/image\/","url":"https:\/\/secure.gravatar.com\/avatar\/42b01982558a48a0b501fdcab6a408d3717ea5919095ee2e67b0e521799c5905?s=96&d=mm&r=g","contentUrl":"https:\/\/secure.gravatar.com\/avatar\/42b01982558a48a0b501fdcab6a408d3717ea5919095ee2e67b0e521799c5905?s=96&d=mm&r=g","caption":"Antalya K\u00f6rfez"},"sameAs":["http:\/\/www.antalyakorfez.com"],"url":"https:\/\/www.antalyakorfez.com\/mesut-kocagozden-vali-sahine-anlamli-hediye"}]}},"_links":{"self":[{"href":"https:\/\/denizcankizil.tr\/ru\/wp-json\/wp\/v2\/posts\/35024","targetHints":{"allow":["GET"]}}],"collection":[{"href":"https:\/\/denizcankizil.tr\/ru\/wp-json\/wp\/v2\/posts"}],"about":[{"href":"https:\/\/denizcankizil.tr\/ru\/wp-json\/wp\/v2\/types\/post"}],"author":[{"embeddable":true,"href":"https:\/\/denizcankizil.tr\/ru\/wp-json\/wp\/v2\/users\/5"}],"replies":[{"embeddable":true,"href":"https:\/\/denizcankizil.tr\/ru\/wp-json\/wp\/v2\/comments?post=35024"}],"version-history":[{"count":0,"href":"https:\/\/denizcankizil.tr\/ru\/wp-json\/wp\/v2\/posts\/35024\/revisions"}],"wp:attachment":[{"href":"https:\/\/denizcankizil.tr\/ru\/wp-json\/wp\/v2\/media?parent=35024"}],"wp:term":[{"taxonomy":"category","embeddable":true,"href":"https:\/\/denizcankizil.tr\/ru\/wp-json\/wp\/v2\/categories?post=35024"},{"taxonomy":"post_tag","embeddable":true,"href":"https:\/\/denizcankizil.tr\/ru\/wp-json\/wp\/v2\/tags?post=35024"}],"curies":[{"name":"wp","href":"https:\/\/api.w.org\/{rel}","templated":true}]}}