{"id":34922,"date":"2025-03-06T16:41:32","date_gmt":"2025-03-06T13:41:32","guid":{"rendered":"https:\/\/denizcankizil.tr\/uncategorized-tr\/gecekonduda-cikan-yangin-panige-neden-oldu\/"},"modified":"2025-03-06T16:41:32","modified_gmt":"2025-03-06T13:41:32","slug":"gecekonduda-cikan-yangin-panige-neden-oldu","status":"publish","type":"post","link":"https:\/\/denizcankizil.tr\/ru\/haberler\/antalya\/gecekonduda-cikan-yangin-panige-neden-oldu\/","title":{"rendered":"Gecekonduda \u00e7\u0131kan yang\u0131n pani\u011fe neden oldu"},"content":{"rendered":"<p>Yang\u0131n, saat 14.00 s\u0131ralar\u0131nda Kepez il\u00e7esi \u00c7aml\u0131bel Mahallesi 4947. Sokak \u00fczerindeki bir gecekonduda meydana geldi. Edinilen bilgiye g\u00f6re, m\u00fcstakil evden dumanlar \u00e7\u0131kt\u0131\u011f\u0131n\u0131 g\u00f6ren mahalle sakinleri durumu 112 Acil \u00c7a\u011fr\u0131 Merkezi&#8217;ne bildirdi. Mahalle sakinleri, ekiplere g\u00fcnd\u00fcz i\u015fe giden ailenin k\u00fc\u00e7\u00fck \u00e7ocuklar\u0131n\u0131 evde yaln\u0131z b\u0131rakt\u0131\u011f\u0131 bilgisini verdi. K\u0131sa s\u00fcrede verilen adrese gelen itfaiye ekipleri, dumanlar\u0131n sard\u0131\u011f\u0131 gecekondudaki yang\u0131n\u0131 yakla\u015f\u0131k yar\u0131m saatlik \u00e7al\u0131\u015fma sonucu s\u00f6nd\u00fcrd\u00fc. \u0130\u00e7eride k\u00fc\u00e7\u00fck \u00e7ocu\u011fun olabilece\u011fi ihtimaline kar\u015f\u0131 evde arama yapan itfaiye ekipleri, evde kimseye rastlamad\u0131. \u00c7ocuklar\u0131n birka\u00e7 g\u00fcn \u00f6nce aile taraf\u0131ndan devlet korumas\u0131na verildi\u011fi \u00f6\u011frenildi.<br \/>\nYang\u0131nla ilgili ekipler inceleme ba\u015flatt\u0131.<\/p>\n<p>Kaynak: www.kanalv.com.tr Haber Sitesinden Al\u0131nm\u0131\u015ft\u0131r.<\/p>","protected":false},"excerpt":{"rendered":"<p>Yang\u0131n, saat 14.00 s\u0131ralar\u0131nda Kepez il\u00e7esi \u00c7aml\u0131bel Mahallesi 4947. Sokak \u00fczerindeki bir gecekonduda meydana geldi. Edinilen bilgiye g\u00f6re, m\u00fcstakil evden dumanlar \u00e7\u0131kt\u0131\u011f\u0131n\u0131 g\u00f6ren mahalle sakinleri durumu 112 Acil \u00c7a\u011fr\u0131 Merkezi&#8217;ne bildirdi. Mahalle sakinleri, ekiplere g\u00fcnd\u00fcz i\u015fe giden ailenin k\u00fc\u00e7\u00fck \u00e7ocuklar\u0131n\u0131 evde yaln\u0131z b\u0131rakt\u0131\u011f\u0131 bilgisini verdi. K\u0131sa s\u00fcrede verilen adrese gelen itfaiye ekipleri, dumanlar\u0131n sard\u0131\u011f\u0131 gecekondudaki yang\u0131n\u0131 yakla\u015f\u0131k yar\u0131m saatlik \u00e7al\u0131\u015fma sonucu s\u00f6nd\u00fcrd\u00fc. \u0130\u00e7eride k\u00fc\u00e7\u00fck \u00e7ocu\u011fun olabilece\u011fi ihtimaline kar\u015f\u0131 evde arama yapan itfaiye ekipleri, evde kimseye rastlamad\u0131. \u00c7ocuklar\u0131n birka\u00e7 g\u00fcn \u00f6nce aile taraf\u0131ndan devlet korumas\u0131na verildi\u011fi \u00f6\u011frenildi. Yang\u0131nla ilgili ekipler inceleme ba\u015flatt\u0131. Kaynak: www.kanalv.com.tr Haber Sitesinden Al\u0131nm\u0131\u015ft\u0131r.<\/p>","protected":false},"author":4,"featured_media":34923,"comment_status":"open","ping_status":"open","sticky":false,"template":"","format":"standard","meta":{"_acf_changed":false,"footnotes":""},"categories":[26],"tags":[],"class_list":["post-34922","post","type-post","status-publish","format-standard","has-post-thumbnail","hentry","category-antalya"],"acf":[],"yoast_head":"<!-- This site is optimized with the Yoast SEO Premium plugin v26.6 (Yoast SEO v27.1.1) - https:\/\/yoast.com\/product\/yoast-seo-premium-wordpress\/ -->\n<title>Gecekonduda \u00e7\u0131kan yang\u0131n pani\u011fe neden oldu - Av. Deniz Can K\u0131z\u0131l<\/title>\n<meta name=\"robots\" content=\"index, follow, max-snippet:-1, max-image-preview:large, max-video-preview:-1\" \/>\n<link rel=\"canonical\" href=\"https:\/\/denizcankizil.tr\/ru\/haberler\/antalya\/gecekonduda-cikan-yangin-panige-neden-oldu\/\" \/>\n<meta property=\"og:locale\" content=\"ru_RU\" \/>\n<meta property=\"og:type\" content=\"article\" \/>\n<meta property=\"og:title\" content=\"Gecekonduda \u00e7\u0131kan yang\u0131n pani\u011fe neden oldu\" \/>\n<meta property=\"og:description\" content=\"Yang\u0131n, saat 14.00 s\u0131ralar\u0131nda Kepez il\u00e7esi \u00c7aml\u0131bel Mahallesi 4947. Sokak \u00fczerindeki bir gecekonduda meydana geldi. Edinilen bilgiye g\u00f6re, m\u00fcstakil evden dumanlar \u00e7\u0131kt\u0131\u011f\u0131n\u0131 g\u00f6ren mahalle sakinleri durumu 112 Acil \u00c7a\u011fr\u0131 Merkezi&#8217;ne bildirdi. Mahalle sakinleri, ekiplere g\u00fcnd\u00fcz i\u015fe giden ailenin k\u00fc\u00e7\u00fck \u00e7ocuklar\u0131n\u0131 evde yaln\u0131z b\u0131rakt\u0131\u011f\u0131 bilgisini verdi. K\u0131sa s\u00fcrede verilen adrese gelen itfaiye ekipleri, dumanlar\u0131n sard\u0131\u011f\u0131 gecekondudaki yang\u0131n\u0131 yakla\u015f\u0131k yar\u0131m saatlik \u00e7al\u0131\u015fma sonucu s\u00f6nd\u00fcrd\u00fc. \u0130\u00e7eride k\u00fc\u00e7\u00fck \u00e7ocu\u011fun olabilece\u011fi ihtimaline kar\u015f\u0131 evde arama yapan itfaiye ekipleri, evde kimseye rastlamad\u0131. \u00c7ocuklar\u0131n birka\u00e7 g\u00fcn \u00f6nce aile taraf\u0131ndan devlet korumas\u0131na verildi\u011fi \u00f6\u011frenildi. Yang\u0131nla ilgili ekipler inceleme ba\u015flatt\u0131. Kaynak: www.kanalv.com.tr Haber Sitesinden Al\u0131nm\u0131\u015ft\u0131r.\" \/>\n<meta property=\"og:url\" content=\"https:\/\/denizcankizil.tr\/ru\/haberler\/antalya\/gecekonduda-cikan-yangin-panige-neden-oldu\/\" \/>\n<meta property=\"og:site_name\" content=\"Av. Deniz Can K\u0131z\u0131l\" \/>\n<meta property=\"article:published_time\" content=\"2025-03-06T13:41:32+00:00\" \/>\n<meta property=\"og:image\" content=\"https:\/\/denizcankizil.tr\/wp-content\/uploads\/2025\/03\/5366-01-cgtYMJ.jpeg\" \/>\n\t<meta property=\"og:image:width\" content=\"1280\" \/>\n\t<meta property=\"og:image:height\" content=\"720\" \/>\n\t<meta property=\"og:image:type\" content=\"image\/jpeg\" \/>\n<meta name=\"author\" content=\"Av. Deniz Can K\u0131z\u0131l\" \/>\n<meta name=\"twitter:card\" content=\"summary_large_image\" \/>\n<meta name=\"twitter:label1\" content=\"\u041d\u0430\u043f\u0438\u0441\u0430\u043d\u043e \u0430\u0432\u0442\u043e\u0440\u043e\u043c\" \/>\n\t<meta name=\"twitter:data1\" content=\"Av. Deniz Can K\u0131z\u0131l\" \/>\n\t<meta name=\"twitter:label2\" content=\"\u041f\u0440\u0438\u043c\u0435\u0440\u043d\u043e\u0435 \u0432\u0440\u0435\u043c\u044f \u0434\u043b\u044f \u0447\u0442\u0435\u043d\u0438\u044f\" \/>\n\t<meta name=\"twitter:data2\" content=\"1 \u043c\u0438\u043d\u0443\u0442\u0430\" \/>\n<script type=\"application\/ld+json\" class=\"yoast-schema-graph\">{\"@context\":\"https:\/\/schema.org\",\"@graph\":[{\"@type\":\"Article\",\"@id\":\"https:\/\/denizcankizil.tr\/ru\/haberler\/antalya\/gecekonduda-cikan-yangin-panige-neden-oldu\/#article\",\"isPartOf\":{\"@id\":\"https:\/\/denizcankizil.tr\/ru\/haberler\/antalya\/gecekonduda-cikan-yangin-panige-neden-oldu\/\"},\"author\":{\"name\":\"Av. Deniz Can K\u0131z\u0131l\",\"@id\":\"https:\/\/denizcankizil.tr\/de\/#\/schema\/person\/5dc1b22991bd7ac833867c10afc9b0ff\"},\"headline\":\"Gecekonduda \u00e7\u0131kan yang\u0131n pani\u011fe neden oldu\",\"datePublished\":\"2025-03-06T13:41:32+00:00\",\"mainEntityOfPage\":{\"@id\":\"https:\/\/denizcankizil.tr\/ru\/haberler\/antalya\/gecekonduda-cikan-yangin-panige-neden-oldu\/\"},\"wordCount\":144,\"commentCount\":0,\"publisher\":{\"@id\":\"https:\/\/denizcankizil.tr\/de\/#organization\"},\"image\":{\"@id\":\"https:\/\/denizcankizil.tr\/ru\/haberler\/antalya\/gecekonduda-cikan-yangin-panige-neden-oldu\/#primaryimage\"},\"thumbnailUrl\":\"https:\/\/denizcankizil.tr\/wp-content\/uploads\/2025\/03\/5366-01-cgtYMJ.jpeg\",\"articleSection\":[\"Antalya\"],\"inLanguage\":\"ru-RU\",\"potentialAction\":[{\"@type\":\"CommentAction\",\"name\":\"Comment\",\"target\":[\"https:\/\/denizcankizil.tr\/ru\/haberler\/antalya\/gecekonduda-cikan-yangin-panige-neden-oldu\/#respond\"]}]},{\"@type\":\"WebPage\",\"@id\":\"https:\/\/denizcankizil.tr\/ru\/haberler\/antalya\/gecekonduda-cikan-yangin-panige-neden-oldu\/\",\"url\":\"https:\/\/denizcankizil.tr\/ru\/haberler\/antalya\/gecekonduda-cikan-yangin-panige-neden-oldu\/\",\"name\":\"Gecekonduda \u00e7\u0131kan yang\u0131n pani\u011fe neden oldu - Av. Deniz Can K\u0131z\u0131l\",\"isPartOf\":{\"@id\":\"https:\/\/denizcankizil.tr\/de\/#website\"},\"primaryImageOfPage\":{\"@id\":\"https:\/\/denizcankizil.tr\/ru\/haberler\/antalya\/gecekonduda-cikan-yangin-panige-neden-oldu\/#primaryimage\"},\"image\":{\"@id\":\"https:\/\/denizcankizil.tr\/ru\/haberler\/antalya\/gecekonduda-cikan-yangin-panige-neden-oldu\/#primaryimage\"},\"thumbnailUrl\":\"https:\/\/denizcankizil.tr\/wp-content\/uploads\/2025\/03\/5366-01-cgtYMJ.jpeg\",\"datePublished\":\"2025-03-06T13:41:32+00:00\",\"breadcrumb\":{\"@id\":\"https:\/\/denizcankizil.tr\/ru\/haberler\/antalya\/gecekonduda-cikan-yangin-panige-neden-oldu\/#breadcrumb\"},\"inLanguage\":\"ru-RU\",\"potentialAction\":[{\"@type\":\"ReadAction\",\"target\":[\"https:\/\/denizcankizil.tr\/ru\/haberler\/antalya\/gecekonduda-cikan-yangin-panige-neden-oldu\/\"]}]},{\"@type\":\"ImageObject\",\"inLanguage\":\"ru-RU\",\"@id\":\"https:\/\/denizcankizil.tr\/ru\/haberler\/antalya\/gecekonduda-cikan-yangin-panige-neden-oldu\/#primaryimage\",\"url\":\"https:\/\/denizcankizil.tr\/wp-content\/uploads\/2025\/03\/5366-01-cgtYMJ.jpeg\",\"contentUrl\":\"https:\/\/denizcankizil.tr\/wp-content\/uploads\/2025\/03\/5366-01-cgtYMJ.jpeg\",\"width\":1280,\"height\":720},{\"@type\":\"BreadcrumbList\",\"@id\":\"https:\/\/denizcankizil.tr\/ru\/haberler\/antalya\/gecekonduda-cikan-yangin-panige-neden-oldu\/#breadcrumb\",\"itemListElement\":[{\"@type\":\"ListItem\",\"position\":1,\"name\":\"Home\",\"item\":\"https:\/\/denizcankizil.tr\/de\/\"},{\"@type\":\"ListItem\",\"position\":2,\"name\":\"Gecekonduda \u00e7\u0131kan yang\u0131n pani\u011fe neden oldu\"}]},{\"@type\":\"WebSite\",\"@id\":\"https:\/\/denizcankizil.tr\/de\/#website\",\"url\":\"https:\/\/denizcankizil.tr\/de\/\",\"name\":\"Av. Deniz Can K\u0131z\u0131l\",\"description\":\"Avukat Deniz Can K\u0131z\u0131l Antalya Barosu\",\"publisher\":{\"@id\":\"https:\/\/denizcankizil.tr\/de\/#organization\"},\"potentialAction\":[{\"@type\":\"SearchAction\",\"target\":{\"@type\":\"EntryPoint\",\"urlTemplate\":\"https:\/\/denizcankizil.tr\/de\/?s={search_term_string}\"},\"query-input\":{\"@type\":\"PropertyValueSpecification\",\"valueRequired\":true,\"valueName\":\"search_term_string\"}}],\"inLanguage\":\"ru-RU\"},{\"@type\":\"Organization\",\"@id\":\"https:\/\/denizcankizil.tr\/de\/#organization\",\"name\":\"Av. Deniz Can K\u0131z\u0131l\",\"url\":\"https:\/\/denizcankizil.tr\/de\/\",\"logo\":{\"@type\":\"ImageObject\",\"inLanguage\":\"ru-RU\",\"@id\":\"https:\/\/denizcankizil.tr\/de\/#\/schema\/logo\/image\/\",\"url\":\"https:\/\/denizcankizil.tr\/wp-content\/uploads\/2024\/10\/siyah-logo-svg.svg\",\"contentUrl\":\"https:\/\/denizcankizil.tr\/wp-content\/uploads\/2024\/10\/siyah-logo-svg.svg\",\"width\":1080,\"height\":1080,\"caption\":\"Av. Deniz Can K\u0131z\u0131l\"},\"image\":{\"@id\":\"https:\/\/denizcankizil.tr\/de\/#\/schema\/logo\/image\/\"}},{\"@type\":\"Person\",\"@id\":\"https:\/\/denizcankizil.tr\/de\/#\/schema\/person\/5dc1b22991bd7ac833867c10afc9b0ff\",\"name\":\"Av. Deniz Can K\u0131z\u0131l\",\"image\":{\"@type\":\"ImageObject\",\"inLanguage\":\"ru-RU\",\"@id\":\"https:\/\/denizcankizil.tr\/de\/#\/schema\/person\/image\/\",\"url\":\"https:\/\/secure.gravatar.com\/avatar\/a0b128fb9855c79efc976d5640eedb31dc35ec297594d6016d2cf7c60e975bb6?s=96&d=mm&r=g\",\"contentUrl\":\"https:\/\/secure.gravatar.com\/avatar\/a0b128fb9855c79efc976d5640eedb31dc35ec297594d6016d2cf7c60e975bb6?s=96&d=mm&r=g\",\"caption\":\"Av. Deniz Can K\u0131z\u0131l\"},\"sameAs\":[\"http:\/\/www.denizcankizil.tr\"],\"url\":\"https:\/\/denizcankizil.tr\/ru\/author\/denizcankizil\/\"}]}<\/script>\n<!-- \/ Yoast SEO Premium plugin. -->","yoast_head_json":{"title":"Gecekonduda \u00e7\u0131kan yang\u0131n pani\u011fe neden oldu - Av. Deniz Can K\u0131z\u0131l","robots":{"index":"index","follow":"follow","max-snippet":"max-snippet:-1","max-image-preview":"max-image-preview:large","max-video-preview":"max-video-preview:-1"},"canonical":"https:\/\/denizcankizil.tr\/ru\/haberler\/antalya\/gecekonduda-cikan-yangin-panige-neden-oldu\/","og_locale":"ru_RU","og_type":"article","og_title":"Gecekonduda \u00e7\u0131kan yang\u0131n pani\u011fe neden oldu","og_description":"Yang\u0131n, saat 14.00 s\u0131ralar\u0131nda Kepez il\u00e7esi \u00c7aml\u0131bel Mahallesi 4947. Sokak \u00fczerindeki bir gecekonduda meydana geldi. Edinilen bilgiye g\u00f6re, m\u00fcstakil evden dumanlar \u00e7\u0131kt\u0131\u011f\u0131n\u0131 g\u00f6ren mahalle sakinleri durumu 112 Acil \u00c7a\u011fr\u0131 Merkezi&#8217;ne bildirdi. Mahalle sakinleri, ekiplere g\u00fcnd\u00fcz i\u015fe giden ailenin k\u00fc\u00e7\u00fck \u00e7ocuklar\u0131n\u0131 evde yaln\u0131z b\u0131rakt\u0131\u011f\u0131 bilgisini verdi. K\u0131sa s\u00fcrede verilen adrese gelen itfaiye ekipleri, dumanlar\u0131n sard\u0131\u011f\u0131 gecekondudaki yang\u0131n\u0131 yakla\u015f\u0131k yar\u0131m saatlik \u00e7al\u0131\u015fma sonucu s\u00f6nd\u00fcrd\u00fc. \u0130\u00e7eride k\u00fc\u00e7\u00fck \u00e7ocu\u011fun olabilece\u011fi ihtimaline kar\u015f\u0131 evde arama yapan itfaiye ekipleri, evde kimseye rastlamad\u0131. \u00c7ocuklar\u0131n birka\u00e7 g\u00fcn \u00f6nce aile taraf\u0131ndan devlet korumas\u0131na verildi\u011fi \u00f6\u011frenildi. Yang\u0131nla ilgili ekipler inceleme ba\u015flatt\u0131. Kaynak: www.kanalv.com.tr Haber Sitesinden Al\u0131nm\u0131\u015ft\u0131r.","og_url":"https:\/\/denizcankizil.tr\/ru\/haberler\/antalya\/gecekonduda-cikan-yangin-panige-neden-oldu\/","og_site_name":"Av. Deniz Can K\u0131z\u0131l","article_published_time":"2025-03-06T13:41:32+00:00","og_image":[{"width":1280,"height":720,"url":"https:\/\/denizcankizil.tr\/wp-content\/uploads\/2025\/03\/5366-01-cgtYMJ.jpeg","type":"image\/jpeg"}],"author":"Av. Deniz Can K\u0131z\u0131l","twitter_card":"summary_large_image","twitter_misc":{"\u041d\u0430\u043f\u0438\u0441\u0430\u043d\u043e \u0430\u0432\u0442\u043e\u0440\u043e\u043c":"Av. Deniz Can K\u0131z\u0131l","\u041f\u0440\u0438\u043c\u0435\u0440\u043d\u043e\u0435 \u0432\u0440\u0435\u043c\u044f \u0434\u043b\u044f \u0447\u0442\u0435\u043d\u0438\u044f":"1 \u043c\u0438\u043d\u0443\u0442\u0430"},"schema":{"@context":"https:\/\/schema.org","@graph":[{"@type":"Article","@id":"https:\/\/denizcankizil.tr\/ru\/haberler\/antalya\/gecekonduda-cikan-yangin-panige-neden-oldu\/#article","isPartOf":{"@id":"https:\/\/denizcankizil.tr\/ru\/haberler\/antalya\/gecekonduda-cikan-yangin-panige-neden-oldu\/"},"author":{"name":"Av. Deniz Can K\u0131z\u0131l","@id":"https:\/\/denizcankizil.tr\/de\/#\/schema\/person\/5dc1b22991bd7ac833867c10afc9b0ff"},"headline":"Gecekonduda \u00e7\u0131kan yang\u0131n pani\u011fe neden oldu","datePublished":"2025-03-06T13:41:32+00:00","mainEntityOfPage":{"@id":"https:\/\/denizcankizil.tr\/ru\/haberler\/antalya\/gecekonduda-cikan-yangin-panige-neden-oldu\/"},"wordCount":144,"commentCount":0,"publisher":{"@id":"https:\/\/denizcankizil.tr\/de\/#organization"},"image":{"@id":"https:\/\/denizcankizil.tr\/ru\/haberler\/antalya\/gecekonduda-cikan-yangin-panige-neden-oldu\/#primaryimage"},"thumbnailUrl":"https:\/\/denizcankizil.tr\/wp-content\/uploads\/2025\/03\/5366-01-cgtYMJ.jpeg","articleSection":["Antalya"],"inLanguage":"ru-RU","potentialAction":[{"@type":"CommentAction","name":"Comment","target":["https:\/\/denizcankizil.tr\/ru\/haberler\/antalya\/gecekonduda-cikan-yangin-panige-neden-oldu\/#respond"]}]},{"@type":"WebPage","@id":"https:\/\/denizcankizil.tr\/ru\/haberler\/antalya\/gecekonduda-cikan-yangin-panige-neden-oldu\/","url":"https:\/\/denizcankizil.tr\/ru\/haberler\/antalya\/gecekonduda-cikan-yangin-panige-neden-oldu\/","name":"Gecekonduda \u00e7\u0131kan yang\u0131n pani\u011fe neden oldu - Av. Deniz Can K\u0131z\u0131l","isPartOf":{"@id":"https:\/\/denizcankizil.tr\/de\/#website"},"primaryImageOfPage":{"@id":"https:\/\/denizcankizil.tr\/ru\/haberler\/antalya\/gecekonduda-cikan-yangin-panige-neden-oldu\/#primaryimage"},"image":{"@id":"https:\/\/denizcankizil.tr\/ru\/haberler\/antalya\/gecekonduda-cikan-yangin-panige-neden-oldu\/#primaryimage"},"thumbnailUrl":"https:\/\/denizcankizil.tr\/wp-content\/uploads\/2025\/03\/5366-01-cgtYMJ.jpeg","datePublished":"2025-03-06T13:41:32+00:00","breadcrumb":{"@id":"https:\/\/denizcankizil.tr\/ru\/haberler\/antalya\/gecekonduda-cikan-yangin-panige-neden-oldu\/#breadcrumb"},"inLanguage":"ru-RU","potentialAction":[{"@type":"ReadAction","target":["https:\/\/denizcankizil.tr\/ru\/haberler\/antalya\/gecekonduda-cikan-yangin-panige-neden-oldu\/"]}]},{"@type":"ImageObject","inLanguage":"ru-RU","@id":"https:\/\/denizcankizil.tr\/ru\/haberler\/antalya\/gecekonduda-cikan-yangin-panige-neden-oldu\/#primaryimage","url":"https:\/\/denizcankizil.tr\/wp-content\/uploads\/2025\/03\/5366-01-cgtYMJ.jpeg","contentUrl":"https:\/\/denizcankizil.tr\/wp-content\/uploads\/2025\/03\/5366-01-cgtYMJ.jpeg","width":1280,"height":720},{"@type":"BreadcrumbList","@id":"https:\/\/denizcankizil.tr\/ru\/haberler\/antalya\/gecekonduda-cikan-yangin-panige-neden-oldu\/#breadcrumb","itemListElement":[{"@type":"ListItem","position":1,"name":"Home","item":"https:\/\/denizcankizil.tr\/de\/"},{"@type":"ListItem","position":2,"name":"Gecekonduda \u00e7\u0131kan yang\u0131n pani\u011fe neden oldu"}]},{"@type":"WebSite","@id":"https:\/\/denizcankizil.tr\/de\/#website","url":"https:\/\/denizcankizil.tr\/de\/","name":"Av. Deniz Can K\u0131z\u0131l","description":"Avukat Deniz Can K\u0131z\u0131l Antalya Barosu","publisher":{"@id":"https:\/\/denizcankizil.tr\/de\/#organization"},"potentialAction":[{"@type":"SearchAction","target":{"@type":"EntryPoint","urlTemplate":"https:\/\/denizcankizil.tr\/de\/?s={search_term_string}"},"query-input":{"@type":"PropertyValueSpecification","valueRequired":true,"valueName":"search_term_string"}}],"inLanguage":"ru-RU"},{"@type":"Organization","@id":"https:\/\/denizcankizil.tr\/de\/#organization","name":"Av. Deniz Can K\u0131z\u0131l","url":"https:\/\/denizcankizil.tr\/de\/","logo":{"@type":"ImageObject","inLanguage":"ru-RU","@id":"https:\/\/denizcankizil.tr\/de\/#\/schema\/logo\/image\/","url":"https:\/\/denizcankizil.tr\/wp-content\/uploads\/2024\/10\/siyah-logo-svg.svg","contentUrl":"https:\/\/denizcankizil.tr\/wp-content\/uploads\/2024\/10\/siyah-logo-svg.svg","width":1080,"height":1080,"caption":"Av. Deniz Can K\u0131z\u0131l"},"image":{"@id":"https:\/\/denizcankizil.tr\/de\/#\/schema\/logo\/image\/"}},{"@type":"Person","@id":"https:\/\/denizcankizil.tr\/de\/#\/schema\/person\/5dc1b22991bd7ac833867c10afc9b0ff","name":"Av. Deniz Can K\u0131z\u0131l","image":{"@type":"ImageObject","inLanguage":"ru-RU","@id":"https:\/\/denizcankizil.tr\/de\/#\/schema\/person\/image\/","url":"https:\/\/secure.gravatar.com\/avatar\/a0b128fb9855c79efc976d5640eedb31dc35ec297594d6016d2cf7c60e975bb6?s=96&d=mm&r=g","contentUrl":"https:\/\/secure.gravatar.com\/avatar\/a0b128fb9855c79efc976d5640eedb31dc35ec297594d6016d2cf7c60e975bb6?s=96&d=mm&r=g","caption":"Av. Deniz Can K\u0131z\u0131l"},"sameAs":["http:\/\/www.denizcankizil.tr"],"url":"https:\/\/denizcankizil.tr\/ru\/author\/denizcankizil\/"}]}},"_links":{"self":[{"href":"https:\/\/denizcankizil.tr\/ru\/wp-json\/wp\/v2\/posts\/34922","targetHints":{"allow":["GET"]}}],"collection":[{"href":"https:\/\/denizcankizil.tr\/ru\/wp-json\/wp\/v2\/posts"}],"about":[{"href":"https:\/\/denizcankizil.tr\/ru\/wp-json\/wp\/v2\/types\/post"}],"author":[{"embeddable":true,"href":"https:\/\/denizcankizil.tr\/ru\/wp-json\/wp\/v2\/users\/4"}],"replies":[{"embeddable":true,"href":"https:\/\/denizcankizil.tr\/ru\/wp-json\/wp\/v2\/comments?post=34922"}],"version-history":[{"count":0,"href":"https:\/\/denizcankizil.tr\/ru\/wp-json\/wp\/v2\/posts\/34922\/revisions"}],"wp:featuredmedia":[{"embeddable":true,"href":"https:\/\/denizcankizil.tr\/ru\/wp-json\/wp\/v2\/media\/34923"}],"wp:attachment":[{"href":"https:\/\/denizcankizil.tr\/ru\/wp-json\/wp\/v2\/media?parent=34922"}],"wp:term":[{"taxonomy":"category","embeddable":true,"href":"https:\/\/denizcankizil.tr\/ru\/wp-json\/wp\/v2\/categories?post=34922"},{"taxonomy":"post_tag","embeddable":true,"href":"https:\/\/denizcankizil.tr\/ru\/wp-json\/wp\/v2\/tags?post=34922"}],"curies":[{"name":"wp","href":"https:\/\/api.w.org\/{rel}","templated":true}]}}