{"id":34920,"date":"2025-03-06T16:41:22","date_gmt":"2025-03-06T13:41:22","guid":{"rendered":"https:\/\/denizcankizil.tr\/uncategorized-tr\/serikten-ramazan-kolisi-destegi\/"},"modified":"2025-03-06T16:41:22","modified_gmt":"2025-03-06T13:41:22","slug":"serikten-ramazan-kolisi-destegi","status":"publish","type":"post","link":"https:\/\/denizcankizil.tr\/ru\/haberler\/antalya\/serikten-ramazan-kolisi-destegi\/","title":{"rendered":"Serik&#8217;ten ramazan kolisi deste\u011fi"},"content":{"rendered":"<p>Serik Belediyesi ekipleri taraf\u0131ndan temel g\u0131da maddeleri ba\u015fta olmak \u00fczere pek \u00e7ok ihtiyac\u0131 kar\u015f\u0131layacak \u015fekilde titizlikle haz\u0131rlanan koliler ramazan ay\u0131 boyunca ihtiya\u00e7 sahiplerine ula\u015ft\u0131r\u0131l\u0131yor. Belediye Ba\u015fkan\u0131 Kadir Kumbul, &#8220;Ramazan ay\u0131n\u0131n bereketini, ho\u015fg\u00f6r\u00fcs\u00fcn\u00fc ve dayan\u0131\u015fma ruhunu hep birlikte ya\u015famak ve ya\u015fatmak istiyoruz. Bu vesileyle, ramazan ay\u0131 boyunca ihtiya\u00e7 sahibi vatanda\u015flar\u0131m\u0131za ula\u015ft\u0131raca\u011f\u0131m\u0131z ramazan kolileri ile ailelerimizin sofralar\u0131na bir nebze de olsa katk\u0131 sa\u011flamak istiyoruz. Sosyal belediyecilik anlay\u0131\u015f\u0131 ile hareket ediyor, ihtiya\u00e7 sahibi vatanda\u015flar\u0131m\u0131z\u0131n her zaman ve her ko\u015fulda yanlar\u0131nda olup, onlara destek olmak i\u00e7in \u00e7al\u0131\u015f\u0131yoruz&#8221; dedi<\/p>\n<p>Kaynak: www.kanalv.com.tr Haber Sitesinden Al\u0131nm\u0131\u015ft\u0131r.<\/p>","protected":false},"excerpt":{"rendered":"<p>Serik Belediyesi ekipleri taraf\u0131ndan temel g\u0131da maddeleri ba\u015fta olmak \u00fczere pek \u00e7ok ihtiyac\u0131 kar\u015f\u0131layacak \u015fekilde titizlikle haz\u0131rlanan koliler ramazan ay\u0131 boyunca ihtiya\u00e7 sahiplerine ula\u015ft\u0131r\u0131l\u0131yor. Belediye Ba\u015fkan\u0131 Kadir Kumbul, &#8220;Ramazan ay\u0131n\u0131n bereketini, ho\u015fg\u00f6r\u00fcs\u00fcn\u00fc ve dayan\u0131\u015fma ruhunu hep birlikte ya\u015famak ve ya\u015fatmak istiyoruz. Bu vesileyle, ramazan ay\u0131 boyunca ihtiya\u00e7 sahibi vatanda\u015flar\u0131m\u0131za ula\u015ft\u0131raca\u011f\u0131m\u0131z ramazan kolileri ile ailelerimizin sofralar\u0131na bir nebze de olsa katk\u0131 sa\u011flamak istiyoruz. Sosyal belediyecilik anlay\u0131\u015f\u0131 ile hareket ediyor, ihtiya\u00e7 sahibi vatanda\u015flar\u0131m\u0131z\u0131n her zaman ve her ko\u015fulda yanlar\u0131nda olup, onlara destek olmak i\u00e7in \u00e7al\u0131\u015f\u0131yoruz&#8221; dedi Kaynak: www.kanalv.com.tr Haber Sitesinden Al\u0131nm\u0131\u015ft\u0131r.<\/p>","protected":false},"author":4,"featured_media":34921,"comment_status":"open","ping_status":"open","sticky":false,"template":"","format":"standard","meta":{"_acf_changed":false,"footnotes":""},"categories":[26],"tags":[],"class_list":["post-34920","post","type-post","status-publish","format-standard","has-post-thumbnail","hentry","category-antalya"],"acf":[],"yoast_head":"<!-- This site is optimized with the Yoast SEO Premium plugin v26.6 (Yoast SEO v27.1.1) - https:\/\/yoast.com\/product\/yoast-seo-premium-wordpress\/ -->\n<title>Serik&#039;ten ramazan kolisi deste\u011fi - Av. Deniz Can K\u0131z\u0131l<\/title>\n<meta name=\"robots\" content=\"index, follow, max-snippet:-1, max-image-preview:large, max-video-preview:-1\" \/>\n<link rel=\"canonical\" href=\"https:\/\/denizcankizil.tr\/ru\/haberler\/antalya\/serikten-ramazan-kolisi-destegi\/\" \/>\n<meta property=\"og:locale\" content=\"ru_RU\" \/>\n<meta property=\"og:type\" content=\"article\" \/>\n<meta property=\"og:title\" content=\"Serik&#039;ten ramazan kolisi deste\u011fi\" \/>\n<meta property=\"og:description\" content=\"Serik Belediyesi ekipleri taraf\u0131ndan temel g\u0131da maddeleri ba\u015fta olmak \u00fczere pek \u00e7ok ihtiyac\u0131 kar\u015f\u0131layacak \u015fekilde titizlikle haz\u0131rlanan koliler ramazan ay\u0131 boyunca ihtiya\u00e7 sahiplerine ula\u015ft\u0131r\u0131l\u0131yor. Belediye Ba\u015fkan\u0131 Kadir Kumbul, &#8220;Ramazan ay\u0131n\u0131n bereketini, ho\u015fg\u00f6r\u00fcs\u00fcn\u00fc ve dayan\u0131\u015fma ruhunu hep birlikte ya\u015famak ve ya\u015fatmak istiyoruz. Bu vesileyle, ramazan ay\u0131 boyunca ihtiya\u00e7 sahibi vatanda\u015flar\u0131m\u0131za ula\u015ft\u0131raca\u011f\u0131m\u0131z ramazan kolileri ile ailelerimizin sofralar\u0131na bir nebze de olsa katk\u0131 sa\u011flamak istiyoruz. Sosyal belediyecilik anlay\u0131\u015f\u0131 ile hareket ediyor, ihtiya\u00e7 sahibi vatanda\u015flar\u0131m\u0131z\u0131n her zaman ve her ko\u015fulda yanlar\u0131nda olup, onlara destek olmak i\u00e7in \u00e7al\u0131\u015f\u0131yoruz&#8221; dedi Kaynak: www.kanalv.com.tr Haber Sitesinden Al\u0131nm\u0131\u015ft\u0131r.\" \/>\n<meta property=\"og:url\" content=\"https:\/\/denizcankizil.tr\/ru\/haberler\/antalya\/serikten-ramazan-kolisi-destegi\/\" \/>\n<meta property=\"og:site_name\" content=\"Av. Deniz Can K\u0131z\u0131l\" \/>\n<meta property=\"article:published_time\" content=\"2025-03-06T13:41:22+00:00\" \/>\n<meta property=\"og:image\" content=\"https:\/\/denizcankizil.tr\/wp-content\/uploads\/2025\/03\/5367-01-dVr6ct.jpeg\" \/>\n\t<meta property=\"og:image:width\" content=\"1280\" \/>\n\t<meta property=\"og:image:height\" content=\"720\" \/>\n\t<meta property=\"og:image:type\" content=\"image\/jpeg\" \/>\n<meta name=\"author\" content=\"Av. Deniz Can K\u0131z\u0131l\" \/>\n<meta name=\"twitter:card\" content=\"summary_large_image\" \/>\n<meta name=\"twitter:label1\" content=\"\u041d\u0430\u043f\u0438\u0441\u0430\u043d\u043e \u0430\u0432\u0442\u043e\u0440\u043e\u043c\" \/>\n\t<meta name=\"twitter:data1\" content=\"Av. Deniz Can K\u0131z\u0131l\" \/>\n\t<meta name=\"twitter:label2\" content=\"\u041f\u0440\u0438\u043c\u0435\u0440\u043d\u043e\u0435 \u0432\u0440\u0435\u043c\u044f \u0434\u043b\u044f \u0447\u0442\u0435\u043d\u0438\u044f\" \/>\n\t<meta name=\"twitter:data2\" content=\"1 \u043c\u0438\u043d\u0443\u0442\u0430\" \/>\n<script type=\"application\/ld+json\" class=\"yoast-schema-graph\">{\"@context\":\"https:\/\/schema.org\",\"@graph\":[{\"@type\":\"Article\",\"@id\":\"https:\/\/denizcankizil.tr\/ru\/haberler\/antalya\/serikten-ramazan-kolisi-destegi\/#article\",\"isPartOf\":{\"@id\":\"https:\/\/denizcankizil.tr\/ru\/haberler\/antalya\/serikten-ramazan-kolisi-destegi\/\"},\"author\":{\"name\":\"Av. Deniz Can K\u0131z\u0131l\",\"@id\":\"https:\/\/denizcankizil.tr\/de\/#\/schema\/person\/5dc1b22991bd7ac833867c10afc9b0ff\"},\"headline\":\"Serik&#8217;ten ramazan kolisi deste\u011fi\",\"datePublished\":\"2025-03-06T13:41:22+00:00\",\"mainEntityOfPage\":{\"@id\":\"https:\/\/denizcankizil.tr\/ru\/haberler\/antalya\/serikten-ramazan-kolisi-destegi\/\"},\"wordCount\":137,\"commentCount\":0,\"publisher\":{\"@id\":\"https:\/\/denizcankizil.tr\/de\/#organization\"},\"image\":{\"@id\":\"https:\/\/denizcankizil.tr\/ru\/haberler\/antalya\/serikten-ramazan-kolisi-destegi\/#primaryimage\"},\"thumbnailUrl\":\"https:\/\/denizcankizil.tr\/wp-content\/uploads\/2025\/03\/5367-01-dVr6ct.jpeg\",\"articleSection\":[\"Antalya\"],\"inLanguage\":\"ru-RU\",\"potentialAction\":[{\"@type\":\"CommentAction\",\"name\":\"Comment\",\"target\":[\"https:\/\/denizcankizil.tr\/ru\/haberler\/antalya\/serikten-ramazan-kolisi-destegi\/#respond\"]}]},{\"@type\":\"WebPage\",\"@id\":\"https:\/\/denizcankizil.tr\/ru\/haberler\/antalya\/serikten-ramazan-kolisi-destegi\/\",\"url\":\"https:\/\/denizcankizil.tr\/ru\/haberler\/antalya\/serikten-ramazan-kolisi-destegi\/\",\"name\":\"Serik'ten ramazan kolisi deste\u011fi - Av. Deniz Can K\u0131z\u0131l\",\"isPartOf\":{\"@id\":\"https:\/\/denizcankizil.tr\/de\/#website\"},\"primaryImageOfPage\":{\"@id\":\"https:\/\/denizcankizil.tr\/ru\/haberler\/antalya\/serikten-ramazan-kolisi-destegi\/#primaryimage\"},\"image\":{\"@id\":\"https:\/\/denizcankizil.tr\/ru\/haberler\/antalya\/serikten-ramazan-kolisi-destegi\/#primaryimage\"},\"thumbnailUrl\":\"https:\/\/denizcankizil.tr\/wp-content\/uploads\/2025\/03\/5367-01-dVr6ct.jpeg\",\"datePublished\":\"2025-03-06T13:41:22+00:00\",\"breadcrumb\":{\"@id\":\"https:\/\/denizcankizil.tr\/ru\/haberler\/antalya\/serikten-ramazan-kolisi-destegi\/#breadcrumb\"},\"inLanguage\":\"ru-RU\",\"potentialAction\":[{\"@type\":\"ReadAction\",\"target\":[\"https:\/\/denizcankizil.tr\/ru\/haberler\/antalya\/serikten-ramazan-kolisi-destegi\/\"]}]},{\"@type\":\"ImageObject\",\"inLanguage\":\"ru-RU\",\"@id\":\"https:\/\/denizcankizil.tr\/ru\/haberler\/antalya\/serikten-ramazan-kolisi-destegi\/#primaryimage\",\"url\":\"https:\/\/denizcankizil.tr\/wp-content\/uploads\/2025\/03\/5367-01-dVr6ct.jpeg\",\"contentUrl\":\"https:\/\/denizcankizil.tr\/wp-content\/uploads\/2025\/03\/5367-01-dVr6ct.jpeg\",\"width\":1280,\"height\":720},{\"@type\":\"BreadcrumbList\",\"@id\":\"https:\/\/denizcankizil.tr\/ru\/haberler\/antalya\/serikten-ramazan-kolisi-destegi\/#breadcrumb\",\"itemListElement\":[{\"@type\":\"ListItem\",\"position\":1,\"name\":\"Home\",\"item\":\"https:\/\/denizcankizil.tr\/de\/\"},{\"@type\":\"ListItem\",\"position\":2,\"name\":\"Serik&#8217;ten ramazan kolisi deste\u011fi\"}]},{\"@type\":\"WebSite\",\"@id\":\"https:\/\/denizcankizil.tr\/de\/#website\",\"url\":\"https:\/\/denizcankizil.tr\/de\/\",\"name\":\"Av. Deniz Can K\u0131z\u0131l\",\"description\":\"Avukat Deniz Can K\u0131z\u0131l Antalya Barosu\",\"publisher\":{\"@id\":\"https:\/\/denizcankizil.tr\/de\/#organization\"},\"potentialAction\":[{\"@type\":\"SearchAction\",\"target\":{\"@type\":\"EntryPoint\",\"urlTemplate\":\"https:\/\/denizcankizil.tr\/de\/?s={search_term_string}\"},\"query-input\":{\"@type\":\"PropertyValueSpecification\",\"valueRequired\":true,\"valueName\":\"search_term_string\"}}],\"inLanguage\":\"ru-RU\"},{\"@type\":\"Organization\",\"@id\":\"https:\/\/denizcankizil.tr\/de\/#organization\",\"name\":\"Av. Deniz Can K\u0131z\u0131l\",\"url\":\"https:\/\/denizcankizil.tr\/de\/\",\"logo\":{\"@type\":\"ImageObject\",\"inLanguage\":\"ru-RU\",\"@id\":\"https:\/\/denizcankizil.tr\/de\/#\/schema\/logo\/image\/\",\"url\":\"https:\/\/denizcankizil.tr\/wp-content\/uploads\/2024\/10\/siyah-logo-svg.svg\",\"contentUrl\":\"https:\/\/denizcankizil.tr\/wp-content\/uploads\/2024\/10\/siyah-logo-svg.svg\",\"width\":1080,\"height\":1080,\"caption\":\"Av. Deniz Can K\u0131z\u0131l\"},\"image\":{\"@id\":\"https:\/\/denizcankizil.tr\/de\/#\/schema\/logo\/image\/\"}},{\"@type\":\"Person\",\"@id\":\"https:\/\/denizcankizil.tr\/de\/#\/schema\/person\/5dc1b22991bd7ac833867c10afc9b0ff\",\"name\":\"Av. Deniz Can K\u0131z\u0131l\",\"image\":{\"@type\":\"ImageObject\",\"inLanguage\":\"ru-RU\",\"@id\":\"https:\/\/denizcankizil.tr\/de\/#\/schema\/person\/image\/\",\"url\":\"https:\/\/secure.gravatar.com\/avatar\/a0b128fb9855c79efc976d5640eedb31dc35ec297594d6016d2cf7c60e975bb6?s=96&d=mm&r=g\",\"contentUrl\":\"https:\/\/secure.gravatar.com\/avatar\/a0b128fb9855c79efc976d5640eedb31dc35ec297594d6016d2cf7c60e975bb6?s=96&d=mm&r=g\",\"caption\":\"Av. Deniz Can K\u0131z\u0131l\"},\"sameAs\":[\"http:\/\/www.denizcankizil.tr\"],\"url\":\"https:\/\/denizcankizil.tr\/ru\/author\/denizcankizil\/\"}]}<\/script>\n<!-- \/ Yoast SEO Premium plugin. -->","yoast_head_json":{"title":"Serik'ten ramazan kolisi deste\u011fi - Av. Deniz Can K\u0131z\u0131l","robots":{"index":"index","follow":"follow","max-snippet":"max-snippet:-1","max-image-preview":"max-image-preview:large","max-video-preview":"max-video-preview:-1"},"canonical":"https:\/\/denizcankizil.tr\/ru\/haberler\/antalya\/serikten-ramazan-kolisi-destegi\/","og_locale":"ru_RU","og_type":"article","og_title":"Serik'ten ramazan kolisi deste\u011fi","og_description":"Serik Belediyesi ekipleri taraf\u0131ndan temel g\u0131da maddeleri ba\u015fta olmak \u00fczere pek \u00e7ok ihtiyac\u0131 kar\u015f\u0131layacak \u015fekilde titizlikle haz\u0131rlanan koliler ramazan ay\u0131 boyunca ihtiya\u00e7 sahiplerine ula\u015ft\u0131r\u0131l\u0131yor. Belediye Ba\u015fkan\u0131 Kadir Kumbul, &#8220;Ramazan ay\u0131n\u0131n bereketini, ho\u015fg\u00f6r\u00fcs\u00fcn\u00fc ve dayan\u0131\u015fma ruhunu hep birlikte ya\u015famak ve ya\u015fatmak istiyoruz. Bu vesileyle, ramazan ay\u0131 boyunca ihtiya\u00e7 sahibi vatanda\u015flar\u0131m\u0131za ula\u015ft\u0131raca\u011f\u0131m\u0131z ramazan kolileri ile ailelerimizin sofralar\u0131na bir nebze de olsa katk\u0131 sa\u011flamak istiyoruz. Sosyal belediyecilik anlay\u0131\u015f\u0131 ile hareket ediyor, ihtiya\u00e7 sahibi vatanda\u015flar\u0131m\u0131z\u0131n her zaman ve her ko\u015fulda yanlar\u0131nda olup, onlara destek olmak i\u00e7in \u00e7al\u0131\u015f\u0131yoruz&#8221; dedi Kaynak: www.kanalv.com.tr Haber Sitesinden Al\u0131nm\u0131\u015ft\u0131r.","og_url":"https:\/\/denizcankizil.tr\/ru\/haberler\/antalya\/serikten-ramazan-kolisi-destegi\/","og_site_name":"Av. Deniz Can K\u0131z\u0131l","article_published_time":"2025-03-06T13:41:22+00:00","og_image":[{"width":1280,"height":720,"url":"https:\/\/denizcankizil.tr\/wp-content\/uploads\/2025\/03\/5367-01-dVr6ct.jpeg","type":"image\/jpeg"}],"author":"Av. Deniz Can K\u0131z\u0131l","twitter_card":"summary_large_image","twitter_misc":{"\u041d\u0430\u043f\u0438\u0441\u0430\u043d\u043e \u0430\u0432\u0442\u043e\u0440\u043e\u043c":"Av. Deniz Can K\u0131z\u0131l","\u041f\u0440\u0438\u043c\u0435\u0440\u043d\u043e\u0435 \u0432\u0440\u0435\u043c\u044f \u0434\u043b\u044f \u0447\u0442\u0435\u043d\u0438\u044f":"1 \u043c\u0438\u043d\u0443\u0442\u0430"},"schema":{"@context":"https:\/\/schema.org","@graph":[{"@type":"Article","@id":"https:\/\/denizcankizil.tr\/ru\/haberler\/antalya\/serikten-ramazan-kolisi-destegi\/#article","isPartOf":{"@id":"https:\/\/denizcankizil.tr\/ru\/haberler\/antalya\/serikten-ramazan-kolisi-destegi\/"},"author":{"name":"Av. Deniz Can K\u0131z\u0131l","@id":"https:\/\/denizcankizil.tr\/de\/#\/schema\/person\/5dc1b22991bd7ac833867c10afc9b0ff"},"headline":"Serik&#8217;ten ramazan kolisi deste\u011fi","datePublished":"2025-03-06T13:41:22+00:00","mainEntityOfPage":{"@id":"https:\/\/denizcankizil.tr\/ru\/haberler\/antalya\/serikten-ramazan-kolisi-destegi\/"},"wordCount":137,"commentCount":0,"publisher":{"@id":"https:\/\/denizcankizil.tr\/de\/#organization"},"image":{"@id":"https:\/\/denizcankizil.tr\/ru\/haberler\/antalya\/serikten-ramazan-kolisi-destegi\/#primaryimage"},"thumbnailUrl":"https:\/\/denizcankizil.tr\/wp-content\/uploads\/2025\/03\/5367-01-dVr6ct.jpeg","articleSection":["Antalya"],"inLanguage":"ru-RU","potentialAction":[{"@type":"CommentAction","name":"Comment","target":["https:\/\/denizcankizil.tr\/ru\/haberler\/antalya\/serikten-ramazan-kolisi-destegi\/#respond"]}]},{"@type":"WebPage","@id":"https:\/\/denizcankizil.tr\/ru\/haberler\/antalya\/serikten-ramazan-kolisi-destegi\/","url":"https:\/\/denizcankizil.tr\/ru\/haberler\/antalya\/serikten-ramazan-kolisi-destegi\/","name":"Serik'ten ramazan kolisi deste\u011fi - Av. Deniz Can K\u0131z\u0131l","isPartOf":{"@id":"https:\/\/denizcankizil.tr\/de\/#website"},"primaryImageOfPage":{"@id":"https:\/\/denizcankizil.tr\/ru\/haberler\/antalya\/serikten-ramazan-kolisi-destegi\/#primaryimage"},"image":{"@id":"https:\/\/denizcankizil.tr\/ru\/haberler\/antalya\/serikten-ramazan-kolisi-destegi\/#primaryimage"},"thumbnailUrl":"https:\/\/denizcankizil.tr\/wp-content\/uploads\/2025\/03\/5367-01-dVr6ct.jpeg","datePublished":"2025-03-06T13:41:22+00:00","breadcrumb":{"@id":"https:\/\/denizcankizil.tr\/ru\/haberler\/antalya\/serikten-ramazan-kolisi-destegi\/#breadcrumb"},"inLanguage":"ru-RU","potentialAction":[{"@type":"ReadAction","target":["https:\/\/denizcankizil.tr\/ru\/haberler\/antalya\/serikten-ramazan-kolisi-destegi\/"]}]},{"@type":"ImageObject","inLanguage":"ru-RU","@id":"https:\/\/denizcankizil.tr\/ru\/haberler\/antalya\/serikten-ramazan-kolisi-destegi\/#primaryimage","url":"https:\/\/denizcankizil.tr\/wp-content\/uploads\/2025\/03\/5367-01-dVr6ct.jpeg","contentUrl":"https:\/\/denizcankizil.tr\/wp-content\/uploads\/2025\/03\/5367-01-dVr6ct.jpeg","width":1280,"height":720},{"@type":"BreadcrumbList","@id":"https:\/\/denizcankizil.tr\/ru\/haberler\/antalya\/serikten-ramazan-kolisi-destegi\/#breadcrumb","itemListElement":[{"@type":"ListItem","position":1,"name":"Home","item":"https:\/\/denizcankizil.tr\/de\/"},{"@type":"ListItem","position":2,"name":"Serik&#8217;ten ramazan kolisi deste\u011fi"}]},{"@type":"WebSite","@id":"https:\/\/denizcankizil.tr\/de\/#website","url":"https:\/\/denizcankizil.tr\/de\/","name":"Av. Deniz Can K\u0131z\u0131l","description":"Avukat Deniz Can K\u0131z\u0131l Antalya Barosu","publisher":{"@id":"https:\/\/denizcankizil.tr\/de\/#organization"},"potentialAction":[{"@type":"SearchAction","target":{"@type":"EntryPoint","urlTemplate":"https:\/\/denizcankizil.tr\/de\/?s={search_term_string}"},"query-input":{"@type":"PropertyValueSpecification","valueRequired":true,"valueName":"search_term_string"}}],"inLanguage":"ru-RU"},{"@type":"Organization","@id":"https:\/\/denizcankizil.tr\/de\/#organization","name":"Av. Deniz Can K\u0131z\u0131l","url":"https:\/\/denizcankizil.tr\/de\/","logo":{"@type":"ImageObject","inLanguage":"ru-RU","@id":"https:\/\/denizcankizil.tr\/de\/#\/schema\/logo\/image\/","url":"https:\/\/denizcankizil.tr\/wp-content\/uploads\/2024\/10\/siyah-logo-svg.svg","contentUrl":"https:\/\/denizcankizil.tr\/wp-content\/uploads\/2024\/10\/siyah-logo-svg.svg","width":1080,"height":1080,"caption":"Av. Deniz Can K\u0131z\u0131l"},"image":{"@id":"https:\/\/denizcankizil.tr\/de\/#\/schema\/logo\/image\/"}},{"@type":"Person","@id":"https:\/\/denizcankizil.tr\/de\/#\/schema\/person\/5dc1b22991bd7ac833867c10afc9b0ff","name":"Av. Deniz Can K\u0131z\u0131l","image":{"@type":"ImageObject","inLanguage":"ru-RU","@id":"https:\/\/denizcankizil.tr\/de\/#\/schema\/person\/image\/","url":"https:\/\/secure.gravatar.com\/avatar\/a0b128fb9855c79efc976d5640eedb31dc35ec297594d6016d2cf7c60e975bb6?s=96&d=mm&r=g","contentUrl":"https:\/\/secure.gravatar.com\/avatar\/a0b128fb9855c79efc976d5640eedb31dc35ec297594d6016d2cf7c60e975bb6?s=96&d=mm&r=g","caption":"Av. Deniz Can K\u0131z\u0131l"},"sameAs":["http:\/\/www.denizcankizil.tr"],"url":"https:\/\/denizcankizil.tr\/ru\/author\/denizcankizil\/"}]}},"_links":{"self":[{"href":"https:\/\/denizcankizil.tr\/ru\/wp-json\/wp\/v2\/posts\/34920","targetHints":{"allow":["GET"]}}],"collection":[{"href":"https:\/\/denizcankizil.tr\/ru\/wp-json\/wp\/v2\/posts"}],"about":[{"href":"https:\/\/denizcankizil.tr\/ru\/wp-json\/wp\/v2\/types\/post"}],"author":[{"embeddable":true,"href":"https:\/\/denizcankizil.tr\/ru\/wp-json\/wp\/v2\/users\/4"}],"replies":[{"embeddable":true,"href":"https:\/\/denizcankizil.tr\/ru\/wp-json\/wp\/v2\/comments?post=34920"}],"version-history":[{"count":0,"href":"https:\/\/denizcankizil.tr\/ru\/wp-json\/wp\/v2\/posts\/34920\/revisions"}],"wp:featuredmedia":[{"embeddable":true,"href":"https:\/\/denizcankizil.tr\/ru\/wp-json\/wp\/v2\/media\/34921"}],"wp:attachment":[{"href":"https:\/\/denizcankizil.tr\/ru\/wp-json\/wp\/v2\/media?parent=34920"}],"wp:term":[{"taxonomy":"category","embeddable":true,"href":"https:\/\/denizcankizil.tr\/ru\/wp-json\/wp\/v2\/categories?post=34920"},{"taxonomy":"post_tag","embeddable":true,"href":"https:\/\/denizcankizil.tr\/ru\/wp-json\/wp\/v2\/tags?post=34920"}],"curies":[{"name":"wp","href":"https:\/\/api.w.org\/{rel}","templated":true}]}}