{"id":34880,"date":"2025-03-06T12:41:33","date_gmt":"2025-03-06T09:41:33","guid":{"rendered":"https:\/\/denizcankizil.tr\/uncategorized-tr\/otelin-spor-salonundaki-yangin-panige-neden-oldu\/"},"modified":"2025-03-06T12:41:33","modified_gmt":"2025-03-06T09:41:33","slug":"otelin-spor-salonundaki-yangin-panige-neden-oldu","status":"publish","type":"post","link":"https:\/\/denizcankizil.tr\/ru\/haberler\/antalya\/otelin-spor-salonundaki-yangin-panige-neden-oldu\/","title":{"rendered":"Otelin spor salonundaki yang\u0131n pani\u011fe neden oldu"},"content":{"rendered":"<p>Olay, d\u00fcn ak\u015fam 21.30 s\u0131ralar\u0131nda Konyaalt\u0131 il\u00e7esi G\u00fcrsu Mahallesi Akdeniz Bulvar\u0131 \u00fczerinde bulunan bir otelde meydana geldi. Edinilen bilgiye g\u00f6re otel i\u00e7erisinde duman\u0131 fark eden \u00e7al\u0131\u015fanlar 112 Acil \u00c7a\u011fr\u0131 Merkezi\u2019ni arad\u0131. \u0130hbarla verilen adrese itfaiye, polis ve sa\u011fl\u0131k ekipleri sevk edildi. Otelde konaklamakta olan misafirler tedbir amac\u0131yla personel taraf\u0131ndan otel d\u0131\u015f\u0131na \u00e7\u0131kart\u0131ld\u0131. Adrese gelen Antalya B\u00fcy\u00fck\u015fehir Belediyesi \u0130tfaiye Daire Ba\u015fkanl\u0131\u011f\u0131\u2019na ba\u011fl\u0131 ekipler taraf\u0131ndan yap\u0131lan kontrollerde yang\u0131n\u0131n otele ait spor salonunda bulunan elektrik panosunda \u00e7\u0131kt\u0131\u011f\u0131 belirlendi. Otel misafirlerinin k\u0131sa s\u00fcreli panik ya\u015fad\u0131\u011f\u0131 yang\u0131nda maddi hasar meydana gelirken, itfaiye ekipleri otel i\u00e7erisinde duman tahliyesi yapt\u0131.<\/p>\n<p>Kaynak: www.kanalv.com.tr Haber Sitesinden Al\u0131nm\u0131\u015ft\u0131r.<\/p>","protected":false},"excerpt":{"rendered":"<p>Olay, d\u00fcn ak\u015fam 21.30 s\u0131ralar\u0131nda Konyaalt\u0131 il\u00e7esi G\u00fcrsu Mahallesi Akdeniz Bulvar\u0131 \u00fczerinde bulunan bir otelde meydana geldi. Edinilen bilgiye g\u00f6re otel i\u00e7erisinde duman\u0131 fark eden \u00e7al\u0131\u015fanlar 112 Acil \u00c7a\u011fr\u0131 Merkezi\u2019ni arad\u0131. \u0130hbarla verilen adrese itfaiye, polis ve sa\u011fl\u0131k ekipleri sevk edildi. Otelde konaklamakta olan misafirler tedbir amac\u0131yla personel taraf\u0131ndan otel d\u0131\u015f\u0131na \u00e7\u0131kart\u0131ld\u0131. Adrese gelen Antalya B\u00fcy\u00fck\u015fehir Belediyesi \u0130tfaiye Daire Ba\u015fkanl\u0131\u011f\u0131\u2019na ba\u011fl\u0131 ekipler taraf\u0131ndan yap\u0131lan kontrollerde yang\u0131n\u0131n otele ait spor salonunda bulunan elektrik panosunda \u00e7\u0131kt\u0131\u011f\u0131 belirlendi. Otel misafirlerinin k\u0131sa s\u00fcreli panik ya\u015fad\u0131\u011f\u0131 yang\u0131nda maddi hasar meydana gelirken, itfaiye ekipleri otel i\u00e7erisinde duman tahliyesi yapt\u0131. Kaynak: www.kanalv.com.tr Haber Sitesinden Al\u0131nm\u0131\u015ft\u0131r.<\/p>","protected":false},"author":4,"featured_media":34881,"comment_status":"open","ping_status":"open","sticky":false,"template":"","format":"standard","meta":{"_acf_changed":false,"footnotes":""},"categories":[26],"tags":[],"class_list":["post-34880","post","type-post","status-publish","format-standard","has-post-thumbnail","hentry","category-antalya"],"acf":[],"yoast_head":"<!-- This site is optimized with the Yoast SEO Premium plugin v26.6 (Yoast SEO v27.1.1) - https:\/\/yoast.com\/product\/yoast-seo-premium-wordpress\/ -->\n<title>Otelin spor salonundaki yang\u0131n pani\u011fe neden oldu - Av. Deniz Can K\u0131z\u0131l<\/title>\n<meta name=\"robots\" content=\"index, follow, max-snippet:-1, max-image-preview:large, max-video-preview:-1\" \/>\n<link rel=\"canonical\" href=\"https:\/\/denizcankizil.tr\/ru\/haberler\/antalya\/otelin-spor-salonundaki-yangin-panige-neden-oldu\/\" \/>\n<meta property=\"og:locale\" content=\"ru_RU\" \/>\n<meta property=\"og:type\" content=\"article\" \/>\n<meta property=\"og:title\" content=\"Otelin spor salonundaki yang\u0131n pani\u011fe neden oldu\" \/>\n<meta property=\"og:description\" content=\"Olay, d\u00fcn ak\u015fam 21.30 s\u0131ralar\u0131nda Konyaalt\u0131 il\u00e7esi G\u00fcrsu Mahallesi Akdeniz Bulvar\u0131 \u00fczerinde bulunan bir otelde meydana geldi. Edinilen bilgiye g\u00f6re otel i\u00e7erisinde duman\u0131 fark eden \u00e7al\u0131\u015fanlar 112 Acil \u00c7a\u011fr\u0131 Merkezi\u2019ni arad\u0131. \u0130hbarla verilen adrese itfaiye, polis ve sa\u011fl\u0131k ekipleri sevk edildi. Otelde konaklamakta olan misafirler tedbir amac\u0131yla personel taraf\u0131ndan otel d\u0131\u015f\u0131na \u00e7\u0131kart\u0131ld\u0131. Adrese gelen Antalya B\u00fcy\u00fck\u015fehir Belediyesi \u0130tfaiye Daire Ba\u015fkanl\u0131\u011f\u0131\u2019na ba\u011fl\u0131 ekipler taraf\u0131ndan yap\u0131lan kontrollerde yang\u0131n\u0131n otele ait spor salonunda bulunan elektrik panosunda \u00e7\u0131kt\u0131\u011f\u0131 belirlendi. Otel misafirlerinin k\u0131sa s\u00fcreli panik ya\u015fad\u0131\u011f\u0131 yang\u0131nda maddi hasar meydana gelirken, itfaiye ekipleri otel i\u00e7erisinde duman tahliyesi yapt\u0131. Kaynak: www.kanalv.com.tr Haber Sitesinden Al\u0131nm\u0131\u015ft\u0131r.\" \/>\n<meta property=\"og:url\" content=\"https:\/\/denizcankizil.tr\/ru\/haberler\/antalya\/otelin-spor-salonundaki-yangin-panige-neden-oldu\/\" \/>\n<meta property=\"og:site_name\" content=\"Av. Deniz Can K\u0131z\u0131l\" \/>\n<meta property=\"article:published_time\" content=\"2025-03-06T09:41:33+00:00\" \/>\n<meta property=\"og:image\" content=\"https:\/\/denizcankizil.tr\/wp-content\/uploads\/2025\/03\/5353-01-kOZEE1.jpeg\" \/>\n\t<meta property=\"og:image:width\" content=\"1280\" \/>\n\t<meta property=\"og:image:height\" content=\"720\" \/>\n\t<meta property=\"og:image:type\" content=\"image\/jpeg\" \/>\n<meta name=\"author\" content=\"Av. Deniz Can K\u0131z\u0131l\" \/>\n<meta name=\"twitter:card\" content=\"summary_large_image\" \/>\n<meta name=\"twitter:label1\" content=\"\u041d\u0430\u043f\u0438\u0441\u0430\u043d\u043e \u0430\u0432\u0442\u043e\u0440\u043e\u043c\" \/>\n\t<meta name=\"twitter:data1\" content=\"Av. Deniz Can K\u0131z\u0131l\" \/>\n\t<meta name=\"twitter:label2\" content=\"\u041f\u0440\u0438\u043c\u0435\u0440\u043d\u043e\u0435 \u0432\u0440\u0435\u043c\u044f \u0434\u043b\u044f \u0447\u0442\u0435\u043d\u0438\u044f\" \/>\n\t<meta name=\"twitter:data2\" content=\"1 \u043c\u0438\u043d\u0443\u0442\u0430\" \/>\n<script type=\"application\/ld+json\" class=\"yoast-schema-graph\">{\"@context\":\"https:\/\/schema.org\",\"@graph\":[{\"@type\":\"Article\",\"@id\":\"https:\/\/denizcankizil.tr\/de\/haberler\/antalya\/otelin-spor-salonundaki-yangin-panige-neden-oldu\/#article\",\"isPartOf\":{\"@id\":\"https:\/\/denizcankizil.tr\/de\/haberler\/antalya\/otelin-spor-salonundaki-yangin-panige-neden-oldu\/\"},\"author\":{\"name\":\"Av. Deniz Can K\u0131z\u0131l\",\"@id\":\"https:\/\/denizcankizil.tr\/de\/#\/schema\/person\/5dc1b22991bd7ac833867c10afc9b0ff\"},\"headline\":\"Otelin spor salonundaki yang\u0131n pani\u011fe neden oldu\",\"datePublished\":\"2025-03-06T09:41:33+00:00\",\"mainEntityOfPage\":{\"@id\":\"https:\/\/denizcankizil.tr\/de\/haberler\/antalya\/otelin-spor-salonundaki-yangin-panige-neden-oldu\/\"},\"wordCount\":143,\"commentCount\":0,\"publisher\":{\"@id\":\"https:\/\/denizcankizil.tr\/de\/#organization\"},\"image\":{\"@id\":\"https:\/\/denizcankizil.tr\/de\/haberler\/antalya\/otelin-spor-salonundaki-yangin-panige-neden-oldu\/#primaryimage\"},\"thumbnailUrl\":\"https:\/\/denizcankizil.tr\/wp-content\/uploads\/2025\/03\/5353-01-kOZEE1.jpeg\",\"articleSection\":[\"Antalya\"],\"inLanguage\":\"ru-RU\",\"potentialAction\":[{\"@type\":\"CommentAction\",\"name\":\"Comment\",\"target\":[\"https:\/\/denizcankizil.tr\/de\/haberler\/antalya\/otelin-spor-salonundaki-yangin-panige-neden-oldu\/#respond\"]}]},{\"@type\":\"WebPage\",\"@id\":\"https:\/\/denizcankizil.tr\/de\/haberler\/antalya\/otelin-spor-salonundaki-yangin-panige-neden-oldu\/\",\"url\":\"https:\/\/denizcankizil.tr\/de\/haberler\/antalya\/otelin-spor-salonundaki-yangin-panige-neden-oldu\/\",\"name\":\"Otelin spor salonundaki yang\u0131n pani\u011fe neden oldu - Av. Deniz Can K\u0131z\u0131l\",\"isPartOf\":{\"@id\":\"https:\/\/denizcankizil.tr\/de\/#website\"},\"primaryImageOfPage\":{\"@id\":\"https:\/\/denizcankizil.tr\/de\/haberler\/antalya\/otelin-spor-salonundaki-yangin-panige-neden-oldu\/#primaryimage\"},\"image\":{\"@id\":\"https:\/\/denizcankizil.tr\/de\/haberler\/antalya\/otelin-spor-salonundaki-yangin-panige-neden-oldu\/#primaryimage\"},\"thumbnailUrl\":\"https:\/\/denizcankizil.tr\/wp-content\/uploads\/2025\/03\/5353-01-kOZEE1.jpeg\",\"datePublished\":\"2025-03-06T09:41:33+00:00\",\"breadcrumb\":{\"@id\":\"https:\/\/denizcankizil.tr\/de\/haberler\/antalya\/otelin-spor-salonundaki-yangin-panige-neden-oldu\/#breadcrumb\"},\"inLanguage\":\"ru-RU\",\"potentialAction\":[{\"@type\":\"ReadAction\",\"target\":[\"https:\/\/denizcankizil.tr\/de\/haberler\/antalya\/otelin-spor-salonundaki-yangin-panige-neden-oldu\/\"]}]},{\"@type\":\"ImageObject\",\"inLanguage\":\"ru-RU\",\"@id\":\"https:\/\/denizcankizil.tr\/de\/haberler\/antalya\/otelin-spor-salonundaki-yangin-panige-neden-oldu\/#primaryimage\",\"url\":\"https:\/\/denizcankizil.tr\/wp-content\/uploads\/2025\/03\/5353-01-kOZEE1.jpeg\",\"contentUrl\":\"https:\/\/denizcankizil.tr\/wp-content\/uploads\/2025\/03\/5353-01-kOZEE1.jpeg\",\"width\":1280,\"height\":720},{\"@type\":\"BreadcrumbList\",\"@id\":\"https:\/\/denizcankizil.tr\/de\/haberler\/antalya\/otelin-spor-salonundaki-yangin-panige-neden-oldu\/#breadcrumb\",\"itemListElement\":[{\"@type\":\"ListItem\",\"position\":1,\"name\":\"Home\",\"item\":\"https:\/\/denizcankizil.tr\/de\/\"},{\"@type\":\"ListItem\",\"position\":2,\"name\":\"Otelin spor salonundaki yang\u0131n pani\u011fe neden oldu\"}]},{\"@type\":\"WebSite\",\"@id\":\"https:\/\/denizcankizil.tr\/de\/#website\",\"url\":\"https:\/\/denizcankizil.tr\/de\/\",\"name\":\"Av. Deniz Can K\u0131z\u0131l\",\"description\":\"Avukat Deniz Can K\u0131z\u0131l Antalya Barosu\",\"publisher\":{\"@id\":\"https:\/\/denizcankizil.tr\/de\/#organization\"},\"potentialAction\":[{\"@type\":\"SearchAction\",\"target\":{\"@type\":\"EntryPoint\",\"urlTemplate\":\"https:\/\/denizcankizil.tr\/de\/?s={search_term_string}\"},\"query-input\":{\"@type\":\"PropertyValueSpecification\",\"valueRequired\":true,\"valueName\":\"search_term_string\"}}],\"inLanguage\":\"ru-RU\"},{\"@type\":\"Organization\",\"@id\":\"https:\/\/denizcankizil.tr\/de\/#organization\",\"name\":\"Av. Deniz Can K\u0131z\u0131l\",\"url\":\"https:\/\/denizcankizil.tr\/de\/\",\"logo\":{\"@type\":\"ImageObject\",\"inLanguage\":\"ru-RU\",\"@id\":\"https:\/\/denizcankizil.tr\/de\/#\/schema\/logo\/image\/\",\"url\":\"https:\/\/denizcankizil.tr\/wp-content\/uploads\/2024\/10\/siyah-logo-svg.svg\",\"contentUrl\":\"https:\/\/denizcankizil.tr\/wp-content\/uploads\/2024\/10\/siyah-logo-svg.svg\",\"width\":1080,\"height\":1080,\"caption\":\"Av. Deniz Can K\u0131z\u0131l\"},\"image\":{\"@id\":\"https:\/\/denizcankizil.tr\/de\/#\/schema\/logo\/image\/\"}},{\"@type\":\"Person\",\"@id\":\"https:\/\/denizcankizil.tr\/de\/#\/schema\/person\/5dc1b22991bd7ac833867c10afc9b0ff\",\"name\":\"Av. Deniz Can K\u0131z\u0131l\",\"image\":{\"@type\":\"ImageObject\",\"inLanguage\":\"ru-RU\",\"@id\":\"https:\/\/denizcankizil.tr\/de\/#\/schema\/person\/image\/\",\"url\":\"https:\/\/secure.gravatar.com\/avatar\/a0b128fb9855c79efc976d5640eedb31dc35ec297594d6016d2cf7c60e975bb6?s=96&d=mm&r=g\",\"contentUrl\":\"https:\/\/secure.gravatar.com\/avatar\/a0b128fb9855c79efc976d5640eedb31dc35ec297594d6016d2cf7c60e975bb6?s=96&d=mm&r=g\",\"caption\":\"Av. Deniz Can K\u0131z\u0131l\"},\"sameAs\":[\"http:\/\/www.denizcankizil.tr\"],\"url\":\"https:\/\/denizcankizil.tr\/ru\/author\/denizcankizil\/\"}]}<\/script>\n<!-- \/ Yoast SEO Premium plugin. -->","yoast_head_json":{"title":"Otelin spor salonundaki yang\u0131n pani\u011fe neden oldu - Av. Deniz Can K\u0131z\u0131l","robots":{"index":"index","follow":"follow","max-snippet":"max-snippet:-1","max-image-preview":"max-image-preview:large","max-video-preview":"max-video-preview:-1"},"canonical":"https:\/\/denizcankizil.tr\/ru\/haberler\/antalya\/otelin-spor-salonundaki-yangin-panige-neden-oldu\/","og_locale":"ru_RU","og_type":"article","og_title":"Otelin spor salonundaki yang\u0131n pani\u011fe neden oldu","og_description":"Olay, d\u00fcn ak\u015fam 21.30 s\u0131ralar\u0131nda Konyaalt\u0131 il\u00e7esi G\u00fcrsu Mahallesi Akdeniz Bulvar\u0131 \u00fczerinde bulunan bir otelde meydana geldi. Edinilen bilgiye g\u00f6re otel i\u00e7erisinde duman\u0131 fark eden \u00e7al\u0131\u015fanlar 112 Acil \u00c7a\u011fr\u0131 Merkezi\u2019ni arad\u0131. \u0130hbarla verilen adrese itfaiye, polis ve sa\u011fl\u0131k ekipleri sevk edildi. Otelde konaklamakta olan misafirler tedbir amac\u0131yla personel taraf\u0131ndan otel d\u0131\u015f\u0131na \u00e7\u0131kart\u0131ld\u0131. Adrese gelen Antalya B\u00fcy\u00fck\u015fehir Belediyesi \u0130tfaiye Daire Ba\u015fkanl\u0131\u011f\u0131\u2019na ba\u011fl\u0131 ekipler taraf\u0131ndan yap\u0131lan kontrollerde yang\u0131n\u0131n otele ait spor salonunda bulunan elektrik panosunda \u00e7\u0131kt\u0131\u011f\u0131 belirlendi. Otel misafirlerinin k\u0131sa s\u00fcreli panik ya\u015fad\u0131\u011f\u0131 yang\u0131nda maddi hasar meydana gelirken, itfaiye ekipleri otel i\u00e7erisinde duman tahliyesi yapt\u0131. Kaynak: www.kanalv.com.tr Haber Sitesinden Al\u0131nm\u0131\u015ft\u0131r.","og_url":"https:\/\/denizcankizil.tr\/ru\/haberler\/antalya\/otelin-spor-salonundaki-yangin-panige-neden-oldu\/","og_site_name":"Av. Deniz Can K\u0131z\u0131l","article_published_time":"2025-03-06T09:41:33+00:00","og_image":[{"width":1280,"height":720,"url":"https:\/\/denizcankizil.tr\/wp-content\/uploads\/2025\/03\/5353-01-kOZEE1.jpeg","type":"image\/jpeg"}],"author":"Av. Deniz Can K\u0131z\u0131l","twitter_card":"summary_large_image","twitter_misc":{"\u041d\u0430\u043f\u0438\u0441\u0430\u043d\u043e \u0430\u0432\u0442\u043e\u0440\u043e\u043c":"Av. Deniz Can K\u0131z\u0131l","\u041f\u0440\u0438\u043c\u0435\u0440\u043d\u043e\u0435 \u0432\u0440\u0435\u043c\u044f \u0434\u043b\u044f \u0447\u0442\u0435\u043d\u0438\u044f":"1 \u043c\u0438\u043d\u0443\u0442\u0430"},"schema":{"@context":"https:\/\/schema.org","@graph":[{"@type":"Article","@id":"https:\/\/denizcankizil.tr\/de\/haberler\/antalya\/otelin-spor-salonundaki-yangin-panige-neden-oldu\/#article","isPartOf":{"@id":"https:\/\/denizcankizil.tr\/de\/haberler\/antalya\/otelin-spor-salonundaki-yangin-panige-neden-oldu\/"},"author":{"name":"Av. Deniz Can K\u0131z\u0131l","@id":"https:\/\/denizcankizil.tr\/de\/#\/schema\/person\/5dc1b22991bd7ac833867c10afc9b0ff"},"headline":"Otelin spor salonundaki yang\u0131n pani\u011fe neden oldu","datePublished":"2025-03-06T09:41:33+00:00","mainEntityOfPage":{"@id":"https:\/\/denizcankizil.tr\/de\/haberler\/antalya\/otelin-spor-salonundaki-yangin-panige-neden-oldu\/"},"wordCount":143,"commentCount":0,"publisher":{"@id":"https:\/\/denizcankizil.tr\/de\/#organization"},"image":{"@id":"https:\/\/denizcankizil.tr\/de\/haberler\/antalya\/otelin-spor-salonundaki-yangin-panige-neden-oldu\/#primaryimage"},"thumbnailUrl":"https:\/\/denizcankizil.tr\/wp-content\/uploads\/2025\/03\/5353-01-kOZEE1.jpeg","articleSection":["Antalya"],"inLanguage":"ru-RU","potentialAction":[{"@type":"CommentAction","name":"Comment","target":["https:\/\/denizcankizil.tr\/de\/haberler\/antalya\/otelin-spor-salonundaki-yangin-panige-neden-oldu\/#respond"]}]},{"@type":"WebPage","@id":"https:\/\/denizcankizil.tr\/de\/haberler\/antalya\/otelin-spor-salonundaki-yangin-panige-neden-oldu\/","url":"https:\/\/denizcankizil.tr\/de\/haberler\/antalya\/otelin-spor-salonundaki-yangin-panige-neden-oldu\/","name":"Otelin spor salonundaki yang\u0131n pani\u011fe neden oldu - Av. Deniz Can K\u0131z\u0131l","isPartOf":{"@id":"https:\/\/denizcankizil.tr\/de\/#website"},"primaryImageOfPage":{"@id":"https:\/\/denizcankizil.tr\/de\/haberler\/antalya\/otelin-spor-salonundaki-yangin-panige-neden-oldu\/#primaryimage"},"image":{"@id":"https:\/\/denizcankizil.tr\/de\/haberler\/antalya\/otelin-spor-salonundaki-yangin-panige-neden-oldu\/#primaryimage"},"thumbnailUrl":"https:\/\/denizcankizil.tr\/wp-content\/uploads\/2025\/03\/5353-01-kOZEE1.jpeg","datePublished":"2025-03-06T09:41:33+00:00","breadcrumb":{"@id":"https:\/\/denizcankizil.tr\/de\/haberler\/antalya\/otelin-spor-salonundaki-yangin-panige-neden-oldu\/#breadcrumb"},"inLanguage":"ru-RU","potentialAction":[{"@type":"ReadAction","target":["https:\/\/denizcankizil.tr\/de\/haberler\/antalya\/otelin-spor-salonundaki-yangin-panige-neden-oldu\/"]}]},{"@type":"ImageObject","inLanguage":"ru-RU","@id":"https:\/\/denizcankizil.tr\/de\/haberler\/antalya\/otelin-spor-salonundaki-yangin-panige-neden-oldu\/#primaryimage","url":"https:\/\/denizcankizil.tr\/wp-content\/uploads\/2025\/03\/5353-01-kOZEE1.jpeg","contentUrl":"https:\/\/denizcankizil.tr\/wp-content\/uploads\/2025\/03\/5353-01-kOZEE1.jpeg","width":1280,"height":720},{"@type":"BreadcrumbList","@id":"https:\/\/denizcankizil.tr\/de\/haberler\/antalya\/otelin-spor-salonundaki-yangin-panige-neden-oldu\/#breadcrumb","itemListElement":[{"@type":"ListItem","position":1,"name":"Home","item":"https:\/\/denizcankizil.tr\/de\/"},{"@type":"ListItem","position":2,"name":"Otelin spor salonundaki yang\u0131n pani\u011fe neden oldu"}]},{"@type":"WebSite","@id":"https:\/\/denizcankizil.tr\/de\/#website","url":"https:\/\/denizcankizil.tr\/de\/","name":"Av. Deniz Can K\u0131z\u0131l","description":"Avukat Deniz Can K\u0131z\u0131l Antalya Barosu","publisher":{"@id":"https:\/\/denizcankizil.tr\/de\/#organization"},"potentialAction":[{"@type":"SearchAction","target":{"@type":"EntryPoint","urlTemplate":"https:\/\/denizcankizil.tr\/de\/?s={search_term_string}"},"query-input":{"@type":"PropertyValueSpecification","valueRequired":true,"valueName":"search_term_string"}}],"inLanguage":"ru-RU"},{"@type":"Organization","@id":"https:\/\/denizcankizil.tr\/de\/#organization","name":"Av. Deniz Can K\u0131z\u0131l","url":"https:\/\/denizcankizil.tr\/de\/","logo":{"@type":"ImageObject","inLanguage":"ru-RU","@id":"https:\/\/denizcankizil.tr\/de\/#\/schema\/logo\/image\/","url":"https:\/\/denizcankizil.tr\/wp-content\/uploads\/2024\/10\/siyah-logo-svg.svg","contentUrl":"https:\/\/denizcankizil.tr\/wp-content\/uploads\/2024\/10\/siyah-logo-svg.svg","width":1080,"height":1080,"caption":"Av. Deniz Can K\u0131z\u0131l"},"image":{"@id":"https:\/\/denizcankizil.tr\/de\/#\/schema\/logo\/image\/"}},{"@type":"Person","@id":"https:\/\/denizcankizil.tr\/de\/#\/schema\/person\/5dc1b22991bd7ac833867c10afc9b0ff","name":"Av. Deniz Can K\u0131z\u0131l","image":{"@type":"ImageObject","inLanguage":"ru-RU","@id":"https:\/\/denizcankizil.tr\/de\/#\/schema\/person\/image\/","url":"https:\/\/secure.gravatar.com\/avatar\/a0b128fb9855c79efc976d5640eedb31dc35ec297594d6016d2cf7c60e975bb6?s=96&d=mm&r=g","contentUrl":"https:\/\/secure.gravatar.com\/avatar\/a0b128fb9855c79efc976d5640eedb31dc35ec297594d6016d2cf7c60e975bb6?s=96&d=mm&r=g","caption":"Av. Deniz Can K\u0131z\u0131l"},"sameAs":["http:\/\/www.denizcankizil.tr"],"url":"https:\/\/denizcankizil.tr\/ru\/author\/denizcankizil\/"}]}},"_links":{"self":[{"href":"https:\/\/denizcankizil.tr\/ru\/wp-json\/wp\/v2\/posts\/34880","targetHints":{"allow":["GET"]}}],"collection":[{"href":"https:\/\/denizcankizil.tr\/ru\/wp-json\/wp\/v2\/posts"}],"about":[{"href":"https:\/\/denizcankizil.tr\/ru\/wp-json\/wp\/v2\/types\/post"}],"author":[{"embeddable":true,"href":"https:\/\/denizcankizil.tr\/ru\/wp-json\/wp\/v2\/users\/4"}],"replies":[{"embeddable":true,"href":"https:\/\/denizcankizil.tr\/ru\/wp-json\/wp\/v2\/comments?post=34880"}],"version-history":[{"count":0,"href":"https:\/\/denizcankizil.tr\/ru\/wp-json\/wp\/v2\/posts\/34880\/revisions"}],"wp:featuredmedia":[{"embeddable":true,"href":"https:\/\/denizcankizil.tr\/ru\/wp-json\/wp\/v2\/media\/34881"}],"wp:attachment":[{"href":"https:\/\/denizcankizil.tr\/ru\/wp-json\/wp\/v2\/media?parent=34880"}],"wp:term":[{"taxonomy":"category","embeddable":true,"href":"https:\/\/denizcankizil.tr\/ru\/wp-json\/wp\/v2\/categories?post=34880"},{"taxonomy":"post_tag","embeddable":true,"href":"https:\/\/denizcankizil.tr\/ru\/wp-json\/wp\/v2\/tags?post=34880"}],"curies":[{"name":"wp","href":"https:\/\/api.w.org\/{rel}","templated":true}]}}