{"id":34873,"date":"2025-03-06T11:42:13","date_gmt":"2025-03-06T08:42:13","guid":{"rendered":"https:\/\/denizcankizil.tr\/uncategorized-tr\/chpli-erdem-gida-tehlikesine-vurgu-yapti-toplum-sagligi-tehlikede\/"},"modified":"2025-03-06T11:42:13","modified_gmt":"2025-03-06T08:42:13","slug":"chpli-erdem-gida-tehlikesine-vurgu-yapti-toplum-sagligi-tehlikede","status":"publish","type":"post","link":"https:\/\/denizcankizil.tr\/ru\/haberler\/gundem\/chpli-erdem-gida-tehlikesine-vurgu-yapti-toplum-sagligi-tehlikede\/","title":{"rendered":"CHP\u2019li Erdem g\u0131da tehlikesine vurgu yapt\u0131: Toplum sa\u011fl\u0131\u011f\u0131 tehlikede"},"content":{"rendered":"<p>CHP Antalya Milletvekili Mustafa Erdem, \u00a0son zamanlarda s\u0131k\u00e7a g\u00fcndeme gelen ve toplumda endi\u015feye neden olan g\u0131da g\u00fcvenli\u011findeki tehlikeye dikkat \u00e7ekti. G\u0131da g\u00fcvenli\u011findeki denetim mekanizmas\u0131n\u0131n etkin bir \u015fekilde g\u00fc\u00e7lendirilmesi, toplumun bilin\u00e7lendirilmesi, tar\u0131msal \u00fcretimin desteklenmesi ve gerekli yasal d\u00fczenlemelerin yap\u0131lmas\u0131 amac\u0131yla T\u00fcrkiye B\u00fcy\u00fck Millet Meclisi Ba\u015fkanl\u0131\u011f\u0131\u2019na ara\u015ft\u0131rma \u00f6nergesi sundu. T\u00fcrkiye\u2019de g\u0131da g\u00fcvenli\u011finin, son y\u0131llarda hem halk sa\u011fl\u0131\u011f\u0131 hem de ekonomik a\u00e7\u0131dan s\u0131k\u00e7a tart\u0131\u015f\u0131lan bir konu haline geldi\u011fini s\u00f6yleyen Erdem, bu sorunun temelinde denetim eksiklikleri, tar\u0131m politikalar\u0131, ithalat-ihracat s\u00fcre\u00e7lerindeki aksakl\u0131klar ve t\u00fcketici bilincinin yeterince geli\u015fmemi\u015f olmas\u0131 gibi fakt\u00f6rlerin yer ald\u0131\u011f\u0131n\u0131n alt\u0131n\u0131 \u00e7izdi.<\/p>\n<p>\u201cDENET\u0130MLER YETERS\u0130Z\u201d<\/p>\n<p>Tar\u0131m ve Orman Bakanl\u0131\u011fa taraf\u0131ndan yap\u0131lan denetimlerin yetersiz oldu\u011funu vurgulayan Erdem; &#8220;Tar\u0131m ve Orman Bakanl\u0131\u011f\u0131, g\u0131da g\u00fcvenli\u011finden sorumlu esas kurum olmas\u0131na kar\u015f\u0131n, denetim yetersizli\u011fi konusunda s\u0131k\u00e7a ele\u015ftirilmektedir. K\u00fc\u00e7\u00fck \u00f6l\u00e7ekli i\u015fletmelerde teknik personel bulundurma zorunlulu\u011funun kald\u0131r\u0131lmas\u0131, i\u00e7 denetimi zay\u0131flatmaktad\u0131r. Taklit ve ta\u011f\u015fi\u015f (\u00f6rne\u011fin, zeytinya\u011f\u0131na ba\u015fka ya\u011flar\u0131n kar\u0131\u015ft\u0131r\u0131lmas\u0131, et \u00fcr\u00fcnlerinde farkl\u0131 t\u00fcr etlerin kullan\u0131lmas\u0131) gibi uygulamalar, denetimlerin y\u00fczeysel kald\u0131\u011f\u0131n\u0131n g\u00f6stergelerinden biridir\u201d a\u00e7\u0131klamas\u0131nda bulundu.<\/p>\n<p>\u201cT\u00dcRK\u0130YE DAHA DA GER\u0130LED\u0130\u201d<\/p>\n<p>Son g\u00fcnlerde T\u00fcrkiye taraf\u0131ndan Avrupa\u2019ya g\u00f6nderilen pek \u00e7ok \u00fcr\u00fcn\u00fcn pestisit maddesi nedeniyle geri d\u00f6nd\u00fc\u011f\u00fcn\u00fc belirten Erdem, \u201cSon zamanlarda T\u00fcrkiye\u2019de g\u0131da g\u00fcvenli\u011fine ili\u015fkin endi\u015feleri artt\u0131ran en \u00f6nemli etkenlerden biri de pestisit ve kimyasal kullan\u0131m\u0131n\u0131n artmas\u0131 sonucunda, \u00fclkemizden ihra\u00e7 edilen \u00fcr\u00fcnlerin iade edilmesi olmu\u015ftur. \u0130hra\u00e7 edilen \u00fcr\u00fcnlerin geri d\u00f6nmesi, T\u00fcrkiye\u2019nin g\u0131da g\u00fcvenli\u011fi standartlar\u0131n\u0131n uluslararas\u0131 normlara uyum sa\u011flayamad\u0131\u011f\u0131n\u0131 g\u00f6stermektedir. Uluslararas\u0131 G\u0131da G\u00fcvenli\u011fi Endeksi\u2019nde T\u00fcrkiye, 10 y\u0131l \u00f6nce 36. s\u0131radayken 2024\u2019te 49. s\u0131raya gerilemi\u015ftir. T\u00fcrkiye\u2019den Avrupa Birli\u011fi \u00fclkeleri ba\u015fta olmak \u00fczere, di\u011fer \u00fclkelere ihra\u00e7 edilen meyve ve sebzeler, s\u0131k s\u0131k y\u00fcksek oranda pestisit kal\u0131nt\u0131lar\u0131n\u0131n tespit edilmi\u015f olmas\u0131 nedeniyle geri g\u00f6nderilmektedir&#8221; dedi.<\/p>\n<p>\u201cT\u00dcKET\u0130C\u0130Y\u0130 YANILTMAKTA VE SA\u011eLIK R\u0130SK\u0130 OLU\u015eTURMAKTADIR\u201d<\/p>\n<p>Di\u011fer \u00fclkeler taraf\u0131ndan reddedilen bu \u00fcr\u00fcnlerin i\u00e7 pazara sunulmas\u0131 konusunda bir\u00e7ok vatanda\u015f\u0131n endi\u015fesi oldu\u011funu \u00f6ne s\u00fcren Mustafa Erdem, s\u00f6z konusu g\u0131dalar\u0131n imha edilip edilmedi\u011finin kan\u0131tlanmas\u0131 gerekti\u011fine dikkat \u00e7ekerek, \u201c T\u00fcrkiye\u2019de kay\u0131t d\u0131\u015f\u0131 ekonomi, g\u0131da sekt\u00f6r\u00fcnde de s\u00fcrd\u00fcr\u00fclmektedir. Etiketleme hatalar\u0131, i\u00e7eri\u011fi belirsiz \u00fcr\u00fcnler ve ta\u011f\u015fi\u015fli g\u0131dalar (\u00f6rne\u011fin, s\u00fct \u00fcr\u00fcnlerinde ya\u011f oran\u0131n\u0131n d\u00fc\u015f\u00fcr\u00fclmesi) t\u00fcketiciyi yan\u0131ltmakta ve sa\u011fl\u0131k riski olu\u015fturmaktad\u0131r. Tar\u0131m ve Orman Bakanl\u0131\u011f\u0131 taraf\u0131ndan a\u00e7\u0131klanan listelerde hileli \u00fcr\u00fcn oran\u0131n\u0131n olduk\u00e7a y\u00fcksek oldu\u011fu g\u00f6r\u00fclmekte ve cayd\u0131r\u0131c\u0131 olmamakla birlikte, bu t\u00fcr faaliyetlerin tespitine ili\u015fkin yap\u0131lan denetim ve yapt\u0131r\u0131mlar\u0131n yetersizli\u011fi nedeniyle kamuoyunun tepkisine neden olmakta, toplumda infial yaratmaktad\u0131r\u201d diye konu\u015ftu.\u00a0<\/p>\n<p>TOPLUM SA\u011eLI\u011eI TEHL\u0130KEDED\u0130R<\/p>\n<p>Halk sa\u011fl\u0131\u011f\u0131n\u0131 tehdit eden bu g\u0131dalar i\u00e7in \u00f6nlem al\u0131nmas\u0131n\u0131 isteyen Mustafa Erdem, \u201cHalk sa\u011fl\u0131\u011f\u0131n\u0131 tehdit eden en \u00f6nemli sorunlardan biri haline gelen g\u0131da g\u00fcvenli\u011fi meselesinde, g\u0131da g\u00fcvenli\u011fini yeniden sa\u011flamak amac\u0131yla, bu alandaki denetim mekanizmas\u0131n\u0131n etkinle\u015ftirilerek g\u00fc\u00e7lendirilmesi, toplumun bilin\u00e7lendirilmesi, gerekli yasal d\u00fczenlemelerin belirlenmesi gerekmektedir. Aksi halde, toplum sa\u011fl\u0131\u011f\u0131 tehlikededir. Hi\u00e7bir alanda kendini g\u00fcvende hissetmeyen T\u00fcrk vatanda\u015flar\u0131n\u0131n can g\u00fcvenli\u011fini tehlikeye atan iktidar, acil olarak gerekli t\u00fcm \u00f6nlemleri almal\u0131d\u0131r. Bu konunun takip\u00e7isi olaca\u011f\u0131z\u201d dedi.\u00a0<\/p>\n<p>\u200bCHP Antalya Milletvekili Mustafa Erdem, son g\u00fcnlerde artan g\u0131da skandallar\u0131na dikkat \u00e7ekti. Tar\u0131m ve Orman Bakanl\u0131\u011f\u0131\u2019n\u0131n denetimlerinin yetersiz oldu\u011funu vurgulayan Erdem, \u201cHi\u00e7bir alanda kendini g\u00fcvende hissetmeyen T\u00fcrk vatanda\u015flar\u0131n\u0131n can g\u00fcvenli\u011fini tehlikeye atan iktidar, acil olarak gerekli t\u00fcm \u00f6nlemleri almal\u0131d\u0131r\u201d dedi.\u00a0<\/p>\n<p>\u200bHaberin Al\u0131nt\u0131land\u0131\u011f\u0131 Kaynak: www.antalyakorfez.com<\/p>","protected":false},"excerpt":{"rendered":"<p>CHP Antalya Milletvekili Mustafa Erdem, \u00a0son zamanlarda s\u0131k\u00e7a g\u00fcndeme gelen ve toplumda endi\u015feye neden olan g\u0131da g\u00fcvenli\u011findeki tehlikeye dikkat \u00e7ekti. G\u0131da g\u00fcvenli\u011findeki denetim mekanizmas\u0131n\u0131n etkin bir \u015fekilde g\u00fc\u00e7lendirilmesi, toplumun bilin\u00e7lendirilmesi, tar\u0131msal \u00fcretimin desteklenmesi ve gerekli yasal d\u00fczenlemelerin yap\u0131lmas\u0131 amac\u0131yla T\u00fcrkiye B\u00fcy\u00fck Millet Meclisi Ba\u015fkanl\u0131\u011f\u0131\u2019na ara\u015ft\u0131rma \u00f6nergesi sundu. T\u00fcrkiye\u2019de g\u0131da g\u00fcvenli\u011finin, son y\u0131llarda hem halk sa\u011fl\u0131\u011f\u0131 hem de ekonomik a\u00e7\u0131dan s\u0131k\u00e7a tart\u0131\u015f\u0131lan bir konu haline geldi\u011fini s\u00f6yleyen Erdem, bu sorunun temelinde denetim eksiklikleri, tar\u0131m politikalar\u0131, ithalat-ihracat s\u00fcre\u00e7lerindeki aksakl\u0131klar ve t\u00fcketici bilincinin yeterince geli\u015fmemi\u015f olmas\u0131 gibi fakt\u00f6rlerin yer ald\u0131\u011f\u0131n\u0131n alt\u0131n\u0131 \u00e7izdi. \u201cDENET\u0130MLER YETERS\u0130Z\u201d Tar\u0131m ve Orman Bakanl\u0131\u011fa taraf\u0131ndan yap\u0131lan denetimlerin yetersiz oldu\u011funu vurgulayan Erdem; &#8220;Tar\u0131m ve Orman Bakanl\u0131\u011f\u0131, g\u0131da g\u00fcvenli\u011finden sorumlu esas kurum olmas\u0131na kar\u015f\u0131n, denetim yetersizli\u011fi konusunda s\u0131k\u00e7a ele\u015ftirilmektedir. K\u00fc\u00e7\u00fck \u00f6l\u00e7ekli i\u015fletmelerde teknik personel bulundurma zorunlulu\u011funun kald\u0131r\u0131lmas\u0131, i\u00e7 denetimi zay\u0131flatmaktad\u0131r. Taklit ve ta\u011f\u015fi\u015f (\u00f6rne\u011fin, zeytinya\u011f\u0131na ba\u015fka ya\u011flar\u0131n kar\u0131\u015ft\u0131r\u0131lmas\u0131, et \u00fcr\u00fcnlerinde farkl\u0131 t\u00fcr etlerin kullan\u0131lmas\u0131) gibi uygulamalar, denetimlerin y\u00fczeysel kald\u0131\u011f\u0131n\u0131n g\u00f6stergelerinden biridir\u201d a\u00e7\u0131klamas\u0131nda bulundu. \u201cT\u00dcRK\u0130YE DAHA DA GER\u0130LED\u0130\u201d Son g\u00fcnlerde T\u00fcrkiye taraf\u0131ndan Avrupa\u2019ya g\u00f6nderilen pek \u00e7ok \u00fcr\u00fcn\u00fcn pestisit maddesi nedeniyle geri d\u00f6nd\u00fc\u011f\u00fcn\u00fc belirten Erdem, \u201cSon zamanlarda T\u00fcrkiye\u2019de g\u0131da g\u00fcvenli\u011fine ili\u015fkin endi\u015feleri artt\u0131ran en \u00f6nemli etkenlerden biri de pestisit ve kimyasal kullan\u0131m\u0131n\u0131n artmas\u0131 sonucunda, \u00fclkemizden ihra\u00e7 edilen \u00fcr\u00fcnlerin iade edilmesi olmu\u015ftur. \u0130hra\u00e7 edilen &hellip;<\/p>","protected":false},"author":5,"featured_media":0,"comment_status":"open","ping_status":"open","sticky":false,"template":"","format":"standard","meta":{"_acf_changed":false,"footnotes":""},"categories":[24],"tags":[],"class_list":["post-34873","post","type-post","status-publish","format-standard","has-post-thumbnail","hentry","category-gundem"],"acf":[],"yoast_head":"<!-- This site is optimized with the Yoast SEO Premium plugin v26.6 (Yoast SEO v27.1.1) - https:\/\/yoast.com\/product\/yoast-seo-premium-wordpress\/ -->\n<title>CHP\u2019li Erdem g\u0131da tehlikesine vurgu yapt\u0131: Toplum sa\u011fl\u0131\u011f\u0131 tehlikede - Av. Deniz Can K\u0131z\u0131l<\/title>\n<meta name=\"robots\" content=\"index, follow, max-snippet:-1, max-image-preview:large, max-video-preview:-1\" \/>\n<link rel=\"canonical\" href=\"https:\/\/denizcankizil.tr\/ru\/haberler\/gundem\/chpli-erdem-gida-tehlikesine-vurgu-yapti-toplum-sagligi-tehlikede\/\" \/>\n<meta property=\"og:locale\" content=\"ru_RU\" \/>\n<meta property=\"og:type\" content=\"article\" \/>\n<meta property=\"og:title\" content=\"CHP\u2019li Erdem g\u0131da tehlikesine vurgu yapt\u0131: Toplum sa\u011fl\u0131\u011f\u0131 tehlikede\" \/>\n<meta property=\"og:description\" content=\"CHP Antalya Milletvekili Mustafa Erdem, \u00a0son zamanlarda s\u0131k\u00e7a g\u00fcndeme gelen ve toplumda endi\u015feye neden olan g\u0131da g\u00fcvenli\u011findeki tehlikeye dikkat \u00e7ekti. G\u0131da g\u00fcvenli\u011findeki denetim mekanizmas\u0131n\u0131n etkin bir \u015fekilde g\u00fc\u00e7lendirilmesi, toplumun bilin\u00e7lendirilmesi, tar\u0131msal \u00fcretimin desteklenmesi ve gerekli yasal d\u00fczenlemelerin yap\u0131lmas\u0131 amac\u0131yla T\u00fcrkiye B\u00fcy\u00fck Millet Meclisi Ba\u015fkanl\u0131\u011f\u0131\u2019na ara\u015ft\u0131rma \u00f6nergesi sundu. T\u00fcrkiye\u2019de g\u0131da g\u00fcvenli\u011finin, son y\u0131llarda hem halk sa\u011fl\u0131\u011f\u0131 hem de ekonomik a\u00e7\u0131dan s\u0131k\u00e7a tart\u0131\u015f\u0131lan bir konu haline geldi\u011fini s\u00f6yleyen Erdem, bu sorunun temelinde denetim eksiklikleri, tar\u0131m politikalar\u0131, ithalat-ihracat s\u00fcre\u00e7lerindeki aksakl\u0131klar ve t\u00fcketici bilincinin yeterince geli\u015fmemi\u015f olmas\u0131 gibi fakt\u00f6rlerin yer ald\u0131\u011f\u0131n\u0131n alt\u0131n\u0131 \u00e7izdi. \u201cDENET\u0130MLER YETERS\u0130Z\u201d Tar\u0131m ve Orman Bakanl\u0131\u011fa taraf\u0131ndan yap\u0131lan denetimlerin yetersiz oldu\u011funu vurgulayan Erdem; &#8220;Tar\u0131m ve Orman Bakanl\u0131\u011f\u0131, g\u0131da g\u00fcvenli\u011finden sorumlu esas kurum olmas\u0131na kar\u015f\u0131n, denetim yetersizli\u011fi konusunda s\u0131k\u00e7a ele\u015ftirilmektedir. K\u00fc\u00e7\u00fck \u00f6l\u00e7ekli i\u015fletmelerde teknik personel bulundurma zorunlulu\u011funun kald\u0131r\u0131lmas\u0131, i\u00e7 denetimi zay\u0131flatmaktad\u0131r. Taklit ve ta\u011f\u015fi\u015f (\u00f6rne\u011fin, zeytinya\u011f\u0131na ba\u015fka ya\u011flar\u0131n kar\u0131\u015ft\u0131r\u0131lmas\u0131, et \u00fcr\u00fcnlerinde farkl\u0131 t\u00fcr etlerin kullan\u0131lmas\u0131) gibi uygulamalar, denetimlerin y\u00fczeysel kald\u0131\u011f\u0131n\u0131n g\u00f6stergelerinden biridir\u201d a\u00e7\u0131klamas\u0131nda bulundu. \u201cT\u00dcRK\u0130YE DAHA DA GER\u0130LED\u0130\u201d Son g\u00fcnlerde T\u00fcrkiye taraf\u0131ndan Avrupa\u2019ya g\u00f6nderilen pek \u00e7ok \u00fcr\u00fcn\u00fcn pestisit maddesi nedeniyle geri d\u00f6nd\u00fc\u011f\u00fcn\u00fc belirten Erdem, \u201cSon zamanlarda T\u00fcrkiye\u2019de g\u0131da g\u00fcvenli\u011fine ili\u015fkin endi\u015feleri artt\u0131ran en \u00f6nemli etkenlerden biri de pestisit ve kimyasal kullan\u0131m\u0131n\u0131n artmas\u0131 sonucunda, \u00fclkemizden ihra\u00e7 edilen \u00fcr\u00fcnlerin iade edilmesi olmu\u015ftur. \u0130hra\u00e7 edilen &hellip;\" \/>\n<meta property=\"og:url\" content=\"https:\/\/denizcankizil.tr\/ru\/haberler\/gundem\/chpli-erdem-gida-tehlikesine-vurgu-yapti-toplum-sagligi-tehlikede\/\" \/>\n<meta property=\"og:site_name\" content=\"Av. Deniz Can K\u0131z\u0131l\" \/>\n<meta property=\"article:published_time\" content=\"2025-03-06T08:42:13+00:00\" \/>\n<meta name=\"author\" content=\"Antalya K\u00f6rfez\" \/>\n<meta name=\"twitter:card\" content=\"summary_large_image\" \/>\n<meta name=\"twitter:label1\" content=\"\u041d\u0430\u043f\u0438\u0441\u0430\u043d\u043e \u0430\u0432\u0442\u043e\u0440\u043e\u043c\" \/>\n\t<meta name=\"twitter:data1\" content=\"Antalya K\u00f6rfez\" \/>\n\t<meta name=\"twitter:label2\" content=\"\u041f\u0440\u0438\u043c\u0435\u0440\u043d\u043e\u0435 \u0432\u0440\u0435\u043c\u044f \u0434\u043b\u044f \u0447\u0442\u0435\u043d\u0438\u044f\" \/>\n\t<meta name=\"twitter:data2\" content=\"4 \u043c\u0438\u043d\u0443\u0442\u044b\" \/>\n<script type=\"application\/ld+json\" class=\"yoast-schema-graph\">{\"@context\":\"https:\/\/schema.org\",\"@graph\":[{\"@type\":\"Article\",\"@id\":\"https:\/\/denizcankizil.tr\/ru\/haberler\/gundem\/chpli-erdem-gida-tehlikesine-vurgu-yapti-toplum-sagligi-tehlikede\/#article\",\"isPartOf\":{\"@id\":\"https:\/\/denizcankizil.tr\/ru\/haberler\/gundem\/chpli-erdem-gida-tehlikesine-vurgu-yapti-toplum-sagligi-tehlikede\/\"},\"author\":{\"name\":\"Antalya K\u00f6rfez\",\"@id\":\"https:\/\/denizcankizil.tr\/de\/#\/schema\/person\/e1eb71bb4dd684d46563f0af307e1234\"},\"headline\":\"CHP\u2019li Erdem g\u0131da tehlikesine vurgu yapt\u0131: Toplum sa\u011fl\u0131\u011f\u0131 tehlikede\",\"datePublished\":\"2025-03-06T08:42:13+00:00\",\"mainEntityOfPage\":{\"@id\":\"https:\/\/denizcankizil.tr\/ru\/haberler\/gundem\/chpli-erdem-gida-tehlikesine-vurgu-yapti-toplum-sagligi-tehlikede\/\"},\"wordCount\":762,\"commentCount\":0,\"publisher\":{\"@id\":\"https:\/\/denizcankizil.tr\/de\/#organization\"},\"articleSection\":[\"G\u00fcndem\"],\"inLanguage\":\"ru-RU\",\"potentialAction\":[{\"@type\":\"CommentAction\",\"name\":\"Comment\",\"target\":[\"https:\/\/denizcankizil.tr\/ru\/haberler\/gundem\/chpli-erdem-gida-tehlikesine-vurgu-yapti-toplum-sagligi-tehlikede\/#respond\"]}]},{\"@type\":\"WebPage\",\"@id\":\"https:\/\/denizcankizil.tr\/ru\/haberler\/gundem\/chpli-erdem-gida-tehlikesine-vurgu-yapti-toplum-sagligi-tehlikede\/\",\"url\":\"https:\/\/denizcankizil.tr\/ru\/haberler\/gundem\/chpli-erdem-gida-tehlikesine-vurgu-yapti-toplum-sagligi-tehlikede\/\",\"name\":\"CHP\u2019li Erdem g\u0131da tehlikesine vurgu yapt\u0131: Toplum sa\u011fl\u0131\u011f\u0131 tehlikede - Av. Deniz Can K\u0131z\u0131l\",\"isPartOf\":{\"@id\":\"https:\/\/denizcankizil.tr\/de\/#website\"},\"datePublished\":\"2025-03-06T08:42:13+00:00\",\"breadcrumb\":{\"@id\":\"https:\/\/denizcankizil.tr\/ru\/haberler\/gundem\/chpli-erdem-gida-tehlikesine-vurgu-yapti-toplum-sagligi-tehlikede\/#breadcrumb\"},\"inLanguage\":\"ru-RU\",\"potentialAction\":[{\"@type\":\"ReadAction\",\"target\":[\"https:\/\/denizcankizil.tr\/ru\/haberler\/gundem\/chpli-erdem-gida-tehlikesine-vurgu-yapti-toplum-sagligi-tehlikede\/\"]}]},{\"@type\":\"BreadcrumbList\",\"@id\":\"https:\/\/denizcankizil.tr\/ru\/haberler\/gundem\/chpli-erdem-gida-tehlikesine-vurgu-yapti-toplum-sagligi-tehlikede\/#breadcrumb\",\"itemListElement\":[{\"@type\":\"ListItem\",\"position\":1,\"name\":\"Home\",\"item\":\"https:\/\/denizcankizil.tr\/de\/\"},{\"@type\":\"ListItem\",\"position\":2,\"name\":\"CHP\u2019li Erdem g\u0131da tehlikesine vurgu yapt\u0131: Toplum sa\u011fl\u0131\u011f\u0131 tehlikede\"}]},{\"@type\":\"WebSite\",\"@id\":\"https:\/\/denizcankizil.tr\/de\/#website\",\"url\":\"https:\/\/denizcankizil.tr\/de\/\",\"name\":\"Av. Deniz Can K\u0131z\u0131l\",\"description\":\"Avukat Deniz Can K\u0131z\u0131l Antalya Barosu\",\"publisher\":{\"@id\":\"https:\/\/denizcankizil.tr\/de\/#organization\"},\"potentialAction\":[{\"@type\":\"SearchAction\",\"target\":{\"@type\":\"EntryPoint\",\"urlTemplate\":\"https:\/\/denizcankizil.tr\/de\/?s={search_term_string}\"},\"query-input\":{\"@type\":\"PropertyValueSpecification\",\"valueRequired\":true,\"valueName\":\"search_term_string\"}}],\"inLanguage\":\"ru-RU\"},{\"@type\":\"Organization\",\"@id\":\"https:\/\/denizcankizil.tr\/de\/#organization\",\"name\":\"Av. Deniz Can K\u0131z\u0131l\",\"url\":\"https:\/\/denizcankizil.tr\/de\/\",\"logo\":{\"@type\":\"ImageObject\",\"inLanguage\":\"ru-RU\",\"@id\":\"https:\/\/denizcankizil.tr\/de\/#\/schema\/logo\/image\/\",\"url\":\"https:\/\/denizcankizil.tr\/wp-content\/uploads\/2024\/10\/siyah-logo-svg.svg\",\"contentUrl\":\"https:\/\/denizcankizil.tr\/wp-content\/uploads\/2024\/10\/siyah-logo-svg.svg\",\"width\":1080,\"height\":1080,\"caption\":\"Av. Deniz Can K\u0131z\u0131l\"},\"image\":{\"@id\":\"https:\/\/denizcankizil.tr\/de\/#\/schema\/logo\/image\/\"}},{\"@type\":\"Person\",\"@id\":\"https:\/\/denizcankizil.tr\/de\/#\/schema\/person\/e1eb71bb4dd684d46563f0af307e1234\",\"name\":\"Antalya K\u00f6rfez\",\"image\":{\"@type\":\"ImageObject\",\"inLanguage\":\"ru-RU\",\"@id\":\"https:\/\/denizcankizil.tr\/de\/#\/schema\/person\/image\/\",\"url\":\"https:\/\/secure.gravatar.com\/avatar\/42b01982558a48a0b501fdcab6a408d3717ea5919095ee2e67b0e521799c5905?s=96&d=mm&r=g\",\"contentUrl\":\"https:\/\/secure.gravatar.com\/avatar\/42b01982558a48a0b501fdcab6a408d3717ea5919095ee2e67b0e521799c5905?s=96&d=mm&r=g\",\"caption\":\"Antalya K\u00f6rfez\"},\"sameAs\":[\"http:\/\/www.antalyakorfez.com\"],\"url\":\"https:\/\/www.antalyakorfez.com\/chpli-erdem-gida-tehlikesine-vurgu-yaparak-toplum-sagligi-tehlikede\"}]}<\/script>\n<!-- \/ Yoast SEO Premium plugin. -->","yoast_head_json":{"title":"CHP\u2019li Erdem g\u0131da tehlikesine vurgu yapt\u0131: Toplum sa\u011fl\u0131\u011f\u0131 tehlikede - Av. Deniz Can K\u0131z\u0131l","robots":{"index":"index","follow":"follow","max-snippet":"max-snippet:-1","max-image-preview":"max-image-preview:large","max-video-preview":"max-video-preview:-1"},"canonical":"https:\/\/denizcankizil.tr\/ru\/haberler\/gundem\/chpli-erdem-gida-tehlikesine-vurgu-yapti-toplum-sagligi-tehlikede\/","og_locale":"ru_RU","og_type":"article","og_title":"CHP\u2019li Erdem g\u0131da tehlikesine vurgu yapt\u0131: Toplum sa\u011fl\u0131\u011f\u0131 tehlikede","og_description":"CHP Antalya Milletvekili Mustafa Erdem, \u00a0son zamanlarda s\u0131k\u00e7a g\u00fcndeme gelen ve toplumda endi\u015feye neden olan g\u0131da g\u00fcvenli\u011findeki tehlikeye dikkat \u00e7ekti. G\u0131da g\u00fcvenli\u011findeki denetim mekanizmas\u0131n\u0131n etkin bir \u015fekilde g\u00fc\u00e7lendirilmesi, toplumun bilin\u00e7lendirilmesi, tar\u0131msal \u00fcretimin desteklenmesi ve gerekli yasal d\u00fczenlemelerin yap\u0131lmas\u0131 amac\u0131yla T\u00fcrkiye B\u00fcy\u00fck Millet Meclisi Ba\u015fkanl\u0131\u011f\u0131\u2019na ara\u015ft\u0131rma \u00f6nergesi sundu. T\u00fcrkiye\u2019de g\u0131da g\u00fcvenli\u011finin, son y\u0131llarda hem halk sa\u011fl\u0131\u011f\u0131 hem de ekonomik a\u00e7\u0131dan s\u0131k\u00e7a tart\u0131\u015f\u0131lan bir konu haline geldi\u011fini s\u00f6yleyen Erdem, bu sorunun temelinde denetim eksiklikleri, tar\u0131m politikalar\u0131, ithalat-ihracat s\u00fcre\u00e7lerindeki aksakl\u0131klar ve t\u00fcketici bilincinin yeterince geli\u015fmemi\u015f olmas\u0131 gibi fakt\u00f6rlerin yer ald\u0131\u011f\u0131n\u0131n alt\u0131n\u0131 \u00e7izdi. \u201cDENET\u0130MLER YETERS\u0130Z\u201d Tar\u0131m ve Orman Bakanl\u0131\u011fa taraf\u0131ndan yap\u0131lan denetimlerin yetersiz oldu\u011funu vurgulayan Erdem; &#8220;Tar\u0131m ve Orman Bakanl\u0131\u011f\u0131, g\u0131da g\u00fcvenli\u011finden sorumlu esas kurum olmas\u0131na kar\u015f\u0131n, denetim yetersizli\u011fi konusunda s\u0131k\u00e7a ele\u015ftirilmektedir. K\u00fc\u00e7\u00fck \u00f6l\u00e7ekli i\u015fletmelerde teknik personel bulundurma zorunlulu\u011funun kald\u0131r\u0131lmas\u0131, i\u00e7 denetimi zay\u0131flatmaktad\u0131r. Taklit ve ta\u011f\u015fi\u015f (\u00f6rne\u011fin, zeytinya\u011f\u0131na ba\u015fka ya\u011flar\u0131n kar\u0131\u015ft\u0131r\u0131lmas\u0131, et \u00fcr\u00fcnlerinde farkl\u0131 t\u00fcr etlerin kullan\u0131lmas\u0131) gibi uygulamalar, denetimlerin y\u00fczeysel kald\u0131\u011f\u0131n\u0131n g\u00f6stergelerinden biridir\u201d a\u00e7\u0131klamas\u0131nda bulundu. \u201cT\u00dcRK\u0130YE DAHA DA GER\u0130LED\u0130\u201d Son g\u00fcnlerde T\u00fcrkiye taraf\u0131ndan Avrupa\u2019ya g\u00f6nderilen pek \u00e7ok \u00fcr\u00fcn\u00fcn pestisit maddesi nedeniyle geri d\u00f6nd\u00fc\u011f\u00fcn\u00fc belirten Erdem, \u201cSon zamanlarda T\u00fcrkiye\u2019de g\u0131da g\u00fcvenli\u011fine ili\u015fkin endi\u015feleri artt\u0131ran en \u00f6nemli etkenlerden biri de pestisit ve kimyasal kullan\u0131m\u0131n\u0131n artmas\u0131 sonucunda, \u00fclkemizden ihra\u00e7 edilen \u00fcr\u00fcnlerin iade edilmesi olmu\u015ftur. \u0130hra\u00e7 edilen &hellip;","og_url":"https:\/\/denizcankizil.tr\/ru\/haberler\/gundem\/chpli-erdem-gida-tehlikesine-vurgu-yapti-toplum-sagligi-tehlikede\/","og_site_name":"Av. Deniz Can K\u0131z\u0131l","article_published_time":"2025-03-06T08:42:13+00:00","author":"Antalya K\u00f6rfez","twitter_card":"summary_large_image","twitter_misc":{"\u041d\u0430\u043f\u0438\u0441\u0430\u043d\u043e \u0430\u0432\u0442\u043e\u0440\u043e\u043c":"Antalya K\u00f6rfez","\u041f\u0440\u0438\u043c\u0435\u0440\u043d\u043e\u0435 \u0432\u0440\u0435\u043c\u044f \u0434\u043b\u044f \u0447\u0442\u0435\u043d\u0438\u044f":"4 \u043c\u0438\u043d\u0443\u0442\u044b"},"schema":{"@context":"https:\/\/schema.org","@graph":[{"@type":"Article","@id":"https:\/\/denizcankizil.tr\/ru\/haberler\/gundem\/chpli-erdem-gida-tehlikesine-vurgu-yapti-toplum-sagligi-tehlikede\/#article","isPartOf":{"@id":"https:\/\/denizcankizil.tr\/ru\/haberler\/gundem\/chpli-erdem-gida-tehlikesine-vurgu-yapti-toplum-sagligi-tehlikede\/"},"author":{"name":"Antalya K\u00f6rfez","@id":"https:\/\/denizcankizil.tr\/de\/#\/schema\/person\/e1eb71bb4dd684d46563f0af307e1234"},"headline":"CHP\u2019li Erdem g\u0131da tehlikesine vurgu yapt\u0131: Toplum sa\u011fl\u0131\u011f\u0131 tehlikede","datePublished":"2025-03-06T08:42:13+00:00","mainEntityOfPage":{"@id":"https:\/\/denizcankizil.tr\/ru\/haberler\/gundem\/chpli-erdem-gida-tehlikesine-vurgu-yapti-toplum-sagligi-tehlikede\/"},"wordCount":762,"commentCount":0,"publisher":{"@id":"https:\/\/denizcankizil.tr\/de\/#organization"},"articleSection":["G\u00fcndem"],"inLanguage":"ru-RU","potentialAction":[{"@type":"CommentAction","name":"Comment","target":["https:\/\/denizcankizil.tr\/ru\/haberler\/gundem\/chpli-erdem-gida-tehlikesine-vurgu-yapti-toplum-sagligi-tehlikede\/#respond"]}]},{"@type":"WebPage","@id":"https:\/\/denizcankizil.tr\/ru\/haberler\/gundem\/chpli-erdem-gida-tehlikesine-vurgu-yapti-toplum-sagligi-tehlikede\/","url":"https:\/\/denizcankizil.tr\/ru\/haberler\/gundem\/chpli-erdem-gida-tehlikesine-vurgu-yapti-toplum-sagligi-tehlikede\/","name":"CHP\u2019li Erdem g\u0131da tehlikesine vurgu yapt\u0131: Toplum sa\u011fl\u0131\u011f\u0131 tehlikede - Av. Deniz Can K\u0131z\u0131l","isPartOf":{"@id":"https:\/\/denizcankizil.tr\/de\/#website"},"datePublished":"2025-03-06T08:42:13+00:00","breadcrumb":{"@id":"https:\/\/denizcankizil.tr\/ru\/haberler\/gundem\/chpli-erdem-gida-tehlikesine-vurgu-yapti-toplum-sagligi-tehlikede\/#breadcrumb"},"inLanguage":"ru-RU","potentialAction":[{"@type":"ReadAction","target":["https:\/\/denizcankizil.tr\/ru\/haberler\/gundem\/chpli-erdem-gida-tehlikesine-vurgu-yapti-toplum-sagligi-tehlikede\/"]}]},{"@type":"BreadcrumbList","@id":"https:\/\/denizcankizil.tr\/ru\/haberler\/gundem\/chpli-erdem-gida-tehlikesine-vurgu-yapti-toplum-sagligi-tehlikede\/#breadcrumb","itemListElement":[{"@type":"ListItem","position":1,"name":"Home","item":"https:\/\/denizcankizil.tr\/de\/"},{"@type":"ListItem","position":2,"name":"CHP\u2019li Erdem g\u0131da tehlikesine vurgu yapt\u0131: Toplum sa\u011fl\u0131\u011f\u0131 tehlikede"}]},{"@type":"WebSite","@id":"https:\/\/denizcankizil.tr\/de\/#website","url":"https:\/\/denizcankizil.tr\/de\/","name":"Av. Deniz Can K\u0131z\u0131l","description":"Avukat Deniz Can K\u0131z\u0131l Antalya Barosu","publisher":{"@id":"https:\/\/denizcankizil.tr\/de\/#organization"},"potentialAction":[{"@type":"SearchAction","target":{"@type":"EntryPoint","urlTemplate":"https:\/\/denizcankizil.tr\/de\/?s={search_term_string}"},"query-input":{"@type":"PropertyValueSpecification","valueRequired":true,"valueName":"search_term_string"}}],"inLanguage":"ru-RU"},{"@type":"Organization","@id":"https:\/\/denizcankizil.tr\/de\/#organization","name":"Av. Deniz Can K\u0131z\u0131l","url":"https:\/\/denizcankizil.tr\/de\/","logo":{"@type":"ImageObject","inLanguage":"ru-RU","@id":"https:\/\/denizcankizil.tr\/de\/#\/schema\/logo\/image\/","url":"https:\/\/denizcankizil.tr\/wp-content\/uploads\/2024\/10\/siyah-logo-svg.svg","contentUrl":"https:\/\/denizcankizil.tr\/wp-content\/uploads\/2024\/10\/siyah-logo-svg.svg","width":1080,"height":1080,"caption":"Av. Deniz Can K\u0131z\u0131l"},"image":{"@id":"https:\/\/denizcankizil.tr\/de\/#\/schema\/logo\/image\/"}},{"@type":"Person","@id":"https:\/\/denizcankizil.tr\/de\/#\/schema\/person\/e1eb71bb4dd684d46563f0af307e1234","name":"Antalya K\u00f6rfez","image":{"@type":"ImageObject","inLanguage":"ru-RU","@id":"https:\/\/denizcankizil.tr\/de\/#\/schema\/person\/image\/","url":"https:\/\/secure.gravatar.com\/avatar\/42b01982558a48a0b501fdcab6a408d3717ea5919095ee2e67b0e521799c5905?s=96&d=mm&r=g","contentUrl":"https:\/\/secure.gravatar.com\/avatar\/42b01982558a48a0b501fdcab6a408d3717ea5919095ee2e67b0e521799c5905?s=96&d=mm&r=g","caption":"Antalya K\u00f6rfez"},"sameAs":["http:\/\/www.antalyakorfez.com"],"url":"https:\/\/www.antalyakorfez.com\/chpli-erdem-gida-tehlikesine-vurgu-yaparak-toplum-sagligi-tehlikede"}]}},"_links":{"self":[{"href":"https:\/\/denizcankizil.tr\/ru\/wp-json\/wp\/v2\/posts\/34873","targetHints":{"allow":["GET"]}}],"collection":[{"href":"https:\/\/denizcankizil.tr\/ru\/wp-json\/wp\/v2\/posts"}],"about":[{"href":"https:\/\/denizcankizil.tr\/ru\/wp-json\/wp\/v2\/types\/post"}],"author":[{"embeddable":true,"href":"https:\/\/denizcankizil.tr\/ru\/wp-json\/wp\/v2\/users\/5"}],"replies":[{"embeddable":true,"href":"https:\/\/denizcankizil.tr\/ru\/wp-json\/wp\/v2\/comments?post=34873"}],"version-history":[{"count":0,"href":"https:\/\/denizcankizil.tr\/ru\/wp-json\/wp\/v2\/posts\/34873\/revisions"}],"wp:attachment":[{"href":"https:\/\/denizcankizil.tr\/ru\/wp-json\/wp\/v2\/media?parent=34873"}],"wp:term":[{"taxonomy":"category","embeddable":true,"href":"https:\/\/denizcankizil.tr\/ru\/wp-json\/wp\/v2\/categories?post=34873"},{"taxonomy":"post_tag","embeddable":true,"href":"https:\/\/denizcankizil.tr\/ru\/wp-json\/wp\/v2\/tags?post=34873"}],"curies":[{"name":"wp","href":"https:\/\/api.w.org\/{rel}","templated":true}]}}