{"id":34765,"date":"2025-03-05T14:42:11","date_gmt":"2025-03-05T11:42:11","guid":{"rendered":"https:\/\/denizcankizil.tr\/uncategorized-tr\/iskenderun-erkek-berberleri-fiyat-tarifesi-degisti\/"},"modified":"2025-03-05T14:42:11","modified_gmt":"2025-03-05T11:42:11","slug":"iskenderun-erkek-berberleri-fiyat-tarifesi-degisti","status":"publish","type":"post","link":"https:\/\/denizcankizil.tr\/ru\/haberler\/gundem\/iskenderun-erkek-berberleri-fiyat-tarifesi-degisti\/","title":{"rendered":"\u0130skenderun Erkek Berberleri fiyat tarifesi de\u011fi\u015fti\u2026"},"content":{"rendered":"<p>\u00d6zellikle malzeme fiyatlar\u0131ndaki g\u00fcnl\u00fck de\u011fi\u015fikliklere dikkat \u00e7eken Ba\u015fkan Nuri Taba\u015f, &#8220;Sabah ald\u0131\u011f\u0131m\u0131z malzeme bir fiyat, \u00f6\u011fleden sonra bir fiyat, bir sonraki g\u00fcn ise ba\u015fka bir fiyat oluyor. Yani fiyatlar inan\u0131lmaz \u015fekilde art\u0131yor. Bu nedenle biz de olduk\u00e7a zorlan\u0131yoruz&#8221; dedi.<\/p>\n<p>Berber ve kuaf\u00f6r esnaf\u0131n\u0131n kar\u015f\u0131la\u015ft\u0131\u011f\u0131 bir di\u011fer zorlu\u011fun ise y\u00fcksek d\u00fckk\u00e2n kiralar\u0131 oldu\u011funun alt\u0131n\u0131 \u00e7izen Taba\u015f, &#8220;Bug\u00fcn bir d\u00fckk\u00e2n kiras\u0131 10.000 ile 15.000 TL aras\u0131nda de\u011fi\u015fiyor. Bu da b\u00fcy\u00fck bir y\u00fck olu\u015fturuyor. Ayr\u0131ca ba\u011fkur primleri de 8.000 TL&#8217;den a\u015fa\u011f\u0131 de\u011fil. Fiyat art\u0131\u015flar\u0131n\u0131n etkisiyle, sekt\u00f6rdeki hizmet \u00fccretleri de y\u00fckseldi. Yeni tarifeye g\u00f6re, 1. s\u0131n\u0131f sa\u00e7 ve sakal y\u0131kama \u00fccreti 500 TL, y\u0131kamas\u0131z sa\u00e7 kesimi 400 TL, sadece sa\u00e7 kesimi ise 300 TL olarak belirlendi. Sakal t\u0131ra\u015f\u0131 200 TL, \u00e7ocuk t\u0131ra\u015f\u0131 250 TL, ma\u015fas\u0131 400 TL, topuzu ise 600 TL oldu. Manik\u00fcr 600 TL, pedik\u00fcr 500 TL, ka\u015f alma ise 200 TL&#8217;ye \u00e7\u0131kt\u0131. D\u00fc\u011f\u00fcn ve ni\u015fan gibi \u00f6zel etkinlikler i\u00e7in de y\u00fcksek fiyatlar belirlendi. Gelin ba\u015f\u0131 5000 TL, ni\u015fan ba\u015f\u0131 ise 4000 TL&#8217;ye yap\u0131lacak. Sa\u00e7 bak\u0131m\u0131 hizmeti 1100 TL, dip boyas\u0131 ise 600 TL olarak fiyatland\u0131r\u0131ld\u0131\u201d diye konu\u015ftu.<\/p>\n<p>Yeni fiyat tarifesini a\u00e7\u0131klarken, esnaf olarak m\u00fc\u015fterilerine kar\u015f\u0131 mah\u00e7up olduklar\u0131n\u0131, ancak yapacak bir \u015fey olmad\u0131\u011f\u0131n\u0131 s\u00f6zlerine ekleyen Ba\u015fkan Taba\u015f Ayr\u0131ca, hizmet fiyatlar\u0131n\u0131n 2. s\u0131n\u0131f hizmetlerde 50-100 TL daha d\u00fc\u015f\u00fck olaca\u011f\u0131n\u0131 belirterek, sekt\u00f6rdeki maliyet art\u0131\u015flar\u0131n\u0131n devam etti\u011fine dikkat \u00e7ekti.<\/p>\n<p>\u200bSon d\u00f6nemde artan maliyetlerle ilgili \u00f6nemli a\u00e7\u0131klamalarda bulunan \u0130skenderun Berberler ve Kuaf\u00f6rler Odas\u0131 Ba\u015fkan\u0131 Nuri Taba\u015f, fiyat tarifelerinin 12 ayda bir belirlendi\u011fini ancak g\u00fcn\u00fcm\u00fczdeki fiyat art\u0131\u015flar\u0131n\u0131n sekt\u00f6rlerini zor durumda b\u0131rakt\u0131\u011f\u0131n\u0131 ifade etti.\u00a0<\/p>\n<p>\u200bHaberin Al\u0131nt\u0131land\u0131\u011f\u0131 Kaynak: www.iskenderun.org<\/p>","protected":false},"excerpt":{"rendered":"<p>\u00d6zellikle malzeme fiyatlar\u0131ndaki g\u00fcnl\u00fck de\u011fi\u015fikliklere dikkat \u00e7eken Ba\u015fkan Nuri Taba\u015f, &#8220;Sabah ald\u0131\u011f\u0131m\u0131z malzeme bir fiyat, \u00f6\u011fleden sonra bir fiyat, bir sonraki g\u00fcn ise ba\u015fka bir fiyat oluyor. Yani fiyatlar inan\u0131lmaz \u015fekilde art\u0131yor. Bu nedenle biz de olduk\u00e7a zorlan\u0131yoruz&#8221; dedi. Berber ve kuaf\u00f6r esnaf\u0131n\u0131n kar\u015f\u0131la\u015ft\u0131\u011f\u0131 bir di\u011fer zorlu\u011fun ise y\u00fcksek d\u00fckk\u00e2n kiralar\u0131 oldu\u011funun alt\u0131n\u0131 \u00e7izen Taba\u015f, &#8220;Bug\u00fcn bir d\u00fckk\u00e2n kiras\u0131 10.000 ile 15.000 TL aras\u0131nda de\u011fi\u015fiyor. Bu da b\u00fcy\u00fck bir y\u00fck olu\u015fturuyor. Ayr\u0131ca ba\u011fkur primleri de 8.000 TL&#8217;den a\u015fa\u011f\u0131 de\u011fil. Fiyat art\u0131\u015flar\u0131n\u0131n etkisiyle, sekt\u00f6rdeki hizmet \u00fccretleri de y\u00fckseldi. Yeni tarifeye g\u00f6re, 1. s\u0131n\u0131f sa\u00e7 ve sakal y\u0131kama \u00fccreti 500 TL, y\u0131kamas\u0131z sa\u00e7 kesimi 400 TL, sadece sa\u00e7 kesimi ise 300 TL olarak belirlendi. Sakal t\u0131ra\u015f\u0131 200 TL, \u00e7ocuk t\u0131ra\u015f\u0131 250 TL, ma\u015fas\u0131 400 TL, topuzu ise 600 TL oldu. Manik\u00fcr 600 TL, pedik\u00fcr 500 TL, ka\u015f alma ise 200 TL&#8217;ye \u00e7\u0131kt\u0131. D\u00fc\u011f\u00fcn ve ni\u015fan gibi \u00f6zel etkinlikler i\u00e7in de y\u00fcksek fiyatlar belirlendi. Gelin ba\u015f\u0131 5000 TL, ni\u015fan ba\u015f\u0131 ise 4000 TL&#8217;ye yap\u0131lacak. Sa\u00e7 bak\u0131m\u0131 hizmeti 1100 TL, dip boyas\u0131 ise 600 TL olarak fiyatland\u0131r\u0131ld\u0131\u201d diye konu\u015ftu. Yeni fiyat tarifesini a\u00e7\u0131klarken, esnaf olarak m\u00fc\u015fterilerine kar\u015f\u0131 mah\u00e7up olduklar\u0131n\u0131, ancak yapacak bir \u015fey olmad\u0131\u011f\u0131n\u0131 s\u00f6zlerine ekleyen Ba\u015fkan Taba\u015f Ayr\u0131ca, hizmet fiyatlar\u0131n\u0131n 2. s\u0131n\u0131f hizmetlerde &hellip;<\/p>","protected":false},"author":1,"featured_media":0,"comment_status":"open","ping_status":"open","sticky":false,"template":"","format":"standard","meta":{"_acf_changed":false,"footnotes":""},"categories":[24],"tags":[],"class_list":["post-34765","post","type-post","status-publish","format-standard","has-post-thumbnail","hentry","category-gundem"],"acf":[],"yoast_head":"<!-- This site is optimized with the Yoast SEO Premium plugin v26.6 (Yoast SEO v27.1.1) - https:\/\/yoast.com\/product\/yoast-seo-premium-wordpress\/ -->\n<title>\u0130skenderun Erkek Berberleri fiyat tarifesi de\u011fi\u015fti\u2026 - Av. Deniz Can K\u0131z\u0131l<\/title>\n<meta name=\"robots\" content=\"index, follow, max-snippet:-1, max-image-preview:large, max-video-preview:-1\" \/>\n<link rel=\"canonical\" href=\"https:\/\/denizcankizil.tr\/ru\/haberler\/gundem\/iskenderun-erkek-berberleri-fiyat-tarifesi-degisti\/\" \/>\n<meta property=\"og:locale\" content=\"ru_RU\" \/>\n<meta property=\"og:type\" content=\"article\" \/>\n<meta property=\"og:title\" content=\"\u0130skenderun Erkek Berberleri fiyat tarifesi de\u011fi\u015fti\u2026\" \/>\n<meta property=\"og:description\" content=\"\u00d6zellikle malzeme fiyatlar\u0131ndaki g\u00fcnl\u00fck de\u011fi\u015fikliklere dikkat \u00e7eken Ba\u015fkan Nuri Taba\u015f, &#8220;Sabah ald\u0131\u011f\u0131m\u0131z malzeme bir fiyat, \u00f6\u011fleden sonra bir fiyat, bir sonraki g\u00fcn ise ba\u015fka bir fiyat oluyor. Yani fiyatlar inan\u0131lmaz \u015fekilde art\u0131yor. Bu nedenle biz de olduk\u00e7a zorlan\u0131yoruz&#8221; dedi. Berber ve kuaf\u00f6r esnaf\u0131n\u0131n kar\u015f\u0131la\u015ft\u0131\u011f\u0131 bir di\u011fer zorlu\u011fun ise y\u00fcksek d\u00fckk\u00e2n kiralar\u0131 oldu\u011funun alt\u0131n\u0131 \u00e7izen Taba\u015f, &#8220;Bug\u00fcn bir d\u00fckk\u00e2n kiras\u0131 10.000 ile 15.000 TL aras\u0131nda de\u011fi\u015fiyor. Bu da b\u00fcy\u00fck bir y\u00fck olu\u015fturuyor. Ayr\u0131ca ba\u011fkur primleri de 8.000 TL&#8217;den a\u015fa\u011f\u0131 de\u011fil. Fiyat art\u0131\u015flar\u0131n\u0131n etkisiyle, sekt\u00f6rdeki hizmet \u00fccretleri de y\u00fckseldi. Yeni tarifeye g\u00f6re, 1. s\u0131n\u0131f sa\u00e7 ve sakal y\u0131kama \u00fccreti 500 TL, y\u0131kamas\u0131z sa\u00e7 kesimi 400 TL, sadece sa\u00e7 kesimi ise 300 TL olarak belirlendi. Sakal t\u0131ra\u015f\u0131 200 TL, \u00e7ocuk t\u0131ra\u015f\u0131 250 TL, ma\u015fas\u0131 400 TL, topuzu ise 600 TL oldu. Manik\u00fcr 600 TL, pedik\u00fcr 500 TL, ka\u015f alma ise 200 TL&#8217;ye \u00e7\u0131kt\u0131. D\u00fc\u011f\u00fcn ve ni\u015fan gibi \u00f6zel etkinlikler i\u00e7in de y\u00fcksek fiyatlar belirlendi. Gelin ba\u015f\u0131 5000 TL, ni\u015fan ba\u015f\u0131 ise 4000 TL&#8217;ye yap\u0131lacak. Sa\u00e7 bak\u0131m\u0131 hizmeti 1100 TL, dip boyas\u0131 ise 600 TL olarak fiyatland\u0131r\u0131ld\u0131\u201d diye konu\u015ftu. Yeni fiyat tarifesini a\u00e7\u0131klarken, esnaf olarak m\u00fc\u015fterilerine kar\u015f\u0131 mah\u00e7up olduklar\u0131n\u0131, ancak yapacak bir \u015fey olmad\u0131\u011f\u0131n\u0131 s\u00f6zlerine ekleyen Ba\u015fkan Taba\u015f Ayr\u0131ca, hizmet fiyatlar\u0131n\u0131n 2. s\u0131n\u0131f hizmetlerde &hellip;\" \/>\n<meta property=\"og:url\" content=\"https:\/\/denizcankizil.tr\/ru\/haberler\/gundem\/iskenderun-erkek-berberleri-fiyat-tarifesi-degisti\/\" \/>\n<meta property=\"og:site_name\" content=\"Av. Deniz Can K\u0131z\u0131l\" \/>\n<meta property=\"article:published_time\" content=\"2025-03-05T11:42:11+00:00\" \/>\n<meta name=\"author\" content=\"admin\" \/>\n<meta name=\"twitter:card\" content=\"summary_large_image\" \/>\n<meta name=\"twitter:label1\" content=\"\u041d\u0430\u043f\u0438\u0441\u0430\u043d\u043e \u0430\u0432\u0442\u043e\u0440\u043e\u043c\" \/>\n\t<meta name=\"twitter:data1\" content=\"admin\" \/>\n\t<meta name=\"twitter:label2\" content=\"\u041f\u0440\u0438\u043c\u0435\u0440\u043d\u043e\u0435 \u0432\u0440\u0435\u043c\u044f \u0434\u043b\u044f \u0447\u0442\u0435\u043d\u0438\u044f\" \/>\n\t<meta name=\"twitter:data2\" content=\"2 \u043c\u0438\u043d\u0443\u0442\u044b\" \/>\n<script type=\"application\/ld+json\" class=\"yoast-schema-graph\">{\"@context\":\"https:\/\/schema.org\",\"@graph\":[{\"@type\":\"Article\",\"@id\":\"https:\/\/denizcankizil.tr\/ru\/haberler\/gundem\/iskenderun-erkek-berberleri-fiyat-tarifesi-degisti\/#article\",\"isPartOf\":{\"@id\":\"https:\/\/denizcankizil.tr\/ru\/haberler\/gundem\/iskenderun-erkek-berberleri-fiyat-tarifesi-degisti\/\"},\"author\":{\"name\":\"admin\",\"@id\":\"https:\/\/denizcankizil.tr\/de\/#\/schema\/person\/be3c05fe6a12686905512445d8185489\"},\"headline\":\"\u0130skenderun Erkek Berberleri fiyat tarifesi de\u011fi\u015fti\u2026\",\"datePublished\":\"2025-03-05T11:42:11+00:00\",\"mainEntityOfPage\":{\"@id\":\"https:\/\/denizcankizil.tr\/ru\/haberler\/gundem\/iskenderun-erkek-berberleri-fiyat-tarifesi-degisti\/\"},\"wordCount\":343,\"commentCount\":0,\"publisher\":{\"@id\":\"https:\/\/denizcankizil.tr\/de\/#organization\"},\"articleSection\":[\"G\u00fcndem\"],\"inLanguage\":\"ru-RU\",\"potentialAction\":[{\"@type\":\"CommentAction\",\"name\":\"Comment\",\"target\":[\"https:\/\/denizcankizil.tr\/ru\/haberler\/gundem\/iskenderun-erkek-berberleri-fiyat-tarifesi-degisti\/#respond\"]}]},{\"@type\":\"WebPage\",\"@id\":\"https:\/\/denizcankizil.tr\/ru\/haberler\/gundem\/iskenderun-erkek-berberleri-fiyat-tarifesi-degisti\/\",\"url\":\"https:\/\/denizcankizil.tr\/ru\/haberler\/gundem\/iskenderun-erkek-berberleri-fiyat-tarifesi-degisti\/\",\"name\":\"\u0130skenderun Erkek Berberleri fiyat tarifesi de\u011fi\u015fti\u2026 - Av. Deniz Can K\u0131z\u0131l\",\"isPartOf\":{\"@id\":\"https:\/\/denizcankizil.tr\/de\/#website\"},\"datePublished\":\"2025-03-05T11:42:11+00:00\",\"breadcrumb\":{\"@id\":\"https:\/\/denizcankizil.tr\/ru\/haberler\/gundem\/iskenderun-erkek-berberleri-fiyat-tarifesi-degisti\/#breadcrumb\"},\"inLanguage\":\"ru-RU\",\"potentialAction\":[{\"@type\":\"ReadAction\",\"target\":[\"https:\/\/denizcankizil.tr\/ru\/haberler\/gundem\/iskenderun-erkek-berberleri-fiyat-tarifesi-degisti\/\"]}]},{\"@type\":\"BreadcrumbList\",\"@id\":\"https:\/\/denizcankizil.tr\/ru\/haberler\/gundem\/iskenderun-erkek-berberleri-fiyat-tarifesi-degisti\/#breadcrumb\",\"itemListElement\":[{\"@type\":\"ListItem\",\"position\":1,\"name\":\"Home\",\"item\":\"https:\/\/denizcankizil.tr\/de\/\"},{\"@type\":\"ListItem\",\"position\":2,\"name\":\"\u0130skenderun Erkek Berberleri fiyat tarifesi de\u011fi\u015fti\u2026\"}]},{\"@type\":\"WebSite\",\"@id\":\"https:\/\/denizcankizil.tr\/de\/#website\",\"url\":\"https:\/\/denizcankizil.tr\/de\/\",\"name\":\"Av. Deniz Can K\u0131z\u0131l\",\"description\":\"Avukat Deniz Can K\u0131z\u0131l Antalya Barosu\",\"publisher\":{\"@id\":\"https:\/\/denizcankizil.tr\/de\/#organization\"},\"potentialAction\":[{\"@type\":\"SearchAction\",\"target\":{\"@type\":\"EntryPoint\",\"urlTemplate\":\"https:\/\/denizcankizil.tr\/de\/?s={search_term_string}\"},\"query-input\":{\"@type\":\"PropertyValueSpecification\",\"valueRequired\":true,\"valueName\":\"search_term_string\"}}],\"inLanguage\":\"ru-RU\"},{\"@type\":\"Organization\",\"@id\":\"https:\/\/denizcankizil.tr\/de\/#organization\",\"name\":\"Av. Deniz Can K\u0131z\u0131l\",\"url\":\"https:\/\/denizcankizil.tr\/de\/\",\"logo\":{\"@type\":\"ImageObject\",\"inLanguage\":\"ru-RU\",\"@id\":\"https:\/\/denizcankizil.tr\/de\/#\/schema\/logo\/image\/\",\"url\":\"https:\/\/denizcankizil.tr\/wp-content\/uploads\/2024\/10\/siyah-logo-svg.svg\",\"contentUrl\":\"https:\/\/denizcankizil.tr\/wp-content\/uploads\/2024\/10\/siyah-logo-svg.svg\",\"width\":1080,\"height\":1080,\"caption\":\"Av. Deniz Can K\u0131z\u0131l\"},\"image\":{\"@id\":\"https:\/\/denizcankizil.tr\/de\/#\/schema\/logo\/image\/\"}},{\"@type\":\"Person\",\"@id\":\"https:\/\/denizcankizil.tr\/de\/#\/schema\/person\/be3c05fe6a12686905512445d8185489\",\"name\":\"admin\",\"image\":{\"@type\":\"ImageObject\",\"inLanguage\":\"ru-RU\",\"@id\":\"https:\/\/denizcankizil.tr\/de\/#\/schema\/person\/image\/\",\"url\":\"https:\/\/secure.gravatar.com\/avatar\/c1fce94c830dc79107e174f890d7210541c4a63e8e5d816341794a2151c9d58c?s=96&d=mm&r=g\",\"contentUrl\":\"https:\/\/secure.gravatar.com\/avatar\/c1fce94c830dc79107e174f890d7210541c4a63e8e5d816341794a2151c9d58c?s=96&d=mm&r=g\",\"caption\":\"admin\"},\"sameAs\":[\"http:\/\/denizcankizil.tr\"],\"url\":\"https:\/\/www.iskenderun.org\/iskenderun-erkek-berberleri-fiyat-tarifesi-degisti\"}]}<\/script>\n<!-- \/ Yoast SEO Premium plugin. -->","yoast_head_json":{"title":"\u0130skenderun Erkek Berberleri fiyat tarifesi de\u011fi\u015fti\u2026 - Av. Deniz Can K\u0131z\u0131l","robots":{"index":"index","follow":"follow","max-snippet":"max-snippet:-1","max-image-preview":"max-image-preview:large","max-video-preview":"max-video-preview:-1"},"canonical":"https:\/\/denizcankizil.tr\/ru\/haberler\/gundem\/iskenderun-erkek-berberleri-fiyat-tarifesi-degisti\/","og_locale":"ru_RU","og_type":"article","og_title":"\u0130skenderun Erkek Berberleri fiyat tarifesi de\u011fi\u015fti\u2026","og_description":"\u00d6zellikle malzeme fiyatlar\u0131ndaki g\u00fcnl\u00fck de\u011fi\u015fikliklere dikkat \u00e7eken Ba\u015fkan Nuri Taba\u015f, &#8220;Sabah ald\u0131\u011f\u0131m\u0131z malzeme bir fiyat, \u00f6\u011fleden sonra bir fiyat, bir sonraki g\u00fcn ise ba\u015fka bir fiyat oluyor. Yani fiyatlar inan\u0131lmaz \u015fekilde art\u0131yor. Bu nedenle biz de olduk\u00e7a zorlan\u0131yoruz&#8221; dedi. Berber ve kuaf\u00f6r esnaf\u0131n\u0131n kar\u015f\u0131la\u015ft\u0131\u011f\u0131 bir di\u011fer zorlu\u011fun ise y\u00fcksek d\u00fckk\u00e2n kiralar\u0131 oldu\u011funun alt\u0131n\u0131 \u00e7izen Taba\u015f, &#8220;Bug\u00fcn bir d\u00fckk\u00e2n kiras\u0131 10.000 ile 15.000 TL aras\u0131nda de\u011fi\u015fiyor. Bu da b\u00fcy\u00fck bir y\u00fck olu\u015fturuyor. Ayr\u0131ca ba\u011fkur primleri de 8.000 TL&#8217;den a\u015fa\u011f\u0131 de\u011fil. Fiyat art\u0131\u015flar\u0131n\u0131n etkisiyle, sekt\u00f6rdeki hizmet \u00fccretleri de y\u00fckseldi. Yeni tarifeye g\u00f6re, 1. s\u0131n\u0131f sa\u00e7 ve sakal y\u0131kama \u00fccreti 500 TL, y\u0131kamas\u0131z sa\u00e7 kesimi 400 TL, sadece sa\u00e7 kesimi ise 300 TL olarak belirlendi. Sakal t\u0131ra\u015f\u0131 200 TL, \u00e7ocuk t\u0131ra\u015f\u0131 250 TL, ma\u015fas\u0131 400 TL, topuzu ise 600 TL oldu. Manik\u00fcr 600 TL, pedik\u00fcr 500 TL, ka\u015f alma ise 200 TL&#8217;ye \u00e7\u0131kt\u0131. D\u00fc\u011f\u00fcn ve ni\u015fan gibi \u00f6zel etkinlikler i\u00e7in de y\u00fcksek fiyatlar belirlendi. Gelin ba\u015f\u0131 5000 TL, ni\u015fan ba\u015f\u0131 ise 4000 TL&#8217;ye yap\u0131lacak. Sa\u00e7 bak\u0131m\u0131 hizmeti 1100 TL, dip boyas\u0131 ise 600 TL olarak fiyatland\u0131r\u0131ld\u0131\u201d diye konu\u015ftu. Yeni fiyat tarifesini a\u00e7\u0131klarken, esnaf olarak m\u00fc\u015fterilerine kar\u015f\u0131 mah\u00e7up olduklar\u0131n\u0131, ancak yapacak bir \u015fey olmad\u0131\u011f\u0131n\u0131 s\u00f6zlerine ekleyen Ba\u015fkan Taba\u015f Ayr\u0131ca, hizmet fiyatlar\u0131n\u0131n 2. s\u0131n\u0131f hizmetlerde &hellip;","og_url":"https:\/\/denizcankizil.tr\/ru\/haberler\/gundem\/iskenderun-erkek-berberleri-fiyat-tarifesi-degisti\/","og_site_name":"Av. Deniz Can K\u0131z\u0131l","article_published_time":"2025-03-05T11:42:11+00:00","author":"admin","twitter_card":"summary_large_image","twitter_misc":{"\u041d\u0430\u043f\u0438\u0441\u0430\u043d\u043e \u0430\u0432\u0442\u043e\u0440\u043e\u043c":"admin","\u041f\u0440\u0438\u043c\u0435\u0440\u043d\u043e\u0435 \u0432\u0440\u0435\u043c\u044f \u0434\u043b\u044f \u0447\u0442\u0435\u043d\u0438\u044f":"2 \u043c\u0438\u043d\u0443\u0442\u044b"},"schema":{"@context":"https:\/\/schema.org","@graph":[{"@type":"Article","@id":"https:\/\/denizcankizil.tr\/ru\/haberler\/gundem\/iskenderun-erkek-berberleri-fiyat-tarifesi-degisti\/#article","isPartOf":{"@id":"https:\/\/denizcankizil.tr\/ru\/haberler\/gundem\/iskenderun-erkek-berberleri-fiyat-tarifesi-degisti\/"},"author":{"name":"admin","@id":"https:\/\/denizcankizil.tr\/de\/#\/schema\/person\/be3c05fe6a12686905512445d8185489"},"headline":"\u0130skenderun Erkek Berberleri fiyat tarifesi de\u011fi\u015fti\u2026","datePublished":"2025-03-05T11:42:11+00:00","mainEntityOfPage":{"@id":"https:\/\/denizcankizil.tr\/ru\/haberler\/gundem\/iskenderun-erkek-berberleri-fiyat-tarifesi-degisti\/"},"wordCount":343,"commentCount":0,"publisher":{"@id":"https:\/\/denizcankizil.tr\/de\/#organization"},"articleSection":["G\u00fcndem"],"inLanguage":"ru-RU","potentialAction":[{"@type":"CommentAction","name":"Comment","target":["https:\/\/denizcankizil.tr\/ru\/haberler\/gundem\/iskenderun-erkek-berberleri-fiyat-tarifesi-degisti\/#respond"]}]},{"@type":"WebPage","@id":"https:\/\/denizcankizil.tr\/ru\/haberler\/gundem\/iskenderun-erkek-berberleri-fiyat-tarifesi-degisti\/","url":"https:\/\/denizcankizil.tr\/ru\/haberler\/gundem\/iskenderun-erkek-berberleri-fiyat-tarifesi-degisti\/","name":"\u0130skenderun Erkek Berberleri fiyat tarifesi de\u011fi\u015fti\u2026 - Av. Deniz Can K\u0131z\u0131l","isPartOf":{"@id":"https:\/\/denizcankizil.tr\/de\/#website"},"datePublished":"2025-03-05T11:42:11+00:00","breadcrumb":{"@id":"https:\/\/denizcankizil.tr\/ru\/haberler\/gundem\/iskenderun-erkek-berberleri-fiyat-tarifesi-degisti\/#breadcrumb"},"inLanguage":"ru-RU","potentialAction":[{"@type":"ReadAction","target":["https:\/\/denizcankizil.tr\/ru\/haberler\/gundem\/iskenderun-erkek-berberleri-fiyat-tarifesi-degisti\/"]}]},{"@type":"BreadcrumbList","@id":"https:\/\/denizcankizil.tr\/ru\/haberler\/gundem\/iskenderun-erkek-berberleri-fiyat-tarifesi-degisti\/#breadcrumb","itemListElement":[{"@type":"ListItem","position":1,"name":"Home","item":"https:\/\/denizcankizil.tr\/de\/"},{"@type":"ListItem","position":2,"name":"\u0130skenderun Erkek Berberleri fiyat tarifesi de\u011fi\u015fti\u2026"}]},{"@type":"WebSite","@id":"https:\/\/denizcankizil.tr\/de\/#website","url":"https:\/\/denizcankizil.tr\/de\/","name":"Av. Deniz Can K\u0131z\u0131l","description":"Avukat Deniz Can K\u0131z\u0131l Antalya Barosu","publisher":{"@id":"https:\/\/denizcankizil.tr\/de\/#organization"},"potentialAction":[{"@type":"SearchAction","target":{"@type":"EntryPoint","urlTemplate":"https:\/\/denizcankizil.tr\/de\/?s={search_term_string}"},"query-input":{"@type":"PropertyValueSpecification","valueRequired":true,"valueName":"search_term_string"}}],"inLanguage":"ru-RU"},{"@type":"Organization","@id":"https:\/\/denizcankizil.tr\/de\/#organization","name":"Av. Deniz Can K\u0131z\u0131l","url":"https:\/\/denizcankizil.tr\/de\/","logo":{"@type":"ImageObject","inLanguage":"ru-RU","@id":"https:\/\/denizcankizil.tr\/de\/#\/schema\/logo\/image\/","url":"https:\/\/denizcankizil.tr\/wp-content\/uploads\/2024\/10\/siyah-logo-svg.svg","contentUrl":"https:\/\/denizcankizil.tr\/wp-content\/uploads\/2024\/10\/siyah-logo-svg.svg","width":1080,"height":1080,"caption":"Av. Deniz Can K\u0131z\u0131l"},"image":{"@id":"https:\/\/denizcankizil.tr\/de\/#\/schema\/logo\/image\/"}},{"@type":"Person","@id":"https:\/\/denizcankizil.tr\/de\/#\/schema\/person\/be3c05fe6a12686905512445d8185489","name":"\u0430\u0434\u043c\u0438\u043d","image":{"@type":"ImageObject","inLanguage":"ru-RU","@id":"https:\/\/denizcankizil.tr\/de\/#\/schema\/person\/image\/","url":"https:\/\/secure.gravatar.com\/avatar\/c1fce94c830dc79107e174f890d7210541c4a63e8e5d816341794a2151c9d58c?s=96&d=mm&r=g","contentUrl":"https:\/\/secure.gravatar.com\/avatar\/c1fce94c830dc79107e174f890d7210541c4a63e8e5d816341794a2151c9d58c?s=96&d=mm&r=g","caption":"admin"},"sameAs":["http:\/\/denizcankizil.tr"],"url":"https:\/\/www.iskenderun.org\/iskenderun-erkek-berberleri-fiyat-tarifesi-degisti"}]}},"_links":{"self":[{"href":"https:\/\/denizcankizil.tr\/ru\/wp-json\/wp\/v2\/posts\/34765","targetHints":{"allow":["GET"]}}],"collection":[{"href":"https:\/\/denizcankizil.tr\/ru\/wp-json\/wp\/v2\/posts"}],"about":[{"href":"https:\/\/denizcankizil.tr\/ru\/wp-json\/wp\/v2\/types\/post"}],"author":[{"embeddable":true,"href":"https:\/\/denizcankizil.tr\/ru\/wp-json\/wp\/v2\/users\/1"}],"replies":[{"embeddable":true,"href":"https:\/\/denizcankizil.tr\/ru\/wp-json\/wp\/v2\/comments?post=34765"}],"version-history":[{"count":0,"href":"https:\/\/denizcankizil.tr\/ru\/wp-json\/wp\/v2\/posts\/34765\/revisions"}],"wp:attachment":[{"href":"https:\/\/denizcankizil.tr\/ru\/wp-json\/wp\/v2\/media?parent=34765"}],"wp:term":[{"taxonomy":"category","embeddable":true,"href":"https:\/\/denizcankizil.tr\/ru\/wp-json\/wp\/v2\/categories?post=34765"},{"taxonomy":"post_tag","embeddable":true,"href":"https:\/\/denizcankizil.tr\/ru\/wp-json\/wp\/v2\/tags?post=34765"}],"curies":[{"name":"wp","href":"https:\/\/api.w.org\/{rel}","templated":true}]}}