{"id":34758,"date":"2025-03-05T13:41:32","date_gmt":"2025-03-05T10:41:32","guid":{"rendered":"https:\/\/denizcankizil.tr\/uncategorized-tr\/cocuklara-yelken-egitimi\/"},"modified":"2025-03-05T13:41:32","modified_gmt":"2025-03-05T10:41:32","slug":"cocuklara-yelken-egitimi","status":"publish","type":"post","link":"https:\/\/denizcankizil.tr\/ru\/haberler\/antalya\/cocuklara-yelken-egitimi\/","title":{"rendered":"\u00c7ocuklara yelken e\u011fitimi"},"content":{"rendered":"<p>Deniz \u015fehri Antalya&#8217;da B\u00fcy\u00fck\u015fehir Belediyesi taraf\u0131ndan 6-12 ya\u015f aras\u0131 \u00e7ocuklara y\u00f6nelik &#8220;Temel Yelken E\u011fitimi&#8221; d\u00fczenleniyor. 15 Mart&#8217;ta ba\u015flayacak e\u011fitim i\u00e7in ba\u015fvurular ba\u015flad\u0131. \u00dc\u00e7 hafta s\u00fcrecek e\u011fitimler cumartesi ve pazar g\u00fcnleri Konyaalt\u0131 Beach Park&#8217;ta bulunan Antalya Yelken Kul\u00fcb\u00fc&#8217;nde ger\u00e7ekle\u015fecek. Toplam alt\u0131 s\u0131n\u0131f temel yelken e\u011fitiminin ilk iki dersi karada s\u00f6zel olacak daha sonra suda uygulamal\u0131 e\u011fitim verilecek. Kurs sonunda kat\u0131l\u0131mc\u0131lara sertifika verilecek.<\/p>\n<p>Son ba\u015fvuru tarihi 10 Mart<br \/>\nTemel yelken e\u011fitimine 6-12 ya\u015f aras\u0131, y\u00fczme bilen, maksimum 160 cm boy ve 40 kg a\u011f\u0131rl\u0131\u011fa sahip olan \u00e7ocuklar kat\u0131labilecek. Bu \u015fartlar\u0131 yerine getirebilen sporcu adaylar\u0131 10 Mart tarihine kadar genclikspor.antalya.bel.tr adresinden ba\u015fvuruda bulunabilecek. 0242 321 24 70 no&#8217;lu numaradan bilgi al\u0131nabilecek.<\/p>\n<p>Kaynak: www.kanalv.com.tr Haber Sitesinden Al\u0131nm\u0131\u015ft\u0131r.<\/p>","protected":false},"excerpt":{"rendered":"<p>Deniz \u015fehri Antalya&#8217;da B\u00fcy\u00fck\u015fehir Belediyesi taraf\u0131ndan 6-12 ya\u015f aras\u0131 \u00e7ocuklara y\u00f6nelik &#8220;Temel Yelken E\u011fitimi&#8221; d\u00fczenleniyor. 15 Mart&#8217;ta ba\u015flayacak e\u011fitim i\u00e7in ba\u015fvurular ba\u015flad\u0131. \u00dc\u00e7 hafta s\u00fcrecek e\u011fitimler cumartesi ve pazar g\u00fcnleri Konyaalt\u0131 Beach Park&#8217;ta bulunan Antalya Yelken Kul\u00fcb\u00fc&#8217;nde ger\u00e7ekle\u015fecek. Toplam alt\u0131 s\u0131n\u0131f temel yelken e\u011fitiminin ilk iki dersi karada s\u00f6zel olacak daha sonra suda uygulamal\u0131 e\u011fitim verilecek. Kurs sonunda kat\u0131l\u0131mc\u0131lara sertifika verilecek. Son ba\u015fvuru tarihi 10 Mart Temel yelken e\u011fitimine 6-12 ya\u015f aras\u0131, y\u00fczme bilen, maksimum 160 cm boy ve 40 kg a\u011f\u0131rl\u0131\u011fa sahip olan \u00e7ocuklar kat\u0131labilecek. Bu \u015fartlar\u0131 yerine getirebilen sporcu adaylar\u0131 10 Mart tarihine kadar genclikspor.antalya.bel.tr adresinden ba\u015fvuruda bulunabilecek. 0242 321 24 70 no&#8217;lu numaradan bilgi al\u0131nabilecek. Kaynak: www.kanalv.com.tr Haber Sitesinden Al\u0131nm\u0131\u015ft\u0131r.<\/p>","protected":false},"author":4,"featured_media":34759,"comment_status":"open","ping_status":"open","sticky":false,"template":"","format":"standard","meta":{"_acf_changed":false,"footnotes":""},"categories":[26],"tags":[],"class_list":["post-34758","post","type-post","status-publish","format-standard","has-post-thumbnail","hentry","category-antalya"],"acf":[],"yoast_head":"<!-- This site is optimized with the Yoast SEO Premium plugin v26.6 (Yoast SEO v27.1.1) - https:\/\/yoast.com\/product\/yoast-seo-premium-wordpress\/ -->\n<title>\u00c7ocuklara yelken e\u011fitimi - Av. Deniz Can K\u0131z\u0131l<\/title>\n<meta name=\"robots\" content=\"index, follow, max-snippet:-1, max-image-preview:large, max-video-preview:-1\" \/>\n<link rel=\"canonical\" href=\"https:\/\/denizcankizil.tr\/ru\/haberler\/antalya\/cocuklara-yelken-egitimi\/\" \/>\n<meta property=\"og:locale\" content=\"ru_RU\" \/>\n<meta property=\"og:type\" content=\"article\" \/>\n<meta property=\"og:title\" content=\"\u00c7ocuklara yelken e\u011fitimi\" \/>\n<meta property=\"og:description\" content=\"Deniz \u015fehri Antalya&#8217;da B\u00fcy\u00fck\u015fehir Belediyesi taraf\u0131ndan 6-12 ya\u015f aras\u0131 \u00e7ocuklara y\u00f6nelik &#8220;Temel Yelken E\u011fitimi&#8221; d\u00fczenleniyor. 15 Mart&#8217;ta ba\u015flayacak e\u011fitim i\u00e7in ba\u015fvurular ba\u015flad\u0131. \u00dc\u00e7 hafta s\u00fcrecek e\u011fitimler cumartesi ve pazar g\u00fcnleri Konyaalt\u0131 Beach Park&#8217;ta bulunan Antalya Yelken Kul\u00fcb\u00fc&#8217;nde ger\u00e7ekle\u015fecek. Toplam alt\u0131 s\u0131n\u0131f temel yelken e\u011fitiminin ilk iki dersi karada s\u00f6zel olacak daha sonra suda uygulamal\u0131 e\u011fitim verilecek. Kurs sonunda kat\u0131l\u0131mc\u0131lara sertifika verilecek. Son ba\u015fvuru tarihi 10 Mart Temel yelken e\u011fitimine 6-12 ya\u015f aras\u0131, y\u00fczme bilen, maksimum 160 cm boy ve 40 kg a\u011f\u0131rl\u0131\u011fa sahip olan \u00e7ocuklar kat\u0131labilecek. Bu \u015fartlar\u0131 yerine getirebilen sporcu adaylar\u0131 10 Mart tarihine kadar genclikspor.antalya.bel.tr adresinden ba\u015fvuruda bulunabilecek. 0242 321 24 70 no&#8217;lu numaradan bilgi al\u0131nabilecek. Kaynak: www.kanalv.com.tr Haber Sitesinden Al\u0131nm\u0131\u015ft\u0131r.\" \/>\n<meta property=\"og:url\" content=\"https:\/\/denizcankizil.tr\/ru\/haberler\/antalya\/cocuklara-yelken-egitimi\/\" \/>\n<meta property=\"og:site_name\" content=\"Av. Deniz Can K\u0131z\u0131l\" \/>\n<meta property=\"article:published_time\" content=\"2025-03-05T10:41:32+00:00\" \/>\n<meta property=\"og:image\" content=\"https:\/\/denizcankizil.tr\/wp-content\/uploads\/2025\/03\/5331-01-tOm3hi.jpeg\" \/>\n\t<meta property=\"og:image:width\" content=\"1280\" \/>\n\t<meta property=\"og:image:height\" content=\"720\" \/>\n\t<meta property=\"og:image:type\" content=\"image\/jpeg\" \/>\n<meta name=\"author\" content=\"Av. Deniz Can K\u0131z\u0131l\" \/>\n<meta name=\"twitter:card\" content=\"summary_large_image\" \/>\n<meta name=\"twitter:label1\" content=\"\u041d\u0430\u043f\u0438\u0441\u0430\u043d\u043e \u0430\u0432\u0442\u043e\u0440\u043e\u043c\" \/>\n\t<meta name=\"twitter:data1\" content=\"Av. Deniz Can K\u0131z\u0131l\" \/>\n\t<meta name=\"twitter:label2\" content=\"\u041f\u0440\u0438\u043c\u0435\u0440\u043d\u043e\u0435 \u0432\u0440\u0435\u043c\u044f \u0434\u043b\u044f \u0447\u0442\u0435\u043d\u0438\u044f\" \/>\n\t<meta name=\"twitter:data2\" content=\"1 \u043c\u0438\u043d\u0443\u0442\u0430\" \/>\n<script type=\"application\/ld+json\" class=\"yoast-schema-graph\">{\"@context\":\"https:\/\/schema.org\",\"@graph\":[{\"@type\":\"Article\",\"@id\":\"https:\/\/denizcankizil.tr\/ru\/haberler\/antalya\/cocuklara-yelken-egitimi\/#article\",\"isPartOf\":{\"@id\":\"https:\/\/denizcankizil.tr\/ru\/haberler\/antalya\/cocuklara-yelken-egitimi\/\"},\"author\":{\"name\":\"Av. Deniz Can K\u0131z\u0131l\",\"@id\":\"https:\/\/denizcankizil.tr\/#\/schema\/person\/5dc1b22991bd7ac833867c10afc9b0ff\"},\"headline\":\"\u00c7ocuklara yelken e\u011fitimi\",\"datePublished\":\"2025-03-05T10:41:32+00:00\",\"mainEntityOfPage\":{\"@id\":\"https:\/\/denizcankizil.tr\/ru\/haberler\/antalya\/cocuklara-yelken-egitimi\/\"},\"wordCount\":155,\"commentCount\":0,\"publisher\":{\"@id\":\"https:\/\/denizcankizil.tr\/#organization\"},\"image\":{\"@id\":\"https:\/\/denizcankizil.tr\/ru\/haberler\/antalya\/cocuklara-yelken-egitimi\/#primaryimage\"},\"thumbnailUrl\":\"https:\/\/denizcankizil.tr\/wp-content\/uploads\/2025\/03\/5331-01-tOm3hi.jpeg\",\"articleSection\":[\"Antalya\"],\"inLanguage\":\"ru-RU\",\"potentialAction\":[{\"@type\":\"CommentAction\",\"name\":\"Comment\",\"target\":[\"https:\/\/denizcankizil.tr\/ru\/haberler\/antalya\/cocuklara-yelken-egitimi\/#respond\"]}]},{\"@type\":\"WebPage\",\"@id\":\"https:\/\/denizcankizil.tr\/ru\/haberler\/antalya\/cocuklara-yelken-egitimi\/\",\"url\":\"https:\/\/denizcankizil.tr\/ru\/haberler\/antalya\/cocuklara-yelken-egitimi\/\",\"name\":\"\u00c7ocuklara yelken e\u011fitimi - Av. Deniz Can K\u0131z\u0131l\",\"isPartOf\":{\"@id\":\"https:\/\/denizcankizil.tr\/#website\"},\"primaryImageOfPage\":{\"@id\":\"https:\/\/denizcankizil.tr\/ru\/haberler\/antalya\/cocuklara-yelken-egitimi\/#primaryimage\"},\"image\":{\"@id\":\"https:\/\/denizcankizil.tr\/ru\/haberler\/antalya\/cocuklara-yelken-egitimi\/#primaryimage\"},\"thumbnailUrl\":\"https:\/\/denizcankizil.tr\/wp-content\/uploads\/2025\/03\/5331-01-tOm3hi.jpeg\",\"datePublished\":\"2025-03-05T10:41:32+00:00\",\"breadcrumb\":{\"@id\":\"https:\/\/denizcankizil.tr\/ru\/haberler\/antalya\/cocuklara-yelken-egitimi\/#breadcrumb\"},\"inLanguage\":\"ru-RU\",\"potentialAction\":[{\"@type\":\"ReadAction\",\"target\":[\"https:\/\/denizcankizil.tr\/ru\/haberler\/antalya\/cocuklara-yelken-egitimi\/\"]}]},{\"@type\":\"ImageObject\",\"inLanguage\":\"ru-RU\",\"@id\":\"https:\/\/denizcankizil.tr\/ru\/haberler\/antalya\/cocuklara-yelken-egitimi\/#primaryimage\",\"url\":\"https:\/\/denizcankizil.tr\/wp-content\/uploads\/2025\/03\/5331-01-tOm3hi.jpeg\",\"contentUrl\":\"https:\/\/denizcankizil.tr\/wp-content\/uploads\/2025\/03\/5331-01-tOm3hi.jpeg\",\"width\":1280,\"height\":720},{\"@type\":\"BreadcrumbList\",\"@id\":\"https:\/\/denizcankizil.tr\/ru\/haberler\/antalya\/cocuklara-yelken-egitimi\/#breadcrumb\",\"itemListElement\":[{\"@type\":\"ListItem\",\"position\":1,\"name\":\"Home\",\"item\":\"https:\/\/denizcankizil.tr\/uk\/\"},{\"@type\":\"ListItem\",\"position\":2,\"name\":\"\u00c7ocuklara yelken e\u011fitimi\"}]},{\"@type\":\"WebSite\",\"@id\":\"https:\/\/denizcankizil.tr\/#website\",\"url\":\"https:\/\/denizcankizil.tr\/\",\"name\":\"Av. Deniz Can K\u0131z\u0131l\",\"description\":\"Avukat Deniz Can K\u0131z\u0131l Antalya Barosu\",\"publisher\":{\"@id\":\"https:\/\/denizcankizil.tr\/#organization\"},\"potentialAction\":[{\"@type\":\"SearchAction\",\"target\":{\"@type\":\"EntryPoint\",\"urlTemplate\":\"https:\/\/denizcankizil.tr\/?s={search_term_string}\"},\"query-input\":{\"@type\":\"PropertyValueSpecification\",\"valueRequired\":true,\"valueName\":\"search_term_string\"}}],\"inLanguage\":\"ru-RU\"},{\"@type\":\"Organization\",\"@id\":\"https:\/\/denizcankizil.tr\/#organization\",\"name\":\"Av. Deniz Can K\u0131z\u0131l\",\"url\":\"https:\/\/denizcankizil.tr\/\",\"logo\":{\"@type\":\"ImageObject\",\"inLanguage\":\"ru-RU\",\"@id\":\"https:\/\/denizcankizil.tr\/#\/schema\/logo\/image\/\",\"url\":\"https:\/\/denizcankizil.tr\/wp-content\/uploads\/2024\/10\/siyah-logo-svg.svg\",\"contentUrl\":\"https:\/\/denizcankizil.tr\/wp-content\/uploads\/2024\/10\/siyah-logo-svg.svg\",\"width\":1080,\"height\":1080,\"caption\":\"Av. Deniz Can K\u0131z\u0131l\"},\"image\":{\"@id\":\"https:\/\/denizcankizil.tr\/#\/schema\/logo\/image\/\"}},{\"@type\":\"Person\",\"@id\":\"https:\/\/denizcankizil.tr\/#\/schema\/person\/5dc1b22991bd7ac833867c10afc9b0ff\",\"name\":\"Av. Deniz Can K\u0131z\u0131l\",\"image\":{\"@type\":\"ImageObject\",\"inLanguage\":\"ru-RU\",\"@id\":\"https:\/\/denizcankizil.tr\/#\/schema\/person\/image\/\",\"url\":\"https:\/\/secure.gravatar.com\/avatar\/a0b128fb9855c79efc976d5640eedb31dc35ec297594d6016d2cf7c60e975bb6?s=96&d=mm&r=g\",\"contentUrl\":\"https:\/\/secure.gravatar.com\/avatar\/a0b128fb9855c79efc976d5640eedb31dc35ec297594d6016d2cf7c60e975bb6?s=96&d=mm&r=g\",\"caption\":\"Av. Deniz Can K\u0131z\u0131l\"},\"sameAs\":[\"http:\/\/www.denizcankizil.tr\"],\"url\":\"https:\/\/denizcankizil.tr\/ru\/author\/denizcankizil\/\"}]}<\/script>\n<!-- \/ Yoast SEO Premium plugin. -->","yoast_head_json":{"title":"\u00c7ocuklara yelken e\u011fitimi - Av. Deniz Can K\u0131z\u0131l","robots":{"index":"index","follow":"follow","max-snippet":"max-snippet:-1","max-image-preview":"max-image-preview:large","max-video-preview":"max-video-preview:-1"},"canonical":"https:\/\/denizcankizil.tr\/ru\/haberler\/antalya\/cocuklara-yelken-egitimi\/","og_locale":"ru_RU","og_type":"article","og_title":"\u00c7ocuklara yelken e\u011fitimi","og_description":"Deniz \u015fehri Antalya&#8217;da B\u00fcy\u00fck\u015fehir Belediyesi taraf\u0131ndan 6-12 ya\u015f aras\u0131 \u00e7ocuklara y\u00f6nelik &#8220;Temel Yelken E\u011fitimi&#8221; d\u00fczenleniyor. 15 Mart&#8217;ta ba\u015flayacak e\u011fitim i\u00e7in ba\u015fvurular ba\u015flad\u0131. \u00dc\u00e7 hafta s\u00fcrecek e\u011fitimler cumartesi ve pazar g\u00fcnleri Konyaalt\u0131 Beach Park&#8217;ta bulunan Antalya Yelken Kul\u00fcb\u00fc&#8217;nde ger\u00e7ekle\u015fecek. Toplam alt\u0131 s\u0131n\u0131f temel yelken e\u011fitiminin ilk iki dersi karada s\u00f6zel olacak daha sonra suda uygulamal\u0131 e\u011fitim verilecek. Kurs sonunda kat\u0131l\u0131mc\u0131lara sertifika verilecek. Son ba\u015fvuru tarihi 10 Mart Temel yelken e\u011fitimine 6-12 ya\u015f aras\u0131, y\u00fczme bilen, maksimum 160 cm boy ve 40 kg a\u011f\u0131rl\u0131\u011fa sahip olan \u00e7ocuklar kat\u0131labilecek. Bu \u015fartlar\u0131 yerine getirebilen sporcu adaylar\u0131 10 Mart tarihine kadar genclikspor.antalya.bel.tr adresinden ba\u015fvuruda bulunabilecek. 0242 321 24 70 no&#8217;lu numaradan bilgi al\u0131nabilecek. Kaynak: www.kanalv.com.tr Haber Sitesinden Al\u0131nm\u0131\u015ft\u0131r.","og_url":"https:\/\/denizcankizil.tr\/ru\/haberler\/antalya\/cocuklara-yelken-egitimi\/","og_site_name":"Av. Deniz Can K\u0131z\u0131l","article_published_time":"2025-03-05T10:41:32+00:00","og_image":[{"width":1280,"height":720,"url":"https:\/\/denizcankizil.tr\/wp-content\/uploads\/2025\/03\/5331-01-tOm3hi.jpeg","type":"image\/jpeg"}],"author":"Av. Deniz Can K\u0131z\u0131l","twitter_card":"summary_large_image","twitter_misc":{"\u041d\u0430\u043f\u0438\u0441\u0430\u043d\u043e \u0430\u0432\u0442\u043e\u0440\u043e\u043c":"Av. Deniz Can K\u0131z\u0131l","\u041f\u0440\u0438\u043c\u0435\u0440\u043d\u043e\u0435 \u0432\u0440\u0435\u043c\u044f \u0434\u043b\u044f \u0447\u0442\u0435\u043d\u0438\u044f":"1 \u043c\u0438\u043d\u0443\u0442\u0430"},"schema":{"@context":"https:\/\/schema.org","@graph":[{"@type":"Article","@id":"https:\/\/denizcankizil.tr\/ru\/haberler\/antalya\/cocuklara-yelken-egitimi\/#article","isPartOf":{"@id":"https:\/\/denizcankizil.tr\/ru\/haberler\/antalya\/cocuklara-yelken-egitimi\/"},"author":{"name":"Av. Deniz Can K\u0131z\u0131l","@id":"https:\/\/denizcankizil.tr\/#\/schema\/person\/5dc1b22991bd7ac833867c10afc9b0ff"},"headline":"\u00c7ocuklara yelken e\u011fitimi","datePublished":"2025-03-05T10:41:32+00:00","mainEntityOfPage":{"@id":"https:\/\/denizcankizil.tr\/ru\/haberler\/antalya\/cocuklara-yelken-egitimi\/"},"wordCount":155,"commentCount":0,"publisher":{"@id":"https:\/\/denizcankizil.tr\/#organization"},"image":{"@id":"https:\/\/denizcankizil.tr\/ru\/haberler\/antalya\/cocuklara-yelken-egitimi\/#primaryimage"},"thumbnailUrl":"https:\/\/denizcankizil.tr\/wp-content\/uploads\/2025\/03\/5331-01-tOm3hi.jpeg","articleSection":["Antalya"],"inLanguage":"ru-RU","potentialAction":[{"@type":"CommentAction","name":"Comment","target":["https:\/\/denizcankizil.tr\/ru\/haberler\/antalya\/cocuklara-yelken-egitimi\/#respond"]}]},{"@type":"WebPage","@id":"https:\/\/denizcankizil.tr\/ru\/haberler\/antalya\/cocuklara-yelken-egitimi\/","url":"https:\/\/denizcankizil.tr\/ru\/haberler\/antalya\/cocuklara-yelken-egitimi\/","name":"\u00c7ocuklara yelken e\u011fitimi - Av. Deniz Can K\u0131z\u0131l","isPartOf":{"@id":"https:\/\/denizcankizil.tr\/#website"},"primaryImageOfPage":{"@id":"https:\/\/denizcankizil.tr\/ru\/haberler\/antalya\/cocuklara-yelken-egitimi\/#primaryimage"},"image":{"@id":"https:\/\/denizcankizil.tr\/ru\/haberler\/antalya\/cocuklara-yelken-egitimi\/#primaryimage"},"thumbnailUrl":"https:\/\/denizcankizil.tr\/wp-content\/uploads\/2025\/03\/5331-01-tOm3hi.jpeg","datePublished":"2025-03-05T10:41:32+00:00","breadcrumb":{"@id":"https:\/\/denizcankizil.tr\/ru\/haberler\/antalya\/cocuklara-yelken-egitimi\/#breadcrumb"},"inLanguage":"ru-RU","potentialAction":[{"@type":"ReadAction","target":["https:\/\/denizcankizil.tr\/ru\/haberler\/antalya\/cocuklara-yelken-egitimi\/"]}]},{"@type":"ImageObject","inLanguage":"ru-RU","@id":"https:\/\/denizcankizil.tr\/ru\/haberler\/antalya\/cocuklara-yelken-egitimi\/#primaryimage","url":"https:\/\/denizcankizil.tr\/wp-content\/uploads\/2025\/03\/5331-01-tOm3hi.jpeg","contentUrl":"https:\/\/denizcankizil.tr\/wp-content\/uploads\/2025\/03\/5331-01-tOm3hi.jpeg","width":1280,"height":720},{"@type":"BreadcrumbList","@id":"https:\/\/denizcankizil.tr\/ru\/haberler\/antalya\/cocuklara-yelken-egitimi\/#breadcrumb","itemListElement":[{"@type":"ListItem","position":1,"name":"Home","item":"https:\/\/denizcankizil.tr\/uk\/"},{"@type":"ListItem","position":2,"name":"\u00c7ocuklara yelken e\u011fitimi"}]},{"@type":"WebSite","@id":"https:\/\/denizcankizil.tr\/#website","url":"https:\/\/denizcankizil.tr\/","name":"Av. Deniz Can K\u0131z\u0131l","description":"Avukat Deniz Can K\u0131z\u0131l Antalya Barosu","publisher":{"@id":"https:\/\/denizcankizil.tr\/#organization"},"potentialAction":[{"@type":"SearchAction","target":{"@type":"EntryPoint","urlTemplate":"https:\/\/denizcankizil.tr\/?s={search_term_string}"},"query-input":{"@type":"PropertyValueSpecification","valueRequired":true,"valueName":"search_term_string"}}],"inLanguage":"ru-RU"},{"@type":"Organization","@id":"https:\/\/denizcankizil.tr\/#organization","name":"Av. Deniz Can K\u0131z\u0131l","url":"https:\/\/denizcankizil.tr\/","logo":{"@type":"ImageObject","inLanguage":"ru-RU","@id":"https:\/\/denizcankizil.tr\/#\/schema\/logo\/image\/","url":"https:\/\/denizcankizil.tr\/wp-content\/uploads\/2024\/10\/siyah-logo-svg.svg","contentUrl":"https:\/\/denizcankizil.tr\/wp-content\/uploads\/2024\/10\/siyah-logo-svg.svg","width":1080,"height":1080,"caption":"Av. Deniz Can K\u0131z\u0131l"},"image":{"@id":"https:\/\/denizcankizil.tr\/#\/schema\/logo\/image\/"}},{"@type":"Person","@id":"https:\/\/denizcankizil.tr\/#\/schema\/person\/5dc1b22991bd7ac833867c10afc9b0ff","name":"Av. Deniz Can K\u0131z\u0131l","image":{"@type":"ImageObject","inLanguage":"ru-RU","@id":"https:\/\/denizcankizil.tr\/#\/schema\/person\/image\/","url":"https:\/\/secure.gravatar.com\/avatar\/a0b128fb9855c79efc976d5640eedb31dc35ec297594d6016d2cf7c60e975bb6?s=96&d=mm&r=g","contentUrl":"https:\/\/secure.gravatar.com\/avatar\/a0b128fb9855c79efc976d5640eedb31dc35ec297594d6016d2cf7c60e975bb6?s=96&d=mm&r=g","caption":"Av. Deniz Can K\u0131z\u0131l"},"sameAs":["http:\/\/www.denizcankizil.tr"],"url":"https:\/\/denizcankizil.tr\/ru\/author\/denizcankizil\/"}]}},"_links":{"self":[{"href":"https:\/\/denizcankizil.tr\/ru\/wp-json\/wp\/v2\/posts\/34758","targetHints":{"allow":["GET"]}}],"collection":[{"href":"https:\/\/denizcankizil.tr\/ru\/wp-json\/wp\/v2\/posts"}],"about":[{"href":"https:\/\/denizcankizil.tr\/ru\/wp-json\/wp\/v2\/types\/post"}],"author":[{"embeddable":true,"href":"https:\/\/denizcankizil.tr\/ru\/wp-json\/wp\/v2\/users\/4"}],"replies":[{"embeddable":true,"href":"https:\/\/denizcankizil.tr\/ru\/wp-json\/wp\/v2\/comments?post=34758"}],"version-history":[{"count":0,"href":"https:\/\/denizcankizil.tr\/ru\/wp-json\/wp\/v2\/posts\/34758\/revisions"}],"wp:featuredmedia":[{"embeddable":true,"href":"https:\/\/denizcankizil.tr\/ru\/wp-json\/wp\/v2\/media\/34759"}],"wp:attachment":[{"href":"https:\/\/denizcankizil.tr\/ru\/wp-json\/wp\/v2\/media?parent=34758"}],"wp:term":[{"taxonomy":"category","embeddable":true,"href":"https:\/\/denizcankizil.tr\/ru\/wp-json\/wp\/v2\/categories?post=34758"},{"taxonomy":"post_tag","embeddable":true,"href":"https:\/\/denizcankizil.tr\/ru\/wp-json\/wp\/v2\/tags?post=34758"}],"curies":[{"name":"wp","href":"https:\/\/api.w.org\/{rel}","templated":true}]}}