{"id":34750,"date":"2025-03-05T12:41:41","date_gmt":"2025-03-05T09:41:41","guid":{"rendered":"https:\/\/denizcankizil.tr\/uncategorized-tr\/tarihi-kaleici-surlari-tehlike-saciyor\/"},"modified":"2025-03-05T12:41:41","modified_gmt":"2025-03-05T09:41:41","slug":"tarihi-kaleici-surlari-tehlike-saciyor","status":"publish","type":"post","link":"https:\/\/denizcankizil.tr\/ru\/haberler\/antalya\/tarihi-kaleici-surlari-tehlike-saciyor\/","title":{"rendered":"Tarihi Kalei\u00e7i surlar\u0131 tehlike sa\u00e7\u0131yor"},"content":{"rendered":"<p>Tarihi Kalei\u00e7i b\u00f6lgesinde yer alan surlar, g\u00f6zle g\u00f6r\u00fcl\u00fcr \u015fekilde \u00e7atlaklarla ve yar\u0131klarla dolu. Ge\u00e7ti\u011fimiz y\u0131l \u015eubat ay\u0131nda 2 g\u00fcn s\u00fcren sa\u011fanak ya\u011f\u0131\u015f, Kalei\u00e7i surlar\u0131nda y\u0131k\u0131nt\u0131lar olu\u015fturmu\u015f, g\u00f6\u00e7\u00fc\u011f\u00fcn ya\u015fand\u0131\u011f\u0131 b\u00f6lgenin \u00fczerinde yer alan bir i\u015fletmenin alt\u0131nda ise b\u00fcy\u00fck bir bo\u015fluk meydana gelmi\u015fti. Son d\u00f6nemde artan \u00e7atlaklar ve y\u0131k\u0131lma riskleri, yaln\u0131zca tarihi yap\u0131y\u0131 de\u011fil, \u00e7evredeki yap\u0131lar, i\u015fletmeler ve yoldan ge\u00e7en insanlar i\u00e7in de tehlike olu\u015fturuyor Konuyla ilgili a\u00e7\u0131klama yapan Jeoloji M\u00fchendisleri Odas\u0131 (JMO) Antalya \u015eubesi Y\u00f6netim Kurulu Ba\u015fkan\u0131 Mustafa Karanc\u0131, bu durumun beklenen bir geli\u015fme oldu\u011funu belirterek acil \u00f6nlemler al\u0131nmas\u0131 gerekti\u011fini vurgulad\u0131.<\/p>\n<p>&#8220;Bu yar\u0131klar bizim i\u00e7in s\u00fcrpriz de\u011fil&#8221;<br \/>\nBa\u015fkan Karanc\u0131, surlarda meydana gelen \u00e7atlaklar\u0131n, kaya d\u00fc\u015fmelerinin ve g\u00f6\u00e7melerin bir\u00e7ok fakt\u00f6re ba\u011fl\u0131 oldu\u011funu belirtti. En b\u00fcy\u00fck nedenlerden birinin ya\u011fmur sular\u0131n\u0131n falezlere ve surlara etkisi oldu\u011funu dile getiren Karanc\u0131, &#8220;Bu yar\u0131klar bizler i\u00e7in s\u00fcrpriz de\u011fil. Y\u00fczey sular\u0131n\u0131n g\u00fcneye do\u011fru akarken kar\u015f\u0131la\u015ft\u0131klar\u0131 engellerde neden olduklar\u0131 tahribat ve falezlerin \u00fczerindeki yap\u0131la\u015fma, bu sorunun temel nedenlerinden biri. Biz bunlar\u0131 daha \u00f6nce \u00f6ng\u00f6rd\u00fck ve maalesef ger\u00e7ekle\u015fti\u011fini g\u00f6r\u00fcyoruz&#8221; ifadelerine yer verdi.<br \/>\nKaranc\u0131, jeolojide &#8216;G\u00fcn\u00fcm\u00fcz, ge\u00e7mi\u015fin aynas\u0131d\u0131r&#8217; prensibine dikkat \u00e7ekerek, ge\u00e7mi\u015fte ya\u015fanan kaya d\u00fc\u015fmelerinin g\u00fcn\u00fcm\u00fczde de devam etti\u011fini belirtti. Antalya&#8217;n\u0131n ge\u00e7mi\u015finde benzer olaylar\u0131n ya\u015fand\u0131\u011f\u0131n\u0131 hat\u0131rlatan Karanc\u0131, &#8220;1980&#8217;li y\u0131llarda Ordu Evi&#8217;nde Tophane \u00c7ay Bah\u00e7esi&#8217;nin oldu\u011fu noktalarda ciddi falez hareketleri g\u00f6r\u00fclm\u00fc\u015f. 2001 y\u0131l\u0131na gelirsek Bambu Plaj\u0131&#8217;n\u0131n do\u011fu k\u0131sm\u0131nda yine \u00e7ok b\u00fcy\u00fck \u00e7atlaklar kopmalar\u0131 oldu ve o b\u00f6lge biliyorsunuz eski Lara yolunda trafi\u011fe tamamen kapat\u0131ld\u0131. 2010-2011 y\u0131l\u0131nda yine ayn\u0131 \u015fekilde Konserve Koyu&#8217;nda benzer kaya d\u00fc\u015fmeleri oldu ve bu b\u00f6lgelerde ciddi \u00f6nlemler al\u0131nmas\u0131 gerekti\u011fini her seferinde yetkililere s\u00f6yl\u00fcyoruz. Bu noktada gerekli \u00f6nlem ve tedbirlerin al\u0131nmas\u0131 gerekti\u011fini d\u00fc\u015f\u00fcn\u00fcyoruz. Acil y\u0131k\u0131lma riski var&#8221; diye konu\u015ftu.<\/p>\n<p>Falezlerde y\u0131ll\u0131k hareket \u00f6l\u00e7\u00fcmleri yap\u0131ld\u0131<br \/>\nFalezlerin y\u0131ll\u0131k yakla\u015f\u0131k bir santimetre kadar g\u00fcneye do\u011fru hareket etti\u011fini belirten Karanc\u0131, a\u015f\u0131r\u0131 y\u00fck binmesi halinde bu oran\u0131n artabilece\u011fini s\u00f6yledi. \u00d6zellikle ge\u00e7mi\u015fte Antalya&#8217;n\u0131n do\u011fal drenaj sisteminin b\u00fcy\u00fck oranda yok edildi\u011fini ve yap\u0131la\u015fmaya a\u00e7\u0131ld\u0131\u011f\u0131n\u0131 belirten Karanc\u0131, &#8220;Eskiden yedi ar\u0131klar sayesinde ya\u011fmur sular\u0131 do\u011frudan denize ula\u015f\u0131yordu. Ancak \u015fimdi bu do\u011fal yap\u0131lar kapat\u0131ld\u0131. Ya\u011fmur sular\u0131 kendine yeni yollar buluyor ve bu da tahribata yol a\u00e7\u0131yor&#8221; dedi.<\/p>\n<p>Deprem ve ya\u011fmurlar riski art\u0131r\u0131yor<br \/>\nAntalya&#8217;daki tarihi yap\u0131lar i\u00e7in b\u00fcy\u00fck bir tehlike olu\u015fturan bu \u00e7atlaklar\u0131n, \u00f6zellikle \u015fiddetli ya\u011fmurlar ve depremlerle daha da b\u00fcy\u00fcyebilece\u011fini vurgulayan Karanc\u0131, &#8220;Ge\u00e7mi\u015f d\u00f6nemde 40 g\u00fcn 40 gece s\u00fcren kad\u0131 ka\u00e7\u0131ran ya\u011fmurlar\u0131 dedi\u011fimiz ya\u011fmurlar art\u0131k iklimin de\u011fi\u015fmesiyle ve ya\u011f\u0131\u015f rejimin de\u011fi\u015fmesiyle birka\u00e7 saat i\u00e7erisinde \u015fehrimize bir noktaya d\u00fc\u015febiliyor. Dolay\u0131s\u0131yla \u015fiddetli ya\u011f\u0131\u015flarda bu s\u00fcreci h\u0131zland\u0131racakt\u0131r ve \u00e7atlaklar kopmalar art\u0131k g\u00f6\u00e7melere do\u011fru ilerleyecektir. Bu noktada da ciddi \u00f6nlemlerin al\u0131nmas\u0131 gerekti\u011fini d\u00fc\u015f\u00fcn\u00fcyoruz. Ayr\u0131ca, deprem ya\u015fanmas\u0131 ihtimalinde hem falezler hem de falezlerin \u00fczerindeki tarihi yap\u0131lar b\u00fcy\u00fck zarar g\u00f6rebilir&#8221; diyerek yetkilileri uyard\u0131.<\/p>\n<p>&#8220;Falezler ve surlar korunmal\u0131&#8221;<br \/>\nKaranc\u0131, Kalei\u00e7i surlar\u0131 ve falezlerin, Antalya&#8217;n\u0131n tarihi ve do\u011fal miras\u0131 oldu\u011funu belirterek, bunlar\u0131n korunmas\u0131 i\u00e7in acil \u00f6nlemler al\u0131nmas\u0131 gerekti\u011fini vurgulad\u0131. Karanc\u0131, &#8220;Falezlerin \u00fczerindeki yap\u0131la\u015fma mutlaka durdurulmal\u0131. Ka\u00e7ak yap\u0131la\u015fmaya izin verilmemeli ve mevcut yap\u0131 y\u00fck\u00fc azalt\u0131lmal\u0131. Ayn\u0131 zamanda falezlere zarar veren asans\u00f6r yap\u0131lar\u0131 gibi m\u00fcdahaleler sona ermeli&#8221; ifadelerini kulland\u0131.<br \/>\nAntalya&#8217;n\u0131n 5 milyon y\u0131ll\u0131k jeolojik miras\u0131 olan falezlerin korunmas\u0131 i\u00e7in yetkililerin ciddi bir irade g\u00f6stermesi gerekti\u011fini dile getiren Karanc\u0131, &#8220;Bu b\u00f6lgenin kesin korunacak alan stat\u00fcs\u00fcne al\u0131nmas\u0131 gerekiyor. Rantsal d\u00f6n\u00fc\u015f\u00fcm de\u011fil, kentsel d\u00f6n\u00fc\u015f\u00fcm esas al\u0131nmal\u0131 ve yap\u0131la\u015fma, falezleri koruyacak \u015fekilde planlanmal\u0131&#8221; dedi.<\/p>\n<p>&#8220;Acil \u00f6nlem al\u0131nmal\u0131&#8221;<br \/>\nSon olarak, Ba\u015fkan Karanc\u0131, Antalya&#8217;daki tarihi yap\u0131lar\u0131n korunabilmesi i\u00e7in jeoteknik takip ve izleme yap\u0131lmad\u0131\u011f\u0131n\u0131 belirterek, yetkililerin bu konuda acilen ad\u0131m atmas\u0131 gerekti\u011fini s\u00f6yledi. Karanc\u0131, &#8220;Yetkililerden karar alarak falezlerin \u00fczerindeki yap\u0131la\u015fmay\u0131 sonland\u0131rmalar\u0131n\u0131 ve b\u00f6lgeyi ger\u00e7ek anlamda korumalar\u0131n\u0131 bekliyoruz. Bu sorun uzun s\u00fcredir biliniyor ve art\u0131k harekete ge\u00e7me zaman\u0131 geldi&#8221; diyerek yetkililere seslendi.<br \/>\nKalei\u00e7i surlar\u0131<br \/>\nB\u00fcy\u00fck bir b\u00f6l\u00fcm\u00fc y\u0131k\u0131lm\u0131\u015f ve yok olmu\u015f at nal\u0131 \u015feklinde i\u00e7ten ve d\u0131\u015ftan surlarla \u00e7evrili Kalei\u00e7i&#8217;nde; surlar, Helenistik, Roma, Bizans, Sel\u00e7uklu ve Osmanl\u0131 devirleri ortak eseridir. Surlar\u0131n 80 burcu vard\u0131r. Surlar\u0131n i\u00e7inde kiremit \u00e7at\u0131l\u0131 3 bin kadar ev bulunmaktad\u0131r.<\/p>\n<p>Kaynak: www.kanalv.com.tr Haber Sitesinden Al\u0131nm\u0131\u015ft\u0131r.<\/p>","protected":false},"excerpt":{"rendered":"<p>Tarihi Kalei\u00e7i b\u00f6lgesinde yer alan surlar, g\u00f6zle g\u00f6r\u00fcl\u00fcr \u015fekilde \u00e7atlaklarla ve yar\u0131klarla dolu. Ge\u00e7ti\u011fimiz y\u0131l \u015eubat ay\u0131nda 2 g\u00fcn s\u00fcren sa\u011fanak ya\u011f\u0131\u015f, Kalei\u00e7i surlar\u0131nda y\u0131k\u0131nt\u0131lar olu\u015fturmu\u015f, g\u00f6\u00e7\u00fc\u011f\u00fcn ya\u015fand\u0131\u011f\u0131 b\u00f6lgenin \u00fczerinde yer alan bir i\u015fletmenin alt\u0131nda ise b\u00fcy\u00fck bir bo\u015fluk meydana gelmi\u015fti. Son d\u00f6nemde artan \u00e7atlaklar ve y\u0131k\u0131lma riskleri, yaln\u0131zca tarihi yap\u0131y\u0131 de\u011fil, \u00e7evredeki yap\u0131lar, i\u015fletmeler ve yoldan ge\u00e7en insanlar i\u00e7in de tehlike olu\u015fturuyor Konuyla ilgili a\u00e7\u0131klama yapan Jeoloji M\u00fchendisleri Odas\u0131 (JMO) Antalya \u015eubesi Y\u00f6netim Kurulu Ba\u015fkan\u0131 Mustafa Karanc\u0131, bu durumun beklenen bir geli\u015fme oldu\u011funu belirterek acil \u00f6nlemler al\u0131nmas\u0131 gerekti\u011fini vurgulad\u0131. &#8220;Bu yar\u0131klar bizim i\u00e7in s\u00fcrpriz de\u011fil&#8221; Ba\u015fkan Karanc\u0131, surlarda meydana gelen \u00e7atlaklar\u0131n, kaya d\u00fc\u015fmelerinin ve g\u00f6\u00e7melerin bir\u00e7ok fakt\u00f6re ba\u011fl\u0131 oldu\u011funu belirtti. En b\u00fcy\u00fck nedenlerden birinin ya\u011fmur sular\u0131n\u0131n falezlere ve surlara etkisi oldu\u011funu dile getiren Karanc\u0131, &#8220;Bu yar\u0131klar bizler i\u00e7in s\u00fcrpriz de\u011fil. Y\u00fczey sular\u0131n\u0131n g\u00fcneye do\u011fru akarken kar\u015f\u0131la\u015ft\u0131klar\u0131 engellerde neden olduklar\u0131 tahribat ve falezlerin \u00fczerindeki yap\u0131la\u015fma, bu sorunun temel nedenlerinden biri. Biz bunlar\u0131 daha \u00f6nce \u00f6ng\u00f6rd\u00fck ve maalesef ger\u00e7ekle\u015fti\u011fini g\u00f6r\u00fcyoruz&#8221; ifadelerine yer verdi. Karanc\u0131, jeolojide &#8216;G\u00fcn\u00fcm\u00fcz, ge\u00e7mi\u015fin aynas\u0131d\u0131r&#8217; prensibine dikkat \u00e7ekerek, ge\u00e7mi\u015fte ya\u015fanan kaya d\u00fc\u015fmelerinin g\u00fcn\u00fcm\u00fczde de devam etti\u011fini belirtti. Antalya&#8217;n\u0131n ge\u00e7mi\u015finde benzer olaylar\u0131n ya\u015fand\u0131\u011f\u0131n\u0131 hat\u0131rlatan Karanc\u0131, &#8220;1980&#8217;li y\u0131llarda Ordu Evi&#8217;nde Tophane \u00c7ay Bah\u00e7esi&#8217;nin oldu\u011fu noktalarda ciddi falez hareketleri g\u00f6r\u00fclm\u00fc\u015f. 2001 &hellip;<\/p>","protected":false},"author":4,"featured_media":34751,"comment_status":"open","ping_status":"open","sticky":false,"template":"","format":"standard","meta":{"_acf_changed":false,"footnotes":""},"categories":[26],"tags":[],"class_list":["post-34750","post","type-post","status-publish","format-standard","has-post-thumbnail","hentry","category-antalya"],"acf":[],"yoast_head":"<!-- This site is optimized with the Yoast SEO Premium plugin v26.6 (Yoast SEO v27.1.1) - https:\/\/yoast.com\/product\/yoast-seo-premium-wordpress\/ -->\n<title>Tarihi Kalei\u00e7i surlar\u0131 tehlike sa\u00e7\u0131yor - Av. Deniz Can K\u0131z\u0131l<\/title>\n<meta name=\"robots\" content=\"index, follow, max-snippet:-1, max-image-preview:large, max-video-preview:-1\" \/>\n<link rel=\"canonical\" href=\"https:\/\/denizcankizil.tr\/ru\/haberler\/antalya\/tarihi-kaleici-surlari-tehlike-saciyor\/\" \/>\n<meta property=\"og:locale\" content=\"ru_RU\" \/>\n<meta property=\"og:type\" content=\"article\" \/>\n<meta property=\"og:title\" content=\"Tarihi Kalei\u00e7i surlar\u0131 tehlike sa\u00e7\u0131yor\" \/>\n<meta property=\"og:description\" content=\"Tarihi Kalei\u00e7i b\u00f6lgesinde yer alan surlar, g\u00f6zle g\u00f6r\u00fcl\u00fcr \u015fekilde \u00e7atlaklarla ve yar\u0131klarla dolu. Ge\u00e7ti\u011fimiz y\u0131l \u015eubat ay\u0131nda 2 g\u00fcn s\u00fcren sa\u011fanak ya\u011f\u0131\u015f, Kalei\u00e7i surlar\u0131nda y\u0131k\u0131nt\u0131lar olu\u015fturmu\u015f, g\u00f6\u00e7\u00fc\u011f\u00fcn ya\u015fand\u0131\u011f\u0131 b\u00f6lgenin \u00fczerinde yer alan bir i\u015fletmenin alt\u0131nda ise b\u00fcy\u00fck bir bo\u015fluk meydana gelmi\u015fti. Son d\u00f6nemde artan \u00e7atlaklar ve y\u0131k\u0131lma riskleri, yaln\u0131zca tarihi yap\u0131y\u0131 de\u011fil, \u00e7evredeki yap\u0131lar, i\u015fletmeler ve yoldan ge\u00e7en insanlar i\u00e7in de tehlike olu\u015fturuyor Konuyla ilgili a\u00e7\u0131klama yapan Jeoloji M\u00fchendisleri Odas\u0131 (JMO) Antalya \u015eubesi Y\u00f6netim Kurulu Ba\u015fkan\u0131 Mustafa Karanc\u0131, bu durumun beklenen bir geli\u015fme oldu\u011funu belirterek acil \u00f6nlemler al\u0131nmas\u0131 gerekti\u011fini vurgulad\u0131. &#8220;Bu yar\u0131klar bizim i\u00e7in s\u00fcrpriz de\u011fil&#8221; Ba\u015fkan Karanc\u0131, surlarda meydana gelen \u00e7atlaklar\u0131n, kaya d\u00fc\u015fmelerinin ve g\u00f6\u00e7melerin bir\u00e7ok fakt\u00f6re ba\u011fl\u0131 oldu\u011funu belirtti. En b\u00fcy\u00fck nedenlerden birinin ya\u011fmur sular\u0131n\u0131n falezlere ve surlara etkisi oldu\u011funu dile getiren Karanc\u0131, &#8220;Bu yar\u0131klar bizler i\u00e7in s\u00fcrpriz de\u011fil. Y\u00fczey sular\u0131n\u0131n g\u00fcneye do\u011fru akarken kar\u015f\u0131la\u015ft\u0131klar\u0131 engellerde neden olduklar\u0131 tahribat ve falezlerin \u00fczerindeki yap\u0131la\u015fma, bu sorunun temel nedenlerinden biri. Biz bunlar\u0131 daha \u00f6nce \u00f6ng\u00f6rd\u00fck ve maalesef ger\u00e7ekle\u015fti\u011fini g\u00f6r\u00fcyoruz&#8221; ifadelerine yer verdi. Karanc\u0131, jeolojide &#8216;G\u00fcn\u00fcm\u00fcz, ge\u00e7mi\u015fin aynas\u0131d\u0131r&#8217; prensibine dikkat \u00e7ekerek, ge\u00e7mi\u015fte ya\u015fanan kaya d\u00fc\u015fmelerinin g\u00fcn\u00fcm\u00fczde de devam etti\u011fini belirtti. Antalya&#8217;n\u0131n ge\u00e7mi\u015finde benzer olaylar\u0131n ya\u015fand\u0131\u011f\u0131n\u0131 hat\u0131rlatan Karanc\u0131, &#8220;1980&#8217;li y\u0131llarda Ordu Evi&#8217;nde Tophane \u00c7ay Bah\u00e7esi&#8217;nin oldu\u011fu noktalarda ciddi falez hareketleri g\u00f6r\u00fclm\u00fc\u015f. 2001 &hellip;\" \/>\n<meta property=\"og:url\" content=\"https:\/\/denizcankizil.tr\/ru\/haberler\/antalya\/tarihi-kaleici-surlari-tehlike-saciyor\/\" \/>\n<meta property=\"og:site_name\" content=\"Av. Deniz Can K\u0131z\u0131l\" \/>\n<meta property=\"article:published_time\" content=\"2025-03-05T09:41:41+00:00\" \/>\n<meta property=\"og:image\" content=\"https:\/\/denizcankizil.tr\/wp-content\/uploads\/2025\/03\/5328-01-HDLxwJ.jpeg\" \/>\n\t<meta property=\"og:image:width\" content=\"1280\" \/>\n\t<meta property=\"og:image:height\" content=\"720\" \/>\n\t<meta property=\"og:image:type\" content=\"image\/jpeg\" \/>\n<meta name=\"author\" content=\"Av. Deniz Can K\u0131z\u0131l\" \/>\n<meta name=\"twitter:card\" content=\"summary_large_image\" \/>\n<meta name=\"twitter:label1\" content=\"\u041d\u0430\u043f\u0438\u0441\u0430\u043d\u043e \u0430\u0432\u0442\u043e\u0440\u043e\u043c\" \/>\n\t<meta name=\"twitter:data1\" content=\"Av. Deniz Can K\u0131z\u0131l\" \/>\n\t<meta name=\"twitter:label2\" content=\"\u041f\u0440\u0438\u043c\u0435\u0440\u043d\u043e\u0435 \u0432\u0440\u0435\u043c\u044f \u0434\u043b\u044f \u0447\u0442\u0435\u043d\u0438\u044f\" \/>\n\t<meta name=\"twitter:data2\" content=\"5 \u043c\u0438\u043d\u0443\u0442\" \/>\n<script type=\"application\/ld+json\" class=\"yoast-schema-graph\">{\"@context\":\"https:\/\/schema.org\",\"@graph\":[{\"@type\":\"Article\",\"@id\":\"https:\/\/denizcankizil.tr\/ru\/haberler\/antalya\/tarihi-kaleici-surlari-tehlike-saciyor\/#article\",\"isPartOf\":{\"@id\":\"https:\/\/denizcankizil.tr\/ru\/haberler\/antalya\/tarihi-kaleici-surlari-tehlike-saciyor\/\"},\"author\":{\"name\":\"Av. Deniz Can K\u0131z\u0131l\",\"@id\":\"https:\/\/denizcankizil.tr\/de\/#\/schema\/person\/5dc1b22991bd7ac833867c10afc9b0ff\"},\"headline\":\"Tarihi Kalei\u00e7i surlar\u0131 tehlike sa\u00e7\u0131yor\",\"datePublished\":\"2025-03-05T09:41:41+00:00\",\"mainEntityOfPage\":{\"@id\":\"https:\/\/denizcankizil.tr\/ru\/haberler\/antalya\/tarihi-kaleici-surlari-tehlike-saciyor\/\"},\"wordCount\":923,\"commentCount\":0,\"publisher\":{\"@id\":\"https:\/\/denizcankizil.tr\/de\/#organization\"},\"image\":{\"@id\":\"https:\/\/denizcankizil.tr\/ru\/haberler\/antalya\/tarihi-kaleici-surlari-tehlike-saciyor\/#primaryimage\"},\"thumbnailUrl\":\"https:\/\/denizcankizil.tr\/wp-content\/uploads\/2025\/03\/5328-01-HDLxwJ.jpeg\",\"articleSection\":[\"Antalya\"],\"inLanguage\":\"ru-RU\",\"potentialAction\":[{\"@type\":\"CommentAction\",\"name\":\"Comment\",\"target\":[\"https:\/\/denizcankizil.tr\/ru\/haberler\/antalya\/tarihi-kaleici-surlari-tehlike-saciyor\/#respond\"]}]},{\"@type\":\"WebPage\",\"@id\":\"https:\/\/denizcankizil.tr\/ru\/haberler\/antalya\/tarihi-kaleici-surlari-tehlike-saciyor\/\",\"url\":\"https:\/\/denizcankizil.tr\/ru\/haberler\/antalya\/tarihi-kaleici-surlari-tehlike-saciyor\/\",\"name\":\"Tarihi Kalei\u00e7i surlar\u0131 tehlike sa\u00e7\u0131yor - Av. Deniz Can K\u0131z\u0131l\",\"isPartOf\":{\"@id\":\"https:\/\/denizcankizil.tr\/de\/#website\"},\"primaryImageOfPage\":{\"@id\":\"https:\/\/denizcankizil.tr\/ru\/haberler\/antalya\/tarihi-kaleici-surlari-tehlike-saciyor\/#primaryimage\"},\"image\":{\"@id\":\"https:\/\/denizcankizil.tr\/ru\/haberler\/antalya\/tarihi-kaleici-surlari-tehlike-saciyor\/#primaryimage\"},\"thumbnailUrl\":\"https:\/\/denizcankizil.tr\/wp-content\/uploads\/2025\/03\/5328-01-HDLxwJ.jpeg\",\"datePublished\":\"2025-03-05T09:41:41+00:00\",\"breadcrumb\":{\"@id\":\"https:\/\/denizcankizil.tr\/ru\/haberler\/antalya\/tarihi-kaleici-surlari-tehlike-saciyor\/#breadcrumb\"},\"inLanguage\":\"ru-RU\",\"potentialAction\":[{\"@type\":\"ReadAction\",\"target\":[\"https:\/\/denizcankizil.tr\/ru\/haberler\/antalya\/tarihi-kaleici-surlari-tehlike-saciyor\/\"]}]},{\"@type\":\"ImageObject\",\"inLanguage\":\"ru-RU\",\"@id\":\"https:\/\/denizcankizil.tr\/ru\/haberler\/antalya\/tarihi-kaleici-surlari-tehlike-saciyor\/#primaryimage\",\"url\":\"https:\/\/denizcankizil.tr\/wp-content\/uploads\/2025\/03\/5328-01-HDLxwJ.jpeg\",\"contentUrl\":\"https:\/\/denizcankizil.tr\/wp-content\/uploads\/2025\/03\/5328-01-HDLxwJ.jpeg\",\"width\":1280,\"height\":720},{\"@type\":\"BreadcrumbList\",\"@id\":\"https:\/\/denizcankizil.tr\/ru\/haberler\/antalya\/tarihi-kaleici-surlari-tehlike-saciyor\/#breadcrumb\",\"itemListElement\":[{\"@type\":\"ListItem\",\"position\":1,\"name\":\"Home\",\"item\":\"https:\/\/denizcankizil.tr\/de\/\"},{\"@type\":\"ListItem\",\"position\":2,\"name\":\"Tarihi Kalei\u00e7i surlar\u0131 tehlike sa\u00e7\u0131yor\"}]},{\"@type\":\"WebSite\",\"@id\":\"https:\/\/denizcankizil.tr\/de\/#website\",\"url\":\"https:\/\/denizcankizil.tr\/de\/\",\"name\":\"Av. Deniz Can K\u0131z\u0131l\",\"description\":\"Avukat Deniz Can K\u0131z\u0131l Antalya Barosu\",\"publisher\":{\"@id\":\"https:\/\/denizcankizil.tr\/de\/#organization\"},\"potentialAction\":[{\"@type\":\"SearchAction\",\"target\":{\"@type\":\"EntryPoint\",\"urlTemplate\":\"https:\/\/denizcankizil.tr\/de\/?s={search_term_string}\"},\"query-input\":{\"@type\":\"PropertyValueSpecification\",\"valueRequired\":true,\"valueName\":\"search_term_string\"}}],\"inLanguage\":\"ru-RU\"},{\"@type\":\"Organization\",\"@id\":\"https:\/\/denizcankizil.tr\/de\/#organization\",\"name\":\"Av. Deniz Can K\u0131z\u0131l\",\"url\":\"https:\/\/denizcankizil.tr\/de\/\",\"logo\":{\"@type\":\"ImageObject\",\"inLanguage\":\"ru-RU\",\"@id\":\"https:\/\/denizcankizil.tr\/de\/#\/schema\/logo\/image\/\",\"url\":\"https:\/\/denizcankizil.tr\/wp-content\/uploads\/2024\/10\/siyah-logo-svg.svg\",\"contentUrl\":\"https:\/\/denizcankizil.tr\/wp-content\/uploads\/2024\/10\/siyah-logo-svg.svg\",\"width\":1080,\"height\":1080,\"caption\":\"Av. Deniz Can K\u0131z\u0131l\"},\"image\":{\"@id\":\"https:\/\/denizcankizil.tr\/de\/#\/schema\/logo\/image\/\"}},{\"@type\":\"Person\",\"@id\":\"https:\/\/denizcankizil.tr\/de\/#\/schema\/person\/5dc1b22991bd7ac833867c10afc9b0ff\",\"name\":\"Av. Deniz Can K\u0131z\u0131l\",\"image\":{\"@type\":\"ImageObject\",\"inLanguage\":\"ru-RU\",\"@id\":\"https:\/\/denizcankizil.tr\/de\/#\/schema\/person\/image\/\",\"url\":\"https:\/\/secure.gravatar.com\/avatar\/a0b128fb9855c79efc976d5640eedb31dc35ec297594d6016d2cf7c60e975bb6?s=96&d=mm&r=g\",\"contentUrl\":\"https:\/\/secure.gravatar.com\/avatar\/a0b128fb9855c79efc976d5640eedb31dc35ec297594d6016d2cf7c60e975bb6?s=96&d=mm&r=g\",\"caption\":\"Av. Deniz Can K\u0131z\u0131l\"},\"sameAs\":[\"http:\/\/www.denizcankizil.tr\"],\"url\":\"https:\/\/denizcankizil.tr\/ru\/author\/denizcankizil\/\"}]}<\/script>\n<!-- \/ Yoast SEO Premium plugin. -->","yoast_head_json":{"title":"Tarihi Kalei\u00e7i surlar\u0131 tehlike sa\u00e7\u0131yor - Av. Deniz Can K\u0131z\u0131l","robots":{"index":"index","follow":"follow","max-snippet":"max-snippet:-1","max-image-preview":"max-image-preview:large","max-video-preview":"max-video-preview:-1"},"canonical":"https:\/\/denizcankizil.tr\/ru\/haberler\/antalya\/tarihi-kaleici-surlari-tehlike-saciyor\/","og_locale":"ru_RU","og_type":"article","og_title":"Tarihi Kalei\u00e7i surlar\u0131 tehlike sa\u00e7\u0131yor","og_description":"Tarihi Kalei\u00e7i b\u00f6lgesinde yer alan surlar, g\u00f6zle g\u00f6r\u00fcl\u00fcr \u015fekilde \u00e7atlaklarla ve yar\u0131klarla dolu. Ge\u00e7ti\u011fimiz y\u0131l \u015eubat ay\u0131nda 2 g\u00fcn s\u00fcren sa\u011fanak ya\u011f\u0131\u015f, Kalei\u00e7i surlar\u0131nda y\u0131k\u0131nt\u0131lar olu\u015fturmu\u015f, g\u00f6\u00e7\u00fc\u011f\u00fcn ya\u015fand\u0131\u011f\u0131 b\u00f6lgenin \u00fczerinde yer alan bir i\u015fletmenin alt\u0131nda ise b\u00fcy\u00fck bir bo\u015fluk meydana gelmi\u015fti. Son d\u00f6nemde artan \u00e7atlaklar ve y\u0131k\u0131lma riskleri, yaln\u0131zca tarihi yap\u0131y\u0131 de\u011fil, \u00e7evredeki yap\u0131lar, i\u015fletmeler ve yoldan ge\u00e7en insanlar i\u00e7in de tehlike olu\u015fturuyor Konuyla ilgili a\u00e7\u0131klama yapan Jeoloji M\u00fchendisleri Odas\u0131 (JMO) Antalya \u015eubesi Y\u00f6netim Kurulu Ba\u015fkan\u0131 Mustafa Karanc\u0131, bu durumun beklenen bir geli\u015fme oldu\u011funu belirterek acil \u00f6nlemler al\u0131nmas\u0131 gerekti\u011fini vurgulad\u0131. &#8220;Bu yar\u0131klar bizim i\u00e7in s\u00fcrpriz de\u011fil&#8221; Ba\u015fkan Karanc\u0131, surlarda meydana gelen \u00e7atlaklar\u0131n, kaya d\u00fc\u015fmelerinin ve g\u00f6\u00e7melerin bir\u00e7ok fakt\u00f6re ba\u011fl\u0131 oldu\u011funu belirtti. En b\u00fcy\u00fck nedenlerden birinin ya\u011fmur sular\u0131n\u0131n falezlere ve surlara etkisi oldu\u011funu dile getiren Karanc\u0131, &#8220;Bu yar\u0131klar bizler i\u00e7in s\u00fcrpriz de\u011fil. Y\u00fczey sular\u0131n\u0131n g\u00fcneye do\u011fru akarken kar\u015f\u0131la\u015ft\u0131klar\u0131 engellerde neden olduklar\u0131 tahribat ve falezlerin \u00fczerindeki yap\u0131la\u015fma, bu sorunun temel nedenlerinden biri. Biz bunlar\u0131 daha \u00f6nce \u00f6ng\u00f6rd\u00fck ve maalesef ger\u00e7ekle\u015fti\u011fini g\u00f6r\u00fcyoruz&#8221; ifadelerine yer verdi. Karanc\u0131, jeolojide &#8216;G\u00fcn\u00fcm\u00fcz, ge\u00e7mi\u015fin aynas\u0131d\u0131r&#8217; prensibine dikkat \u00e7ekerek, ge\u00e7mi\u015fte ya\u015fanan kaya d\u00fc\u015fmelerinin g\u00fcn\u00fcm\u00fczde de devam etti\u011fini belirtti. Antalya&#8217;n\u0131n ge\u00e7mi\u015finde benzer olaylar\u0131n ya\u015fand\u0131\u011f\u0131n\u0131 hat\u0131rlatan Karanc\u0131, &#8220;1980&#8217;li y\u0131llarda Ordu Evi&#8217;nde Tophane \u00c7ay Bah\u00e7esi&#8217;nin oldu\u011fu noktalarda ciddi falez hareketleri g\u00f6r\u00fclm\u00fc\u015f. 2001 &hellip;","og_url":"https:\/\/denizcankizil.tr\/ru\/haberler\/antalya\/tarihi-kaleici-surlari-tehlike-saciyor\/","og_site_name":"Av. Deniz Can K\u0131z\u0131l","article_published_time":"2025-03-05T09:41:41+00:00","og_image":[{"width":1280,"height":720,"url":"https:\/\/denizcankizil.tr\/wp-content\/uploads\/2025\/03\/5328-01-HDLxwJ.jpeg","type":"image\/jpeg"}],"author":"Av. Deniz Can K\u0131z\u0131l","twitter_card":"summary_large_image","twitter_misc":{"\u041d\u0430\u043f\u0438\u0441\u0430\u043d\u043e \u0430\u0432\u0442\u043e\u0440\u043e\u043c":"Av. Deniz Can K\u0131z\u0131l","\u041f\u0440\u0438\u043c\u0435\u0440\u043d\u043e\u0435 \u0432\u0440\u0435\u043c\u044f \u0434\u043b\u044f \u0447\u0442\u0435\u043d\u0438\u044f":"5 \u043c\u0438\u043d\u0443\u0442"},"schema":{"@context":"https:\/\/schema.org","@graph":[{"@type":"Article","@id":"https:\/\/denizcankizil.tr\/ru\/haberler\/antalya\/tarihi-kaleici-surlari-tehlike-saciyor\/#article","isPartOf":{"@id":"https:\/\/denizcankizil.tr\/ru\/haberler\/antalya\/tarihi-kaleici-surlari-tehlike-saciyor\/"},"author":{"name":"Av. Deniz Can K\u0131z\u0131l","@id":"https:\/\/denizcankizil.tr\/de\/#\/schema\/person\/5dc1b22991bd7ac833867c10afc9b0ff"},"headline":"Tarihi Kalei\u00e7i surlar\u0131 tehlike sa\u00e7\u0131yor","datePublished":"2025-03-05T09:41:41+00:00","mainEntityOfPage":{"@id":"https:\/\/denizcankizil.tr\/ru\/haberler\/antalya\/tarihi-kaleici-surlari-tehlike-saciyor\/"},"wordCount":923,"commentCount":0,"publisher":{"@id":"https:\/\/denizcankizil.tr\/de\/#organization"},"image":{"@id":"https:\/\/denizcankizil.tr\/ru\/haberler\/antalya\/tarihi-kaleici-surlari-tehlike-saciyor\/#primaryimage"},"thumbnailUrl":"https:\/\/denizcankizil.tr\/wp-content\/uploads\/2025\/03\/5328-01-HDLxwJ.jpeg","articleSection":["Antalya"],"inLanguage":"ru-RU","potentialAction":[{"@type":"CommentAction","name":"Comment","target":["https:\/\/denizcankizil.tr\/ru\/haberler\/antalya\/tarihi-kaleici-surlari-tehlike-saciyor\/#respond"]}]},{"@type":"WebPage","@id":"https:\/\/denizcankizil.tr\/ru\/haberler\/antalya\/tarihi-kaleici-surlari-tehlike-saciyor\/","url":"https:\/\/denizcankizil.tr\/ru\/haberler\/antalya\/tarihi-kaleici-surlari-tehlike-saciyor\/","name":"Tarihi Kalei\u00e7i surlar\u0131 tehlike sa\u00e7\u0131yor - Av. Deniz Can K\u0131z\u0131l","isPartOf":{"@id":"https:\/\/denizcankizil.tr\/de\/#website"},"primaryImageOfPage":{"@id":"https:\/\/denizcankizil.tr\/ru\/haberler\/antalya\/tarihi-kaleici-surlari-tehlike-saciyor\/#primaryimage"},"image":{"@id":"https:\/\/denizcankizil.tr\/ru\/haberler\/antalya\/tarihi-kaleici-surlari-tehlike-saciyor\/#primaryimage"},"thumbnailUrl":"https:\/\/denizcankizil.tr\/wp-content\/uploads\/2025\/03\/5328-01-HDLxwJ.jpeg","datePublished":"2025-03-05T09:41:41+00:00","breadcrumb":{"@id":"https:\/\/denizcankizil.tr\/ru\/haberler\/antalya\/tarihi-kaleici-surlari-tehlike-saciyor\/#breadcrumb"},"inLanguage":"ru-RU","potentialAction":[{"@type":"ReadAction","target":["https:\/\/denizcankizil.tr\/ru\/haberler\/antalya\/tarihi-kaleici-surlari-tehlike-saciyor\/"]}]},{"@type":"ImageObject","inLanguage":"ru-RU","@id":"https:\/\/denizcankizil.tr\/ru\/haberler\/antalya\/tarihi-kaleici-surlari-tehlike-saciyor\/#primaryimage","url":"https:\/\/denizcankizil.tr\/wp-content\/uploads\/2025\/03\/5328-01-HDLxwJ.jpeg","contentUrl":"https:\/\/denizcankizil.tr\/wp-content\/uploads\/2025\/03\/5328-01-HDLxwJ.jpeg","width":1280,"height":720},{"@type":"BreadcrumbList","@id":"https:\/\/denizcankizil.tr\/ru\/haberler\/antalya\/tarihi-kaleici-surlari-tehlike-saciyor\/#breadcrumb","itemListElement":[{"@type":"ListItem","position":1,"name":"Home","item":"https:\/\/denizcankizil.tr\/de\/"},{"@type":"ListItem","position":2,"name":"Tarihi Kalei\u00e7i surlar\u0131 tehlike sa\u00e7\u0131yor"}]},{"@type":"WebSite","@id":"https:\/\/denizcankizil.tr\/de\/#website","url":"https:\/\/denizcankizil.tr\/de\/","name":"Av. Deniz Can K\u0131z\u0131l","description":"Avukat Deniz Can K\u0131z\u0131l Antalya Barosu","publisher":{"@id":"https:\/\/denizcankizil.tr\/de\/#organization"},"potentialAction":[{"@type":"SearchAction","target":{"@type":"EntryPoint","urlTemplate":"https:\/\/denizcankizil.tr\/de\/?s={search_term_string}"},"query-input":{"@type":"PropertyValueSpecification","valueRequired":true,"valueName":"search_term_string"}}],"inLanguage":"ru-RU"},{"@type":"Organization","@id":"https:\/\/denizcankizil.tr\/de\/#organization","name":"Av. Deniz Can K\u0131z\u0131l","url":"https:\/\/denizcankizil.tr\/de\/","logo":{"@type":"ImageObject","inLanguage":"ru-RU","@id":"https:\/\/denizcankizil.tr\/de\/#\/schema\/logo\/image\/","url":"https:\/\/denizcankizil.tr\/wp-content\/uploads\/2024\/10\/siyah-logo-svg.svg","contentUrl":"https:\/\/denizcankizil.tr\/wp-content\/uploads\/2024\/10\/siyah-logo-svg.svg","width":1080,"height":1080,"caption":"Av. Deniz Can K\u0131z\u0131l"},"image":{"@id":"https:\/\/denizcankizil.tr\/de\/#\/schema\/logo\/image\/"}},{"@type":"Person","@id":"https:\/\/denizcankizil.tr\/de\/#\/schema\/person\/5dc1b22991bd7ac833867c10afc9b0ff","name":"Av. Deniz Can K\u0131z\u0131l","image":{"@type":"ImageObject","inLanguage":"ru-RU","@id":"https:\/\/denizcankizil.tr\/de\/#\/schema\/person\/image\/","url":"https:\/\/secure.gravatar.com\/avatar\/a0b128fb9855c79efc976d5640eedb31dc35ec297594d6016d2cf7c60e975bb6?s=96&d=mm&r=g","contentUrl":"https:\/\/secure.gravatar.com\/avatar\/a0b128fb9855c79efc976d5640eedb31dc35ec297594d6016d2cf7c60e975bb6?s=96&d=mm&r=g","caption":"Av. Deniz Can K\u0131z\u0131l"},"sameAs":["http:\/\/www.denizcankizil.tr"],"url":"https:\/\/denizcankizil.tr\/ru\/author\/denizcankizil\/"}]}},"_links":{"self":[{"href":"https:\/\/denizcankizil.tr\/ru\/wp-json\/wp\/v2\/posts\/34750","targetHints":{"allow":["GET"]}}],"collection":[{"href":"https:\/\/denizcankizil.tr\/ru\/wp-json\/wp\/v2\/posts"}],"about":[{"href":"https:\/\/denizcankizil.tr\/ru\/wp-json\/wp\/v2\/types\/post"}],"author":[{"embeddable":true,"href":"https:\/\/denizcankizil.tr\/ru\/wp-json\/wp\/v2\/users\/4"}],"replies":[{"embeddable":true,"href":"https:\/\/denizcankizil.tr\/ru\/wp-json\/wp\/v2\/comments?post=34750"}],"version-history":[{"count":0,"href":"https:\/\/denizcankizil.tr\/ru\/wp-json\/wp\/v2\/posts\/34750\/revisions"}],"wp:featuredmedia":[{"embeddable":true,"href":"https:\/\/denizcankizil.tr\/ru\/wp-json\/wp\/v2\/media\/34751"}],"wp:attachment":[{"href":"https:\/\/denizcankizil.tr\/ru\/wp-json\/wp\/v2\/media?parent=34750"}],"wp:term":[{"taxonomy":"category","embeddable":true,"href":"https:\/\/denizcankizil.tr\/ru\/wp-json\/wp\/v2\/categories?post=34750"},{"taxonomy":"post_tag","embeddable":true,"href":"https:\/\/denizcankizil.tr\/ru\/wp-json\/wp\/v2\/tags?post=34750"}],"curies":[{"name":"wp","href":"https:\/\/api.w.org\/{rel}","templated":true}]}}