{"id":34726,"date":"2025-03-05T09:41:25","date_gmt":"2025-03-05T06:41:25","guid":{"rendered":"https:\/\/denizcankizil.tr\/uncategorized-tr\/22-ilde-deas-mensubuna-47-gozalti\/"},"modified":"2025-03-05T09:41:25","modified_gmt":"2025-03-05T06:41:25","slug":"22-ilde-deas-mensubuna-47-gozalti","status":"publish","type":"post","link":"https:\/\/denizcankizil.tr\/ru\/haberler\/gundem\/22-ilde-deas-mensubuna-47-gozalti\/","title":{"rendered":"22 ilde DEA\u015e mensubuna 47 g\u00f6zalt\u0131!"},"content":{"rendered":"<p>Son iki haftad\u0131r 22 ilde s\u00fcren &#8216;G\u00fcrz-48&#8217; operasyonunda DEA\u015e ter\u00f6r \u00f6rg\u00fct\u00fcne mensubu 47 \u015f\u00fcpheli yakaland\u0131.ANKARA (\u0130GFA) &#8211; \u0130\u00e7i\u015fleri Bakanl\u0131\u011f\u0131&#8217;n\u0131n bir s\u00fcredir DEA\u015e Ter\u00f6r \u00d6rg\u00fct\u00fcne y\u00f6nelik &#8216;G\u00fcrz&#8217; operasyonlar\u0131n\u0131n 48&#8217;ncsi son iki haftada 22 ilde ger\u00e7ekle\u015ftirildi.<br \/>\n\u0130\u00e7i\u015fleri Bakan\u0131 Ali Yerlikaya, 47 \u015f\u00fcphelinin yakaland\u0131\u011f\u0131 operasyonun detaylar\u0131n\u0131 sosyal medya hesab\u0131ndan payla\u015ft\u0131.\u00a0<br \/>\nYerlikaya, \u015f\u00fcphelilerin DEA\u015e ter\u00f6r \u00f6rg\u00fct\u00fcne \u00fcye olduklar\u0131, ter\u00f6r \u00f6rg\u00fct\u00fcne yard\u0131m ettikleri ve \u00f6rg\u00fcte finans sa\u011flad\u0131klar\u0131, sosyal medya hesaplar\u0131 \u00fczerinden \u00f6rg\u00fct\u00fcn propagandas\u0131n\u0131 yapt\u0131klar\u0131n\u0131n tespit edildi\u011fini duyurdu.<br \/>\nYerlikaya payla\u015f\u0131m\u0131nda ayr\u0131ca\u00a0&#8220;\u00dclkemizin her b\u00f6lgesinde huzuru ve istikrar\u0131 sa\u011flamak i\u00e7in ter\u00f6r \u00f6rg\u00fctlerine y\u00f6nelik y\u0131l\u0131n 365 g\u00fcn\u00fc, gece g\u00fcnd\u00fcz y\u00fcr\u00fctt\u00fc\u011f\u00fcm\u00fcz operasyonlar\u0131m\u0131za aral\u0131ks\u0131z devam ediyoruz.&#8221; ifadelerine yer verdi.\u00a0<\/p>\n<p>https:\/\/twitter.com\/AliYerlikaya\/status\/1897147349694341588<\/p>\n<p>\u200bSon iki haftad\u0131r 22 ilde s\u00fcren &#8216;G\u00fcrz-48&#8217; operasyonunda DEA\u015e ter\u00f6r \u00f6rg\u00fct\u00fcne mensubu 47 \u015f\u00fcpheli yakaland\u0131.ANKARA (\u0130GFA) &#8211; \u0130\u00e7i\u015fleri Bakanl\u0131\u011f\u0131&#8217;n\u0131n bir s\u00fcredir DEA\u015e Ter\u00f6r \u00d6rg\u00fct\u00fcne y\u00f6nelik &#8216;G\u00fcrz&#8217; operasyonlar\u0131n\u0131n 48&#8217;ncsi son iki haftada 22 ilde ger\u00e7ekle\u015ftirildi.<br \/>\n\u0130\u00e7i\u015fleri Bakan\u0131 Ali Yerlikaya, 47 \u015f\u00fcphelinin yakaland\u0131\u011f\u0131 operasyonun detaylar\u0131n\u0131 sosyal medya hesab\u0131ndan payla\u015ft\u0131.\u00a0<br \/>\nYerlikaya, \u015f\u00fcphelilerin DEA\u015e ter\u00f6r \u00f6rg\u00fct\u00fcne \u00fcye olduklar\u0131, ter\u00f6r \u00f6rg\u00fct\u00fcne yard\u0131m ettikleri ve \u00f6rg\u00fcte finans sa\u011flad\u0131klar\u0131, sosyal medya hesaplar\u0131 \u00fczerinden \u00f6rg\u00fct\u00fcn propagandas\u0131n\u0131 yapt\u0131klar\u0131n\u0131n tespit edildi\u011fini duyurdu.<br \/>\nYerlikaya payla\u015f\u0131m\u0131nda ayr\u0131ca\u00a0&#8220;\u00dclkemizin her b\u00f6lgesinde huzuru ve istikrar\u0131 sa\u011flamak i\u00e7in ter\u00f6r \u00f6rg\u00fctlerine y\u00f6nelik y\u0131l\u0131n 365 g\u00fcn\u00fc, gece g\u00fcnd\u00fcz y\u00fcr\u00fctt\u00fc\u011f\u00fcm\u00fcz operasyonlar\u0131m\u0131za aral\u0131ks\u0131z devam ediyoruz.&#8221; ifadelerine yer verdi.\u00a0<\/p>\n<p>https:\/\/twitter.com\/AliYerlikaya\/status\/1897147349694341588\u00a0<\/p>\n<p>\u200bHaberin Al\u0131nt\u0131land\u0131\u011f\u0131 Kaynak: www.iskenderun.org<\/p>","protected":false},"excerpt":{"rendered":"<p>Son iki haftad\u0131r 22 ilde s\u00fcren &#8216;G\u00fcrz-48&#8217; operasyonunda DEA\u015e ter\u00f6r \u00f6rg\u00fct\u00fcne mensubu 47 \u015f\u00fcpheli yakaland\u0131.ANKARA (\u0130GFA) &#8211; \u0130\u00e7i\u015fleri Bakanl\u0131\u011f\u0131&#8217;n\u0131n bir s\u00fcredir DEA\u015e Ter\u00f6r \u00d6rg\u00fct\u00fcne y\u00f6nelik &#8216;G\u00fcrz&#8217; operasyonlar\u0131n\u0131n 48&#8217;ncsi son iki haftada 22 ilde ger\u00e7ekle\u015ftirildi. \u0130\u00e7i\u015fleri Bakan\u0131 Ali Yerlikaya, 47 \u015f\u00fcphelinin yakaland\u0131\u011f\u0131 operasyonun detaylar\u0131n\u0131 sosyal medya hesab\u0131ndan payla\u015ft\u0131.\u00a0 Yerlikaya, \u015f\u00fcphelilerin DEA\u015e ter\u00f6r \u00f6rg\u00fct\u00fcne \u00fcye olduklar\u0131, ter\u00f6r \u00f6rg\u00fct\u00fcne yard\u0131m ettikleri ve \u00f6rg\u00fcte finans sa\u011flad\u0131klar\u0131, sosyal medya hesaplar\u0131 \u00fczerinden \u00f6rg\u00fct\u00fcn propagandas\u0131n\u0131 yapt\u0131klar\u0131n\u0131n tespit edildi\u011fini duyurdu. Yerlikaya payla\u015f\u0131m\u0131nda ayr\u0131ca\u00a0&#8220;\u00dclkemizin her b\u00f6lgesinde huzuru ve istikrar\u0131 sa\u011flamak i\u00e7in ter\u00f6r \u00f6rg\u00fctlerine y\u00f6nelik y\u0131l\u0131n 365 g\u00fcn\u00fc, gece g\u00fcnd\u00fcz y\u00fcr\u00fctt\u00fc\u011f\u00fcm\u00fcz operasyonlar\u0131m\u0131za aral\u0131ks\u0131z devam ediyoruz.&#8221; ifadelerine yer verdi.\u00a0 https:\/\/twitter.com\/AliYerlikaya\/status\/1897147349694341588 \u200bSon iki haftad\u0131r 22 ilde s\u00fcren &#8216;G\u00fcrz-48&#8217; operasyonunda DEA\u015e ter\u00f6r \u00f6rg\u00fct\u00fcne mensubu 47 \u015f\u00fcpheli yakaland\u0131.ANKARA (\u0130GFA) &#8211; \u0130\u00e7i\u015fleri Bakanl\u0131\u011f\u0131&#8217;n\u0131n bir s\u00fcredir DEA\u015e Ter\u00f6r \u00d6rg\u00fct\u00fcne y\u00f6nelik &#8216;G\u00fcrz&#8217; operasyonlar\u0131n\u0131n 48&#8217;ncsi son iki haftada 22 ilde ger\u00e7ekle\u015ftirildi. \u0130\u00e7i\u015fleri Bakan\u0131 Ali Yerlikaya, 47 \u015f\u00fcphelinin yakaland\u0131\u011f\u0131 operasyonun detaylar\u0131n\u0131 sosyal medya hesab\u0131ndan payla\u015ft\u0131.\u00a0 Yerlikaya, \u015f\u00fcphelilerin DEA\u015e ter\u00f6r \u00f6rg\u00fct\u00fcne \u00fcye olduklar\u0131, ter\u00f6r \u00f6rg\u00fct\u00fcne yard\u0131m ettikleri ve \u00f6rg\u00fcte finans sa\u011flad\u0131klar\u0131, sosyal medya hesaplar\u0131 \u00fczerinden \u00f6rg\u00fct\u00fcn propagandas\u0131n\u0131 yapt\u0131klar\u0131n\u0131n tespit edildi\u011fini duyurdu. Yerlikaya payla\u015f\u0131m\u0131nda ayr\u0131ca\u00a0&#8220;\u00dclkemizin her b\u00f6lgesinde huzuru ve istikrar\u0131 sa\u011flamak i\u00e7in ter\u00f6r \u00f6rg\u00fctlerine y\u00f6nelik y\u0131l\u0131n 365 g\u00fcn\u00fc, gece g\u00fcnd\u00fcz y\u00fcr\u00fctt\u00fc\u011f\u00fcm\u00fcz operasyonlar\u0131m\u0131za aral\u0131ks\u0131z devam ediyoruz.&#8221; ifadelerine yer verdi.\u00a0 https:\/\/twitter.com\/AliYerlikaya\/status\/1897147349694341588\u00a0 \u200bHaberin Al\u0131nt\u0131land\u0131\u011f\u0131 &hellip;<\/p>","protected":false},"author":1,"featured_media":0,"comment_status":"open","ping_status":"open","sticky":false,"template":"","format":"standard","meta":{"_acf_changed":false,"footnotes":""},"categories":[24],"tags":[],"class_list":["post-34726","post","type-post","status-publish","format-standard","has-post-thumbnail","hentry","category-gundem"],"acf":[],"yoast_head":"<!-- This site is optimized with the Yoast SEO Premium plugin v26.6 (Yoast SEO v27.1.1) - https:\/\/yoast.com\/product\/yoast-seo-premium-wordpress\/ -->\n<title>22 ilde DEA\u015e mensubuna 47 g\u00f6zalt\u0131! - Av. Deniz Can K\u0131z\u0131l<\/title>\n<meta name=\"robots\" content=\"index, follow, max-snippet:-1, max-image-preview:large, max-video-preview:-1\" \/>\n<link rel=\"canonical\" href=\"https:\/\/denizcankizil.tr\/ru\/haberler\/gundem\/22-ilde-deas-mensubuna-47-gozalti\/\" \/>\n<meta property=\"og:locale\" content=\"ru_RU\" \/>\n<meta property=\"og:type\" content=\"article\" \/>\n<meta property=\"og:title\" content=\"22 ilde DEA\u015e mensubuna 47 g\u00f6zalt\u0131!\" \/>\n<meta property=\"og:description\" content=\"Son iki haftad\u0131r 22 ilde s\u00fcren &#8216;G\u00fcrz-48&#8217; operasyonunda DEA\u015e ter\u00f6r \u00f6rg\u00fct\u00fcne mensubu 47 \u015f\u00fcpheli yakaland\u0131.ANKARA (\u0130GFA) &#8211; \u0130\u00e7i\u015fleri Bakanl\u0131\u011f\u0131&#8217;n\u0131n bir s\u00fcredir DEA\u015e Ter\u00f6r \u00d6rg\u00fct\u00fcne y\u00f6nelik &#8216;G\u00fcrz&#8217; operasyonlar\u0131n\u0131n 48&#8217;ncsi son iki haftada 22 ilde ger\u00e7ekle\u015ftirildi. \u0130\u00e7i\u015fleri Bakan\u0131 Ali Yerlikaya, 47 \u015f\u00fcphelinin yakaland\u0131\u011f\u0131 operasyonun detaylar\u0131n\u0131 sosyal medya hesab\u0131ndan payla\u015ft\u0131.\u00a0 Yerlikaya, \u015f\u00fcphelilerin DEA\u015e ter\u00f6r \u00f6rg\u00fct\u00fcne \u00fcye olduklar\u0131, ter\u00f6r \u00f6rg\u00fct\u00fcne yard\u0131m ettikleri ve \u00f6rg\u00fcte finans sa\u011flad\u0131klar\u0131, sosyal medya hesaplar\u0131 \u00fczerinden \u00f6rg\u00fct\u00fcn propagandas\u0131n\u0131 yapt\u0131klar\u0131n\u0131n tespit edildi\u011fini duyurdu. Yerlikaya payla\u015f\u0131m\u0131nda ayr\u0131ca\u00a0&#8220;\u00dclkemizin her b\u00f6lgesinde huzuru ve istikrar\u0131 sa\u011flamak i\u00e7in ter\u00f6r \u00f6rg\u00fctlerine y\u00f6nelik y\u0131l\u0131n 365 g\u00fcn\u00fc, gece g\u00fcnd\u00fcz y\u00fcr\u00fctt\u00fc\u011f\u00fcm\u00fcz operasyonlar\u0131m\u0131za aral\u0131ks\u0131z devam ediyoruz.&#8221; ifadelerine yer verdi.\u00a0 https:\/\/twitter.com\/AliYerlikaya\/status\/1897147349694341588 \u200bSon iki haftad\u0131r 22 ilde s\u00fcren &#8216;G\u00fcrz-48&#8217; operasyonunda DEA\u015e ter\u00f6r \u00f6rg\u00fct\u00fcne mensubu 47 \u015f\u00fcpheli yakaland\u0131.ANKARA (\u0130GFA) &#8211; \u0130\u00e7i\u015fleri Bakanl\u0131\u011f\u0131&#8217;n\u0131n bir s\u00fcredir DEA\u015e Ter\u00f6r \u00d6rg\u00fct\u00fcne y\u00f6nelik &#8216;G\u00fcrz&#8217; operasyonlar\u0131n\u0131n 48&#8217;ncsi son iki haftada 22 ilde ger\u00e7ekle\u015ftirildi. \u0130\u00e7i\u015fleri Bakan\u0131 Ali Yerlikaya, 47 \u015f\u00fcphelinin yakaland\u0131\u011f\u0131 operasyonun detaylar\u0131n\u0131 sosyal medya hesab\u0131ndan payla\u015ft\u0131.\u00a0 Yerlikaya, \u015f\u00fcphelilerin DEA\u015e ter\u00f6r \u00f6rg\u00fct\u00fcne \u00fcye olduklar\u0131, ter\u00f6r \u00f6rg\u00fct\u00fcne yard\u0131m ettikleri ve \u00f6rg\u00fcte finans sa\u011flad\u0131klar\u0131, sosyal medya hesaplar\u0131 \u00fczerinden \u00f6rg\u00fct\u00fcn propagandas\u0131n\u0131 yapt\u0131klar\u0131n\u0131n tespit edildi\u011fini duyurdu. Yerlikaya payla\u015f\u0131m\u0131nda ayr\u0131ca\u00a0&#8220;\u00dclkemizin her b\u00f6lgesinde huzuru ve istikrar\u0131 sa\u011flamak i\u00e7in ter\u00f6r \u00f6rg\u00fctlerine y\u00f6nelik y\u0131l\u0131n 365 g\u00fcn\u00fc, gece g\u00fcnd\u00fcz y\u00fcr\u00fctt\u00fc\u011f\u00fcm\u00fcz operasyonlar\u0131m\u0131za aral\u0131ks\u0131z devam ediyoruz.&#8221; ifadelerine yer verdi.\u00a0 https:\/\/twitter.com\/AliYerlikaya\/status\/1897147349694341588\u00a0 \u200bHaberin Al\u0131nt\u0131land\u0131\u011f\u0131 &hellip;\" \/>\n<meta property=\"og:url\" content=\"https:\/\/denizcankizil.tr\/ru\/haberler\/gundem\/22-ilde-deas-mensubuna-47-gozalti\/\" \/>\n<meta property=\"og:site_name\" content=\"Av. Deniz Can K\u0131z\u0131l\" \/>\n<meta property=\"article:published_time\" content=\"2025-03-05T06:41:25+00:00\" \/>\n<meta name=\"author\" content=\"admin\" \/>\n<meta name=\"twitter:card\" content=\"summary_large_image\" \/>\n<meta name=\"twitter:label1\" content=\"\u041d\u0430\u043f\u0438\u0441\u0430\u043d\u043e \u0430\u0432\u0442\u043e\u0440\u043e\u043c\" \/>\n\t<meta name=\"twitter:data1\" content=\"admin\" \/>\n\t<meta name=\"twitter:label2\" content=\"\u041f\u0440\u0438\u043c\u0435\u0440\u043d\u043e\u0435 \u0432\u0440\u0435\u043c\u044f \u0434\u043b\u044f \u0447\u0442\u0435\u043d\u0438\u044f\" \/>\n\t<meta name=\"twitter:data2\" content=\"2 \u043c\u0438\u043d\u0443\u0442\u044b\" \/>\n<script type=\"application\/ld+json\" class=\"yoast-schema-graph\">{\"@context\":\"https:\/\/schema.org\",\"@graph\":[{\"@type\":\"Article\",\"@id\":\"https:\/\/denizcankizil.tr\/en\/haberler\/gundem\/22-ilde-deas-mensubuna-47-gozalti\/#article\",\"isPartOf\":{\"@id\":\"https:\/\/denizcankizil.tr\/en\/haberler\/gundem\/22-ilde-deas-mensubuna-47-gozalti\/\"},\"author\":{\"name\":\"admin\",\"@id\":\"https:\/\/denizcankizil.tr\/de\/#\/schema\/person\/be3c05fe6a12686905512445d8185489\"},\"headline\":\"22 ilde DEA\u015e mensubuna 47 g\u00f6zalt\u0131!\",\"datePublished\":\"2025-03-05T06:41:25+00:00\",\"mainEntityOfPage\":{\"@id\":\"https:\/\/denizcankizil.tr\/en\/haberler\/gundem\/22-ilde-deas-mensubuna-47-gozalti\/\"},\"wordCount\":337,\"commentCount\":0,\"publisher\":{\"@id\":\"https:\/\/denizcankizil.tr\/de\/#organization\"},\"articleSection\":[\"G\u00fcndem\"],\"inLanguage\":\"ru-RU\",\"potentialAction\":[{\"@type\":\"CommentAction\",\"name\":\"Comment\",\"target\":[\"https:\/\/denizcankizil.tr\/en\/haberler\/gundem\/22-ilde-deas-mensubuna-47-gozalti\/#respond\"]}]},{\"@type\":\"WebPage\",\"@id\":\"https:\/\/denizcankizil.tr\/en\/haberler\/gundem\/22-ilde-deas-mensubuna-47-gozalti\/\",\"url\":\"https:\/\/denizcankizil.tr\/en\/haberler\/gundem\/22-ilde-deas-mensubuna-47-gozalti\/\",\"name\":\"22 ilde DEA\u015e mensubuna 47 g\u00f6zalt\u0131! - Av. Deniz Can K\u0131z\u0131l\",\"isPartOf\":{\"@id\":\"https:\/\/denizcankizil.tr\/de\/#website\"},\"datePublished\":\"2025-03-05T06:41:25+00:00\",\"breadcrumb\":{\"@id\":\"https:\/\/denizcankizil.tr\/en\/haberler\/gundem\/22-ilde-deas-mensubuna-47-gozalti\/#breadcrumb\"},\"inLanguage\":\"ru-RU\",\"potentialAction\":[{\"@type\":\"ReadAction\",\"target\":[\"https:\/\/denizcankizil.tr\/en\/haberler\/gundem\/22-ilde-deas-mensubuna-47-gozalti\/\"]}]},{\"@type\":\"BreadcrumbList\",\"@id\":\"https:\/\/denizcankizil.tr\/en\/haberler\/gundem\/22-ilde-deas-mensubuna-47-gozalti\/#breadcrumb\",\"itemListElement\":[{\"@type\":\"ListItem\",\"position\":1,\"name\":\"Home\",\"item\":\"https:\/\/denizcankizil.tr\/de\/\"},{\"@type\":\"ListItem\",\"position\":2,\"name\":\"22 ilde DEA\u015e mensubuna 47 g\u00f6zalt\u0131!\"}]},{\"@type\":\"WebSite\",\"@id\":\"https:\/\/denizcankizil.tr\/de\/#website\",\"url\":\"https:\/\/denizcankizil.tr\/de\/\",\"name\":\"Av. Deniz Can K\u0131z\u0131l\",\"description\":\"Avukat Deniz Can K\u0131z\u0131l Antalya Barosu\",\"publisher\":{\"@id\":\"https:\/\/denizcankizil.tr\/de\/#organization\"},\"potentialAction\":[{\"@type\":\"SearchAction\",\"target\":{\"@type\":\"EntryPoint\",\"urlTemplate\":\"https:\/\/denizcankizil.tr\/de\/?s={search_term_string}\"},\"query-input\":{\"@type\":\"PropertyValueSpecification\",\"valueRequired\":true,\"valueName\":\"search_term_string\"}}],\"inLanguage\":\"ru-RU\"},{\"@type\":\"Organization\",\"@id\":\"https:\/\/denizcankizil.tr\/de\/#organization\",\"name\":\"Av. Deniz Can K\u0131z\u0131l\",\"url\":\"https:\/\/denizcankizil.tr\/de\/\",\"logo\":{\"@type\":\"ImageObject\",\"inLanguage\":\"ru-RU\",\"@id\":\"https:\/\/denizcankizil.tr\/de\/#\/schema\/logo\/image\/\",\"url\":\"https:\/\/denizcankizil.tr\/wp-content\/uploads\/2024\/10\/siyah-logo-svg.svg\",\"contentUrl\":\"https:\/\/denizcankizil.tr\/wp-content\/uploads\/2024\/10\/siyah-logo-svg.svg\",\"width\":1080,\"height\":1080,\"caption\":\"Av. Deniz Can K\u0131z\u0131l\"},\"image\":{\"@id\":\"https:\/\/denizcankizil.tr\/de\/#\/schema\/logo\/image\/\"}},{\"@type\":\"Person\",\"@id\":\"https:\/\/denizcankizil.tr\/de\/#\/schema\/person\/be3c05fe6a12686905512445d8185489\",\"name\":\"admin\",\"image\":{\"@type\":\"ImageObject\",\"inLanguage\":\"ru-RU\",\"@id\":\"https:\/\/denizcankizil.tr\/de\/#\/schema\/person\/image\/\",\"url\":\"https:\/\/secure.gravatar.com\/avatar\/c1fce94c830dc79107e174f890d7210541c4a63e8e5d816341794a2151c9d58c?s=96&d=mm&r=g\",\"contentUrl\":\"https:\/\/secure.gravatar.com\/avatar\/c1fce94c830dc79107e174f890d7210541c4a63e8e5d816341794a2151c9d58c?s=96&d=mm&r=g\",\"caption\":\"admin\"},\"sameAs\":[\"http:\/\/denizcankizil.tr\"],\"url\":\"https:\/\/www.iskenderun.org\/22-ilde-deas-mensubuna-47-gozalti\"}]}<\/script>\n<!-- \/ Yoast SEO Premium plugin. -->","yoast_head_json":{"title":"22 ilde DEA\u015e mensubuna 47 g\u00f6zalt\u0131! - Av. Deniz Can K\u0131z\u0131l","robots":{"index":"index","follow":"follow","max-snippet":"max-snippet:-1","max-image-preview":"max-image-preview:large","max-video-preview":"max-video-preview:-1"},"canonical":"https:\/\/denizcankizil.tr\/ru\/haberler\/gundem\/22-ilde-deas-mensubuna-47-gozalti\/","og_locale":"ru_RU","og_type":"article","og_title":"22 ilde DEA\u015e mensubuna 47 g\u00f6zalt\u0131!","og_description":"Son iki haftad\u0131r 22 ilde s\u00fcren &#8216;G\u00fcrz-48&#8217; operasyonunda DEA\u015e ter\u00f6r \u00f6rg\u00fct\u00fcne mensubu 47 \u015f\u00fcpheli yakaland\u0131.ANKARA (\u0130GFA) &#8211; \u0130\u00e7i\u015fleri Bakanl\u0131\u011f\u0131&#8217;n\u0131n bir s\u00fcredir DEA\u015e Ter\u00f6r \u00d6rg\u00fct\u00fcne y\u00f6nelik &#8216;G\u00fcrz&#8217; operasyonlar\u0131n\u0131n 48&#8217;ncsi son iki haftada 22 ilde ger\u00e7ekle\u015ftirildi. \u0130\u00e7i\u015fleri Bakan\u0131 Ali Yerlikaya, 47 \u015f\u00fcphelinin yakaland\u0131\u011f\u0131 operasyonun detaylar\u0131n\u0131 sosyal medya hesab\u0131ndan payla\u015ft\u0131.\u00a0 Yerlikaya, \u015f\u00fcphelilerin DEA\u015e ter\u00f6r \u00f6rg\u00fct\u00fcne \u00fcye olduklar\u0131, ter\u00f6r \u00f6rg\u00fct\u00fcne yard\u0131m ettikleri ve \u00f6rg\u00fcte finans sa\u011flad\u0131klar\u0131, sosyal medya hesaplar\u0131 \u00fczerinden \u00f6rg\u00fct\u00fcn propagandas\u0131n\u0131 yapt\u0131klar\u0131n\u0131n tespit edildi\u011fini duyurdu. Yerlikaya payla\u015f\u0131m\u0131nda ayr\u0131ca\u00a0&#8220;\u00dclkemizin her b\u00f6lgesinde huzuru ve istikrar\u0131 sa\u011flamak i\u00e7in ter\u00f6r \u00f6rg\u00fctlerine y\u00f6nelik y\u0131l\u0131n 365 g\u00fcn\u00fc, gece g\u00fcnd\u00fcz y\u00fcr\u00fctt\u00fc\u011f\u00fcm\u00fcz operasyonlar\u0131m\u0131za aral\u0131ks\u0131z devam ediyoruz.&#8221; ifadelerine yer verdi.\u00a0 https:\/\/twitter.com\/AliYerlikaya\/status\/1897147349694341588 \u200bSon iki haftad\u0131r 22 ilde s\u00fcren &#8216;G\u00fcrz-48&#8217; operasyonunda DEA\u015e ter\u00f6r \u00f6rg\u00fct\u00fcne mensubu 47 \u015f\u00fcpheli yakaland\u0131.ANKARA (\u0130GFA) &#8211; \u0130\u00e7i\u015fleri Bakanl\u0131\u011f\u0131&#8217;n\u0131n bir s\u00fcredir DEA\u015e Ter\u00f6r \u00d6rg\u00fct\u00fcne y\u00f6nelik &#8216;G\u00fcrz&#8217; operasyonlar\u0131n\u0131n 48&#8217;ncsi son iki haftada 22 ilde ger\u00e7ekle\u015ftirildi. \u0130\u00e7i\u015fleri Bakan\u0131 Ali Yerlikaya, 47 \u015f\u00fcphelinin yakaland\u0131\u011f\u0131 operasyonun detaylar\u0131n\u0131 sosyal medya hesab\u0131ndan payla\u015ft\u0131.\u00a0 Yerlikaya, \u015f\u00fcphelilerin DEA\u015e ter\u00f6r \u00f6rg\u00fct\u00fcne \u00fcye olduklar\u0131, ter\u00f6r \u00f6rg\u00fct\u00fcne yard\u0131m ettikleri ve \u00f6rg\u00fcte finans sa\u011flad\u0131klar\u0131, sosyal medya hesaplar\u0131 \u00fczerinden \u00f6rg\u00fct\u00fcn propagandas\u0131n\u0131 yapt\u0131klar\u0131n\u0131n tespit edildi\u011fini duyurdu. Yerlikaya payla\u015f\u0131m\u0131nda ayr\u0131ca\u00a0&#8220;\u00dclkemizin her b\u00f6lgesinde huzuru ve istikrar\u0131 sa\u011flamak i\u00e7in ter\u00f6r \u00f6rg\u00fctlerine y\u00f6nelik y\u0131l\u0131n 365 g\u00fcn\u00fc, gece g\u00fcnd\u00fcz y\u00fcr\u00fctt\u00fc\u011f\u00fcm\u00fcz operasyonlar\u0131m\u0131za aral\u0131ks\u0131z devam ediyoruz.&#8221; ifadelerine yer verdi.\u00a0 https:\/\/twitter.com\/AliYerlikaya\/status\/1897147349694341588\u00a0 \u200bHaberin Al\u0131nt\u0131land\u0131\u011f\u0131 &hellip;","og_url":"https:\/\/denizcankizil.tr\/ru\/haberler\/gundem\/22-ilde-deas-mensubuna-47-gozalti\/","og_site_name":"Av. Deniz Can K\u0131z\u0131l","article_published_time":"2025-03-05T06:41:25+00:00","author":"admin","twitter_card":"summary_large_image","twitter_misc":{"\u041d\u0430\u043f\u0438\u0441\u0430\u043d\u043e \u0430\u0432\u0442\u043e\u0440\u043e\u043c":"admin","\u041f\u0440\u0438\u043c\u0435\u0440\u043d\u043e\u0435 \u0432\u0440\u0435\u043c\u044f \u0434\u043b\u044f \u0447\u0442\u0435\u043d\u0438\u044f":"2 \u043c\u0438\u043d\u0443\u0442\u044b"},"schema":{"@context":"https:\/\/schema.org","@graph":[{"@type":"Article","@id":"https:\/\/denizcankizil.tr\/en\/haberler\/gundem\/22-ilde-deas-mensubuna-47-gozalti\/#article","isPartOf":{"@id":"https:\/\/denizcankizil.tr\/en\/haberler\/gundem\/22-ilde-deas-mensubuna-47-gozalti\/"},"author":{"name":"admin","@id":"https:\/\/denizcankizil.tr\/de\/#\/schema\/person\/be3c05fe6a12686905512445d8185489"},"headline":"22 ilde DEA\u015e mensubuna 47 g\u00f6zalt\u0131!","datePublished":"2025-03-05T06:41:25+00:00","mainEntityOfPage":{"@id":"https:\/\/denizcankizil.tr\/en\/haberler\/gundem\/22-ilde-deas-mensubuna-47-gozalti\/"},"wordCount":337,"commentCount":0,"publisher":{"@id":"https:\/\/denizcankizil.tr\/de\/#organization"},"articleSection":["G\u00fcndem"],"inLanguage":"ru-RU","potentialAction":[{"@type":"CommentAction","name":"Comment","target":["https:\/\/denizcankizil.tr\/en\/haberler\/gundem\/22-ilde-deas-mensubuna-47-gozalti\/#respond"]}]},{"@type":"WebPage","@id":"https:\/\/denizcankizil.tr\/en\/haberler\/gundem\/22-ilde-deas-mensubuna-47-gozalti\/","url":"https:\/\/denizcankizil.tr\/en\/haberler\/gundem\/22-ilde-deas-mensubuna-47-gozalti\/","name":"22 ilde DEA\u015e mensubuna 47 g\u00f6zalt\u0131! - Av. Deniz Can K\u0131z\u0131l","isPartOf":{"@id":"https:\/\/denizcankizil.tr\/de\/#website"},"datePublished":"2025-03-05T06:41:25+00:00","breadcrumb":{"@id":"https:\/\/denizcankizil.tr\/en\/haberler\/gundem\/22-ilde-deas-mensubuna-47-gozalti\/#breadcrumb"},"inLanguage":"ru-RU","potentialAction":[{"@type":"ReadAction","target":["https:\/\/denizcankizil.tr\/en\/haberler\/gundem\/22-ilde-deas-mensubuna-47-gozalti\/"]}]},{"@type":"BreadcrumbList","@id":"https:\/\/denizcankizil.tr\/en\/haberler\/gundem\/22-ilde-deas-mensubuna-47-gozalti\/#breadcrumb","itemListElement":[{"@type":"ListItem","position":1,"name":"Home","item":"https:\/\/denizcankizil.tr\/de\/"},{"@type":"ListItem","position":2,"name":"22 ilde DEA\u015e mensubuna 47 g\u00f6zalt\u0131!"}]},{"@type":"WebSite","@id":"https:\/\/denizcankizil.tr\/de\/#website","url":"https:\/\/denizcankizil.tr\/de\/","name":"Av. Deniz Can K\u0131z\u0131l","description":"Avukat Deniz Can K\u0131z\u0131l Antalya Barosu","publisher":{"@id":"https:\/\/denizcankizil.tr\/de\/#organization"},"potentialAction":[{"@type":"SearchAction","target":{"@type":"EntryPoint","urlTemplate":"https:\/\/denizcankizil.tr\/de\/?s={search_term_string}"},"query-input":{"@type":"PropertyValueSpecification","valueRequired":true,"valueName":"search_term_string"}}],"inLanguage":"ru-RU"},{"@type":"Organization","@id":"https:\/\/denizcankizil.tr\/de\/#organization","name":"Av. Deniz Can K\u0131z\u0131l","url":"https:\/\/denizcankizil.tr\/de\/","logo":{"@type":"ImageObject","inLanguage":"ru-RU","@id":"https:\/\/denizcankizil.tr\/de\/#\/schema\/logo\/image\/","url":"https:\/\/denizcankizil.tr\/wp-content\/uploads\/2024\/10\/siyah-logo-svg.svg","contentUrl":"https:\/\/denizcankizil.tr\/wp-content\/uploads\/2024\/10\/siyah-logo-svg.svg","width":1080,"height":1080,"caption":"Av. Deniz Can K\u0131z\u0131l"},"image":{"@id":"https:\/\/denizcankizil.tr\/de\/#\/schema\/logo\/image\/"}},{"@type":"Person","@id":"https:\/\/denizcankizil.tr\/de\/#\/schema\/person\/be3c05fe6a12686905512445d8185489","name":"\u0430\u0434\u043c\u0438\u043d","image":{"@type":"ImageObject","inLanguage":"ru-RU","@id":"https:\/\/denizcankizil.tr\/de\/#\/schema\/person\/image\/","url":"https:\/\/secure.gravatar.com\/avatar\/c1fce94c830dc79107e174f890d7210541c4a63e8e5d816341794a2151c9d58c?s=96&d=mm&r=g","contentUrl":"https:\/\/secure.gravatar.com\/avatar\/c1fce94c830dc79107e174f890d7210541c4a63e8e5d816341794a2151c9d58c?s=96&d=mm&r=g","caption":"admin"},"sameAs":["http:\/\/denizcankizil.tr"],"url":"https:\/\/www.iskenderun.org\/22-ilde-deas-mensubuna-47-gozalti"}]}},"_links":{"self":[{"href":"https:\/\/denizcankizil.tr\/ru\/wp-json\/wp\/v2\/posts\/34726","targetHints":{"allow":["GET"]}}],"collection":[{"href":"https:\/\/denizcankizil.tr\/ru\/wp-json\/wp\/v2\/posts"}],"about":[{"href":"https:\/\/denizcankizil.tr\/ru\/wp-json\/wp\/v2\/types\/post"}],"author":[{"embeddable":true,"href":"https:\/\/denizcankizil.tr\/ru\/wp-json\/wp\/v2\/users\/1"}],"replies":[{"embeddable":true,"href":"https:\/\/denizcankizil.tr\/ru\/wp-json\/wp\/v2\/comments?post=34726"}],"version-history":[{"count":0,"href":"https:\/\/denizcankizil.tr\/ru\/wp-json\/wp\/v2\/posts\/34726\/revisions"}],"wp:attachment":[{"href":"https:\/\/denizcankizil.tr\/ru\/wp-json\/wp\/v2\/media?parent=34726"}],"wp:term":[{"taxonomy":"category","embeddable":true,"href":"https:\/\/denizcankizil.tr\/ru\/wp-json\/wp\/v2\/categories?post=34726"},{"taxonomy":"post_tag","embeddable":true,"href":"https:\/\/denizcankizil.tr\/ru\/wp-json\/wp\/v2\/tags?post=34726"}],"curies":[{"name":"wp","href":"https:\/\/api.w.org\/{rel}","templated":true}]}}