{"id":34578,"date":"2025-03-03T13:41:20","date_gmt":"2025-03-03T10:41:20","guid":{"rendered":"https:\/\/denizcankizil.tr\/uncategorized-tr\/bal-arisi-petek-evi-acilisa-hazirlaniyor\/"},"modified":"2025-03-03T13:41:20","modified_gmt":"2025-03-03T10:41:20","slug":"bal-arisi-petek-evi-acilisa-hazirlaniyor","status":"publish","type":"post","link":"https:\/\/denizcankizil.tr\/ru\/haberler\/antalya\/bal-arisi-petek-evi-acilisa-hazirlaniyor\/","title":{"rendered":"&#8216;Bal Ar\u0131s\u0131 Petek Evi&#8217; a\u00e7\u0131l\u0131\u015fa haz\u0131rlan\u0131yor"},"content":{"rendered":"<p>\u0130brad\u0131 il\u00e7esi \u00dcr\u00fcnl\u00fc Mahallesi\u2019nde ar\u0131 ve bal \u00fcreticilerini desteklemek i\u00e7in faaliyete ge\u00e7irilecek olan &#8220;Petek Evi&#8221;, \u00fcretim ve e\u011fitim deste\u011finin yan\u0131 s\u0131ra \u0130brad\u0131\u2019ya ekonomik, turizm ve k\u00fclt\u00fcrel a\u00e7\u0131dan destek sa\u011flayacak bir merkez olacak.<\/p>\n<p>Ar\u0131c\u0131l\u0131\u011fa destek, ekolojiye katk\u0131<br \/>\nPetek Evi\u2019nde, b\u00f6lgede ar\u0131c\u0131l\u0131k faaliyetlerinde bulunan \u00fcreticilerin bilin\u00e7lendirilmesi amac\u0131yla 20 ki\u015filik e\u011fitim salonu yer alacak. E\u011fitimlerde ar\u0131 \u00fcr\u00fcnleri, ar\u0131 bak\u0131m\u0131, ar\u0131 besleme, biyolojik \u00e7e\u015fitlili\u011fin korunmas\u0131 ve bitkisel \u00fcretime olan katk\u0131lar\u0131n\u0131 i\u00e7eren konular yer alacak. Bal Ar\u0131s\u0131 Petek Evi\u2019nde ge\u00e7mi\u015ften g\u00fcn\u00fcm\u00fcze ar\u0131c\u0131l\u0131\u011f\u0131n geli\u015fimini anlatan, \u00e7e\u015fitli y\u00f6relere ait ar\u0131c\u0131l\u0131k malzemeleri ile geleneksel ve modern ar\u0131c\u0131l\u0131k tekniklerinin ve ar\u0131lar\u0131n anatomik yap\u0131lar\u0131n\u0131n g\u00f6rsel olarak sergilenece\u011fi bir sergi salonu da bulunacak. Bal Ar\u0131s\u0131 Petek Evi Projesi, b\u00f6lgede ar\u0131c\u0131l\u0131\u011f\u0131n desteklenmesinin yan\u0131 s\u0131ra verilecek e\u011fitimlerle kendini h\u0131zla hissettiren kurakl\u0131\u011f\u0131n olumsuz etkilerini azaltmak, ekolojik dengenin korunmas\u0131 ve s\u00fcrd\u00fcr\u00fclebilir \u00e7evre gibi pek \u00e7ok konuda halk\u0131n bilin\u00e7lenmesi i\u00e7in \u00f6nemli katk\u0131lar sunacak.<\/p>\n<p>Petek evi ile b\u00f6lge halk\u0131na ekonomik destek<br \/>\nPetek Evi\u2019nin i\u00e7erisinde b\u00f6lge halk\u0131n\u0131n hasat ettikleri ballar\u0131 ekonomik kayba u\u011fratmadan s\u00fczme i\u015flemini ger\u00e7ekle\u015ftirebilece\u011fi elektronik ve manuel bal s\u00fczme makinalar\u0131 bulunacak. Paketleme ve etiketleme i\u015flemlerinin yap\u0131laca\u011f\u0131 \u00fcniteler \u00fcreticilerin hizmetinde haz\u0131r halde bulunacak. Turistik ziyaretlerin yo\u011fun olarak ger\u00e7ekle\u015fti\u011fi b\u00f6lgede y\u00f6re halk\u0131n\u0131n s\u00fcz\u00fcp paketledikleri ballar\u0131n\u0131 satabilecekleri ve farkl\u0131 y\u00f6resel \u00fcr\u00fcnlerini de tan\u0131tabilece\u011fi sat\u0131\u015f \u00fcnitelerinin de b\u00f6lge halk\u0131na kazand\u0131r\u0131lmas\u0131 ama\u00e7lan\u0131yor.<\/p>\n<p>At\u0131l binadan \u00fcretim merkezine<br \/>\nProje kapsam\u0131nda at\u0131l durumda bulunan \u00dcr\u00fcnl\u00fc \u0130lkokulu binas\u0131 Antalya B\u00fcy\u00fck\u015fehir Belediyesi\u2019ne tahsis edildi. B\u00fcy\u00fck\u015fehir Belediyesi, at\u0131l durumdaki binay\u0131 aya\u011fa kald\u0131rmak i\u00e7in gerekli restorasyon i\u015flemleri tamamland\u0131ktan sonra &#8220;Bal Ar\u0131s\u0131 Petek Evi&#8221;ne d\u00f6n\u00fc\u015ft\u00fcrmek i\u00e7in gerekli \u00e7al\u0131\u015fmalar\u0131 ba\u015flatt\u0131.<\/p>\n<p>\u0130brad\u0131\u2019ya \u00f6nemli katk\u0131 sa\u011flayacak<br \/>\nAntalya B\u00fcy\u00fck\u015fehir Belediyesi Tar\u0131msal Hizmetler Dairesi Ba\u015fkanl\u0131\u011f\u0131 personeli Ziraat M\u00fchendisi Fatma T\u00fclek, projenin \u0130brad\u0131\u2019ya \u00f6nemli katk\u0131 sa\u011flayaca\u011f\u0131n\u0131 s\u00f6yledi. T\u00fclek, &#8220;Merkezimizi \u00f6n\u00fcm\u00fczdeki g\u00fcnlerde vatanda\u015fla bulu\u015fturaca\u011f\u0131z. Vatanda\u015flar\u0131m\u0131za burada ar\u0131c\u0131l\u0131k e\u011fitimi verece\u011fiz. Bal s\u00fczme ve paketleme alan\u0131 olu\u015fturuyoruz. Y\u00f6re halk\u0131n\u0131n \u00fcretti\u011fi ballar\u0131 kayba u\u011framadan, kolayl\u0131kla s\u00fcz\u00fcp, paketleyip depolayabilece\u011fi bir alan olu\u015fturaca\u011f\u0131z. Sergi salonumuz olacak. Orada ise geleneksel ve modern ar\u0131c\u0131l\u0131\u011f\u0131n \u00fcr\u00fcnleri \u0130brad\u0131 halk\u0131na sunulacak. Buras\u0131, \u0130brad\u0131\u2019ya ekonomik, turizm ve k\u00fclt\u00fcrel a\u00e7\u0131dan destek sa\u011flayacak bir merkez olacak&#8221; dedi.<\/p>\n<p>Kaynak: www.kanalv.com.tr Haber Sitesinden Al\u0131nm\u0131\u015ft\u0131r.<\/p>","protected":false},"excerpt":{"rendered":"<p>\u0130brad\u0131 il\u00e7esi \u00dcr\u00fcnl\u00fc Mahallesi\u2019nde ar\u0131 ve bal \u00fcreticilerini desteklemek i\u00e7in faaliyete ge\u00e7irilecek olan &#8220;Petek Evi&#8221;, \u00fcretim ve e\u011fitim deste\u011finin yan\u0131 s\u0131ra \u0130brad\u0131\u2019ya ekonomik, turizm ve k\u00fclt\u00fcrel a\u00e7\u0131dan destek sa\u011flayacak bir merkez olacak. Ar\u0131c\u0131l\u0131\u011fa destek, ekolojiye katk\u0131 Petek Evi\u2019nde, b\u00f6lgede ar\u0131c\u0131l\u0131k faaliyetlerinde bulunan \u00fcreticilerin bilin\u00e7lendirilmesi amac\u0131yla 20 ki\u015filik e\u011fitim salonu yer alacak. E\u011fitimlerde ar\u0131 \u00fcr\u00fcnleri, ar\u0131 bak\u0131m\u0131, ar\u0131 besleme, biyolojik \u00e7e\u015fitlili\u011fin korunmas\u0131 ve bitkisel \u00fcretime olan katk\u0131lar\u0131n\u0131 i\u00e7eren konular yer alacak. Bal Ar\u0131s\u0131 Petek Evi\u2019nde ge\u00e7mi\u015ften g\u00fcn\u00fcm\u00fcze ar\u0131c\u0131l\u0131\u011f\u0131n geli\u015fimini anlatan, \u00e7e\u015fitli y\u00f6relere ait ar\u0131c\u0131l\u0131k malzemeleri ile geleneksel ve modern ar\u0131c\u0131l\u0131k tekniklerinin ve ar\u0131lar\u0131n anatomik yap\u0131lar\u0131n\u0131n g\u00f6rsel olarak sergilenece\u011fi bir sergi salonu da bulunacak. Bal Ar\u0131s\u0131 Petek Evi Projesi, b\u00f6lgede ar\u0131c\u0131l\u0131\u011f\u0131n desteklenmesinin yan\u0131 s\u0131ra verilecek e\u011fitimlerle kendini h\u0131zla hissettiren kurakl\u0131\u011f\u0131n olumsuz etkilerini azaltmak, ekolojik dengenin korunmas\u0131 ve s\u00fcrd\u00fcr\u00fclebilir \u00e7evre gibi pek \u00e7ok konuda halk\u0131n bilin\u00e7lenmesi i\u00e7in \u00f6nemli katk\u0131lar sunacak. Petek evi ile b\u00f6lge halk\u0131na ekonomik destek Petek Evi\u2019nin i\u00e7erisinde b\u00f6lge halk\u0131n\u0131n hasat ettikleri ballar\u0131 ekonomik kayba u\u011fratmadan s\u00fczme i\u015flemini ger\u00e7ekle\u015ftirebilece\u011fi elektronik ve manuel bal s\u00fczme makinalar\u0131 bulunacak. Paketleme ve etiketleme i\u015flemlerinin yap\u0131laca\u011f\u0131 \u00fcniteler \u00fcreticilerin hizmetinde haz\u0131r halde bulunacak. Turistik ziyaretlerin yo\u011fun olarak ger\u00e7ekle\u015fti\u011fi b\u00f6lgede y\u00f6re halk\u0131n\u0131n s\u00fcz\u00fcp paketledikleri ballar\u0131n\u0131 satabilecekleri ve farkl\u0131 y\u00f6resel \u00fcr\u00fcnlerini de tan\u0131tabilece\u011fi sat\u0131\u015f \u00fcnitelerinin de b\u00f6lge halk\u0131na kazand\u0131r\u0131lmas\u0131 &hellip;<\/p>","protected":false},"author":4,"featured_media":0,"comment_status":"open","ping_status":"open","sticky":false,"template":"","format":"standard","meta":{"_acf_changed":false,"footnotes":""},"categories":[26],"tags":[],"class_list":["post-34578","post","type-post","status-publish","format-standard","hentry","category-antalya"],"acf":[],"yoast_head":"<!-- This site is optimized with the Yoast SEO Premium plugin v26.6 (Yoast SEO v27.1.1) - https:\/\/yoast.com\/product\/yoast-seo-premium-wordpress\/ -->\n<title>&#039;Bal Ar\u0131s\u0131 Petek Evi&#039; a\u00e7\u0131l\u0131\u015fa haz\u0131rlan\u0131yor - Av. Deniz Can K\u0131z\u0131l<\/title>\n<meta name=\"robots\" content=\"index, follow, max-snippet:-1, max-image-preview:large, max-video-preview:-1\" \/>\n<link rel=\"canonical\" href=\"https:\/\/denizcankizil.tr\/ru\/haberler\/antalya\/bal-arisi-petek-evi-acilisa-hazirlaniyor\/\" \/>\n<meta property=\"og:locale\" content=\"ru_RU\" \/>\n<meta property=\"og:type\" content=\"article\" \/>\n<meta property=\"og:title\" content=\"&#039;Bal Ar\u0131s\u0131 Petek Evi&#039; a\u00e7\u0131l\u0131\u015fa haz\u0131rlan\u0131yor\" \/>\n<meta property=\"og:description\" content=\"\u0130brad\u0131 il\u00e7esi \u00dcr\u00fcnl\u00fc Mahallesi\u2019nde ar\u0131 ve bal \u00fcreticilerini desteklemek i\u00e7in faaliyete ge\u00e7irilecek olan &#8220;Petek Evi&#8221;, \u00fcretim ve e\u011fitim deste\u011finin yan\u0131 s\u0131ra \u0130brad\u0131\u2019ya ekonomik, turizm ve k\u00fclt\u00fcrel a\u00e7\u0131dan destek sa\u011flayacak bir merkez olacak. Ar\u0131c\u0131l\u0131\u011fa destek, ekolojiye katk\u0131 Petek Evi\u2019nde, b\u00f6lgede ar\u0131c\u0131l\u0131k faaliyetlerinde bulunan \u00fcreticilerin bilin\u00e7lendirilmesi amac\u0131yla 20 ki\u015filik e\u011fitim salonu yer alacak. E\u011fitimlerde ar\u0131 \u00fcr\u00fcnleri, ar\u0131 bak\u0131m\u0131, ar\u0131 besleme, biyolojik \u00e7e\u015fitlili\u011fin korunmas\u0131 ve bitkisel \u00fcretime olan katk\u0131lar\u0131n\u0131 i\u00e7eren konular yer alacak. Bal Ar\u0131s\u0131 Petek Evi\u2019nde ge\u00e7mi\u015ften g\u00fcn\u00fcm\u00fcze ar\u0131c\u0131l\u0131\u011f\u0131n geli\u015fimini anlatan, \u00e7e\u015fitli y\u00f6relere ait ar\u0131c\u0131l\u0131k malzemeleri ile geleneksel ve modern ar\u0131c\u0131l\u0131k tekniklerinin ve ar\u0131lar\u0131n anatomik yap\u0131lar\u0131n\u0131n g\u00f6rsel olarak sergilenece\u011fi bir sergi salonu da bulunacak. Bal Ar\u0131s\u0131 Petek Evi Projesi, b\u00f6lgede ar\u0131c\u0131l\u0131\u011f\u0131n desteklenmesinin yan\u0131 s\u0131ra verilecek e\u011fitimlerle kendini h\u0131zla hissettiren kurakl\u0131\u011f\u0131n olumsuz etkilerini azaltmak, ekolojik dengenin korunmas\u0131 ve s\u00fcrd\u00fcr\u00fclebilir \u00e7evre gibi pek \u00e7ok konuda halk\u0131n bilin\u00e7lenmesi i\u00e7in \u00f6nemli katk\u0131lar sunacak. Petek evi ile b\u00f6lge halk\u0131na ekonomik destek Petek Evi\u2019nin i\u00e7erisinde b\u00f6lge halk\u0131n\u0131n hasat ettikleri ballar\u0131 ekonomik kayba u\u011fratmadan s\u00fczme i\u015flemini ger\u00e7ekle\u015ftirebilece\u011fi elektronik ve manuel bal s\u00fczme makinalar\u0131 bulunacak. Paketleme ve etiketleme i\u015flemlerinin yap\u0131laca\u011f\u0131 \u00fcniteler \u00fcreticilerin hizmetinde haz\u0131r halde bulunacak. Turistik ziyaretlerin yo\u011fun olarak ger\u00e7ekle\u015fti\u011fi b\u00f6lgede y\u00f6re halk\u0131n\u0131n s\u00fcz\u00fcp paketledikleri ballar\u0131n\u0131 satabilecekleri ve farkl\u0131 y\u00f6resel \u00fcr\u00fcnlerini de tan\u0131tabilece\u011fi sat\u0131\u015f \u00fcnitelerinin de b\u00f6lge halk\u0131na kazand\u0131r\u0131lmas\u0131 &hellip;\" \/>\n<meta property=\"og:url\" content=\"https:\/\/denizcankizil.tr\/ru\/haberler\/antalya\/bal-arisi-petek-evi-acilisa-hazirlaniyor\/\" \/>\n<meta property=\"og:site_name\" content=\"Av. Deniz Can K\u0131z\u0131l\" \/>\n<meta property=\"article:published_time\" content=\"2025-03-03T10:41:20+00:00\" \/>\n<meta name=\"author\" content=\"Av. Deniz Can K\u0131z\u0131l\" \/>\n<meta name=\"twitter:card\" content=\"summary_large_image\" \/>\n<meta name=\"twitter:label1\" content=\"\u041d\u0430\u043f\u0438\u0441\u0430\u043d\u043e \u0430\u0432\u0442\u043e\u0440\u043e\u043c\" \/>\n\t<meta name=\"twitter:data1\" content=\"Av. Deniz Can K\u0131z\u0131l\" \/>\n\t<meta name=\"twitter:label2\" content=\"\u041f\u0440\u0438\u043c\u0435\u0440\u043d\u043e\u0435 \u0432\u0440\u0435\u043c\u044f \u0434\u043b\u044f \u0447\u0442\u0435\u043d\u0438\u044f\" \/>\n\t<meta name=\"twitter:data2\" content=\"3 \u043c\u0438\u043d\u0443\u0442\u044b\" \/>\n<script type=\"application\/ld+json\" class=\"yoast-schema-graph\">{\"@context\":\"https:\/\/schema.org\",\"@graph\":[{\"@type\":\"Article\",\"@id\":\"https:\/\/denizcankizil.tr\/ru\/haberler\/antalya\/bal-arisi-petek-evi-acilisa-hazirlaniyor\/#article\",\"isPartOf\":{\"@id\":\"https:\/\/denizcankizil.tr\/ru\/haberler\/antalya\/bal-arisi-petek-evi-acilisa-hazirlaniyor\/\"},\"author\":{\"name\":\"Av. Deniz Can K\u0131z\u0131l\",\"@id\":\"https:\/\/denizcankizil.tr\/de\/#\/schema\/person\/5dc1b22991bd7ac833867c10afc9b0ff\"},\"headline\":\"&#8216;Bal Ar\u0131s\u0131 Petek Evi&#8217; a\u00e7\u0131l\u0131\u015fa haz\u0131rlan\u0131yor\",\"datePublished\":\"2025-03-03T10:41:20+00:00\",\"mainEntityOfPage\":{\"@id\":\"https:\/\/denizcankizil.tr\/ru\/haberler\/antalya\/bal-arisi-petek-evi-acilisa-hazirlaniyor\/\"},\"wordCount\":528,\"commentCount\":0,\"publisher\":{\"@id\":\"https:\/\/denizcankizil.tr\/de\/#organization\"},\"articleSection\":[\"Antalya\"],\"inLanguage\":\"ru-RU\",\"potentialAction\":[{\"@type\":\"CommentAction\",\"name\":\"Comment\",\"target\":[\"https:\/\/denizcankizil.tr\/ru\/haberler\/antalya\/bal-arisi-petek-evi-acilisa-hazirlaniyor\/#respond\"]}]},{\"@type\":\"WebPage\",\"@id\":\"https:\/\/denizcankizil.tr\/ru\/haberler\/antalya\/bal-arisi-petek-evi-acilisa-hazirlaniyor\/\",\"url\":\"https:\/\/denizcankizil.tr\/ru\/haberler\/antalya\/bal-arisi-petek-evi-acilisa-hazirlaniyor\/\",\"name\":\"'Bal Ar\u0131s\u0131 Petek Evi' a\u00e7\u0131l\u0131\u015fa haz\u0131rlan\u0131yor - Av. Deniz Can K\u0131z\u0131l\",\"isPartOf\":{\"@id\":\"https:\/\/denizcankizil.tr\/de\/#website\"},\"datePublished\":\"2025-03-03T10:41:20+00:00\",\"breadcrumb\":{\"@id\":\"https:\/\/denizcankizil.tr\/ru\/haberler\/antalya\/bal-arisi-petek-evi-acilisa-hazirlaniyor\/#breadcrumb\"},\"inLanguage\":\"ru-RU\",\"potentialAction\":[{\"@type\":\"ReadAction\",\"target\":[\"https:\/\/denizcankizil.tr\/ru\/haberler\/antalya\/bal-arisi-petek-evi-acilisa-hazirlaniyor\/\"]}]},{\"@type\":\"BreadcrumbList\",\"@id\":\"https:\/\/denizcankizil.tr\/ru\/haberler\/antalya\/bal-arisi-petek-evi-acilisa-hazirlaniyor\/#breadcrumb\",\"itemListElement\":[{\"@type\":\"ListItem\",\"position\":1,\"name\":\"Home\",\"item\":\"https:\/\/denizcankizil.tr\/de\/\"},{\"@type\":\"ListItem\",\"position\":2,\"name\":\"&#8216;Bal Ar\u0131s\u0131 Petek Evi&#8217; a\u00e7\u0131l\u0131\u015fa haz\u0131rlan\u0131yor\"}]},{\"@type\":\"WebSite\",\"@id\":\"https:\/\/denizcankizil.tr\/de\/#website\",\"url\":\"https:\/\/denizcankizil.tr\/de\/\",\"name\":\"Av. Deniz Can K\u0131z\u0131l\",\"description\":\"Avukat Deniz Can K\u0131z\u0131l Antalya Barosu\",\"publisher\":{\"@id\":\"https:\/\/denizcankizil.tr\/de\/#organization\"},\"potentialAction\":[{\"@type\":\"SearchAction\",\"target\":{\"@type\":\"EntryPoint\",\"urlTemplate\":\"https:\/\/denizcankizil.tr\/de\/?s={search_term_string}\"},\"query-input\":{\"@type\":\"PropertyValueSpecification\",\"valueRequired\":true,\"valueName\":\"search_term_string\"}}],\"inLanguage\":\"ru-RU\"},{\"@type\":\"Organization\",\"@id\":\"https:\/\/denizcankizil.tr\/de\/#organization\",\"name\":\"Av. Deniz Can K\u0131z\u0131l\",\"url\":\"https:\/\/denizcankizil.tr\/de\/\",\"logo\":{\"@type\":\"ImageObject\",\"inLanguage\":\"ru-RU\",\"@id\":\"https:\/\/denizcankizil.tr\/de\/#\/schema\/logo\/image\/\",\"url\":\"https:\/\/denizcankizil.tr\/wp-content\/uploads\/2024\/10\/siyah-logo-svg.svg\",\"contentUrl\":\"https:\/\/denizcankizil.tr\/wp-content\/uploads\/2024\/10\/siyah-logo-svg.svg\",\"width\":1080,\"height\":1080,\"caption\":\"Av. Deniz Can K\u0131z\u0131l\"},\"image\":{\"@id\":\"https:\/\/denizcankizil.tr\/de\/#\/schema\/logo\/image\/\"}},{\"@type\":\"Person\",\"@id\":\"https:\/\/denizcankizil.tr\/de\/#\/schema\/person\/5dc1b22991bd7ac833867c10afc9b0ff\",\"name\":\"Av. Deniz Can K\u0131z\u0131l\",\"image\":{\"@type\":\"ImageObject\",\"inLanguage\":\"ru-RU\",\"@id\":\"https:\/\/denizcankizil.tr\/de\/#\/schema\/person\/image\/\",\"url\":\"https:\/\/secure.gravatar.com\/avatar\/a0b128fb9855c79efc976d5640eedb31dc35ec297594d6016d2cf7c60e975bb6?s=96&d=mm&r=g\",\"contentUrl\":\"https:\/\/secure.gravatar.com\/avatar\/a0b128fb9855c79efc976d5640eedb31dc35ec297594d6016d2cf7c60e975bb6?s=96&d=mm&r=g\",\"caption\":\"Av. Deniz Can K\u0131z\u0131l\"},\"sameAs\":[\"http:\/\/www.denizcankizil.tr\"],\"url\":\"https:\/\/denizcankizil.tr\/ru\/author\/denizcankizil\/\"}]}<\/script>\n<!-- \/ Yoast SEO Premium plugin. -->","yoast_head_json":{"title":"'Bal Ar\u0131s\u0131 Petek Evi' a\u00e7\u0131l\u0131\u015fa haz\u0131rlan\u0131yor - Av. Deniz Can K\u0131z\u0131l","robots":{"index":"index","follow":"follow","max-snippet":"max-snippet:-1","max-image-preview":"max-image-preview:large","max-video-preview":"max-video-preview:-1"},"canonical":"https:\/\/denizcankizil.tr\/ru\/haberler\/antalya\/bal-arisi-petek-evi-acilisa-hazirlaniyor\/","og_locale":"ru_RU","og_type":"article","og_title":"'Bal Ar\u0131s\u0131 Petek Evi' a\u00e7\u0131l\u0131\u015fa haz\u0131rlan\u0131yor","og_description":"\u0130brad\u0131 il\u00e7esi \u00dcr\u00fcnl\u00fc Mahallesi\u2019nde ar\u0131 ve bal \u00fcreticilerini desteklemek i\u00e7in faaliyete ge\u00e7irilecek olan &#8220;Petek Evi&#8221;, \u00fcretim ve e\u011fitim deste\u011finin yan\u0131 s\u0131ra \u0130brad\u0131\u2019ya ekonomik, turizm ve k\u00fclt\u00fcrel a\u00e7\u0131dan destek sa\u011flayacak bir merkez olacak. Ar\u0131c\u0131l\u0131\u011fa destek, ekolojiye katk\u0131 Petek Evi\u2019nde, b\u00f6lgede ar\u0131c\u0131l\u0131k faaliyetlerinde bulunan \u00fcreticilerin bilin\u00e7lendirilmesi amac\u0131yla 20 ki\u015filik e\u011fitim salonu yer alacak. E\u011fitimlerde ar\u0131 \u00fcr\u00fcnleri, ar\u0131 bak\u0131m\u0131, ar\u0131 besleme, biyolojik \u00e7e\u015fitlili\u011fin korunmas\u0131 ve bitkisel \u00fcretime olan katk\u0131lar\u0131n\u0131 i\u00e7eren konular yer alacak. Bal Ar\u0131s\u0131 Petek Evi\u2019nde ge\u00e7mi\u015ften g\u00fcn\u00fcm\u00fcze ar\u0131c\u0131l\u0131\u011f\u0131n geli\u015fimini anlatan, \u00e7e\u015fitli y\u00f6relere ait ar\u0131c\u0131l\u0131k malzemeleri ile geleneksel ve modern ar\u0131c\u0131l\u0131k tekniklerinin ve ar\u0131lar\u0131n anatomik yap\u0131lar\u0131n\u0131n g\u00f6rsel olarak sergilenece\u011fi bir sergi salonu da bulunacak. Bal Ar\u0131s\u0131 Petek Evi Projesi, b\u00f6lgede ar\u0131c\u0131l\u0131\u011f\u0131n desteklenmesinin yan\u0131 s\u0131ra verilecek e\u011fitimlerle kendini h\u0131zla hissettiren kurakl\u0131\u011f\u0131n olumsuz etkilerini azaltmak, ekolojik dengenin korunmas\u0131 ve s\u00fcrd\u00fcr\u00fclebilir \u00e7evre gibi pek \u00e7ok konuda halk\u0131n bilin\u00e7lenmesi i\u00e7in \u00f6nemli katk\u0131lar sunacak. Petek evi ile b\u00f6lge halk\u0131na ekonomik destek Petek Evi\u2019nin i\u00e7erisinde b\u00f6lge halk\u0131n\u0131n hasat ettikleri ballar\u0131 ekonomik kayba u\u011fratmadan s\u00fczme i\u015flemini ger\u00e7ekle\u015ftirebilece\u011fi elektronik ve manuel bal s\u00fczme makinalar\u0131 bulunacak. Paketleme ve etiketleme i\u015flemlerinin yap\u0131laca\u011f\u0131 \u00fcniteler \u00fcreticilerin hizmetinde haz\u0131r halde bulunacak. Turistik ziyaretlerin yo\u011fun olarak ger\u00e7ekle\u015fti\u011fi b\u00f6lgede y\u00f6re halk\u0131n\u0131n s\u00fcz\u00fcp paketledikleri ballar\u0131n\u0131 satabilecekleri ve farkl\u0131 y\u00f6resel \u00fcr\u00fcnlerini de tan\u0131tabilece\u011fi sat\u0131\u015f \u00fcnitelerinin de b\u00f6lge halk\u0131na kazand\u0131r\u0131lmas\u0131 &hellip;","og_url":"https:\/\/denizcankizil.tr\/ru\/haberler\/antalya\/bal-arisi-petek-evi-acilisa-hazirlaniyor\/","og_site_name":"Av. Deniz Can K\u0131z\u0131l","article_published_time":"2025-03-03T10:41:20+00:00","author":"Av. Deniz Can K\u0131z\u0131l","twitter_card":"summary_large_image","twitter_misc":{"\u041d\u0430\u043f\u0438\u0441\u0430\u043d\u043e \u0430\u0432\u0442\u043e\u0440\u043e\u043c":"Av. Deniz Can K\u0131z\u0131l","\u041f\u0440\u0438\u043c\u0435\u0440\u043d\u043e\u0435 \u0432\u0440\u0435\u043c\u044f \u0434\u043b\u044f \u0447\u0442\u0435\u043d\u0438\u044f":"3 \u043c\u0438\u043d\u0443\u0442\u044b"},"schema":{"@context":"https:\/\/schema.org","@graph":[{"@type":"Article","@id":"https:\/\/denizcankizil.tr\/ru\/haberler\/antalya\/bal-arisi-petek-evi-acilisa-hazirlaniyor\/#article","isPartOf":{"@id":"https:\/\/denizcankizil.tr\/ru\/haberler\/antalya\/bal-arisi-petek-evi-acilisa-hazirlaniyor\/"},"author":{"name":"Av. Deniz Can K\u0131z\u0131l","@id":"https:\/\/denizcankizil.tr\/de\/#\/schema\/person\/5dc1b22991bd7ac833867c10afc9b0ff"},"headline":"&#8216;Bal Ar\u0131s\u0131 Petek Evi&#8217; a\u00e7\u0131l\u0131\u015fa haz\u0131rlan\u0131yor","datePublished":"2025-03-03T10:41:20+00:00","mainEntityOfPage":{"@id":"https:\/\/denizcankizil.tr\/ru\/haberler\/antalya\/bal-arisi-petek-evi-acilisa-hazirlaniyor\/"},"wordCount":528,"commentCount":0,"publisher":{"@id":"https:\/\/denizcankizil.tr\/de\/#organization"},"articleSection":["Antalya"],"inLanguage":"ru-RU","potentialAction":[{"@type":"CommentAction","name":"Comment","target":["https:\/\/denizcankizil.tr\/ru\/haberler\/antalya\/bal-arisi-petek-evi-acilisa-hazirlaniyor\/#respond"]}]},{"@type":"WebPage","@id":"https:\/\/denizcankizil.tr\/ru\/haberler\/antalya\/bal-arisi-petek-evi-acilisa-hazirlaniyor\/","url":"https:\/\/denizcankizil.tr\/ru\/haberler\/antalya\/bal-arisi-petek-evi-acilisa-hazirlaniyor\/","name":"'Bal Ar\u0131s\u0131 Petek Evi' a\u00e7\u0131l\u0131\u015fa haz\u0131rlan\u0131yor - Av. Deniz Can K\u0131z\u0131l","isPartOf":{"@id":"https:\/\/denizcankizil.tr\/de\/#website"},"datePublished":"2025-03-03T10:41:20+00:00","breadcrumb":{"@id":"https:\/\/denizcankizil.tr\/ru\/haberler\/antalya\/bal-arisi-petek-evi-acilisa-hazirlaniyor\/#breadcrumb"},"inLanguage":"ru-RU","potentialAction":[{"@type":"ReadAction","target":["https:\/\/denizcankizil.tr\/ru\/haberler\/antalya\/bal-arisi-petek-evi-acilisa-hazirlaniyor\/"]}]},{"@type":"BreadcrumbList","@id":"https:\/\/denizcankizil.tr\/ru\/haberler\/antalya\/bal-arisi-petek-evi-acilisa-hazirlaniyor\/#breadcrumb","itemListElement":[{"@type":"ListItem","position":1,"name":"Home","item":"https:\/\/denizcankizil.tr\/de\/"},{"@type":"ListItem","position":2,"name":"&#8216;Bal Ar\u0131s\u0131 Petek Evi&#8217; a\u00e7\u0131l\u0131\u015fa haz\u0131rlan\u0131yor"}]},{"@type":"WebSite","@id":"https:\/\/denizcankizil.tr\/de\/#website","url":"https:\/\/denizcankizil.tr\/de\/","name":"Av. Deniz Can K\u0131z\u0131l","description":"Avukat Deniz Can K\u0131z\u0131l Antalya Barosu","publisher":{"@id":"https:\/\/denizcankizil.tr\/de\/#organization"},"potentialAction":[{"@type":"SearchAction","target":{"@type":"EntryPoint","urlTemplate":"https:\/\/denizcankizil.tr\/de\/?s={search_term_string}"},"query-input":{"@type":"PropertyValueSpecification","valueRequired":true,"valueName":"search_term_string"}}],"inLanguage":"ru-RU"},{"@type":"Organization","@id":"https:\/\/denizcankizil.tr\/de\/#organization","name":"Av. Deniz Can K\u0131z\u0131l","url":"https:\/\/denizcankizil.tr\/de\/","logo":{"@type":"ImageObject","inLanguage":"ru-RU","@id":"https:\/\/denizcankizil.tr\/de\/#\/schema\/logo\/image\/","url":"https:\/\/denizcankizil.tr\/wp-content\/uploads\/2024\/10\/siyah-logo-svg.svg","contentUrl":"https:\/\/denizcankizil.tr\/wp-content\/uploads\/2024\/10\/siyah-logo-svg.svg","width":1080,"height":1080,"caption":"Av. Deniz Can K\u0131z\u0131l"},"image":{"@id":"https:\/\/denizcankizil.tr\/de\/#\/schema\/logo\/image\/"}},{"@type":"Person","@id":"https:\/\/denizcankizil.tr\/de\/#\/schema\/person\/5dc1b22991bd7ac833867c10afc9b0ff","name":"Av. Deniz Can K\u0131z\u0131l","image":{"@type":"ImageObject","inLanguage":"ru-RU","@id":"https:\/\/denizcankizil.tr\/de\/#\/schema\/person\/image\/","url":"https:\/\/secure.gravatar.com\/avatar\/a0b128fb9855c79efc976d5640eedb31dc35ec297594d6016d2cf7c60e975bb6?s=96&d=mm&r=g","contentUrl":"https:\/\/secure.gravatar.com\/avatar\/a0b128fb9855c79efc976d5640eedb31dc35ec297594d6016d2cf7c60e975bb6?s=96&d=mm&r=g","caption":"Av. Deniz Can K\u0131z\u0131l"},"sameAs":["http:\/\/www.denizcankizil.tr"],"url":"https:\/\/denizcankizil.tr\/ru\/author\/denizcankizil\/"}]}},"_links":{"self":[{"href":"https:\/\/denizcankizil.tr\/ru\/wp-json\/wp\/v2\/posts\/34578","targetHints":{"allow":["GET"]}}],"collection":[{"href":"https:\/\/denizcankizil.tr\/ru\/wp-json\/wp\/v2\/posts"}],"about":[{"href":"https:\/\/denizcankizil.tr\/ru\/wp-json\/wp\/v2\/types\/post"}],"author":[{"embeddable":true,"href":"https:\/\/denizcankizil.tr\/ru\/wp-json\/wp\/v2\/users\/4"}],"replies":[{"embeddable":true,"href":"https:\/\/denizcankizil.tr\/ru\/wp-json\/wp\/v2\/comments?post=34578"}],"version-history":[{"count":0,"href":"https:\/\/denizcankizil.tr\/ru\/wp-json\/wp\/v2\/posts\/34578\/revisions"}],"wp:attachment":[{"href":"https:\/\/denizcankizil.tr\/ru\/wp-json\/wp\/v2\/media?parent=34578"}],"wp:term":[{"taxonomy":"category","embeddable":true,"href":"https:\/\/denizcankizil.tr\/ru\/wp-json\/wp\/v2\/categories?post=34578"},{"taxonomy":"post_tag","embeddable":true,"href":"https:\/\/denizcankizil.tr\/ru\/wp-json\/wp\/v2\/tags?post=34578"}],"curies":[{"name":"wp","href":"https:\/\/api.w.org\/{rel}","templated":true}]}}