{"id":34500,"date":"2025-03-02T12:41:24","date_gmt":"2025-03-02T09:41:24","guid":{"rendered":"https:\/\/denizcankizil.tr\/uncategorized-tr\/manisada-firca-izleri-sanatseverlerle-bulustu\/"},"modified":"2025-03-02T12:41:24","modified_gmt":"2025-03-02T09:41:24","slug":"manisada-firca-izleri-sanatseverlerle-bulustu","status":"publish","type":"post","link":"https:\/\/denizcankizil.tr\/ru\/haberler\/gundem\/manisada-firca-izleri-sanatseverlerle-bulustu\/","title":{"rendered":"Manisa&#8217;da \u201cF\u0131r\u00e7a \u0130zleri\u201d sanatseverlerle bulu\u015ftu"},"content":{"rendered":"<p>Manisa B\u00fcy\u00fck\u015fehir Belediyesi, D\u00fcnya Ressamlar G\u00fcn\u00fc\u2019ne \u00f6zel olarak \u201cF\u0131r\u00e7a \u0130zleri\u201d adl\u0131 karma resim sergisine ev sahipli\u011fi yapt\u0131. K\u00fclt\u00fcr Merkezi Lale Fuaye&#8217;de d\u00fczenlenen etkinlik, sanatseverlerin b\u00fcy\u00fck be\u011fenisini kazand\u0131.MAN\u0130SA (\u0130GFA) &#8211; Manisa&#8217;da\u00a0sergide, hayal g\u00fc\u00e7lerini ve d\u00fc\u015f\u00fcncelerini f\u0131r\u00e7a darbeleriyle tuvale aktaran ressamlar H\u00fclya Ersezgin, Bet\u00fcl \u015eeker, Nagehan Erdo\u011fan, Reyhan Elbirliler, Haldun Ta\u015f\u00e7eviren, Fehim Ta\u015f\u00e7eviren, Ramazan G\u00f6kta\u015f ve Hidayet G\u00fcltekin&#8217;in eserleri sanatseverlerle bulu\u015ftu. Birbirinden farkl\u0131 \u00fcslup ve tekniklerle olu\u015fturulan tablolar, ziyaret\u00e7ilerin be\u011fenisine sunuldu. Ziyaret\u00e7iler, ressam H\u00fclya Ersezgin&#8217;in 2008 y\u0131l\u0131nda \u00f6d\u00fcl alan Kuvay-i Milliye konulu eserini de yak\u0131ndan g\u00f6rme f\u0131rsat\u0131 buldu. Etkinlik boyunca d\u00fczenlenen \u00f6zel sanat performanslar\u0131, sergiye renk katt\u0131.<br \/>\n\u00d6\u011eRENC\u0130LERDEN YO\u011eUN \u0130LG\u0130<br \/>\nMinik sanatseverlerin de yo\u011fun kat\u0131l\u0131m g\u00f6sterdi\u011fi serginin a\u00e7\u0131l\u0131\u015f\u0131n\u0131, B\u00fcy\u00fck\u015fehir Belediyesi K\u00fclt\u00fcr Sanat \u015eube M\u00fcd\u00fcr\u00fc Okan G\u00fcnd\u00fcz ve sergide yer alan ressamlar birlikte ger\u00e7ekle\u015ftirdi. \u201cF\u0131r\u00e7a \u0130zleri\u201d sergisi, Manisa&#8217;n\u0131n k\u00fclt\u00fcrel ve sanatsal zenginli\u011fine \u00f6nemli katk\u0131 sa\u011flad\u0131. Sergi, farkl\u0131 tarzlardaki eserleri bir araya getirerek sanatseverlere geni\u015f bir yelpaze sundu. Ayr\u0131ca, \u00a0Manisa Anadolu Lisesi \u00f6\u011frencilerinin ziyaretiyle de sanat\u0131n gelecek nesillere aktar\u0131lmas\u0131na katk\u0131da da bulundu.<br \/>\nRessamlar, sanata ve sanat\u00e7\u0131ya destekleri nedeniyle Manisa B\u00fcy\u00fck\u015fehir Belediyesi\u2019ne te\u015fekk\u00fcr ederek, bu t\u00fcr organizasyonlar\u0131n kent k\u00fclt\u00fcr ve sanat ya\u015fam\u0131na b\u00fcy\u00fck katk\u0131 sa\u011flad\u0131\u011f\u0131n\u0131 vurgulad\u0131.<\/p>\n<p>\u200bManisa B\u00fcy\u00fck\u015fehir Belediyesi, D\u00fcnya Ressamlar G\u00fcn\u00fc\u2019ne \u00f6zel olarak \u201cF\u0131r\u00e7a \u0130zleri\u201d adl\u0131 karma resim sergisine ev sahipli\u011fi yapt\u0131. K\u00fclt\u00fcr Merkezi Lale Fuaye&#8217;de d\u00fczenlenen etkinlik, sanatseverlerin b\u00fcy\u00fck be\u011fenisini kazand\u0131.MAN\u0130SA (\u0130GFA) &#8211; Manisa&#8217;da\u00a0sergide, hayal g\u00fc\u00e7lerini ve d\u00fc\u015f\u00fcncelerini f\u0131r\u00e7a darbeleriyle tuvale aktaran ressamlar H\u00fclya Ersezgin, Bet\u00fcl \u015eeker, Nagehan Erdo\u011fan, Reyhan Elbirliler, Haldun Ta\u015f\u00e7eviren, Fehim Ta\u015f\u00e7eviren, Ramazan G\u00f6kta\u015f ve Hidayet G\u00fcltekin&#8217;in eserleri sanatseverlerle bulu\u015ftu. Birbirinden farkl\u0131 \u00fcslup ve tekniklerle olu\u015fturulan tablolar, ziyaret\u00e7ilerin be\u011fenisine sunuldu. Ziyaret\u00e7iler, ressam H\u00fclya Ersezgin&#8217;in 2008 y\u0131l\u0131nda \u00f6d\u00fcl alan Kuvay-i Milliye konulu eserini de yak\u0131ndan g\u00f6rme f\u0131rsat\u0131 buldu. Etkinlik boyunca d\u00fczenlenen \u00f6zel sanat performanslar\u0131, sergiye renk katt\u0131.<br \/>\n\u00d6\u011eRENC\u0130LERDEN YO\u011eUN \u0130LG\u0130<br \/>\nMinik sanatseverlerin de yo\u011fun kat\u0131l\u0131m g\u00f6sterdi\u011fi serginin a\u00e7\u0131l\u0131\u015f\u0131n\u0131, B\u00fcy\u00fck\u015fehir Belediyesi K\u00fclt\u00fcr Sanat \u015eube M\u00fcd\u00fcr\u00fc Okan G\u00fcnd\u00fcz ve sergide yer alan ressamlar birlikte ger\u00e7ekle\u015ftirdi. \u201cF\u0131r\u00e7a \u0130zleri\u201d sergisi, Manisa&#8217;n\u0131n k\u00fclt\u00fcrel ve sanatsal zenginli\u011fine \u00f6nemli katk\u0131 sa\u011flad\u0131. Sergi, farkl\u0131 tarzlardaki eserleri bir araya getirerek sanatseverlere geni\u015f bir yelpaze sundu. Ayr\u0131ca, \u00a0Manisa Anadolu Lisesi \u00f6\u011frencilerinin ziyaretiyle de sanat\u0131n gelecek nesillere aktar\u0131lmas\u0131na katk\u0131da da bulundu.<br \/>\nRessamlar, sanata ve sanat\u00e7\u0131ya destekleri nedeniyle Manisa B\u00fcy\u00fck\u015fehir Belediyesi\u2019ne te\u015fekk\u00fcr ederek, bu t\u00fcr organizasyonlar\u0131n kent k\u00fclt\u00fcr ve sanat ya\u015fam\u0131na b\u00fcy\u00fck katk\u0131 sa\u011flad\u0131\u011f\u0131n\u0131 vurgulad\u0131.\u00a0<\/p>\n<p>\u200bHaberin Al\u0131nt\u0131land\u0131\u011f\u0131 Kaynak: www.iskenderun.org<\/p>","protected":false},"excerpt":{"rendered":"<p>Manisa B\u00fcy\u00fck\u015fehir Belediyesi, D\u00fcnya Ressamlar G\u00fcn\u00fc\u2019ne \u00f6zel olarak \u201cF\u0131r\u00e7a \u0130zleri\u201d adl\u0131 karma resim sergisine ev sahipli\u011fi yapt\u0131. K\u00fclt\u00fcr Merkezi Lale Fuaye&#8217;de d\u00fczenlenen etkinlik, sanatseverlerin b\u00fcy\u00fck be\u011fenisini kazand\u0131.MAN\u0130SA (\u0130GFA) &#8211; Manisa&#8217;da\u00a0sergide, hayal g\u00fc\u00e7lerini ve d\u00fc\u015f\u00fcncelerini f\u0131r\u00e7a darbeleriyle tuvale aktaran ressamlar H\u00fclya Ersezgin, Bet\u00fcl \u015eeker, Nagehan Erdo\u011fan, Reyhan Elbirliler, Haldun Ta\u015f\u00e7eviren, Fehim Ta\u015f\u00e7eviren, Ramazan G\u00f6kta\u015f ve Hidayet G\u00fcltekin&#8217;in eserleri sanatseverlerle bulu\u015ftu. Birbirinden farkl\u0131 \u00fcslup ve tekniklerle olu\u015fturulan tablolar, ziyaret\u00e7ilerin be\u011fenisine sunuldu. Ziyaret\u00e7iler, ressam H\u00fclya Ersezgin&#8217;in 2008 y\u0131l\u0131nda \u00f6d\u00fcl alan Kuvay-i Milliye konulu eserini de yak\u0131ndan g\u00f6rme f\u0131rsat\u0131 buldu. Etkinlik boyunca d\u00fczenlenen \u00f6zel sanat performanslar\u0131, sergiye renk katt\u0131. \u00d6\u011eRENC\u0130LERDEN YO\u011eUN \u0130LG\u0130 Minik sanatseverlerin de yo\u011fun kat\u0131l\u0131m g\u00f6sterdi\u011fi serginin a\u00e7\u0131l\u0131\u015f\u0131n\u0131, B\u00fcy\u00fck\u015fehir Belediyesi K\u00fclt\u00fcr Sanat \u015eube M\u00fcd\u00fcr\u00fc Okan G\u00fcnd\u00fcz ve sergide yer alan ressamlar birlikte ger\u00e7ekle\u015ftirdi. \u201cF\u0131r\u00e7a \u0130zleri\u201d sergisi, Manisa&#8217;n\u0131n k\u00fclt\u00fcrel ve sanatsal zenginli\u011fine \u00f6nemli katk\u0131 sa\u011flad\u0131. Sergi, farkl\u0131 tarzlardaki eserleri bir araya getirerek sanatseverlere geni\u015f bir yelpaze sundu. Ayr\u0131ca, \u00a0Manisa Anadolu Lisesi \u00f6\u011frencilerinin ziyaretiyle de sanat\u0131n gelecek nesillere aktar\u0131lmas\u0131na katk\u0131da da bulundu. Ressamlar, sanata ve sanat\u00e7\u0131ya destekleri nedeniyle Manisa B\u00fcy\u00fck\u015fehir Belediyesi\u2019ne te\u015fekk\u00fcr ederek, bu t\u00fcr organizasyonlar\u0131n kent k\u00fclt\u00fcr ve sanat ya\u015fam\u0131na b\u00fcy\u00fck katk\u0131 sa\u011flad\u0131\u011f\u0131n\u0131 vurgulad\u0131. \u200bManisa B\u00fcy\u00fck\u015fehir Belediyesi, D\u00fcnya Ressamlar G\u00fcn\u00fc\u2019ne \u00f6zel olarak \u201cF\u0131r\u00e7a \u0130zleri\u201d adl\u0131 karma resim sergisine ev sahipli\u011fi yapt\u0131. K\u00fclt\u00fcr Merkezi &hellip;<\/p>","protected":false},"author":1,"featured_media":0,"comment_status":"open","ping_status":"open","sticky":false,"template":"","format":"standard","meta":{"_acf_changed":false,"footnotes":""},"categories":[24],"tags":[],"class_list":["post-34500","post","type-post","status-publish","format-standard","has-post-thumbnail","hentry","category-gundem"],"acf":[],"yoast_head":"<!-- This site is optimized with the Yoast SEO Premium plugin v26.6 (Yoast SEO v27.1.1) - https:\/\/yoast.com\/product\/yoast-seo-premium-wordpress\/ -->\n<title>Manisa&#039;da \u201cF\u0131r\u00e7a \u0130zleri\u201d sanatseverlerle bulu\u015ftu - Av. Deniz Can K\u0131z\u0131l<\/title>\n<meta name=\"robots\" content=\"index, follow, max-snippet:-1, max-image-preview:large, max-video-preview:-1\" \/>\n<link rel=\"canonical\" href=\"https:\/\/denizcankizil.tr\/ru\/haberler\/gundem\/manisada-firca-izleri-sanatseverlerle-bulustu\/\" \/>\n<meta property=\"og:locale\" content=\"ru_RU\" \/>\n<meta property=\"og:type\" content=\"article\" \/>\n<meta property=\"og:title\" content=\"Manisa&#039;da \u201cF\u0131r\u00e7a \u0130zleri\u201d sanatseverlerle bulu\u015ftu\" \/>\n<meta property=\"og:description\" content=\"Manisa B\u00fcy\u00fck\u015fehir Belediyesi, D\u00fcnya Ressamlar G\u00fcn\u00fc\u2019ne \u00f6zel olarak \u201cF\u0131r\u00e7a \u0130zleri\u201d adl\u0131 karma resim sergisine ev sahipli\u011fi yapt\u0131. K\u00fclt\u00fcr Merkezi Lale Fuaye&#8217;de d\u00fczenlenen etkinlik, sanatseverlerin b\u00fcy\u00fck be\u011fenisini kazand\u0131.MAN\u0130SA (\u0130GFA) &#8211; Manisa&#8217;da\u00a0sergide, hayal g\u00fc\u00e7lerini ve d\u00fc\u015f\u00fcncelerini f\u0131r\u00e7a darbeleriyle tuvale aktaran ressamlar H\u00fclya Ersezgin, Bet\u00fcl \u015eeker, Nagehan Erdo\u011fan, Reyhan Elbirliler, Haldun Ta\u015f\u00e7eviren, Fehim Ta\u015f\u00e7eviren, Ramazan G\u00f6kta\u015f ve Hidayet G\u00fcltekin&#8217;in eserleri sanatseverlerle bulu\u015ftu. Birbirinden farkl\u0131 \u00fcslup ve tekniklerle olu\u015fturulan tablolar, ziyaret\u00e7ilerin be\u011fenisine sunuldu. Ziyaret\u00e7iler, ressam H\u00fclya Ersezgin&#8217;in 2008 y\u0131l\u0131nda \u00f6d\u00fcl alan Kuvay-i Milliye konulu eserini de yak\u0131ndan g\u00f6rme f\u0131rsat\u0131 buldu. Etkinlik boyunca d\u00fczenlenen \u00f6zel sanat performanslar\u0131, sergiye renk katt\u0131. \u00d6\u011eRENC\u0130LERDEN YO\u011eUN \u0130LG\u0130 Minik sanatseverlerin de yo\u011fun kat\u0131l\u0131m g\u00f6sterdi\u011fi serginin a\u00e7\u0131l\u0131\u015f\u0131n\u0131, B\u00fcy\u00fck\u015fehir Belediyesi K\u00fclt\u00fcr Sanat \u015eube M\u00fcd\u00fcr\u00fc Okan G\u00fcnd\u00fcz ve sergide yer alan ressamlar birlikte ger\u00e7ekle\u015ftirdi. \u201cF\u0131r\u00e7a \u0130zleri\u201d sergisi, Manisa&#8217;n\u0131n k\u00fclt\u00fcrel ve sanatsal zenginli\u011fine \u00f6nemli katk\u0131 sa\u011flad\u0131. Sergi, farkl\u0131 tarzlardaki eserleri bir araya getirerek sanatseverlere geni\u015f bir yelpaze sundu. Ayr\u0131ca, \u00a0Manisa Anadolu Lisesi \u00f6\u011frencilerinin ziyaretiyle de sanat\u0131n gelecek nesillere aktar\u0131lmas\u0131na katk\u0131da da bulundu. Ressamlar, sanata ve sanat\u00e7\u0131ya destekleri nedeniyle Manisa B\u00fcy\u00fck\u015fehir Belediyesi\u2019ne te\u015fekk\u00fcr ederek, bu t\u00fcr organizasyonlar\u0131n kent k\u00fclt\u00fcr ve sanat ya\u015fam\u0131na b\u00fcy\u00fck katk\u0131 sa\u011flad\u0131\u011f\u0131n\u0131 vurgulad\u0131. \u200bManisa B\u00fcy\u00fck\u015fehir Belediyesi, D\u00fcnya Ressamlar G\u00fcn\u00fc\u2019ne \u00f6zel olarak \u201cF\u0131r\u00e7a \u0130zleri\u201d adl\u0131 karma resim sergisine ev sahipli\u011fi yapt\u0131. K\u00fclt\u00fcr Merkezi &hellip;\" \/>\n<meta property=\"og:url\" content=\"https:\/\/denizcankizil.tr\/ru\/haberler\/gundem\/manisada-firca-izleri-sanatseverlerle-bulustu\/\" \/>\n<meta property=\"og:site_name\" content=\"Av. Deniz Can K\u0131z\u0131l\" \/>\n<meta property=\"article:published_time\" content=\"2025-03-02T09:41:24+00:00\" \/>\n<meta name=\"author\" content=\"admin\" \/>\n<meta name=\"twitter:card\" content=\"summary_large_image\" \/>\n<meta name=\"twitter:label1\" content=\"\u041d\u0430\u043f\u0438\u0441\u0430\u043d\u043e \u0430\u0432\u0442\u043e\u0440\u043e\u043c\" \/>\n\t<meta name=\"twitter:data1\" content=\"admin\" \/>\n\t<meta name=\"twitter:label2\" content=\"\u041f\u0440\u0438\u043c\u0435\u0440\u043d\u043e\u0435 \u0432\u0440\u0435\u043c\u044f \u0434\u043b\u044f \u0447\u0442\u0435\u043d\u0438\u044f\" \/>\n\t<meta name=\"twitter:data2\" content=\"3 \u043c\u0438\u043d\u0443\u0442\u044b\" \/>\n<script type=\"application\/ld+json\" class=\"yoast-schema-graph\">{\"@context\":\"https:\/\/schema.org\",\"@graph\":[{\"@type\":\"Article\",\"@id\":\"https:\/\/denizcankizil.tr\/ru\/haberler\/gundem\/manisada-firca-izleri-sanatseverlerle-bulustu\/#article\",\"isPartOf\":{\"@id\":\"https:\/\/denizcankizil.tr\/ru\/haberler\/gundem\/manisada-firca-izleri-sanatseverlerle-bulustu\/\"},\"author\":{\"name\":\"admin\",\"@id\":\"https:\/\/denizcankizil.tr\/#\/schema\/person\/be3c05fe6a12686905512445d8185489\"},\"headline\":\"Manisa&#8217;da \u201cF\u0131r\u00e7a \u0130zleri\u201d sanatseverlerle bulu\u015ftu\",\"datePublished\":\"2025-03-02T09:41:24+00:00\",\"mainEntityOfPage\":{\"@id\":\"https:\/\/denizcankizil.tr\/ru\/haberler\/gundem\/manisada-firca-izleri-sanatseverlerle-bulustu\/\"},\"wordCount\":569,\"commentCount\":0,\"publisher\":{\"@id\":\"https:\/\/denizcankizil.tr\/#organization\"},\"articleSection\":[\"G\u00fcndem\"],\"inLanguage\":\"ru-RU\",\"potentialAction\":[{\"@type\":\"CommentAction\",\"name\":\"Comment\",\"target\":[\"https:\/\/denizcankizil.tr\/ru\/haberler\/gundem\/manisada-firca-izleri-sanatseverlerle-bulustu\/#respond\"]}]},{\"@type\":\"WebPage\",\"@id\":\"https:\/\/denizcankizil.tr\/ru\/haberler\/gundem\/manisada-firca-izleri-sanatseverlerle-bulustu\/\",\"url\":\"https:\/\/denizcankizil.tr\/ru\/haberler\/gundem\/manisada-firca-izleri-sanatseverlerle-bulustu\/\",\"name\":\"Manisa'da \u201cF\u0131r\u00e7a \u0130zleri\u201d sanatseverlerle bulu\u015ftu - Av. Deniz Can K\u0131z\u0131l\",\"isPartOf\":{\"@id\":\"https:\/\/denizcankizil.tr\/#website\"},\"datePublished\":\"2025-03-02T09:41:24+00:00\",\"breadcrumb\":{\"@id\":\"https:\/\/denizcankizil.tr\/ru\/haberler\/gundem\/manisada-firca-izleri-sanatseverlerle-bulustu\/#breadcrumb\"},\"inLanguage\":\"ru-RU\",\"potentialAction\":[{\"@type\":\"ReadAction\",\"target\":[\"https:\/\/denizcankizil.tr\/ru\/haberler\/gundem\/manisada-firca-izleri-sanatseverlerle-bulustu\/\"]}]},{\"@type\":\"BreadcrumbList\",\"@id\":\"https:\/\/denizcankizil.tr\/ru\/haberler\/gundem\/manisada-firca-izleri-sanatseverlerle-bulustu\/#breadcrumb\",\"itemListElement\":[{\"@type\":\"ListItem\",\"position\":1,\"name\":\"Home\",\"item\":\"https:\/\/denizcankizil.tr\/de\/\"},{\"@type\":\"ListItem\",\"position\":2,\"name\":\"Manisa&#8217;da \u201cF\u0131r\u00e7a \u0130zleri\u201d sanatseverlerle bulu\u015ftu\"}]},{\"@type\":\"WebSite\",\"@id\":\"https:\/\/denizcankizil.tr\/#website\",\"url\":\"https:\/\/denizcankizil.tr\/\",\"name\":\"Av. Deniz Can K\u0131z\u0131l\",\"description\":\"Avukat Deniz Can K\u0131z\u0131l Antalya Barosu\",\"publisher\":{\"@id\":\"https:\/\/denizcankizil.tr\/#organization\"},\"potentialAction\":[{\"@type\":\"SearchAction\",\"target\":{\"@type\":\"EntryPoint\",\"urlTemplate\":\"https:\/\/denizcankizil.tr\/?s={search_term_string}\"},\"query-input\":{\"@type\":\"PropertyValueSpecification\",\"valueRequired\":true,\"valueName\":\"search_term_string\"}}],\"inLanguage\":\"ru-RU\"},{\"@type\":\"Organization\",\"@id\":\"https:\/\/denizcankizil.tr\/#organization\",\"name\":\"Av. Deniz Can K\u0131z\u0131l\",\"url\":\"https:\/\/denizcankizil.tr\/\",\"logo\":{\"@type\":\"ImageObject\",\"inLanguage\":\"ru-RU\",\"@id\":\"https:\/\/denizcankizil.tr\/#\/schema\/logo\/image\/\",\"url\":\"https:\/\/denizcankizil.tr\/wp-content\/uploads\/2024\/10\/siyah-logo-svg.svg\",\"contentUrl\":\"https:\/\/denizcankizil.tr\/wp-content\/uploads\/2024\/10\/siyah-logo-svg.svg\",\"width\":1080,\"height\":1080,\"caption\":\"Av. Deniz Can K\u0131z\u0131l\"},\"image\":{\"@id\":\"https:\/\/denizcankizil.tr\/#\/schema\/logo\/image\/\"}},{\"@type\":\"Person\",\"@id\":\"https:\/\/denizcankizil.tr\/#\/schema\/person\/be3c05fe6a12686905512445d8185489\",\"name\":\"admin\",\"image\":{\"@type\":\"ImageObject\",\"inLanguage\":\"ru-RU\",\"@id\":\"https:\/\/denizcankizil.tr\/#\/schema\/person\/image\/\",\"url\":\"https:\/\/secure.gravatar.com\/avatar\/c1fce94c830dc79107e174f890d7210541c4a63e8e5d816341794a2151c9d58c?s=96&d=mm&r=g\",\"contentUrl\":\"https:\/\/secure.gravatar.com\/avatar\/c1fce94c830dc79107e174f890d7210541c4a63e8e5d816341794a2151c9d58c?s=96&d=mm&r=g\",\"caption\":\"admin\"},\"sameAs\":[\"http:\/\/denizcankizil.tr\"],\"url\":\"https:\/\/www.iskenderun.org\/manisada-firca-izleri-sanatseverlerle-bulustu\"}]}<\/script>\n<!-- \/ Yoast SEO Premium plugin. -->","yoast_head_json":{"title":"Manisa'da \u201cF\u0131r\u00e7a \u0130zleri\u201d sanatseverlerle bulu\u015ftu - Av. Deniz Can K\u0131z\u0131l","robots":{"index":"index","follow":"follow","max-snippet":"max-snippet:-1","max-image-preview":"max-image-preview:large","max-video-preview":"max-video-preview:-1"},"canonical":"https:\/\/denizcankizil.tr\/ru\/haberler\/gundem\/manisada-firca-izleri-sanatseverlerle-bulustu\/","og_locale":"ru_RU","og_type":"article","og_title":"Manisa'da \u201cF\u0131r\u00e7a \u0130zleri\u201d sanatseverlerle bulu\u015ftu","og_description":"Manisa B\u00fcy\u00fck\u015fehir Belediyesi, D\u00fcnya Ressamlar G\u00fcn\u00fc\u2019ne \u00f6zel olarak \u201cF\u0131r\u00e7a \u0130zleri\u201d adl\u0131 karma resim sergisine ev sahipli\u011fi yapt\u0131. K\u00fclt\u00fcr Merkezi Lale Fuaye&#8217;de d\u00fczenlenen etkinlik, sanatseverlerin b\u00fcy\u00fck be\u011fenisini kazand\u0131.MAN\u0130SA (\u0130GFA) &#8211; Manisa&#8217;da\u00a0sergide, hayal g\u00fc\u00e7lerini ve d\u00fc\u015f\u00fcncelerini f\u0131r\u00e7a darbeleriyle tuvale aktaran ressamlar H\u00fclya Ersezgin, Bet\u00fcl \u015eeker, Nagehan Erdo\u011fan, Reyhan Elbirliler, Haldun Ta\u015f\u00e7eviren, Fehim Ta\u015f\u00e7eviren, Ramazan G\u00f6kta\u015f ve Hidayet G\u00fcltekin&#8217;in eserleri sanatseverlerle bulu\u015ftu. Birbirinden farkl\u0131 \u00fcslup ve tekniklerle olu\u015fturulan tablolar, ziyaret\u00e7ilerin be\u011fenisine sunuldu. Ziyaret\u00e7iler, ressam H\u00fclya Ersezgin&#8217;in 2008 y\u0131l\u0131nda \u00f6d\u00fcl alan Kuvay-i Milliye konulu eserini de yak\u0131ndan g\u00f6rme f\u0131rsat\u0131 buldu. Etkinlik boyunca d\u00fczenlenen \u00f6zel sanat performanslar\u0131, sergiye renk katt\u0131. \u00d6\u011eRENC\u0130LERDEN YO\u011eUN \u0130LG\u0130 Minik sanatseverlerin de yo\u011fun kat\u0131l\u0131m g\u00f6sterdi\u011fi serginin a\u00e7\u0131l\u0131\u015f\u0131n\u0131, B\u00fcy\u00fck\u015fehir Belediyesi K\u00fclt\u00fcr Sanat \u015eube M\u00fcd\u00fcr\u00fc Okan G\u00fcnd\u00fcz ve sergide yer alan ressamlar birlikte ger\u00e7ekle\u015ftirdi. \u201cF\u0131r\u00e7a \u0130zleri\u201d sergisi, Manisa&#8217;n\u0131n k\u00fclt\u00fcrel ve sanatsal zenginli\u011fine \u00f6nemli katk\u0131 sa\u011flad\u0131. Sergi, farkl\u0131 tarzlardaki eserleri bir araya getirerek sanatseverlere geni\u015f bir yelpaze sundu. Ayr\u0131ca, \u00a0Manisa Anadolu Lisesi \u00f6\u011frencilerinin ziyaretiyle de sanat\u0131n gelecek nesillere aktar\u0131lmas\u0131na katk\u0131da da bulundu. Ressamlar, sanata ve sanat\u00e7\u0131ya destekleri nedeniyle Manisa B\u00fcy\u00fck\u015fehir Belediyesi\u2019ne te\u015fekk\u00fcr ederek, bu t\u00fcr organizasyonlar\u0131n kent k\u00fclt\u00fcr ve sanat ya\u015fam\u0131na b\u00fcy\u00fck katk\u0131 sa\u011flad\u0131\u011f\u0131n\u0131 vurgulad\u0131. \u200bManisa B\u00fcy\u00fck\u015fehir Belediyesi, D\u00fcnya Ressamlar G\u00fcn\u00fc\u2019ne \u00f6zel olarak \u201cF\u0131r\u00e7a \u0130zleri\u201d adl\u0131 karma resim sergisine ev sahipli\u011fi yapt\u0131. K\u00fclt\u00fcr Merkezi &hellip;","og_url":"https:\/\/denizcankizil.tr\/ru\/haberler\/gundem\/manisada-firca-izleri-sanatseverlerle-bulustu\/","og_site_name":"Av. Deniz Can K\u0131z\u0131l","article_published_time":"2025-03-02T09:41:24+00:00","author":"admin","twitter_card":"summary_large_image","twitter_misc":{"\u041d\u0430\u043f\u0438\u0441\u0430\u043d\u043e \u0430\u0432\u0442\u043e\u0440\u043e\u043c":"admin","\u041f\u0440\u0438\u043c\u0435\u0440\u043d\u043e\u0435 \u0432\u0440\u0435\u043c\u044f \u0434\u043b\u044f \u0447\u0442\u0435\u043d\u0438\u044f":"3 \u043c\u0438\u043d\u0443\u0442\u044b"},"schema":{"@context":"https:\/\/schema.org","@graph":[{"@type":"Article","@id":"https:\/\/denizcankizil.tr\/ru\/haberler\/gundem\/manisada-firca-izleri-sanatseverlerle-bulustu\/#article","isPartOf":{"@id":"https:\/\/denizcankizil.tr\/ru\/haberler\/gundem\/manisada-firca-izleri-sanatseverlerle-bulustu\/"},"author":{"name":"admin","@id":"https:\/\/denizcankizil.tr\/#\/schema\/person\/be3c05fe6a12686905512445d8185489"},"headline":"Manisa&#8217;da \u201cF\u0131r\u00e7a \u0130zleri\u201d sanatseverlerle bulu\u015ftu","datePublished":"2025-03-02T09:41:24+00:00","mainEntityOfPage":{"@id":"https:\/\/denizcankizil.tr\/ru\/haberler\/gundem\/manisada-firca-izleri-sanatseverlerle-bulustu\/"},"wordCount":569,"commentCount":0,"publisher":{"@id":"https:\/\/denizcankizil.tr\/#organization"},"articleSection":["G\u00fcndem"],"inLanguage":"ru-RU","potentialAction":[{"@type":"CommentAction","name":"Comment","target":["https:\/\/denizcankizil.tr\/ru\/haberler\/gundem\/manisada-firca-izleri-sanatseverlerle-bulustu\/#respond"]}]},{"@type":"WebPage","@id":"https:\/\/denizcankizil.tr\/ru\/haberler\/gundem\/manisada-firca-izleri-sanatseverlerle-bulustu\/","url":"https:\/\/denizcankizil.tr\/ru\/haberler\/gundem\/manisada-firca-izleri-sanatseverlerle-bulustu\/","name":"Manisa'da \u201cF\u0131r\u00e7a \u0130zleri\u201d sanatseverlerle bulu\u015ftu - Av. Deniz Can K\u0131z\u0131l","isPartOf":{"@id":"https:\/\/denizcankizil.tr\/#website"},"datePublished":"2025-03-02T09:41:24+00:00","breadcrumb":{"@id":"https:\/\/denizcankizil.tr\/ru\/haberler\/gundem\/manisada-firca-izleri-sanatseverlerle-bulustu\/#breadcrumb"},"inLanguage":"ru-RU","potentialAction":[{"@type":"ReadAction","target":["https:\/\/denizcankizil.tr\/ru\/haberler\/gundem\/manisada-firca-izleri-sanatseverlerle-bulustu\/"]}]},{"@type":"BreadcrumbList","@id":"https:\/\/denizcankizil.tr\/ru\/haberler\/gundem\/manisada-firca-izleri-sanatseverlerle-bulustu\/#breadcrumb","itemListElement":[{"@type":"ListItem","position":1,"name":"Home","item":"https:\/\/denizcankizil.tr\/de\/"},{"@type":"ListItem","position":2,"name":"Manisa&#8217;da \u201cF\u0131r\u00e7a \u0130zleri\u201d sanatseverlerle bulu\u015ftu"}]},{"@type":"WebSite","@id":"https:\/\/denizcankizil.tr\/#website","url":"https:\/\/denizcankizil.tr\/","name":"Av. Deniz Can K\u0131z\u0131l","description":"Avukat Deniz Can K\u0131z\u0131l Antalya Barosu","publisher":{"@id":"https:\/\/denizcankizil.tr\/#organization"},"potentialAction":[{"@type":"SearchAction","target":{"@type":"EntryPoint","urlTemplate":"https:\/\/denizcankizil.tr\/?s={search_term_string}"},"query-input":{"@type":"PropertyValueSpecification","valueRequired":true,"valueName":"search_term_string"}}],"inLanguage":"ru-RU"},{"@type":"Organization","@id":"https:\/\/denizcankizil.tr\/#organization","name":"Av. Deniz Can K\u0131z\u0131l","url":"https:\/\/denizcankizil.tr\/","logo":{"@type":"ImageObject","inLanguage":"ru-RU","@id":"https:\/\/denizcankizil.tr\/#\/schema\/logo\/image\/","url":"https:\/\/denizcankizil.tr\/wp-content\/uploads\/2024\/10\/siyah-logo-svg.svg","contentUrl":"https:\/\/denizcankizil.tr\/wp-content\/uploads\/2024\/10\/siyah-logo-svg.svg","width":1080,"height":1080,"caption":"Av. Deniz Can K\u0131z\u0131l"},"image":{"@id":"https:\/\/denizcankizil.tr\/#\/schema\/logo\/image\/"}},{"@type":"Person","@id":"https:\/\/denizcankizil.tr\/#\/schema\/person\/be3c05fe6a12686905512445d8185489","name":"\u0430\u0434\u043c\u0438\u043d","image":{"@type":"ImageObject","inLanguage":"ru-RU","@id":"https:\/\/denizcankizil.tr\/#\/schema\/person\/image\/","url":"https:\/\/secure.gravatar.com\/avatar\/c1fce94c830dc79107e174f890d7210541c4a63e8e5d816341794a2151c9d58c?s=96&d=mm&r=g","contentUrl":"https:\/\/secure.gravatar.com\/avatar\/c1fce94c830dc79107e174f890d7210541c4a63e8e5d816341794a2151c9d58c?s=96&d=mm&r=g","caption":"admin"},"sameAs":["http:\/\/denizcankizil.tr"],"url":"https:\/\/www.iskenderun.org\/manisada-firca-izleri-sanatseverlerle-bulustu"}]}},"_links":{"self":[{"href":"https:\/\/denizcankizil.tr\/ru\/wp-json\/wp\/v2\/posts\/34500","targetHints":{"allow":["GET"]}}],"collection":[{"href":"https:\/\/denizcankizil.tr\/ru\/wp-json\/wp\/v2\/posts"}],"about":[{"href":"https:\/\/denizcankizil.tr\/ru\/wp-json\/wp\/v2\/types\/post"}],"author":[{"embeddable":true,"href":"https:\/\/denizcankizil.tr\/ru\/wp-json\/wp\/v2\/users\/1"}],"replies":[{"embeddable":true,"href":"https:\/\/denizcankizil.tr\/ru\/wp-json\/wp\/v2\/comments?post=34500"}],"version-history":[{"count":0,"href":"https:\/\/denizcankizil.tr\/ru\/wp-json\/wp\/v2\/posts\/34500\/revisions"}],"wp:attachment":[{"href":"https:\/\/denizcankizil.tr\/ru\/wp-json\/wp\/v2\/media?parent=34500"}],"wp:term":[{"taxonomy":"category","embeddable":true,"href":"https:\/\/denizcankizil.tr\/ru\/wp-json\/wp\/v2\/categories?post=34500"},{"taxonomy":"post_tag","embeddable":true,"href":"https:\/\/denizcankizil.tr\/ru\/wp-json\/wp\/v2\/tags?post=34500"}],"curies":[{"name":"wp","href":"https:\/\/api.w.org\/{rel}","templated":true}]}}