{"id":34496,"date":"2025-03-02T12:41:20","date_gmt":"2025-03-02T09:41:20","guid":{"rendered":"https:\/\/denizcankizil.tr\/uncategorized-tr\/kibrisli-itfaiyecilere-konya-tatbikati\/"},"modified":"2025-03-02T12:41:20","modified_gmt":"2025-03-02T09:41:20","slug":"kibrisli-itfaiyecilere-konya-tatbikati","status":"publish","type":"post","link":"https:\/\/denizcankizil.tr\/ru\/haberler\/gundem\/kibrisli-itfaiyecilere-konya-tatbikati\/","title":{"rendered":"K\u0131br\u0131sl\u0131 itfaiyecilere Konya tatbikat\u0131"},"content":{"rendered":"<p>Konya B\u00fcy\u00fck\u015fehir Belediyesi, T\u00fcrk \u0130\u015fbirli\u011fi ve Koordinasyon Ajans\u0131 (T\u0130KA) ve Kimyasal Biyolojik Radyoloji N\u00fckleer (KBRN) Savunma ve G\u00fcvenlik Tugay Komutanl\u0131\u011f\u0131 i\u015f birli\u011fi ile Kuzey K\u0131br\u0131s T\u00fcrk Cumhuriyeti\u2019nde (KKTC) g\u00f6revli itfaiyecilere y\u00f6nelik e\u011fitim ve tatbikat d\u00fczenlendi.KONYA (\u0130GFA) &#8211; \u201cAcil Durum ve Afetlere M\u00fcdahale E\u011fitim Program\u0131 (ADAMEP) kapsam\u0131nda K\u0131br\u0131s\u2019tan gelen 12 itfaiyeci ilk olarak \u201c\u0130leri Seviye \u0130tfaiye E\u011fitici E\u011fitimi\u201d\u00a0 program\u0131na kat\u0131ld\u0131. Yang\u0131n s\u00f6nd\u00fcrme, kentsel arama-kurtarma, trafik kazalar\u0131na m\u00fcdahale, tanker yang\u0131nlar\u0131 ve KBRN olaylar\u0131na m\u00fcdahale konular\u0131nda kapsaml\u0131 teorik ve uygulamal\u0131 e\u011fitimler verildi.<br \/>\nE\u011fitim program\u0131n\u0131n sonunda Konya B\u00fcy\u00fck\u015fehir Belediyesi \u0130tfaiye E\u011fitim Merkezi\u2019nde (K\u0130TEM) kat\u0131l\u0131mc\u0131lar\u0131n \u00f6\u011frendiklerini sahada uygulama f\u0131rsat\u0131 buldu\u011fu geni\u015f kapsaml\u0131 bir tatbikat yap\u0131ld\u0131.<\/p>\n<p>Tatbikat \u00f6ncesinde konu\u015fan Konya B\u00fcy\u00fck\u015fehir Belediyesi \u0130tfaiye Dairesi Ba\u015fkan\u0131 Latif Erdo\u011fan, T\u0130KA ve T\u00fcrk Silahl\u0131 Kuvvetleri KBRN E\u011fitim Merkezi ortakl\u0131\u011f\u0131yla ger\u00e7ekle\u015ftirdikleri e\u011fitimlerin K\u0131br\u0131sl\u0131 itfaiyeciler i\u00e7in b\u00fcy\u00fck bir kazan\u0131m oldu\u011funu s\u00f6yledi.<br \/>\nKonya AFAD \u0130l M\u00fcd\u00fcr\u00fc Ali \u0130hsan K\u00f6rpe\u015f, \u201cB\u00f6yle profesyonel bir itfaiye te\u015fkilat\u0131 olan ilde ya\u015faman\u0131n bir ayr\u0131cal\u0131k oldu\u011funu d\u00fc\u015f\u00fcn\u00fcyorum. Eme\u011fi ge\u00e7en herkese \u00e7ok te\u015fekk\u00fcr ediyorum\u201d ifadelerini kulland\u0131.<\/p>\n<p>KKTC \u0130tfaiye Te\u015fkilat\u0131 \u00c7avu\u015fu Mustafa Sava\u015f\u0131r, \u201cBurada 2 hafta boyunca alm\u0131\u015f oldu\u011fumuz e\u011fitimler, tecr\u00fcbelerimize yepyeni tecr\u00fcbe kazand\u0131rm\u0131\u015ft\u0131r\u201d diyerek eme\u011fi ge\u00e7enlere te\u015fekk\u00fcr etti.<br \/>\nKBRN Savunma ve G\u00fcvenlik Tugay Komutan\u0131 Piyade Albay Yusuf Uysal, T\u0130KA Koordinat\u00f6r\u00fc Mirzet M\u00fcezzino\u011flu\u2019nun da kat\u0131ld\u0131\u011f\u0131 programda konu\u015fmalar\u0131n ard\u0131ndan tatbikata ge\u00e7ildi.<\/p>\n<p>GER\u00c7E\u011e\u0130N\u0130 ARATMAYAN TATB\u0130KAT<br \/>\nGer\u00e7e\u011fi aratmayan tatbikatta; y\u00fcksek katl\u0131 binalarda yang\u0131nlara m\u00fcdahale, kentsel arama ve kurtarma operasyonlar\u0131, trafik kazalar\u0131na m\u00fcdahale ve ara\u00e7ta s\u0131k\u0131\u015fan kazazedelerin kurtar\u0131lmas\u0131, tanker yang\u0131nlar\u0131na m\u00fcdahale ve KBRN olaylar\u0131na y\u00f6nelik \u00f6zel m\u00fcdahale teknikleri uygulamal\u0131 olarak ger\u00e7ekle\u015ftirildi.\u00a0<\/p>\n<p>\u200bKonya B\u00fcy\u00fck\u015fehir Belediyesi, T\u00fcrk \u0130\u015fbirli\u011fi ve Koordinasyon Ajans\u0131 (T\u0130KA) ve Kimyasal Biyolojik Radyoloji N\u00fckleer (KBRN) Savunma ve G\u00fcvenlik Tugay Komutanl\u0131\u011f\u0131 i\u015f birli\u011fi ile Kuzey K\u0131br\u0131s T\u00fcrk Cumhuriyeti\u2019nde (KKTC) g\u00f6revli itfaiyecilere y\u00f6nelik e\u011fitim ve tatbikat d\u00fczenlendi.KONYA (\u0130GFA) &#8211; \u201cAcil Durum ve Afetlere M\u00fcdahale E\u011fitim Program\u0131 (ADAMEP) kapsam\u0131nda K\u0131br\u0131s\u2019tan gelen 12 itfaiyeci ilk olarak \u201c\u0130leri Seviye \u0130tfaiye E\u011fitici E\u011fitimi\u201d\u00a0 program\u0131na kat\u0131ld\u0131. Yang\u0131n s\u00f6nd\u00fcrme, kentsel arama-kurtarma, trafik kazalar\u0131na m\u00fcdahale, tanker yang\u0131nlar\u0131 ve KBRN olaylar\u0131na m\u00fcdahale konular\u0131nda kapsaml\u0131 teorik ve uygulamal\u0131 e\u011fitimler verildi.<br \/>\nE\u011fitim program\u0131n\u0131n sonunda Konya B\u00fcy\u00fck\u015fehir Belediyesi \u0130tfaiye E\u011fitim Merkezi\u2019nde (K\u0130TEM) kat\u0131l\u0131mc\u0131lar\u0131n \u00f6\u011frendiklerini sahada uygulama f\u0131rsat\u0131 buldu\u011fu geni\u015f kapsaml\u0131 bir tatbikat yap\u0131ld\u0131.<\/p>\n<p>Tatbikat \u00f6ncesinde konu\u015fan Konya B\u00fcy\u00fck\u015fehir Belediyesi \u0130tfaiye Dairesi Ba\u015fkan\u0131 Latif Erdo\u011fan, T\u0130KA ve T\u00fcrk Silahl\u0131 Kuvvetleri KBRN E\u011fitim Merkezi ortakl\u0131\u011f\u0131yla ger\u00e7ekle\u015ftirdikleri e\u011fitimlerin K\u0131br\u0131sl\u0131 itfaiyeciler i\u00e7in b\u00fcy\u00fck bir kazan\u0131m oldu\u011funu s\u00f6yledi.<br \/>\nKonya AFAD \u0130l M\u00fcd\u00fcr\u00fc Ali \u0130hsan K\u00f6rpe\u015f, \u201cB\u00f6yle profesyonel bir itfaiye te\u015fkilat\u0131 olan ilde ya\u015faman\u0131n bir ayr\u0131cal\u0131k oldu\u011funu d\u00fc\u015f\u00fcn\u00fcyorum. Eme\u011fi ge\u00e7en herkese \u00e7ok te\u015fekk\u00fcr ediyorum\u201d ifadelerini kulland\u0131.<\/p>\n<p>KKTC \u0130tfaiye Te\u015fkilat\u0131 \u00c7avu\u015fu Mustafa Sava\u015f\u0131r, \u201cBurada 2 hafta boyunca alm\u0131\u015f oldu\u011fumuz e\u011fitimler, tecr\u00fcbelerimize yepyeni tecr\u00fcbe kazand\u0131rm\u0131\u015ft\u0131r\u201d diyerek eme\u011fi ge\u00e7enlere te\u015fekk\u00fcr etti.<br \/>\nKBRN Savunma ve G\u00fcvenlik Tugay Komutan\u0131 Piyade Albay Yusuf Uysal, T\u0130KA Koordinat\u00f6r\u00fc Mirzet M\u00fcezzino\u011flu\u2019nun da kat\u0131ld\u0131\u011f\u0131 programda konu\u015fmalar\u0131n ard\u0131ndan tatbikata ge\u00e7ildi.<\/p>\n<p>GER\u00c7E\u011e\u0130N\u0130 ARATMAYAN TATB\u0130KAT<br \/>\nGer\u00e7e\u011fi aratmayan tatbikatta; y\u00fcksek katl\u0131 binalarda yang\u0131nlara m\u00fcdahale, kentsel arama ve kurtarma operasyonlar\u0131, trafik kazalar\u0131na m\u00fcdahale ve ara\u00e7ta s\u0131k\u0131\u015fan kazazedelerin kurtar\u0131lmas\u0131, tanker yang\u0131nlar\u0131na m\u00fcdahale ve KBRN olaylar\u0131na y\u00f6nelik \u00f6zel m\u00fcdahale teknikleri uygulamal\u0131 olarak ger\u00e7ekle\u015ftirildi.\u00a0\u00a0<\/p>\n<p>\u200bHaberin Al\u0131nt\u0131land\u0131\u011f\u0131 Kaynak: www.iskenderun.org<\/p>","protected":false},"excerpt":{"rendered":"<p>Konya B\u00fcy\u00fck\u015fehir Belediyesi, T\u00fcrk \u0130\u015fbirli\u011fi ve Koordinasyon Ajans\u0131 (T\u0130KA) ve Kimyasal Biyolojik Radyoloji N\u00fckleer (KBRN) Savunma ve G\u00fcvenlik Tugay Komutanl\u0131\u011f\u0131 i\u015f birli\u011fi ile Kuzey K\u0131br\u0131s T\u00fcrk Cumhuriyeti\u2019nde (KKTC) g\u00f6revli itfaiyecilere y\u00f6nelik e\u011fitim ve tatbikat d\u00fczenlendi.KONYA (\u0130GFA) &#8211; \u201cAcil Durum ve Afetlere M\u00fcdahale E\u011fitim Program\u0131 (ADAMEP) kapsam\u0131nda K\u0131br\u0131s\u2019tan gelen 12 itfaiyeci ilk olarak \u201c\u0130leri Seviye \u0130tfaiye E\u011fitici E\u011fitimi\u201d\u00a0 program\u0131na kat\u0131ld\u0131. Yang\u0131n s\u00f6nd\u00fcrme, kentsel arama-kurtarma, trafik kazalar\u0131na m\u00fcdahale, tanker yang\u0131nlar\u0131 ve KBRN olaylar\u0131na m\u00fcdahale konular\u0131nda kapsaml\u0131 teorik ve uygulamal\u0131 e\u011fitimler verildi. E\u011fitim program\u0131n\u0131n sonunda Konya B\u00fcy\u00fck\u015fehir Belediyesi \u0130tfaiye E\u011fitim Merkezi\u2019nde (K\u0130TEM) kat\u0131l\u0131mc\u0131lar\u0131n \u00f6\u011frendiklerini sahada uygulama f\u0131rsat\u0131 buldu\u011fu geni\u015f kapsaml\u0131 bir tatbikat yap\u0131ld\u0131. Tatbikat \u00f6ncesinde konu\u015fan Konya B\u00fcy\u00fck\u015fehir Belediyesi \u0130tfaiye Dairesi Ba\u015fkan\u0131 Latif Erdo\u011fan, T\u0130KA ve T\u00fcrk Silahl\u0131 Kuvvetleri KBRN E\u011fitim Merkezi ortakl\u0131\u011f\u0131yla ger\u00e7ekle\u015ftirdikleri e\u011fitimlerin K\u0131br\u0131sl\u0131 itfaiyeciler i\u00e7in b\u00fcy\u00fck bir kazan\u0131m oldu\u011funu s\u00f6yledi. Konya AFAD \u0130l M\u00fcd\u00fcr\u00fc Ali \u0130hsan K\u00f6rpe\u015f, \u201cB\u00f6yle profesyonel bir itfaiye te\u015fkilat\u0131 olan ilde ya\u015faman\u0131n bir ayr\u0131cal\u0131k oldu\u011funu d\u00fc\u015f\u00fcn\u00fcyorum. Eme\u011fi ge\u00e7en herkese \u00e7ok te\u015fekk\u00fcr ediyorum\u201d ifadelerini kulland\u0131. KKTC \u0130tfaiye Te\u015fkilat\u0131 \u00c7avu\u015fu Mustafa Sava\u015f\u0131r, \u201cBurada 2 hafta boyunca alm\u0131\u015f oldu\u011fumuz e\u011fitimler, tecr\u00fcbelerimize yepyeni tecr\u00fcbe kazand\u0131rm\u0131\u015ft\u0131r\u201d diyerek eme\u011fi ge\u00e7enlere te\u015fekk\u00fcr etti. KBRN Savunma ve G\u00fcvenlik Tugay Komutan\u0131 Piyade Albay Yusuf Uysal, T\u0130KA Koordinat\u00f6r\u00fc Mirzet M\u00fcezzino\u011flu\u2019nun da kat\u0131ld\u0131\u011f\u0131 programda konu\u015fmalar\u0131n ard\u0131ndan tatbikata ge\u00e7ildi. &hellip;<\/p>","protected":false},"author":1,"featured_media":0,"comment_status":"open","ping_status":"open","sticky":false,"template":"","format":"standard","meta":{"_acf_changed":false,"footnotes":""},"categories":[24],"tags":[],"class_list":["post-34496","post","type-post","status-publish","format-standard","has-post-thumbnail","hentry","category-gundem"],"acf":[],"yoast_head":"<!-- This site is optimized with the Yoast SEO Premium plugin v26.6 (Yoast SEO v27.1.1) - https:\/\/yoast.com\/product\/yoast-seo-premium-wordpress\/ -->\n<title>K\u0131br\u0131sl\u0131 itfaiyecilere Konya tatbikat\u0131 - Av. Deniz Can K\u0131z\u0131l<\/title>\n<meta name=\"robots\" content=\"index, follow, max-snippet:-1, max-image-preview:large, max-video-preview:-1\" \/>\n<link rel=\"canonical\" href=\"https:\/\/denizcankizil.tr\/ru\/haberler\/gundem\/kibrisli-itfaiyecilere-konya-tatbikati\/\" \/>\n<meta property=\"og:locale\" content=\"ru_RU\" \/>\n<meta property=\"og:type\" content=\"article\" \/>\n<meta property=\"og:title\" content=\"K\u0131br\u0131sl\u0131 itfaiyecilere Konya tatbikat\u0131\" \/>\n<meta property=\"og:description\" content=\"Konya B\u00fcy\u00fck\u015fehir Belediyesi, T\u00fcrk \u0130\u015fbirli\u011fi ve Koordinasyon Ajans\u0131 (T\u0130KA) ve Kimyasal Biyolojik Radyoloji N\u00fckleer (KBRN) Savunma ve G\u00fcvenlik Tugay Komutanl\u0131\u011f\u0131 i\u015f birli\u011fi ile Kuzey K\u0131br\u0131s T\u00fcrk Cumhuriyeti\u2019nde (KKTC) g\u00f6revli itfaiyecilere y\u00f6nelik e\u011fitim ve tatbikat d\u00fczenlendi.KONYA (\u0130GFA) &#8211; \u201cAcil Durum ve Afetlere M\u00fcdahale E\u011fitim Program\u0131 (ADAMEP) kapsam\u0131nda K\u0131br\u0131s\u2019tan gelen 12 itfaiyeci ilk olarak \u201c\u0130leri Seviye \u0130tfaiye E\u011fitici E\u011fitimi\u201d\u00a0 program\u0131na kat\u0131ld\u0131. Yang\u0131n s\u00f6nd\u00fcrme, kentsel arama-kurtarma, trafik kazalar\u0131na m\u00fcdahale, tanker yang\u0131nlar\u0131 ve KBRN olaylar\u0131na m\u00fcdahale konular\u0131nda kapsaml\u0131 teorik ve uygulamal\u0131 e\u011fitimler verildi. E\u011fitim program\u0131n\u0131n sonunda Konya B\u00fcy\u00fck\u015fehir Belediyesi \u0130tfaiye E\u011fitim Merkezi\u2019nde (K\u0130TEM) kat\u0131l\u0131mc\u0131lar\u0131n \u00f6\u011frendiklerini sahada uygulama f\u0131rsat\u0131 buldu\u011fu geni\u015f kapsaml\u0131 bir tatbikat yap\u0131ld\u0131. Tatbikat \u00f6ncesinde konu\u015fan Konya B\u00fcy\u00fck\u015fehir Belediyesi \u0130tfaiye Dairesi Ba\u015fkan\u0131 Latif Erdo\u011fan, T\u0130KA ve T\u00fcrk Silahl\u0131 Kuvvetleri KBRN E\u011fitim Merkezi ortakl\u0131\u011f\u0131yla ger\u00e7ekle\u015ftirdikleri e\u011fitimlerin K\u0131br\u0131sl\u0131 itfaiyeciler i\u00e7in b\u00fcy\u00fck bir kazan\u0131m oldu\u011funu s\u00f6yledi. Konya AFAD \u0130l M\u00fcd\u00fcr\u00fc Ali \u0130hsan K\u00f6rpe\u015f, \u201cB\u00f6yle profesyonel bir itfaiye te\u015fkilat\u0131 olan ilde ya\u015faman\u0131n bir ayr\u0131cal\u0131k oldu\u011funu d\u00fc\u015f\u00fcn\u00fcyorum. Eme\u011fi ge\u00e7en herkese \u00e7ok te\u015fekk\u00fcr ediyorum\u201d ifadelerini kulland\u0131. KKTC \u0130tfaiye Te\u015fkilat\u0131 \u00c7avu\u015fu Mustafa Sava\u015f\u0131r, \u201cBurada 2 hafta boyunca alm\u0131\u015f oldu\u011fumuz e\u011fitimler, tecr\u00fcbelerimize yepyeni tecr\u00fcbe kazand\u0131rm\u0131\u015ft\u0131r\u201d diyerek eme\u011fi ge\u00e7enlere te\u015fekk\u00fcr etti. KBRN Savunma ve G\u00fcvenlik Tugay Komutan\u0131 Piyade Albay Yusuf Uysal, T\u0130KA Koordinat\u00f6r\u00fc Mirzet M\u00fcezzino\u011flu\u2019nun da kat\u0131ld\u0131\u011f\u0131 programda konu\u015fmalar\u0131n ard\u0131ndan tatbikata ge\u00e7ildi. &hellip;\" \/>\n<meta property=\"og:url\" content=\"https:\/\/denizcankizil.tr\/ru\/haberler\/gundem\/kibrisli-itfaiyecilere-konya-tatbikati\/\" \/>\n<meta property=\"og:site_name\" content=\"Av. Deniz Can K\u0131z\u0131l\" \/>\n<meta property=\"article:published_time\" content=\"2025-03-02T09:41:20+00:00\" \/>\n<meta name=\"author\" content=\"admin\" \/>\n<meta name=\"twitter:card\" content=\"summary_large_image\" \/>\n<meta name=\"twitter:label1\" content=\"\u041d\u0430\u043f\u0438\u0441\u0430\u043d\u043e \u0430\u0432\u0442\u043e\u0440\u043e\u043c\" \/>\n\t<meta name=\"twitter:data1\" content=\"admin\" \/>\n\t<meta name=\"twitter:label2\" content=\"\u041f\u0440\u0438\u043c\u0435\u0440\u043d\u043e\u0435 \u0432\u0440\u0435\u043c\u044f \u0434\u043b\u044f \u0447\u0442\u0435\u043d\u0438\u044f\" \/>\n\t<meta name=\"twitter:data2\" content=\"4 \u043c\u0438\u043d\u0443\u0442\u044b\" \/>\n<script type=\"application\/ld+json\" class=\"yoast-schema-graph\">{\"@context\":\"https:\/\/schema.org\",\"@graph\":[{\"@type\":\"Article\",\"@id\":\"https:\/\/denizcankizil.tr\/ru\/haberler\/gundem\/kibrisli-itfaiyecilere-konya-tatbikati\/#article\",\"isPartOf\":{\"@id\":\"https:\/\/denizcankizil.tr\/ru\/haberler\/gundem\/kibrisli-itfaiyecilere-konya-tatbikati\/\"},\"author\":{\"name\":\"admin\",\"@id\":\"https:\/\/denizcankizil.tr\/#\/schema\/person\/be3c05fe6a12686905512445d8185489\"},\"headline\":\"K\u0131br\u0131sl\u0131 itfaiyecilere Konya tatbikat\u0131\",\"datePublished\":\"2025-03-02T09:41:20+00:00\",\"mainEntityOfPage\":{\"@id\":\"https:\/\/denizcankizil.tr\/ru\/haberler\/gundem\/kibrisli-itfaiyecilere-konya-tatbikati\/\"},\"wordCount\":760,\"commentCount\":0,\"publisher\":{\"@id\":\"https:\/\/denizcankizil.tr\/#organization\"},\"articleSection\":[\"G\u00fcndem\"],\"inLanguage\":\"ru-RU\",\"potentialAction\":[{\"@type\":\"CommentAction\",\"name\":\"Comment\",\"target\":[\"https:\/\/denizcankizil.tr\/ru\/haberler\/gundem\/kibrisli-itfaiyecilere-konya-tatbikati\/#respond\"]}]},{\"@type\":\"WebPage\",\"@id\":\"https:\/\/denizcankizil.tr\/ru\/haberler\/gundem\/kibrisli-itfaiyecilere-konya-tatbikati\/\",\"url\":\"https:\/\/denizcankizil.tr\/ru\/haberler\/gundem\/kibrisli-itfaiyecilere-konya-tatbikati\/\",\"name\":\"K\u0131br\u0131sl\u0131 itfaiyecilere Konya tatbikat\u0131 - Av. Deniz Can K\u0131z\u0131l\",\"isPartOf\":{\"@id\":\"https:\/\/denizcankizil.tr\/#website\"},\"datePublished\":\"2025-03-02T09:41:20+00:00\",\"breadcrumb\":{\"@id\":\"https:\/\/denizcankizil.tr\/ru\/haberler\/gundem\/kibrisli-itfaiyecilere-konya-tatbikati\/#breadcrumb\"},\"inLanguage\":\"ru-RU\",\"potentialAction\":[{\"@type\":\"ReadAction\",\"target\":[\"https:\/\/denizcankizil.tr\/ru\/haberler\/gundem\/kibrisli-itfaiyecilere-konya-tatbikati\/\"]}]},{\"@type\":\"BreadcrumbList\",\"@id\":\"https:\/\/denizcankizil.tr\/ru\/haberler\/gundem\/kibrisli-itfaiyecilere-konya-tatbikati\/#breadcrumb\",\"itemListElement\":[{\"@type\":\"ListItem\",\"position\":1,\"name\":\"Home\",\"item\":\"https:\/\/denizcankizil.tr\/de\/\"},{\"@type\":\"ListItem\",\"position\":2,\"name\":\"K\u0131br\u0131sl\u0131 itfaiyecilere Konya tatbikat\u0131\"}]},{\"@type\":\"WebSite\",\"@id\":\"https:\/\/denizcankizil.tr\/#website\",\"url\":\"https:\/\/denizcankizil.tr\/\",\"name\":\"Av. Deniz Can K\u0131z\u0131l\",\"description\":\"Avukat Deniz Can K\u0131z\u0131l Antalya Barosu\",\"publisher\":{\"@id\":\"https:\/\/denizcankizil.tr\/#organization\"},\"potentialAction\":[{\"@type\":\"SearchAction\",\"target\":{\"@type\":\"EntryPoint\",\"urlTemplate\":\"https:\/\/denizcankizil.tr\/?s={search_term_string}\"},\"query-input\":{\"@type\":\"PropertyValueSpecification\",\"valueRequired\":true,\"valueName\":\"search_term_string\"}}],\"inLanguage\":\"ru-RU\"},{\"@type\":\"Organization\",\"@id\":\"https:\/\/denizcankizil.tr\/#organization\",\"name\":\"Av. Deniz Can K\u0131z\u0131l\",\"url\":\"https:\/\/denizcankizil.tr\/\",\"logo\":{\"@type\":\"ImageObject\",\"inLanguage\":\"ru-RU\",\"@id\":\"https:\/\/denizcankizil.tr\/#\/schema\/logo\/image\/\",\"url\":\"https:\/\/denizcankizil.tr\/wp-content\/uploads\/2024\/10\/siyah-logo-svg.svg\",\"contentUrl\":\"https:\/\/denizcankizil.tr\/wp-content\/uploads\/2024\/10\/siyah-logo-svg.svg\",\"width\":1080,\"height\":1080,\"caption\":\"Av. Deniz Can K\u0131z\u0131l\"},\"image\":{\"@id\":\"https:\/\/denizcankizil.tr\/#\/schema\/logo\/image\/\"}},{\"@type\":\"Person\",\"@id\":\"https:\/\/denizcankizil.tr\/#\/schema\/person\/be3c05fe6a12686905512445d8185489\",\"name\":\"admin\",\"image\":{\"@type\":\"ImageObject\",\"inLanguage\":\"ru-RU\",\"@id\":\"https:\/\/denizcankizil.tr\/#\/schema\/person\/image\/\",\"url\":\"https:\/\/secure.gravatar.com\/avatar\/c1fce94c830dc79107e174f890d7210541c4a63e8e5d816341794a2151c9d58c?s=96&d=mm&r=g\",\"contentUrl\":\"https:\/\/secure.gravatar.com\/avatar\/c1fce94c830dc79107e174f890d7210541c4a63e8e5d816341794a2151c9d58c?s=96&d=mm&r=g\",\"caption\":\"admin\"},\"sameAs\":[\"http:\/\/denizcankizil.tr\"],\"url\":\"https:\/\/www.iskenderun.org\/kibrisli-itfaiyecilere-konya-tatbikati\"}]}<\/script>\n<!-- \/ Yoast SEO Premium plugin. -->","yoast_head_json":{"title":"K\u0131br\u0131sl\u0131 itfaiyecilere Konya tatbikat\u0131 - Av. Deniz Can K\u0131z\u0131l","robots":{"index":"index","follow":"follow","max-snippet":"max-snippet:-1","max-image-preview":"max-image-preview:large","max-video-preview":"max-video-preview:-1"},"canonical":"https:\/\/denizcankizil.tr\/ru\/haberler\/gundem\/kibrisli-itfaiyecilere-konya-tatbikati\/","og_locale":"ru_RU","og_type":"article","og_title":"K\u0131br\u0131sl\u0131 itfaiyecilere Konya tatbikat\u0131","og_description":"Konya B\u00fcy\u00fck\u015fehir Belediyesi, T\u00fcrk \u0130\u015fbirli\u011fi ve Koordinasyon Ajans\u0131 (T\u0130KA) ve Kimyasal Biyolojik Radyoloji N\u00fckleer (KBRN) Savunma ve G\u00fcvenlik Tugay Komutanl\u0131\u011f\u0131 i\u015f birli\u011fi ile Kuzey K\u0131br\u0131s T\u00fcrk Cumhuriyeti\u2019nde (KKTC) g\u00f6revli itfaiyecilere y\u00f6nelik e\u011fitim ve tatbikat d\u00fczenlendi.KONYA (\u0130GFA) &#8211; \u201cAcil Durum ve Afetlere M\u00fcdahale E\u011fitim Program\u0131 (ADAMEP) kapsam\u0131nda K\u0131br\u0131s\u2019tan gelen 12 itfaiyeci ilk olarak \u201c\u0130leri Seviye \u0130tfaiye E\u011fitici E\u011fitimi\u201d\u00a0 program\u0131na kat\u0131ld\u0131. Yang\u0131n s\u00f6nd\u00fcrme, kentsel arama-kurtarma, trafik kazalar\u0131na m\u00fcdahale, tanker yang\u0131nlar\u0131 ve KBRN olaylar\u0131na m\u00fcdahale konular\u0131nda kapsaml\u0131 teorik ve uygulamal\u0131 e\u011fitimler verildi. E\u011fitim program\u0131n\u0131n sonunda Konya B\u00fcy\u00fck\u015fehir Belediyesi \u0130tfaiye E\u011fitim Merkezi\u2019nde (K\u0130TEM) kat\u0131l\u0131mc\u0131lar\u0131n \u00f6\u011frendiklerini sahada uygulama f\u0131rsat\u0131 buldu\u011fu geni\u015f kapsaml\u0131 bir tatbikat yap\u0131ld\u0131. Tatbikat \u00f6ncesinde konu\u015fan Konya B\u00fcy\u00fck\u015fehir Belediyesi \u0130tfaiye Dairesi Ba\u015fkan\u0131 Latif Erdo\u011fan, T\u0130KA ve T\u00fcrk Silahl\u0131 Kuvvetleri KBRN E\u011fitim Merkezi ortakl\u0131\u011f\u0131yla ger\u00e7ekle\u015ftirdikleri e\u011fitimlerin K\u0131br\u0131sl\u0131 itfaiyeciler i\u00e7in b\u00fcy\u00fck bir kazan\u0131m oldu\u011funu s\u00f6yledi. Konya AFAD \u0130l M\u00fcd\u00fcr\u00fc Ali \u0130hsan K\u00f6rpe\u015f, \u201cB\u00f6yle profesyonel bir itfaiye te\u015fkilat\u0131 olan ilde ya\u015faman\u0131n bir ayr\u0131cal\u0131k oldu\u011funu d\u00fc\u015f\u00fcn\u00fcyorum. Eme\u011fi ge\u00e7en herkese \u00e7ok te\u015fekk\u00fcr ediyorum\u201d ifadelerini kulland\u0131. KKTC \u0130tfaiye Te\u015fkilat\u0131 \u00c7avu\u015fu Mustafa Sava\u015f\u0131r, \u201cBurada 2 hafta boyunca alm\u0131\u015f oldu\u011fumuz e\u011fitimler, tecr\u00fcbelerimize yepyeni tecr\u00fcbe kazand\u0131rm\u0131\u015ft\u0131r\u201d diyerek eme\u011fi ge\u00e7enlere te\u015fekk\u00fcr etti. KBRN Savunma ve G\u00fcvenlik Tugay Komutan\u0131 Piyade Albay Yusuf Uysal, T\u0130KA Koordinat\u00f6r\u00fc Mirzet M\u00fcezzino\u011flu\u2019nun da kat\u0131ld\u0131\u011f\u0131 programda konu\u015fmalar\u0131n ard\u0131ndan tatbikata ge\u00e7ildi. &hellip;","og_url":"https:\/\/denizcankizil.tr\/ru\/haberler\/gundem\/kibrisli-itfaiyecilere-konya-tatbikati\/","og_site_name":"Av. Deniz Can K\u0131z\u0131l","article_published_time":"2025-03-02T09:41:20+00:00","author":"admin","twitter_card":"summary_large_image","twitter_misc":{"\u041d\u0430\u043f\u0438\u0441\u0430\u043d\u043e \u0430\u0432\u0442\u043e\u0440\u043e\u043c":"admin","\u041f\u0440\u0438\u043c\u0435\u0440\u043d\u043e\u0435 \u0432\u0440\u0435\u043c\u044f \u0434\u043b\u044f \u0447\u0442\u0435\u043d\u0438\u044f":"4 \u043c\u0438\u043d\u0443\u0442\u044b"},"schema":{"@context":"https:\/\/schema.org","@graph":[{"@type":"Article","@id":"https:\/\/denizcankizil.tr\/ru\/haberler\/gundem\/kibrisli-itfaiyecilere-konya-tatbikati\/#article","isPartOf":{"@id":"https:\/\/denizcankizil.tr\/ru\/haberler\/gundem\/kibrisli-itfaiyecilere-konya-tatbikati\/"},"author":{"name":"admin","@id":"https:\/\/denizcankizil.tr\/#\/schema\/person\/be3c05fe6a12686905512445d8185489"},"headline":"K\u0131br\u0131sl\u0131 itfaiyecilere Konya tatbikat\u0131","datePublished":"2025-03-02T09:41:20+00:00","mainEntityOfPage":{"@id":"https:\/\/denizcankizil.tr\/ru\/haberler\/gundem\/kibrisli-itfaiyecilere-konya-tatbikati\/"},"wordCount":760,"commentCount":0,"publisher":{"@id":"https:\/\/denizcankizil.tr\/#organization"},"articleSection":["G\u00fcndem"],"inLanguage":"ru-RU","potentialAction":[{"@type":"CommentAction","name":"Comment","target":["https:\/\/denizcankizil.tr\/ru\/haberler\/gundem\/kibrisli-itfaiyecilere-konya-tatbikati\/#respond"]}]},{"@type":"WebPage","@id":"https:\/\/denizcankizil.tr\/ru\/haberler\/gundem\/kibrisli-itfaiyecilere-konya-tatbikati\/","url":"https:\/\/denizcankizil.tr\/ru\/haberler\/gundem\/kibrisli-itfaiyecilere-konya-tatbikati\/","name":"K\u0131br\u0131sl\u0131 itfaiyecilere Konya tatbikat\u0131 - Av. Deniz Can K\u0131z\u0131l","isPartOf":{"@id":"https:\/\/denizcankizil.tr\/#website"},"datePublished":"2025-03-02T09:41:20+00:00","breadcrumb":{"@id":"https:\/\/denizcankizil.tr\/ru\/haberler\/gundem\/kibrisli-itfaiyecilere-konya-tatbikati\/#breadcrumb"},"inLanguage":"ru-RU","potentialAction":[{"@type":"ReadAction","target":["https:\/\/denizcankizil.tr\/ru\/haberler\/gundem\/kibrisli-itfaiyecilere-konya-tatbikati\/"]}]},{"@type":"BreadcrumbList","@id":"https:\/\/denizcankizil.tr\/ru\/haberler\/gundem\/kibrisli-itfaiyecilere-konya-tatbikati\/#breadcrumb","itemListElement":[{"@type":"ListItem","position":1,"name":"Home","item":"https:\/\/denizcankizil.tr\/de\/"},{"@type":"ListItem","position":2,"name":"K\u0131br\u0131sl\u0131 itfaiyecilere Konya tatbikat\u0131"}]},{"@type":"WebSite","@id":"https:\/\/denizcankizil.tr\/#website","url":"https:\/\/denizcankizil.tr\/","name":"Av. Deniz Can K\u0131z\u0131l","description":"Avukat Deniz Can K\u0131z\u0131l Antalya Barosu","publisher":{"@id":"https:\/\/denizcankizil.tr\/#organization"},"potentialAction":[{"@type":"SearchAction","target":{"@type":"EntryPoint","urlTemplate":"https:\/\/denizcankizil.tr\/?s={search_term_string}"},"query-input":{"@type":"PropertyValueSpecification","valueRequired":true,"valueName":"search_term_string"}}],"inLanguage":"ru-RU"},{"@type":"Organization","@id":"https:\/\/denizcankizil.tr\/#organization","name":"Av. Deniz Can K\u0131z\u0131l","url":"https:\/\/denizcankizil.tr\/","logo":{"@type":"ImageObject","inLanguage":"ru-RU","@id":"https:\/\/denizcankizil.tr\/#\/schema\/logo\/image\/","url":"https:\/\/denizcankizil.tr\/wp-content\/uploads\/2024\/10\/siyah-logo-svg.svg","contentUrl":"https:\/\/denizcankizil.tr\/wp-content\/uploads\/2024\/10\/siyah-logo-svg.svg","width":1080,"height":1080,"caption":"Av. Deniz Can K\u0131z\u0131l"},"image":{"@id":"https:\/\/denizcankizil.tr\/#\/schema\/logo\/image\/"}},{"@type":"Person","@id":"https:\/\/denizcankizil.tr\/#\/schema\/person\/be3c05fe6a12686905512445d8185489","name":"\u0430\u0434\u043c\u0438\u043d","image":{"@type":"ImageObject","inLanguage":"ru-RU","@id":"https:\/\/denizcankizil.tr\/#\/schema\/person\/image\/","url":"https:\/\/secure.gravatar.com\/avatar\/c1fce94c830dc79107e174f890d7210541c4a63e8e5d816341794a2151c9d58c?s=96&d=mm&r=g","contentUrl":"https:\/\/secure.gravatar.com\/avatar\/c1fce94c830dc79107e174f890d7210541c4a63e8e5d816341794a2151c9d58c?s=96&d=mm&r=g","caption":"admin"},"sameAs":["http:\/\/denizcankizil.tr"],"url":"https:\/\/www.iskenderun.org\/kibrisli-itfaiyecilere-konya-tatbikati"}]}},"_links":{"self":[{"href":"https:\/\/denizcankizil.tr\/ru\/wp-json\/wp\/v2\/posts\/34496","targetHints":{"allow":["GET"]}}],"collection":[{"href":"https:\/\/denizcankizil.tr\/ru\/wp-json\/wp\/v2\/posts"}],"about":[{"href":"https:\/\/denizcankizil.tr\/ru\/wp-json\/wp\/v2\/types\/post"}],"author":[{"embeddable":true,"href":"https:\/\/denizcankizil.tr\/ru\/wp-json\/wp\/v2\/users\/1"}],"replies":[{"embeddable":true,"href":"https:\/\/denizcankizil.tr\/ru\/wp-json\/wp\/v2\/comments?post=34496"}],"version-history":[{"count":0,"href":"https:\/\/denizcankizil.tr\/ru\/wp-json\/wp\/v2\/posts\/34496\/revisions"}],"wp:attachment":[{"href":"https:\/\/denizcankizil.tr\/ru\/wp-json\/wp\/v2\/media?parent=34496"}],"wp:term":[{"taxonomy":"category","embeddable":true,"href":"https:\/\/denizcankizil.tr\/ru\/wp-json\/wp\/v2\/categories?post=34496"},{"taxonomy":"post_tag","embeddable":true,"href":"https:\/\/denizcankizil.tr\/ru\/wp-json\/wp\/v2\/tags?post=34496"}],"curies":[{"name":"wp","href":"https:\/\/api.w.org\/{rel}","templated":true}]}}