{"id":34400,"date":"2025-02-28T15:43:00","date_gmt":"2025-02-28T12:43:00","guid":{"rendered":"https:\/\/denizcankizil.tr\/uncategorized-tr\/yargitay-7-ceza-dairesi-baskani-155-turda-secildi\/"},"modified":"2025-02-28T15:43:00","modified_gmt":"2025-02-28T12:43:00","slug":"yargitay-7-ceza-dairesi-baskani-155-turda-secildi","status":"publish","type":"post","link":"https:\/\/denizcankizil.tr\/ru\/hukukihaber\/yargitay-7-ceza-dairesi-baskani-155-turda-secildi\/","title":{"rendered":"Yarg\u0131tay 7. Ceza Dairesi Ba\u015fkan\u0131 155. turda se\u00e7ildi"},"content":{"rendered":"<p>Aytekin Sakarya, Erdo\u011fan \u0130shako\u011flu ve Berrin Aksoyak aras\u0131nda ge\u00e7en yar\u0131\u015f ge\u00e7ti\u011fimiz 2024&#8217;\u00fcn Haziran ay\u0131nda ba\u015flam\u0131\u015ft\u0131. Yakla\u015f\u0131k 9 ayd\u0131r devam eden se\u00e7imlerde bir sonu\u00e7 al\u0131namam\u0131\u015ft\u0131.<\/p>\n<p>Yarg\u0131tay \u00fcyelerinin bug\u00fcn gitti\u011fi sand\u0131ktan sonu\u00e7 \u00e7\u0131kt\u0131. Haziran&#8217;dan bu yana 155. tur olan se\u00e7imde Erdo\u011fan \u0130shako\u011flu 102, Aytekin Sakarya 187 oy ald\u0131. 312 \u00fcyenin oy kulland\u0131\u011f\u0131 sand\u0131ktan 4 bo\u015f, 19 ge\u00e7ersiz oy \u00e7\u0131karken Yarg\u0131tay 7. Ceza Dairesi&#8217;nin yeni ba\u015fkan\u0131 Aytekin Sakarya oldu.<\/p>\n<p>Yarg\u0131tay Ba\u015fkanl\u0131\u011f\u0131ndan yap\u0131lan a\u00e7\u0131klamada, &#8220;Anayasa&#8217;n\u0131n 154. ve 2797 say\u0131l\u0131 Yarg\u0131tay Kanunu&#8217;nun 30. ve 31. maddeleri gere\u011fince, Yarg\u0131tay B\u00fcy\u00fck Genel Kurulunca 26 \u015eubat&#8217;ta yap\u0131lan se\u00e7im sonucunda a\u00e7\u0131k bulunan Yarg\u0131tay 7. Ceza Dairesi Ba\u015fkanl\u0131\u011f\u0131na ayn\u0131 Daire \u00fcyesi Aytekin Sakarya se\u00e7ilmi\u015ftir.&#8221; denildi.<\/p>\n<p>AYTEK\u0130N SAKARYA<\/p>\n<p>Aytekin Sakarya, 1968&#8217;de Beypazar\u0131&#8217;nda do\u011fdu, 1990&#8217;da Ankara \u00dcniversitesi Hukuk Fak\u00fcltesinden mezun oldu.<\/p>\n<p>Ankara hakim-savc\u0131 aday\u0131 olarak mesle\u011fe ba\u015flayan Sakarya, s\u0131ras\u0131yla Dursunbey, Akp\u0131nar, Pazaryolu, Kastamonu Cumhuriyet savc\u0131l\u0131\u011f\u0131, Adalet Bakanl\u0131\u011f\u0131 ve HSYK tetkik hakimli\u011fi, Ankara Bat\u0131 Cumhuriyet Ba\u015fsavc\u0131 vekilli\u011fi, Adalet Bakanl\u0131\u011f\u0131 Ceza \u0130\u015fleri Genel M\u00fcd\u00fcr Yard\u0131mc\u0131l\u0131\u011f\u0131 ve Genel M\u00fcd\u00fcrl\u00fc\u011f\u00fc g\u00f6revlerinde bulundu.<\/p>\n<p>Sakarya, 17 Eyl\u00fcl 2019&#8217;da da Yarg\u0131tay \u00fcyeli\u011fine se\u00e7ildi.<\/p>\n<p>\u200bYarg\u0131tay 7. Ceza Dairesi Ba\u015fkanl\u0131\u011f\u0131na 155. turda Aytekin Sakarya se\u00e7ildi. Aytekin Sakarya, 312 \u00fcyenin kat\u0131ld\u0131\u011f\u0131 se\u00e7imde 187 oy ald\u0131.\u00a0Hukuki Haber<\/p>","protected":false},"excerpt":{"rendered":"<p>Aytekin Sakarya, Erdo\u011fan \u0130shako\u011flu ve Berrin Aksoyak aras\u0131nda ge\u00e7en yar\u0131\u015f ge\u00e7ti\u011fimiz 2024&#8217;\u00fcn Haziran ay\u0131nda ba\u015flam\u0131\u015ft\u0131. Yakla\u015f\u0131k 9 ayd\u0131r devam eden se\u00e7imlerde bir sonu\u00e7 al\u0131namam\u0131\u015ft\u0131. Yarg\u0131tay \u00fcyelerinin bug\u00fcn gitti\u011fi sand\u0131ktan sonu\u00e7 \u00e7\u0131kt\u0131. Haziran&#8217;dan bu yana 155. tur olan se\u00e7imde Erdo\u011fan \u0130shako\u011flu 102, Aytekin Sakarya 187 oy ald\u0131. 312 \u00fcyenin oy kulland\u0131\u011f\u0131 sand\u0131ktan 4 bo\u015f, 19 ge\u00e7ersiz oy \u00e7\u0131karken Yarg\u0131tay 7. Ceza Dairesi&#8217;nin yeni ba\u015fkan\u0131 Aytekin Sakarya oldu. Yarg\u0131tay Ba\u015fkanl\u0131\u011f\u0131ndan yap\u0131lan a\u00e7\u0131klamada, &#8220;Anayasa&#8217;n\u0131n 154. ve 2797 say\u0131l\u0131 Yarg\u0131tay Kanunu&#8217;nun 30. ve 31. maddeleri gere\u011fince, Yarg\u0131tay B\u00fcy\u00fck Genel Kurulunca 26 \u015eubat&#8217;ta yap\u0131lan se\u00e7im sonucunda a\u00e7\u0131k bulunan Yarg\u0131tay 7. Ceza Dairesi Ba\u015fkanl\u0131\u011f\u0131na ayn\u0131 Daire \u00fcyesi Aytekin Sakarya se\u00e7ilmi\u015ftir.&#8221; denildi. AYTEK\u0130N SAKARYA Aytekin Sakarya, 1968&#8217;de Beypazar\u0131&#8217;nda do\u011fdu, 1990&#8217;da Ankara \u00dcniversitesi Hukuk Fak\u00fcltesinden mezun oldu. Ankara hakim-savc\u0131 aday\u0131 olarak mesle\u011fe ba\u015flayan Sakarya, s\u0131ras\u0131yla Dursunbey, Akp\u0131nar, Pazaryolu, Kastamonu Cumhuriyet savc\u0131l\u0131\u011f\u0131, Adalet Bakanl\u0131\u011f\u0131 ve HSYK tetkik hakimli\u011fi, Ankara Bat\u0131 Cumhuriyet Ba\u015fsavc\u0131 vekilli\u011fi, Adalet Bakanl\u0131\u011f\u0131 Ceza \u0130\u015fleri Genel M\u00fcd\u00fcr Yard\u0131mc\u0131l\u0131\u011f\u0131 ve Genel M\u00fcd\u00fcrl\u00fc\u011f\u00fc g\u00f6revlerinde bulundu. Sakarya, 17 Eyl\u00fcl 2019&#8217;da da Yarg\u0131tay \u00fcyeli\u011fine se\u00e7ildi. \u200bYarg\u0131tay 7. Ceza Dairesi Ba\u015fkanl\u0131\u011f\u0131na 155. turda Aytekin Sakarya se\u00e7ildi. Aytekin Sakarya, 312 \u00fcyenin kat\u0131ld\u0131\u011f\u0131 se\u00e7imde 187 oy ald\u0131.\u00a0Hukuki Haber<\/p>","protected":false},"author":3,"featured_media":0,"comment_status":"open","ping_status":"open","sticky":false,"template":"","format":"standard","meta":{"_acf_changed":false,"footnotes":""},"categories":[27],"tags":[],"class_list":["post-34400","post","type-post","status-publish","format-standard","has-post-thumbnail","hentry","category-hukukihaber"],"acf":[],"yoast_head":"<!-- This site is optimized with the Yoast SEO Premium plugin v26.6 (Yoast SEO v27.1.1) - https:\/\/yoast.com\/product\/yoast-seo-premium-wordpress\/ -->\n<title>Yarg\u0131tay 7. Ceza Dairesi Ba\u015fkan\u0131 155. turda se\u00e7ildi - Av. Deniz Can K\u0131z\u0131l<\/title>\n<meta name=\"robots\" content=\"index, follow, max-snippet:-1, max-image-preview:large, max-video-preview:-1\" \/>\n<link rel=\"canonical\" href=\"https:\/\/denizcankizil.tr\/ru\/hukukihaber\/yargitay-7-ceza-dairesi-baskani-155-turda-secildi\/\" \/>\n<meta property=\"og:locale\" content=\"ru_RU\" \/>\n<meta property=\"og:type\" content=\"article\" \/>\n<meta property=\"og:title\" content=\"Yarg\u0131tay 7. Ceza Dairesi Ba\u015fkan\u0131 155. turda se\u00e7ildi\" \/>\n<meta property=\"og:description\" content=\"Aytekin Sakarya, Erdo\u011fan \u0130shako\u011flu ve Berrin Aksoyak aras\u0131nda ge\u00e7en yar\u0131\u015f ge\u00e7ti\u011fimiz 2024&#8217;\u00fcn Haziran ay\u0131nda ba\u015flam\u0131\u015ft\u0131. Yakla\u015f\u0131k 9 ayd\u0131r devam eden se\u00e7imlerde bir sonu\u00e7 al\u0131namam\u0131\u015ft\u0131. Yarg\u0131tay \u00fcyelerinin bug\u00fcn gitti\u011fi sand\u0131ktan sonu\u00e7 \u00e7\u0131kt\u0131. Haziran&#8217;dan bu yana 155. tur olan se\u00e7imde Erdo\u011fan \u0130shako\u011flu 102, Aytekin Sakarya 187 oy ald\u0131. 312 \u00fcyenin oy kulland\u0131\u011f\u0131 sand\u0131ktan 4 bo\u015f, 19 ge\u00e7ersiz oy \u00e7\u0131karken Yarg\u0131tay 7. Ceza Dairesi&#8217;nin yeni ba\u015fkan\u0131 Aytekin Sakarya oldu. Yarg\u0131tay Ba\u015fkanl\u0131\u011f\u0131ndan yap\u0131lan a\u00e7\u0131klamada, &#8220;Anayasa&#8217;n\u0131n 154. ve 2797 say\u0131l\u0131 Yarg\u0131tay Kanunu&#8217;nun 30. ve 31. maddeleri gere\u011fince, Yarg\u0131tay B\u00fcy\u00fck Genel Kurulunca 26 \u015eubat&#8217;ta yap\u0131lan se\u00e7im sonucunda a\u00e7\u0131k bulunan Yarg\u0131tay 7. Ceza Dairesi Ba\u015fkanl\u0131\u011f\u0131na ayn\u0131 Daire \u00fcyesi Aytekin Sakarya se\u00e7ilmi\u015ftir.&#8221; denildi. AYTEK\u0130N SAKARYA Aytekin Sakarya, 1968&#8217;de Beypazar\u0131&#8217;nda do\u011fdu, 1990&#8217;da Ankara \u00dcniversitesi Hukuk Fak\u00fcltesinden mezun oldu. Ankara hakim-savc\u0131 aday\u0131 olarak mesle\u011fe ba\u015flayan Sakarya, s\u0131ras\u0131yla Dursunbey, Akp\u0131nar, Pazaryolu, Kastamonu Cumhuriyet savc\u0131l\u0131\u011f\u0131, Adalet Bakanl\u0131\u011f\u0131 ve HSYK tetkik hakimli\u011fi, Ankara Bat\u0131 Cumhuriyet Ba\u015fsavc\u0131 vekilli\u011fi, Adalet Bakanl\u0131\u011f\u0131 Ceza \u0130\u015fleri Genel M\u00fcd\u00fcr Yard\u0131mc\u0131l\u0131\u011f\u0131 ve Genel M\u00fcd\u00fcrl\u00fc\u011f\u00fc g\u00f6revlerinde bulundu. Sakarya, 17 Eyl\u00fcl 2019&#8217;da da Yarg\u0131tay \u00fcyeli\u011fine se\u00e7ildi. \u200bYarg\u0131tay 7. Ceza Dairesi Ba\u015fkanl\u0131\u011f\u0131na 155. turda Aytekin Sakarya se\u00e7ildi. Aytekin Sakarya, 312 \u00fcyenin kat\u0131ld\u0131\u011f\u0131 se\u00e7imde 187 oy ald\u0131.\u00a0Hukuki Haber\" \/>\n<meta property=\"og:url\" content=\"https:\/\/denizcankizil.tr\/ru\/hukukihaber\/yargitay-7-ceza-dairesi-baskani-155-turda-secildi\/\" \/>\n<meta property=\"og:site_name\" content=\"Av. Deniz Can K\u0131z\u0131l\" \/>\n<meta property=\"article:published_time\" content=\"2025-02-28T12:43:00+00:00\" \/>\n<meta name=\"author\" content=\"Hukuki Haber.net\" \/>\n<meta name=\"twitter:card\" content=\"summary_large_image\" \/>\n<meta name=\"twitter:label1\" content=\"\u041d\u0430\u043f\u0438\u0441\u0430\u043d\u043e \u0430\u0432\u0442\u043e\u0440\u043e\u043c\" \/>\n\t<meta name=\"twitter:data1\" content=\"Hukuki Haber.net\" \/>\n\t<meta name=\"twitter:label2\" content=\"\u041f\u0440\u0438\u043c\u0435\u0440\u043d\u043e\u0435 \u0432\u0440\u0435\u043c\u044f \u0434\u043b\u044f \u0447\u0442\u0435\u043d\u0438\u044f\" \/>\n\t<meta name=\"twitter:data2\" content=\"1 \u043c\u0438\u043d\u0443\u0442\u0430\" \/>\n<script type=\"application\/ld+json\" class=\"yoast-schema-graph\">{\"@context\":\"https:\/\/schema.org\",\"@graph\":[{\"@type\":\"Article\",\"@id\":\"https:\/\/denizcankizil.tr\/ru\/hukukihaber\/yargitay-7-ceza-dairesi-baskani-155-turda-secildi\/#article\",\"isPartOf\":{\"@id\":\"https:\/\/denizcankizil.tr\/ru\/hukukihaber\/yargitay-7-ceza-dairesi-baskani-155-turda-secildi\/\"},\"author\":{\"name\":\"Hukuki Haber.net\",\"@id\":\"https:\/\/denizcankizil.tr\/#\/schema\/person\/001a271de994a0aa3f90eea084424822\"},\"headline\":\"Yarg\u0131tay 7. Ceza Dairesi Ba\u015fkan\u0131 155. turda se\u00e7ildi\",\"datePublished\":\"2025-02-28T12:43:00+00:00\",\"mainEntityOfPage\":{\"@id\":\"https:\/\/denizcankizil.tr\/ru\/hukukihaber\/yargitay-7-ceza-dairesi-baskani-155-turda-secildi\/\"},\"wordCount\":255,\"commentCount\":0,\"publisher\":{\"@id\":\"https:\/\/denizcankizil.tr\/#organization\"},\"articleSection\":[\"Hukuki Haberler\"],\"inLanguage\":\"ru-RU\",\"potentialAction\":[{\"@type\":\"CommentAction\",\"name\":\"Comment\",\"target\":[\"https:\/\/denizcankizil.tr\/ru\/hukukihaber\/yargitay-7-ceza-dairesi-baskani-155-turda-secildi\/#respond\"]}]},{\"@type\":\"WebPage\",\"@id\":\"https:\/\/denizcankizil.tr\/ru\/hukukihaber\/yargitay-7-ceza-dairesi-baskani-155-turda-secildi\/\",\"url\":\"https:\/\/denizcankizil.tr\/ru\/hukukihaber\/yargitay-7-ceza-dairesi-baskani-155-turda-secildi\/\",\"name\":\"Yarg\u0131tay 7. Ceza Dairesi Ba\u015fkan\u0131 155. turda se\u00e7ildi - Av. Deniz Can K\u0131z\u0131l\",\"isPartOf\":{\"@id\":\"https:\/\/denizcankizil.tr\/#website\"},\"datePublished\":\"2025-02-28T12:43:00+00:00\",\"breadcrumb\":{\"@id\":\"https:\/\/denizcankizil.tr\/ru\/hukukihaber\/yargitay-7-ceza-dairesi-baskani-155-turda-secildi\/#breadcrumb\"},\"inLanguage\":\"ru-RU\",\"potentialAction\":[{\"@type\":\"ReadAction\",\"target\":[\"https:\/\/denizcankizil.tr\/ru\/hukukihaber\/yargitay-7-ceza-dairesi-baskani-155-turda-secildi\/\"]}]},{\"@type\":\"BreadcrumbList\",\"@id\":\"https:\/\/denizcankizil.tr\/ru\/hukukihaber\/yargitay-7-ceza-dairesi-baskani-155-turda-secildi\/#breadcrumb\",\"itemListElement\":[{\"@type\":\"ListItem\",\"position\":1,\"name\":\"Home\",\"item\":\"https:\/\/denizcankizil.tr\/uk\/\"},{\"@type\":\"ListItem\",\"position\":2,\"name\":\"Yarg\u0131tay 7. Ceza Dairesi Ba\u015fkan\u0131 155. turda se\u00e7ildi\"}]},{\"@type\":\"WebSite\",\"@id\":\"https:\/\/denizcankizil.tr\/#website\",\"url\":\"https:\/\/denizcankizil.tr\/\",\"name\":\"Av. Deniz Can K\u0131z\u0131l\",\"description\":\"Avukat Deniz Can K\u0131z\u0131l Antalya Barosu\",\"publisher\":{\"@id\":\"https:\/\/denizcankizil.tr\/#organization\"},\"potentialAction\":[{\"@type\":\"SearchAction\",\"target\":{\"@type\":\"EntryPoint\",\"urlTemplate\":\"https:\/\/denizcankizil.tr\/?s={search_term_string}\"},\"query-input\":{\"@type\":\"PropertyValueSpecification\",\"valueRequired\":true,\"valueName\":\"search_term_string\"}}],\"inLanguage\":\"ru-RU\"},{\"@type\":\"Organization\",\"@id\":\"https:\/\/denizcankizil.tr\/#organization\",\"name\":\"Av. Deniz Can K\u0131z\u0131l\",\"url\":\"https:\/\/denizcankizil.tr\/\",\"logo\":{\"@type\":\"ImageObject\",\"inLanguage\":\"ru-RU\",\"@id\":\"https:\/\/denizcankizil.tr\/#\/schema\/logo\/image\/\",\"url\":\"https:\/\/denizcankizil.tr\/wp-content\/uploads\/2024\/10\/siyah-logo-svg.svg\",\"contentUrl\":\"https:\/\/denizcankizil.tr\/wp-content\/uploads\/2024\/10\/siyah-logo-svg.svg\",\"width\":1080,\"height\":1080,\"caption\":\"Av. Deniz Can K\u0131z\u0131l\"},\"image\":{\"@id\":\"https:\/\/denizcankizil.tr\/#\/schema\/logo\/image\/\"}},{\"@type\":\"Person\",\"@id\":\"https:\/\/denizcankizil.tr\/#\/schema\/person\/001a271de994a0aa3f90eea084424822\",\"name\":\"Hukuki Haber.net\",\"image\":{\"@type\":\"ImageObject\",\"inLanguage\":\"ru-RU\",\"@id\":\"https:\/\/denizcankizil.tr\/#\/schema\/person\/image\/\",\"url\":\"https:\/\/secure.gravatar.com\/avatar\/57d8a49151495586611a149d29fc42865b951dc053a84709a3172ccb5abf3118?s=96&d=mm&r=g\",\"contentUrl\":\"https:\/\/secure.gravatar.com\/avatar\/57d8a49151495586611a149d29fc42865b951dc053a84709a3172ccb5abf3118?s=96&d=mm&r=g\",\"caption\":\"Hukuki Haber.net\"},\"sameAs\":[\"http:\/\/www.hukukihaber.net\"],\"url\":\"https:\/\/www.hukukihaber.net\/yargitay-7-ceza-dairesi-baskani-155-turda-secildi\"}]}<\/script>\n<!-- \/ Yoast SEO Premium plugin. -->","yoast_head_json":{"title":"Yarg\u0131tay 7. Ceza Dairesi Ba\u015fkan\u0131 155. turda se\u00e7ildi - Av. Deniz Can K\u0131z\u0131l","robots":{"index":"index","follow":"follow","max-snippet":"max-snippet:-1","max-image-preview":"max-image-preview:large","max-video-preview":"max-video-preview:-1"},"canonical":"https:\/\/denizcankizil.tr\/ru\/hukukihaber\/yargitay-7-ceza-dairesi-baskani-155-turda-secildi\/","og_locale":"ru_RU","og_type":"article","og_title":"Yarg\u0131tay 7. Ceza Dairesi Ba\u015fkan\u0131 155. turda se\u00e7ildi","og_description":"Aytekin Sakarya, Erdo\u011fan \u0130shako\u011flu ve Berrin Aksoyak aras\u0131nda ge\u00e7en yar\u0131\u015f ge\u00e7ti\u011fimiz 2024&#8217;\u00fcn Haziran ay\u0131nda ba\u015flam\u0131\u015ft\u0131. Yakla\u015f\u0131k 9 ayd\u0131r devam eden se\u00e7imlerde bir sonu\u00e7 al\u0131namam\u0131\u015ft\u0131. Yarg\u0131tay \u00fcyelerinin bug\u00fcn gitti\u011fi sand\u0131ktan sonu\u00e7 \u00e7\u0131kt\u0131. Haziran&#8217;dan bu yana 155. tur olan se\u00e7imde Erdo\u011fan \u0130shako\u011flu 102, Aytekin Sakarya 187 oy ald\u0131. 312 \u00fcyenin oy kulland\u0131\u011f\u0131 sand\u0131ktan 4 bo\u015f, 19 ge\u00e7ersiz oy \u00e7\u0131karken Yarg\u0131tay 7. Ceza Dairesi&#8217;nin yeni ba\u015fkan\u0131 Aytekin Sakarya oldu. Yarg\u0131tay Ba\u015fkanl\u0131\u011f\u0131ndan yap\u0131lan a\u00e7\u0131klamada, &#8220;Anayasa&#8217;n\u0131n 154. ve 2797 say\u0131l\u0131 Yarg\u0131tay Kanunu&#8217;nun 30. ve 31. maddeleri gere\u011fince, Yarg\u0131tay B\u00fcy\u00fck Genel Kurulunca 26 \u015eubat&#8217;ta yap\u0131lan se\u00e7im sonucunda a\u00e7\u0131k bulunan Yarg\u0131tay 7. Ceza Dairesi Ba\u015fkanl\u0131\u011f\u0131na ayn\u0131 Daire \u00fcyesi Aytekin Sakarya se\u00e7ilmi\u015ftir.&#8221; denildi. AYTEK\u0130N SAKARYA Aytekin Sakarya, 1968&#8217;de Beypazar\u0131&#8217;nda do\u011fdu, 1990&#8217;da Ankara \u00dcniversitesi Hukuk Fak\u00fcltesinden mezun oldu. Ankara hakim-savc\u0131 aday\u0131 olarak mesle\u011fe ba\u015flayan Sakarya, s\u0131ras\u0131yla Dursunbey, Akp\u0131nar, Pazaryolu, Kastamonu Cumhuriyet savc\u0131l\u0131\u011f\u0131, Adalet Bakanl\u0131\u011f\u0131 ve HSYK tetkik hakimli\u011fi, Ankara Bat\u0131 Cumhuriyet Ba\u015fsavc\u0131 vekilli\u011fi, Adalet Bakanl\u0131\u011f\u0131 Ceza \u0130\u015fleri Genel M\u00fcd\u00fcr Yard\u0131mc\u0131l\u0131\u011f\u0131 ve Genel M\u00fcd\u00fcrl\u00fc\u011f\u00fc g\u00f6revlerinde bulundu. Sakarya, 17 Eyl\u00fcl 2019&#8217;da da Yarg\u0131tay \u00fcyeli\u011fine se\u00e7ildi. \u200bYarg\u0131tay 7. Ceza Dairesi Ba\u015fkanl\u0131\u011f\u0131na 155. turda Aytekin Sakarya se\u00e7ildi. Aytekin Sakarya, 312 \u00fcyenin kat\u0131ld\u0131\u011f\u0131 se\u00e7imde 187 oy ald\u0131.\u00a0Hukuki Haber","og_url":"https:\/\/denizcankizil.tr\/ru\/hukukihaber\/yargitay-7-ceza-dairesi-baskani-155-turda-secildi\/","og_site_name":"Av. Deniz Can K\u0131z\u0131l","article_published_time":"2025-02-28T12:43:00+00:00","author":"Hukuki Haber.net","twitter_card":"summary_large_image","twitter_misc":{"\u041d\u0430\u043f\u0438\u0441\u0430\u043d\u043e \u0430\u0432\u0442\u043e\u0440\u043e\u043c":"Hukuki Haber.net","\u041f\u0440\u0438\u043c\u0435\u0440\u043d\u043e\u0435 \u0432\u0440\u0435\u043c\u044f \u0434\u043b\u044f \u0447\u0442\u0435\u043d\u0438\u044f":"1 \u043c\u0438\u043d\u0443\u0442\u0430"},"schema":{"@context":"https:\/\/schema.org","@graph":[{"@type":"Article","@id":"https:\/\/denizcankizil.tr\/ru\/hukukihaber\/yargitay-7-ceza-dairesi-baskani-155-turda-secildi\/#article","isPartOf":{"@id":"https:\/\/denizcankizil.tr\/ru\/hukukihaber\/yargitay-7-ceza-dairesi-baskani-155-turda-secildi\/"},"author":{"name":"Hukuki Haber.net","@id":"https:\/\/denizcankizil.tr\/#\/schema\/person\/001a271de994a0aa3f90eea084424822"},"headline":"Yarg\u0131tay 7. Ceza Dairesi Ba\u015fkan\u0131 155. turda se\u00e7ildi","datePublished":"2025-02-28T12:43:00+00:00","mainEntityOfPage":{"@id":"https:\/\/denizcankizil.tr\/ru\/hukukihaber\/yargitay-7-ceza-dairesi-baskani-155-turda-secildi\/"},"wordCount":255,"commentCount":0,"publisher":{"@id":"https:\/\/denizcankizil.tr\/#organization"},"articleSection":["Hukuki Haberler"],"inLanguage":"ru-RU","potentialAction":[{"@type":"CommentAction","name":"Comment","target":["https:\/\/denizcankizil.tr\/ru\/hukukihaber\/yargitay-7-ceza-dairesi-baskani-155-turda-secildi\/#respond"]}]},{"@type":"WebPage","@id":"https:\/\/denizcankizil.tr\/ru\/hukukihaber\/yargitay-7-ceza-dairesi-baskani-155-turda-secildi\/","url":"https:\/\/denizcankizil.tr\/ru\/hukukihaber\/yargitay-7-ceza-dairesi-baskani-155-turda-secildi\/","name":"Yarg\u0131tay 7. Ceza Dairesi Ba\u015fkan\u0131 155. turda se\u00e7ildi - Av. Deniz Can K\u0131z\u0131l","isPartOf":{"@id":"https:\/\/denizcankizil.tr\/#website"},"datePublished":"2025-02-28T12:43:00+00:00","breadcrumb":{"@id":"https:\/\/denizcankizil.tr\/ru\/hukukihaber\/yargitay-7-ceza-dairesi-baskani-155-turda-secildi\/#breadcrumb"},"inLanguage":"ru-RU","potentialAction":[{"@type":"ReadAction","target":["https:\/\/denizcankizil.tr\/ru\/hukukihaber\/yargitay-7-ceza-dairesi-baskani-155-turda-secildi\/"]}]},{"@type":"BreadcrumbList","@id":"https:\/\/denizcankizil.tr\/ru\/hukukihaber\/yargitay-7-ceza-dairesi-baskani-155-turda-secildi\/#breadcrumb","itemListElement":[{"@type":"ListItem","position":1,"name":"Home","item":"https:\/\/denizcankizil.tr\/uk\/"},{"@type":"ListItem","position":2,"name":"Yarg\u0131tay 7. Ceza Dairesi Ba\u015fkan\u0131 155. turda se\u00e7ildi"}]},{"@type":"WebSite","@id":"https:\/\/denizcankizil.tr\/#website","url":"https:\/\/denizcankizil.tr\/","name":"Av. Deniz Can K\u0131z\u0131l","description":"Avukat Deniz Can K\u0131z\u0131l Antalya Barosu","publisher":{"@id":"https:\/\/denizcankizil.tr\/#organization"},"potentialAction":[{"@type":"SearchAction","target":{"@type":"EntryPoint","urlTemplate":"https:\/\/denizcankizil.tr\/?s={search_term_string}"},"query-input":{"@type":"PropertyValueSpecification","valueRequired":true,"valueName":"search_term_string"}}],"inLanguage":"ru-RU"},{"@type":"Organization","@id":"https:\/\/denizcankizil.tr\/#organization","name":"Av. Deniz Can K\u0131z\u0131l","url":"https:\/\/denizcankizil.tr\/","logo":{"@type":"ImageObject","inLanguage":"ru-RU","@id":"https:\/\/denizcankizil.tr\/#\/schema\/logo\/image\/","url":"https:\/\/denizcankizil.tr\/wp-content\/uploads\/2024\/10\/siyah-logo-svg.svg","contentUrl":"https:\/\/denizcankizil.tr\/wp-content\/uploads\/2024\/10\/siyah-logo-svg.svg","width":1080,"height":1080,"caption":"Av. Deniz Can K\u0131z\u0131l"},"image":{"@id":"https:\/\/denizcankizil.tr\/#\/schema\/logo\/image\/"}},{"@type":"Person","@id":"https:\/\/denizcankizil.tr\/#\/schema\/person\/001a271de994a0aa3f90eea084424822","name":"Hukuki Haber.net","image":{"@type":"ImageObject","inLanguage":"ru-RU","@id":"https:\/\/denizcankizil.tr\/#\/schema\/person\/image\/","url":"https:\/\/secure.gravatar.com\/avatar\/57d8a49151495586611a149d29fc42865b951dc053a84709a3172ccb5abf3118?s=96&d=mm&r=g","contentUrl":"https:\/\/secure.gravatar.com\/avatar\/57d8a49151495586611a149d29fc42865b951dc053a84709a3172ccb5abf3118?s=96&d=mm&r=g","caption":"Hukuki Haber.net"},"sameAs":["http:\/\/www.hukukihaber.net"],"url":"https:\/\/www.hukukihaber.net\/yargitay-7-ceza-dairesi-baskani-155-turda-secildi"}]}},"_links":{"self":[{"href":"https:\/\/denizcankizil.tr\/ru\/wp-json\/wp\/v2\/posts\/34400","targetHints":{"allow":["GET"]}}],"collection":[{"href":"https:\/\/denizcankizil.tr\/ru\/wp-json\/wp\/v2\/posts"}],"about":[{"href":"https:\/\/denizcankizil.tr\/ru\/wp-json\/wp\/v2\/types\/post"}],"author":[{"embeddable":true,"href":"https:\/\/denizcankizil.tr\/ru\/wp-json\/wp\/v2\/users\/3"}],"replies":[{"embeddable":true,"href":"https:\/\/denizcankizil.tr\/ru\/wp-json\/wp\/v2\/comments?post=34400"}],"version-history":[{"count":0,"href":"https:\/\/denizcankizil.tr\/ru\/wp-json\/wp\/v2\/posts\/34400\/revisions"}],"wp:attachment":[{"href":"https:\/\/denizcankizil.tr\/ru\/wp-json\/wp\/v2\/media?parent=34400"}],"wp:term":[{"taxonomy":"category","embeddable":true,"href":"https:\/\/denizcankizil.tr\/ru\/wp-json\/wp\/v2\/categories?post=34400"},{"taxonomy":"post_tag","embeddable":true,"href":"https:\/\/denizcankizil.tr\/ru\/wp-json\/wp\/v2\/tags?post=34400"}],"curies":[{"name":"wp","href":"https:\/\/api.w.org\/{rel}","templated":true}]}}