{"id":34248,"date":"2025-02-27T12:42:18","date_gmt":"2025-02-27T09:42:18","guid":{"rendered":"https:\/\/denizcankizil.tr\/uncategorized-tr\/ramazan-ayi-icin-saglikli-sahur-iftar-ve-tatli-onerileri\/"},"modified":"2025-02-27T12:42:18","modified_gmt":"2025-02-27T09:42:18","slug":"ramazan-ayi-icin-saglikli-sahur-iftar-ve-tatli-onerileri","status":"publish","type":"post","link":"https:\/\/denizcankizil.tr\/ru\/haberler\/gundem\/ramazan-ayi-icin-saglikli-sahur-iftar-ve-tatli-onerileri\/","title":{"rendered":"Ramazan Ay\u0131 \u0130\u00e7in Sa\u011fl\u0131kl\u0131 Sahur, \u0130ftar ve Tatl\u0131 \u00d6nerileri"},"content":{"rendered":"<p>Ramazan ay\u0131nda beslenme d\u00fczeni, sa\u011fl\u0131kl\u0131 kalmak ve oru\u00e7 tutarken enerjik hissetmek i\u00e7in olduk\u00e7a \u00f6nemlidir. Do\u011fru beslenme; g\u00fcn boyunca a\u00e7l\u0131k, susuzluk, halsizlik gibi sorunlar\u0131 azaltmaya yard\u0131mc\u0131 olur ve sindirim sistemi rahats\u0131zl\u0131klar\u0131n\u0131n \u00f6n\u00fcne ge\u00e7er.<\/p>\n<p>\u200bRamazan ay\u0131nda beslenme d\u00fczeni, sa\u011fl\u0131kl\u0131 kalmak ve oru\u00e7 tutarken enerjik hissetmek i\u00e7in olduk\u00e7a \u00f6nemlidir. Do\u011fru beslenme; g\u00fcn boyunca a\u00e7l\u0131k, susuzluk, halsizlik gibi sorunlar\u0131 azaltmaya yard\u0131mc\u0131 olur ve sindirim sistemi rahats\u0131zl\u0131klar\u0131n\u0131n \u00f6n\u00fcne ge\u00e7er.\u00a0<\/p>\n<p>\u200bHaberin Al\u0131nt\u0131land\u0131\u011f\u0131 Kaynak: www.iskenderun.org<\/p>","protected":false},"excerpt":{"rendered":"<p>Ramazan ay\u0131nda beslenme d\u00fczeni, sa\u011fl\u0131kl\u0131 kalmak ve oru\u00e7 tutarken enerjik hissetmek i\u00e7in olduk\u00e7a \u00f6nemlidir. Do\u011fru beslenme; g\u00fcn boyunca a\u00e7l\u0131k, susuzluk, halsizlik gibi sorunlar\u0131 azaltmaya yard\u0131mc\u0131 olur ve sindirim sistemi rahats\u0131zl\u0131klar\u0131n\u0131n \u00f6n\u00fcne ge\u00e7er. \u200bRamazan ay\u0131nda beslenme d\u00fczeni, sa\u011fl\u0131kl\u0131 kalmak ve oru\u00e7 tutarken enerjik hissetmek i\u00e7in olduk\u00e7a \u00f6nemlidir. Do\u011fru beslenme; g\u00fcn boyunca a\u00e7l\u0131k, susuzluk, halsizlik gibi sorunlar\u0131 azaltmaya yard\u0131mc\u0131 olur ve sindirim sistemi rahats\u0131zl\u0131klar\u0131n\u0131n \u00f6n\u00fcne ge\u00e7er.\u00a0 \u200bHaberin Al\u0131nt\u0131land\u0131\u011f\u0131 Kaynak: www.iskenderun.org<\/p>","protected":false},"author":1,"featured_media":0,"comment_status":"open","ping_status":"open","sticky":false,"template":"","format":"standard","meta":{"_acf_changed":false,"footnotes":""},"categories":[24],"tags":[],"class_list":["post-34248","post","type-post","status-publish","format-standard","has-post-thumbnail","hentry","category-gundem"],"acf":[],"yoast_head":"<!-- This site is optimized with the Yoast SEO Premium plugin v26.6 (Yoast SEO v27.1.1) - https:\/\/yoast.com\/product\/yoast-seo-premium-wordpress\/ -->\n<title>Ramazan Ay\u0131 \u0130\u00e7in Sa\u011fl\u0131kl\u0131 Sahur, \u0130ftar ve Tatl\u0131 \u00d6nerileri - Av. Deniz Can K\u0131z\u0131l<\/title>\n<meta name=\"robots\" content=\"index, follow, max-snippet:-1, max-image-preview:large, max-video-preview:-1\" \/>\n<link rel=\"canonical\" href=\"https:\/\/denizcankizil.tr\/ru\/haberler\/gundem\/ramazan-ayi-icin-saglikli-sahur-iftar-ve-tatli-onerileri\/\" \/>\n<meta property=\"og:locale\" content=\"ru_RU\" \/>\n<meta property=\"og:type\" content=\"article\" \/>\n<meta property=\"og:title\" content=\"Ramazan Ay\u0131 \u0130\u00e7in Sa\u011fl\u0131kl\u0131 Sahur, \u0130ftar ve Tatl\u0131 \u00d6nerileri\" \/>\n<meta property=\"og:description\" content=\"Ramazan ay\u0131nda beslenme d\u00fczeni, sa\u011fl\u0131kl\u0131 kalmak ve oru\u00e7 tutarken enerjik hissetmek i\u00e7in olduk\u00e7a \u00f6nemlidir. Do\u011fru beslenme; g\u00fcn boyunca a\u00e7l\u0131k, susuzluk, halsizlik gibi sorunlar\u0131 azaltmaya yard\u0131mc\u0131 olur ve sindirim sistemi rahats\u0131zl\u0131klar\u0131n\u0131n \u00f6n\u00fcne ge\u00e7er. \u200bRamazan ay\u0131nda beslenme d\u00fczeni, sa\u011fl\u0131kl\u0131 kalmak ve oru\u00e7 tutarken enerjik hissetmek i\u00e7in olduk\u00e7a \u00f6nemlidir. Do\u011fru beslenme; g\u00fcn boyunca a\u00e7l\u0131k, susuzluk, halsizlik gibi sorunlar\u0131 azaltmaya yard\u0131mc\u0131 olur ve sindirim sistemi rahats\u0131zl\u0131klar\u0131n\u0131n \u00f6n\u00fcne ge\u00e7er.\u00a0 \u200bHaberin Al\u0131nt\u0131land\u0131\u011f\u0131 Kaynak: www.iskenderun.org\" \/>\n<meta property=\"og:url\" content=\"https:\/\/denizcankizil.tr\/ru\/haberler\/gundem\/ramazan-ayi-icin-saglikli-sahur-iftar-ve-tatli-onerileri\/\" \/>\n<meta property=\"og:site_name\" content=\"Av. Deniz Can K\u0131z\u0131l\" \/>\n<meta property=\"article:published_time\" content=\"2025-02-27T09:42:18+00:00\" \/>\n<meta name=\"author\" content=\"admin\" \/>\n<meta name=\"twitter:card\" content=\"summary_large_image\" \/>\n<meta name=\"twitter:label1\" content=\"\u041d\u0430\u043f\u0438\u0441\u0430\u043d\u043e \u0430\u0432\u0442\u043e\u0440\u043e\u043c\" \/>\n\t<meta name=\"twitter:data1\" content=\"admin\" \/>\n\t<meta name=\"twitter:label2\" content=\"\u041f\u0440\u0438\u043c\u0435\u0440\u043d\u043e\u0435 \u0432\u0440\u0435\u043c\u044f \u0434\u043b\u044f \u0447\u0442\u0435\u043d\u0438\u044f\" \/>\n\t<meta name=\"twitter:data2\" content=\"1 \u043c\u0438\u043d\u0443\u0442\u0430\" \/>\n<script type=\"application\/ld+json\" class=\"yoast-schema-graph\">{\"@context\":\"https:\/\/schema.org\",\"@graph\":[{\"@type\":\"Article\",\"@id\":\"https:\/\/denizcankizil.tr\/ru\/haberler\/gundem\/ramazan-ayi-icin-saglikli-sahur-iftar-ve-tatli-onerileri\/#article\",\"isPartOf\":{\"@id\":\"https:\/\/denizcankizil.tr\/ru\/haberler\/gundem\/ramazan-ayi-icin-saglikli-sahur-iftar-ve-tatli-onerileri\/\"},\"author\":{\"name\":\"admin\",\"@id\":\"https:\/\/denizcankizil.tr\/de\/#\/schema\/person\/be3c05fe6a12686905512445d8185489\"},\"headline\":\"Ramazan Ay\u0131 \u0130\u00e7in Sa\u011fl\u0131kl\u0131 Sahur, \u0130ftar ve Tatl\u0131 \u00d6nerileri\",\"datePublished\":\"2025-02-27T09:42:18+00:00\",\"mainEntityOfPage\":{\"@id\":\"https:\/\/denizcankizil.tr\/ru\/haberler\/gundem\/ramazan-ayi-icin-saglikli-sahur-iftar-ve-tatli-onerileri\/\"},\"wordCount\":117,\"commentCount\":0,\"publisher\":{\"@id\":\"https:\/\/denizcankizil.tr\/de\/#organization\"},\"articleSection\":[\"G\u00fcndem\"],\"inLanguage\":\"ru-RU\",\"potentialAction\":[{\"@type\":\"CommentAction\",\"name\":\"Comment\",\"target\":[\"https:\/\/denizcankizil.tr\/ru\/haberler\/gundem\/ramazan-ayi-icin-saglikli-sahur-iftar-ve-tatli-onerileri\/#respond\"]}]},{\"@type\":\"WebPage\",\"@id\":\"https:\/\/denizcankizil.tr\/ru\/haberler\/gundem\/ramazan-ayi-icin-saglikli-sahur-iftar-ve-tatli-onerileri\/\",\"url\":\"https:\/\/denizcankizil.tr\/ru\/haberler\/gundem\/ramazan-ayi-icin-saglikli-sahur-iftar-ve-tatli-onerileri\/\",\"name\":\"Ramazan Ay\u0131 \u0130\u00e7in Sa\u011fl\u0131kl\u0131 Sahur, \u0130ftar ve Tatl\u0131 \u00d6nerileri - Av. Deniz Can K\u0131z\u0131l\",\"isPartOf\":{\"@id\":\"https:\/\/denizcankizil.tr\/de\/#website\"},\"datePublished\":\"2025-02-27T09:42:18+00:00\",\"breadcrumb\":{\"@id\":\"https:\/\/denizcankizil.tr\/ru\/haberler\/gundem\/ramazan-ayi-icin-saglikli-sahur-iftar-ve-tatli-onerileri\/#breadcrumb\"},\"inLanguage\":\"ru-RU\",\"potentialAction\":[{\"@type\":\"ReadAction\",\"target\":[\"https:\/\/denizcankizil.tr\/ru\/haberler\/gundem\/ramazan-ayi-icin-saglikli-sahur-iftar-ve-tatli-onerileri\/\"]}]},{\"@type\":\"BreadcrumbList\",\"@id\":\"https:\/\/denizcankizil.tr\/ru\/haberler\/gundem\/ramazan-ayi-icin-saglikli-sahur-iftar-ve-tatli-onerileri\/#breadcrumb\",\"itemListElement\":[{\"@type\":\"ListItem\",\"position\":1,\"name\":\"Home\",\"item\":\"https:\/\/denizcankizil.tr\/de\/\"},{\"@type\":\"ListItem\",\"position\":2,\"name\":\"Ramazan Ay\u0131 \u0130\u00e7in Sa\u011fl\u0131kl\u0131 Sahur, \u0130ftar ve Tatl\u0131 \u00d6nerileri\"}]},{\"@type\":\"WebSite\",\"@id\":\"https:\/\/denizcankizil.tr\/de\/#website\",\"url\":\"https:\/\/denizcankizil.tr\/de\/\",\"name\":\"Av. Deniz Can K\u0131z\u0131l\",\"description\":\"Avukat Deniz Can K\u0131z\u0131l Antalya Barosu\",\"publisher\":{\"@id\":\"https:\/\/denizcankizil.tr\/de\/#organization\"},\"potentialAction\":[{\"@type\":\"SearchAction\",\"target\":{\"@type\":\"EntryPoint\",\"urlTemplate\":\"https:\/\/denizcankizil.tr\/de\/?s={search_term_string}\"},\"query-input\":{\"@type\":\"PropertyValueSpecification\",\"valueRequired\":true,\"valueName\":\"search_term_string\"}}],\"inLanguage\":\"ru-RU\"},{\"@type\":\"Organization\",\"@id\":\"https:\/\/denizcankizil.tr\/de\/#organization\",\"name\":\"Av. Deniz Can K\u0131z\u0131l\",\"url\":\"https:\/\/denizcankizil.tr\/de\/\",\"logo\":{\"@type\":\"ImageObject\",\"inLanguage\":\"ru-RU\",\"@id\":\"https:\/\/denizcankizil.tr\/de\/#\/schema\/logo\/image\/\",\"url\":\"https:\/\/denizcankizil.tr\/wp-content\/uploads\/2024\/10\/siyah-logo-svg.svg\",\"contentUrl\":\"https:\/\/denizcankizil.tr\/wp-content\/uploads\/2024\/10\/siyah-logo-svg.svg\",\"width\":1080,\"height\":1080,\"caption\":\"Av. Deniz Can K\u0131z\u0131l\"},\"image\":{\"@id\":\"https:\/\/denizcankizil.tr\/de\/#\/schema\/logo\/image\/\"}},{\"@type\":\"Person\",\"@id\":\"https:\/\/denizcankizil.tr\/de\/#\/schema\/person\/be3c05fe6a12686905512445d8185489\",\"name\":\"admin\",\"image\":{\"@type\":\"ImageObject\",\"inLanguage\":\"ru-RU\",\"@id\":\"https:\/\/denizcankizil.tr\/de\/#\/schema\/person\/image\/\",\"url\":\"https:\/\/secure.gravatar.com\/avatar\/c1fce94c830dc79107e174f890d7210541c4a63e8e5d816341794a2151c9d58c?s=96&d=mm&r=g\",\"contentUrl\":\"https:\/\/secure.gravatar.com\/avatar\/c1fce94c830dc79107e174f890d7210541c4a63e8e5d816341794a2151c9d58c?s=96&d=mm&r=g\",\"caption\":\"admin\"},\"sameAs\":[\"http:\/\/denizcankizil.tr\"],\"url\":\"https:\/\/www.iskenderun.org\/ramazan-ayi-icin-saglikli-sahur-iftar-ve-tatli-onerileri\"}]}<\/script>\n<!-- \/ Yoast SEO Premium plugin. -->","yoast_head_json":{"title":"Ramazan Ay\u0131 \u0130\u00e7in Sa\u011fl\u0131kl\u0131 Sahur, \u0130ftar ve Tatl\u0131 \u00d6nerileri - Av. Deniz Can K\u0131z\u0131l","robots":{"index":"index","follow":"follow","max-snippet":"max-snippet:-1","max-image-preview":"max-image-preview:large","max-video-preview":"max-video-preview:-1"},"canonical":"https:\/\/denizcankizil.tr\/ru\/haberler\/gundem\/ramazan-ayi-icin-saglikli-sahur-iftar-ve-tatli-onerileri\/","og_locale":"ru_RU","og_type":"article","og_title":"Ramazan Ay\u0131 \u0130\u00e7in Sa\u011fl\u0131kl\u0131 Sahur, \u0130ftar ve Tatl\u0131 \u00d6nerileri","og_description":"Ramazan ay\u0131nda beslenme d\u00fczeni, sa\u011fl\u0131kl\u0131 kalmak ve oru\u00e7 tutarken enerjik hissetmek i\u00e7in olduk\u00e7a \u00f6nemlidir. Do\u011fru beslenme; g\u00fcn boyunca a\u00e7l\u0131k, susuzluk, halsizlik gibi sorunlar\u0131 azaltmaya yard\u0131mc\u0131 olur ve sindirim sistemi rahats\u0131zl\u0131klar\u0131n\u0131n \u00f6n\u00fcne ge\u00e7er. \u200bRamazan ay\u0131nda beslenme d\u00fczeni, sa\u011fl\u0131kl\u0131 kalmak ve oru\u00e7 tutarken enerjik hissetmek i\u00e7in olduk\u00e7a \u00f6nemlidir. Do\u011fru beslenme; g\u00fcn boyunca a\u00e7l\u0131k, susuzluk, halsizlik gibi sorunlar\u0131 azaltmaya yard\u0131mc\u0131 olur ve sindirim sistemi rahats\u0131zl\u0131klar\u0131n\u0131n \u00f6n\u00fcne ge\u00e7er.\u00a0 \u200bHaberin Al\u0131nt\u0131land\u0131\u011f\u0131 Kaynak: www.iskenderun.org","og_url":"https:\/\/denizcankizil.tr\/ru\/haberler\/gundem\/ramazan-ayi-icin-saglikli-sahur-iftar-ve-tatli-onerileri\/","og_site_name":"Av. Deniz Can K\u0131z\u0131l","article_published_time":"2025-02-27T09:42:18+00:00","author":"admin","twitter_card":"summary_large_image","twitter_misc":{"\u041d\u0430\u043f\u0438\u0441\u0430\u043d\u043e \u0430\u0432\u0442\u043e\u0440\u043e\u043c":"admin","\u041f\u0440\u0438\u043c\u0435\u0440\u043d\u043e\u0435 \u0432\u0440\u0435\u043c\u044f \u0434\u043b\u044f \u0447\u0442\u0435\u043d\u0438\u044f":"1 \u043c\u0438\u043d\u0443\u0442\u0430"},"schema":{"@context":"https:\/\/schema.org","@graph":[{"@type":"Article","@id":"https:\/\/denizcankizil.tr\/ru\/haberler\/gundem\/ramazan-ayi-icin-saglikli-sahur-iftar-ve-tatli-onerileri\/#article","isPartOf":{"@id":"https:\/\/denizcankizil.tr\/ru\/haberler\/gundem\/ramazan-ayi-icin-saglikli-sahur-iftar-ve-tatli-onerileri\/"},"author":{"name":"admin","@id":"https:\/\/denizcankizil.tr\/de\/#\/schema\/person\/be3c05fe6a12686905512445d8185489"},"headline":"Ramazan Ay\u0131 \u0130\u00e7in Sa\u011fl\u0131kl\u0131 Sahur, \u0130ftar ve Tatl\u0131 \u00d6nerileri","datePublished":"2025-02-27T09:42:18+00:00","mainEntityOfPage":{"@id":"https:\/\/denizcankizil.tr\/ru\/haberler\/gundem\/ramazan-ayi-icin-saglikli-sahur-iftar-ve-tatli-onerileri\/"},"wordCount":117,"commentCount":0,"publisher":{"@id":"https:\/\/denizcankizil.tr\/de\/#organization"},"articleSection":["G\u00fcndem"],"inLanguage":"ru-RU","potentialAction":[{"@type":"CommentAction","name":"Comment","target":["https:\/\/denizcankizil.tr\/ru\/haberler\/gundem\/ramazan-ayi-icin-saglikli-sahur-iftar-ve-tatli-onerileri\/#respond"]}]},{"@type":"WebPage","@id":"https:\/\/denizcankizil.tr\/ru\/haberler\/gundem\/ramazan-ayi-icin-saglikli-sahur-iftar-ve-tatli-onerileri\/","url":"https:\/\/denizcankizil.tr\/ru\/haberler\/gundem\/ramazan-ayi-icin-saglikli-sahur-iftar-ve-tatli-onerileri\/","name":"Ramazan Ay\u0131 \u0130\u00e7in Sa\u011fl\u0131kl\u0131 Sahur, \u0130ftar ve Tatl\u0131 \u00d6nerileri - Av. Deniz Can K\u0131z\u0131l","isPartOf":{"@id":"https:\/\/denizcankizil.tr\/de\/#website"},"datePublished":"2025-02-27T09:42:18+00:00","breadcrumb":{"@id":"https:\/\/denizcankizil.tr\/ru\/haberler\/gundem\/ramazan-ayi-icin-saglikli-sahur-iftar-ve-tatli-onerileri\/#breadcrumb"},"inLanguage":"ru-RU","potentialAction":[{"@type":"ReadAction","target":["https:\/\/denizcankizil.tr\/ru\/haberler\/gundem\/ramazan-ayi-icin-saglikli-sahur-iftar-ve-tatli-onerileri\/"]}]},{"@type":"BreadcrumbList","@id":"https:\/\/denizcankizil.tr\/ru\/haberler\/gundem\/ramazan-ayi-icin-saglikli-sahur-iftar-ve-tatli-onerileri\/#breadcrumb","itemListElement":[{"@type":"ListItem","position":1,"name":"Home","item":"https:\/\/denizcankizil.tr\/de\/"},{"@type":"ListItem","position":2,"name":"Ramazan Ay\u0131 \u0130\u00e7in Sa\u011fl\u0131kl\u0131 Sahur, \u0130ftar ve Tatl\u0131 \u00d6nerileri"}]},{"@type":"WebSite","@id":"https:\/\/denizcankizil.tr\/de\/#website","url":"https:\/\/denizcankizil.tr\/de\/","name":"Av. Deniz Can K\u0131z\u0131l","description":"Avukat Deniz Can K\u0131z\u0131l Antalya Barosu","publisher":{"@id":"https:\/\/denizcankizil.tr\/de\/#organization"},"potentialAction":[{"@type":"SearchAction","target":{"@type":"EntryPoint","urlTemplate":"https:\/\/denizcankizil.tr\/de\/?s={search_term_string}"},"query-input":{"@type":"PropertyValueSpecification","valueRequired":true,"valueName":"search_term_string"}}],"inLanguage":"ru-RU"},{"@type":"Organization","@id":"https:\/\/denizcankizil.tr\/de\/#organization","name":"Av. Deniz Can K\u0131z\u0131l","url":"https:\/\/denizcankizil.tr\/de\/","logo":{"@type":"ImageObject","inLanguage":"ru-RU","@id":"https:\/\/denizcankizil.tr\/de\/#\/schema\/logo\/image\/","url":"https:\/\/denizcankizil.tr\/wp-content\/uploads\/2024\/10\/siyah-logo-svg.svg","contentUrl":"https:\/\/denizcankizil.tr\/wp-content\/uploads\/2024\/10\/siyah-logo-svg.svg","width":1080,"height":1080,"caption":"Av. Deniz Can K\u0131z\u0131l"},"image":{"@id":"https:\/\/denizcankizil.tr\/de\/#\/schema\/logo\/image\/"}},{"@type":"Person","@id":"https:\/\/denizcankizil.tr\/de\/#\/schema\/person\/be3c05fe6a12686905512445d8185489","name":"\u0430\u0434\u043c\u0438\u043d","image":{"@type":"ImageObject","inLanguage":"ru-RU","@id":"https:\/\/denizcankizil.tr\/de\/#\/schema\/person\/image\/","url":"https:\/\/secure.gravatar.com\/avatar\/c1fce94c830dc79107e174f890d7210541c4a63e8e5d816341794a2151c9d58c?s=96&d=mm&r=g","contentUrl":"https:\/\/secure.gravatar.com\/avatar\/c1fce94c830dc79107e174f890d7210541c4a63e8e5d816341794a2151c9d58c?s=96&d=mm&r=g","caption":"admin"},"sameAs":["http:\/\/denizcankizil.tr"],"url":"https:\/\/www.iskenderun.org\/ramazan-ayi-icin-saglikli-sahur-iftar-ve-tatli-onerileri"}]}},"_links":{"self":[{"href":"https:\/\/denizcankizil.tr\/ru\/wp-json\/wp\/v2\/posts\/34248","targetHints":{"allow":["GET"]}}],"collection":[{"href":"https:\/\/denizcankizil.tr\/ru\/wp-json\/wp\/v2\/posts"}],"about":[{"href":"https:\/\/denizcankizil.tr\/ru\/wp-json\/wp\/v2\/types\/post"}],"author":[{"embeddable":true,"href":"https:\/\/denizcankizil.tr\/ru\/wp-json\/wp\/v2\/users\/1"}],"replies":[{"embeddable":true,"href":"https:\/\/denizcankizil.tr\/ru\/wp-json\/wp\/v2\/comments?post=34248"}],"version-history":[{"count":0,"href":"https:\/\/denizcankizil.tr\/ru\/wp-json\/wp\/v2\/posts\/34248\/revisions"}],"wp:attachment":[{"href":"https:\/\/denizcankizil.tr\/ru\/wp-json\/wp\/v2\/media?parent=34248"}],"wp:term":[{"taxonomy":"category","embeddable":true,"href":"https:\/\/denizcankizil.tr\/ru\/wp-json\/wp\/v2\/categories?post=34248"},{"taxonomy":"post_tag","embeddable":true,"href":"https:\/\/denizcankizil.tr\/ru\/wp-json\/wp\/v2\/tags?post=34248"}],"curies":[{"name":"wp","href":"https:\/\/api.w.org\/{rel}","templated":true}]}}