{"id":34236,"date":"2025-02-27T12:41:51","date_gmt":"2025-02-27T09:41:51","guid":{"rendered":"https:\/\/denizcankizil.tr\/uncategorized-tr\/toptanci-halinde-kundaklama\/"},"modified":"2025-02-27T12:41:51","modified_gmt":"2025-02-27T09:41:51","slug":"toptanci-halinde-kundaklama","status":"publish","type":"post","link":"https:\/\/denizcankizil.tr\/ru\/haberler\/antalya\/toptanci-halinde-kundaklama\/","title":{"rendered":"Toptanc\u0131 Hali&#8217;nde kundaklama"},"content":{"rendered":"<p>Olay, d\u00fcn saat 23.35 s\u0131ralar\u0131nda Cumhuriyet Mahallesi Toptanc\u0131 Hali&#8217;nde meydana geldi. Edinilen bilgiye g\u00f6re, \u0130brahim \u00d6.&#8217;ye ait ardiye deposunun \u00f6n\u00fcne gelen \u015f\u00fcpheli, \u00e7\u00f6p konteynerinden ald\u0131\u011f\u0131 kartonu \u00e7akmakla ate\u015fe verdi. Ard\u0131ndan kartonu plastik kasalar\u0131n aras\u0131na atarak b\u00f6lgeden uzakla\u015ft\u0131. Bir s\u00fcre sonra geri d\u00f6nen \u015fah\u0131s, alevlerin y\u00fckseldi\u011fini fark edince olay yerinden h\u0131zla ayr\u0131ld\u0131.<\/p>\n<p>Yang\u0131nda i\u015f yeri deposu zarar g\u00f6rd\u00fc<br \/>\nYang\u0131n\u0131 fark eden vatanda\u015flar durumu 112 Acil \u00c7a\u011fr\u0131 Merkezi&#8217;ne bildirdi. \u0130hbar \u00fczerine olay yerine gelen itfaiye ekipleri yang\u0131n\u0131 k\u0131sa s\u00fcrede s\u00f6nd\u00fcrd\u00fc. Ancak i\u015f yerinde bulunan plastik kasalar kullan\u0131lamaz hale gelirken, depodaki sebzeler de zarar g\u00f6rd\u00fc.<\/p>\n<p>&#8220;Alevleri g\u00f6r\u00fcnce t\u0131r\u0131m\u0131 \u00e7ektim. Nas\u0131l oldu anlamad\u0131k&#8221;<br \/>\nOlay s\u0131ras\u0131nda b\u00f6lgedeki t\u0131r \u015fof\u00f6rlerinden Seyfettin Mandac\u0131, yang\u0131n\u0131 fark eder etmez i\u015f yeri sahiplerini arad\u0131klar\u0131n\u0131 belirterek, &#8220;Ben buraya t\u0131r\u0131m\u0131 yana\u015ft\u0131rd\u0131m. Birdenbire alevler y\u00fckseldi. Hemen i\u015f yeri sahiplerini arad\u0131k. Alevleri g\u00f6r\u00fcnce t\u0131r\u0131m\u0131 ve di\u011fer ara\u00e7lar\u0131 zarar g\u00f6rmemesi i\u00e7in \u00e7ektik. Yang\u0131n \u00e7\u00f6p konteynerinin yan\u0131ndan ba\u015flad\u0131, nas\u0131l oldu anlamad\u0131k&#8221; dedi.<\/p>\n<p>Polis \u015f\u00fcpheliyi ar\u0131yor<br \/>\nOlayla ilgili polis ekipleri inceleme ba\u015flatt\u0131. G\u00fcvenlik kameras\u0131na yans\u0131yan g\u00f6r\u00fcnt\u00fclerde, zanl\u0131n\u0131n plastik kasalar\u0131 ate\u015fe vermesi, ard\u0131ndan b\u00f6lgeden uzakla\u015fmas\u0131, daha sonra geri d\u00f6nerek yang\u0131n\u0131 kontrol etmesi ve alevleri g\u00f6r\u00fcnce ka\u00e7mas\u0131 anbean kaydedildi. \u015e\u00fcphelinin kimli\u011finin belirlenmesi ve yakalanmas\u0131 i\u00e7in \u00e7al\u0131\u015fmalar s\u00fcr\u00fcyor.<\/p>\n<p>Kaynak: www.kanalv.com.tr Haber Sitesinden Al\u0131nm\u0131\u015ft\u0131r.<\/p>","protected":false},"excerpt":{"rendered":"<p>Olay, d\u00fcn saat 23.35 s\u0131ralar\u0131nda Cumhuriyet Mahallesi Toptanc\u0131 Hali&#8217;nde meydana geldi. Edinilen bilgiye g\u00f6re, \u0130brahim \u00d6.&#8217;ye ait ardiye deposunun \u00f6n\u00fcne gelen \u015f\u00fcpheli, \u00e7\u00f6p konteynerinden ald\u0131\u011f\u0131 kartonu \u00e7akmakla ate\u015fe verdi. Ard\u0131ndan kartonu plastik kasalar\u0131n aras\u0131na atarak b\u00f6lgeden uzakla\u015ft\u0131. Bir s\u00fcre sonra geri d\u00f6nen \u015fah\u0131s, alevlerin y\u00fckseldi\u011fini fark edince olay yerinden h\u0131zla ayr\u0131ld\u0131. Yang\u0131nda i\u015f yeri deposu zarar g\u00f6rd\u00fc Yang\u0131n\u0131 fark eden vatanda\u015flar durumu 112 Acil \u00c7a\u011fr\u0131 Merkezi&#8217;ne bildirdi. \u0130hbar \u00fczerine olay yerine gelen itfaiye ekipleri yang\u0131n\u0131 k\u0131sa s\u00fcrede s\u00f6nd\u00fcrd\u00fc. Ancak i\u015f yerinde bulunan plastik kasalar kullan\u0131lamaz hale gelirken, depodaki sebzeler de zarar g\u00f6rd\u00fc. &#8220;Alevleri g\u00f6r\u00fcnce t\u0131r\u0131m\u0131 \u00e7ektim. Nas\u0131l oldu anlamad\u0131k&#8221; Olay s\u0131ras\u0131nda b\u00f6lgedeki t\u0131r \u015fof\u00f6rlerinden Seyfettin Mandac\u0131, yang\u0131n\u0131 fark eder etmez i\u015f yeri sahiplerini arad\u0131klar\u0131n\u0131 belirterek, &#8220;Ben buraya t\u0131r\u0131m\u0131 yana\u015ft\u0131rd\u0131m. Birdenbire alevler y\u00fckseldi. Hemen i\u015f yeri sahiplerini arad\u0131k. Alevleri g\u00f6r\u00fcnce t\u0131r\u0131m\u0131 ve di\u011fer ara\u00e7lar\u0131 zarar g\u00f6rmemesi i\u00e7in \u00e7ektik. Yang\u0131n \u00e7\u00f6p konteynerinin yan\u0131ndan ba\u015flad\u0131, nas\u0131l oldu anlamad\u0131k&#8221; dedi. Polis \u015f\u00fcpheliyi ar\u0131yor Olayla ilgili polis ekipleri inceleme ba\u015flatt\u0131. G\u00fcvenlik kameras\u0131na yans\u0131yan g\u00f6r\u00fcnt\u00fclerde, zanl\u0131n\u0131n plastik kasalar\u0131 ate\u015fe vermesi, ard\u0131ndan b\u00f6lgeden uzakla\u015fmas\u0131, daha sonra geri d\u00f6nerek yang\u0131n\u0131 kontrol etmesi ve alevleri g\u00f6r\u00fcnce ka\u00e7mas\u0131 anbean kaydedildi. \u015e\u00fcphelinin kimli\u011finin belirlenmesi ve yakalanmas\u0131 i\u00e7in \u00e7al\u0131\u015fmalar s\u00fcr\u00fcyor. Kaynak: www.kanalv.com.tr Haber Sitesinden Al\u0131nm\u0131\u015ft\u0131r.<\/p>","protected":false},"author":4,"featured_media":34237,"comment_status":"open","ping_status":"open","sticky":false,"template":"","format":"standard","meta":{"_acf_changed":false,"footnotes":""},"categories":[26],"tags":[],"class_list":["post-34236","post","type-post","status-publish","format-standard","has-post-thumbnail","hentry","category-antalya"],"acf":[],"yoast_head":"<!-- This site is optimized with the Yoast SEO Premium plugin v26.6 (Yoast SEO v27.1.1) - https:\/\/yoast.com\/product\/yoast-seo-premium-wordpress\/ -->\n<title>Toptanc\u0131 Hali&#039;nde kundaklama - Av. Deniz Can K\u0131z\u0131l<\/title>\n<meta name=\"robots\" content=\"index, follow, max-snippet:-1, max-image-preview:large, max-video-preview:-1\" \/>\n<link rel=\"canonical\" href=\"https:\/\/denizcankizil.tr\/ru\/haberler\/antalya\/toptanci-halinde-kundaklama\/\" \/>\n<meta property=\"og:locale\" content=\"ru_RU\" \/>\n<meta property=\"og:type\" content=\"article\" \/>\n<meta property=\"og:title\" content=\"Toptanc\u0131 Hali&#039;nde kundaklama\" \/>\n<meta property=\"og:description\" content=\"Olay, d\u00fcn saat 23.35 s\u0131ralar\u0131nda Cumhuriyet Mahallesi Toptanc\u0131 Hali&#8217;nde meydana geldi. Edinilen bilgiye g\u00f6re, \u0130brahim \u00d6.&#8217;ye ait ardiye deposunun \u00f6n\u00fcne gelen \u015f\u00fcpheli, \u00e7\u00f6p konteynerinden ald\u0131\u011f\u0131 kartonu \u00e7akmakla ate\u015fe verdi. Ard\u0131ndan kartonu plastik kasalar\u0131n aras\u0131na atarak b\u00f6lgeden uzakla\u015ft\u0131. Bir s\u00fcre sonra geri d\u00f6nen \u015fah\u0131s, alevlerin y\u00fckseldi\u011fini fark edince olay yerinden h\u0131zla ayr\u0131ld\u0131. Yang\u0131nda i\u015f yeri deposu zarar g\u00f6rd\u00fc Yang\u0131n\u0131 fark eden vatanda\u015flar durumu 112 Acil \u00c7a\u011fr\u0131 Merkezi&#8217;ne bildirdi. \u0130hbar \u00fczerine olay yerine gelen itfaiye ekipleri yang\u0131n\u0131 k\u0131sa s\u00fcrede s\u00f6nd\u00fcrd\u00fc. Ancak i\u015f yerinde bulunan plastik kasalar kullan\u0131lamaz hale gelirken, depodaki sebzeler de zarar g\u00f6rd\u00fc. &#8220;Alevleri g\u00f6r\u00fcnce t\u0131r\u0131m\u0131 \u00e7ektim. Nas\u0131l oldu anlamad\u0131k&#8221; Olay s\u0131ras\u0131nda b\u00f6lgedeki t\u0131r \u015fof\u00f6rlerinden Seyfettin Mandac\u0131, yang\u0131n\u0131 fark eder etmez i\u015f yeri sahiplerini arad\u0131klar\u0131n\u0131 belirterek, &#8220;Ben buraya t\u0131r\u0131m\u0131 yana\u015ft\u0131rd\u0131m. Birdenbire alevler y\u00fckseldi. Hemen i\u015f yeri sahiplerini arad\u0131k. Alevleri g\u00f6r\u00fcnce t\u0131r\u0131m\u0131 ve di\u011fer ara\u00e7lar\u0131 zarar g\u00f6rmemesi i\u00e7in \u00e7ektik. Yang\u0131n \u00e7\u00f6p konteynerinin yan\u0131ndan ba\u015flad\u0131, nas\u0131l oldu anlamad\u0131k&#8221; dedi. Polis \u015f\u00fcpheliyi ar\u0131yor Olayla ilgili polis ekipleri inceleme ba\u015flatt\u0131. G\u00fcvenlik kameras\u0131na yans\u0131yan g\u00f6r\u00fcnt\u00fclerde, zanl\u0131n\u0131n plastik kasalar\u0131 ate\u015fe vermesi, ard\u0131ndan b\u00f6lgeden uzakla\u015fmas\u0131, daha sonra geri d\u00f6nerek yang\u0131n\u0131 kontrol etmesi ve alevleri g\u00f6r\u00fcnce ka\u00e7mas\u0131 anbean kaydedildi. \u015e\u00fcphelinin kimli\u011finin belirlenmesi ve yakalanmas\u0131 i\u00e7in \u00e7al\u0131\u015fmalar s\u00fcr\u00fcyor. Kaynak: www.kanalv.com.tr Haber Sitesinden Al\u0131nm\u0131\u015ft\u0131r.\" \/>\n<meta property=\"og:url\" content=\"https:\/\/denizcankizil.tr\/ru\/haberler\/antalya\/toptanci-halinde-kundaklama\/\" \/>\n<meta property=\"og:site_name\" content=\"Av. Deniz Can K\u0131z\u0131l\" \/>\n<meta property=\"article:published_time\" content=\"2025-02-27T09:41:51+00:00\" \/>\n<meta property=\"og:image\" content=\"https:\/\/denizcankizil.tr\/wp-content\/uploads\/2025\/02\/5207-01-LYW58n.jpeg\" \/>\n\t<meta property=\"og:image:width\" content=\"1280\" \/>\n\t<meta property=\"og:image:height\" content=\"720\" \/>\n\t<meta property=\"og:image:type\" content=\"image\/jpeg\" \/>\n<meta name=\"author\" content=\"Av. Deniz Can K\u0131z\u0131l\" \/>\n<meta name=\"twitter:card\" content=\"summary_large_image\" \/>\n<meta name=\"twitter:label1\" content=\"\u041d\u0430\u043f\u0438\u0441\u0430\u043d\u043e \u0430\u0432\u0442\u043e\u0440\u043e\u043c\" \/>\n\t<meta name=\"twitter:data1\" content=\"Av. Deniz Can K\u0131z\u0131l\" \/>\n\t<meta name=\"twitter:label2\" content=\"\u041f\u0440\u0438\u043c\u0435\u0440\u043d\u043e\u0435 \u0432\u0440\u0435\u043c\u044f \u0434\u043b\u044f \u0447\u0442\u0435\u043d\u0438\u044f\" \/>\n\t<meta name=\"twitter:data2\" content=\"1 \u043c\u0438\u043d\u0443\u0442\u0430\" \/>\n<script type=\"application\/ld+json\" class=\"yoast-schema-graph\">{\"@context\":\"https:\/\/schema.org\",\"@graph\":[{\"@type\":\"Article\",\"@id\":\"https:\/\/denizcankizil.tr\/de\/haberler\/antalya\/toptanci-halinde-kundaklama\/#article\",\"isPartOf\":{\"@id\":\"https:\/\/denizcankizil.tr\/de\/haberler\/antalya\/toptanci-halinde-kundaklama\/\"},\"author\":{\"name\":\"Av. Deniz Can K\u0131z\u0131l\",\"@id\":\"https:\/\/denizcankizil.tr\/de\/#\/schema\/person\/5dc1b22991bd7ac833867c10afc9b0ff\"},\"headline\":\"Toptanc\u0131 Hali&#8217;nde kundaklama\",\"datePublished\":\"2025-02-27T09:41:51+00:00\",\"mainEntityOfPage\":{\"@id\":\"https:\/\/denizcankizil.tr\/de\/haberler\/antalya\/toptanci-halinde-kundaklama\/\"},\"wordCount\":291,\"commentCount\":0,\"publisher\":{\"@id\":\"https:\/\/denizcankizil.tr\/de\/#organization\"},\"image\":{\"@id\":\"https:\/\/denizcankizil.tr\/de\/haberler\/antalya\/toptanci-halinde-kundaklama\/#primaryimage\"},\"thumbnailUrl\":\"https:\/\/denizcankizil.tr\/wp-content\/uploads\/2025\/02\/5207-01-LYW58n.jpeg\",\"articleSection\":[\"Antalya\"],\"inLanguage\":\"ru-RU\",\"potentialAction\":[{\"@type\":\"CommentAction\",\"name\":\"Comment\",\"target\":[\"https:\/\/denizcankizil.tr\/de\/haberler\/antalya\/toptanci-halinde-kundaklama\/#respond\"]}]},{\"@type\":\"WebPage\",\"@id\":\"https:\/\/denizcankizil.tr\/de\/haberler\/antalya\/toptanci-halinde-kundaklama\/\",\"url\":\"https:\/\/denizcankizil.tr\/de\/haberler\/antalya\/toptanci-halinde-kundaklama\/\",\"name\":\"Toptanc\u0131 Hali'nde kundaklama - Av. Deniz Can K\u0131z\u0131l\",\"isPartOf\":{\"@id\":\"https:\/\/denizcankizil.tr\/de\/#website\"},\"primaryImageOfPage\":{\"@id\":\"https:\/\/denizcankizil.tr\/de\/haberler\/antalya\/toptanci-halinde-kundaklama\/#primaryimage\"},\"image\":{\"@id\":\"https:\/\/denizcankizil.tr\/de\/haberler\/antalya\/toptanci-halinde-kundaklama\/#primaryimage\"},\"thumbnailUrl\":\"https:\/\/denizcankizil.tr\/wp-content\/uploads\/2025\/02\/5207-01-LYW58n.jpeg\",\"datePublished\":\"2025-02-27T09:41:51+00:00\",\"breadcrumb\":{\"@id\":\"https:\/\/denizcankizil.tr\/de\/haberler\/antalya\/toptanci-halinde-kundaklama\/#breadcrumb\"},\"inLanguage\":\"ru-RU\",\"potentialAction\":[{\"@type\":\"ReadAction\",\"target\":[\"https:\/\/denizcankizil.tr\/de\/haberler\/antalya\/toptanci-halinde-kundaklama\/\"]}]},{\"@type\":\"ImageObject\",\"inLanguage\":\"ru-RU\",\"@id\":\"https:\/\/denizcankizil.tr\/de\/haberler\/antalya\/toptanci-halinde-kundaklama\/#primaryimage\",\"url\":\"https:\/\/denizcankizil.tr\/wp-content\/uploads\/2025\/02\/5207-01-LYW58n.jpeg\",\"contentUrl\":\"https:\/\/denizcankizil.tr\/wp-content\/uploads\/2025\/02\/5207-01-LYW58n.jpeg\",\"width\":1280,\"height\":720},{\"@type\":\"BreadcrumbList\",\"@id\":\"https:\/\/denizcankizil.tr\/de\/haberler\/antalya\/toptanci-halinde-kundaklama\/#breadcrumb\",\"itemListElement\":[{\"@type\":\"ListItem\",\"position\":1,\"name\":\"Home\",\"item\":\"https:\/\/denizcankizil.tr\/de\/\"},{\"@type\":\"ListItem\",\"position\":2,\"name\":\"Toptanc\u0131 Hali&#8217;nde kundaklama\"}]},{\"@type\":\"WebSite\",\"@id\":\"https:\/\/denizcankizil.tr\/de\/#website\",\"url\":\"https:\/\/denizcankizil.tr\/de\/\",\"name\":\"Av. Deniz Can K\u0131z\u0131l\",\"description\":\"Avukat Deniz Can K\u0131z\u0131l Antalya Barosu\",\"publisher\":{\"@id\":\"https:\/\/denizcankizil.tr\/de\/#organization\"},\"potentialAction\":[{\"@type\":\"SearchAction\",\"target\":{\"@type\":\"EntryPoint\",\"urlTemplate\":\"https:\/\/denizcankizil.tr\/de\/?s={search_term_string}\"},\"query-input\":{\"@type\":\"PropertyValueSpecification\",\"valueRequired\":true,\"valueName\":\"search_term_string\"}}],\"inLanguage\":\"ru-RU\"},{\"@type\":\"Organization\",\"@id\":\"https:\/\/denizcankizil.tr\/de\/#organization\",\"name\":\"Av. Deniz Can K\u0131z\u0131l\",\"url\":\"https:\/\/denizcankizil.tr\/de\/\",\"logo\":{\"@type\":\"ImageObject\",\"inLanguage\":\"ru-RU\",\"@id\":\"https:\/\/denizcankizil.tr\/de\/#\/schema\/logo\/image\/\",\"url\":\"https:\/\/denizcankizil.tr\/wp-content\/uploads\/2024\/10\/siyah-logo-svg.svg\",\"contentUrl\":\"https:\/\/denizcankizil.tr\/wp-content\/uploads\/2024\/10\/siyah-logo-svg.svg\",\"width\":1080,\"height\":1080,\"caption\":\"Av. Deniz Can K\u0131z\u0131l\"},\"image\":{\"@id\":\"https:\/\/denizcankizil.tr\/de\/#\/schema\/logo\/image\/\"}},{\"@type\":\"Person\",\"@id\":\"https:\/\/denizcankizil.tr\/de\/#\/schema\/person\/5dc1b22991bd7ac833867c10afc9b0ff\",\"name\":\"Av. Deniz Can K\u0131z\u0131l\",\"image\":{\"@type\":\"ImageObject\",\"inLanguage\":\"ru-RU\",\"@id\":\"https:\/\/denizcankizil.tr\/de\/#\/schema\/person\/image\/\",\"url\":\"https:\/\/secure.gravatar.com\/avatar\/a0b128fb9855c79efc976d5640eedb31dc35ec297594d6016d2cf7c60e975bb6?s=96&d=mm&r=g\",\"contentUrl\":\"https:\/\/secure.gravatar.com\/avatar\/a0b128fb9855c79efc976d5640eedb31dc35ec297594d6016d2cf7c60e975bb6?s=96&d=mm&r=g\",\"caption\":\"Av. Deniz Can K\u0131z\u0131l\"},\"sameAs\":[\"http:\/\/www.denizcankizil.tr\"],\"url\":\"https:\/\/denizcankizil.tr\/ru\/author\/denizcankizil\/\"}]}<\/script>\n<!-- \/ Yoast SEO Premium plugin. -->","yoast_head_json":{"title":"Toptanc\u0131 Hali'nde kundaklama - Av. Deniz Can K\u0131z\u0131l","robots":{"index":"index","follow":"follow","max-snippet":"max-snippet:-1","max-image-preview":"max-image-preview:large","max-video-preview":"max-video-preview:-1"},"canonical":"https:\/\/denizcankizil.tr\/ru\/haberler\/antalya\/toptanci-halinde-kundaklama\/","og_locale":"ru_RU","og_type":"article","og_title":"Toptanc\u0131 Hali'nde kundaklama","og_description":"Olay, d\u00fcn saat 23.35 s\u0131ralar\u0131nda Cumhuriyet Mahallesi Toptanc\u0131 Hali&#8217;nde meydana geldi. Edinilen bilgiye g\u00f6re, \u0130brahim \u00d6.&#8217;ye ait ardiye deposunun \u00f6n\u00fcne gelen \u015f\u00fcpheli, \u00e7\u00f6p konteynerinden ald\u0131\u011f\u0131 kartonu \u00e7akmakla ate\u015fe verdi. Ard\u0131ndan kartonu plastik kasalar\u0131n aras\u0131na atarak b\u00f6lgeden uzakla\u015ft\u0131. Bir s\u00fcre sonra geri d\u00f6nen \u015fah\u0131s, alevlerin y\u00fckseldi\u011fini fark edince olay yerinden h\u0131zla ayr\u0131ld\u0131. Yang\u0131nda i\u015f yeri deposu zarar g\u00f6rd\u00fc Yang\u0131n\u0131 fark eden vatanda\u015flar durumu 112 Acil \u00c7a\u011fr\u0131 Merkezi&#8217;ne bildirdi. \u0130hbar \u00fczerine olay yerine gelen itfaiye ekipleri yang\u0131n\u0131 k\u0131sa s\u00fcrede s\u00f6nd\u00fcrd\u00fc. Ancak i\u015f yerinde bulunan plastik kasalar kullan\u0131lamaz hale gelirken, depodaki sebzeler de zarar g\u00f6rd\u00fc. &#8220;Alevleri g\u00f6r\u00fcnce t\u0131r\u0131m\u0131 \u00e7ektim. Nas\u0131l oldu anlamad\u0131k&#8221; Olay s\u0131ras\u0131nda b\u00f6lgedeki t\u0131r \u015fof\u00f6rlerinden Seyfettin Mandac\u0131, yang\u0131n\u0131 fark eder etmez i\u015f yeri sahiplerini arad\u0131klar\u0131n\u0131 belirterek, &#8220;Ben buraya t\u0131r\u0131m\u0131 yana\u015ft\u0131rd\u0131m. Birdenbire alevler y\u00fckseldi. Hemen i\u015f yeri sahiplerini arad\u0131k. Alevleri g\u00f6r\u00fcnce t\u0131r\u0131m\u0131 ve di\u011fer ara\u00e7lar\u0131 zarar g\u00f6rmemesi i\u00e7in \u00e7ektik. Yang\u0131n \u00e7\u00f6p konteynerinin yan\u0131ndan ba\u015flad\u0131, nas\u0131l oldu anlamad\u0131k&#8221; dedi. Polis \u015f\u00fcpheliyi ar\u0131yor Olayla ilgili polis ekipleri inceleme ba\u015flatt\u0131. G\u00fcvenlik kameras\u0131na yans\u0131yan g\u00f6r\u00fcnt\u00fclerde, zanl\u0131n\u0131n plastik kasalar\u0131 ate\u015fe vermesi, ard\u0131ndan b\u00f6lgeden uzakla\u015fmas\u0131, daha sonra geri d\u00f6nerek yang\u0131n\u0131 kontrol etmesi ve alevleri g\u00f6r\u00fcnce ka\u00e7mas\u0131 anbean kaydedildi. \u015e\u00fcphelinin kimli\u011finin belirlenmesi ve yakalanmas\u0131 i\u00e7in \u00e7al\u0131\u015fmalar s\u00fcr\u00fcyor. Kaynak: www.kanalv.com.tr Haber Sitesinden Al\u0131nm\u0131\u015ft\u0131r.","og_url":"https:\/\/denizcankizil.tr\/ru\/haberler\/antalya\/toptanci-halinde-kundaklama\/","og_site_name":"Av. Deniz Can K\u0131z\u0131l","article_published_time":"2025-02-27T09:41:51+00:00","og_image":[{"width":1280,"height":720,"url":"https:\/\/denizcankizil.tr\/wp-content\/uploads\/2025\/02\/5207-01-LYW58n.jpeg","type":"image\/jpeg"}],"author":"Av. Deniz Can K\u0131z\u0131l","twitter_card":"summary_large_image","twitter_misc":{"\u041d\u0430\u043f\u0438\u0441\u0430\u043d\u043e \u0430\u0432\u0442\u043e\u0440\u043e\u043c":"Av. Deniz Can K\u0131z\u0131l","\u041f\u0440\u0438\u043c\u0435\u0440\u043d\u043e\u0435 \u0432\u0440\u0435\u043c\u044f \u0434\u043b\u044f \u0447\u0442\u0435\u043d\u0438\u044f":"1 \u043c\u0438\u043d\u0443\u0442\u0430"},"schema":{"@context":"https:\/\/schema.org","@graph":[{"@type":"Article","@id":"https:\/\/denizcankizil.tr\/de\/haberler\/antalya\/toptanci-halinde-kundaklama\/#article","isPartOf":{"@id":"https:\/\/denizcankizil.tr\/de\/haberler\/antalya\/toptanci-halinde-kundaklama\/"},"author":{"name":"Av. Deniz Can K\u0131z\u0131l","@id":"https:\/\/denizcankizil.tr\/de\/#\/schema\/person\/5dc1b22991bd7ac833867c10afc9b0ff"},"headline":"Toptanc\u0131 Hali&#8217;nde kundaklama","datePublished":"2025-02-27T09:41:51+00:00","mainEntityOfPage":{"@id":"https:\/\/denizcankizil.tr\/de\/haberler\/antalya\/toptanci-halinde-kundaklama\/"},"wordCount":291,"commentCount":0,"publisher":{"@id":"https:\/\/denizcankizil.tr\/de\/#organization"},"image":{"@id":"https:\/\/denizcankizil.tr\/de\/haberler\/antalya\/toptanci-halinde-kundaklama\/#primaryimage"},"thumbnailUrl":"https:\/\/denizcankizil.tr\/wp-content\/uploads\/2025\/02\/5207-01-LYW58n.jpeg","articleSection":["Antalya"],"inLanguage":"ru-RU","potentialAction":[{"@type":"CommentAction","name":"Comment","target":["https:\/\/denizcankizil.tr\/de\/haberler\/antalya\/toptanci-halinde-kundaklama\/#respond"]}]},{"@type":"WebPage","@id":"https:\/\/denizcankizil.tr\/de\/haberler\/antalya\/toptanci-halinde-kundaklama\/","url":"https:\/\/denizcankizil.tr\/de\/haberler\/antalya\/toptanci-halinde-kundaklama\/","name":"Toptanc\u0131 Hali'nde kundaklama - Av. Deniz Can K\u0131z\u0131l","isPartOf":{"@id":"https:\/\/denizcankizil.tr\/de\/#website"},"primaryImageOfPage":{"@id":"https:\/\/denizcankizil.tr\/de\/haberler\/antalya\/toptanci-halinde-kundaklama\/#primaryimage"},"image":{"@id":"https:\/\/denizcankizil.tr\/de\/haberler\/antalya\/toptanci-halinde-kundaklama\/#primaryimage"},"thumbnailUrl":"https:\/\/denizcankizil.tr\/wp-content\/uploads\/2025\/02\/5207-01-LYW58n.jpeg","datePublished":"2025-02-27T09:41:51+00:00","breadcrumb":{"@id":"https:\/\/denizcankizil.tr\/de\/haberler\/antalya\/toptanci-halinde-kundaklama\/#breadcrumb"},"inLanguage":"ru-RU","potentialAction":[{"@type":"ReadAction","target":["https:\/\/denizcankizil.tr\/de\/haberler\/antalya\/toptanci-halinde-kundaklama\/"]}]},{"@type":"ImageObject","inLanguage":"ru-RU","@id":"https:\/\/denizcankizil.tr\/de\/haberler\/antalya\/toptanci-halinde-kundaklama\/#primaryimage","url":"https:\/\/denizcankizil.tr\/wp-content\/uploads\/2025\/02\/5207-01-LYW58n.jpeg","contentUrl":"https:\/\/denizcankizil.tr\/wp-content\/uploads\/2025\/02\/5207-01-LYW58n.jpeg","width":1280,"height":720},{"@type":"BreadcrumbList","@id":"https:\/\/denizcankizil.tr\/de\/haberler\/antalya\/toptanci-halinde-kundaklama\/#breadcrumb","itemListElement":[{"@type":"ListItem","position":1,"name":"Home","item":"https:\/\/denizcankizil.tr\/de\/"},{"@type":"ListItem","position":2,"name":"Toptanc\u0131 Hali&#8217;nde kundaklama"}]},{"@type":"WebSite","@id":"https:\/\/denizcankizil.tr\/de\/#website","url":"https:\/\/denizcankizil.tr\/de\/","name":"Av. Deniz Can K\u0131z\u0131l","description":"Avukat Deniz Can K\u0131z\u0131l Antalya Barosu","publisher":{"@id":"https:\/\/denizcankizil.tr\/de\/#organization"},"potentialAction":[{"@type":"SearchAction","target":{"@type":"EntryPoint","urlTemplate":"https:\/\/denizcankizil.tr\/de\/?s={search_term_string}"},"query-input":{"@type":"PropertyValueSpecification","valueRequired":true,"valueName":"search_term_string"}}],"inLanguage":"ru-RU"},{"@type":"Organization","@id":"https:\/\/denizcankizil.tr\/de\/#organization","name":"Av. Deniz Can K\u0131z\u0131l","url":"https:\/\/denizcankizil.tr\/de\/","logo":{"@type":"ImageObject","inLanguage":"ru-RU","@id":"https:\/\/denizcankizil.tr\/de\/#\/schema\/logo\/image\/","url":"https:\/\/denizcankizil.tr\/wp-content\/uploads\/2024\/10\/siyah-logo-svg.svg","contentUrl":"https:\/\/denizcankizil.tr\/wp-content\/uploads\/2024\/10\/siyah-logo-svg.svg","width":1080,"height":1080,"caption":"Av. Deniz Can K\u0131z\u0131l"},"image":{"@id":"https:\/\/denizcankizil.tr\/de\/#\/schema\/logo\/image\/"}},{"@type":"Person","@id":"https:\/\/denizcankizil.tr\/de\/#\/schema\/person\/5dc1b22991bd7ac833867c10afc9b0ff","name":"Av. Deniz Can K\u0131z\u0131l","image":{"@type":"ImageObject","inLanguage":"ru-RU","@id":"https:\/\/denizcankizil.tr\/de\/#\/schema\/person\/image\/","url":"https:\/\/secure.gravatar.com\/avatar\/a0b128fb9855c79efc976d5640eedb31dc35ec297594d6016d2cf7c60e975bb6?s=96&d=mm&r=g","contentUrl":"https:\/\/secure.gravatar.com\/avatar\/a0b128fb9855c79efc976d5640eedb31dc35ec297594d6016d2cf7c60e975bb6?s=96&d=mm&r=g","caption":"Av. Deniz Can K\u0131z\u0131l"},"sameAs":["http:\/\/www.denizcankizil.tr"],"url":"https:\/\/denizcankizil.tr\/ru\/author\/denizcankizil\/"}]}},"_links":{"self":[{"href":"https:\/\/denizcankizil.tr\/ru\/wp-json\/wp\/v2\/posts\/34236","targetHints":{"allow":["GET"]}}],"collection":[{"href":"https:\/\/denizcankizil.tr\/ru\/wp-json\/wp\/v2\/posts"}],"about":[{"href":"https:\/\/denizcankizil.tr\/ru\/wp-json\/wp\/v2\/types\/post"}],"author":[{"embeddable":true,"href":"https:\/\/denizcankizil.tr\/ru\/wp-json\/wp\/v2\/users\/4"}],"replies":[{"embeddable":true,"href":"https:\/\/denizcankizil.tr\/ru\/wp-json\/wp\/v2\/comments?post=34236"}],"version-history":[{"count":0,"href":"https:\/\/denizcankizil.tr\/ru\/wp-json\/wp\/v2\/posts\/34236\/revisions"}],"wp:featuredmedia":[{"embeddable":true,"href":"https:\/\/denizcankizil.tr\/ru\/wp-json\/wp\/v2\/media\/34237"}],"wp:attachment":[{"href":"https:\/\/denizcankizil.tr\/ru\/wp-json\/wp\/v2\/media?parent=34236"}],"wp:term":[{"taxonomy":"category","embeddable":true,"href":"https:\/\/denizcankizil.tr\/ru\/wp-json\/wp\/v2\/categories?post=34236"},{"taxonomy":"post_tag","embeddable":true,"href":"https:\/\/denizcankizil.tr\/ru\/wp-json\/wp\/v2\/tags?post=34236"}],"curies":[{"name":"wp","href":"https:\/\/api.w.org\/{rel}","templated":true}]}}