{"id":34188,"date":"2025-02-26T15:42:42","date_gmt":"2025-02-26T12:42:42","guid":{"rendered":"https:\/\/denizcankizil.tr\/uncategorized-tr\/sakaryali-minikler-buyuksehirin-gezisinde-bulustu\/"},"modified":"2025-02-26T15:42:42","modified_gmt":"2025-02-26T12:42:42","slug":"sakaryali-minikler-buyuksehirin-gezisinde-bulustu","status":"publish","type":"post","link":"https:\/\/denizcankizil.tr\/ru\/haberler\/gundem\/sakaryali-minikler-buyuksehirin-gezisinde-bulustu\/","title":{"rendered":"Sakaryal\u0131 minikler B\u00fcy\u00fck\u015fehir\u2019in gezisinde bulu\u015ftu"},"content":{"rendered":"<p>Sakarya B\u00fcy\u00fck\u015fehir Belediyesi\u2019nin e\u011flenirken \u00f6\u011freten macera dolu gezi program\u0131 kapsam\u0131nda S\u00f6\u011f\u00fctl\u00fc 15 Temmuz Ortaokulu \u00f6\u011frencileri, SASK\u0130\u2019nin i\u00e7me suyu tesisinde suyun yolculu\u011funatan\u0131kl\u0131k etti, sokak hayvanlar\u0131yla vakit ge\u00e7irdi ve Macera Park\u2019ta adrenalin dolu bir yolculu\u011fa \u00e7\u0131kt\u0131. \u00d6\u011frenciler, \u2018Bu \u015eehir Hepimizin\u2019 fark\u0131ndal\u0131k hareketine de kat\u0131larak, bilgilendirmeleri ilgiyle takip etti.SAKARYA (\u0130GFA) &#8211;\u00a0Sakarya B\u00fcy\u00fck\u015fehir Belediyesi, \u00f6\u011frencilere y\u00f6nelik d\u00fczenledi\u011fi gezilerle hem e\u011fitici hem de e\u011flenceli deneyimler sunmaya devam ediyor.<br \/>\n\u00a0Unutulmaz deneyim<br \/>\nBu kapsamda S\u00f6\u011f\u00fctl\u00fc 15 Temmuz Ortaokulu\u2019ndan 51 \u00f6\u011frenci, H\u0131z\u0131rilyas \u0130\u00e7mesuyu Ar\u0131tma Tesisi, Ye\u015filay Gen\u00e7lik Merkezi, Ya\u015fayarak \u00d6\u011frenme Macera Park\u0131 ve Sokak Hayvanlar\u0131 Bak\u0131mevi\u2019ni ziyaret ederek unutulmaz bir deneyim ya\u015fad\u0131.<br \/>\nSuya ula\u015fman\u0131n hikayesi\u00a0<br \/>\nGezinin ilk dura\u011f\u0131, T\u00fcrkiye\u2019nin en modern i\u00e7me suyu tesislerinden biri olan H\u0131z\u0131rilyas \u0130\u00e7mesuyu Ar\u0131tma Tesisi oldu. \u00d6\u011frencilere \u015fehrin i\u00e7me suyunun nas\u0131l ar\u0131t\u0131ld\u0131\u011f\u0131 ve temiz suya nas\u0131l ula\u015f\u0131ld\u0131\u011f\u0131 anlat\u0131ld\u0131.<br \/>\nSu kaynaklar\u0131n\u0131n korunmas\u0131 ve su tasarrufunun \u00f6nemi vurgulan\u0131rken, \u00f6\u011frencilerin merak etti\u011fi sorular da yan\u0131tland\u0131.<br \/>\n\u2018Bu \u015eehir Hepimizin\u2019 fark\u0131ndal\u0131\u011f\u0131<br \/>\nBir sonraki durak Ye\u015filay Gen\u00e7lik Merkezi oldu. Burada \u00f6\u011frencilere teknolojinin hayat\u0131m\u0131zdaki yeri anlat\u0131larak, yararlar\u0131 ve zararlar\u0131 konusunda fark\u0131ndal\u0131k olu\u015fturuldu. Teknoloji ba\u011f\u0131ml\u0131l\u0131\u011f\u0131n\u0131n olumsuz etkileri vurguland\u0131ktan sonra e\u011flenceli oyunlarla \u00e7ocuklara keyifli anlar ya\u015fat\u0131ld\u0131.<br \/>\n\u00a0B\u00fcy\u00fck\u015fehir Belediyesi\u2019nin yeni sosyal sorumluluk projesi \u201cBu \u015eehir Hepimizin\u201d ad\u0131m\u0131n\u0131n \u015fehir i\u00e7in b\u00fct\u00fcnle\u015ftirici g\u00fcc\u00fcn\u00fc \u00f6\u011frenen \u00f6\u011frenciler, projeye dair izlenecek s\u00fcreci dinledi.<br \/>\nAdrenalin dolu anlar<br \/>\nGezinin en heyecan verici duraklar\u0131ndan biri ise Ya\u015fayarak \u00d6\u011frenme Macera Park\u0131 oldu. \u00d6\u011frenciler burada fiziksel ve zihinsel becerilerini geli\u015ftiren, heyecan\u0131n ve e\u011flencenin doruklara ta\u015f\u0131nd\u0131\u011f\u0131 parkurda yar\u0131\u015ft\u0131.<br \/>\nCan dostlar\u0131m\u0131za ziyaret<br \/>\nB\u00fcy\u00fck\u015fehir Belediyesi Sokak Hayvanlar\u0131 Bak\u0131mevi ve Rehabilitasyon Merkezini de ziyaret eden minikler can dostlar\u0131n tedavi s\u00fcre\u00e7lerini ve ya\u015fam\u0131n\u0131 yerinde inceledi. Hayvan sevgisi bilinci g\u00fc\u00e7lenen \u00e7ocuklar, sahiplenmeyle ilgili hassasiyet kazand\u0131.<\/p>\n<p>\u200bSakarya B\u00fcy\u00fck\u015fehir Belediyesi\u2019nin e\u011flenirken \u00f6\u011freten macera dolu gezi program\u0131 kapsam\u0131nda S\u00f6\u011f\u00fctl\u00fc 15 Temmuz Ortaokulu \u00f6\u011frencileri, SASK\u0130\u2019nin i\u00e7me suyu tesisinde suyun yolculu\u011funatan\u0131kl\u0131k etti, sokak hayvanlar\u0131yla vakit ge\u00e7irdi ve Macera Park\u2019ta adrenalin dolu bir yolculu\u011fa \u00e7\u0131kt\u0131. \u00d6\u011frenciler, \u2018Bu \u015eehir Hepimizin\u2019 fark\u0131ndal\u0131k hareketine de kat\u0131larak, bilgilendirmeleri ilgiyle takip etti.SAKARYA (\u0130GFA) &#8211;\u00a0Sakarya B\u00fcy\u00fck\u015fehir Belediyesi, \u00f6\u011frencilere y\u00f6nelik d\u00fczenledi\u011fi gezilerle hem e\u011fitici hem de e\u011flenceli deneyimler sunmaya devam ediyor.<br \/>\n\u00a0Unutulmaz deneyim<br \/>\nBu kapsamda S\u00f6\u011f\u00fctl\u00fc 15 Temmuz Ortaokulu\u2019ndan 51 \u00f6\u011frenci, H\u0131z\u0131rilyas \u0130\u00e7mesuyu Ar\u0131tma Tesisi, Ye\u015filay Gen\u00e7lik Merkezi, Ya\u015fayarak \u00d6\u011frenme Macera Park\u0131 ve Sokak Hayvanlar\u0131 Bak\u0131mevi\u2019ni ziyaret ederek unutulmaz bir deneyim ya\u015fad\u0131.<br \/>\nSuya ula\u015fman\u0131n hikayesi\u00a0<br \/>\nGezinin ilk dura\u011f\u0131, T\u00fcrkiye\u2019nin en modern i\u00e7me suyu tesislerinden biri olan H\u0131z\u0131rilyas \u0130\u00e7mesuyu Ar\u0131tma Tesisi oldu. \u00d6\u011frencilere \u015fehrin i\u00e7me suyunun nas\u0131l ar\u0131t\u0131ld\u0131\u011f\u0131 ve temiz suya nas\u0131l ula\u015f\u0131ld\u0131\u011f\u0131 anlat\u0131ld\u0131.<br \/>\nSu kaynaklar\u0131n\u0131n korunmas\u0131 ve su tasarrufunun \u00f6nemi vurgulan\u0131rken, \u00f6\u011frencilerin merak etti\u011fi sorular da yan\u0131tland\u0131.<br \/>\n\u2018Bu \u015eehir Hepimizin\u2019 fark\u0131ndal\u0131\u011f\u0131<br \/>\nBir sonraki durak Ye\u015filay Gen\u00e7lik Merkezi oldu. Burada \u00f6\u011frencilere teknolojinin hayat\u0131m\u0131zdaki yeri anlat\u0131larak, yararlar\u0131 ve zararlar\u0131 konusunda fark\u0131ndal\u0131k olu\u015fturuldu. Teknoloji ba\u011f\u0131ml\u0131l\u0131\u011f\u0131n\u0131n olumsuz etkileri vurguland\u0131ktan sonra e\u011flenceli oyunlarla \u00e7ocuklara keyifli anlar ya\u015fat\u0131ld\u0131.<br \/>\n\u00a0B\u00fcy\u00fck\u015fehir Belediyesi\u2019nin yeni sosyal sorumluluk projesi \u201cBu \u015eehir Hepimizin\u201d ad\u0131m\u0131n\u0131n \u015fehir i\u00e7in b\u00fct\u00fcnle\u015ftirici g\u00fcc\u00fcn\u00fc \u00f6\u011frenen \u00f6\u011frenciler, projeye dair izlenecek s\u00fcreci dinledi.<br \/>\nAdrenalin dolu anlar<br \/>\nGezinin en heyecan verici duraklar\u0131ndan biri ise Ya\u015fayarak \u00d6\u011frenme Macera Park\u0131 oldu. \u00d6\u011frenciler burada fiziksel ve zihinsel becerilerini geli\u015ftiren, heyecan\u0131n ve e\u011flencenin doruklara ta\u015f\u0131nd\u0131\u011f\u0131 parkurda yar\u0131\u015ft\u0131.<br \/>\nCan dostlar\u0131m\u0131za ziyaret<br \/>\nB\u00fcy\u00fck\u015fehir Belediyesi Sokak Hayvanlar\u0131 Bak\u0131mevi ve Rehabilitasyon Merkezini de ziyaret eden minikler can dostlar\u0131n tedavi s\u00fcre\u00e7lerini ve ya\u015fam\u0131n\u0131 yerinde inceledi. Hayvan sevgisi bilinci g\u00fc\u00e7lenen \u00e7ocuklar, sahiplenmeyle ilgili hassasiyet kazand\u0131.\u00a0<\/p>\n<p>\u200bHaberin Al\u0131nt\u0131land\u0131\u011f\u0131 Kaynak: www.iskenderun.org<\/p>","protected":false},"excerpt":{"rendered":"<p>Sakarya B\u00fcy\u00fck\u015fehir Belediyesi\u2019nin e\u011flenirken \u00f6\u011freten macera dolu gezi program\u0131 kapsam\u0131nda S\u00f6\u011f\u00fctl\u00fc 15 Temmuz Ortaokulu \u00f6\u011frencileri, SASK\u0130\u2019nin i\u00e7me suyu tesisinde suyun yolculu\u011funatan\u0131kl\u0131k etti, sokak hayvanlar\u0131yla vakit ge\u00e7irdi ve Macera Park\u2019ta adrenalin dolu bir yolculu\u011fa \u00e7\u0131kt\u0131. \u00d6\u011frenciler, \u2018Bu \u015eehir Hepimizin\u2019 fark\u0131ndal\u0131k hareketine de kat\u0131larak, bilgilendirmeleri ilgiyle takip etti.SAKARYA (\u0130GFA) &#8211;\u00a0Sakarya B\u00fcy\u00fck\u015fehir Belediyesi, \u00f6\u011frencilere y\u00f6nelik d\u00fczenledi\u011fi gezilerle hem e\u011fitici hem de e\u011flenceli deneyimler sunmaya devam ediyor. \u00a0Unutulmaz deneyim Bu kapsamda S\u00f6\u011f\u00fctl\u00fc 15 Temmuz Ortaokulu\u2019ndan 51 \u00f6\u011frenci, H\u0131z\u0131rilyas \u0130\u00e7mesuyu Ar\u0131tma Tesisi, Ye\u015filay Gen\u00e7lik Merkezi, Ya\u015fayarak \u00d6\u011frenme Macera Park\u0131 ve Sokak Hayvanlar\u0131 Bak\u0131mevi\u2019ni ziyaret ederek unutulmaz bir deneyim ya\u015fad\u0131. Suya ula\u015fman\u0131n hikayesi\u00a0 Gezinin ilk dura\u011f\u0131, T\u00fcrkiye\u2019nin en modern i\u00e7me suyu tesislerinden biri olan H\u0131z\u0131rilyas \u0130\u00e7mesuyu Ar\u0131tma Tesisi oldu. \u00d6\u011frencilere \u015fehrin i\u00e7me suyunun nas\u0131l ar\u0131t\u0131ld\u0131\u011f\u0131 ve temiz suya nas\u0131l ula\u015f\u0131ld\u0131\u011f\u0131 anlat\u0131ld\u0131. Su kaynaklar\u0131n\u0131n korunmas\u0131 ve su tasarrufunun \u00f6nemi vurgulan\u0131rken, \u00f6\u011frencilerin merak etti\u011fi sorular da yan\u0131tland\u0131. \u2018Bu \u015eehir Hepimizin\u2019 fark\u0131ndal\u0131\u011f\u0131 Bir sonraki durak Ye\u015filay Gen\u00e7lik Merkezi oldu. Burada \u00f6\u011frencilere teknolojinin hayat\u0131m\u0131zdaki yeri anlat\u0131larak, yararlar\u0131 ve zararlar\u0131 konusunda fark\u0131ndal\u0131k olu\u015fturuldu. Teknoloji ba\u011f\u0131ml\u0131l\u0131\u011f\u0131n\u0131n olumsuz etkileri vurguland\u0131ktan sonra e\u011flenceli oyunlarla \u00e7ocuklara keyifli anlar ya\u015fat\u0131ld\u0131. \u00a0B\u00fcy\u00fck\u015fehir Belediyesi\u2019nin yeni sosyal sorumluluk projesi \u201cBu \u015eehir Hepimizin\u201d ad\u0131m\u0131n\u0131n \u015fehir i\u00e7in b\u00fct\u00fcnle\u015ftirici g\u00fcc\u00fcn\u00fc \u00f6\u011frenen \u00f6\u011frenciler, projeye dair izlenecek s\u00fcreci dinledi. Adrenalin dolu anlar Gezinin en &hellip;<\/p>","protected":false},"author":1,"featured_media":0,"comment_status":"open","ping_status":"open","sticky":false,"template":"","format":"standard","meta":{"_acf_changed":false,"footnotes":""},"categories":[24],"tags":[],"class_list":["post-34188","post","type-post","status-publish","format-standard","has-post-thumbnail","hentry","category-gundem"],"acf":[],"yoast_head":"<!-- This site is optimized with the Yoast SEO Premium plugin v26.6 (Yoast SEO v27.1.1) - https:\/\/yoast.com\/product\/yoast-seo-premium-wordpress\/ -->\n<title>Sakaryal\u0131 minikler B\u00fcy\u00fck\u015fehir\u2019in gezisinde bulu\u015ftu - Av. Deniz Can K\u0131z\u0131l<\/title>\n<meta name=\"robots\" content=\"index, follow, max-snippet:-1, max-image-preview:large, max-video-preview:-1\" \/>\n<link rel=\"canonical\" href=\"https:\/\/denizcankizil.tr\/ru\/haberler\/gundem\/sakaryali-minikler-buyuksehirin-gezisinde-bulustu\/\" \/>\n<meta property=\"og:locale\" content=\"ru_RU\" \/>\n<meta property=\"og:type\" content=\"article\" \/>\n<meta property=\"og:title\" content=\"Sakaryal\u0131 minikler B\u00fcy\u00fck\u015fehir\u2019in gezisinde bulu\u015ftu\" \/>\n<meta property=\"og:description\" content=\"Sakarya B\u00fcy\u00fck\u015fehir Belediyesi\u2019nin e\u011flenirken \u00f6\u011freten macera dolu gezi program\u0131 kapsam\u0131nda S\u00f6\u011f\u00fctl\u00fc 15 Temmuz Ortaokulu \u00f6\u011frencileri, SASK\u0130\u2019nin i\u00e7me suyu tesisinde suyun yolculu\u011funatan\u0131kl\u0131k etti, sokak hayvanlar\u0131yla vakit ge\u00e7irdi ve Macera Park\u2019ta adrenalin dolu bir yolculu\u011fa \u00e7\u0131kt\u0131. \u00d6\u011frenciler, \u2018Bu \u015eehir Hepimizin\u2019 fark\u0131ndal\u0131k hareketine de kat\u0131larak, bilgilendirmeleri ilgiyle takip etti.SAKARYA (\u0130GFA) &#8211;\u00a0Sakarya B\u00fcy\u00fck\u015fehir Belediyesi, \u00f6\u011frencilere y\u00f6nelik d\u00fczenledi\u011fi gezilerle hem e\u011fitici hem de e\u011flenceli deneyimler sunmaya devam ediyor. \u00a0Unutulmaz deneyim Bu kapsamda S\u00f6\u011f\u00fctl\u00fc 15 Temmuz Ortaokulu\u2019ndan 51 \u00f6\u011frenci, H\u0131z\u0131rilyas \u0130\u00e7mesuyu Ar\u0131tma Tesisi, Ye\u015filay Gen\u00e7lik Merkezi, Ya\u015fayarak \u00d6\u011frenme Macera Park\u0131 ve Sokak Hayvanlar\u0131 Bak\u0131mevi\u2019ni ziyaret ederek unutulmaz bir deneyim ya\u015fad\u0131. Suya ula\u015fman\u0131n hikayesi\u00a0 Gezinin ilk dura\u011f\u0131, T\u00fcrkiye\u2019nin en modern i\u00e7me suyu tesislerinden biri olan H\u0131z\u0131rilyas \u0130\u00e7mesuyu Ar\u0131tma Tesisi oldu. \u00d6\u011frencilere \u015fehrin i\u00e7me suyunun nas\u0131l ar\u0131t\u0131ld\u0131\u011f\u0131 ve temiz suya nas\u0131l ula\u015f\u0131ld\u0131\u011f\u0131 anlat\u0131ld\u0131. Su kaynaklar\u0131n\u0131n korunmas\u0131 ve su tasarrufunun \u00f6nemi vurgulan\u0131rken, \u00f6\u011frencilerin merak etti\u011fi sorular da yan\u0131tland\u0131. \u2018Bu \u015eehir Hepimizin\u2019 fark\u0131ndal\u0131\u011f\u0131 Bir sonraki durak Ye\u015filay Gen\u00e7lik Merkezi oldu. Burada \u00f6\u011frencilere teknolojinin hayat\u0131m\u0131zdaki yeri anlat\u0131larak, yararlar\u0131 ve zararlar\u0131 konusunda fark\u0131ndal\u0131k olu\u015fturuldu. Teknoloji ba\u011f\u0131ml\u0131l\u0131\u011f\u0131n\u0131n olumsuz etkileri vurguland\u0131ktan sonra e\u011flenceli oyunlarla \u00e7ocuklara keyifli anlar ya\u015fat\u0131ld\u0131. \u00a0B\u00fcy\u00fck\u015fehir Belediyesi\u2019nin yeni sosyal sorumluluk projesi \u201cBu \u015eehir Hepimizin\u201d ad\u0131m\u0131n\u0131n \u015fehir i\u00e7in b\u00fct\u00fcnle\u015ftirici g\u00fcc\u00fcn\u00fc \u00f6\u011frenen \u00f6\u011frenciler, projeye dair izlenecek s\u00fcreci dinledi. Adrenalin dolu anlar Gezinin en &hellip;\" \/>\n<meta property=\"og:url\" content=\"https:\/\/denizcankizil.tr\/ru\/haberler\/gundem\/sakaryali-minikler-buyuksehirin-gezisinde-bulustu\/\" \/>\n<meta property=\"og:site_name\" content=\"Av. Deniz Can K\u0131z\u0131l\" \/>\n<meta property=\"article:published_time\" content=\"2025-02-26T12:42:42+00:00\" \/>\n<meta name=\"author\" content=\"admin\" \/>\n<meta name=\"twitter:card\" content=\"summary_large_image\" \/>\n<meta name=\"twitter:label1\" content=\"\u041d\u0430\u043f\u0438\u0441\u0430\u043d\u043e \u0430\u0432\u0442\u043e\u0440\u043e\u043c\" \/>\n\t<meta name=\"twitter:data1\" content=\"admin\" \/>\n\t<meta name=\"twitter:label2\" content=\"\u041f\u0440\u0438\u043c\u0435\u0440\u043d\u043e\u0435 \u0432\u0440\u0435\u043c\u044f \u0434\u043b\u044f \u0447\u0442\u0435\u043d\u0438\u044f\" \/>\n\t<meta name=\"twitter:data2\" content=\"4 \u043c\u0438\u043d\u0443\u0442\u044b\" \/>\n<script type=\"application\/ld+json\" class=\"yoast-schema-graph\">{\"@context\":\"https:\/\/schema.org\",\"@graph\":[{\"@type\":\"Article\",\"@id\":\"https:\/\/denizcankizil.tr\/ru\/haberler\/gundem\/sakaryali-minikler-buyuksehirin-gezisinde-bulustu\/#article\",\"isPartOf\":{\"@id\":\"https:\/\/denizcankizil.tr\/ru\/haberler\/gundem\/sakaryali-minikler-buyuksehirin-gezisinde-bulustu\/\"},\"author\":{\"name\":\"admin\",\"@id\":\"https:\/\/denizcankizil.tr\/de\/#\/schema\/person\/be3c05fe6a12686905512445d8185489\"},\"headline\":\"Sakaryal\u0131 minikler B\u00fcy\u00fck\u015fehir\u2019in gezisinde bulu\u015ftu\",\"datePublished\":\"2025-02-26T12:42:42+00:00\",\"mainEntityOfPage\":{\"@id\":\"https:\/\/denizcankizil.tr\/ru\/haberler\/gundem\/sakaryali-minikler-buyuksehirin-gezisinde-bulustu\/\"},\"wordCount\":744,\"commentCount\":0,\"publisher\":{\"@id\":\"https:\/\/denizcankizil.tr\/de\/#organization\"},\"articleSection\":[\"G\u00fcndem\"],\"inLanguage\":\"ru-RU\",\"potentialAction\":[{\"@type\":\"CommentAction\",\"name\":\"Comment\",\"target\":[\"https:\/\/denizcankizil.tr\/ru\/haberler\/gundem\/sakaryali-minikler-buyuksehirin-gezisinde-bulustu\/#respond\"]}]},{\"@type\":\"WebPage\",\"@id\":\"https:\/\/denizcankizil.tr\/ru\/haberler\/gundem\/sakaryali-minikler-buyuksehirin-gezisinde-bulustu\/\",\"url\":\"https:\/\/denizcankizil.tr\/ru\/haberler\/gundem\/sakaryali-minikler-buyuksehirin-gezisinde-bulustu\/\",\"name\":\"Sakaryal\u0131 minikler B\u00fcy\u00fck\u015fehir\u2019in gezisinde bulu\u015ftu - Av. Deniz Can K\u0131z\u0131l\",\"isPartOf\":{\"@id\":\"https:\/\/denizcankizil.tr\/de\/#website\"},\"datePublished\":\"2025-02-26T12:42:42+00:00\",\"breadcrumb\":{\"@id\":\"https:\/\/denizcankizil.tr\/ru\/haberler\/gundem\/sakaryali-minikler-buyuksehirin-gezisinde-bulustu\/#breadcrumb\"},\"inLanguage\":\"ru-RU\",\"potentialAction\":[{\"@type\":\"ReadAction\",\"target\":[\"https:\/\/denizcankizil.tr\/ru\/haberler\/gundem\/sakaryali-minikler-buyuksehirin-gezisinde-bulustu\/\"]}]},{\"@type\":\"BreadcrumbList\",\"@id\":\"https:\/\/denizcankizil.tr\/ru\/haberler\/gundem\/sakaryali-minikler-buyuksehirin-gezisinde-bulustu\/#breadcrumb\",\"itemListElement\":[{\"@type\":\"ListItem\",\"position\":1,\"name\":\"Home\",\"item\":\"https:\/\/denizcankizil.tr\/de\/\"},{\"@type\":\"ListItem\",\"position\":2,\"name\":\"Sakaryal\u0131 minikler B\u00fcy\u00fck\u015fehir\u2019in gezisinde bulu\u015ftu\"}]},{\"@type\":\"WebSite\",\"@id\":\"https:\/\/denizcankizil.tr\/de\/#website\",\"url\":\"https:\/\/denizcankizil.tr\/de\/\",\"name\":\"Av. Deniz Can K\u0131z\u0131l\",\"description\":\"Avukat Deniz Can K\u0131z\u0131l Antalya Barosu\",\"publisher\":{\"@id\":\"https:\/\/denizcankizil.tr\/de\/#organization\"},\"potentialAction\":[{\"@type\":\"SearchAction\",\"target\":{\"@type\":\"EntryPoint\",\"urlTemplate\":\"https:\/\/denizcankizil.tr\/de\/?s={search_term_string}\"},\"query-input\":{\"@type\":\"PropertyValueSpecification\",\"valueRequired\":true,\"valueName\":\"search_term_string\"}}],\"inLanguage\":\"ru-RU\"},{\"@type\":\"Organization\",\"@id\":\"https:\/\/denizcankizil.tr\/de\/#organization\",\"name\":\"Av. Deniz Can K\u0131z\u0131l\",\"url\":\"https:\/\/denizcankizil.tr\/de\/\",\"logo\":{\"@type\":\"ImageObject\",\"inLanguage\":\"ru-RU\",\"@id\":\"https:\/\/denizcankizil.tr\/de\/#\/schema\/logo\/image\/\",\"url\":\"https:\/\/denizcankizil.tr\/wp-content\/uploads\/2024\/10\/siyah-logo-svg.svg\",\"contentUrl\":\"https:\/\/denizcankizil.tr\/wp-content\/uploads\/2024\/10\/siyah-logo-svg.svg\",\"width\":1080,\"height\":1080,\"caption\":\"Av. Deniz Can K\u0131z\u0131l\"},\"image\":{\"@id\":\"https:\/\/denizcankizil.tr\/de\/#\/schema\/logo\/image\/\"}},{\"@type\":\"Person\",\"@id\":\"https:\/\/denizcankizil.tr\/de\/#\/schema\/person\/be3c05fe6a12686905512445d8185489\",\"name\":\"admin\",\"image\":{\"@type\":\"ImageObject\",\"inLanguage\":\"ru-RU\",\"@id\":\"https:\/\/denizcankizil.tr\/de\/#\/schema\/person\/image\/\",\"url\":\"https:\/\/secure.gravatar.com\/avatar\/c1fce94c830dc79107e174f890d7210541c4a63e8e5d816341794a2151c9d58c?s=96&d=mm&r=g\",\"contentUrl\":\"https:\/\/secure.gravatar.com\/avatar\/c1fce94c830dc79107e174f890d7210541c4a63e8e5d816341794a2151c9d58c?s=96&d=mm&r=g\",\"caption\":\"admin\"},\"sameAs\":[\"http:\/\/denizcankizil.tr\"],\"url\":\"https:\/\/www.iskenderun.org\/sakaryali-minikler-buyuksehirin-gezisinde-bulustu\"}]}<\/script>\n<!-- \/ Yoast SEO Premium plugin. -->","yoast_head_json":{"title":"Sakaryal\u0131 minikler B\u00fcy\u00fck\u015fehir\u2019in gezisinde bulu\u015ftu - Av. Deniz Can K\u0131z\u0131l","robots":{"index":"index","follow":"follow","max-snippet":"max-snippet:-1","max-image-preview":"max-image-preview:large","max-video-preview":"max-video-preview:-1"},"canonical":"https:\/\/denizcankizil.tr\/ru\/haberler\/gundem\/sakaryali-minikler-buyuksehirin-gezisinde-bulustu\/","og_locale":"ru_RU","og_type":"article","og_title":"Sakaryal\u0131 minikler B\u00fcy\u00fck\u015fehir\u2019in gezisinde bulu\u015ftu","og_description":"Sakarya B\u00fcy\u00fck\u015fehir Belediyesi\u2019nin e\u011flenirken \u00f6\u011freten macera dolu gezi program\u0131 kapsam\u0131nda S\u00f6\u011f\u00fctl\u00fc 15 Temmuz Ortaokulu \u00f6\u011frencileri, SASK\u0130\u2019nin i\u00e7me suyu tesisinde suyun yolculu\u011funatan\u0131kl\u0131k etti, sokak hayvanlar\u0131yla vakit ge\u00e7irdi ve Macera Park\u2019ta adrenalin dolu bir yolculu\u011fa \u00e7\u0131kt\u0131. \u00d6\u011frenciler, \u2018Bu \u015eehir Hepimizin\u2019 fark\u0131ndal\u0131k hareketine de kat\u0131larak, bilgilendirmeleri ilgiyle takip etti.SAKARYA (\u0130GFA) &#8211;\u00a0Sakarya B\u00fcy\u00fck\u015fehir Belediyesi, \u00f6\u011frencilere y\u00f6nelik d\u00fczenledi\u011fi gezilerle hem e\u011fitici hem de e\u011flenceli deneyimler sunmaya devam ediyor. \u00a0Unutulmaz deneyim Bu kapsamda S\u00f6\u011f\u00fctl\u00fc 15 Temmuz Ortaokulu\u2019ndan 51 \u00f6\u011frenci, H\u0131z\u0131rilyas \u0130\u00e7mesuyu Ar\u0131tma Tesisi, Ye\u015filay Gen\u00e7lik Merkezi, Ya\u015fayarak \u00d6\u011frenme Macera Park\u0131 ve Sokak Hayvanlar\u0131 Bak\u0131mevi\u2019ni ziyaret ederek unutulmaz bir deneyim ya\u015fad\u0131. Suya ula\u015fman\u0131n hikayesi\u00a0 Gezinin ilk dura\u011f\u0131, T\u00fcrkiye\u2019nin en modern i\u00e7me suyu tesislerinden biri olan H\u0131z\u0131rilyas \u0130\u00e7mesuyu Ar\u0131tma Tesisi oldu. \u00d6\u011frencilere \u015fehrin i\u00e7me suyunun nas\u0131l ar\u0131t\u0131ld\u0131\u011f\u0131 ve temiz suya nas\u0131l ula\u015f\u0131ld\u0131\u011f\u0131 anlat\u0131ld\u0131. Su kaynaklar\u0131n\u0131n korunmas\u0131 ve su tasarrufunun \u00f6nemi vurgulan\u0131rken, \u00f6\u011frencilerin merak etti\u011fi sorular da yan\u0131tland\u0131. \u2018Bu \u015eehir Hepimizin\u2019 fark\u0131ndal\u0131\u011f\u0131 Bir sonraki durak Ye\u015filay Gen\u00e7lik Merkezi oldu. Burada \u00f6\u011frencilere teknolojinin hayat\u0131m\u0131zdaki yeri anlat\u0131larak, yararlar\u0131 ve zararlar\u0131 konusunda fark\u0131ndal\u0131k olu\u015fturuldu. Teknoloji ba\u011f\u0131ml\u0131l\u0131\u011f\u0131n\u0131n olumsuz etkileri vurguland\u0131ktan sonra e\u011flenceli oyunlarla \u00e7ocuklara keyifli anlar ya\u015fat\u0131ld\u0131. \u00a0B\u00fcy\u00fck\u015fehir Belediyesi\u2019nin yeni sosyal sorumluluk projesi \u201cBu \u015eehir Hepimizin\u201d ad\u0131m\u0131n\u0131n \u015fehir i\u00e7in b\u00fct\u00fcnle\u015ftirici g\u00fcc\u00fcn\u00fc \u00f6\u011frenen \u00f6\u011frenciler, projeye dair izlenecek s\u00fcreci dinledi. Adrenalin dolu anlar Gezinin en &hellip;","og_url":"https:\/\/denizcankizil.tr\/ru\/haberler\/gundem\/sakaryali-minikler-buyuksehirin-gezisinde-bulustu\/","og_site_name":"Av. Deniz Can K\u0131z\u0131l","article_published_time":"2025-02-26T12:42:42+00:00","author":"admin","twitter_card":"summary_large_image","twitter_misc":{"\u041d\u0430\u043f\u0438\u0441\u0430\u043d\u043e \u0430\u0432\u0442\u043e\u0440\u043e\u043c":"admin","\u041f\u0440\u0438\u043c\u0435\u0440\u043d\u043e\u0435 \u0432\u0440\u0435\u043c\u044f \u0434\u043b\u044f \u0447\u0442\u0435\u043d\u0438\u044f":"4 \u043c\u0438\u043d\u0443\u0442\u044b"},"schema":{"@context":"https:\/\/schema.org","@graph":[{"@type":"Article","@id":"https:\/\/denizcankizil.tr\/ru\/haberler\/gundem\/sakaryali-minikler-buyuksehirin-gezisinde-bulustu\/#article","isPartOf":{"@id":"https:\/\/denizcankizil.tr\/ru\/haberler\/gundem\/sakaryali-minikler-buyuksehirin-gezisinde-bulustu\/"},"author":{"name":"admin","@id":"https:\/\/denizcankizil.tr\/de\/#\/schema\/person\/be3c05fe6a12686905512445d8185489"},"headline":"Sakaryal\u0131 minikler B\u00fcy\u00fck\u015fehir\u2019in gezisinde bulu\u015ftu","datePublished":"2025-02-26T12:42:42+00:00","mainEntityOfPage":{"@id":"https:\/\/denizcankizil.tr\/ru\/haberler\/gundem\/sakaryali-minikler-buyuksehirin-gezisinde-bulustu\/"},"wordCount":744,"commentCount":0,"publisher":{"@id":"https:\/\/denizcankizil.tr\/de\/#organization"},"articleSection":["G\u00fcndem"],"inLanguage":"ru-RU","potentialAction":[{"@type":"CommentAction","name":"Comment","target":["https:\/\/denizcankizil.tr\/ru\/haberler\/gundem\/sakaryali-minikler-buyuksehirin-gezisinde-bulustu\/#respond"]}]},{"@type":"WebPage","@id":"https:\/\/denizcankizil.tr\/ru\/haberler\/gundem\/sakaryali-minikler-buyuksehirin-gezisinde-bulustu\/","url":"https:\/\/denizcankizil.tr\/ru\/haberler\/gundem\/sakaryali-minikler-buyuksehirin-gezisinde-bulustu\/","name":"Sakaryal\u0131 minikler B\u00fcy\u00fck\u015fehir\u2019in gezisinde bulu\u015ftu - Av. Deniz Can K\u0131z\u0131l","isPartOf":{"@id":"https:\/\/denizcankizil.tr\/de\/#website"},"datePublished":"2025-02-26T12:42:42+00:00","breadcrumb":{"@id":"https:\/\/denizcankizil.tr\/ru\/haberler\/gundem\/sakaryali-minikler-buyuksehirin-gezisinde-bulustu\/#breadcrumb"},"inLanguage":"ru-RU","potentialAction":[{"@type":"ReadAction","target":["https:\/\/denizcankizil.tr\/ru\/haberler\/gundem\/sakaryali-minikler-buyuksehirin-gezisinde-bulustu\/"]}]},{"@type":"BreadcrumbList","@id":"https:\/\/denizcankizil.tr\/ru\/haberler\/gundem\/sakaryali-minikler-buyuksehirin-gezisinde-bulustu\/#breadcrumb","itemListElement":[{"@type":"ListItem","position":1,"name":"Home","item":"https:\/\/denizcankizil.tr\/de\/"},{"@type":"ListItem","position":2,"name":"Sakaryal\u0131 minikler B\u00fcy\u00fck\u015fehir\u2019in gezisinde bulu\u015ftu"}]},{"@type":"WebSite","@id":"https:\/\/denizcankizil.tr\/de\/#website","url":"https:\/\/denizcankizil.tr\/de\/","name":"Av. Deniz Can K\u0131z\u0131l","description":"Avukat Deniz Can K\u0131z\u0131l Antalya Barosu","publisher":{"@id":"https:\/\/denizcankizil.tr\/de\/#organization"},"potentialAction":[{"@type":"SearchAction","target":{"@type":"EntryPoint","urlTemplate":"https:\/\/denizcankizil.tr\/de\/?s={search_term_string}"},"query-input":{"@type":"PropertyValueSpecification","valueRequired":true,"valueName":"search_term_string"}}],"inLanguage":"ru-RU"},{"@type":"Organization","@id":"https:\/\/denizcankizil.tr\/de\/#organization","name":"Av. Deniz Can K\u0131z\u0131l","url":"https:\/\/denizcankizil.tr\/de\/","logo":{"@type":"ImageObject","inLanguage":"ru-RU","@id":"https:\/\/denizcankizil.tr\/de\/#\/schema\/logo\/image\/","url":"https:\/\/denizcankizil.tr\/wp-content\/uploads\/2024\/10\/siyah-logo-svg.svg","contentUrl":"https:\/\/denizcankizil.tr\/wp-content\/uploads\/2024\/10\/siyah-logo-svg.svg","width":1080,"height":1080,"caption":"Av. Deniz Can K\u0131z\u0131l"},"image":{"@id":"https:\/\/denizcankizil.tr\/de\/#\/schema\/logo\/image\/"}},{"@type":"Person","@id":"https:\/\/denizcankizil.tr\/de\/#\/schema\/person\/be3c05fe6a12686905512445d8185489","name":"\u0430\u0434\u043c\u0438\u043d","image":{"@type":"ImageObject","inLanguage":"ru-RU","@id":"https:\/\/denizcankizil.tr\/de\/#\/schema\/person\/image\/","url":"https:\/\/secure.gravatar.com\/avatar\/c1fce94c830dc79107e174f890d7210541c4a63e8e5d816341794a2151c9d58c?s=96&d=mm&r=g","contentUrl":"https:\/\/secure.gravatar.com\/avatar\/c1fce94c830dc79107e174f890d7210541c4a63e8e5d816341794a2151c9d58c?s=96&d=mm&r=g","caption":"admin"},"sameAs":["http:\/\/denizcankizil.tr"],"url":"https:\/\/www.iskenderun.org\/sakaryali-minikler-buyuksehirin-gezisinde-bulustu"}]}},"_links":{"self":[{"href":"https:\/\/denizcankizil.tr\/ru\/wp-json\/wp\/v2\/posts\/34188","targetHints":{"allow":["GET"]}}],"collection":[{"href":"https:\/\/denizcankizil.tr\/ru\/wp-json\/wp\/v2\/posts"}],"about":[{"href":"https:\/\/denizcankizil.tr\/ru\/wp-json\/wp\/v2\/types\/post"}],"author":[{"embeddable":true,"href":"https:\/\/denizcankizil.tr\/ru\/wp-json\/wp\/v2\/users\/1"}],"replies":[{"embeddable":true,"href":"https:\/\/denizcankizil.tr\/ru\/wp-json\/wp\/v2\/comments?post=34188"}],"version-history":[{"count":0,"href":"https:\/\/denizcankizil.tr\/ru\/wp-json\/wp\/v2\/posts\/34188\/revisions"}],"wp:attachment":[{"href":"https:\/\/denizcankizil.tr\/ru\/wp-json\/wp\/v2\/media?parent=34188"}],"wp:term":[{"taxonomy":"category","embeddable":true,"href":"https:\/\/denizcankizil.tr\/ru\/wp-json\/wp\/v2\/categories?post=34188"},{"taxonomy":"post_tag","embeddable":true,"href":"https:\/\/denizcankizil.tr\/ru\/wp-json\/wp\/v2\/tags?post=34188"}],"curies":[{"name":"wp","href":"https:\/\/api.w.org\/{rel}","templated":true}]}}