{"id":34182,"date":"2025-02-26T15:42:38","date_gmt":"2025-02-26T12:42:38","guid":{"rendered":"https:\/\/denizcankizil.tr\/uncategorized-tr\/istanbulda-sanat-bulusmalari-devam-ediyor\/"},"modified":"2025-02-26T15:42:38","modified_gmt":"2025-02-26T12:42:38","slug":"istanbulda-sanat-bulusmalari-devam-ediyor","status":"publish","type":"post","link":"https:\/\/denizcankizil.tr\/ru\/haberler\/gundem\/istanbulda-sanat-bulusmalari-devam-ediyor\/","title":{"rendered":"\u0130stanbul&#8217;da sanat bulu\u015fmalar\u0131 devam ediyor"},"content":{"rendered":"<p>\u0130stanbul Beylikd\u00fcz\u00fc Belediyesi taraf\u0131ndan d\u00fczenlenen Beylikd\u00fcz\u00fc Sanat Bulu\u015fmalar\u0131 Sat\u0131r Aras\u0131 Sohbetleri\u2019nin ikinci konu\u011fu foto\u011fraf\u00e7\u0131 ve seyyah \u00d6zcan Yurdalan oldu. Beylikd\u00fcz\u00fc Atat\u00fcrk K\u00fclt\u00fcr ve Sanat Merkezi\u2019nde ger\u00e7ekle\u015fen s\u00f6yle\u015fide foto\u011fraf\u00e7\u0131l\u0131\u011f\u0131n optik bilimi ve resim sanat\u0131n\u0131n i\u00e7inde geli\u015fen tarihini anlatan Yurdalan, tarihte iz b\u0131rakm\u0131\u015f kad\u0131n foto\u011fraf\u00e7\u0131lar\u0131n hik\u00e2yelerine de de\u011findi.<br \/>\n\u0130STANBUL (\u0130GFA) &#8211; \u0130stanbul\u00a0Beylikd\u00fcz\u00fc Belediyesi\u2019nin sanat\u0131n her alan\u0131ndan isimleri sanatseverlerle bulu\u015fturdu\u011fu \u201cSanat Bulu\u015fmalar\u0131\u201d devam ediyor. \u0130lk olarak oyuncu ve yazar Ercan Kesal\u2019\u0131 a\u011f\u0131rlayan Beylikd\u00fcz\u00fc Atat\u00fcrk K\u00fclt\u00fcr ve Sanat Merkezi\u2019nin (BAKSM) bu haftaki konu\u011fu foto\u011fraf sanat\u00e7\u0131s\u0131 \u00d6zcan Yurdalan oldu. Bir gezgin ve yazar olarak da tan\u0131nan Yurdalan, &#8220;Foto\u011fraf\u0131n Gizli B\u0131rak\u0131lm\u0131\u015f Tarihi&#8221; ba\u015fl\u0131kl\u0131 s\u00f6yle\u015fisinde dinleyicileri M\u00d6. 500\u2019lerden bug\u00fcne, MoZi\u2019den\u0130bn-i Heysem\u2019e, Da Vinci\u2019den dijital foto\u011fraf makinelerinin mucidi Steve Sassol\u2019a uzanan bir yolculu\u011fa \u00e7\u0131kard\u0131. Sanat\u00e7\u0131, konu\u015fmas\u0131n\u0131n bir b\u00f6l\u00fcm\u00fcn\u00fc de T\u00fcrkiye ve d\u00fcnyadaki tan\u0131nm\u0131\u015f kad\u0131n foto\u011fraf\u00e7\u0131lar\u0131n \u00f6nemine ay\u0131rd\u0131. Foto\u011fraf\u00e7\u0131l\u0131\u011f\u0131n toplumsal tarihine odaklanmak gerekti\u011fini belirten Yurdalan, s\u00f6yle\u015fisinde foto\u011fraf\u0131n bir sanat olman\u0131n \u00f6tesine ge\u00e7ip, belgeleme arac\u0131 olmas\u0131n\u0131n \u00fczerinde durdu.<br \/>\n\u201cT\u00fcrkiye s\u00f6zl\u00fc bir k\u00fclt\u00fcre sahip, foto\u011frafa hak etti\u011fi de\u011fer verilmiyor\u201d<br \/>\n\u201cFoto\u011fraf\u0131n tarihini sadece Bat\u0131\u2019daki geli\u015fmelerden ba\u015flatarak anlatmak do\u011fru de\u011fil\u201d diyen \u00d6zcan Yurdalan;Buda, Konf\u00fc\u00e7yus ve Sokrates\u2019ten ba\u015flayarak anlatt\u0131\u011f\u0131 foto\u011fraf\u00e7\u0131l\u0131k tarihini Sanayi Devrimi, Amerikan \u0130\u00e7 Sava\u015f\u0131 ve Afrika\u2019n\u0131n s\u00f6m\u00fcrgecilik tarihiyle i\u00e7e i\u00e7e ge\u00e7irip, her biri belge niteli\u011findeki unutulmaz foto\u011fraflar\u0131 bir slayt g\u00f6sterisi e\u015fli\u011findeBAKSM\u2019yi dolduran dinleyicilereaktard\u0131. D\u00fcnyadan;ConstanceTalbot, Julia MargeretCameron, HarrietChalmers Adams, Marie El Khazen, Kerime Abbud, GerdaTaro, Kati Horna; T\u00fcrkiye\u2019den ise Naciye Sultan ve Muzaffer Han\u0131m gibi \u00e7ektikleri foto\u011fraflarla iz b\u0131rakm\u0131\u015f kad\u0131n sanat\u00e7\u0131lar\u0131n \u00f6nemini vurgulayan Yurdalan, bu isimler aras\u0131nda \u0130stanbullu Ermeni sanat\u00e7\u0131 Maryam \u015eahinyan\u2019\u0131nalt\u0131n\u0131 \u00e7izdi. T\u00fcrkiye\u2019nin s\u00f6zl\u00fc bir k\u00fclt\u00fcre sahip oldu\u011funu, dolay\u0131s\u0131yla resme ve foto\u011frafa hak ettikleri de\u011ferin verilmedi\u011fini, Kurtulu\u015f Sava\u015f\u0131\u2019ndan bile birka\u00e7 foto\u011fraf\u0131n g\u00fcn\u00fcm\u00fcze ula\u015fabildi\u011fini a\u00e7\u0131klayan Yurdalan, \u201cFakat Meryem han\u0131m \u00e7ok \u00f6nemli bir isim. Onun 1930\u2019larda \u00e7ekti\u011fi 200 bin foto\u011fraf 2011\u2019de kamuya a\u00e7\u0131ld\u0131. Bu m\u00fcthi\u015f bir rakam ger\u00e7ekten.Ve her ne kadar st\u00fcdyo ortam\u0131nda \u00e7ekilmi\u015f olsalar da d\u00f6nemin giyim ku\u015fam\u0131 ve ruh hali hakk\u0131nda bize \u00e7ok \u00f6nemli bilgiler veriyorlar\u201d dedi.<\/p>\n<p>\u200b\u0130stanbul Beylikd\u00fcz\u00fc Belediyesi taraf\u0131ndan d\u00fczenlenen Beylikd\u00fcz\u00fc Sanat Bulu\u015fmalar\u0131 Sat\u0131r Aras\u0131 Sohbetleri\u2019nin ikinci konu\u011fu foto\u011fraf\u00e7\u0131 ve seyyah \u00d6zcan Yurdalan oldu. Beylikd\u00fcz\u00fc Atat\u00fcrk K\u00fclt\u00fcr ve Sanat Merkezi\u2019nde ger\u00e7ekle\u015fen s\u00f6yle\u015fide foto\u011fraf\u00e7\u0131l\u0131\u011f\u0131n optik bilimi ve resim sanat\u0131n\u0131n i\u00e7inde geli\u015fen tarihini anlatan Yurdalan, tarihte iz b\u0131rakm\u0131\u015f kad\u0131n foto\u011fraf\u00e7\u0131lar\u0131n hik\u00e2yelerine de de\u011findi.<br \/>\n\u0130STANBUL (\u0130GFA) &#8211; \u0130stanbul\u00a0Beylikd\u00fcz\u00fc Belediyesi\u2019nin sanat\u0131n her alan\u0131ndan isimleri sanatseverlerle bulu\u015fturdu\u011fu \u201cSanat Bulu\u015fmalar\u0131\u201d devam ediyor. \u0130lk olarak oyuncu ve yazar Ercan Kesal\u2019\u0131 a\u011f\u0131rlayan Beylikd\u00fcz\u00fc Atat\u00fcrk K\u00fclt\u00fcr ve Sanat Merkezi\u2019nin (BAKSM) bu haftaki konu\u011fu foto\u011fraf sanat\u00e7\u0131s\u0131 \u00d6zcan Yurdalan oldu. Bir gezgin ve yazar olarak da tan\u0131nan Yurdalan, &#8220;Foto\u011fraf\u0131n Gizli B\u0131rak\u0131lm\u0131\u015f Tarihi&#8221; ba\u015fl\u0131kl\u0131 s\u00f6yle\u015fisinde dinleyicileri M\u00d6. 500\u2019lerden bug\u00fcne, MoZi\u2019den\u0130bn-i Heysem\u2019e, Da Vinci\u2019den dijital foto\u011fraf makinelerinin mucidi Steve Sassol\u2019a uzanan bir yolculu\u011fa \u00e7\u0131kard\u0131. Sanat\u00e7\u0131, konu\u015fmas\u0131n\u0131n bir b\u00f6l\u00fcm\u00fcn\u00fc de T\u00fcrkiye ve d\u00fcnyadaki tan\u0131nm\u0131\u015f kad\u0131n foto\u011fraf\u00e7\u0131lar\u0131n \u00f6nemine ay\u0131rd\u0131. Foto\u011fraf\u00e7\u0131l\u0131\u011f\u0131n toplumsal tarihine odaklanmak gerekti\u011fini belirten Yurdalan, s\u00f6yle\u015fisinde foto\u011fraf\u0131n bir sanat olman\u0131n \u00f6tesine ge\u00e7ip, belgeleme arac\u0131 olmas\u0131n\u0131n \u00fczerinde durdu.<br \/>\n\u201cT\u00fcrkiye s\u00f6zl\u00fc bir k\u00fclt\u00fcre sahip, foto\u011frafa hak etti\u011fi de\u011fer verilmiyor\u201d<br \/>\n\u201cFoto\u011fraf\u0131n tarihini sadece Bat\u0131\u2019daki geli\u015fmelerden ba\u015flatarak anlatmak do\u011fru de\u011fil\u201d diyen \u00d6zcan Yurdalan;Buda, Konf\u00fc\u00e7yus ve Sokrates\u2019ten ba\u015flayarak anlatt\u0131\u011f\u0131 foto\u011fraf\u00e7\u0131l\u0131k tarihini Sanayi Devrimi, Amerikan \u0130\u00e7 Sava\u015f\u0131 ve Afrika\u2019n\u0131n s\u00f6m\u00fcrgecilik tarihiyle i\u00e7e i\u00e7e ge\u00e7irip, her biri belge niteli\u011findeki unutulmaz foto\u011fraflar\u0131 bir slayt g\u00f6sterisi e\u015fli\u011findeBAKSM\u2019yi dolduran dinleyicilereaktard\u0131. D\u00fcnyadan;ConstanceTalbot, Julia MargeretCameron, HarrietChalmers Adams, Marie El Khazen, Kerime Abbud, GerdaTaro, Kati Horna; T\u00fcrkiye\u2019den ise Naciye Sultan ve Muzaffer Han\u0131m gibi \u00e7ektikleri foto\u011fraflarla iz b\u0131rakm\u0131\u015f kad\u0131n sanat\u00e7\u0131lar\u0131n \u00f6nemini vurgulayan Yurdalan, bu isimler aras\u0131nda \u0130stanbullu Ermeni sanat\u00e7\u0131 Maryam \u015eahinyan\u2019\u0131nalt\u0131n\u0131 \u00e7izdi. T\u00fcrkiye\u2019nin s\u00f6zl\u00fc bir k\u00fclt\u00fcre sahip oldu\u011funu, dolay\u0131s\u0131yla resme ve foto\u011frafa hak ettikleri de\u011ferin verilmedi\u011fini, Kurtulu\u015f Sava\u015f\u0131\u2019ndan bile birka\u00e7 foto\u011fraf\u0131n g\u00fcn\u00fcm\u00fcze ula\u015fabildi\u011fini a\u00e7\u0131klayan Yurdalan, \u201cFakat Meryem han\u0131m \u00e7ok \u00f6nemli bir isim. Onun 1930\u2019larda \u00e7ekti\u011fi 200 bin foto\u011fraf 2011\u2019de kamuya a\u00e7\u0131ld\u0131. Bu m\u00fcthi\u015f bir rakam ger\u00e7ekten.Ve her ne kadar st\u00fcdyo ortam\u0131nda \u00e7ekilmi\u015f olsalar da d\u00f6nemin giyim ku\u015fam\u0131 ve ruh hali hakk\u0131nda bize \u00e7ok \u00f6nemli bilgiler veriyorlar\u201d dedi.\u00a0<\/p>\n<p>\u200bHaberin Al\u0131nt\u0131land\u0131\u011f\u0131 Kaynak: www.iskenderun.org<\/p>","protected":false},"excerpt":{"rendered":"<p>\u0130stanbul Beylikd\u00fcz\u00fc Belediyesi taraf\u0131ndan d\u00fczenlenen Beylikd\u00fcz\u00fc Sanat Bulu\u015fmalar\u0131 Sat\u0131r Aras\u0131 Sohbetleri\u2019nin ikinci konu\u011fu foto\u011fraf\u00e7\u0131 ve seyyah \u00d6zcan Yurdalan oldu. Beylikd\u00fcz\u00fc Atat\u00fcrk K\u00fclt\u00fcr ve Sanat Merkezi\u2019nde ger\u00e7ekle\u015fen s\u00f6yle\u015fide foto\u011fraf\u00e7\u0131l\u0131\u011f\u0131n optik bilimi ve resim sanat\u0131n\u0131n i\u00e7inde geli\u015fen tarihini anlatan Yurdalan, tarihte iz b\u0131rakm\u0131\u015f kad\u0131n foto\u011fraf\u00e7\u0131lar\u0131n hik\u00e2yelerine de de\u011findi. \u0130STANBUL (\u0130GFA) &#8211; \u0130stanbul\u00a0Beylikd\u00fcz\u00fc Belediyesi\u2019nin sanat\u0131n her alan\u0131ndan isimleri sanatseverlerle bulu\u015fturdu\u011fu \u201cSanat Bulu\u015fmalar\u0131\u201d devam ediyor. \u0130lk olarak oyuncu ve yazar Ercan Kesal\u2019\u0131 a\u011f\u0131rlayan Beylikd\u00fcz\u00fc Atat\u00fcrk K\u00fclt\u00fcr ve Sanat Merkezi\u2019nin (BAKSM) bu haftaki konu\u011fu foto\u011fraf sanat\u00e7\u0131s\u0131 \u00d6zcan Yurdalan oldu. Bir gezgin ve yazar olarak da tan\u0131nan Yurdalan, &#8220;Foto\u011fraf\u0131n Gizli B\u0131rak\u0131lm\u0131\u015f Tarihi&#8221; ba\u015fl\u0131kl\u0131 s\u00f6yle\u015fisinde dinleyicileri M\u00d6. 500\u2019lerden bug\u00fcne, MoZi\u2019den\u0130bn-i Heysem\u2019e, Da Vinci\u2019den dijital foto\u011fraf makinelerinin mucidi Steve Sassol\u2019a uzanan bir yolculu\u011fa \u00e7\u0131kard\u0131. Sanat\u00e7\u0131, konu\u015fmas\u0131n\u0131n bir b\u00f6l\u00fcm\u00fcn\u00fc de T\u00fcrkiye ve d\u00fcnyadaki tan\u0131nm\u0131\u015f kad\u0131n foto\u011fraf\u00e7\u0131lar\u0131n \u00f6nemine ay\u0131rd\u0131. Foto\u011fraf\u00e7\u0131l\u0131\u011f\u0131n toplumsal tarihine odaklanmak gerekti\u011fini belirten Yurdalan, s\u00f6yle\u015fisinde foto\u011fraf\u0131n bir sanat olman\u0131n \u00f6tesine ge\u00e7ip, belgeleme arac\u0131 olmas\u0131n\u0131n \u00fczerinde durdu. \u201cT\u00fcrkiye s\u00f6zl\u00fc bir k\u00fclt\u00fcre sahip, foto\u011frafa hak etti\u011fi de\u011fer verilmiyor\u201d \u201cFoto\u011fraf\u0131n tarihini sadece Bat\u0131\u2019daki geli\u015fmelerden ba\u015flatarak anlatmak do\u011fru de\u011fil\u201d diyen \u00d6zcan Yurdalan;Buda, Konf\u00fc\u00e7yus ve Sokrates\u2019ten ba\u015flayarak anlatt\u0131\u011f\u0131 foto\u011fraf\u00e7\u0131l\u0131k tarihini Sanayi Devrimi, Amerikan \u0130\u00e7 Sava\u015f\u0131 ve Afrika\u2019n\u0131n s\u00f6m\u00fcrgecilik tarihiyle i\u00e7e i\u00e7e ge\u00e7irip, her biri belge niteli\u011findeki unutulmaz foto\u011fraflar\u0131 bir slayt g\u00f6sterisi e\u015fli\u011findeBAKSM\u2019yi dolduran &hellip;<\/p>","protected":false},"author":1,"featured_media":0,"comment_status":"open","ping_status":"open","sticky":false,"template":"","format":"standard","meta":{"_acf_changed":false,"footnotes":""},"categories":[24],"tags":[],"class_list":["post-34182","post","type-post","status-publish","format-standard","has-post-thumbnail","hentry","category-gundem"],"acf":[],"yoast_head":"<!-- This site is optimized with the Yoast SEO Premium plugin v26.6 (Yoast SEO v27.1.1) - https:\/\/yoast.com\/product\/yoast-seo-premium-wordpress\/ -->\n<title>\u0130stanbul&#039;da sanat bulu\u015fmalar\u0131 devam ediyor - Av. Deniz Can K\u0131z\u0131l<\/title>\n<meta name=\"robots\" content=\"index, follow, max-snippet:-1, max-image-preview:large, max-video-preview:-1\" \/>\n<link rel=\"canonical\" href=\"https:\/\/denizcankizil.tr\/ru\/haberler\/gundem\/istanbulda-sanat-bulusmalari-devam-ediyor\/\" \/>\n<meta property=\"og:locale\" content=\"ru_RU\" \/>\n<meta property=\"og:type\" content=\"article\" \/>\n<meta property=\"og:title\" content=\"\u0130stanbul&#039;da sanat bulu\u015fmalar\u0131 devam ediyor\" \/>\n<meta property=\"og:description\" content=\"\u0130stanbul Beylikd\u00fcz\u00fc Belediyesi taraf\u0131ndan d\u00fczenlenen Beylikd\u00fcz\u00fc Sanat Bulu\u015fmalar\u0131 Sat\u0131r Aras\u0131 Sohbetleri\u2019nin ikinci konu\u011fu foto\u011fraf\u00e7\u0131 ve seyyah \u00d6zcan Yurdalan oldu. Beylikd\u00fcz\u00fc Atat\u00fcrk K\u00fclt\u00fcr ve Sanat Merkezi\u2019nde ger\u00e7ekle\u015fen s\u00f6yle\u015fide foto\u011fraf\u00e7\u0131l\u0131\u011f\u0131n optik bilimi ve resim sanat\u0131n\u0131n i\u00e7inde geli\u015fen tarihini anlatan Yurdalan, tarihte iz b\u0131rakm\u0131\u015f kad\u0131n foto\u011fraf\u00e7\u0131lar\u0131n hik\u00e2yelerine de de\u011findi. \u0130STANBUL (\u0130GFA) &#8211; \u0130stanbul\u00a0Beylikd\u00fcz\u00fc Belediyesi\u2019nin sanat\u0131n her alan\u0131ndan isimleri sanatseverlerle bulu\u015fturdu\u011fu \u201cSanat Bulu\u015fmalar\u0131\u201d devam ediyor. \u0130lk olarak oyuncu ve yazar Ercan Kesal\u2019\u0131 a\u011f\u0131rlayan Beylikd\u00fcz\u00fc Atat\u00fcrk K\u00fclt\u00fcr ve Sanat Merkezi\u2019nin (BAKSM) bu haftaki konu\u011fu foto\u011fraf sanat\u00e7\u0131s\u0131 \u00d6zcan Yurdalan oldu. Bir gezgin ve yazar olarak da tan\u0131nan Yurdalan, &#8220;Foto\u011fraf\u0131n Gizli B\u0131rak\u0131lm\u0131\u015f Tarihi&#8221; ba\u015fl\u0131kl\u0131 s\u00f6yle\u015fisinde dinleyicileri M\u00d6. 500\u2019lerden bug\u00fcne, MoZi\u2019den\u0130bn-i Heysem\u2019e, Da Vinci\u2019den dijital foto\u011fraf makinelerinin mucidi Steve Sassol\u2019a uzanan bir yolculu\u011fa \u00e7\u0131kard\u0131. Sanat\u00e7\u0131, konu\u015fmas\u0131n\u0131n bir b\u00f6l\u00fcm\u00fcn\u00fc de T\u00fcrkiye ve d\u00fcnyadaki tan\u0131nm\u0131\u015f kad\u0131n foto\u011fraf\u00e7\u0131lar\u0131n \u00f6nemine ay\u0131rd\u0131. Foto\u011fraf\u00e7\u0131l\u0131\u011f\u0131n toplumsal tarihine odaklanmak gerekti\u011fini belirten Yurdalan, s\u00f6yle\u015fisinde foto\u011fraf\u0131n bir sanat olman\u0131n \u00f6tesine ge\u00e7ip, belgeleme arac\u0131 olmas\u0131n\u0131n \u00fczerinde durdu. \u201cT\u00fcrkiye s\u00f6zl\u00fc bir k\u00fclt\u00fcre sahip, foto\u011frafa hak etti\u011fi de\u011fer verilmiyor\u201d \u201cFoto\u011fraf\u0131n tarihini sadece Bat\u0131\u2019daki geli\u015fmelerden ba\u015flatarak anlatmak do\u011fru de\u011fil\u201d diyen \u00d6zcan Yurdalan;Buda, Konf\u00fc\u00e7yus ve Sokrates\u2019ten ba\u015flayarak anlatt\u0131\u011f\u0131 foto\u011fraf\u00e7\u0131l\u0131k tarihini Sanayi Devrimi, Amerikan \u0130\u00e7 Sava\u015f\u0131 ve Afrika\u2019n\u0131n s\u00f6m\u00fcrgecilik tarihiyle i\u00e7e i\u00e7e ge\u00e7irip, her biri belge niteli\u011findeki unutulmaz foto\u011fraflar\u0131 bir slayt g\u00f6sterisi e\u015fli\u011findeBAKSM\u2019yi dolduran &hellip;\" \/>\n<meta property=\"og:url\" content=\"https:\/\/denizcankizil.tr\/ru\/haberler\/gundem\/istanbulda-sanat-bulusmalari-devam-ediyor\/\" \/>\n<meta property=\"og:site_name\" content=\"Av. Deniz Can K\u0131z\u0131l\" \/>\n<meta property=\"article:published_time\" content=\"2025-02-26T12:42:38+00:00\" \/>\n<meta name=\"author\" content=\"admin\" \/>\n<meta name=\"twitter:card\" content=\"summary_large_image\" \/>\n<meta name=\"twitter:label1\" content=\"\u041d\u0430\u043f\u0438\u0441\u0430\u043d\u043e \u0430\u0432\u0442\u043e\u0440\u043e\u043c\" \/>\n\t<meta name=\"twitter:data1\" content=\"admin\" \/>\n\t<meta name=\"twitter:label2\" content=\"\u041f\u0440\u0438\u043c\u0435\u0440\u043d\u043e\u0435 \u0432\u0440\u0435\u043c\u044f \u0434\u043b\u044f \u0447\u0442\u0435\u043d\u0438\u044f\" \/>\n\t<meta name=\"twitter:data2\" content=\"5 \u043c\u0438\u043d\u0443\u0442\" \/>\n<script type=\"application\/ld+json\" class=\"yoast-schema-graph\">{\"@context\":\"https:\/\/schema.org\",\"@graph\":[{\"@type\":\"Article\",\"@id\":\"https:\/\/denizcankizil.tr\/ru\/haberler\/gundem\/istanbulda-sanat-bulusmalari-devam-ediyor\/#article\",\"isPartOf\":{\"@id\":\"https:\/\/denizcankizil.tr\/ru\/haberler\/gundem\/istanbulda-sanat-bulusmalari-devam-ediyor\/\"},\"author\":{\"name\":\"admin\",\"@id\":\"https:\/\/denizcankizil.tr\/#\/schema\/person\/be3c05fe6a12686905512445d8185489\"},\"headline\":\"\u0130stanbul&#8217;da sanat bulu\u015fmalar\u0131 devam ediyor\",\"datePublished\":\"2025-02-26T12:42:38+00:00\",\"mainEntityOfPage\":{\"@id\":\"https:\/\/denizcankizil.tr\/ru\/haberler\/gundem\/istanbulda-sanat-bulusmalari-devam-ediyor\/\"},\"wordCount\":963,\"commentCount\":0,\"publisher\":{\"@id\":\"https:\/\/denizcankizil.tr\/#organization\"},\"articleSection\":[\"G\u00fcndem\"],\"inLanguage\":\"ru-RU\",\"potentialAction\":[{\"@type\":\"CommentAction\",\"name\":\"Comment\",\"target\":[\"https:\/\/denizcankizil.tr\/ru\/haberler\/gundem\/istanbulda-sanat-bulusmalari-devam-ediyor\/#respond\"]}]},{\"@type\":\"WebPage\",\"@id\":\"https:\/\/denizcankizil.tr\/ru\/haberler\/gundem\/istanbulda-sanat-bulusmalari-devam-ediyor\/\",\"url\":\"https:\/\/denizcankizil.tr\/ru\/haberler\/gundem\/istanbulda-sanat-bulusmalari-devam-ediyor\/\",\"name\":\"\u0130stanbul'da sanat bulu\u015fmalar\u0131 devam ediyor - Av. Deniz Can K\u0131z\u0131l\",\"isPartOf\":{\"@id\":\"https:\/\/denizcankizil.tr\/#website\"},\"datePublished\":\"2025-02-26T12:42:38+00:00\",\"breadcrumb\":{\"@id\":\"https:\/\/denizcankizil.tr\/ru\/haberler\/gundem\/istanbulda-sanat-bulusmalari-devam-ediyor\/#breadcrumb\"},\"inLanguage\":\"ru-RU\",\"potentialAction\":[{\"@type\":\"ReadAction\",\"target\":[\"https:\/\/denizcankizil.tr\/ru\/haberler\/gundem\/istanbulda-sanat-bulusmalari-devam-ediyor\/\"]}]},{\"@type\":\"BreadcrumbList\",\"@id\":\"https:\/\/denizcankizil.tr\/ru\/haberler\/gundem\/istanbulda-sanat-bulusmalari-devam-ediyor\/#breadcrumb\",\"itemListElement\":[{\"@type\":\"ListItem\",\"position\":1,\"name\":\"Home\",\"item\":\"https:\/\/denizcankizil.tr\/de\/\"},{\"@type\":\"ListItem\",\"position\":2,\"name\":\"\u0130stanbul&#8217;da sanat bulu\u015fmalar\u0131 devam ediyor\"}]},{\"@type\":\"WebSite\",\"@id\":\"https:\/\/denizcankizil.tr\/#website\",\"url\":\"https:\/\/denizcankizil.tr\/\",\"name\":\"Av. Deniz Can K\u0131z\u0131l\",\"description\":\"Avukat Deniz Can K\u0131z\u0131l Antalya Barosu\",\"publisher\":{\"@id\":\"https:\/\/denizcankizil.tr\/#organization\"},\"potentialAction\":[{\"@type\":\"SearchAction\",\"target\":{\"@type\":\"EntryPoint\",\"urlTemplate\":\"https:\/\/denizcankizil.tr\/?s={search_term_string}\"},\"query-input\":{\"@type\":\"PropertyValueSpecification\",\"valueRequired\":true,\"valueName\":\"search_term_string\"}}],\"inLanguage\":\"ru-RU\"},{\"@type\":\"Organization\",\"@id\":\"https:\/\/denizcankizil.tr\/#organization\",\"name\":\"Av. Deniz Can K\u0131z\u0131l\",\"url\":\"https:\/\/denizcankizil.tr\/\",\"logo\":{\"@type\":\"ImageObject\",\"inLanguage\":\"ru-RU\",\"@id\":\"https:\/\/denizcankizil.tr\/#\/schema\/logo\/image\/\",\"url\":\"https:\/\/denizcankizil.tr\/wp-content\/uploads\/2024\/10\/siyah-logo-svg.svg\",\"contentUrl\":\"https:\/\/denizcankizil.tr\/wp-content\/uploads\/2024\/10\/siyah-logo-svg.svg\",\"width\":1080,\"height\":1080,\"caption\":\"Av. Deniz Can K\u0131z\u0131l\"},\"image\":{\"@id\":\"https:\/\/denizcankizil.tr\/#\/schema\/logo\/image\/\"}},{\"@type\":\"Person\",\"@id\":\"https:\/\/denizcankizil.tr\/#\/schema\/person\/be3c05fe6a12686905512445d8185489\",\"name\":\"admin\",\"image\":{\"@type\":\"ImageObject\",\"inLanguage\":\"ru-RU\",\"@id\":\"https:\/\/denizcankizil.tr\/#\/schema\/person\/image\/\",\"url\":\"https:\/\/secure.gravatar.com\/avatar\/c1fce94c830dc79107e174f890d7210541c4a63e8e5d816341794a2151c9d58c?s=96&d=mm&r=g\",\"contentUrl\":\"https:\/\/secure.gravatar.com\/avatar\/c1fce94c830dc79107e174f890d7210541c4a63e8e5d816341794a2151c9d58c?s=96&d=mm&r=g\",\"caption\":\"admin\"},\"sameAs\":[\"http:\/\/denizcankizil.tr\"],\"url\":\"https:\/\/www.iskenderun.org\/istanbulda-sanat-bulusmalari-devam-ediyor\"}]}<\/script>\n<!-- \/ Yoast SEO Premium plugin. -->","yoast_head_json":{"title":"\u0130stanbul'da sanat bulu\u015fmalar\u0131 devam ediyor - Av. Deniz Can K\u0131z\u0131l","robots":{"index":"index","follow":"follow","max-snippet":"max-snippet:-1","max-image-preview":"max-image-preview:large","max-video-preview":"max-video-preview:-1"},"canonical":"https:\/\/denizcankizil.tr\/ru\/haberler\/gundem\/istanbulda-sanat-bulusmalari-devam-ediyor\/","og_locale":"ru_RU","og_type":"article","og_title":"\u0130stanbul'da sanat bulu\u015fmalar\u0131 devam ediyor","og_description":"\u0130stanbul Beylikd\u00fcz\u00fc Belediyesi taraf\u0131ndan d\u00fczenlenen Beylikd\u00fcz\u00fc Sanat Bulu\u015fmalar\u0131 Sat\u0131r Aras\u0131 Sohbetleri\u2019nin ikinci konu\u011fu foto\u011fraf\u00e7\u0131 ve seyyah \u00d6zcan Yurdalan oldu. Beylikd\u00fcz\u00fc Atat\u00fcrk K\u00fclt\u00fcr ve Sanat Merkezi\u2019nde ger\u00e7ekle\u015fen s\u00f6yle\u015fide foto\u011fraf\u00e7\u0131l\u0131\u011f\u0131n optik bilimi ve resim sanat\u0131n\u0131n i\u00e7inde geli\u015fen tarihini anlatan Yurdalan, tarihte iz b\u0131rakm\u0131\u015f kad\u0131n foto\u011fraf\u00e7\u0131lar\u0131n hik\u00e2yelerine de de\u011findi. \u0130STANBUL (\u0130GFA) &#8211; \u0130stanbul\u00a0Beylikd\u00fcz\u00fc Belediyesi\u2019nin sanat\u0131n her alan\u0131ndan isimleri sanatseverlerle bulu\u015fturdu\u011fu \u201cSanat Bulu\u015fmalar\u0131\u201d devam ediyor. \u0130lk olarak oyuncu ve yazar Ercan Kesal\u2019\u0131 a\u011f\u0131rlayan Beylikd\u00fcz\u00fc Atat\u00fcrk K\u00fclt\u00fcr ve Sanat Merkezi\u2019nin (BAKSM) bu haftaki konu\u011fu foto\u011fraf sanat\u00e7\u0131s\u0131 \u00d6zcan Yurdalan oldu. Bir gezgin ve yazar olarak da tan\u0131nan Yurdalan, &#8220;Foto\u011fraf\u0131n Gizli B\u0131rak\u0131lm\u0131\u015f Tarihi&#8221; ba\u015fl\u0131kl\u0131 s\u00f6yle\u015fisinde dinleyicileri M\u00d6. 500\u2019lerden bug\u00fcne, MoZi\u2019den\u0130bn-i Heysem\u2019e, Da Vinci\u2019den dijital foto\u011fraf makinelerinin mucidi Steve Sassol\u2019a uzanan bir yolculu\u011fa \u00e7\u0131kard\u0131. Sanat\u00e7\u0131, konu\u015fmas\u0131n\u0131n bir b\u00f6l\u00fcm\u00fcn\u00fc de T\u00fcrkiye ve d\u00fcnyadaki tan\u0131nm\u0131\u015f kad\u0131n foto\u011fraf\u00e7\u0131lar\u0131n \u00f6nemine ay\u0131rd\u0131. Foto\u011fraf\u00e7\u0131l\u0131\u011f\u0131n toplumsal tarihine odaklanmak gerekti\u011fini belirten Yurdalan, s\u00f6yle\u015fisinde foto\u011fraf\u0131n bir sanat olman\u0131n \u00f6tesine ge\u00e7ip, belgeleme arac\u0131 olmas\u0131n\u0131n \u00fczerinde durdu. \u201cT\u00fcrkiye s\u00f6zl\u00fc bir k\u00fclt\u00fcre sahip, foto\u011frafa hak etti\u011fi de\u011fer verilmiyor\u201d \u201cFoto\u011fraf\u0131n tarihini sadece Bat\u0131\u2019daki geli\u015fmelerden ba\u015flatarak anlatmak do\u011fru de\u011fil\u201d diyen \u00d6zcan Yurdalan;Buda, Konf\u00fc\u00e7yus ve Sokrates\u2019ten ba\u015flayarak anlatt\u0131\u011f\u0131 foto\u011fraf\u00e7\u0131l\u0131k tarihini Sanayi Devrimi, Amerikan \u0130\u00e7 Sava\u015f\u0131 ve Afrika\u2019n\u0131n s\u00f6m\u00fcrgecilik tarihiyle i\u00e7e i\u00e7e ge\u00e7irip, her biri belge niteli\u011findeki unutulmaz foto\u011fraflar\u0131 bir slayt g\u00f6sterisi e\u015fli\u011findeBAKSM\u2019yi dolduran &hellip;","og_url":"https:\/\/denizcankizil.tr\/ru\/haberler\/gundem\/istanbulda-sanat-bulusmalari-devam-ediyor\/","og_site_name":"Av. Deniz Can K\u0131z\u0131l","article_published_time":"2025-02-26T12:42:38+00:00","author":"admin","twitter_card":"summary_large_image","twitter_misc":{"\u041d\u0430\u043f\u0438\u0441\u0430\u043d\u043e \u0430\u0432\u0442\u043e\u0440\u043e\u043c":"admin","\u041f\u0440\u0438\u043c\u0435\u0440\u043d\u043e\u0435 \u0432\u0440\u0435\u043c\u044f \u0434\u043b\u044f \u0447\u0442\u0435\u043d\u0438\u044f":"5 \u043c\u0438\u043d\u0443\u0442"},"schema":{"@context":"https:\/\/schema.org","@graph":[{"@type":"Article","@id":"https:\/\/denizcankizil.tr\/ru\/haberler\/gundem\/istanbulda-sanat-bulusmalari-devam-ediyor\/#article","isPartOf":{"@id":"https:\/\/denizcankizil.tr\/ru\/haberler\/gundem\/istanbulda-sanat-bulusmalari-devam-ediyor\/"},"author":{"name":"admin","@id":"https:\/\/denizcankizil.tr\/#\/schema\/person\/be3c05fe6a12686905512445d8185489"},"headline":"\u0130stanbul&#8217;da sanat bulu\u015fmalar\u0131 devam ediyor","datePublished":"2025-02-26T12:42:38+00:00","mainEntityOfPage":{"@id":"https:\/\/denizcankizil.tr\/ru\/haberler\/gundem\/istanbulda-sanat-bulusmalari-devam-ediyor\/"},"wordCount":963,"commentCount":0,"publisher":{"@id":"https:\/\/denizcankizil.tr\/#organization"},"articleSection":["G\u00fcndem"],"inLanguage":"ru-RU","potentialAction":[{"@type":"CommentAction","name":"Comment","target":["https:\/\/denizcankizil.tr\/ru\/haberler\/gundem\/istanbulda-sanat-bulusmalari-devam-ediyor\/#respond"]}]},{"@type":"WebPage","@id":"https:\/\/denizcankizil.tr\/ru\/haberler\/gundem\/istanbulda-sanat-bulusmalari-devam-ediyor\/","url":"https:\/\/denizcankizil.tr\/ru\/haberler\/gundem\/istanbulda-sanat-bulusmalari-devam-ediyor\/","name":"\u0130stanbul'da sanat bulu\u015fmalar\u0131 devam ediyor - Av. Deniz Can K\u0131z\u0131l","isPartOf":{"@id":"https:\/\/denizcankizil.tr\/#website"},"datePublished":"2025-02-26T12:42:38+00:00","breadcrumb":{"@id":"https:\/\/denizcankizil.tr\/ru\/haberler\/gundem\/istanbulda-sanat-bulusmalari-devam-ediyor\/#breadcrumb"},"inLanguage":"ru-RU","potentialAction":[{"@type":"ReadAction","target":["https:\/\/denizcankizil.tr\/ru\/haberler\/gundem\/istanbulda-sanat-bulusmalari-devam-ediyor\/"]}]},{"@type":"BreadcrumbList","@id":"https:\/\/denizcankizil.tr\/ru\/haberler\/gundem\/istanbulda-sanat-bulusmalari-devam-ediyor\/#breadcrumb","itemListElement":[{"@type":"ListItem","position":1,"name":"Home","item":"https:\/\/denizcankizil.tr\/de\/"},{"@type":"ListItem","position":2,"name":"\u0130stanbul&#8217;da sanat bulu\u015fmalar\u0131 devam ediyor"}]},{"@type":"WebSite","@id":"https:\/\/denizcankizil.tr\/#website","url":"https:\/\/denizcankizil.tr\/","name":"Av. Deniz Can K\u0131z\u0131l","description":"Avukat Deniz Can K\u0131z\u0131l Antalya Barosu","publisher":{"@id":"https:\/\/denizcankizil.tr\/#organization"},"potentialAction":[{"@type":"SearchAction","target":{"@type":"EntryPoint","urlTemplate":"https:\/\/denizcankizil.tr\/?s={search_term_string}"},"query-input":{"@type":"PropertyValueSpecification","valueRequired":true,"valueName":"search_term_string"}}],"inLanguage":"ru-RU"},{"@type":"Organization","@id":"https:\/\/denizcankizil.tr\/#organization","name":"Av. Deniz Can K\u0131z\u0131l","url":"https:\/\/denizcankizil.tr\/","logo":{"@type":"ImageObject","inLanguage":"ru-RU","@id":"https:\/\/denizcankizil.tr\/#\/schema\/logo\/image\/","url":"https:\/\/denizcankizil.tr\/wp-content\/uploads\/2024\/10\/siyah-logo-svg.svg","contentUrl":"https:\/\/denizcankizil.tr\/wp-content\/uploads\/2024\/10\/siyah-logo-svg.svg","width":1080,"height":1080,"caption":"Av. Deniz Can K\u0131z\u0131l"},"image":{"@id":"https:\/\/denizcankizil.tr\/#\/schema\/logo\/image\/"}},{"@type":"Person","@id":"https:\/\/denizcankizil.tr\/#\/schema\/person\/be3c05fe6a12686905512445d8185489","name":"\u0430\u0434\u043c\u0438\u043d","image":{"@type":"ImageObject","inLanguage":"ru-RU","@id":"https:\/\/denizcankizil.tr\/#\/schema\/person\/image\/","url":"https:\/\/secure.gravatar.com\/avatar\/c1fce94c830dc79107e174f890d7210541c4a63e8e5d816341794a2151c9d58c?s=96&d=mm&r=g","contentUrl":"https:\/\/secure.gravatar.com\/avatar\/c1fce94c830dc79107e174f890d7210541c4a63e8e5d816341794a2151c9d58c?s=96&d=mm&r=g","caption":"admin"},"sameAs":["http:\/\/denizcankizil.tr"],"url":"https:\/\/www.iskenderun.org\/istanbulda-sanat-bulusmalari-devam-ediyor"}]}},"_links":{"self":[{"href":"https:\/\/denizcankizil.tr\/ru\/wp-json\/wp\/v2\/posts\/34182","targetHints":{"allow":["GET"]}}],"collection":[{"href":"https:\/\/denizcankizil.tr\/ru\/wp-json\/wp\/v2\/posts"}],"about":[{"href":"https:\/\/denizcankizil.tr\/ru\/wp-json\/wp\/v2\/types\/post"}],"author":[{"embeddable":true,"href":"https:\/\/denizcankizil.tr\/ru\/wp-json\/wp\/v2\/users\/1"}],"replies":[{"embeddable":true,"href":"https:\/\/denizcankizil.tr\/ru\/wp-json\/wp\/v2\/comments?post=34182"}],"version-history":[{"count":0,"href":"https:\/\/denizcankizil.tr\/ru\/wp-json\/wp\/v2\/posts\/34182\/revisions"}],"wp:attachment":[{"href":"https:\/\/denizcankizil.tr\/ru\/wp-json\/wp\/v2\/media?parent=34182"}],"wp:term":[{"taxonomy":"category","embeddable":true,"href":"https:\/\/denizcankizil.tr\/ru\/wp-json\/wp\/v2\/categories?post=34182"},{"taxonomy":"post_tag","embeddable":true,"href":"https:\/\/denizcankizil.tr\/ru\/wp-json\/wp\/v2\/tags?post=34182"}],"curies":[{"name":"wp","href":"https:\/\/api.w.org\/{rel}","templated":true}]}}