{"id":34140,"date":"2025-02-26T11:42:26","date_gmt":"2025-02-26T08:42:26","guid":{"rendered":"https:\/\/denizcankizil.tr\/uncategorized-tr\/hbb-baskani-onturkten-ramazan-mujdeleri\/"},"modified":"2025-02-26T11:42:26","modified_gmt":"2025-02-26T08:42:26","slug":"hbb-baskani-onturkten-ramazan-mujdeleri","status":"publish","type":"post","link":"https:\/\/denizcankizil.tr\/ru\/haberler\/gundem\/hbb-baskani-onturkten-ramazan-mujdeleri\/","title":{"rendered":"HBB Ba\u015fkan\u0131 \u00d6nt\u00fcrk\u2019ten Ramazan M\u00fcjdeleri"},"content":{"rendered":"<p>11 ay\u0131n sultan\u0131na kavu\u015fmaya say\u0131l\u0131 g\u00fcnler kala HBB, t\u00fcm birimleriyle koordinasyon i\u00e7inde hareket ederek Ramazan ay\u0131 boyunca iftar organizasyonlar\u0131 ve k\u00fclt\u00fcrel etkinliklerini vatanda\u015flarla bulu\u015fturmak i\u00e7in haz\u0131rl\u0131klar\u0131n\u0131 tamamlad\u0131.<\/p>\n<p>50 B\u0130N VATANDA\u015eA 100 M\u0130LYON TL<\/p>\n<p>Hatay genelinde ihtiya\u00e7 sahibi 50 bin vatanda\u015f\u0131n Hatay Kart\u2019lar\u0131na 2 bin TL yat\u0131r\u0131laca\u011f\u0131n\u0131 m\u00fcjdeleyen HBB Ba\u015fkan\u0131 Mehmet \u00d6nt\u00fcrk, sosyal yard\u0131mlara 100 milyon TL b\u00fct\u00e7e ay\u0131rd\u0131klar\u0131n\u0131 belirtip ihtiya\u00e7 sahiplerinin ise dezavantajl\u0131 olma kriterlerine g\u00f6re tespit edildi\u011fini vurgulad\u0131. \u00d6nt\u00fcrk, hem\u015fehrilerinin Ramazan ay\u0131n\u0131 \u015fimdiden tebrik ederek sa\u011fl\u0131k, huzur ve bolluk dolu bir ay ge\u00e7irilmesini diledi.<\/p>\n<p>HATAYLILAR AYNI SOFRADA BULU\u015eACAK<\/p>\n<p>\u201cBu Sofrada Karde\u015flik, Ramazan\u2019da Bereket Var\u201d anlay\u0131\u015f\u0131yla 15 il\u00e7ede iftar \u00e7ad\u0131rlar\u0131 kuran B\u00fcy\u00fck\u015fehir; beraberli\u011fi peki\u015ftirmek ve oru\u00e7lar\u0131 birlikte a\u00e7mak i\u00e7in her ak\u015fam binlerce Hatayl\u0131y\u0131 ayn\u0131 sofrada bulu\u015fturacak.<\/p>\n<p>Antakya, \u0130skenderun, Reyhanl\u0131, K\u0131r\u0131khan, D\u00f6rtyol il\u00e7elerinde sabit iftar \u00e7ad\u0131rlar\u0131 kuracak olan HBB; di\u011fer 10 il\u00e7ede ise belirlenen tarihlerde iftar program\u0131 verecek.<\/p>\n<p>SAHURDA \u00c7ORBA, \u0130FTARDA KUMANYA<\/p>\n<p>Sahurda insan yo\u011funlu\u011funun oldu\u011fu belirli alanlarda \u00e7orba da\u011f\u0131t\u0131m\u0131 ger\u00e7ekle\u015ftirecek olan B\u00fcy\u00fck\u015fehir ekipleri; iftara trafikte yakalanan, g\u00f6rev ba\u015f\u0131nda olan vatanda\u015flara ise oru\u00e7lar\u0131n\u0131 a\u00e7abilmeleri i\u00e7in kumanya da\u011f\u0131t\u0131m\u0131 yapmay\u0131 planl\u0131yor.<\/p>\n<p>Ayr\u0131ca 8 Mart D\u00fcnya Kad\u0131nlar G\u00fcn\u00fc, 18 Mart \u00c7anakkale Zaferi&#8217;nin y\u0131l d\u00f6n\u00fcm\u00fcne \u00f6zel bulu\u015fmalar planlayan HBB, belirlenen tarihlerde de muhtarlar, kanaat \u00f6nderleri, STK temsilcileri, meclis \u00fcyeleriyle iftar yeme\u011finde bir araya gelecek.<\/p>\n<p>Manevi de\u011ferleri \u00f6n plana \u00e7\u0131karacak ve her ya\u015f grubuna hitap edecek \u015fekilde haz\u0131rlanan k\u00fclt\u00fcrel etkinlik programlar\u0131 kapsam\u0131nda ise vatanda\u015flar, Ramazan\u0131 \u015eerif\u2019in manevi atmosferini en iyi \u015fekilde ya\u015fayacak.<\/p>\n<p>Rahmet ay\u0131 boyunca hem e\u011flenceli hem de manevi a\u00e7\u0131dan zengin bir deneyimi ya\u015fama f\u0131rsat\u0131 bulacak olan Hatayl\u0131lar\u0131 ayr\u0131ca tasavvuf m\u00fczi\u011fi dinletisi, T\u00fcrk m\u00fczi\u011fi konserleri, dini sohbetler, sanat\u00e7\u0131 s\u00f6yle\u015filerinin de oldu\u011fu etkinlikler bekliyor.<\/p>\n<p>7\/24 ZABITA DENET\u0130M\u0130<\/p>\n<p>Al\u0131\u015fveri\u015f yapacak vatanda\u015flar\u0131n herhangi bir ma\u011fduriyet ya\u015famamas\u0131 i\u00e7in denetimleri s\u0131kla\u015ft\u0131rd\u0131klar\u0131n\u0131 kaydeden HBB yetkilileri, Zab\u0131ta Dairesi ekiplerinin 7\/24 mesai kavram\u0131 g\u00f6zetmeksizin Ramazan ay\u0131 boyunca g\u0131da, sa\u011fl\u0131k, hijyen, g\u00fcvenlik ve fiyat denetimlerine devam edeceklerini vurgulad\u0131.<\/p>\n<p>\u200bHatay B\u00fcy\u00fck\u015fehir Belediyesi (HBB), il genelinde Ramazan ay\u0131n\u0131 her zamankinden farkl\u0131 bir co\u015fkuyla kutlamak amac\u0131yla bir dizi etkinlikleri i\u00e7eren program haz\u0131rlad\u0131.\u00a0<\/p>\n<p>\u200bHaberin Al\u0131nt\u0131land\u0131\u011f\u0131 Kaynak: www.iskenderun.org<\/p>","protected":false},"excerpt":{"rendered":"<p>11 ay\u0131n sultan\u0131na kavu\u015fmaya say\u0131l\u0131 g\u00fcnler kala HBB, t\u00fcm birimleriyle koordinasyon i\u00e7inde hareket ederek Ramazan ay\u0131 boyunca iftar organizasyonlar\u0131 ve k\u00fclt\u00fcrel etkinliklerini vatanda\u015flarla bulu\u015fturmak i\u00e7in haz\u0131rl\u0131klar\u0131n\u0131 tamamlad\u0131. 50 B\u0130N VATANDA\u015eA 100 M\u0130LYON TL Hatay genelinde ihtiya\u00e7 sahibi 50 bin vatanda\u015f\u0131n Hatay Kart\u2019lar\u0131na 2 bin TL yat\u0131r\u0131laca\u011f\u0131n\u0131 m\u00fcjdeleyen HBB Ba\u015fkan\u0131 Mehmet \u00d6nt\u00fcrk, sosyal yard\u0131mlara 100 milyon TL b\u00fct\u00e7e ay\u0131rd\u0131klar\u0131n\u0131 belirtip ihtiya\u00e7 sahiplerinin ise dezavantajl\u0131 olma kriterlerine g\u00f6re tespit edildi\u011fini vurgulad\u0131. \u00d6nt\u00fcrk, hem\u015fehrilerinin Ramazan ay\u0131n\u0131 \u015fimdiden tebrik ederek sa\u011fl\u0131k, huzur ve bolluk dolu bir ay ge\u00e7irilmesini diledi. HATAYLILAR AYNI SOFRADA BULU\u015eACAK \u201cBu Sofrada Karde\u015flik, Ramazan\u2019da Bereket Var\u201d anlay\u0131\u015f\u0131yla 15 il\u00e7ede iftar \u00e7ad\u0131rlar\u0131 kuran B\u00fcy\u00fck\u015fehir; beraberli\u011fi peki\u015ftirmek ve oru\u00e7lar\u0131 birlikte a\u00e7mak i\u00e7in her ak\u015fam binlerce Hatayl\u0131y\u0131 ayn\u0131 sofrada bulu\u015fturacak. Antakya, \u0130skenderun, Reyhanl\u0131, K\u0131r\u0131khan, D\u00f6rtyol il\u00e7elerinde sabit iftar \u00e7ad\u0131rlar\u0131 kuracak olan HBB; di\u011fer 10 il\u00e7ede ise belirlenen tarihlerde iftar program\u0131 verecek. SAHURDA \u00c7ORBA, \u0130FTARDA KUMANYA Sahurda insan yo\u011funlu\u011funun oldu\u011fu belirli alanlarda \u00e7orba da\u011f\u0131t\u0131m\u0131 ger\u00e7ekle\u015ftirecek olan B\u00fcy\u00fck\u015fehir ekipleri; iftara trafikte yakalanan, g\u00f6rev ba\u015f\u0131nda olan vatanda\u015flara ise oru\u00e7lar\u0131n\u0131 a\u00e7abilmeleri i\u00e7in kumanya da\u011f\u0131t\u0131m\u0131 yapmay\u0131 planl\u0131yor. Ayr\u0131ca 8 Mart D\u00fcnya Kad\u0131nlar G\u00fcn\u00fc, 18 Mart \u00c7anakkale Zaferi&#8217;nin y\u0131l d\u00f6n\u00fcm\u00fcne \u00f6zel bulu\u015fmalar planlayan HBB, belirlenen tarihlerde de muhtarlar, kanaat \u00f6nderleri, STK temsilcileri, meclis \u00fcyeleriyle iftar yeme\u011finde bir araya gelecek. Manevi &hellip;<\/p>","protected":false},"author":1,"featured_media":0,"comment_status":"open","ping_status":"open","sticky":false,"template":"","format":"standard","meta":{"_acf_changed":false,"footnotes":""},"categories":[24],"tags":[],"class_list":["post-34140","post","type-post","status-publish","format-standard","has-post-thumbnail","hentry","category-gundem"],"acf":[],"yoast_head":"<!-- This site is optimized with the Yoast SEO Premium plugin v26.6 (Yoast SEO v27.1.1) - https:\/\/yoast.com\/product\/yoast-seo-premium-wordpress\/ -->\n<title>HBB Ba\u015fkan\u0131 \u00d6nt\u00fcrk\u2019ten Ramazan M\u00fcjdeleri - Av. Deniz Can K\u0131z\u0131l<\/title>\n<meta name=\"robots\" content=\"index, follow, max-snippet:-1, max-image-preview:large, max-video-preview:-1\" \/>\n<link rel=\"canonical\" href=\"https:\/\/denizcankizil.tr\/ru\/haberler\/gundem\/hbb-baskani-onturkten-ramazan-mujdeleri\/\" \/>\n<meta property=\"og:locale\" content=\"ru_RU\" \/>\n<meta property=\"og:type\" content=\"article\" \/>\n<meta property=\"og:title\" content=\"HBB Ba\u015fkan\u0131 \u00d6nt\u00fcrk\u2019ten Ramazan M\u00fcjdeleri\" \/>\n<meta property=\"og:description\" content=\"11 ay\u0131n sultan\u0131na kavu\u015fmaya say\u0131l\u0131 g\u00fcnler kala HBB, t\u00fcm birimleriyle koordinasyon i\u00e7inde hareket ederek Ramazan ay\u0131 boyunca iftar organizasyonlar\u0131 ve k\u00fclt\u00fcrel etkinliklerini vatanda\u015flarla bulu\u015fturmak i\u00e7in haz\u0131rl\u0131klar\u0131n\u0131 tamamlad\u0131. 50 B\u0130N VATANDA\u015eA 100 M\u0130LYON TL Hatay genelinde ihtiya\u00e7 sahibi 50 bin vatanda\u015f\u0131n Hatay Kart\u2019lar\u0131na 2 bin TL yat\u0131r\u0131laca\u011f\u0131n\u0131 m\u00fcjdeleyen HBB Ba\u015fkan\u0131 Mehmet \u00d6nt\u00fcrk, sosyal yard\u0131mlara 100 milyon TL b\u00fct\u00e7e ay\u0131rd\u0131klar\u0131n\u0131 belirtip ihtiya\u00e7 sahiplerinin ise dezavantajl\u0131 olma kriterlerine g\u00f6re tespit edildi\u011fini vurgulad\u0131. \u00d6nt\u00fcrk, hem\u015fehrilerinin Ramazan ay\u0131n\u0131 \u015fimdiden tebrik ederek sa\u011fl\u0131k, huzur ve bolluk dolu bir ay ge\u00e7irilmesini diledi. HATAYLILAR AYNI SOFRADA BULU\u015eACAK \u201cBu Sofrada Karde\u015flik, Ramazan\u2019da Bereket Var\u201d anlay\u0131\u015f\u0131yla 15 il\u00e7ede iftar \u00e7ad\u0131rlar\u0131 kuran B\u00fcy\u00fck\u015fehir; beraberli\u011fi peki\u015ftirmek ve oru\u00e7lar\u0131 birlikte a\u00e7mak i\u00e7in her ak\u015fam binlerce Hatayl\u0131y\u0131 ayn\u0131 sofrada bulu\u015fturacak. Antakya, \u0130skenderun, Reyhanl\u0131, K\u0131r\u0131khan, D\u00f6rtyol il\u00e7elerinde sabit iftar \u00e7ad\u0131rlar\u0131 kuracak olan HBB; di\u011fer 10 il\u00e7ede ise belirlenen tarihlerde iftar program\u0131 verecek. SAHURDA \u00c7ORBA, \u0130FTARDA KUMANYA Sahurda insan yo\u011funlu\u011funun oldu\u011fu belirli alanlarda \u00e7orba da\u011f\u0131t\u0131m\u0131 ger\u00e7ekle\u015ftirecek olan B\u00fcy\u00fck\u015fehir ekipleri; iftara trafikte yakalanan, g\u00f6rev ba\u015f\u0131nda olan vatanda\u015flara ise oru\u00e7lar\u0131n\u0131 a\u00e7abilmeleri i\u00e7in kumanya da\u011f\u0131t\u0131m\u0131 yapmay\u0131 planl\u0131yor. Ayr\u0131ca 8 Mart D\u00fcnya Kad\u0131nlar G\u00fcn\u00fc, 18 Mart \u00c7anakkale Zaferi&#8217;nin y\u0131l d\u00f6n\u00fcm\u00fcne \u00f6zel bulu\u015fmalar planlayan HBB, belirlenen tarihlerde de muhtarlar, kanaat \u00f6nderleri, STK temsilcileri, meclis \u00fcyeleriyle iftar yeme\u011finde bir araya gelecek. Manevi &hellip;\" \/>\n<meta property=\"og:url\" content=\"https:\/\/denizcankizil.tr\/ru\/haberler\/gundem\/hbb-baskani-onturkten-ramazan-mujdeleri\/\" \/>\n<meta property=\"og:site_name\" content=\"Av. Deniz Can K\u0131z\u0131l\" \/>\n<meta property=\"article:published_time\" content=\"2025-02-26T08:42:26+00:00\" \/>\n<meta name=\"author\" content=\"admin\" \/>\n<meta name=\"twitter:card\" content=\"summary_large_image\" \/>\n<meta name=\"twitter:label1\" content=\"\u041d\u0430\u043f\u0438\u0441\u0430\u043d\u043e \u0430\u0432\u0442\u043e\u0440\u043e\u043c\" \/>\n\t<meta name=\"twitter:data1\" content=\"admin\" \/>\n\t<meta name=\"twitter:label2\" content=\"\u041f\u0440\u0438\u043c\u0435\u0440\u043d\u043e\u0435 \u0432\u0440\u0435\u043c\u044f \u0434\u043b\u044f \u0447\u0442\u0435\u043d\u0438\u044f\" \/>\n\t<meta name=\"twitter:data2\" content=\"2 \u043c\u0438\u043d\u0443\u0442\u044b\" \/>\n<script type=\"application\/ld+json\" class=\"yoast-schema-graph\">{\"@context\":\"https:\/\/schema.org\",\"@graph\":[{\"@type\":\"Article\",\"@id\":\"https:\/\/denizcankizil.tr\/ru\/haberler\/gundem\/hbb-baskani-onturkten-ramazan-mujdeleri\/#article\",\"isPartOf\":{\"@id\":\"https:\/\/denizcankizil.tr\/ru\/haberler\/gundem\/hbb-baskani-onturkten-ramazan-mujdeleri\/\"},\"author\":{\"name\":\"admin\",\"@id\":\"https:\/\/denizcankizil.tr\/#\/schema\/person\/be3c05fe6a12686905512445d8185489\"},\"headline\":\"HBB Ba\u015fkan\u0131 \u00d6nt\u00fcrk\u2019ten Ramazan M\u00fcjdeleri\",\"datePublished\":\"2025-02-26T08:42:26+00:00\",\"mainEntityOfPage\":{\"@id\":\"https:\/\/denizcankizil.tr\/ru\/haberler\/gundem\/hbb-baskani-onturkten-ramazan-mujdeleri\/\"},\"wordCount\":464,\"commentCount\":0,\"publisher\":{\"@id\":\"https:\/\/denizcankizil.tr\/#organization\"},\"articleSection\":[\"G\u00fcndem\"],\"inLanguage\":\"ru-RU\",\"potentialAction\":[{\"@type\":\"CommentAction\",\"name\":\"Comment\",\"target\":[\"https:\/\/denizcankizil.tr\/ru\/haberler\/gundem\/hbb-baskani-onturkten-ramazan-mujdeleri\/#respond\"]}]},{\"@type\":\"WebPage\",\"@id\":\"https:\/\/denizcankizil.tr\/ru\/haberler\/gundem\/hbb-baskani-onturkten-ramazan-mujdeleri\/\",\"url\":\"https:\/\/denizcankizil.tr\/ru\/haberler\/gundem\/hbb-baskani-onturkten-ramazan-mujdeleri\/\",\"name\":\"HBB Ba\u015fkan\u0131 \u00d6nt\u00fcrk\u2019ten Ramazan M\u00fcjdeleri - Av. Deniz Can K\u0131z\u0131l\",\"isPartOf\":{\"@id\":\"https:\/\/denizcankizil.tr\/#website\"},\"datePublished\":\"2025-02-26T08:42:26+00:00\",\"breadcrumb\":{\"@id\":\"https:\/\/denizcankizil.tr\/ru\/haberler\/gundem\/hbb-baskani-onturkten-ramazan-mujdeleri\/#breadcrumb\"},\"inLanguage\":\"ru-RU\",\"potentialAction\":[{\"@type\":\"ReadAction\",\"target\":[\"https:\/\/denizcankizil.tr\/ru\/haberler\/gundem\/hbb-baskani-onturkten-ramazan-mujdeleri\/\"]}]},{\"@type\":\"BreadcrumbList\",\"@id\":\"https:\/\/denizcankizil.tr\/ru\/haberler\/gundem\/hbb-baskani-onturkten-ramazan-mujdeleri\/#breadcrumb\",\"itemListElement\":[{\"@type\":\"ListItem\",\"position\":1,\"name\":\"Home\",\"item\":\"https:\/\/denizcankizil.tr\/de\/\"},{\"@type\":\"ListItem\",\"position\":2,\"name\":\"HBB Ba\u015fkan\u0131 \u00d6nt\u00fcrk\u2019ten Ramazan M\u00fcjdeleri\"}]},{\"@type\":\"WebSite\",\"@id\":\"https:\/\/denizcankizil.tr\/#website\",\"url\":\"https:\/\/denizcankizil.tr\/\",\"name\":\"Av. Deniz Can K\u0131z\u0131l\",\"description\":\"Avukat Deniz Can K\u0131z\u0131l Antalya Barosu\",\"publisher\":{\"@id\":\"https:\/\/denizcankizil.tr\/#organization\"},\"potentialAction\":[{\"@type\":\"SearchAction\",\"target\":{\"@type\":\"EntryPoint\",\"urlTemplate\":\"https:\/\/denizcankizil.tr\/?s={search_term_string}\"},\"query-input\":{\"@type\":\"PropertyValueSpecification\",\"valueRequired\":true,\"valueName\":\"search_term_string\"}}],\"inLanguage\":\"ru-RU\"},{\"@type\":\"Organization\",\"@id\":\"https:\/\/denizcankizil.tr\/#organization\",\"name\":\"Av. Deniz Can K\u0131z\u0131l\",\"url\":\"https:\/\/denizcankizil.tr\/\",\"logo\":{\"@type\":\"ImageObject\",\"inLanguage\":\"ru-RU\",\"@id\":\"https:\/\/denizcankizil.tr\/#\/schema\/logo\/image\/\",\"url\":\"https:\/\/denizcankizil.tr\/wp-content\/uploads\/2024\/10\/siyah-logo-svg.svg\",\"contentUrl\":\"https:\/\/denizcankizil.tr\/wp-content\/uploads\/2024\/10\/siyah-logo-svg.svg\",\"width\":1080,\"height\":1080,\"caption\":\"Av. Deniz Can K\u0131z\u0131l\"},\"image\":{\"@id\":\"https:\/\/denizcankizil.tr\/#\/schema\/logo\/image\/\"}},{\"@type\":\"Person\",\"@id\":\"https:\/\/denizcankizil.tr\/#\/schema\/person\/be3c05fe6a12686905512445d8185489\",\"name\":\"admin\",\"image\":{\"@type\":\"ImageObject\",\"inLanguage\":\"ru-RU\",\"@id\":\"https:\/\/denizcankizil.tr\/#\/schema\/person\/image\/\",\"url\":\"https:\/\/secure.gravatar.com\/avatar\/c1fce94c830dc79107e174f890d7210541c4a63e8e5d816341794a2151c9d58c?s=96&d=mm&r=g\",\"contentUrl\":\"https:\/\/secure.gravatar.com\/avatar\/c1fce94c830dc79107e174f890d7210541c4a63e8e5d816341794a2151c9d58c?s=96&d=mm&r=g\",\"caption\":\"admin\"},\"sameAs\":[\"http:\/\/denizcankizil.tr\"],\"url\":\"https:\/\/www.iskenderun.org\/hbb-baskani-onturkten-ramazan-mujdeleri\"}]}<\/script>\n<!-- \/ Yoast SEO Premium plugin. -->","yoast_head_json":{"title":"HBB Ba\u015fkan\u0131 \u00d6nt\u00fcrk\u2019ten Ramazan M\u00fcjdeleri - Av. Deniz Can K\u0131z\u0131l","robots":{"index":"index","follow":"follow","max-snippet":"max-snippet:-1","max-image-preview":"max-image-preview:large","max-video-preview":"max-video-preview:-1"},"canonical":"https:\/\/denizcankizil.tr\/ru\/haberler\/gundem\/hbb-baskani-onturkten-ramazan-mujdeleri\/","og_locale":"ru_RU","og_type":"article","og_title":"HBB Ba\u015fkan\u0131 \u00d6nt\u00fcrk\u2019ten Ramazan M\u00fcjdeleri","og_description":"11 ay\u0131n sultan\u0131na kavu\u015fmaya say\u0131l\u0131 g\u00fcnler kala HBB, t\u00fcm birimleriyle koordinasyon i\u00e7inde hareket ederek Ramazan ay\u0131 boyunca iftar organizasyonlar\u0131 ve k\u00fclt\u00fcrel etkinliklerini vatanda\u015flarla bulu\u015fturmak i\u00e7in haz\u0131rl\u0131klar\u0131n\u0131 tamamlad\u0131. 50 B\u0130N VATANDA\u015eA 100 M\u0130LYON TL Hatay genelinde ihtiya\u00e7 sahibi 50 bin vatanda\u015f\u0131n Hatay Kart\u2019lar\u0131na 2 bin TL yat\u0131r\u0131laca\u011f\u0131n\u0131 m\u00fcjdeleyen HBB Ba\u015fkan\u0131 Mehmet \u00d6nt\u00fcrk, sosyal yard\u0131mlara 100 milyon TL b\u00fct\u00e7e ay\u0131rd\u0131klar\u0131n\u0131 belirtip ihtiya\u00e7 sahiplerinin ise dezavantajl\u0131 olma kriterlerine g\u00f6re tespit edildi\u011fini vurgulad\u0131. \u00d6nt\u00fcrk, hem\u015fehrilerinin Ramazan ay\u0131n\u0131 \u015fimdiden tebrik ederek sa\u011fl\u0131k, huzur ve bolluk dolu bir ay ge\u00e7irilmesini diledi. HATAYLILAR AYNI SOFRADA BULU\u015eACAK \u201cBu Sofrada Karde\u015flik, Ramazan\u2019da Bereket Var\u201d anlay\u0131\u015f\u0131yla 15 il\u00e7ede iftar \u00e7ad\u0131rlar\u0131 kuran B\u00fcy\u00fck\u015fehir; beraberli\u011fi peki\u015ftirmek ve oru\u00e7lar\u0131 birlikte a\u00e7mak i\u00e7in her ak\u015fam binlerce Hatayl\u0131y\u0131 ayn\u0131 sofrada bulu\u015fturacak. Antakya, \u0130skenderun, Reyhanl\u0131, K\u0131r\u0131khan, D\u00f6rtyol il\u00e7elerinde sabit iftar \u00e7ad\u0131rlar\u0131 kuracak olan HBB; di\u011fer 10 il\u00e7ede ise belirlenen tarihlerde iftar program\u0131 verecek. SAHURDA \u00c7ORBA, \u0130FTARDA KUMANYA Sahurda insan yo\u011funlu\u011funun oldu\u011fu belirli alanlarda \u00e7orba da\u011f\u0131t\u0131m\u0131 ger\u00e7ekle\u015ftirecek olan B\u00fcy\u00fck\u015fehir ekipleri; iftara trafikte yakalanan, g\u00f6rev ba\u015f\u0131nda olan vatanda\u015flara ise oru\u00e7lar\u0131n\u0131 a\u00e7abilmeleri i\u00e7in kumanya da\u011f\u0131t\u0131m\u0131 yapmay\u0131 planl\u0131yor. Ayr\u0131ca 8 Mart D\u00fcnya Kad\u0131nlar G\u00fcn\u00fc, 18 Mart \u00c7anakkale Zaferi&#8217;nin y\u0131l d\u00f6n\u00fcm\u00fcne \u00f6zel bulu\u015fmalar planlayan HBB, belirlenen tarihlerde de muhtarlar, kanaat \u00f6nderleri, STK temsilcileri, meclis \u00fcyeleriyle iftar yeme\u011finde bir araya gelecek. Manevi &hellip;","og_url":"https:\/\/denizcankizil.tr\/ru\/haberler\/gundem\/hbb-baskani-onturkten-ramazan-mujdeleri\/","og_site_name":"Av. Deniz Can K\u0131z\u0131l","article_published_time":"2025-02-26T08:42:26+00:00","author":"admin","twitter_card":"summary_large_image","twitter_misc":{"\u041d\u0430\u043f\u0438\u0441\u0430\u043d\u043e \u0430\u0432\u0442\u043e\u0440\u043e\u043c":"admin","\u041f\u0440\u0438\u043c\u0435\u0440\u043d\u043e\u0435 \u0432\u0440\u0435\u043c\u044f \u0434\u043b\u044f \u0447\u0442\u0435\u043d\u0438\u044f":"2 \u043c\u0438\u043d\u0443\u0442\u044b"},"schema":{"@context":"https:\/\/schema.org","@graph":[{"@type":"Article","@id":"https:\/\/denizcankizil.tr\/ru\/haberler\/gundem\/hbb-baskani-onturkten-ramazan-mujdeleri\/#article","isPartOf":{"@id":"https:\/\/denizcankizil.tr\/ru\/haberler\/gundem\/hbb-baskani-onturkten-ramazan-mujdeleri\/"},"author":{"name":"admin","@id":"https:\/\/denizcankizil.tr\/#\/schema\/person\/be3c05fe6a12686905512445d8185489"},"headline":"HBB Ba\u015fkan\u0131 \u00d6nt\u00fcrk\u2019ten Ramazan M\u00fcjdeleri","datePublished":"2025-02-26T08:42:26+00:00","mainEntityOfPage":{"@id":"https:\/\/denizcankizil.tr\/ru\/haberler\/gundem\/hbb-baskani-onturkten-ramazan-mujdeleri\/"},"wordCount":464,"commentCount":0,"publisher":{"@id":"https:\/\/denizcankizil.tr\/#organization"},"articleSection":["G\u00fcndem"],"inLanguage":"ru-RU","potentialAction":[{"@type":"CommentAction","name":"Comment","target":["https:\/\/denizcankizil.tr\/ru\/haberler\/gundem\/hbb-baskani-onturkten-ramazan-mujdeleri\/#respond"]}]},{"@type":"WebPage","@id":"https:\/\/denizcankizil.tr\/ru\/haberler\/gundem\/hbb-baskani-onturkten-ramazan-mujdeleri\/","url":"https:\/\/denizcankizil.tr\/ru\/haberler\/gundem\/hbb-baskani-onturkten-ramazan-mujdeleri\/","name":"HBB Ba\u015fkan\u0131 \u00d6nt\u00fcrk\u2019ten Ramazan M\u00fcjdeleri - Av. Deniz Can K\u0131z\u0131l","isPartOf":{"@id":"https:\/\/denizcankizil.tr\/#website"},"datePublished":"2025-02-26T08:42:26+00:00","breadcrumb":{"@id":"https:\/\/denizcankizil.tr\/ru\/haberler\/gundem\/hbb-baskani-onturkten-ramazan-mujdeleri\/#breadcrumb"},"inLanguage":"ru-RU","potentialAction":[{"@type":"ReadAction","target":["https:\/\/denizcankizil.tr\/ru\/haberler\/gundem\/hbb-baskani-onturkten-ramazan-mujdeleri\/"]}]},{"@type":"BreadcrumbList","@id":"https:\/\/denizcankizil.tr\/ru\/haberler\/gundem\/hbb-baskani-onturkten-ramazan-mujdeleri\/#breadcrumb","itemListElement":[{"@type":"ListItem","position":1,"name":"Home","item":"https:\/\/denizcankizil.tr\/de\/"},{"@type":"ListItem","position":2,"name":"HBB Ba\u015fkan\u0131 \u00d6nt\u00fcrk\u2019ten Ramazan M\u00fcjdeleri"}]},{"@type":"WebSite","@id":"https:\/\/denizcankizil.tr\/#website","url":"https:\/\/denizcankizil.tr\/","name":"Av. Deniz Can K\u0131z\u0131l","description":"Avukat Deniz Can K\u0131z\u0131l Antalya Barosu","publisher":{"@id":"https:\/\/denizcankizil.tr\/#organization"},"potentialAction":[{"@type":"SearchAction","target":{"@type":"EntryPoint","urlTemplate":"https:\/\/denizcankizil.tr\/?s={search_term_string}"},"query-input":{"@type":"PropertyValueSpecification","valueRequired":true,"valueName":"search_term_string"}}],"inLanguage":"ru-RU"},{"@type":"Organization","@id":"https:\/\/denizcankizil.tr\/#organization","name":"Av. Deniz Can K\u0131z\u0131l","url":"https:\/\/denizcankizil.tr\/","logo":{"@type":"ImageObject","inLanguage":"ru-RU","@id":"https:\/\/denizcankizil.tr\/#\/schema\/logo\/image\/","url":"https:\/\/denizcankizil.tr\/wp-content\/uploads\/2024\/10\/siyah-logo-svg.svg","contentUrl":"https:\/\/denizcankizil.tr\/wp-content\/uploads\/2024\/10\/siyah-logo-svg.svg","width":1080,"height":1080,"caption":"Av. Deniz Can K\u0131z\u0131l"},"image":{"@id":"https:\/\/denizcankizil.tr\/#\/schema\/logo\/image\/"}},{"@type":"Person","@id":"https:\/\/denizcankizil.tr\/#\/schema\/person\/be3c05fe6a12686905512445d8185489","name":"\u0430\u0434\u043c\u0438\u043d","image":{"@type":"ImageObject","inLanguage":"ru-RU","@id":"https:\/\/denizcankizil.tr\/#\/schema\/person\/image\/","url":"https:\/\/secure.gravatar.com\/avatar\/c1fce94c830dc79107e174f890d7210541c4a63e8e5d816341794a2151c9d58c?s=96&d=mm&r=g","contentUrl":"https:\/\/secure.gravatar.com\/avatar\/c1fce94c830dc79107e174f890d7210541c4a63e8e5d816341794a2151c9d58c?s=96&d=mm&r=g","caption":"admin"},"sameAs":["http:\/\/denizcankizil.tr"],"url":"https:\/\/www.iskenderun.org\/hbb-baskani-onturkten-ramazan-mujdeleri"}]}},"_links":{"self":[{"href":"https:\/\/denizcankizil.tr\/ru\/wp-json\/wp\/v2\/posts\/34140","targetHints":{"allow":["GET"]}}],"collection":[{"href":"https:\/\/denizcankizil.tr\/ru\/wp-json\/wp\/v2\/posts"}],"about":[{"href":"https:\/\/denizcankizil.tr\/ru\/wp-json\/wp\/v2\/types\/post"}],"author":[{"embeddable":true,"href":"https:\/\/denizcankizil.tr\/ru\/wp-json\/wp\/v2\/users\/1"}],"replies":[{"embeddable":true,"href":"https:\/\/denizcankizil.tr\/ru\/wp-json\/wp\/v2\/comments?post=34140"}],"version-history":[{"count":0,"href":"https:\/\/denizcankizil.tr\/ru\/wp-json\/wp\/v2\/posts\/34140\/revisions"}],"wp:attachment":[{"href":"https:\/\/denizcankizil.tr\/ru\/wp-json\/wp\/v2\/media?parent=34140"}],"wp:term":[{"taxonomy":"category","embeddable":true,"href":"https:\/\/denizcankizil.tr\/ru\/wp-json\/wp\/v2\/categories?post=34140"},{"taxonomy":"post_tag","embeddable":true,"href":"https:\/\/denizcankizil.tr\/ru\/wp-json\/wp\/v2\/tags?post=34140"}],"curies":[{"name":"wp","href":"https:\/\/api.w.org\/{rel}","templated":true}]}}