{"id":34051,"date":"2025-02-25T12:41:29","date_gmt":"2025-02-25T09:41:29","guid":{"rendered":"https:\/\/denizcankizil.tr\/uncategorized-tr\/deniz-doldurularak-yapilan-iskeleler-uydu-fotograflariyla-belgelendi\/"},"modified":"2025-02-25T12:41:29","modified_gmt":"2025-02-25T09:41:29","slug":"deniz-doldurularak-yapilan-iskeleler-uydu-fotograflariyla-belgelendi","status":"publish","type":"post","link":"https:\/\/denizcankizil.tr\/ru\/haberler\/antalya\/deniz-doldurularak-yapilan-iskeleler-uydu-fotograflariyla-belgelendi\/","title":{"rendered":"Deniz doldurularak yap\u0131lan iskeleler, uydu foto\u011fraflar\u0131yla belgelendi"},"content":{"rendered":"<p>Kentin bir\u00e7ok noktas\u0131nda oteller taraf\u0131ndan kullan\u0131lan ve deniz doldurularak yap\u0131lan mendirek \u015feklindeki iskeleler, uydu foto\u011fraflar\u0131yla belgelendi. Antalya k\u0131y\u0131lar\u0131nda iskeleler olmadan ve yap\u0131ld\u0131ktan sonraki hali, uydu foto\u011fraflar\u0131yla g\u00f6z \u00f6n\u00fcne serildi. Yap\u0131ld\u0131\u011f\u0131 yerin deniz ak\u0131nt\u0131lar\u0131n\u0131 kesen iskeleler, deniz ekosistemine de zarar veriyor. Baz\u0131 noktalardaki iskelelerin ise k\u0131y\u0131dan ba\u015flayarak, denizin yakla\u015f\u0131k 150 metre doldurularak yap\u0131ld\u0131\u011f\u0131 g\u00f6r\u00fcld\u00fc. \u0130skelelerin \u00fcstlerinde ise \u015fezlonglar ve kapal\u0131 localar\u0131n oldu\u011fu uydu foto\u011fraflar\u0131nda g\u00f6r\u00fcl\u00fcyor.<\/p>\n<p>\u2018SUYUN ISINMASINA SEBEP OLUYOR\u2019<\/p>\n<p>\u0130skelelerin deniz ekosistemine zarar verdi\u011fini s\u00f6yleyen Akdeniz \u00dcniversitesi Su \u00dcr\u00fcnleri Fak\u00fcltesi \u00d6\u011fretim \u00dcyesi Prof. Dr. Mehmet G\u00f6ko\u011flu, \u201cDoldurulan yerlerin baz\u0131lar\u0131nda iskeleler deniz \u00e7ay\u0131rlar\u0131 (Posidonia Oceanica) \u00fczerine yap\u0131ld\u0131. Bunlara dikkat edilmesi, bunun olmamas\u0131 gerekiyordu. K\u0131y\u0131 ak\u0131nt\u0131lar\u0131n\u0131 da kesiyor. \u0130skele yap\u0131l\u0131rken bir\u00e7ok ya\u015fam alan\u0131n\u0131 yok etti\u011fi gibi ak\u0131nt\u0131lar\u0131 kesti\u011fi i\u00e7in kirlili\u011fi de tutuyor. Su sirk\u00fclasyonu olmad\u0131\u011f\u0131 i\u00e7in suyun \u0131s\u0131nmas\u0131na da sebep oluyor. Alanya b\u00f6lgesine do\u011fru bak\u0131ld\u0131\u011f\u0131nda otellerin \u00e7o\u011funun \u00f6n\u00fcnde bunu g\u00f6r\u00fcyoruz&#8221; dedi.<\/p>\n<p>\u2018DEN\u0130ZE ZARAR VER\u0130L\u0130YOR\u2019<\/p>\n<p>\u0130skelelerin ak\u0131nt\u0131y\u0131 kesmesi nedeniyle denize de zarar verdi\u011fini belirten Prof. Dr. G\u00f6ko\u011flu, \u201cBunlar\u0131 yapanlar bindi\u011fi dal\u0131 kesiyor. Ak\u0131nt\u0131 olmad\u0131\u011f\u0131 i\u00e7in denize zarar veriliyor. Zaten Akdeniz \u0131s\u0131n\u0131yor, yaz\u0131n 30 dereceye kadar ula\u015f\u0131yor su s\u0131cakl\u0131\u011f\u0131. Bu kirlili\u011fe ba\u011fl\u0131 olarak zararl\u0131 organizmalar\u0131n olu\u015fma ihtimali de var burada. Bunlar denize girenlere temas etti\u011finde ka\u015f\u0131nma ve yanmaya neden olur. Kirlilikle birlikte mikroorganizmalar\u0131n art\u0131\u015f\u0131na sebep olur. Ayakl\u0131 iskeleler var, bunlar ak\u0131nt\u0131ya engel olmuyor. Mendirek \u015feklinde yap\u0131lanlar kadar etkisi olmaz&#8221; diye konu\u015ftu.<\/p>\n<p>Kaynak: www.kanalv.com.tr Haber Sitesinden Al\u0131nm\u0131\u015ft\u0131r.<\/p>","protected":false},"excerpt":{"rendered":"<p>Kentin bir\u00e7ok noktas\u0131nda oteller taraf\u0131ndan kullan\u0131lan ve deniz doldurularak yap\u0131lan mendirek \u015feklindeki iskeleler, uydu foto\u011fraflar\u0131yla belgelendi. Antalya k\u0131y\u0131lar\u0131nda iskeleler olmadan ve yap\u0131ld\u0131ktan sonraki hali, uydu foto\u011fraflar\u0131yla g\u00f6z \u00f6n\u00fcne serildi. Yap\u0131ld\u0131\u011f\u0131 yerin deniz ak\u0131nt\u0131lar\u0131n\u0131 kesen iskeleler, deniz ekosistemine de zarar veriyor. Baz\u0131 noktalardaki iskelelerin ise k\u0131y\u0131dan ba\u015flayarak, denizin yakla\u015f\u0131k 150 metre doldurularak yap\u0131ld\u0131\u011f\u0131 g\u00f6r\u00fcld\u00fc. \u0130skelelerin \u00fcstlerinde ise \u015fezlonglar ve kapal\u0131 localar\u0131n oldu\u011fu uydu foto\u011fraflar\u0131nda g\u00f6r\u00fcl\u00fcyor. \u2018SUYUN ISINMASINA SEBEP OLUYOR\u2019 \u0130skelelerin deniz ekosistemine zarar verdi\u011fini s\u00f6yleyen Akdeniz \u00dcniversitesi Su \u00dcr\u00fcnleri Fak\u00fcltesi \u00d6\u011fretim \u00dcyesi Prof. Dr. Mehmet G\u00f6ko\u011flu, \u201cDoldurulan yerlerin baz\u0131lar\u0131nda iskeleler deniz \u00e7ay\u0131rlar\u0131 (Posidonia Oceanica) \u00fczerine yap\u0131ld\u0131. Bunlara dikkat edilmesi, bunun olmamas\u0131 gerekiyordu. K\u0131y\u0131 ak\u0131nt\u0131lar\u0131n\u0131 da kesiyor. \u0130skele yap\u0131l\u0131rken bir\u00e7ok ya\u015fam alan\u0131n\u0131 yok etti\u011fi gibi ak\u0131nt\u0131lar\u0131 kesti\u011fi i\u00e7in kirlili\u011fi de tutuyor. Su sirk\u00fclasyonu olmad\u0131\u011f\u0131 i\u00e7in suyun \u0131s\u0131nmas\u0131na da sebep oluyor. Alanya b\u00f6lgesine do\u011fru bak\u0131ld\u0131\u011f\u0131nda otellerin \u00e7o\u011funun \u00f6n\u00fcnde bunu g\u00f6r\u00fcyoruz&#8221; dedi. \u2018DEN\u0130ZE ZARAR VER\u0130L\u0130YOR\u2019 \u0130skelelerin ak\u0131nt\u0131y\u0131 kesmesi nedeniyle denize de zarar verdi\u011fini belirten Prof. Dr. G\u00f6ko\u011flu, \u201cBunlar\u0131 yapanlar bindi\u011fi dal\u0131 kesiyor. Ak\u0131nt\u0131 olmad\u0131\u011f\u0131 i\u00e7in denize zarar veriliyor. Zaten Akdeniz \u0131s\u0131n\u0131yor, yaz\u0131n 30 dereceye kadar ula\u015f\u0131yor su s\u0131cakl\u0131\u011f\u0131. Bu kirlili\u011fe ba\u011fl\u0131 olarak zararl\u0131 organizmalar\u0131n olu\u015fma ihtimali de var burada. Bunlar denize girenlere temas etti\u011finde ka\u015f\u0131nma ve yanmaya neden olur. Kirlilikle birlikte mikroorganizmalar\u0131n art\u0131\u015f\u0131na sebep &hellip;<\/p>","protected":false},"author":4,"featured_media":34052,"comment_status":"open","ping_status":"open","sticky":false,"template":"","format":"standard","meta":{"_acf_changed":false,"footnotes":""},"categories":[26],"tags":[],"class_list":["post-34051","post","type-post","status-publish","format-standard","has-post-thumbnail","hentry","category-antalya"],"acf":[],"yoast_head":"<!-- This site is optimized with the Yoast SEO Premium plugin v26.6 (Yoast SEO v27.1.1) - https:\/\/yoast.com\/product\/yoast-seo-premium-wordpress\/ -->\n<title>Deniz doldurularak yap\u0131lan iskeleler, uydu foto\u011fraflar\u0131yla belgelendi - Av. Deniz Can K\u0131z\u0131l<\/title>\n<meta name=\"robots\" content=\"index, follow, max-snippet:-1, max-image-preview:large, max-video-preview:-1\" \/>\n<link rel=\"canonical\" href=\"https:\/\/denizcankizil.tr\/ru\/haberler\/antalya\/deniz-doldurularak-yapilan-iskeleler-uydu-fotograflariyla-belgelendi\/\" \/>\n<meta property=\"og:locale\" content=\"ru_RU\" \/>\n<meta property=\"og:type\" content=\"article\" \/>\n<meta property=\"og:title\" content=\"Deniz doldurularak yap\u0131lan iskeleler, uydu foto\u011fraflar\u0131yla belgelendi\" \/>\n<meta property=\"og:description\" content=\"Kentin bir\u00e7ok noktas\u0131nda oteller taraf\u0131ndan kullan\u0131lan ve deniz doldurularak yap\u0131lan mendirek \u015feklindeki iskeleler, uydu foto\u011fraflar\u0131yla belgelendi. Antalya k\u0131y\u0131lar\u0131nda iskeleler olmadan ve yap\u0131ld\u0131ktan sonraki hali, uydu foto\u011fraflar\u0131yla g\u00f6z \u00f6n\u00fcne serildi. Yap\u0131ld\u0131\u011f\u0131 yerin deniz ak\u0131nt\u0131lar\u0131n\u0131 kesen iskeleler, deniz ekosistemine de zarar veriyor. Baz\u0131 noktalardaki iskelelerin ise k\u0131y\u0131dan ba\u015flayarak, denizin yakla\u015f\u0131k 150 metre doldurularak yap\u0131ld\u0131\u011f\u0131 g\u00f6r\u00fcld\u00fc. \u0130skelelerin \u00fcstlerinde ise \u015fezlonglar ve kapal\u0131 localar\u0131n oldu\u011fu uydu foto\u011fraflar\u0131nda g\u00f6r\u00fcl\u00fcyor. \u2018SUYUN ISINMASINA SEBEP OLUYOR\u2019 \u0130skelelerin deniz ekosistemine zarar verdi\u011fini s\u00f6yleyen Akdeniz \u00dcniversitesi Su \u00dcr\u00fcnleri Fak\u00fcltesi \u00d6\u011fretim \u00dcyesi Prof. Dr. Mehmet G\u00f6ko\u011flu, \u201cDoldurulan yerlerin baz\u0131lar\u0131nda iskeleler deniz \u00e7ay\u0131rlar\u0131 (Posidonia Oceanica) \u00fczerine yap\u0131ld\u0131. Bunlara dikkat edilmesi, bunun olmamas\u0131 gerekiyordu. K\u0131y\u0131 ak\u0131nt\u0131lar\u0131n\u0131 da kesiyor. \u0130skele yap\u0131l\u0131rken bir\u00e7ok ya\u015fam alan\u0131n\u0131 yok etti\u011fi gibi ak\u0131nt\u0131lar\u0131 kesti\u011fi i\u00e7in kirlili\u011fi de tutuyor. Su sirk\u00fclasyonu olmad\u0131\u011f\u0131 i\u00e7in suyun \u0131s\u0131nmas\u0131na da sebep oluyor. Alanya b\u00f6lgesine do\u011fru bak\u0131ld\u0131\u011f\u0131nda otellerin \u00e7o\u011funun \u00f6n\u00fcnde bunu g\u00f6r\u00fcyoruz&#8221; dedi. \u2018DEN\u0130ZE ZARAR VER\u0130L\u0130YOR\u2019 \u0130skelelerin ak\u0131nt\u0131y\u0131 kesmesi nedeniyle denize de zarar verdi\u011fini belirten Prof. Dr. G\u00f6ko\u011flu, \u201cBunlar\u0131 yapanlar bindi\u011fi dal\u0131 kesiyor. Ak\u0131nt\u0131 olmad\u0131\u011f\u0131 i\u00e7in denize zarar veriliyor. Zaten Akdeniz \u0131s\u0131n\u0131yor, yaz\u0131n 30 dereceye kadar ula\u015f\u0131yor su s\u0131cakl\u0131\u011f\u0131. Bu kirlili\u011fe ba\u011fl\u0131 olarak zararl\u0131 organizmalar\u0131n olu\u015fma ihtimali de var burada. Bunlar denize girenlere temas etti\u011finde ka\u015f\u0131nma ve yanmaya neden olur. Kirlilikle birlikte mikroorganizmalar\u0131n art\u0131\u015f\u0131na sebep &hellip;\" \/>\n<meta property=\"og:url\" content=\"https:\/\/denizcankizil.tr\/ru\/haberler\/antalya\/deniz-doldurularak-yapilan-iskeleler-uydu-fotograflariyla-belgelendi\/\" \/>\n<meta property=\"og:site_name\" content=\"Av. Deniz Can K\u0131z\u0131l\" \/>\n<meta property=\"article:published_time\" content=\"2025-02-25T09:41:29+00:00\" \/>\n<meta property=\"og:image\" content=\"https:\/\/denizcankizil.tr\/wp-content\/uploads\/2025\/02\/5162-01-JCJOg1.jpeg\" \/>\n\t<meta property=\"og:image:width\" content=\"1280\" \/>\n\t<meta property=\"og:image:height\" content=\"720\" \/>\n\t<meta property=\"og:image:type\" content=\"image\/jpeg\" \/>\n<meta name=\"author\" content=\"Av. Deniz Can K\u0131z\u0131l\" \/>\n<meta name=\"twitter:card\" content=\"summary_large_image\" \/>\n<meta name=\"twitter:label1\" content=\"\u041d\u0430\u043f\u0438\u0441\u0430\u043d\u043e \u0430\u0432\u0442\u043e\u0440\u043e\u043c\" \/>\n\t<meta name=\"twitter:data1\" content=\"Av. Deniz Can K\u0131z\u0131l\" \/>\n\t<meta name=\"twitter:label2\" content=\"\u041f\u0440\u0438\u043c\u0435\u0440\u043d\u043e\u0435 \u0432\u0440\u0435\u043c\u044f \u0434\u043b\u044f \u0447\u0442\u0435\u043d\u0438\u044f\" \/>\n\t<meta name=\"twitter:data2\" content=\"2 \u043c\u0438\u043d\u0443\u0442\u044b\" \/>\n<script type=\"application\/ld+json\" class=\"yoast-schema-graph\">{\"@context\":\"https:\/\/schema.org\",\"@graph\":[{\"@type\":\"Article\",\"@id\":\"https:\/\/denizcankizil.tr\/ru\/haberler\/antalya\/deniz-doldurularak-yapilan-iskeleler-uydu-fotograflariyla-belgelendi\/#article\",\"isPartOf\":{\"@id\":\"https:\/\/denizcankizil.tr\/ru\/haberler\/antalya\/deniz-doldurularak-yapilan-iskeleler-uydu-fotograflariyla-belgelendi\/\"},\"author\":{\"name\":\"Av. Deniz Can K\u0131z\u0131l\",\"@id\":\"https:\/\/denizcankizil.tr\/#\/schema\/person\/5dc1b22991bd7ac833867c10afc9b0ff\"},\"headline\":\"Deniz doldurularak yap\u0131lan iskeleler, uydu foto\u011fraflar\u0131yla belgelendi\",\"datePublished\":\"2025-02-25T09:41:29+00:00\",\"mainEntityOfPage\":{\"@id\":\"https:\/\/denizcankizil.tr\/ru\/haberler\/antalya\/deniz-doldurularak-yapilan-iskeleler-uydu-fotograflariyla-belgelendi\/\"},\"wordCount\":334,\"commentCount\":0,\"publisher\":{\"@id\":\"https:\/\/denizcankizil.tr\/#organization\"},\"image\":{\"@id\":\"https:\/\/denizcankizil.tr\/ru\/haberler\/antalya\/deniz-doldurularak-yapilan-iskeleler-uydu-fotograflariyla-belgelendi\/#primaryimage\"},\"thumbnailUrl\":\"https:\/\/denizcankizil.tr\/wp-content\/uploads\/2025\/02\/5162-01-JCJOg1.jpeg\",\"articleSection\":[\"Antalya\"],\"inLanguage\":\"ru-RU\",\"potentialAction\":[{\"@type\":\"CommentAction\",\"name\":\"Comment\",\"target\":[\"https:\/\/denizcankizil.tr\/ru\/haberler\/antalya\/deniz-doldurularak-yapilan-iskeleler-uydu-fotograflariyla-belgelendi\/#respond\"]}]},{\"@type\":\"WebPage\",\"@id\":\"https:\/\/denizcankizil.tr\/ru\/haberler\/antalya\/deniz-doldurularak-yapilan-iskeleler-uydu-fotograflariyla-belgelendi\/\",\"url\":\"https:\/\/denizcankizil.tr\/ru\/haberler\/antalya\/deniz-doldurularak-yapilan-iskeleler-uydu-fotograflariyla-belgelendi\/\",\"name\":\"Deniz doldurularak yap\u0131lan iskeleler, uydu foto\u011fraflar\u0131yla belgelendi - Av. Deniz Can K\u0131z\u0131l\",\"isPartOf\":{\"@id\":\"https:\/\/denizcankizil.tr\/#website\"},\"primaryImageOfPage\":{\"@id\":\"https:\/\/denizcankizil.tr\/ru\/haberler\/antalya\/deniz-doldurularak-yapilan-iskeleler-uydu-fotograflariyla-belgelendi\/#primaryimage\"},\"image\":{\"@id\":\"https:\/\/denizcankizil.tr\/ru\/haberler\/antalya\/deniz-doldurularak-yapilan-iskeleler-uydu-fotograflariyla-belgelendi\/#primaryimage\"},\"thumbnailUrl\":\"https:\/\/denizcankizil.tr\/wp-content\/uploads\/2025\/02\/5162-01-JCJOg1.jpeg\",\"datePublished\":\"2025-02-25T09:41:29+00:00\",\"breadcrumb\":{\"@id\":\"https:\/\/denizcankizil.tr\/ru\/haberler\/antalya\/deniz-doldurularak-yapilan-iskeleler-uydu-fotograflariyla-belgelendi\/#breadcrumb\"},\"inLanguage\":\"ru-RU\",\"potentialAction\":[{\"@type\":\"ReadAction\",\"target\":[\"https:\/\/denizcankizil.tr\/ru\/haberler\/antalya\/deniz-doldurularak-yapilan-iskeleler-uydu-fotograflariyla-belgelendi\/\"]}]},{\"@type\":\"ImageObject\",\"inLanguage\":\"ru-RU\",\"@id\":\"https:\/\/denizcankizil.tr\/ru\/haberler\/antalya\/deniz-doldurularak-yapilan-iskeleler-uydu-fotograflariyla-belgelendi\/#primaryimage\",\"url\":\"https:\/\/denizcankizil.tr\/wp-content\/uploads\/2025\/02\/5162-01-JCJOg1.jpeg\",\"contentUrl\":\"https:\/\/denizcankizil.tr\/wp-content\/uploads\/2025\/02\/5162-01-JCJOg1.jpeg\",\"width\":1280,\"height\":720},{\"@type\":\"BreadcrumbList\",\"@id\":\"https:\/\/denizcankizil.tr\/ru\/haberler\/antalya\/deniz-doldurularak-yapilan-iskeleler-uydu-fotograflariyla-belgelendi\/#breadcrumb\",\"itemListElement\":[{\"@type\":\"ListItem\",\"position\":1,\"name\":\"Home\",\"item\":\"https:\/\/denizcankizil.tr\/de\/\"},{\"@type\":\"ListItem\",\"position\":2,\"name\":\"Deniz doldurularak yap\u0131lan iskeleler, uydu foto\u011fraflar\u0131yla belgelendi\"}]},{\"@type\":\"WebSite\",\"@id\":\"https:\/\/denizcankizil.tr\/#website\",\"url\":\"https:\/\/denizcankizil.tr\/\",\"name\":\"Av. Deniz Can K\u0131z\u0131l\",\"description\":\"Avukat Deniz Can K\u0131z\u0131l Antalya Barosu\",\"publisher\":{\"@id\":\"https:\/\/denizcankizil.tr\/#organization\"},\"potentialAction\":[{\"@type\":\"SearchAction\",\"target\":{\"@type\":\"EntryPoint\",\"urlTemplate\":\"https:\/\/denizcankizil.tr\/?s={search_term_string}\"},\"query-input\":{\"@type\":\"PropertyValueSpecification\",\"valueRequired\":true,\"valueName\":\"search_term_string\"}}],\"inLanguage\":\"ru-RU\"},{\"@type\":\"Organization\",\"@id\":\"https:\/\/denizcankizil.tr\/#organization\",\"name\":\"Av. Deniz Can K\u0131z\u0131l\",\"url\":\"https:\/\/denizcankizil.tr\/\",\"logo\":{\"@type\":\"ImageObject\",\"inLanguage\":\"ru-RU\",\"@id\":\"https:\/\/denizcankizil.tr\/#\/schema\/logo\/image\/\",\"url\":\"https:\/\/denizcankizil.tr\/wp-content\/uploads\/2024\/10\/siyah-logo-svg.svg\",\"contentUrl\":\"https:\/\/denizcankizil.tr\/wp-content\/uploads\/2024\/10\/siyah-logo-svg.svg\",\"width\":1080,\"height\":1080,\"caption\":\"Av. Deniz Can K\u0131z\u0131l\"},\"image\":{\"@id\":\"https:\/\/denizcankizil.tr\/#\/schema\/logo\/image\/\"}},{\"@type\":\"Person\",\"@id\":\"https:\/\/denizcankizil.tr\/#\/schema\/person\/5dc1b22991bd7ac833867c10afc9b0ff\",\"name\":\"Av. Deniz Can K\u0131z\u0131l\",\"image\":{\"@type\":\"ImageObject\",\"inLanguage\":\"ru-RU\",\"@id\":\"https:\/\/denizcankizil.tr\/#\/schema\/person\/image\/\",\"url\":\"https:\/\/secure.gravatar.com\/avatar\/a0b128fb9855c79efc976d5640eedb31dc35ec297594d6016d2cf7c60e975bb6?s=96&d=mm&r=g\",\"contentUrl\":\"https:\/\/secure.gravatar.com\/avatar\/a0b128fb9855c79efc976d5640eedb31dc35ec297594d6016d2cf7c60e975bb6?s=96&d=mm&r=g\",\"caption\":\"Av. Deniz Can K\u0131z\u0131l\"},\"sameAs\":[\"http:\/\/www.denizcankizil.tr\"],\"url\":\"https:\/\/denizcankizil.tr\/ru\/author\/denizcankizil\/\"}]}<\/script>\n<!-- \/ Yoast SEO Premium plugin. -->","yoast_head_json":{"title":"Deniz doldurularak yap\u0131lan iskeleler, uydu foto\u011fraflar\u0131yla belgelendi - Av. Deniz Can K\u0131z\u0131l","robots":{"index":"index","follow":"follow","max-snippet":"max-snippet:-1","max-image-preview":"max-image-preview:large","max-video-preview":"max-video-preview:-1"},"canonical":"https:\/\/denizcankizil.tr\/ru\/haberler\/antalya\/deniz-doldurularak-yapilan-iskeleler-uydu-fotograflariyla-belgelendi\/","og_locale":"ru_RU","og_type":"article","og_title":"Deniz doldurularak yap\u0131lan iskeleler, uydu foto\u011fraflar\u0131yla belgelendi","og_description":"Kentin bir\u00e7ok noktas\u0131nda oteller taraf\u0131ndan kullan\u0131lan ve deniz doldurularak yap\u0131lan mendirek \u015feklindeki iskeleler, uydu foto\u011fraflar\u0131yla belgelendi. Antalya k\u0131y\u0131lar\u0131nda iskeleler olmadan ve yap\u0131ld\u0131ktan sonraki hali, uydu foto\u011fraflar\u0131yla g\u00f6z \u00f6n\u00fcne serildi. Yap\u0131ld\u0131\u011f\u0131 yerin deniz ak\u0131nt\u0131lar\u0131n\u0131 kesen iskeleler, deniz ekosistemine de zarar veriyor. Baz\u0131 noktalardaki iskelelerin ise k\u0131y\u0131dan ba\u015flayarak, denizin yakla\u015f\u0131k 150 metre doldurularak yap\u0131ld\u0131\u011f\u0131 g\u00f6r\u00fcld\u00fc. \u0130skelelerin \u00fcstlerinde ise \u015fezlonglar ve kapal\u0131 localar\u0131n oldu\u011fu uydu foto\u011fraflar\u0131nda g\u00f6r\u00fcl\u00fcyor. \u2018SUYUN ISINMASINA SEBEP OLUYOR\u2019 \u0130skelelerin deniz ekosistemine zarar verdi\u011fini s\u00f6yleyen Akdeniz \u00dcniversitesi Su \u00dcr\u00fcnleri Fak\u00fcltesi \u00d6\u011fretim \u00dcyesi Prof. Dr. Mehmet G\u00f6ko\u011flu, \u201cDoldurulan yerlerin baz\u0131lar\u0131nda iskeleler deniz \u00e7ay\u0131rlar\u0131 (Posidonia Oceanica) \u00fczerine yap\u0131ld\u0131. Bunlara dikkat edilmesi, bunun olmamas\u0131 gerekiyordu. K\u0131y\u0131 ak\u0131nt\u0131lar\u0131n\u0131 da kesiyor. \u0130skele yap\u0131l\u0131rken bir\u00e7ok ya\u015fam alan\u0131n\u0131 yok etti\u011fi gibi ak\u0131nt\u0131lar\u0131 kesti\u011fi i\u00e7in kirlili\u011fi de tutuyor. Su sirk\u00fclasyonu olmad\u0131\u011f\u0131 i\u00e7in suyun \u0131s\u0131nmas\u0131na da sebep oluyor. Alanya b\u00f6lgesine do\u011fru bak\u0131ld\u0131\u011f\u0131nda otellerin \u00e7o\u011funun \u00f6n\u00fcnde bunu g\u00f6r\u00fcyoruz&#8221; dedi. \u2018DEN\u0130ZE ZARAR VER\u0130L\u0130YOR\u2019 \u0130skelelerin ak\u0131nt\u0131y\u0131 kesmesi nedeniyle denize de zarar verdi\u011fini belirten Prof. Dr. G\u00f6ko\u011flu, \u201cBunlar\u0131 yapanlar bindi\u011fi dal\u0131 kesiyor. Ak\u0131nt\u0131 olmad\u0131\u011f\u0131 i\u00e7in denize zarar veriliyor. Zaten Akdeniz \u0131s\u0131n\u0131yor, yaz\u0131n 30 dereceye kadar ula\u015f\u0131yor su s\u0131cakl\u0131\u011f\u0131. Bu kirlili\u011fe ba\u011fl\u0131 olarak zararl\u0131 organizmalar\u0131n olu\u015fma ihtimali de var burada. Bunlar denize girenlere temas etti\u011finde ka\u015f\u0131nma ve yanmaya neden olur. Kirlilikle birlikte mikroorganizmalar\u0131n art\u0131\u015f\u0131na sebep &hellip;","og_url":"https:\/\/denizcankizil.tr\/ru\/haberler\/antalya\/deniz-doldurularak-yapilan-iskeleler-uydu-fotograflariyla-belgelendi\/","og_site_name":"Av. Deniz Can K\u0131z\u0131l","article_published_time":"2025-02-25T09:41:29+00:00","og_image":[{"width":1280,"height":720,"url":"https:\/\/denizcankizil.tr\/wp-content\/uploads\/2025\/02\/5162-01-JCJOg1.jpeg","type":"image\/jpeg"}],"author":"Av. Deniz Can K\u0131z\u0131l","twitter_card":"summary_large_image","twitter_misc":{"\u041d\u0430\u043f\u0438\u0441\u0430\u043d\u043e \u0430\u0432\u0442\u043e\u0440\u043e\u043c":"Av. Deniz Can K\u0131z\u0131l","\u041f\u0440\u0438\u043c\u0435\u0440\u043d\u043e\u0435 \u0432\u0440\u0435\u043c\u044f \u0434\u043b\u044f \u0447\u0442\u0435\u043d\u0438\u044f":"2 \u043c\u0438\u043d\u0443\u0442\u044b"},"schema":{"@context":"https:\/\/schema.org","@graph":[{"@type":"Article","@id":"https:\/\/denizcankizil.tr\/ru\/haberler\/antalya\/deniz-doldurularak-yapilan-iskeleler-uydu-fotograflariyla-belgelendi\/#article","isPartOf":{"@id":"https:\/\/denizcankizil.tr\/ru\/haberler\/antalya\/deniz-doldurularak-yapilan-iskeleler-uydu-fotograflariyla-belgelendi\/"},"author":{"name":"Av. Deniz Can K\u0131z\u0131l","@id":"https:\/\/denizcankizil.tr\/#\/schema\/person\/5dc1b22991bd7ac833867c10afc9b0ff"},"headline":"Deniz doldurularak yap\u0131lan iskeleler, uydu foto\u011fraflar\u0131yla belgelendi","datePublished":"2025-02-25T09:41:29+00:00","mainEntityOfPage":{"@id":"https:\/\/denizcankizil.tr\/ru\/haberler\/antalya\/deniz-doldurularak-yapilan-iskeleler-uydu-fotograflariyla-belgelendi\/"},"wordCount":334,"commentCount":0,"publisher":{"@id":"https:\/\/denizcankizil.tr\/#organization"},"image":{"@id":"https:\/\/denizcankizil.tr\/ru\/haberler\/antalya\/deniz-doldurularak-yapilan-iskeleler-uydu-fotograflariyla-belgelendi\/#primaryimage"},"thumbnailUrl":"https:\/\/denizcankizil.tr\/wp-content\/uploads\/2025\/02\/5162-01-JCJOg1.jpeg","articleSection":["Antalya"],"inLanguage":"ru-RU","potentialAction":[{"@type":"CommentAction","name":"Comment","target":["https:\/\/denizcankizil.tr\/ru\/haberler\/antalya\/deniz-doldurularak-yapilan-iskeleler-uydu-fotograflariyla-belgelendi\/#respond"]}]},{"@type":"WebPage","@id":"https:\/\/denizcankizil.tr\/ru\/haberler\/antalya\/deniz-doldurularak-yapilan-iskeleler-uydu-fotograflariyla-belgelendi\/","url":"https:\/\/denizcankizil.tr\/ru\/haberler\/antalya\/deniz-doldurularak-yapilan-iskeleler-uydu-fotograflariyla-belgelendi\/","name":"Deniz doldurularak yap\u0131lan iskeleler, uydu foto\u011fraflar\u0131yla belgelendi - Av. Deniz Can K\u0131z\u0131l","isPartOf":{"@id":"https:\/\/denizcankizil.tr\/#website"},"primaryImageOfPage":{"@id":"https:\/\/denizcankizil.tr\/ru\/haberler\/antalya\/deniz-doldurularak-yapilan-iskeleler-uydu-fotograflariyla-belgelendi\/#primaryimage"},"image":{"@id":"https:\/\/denizcankizil.tr\/ru\/haberler\/antalya\/deniz-doldurularak-yapilan-iskeleler-uydu-fotograflariyla-belgelendi\/#primaryimage"},"thumbnailUrl":"https:\/\/denizcankizil.tr\/wp-content\/uploads\/2025\/02\/5162-01-JCJOg1.jpeg","datePublished":"2025-02-25T09:41:29+00:00","breadcrumb":{"@id":"https:\/\/denizcankizil.tr\/ru\/haberler\/antalya\/deniz-doldurularak-yapilan-iskeleler-uydu-fotograflariyla-belgelendi\/#breadcrumb"},"inLanguage":"ru-RU","potentialAction":[{"@type":"ReadAction","target":["https:\/\/denizcankizil.tr\/ru\/haberler\/antalya\/deniz-doldurularak-yapilan-iskeleler-uydu-fotograflariyla-belgelendi\/"]}]},{"@type":"ImageObject","inLanguage":"ru-RU","@id":"https:\/\/denizcankizil.tr\/ru\/haberler\/antalya\/deniz-doldurularak-yapilan-iskeleler-uydu-fotograflariyla-belgelendi\/#primaryimage","url":"https:\/\/denizcankizil.tr\/wp-content\/uploads\/2025\/02\/5162-01-JCJOg1.jpeg","contentUrl":"https:\/\/denizcankizil.tr\/wp-content\/uploads\/2025\/02\/5162-01-JCJOg1.jpeg","width":1280,"height":720},{"@type":"BreadcrumbList","@id":"https:\/\/denizcankizil.tr\/ru\/haberler\/antalya\/deniz-doldurularak-yapilan-iskeleler-uydu-fotograflariyla-belgelendi\/#breadcrumb","itemListElement":[{"@type":"ListItem","position":1,"name":"Home","item":"https:\/\/denizcankizil.tr\/de\/"},{"@type":"ListItem","position":2,"name":"Deniz doldurularak yap\u0131lan iskeleler, uydu foto\u011fraflar\u0131yla belgelendi"}]},{"@type":"WebSite","@id":"https:\/\/denizcankizil.tr\/#website","url":"https:\/\/denizcankizil.tr\/","name":"Av. Deniz Can K\u0131z\u0131l","description":"Avukat Deniz Can K\u0131z\u0131l Antalya Barosu","publisher":{"@id":"https:\/\/denizcankizil.tr\/#organization"},"potentialAction":[{"@type":"SearchAction","target":{"@type":"EntryPoint","urlTemplate":"https:\/\/denizcankizil.tr\/?s={search_term_string}"},"query-input":{"@type":"PropertyValueSpecification","valueRequired":true,"valueName":"search_term_string"}}],"inLanguage":"ru-RU"},{"@type":"Organization","@id":"https:\/\/denizcankizil.tr\/#organization","name":"Av. Deniz Can K\u0131z\u0131l","url":"https:\/\/denizcankizil.tr\/","logo":{"@type":"ImageObject","inLanguage":"ru-RU","@id":"https:\/\/denizcankizil.tr\/#\/schema\/logo\/image\/","url":"https:\/\/denizcankizil.tr\/wp-content\/uploads\/2024\/10\/siyah-logo-svg.svg","contentUrl":"https:\/\/denizcankizil.tr\/wp-content\/uploads\/2024\/10\/siyah-logo-svg.svg","width":1080,"height":1080,"caption":"Av. Deniz Can K\u0131z\u0131l"},"image":{"@id":"https:\/\/denizcankizil.tr\/#\/schema\/logo\/image\/"}},{"@type":"Person","@id":"https:\/\/denizcankizil.tr\/#\/schema\/person\/5dc1b22991bd7ac833867c10afc9b0ff","name":"Av. Deniz Can K\u0131z\u0131l","image":{"@type":"ImageObject","inLanguage":"ru-RU","@id":"https:\/\/denizcankizil.tr\/#\/schema\/person\/image\/","url":"https:\/\/secure.gravatar.com\/avatar\/a0b128fb9855c79efc976d5640eedb31dc35ec297594d6016d2cf7c60e975bb6?s=96&d=mm&r=g","contentUrl":"https:\/\/secure.gravatar.com\/avatar\/a0b128fb9855c79efc976d5640eedb31dc35ec297594d6016d2cf7c60e975bb6?s=96&d=mm&r=g","caption":"Av. Deniz Can K\u0131z\u0131l"},"sameAs":["http:\/\/www.denizcankizil.tr"],"url":"https:\/\/denizcankizil.tr\/ru\/author\/denizcankizil\/"}]}},"_links":{"self":[{"href":"https:\/\/denizcankizil.tr\/ru\/wp-json\/wp\/v2\/posts\/34051","targetHints":{"allow":["GET"]}}],"collection":[{"href":"https:\/\/denizcankizil.tr\/ru\/wp-json\/wp\/v2\/posts"}],"about":[{"href":"https:\/\/denizcankizil.tr\/ru\/wp-json\/wp\/v2\/types\/post"}],"author":[{"embeddable":true,"href":"https:\/\/denizcankizil.tr\/ru\/wp-json\/wp\/v2\/users\/4"}],"replies":[{"embeddable":true,"href":"https:\/\/denizcankizil.tr\/ru\/wp-json\/wp\/v2\/comments?post=34051"}],"version-history":[{"count":0,"href":"https:\/\/denizcankizil.tr\/ru\/wp-json\/wp\/v2\/posts\/34051\/revisions"}],"wp:featuredmedia":[{"embeddable":true,"href":"https:\/\/denizcankizil.tr\/ru\/wp-json\/wp\/v2\/media\/34052"}],"wp:attachment":[{"href":"https:\/\/denizcankizil.tr\/ru\/wp-json\/wp\/v2\/media?parent=34051"}],"wp:term":[{"taxonomy":"category","embeddable":true,"href":"https:\/\/denizcankizil.tr\/ru\/wp-json\/wp\/v2\/categories?post=34051"},{"taxonomy":"post_tag","embeddable":true,"href":"https:\/\/denizcankizil.tr\/ru\/wp-json\/wp\/v2\/tags?post=34051"}],"curies":[{"name":"wp","href":"https:\/\/api.w.org\/{rel}","templated":true}]}}