{"id":33957,"date":"2025-02-24T11:41:38","date_gmt":"2025-02-24T08:41:38","guid":{"rendered":"https:\/\/denizcankizil.tr\/uncategorized-tr\/izmirde-yol-calismalari-devam-ediyor\/"},"modified":"2025-02-24T11:41:38","modified_gmt":"2025-02-24T08:41:38","slug":"izmirde-yol-calismalari-devam-ediyor","status":"publish","type":"post","link":"https:\/\/denizcankizil.tr\/ru\/haberler\/gundem\/izmirde-yol-calismalari-devam-ediyor\/","title":{"rendered":"\u0130zmir&#8217;de yol \u00e7al\u0131\u015fmalar\u0131 devam ediyor"},"content":{"rendered":"<p>\u0130zmir Bornova Belediyesi, hava ko\u015fullar\u0131n\u0131n uygun oldu\u011fu k\u0131\u015f g\u00fcnlerinde de asfalt serimi ve yol d\u00fczenleme \u00e7al\u0131\u015fmalar\u0131n\u0131 s\u00fcrd\u00fcr\u00fcyor. Atat\u00fcrk, Do\u011fanlar ve Nald\u00f6ken mahallelerinde ger\u00e7ekle\u015ftirilen asfaltlama ve kald\u0131r\u0131m d\u00fczenlemeleriyle ula\u015f\u0131m konforu art\u0131r\u0131l\u0131yor. Ba\u015fkan \u00d6mer E\u015fki, vatanda\u015flar\u0131n taleplerini dikkate alarak g\u00fcvenli ve konforlu ula\u015f\u0131m\u0131 \u00f6nceliklendirdiklerini belirtti.\u0130ZM\u0130R (\u0130GFA) &#8211; \u0130zmir\u00a0Bornova Belediyesi, il\u00e7e genelinde konforlu ula\u015f\u0131m\u0131 sa\u011flamak ve trafik sorunlar\u0131n\u0131 \u00e7\u00f6zmek amac\u0131yla asfalt serim sezonu d\u0131\u015f\u0131nda da \u00e7al\u0131\u015fmalar\u0131n\u0131 s\u00fcrd\u00fcr\u00fcyor. K\u0131\u015f mevsiminde olmas\u0131na ra\u011fmen hava \u015fartlar\u0131n\u0131n uygun oldu\u011fu ya\u011f\u0131\u015fs\u0131z ve s\u0131cakl\u0131\u011f\u0131n s\u0131f\u0131r\u0131n alt\u0131na d\u00fc\u015fmedi\u011fi g\u00fcnlerde yol yap\u0131m ve asfalt \u00e7al\u0131\u015fmalar\u0131na h\u0131z verildi.<br \/>\n\u00a0\u00dc\u00c7 MAHALLEDE \u00d6NEML\u0130 \u00c7ALI\u015eMALAR<br \/>\nBu kapsamda Atat\u00fcrk Mahallesi\u2019nde planlanan 15 soka\u011f\u0131n ard\u0131ndan 894 Sokak\u2019ta asfalt serimi \u00e7al\u0131\u015fmalar\u0131 s\u00fcr\u00fcyor. Do\u011fanlar Mahallesi\u2019nde 1497 Sokak\u2019ta kald\u0131r\u0131m d\u00fczenlemesi ve asfalt serimi ger\u00e7ekle\u015ftirilirken, Nald\u00f6ken Mahallesi\u2019nde sa\u011fl\u0131k oca\u011f\u0131 ve okulun da bulundu\u011fu, vatanda\u015flar\u0131n yo\u011fun talepte bulundu\u011fu 1202 Sokak\u2019ta asfalt serimi yap\u0131ld\u0131.<br \/>\n\u00a0BA\u015eKAN E\u015eK\u0130: \u201cHALKIMIZIN TALEPLER\u0130N\u0130 D\u0130KKATE ALIYORUZ\u201d<br \/>\n\u00c7al\u0131\u015fmalar hakk\u0131nda konu\u015fan Bornova Belediye Ba\u015fkan\u0131 \u00d6mer E\u015fki, il\u00e7enin yol konforunu art\u0131rmaya y\u00f6nelik yat\u0131r\u0131mlar\u0131n devam edece\u011fini belirterek, \u201cVatanda\u015flar\u0131m\u0131z\u0131n g\u00fcvenli ve konforlu ula\u015f\u0131m\u0131 bizim \u00f6nceli\u011fimiz. K\u0131\u015f \u015fartlar\u0131 elverdi\u011fi s\u00fcrece asfalt serimi ve yol d\u00fczenlemeleri yapmaya devam edece\u011fiz. Halk\u0131m\u0131zdan gelen talepleri dikkate al\u0131yor, mahallelerimizin ihtiya\u00e7lar\u0131n\u0131 tespit ederek en k\u0131sa s\u00fcrede \u00e7\u00f6z\u00fcme kavu\u015fturuyoruz\u201d dedi.<\/p>\n<p>\u200b\u0130zmir Bornova Belediyesi, hava ko\u015fullar\u0131n\u0131n uygun oldu\u011fu k\u0131\u015f g\u00fcnlerinde de asfalt serimi ve yol d\u00fczenleme \u00e7al\u0131\u015fmalar\u0131n\u0131 s\u00fcrd\u00fcr\u00fcyor. Atat\u00fcrk, Do\u011fanlar ve Nald\u00f6ken mahallelerinde ger\u00e7ekle\u015ftirilen asfaltlama ve kald\u0131r\u0131m d\u00fczenlemeleriyle ula\u015f\u0131m konforu art\u0131r\u0131l\u0131yor. Ba\u015fkan \u00d6mer E\u015fki, vatanda\u015flar\u0131n taleplerini dikkate alarak g\u00fcvenli ve konforlu ula\u015f\u0131m\u0131 \u00f6nceliklendirdiklerini belirtti.\u0130ZM\u0130R (\u0130GFA) &#8211; \u0130zmir\u00a0Bornova Belediyesi, il\u00e7e genelinde konforlu ula\u015f\u0131m\u0131 sa\u011flamak ve trafik sorunlar\u0131n\u0131 \u00e7\u00f6zmek amac\u0131yla asfalt serim sezonu d\u0131\u015f\u0131nda da \u00e7al\u0131\u015fmalar\u0131n\u0131 s\u00fcrd\u00fcr\u00fcyor. K\u0131\u015f mevsiminde olmas\u0131na ra\u011fmen hava \u015fartlar\u0131n\u0131n uygun oldu\u011fu ya\u011f\u0131\u015fs\u0131z ve s\u0131cakl\u0131\u011f\u0131n s\u0131f\u0131r\u0131n alt\u0131na d\u00fc\u015fmedi\u011fi g\u00fcnlerde yol yap\u0131m ve asfalt \u00e7al\u0131\u015fmalar\u0131na h\u0131z verildi.<br \/>\n\u00a0\u00dc\u00c7 MAHALLEDE \u00d6NEML\u0130 \u00c7ALI\u015eMALAR<br \/>\nBu kapsamda Atat\u00fcrk Mahallesi\u2019nde planlanan 15 soka\u011f\u0131n ard\u0131ndan 894 Sokak\u2019ta asfalt serimi \u00e7al\u0131\u015fmalar\u0131 s\u00fcr\u00fcyor. Do\u011fanlar Mahallesi\u2019nde 1497 Sokak\u2019ta kald\u0131r\u0131m d\u00fczenlemesi ve asfalt serimi ger\u00e7ekle\u015ftirilirken, Nald\u00f6ken Mahallesi\u2019nde sa\u011fl\u0131k oca\u011f\u0131 ve okulun da bulundu\u011fu, vatanda\u015flar\u0131n yo\u011fun talepte bulundu\u011fu 1202 Sokak\u2019ta asfalt serimi yap\u0131ld\u0131.<br \/>\n\u00a0BA\u015eKAN E\u015eK\u0130: \u201cHALKIMIZIN TALEPLER\u0130N\u0130 D\u0130KKATE ALIYORUZ\u201d<br \/>\n\u00c7al\u0131\u015fmalar hakk\u0131nda konu\u015fan Bornova Belediye Ba\u015fkan\u0131 \u00d6mer E\u015fki, il\u00e7enin yol konforunu art\u0131rmaya y\u00f6nelik yat\u0131r\u0131mlar\u0131n devam edece\u011fini belirterek, \u201cVatanda\u015flar\u0131m\u0131z\u0131n g\u00fcvenli ve konforlu ula\u015f\u0131m\u0131 bizim \u00f6nceli\u011fimiz. K\u0131\u015f \u015fartlar\u0131 elverdi\u011fi s\u00fcrece asfalt serimi ve yol d\u00fczenlemeleri yapmaya devam edece\u011fiz. Halk\u0131m\u0131zdan gelen talepleri dikkate al\u0131yor, mahallelerimizin ihtiya\u00e7lar\u0131n\u0131 tespit ederek en k\u0131sa s\u00fcrede \u00e7\u00f6z\u00fcme kavu\u015fturuyoruz\u201d dedi.\u00a0<\/p>\n<p>\u200bHaberin Al\u0131nt\u0131land\u0131\u011f\u0131 Kaynak: www.iskenderun.org<\/p>","protected":false},"excerpt":{"rendered":"<p>\u0130zmir Bornova Belediyesi, hava ko\u015fullar\u0131n\u0131n uygun oldu\u011fu k\u0131\u015f g\u00fcnlerinde de asfalt serimi ve yol d\u00fczenleme \u00e7al\u0131\u015fmalar\u0131n\u0131 s\u00fcrd\u00fcr\u00fcyor. Atat\u00fcrk, Do\u011fanlar ve Nald\u00f6ken mahallelerinde ger\u00e7ekle\u015ftirilen asfaltlama ve kald\u0131r\u0131m d\u00fczenlemeleriyle ula\u015f\u0131m konforu art\u0131r\u0131l\u0131yor. Ba\u015fkan \u00d6mer E\u015fki, vatanda\u015flar\u0131n taleplerini dikkate alarak g\u00fcvenli ve konforlu ula\u015f\u0131m\u0131 \u00f6nceliklendirdiklerini belirtti.\u0130ZM\u0130R (\u0130GFA) &#8211; \u0130zmir\u00a0Bornova Belediyesi, il\u00e7e genelinde konforlu ula\u015f\u0131m\u0131 sa\u011flamak ve trafik sorunlar\u0131n\u0131 \u00e7\u00f6zmek amac\u0131yla asfalt serim sezonu d\u0131\u015f\u0131nda da \u00e7al\u0131\u015fmalar\u0131n\u0131 s\u00fcrd\u00fcr\u00fcyor. K\u0131\u015f mevsiminde olmas\u0131na ra\u011fmen hava \u015fartlar\u0131n\u0131n uygun oldu\u011fu ya\u011f\u0131\u015fs\u0131z ve s\u0131cakl\u0131\u011f\u0131n s\u0131f\u0131r\u0131n alt\u0131na d\u00fc\u015fmedi\u011fi g\u00fcnlerde yol yap\u0131m ve asfalt \u00e7al\u0131\u015fmalar\u0131na h\u0131z verildi. \u00a0\u00dc\u00c7 MAHALLEDE \u00d6NEML\u0130 \u00c7ALI\u015eMALAR Bu kapsamda Atat\u00fcrk Mahallesi\u2019nde planlanan 15 soka\u011f\u0131n ard\u0131ndan 894 Sokak\u2019ta asfalt serimi \u00e7al\u0131\u015fmalar\u0131 s\u00fcr\u00fcyor. Do\u011fanlar Mahallesi\u2019nde 1497 Sokak\u2019ta kald\u0131r\u0131m d\u00fczenlemesi ve asfalt serimi ger\u00e7ekle\u015ftirilirken, Nald\u00f6ken Mahallesi\u2019nde sa\u011fl\u0131k oca\u011f\u0131 ve okulun da bulundu\u011fu, vatanda\u015flar\u0131n yo\u011fun talepte bulundu\u011fu 1202 Sokak\u2019ta asfalt serimi yap\u0131ld\u0131. \u00a0BA\u015eKAN E\u015eK\u0130: \u201cHALKIMIZIN TALEPLER\u0130N\u0130 D\u0130KKATE ALIYORUZ\u201d \u00c7al\u0131\u015fmalar hakk\u0131nda konu\u015fan Bornova Belediye Ba\u015fkan\u0131 \u00d6mer E\u015fki, il\u00e7enin yol konforunu art\u0131rmaya y\u00f6nelik yat\u0131r\u0131mlar\u0131n devam edece\u011fini belirterek, \u201cVatanda\u015flar\u0131m\u0131z\u0131n g\u00fcvenli ve konforlu ula\u015f\u0131m\u0131 bizim \u00f6nceli\u011fimiz. K\u0131\u015f \u015fartlar\u0131 elverdi\u011fi s\u00fcrece asfalt serimi ve yol d\u00fczenlemeleri yapmaya devam edece\u011fiz. Halk\u0131m\u0131zdan gelen talepleri dikkate al\u0131yor, mahallelerimizin ihtiya\u00e7lar\u0131n\u0131 tespit ederek en k\u0131sa s\u00fcrede \u00e7\u00f6z\u00fcme kavu\u015fturuyoruz\u201d dedi. \u200b\u0130zmir Bornova Belediyesi, hava ko\u015fullar\u0131n\u0131n uygun oldu\u011fu k\u0131\u015f g\u00fcnlerinde de asfalt serimi &hellip;<\/p>","protected":false},"author":1,"featured_media":0,"comment_status":"open","ping_status":"open","sticky":false,"template":"","format":"standard","meta":{"_acf_changed":false,"footnotes":""},"categories":[24],"tags":[],"class_list":["post-33957","post","type-post","status-publish","format-standard","has-post-thumbnail","hentry","category-gundem"],"acf":[],"yoast_head":"<!-- This site is optimized with the Yoast SEO Premium plugin v26.6 (Yoast SEO v27.1.1) - https:\/\/yoast.com\/product\/yoast-seo-premium-wordpress\/ -->\n<title>\u0130zmir&#039;de yol \u00e7al\u0131\u015fmalar\u0131 devam ediyor - Av. Deniz Can K\u0131z\u0131l<\/title>\n<meta name=\"robots\" content=\"index, follow, max-snippet:-1, max-image-preview:large, max-video-preview:-1\" \/>\n<link rel=\"canonical\" href=\"https:\/\/denizcankizil.tr\/ru\/haberler\/gundem\/izmirde-yol-calismalari-devam-ediyor\/\" \/>\n<meta property=\"og:locale\" content=\"ru_RU\" \/>\n<meta property=\"og:type\" content=\"article\" \/>\n<meta property=\"og:title\" content=\"\u0130zmir&#039;de yol \u00e7al\u0131\u015fmalar\u0131 devam ediyor\" \/>\n<meta property=\"og:description\" content=\"\u0130zmir Bornova Belediyesi, hava ko\u015fullar\u0131n\u0131n uygun oldu\u011fu k\u0131\u015f g\u00fcnlerinde de asfalt serimi ve yol d\u00fczenleme \u00e7al\u0131\u015fmalar\u0131n\u0131 s\u00fcrd\u00fcr\u00fcyor. Atat\u00fcrk, Do\u011fanlar ve Nald\u00f6ken mahallelerinde ger\u00e7ekle\u015ftirilen asfaltlama ve kald\u0131r\u0131m d\u00fczenlemeleriyle ula\u015f\u0131m konforu art\u0131r\u0131l\u0131yor. Ba\u015fkan \u00d6mer E\u015fki, vatanda\u015flar\u0131n taleplerini dikkate alarak g\u00fcvenli ve konforlu ula\u015f\u0131m\u0131 \u00f6nceliklendirdiklerini belirtti.\u0130ZM\u0130R (\u0130GFA) &#8211; \u0130zmir\u00a0Bornova Belediyesi, il\u00e7e genelinde konforlu ula\u015f\u0131m\u0131 sa\u011flamak ve trafik sorunlar\u0131n\u0131 \u00e7\u00f6zmek amac\u0131yla asfalt serim sezonu d\u0131\u015f\u0131nda da \u00e7al\u0131\u015fmalar\u0131n\u0131 s\u00fcrd\u00fcr\u00fcyor. K\u0131\u015f mevsiminde olmas\u0131na ra\u011fmen hava \u015fartlar\u0131n\u0131n uygun oldu\u011fu ya\u011f\u0131\u015fs\u0131z ve s\u0131cakl\u0131\u011f\u0131n s\u0131f\u0131r\u0131n alt\u0131na d\u00fc\u015fmedi\u011fi g\u00fcnlerde yol yap\u0131m ve asfalt \u00e7al\u0131\u015fmalar\u0131na h\u0131z verildi. \u00a0\u00dc\u00c7 MAHALLEDE \u00d6NEML\u0130 \u00c7ALI\u015eMALAR Bu kapsamda Atat\u00fcrk Mahallesi\u2019nde planlanan 15 soka\u011f\u0131n ard\u0131ndan 894 Sokak\u2019ta asfalt serimi \u00e7al\u0131\u015fmalar\u0131 s\u00fcr\u00fcyor. Do\u011fanlar Mahallesi\u2019nde 1497 Sokak\u2019ta kald\u0131r\u0131m d\u00fczenlemesi ve asfalt serimi ger\u00e7ekle\u015ftirilirken, Nald\u00f6ken Mahallesi\u2019nde sa\u011fl\u0131k oca\u011f\u0131 ve okulun da bulundu\u011fu, vatanda\u015flar\u0131n yo\u011fun talepte bulundu\u011fu 1202 Sokak\u2019ta asfalt serimi yap\u0131ld\u0131. \u00a0BA\u015eKAN E\u015eK\u0130: \u201cHALKIMIZIN TALEPLER\u0130N\u0130 D\u0130KKATE ALIYORUZ\u201d \u00c7al\u0131\u015fmalar hakk\u0131nda konu\u015fan Bornova Belediye Ba\u015fkan\u0131 \u00d6mer E\u015fki, il\u00e7enin yol konforunu art\u0131rmaya y\u00f6nelik yat\u0131r\u0131mlar\u0131n devam edece\u011fini belirterek, \u201cVatanda\u015flar\u0131m\u0131z\u0131n g\u00fcvenli ve konforlu ula\u015f\u0131m\u0131 bizim \u00f6nceli\u011fimiz. K\u0131\u015f \u015fartlar\u0131 elverdi\u011fi s\u00fcrece asfalt serimi ve yol d\u00fczenlemeleri yapmaya devam edece\u011fiz. Halk\u0131m\u0131zdan gelen talepleri dikkate al\u0131yor, mahallelerimizin ihtiya\u00e7lar\u0131n\u0131 tespit ederek en k\u0131sa s\u00fcrede \u00e7\u00f6z\u00fcme kavu\u015fturuyoruz\u201d dedi. \u200b\u0130zmir Bornova Belediyesi, hava ko\u015fullar\u0131n\u0131n uygun oldu\u011fu k\u0131\u015f g\u00fcnlerinde de asfalt serimi &hellip;\" \/>\n<meta property=\"og:url\" content=\"https:\/\/denizcankizil.tr\/ru\/haberler\/gundem\/izmirde-yol-calismalari-devam-ediyor\/\" \/>\n<meta property=\"og:site_name\" content=\"Av. Deniz Can K\u0131z\u0131l\" \/>\n<meta property=\"article:published_time\" content=\"2025-02-24T08:41:38+00:00\" \/>\n<meta name=\"author\" content=\"admin\" \/>\n<meta name=\"twitter:card\" content=\"summary_large_image\" \/>\n<meta name=\"twitter:label1\" content=\"\u041d\u0430\u043f\u0438\u0441\u0430\u043d\u043e \u0430\u0432\u0442\u043e\u0440\u043e\u043c\" \/>\n\t<meta name=\"twitter:data1\" content=\"admin\" \/>\n\t<meta name=\"twitter:label2\" content=\"\u041f\u0440\u0438\u043c\u0435\u0440\u043d\u043e\u0435 \u0432\u0440\u0435\u043c\u044f \u0434\u043b\u044f \u0447\u0442\u0435\u043d\u0438\u044f\" \/>\n\t<meta name=\"twitter:data2\" content=\"3 \u043c\u0438\u043d\u0443\u0442\u044b\" \/>\n<script type=\"application\/ld+json\" class=\"yoast-schema-graph\">{\"@context\":\"https:\/\/schema.org\",\"@graph\":[{\"@type\":\"Article\",\"@id\":\"https:\/\/denizcankizil.tr\/ru\/haberler\/gundem\/izmirde-yol-calismalari-devam-ediyor\/#article\",\"isPartOf\":{\"@id\":\"https:\/\/denizcankizil.tr\/ru\/haberler\/gundem\/izmirde-yol-calismalari-devam-ediyor\/\"},\"author\":{\"name\":\"admin\",\"@id\":\"https:\/\/denizcankizil.tr\/#\/schema\/person\/be3c05fe6a12686905512445d8185489\"},\"headline\":\"\u0130zmir&#8217;de yol \u00e7al\u0131\u015fmalar\u0131 devam ediyor\",\"datePublished\":\"2025-02-24T08:41:38+00:00\",\"mainEntityOfPage\":{\"@id\":\"https:\/\/denizcankizil.tr\/ru\/haberler\/gundem\/izmirde-yol-calismalari-devam-ediyor\/\"},\"wordCount\":635,\"commentCount\":0,\"publisher\":{\"@id\":\"https:\/\/denizcankizil.tr\/#organization\"},\"articleSection\":[\"G\u00fcndem\"],\"inLanguage\":\"ru-RU\",\"potentialAction\":[{\"@type\":\"CommentAction\",\"name\":\"Comment\",\"target\":[\"https:\/\/denizcankizil.tr\/ru\/haberler\/gundem\/izmirde-yol-calismalari-devam-ediyor\/#respond\"]}]},{\"@type\":\"WebPage\",\"@id\":\"https:\/\/denizcankizil.tr\/ru\/haberler\/gundem\/izmirde-yol-calismalari-devam-ediyor\/\",\"url\":\"https:\/\/denizcankizil.tr\/ru\/haberler\/gundem\/izmirde-yol-calismalari-devam-ediyor\/\",\"name\":\"\u0130zmir'de yol \u00e7al\u0131\u015fmalar\u0131 devam ediyor - Av. Deniz Can K\u0131z\u0131l\",\"isPartOf\":{\"@id\":\"https:\/\/denizcankizil.tr\/#website\"},\"datePublished\":\"2025-02-24T08:41:38+00:00\",\"breadcrumb\":{\"@id\":\"https:\/\/denizcankizil.tr\/ru\/haberler\/gundem\/izmirde-yol-calismalari-devam-ediyor\/#breadcrumb\"},\"inLanguage\":\"ru-RU\",\"potentialAction\":[{\"@type\":\"ReadAction\",\"target\":[\"https:\/\/denizcankizil.tr\/ru\/haberler\/gundem\/izmirde-yol-calismalari-devam-ediyor\/\"]}]},{\"@type\":\"BreadcrumbList\",\"@id\":\"https:\/\/denizcankizil.tr\/ru\/haberler\/gundem\/izmirde-yol-calismalari-devam-ediyor\/#breadcrumb\",\"itemListElement\":[{\"@type\":\"ListItem\",\"position\":1,\"name\":\"Home\",\"item\":\"https:\/\/denizcankizil.tr\/uk\/\"},{\"@type\":\"ListItem\",\"position\":2,\"name\":\"\u0130zmir&#8217;de yol \u00e7al\u0131\u015fmalar\u0131 devam ediyor\"}]},{\"@type\":\"WebSite\",\"@id\":\"https:\/\/denizcankizil.tr\/#website\",\"url\":\"https:\/\/denizcankizil.tr\/\",\"name\":\"Av. Deniz Can K\u0131z\u0131l\",\"description\":\"Avukat Deniz Can K\u0131z\u0131l Antalya Barosu\",\"publisher\":{\"@id\":\"https:\/\/denizcankizil.tr\/#organization\"},\"potentialAction\":[{\"@type\":\"SearchAction\",\"target\":{\"@type\":\"EntryPoint\",\"urlTemplate\":\"https:\/\/denizcankizil.tr\/?s={search_term_string}\"},\"query-input\":{\"@type\":\"PropertyValueSpecification\",\"valueRequired\":true,\"valueName\":\"search_term_string\"}}],\"inLanguage\":\"ru-RU\"},{\"@type\":\"Organization\",\"@id\":\"https:\/\/denizcankizil.tr\/#organization\",\"name\":\"Av. Deniz Can K\u0131z\u0131l\",\"url\":\"https:\/\/denizcankizil.tr\/\",\"logo\":{\"@type\":\"ImageObject\",\"inLanguage\":\"ru-RU\",\"@id\":\"https:\/\/denizcankizil.tr\/#\/schema\/logo\/image\/\",\"url\":\"https:\/\/denizcankizil.tr\/wp-content\/uploads\/2024\/10\/siyah-logo-svg.svg\",\"contentUrl\":\"https:\/\/denizcankizil.tr\/wp-content\/uploads\/2024\/10\/siyah-logo-svg.svg\",\"width\":1080,\"height\":1080,\"caption\":\"Av. Deniz Can K\u0131z\u0131l\"},\"image\":{\"@id\":\"https:\/\/denizcankizil.tr\/#\/schema\/logo\/image\/\"}},{\"@type\":\"Person\",\"@id\":\"https:\/\/denizcankizil.tr\/#\/schema\/person\/be3c05fe6a12686905512445d8185489\",\"name\":\"admin\",\"image\":{\"@type\":\"ImageObject\",\"inLanguage\":\"ru-RU\",\"@id\":\"https:\/\/denizcankizil.tr\/#\/schema\/person\/image\/\",\"url\":\"https:\/\/secure.gravatar.com\/avatar\/c1fce94c830dc79107e174f890d7210541c4a63e8e5d816341794a2151c9d58c?s=96&d=mm&r=g\",\"contentUrl\":\"https:\/\/secure.gravatar.com\/avatar\/c1fce94c830dc79107e174f890d7210541c4a63e8e5d816341794a2151c9d58c?s=96&d=mm&r=g\",\"caption\":\"admin\"},\"sameAs\":[\"http:\/\/denizcankizil.tr\"],\"url\":\"https:\/\/www.iskenderun.org\/izmirde-yol-calismalari-devam-ediyor\"}]}<\/script>\n<!-- \/ Yoast SEO Premium plugin. -->","yoast_head_json":{"title":"\u0130zmir'de yol \u00e7al\u0131\u015fmalar\u0131 devam ediyor - Av. Deniz Can K\u0131z\u0131l","robots":{"index":"index","follow":"follow","max-snippet":"max-snippet:-1","max-image-preview":"max-image-preview:large","max-video-preview":"max-video-preview:-1"},"canonical":"https:\/\/denizcankizil.tr\/ru\/haberler\/gundem\/izmirde-yol-calismalari-devam-ediyor\/","og_locale":"ru_RU","og_type":"article","og_title":"\u0130zmir'de yol \u00e7al\u0131\u015fmalar\u0131 devam ediyor","og_description":"\u0130zmir Bornova Belediyesi, hava ko\u015fullar\u0131n\u0131n uygun oldu\u011fu k\u0131\u015f g\u00fcnlerinde de asfalt serimi ve yol d\u00fczenleme \u00e7al\u0131\u015fmalar\u0131n\u0131 s\u00fcrd\u00fcr\u00fcyor. Atat\u00fcrk, Do\u011fanlar ve Nald\u00f6ken mahallelerinde ger\u00e7ekle\u015ftirilen asfaltlama ve kald\u0131r\u0131m d\u00fczenlemeleriyle ula\u015f\u0131m konforu art\u0131r\u0131l\u0131yor. Ba\u015fkan \u00d6mer E\u015fki, vatanda\u015flar\u0131n taleplerini dikkate alarak g\u00fcvenli ve konforlu ula\u015f\u0131m\u0131 \u00f6nceliklendirdiklerini belirtti.\u0130ZM\u0130R (\u0130GFA) &#8211; \u0130zmir\u00a0Bornova Belediyesi, il\u00e7e genelinde konforlu ula\u015f\u0131m\u0131 sa\u011flamak ve trafik sorunlar\u0131n\u0131 \u00e7\u00f6zmek amac\u0131yla asfalt serim sezonu d\u0131\u015f\u0131nda da \u00e7al\u0131\u015fmalar\u0131n\u0131 s\u00fcrd\u00fcr\u00fcyor. K\u0131\u015f mevsiminde olmas\u0131na ra\u011fmen hava \u015fartlar\u0131n\u0131n uygun oldu\u011fu ya\u011f\u0131\u015fs\u0131z ve s\u0131cakl\u0131\u011f\u0131n s\u0131f\u0131r\u0131n alt\u0131na d\u00fc\u015fmedi\u011fi g\u00fcnlerde yol yap\u0131m ve asfalt \u00e7al\u0131\u015fmalar\u0131na h\u0131z verildi. \u00a0\u00dc\u00c7 MAHALLEDE \u00d6NEML\u0130 \u00c7ALI\u015eMALAR Bu kapsamda Atat\u00fcrk Mahallesi\u2019nde planlanan 15 soka\u011f\u0131n ard\u0131ndan 894 Sokak\u2019ta asfalt serimi \u00e7al\u0131\u015fmalar\u0131 s\u00fcr\u00fcyor. Do\u011fanlar Mahallesi\u2019nde 1497 Sokak\u2019ta kald\u0131r\u0131m d\u00fczenlemesi ve asfalt serimi ger\u00e7ekle\u015ftirilirken, Nald\u00f6ken Mahallesi\u2019nde sa\u011fl\u0131k oca\u011f\u0131 ve okulun da bulundu\u011fu, vatanda\u015flar\u0131n yo\u011fun talepte bulundu\u011fu 1202 Sokak\u2019ta asfalt serimi yap\u0131ld\u0131. \u00a0BA\u015eKAN E\u015eK\u0130: \u201cHALKIMIZIN TALEPLER\u0130N\u0130 D\u0130KKATE ALIYORUZ\u201d \u00c7al\u0131\u015fmalar hakk\u0131nda konu\u015fan Bornova Belediye Ba\u015fkan\u0131 \u00d6mer E\u015fki, il\u00e7enin yol konforunu art\u0131rmaya y\u00f6nelik yat\u0131r\u0131mlar\u0131n devam edece\u011fini belirterek, \u201cVatanda\u015flar\u0131m\u0131z\u0131n g\u00fcvenli ve konforlu ula\u015f\u0131m\u0131 bizim \u00f6nceli\u011fimiz. K\u0131\u015f \u015fartlar\u0131 elverdi\u011fi s\u00fcrece asfalt serimi ve yol d\u00fczenlemeleri yapmaya devam edece\u011fiz. Halk\u0131m\u0131zdan gelen talepleri dikkate al\u0131yor, mahallelerimizin ihtiya\u00e7lar\u0131n\u0131 tespit ederek en k\u0131sa s\u00fcrede \u00e7\u00f6z\u00fcme kavu\u015fturuyoruz\u201d dedi. \u200b\u0130zmir Bornova Belediyesi, hava ko\u015fullar\u0131n\u0131n uygun oldu\u011fu k\u0131\u015f g\u00fcnlerinde de asfalt serimi &hellip;","og_url":"https:\/\/denizcankizil.tr\/ru\/haberler\/gundem\/izmirde-yol-calismalari-devam-ediyor\/","og_site_name":"Av. Deniz Can K\u0131z\u0131l","article_published_time":"2025-02-24T08:41:38+00:00","author":"admin","twitter_card":"summary_large_image","twitter_misc":{"\u041d\u0430\u043f\u0438\u0441\u0430\u043d\u043e \u0430\u0432\u0442\u043e\u0440\u043e\u043c":"admin","\u041f\u0440\u0438\u043c\u0435\u0440\u043d\u043e\u0435 \u0432\u0440\u0435\u043c\u044f \u0434\u043b\u044f \u0447\u0442\u0435\u043d\u0438\u044f":"3 \u043c\u0438\u043d\u0443\u0442\u044b"},"schema":{"@context":"https:\/\/schema.org","@graph":[{"@type":"Article","@id":"https:\/\/denizcankizil.tr\/ru\/haberler\/gundem\/izmirde-yol-calismalari-devam-ediyor\/#article","isPartOf":{"@id":"https:\/\/denizcankizil.tr\/ru\/haberler\/gundem\/izmirde-yol-calismalari-devam-ediyor\/"},"author":{"name":"admin","@id":"https:\/\/denizcankizil.tr\/#\/schema\/person\/be3c05fe6a12686905512445d8185489"},"headline":"\u0130zmir&#8217;de yol \u00e7al\u0131\u015fmalar\u0131 devam ediyor","datePublished":"2025-02-24T08:41:38+00:00","mainEntityOfPage":{"@id":"https:\/\/denizcankizil.tr\/ru\/haberler\/gundem\/izmirde-yol-calismalari-devam-ediyor\/"},"wordCount":635,"commentCount":0,"publisher":{"@id":"https:\/\/denizcankizil.tr\/#organization"},"articleSection":["G\u00fcndem"],"inLanguage":"ru-RU","potentialAction":[{"@type":"CommentAction","name":"Comment","target":["https:\/\/denizcankizil.tr\/ru\/haberler\/gundem\/izmirde-yol-calismalari-devam-ediyor\/#respond"]}]},{"@type":"WebPage","@id":"https:\/\/denizcankizil.tr\/ru\/haberler\/gundem\/izmirde-yol-calismalari-devam-ediyor\/","url":"https:\/\/denizcankizil.tr\/ru\/haberler\/gundem\/izmirde-yol-calismalari-devam-ediyor\/","name":"\u0130zmir'de yol \u00e7al\u0131\u015fmalar\u0131 devam ediyor - Av. Deniz Can K\u0131z\u0131l","isPartOf":{"@id":"https:\/\/denizcankizil.tr\/#website"},"datePublished":"2025-02-24T08:41:38+00:00","breadcrumb":{"@id":"https:\/\/denizcankizil.tr\/ru\/haberler\/gundem\/izmirde-yol-calismalari-devam-ediyor\/#breadcrumb"},"inLanguage":"ru-RU","potentialAction":[{"@type":"ReadAction","target":["https:\/\/denizcankizil.tr\/ru\/haberler\/gundem\/izmirde-yol-calismalari-devam-ediyor\/"]}]},{"@type":"BreadcrumbList","@id":"https:\/\/denizcankizil.tr\/ru\/haberler\/gundem\/izmirde-yol-calismalari-devam-ediyor\/#breadcrumb","itemListElement":[{"@type":"ListItem","position":1,"name":"Home","item":"https:\/\/denizcankizil.tr\/uk\/"},{"@type":"ListItem","position":2,"name":"\u0130zmir&#8217;de yol \u00e7al\u0131\u015fmalar\u0131 devam ediyor"}]},{"@type":"WebSite","@id":"https:\/\/denizcankizil.tr\/#website","url":"https:\/\/denizcankizil.tr\/","name":"Av. Deniz Can K\u0131z\u0131l","description":"Avukat Deniz Can K\u0131z\u0131l Antalya Barosu","publisher":{"@id":"https:\/\/denizcankizil.tr\/#organization"},"potentialAction":[{"@type":"SearchAction","target":{"@type":"EntryPoint","urlTemplate":"https:\/\/denizcankizil.tr\/?s={search_term_string}"},"query-input":{"@type":"PropertyValueSpecification","valueRequired":true,"valueName":"search_term_string"}}],"inLanguage":"ru-RU"},{"@type":"Organization","@id":"https:\/\/denizcankizil.tr\/#organization","name":"Av. Deniz Can K\u0131z\u0131l","url":"https:\/\/denizcankizil.tr\/","logo":{"@type":"ImageObject","inLanguage":"ru-RU","@id":"https:\/\/denizcankizil.tr\/#\/schema\/logo\/image\/","url":"https:\/\/denizcankizil.tr\/wp-content\/uploads\/2024\/10\/siyah-logo-svg.svg","contentUrl":"https:\/\/denizcankizil.tr\/wp-content\/uploads\/2024\/10\/siyah-logo-svg.svg","width":1080,"height":1080,"caption":"Av. Deniz Can K\u0131z\u0131l"},"image":{"@id":"https:\/\/denizcankizil.tr\/#\/schema\/logo\/image\/"}},{"@type":"Person","@id":"https:\/\/denizcankizil.tr\/#\/schema\/person\/be3c05fe6a12686905512445d8185489","name":"\u0430\u0434\u043c\u0438\u043d","image":{"@type":"ImageObject","inLanguage":"ru-RU","@id":"https:\/\/denizcankizil.tr\/#\/schema\/person\/image\/","url":"https:\/\/secure.gravatar.com\/avatar\/c1fce94c830dc79107e174f890d7210541c4a63e8e5d816341794a2151c9d58c?s=96&d=mm&r=g","contentUrl":"https:\/\/secure.gravatar.com\/avatar\/c1fce94c830dc79107e174f890d7210541c4a63e8e5d816341794a2151c9d58c?s=96&d=mm&r=g","caption":"admin"},"sameAs":["http:\/\/denizcankizil.tr"],"url":"https:\/\/www.iskenderun.org\/izmirde-yol-calismalari-devam-ediyor"}]}},"_links":{"self":[{"href":"https:\/\/denizcankizil.tr\/ru\/wp-json\/wp\/v2\/posts\/33957","targetHints":{"allow":["GET"]}}],"collection":[{"href":"https:\/\/denizcankizil.tr\/ru\/wp-json\/wp\/v2\/posts"}],"about":[{"href":"https:\/\/denizcankizil.tr\/ru\/wp-json\/wp\/v2\/types\/post"}],"author":[{"embeddable":true,"href":"https:\/\/denizcankizil.tr\/ru\/wp-json\/wp\/v2\/users\/1"}],"replies":[{"embeddable":true,"href":"https:\/\/denizcankizil.tr\/ru\/wp-json\/wp\/v2\/comments?post=33957"}],"version-history":[{"count":0,"href":"https:\/\/denizcankizil.tr\/ru\/wp-json\/wp\/v2\/posts\/33957\/revisions"}],"wp:attachment":[{"href":"https:\/\/denizcankizil.tr\/ru\/wp-json\/wp\/v2\/media?parent=33957"}],"wp:term":[{"taxonomy":"category","embeddable":true,"href":"https:\/\/denizcankizil.tr\/ru\/wp-json\/wp\/v2\/categories?post=33957"},{"taxonomy":"post_tag","embeddable":true,"href":"https:\/\/denizcankizil.tr\/ru\/wp-json\/wp\/v2\/tags?post=33957"}],"curies":[{"name":"wp","href":"https:\/\/api.w.org\/{rel}","templated":true}]}}