{"id":33880,"date":"2025-02-22T11:49:00","date_gmt":"2025-02-22T08:49:00","guid":{"rendered":"https:\/\/denizcankizil.tr\/uncategorized-tr\/istanbul-barosu-hakkinda-fezleke-baskan-ve-yonetim-kuruluna-12-yila-kadar-hapis-talebi\/"},"modified":"2025-02-22T11:49:00","modified_gmt":"2025-02-22T08:49:00","slug":"istanbul-barosu-hakkinda-fezleke-baskan-ve-yonetim-kuruluna-12-yila-kadar-hapis-talebi","status":"publish","type":"post","link":"https:\/\/denizcankizil.tr\/ru\/hukukihaber\/istanbul-barosu-hakkinda-fezleke-baskan-ve-yonetim-kuruluna-12-yila-kadar-hapis-talebi\/","title":{"rendered":"\u0130stanbul Barosu hakk\u0131nda fezleke! Ba\u015fkan ve y\u00f6netim kuruluna 12 y\u0131la kadar hapis talebi"},"content":{"rendered":"<p>\u0130stanbul Barosu Ba\u015fkan\u0131 \u0130brahim Kabo\u011flu ile beraberindeki 10 y\u00f6netim kurulu \u00fcyesi hakk\u0131nda y\u00fcr\u00fct\u00fclen soru\u015fturma kapsam\u0131nda, \u201cBas\u0131n Yoluyla Ter\u00f6r \u00d6rg\u00fct\u00fc Propagandas\u0131 Yapmak\u201d ve \u201cBas\u0131n Yoluyla Halk\u0131 Yan\u0131lt\u0131c\u0131 Bilgiyi Alenen Yaymak\u201d su\u00e7lar\u0131ndan 3 y\u0131ldan 12 y\u0131la kadar hapis cezas\u0131 istemiyle fezleke haz\u0131rland\u0131.<\/p>\n<p>\u0130stanbul Barosu, gazeteci oldu\u011funu savundu\u011fu Naz\u0131m Da\u015ftan ve Cihan Bilgin&#8217;in Suriye\u2019de g\u00fcvenlik g\u00fc\u00e7lerince \u00f6ld\u00fcr\u00fclmesine ili\u015fkin 21 Aral\u0131k 2024&#8217;te baronun resmi X hesab\u0131ndan &#8220;Uluslararas\u0131 \u0130nsanc\u0131l Hukuk Uygulans\u0131n&#8221; ba\u015fl\u0131kl\u0131 bir a\u00e7\u0131klama yay\u0131nland\u0131. Bu payla\u015f\u0131m\u0131n ard\u0131ndan, \u0130stanbul Cumhuriyet Ba\u015fsavc\u0131l\u0131\u011f\u0131 \u201cSilahl\u0131 ter\u00f6r \u00f6rg\u00fct\u00fc \u00fcyeli\u011fi\u201d su\u00e7undan haklar\u0131nda a\u00e7\u0131lan soru\u015fturmalara at\u0131f yaparak \u00f6ld\u00fcr\u00fclen \u015fah\u0131slar\u0131n gazeteci de\u011fil, g\u00fcvenlik g\u00fc\u00e7leriyle \u00e7at\u0131\u015fmaya giren ter\u00f6r \u00f6rg\u00fct\u00fc \u00fcyeleri oldu\u011funu kaydetti. Ard\u0131ndan \u0130stanbul Barosu\u2019na ter\u00f6r soru\u015fturmas\u0131 ba\u015flat\u0131ld\u0131.<\/p>\n<p>Avukatl\u0131k Kanunu gere\u011fince \u0130stanbul Barosu Ba\u015fkan\u0131 Kabo\u011flu ve 10 \u00fcyesi hakk\u0131nda hakk\u0131nda Adalet Bakanl\u0131\u011f\u0131\u2019ndan soru\u015fturma izni alan savc\u0131l\u0131k daha sonra baro y\u00f6netim kurulunun \u201c\u015f\u00fcpheli\u201d s\u0131fat\u0131yla ifadelerini ald\u0131. Akabinde soru\u015fturmas\u0131n\u0131 tamamlayan savc\u0131l\u0131k fezleke haz\u0131rlad\u0131.<\/p>\n<p>SAVCI: \u00d6RG\u00dcT \u00dcYEL\u0130\u011e\u0130NE \u00d6ZEND\u0130RD\u0130LER<\/p>\n<p>Fezlekede, \u015f\u00fcphelilerin, yay\u0131nlanan bas\u0131n a\u00e7\u0131klamas\u0131 ile ter\u00f6r \u00f6rg\u00fct\u00fc mensuplar\u0131 Naz\u0131m Da\u015ftan ve Cihan Bilgin\u2019i gazeteci olarak tan\u0131t\u0131p, g\u00fcvenlik g\u00fc\u00e7lerini ter\u00f6rle m\u00fccadele kapsam\u0131nda etkisiz hale getirdikleri ileri s\u00fcr\u00fcld\u00fc. Ayr\u0131ca ter\u00f6r \u00f6rg\u00fct\u00fc mensuplar\u0131na y\u00f6nelik g\u00fcvenlik g\u00fc\u00e7lerinin faaliyetini sava\u015f su\u00e7u kapsam\u0131nda ifade ettikleri kaydedildi. Soru\u015fturmaya konu bas\u0131n a\u00e7\u0131klamas\u0131n\u0131n ter\u00f6r \u00f6rg\u00fct\u00fcn\u00fcn nihai amac\u0131 olan b\u00f6l\u00fcc\u00fcl\u00fck faaliyetini me\u015fru go\u0308sterme ve yayma amac\u0131 ta\u015f\u0131d\u0131\u011f\u0131 iddia edilen fezlekede, \u00f6ld\u00fcr\u00fclen tero\u0308r o\u0308rgu\u0308tu\u0308 mensuplar\u0131ndan c\u0327at\u0131\u015fma bo\u0308lgesinde hedef al\u0131nan gazeteci olarak bahsedilmesinin o\u0308rgu\u0308t u\u0308yeli\u011fini o\u0308zendirici mahiyette oldu\u011fu belirtildi. Yap\u0131lan a\u00e7\u0131klamayla \u0130stanbul Barosu\u2019nun tero\u0308r o\u0308rgu\u0308tu\u0308nu\u0308n cebir, \u015fiddet veya tehdit ic\u0327eren yo\u0308ntemlerini me\u015fru go\u0308sterdi\u011fi veya bu yo\u0308ntemlere ba\u015fvurmay\u0131 te\u015fvik edecek \u015fekilde propaganda yapt\u0131\u011f\u0131 ifade edildi.<\/p>\n<p>\u201cPAYLA\u015eIM KAMU BARI\u015eINI BOZMAYA ELVER\u0130\u015eL\u0130\u201d<\/p>\n<p>Fezlekede, \u015f\u00fcphelilerin a\u00e7\u0131klamalar\u0131nda kulland\u0131klar\u0131 ifadelerle u\u0308lkenin ic\u0327 ve d\u0131\u015f g\u00fcvenli\u011fi ve kamu du\u0308zeni ile ilgili gerc\u0327e\u011fe ayk\u0131r\u0131 bilgilerle halk\u0131 yan\u0131ltarak alg\u0131 olu\u015fturmaya \u00e7al\u0131\u015ft\u0131\u011f\u0131 ileri s\u00fcr\u00fcld\u00fc. Ayr\u0131ca, devletin kurum ve organlar\u0131na duyulan gu\u0308veni olumsuz etkilemeye c\u0327al\u0131\u015farak, halk aras\u0131nda endi\u015fe, korku veya panik yaratma saikiyle hareket ettikleri iddia edildi. Payla\u015f\u0131m i\u00e7erikleri ve payla\u015f\u0131mlar\u0131n sosyal medyada g\u00f6r\u00fcnt\u00fclenme say\u0131lar\u0131 dikkate al\u0131nd\u0131\u011f\u0131nda eylemin kamu bar\u0131\u015f\u0131n\u0131 bozmaya elveri\u015fli oldu\u011fu kaydedildi. T\u00fcm bu gerek\u00e7elerle fezlekede \u0130stanbul Barosu Ba\u015fkan\u0131 \u0130brahim \u00d6zden Kabo\u011flu ve 10 y\u00f6netim kurulu \u00fcyesi hakk\u0131nda \u201cBas\u0131n Yoluyla Ter\u00f6r \u00d6rg\u00fct\u00fc Propagandas\u0131 Yapmak\u201d ve \u201cBas\u0131n Yoluyla Halk\u0131 Yan\u0131lt\u0131c\u0131 Bilgiyi Alenen Yaymak\u201d su\u00e7lar\u0131ndan 3 y\u0131ldan 12 y\u0131la kadar hapis cezas\u0131 talep edildi. \u0130stanbul Cumhuriyet Ba\u015fsavc\u0131l\u0131\u011f\u0131 \u201ckavu\u015fturma izni\u201d talebiyle haz\u0131rlad\u0131\u011f\u0131 fezlekeyi Avukatl\u0131k Kanun\u2019u kapsam\u0131nda en yak\u0131n a\u011f\u0131r ceza mahkemesinin bulundu\u011fu Bak\u0131rk\u00f6y Cumhuriyet Ba\u015fsavc\u0131l\u0131\u011f\u0131\u2019na g\u00f6nderdi.<\/p>\n<p>Haber:\u00a0Ceylan Sever \/ HaberT\u00fcrk<\/p>\n<p>\u200b\u0130stanbul Cumhuriyet Ba\u015fsavc\u0131l\u0131\u011f\u0131, \u0130stanbul Barosu hakk\u0131nda fezleke haz\u0131rlad\u0131. &#8220;Ter\u00f6r \u00f6rg\u00fct\u00fc propagandas\u0131 yapmak&#8221; ve &#8220;Bas\u0131n Yoluyla Halk\u0131 Yan\u0131lt\u0131c\u0131 Bilgiyi Alenen Yaymak&#8221; su\u00e7lar\u0131ndan \u0130stanbul Barosu Ba\u015fkan\u0131 \u0130brahim Kabo\u011flu ile beraberindeki 10 y\u00f6netim kurulu \u00fcyesi hakk\u0131nda 3 y\u0131ldan 12 y\u0131la kadar hapis cezas\u0131 istemiyle fezleke haz\u0131rland\u0131.\u00a0Hukuki Haber<\/p>","protected":false},"excerpt":{"rendered":"<p>\u0130stanbul Barosu Ba\u015fkan\u0131 \u0130brahim Kabo\u011flu ile beraberindeki 10 y\u00f6netim kurulu \u00fcyesi hakk\u0131nda y\u00fcr\u00fct\u00fclen soru\u015fturma kapsam\u0131nda, \u201cBas\u0131n Yoluyla Ter\u00f6r \u00d6rg\u00fct\u00fc Propagandas\u0131 Yapmak\u201d ve \u201cBas\u0131n Yoluyla Halk\u0131 Yan\u0131lt\u0131c\u0131 Bilgiyi Alenen Yaymak\u201d su\u00e7lar\u0131ndan 3 y\u0131ldan 12 y\u0131la kadar hapis cezas\u0131 istemiyle fezleke haz\u0131rland\u0131. \u0130stanbul Barosu, gazeteci oldu\u011funu savundu\u011fu Naz\u0131m Da\u015ftan ve Cihan Bilgin&#8217;in Suriye\u2019de g\u00fcvenlik g\u00fc\u00e7lerince \u00f6ld\u00fcr\u00fclmesine ili\u015fkin 21 Aral\u0131k 2024&#8217;te baronun resmi X hesab\u0131ndan &#8220;Uluslararas\u0131 \u0130nsanc\u0131l Hukuk Uygulans\u0131n&#8221; ba\u015fl\u0131kl\u0131 bir a\u00e7\u0131klama yay\u0131nland\u0131. Bu payla\u015f\u0131m\u0131n ard\u0131ndan, \u0130stanbul Cumhuriyet Ba\u015fsavc\u0131l\u0131\u011f\u0131 \u201cSilahl\u0131 ter\u00f6r \u00f6rg\u00fct\u00fc \u00fcyeli\u011fi\u201d su\u00e7undan haklar\u0131nda a\u00e7\u0131lan soru\u015fturmalara at\u0131f yaparak \u00f6ld\u00fcr\u00fclen \u015fah\u0131slar\u0131n gazeteci de\u011fil, g\u00fcvenlik g\u00fc\u00e7leriyle \u00e7at\u0131\u015fmaya giren ter\u00f6r \u00f6rg\u00fct\u00fc \u00fcyeleri oldu\u011funu kaydetti. Ard\u0131ndan \u0130stanbul Barosu\u2019na ter\u00f6r soru\u015fturmas\u0131 ba\u015flat\u0131ld\u0131. Avukatl\u0131k Kanunu gere\u011fince \u0130stanbul Barosu Ba\u015fkan\u0131 Kabo\u011flu ve 10 \u00fcyesi hakk\u0131nda hakk\u0131nda Adalet Bakanl\u0131\u011f\u0131\u2019ndan soru\u015fturma izni alan savc\u0131l\u0131k daha sonra baro y\u00f6netim kurulunun \u201c\u015f\u00fcpheli\u201d s\u0131fat\u0131yla ifadelerini ald\u0131. Akabinde soru\u015fturmas\u0131n\u0131 tamamlayan savc\u0131l\u0131k fezleke haz\u0131rlad\u0131. SAVCI: \u00d6RG\u00dcT \u00dcYEL\u0130\u011e\u0130NE \u00d6ZEND\u0130RD\u0130LER Fezlekede, \u015f\u00fcphelilerin, yay\u0131nlanan bas\u0131n a\u00e7\u0131klamas\u0131 ile ter\u00f6r \u00f6rg\u00fct\u00fc mensuplar\u0131 Naz\u0131m Da\u015ftan ve Cihan Bilgin\u2019i gazeteci olarak tan\u0131t\u0131p, g\u00fcvenlik g\u00fc\u00e7lerini ter\u00f6rle m\u00fccadele kapsam\u0131nda etkisiz hale getirdikleri ileri s\u00fcr\u00fcld\u00fc. Ayr\u0131ca ter\u00f6r \u00f6rg\u00fct\u00fc mensuplar\u0131na y\u00f6nelik g\u00fcvenlik g\u00fc\u00e7lerinin faaliyetini sava\u015f su\u00e7u kapsam\u0131nda ifade ettikleri kaydedildi. Soru\u015fturmaya konu bas\u0131n a\u00e7\u0131klamas\u0131n\u0131n ter\u00f6r \u00f6rg\u00fct\u00fcn\u00fcn nihai amac\u0131 olan b\u00f6l\u00fcc\u00fcl\u00fck faaliyetini me\u015fru go\u0308sterme ve yayma amac\u0131 ta\u015f\u0131d\u0131\u011f\u0131 &hellip;<\/p>","protected":false},"author":3,"featured_media":0,"comment_status":"open","ping_status":"open","sticky":false,"template":"","format":"standard","meta":{"_acf_changed":false,"footnotes":""},"categories":[27],"tags":[],"class_list":["post-33880","post","type-post","status-publish","format-standard","has-post-thumbnail","hentry","category-hukukihaber"],"acf":[],"yoast_head":"<!-- This site is optimized with the Yoast SEO Premium plugin v26.6 (Yoast SEO v27.1.1) - https:\/\/yoast.com\/product\/yoast-seo-premium-wordpress\/ -->\n<title>\u0130stanbul Barosu hakk\u0131nda fezleke! Ba\u015fkan ve y\u00f6netim kuruluna 12 y\u0131la kadar hapis talebi - Av. Deniz Can K\u0131z\u0131l<\/title>\n<meta name=\"robots\" content=\"index, follow, max-snippet:-1, max-image-preview:large, max-video-preview:-1\" \/>\n<link rel=\"canonical\" href=\"https:\/\/denizcankizil.tr\/ru\/hukukihaber\/istanbul-barosu-hakkinda-fezleke-baskan-ve-yonetim-kuruluna-12-yila-kadar-hapis-talebi\/\" \/>\n<meta property=\"og:locale\" content=\"ru_RU\" \/>\n<meta property=\"og:type\" content=\"article\" \/>\n<meta property=\"og:title\" content=\"\u0130stanbul Barosu hakk\u0131nda fezleke! Ba\u015fkan ve y\u00f6netim kuruluna 12 y\u0131la kadar hapis talebi\" \/>\n<meta property=\"og:description\" content=\"\u0130stanbul Barosu Ba\u015fkan\u0131 \u0130brahim Kabo\u011flu ile beraberindeki 10 y\u00f6netim kurulu \u00fcyesi hakk\u0131nda y\u00fcr\u00fct\u00fclen soru\u015fturma kapsam\u0131nda, \u201cBas\u0131n Yoluyla Ter\u00f6r \u00d6rg\u00fct\u00fc Propagandas\u0131 Yapmak\u201d ve \u201cBas\u0131n Yoluyla Halk\u0131 Yan\u0131lt\u0131c\u0131 Bilgiyi Alenen Yaymak\u201d su\u00e7lar\u0131ndan 3 y\u0131ldan 12 y\u0131la kadar hapis cezas\u0131 istemiyle fezleke haz\u0131rland\u0131. \u0130stanbul Barosu, gazeteci oldu\u011funu savundu\u011fu Naz\u0131m Da\u015ftan ve Cihan Bilgin&#8217;in Suriye\u2019de g\u00fcvenlik g\u00fc\u00e7lerince \u00f6ld\u00fcr\u00fclmesine ili\u015fkin 21 Aral\u0131k 2024&#8217;te baronun resmi X hesab\u0131ndan &#8220;Uluslararas\u0131 \u0130nsanc\u0131l Hukuk Uygulans\u0131n&#8221; ba\u015fl\u0131kl\u0131 bir a\u00e7\u0131klama yay\u0131nland\u0131. Bu payla\u015f\u0131m\u0131n ard\u0131ndan, \u0130stanbul Cumhuriyet Ba\u015fsavc\u0131l\u0131\u011f\u0131 \u201cSilahl\u0131 ter\u00f6r \u00f6rg\u00fct\u00fc \u00fcyeli\u011fi\u201d su\u00e7undan haklar\u0131nda a\u00e7\u0131lan soru\u015fturmalara at\u0131f yaparak \u00f6ld\u00fcr\u00fclen \u015fah\u0131slar\u0131n gazeteci de\u011fil, g\u00fcvenlik g\u00fc\u00e7leriyle \u00e7at\u0131\u015fmaya giren ter\u00f6r \u00f6rg\u00fct\u00fc \u00fcyeleri oldu\u011funu kaydetti. Ard\u0131ndan \u0130stanbul Barosu\u2019na ter\u00f6r soru\u015fturmas\u0131 ba\u015flat\u0131ld\u0131. Avukatl\u0131k Kanunu gere\u011fince \u0130stanbul Barosu Ba\u015fkan\u0131 Kabo\u011flu ve 10 \u00fcyesi hakk\u0131nda hakk\u0131nda Adalet Bakanl\u0131\u011f\u0131\u2019ndan soru\u015fturma izni alan savc\u0131l\u0131k daha sonra baro y\u00f6netim kurulunun \u201c\u015f\u00fcpheli\u201d s\u0131fat\u0131yla ifadelerini ald\u0131. Akabinde soru\u015fturmas\u0131n\u0131 tamamlayan savc\u0131l\u0131k fezleke haz\u0131rlad\u0131. SAVCI: \u00d6RG\u00dcT \u00dcYEL\u0130\u011e\u0130NE \u00d6ZEND\u0130RD\u0130LER Fezlekede, \u015f\u00fcphelilerin, yay\u0131nlanan bas\u0131n a\u00e7\u0131klamas\u0131 ile ter\u00f6r \u00f6rg\u00fct\u00fc mensuplar\u0131 Naz\u0131m Da\u015ftan ve Cihan Bilgin\u2019i gazeteci olarak tan\u0131t\u0131p, g\u00fcvenlik g\u00fc\u00e7lerini ter\u00f6rle m\u00fccadele kapsam\u0131nda etkisiz hale getirdikleri ileri s\u00fcr\u00fcld\u00fc. Ayr\u0131ca ter\u00f6r \u00f6rg\u00fct\u00fc mensuplar\u0131na y\u00f6nelik g\u00fcvenlik g\u00fc\u00e7lerinin faaliyetini sava\u015f su\u00e7u kapsam\u0131nda ifade ettikleri kaydedildi. Soru\u015fturmaya konu bas\u0131n a\u00e7\u0131klamas\u0131n\u0131n ter\u00f6r \u00f6rg\u00fct\u00fcn\u00fcn nihai amac\u0131 olan b\u00f6l\u00fcc\u00fcl\u00fck faaliyetini me\u015fru go\u0308sterme ve yayma amac\u0131 ta\u015f\u0131d\u0131\u011f\u0131 &hellip;\" \/>\n<meta property=\"og:url\" content=\"https:\/\/denizcankizil.tr\/ru\/hukukihaber\/istanbul-barosu-hakkinda-fezleke-baskan-ve-yonetim-kuruluna-12-yila-kadar-hapis-talebi\/\" \/>\n<meta property=\"og:site_name\" content=\"Av. Deniz Can K\u0131z\u0131l\" \/>\n<meta property=\"article:published_time\" content=\"2025-02-22T08:49:00+00:00\" \/>\n<meta name=\"author\" content=\"Hukuki Haber.net\" \/>\n<meta name=\"twitter:card\" content=\"summary_large_image\" \/>\n<meta name=\"twitter:label1\" content=\"\u041d\u0430\u043f\u0438\u0441\u0430\u043d\u043e \u0430\u0432\u0442\u043e\u0440\u043e\u043c\" \/>\n\t<meta name=\"twitter:data1\" content=\"Hukuki Haber.net\" \/>\n\t<meta name=\"twitter:label2\" content=\"\u041f\u0440\u0438\u043c\u0435\u0440\u043d\u043e\u0435 \u0432\u0440\u0435\u043c\u044f \u0434\u043b\u044f \u0447\u0442\u0435\u043d\u0438\u044f\" \/>\n\t<meta name=\"twitter:data2\" content=\"3 \u043c\u0438\u043d\u0443\u0442\u044b\" \/>\n<script type=\"application\/ld+json\" class=\"yoast-schema-graph\">{\"@context\":\"https:\/\/schema.org\",\"@graph\":[{\"@type\":\"Article\",\"@id\":\"https:\/\/denizcankizil.tr\/en\/hukukihaber\/istanbul-barosu-hakkinda-fezleke-baskan-ve-yonetim-kuruluna-12-yila-kadar-hapis-talebi\/#article\",\"isPartOf\":{\"@id\":\"https:\/\/denizcankizil.tr\/en\/hukukihaber\/istanbul-barosu-hakkinda-fezleke-baskan-ve-yonetim-kuruluna-12-yila-kadar-hapis-talebi\/\"},\"author\":{\"name\":\"Hukuki Haber.net\",\"@id\":\"https:\/\/denizcankizil.tr\/de\/#\/schema\/person\/001a271de994a0aa3f90eea084424822\"},\"headline\":\"\u0130stanbul Barosu hakk\u0131nda fezleke! Ba\u015fkan ve y\u00f6netim kuruluna 12 y\u0131la kadar hapis talebi\",\"datePublished\":\"2025-02-22T08:49:00+00:00\",\"mainEntityOfPage\":{\"@id\":\"https:\/\/denizcankizil.tr\/en\/hukukihaber\/istanbul-barosu-hakkinda-fezleke-baskan-ve-yonetim-kuruluna-12-yila-kadar-hapis-talebi\/\"},\"wordCount\":683,\"commentCount\":0,\"publisher\":{\"@id\":\"https:\/\/denizcankizil.tr\/de\/#organization\"},\"articleSection\":[\"Hukuki Haberler\"],\"inLanguage\":\"ru-RU\",\"potentialAction\":[{\"@type\":\"CommentAction\",\"name\":\"Comment\",\"target\":[\"https:\/\/denizcankizil.tr\/en\/hukukihaber\/istanbul-barosu-hakkinda-fezleke-baskan-ve-yonetim-kuruluna-12-yila-kadar-hapis-talebi\/#respond\"]}]},{\"@type\":\"WebPage\",\"@id\":\"https:\/\/denizcankizil.tr\/en\/hukukihaber\/istanbul-barosu-hakkinda-fezleke-baskan-ve-yonetim-kuruluna-12-yila-kadar-hapis-talebi\/\",\"url\":\"https:\/\/denizcankizil.tr\/en\/hukukihaber\/istanbul-barosu-hakkinda-fezleke-baskan-ve-yonetim-kuruluna-12-yila-kadar-hapis-talebi\/\",\"name\":\"\u0130stanbul Barosu hakk\u0131nda fezleke! Ba\u015fkan ve y\u00f6netim kuruluna 12 y\u0131la kadar hapis talebi - Av. Deniz Can K\u0131z\u0131l\",\"isPartOf\":{\"@id\":\"https:\/\/denizcankizil.tr\/de\/#website\"},\"datePublished\":\"2025-02-22T08:49:00+00:00\",\"breadcrumb\":{\"@id\":\"https:\/\/denizcankizil.tr\/en\/hukukihaber\/istanbul-barosu-hakkinda-fezleke-baskan-ve-yonetim-kuruluna-12-yila-kadar-hapis-talebi\/#breadcrumb\"},\"inLanguage\":\"ru-RU\",\"potentialAction\":[{\"@type\":\"ReadAction\",\"target\":[\"https:\/\/denizcankizil.tr\/en\/hukukihaber\/istanbul-barosu-hakkinda-fezleke-baskan-ve-yonetim-kuruluna-12-yila-kadar-hapis-talebi\/\"]}]},{\"@type\":\"BreadcrumbList\",\"@id\":\"https:\/\/denizcankizil.tr\/en\/hukukihaber\/istanbul-barosu-hakkinda-fezleke-baskan-ve-yonetim-kuruluna-12-yila-kadar-hapis-talebi\/#breadcrumb\",\"itemListElement\":[{\"@type\":\"ListItem\",\"position\":1,\"name\":\"Home\",\"item\":\"https:\/\/denizcankizil.tr\/de\/\"},{\"@type\":\"ListItem\",\"position\":2,\"name\":\"\u0130stanbul Barosu hakk\u0131nda fezleke! Ba\u015fkan ve y\u00f6netim kuruluna 12 y\u0131la kadar hapis talebi\"}]},{\"@type\":\"WebSite\",\"@id\":\"https:\/\/denizcankizil.tr\/de\/#website\",\"url\":\"https:\/\/denizcankizil.tr\/de\/\",\"name\":\"Av. Deniz Can K\u0131z\u0131l\",\"description\":\"Avukat Deniz Can K\u0131z\u0131l Antalya Barosu\",\"publisher\":{\"@id\":\"https:\/\/denizcankizil.tr\/de\/#organization\"},\"potentialAction\":[{\"@type\":\"SearchAction\",\"target\":{\"@type\":\"EntryPoint\",\"urlTemplate\":\"https:\/\/denizcankizil.tr\/de\/?s={search_term_string}\"},\"query-input\":{\"@type\":\"PropertyValueSpecification\",\"valueRequired\":true,\"valueName\":\"search_term_string\"}}],\"inLanguage\":\"ru-RU\"},{\"@type\":\"Organization\",\"@id\":\"https:\/\/denizcankizil.tr\/de\/#organization\",\"name\":\"Av. Deniz Can K\u0131z\u0131l\",\"url\":\"https:\/\/denizcankizil.tr\/de\/\",\"logo\":{\"@type\":\"ImageObject\",\"inLanguage\":\"ru-RU\",\"@id\":\"https:\/\/denizcankizil.tr\/de\/#\/schema\/logo\/image\/\",\"url\":\"https:\/\/denizcankizil.tr\/wp-content\/uploads\/2024\/10\/siyah-logo-svg.svg\",\"contentUrl\":\"https:\/\/denizcankizil.tr\/wp-content\/uploads\/2024\/10\/siyah-logo-svg.svg\",\"width\":1080,\"height\":1080,\"caption\":\"Av. Deniz Can K\u0131z\u0131l\"},\"image\":{\"@id\":\"https:\/\/denizcankizil.tr\/de\/#\/schema\/logo\/image\/\"}},{\"@type\":\"Person\",\"@id\":\"https:\/\/denizcankizil.tr\/de\/#\/schema\/person\/001a271de994a0aa3f90eea084424822\",\"name\":\"Hukuki Haber.net\",\"image\":{\"@type\":\"ImageObject\",\"inLanguage\":\"ru-RU\",\"@id\":\"https:\/\/denizcankizil.tr\/de\/#\/schema\/person\/image\/\",\"url\":\"https:\/\/secure.gravatar.com\/avatar\/57d8a49151495586611a149d29fc42865b951dc053a84709a3172ccb5abf3118?s=96&d=mm&r=g\",\"contentUrl\":\"https:\/\/secure.gravatar.com\/avatar\/57d8a49151495586611a149d29fc42865b951dc053a84709a3172ccb5abf3118?s=96&d=mm&r=g\",\"caption\":\"Hukuki Haber.net\"},\"sameAs\":[\"http:\/\/www.hukukihaber.net\"],\"url\":\"https:\/\/www.hukukihaber.net\/istanbul-barosu-hakkinda-fezleke-baskan-ve-yonetim-kuruluna-12-yila-kadar-hapis-talebi\"}]}<\/script>\n<!-- \/ Yoast SEO Premium plugin. -->","yoast_head_json":{"title":"\u0130stanbul Barosu hakk\u0131nda fezleke! Ba\u015fkan ve y\u00f6netim kuruluna 12 y\u0131la kadar hapis talebi - Av. Deniz Can K\u0131z\u0131l","robots":{"index":"index","follow":"follow","max-snippet":"max-snippet:-1","max-image-preview":"max-image-preview:large","max-video-preview":"max-video-preview:-1"},"canonical":"https:\/\/denizcankizil.tr\/ru\/hukukihaber\/istanbul-barosu-hakkinda-fezleke-baskan-ve-yonetim-kuruluna-12-yila-kadar-hapis-talebi\/","og_locale":"ru_RU","og_type":"article","og_title":"\u0130stanbul Barosu hakk\u0131nda fezleke! Ba\u015fkan ve y\u00f6netim kuruluna 12 y\u0131la kadar hapis talebi","og_description":"\u0130stanbul Barosu Ba\u015fkan\u0131 \u0130brahim Kabo\u011flu ile beraberindeki 10 y\u00f6netim kurulu \u00fcyesi hakk\u0131nda y\u00fcr\u00fct\u00fclen soru\u015fturma kapsam\u0131nda, \u201cBas\u0131n Yoluyla Ter\u00f6r \u00d6rg\u00fct\u00fc Propagandas\u0131 Yapmak\u201d ve \u201cBas\u0131n Yoluyla Halk\u0131 Yan\u0131lt\u0131c\u0131 Bilgiyi Alenen Yaymak\u201d su\u00e7lar\u0131ndan 3 y\u0131ldan 12 y\u0131la kadar hapis cezas\u0131 istemiyle fezleke haz\u0131rland\u0131. \u0130stanbul Barosu, gazeteci oldu\u011funu savundu\u011fu Naz\u0131m Da\u015ftan ve Cihan Bilgin&#8217;in Suriye\u2019de g\u00fcvenlik g\u00fc\u00e7lerince \u00f6ld\u00fcr\u00fclmesine ili\u015fkin 21 Aral\u0131k 2024&#8217;te baronun resmi X hesab\u0131ndan &#8220;Uluslararas\u0131 \u0130nsanc\u0131l Hukuk Uygulans\u0131n&#8221; ba\u015fl\u0131kl\u0131 bir a\u00e7\u0131klama yay\u0131nland\u0131. Bu payla\u015f\u0131m\u0131n ard\u0131ndan, \u0130stanbul Cumhuriyet Ba\u015fsavc\u0131l\u0131\u011f\u0131 \u201cSilahl\u0131 ter\u00f6r \u00f6rg\u00fct\u00fc \u00fcyeli\u011fi\u201d su\u00e7undan haklar\u0131nda a\u00e7\u0131lan soru\u015fturmalara at\u0131f yaparak \u00f6ld\u00fcr\u00fclen \u015fah\u0131slar\u0131n gazeteci de\u011fil, g\u00fcvenlik g\u00fc\u00e7leriyle \u00e7at\u0131\u015fmaya giren ter\u00f6r \u00f6rg\u00fct\u00fc \u00fcyeleri oldu\u011funu kaydetti. Ard\u0131ndan \u0130stanbul Barosu\u2019na ter\u00f6r soru\u015fturmas\u0131 ba\u015flat\u0131ld\u0131. Avukatl\u0131k Kanunu gere\u011fince \u0130stanbul Barosu Ba\u015fkan\u0131 Kabo\u011flu ve 10 \u00fcyesi hakk\u0131nda hakk\u0131nda Adalet Bakanl\u0131\u011f\u0131\u2019ndan soru\u015fturma izni alan savc\u0131l\u0131k daha sonra baro y\u00f6netim kurulunun \u201c\u015f\u00fcpheli\u201d s\u0131fat\u0131yla ifadelerini ald\u0131. Akabinde soru\u015fturmas\u0131n\u0131 tamamlayan savc\u0131l\u0131k fezleke haz\u0131rlad\u0131. SAVCI: \u00d6RG\u00dcT \u00dcYEL\u0130\u011e\u0130NE \u00d6ZEND\u0130RD\u0130LER Fezlekede, \u015f\u00fcphelilerin, yay\u0131nlanan bas\u0131n a\u00e7\u0131klamas\u0131 ile ter\u00f6r \u00f6rg\u00fct\u00fc mensuplar\u0131 Naz\u0131m Da\u015ftan ve Cihan Bilgin\u2019i gazeteci olarak tan\u0131t\u0131p, g\u00fcvenlik g\u00fc\u00e7lerini ter\u00f6rle m\u00fccadele kapsam\u0131nda etkisiz hale getirdikleri ileri s\u00fcr\u00fcld\u00fc. Ayr\u0131ca ter\u00f6r \u00f6rg\u00fct\u00fc mensuplar\u0131na y\u00f6nelik g\u00fcvenlik g\u00fc\u00e7lerinin faaliyetini sava\u015f su\u00e7u kapsam\u0131nda ifade ettikleri kaydedildi. Soru\u015fturmaya konu bas\u0131n a\u00e7\u0131klamas\u0131n\u0131n ter\u00f6r \u00f6rg\u00fct\u00fcn\u00fcn nihai amac\u0131 olan b\u00f6l\u00fcc\u00fcl\u00fck faaliyetini me\u015fru go\u0308sterme ve yayma amac\u0131 ta\u015f\u0131d\u0131\u011f\u0131 &hellip;","og_url":"https:\/\/denizcankizil.tr\/ru\/hukukihaber\/istanbul-barosu-hakkinda-fezleke-baskan-ve-yonetim-kuruluna-12-yila-kadar-hapis-talebi\/","og_site_name":"Av. Deniz Can K\u0131z\u0131l","article_published_time":"2025-02-22T08:49:00+00:00","author":"Hukuki Haber.net","twitter_card":"summary_large_image","twitter_misc":{"\u041d\u0430\u043f\u0438\u0441\u0430\u043d\u043e \u0430\u0432\u0442\u043e\u0440\u043e\u043c":"Hukuki Haber.net","\u041f\u0440\u0438\u043c\u0435\u0440\u043d\u043e\u0435 \u0432\u0440\u0435\u043c\u044f \u0434\u043b\u044f \u0447\u0442\u0435\u043d\u0438\u044f":"3 \u043c\u0438\u043d\u0443\u0442\u044b"},"schema":{"@context":"https:\/\/schema.org","@graph":[{"@type":"Article","@id":"https:\/\/denizcankizil.tr\/en\/hukukihaber\/istanbul-barosu-hakkinda-fezleke-baskan-ve-yonetim-kuruluna-12-yila-kadar-hapis-talebi\/#article","isPartOf":{"@id":"https:\/\/denizcankizil.tr\/en\/hukukihaber\/istanbul-barosu-hakkinda-fezleke-baskan-ve-yonetim-kuruluna-12-yila-kadar-hapis-talebi\/"},"author":{"name":"Hukuki Haber.net","@id":"https:\/\/denizcankizil.tr\/de\/#\/schema\/person\/001a271de994a0aa3f90eea084424822"},"headline":"\u0130stanbul Barosu hakk\u0131nda fezleke! Ba\u015fkan ve y\u00f6netim kuruluna 12 y\u0131la kadar hapis talebi","datePublished":"2025-02-22T08:49:00+00:00","mainEntityOfPage":{"@id":"https:\/\/denizcankizil.tr\/en\/hukukihaber\/istanbul-barosu-hakkinda-fezleke-baskan-ve-yonetim-kuruluna-12-yila-kadar-hapis-talebi\/"},"wordCount":683,"commentCount":0,"publisher":{"@id":"https:\/\/denizcankizil.tr\/de\/#organization"},"articleSection":["Hukuki Haberler"],"inLanguage":"ru-RU","potentialAction":[{"@type":"CommentAction","name":"Comment","target":["https:\/\/denizcankizil.tr\/en\/hukukihaber\/istanbul-barosu-hakkinda-fezleke-baskan-ve-yonetim-kuruluna-12-yila-kadar-hapis-talebi\/#respond"]}]},{"@type":"WebPage","@id":"https:\/\/denizcankizil.tr\/en\/hukukihaber\/istanbul-barosu-hakkinda-fezleke-baskan-ve-yonetim-kuruluna-12-yila-kadar-hapis-talebi\/","url":"https:\/\/denizcankizil.tr\/en\/hukukihaber\/istanbul-barosu-hakkinda-fezleke-baskan-ve-yonetim-kuruluna-12-yila-kadar-hapis-talebi\/","name":"\u0130stanbul Barosu hakk\u0131nda fezleke! Ba\u015fkan ve y\u00f6netim kuruluna 12 y\u0131la kadar hapis talebi - Av. Deniz Can K\u0131z\u0131l","isPartOf":{"@id":"https:\/\/denizcankizil.tr\/de\/#website"},"datePublished":"2025-02-22T08:49:00+00:00","breadcrumb":{"@id":"https:\/\/denizcankizil.tr\/en\/hukukihaber\/istanbul-barosu-hakkinda-fezleke-baskan-ve-yonetim-kuruluna-12-yila-kadar-hapis-talebi\/#breadcrumb"},"inLanguage":"ru-RU","potentialAction":[{"@type":"ReadAction","target":["https:\/\/denizcankizil.tr\/en\/hukukihaber\/istanbul-barosu-hakkinda-fezleke-baskan-ve-yonetim-kuruluna-12-yila-kadar-hapis-talebi\/"]}]},{"@type":"BreadcrumbList","@id":"https:\/\/denizcankizil.tr\/en\/hukukihaber\/istanbul-barosu-hakkinda-fezleke-baskan-ve-yonetim-kuruluna-12-yila-kadar-hapis-talebi\/#breadcrumb","itemListElement":[{"@type":"ListItem","position":1,"name":"Home","item":"https:\/\/denizcankizil.tr\/de\/"},{"@type":"ListItem","position":2,"name":"\u0130stanbul Barosu hakk\u0131nda fezleke! Ba\u015fkan ve y\u00f6netim kuruluna 12 y\u0131la kadar hapis talebi"}]},{"@type":"WebSite","@id":"https:\/\/denizcankizil.tr\/de\/#website","url":"https:\/\/denizcankizil.tr\/de\/","name":"Av. Deniz Can K\u0131z\u0131l","description":"Avukat Deniz Can K\u0131z\u0131l Antalya Barosu","publisher":{"@id":"https:\/\/denizcankizil.tr\/de\/#organization"},"potentialAction":[{"@type":"SearchAction","target":{"@type":"EntryPoint","urlTemplate":"https:\/\/denizcankizil.tr\/de\/?s={search_term_string}"},"query-input":{"@type":"PropertyValueSpecification","valueRequired":true,"valueName":"search_term_string"}}],"inLanguage":"ru-RU"},{"@type":"Organization","@id":"https:\/\/denizcankizil.tr\/de\/#organization","name":"Av. Deniz Can K\u0131z\u0131l","url":"https:\/\/denizcankizil.tr\/de\/","logo":{"@type":"ImageObject","inLanguage":"ru-RU","@id":"https:\/\/denizcankizil.tr\/de\/#\/schema\/logo\/image\/","url":"https:\/\/denizcankizil.tr\/wp-content\/uploads\/2024\/10\/siyah-logo-svg.svg","contentUrl":"https:\/\/denizcankizil.tr\/wp-content\/uploads\/2024\/10\/siyah-logo-svg.svg","width":1080,"height":1080,"caption":"Av. Deniz Can K\u0131z\u0131l"},"image":{"@id":"https:\/\/denizcankizil.tr\/de\/#\/schema\/logo\/image\/"}},{"@type":"Person","@id":"https:\/\/denizcankizil.tr\/de\/#\/schema\/person\/001a271de994a0aa3f90eea084424822","name":"Hukuki Haber.net","image":{"@type":"ImageObject","inLanguage":"ru-RU","@id":"https:\/\/denizcankizil.tr\/de\/#\/schema\/person\/image\/","url":"https:\/\/secure.gravatar.com\/avatar\/57d8a49151495586611a149d29fc42865b951dc053a84709a3172ccb5abf3118?s=96&d=mm&r=g","contentUrl":"https:\/\/secure.gravatar.com\/avatar\/57d8a49151495586611a149d29fc42865b951dc053a84709a3172ccb5abf3118?s=96&d=mm&r=g","caption":"Hukuki Haber.net"},"sameAs":["http:\/\/www.hukukihaber.net"],"url":"https:\/\/www.hukukihaber.net\/istanbul-barosu-hakkinda-fezleke-baskan-ve-yonetim-kuruluna-12-yila-kadar-hapis-talebi"}]}},"_links":{"self":[{"href":"https:\/\/denizcankizil.tr\/ru\/wp-json\/wp\/v2\/posts\/33880","targetHints":{"allow":["GET"]}}],"collection":[{"href":"https:\/\/denizcankizil.tr\/ru\/wp-json\/wp\/v2\/posts"}],"about":[{"href":"https:\/\/denizcankizil.tr\/ru\/wp-json\/wp\/v2\/types\/post"}],"author":[{"embeddable":true,"href":"https:\/\/denizcankizil.tr\/ru\/wp-json\/wp\/v2\/users\/3"}],"replies":[{"embeddable":true,"href":"https:\/\/denizcankizil.tr\/ru\/wp-json\/wp\/v2\/comments?post=33880"}],"version-history":[{"count":0,"href":"https:\/\/denizcankizil.tr\/ru\/wp-json\/wp\/v2\/posts\/33880\/revisions"}],"wp:attachment":[{"href":"https:\/\/denizcankizil.tr\/ru\/wp-json\/wp\/v2\/media?parent=33880"}],"wp:term":[{"taxonomy":"category","embeddable":true,"href":"https:\/\/denizcankizil.tr\/ru\/wp-json\/wp\/v2\/categories?post=33880"},{"taxonomy":"post_tag","embeddable":true,"href":"https:\/\/denizcankizil.tr\/ru\/wp-json\/wp\/v2\/tags?post=33880"}],"curies":[{"name":"wp","href":"https:\/\/api.w.org\/{rel}","templated":true}]}}