{"id":33785,"date":"2025-02-21T12:42:23","date_gmt":"2025-02-21T09:42:23","guid":{"rendered":"https:\/\/denizcankizil.tr\/uncategorized-tr\/ahmet-yildirim-hayata-veda-etti\/"},"modified":"2025-02-21T12:42:23","modified_gmt":"2025-02-21T09:42:23","slug":"ahmet-yildirim-hayata-veda-etti","status":"publish","type":"post","link":"https:\/\/denizcankizil.tr\/ru\/haberler\/gundem\/ahmet-yildirim-hayata-veda-etti\/","title":{"rendered":"Ahmet Y\u0131ld\u0131r\u0131m Hayata Veda Etti\u2026"},"content":{"rendered":"<p>Yaz\u0131c\u0131 Demir \u00c7elik Eti Toprak\u2019ta Liman Vin\u00e7 Operat\u00f6r\u00fc olarak g\u00f6rev yapan ve 55 ya\u015f\u0131nda hayata g\u00f6zlerini yuman merhum Ahmet Y\u0131ld\u0131r\u0131m&#8217;\u0131n vefat\u0131, ba\u015fta ailesi ve t\u00fcm sevenlerini derin \u00fcz\u00fcnt\u00fcye bo\u011fdu.<\/p>\n<p>Merhum Ahmet Y\u0131ld\u0131r\u0131m\u2019\u0131n cenazesi, bug\u00fcn saat 10:30\u2019da Kavakl\u0131oluk K\u00f6y\u00fc Mezarl\u0131\u011f\u0131\u2019nda sevenlerinin g\u00f6zya\u015flar\u0131 ve dualar\u0131 e\u015fli\u011finde topra\u011fa verilerek son yolculu\u011funa u\u011furland\u0131. \u00a0Y\u0131ld\u0131r\u0131m ailesinin taziyelerini, Denizciler Y\u00f6r\u00fckler Kasab\u0131 arkas\u0131ndaki evlerinde kabul edece\u011fi bildirildi.<\/p>\n<p>\u200b\u0130skenderun Mesleki ve Teknik Anadolu Lisesi M\u00fcd\u00fcr\u00fc Yusuf Y\u0131ld\u0131r\u0131m\u2019\u0131n karde\u015fi, Kavakl\u0131oluk K\u00f6y\u00fc&#8217;nden Y\u0131ld\u0131r\u0131m ailesine mensup Ahmet Y\u0131ld\u0131r\u0131m, hayat\u0131n\u0131 kaybetti.\u00a0<\/p>\n<p>\u200bHaberin Al\u0131nt\u0131land\u0131\u011f\u0131 Kaynak: www.iskenderun.org<\/p>","protected":false},"excerpt":{"rendered":"<p>Yaz\u0131c\u0131 Demir \u00c7elik Eti Toprak\u2019ta Liman Vin\u00e7 Operat\u00f6r\u00fc olarak g\u00f6rev yapan ve 55 ya\u015f\u0131nda hayata g\u00f6zlerini yuman merhum Ahmet Y\u0131ld\u0131r\u0131m&#8217;\u0131n vefat\u0131, ba\u015fta ailesi ve t\u00fcm sevenlerini derin \u00fcz\u00fcnt\u00fcye bo\u011fdu. Merhum Ahmet Y\u0131ld\u0131r\u0131m\u2019\u0131n cenazesi, bug\u00fcn saat 10:30\u2019da Kavakl\u0131oluk K\u00f6y\u00fc Mezarl\u0131\u011f\u0131\u2019nda sevenlerinin g\u00f6zya\u015flar\u0131 ve dualar\u0131 e\u015fli\u011finde topra\u011fa verilerek son yolculu\u011funa u\u011furland\u0131. \u00a0Y\u0131ld\u0131r\u0131m ailesinin taziyelerini, Denizciler Y\u00f6r\u00fckler Kasab\u0131 arkas\u0131ndaki evlerinde kabul edece\u011fi bildirildi. \u200b\u0130skenderun Mesleki ve Teknik Anadolu Lisesi M\u00fcd\u00fcr\u00fc Yusuf Y\u0131ld\u0131r\u0131m\u2019\u0131n karde\u015fi, Kavakl\u0131oluk K\u00f6y\u00fc&#8217;nden Y\u0131ld\u0131r\u0131m ailesine mensup Ahmet Y\u0131ld\u0131r\u0131m, hayat\u0131n\u0131 kaybetti.\u00a0 \u200bHaberin Al\u0131nt\u0131land\u0131\u011f\u0131 Kaynak: www.iskenderun.org<\/p>","protected":false},"author":1,"featured_media":0,"comment_status":"open","ping_status":"open","sticky":false,"template":"","format":"standard","meta":{"_acf_changed":false,"footnotes":""},"categories":[24],"tags":[],"class_list":["post-33785","post","type-post","status-publish","format-standard","has-post-thumbnail","hentry","category-gundem"],"acf":[],"yoast_head":"<!-- This site is optimized with the Yoast SEO Premium plugin v26.6 (Yoast SEO v27.1.1) - https:\/\/yoast.com\/product\/yoast-seo-premium-wordpress\/ -->\n<title>Ahmet Y\u0131ld\u0131r\u0131m Hayata Veda Etti\u2026 - Av. Deniz Can K\u0131z\u0131l<\/title>\n<meta name=\"robots\" content=\"index, follow, max-snippet:-1, max-image-preview:large, max-video-preview:-1\" \/>\n<link rel=\"canonical\" href=\"https:\/\/denizcankizil.tr\/ru\/haberler\/gundem\/ahmet-yildirim-hayata-veda-etti\/\" \/>\n<meta property=\"og:locale\" content=\"ru_RU\" \/>\n<meta property=\"og:type\" content=\"article\" \/>\n<meta property=\"og:title\" content=\"Ahmet Y\u0131ld\u0131r\u0131m Hayata Veda Etti\u2026\" \/>\n<meta property=\"og:description\" content=\"Yaz\u0131c\u0131 Demir \u00c7elik Eti Toprak\u2019ta Liman Vin\u00e7 Operat\u00f6r\u00fc olarak g\u00f6rev yapan ve 55 ya\u015f\u0131nda hayata g\u00f6zlerini yuman merhum Ahmet Y\u0131ld\u0131r\u0131m&#8217;\u0131n vefat\u0131, ba\u015fta ailesi ve t\u00fcm sevenlerini derin \u00fcz\u00fcnt\u00fcye bo\u011fdu. Merhum Ahmet Y\u0131ld\u0131r\u0131m\u2019\u0131n cenazesi, bug\u00fcn saat 10:30\u2019da Kavakl\u0131oluk K\u00f6y\u00fc Mezarl\u0131\u011f\u0131\u2019nda sevenlerinin g\u00f6zya\u015flar\u0131 ve dualar\u0131 e\u015fli\u011finde topra\u011fa verilerek son yolculu\u011funa u\u011furland\u0131. \u00a0Y\u0131ld\u0131r\u0131m ailesinin taziyelerini, Denizciler Y\u00f6r\u00fckler Kasab\u0131 arkas\u0131ndaki evlerinde kabul edece\u011fi bildirildi. \u200b\u0130skenderun Mesleki ve Teknik Anadolu Lisesi M\u00fcd\u00fcr\u00fc Yusuf Y\u0131ld\u0131r\u0131m\u2019\u0131n karde\u015fi, Kavakl\u0131oluk K\u00f6y\u00fc&#8217;nden Y\u0131ld\u0131r\u0131m ailesine mensup Ahmet Y\u0131ld\u0131r\u0131m, hayat\u0131n\u0131 kaybetti.\u00a0 \u200bHaberin Al\u0131nt\u0131land\u0131\u011f\u0131 Kaynak: www.iskenderun.org\" \/>\n<meta property=\"og:url\" content=\"https:\/\/denizcankizil.tr\/ru\/haberler\/gundem\/ahmet-yildirim-hayata-veda-etti\/\" \/>\n<meta property=\"og:site_name\" content=\"Av. Deniz Can K\u0131z\u0131l\" \/>\n<meta property=\"article:published_time\" content=\"2025-02-21T09:42:23+00:00\" \/>\n<meta name=\"author\" content=\"admin\" \/>\n<meta name=\"twitter:card\" content=\"summary_large_image\" \/>\n<meta name=\"twitter:label1\" content=\"\u041d\u0430\u043f\u0438\u0441\u0430\u043d\u043e \u0430\u0432\u0442\u043e\u0440\u043e\u043c\" \/>\n\t<meta name=\"twitter:data1\" content=\"admin\" \/>\n\t<meta name=\"twitter:label2\" content=\"\u041f\u0440\u0438\u043c\u0435\u0440\u043d\u043e\u0435 \u0432\u0440\u0435\u043c\u044f \u0434\u043b\u044f \u0447\u0442\u0435\u043d\u0438\u044f\" \/>\n\t<meta name=\"twitter:data2\" content=\"1 \u043c\u0438\u043d\u0443\u0442\u0430\" \/>\n<script type=\"application\/ld+json\" class=\"yoast-schema-graph\">{\"@context\":\"https:\/\/schema.org\",\"@graph\":[{\"@type\":\"Article\",\"@id\":\"https:\/\/denizcankizil.tr\/en\/haberler\/gundem\/ahmet-yildirim-hayata-veda-etti\/#article\",\"isPartOf\":{\"@id\":\"https:\/\/denizcankizil.tr\/en\/haberler\/gundem\/ahmet-yildirim-hayata-veda-etti\/\"},\"author\":{\"name\":\"admin\",\"@id\":\"https:\/\/denizcankizil.tr\/de\/#\/schema\/person\/be3c05fe6a12686905512445d8185489\"},\"headline\":\"Ahmet Y\u0131ld\u0131r\u0131m Hayata Veda Etti\u2026\",\"datePublished\":\"2025-02-21T09:42:23+00:00\",\"mainEntityOfPage\":{\"@id\":\"https:\/\/denizcankizil.tr\/en\/haberler\/gundem\/ahmet-yildirim-hayata-veda-etti\/\"},\"wordCount\":148,\"commentCount\":0,\"publisher\":{\"@id\":\"https:\/\/denizcankizil.tr\/de\/#organization\"},\"articleSection\":[\"G\u00fcndem\"],\"inLanguage\":\"ru-RU\",\"potentialAction\":[{\"@type\":\"CommentAction\",\"name\":\"Comment\",\"target\":[\"https:\/\/denizcankizil.tr\/en\/haberler\/gundem\/ahmet-yildirim-hayata-veda-etti\/#respond\"]}]},{\"@type\":\"WebPage\",\"@id\":\"https:\/\/denizcankizil.tr\/en\/haberler\/gundem\/ahmet-yildirim-hayata-veda-etti\/\",\"url\":\"https:\/\/denizcankizil.tr\/en\/haberler\/gundem\/ahmet-yildirim-hayata-veda-etti\/\",\"name\":\"Ahmet Y\u0131ld\u0131r\u0131m Hayata Veda Etti\u2026 - Av. Deniz Can K\u0131z\u0131l\",\"isPartOf\":{\"@id\":\"https:\/\/denizcankizil.tr\/de\/#website\"},\"datePublished\":\"2025-02-21T09:42:23+00:00\",\"breadcrumb\":{\"@id\":\"https:\/\/denizcankizil.tr\/en\/haberler\/gundem\/ahmet-yildirim-hayata-veda-etti\/#breadcrumb\"},\"inLanguage\":\"ru-RU\",\"potentialAction\":[{\"@type\":\"ReadAction\",\"target\":[\"https:\/\/denizcankizil.tr\/en\/haberler\/gundem\/ahmet-yildirim-hayata-veda-etti\/\"]}]},{\"@type\":\"BreadcrumbList\",\"@id\":\"https:\/\/denizcankizil.tr\/en\/haberler\/gundem\/ahmet-yildirim-hayata-veda-etti\/#breadcrumb\",\"itemListElement\":[{\"@type\":\"ListItem\",\"position\":1,\"name\":\"Home\",\"item\":\"https:\/\/denizcankizil.tr\/de\/\"},{\"@type\":\"ListItem\",\"position\":2,\"name\":\"Ahmet Y\u0131ld\u0131r\u0131m Hayata Veda Etti\u2026\"}]},{\"@type\":\"WebSite\",\"@id\":\"https:\/\/denizcankizil.tr\/de\/#website\",\"url\":\"https:\/\/denizcankizil.tr\/de\/\",\"name\":\"Av. Deniz Can K\u0131z\u0131l\",\"description\":\"Avukat Deniz Can K\u0131z\u0131l Antalya Barosu\",\"publisher\":{\"@id\":\"https:\/\/denizcankizil.tr\/de\/#organization\"},\"potentialAction\":[{\"@type\":\"SearchAction\",\"target\":{\"@type\":\"EntryPoint\",\"urlTemplate\":\"https:\/\/denizcankizil.tr\/de\/?s={search_term_string}\"},\"query-input\":{\"@type\":\"PropertyValueSpecification\",\"valueRequired\":true,\"valueName\":\"search_term_string\"}}],\"inLanguage\":\"ru-RU\"},{\"@type\":\"Organization\",\"@id\":\"https:\/\/denizcankizil.tr\/de\/#organization\",\"name\":\"Av. Deniz Can K\u0131z\u0131l\",\"url\":\"https:\/\/denizcankizil.tr\/de\/\",\"logo\":{\"@type\":\"ImageObject\",\"inLanguage\":\"ru-RU\",\"@id\":\"https:\/\/denizcankizil.tr\/de\/#\/schema\/logo\/image\/\",\"url\":\"https:\/\/denizcankizil.tr\/wp-content\/uploads\/2024\/10\/siyah-logo-svg.svg\",\"contentUrl\":\"https:\/\/denizcankizil.tr\/wp-content\/uploads\/2024\/10\/siyah-logo-svg.svg\",\"width\":1080,\"height\":1080,\"caption\":\"Av. Deniz Can K\u0131z\u0131l\"},\"image\":{\"@id\":\"https:\/\/denizcankizil.tr\/de\/#\/schema\/logo\/image\/\"}},{\"@type\":\"Person\",\"@id\":\"https:\/\/denizcankizil.tr\/de\/#\/schema\/person\/be3c05fe6a12686905512445d8185489\",\"name\":\"admin\",\"image\":{\"@type\":\"ImageObject\",\"inLanguage\":\"ru-RU\",\"@id\":\"https:\/\/denizcankizil.tr\/de\/#\/schema\/person\/image\/\",\"url\":\"https:\/\/secure.gravatar.com\/avatar\/c1fce94c830dc79107e174f890d7210541c4a63e8e5d816341794a2151c9d58c?s=96&d=mm&r=g\",\"contentUrl\":\"https:\/\/secure.gravatar.com\/avatar\/c1fce94c830dc79107e174f890d7210541c4a63e8e5d816341794a2151c9d58c?s=96&d=mm&r=g\",\"caption\":\"admin\"},\"sameAs\":[\"http:\/\/denizcankizil.tr\"],\"url\":\"https:\/\/www.iskenderun.org\/ahmet-yildirim-hayata-veda-etti\"}]}<\/script>\n<!-- \/ Yoast SEO Premium plugin. -->","yoast_head_json":{"title":"Ahmet Y\u0131ld\u0131r\u0131m Hayata Veda Etti\u2026 - Av. Deniz Can K\u0131z\u0131l","robots":{"index":"index","follow":"follow","max-snippet":"max-snippet:-1","max-image-preview":"max-image-preview:large","max-video-preview":"max-video-preview:-1"},"canonical":"https:\/\/denizcankizil.tr\/ru\/haberler\/gundem\/ahmet-yildirim-hayata-veda-etti\/","og_locale":"ru_RU","og_type":"article","og_title":"Ahmet Y\u0131ld\u0131r\u0131m Hayata Veda Etti\u2026","og_description":"Yaz\u0131c\u0131 Demir \u00c7elik Eti Toprak\u2019ta Liman Vin\u00e7 Operat\u00f6r\u00fc olarak g\u00f6rev yapan ve 55 ya\u015f\u0131nda hayata g\u00f6zlerini yuman merhum Ahmet Y\u0131ld\u0131r\u0131m&#8217;\u0131n vefat\u0131, ba\u015fta ailesi ve t\u00fcm sevenlerini derin \u00fcz\u00fcnt\u00fcye bo\u011fdu. Merhum Ahmet Y\u0131ld\u0131r\u0131m\u2019\u0131n cenazesi, bug\u00fcn saat 10:30\u2019da Kavakl\u0131oluk K\u00f6y\u00fc Mezarl\u0131\u011f\u0131\u2019nda sevenlerinin g\u00f6zya\u015flar\u0131 ve dualar\u0131 e\u015fli\u011finde topra\u011fa verilerek son yolculu\u011funa u\u011furland\u0131. \u00a0Y\u0131ld\u0131r\u0131m ailesinin taziyelerini, Denizciler Y\u00f6r\u00fckler Kasab\u0131 arkas\u0131ndaki evlerinde kabul edece\u011fi bildirildi. \u200b\u0130skenderun Mesleki ve Teknik Anadolu Lisesi M\u00fcd\u00fcr\u00fc Yusuf Y\u0131ld\u0131r\u0131m\u2019\u0131n karde\u015fi, Kavakl\u0131oluk K\u00f6y\u00fc&#8217;nden Y\u0131ld\u0131r\u0131m ailesine mensup Ahmet Y\u0131ld\u0131r\u0131m, hayat\u0131n\u0131 kaybetti.\u00a0 \u200bHaberin Al\u0131nt\u0131land\u0131\u011f\u0131 Kaynak: www.iskenderun.org","og_url":"https:\/\/denizcankizil.tr\/ru\/haberler\/gundem\/ahmet-yildirim-hayata-veda-etti\/","og_site_name":"Av. Deniz Can K\u0131z\u0131l","article_published_time":"2025-02-21T09:42:23+00:00","author":"admin","twitter_card":"summary_large_image","twitter_misc":{"\u041d\u0430\u043f\u0438\u0441\u0430\u043d\u043e \u0430\u0432\u0442\u043e\u0440\u043e\u043c":"admin","\u041f\u0440\u0438\u043c\u0435\u0440\u043d\u043e\u0435 \u0432\u0440\u0435\u043c\u044f \u0434\u043b\u044f \u0447\u0442\u0435\u043d\u0438\u044f":"1 \u043c\u0438\u043d\u0443\u0442\u0430"},"schema":{"@context":"https:\/\/schema.org","@graph":[{"@type":"Article","@id":"https:\/\/denizcankizil.tr\/en\/haberler\/gundem\/ahmet-yildirim-hayata-veda-etti\/#article","isPartOf":{"@id":"https:\/\/denizcankizil.tr\/en\/haberler\/gundem\/ahmet-yildirim-hayata-veda-etti\/"},"author":{"name":"admin","@id":"https:\/\/denizcankizil.tr\/de\/#\/schema\/person\/be3c05fe6a12686905512445d8185489"},"headline":"Ahmet Y\u0131ld\u0131r\u0131m Hayata Veda Etti\u2026","datePublished":"2025-02-21T09:42:23+00:00","mainEntityOfPage":{"@id":"https:\/\/denizcankizil.tr\/en\/haberler\/gundem\/ahmet-yildirim-hayata-veda-etti\/"},"wordCount":148,"commentCount":0,"publisher":{"@id":"https:\/\/denizcankizil.tr\/de\/#organization"},"articleSection":["G\u00fcndem"],"inLanguage":"ru-RU","potentialAction":[{"@type":"CommentAction","name":"Comment","target":["https:\/\/denizcankizil.tr\/en\/haberler\/gundem\/ahmet-yildirim-hayata-veda-etti\/#respond"]}]},{"@type":"WebPage","@id":"https:\/\/denizcankizil.tr\/en\/haberler\/gundem\/ahmet-yildirim-hayata-veda-etti\/","url":"https:\/\/denizcankizil.tr\/en\/haberler\/gundem\/ahmet-yildirim-hayata-veda-etti\/","name":"Ahmet Y\u0131ld\u0131r\u0131m Hayata Veda Etti\u2026 - Av. Deniz Can K\u0131z\u0131l","isPartOf":{"@id":"https:\/\/denizcankizil.tr\/de\/#website"},"datePublished":"2025-02-21T09:42:23+00:00","breadcrumb":{"@id":"https:\/\/denizcankizil.tr\/en\/haberler\/gundem\/ahmet-yildirim-hayata-veda-etti\/#breadcrumb"},"inLanguage":"ru-RU","potentialAction":[{"@type":"ReadAction","target":["https:\/\/denizcankizil.tr\/en\/haberler\/gundem\/ahmet-yildirim-hayata-veda-etti\/"]}]},{"@type":"BreadcrumbList","@id":"https:\/\/denizcankizil.tr\/en\/haberler\/gundem\/ahmet-yildirim-hayata-veda-etti\/#breadcrumb","itemListElement":[{"@type":"ListItem","position":1,"name":"Home","item":"https:\/\/denizcankizil.tr\/de\/"},{"@type":"ListItem","position":2,"name":"Ahmet Y\u0131ld\u0131r\u0131m Hayata Veda Etti\u2026"}]},{"@type":"WebSite","@id":"https:\/\/denizcankizil.tr\/de\/#website","url":"https:\/\/denizcankizil.tr\/de\/","name":"Av. Deniz Can K\u0131z\u0131l","description":"Avukat Deniz Can K\u0131z\u0131l Antalya Barosu","publisher":{"@id":"https:\/\/denizcankizil.tr\/de\/#organization"},"potentialAction":[{"@type":"SearchAction","target":{"@type":"EntryPoint","urlTemplate":"https:\/\/denizcankizil.tr\/de\/?s={search_term_string}"},"query-input":{"@type":"PropertyValueSpecification","valueRequired":true,"valueName":"search_term_string"}}],"inLanguage":"ru-RU"},{"@type":"Organization","@id":"https:\/\/denizcankizil.tr\/de\/#organization","name":"Av. Deniz Can K\u0131z\u0131l","url":"https:\/\/denizcankizil.tr\/de\/","logo":{"@type":"ImageObject","inLanguage":"ru-RU","@id":"https:\/\/denizcankizil.tr\/de\/#\/schema\/logo\/image\/","url":"https:\/\/denizcankizil.tr\/wp-content\/uploads\/2024\/10\/siyah-logo-svg.svg","contentUrl":"https:\/\/denizcankizil.tr\/wp-content\/uploads\/2024\/10\/siyah-logo-svg.svg","width":1080,"height":1080,"caption":"Av. Deniz Can K\u0131z\u0131l"},"image":{"@id":"https:\/\/denizcankizil.tr\/de\/#\/schema\/logo\/image\/"}},{"@type":"Person","@id":"https:\/\/denizcankizil.tr\/de\/#\/schema\/person\/be3c05fe6a12686905512445d8185489","name":"\u0430\u0434\u043c\u0438\u043d","image":{"@type":"ImageObject","inLanguage":"ru-RU","@id":"https:\/\/denizcankizil.tr\/de\/#\/schema\/person\/image\/","url":"https:\/\/secure.gravatar.com\/avatar\/c1fce94c830dc79107e174f890d7210541c4a63e8e5d816341794a2151c9d58c?s=96&d=mm&r=g","contentUrl":"https:\/\/secure.gravatar.com\/avatar\/c1fce94c830dc79107e174f890d7210541c4a63e8e5d816341794a2151c9d58c?s=96&d=mm&r=g","caption":"admin"},"sameAs":["http:\/\/denizcankizil.tr"],"url":"https:\/\/www.iskenderun.org\/ahmet-yildirim-hayata-veda-etti"}]}},"_links":{"self":[{"href":"https:\/\/denizcankizil.tr\/ru\/wp-json\/wp\/v2\/posts\/33785","targetHints":{"allow":["GET"]}}],"collection":[{"href":"https:\/\/denizcankizil.tr\/ru\/wp-json\/wp\/v2\/posts"}],"about":[{"href":"https:\/\/denizcankizil.tr\/ru\/wp-json\/wp\/v2\/types\/post"}],"author":[{"embeddable":true,"href":"https:\/\/denizcankizil.tr\/ru\/wp-json\/wp\/v2\/users\/1"}],"replies":[{"embeddable":true,"href":"https:\/\/denizcankizil.tr\/ru\/wp-json\/wp\/v2\/comments?post=33785"}],"version-history":[{"count":0,"href":"https:\/\/denizcankizil.tr\/ru\/wp-json\/wp\/v2\/posts\/33785\/revisions"}],"wp:attachment":[{"href":"https:\/\/denizcankizil.tr\/ru\/wp-json\/wp\/v2\/media?parent=33785"}],"wp:term":[{"taxonomy":"category","embeddable":true,"href":"https:\/\/denizcankizil.tr\/ru\/wp-json\/wp\/v2\/categories?post=33785"},{"taxonomy":"post_tag","embeddable":true,"href":"https:\/\/denizcankizil.tr\/ru\/wp-json\/wp\/v2\/tags?post=33785"}],"curies":[{"name":"wp","href":"https:\/\/api.w.org\/{rel}","templated":true}]}}