{"id":33656,"date":"2025-02-20T13:43:09","date_gmt":"2025-02-20T10:43:09","guid":{"rendered":"https:\/\/denizcankizil.tr\/uncategorized-tr\/ilk-yeterlilik-belgeleri-sahiplerini-buldu\/"},"modified":"2025-02-20T13:43:09","modified_gmt":"2025-02-20T10:43:09","slug":"ilk-yeterlilik-belgeleri-sahiplerini-buldu","status":"publish","type":"post","link":"https:\/\/denizcankizil.tr\/ru\/haberler\/antalya\/ilk-yeterlilik-belgeleri-sahiplerini-buldu\/","title":{"rendered":"\u0130lk yeterlilik belgeleri sahiplerini buldu"},"content":{"rendered":"<p>Antalya Ticaret ve Sanayi Odas\u0131 (ATSO) Y\u00f6netim Kurulu Ba\u015fkan\u0131 Yusuf Hac\u0131s\u00fcleyman, ATSO, T\u00fcrkiye Otomobil Kiralama Federasyonu (TOKFED), T\u00fcm Oto Kiralama ve Mobilite Kurulu\u015flar\u0131 Derne\u011fi (TOKKDER) ve Ara\u00e7 Kiralama Kurulu\u015flar\u0131 Derne\u011fi (AKKDER) i\u015f birli\u011fiyle d\u00fczenlenen &#8220;Ara\u00e7 Kiralama Sekt\u00f6r\u00fcn\u00fcn D\u00fcn\u00fc, Bug\u00fcn\u00fc, Gelece\u011fi&#8221; panelinde, sekt\u00f6r temsilcileri ile bir araya geldi. Panelde, ATSO taraf\u0131ndan hayata ge\u00e7irilen ve Mesleki Yeterlilik Kurumu (MYK) taraf\u0131ndan onaylanan &#8220;Ara\u00e7 Kiralama Dan\u0131\u015fman\u0131 S4 Ulusal Mesleki Yeterlilik&#8221; program\u0131 kapsam\u0131nda, T\u00fcrkiye\u2019de ara\u00e7 kiralama sekt\u00f6r\u00fcndeki ilk ulusal mesleki yeterlilik belgeleri de sekt\u00f6r \u00e7al\u0131\u015fanlar\u0131na takdim edildi.<\/p>\n<p>&#8220;Ruhsat sorunu \u00e7\u00f6z\u00fcld\u00fc&#8221;<br \/>\nSekt\u00f6rde bir\u00e7ok sorunla kar\u015f\u0131la\u015ft\u0131klar\u0131n\u0131 belirten Ara\u00e7 Kiralama Kurulu\u015flar\u0131 Derne\u011fi (AKKDER) \u00c7i\u011fdem Ko\u015fan, &#8220;Dikkat etmemiz gereken \u00e7ok fazla mevzuat ve prosed\u00fcr var. Bu da zaman zaman bizleri zorluyor ve ma\u011fduriyetler ya\u015fanmas\u0131na neden oluyor. \u00d6zellikle i\u015f yeri ruhsatlar\u0131 konusunda ciddi s\u0131k\u0131nt\u0131lar ya\u015fam\u0131\u015ft\u0131k. Ancak Muratpa\u015fa ve Konyaalt\u0131 il\u00e7elerinde bu sorunu \u00e7\u00f6zd\u00fck. B\u00f6ylece 395 i\u015f yerimiz mesleki faaliyetlerine rahatl\u0131kla devam edebiliyor. Ancak Ermenek&#8217;te derne\u011fimize tahsis edilen depolama alan\u0131 doldu. Bu nedenle ruhsat alamayan baz\u0131 i\u015f yerleri kapanmak zorunda kald\u0131. Neyse ki, ATSO devreye girerek sorunumuzu \u00e7\u00f6zd\u00fc. Yasal d\u00fczenlemeler sa\u011fland\u0131ktan sonra 900 i\u015fletmemiz daha ruhsat alabilecek. Kemer\u2019de de ruhsat sorunu \u00e7\u00f6z\u00fcme kavu\u015ftu&#8221; dedi.<br \/>\nTOKFED Y\u00f6netim Kurulu Ba\u015fkan\u0131 Adnan Dan\u0131\u015fkan, i\u015f g\u00fcc\u00fc piyasas\u0131n\u0131n kalitesini art\u0131rmak, sekt\u00f6rel geli\u015fmeleri yak\u0131ndan takip etmek ve mesleki yeterlilik konusunda \u00f6nemli \u00e7al\u0131\u015fmalar y\u00fcr\u00fctt\u00fcklerini vurgulad\u0131. Mesleki Yeterlilik Kurumu Ba\u015fkan Yard\u0131mc\u0131s\u0131 Ali G\u00fcler ise 27 sekt\u00f6rde toplam 920 ulusal mesleki yeterlilik standard\u0131 yay\u0131nlad\u0131klar\u0131n\u0131 belirterek, bug\u00fcne kadar 3 milyon ki\u015finin mesleki yeterlilik belgesi alarak \u00e7al\u0131\u015fma hayat\u0131na kazand\u0131r\u0131ld\u0131\u011f\u0131n\u0131 ifade etti. Ayr\u0131ca, 6 farkl\u0131 dilde e\u011fitim verdiklerini de s\u00f6zlerine ekledi.<\/p>\n<p>&#8220;T\u00fcrkiye&#8217;nin petrol\u00fc turizmdir&#8221;<br \/>\nPanelin a\u00e7\u0131l\u0131\u015f konu\u015fmas\u0131n\u0131 ger\u00e7ekle\u015ftiren Ba\u015fkan Hac\u0131s\u00fcleyman, Antalya gibi turistik b\u00f6lgelerde, ara\u00e7 kiralama sekt\u00f6r\u00fcn\u00fcn yaln\u0131zca bir ula\u015f\u0131m \u00e7\u00f6z\u00fcm\u00fc olmad\u0131\u011f\u0131n\u0131, tamamlay\u0131c\u0131 bir sekt\u00f6r oldu\u011funu belirterek, &#8220;Her y\u0131l milyonlarca turisti a\u011f\u0131rlayan \u015fehrimizde, ara\u00e7 kiralama hizmetlerinin kalitesi ve g\u00fcvenilirli\u011fi, Antalya\u2019n\u0131n turizm markas\u0131na do\u011frudan etki etmektedir. Dolay\u0131s\u0131yla sekt\u00f6r\u00fcm\u00fcz\u00fcn g\u00fc\u00e7lenmesi, yaln\u0131zca firmalar\u0131m\u0131z\u0131n de\u011fil, \u015fehrimizin de kazanc\u0131na katk\u0131 sa\u011flayacakt\u0131r&#8221; dedi. Antalya\u2019n\u0131n, T\u00fcrkiye\u2019de bir\u00e7ok a\u00e7\u0131dan d\u00f6rd\u00fcnc\u00fc s\u0131rada bir kent oldu\u011funa dikkati \u00e7eken Hac\u0131s\u00fcleyman, ekonomide ise alt\u0131nc\u0131 s\u0131rada olduklar\u0131n\u0131 belirterek, s\u00f6zlerini \u015f\u00f6yle s\u00fcrd\u00fcrd\u00fc;<br \/>\n&#8220;Ara\u00e7 kiralama konusu g\u00fcndemimize ilk geldi\u011finde, bu alana b\u00fcy\u00fck bir \u00f6nem vererek \u00e7al\u0131\u015fmalar\u0131m\u0131za ba\u015flad\u0131k. Antalya\u2019n\u0131n en g\u00fc\u00e7l\u00fc oldu\u011fu sekt\u00f6rler turizm ve tar\u0131m. Turizm sekt\u00f6r\u00fcn\u00fcn \u00f6nemli bir par\u00e7as\u0131 olan ara\u00e7 kiralama alan\u0131nda kaliteyi art\u0131rmak i\u00e7in y\u00fcr\u00fct\u00fclen \u00e7al\u0131\u015fmalara destek verdik. \u00d6ncelikle, sekt\u00f6r firmalar\u0131n\u0131n ruhsat sorunlar\u0131n\u0131 \u00e7\u00f6zmek amac\u0131yla belediye ba\u015fkanlar\u0131yla g\u00f6r\u00fc\u015fmeler ger\u00e7ekle\u015ftirdik. \u015eu an i\u00e7in ruhsat konusunda b\u00fcy\u00fck bir problem g\u00f6r\u00fcnm\u00fcyor, ancak daha fazla depolama alan\u0131 olu\u015fturmak i\u00e7in \u00e7al\u0131\u015fmalar\u0131m\u0131z\u0131 s\u00fcrd\u00fcrece\u011fiz. T\u00fcrkiye&#8217;de zaman zaman yeni kanun ve y\u00f6netmelikler, yeterli saha \u00e7al\u0131\u015fmas\u0131 yap\u0131lmadan h\u0131zla y\u00fcr\u00fcrl\u00fc\u011fe giriyor. Bu durum, sonras\u0131nda baz\u0131 d\u00fczenlemeler yap\u0131lmas\u0131n\u0131 gerektiriyor. Sekt\u00f6r\u00fcm\u00fcz\u00fcn tek bir yasal \u00e7er\u00e7eveye oturtulmas\u0131 gerekiyor ki bu da bizler i\u00e7in b\u00fcy\u00fck bir rahatlama sa\u011flayacakt\u0131r. T\u00fcrkiye\u2019nin petrol\u00fc turizm ve \u00fclkemizin en b\u00fcy\u00fck ekonomik g\u00fcc\u00fc. Y\u0131ll\u0131k 60 milyar dolarl\u0131k turizm geliri, \u00fclkemiz i\u00e7in \u00e7ok \u00f6nemli bir ihracat kalemidir. Bu nedenle, sekt\u00f6rde kaliteyi art\u0131rmak ad\u0131na at\u0131lacak her ad\u0131m\u0131 el birli\u011fiyle desteklemeli ve geli\u015ftirmeliyiz.&#8221;<\/p>\n<p>&#8220;Ara\u00e7 kiralama, turizm ekonomisinin anahtarlar\u0131ndan biri&#8221;<br \/>\nATSO Ba\u015fkan\u0131 Yusuf Hac\u0131s\u00fcleyman, &#8220;Antalya olarak bir\u00e7ok alanda \u00f6nc\u00fcy\u00fcz. \u2018Her \u015fey d\u00e2hil\u2019 sisteminde d\u00fcnyada birinci s\u0131raday\u0131z. Ge\u00e7mi\u015fte bu sistem, ekonomik \u015fartlar nedeniyle bir \u00e7\u0131k\u0131\u015f yolu olarak benimsendi. O d\u00f6nem fiyatlar o kadar d\u00fc\u015fm\u00fc\u015ft\u00fc ki sekt\u00f6rde bir s\u0131\u00e7rama yapmam\u0131z gerekiyordu ve bu modeli tercih ettik. Ancak art\u0131k farkl\u0131 bir s\u0131\u00e7rama yapabilece\u011fimizi d\u00fc\u015f\u00fcn\u00fcyoruz. Bug\u00fcn sekt\u00f6r\u00fcm\u00fcz daha serbest, vizyonumuz daha geni\u015f ve gelece\u011fe dair umutlar\u0131m\u0131z daha g\u00fc\u00e7l\u00fc&#8221; dedi. ATSO olarak en \u00f6nemli g\u00f6revlerinin Antalya&#8217;da ticareti geli\u015ftirmek oldu\u011funa dikkat \u00e7eken Hac\u0131s\u00fcleyman, &#8220;Her \u015fey dahil sisteminde tatil yapan turistlerin otelden \u00e7\u0131kmas\u0131 gerekiyor. \u0130\u015fte burada ara\u00e7 kiralama sekt\u00f6r\u00fc b\u00fcy\u00fck bir rol oynuyor. Kiralad\u0131klar\u0131 ara\u00e7larla \u015fehri ke\u015ffeden turistler, farkl\u0131 i\u015fletmelerden hizmet alarak ekonomiye katk\u0131 sa\u011fl\u0131yor. M\u00fcze ve \u00f6ren yerlerine giri\u015f \u00fccreti \u00f6d\u00fcyorlar, yak\u0131t al\u0131yorlar, restoranlarda yemek yiyorlar ve al\u0131\u015fveri\u015f yap\u0131yorlar. T\u00fcm bunlar \u015fehir ekonomisinin \u00e7arklar\u0131n\u0131 d\u00f6nd\u00fcren unsurlar&#8221; diye konu\u015ftu. Ara\u00e7 kiralama sekt\u00f6r\u00fcn\u00fcn \u015fehirlerin cazibesini art\u0131ran \u00f6nemli bir unsur oldu\u011funu belirten Hac\u0131s\u00fcleyman, &#8220;Sekt\u00f6rde toplam kaliteyi sa\u011flad\u0131\u011f\u0131m\u0131zda i\u015flerin nas\u0131l kolayla\u015ft\u0131\u011f\u0131n\u0131 g\u00f6rece\u011fiz. Elbette bu s\u00fcre\u00e7 kolay de\u011fil. Ruhsat almak, standartlar\u0131 sa\u011flamak, belirli bir seviyede kalmak emek istiyor. Ancak kalitemizi art\u0131rarak Antalya&#8217;ya ve T\u00fcrkiye&#8217;ye gelen turistlerin g\u00fcvenli ula\u015f\u0131m ihtiyac\u0131n\u0131 kar\u015f\u0131layan bir sekt\u00f6r haline gelmeliyiz&#8221; ifadelerini kulland\u0131.<br \/>\nATSO 46. Grup (Ta\u015f\u0131t Kiralama ve \u0130lgili Hizmetler) Meslek Komitesi \u00f6nc\u00fcl\u00fc\u011f\u00fcnde, ilgili kurum ve kurulu\u015flar\u0131n i\u015f birli\u011fiyle ger\u00e7ekle\u015ftirilen programa, Mesleki Yeterlilik Kurumu Ba\u015fkan Yard\u0131mc\u0131s\u0131 Ali G\u00fcler, Mesleki Yeterlilik Kurumu S\u0131nav ve Belgelendirme Dairesi Ba\u015fkan\u0131 Mustafa \u00d6zgen, ATSO Y\u00f6netim Kurulu Ba\u015fkan Yard\u0131mc\u0131s\u0131 Hakan Pakal\u0131n, ATSO Genel Sekreteri Av. Asl\u0131 \u015eahin Tekin, ATSO Meclis \u00dcyesi, ATSO Vakf\u0131 Y\u00f6netim Kurulu Ba\u015fkan Yard\u0131mc\u0131s\u0131 ve ATSOMESEM \u0130ktisadi ve \u0130dari \u0130\u015fletme M\u00fcd\u00fcr\u00fc \u00d6mer Gilan, TOKFED Y\u00f6netim Kurulu Ba\u015fkan\u0131 Adnan Dan\u0131\u015fkan, TOKKDER Y\u00f6netim Kurulu Ba\u015fkan\u0131 Ali Ka\u011fan Ya\u015fa, TOKKDER Y\u00f6netim Kurulu Ba\u015fkan Yard\u0131mc\u0131lar\u0131; Enterprise Rent a Car CEO \u00d6zarslan Tang\u00fcn ve Otoko\u00e7 Otomotiv A.\u015e. CEO \u0130nan Ekici, AKKDER Y\u00f6netim Kurulu Ba\u015fkan\u0131 \u00c7i\u011fdem Ko\u015fan, ATSO 46. Grup Meclis \u00dcyeleri Ziya \u00d6zden Tezgel ve Cafer Y\u00fcce, Komite Ba\u015fkan\u0131 Adnan Maz\u0131c\u0131 ile \u00e7ok say\u0131da sekt\u00f6r temsilcisi kat\u0131ld\u0131.<\/p>\n<p>&#8220;Sekt\u00f6re \u00e7\u00f6z\u00fcm i\u00e7in i\u015f birli\u011fi protokol\u00fc&#8221;<br \/>\nATSO, ATSO MESEM, TOKKDER, AKKDER ve TOKFED i\u015f birli\u011fiyle, ara\u00e7 kiralama sekt\u00f6r\u00fcne y\u00f6nelik ulusal mesleki standartlar ve yeterliliklerin olu\u015fturulmas\u0131, sekt\u00f6r\u00fcn kar\u015f\u0131la\u015ft\u0131\u011f\u0131 sorunlara \u00e7\u00f6z\u00fcm odakl\u0131 ortak projeler ve toplant\u0131lar d\u00fczenlenmesi, mesleki e\u011fitim, belgelendirme ve yeterlilik belgelerinin yayg\u0131nla\u015ft\u0131r\u0131lmas\u0131 amac\u0131yla bir i\u015f birli\u011fi protokol\u00fc imzaland\u0131. Protokol, ATSO Y\u00f6netim Kurulu Ba\u015fkan\u0131 Yusuf Hac\u0131s\u00fcleyman, Meclis \u00dcyesi ve ATSO Vakf\u0131 Y\u00f6netim Kurulu Ba\u015fkan Yard\u0131mc\u0131s\u0131 ile ATSO MESEM \u0130ktisadi ve \u0130dari \u0130\u015fletme M\u00fcd\u00fcr\u00fc \u00d6mer Gilan, Genel Sekreteri Av. Asl\u0131 \u015eahin Tekin, TOKFED Y\u00f6netim Kurulu Ba\u015fkan\u0131 Adnan Dan\u0131\u015fkan, TOKKDER Y\u00f6netim Kurulu Ba\u015fkan\u0131 Ali Ka\u011fan Ya\u015fa ve AKKDER Y\u00f6netim Kurulu Ba\u015fkan\u0131 \u00c7i\u011fdem Ko\u015fan taraf\u0131ndan imzaland\u0131.<\/p>\n<p>Ara\u00e7 kiralama sekt\u00f6r\u00fcn\u00fcn yol haritas\u0131 konu\u015fuldu<br \/>\nATSO, TOKKDER, AKKDER ve TOKFED i\u015f birli\u011finde d\u00fczenlenen &#8220;Ara\u00e7 Kiralama Sekt\u00f6r\u00fcn\u00fcn D\u00fcn\u00fc, Bug\u00fcn\u00fc, Gelece\u011fi&#8221; paneli, sekt\u00f6r temsilcilerinin yo\u011fun kat\u0131l\u0131m\u0131yla ve ba\u015far\u0131yla ger\u00e7ekle\u015ftirildi. ATSO 46. Grup (Ta\u015f\u0131t Kiralama ve \u0130lgili Hizmetler) Meslek Komite Ba\u015fkan\u0131 Adnan Maz\u0131c\u0131, TOKFED Y\u00f6netim Kurulu Ba\u015fkan\u0131 Adnan Dan\u0131\u015fkan, TOKKDER Y\u00f6netim Kurulu Ba\u015fkan\u0131 Ali Ka\u011fan Ya\u015fa, TOKKDER Y\u00f6netim Kurulu Ba\u015fkan Yard\u0131mc\u0131s\u0131, Otoko\u00e7 Otomotiv CEO \u0130nan Ekici, TOKKDER Y\u00f6netim Kurulu Ba\u015fkan Yard\u0131mc\u0131s\u0131, Enterprise Rent A Car T\u00fcrkiye CEO \u00d6zarslan Tang\u00fcn\u2019\u00fcn kat\u0131l\u0131m\u0131 ve AKKDER Y\u00f6netim Kurulu Ba\u015fkan\u0131 \u00c7i\u011fdem Ko\u015fan moderat\u00f6rl\u00fc\u011f\u00fcnde ger\u00e7ekle\u015ftirilen panelde, ara\u00e7 kiralama sekt\u00f6r\u00fcn\u00fcn ge\u00e7mi\u015ften g\u00fcn\u00fcm\u00fcze geli\u015fimi, kar\u015f\u0131la\u015f\u0131lan f\u0131rsatlar ve zorluklar, gelecekte sekt\u00f6r\u00fcn izleyece\u011fi yol haritas\u0131 ele al\u0131nd\u0131. Sekt\u00f6rde yeni i\u015f modelleri, teknolojik d\u00f6n\u00fc\u015f\u00fcm ve mesleki yeterlilik belgelerinin \u00f6nemi gibi konular\u0131n g\u00f6r\u00fc\u015f\u00fcld\u00fc\u011f\u00fc panel, soru-cevap b\u00f6l\u00fcm\u00fcn\u00fcn ard\u0131ndan sona erdi.<\/p>\n<p>Kaynak: www.kanalv.com.tr Haber Sitesinden Al\u0131nm\u0131\u015ft\u0131r.<\/p>","protected":false},"excerpt":{"rendered":"<p>Antalya Ticaret ve Sanayi Odas\u0131 (ATSO) Y\u00f6netim Kurulu Ba\u015fkan\u0131 Yusuf Hac\u0131s\u00fcleyman, ATSO, T\u00fcrkiye Otomobil Kiralama Federasyonu (TOKFED), T\u00fcm Oto Kiralama ve Mobilite Kurulu\u015flar\u0131 Derne\u011fi (TOKKDER) ve Ara\u00e7 Kiralama Kurulu\u015flar\u0131 Derne\u011fi (AKKDER) i\u015f birli\u011fiyle d\u00fczenlenen &#8220;Ara\u00e7 Kiralama Sekt\u00f6r\u00fcn\u00fcn D\u00fcn\u00fc, Bug\u00fcn\u00fc, Gelece\u011fi&#8221; panelinde, sekt\u00f6r temsilcileri ile bir araya geldi. Panelde, ATSO taraf\u0131ndan hayata ge\u00e7irilen ve Mesleki Yeterlilik Kurumu (MYK) taraf\u0131ndan onaylanan &#8220;Ara\u00e7 Kiralama Dan\u0131\u015fman\u0131 S4 Ulusal Mesleki Yeterlilik&#8221; program\u0131 kapsam\u0131nda, T\u00fcrkiye\u2019de ara\u00e7 kiralama sekt\u00f6r\u00fcndeki ilk ulusal mesleki yeterlilik belgeleri de sekt\u00f6r \u00e7al\u0131\u015fanlar\u0131na takdim edildi. &#8220;Ruhsat sorunu \u00e7\u00f6z\u00fcld\u00fc&#8221; Sekt\u00f6rde bir\u00e7ok sorunla kar\u015f\u0131la\u015ft\u0131klar\u0131n\u0131 belirten Ara\u00e7 Kiralama Kurulu\u015flar\u0131 Derne\u011fi (AKKDER) \u00c7i\u011fdem Ko\u015fan, &#8220;Dikkat etmemiz gereken \u00e7ok fazla mevzuat ve prosed\u00fcr var. Bu da zaman zaman bizleri zorluyor ve ma\u011fduriyetler ya\u015fanmas\u0131na neden oluyor. \u00d6zellikle i\u015f yeri ruhsatlar\u0131 konusunda ciddi s\u0131k\u0131nt\u0131lar ya\u015fam\u0131\u015ft\u0131k. Ancak Muratpa\u015fa ve Konyaalt\u0131 il\u00e7elerinde bu sorunu \u00e7\u00f6zd\u00fck. B\u00f6ylece 395 i\u015f yerimiz mesleki faaliyetlerine rahatl\u0131kla devam edebiliyor. Ancak Ermenek&#8217;te derne\u011fimize tahsis edilen depolama alan\u0131 doldu. Bu nedenle ruhsat alamayan baz\u0131 i\u015f yerleri kapanmak zorunda kald\u0131. Neyse ki, ATSO devreye girerek sorunumuzu \u00e7\u00f6zd\u00fc. Yasal d\u00fczenlemeler sa\u011fland\u0131ktan sonra 900 i\u015fletmemiz daha ruhsat alabilecek. Kemer\u2019de de ruhsat sorunu \u00e7\u00f6z\u00fcme kavu\u015ftu&#8221; dedi. TOKFED Y\u00f6netim Kurulu Ba\u015fkan\u0131 Adnan Dan\u0131\u015fkan, i\u015f g\u00fcc\u00fc piyasas\u0131n\u0131n kalitesini art\u0131rmak, sekt\u00f6rel geli\u015fmeleri yak\u0131ndan takip etmek ve &hellip;<\/p>","protected":false},"author":4,"featured_media":33657,"comment_status":"open","ping_status":"open","sticky":false,"template":"","format":"standard","meta":{"_acf_changed":false,"footnotes":""},"categories":[26],"tags":[],"class_list":["post-33656","post","type-post","status-publish","format-standard","has-post-thumbnail","hentry","category-antalya"],"acf":[],"yoast_head":"<!-- This site is optimized with the Yoast SEO Premium plugin v26.6 (Yoast SEO v27.1.1) - https:\/\/yoast.com\/product\/yoast-seo-premium-wordpress\/ -->\n<title>\u0130lk yeterlilik belgeleri sahiplerini buldu - Av. Deniz Can K\u0131z\u0131l<\/title>\n<meta name=\"robots\" content=\"index, follow, max-snippet:-1, max-image-preview:large, max-video-preview:-1\" \/>\n<link rel=\"canonical\" href=\"https:\/\/denizcankizil.tr\/ru\/haberler\/antalya\/ilk-yeterlilik-belgeleri-sahiplerini-buldu\/\" \/>\n<meta property=\"og:locale\" content=\"ru_RU\" \/>\n<meta property=\"og:type\" content=\"article\" \/>\n<meta property=\"og:title\" content=\"\u0130lk yeterlilik belgeleri sahiplerini buldu\" \/>\n<meta property=\"og:description\" content=\"Antalya Ticaret ve Sanayi Odas\u0131 (ATSO) Y\u00f6netim Kurulu Ba\u015fkan\u0131 Yusuf Hac\u0131s\u00fcleyman, ATSO, T\u00fcrkiye Otomobil Kiralama Federasyonu (TOKFED), T\u00fcm Oto Kiralama ve Mobilite Kurulu\u015flar\u0131 Derne\u011fi (TOKKDER) ve Ara\u00e7 Kiralama Kurulu\u015flar\u0131 Derne\u011fi (AKKDER) i\u015f birli\u011fiyle d\u00fczenlenen &#8220;Ara\u00e7 Kiralama Sekt\u00f6r\u00fcn\u00fcn D\u00fcn\u00fc, Bug\u00fcn\u00fc, Gelece\u011fi&#8221; panelinde, sekt\u00f6r temsilcileri ile bir araya geldi. Panelde, ATSO taraf\u0131ndan hayata ge\u00e7irilen ve Mesleki Yeterlilik Kurumu (MYK) taraf\u0131ndan onaylanan &#8220;Ara\u00e7 Kiralama Dan\u0131\u015fman\u0131 S4 Ulusal Mesleki Yeterlilik&#8221; program\u0131 kapsam\u0131nda, T\u00fcrkiye\u2019de ara\u00e7 kiralama sekt\u00f6r\u00fcndeki ilk ulusal mesleki yeterlilik belgeleri de sekt\u00f6r \u00e7al\u0131\u015fanlar\u0131na takdim edildi. &#8220;Ruhsat sorunu \u00e7\u00f6z\u00fcld\u00fc&#8221; Sekt\u00f6rde bir\u00e7ok sorunla kar\u015f\u0131la\u015ft\u0131klar\u0131n\u0131 belirten Ara\u00e7 Kiralama Kurulu\u015flar\u0131 Derne\u011fi (AKKDER) \u00c7i\u011fdem Ko\u015fan, &#8220;Dikkat etmemiz gereken \u00e7ok fazla mevzuat ve prosed\u00fcr var. Bu da zaman zaman bizleri zorluyor ve ma\u011fduriyetler ya\u015fanmas\u0131na neden oluyor. \u00d6zellikle i\u015f yeri ruhsatlar\u0131 konusunda ciddi s\u0131k\u0131nt\u0131lar ya\u015fam\u0131\u015ft\u0131k. Ancak Muratpa\u015fa ve Konyaalt\u0131 il\u00e7elerinde bu sorunu \u00e7\u00f6zd\u00fck. B\u00f6ylece 395 i\u015f yerimiz mesleki faaliyetlerine rahatl\u0131kla devam edebiliyor. Ancak Ermenek&#8217;te derne\u011fimize tahsis edilen depolama alan\u0131 doldu. Bu nedenle ruhsat alamayan baz\u0131 i\u015f yerleri kapanmak zorunda kald\u0131. Neyse ki, ATSO devreye girerek sorunumuzu \u00e7\u00f6zd\u00fc. Yasal d\u00fczenlemeler sa\u011fland\u0131ktan sonra 900 i\u015fletmemiz daha ruhsat alabilecek. Kemer\u2019de de ruhsat sorunu \u00e7\u00f6z\u00fcme kavu\u015ftu&#8221; dedi. TOKFED Y\u00f6netim Kurulu Ba\u015fkan\u0131 Adnan Dan\u0131\u015fkan, i\u015f g\u00fcc\u00fc piyasas\u0131n\u0131n kalitesini art\u0131rmak, sekt\u00f6rel geli\u015fmeleri yak\u0131ndan takip etmek ve &hellip;\" \/>\n<meta property=\"og:url\" content=\"https:\/\/denizcankizil.tr\/ru\/haberler\/antalya\/ilk-yeterlilik-belgeleri-sahiplerini-buldu\/\" \/>\n<meta property=\"og:site_name\" content=\"Av. Deniz Can K\u0131z\u0131l\" \/>\n<meta property=\"article:published_time\" content=\"2025-02-20T10:43:09+00:00\" \/>\n<meta property=\"og:image\" content=\"https:\/\/denizcankizil.tr\/wp-content\/uploads\/2025\/02\/5076-01-SqMfVX.jpeg\" \/>\n\t<meta property=\"og:image:width\" content=\"1280\" \/>\n\t<meta property=\"og:image:height\" content=\"720\" \/>\n\t<meta property=\"og:image:type\" content=\"image\/jpeg\" \/>\n<meta name=\"author\" content=\"Av. Deniz Can K\u0131z\u0131l\" \/>\n<meta name=\"twitter:card\" content=\"summary_large_image\" \/>\n<meta name=\"twitter:label1\" content=\"\u041d\u0430\u043f\u0438\u0441\u0430\u043d\u043e \u0430\u0432\u0442\u043e\u0440\u043e\u043c\" \/>\n\t<meta name=\"twitter:data1\" content=\"Av. Deniz Can K\u0131z\u0131l\" \/>\n\t<meta name=\"twitter:label2\" content=\"\u041f\u0440\u0438\u043c\u0435\u0440\u043d\u043e\u0435 \u0432\u0440\u0435\u043c\u044f \u0434\u043b\u044f \u0447\u0442\u0435\u043d\u0438\u044f\" \/>\n\t<meta name=\"twitter:data2\" content=\"8 \u043c\u0438\u043d\u0443\u0442\" \/>\n<script type=\"application\/ld+json\" class=\"yoast-schema-graph\">{\"@context\":\"https:\/\/schema.org\",\"@graph\":[{\"@type\":\"Article\",\"@id\":\"https:\/\/denizcankizil.tr\/ru\/haberler\/antalya\/ilk-yeterlilik-belgeleri-sahiplerini-buldu\/#article\",\"isPartOf\":{\"@id\":\"https:\/\/denizcankizil.tr\/ru\/haberler\/antalya\/ilk-yeterlilik-belgeleri-sahiplerini-buldu\/\"},\"author\":{\"name\":\"Av. Deniz Can K\u0131z\u0131l\",\"@id\":\"https:\/\/denizcankizil.tr\/#\/schema\/person\/5dc1b22991bd7ac833867c10afc9b0ff\"},\"headline\":\"\u0130lk yeterlilik belgeleri sahiplerini buldu\",\"datePublished\":\"2025-02-20T10:43:09+00:00\",\"mainEntityOfPage\":{\"@id\":\"https:\/\/denizcankizil.tr\/ru\/haberler\/antalya\/ilk-yeterlilik-belgeleri-sahiplerini-buldu\/\"},\"wordCount\":1524,\"commentCount\":0,\"publisher\":{\"@id\":\"https:\/\/denizcankizil.tr\/#organization\"},\"image\":{\"@id\":\"https:\/\/denizcankizil.tr\/ru\/haberler\/antalya\/ilk-yeterlilik-belgeleri-sahiplerini-buldu\/#primaryimage\"},\"thumbnailUrl\":\"https:\/\/denizcankizil.tr\/wp-content\/uploads\/2025\/02\/5076-01-SqMfVX.jpeg\",\"articleSection\":[\"Antalya\"],\"inLanguage\":\"ru-RU\",\"potentialAction\":[{\"@type\":\"CommentAction\",\"name\":\"Comment\",\"target\":[\"https:\/\/denizcankizil.tr\/ru\/haberler\/antalya\/ilk-yeterlilik-belgeleri-sahiplerini-buldu\/#respond\"]}]},{\"@type\":\"WebPage\",\"@id\":\"https:\/\/denizcankizil.tr\/ru\/haberler\/antalya\/ilk-yeterlilik-belgeleri-sahiplerini-buldu\/\",\"url\":\"https:\/\/denizcankizil.tr\/ru\/haberler\/antalya\/ilk-yeterlilik-belgeleri-sahiplerini-buldu\/\",\"name\":\"\u0130lk yeterlilik belgeleri sahiplerini buldu - Av. Deniz Can K\u0131z\u0131l\",\"isPartOf\":{\"@id\":\"https:\/\/denizcankizil.tr\/#website\"},\"primaryImageOfPage\":{\"@id\":\"https:\/\/denizcankizil.tr\/ru\/haberler\/antalya\/ilk-yeterlilik-belgeleri-sahiplerini-buldu\/#primaryimage\"},\"image\":{\"@id\":\"https:\/\/denizcankizil.tr\/ru\/haberler\/antalya\/ilk-yeterlilik-belgeleri-sahiplerini-buldu\/#primaryimage\"},\"thumbnailUrl\":\"https:\/\/denizcankizil.tr\/wp-content\/uploads\/2025\/02\/5076-01-SqMfVX.jpeg\",\"datePublished\":\"2025-02-20T10:43:09+00:00\",\"breadcrumb\":{\"@id\":\"https:\/\/denizcankizil.tr\/ru\/haberler\/antalya\/ilk-yeterlilik-belgeleri-sahiplerini-buldu\/#breadcrumb\"},\"inLanguage\":\"ru-RU\",\"potentialAction\":[{\"@type\":\"ReadAction\",\"target\":[\"https:\/\/denizcankizil.tr\/ru\/haberler\/antalya\/ilk-yeterlilik-belgeleri-sahiplerini-buldu\/\"]}]},{\"@type\":\"ImageObject\",\"inLanguage\":\"ru-RU\",\"@id\":\"https:\/\/denizcankizil.tr\/ru\/haberler\/antalya\/ilk-yeterlilik-belgeleri-sahiplerini-buldu\/#primaryimage\",\"url\":\"https:\/\/denizcankizil.tr\/wp-content\/uploads\/2025\/02\/5076-01-SqMfVX.jpeg\",\"contentUrl\":\"https:\/\/denizcankizil.tr\/wp-content\/uploads\/2025\/02\/5076-01-SqMfVX.jpeg\",\"width\":1280,\"height\":720},{\"@type\":\"BreadcrumbList\",\"@id\":\"https:\/\/denizcankizil.tr\/ru\/haberler\/antalya\/ilk-yeterlilik-belgeleri-sahiplerini-buldu\/#breadcrumb\",\"itemListElement\":[{\"@type\":\"ListItem\",\"position\":1,\"name\":\"Home\",\"item\":\"https:\/\/denizcankizil.tr\/de\/\"},{\"@type\":\"ListItem\",\"position\":2,\"name\":\"\u0130lk yeterlilik belgeleri sahiplerini buldu\"}]},{\"@type\":\"WebSite\",\"@id\":\"https:\/\/denizcankizil.tr\/#website\",\"url\":\"https:\/\/denizcankizil.tr\/\",\"name\":\"Av. Deniz Can K\u0131z\u0131l\",\"description\":\"Avukat Deniz Can K\u0131z\u0131l Antalya Barosu\",\"publisher\":{\"@id\":\"https:\/\/denizcankizil.tr\/#organization\"},\"potentialAction\":[{\"@type\":\"SearchAction\",\"target\":{\"@type\":\"EntryPoint\",\"urlTemplate\":\"https:\/\/denizcankizil.tr\/?s={search_term_string}\"},\"query-input\":{\"@type\":\"PropertyValueSpecification\",\"valueRequired\":true,\"valueName\":\"search_term_string\"}}],\"inLanguage\":\"ru-RU\"},{\"@type\":\"Organization\",\"@id\":\"https:\/\/denizcankizil.tr\/#organization\",\"name\":\"Av. Deniz Can K\u0131z\u0131l\",\"url\":\"https:\/\/denizcankizil.tr\/\",\"logo\":{\"@type\":\"ImageObject\",\"inLanguage\":\"ru-RU\",\"@id\":\"https:\/\/denizcankizil.tr\/#\/schema\/logo\/image\/\",\"url\":\"https:\/\/denizcankizil.tr\/wp-content\/uploads\/2024\/10\/siyah-logo-svg.svg\",\"contentUrl\":\"https:\/\/denizcankizil.tr\/wp-content\/uploads\/2024\/10\/siyah-logo-svg.svg\",\"width\":1080,\"height\":1080,\"caption\":\"Av. Deniz Can K\u0131z\u0131l\"},\"image\":{\"@id\":\"https:\/\/denizcankizil.tr\/#\/schema\/logo\/image\/\"}},{\"@type\":\"Person\",\"@id\":\"https:\/\/denizcankizil.tr\/#\/schema\/person\/5dc1b22991bd7ac833867c10afc9b0ff\",\"name\":\"Av. Deniz Can K\u0131z\u0131l\",\"image\":{\"@type\":\"ImageObject\",\"inLanguage\":\"ru-RU\",\"@id\":\"https:\/\/denizcankizil.tr\/#\/schema\/person\/image\/\",\"url\":\"https:\/\/secure.gravatar.com\/avatar\/a0b128fb9855c79efc976d5640eedb31dc35ec297594d6016d2cf7c60e975bb6?s=96&d=mm&r=g\",\"contentUrl\":\"https:\/\/secure.gravatar.com\/avatar\/a0b128fb9855c79efc976d5640eedb31dc35ec297594d6016d2cf7c60e975bb6?s=96&d=mm&r=g\",\"caption\":\"Av. Deniz Can K\u0131z\u0131l\"},\"sameAs\":[\"http:\/\/www.denizcankizil.tr\"],\"url\":\"https:\/\/denizcankizil.tr\/ru\/author\/denizcankizil\/\"}]}<\/script>\n<!-- \/ Yoast SEO Premium plugin. -->","yoast_head_json":{"title":"\u0130lk yeterlilik belgeleri sahiplerini buldu - Av. Deniz Can K\u0131z\u0131l","robots":{"index":"index","follow":"follow","max-snippet":"max-snippet:-1","max-image-preview":"max-image-preview:large","max-video-preview":"max-video-preview:-1"},"canonical":"https:\/\/denizcankizil.tr\/ru\/haberler\/antalya\/ilk-yeterlilik-belgeleri-sahiplerini-buldu\/","og_locale":"ru_RU","og_type":"article","og_title":"\u0130lk yeterlilik belgeleri sahiplerini buldu","og_description":"Antalya Ticaret ve Sanayi Odas\u0131 (ATSO) Y\u00f6netim Kurulu Ba\u015fkan\u0131 Yusuf Hac\u0131s\u00fcleyman, ATSO, T\u00fcrkiye Otomobil Kiralama Federasyonu (TOKFED), T\u00fcm Oto Kiralama ve Mobilite Kurulu\u015flar\u0131 Derne\u011fi (TOKKDER) ve Ara\u00e7 Kiralama Kurulu\u015flar\u0131 Derne\u011fi (AKKDER) i\u015f birli\u011fiyle d\u00fczenlenen &#8220;Ara\u00e7 Kiralama Sekt\u00f6r\u00fcn\u00fcn D\u00fcn\u00fc, Bug\u00fcn\u00fc, Gelece\u011fi&#8221; panelinde, sekt\u00f6r temsilcileri ile bir araya geldi. Panelde, ATSO taraf\u0131ndan hayata ge\u00e7irilen ve Mesleki Yeterlilik Kurumu (MYK) taraf\u0131ndan onaylanan &#8220;Ara\u00e7 Kiralama Dan\u0131\u015fman\u0131 S4 Ulusal Mesleki Yeterlilik&#8221; program\u0131 kapsam\u0131nda, T\u00fcrkiye\u2019de ara\u00e7 kiralama sekt\u00f6r\u00fcndeki ilk ulusal mesleki yeterlilik belgeleri de sekt\u00f6r \u00e7al\u0131\u015fanlar\u0131na takdim edildi. &#8220;Ruhsat sorunu \u00e7\u00f6z\u00fcld\u00fc&#8221; Sekt\u00f6rde bir\u00e7ok sorunla kar\u015f\u0131la\u015ft\u0131klar\u0131n\u0131 belirten Ara\u00e7 Kiralama Kurulu\u015flar\u0131 Derne\u011fi (AKKDER) \u00c7i\u011fdem Ko\u015fan, &#8220;Dikkat etmemiz gereken \u00e7ok fazla mevzuat ve prosed\u00fcr var. Bu da zaman zaman bizleri zorluyor ve ma\u011fduriyetler ya\u015fanmas\u0131na neden oluyor. \u00d6zellikle i\u015f yeri ruhsatlar\u0131 konusunda ciddi s\u0131k\u0131nt\u0131lar ya\u015fam\u0131\u015ft\u0131k. Ancak Muratpa\u015fa ve Konyaalt\u0131 il\u00e7elerinde bu sorunu \u00e7\u00f6zd\u00fck. B\u00f6ylece 395 i\u015f yerimiz mesleki faaliyetlerine rahatl\u0131kla devam edebiliyor. Ancak Ermenek&#8217;te derne\u011fimize tahsis edilen depolama alan\u0131 doldu. Bu nedenle ruhsat alamayan baz\u0131 i\u015f yerleri kapanmak zorunda kald\u0131. Neyse ki, ATSO devreye girerek sorunumuzu \u00e7\u00f6zd\u00fc. Yasal d\u00fczenlemeler sa\u011fland\u0131ktan sonra 900 i\u015fletmemiz daha ruhsat alabilecek. Kemer\u2019de de ruhsat sorunu \u00e7\u00f6z\u00fcme kavu\u015ftu&#8221; dedi. TOKFED Y\u00f6netim Kurulu Ba\u015fkan\u0131 Adnan Dan\u0131\u015fkan, i\u015f g\u00fcc\u00fc piyasas\u0131n\u0131n kalitesini art\u0131rmak, sekt\u00f6rel geli\u015fmeleri yak\u0131ndan takip etmek ve &hellip;","og_url":"https:\/\/denizcankizil.tr\/ru\/haberler\/antalya\/ilk-yeterlilik-belgeleri-sahiplerini-buldu\/","og_site_name":"Av. Deniz Can K\u0131z\u0131l","article_published_time":"2025-02-20T10:43:09+00:00","og_image":[{"width":1280,"height":720,"url":"https:\/\/denizcankizil.tr\/wp-content\/uploads\/2025\/02\/5076-01-SqMfVX.jpeg","type":"image\/jpeg"}],"author":"Av. Deniz Can K\u0131z\u0131l","twitter_card":"summary_large_image","twitter_misc":{"\u041d\u0430\u043f\u0438\u0441\u0430\u043d\u043e \u0430\u0432\u0442\u043e\u0440\u043e\u043c":"Av. Deniz Can K\u0131z\u0131l","\u041f\u0440\u0438\u043c\u0435\u0440\u043d\u043e\u0435 \u0432\u0440\u0435\u043c\u044f \u0434\u043b\u044f \u0447\u0442\u0435\u043d\u0438\u044f":"8 \u043c\u0438\u043d\u0443\u0442"},"schema":{"@context":"https:\/\/schema.org","@graph":[{"@type":"Article","@id":"https:\/\/denizcankizil.tr\/ru\/haberler\/antalya\/ilk-yeterlilik-belgeleri-sahiplerini-buldu\/#article","isPartOf":{"@id":"https:\/\/denizcankizil.tr\/ru\/haberler\/antalya\/ilk-yeterlilik-belgeleri-sahiplerini-buldu\/"},"author":{"name":"Av. Deniz Can K\u0131z\u0131l","@id":"https:\/\/denizcankizil.tr\/#\/schema\/person\/5dc1b22991bd7ac833867c10afc9b0ff"},"headline":"\u0130lk yeterlilik belgeleri sahiplerini buldu","datePublished":"2025-02-20T10:43:09+00:00","mainEntityOfPage":{"@id":"https:\/\/denizcankizil.tr\/ru\/haberler\/antalya\/ilk-yeterlilik-belgeleri-sahiplerini-buldu\/"},"wordCount":1524,"commentCount":0,"publisher":{"@id":"https:\/\/denizcankizil.tr\/#organization"},"image":{"@id":"https:\/\/denizcankizil.tr\/ru\/haberler\/antalya\/ilk-yeterlilik-belgeleri-sahiplerini-buldu\/#primaryimage"},"thumbnailUrl":"https:\/\/denizcankizil.tr\/wp-content\/uploads\/2025\/02\/5076-01-SqMfVX.jpeg","articleSection":["Antalya"],"inLanguage":"ru-RU","potentialAction":[{"@type":"CommentAction","name":"Comment","target":["https:\/\/denizcankizil.tr\/ru\/haberler\/antalya\/ilk-yeterlilik-belgeleri-sahiplerini-buldu\/#respond"]}]},{"@type":"WebPage","@id":"https:\/\/denizcankizil.tr\/ru\/haberler\/antalya\/ilk-yeterlilik-belgeleri-sahiplerini-buldu\/","url":"https:\/\/denizcankizil.tr\/ru\/haberler\/antalya\/ilk-yeterlilik-belgeleri-sahiplerini-buldu\/","name":"\u0130lk yeterlilik belgeleri sahiplerini buldu - Av. Deniz Can K\u0131z\u0131l","isPartOf":{"@id":"https:\/\/denizcankizil.tr\/#website"},"primaryImageOfPage":{"@id":"https:\/\/denizcankizil.tr\/ru\/haberler\/antalya\/ilk-yeterlilik-belgeleri-sahiplerini-buldu\/#primaryimage"},"image":{"@id":"https:\/\/denizcankizil.tr\/ru\/haberler\/antalya\/ilk-yeterlilik-belgeleri-sahiplerini-buldu\/#primaryimage"},"thumbnailUrl":"https:\/\/denizcankizil.tr\/wp-content\/uploads\/2025\/02\/5076-01-SqMfVX.jpeg","datePublished":"2025-02-20T10:43:09+00:00","breadcrumb":{"@id":"https:\/\/denizcankizil.tr\/ru\/haberler\/antalya\/ilk-yeterlilik-belgeleri-sahiplerini-buldu\/#breadcrumb"},"inLanguage":"ru-RU","potentialAction":[{"@type":"ReadAction","target":["https:\/\/denizcankizil.tr\/ru\/haberler\/antalya\/ilk-yeterlilik-belgeleri-sahiplerini-buldu\/"]}]},{"@type":"ImageObject","inLanguage":"ru-RU","@id":"https:\/\/denizcankizil.tr\/ru\/haberler\/antalya\/ilk-yeterlilik-belgeleri-sahiplerini-buldu\/#primaryimage","url":"https:\/\/denizcankizil.tr\/wp-content\/uploads\/2025\/02\/5076-01-SqMfVX.jpeg","contentUrl":"https:\/\/denizcankizil.tr\/wp-content\/uploads\/2025\/02\/5076-01-SqMfVX.jpeg","width":1280,"height":720},{"@type":"BreadcrumbList","@id":"https:\/\/denizcankizil.tr\/ru\/haberler\/antalya\/ilk-yeterlilik-belgeleri-sahiplerini-buldu\/#breadcrumb","itemListElement":[{"@type":"ListItem","position":1,"name":"Home","item":"https:\/\/denizcankizil.tr\/de\/"},{"@type":"ListItem","position":2,"name":"\u0130lk yeterlilik belgeleri sahiplerini buldu"}]},{"@type":"WebSite","@id":"https:\/\/denizcankizil.tr\/#website","url":"https:\/\/denizcankizil.tr\/","name":"Av. Deniz Can K\u0131z\u0131l","description":"Avukat Deniz Can K\u0131z\u0131l Antalya Barosu","publisher":{"@id":"https:\/\/denizcankizil.tr\/#organization"},"potentialAction":[{"@type":"SearchAction","target":{"@type":"EntryPoint","urlTemplate":"https:\/\/denizcankizil.tr\/?s={search_term_string}"},"query-input":{"@type":"PropertyValueSpecification","valueRequired":true,"valueName":"search_term_string"}}],"inLanguage":"ru-RU"},{"@type":"Organization","@id":"https:\/\/denizcankizil.tr\/#organization","name":"Av. Deniz Can K\u0131z\u0131l","url":"https:\/\/denizcankizil.tr\/","logo":{"@type":"ImageObject","inLanguage":"ru-RU","@id":"https:\/\/denizcankizil.tr\/#\/schema\/logo\/image\/","url":"https:\/\/denizcankizil.tr\/wp-content\/uploads\/2024\/10\/siyah-logo-svg.svg","contentUrl":"https:\/\/denizcankizil.tr\/wp-content\/uploads\/2024\/10\/siyah-logo-svg.svg","width":1080,"height":1080,"caption":"Av. Deniz Can K\u0131z\u0131l"},"image":{"@id":"https:\/\/denizcankizil.tr\/#\/schema\/logo\/image\/"}},{"@type":"Person","@id":"https:\/\/denizcankizil.tr\/#\/schema\/person\/5dc1b22991bd7ac833867c10afc9b0ff","name":"Av. Deniz Can K\u0131z\u0131l","image":{"@type":"ImageObject","inLanguage":"ru-RU","@id":"https:\/\/denizcankizil.tr\/#\/schema\/person\/image\/","url":"https:\/\/secure.gravatar.com\/avatar\/a0b128fb9855c79efc976d5640eedb31dc35ec297594d6016d2cf7c60e975bb6?s=96&d=mm&r=g","contentUrl":"https:\/\/secure.gravatar.com\/avatar\/a0b128fb9855c79efc976d5640eedb31dc35ec297594d6016d2cf7c60e975bb6?s=96&d=mm&r=g","caption":"Av. Deniz Can K\u0131z\u0131l"},"sameAs":["http:\/\/www.denizcankizil.tr"],"url":"https:\/\/denizcankizil.tr\/ru\/author\/denizcankizil\/"}]}},"_links":{"self":[{"href":"https:\/\/denizcankizil.tr\/ru\/wp-json\/wp\/v2\/posts\/33656","targetHints":{"allow":["GET"]}}],"collection":[{"href":"https:\/\/denizcankizil.tr\/ru\/wp-json\/wp\/v2\/posts"}],"about":[{"href":"https:\/\/denizcankizil.tr\/ru\/wp-json\/wp\/v2\/types\/post"}],"author":[{"embeddable":true,"href":"https:\/\/denizcankizil.tr\/ru\/wp-json\/wp\/v2\/users\/4"}],"replies":[{"embeddable":true,"href":"https:\/\/denizcankizil.tr\/ru\/wp-json\/wp\/v2\/comments?post=33656"}],"version-history":[{"count":0,"href":"https:\/\/denizcankizil.tr\/ru\/wp-json\/wp\/v2\/posts\/33656\/revisions"}],"wp:featuredmedia":[{"embeddable":true,"href":"https:\/\/denizcankizil.tr\/ru\/wp-json\/wp\/v2\/media\/33657"}],"wp:attachment":[{"href":"https:\/\/denizcankizil.tr\/ru\/wp-json\/wp\/v2\/media?parent=33656"}],"wp:term":[{"taxonomy":"category","embeddable":true,"href":"https:\/\/denizcankizil.tr\/ru\/wp-json\/wp\/v2\/categories?post=33656"},{"taxonomy":"post_tag","embeddable":true,"href":"https:\/\/denizcankizil.tr\/ru\/wp-json\/wp\/v2\/tags?post=33656"}],"curies":[{"name":"wp","href":"https:\/\/api.w.org\/{rel}","templated":true}]}}