{"id":33495,"date":"2025-02-19T13:42:04","date_gmt":"2025-02-19T10:42:04","guid":{"rendered":"https:\/\/denizcankizil.tr\/uncategorized-tr\/belen-sarimazi-asas-onunde-trafik-kazasi\/"},"modified":"2025-02-19T13:42:04","modified_gmt":"2025-02-19T10:42:04","slug":"belen-sarimazi-asas-onunde-trafik-kazasi","status":"publish","type":"post","link":"https:\/\/denizcankizil.tr\/ru\/haberler\/gundem\/belen-sarimazi-asas-onunde-trafik-kazasi\/","title":{"rendered":"Belen Sar\u0131maz\u0131 ASA\u015e \u00f6n\u00fcnde trafik kazas\u0131\u2026"},"content":{"rendered":"<p>Kaza, Sar\u0131maz\u0131 \u0130ssume mevkiinde meydana geldi. Alparslan Kara (46) y\u00f6netimindeki 31 ALM 763 plakal\u0131 otomobil, \u0130skenderun istikametine seyir halindeyken emniyet \u015feridinde park halinde bulunan 34 CVP 274 plakal\u0131 t\u0131ra arkadan \u00e7arpt\u0131.<\/p>\n<p>\u00c7arpman\u0131n etkisiyle ara\u00e7 i\u00e7inde s\u0131k\u0131\u015fan s\u00fcr\u00fcc\u00fcy\u00fc kurtarmak i\u00e7in b\u00f6lgeye itfaiye ve sa\u011fl\u0131k ekipleri sevk edildi. Ekiplerin \u00e7al\u0131\u015fmas\u0131 sonucu s\u0131k\u0131\u015ft\u0131\u011f\u0131 yerden \u00e7\u0131kar\u0131lan Kara, hayat\u0131n\u0131 kaybetti. Cenazesi morga kald\u0131r\u0131l\u0131rken, kazayla ilgili soru\u015fturma ba\u015flat\u0131ld\u0131.<\/p>\n<p>\u200bHatay\u2019\u0131n Belen il\u00e7esinde, emniyet \u015feridinde park halinde bulunan bir t\u0131ra \u00e7arpan otomobilin s\u00fcr\u00fcc\u00fcs\u00fc ya\u015fam\u0131n\u0131 yitirdi.\u00a0<\/p>\n<p>\u200bHaberin Al\u0131nt\u0131land\u0131\u011f\u0131 Kaynak: www.iskenderun.org<\/p>","protected":false},"excerpt":{"rendered":"<p>Kaza, Sar\u0131maz\u0131 \u0130ssume mevkiinde meydana geldi. Alparslan Kara (46) y\u00f6netimindeki 31 ALM 763 plakal\u0131 otomobil, \u0130skenderun istikametine seyir halindeyken emniyet \u015feridinde park halinde bulunan 34 CVP 274 plakal\u0131 t\u0131ra arkadan \u00e7arpt\u0131. \u00c7arpman\u0131n etkisiyle ara\u00e7 i\u00e7inde s\u0131k\u0131\u015fan s\u00fcr\u00fcc\u00fcy\u00fc kurtarmak i\u00e7in b\u00f6lgeye itfaiye ve sa\u011fl\u0131k ekipleri sevk edildi. Ekiplerin \u00e7al\u0131\u015fmas\u0131 sonucu s\u0131k\u0131\u015ft\u0131\u011f\u0131 yerden \u00e7\u0131kar\u0131lan Kara, hayat\u0131n\u0131 kaybetti. Cenazesi morga kald\u0131r\u0131l\u0131rken, kazayla ilgili soru\u015fturma ba\u015flat\u0131ld\u0131. \u200bHatay\u2019\u0131n Belen il\u00e7esinde, emniyet \u015feridinde park halinde bulunan bir t\u0131ra \u00e7arpan otomobilin s\u00fcr\u00fcc\u00fcs\u00fc ya\u015fam\u0131n\u0131 yitirdi.\u00a0 \u200bHaberin Al\u0131nt\u0131land\u0131\u011f\u0131 Kaynak: www.iskenderun.org<\/p>","protected":false},"author":1,"featured_media":0,"comment_status":"open","ping_status":"open","sticky":false,"template":"","format":"standard","meta":{"_acf_changed":false,"footnotes":""},"categories":[24],"tags":[],"class_list":["post-33495","post","type-post","status-publish","format-standard","has-post-thumbnail","hentry","category-gundem"],"acf":[],"yoast_head":"<!-- This site is optimized with the Yoast SEO Premium plugin v26.6 (Yoast SEO v27.1.1) - https:\/\/yoast.com\/product\/yoast-seo-premium-wordpress\/ -->\n<title>Belen Sar\u0131maz\u0131 ASA\u015e \u00f6n\u00fcnde trafik kazas\u0131\u2026 - Av. Deniz Can K\u0131z\u0131l<\/title>\n<meta name=\"robots\" content=\"index, follow, max-snippet:-1, max-image-preview:large, max-video-preview:-1\" \/>\n<link rel=\"canonical\" href=\"https:\/\/denizcankizil.tr\/ru\/haberler\/gundem\/belen-sarimazi-asas-onunde-trafik-kazasi\/\" \/>\n<meta property=\"og:locale\" content=\"ru_RU\" \/>\n<meta property=\"og:type\" content=\"article\" \/>\n<meta property=\"og:title\" content=\"Belen Sar\u0131maz\u0131 ASA\u015e \u00f6n\u00fcnde trafik kazas\u0131\u2026\" \/>\n<meta property=\"og:description\" content=\"Kaza, Sar\u0131maz\u0131 \u0130ssume mevkiinde meydana geldi. Alparslan Kara (46) y\u00f6netimindeki 31 ALM 763 plakal\u0131 otomobil, \u0130skenderun istikametine seyir halindeyken emniyet \u015feridinde park halinde bulunan 34 CVP 274 plakal\u0131 t\u0131ra arkadan \u00e7arpt\u0131. \u00c7arpman\u0131n etkisiyle ara\u00e7 i\u00e7inde s\u0131k\u0131\u015fan s\u00fcr\u00fcc\u00fcy\u00fc kurtarmak i\u00e7in b\u00f6lgeye itfaiye ve sa\u011fl\u0131k ekipleri sevk edildi. Ekiplerin \u00e7al\u0131\u015fmas\u0131 sonucu s\u0131k\u0131\u015ft\u0131\u011f\u0131 yerden \u00e7\u0131kar\u0131lan Kara, hayat\u0131n\u0131 kaybetti. Cenazesi morga kald\u0131r\u0131l\u0131rken, kazayla ilgili soru\u015fturma ba\u015flat\u0131ld\u0131. \u200bHatay\u2019\u0131n Belen il\u00e7esinde, emniyet \u015feridinde park halinde bulunan bir t\u0131ra \u00e7arpan otomobilin s\u00fcr\u00fcc\u00fcs\u00fc ya\u015fam\u0131n\u0131 yitirdi.\u00a0 \u200bHaberin Al\u0131nt\u0131land\u0131\u011f\u0131 Kaynak: www.iskenderun.org\" \/>\n<meta property=\"og:url\" content=\"https:\/\/denizcankizil.tr\/ru\/haberler\/gundem\/belen-sarimazi-asas-onunde-trafik-kazasi\/\" \/>\n<meta property=\"og:site_name\" content=\"Av. Deniz Can K\u0131z\u0131l\" \/>\n<meta property=\"article:published_time\" content=\"2025-02-19T10:42:04+00:00\" \/>\n<meta name=\"author\" content=\"admin\" \/>\n<meta name=\"twitter:card\" content=\"summary_large_image\" \/>\n<meta name=\"twitter:label1\" content=\"\u041d\u0430\u043f\u0438\u0441\u0430\u043d\u043e \u0430\u0432\u0442\u043e\u0440\u043e\u043c\" \/>\n\t<meta name=\"twitter:data1\" content=\"admin\" \/>\n\t<meta name=\"twitter:label2\" content=\"\u041f\u0440\u0438\u043c\u0435\u0440\u043d\u043e\u0435 \u0432\u0440\u0435\u043c\u044f \u0434\u043b\u044f \u0447\u0442\u0435\u043d\u0438\u044f\" \/>\n\t<meta name=\"twitter:data2\" content=\"1 \u043c\u0438\u043d\u0443\u0442\u0430\" \/>\n<script type=\"application\/ld+json\" class=\"yoast-schema-graph\">{\"@context\":\"https:\/\/schema.org\",\"@graph\":[{\"@type\":\"Article\",\"@id\":\"https:\/\/denizcankizil.tr\/uk\/haberler\/gundem\/belen-sarimazi-asas-onunde-trafik-kazasi\/#article\",\"isPartOf\":{\"@id\":\"https:\/\/denizcankizil.tr\/uk\/haberler\/gundem\/belen-sarimazi-asas-onunde-trafik-kazasi\/\"},\"author\":{\"name\":\"admin\",\"@id\":\"https:\/\/denizcankizil.tr\/#\/schema\/person\/be3c05fe6a12686905512445d8185489\"},\"headline\":\"Belen Sar\u0131maz\u0131 ASA\u015e \u00f6n\u00fcnde trafik kazas\u0131\u2026\",\"datePublished\":\"2025-02-19T10:42:04+00:00\",\"mainEntityOfPage\":{\"@id\":\"https:\/\/denizcankizil.tr\/uk\/haberler\/gundem\/belen-sarimazi-asas-onunde-trafik-kazasi\/\"},\"wordCount\":121,\"commentCount\":0,\"publisher\":{\"@id\":\"https:\/\/denizcankizil.tr\/#organization\"},\"articleSection\":[\"G\u00fcndem\"],\"inLanguage\":\"ru-RU\",\"potentialAction\":[{\"@type\":\"CommentAction\",\"name\":\"Comment\",\"target\":[\"https:\/\/denizcankizil.tr\/uk\/haberler\/gundem\/belen-sarimazi-asas-onunde-trafik-kazasi\/#respond\"]}]},{\"@type\":\"WebPage\",\"@id\":\"https:\/\/denizcankizil.tr\/uk\/haberler\/gundem\/belen-sarimazi-asas-onunde-trafik-kazasi\/\",\"url\":\"https:\/\/denizcankizil.tr\/uk\/haberler\/gundem\/belen-sarimazi-asas-onunde-trafik-kazasi\/\",\"name\":\"Belen Sar\u0131maz\u0131 ASA\u015e \u00f6n\u00fcnde trafik kazas\u0131\u2026 - Av. Deniz Can K\u0131z\u0131l\",\"isPartOf\":{\"@id\":\"https:\/\/denizcankizil.tr\/#website\"},\"datePublished\":\"2025-02-19T10:42:04+00:00\",\"breadcrumb\":{\"@id\":\"https:\/\/denizcankizil.tr\/uk\/haberler\/gundem\/belen-sarimazi-asas-onunde-trafik-kazasi\/#breadcrumb\"},\"inLanguage\":\"ru-RU\",\"potentialAction\":[{\"@type\":\"ReadAction\",\"target\":[\"https:\/\/denizcankizil.tr\/uk\/haberler\/gundem\/belen-sarimazi-asas-onunde-trafik-kazasi\/\"]}]},{\"@type\":\"BreadcrumbList\",\"@id\":\"https:\/\/denizcankizil.tr\/uk\/haberler\/gundem\/belen-sarimazi-asas-onunde-trafik-kazasi\/#breadcrumb\",\"itemListElement\":[{\"@type\":\"ListItem\",\"position\":1,\"name\":\"Home\",\"item\":\"https:\/\/denizcankizil.tr\/de\/\"},{\"@type\":\"ListItem\",\"position\":2,\"name\":\"Belen Sar\u0131maz\u0131 ASA\u015e \u00f6n\u00fcnde trafik kazas\u0131\u2026\"}]},{\"@type\":\"WebSite\",\"@id\":\"https:\/\/denizcankizil.tr\/#website\",\"url\":\"https:\/\/denizcankizil.tr\/\",\"name\":\"Av. Deniz Can K\u0131z\u0131l\",\"description\":\"Avukat Deniz Can K\u0131z\u0131l Antalya Barosu\",\"publisher\":{\"@id\":\"https:\/\/denizcankizil.tr\/#organization\"},\"potentialAction\":[{\"@type\":\"SearchAction\",\"target\":{\"@type\":\"EntryPoint\",\"urlTemplate\":\"https:\/\/denizcankizil.tr\/?s={search_term_string}\"},\"query-input\":{\"@type\":\"PropertyValueSpecification\",\"valueRequired\":true,\"valueName\":\"search_term_string\"}}],\"inLanguage\":\"ru-RU\"},{\"@type\":\"Organization\",\"@id\":\"https:\/\/denizcankizil.tr\/#organization\",\"name\":\"Av. Deniz Can K\u0131z\u0131l\",\"url\":\"https:\/\/denizcankizil.tr\/\",\"logo\":{\"@type\":\"ImageObject\",\"inLanguage\":\"ru-RU\",\"@id\":\"https:\/\/denizcankizil.tr\/#\/schema\/logo\/image\/\",\"url\":\"https:\/\/denizcankizil.tr\/wp-content\/uploads\/2024\/10\/siyah-logo-svg.svg\",\"contentUrl\":\"https:\/\/denizcankizil.tr\/wp-content\/uploads\/2024\/10\/siyah-logo-svg.svg\",\"width\":1080,\"height\":1080,\"caption\":\"Av. Deniz Can K\u0131z\u0131l\"},\"image\":{\"@id\":\"https:\/\/denizcankizil.tr\/#\/schema\/logo\/image\/\"}},{\"@type\":\"Person\",\"@id\":\"https:\/\/denizcankizil.tr\/#\/schema\/person\/be3c05fe6a12686905512445d8185489\",\"name\":\"admin\",\"image\":{\"@type\":\"ImageObject\",\"inLanguage\":\"ru-RU\",\"@id\":\"https:\/\/denizcankizil.tr\/#\/schema\/person\/image\/\",\"url\":\"https:\/\/secure.gravatar.com\/avatar\/c1fce94c830dc79107e174f890d7210541c4a63e8e5d816341794a2151c9d58c?s=96&d=mm&r=g\",\"contentUrl\":\"https:\/\/secure.gravatar.com\/avatar\/c1fce94c830dc79107e174f890d7210541c4a63e8e5d816341794a2151c9d58c?s=96&d=mm&r=g\",\"caption\":\"admin\"},\"sameAs\":[\"http:\/\/denizcankizil.tr\"],\"url\":\"https:\/\/www.iskenderun.org\/belen-sarimazi-asas-onunde-trafik-kazasi\"}]}<\/script>\n<!-- \/ Yoast SEO Premium plugin. -->","yoast_head_json":{"title":"Belen Sar\u0131maz\u0131 ASA\u015e \u00f6n\u00fcnde trafik kazas\u0131\u2026 - Av. Deniz Can K\u0131z\u0131l","robots":{"index":"index","follow":"follow","max-snippet":"max-snippet:-1","max-image-preview":"max-image-preview:large","max-video-preview":"max-video-preview:-1"},"canonical":"https:\/\/denizcankizil.tr\/ru\/haberler\/gundem\/belen-sarimazi-asas-onunde-trafik-kazasi\/","og_locale":"ru_RU","og_type":"article","og_title":"Belen Sar\u0131maz\u0131 ASA\u015e \u00f6n\u00fcnde trafik kazas\u0131\u2026","og_description":"Kaza, Sar\u0131maz\u0131 \u0130ssume mevkiinde meydana geldi. Alparslan Kara (46) y\u00f6netimindeki 31 ALM 763 plakal\u0131 otomobil, \u0130skenderun istikametine seyir halindeyken emniyet \u015feridinde park halinde bulunan 34 CVP 274 plakal\u0131 t\u0131ra arkadan \u00e7arpt\u0131. \u00c7arpman\u0131n etkisiyle ara\u00e7 i\u00e7inde s\u0131k\u0131\u015fan s\u00fcr\u00fcc\u00fcy\u00fc kurtarmak i\u00e7in b\u00f6lgeye itfaiye ve sa\u011fl\u0131k ekipleri sevk edildi. Ekiplerin \u00e7al\u0131\u015fmas\u0131 sonucu s\u0131k\u0131\u015ft\u0131\u011f\u0131 yerden \u00e7\u0131kar\u0131lan Kara, hayat\u0131n\u0131 kaybetti. Cenazesi morga kald\u0131r\u0131l\u0131rken, kazayla ilgili soru\u015fturma ba\u015flat\u0131ld\u0131. \u200bHatay\u2019\u0131n Belen il\u00e7esinde, emniyet \u015feridinde park halinde bulunan bir t\u0131ra \u00e7arpan otomobilin s\u00fcr\u00fcc\u00fcs\u00fc ya\u015fam\u0131n\u0131 yitirdi.\u00a0 \u200bHaberin Al\u0131nt\u0131land\u0131\u011f\u0131 Kaynak: www.iskenderun.org","og_url":"https:\/\/denizcankizil.tr\/ru\/haberler\/gundem\/belen-sarimazi-asas-onunde-trafik-kazasi\/","og_site_name":"Av. Deniz Can K\u0131z\u0131l","article_published_time":"2025-02-19T10:42:04+00:00","author":"admin","twitter_card":"summary_large_image","twitter_misc":{"\u041d\u0430\u043f\u0438\u0441\u0430\u043d\u043e \u0430\u0432\u0442\u043e\u0440\u043e\u043c":"admin","\u041f\u0440\u0438\u043c\u0435\u0440\u043d\u043e\u0435 \u0432\u0440\u0435\u043c\u044f \u0434\u043b\u044f \u0447\u0442\u0435\u043d\u0438\u044f":"1 \u043c\u0438\u043d\u0443\u0442\u0430"},"schema":{"@context":"https:\/\/schema.org","@graph":[{"@type":"Article","@id":"https:\/\/denizcankizil.tr\/uk\/haberler\/gundem\/belen-sarimazi-asas-onunde-trafik-kazasi\/#article","isPartOf":{"@id":"https:\/\/denizcankizil.tr\/uk\/haberler\/gundem\/belen-sarimazi-asas-onunde-trafik-kazasi\/"},"author":{"name":"admin","@id":"https:\/\/denizcankizil.tr\/#\/schema\/person\/be3c05fe6a12686905512445d8185489"},"headline":"Belen Sar\u0131maz\u0131 ASA\u015e \u00f6n\u00fcnde trafik kazas\u0131\u2026","datePublished":"2025-02-19T10:42:04+00:00","mainEntityOfPage":{"@id":"https:\/\/denizcankizil.tr\/uk\/haberler\/gundem\/belen-sarimazi-asas-onunde-trafik-kazasi\/"},"wordCount":121,"commentCount":0,"publisher":{"@id":"https:\/\/denizcankizil.tr\/#organization"},"articleSection":["G\u00fcndem"],"inLanguage":"ru-RU","potentialAction":[{"@type":"CommentAction","name":"Comment","target":["https:\/\/denizcankizil.tr\/uk\/haberler\/gundem\/belen-sarimazi-asas-onunde-trafik-kazasi\/#respond"]}]},{"@type":"WebPage","@id":"https:\/\/denizcankizil.tr\/uk\/haberler\/gundem\/belen-sarimazi-asas-onunde-trafik-kazasi\/","url":"https:\/\/denizcankizil.tr\/uk\/haberler\/gundem\/belen-sarimazi-asas-onunde-trafik-kazasi\/","name":"Belen Sar\u0131maz\u0131 ASA\u015e \u00f6n\u00fcnde trafik kazas\u0131\u2026 - Av. Deniz Can K\u0131z\u0131l","isPartOf":{"@id":"https:\/\/denizcankizil.tr\/#website"},"datePublished":"2025-02-19T10:42:04+00:00","breadcrumb":{"@id":"https:\/\/denizcankizil.tr\/uk\/haberler\/gundem\/belen-sarimazi-asas-onunde-trafik-kazasi\/#breadcrumb"},"inLanguage":"ru-RU","potentialAction":[{"@type":"ReadAction","target":["https:\/\/denizcankizil.tr\/uk\/haberler\/gundem\/belen-sarimazi-asas-onunde-trafik-kazasi\/"]}]},{"@type":"BreadcrumbList","@id":"https:\/\/denizcankizil.tr\/uk\/haberler\/gundem\/belen-sarimazi-asas-onunde-trafik-kazasi\/#breadcrumb","itemListElement":[{"@type":"ListItem","position":1,"name":"Home","item":"https:\/\/denizcankizil.tr\/de\/"},{"@type":"ListItem","position":2,"name":"Belen Sar\u0131maz\u0131 ASA\u015e \u00f6n\u00fcnde trafik kazas\u0131\u2026"}]},{"@type":"WebSite","@id":"https:\/\/denizcankizil.tr\/#website","url":"https:\/\/denizcankizil.tr\/","name":"Av. Deniz Can K\u0131z\u0131l","description":"Avukat Deniz Can K\u0131z\u0131l Antalya Barosu","publisher":{"@id":"https:\/\/denizcankizil.tr\/#organization"},"potentialAction":[{"@type":"SearchAction","target":{"@type":"EntryPoint","urlTemplate":"https:\/\/denizcankizil.tr\/?s={search_term_string}"},"query-input":{"@type":"PropertyValueSpecification","valueRequired":true,"valueName":"search_term_string"}}],"inLanguage":"ru-RU"},{"@type":"Organization","@id":"https:\/\/denizcankizil.tr\/#organization","name":"Av. Deniz Can K\u0131z\u0131l","url":"https:\/\/denizcankizil.tr\/","logo":{"@type":"ImageObject","inLanguage":"ru-RU","@id":"https:\/\/denizcankizil.tr\/#\/schema\/logo\/image\/","url":"https:\/\/denizcankizil.tr\/wp-content\/uploads\/2024\/10\/siyah-logo-svg.svg","contentUrl":"https:\/\/denizcankizil.tr\/wp-content\/uploads\/2024\/10\/siyah-logo-svg.svg","width":1080,"height":1080,"caption":"Av. Deniz Can K\u0131z\u0131l"},"image":{"@id":"https:\/\/denizcankizil.tr\/#\/schema\/logo\/image\/"}},{"@type":"Person","@id":"https:\/\/denizcankizil.tr\/#\/schema\/person\/be3c05fe6a12686905512445d8185489","name":"\u0430\u0434\u043c\u0438\u043d","image":{"@type":"ImageObject","inLanguage":"ru-RU","@id":"https:\/\/denizcankizil.tr\/#\/schema\/person\/image\/","url":"https:\/\/secure.gravatar.com\/avatar\/c1fce94c830dc79107e174f890d7210541c4a63e8e5d816341794a2151c9d58c?s=96&d=mm&r=g","contentUrl":"https:\/\/secure.gravatar.com\/avatar\/c1fce94c830dc79107e174f890d7210541c4a63e8e5d816341794a2151c9d58c?s=96&d=mm&r=g","caption":"admin"},"sameAs":["http:\/\/denizcankizil.tr"],"url":"https:\/\/www.iskenderun.org\/belen-sarimazi-asas-onunde-trafik-kazasi"}]}},"_links":{"self":[{"href":"https:\/\/denizcankizil.tr\/ru\/wp-json\/wp\/v2\/posts\/33495","targetHints":{"allow":["GET"]}}],"collection":[{"href":"https:\/\/denizcankizil.tr\/ru\/wp-json\/wp\/v2\/posts"}],"about":[{"href":"https:\/\/denizcankizil.tr\/ru\/wp-json\/wp\/v2\/types\/post"}],"author":[{"embeddable":true,"href":"https:\/\/denizcankizil.tr\/ru\/wp-json\/wp\/v2\/users\/1"}],"replies":[{"embeddable":true,"href":"https:\/\/denizcankizil.tr\/ru\/wp-json\/wp\/v2\/comments?post=33495"}],"version-history":[{"count":0,"href":"https:\/\/denizcankizil.tr\/ru\/wp-json\/wp\/v2\/posts\/33495\/revisions"}],"wp:attachment":[{"href":"https:\/\/denizcankizil.tr\/ru\/wp-json\/wp\/v2\/media?parent=33495"}],"wp:term":[{"taxonomy":"category","embeddable":true,"href":"https:\/\/denizcankizil.tr\/ru\/wp-json\/wp\/v2\/categories?post=33495"},{"taxonomy":"post_tag","embeddable":true,"href":"https:\/\/denizcankizil.tr\/ru\/wp-json\/wp\/v2\/tags?post=33495"}],"curies":[{"name":"wp","href":"https:\/\/api.w.org\/{rel}","templated":true}]}}