{"id":33309,"date":"2025-02-18T11:41:26","date_gmt":"2025-02-18T08:41:26","guid":{"rendered":"https:\/\/denizcankizil.tr\/uncategorized-tr\/antalyada-motorlu-kara-tasitlari-sayisi-1-bucuk-milyonu-gecti\/"},"modified":"2025-02-18T11:41:26","modified_gmt":"2025-02-18T08:41:26","slug":"antalyada-motorlu-kara-tasitlari-sayisi-1-bucuk-milyonu-gecti","status":"publish","type":"post","link":"https:\/\/denizcankizil.tr\/ru\/haberler\/antalya\/antalyada-motorlu-kara-tasitlari-sayisi-1-bucuk-milyonu-gecti\/","title":{"rendered":"Antalya&#8217;da motorlu kara ta\u015f\u0131tlar\u0131 say\u0131s\u0131 1 bu\u00e7uk milyonu ge\u00e7ti"},"content":{"rendered":"<p>T\u00fcrkiye \u0130statistik Kurumu (T\u00dc\u0130K), Motorlu Kara Ta\u015f\u0131tlar\u0131 Ocak 2025 istatistiklerini payla\u015ft\u0131. Ocak ay\u0131nda T\u00fcrkiye genelinde trafi\u011fe kayd\u0131 yap\u0131lan ta\u015f\u0131tlar\u0131n y\u00fczde 62,9&#8217;unu otomobil, y\u00fczde 16,7&#8217;sini motosiklet, y\u00fczde 14,7&#8217;sini kamyonet, y\u00fczde 2,3&#8217;\u00fcn\u00fc kamyon, y\u00fczde 1,9&#8217;unu trakt\u00f6r, y\u00fczde 1,0&#8217;\u0131n\u0131 minib\u00fcs, y\u00fczde 0,4&#8217;\u00fcn\u00fc otob\u00fcs ve y\u00fczde 0,1&#8217;ini \u00f6zel ama\u00e7l\u0131 ta\u015f\u0131tlar olu\u015fturdu. Trafi\u011fe kay\u0131tl\u0131 toplam ta\u015f\u0131t say\u0131s\u0131 Ocak ay\u0131 sonu itibariyle 31 milyon 463 bin 242 oldu. Ayr\u0131ca Ocak 2025\u2019te trafi\u011fe kayd\u0131 yap\u0131lan 104 bin 335 adet otomobilin y\u00fczde 51,3&#8217;\u00fc benzin, y\u00fczde 25,0&#8217;\u0131 hibrit, y\u00fczde 11,9&#8217;u elektrikli, y\u00fczde 10,9&#8217;u dizel ve y\u00fczde 0,9&#8217;u LPG\u2019li olarak kay\u0131tlara ge\u00e7ti. Ocak ay\u0131 sonu itibariyle Antalya\u2019da trafi\u011fe kay\u0131tl\u0131 ara\u00e7 say\u0131s\u0131 1 milyon 578 bin 360 adet olurken, Isparta\u2019da 229 bin 614, Burdur\u2019da ise 175 bin 201 oldu.<\/p>\n<p>Kaynak: www.kanalv.com.tr Haber Sitesinden Al\u0131nm\u0131\u015ft\u0131r.<\/p>","protected":false},"excerpt":{"rendered":"<p>T\u00fcrkiye \u0130statistik Kurumu (T\u00dc\u0130K), Motorlu Kara Ta\u015f\u0131tlar\u0131 Ocak 2025 istatistiklerini payla\u015ft\u0131. Ocak ay\u0131nda T\u00fcrkiye genelinde trafi\u011fe kayd\u0131 yap\u0131lan ta\u015f\u0131tlar\u0131n y\u00fczde 62,9&#8217;unu otomobil, y\u00fczde 16,7&#8217;sini motosiklet, y\u00fczde 14,7&#8217;sini kamyonet, y\u00fczde 2,3&#8217;\u00fcn\u00fc kamyon, y\u00fczde 1,9&#8217;unu trakt\u00f6r, y\u00fczde 1,0&#8217;\u0131n\u0131 minib\u00fcs, y\u00fczde 0,4&#8217;\u00fcn\u00fc otob\u00fcs ve y\u00fczde 0,1&#8217;ini \u00f6zel ama\u00e7l\u0131 ta\u015f\u0131tlar olu\u015fturdu. Trafi\u011fe kay\u0131tl\u0131 toplam ta\u015f\u0131t say\u0131s\u0131 Ocak ay\u0131 sonu itibariyle 31 milyon 463 bin 242 oldu. Ayr\u0131ca Ocak 2025\u2019te trafi\u011fe kayd\u0131 yap\u0131lan 104 bin 335 adet otomobilin y\u00fczde 51,3&#8217;\u00fc benzin, y\u00fczde 25,0&#8217;\u0131 hibrit, y\u00fczde 11,9&#8217;u elektrikli, y\u00fczde 10,9&#8217;u dizel ve y\u00fczde 0,9&#8217;u LPG\u2019li olarak kay\u0131tlara ge\u00e7ti. Ocak ay\u0131 sonu itibariyle Antalya\u2019da trafi\u011fe kay\u0131tl\u0131 ara\u00e7 say\u0131s\u0131 1 milyon 578 bin 360 adet olurken, Isparta\u2019da 229 bin 614, Burdur\u2019da ise 175 bin 201 oldu. Kaynak: www.kanalv.com.tr Haber Sitesinden Al\u0131nm\u0131\u015ft\u0131r.<\/p>","protected":false},"author":4,"featured_media":33310,"comment_status":"open","ping_status":"open","sticky":false,"template":"","format":"standard","meta":{"_acf_changed":false,"footnotes":""},"categories":[26],"tags":[],"class_list":["post-33309","post","type-post","status-publish","format-standard","has-post-thumbnail","hentry","category-antalya"],"acf":[],"yoast_head":"<!-- This site is optimized with the Yoast SEO Premium plugin v26.6 (Yoast SEO v27.1.1) - https:\/\/yoast.com\/product\/yoast-seo-premium-wordpress\/ -->\n<title>Antalya&#039;da motorlu kara ta\u015f\u0131tlar\u0131 say\u0131s\u0131 1 bu\u00e7uk milyonu ge\u00e7ti - Av. Deniz Can K\u0131z\u0131l<\/title>\n<meta name=\"robots\" content=\"index, follow, max-snippet:-1, max-image-preview:large, max-video-preview:-1\" \/>\n<link rel=\"canonical\" href=\"https:\/\/denizcankizil.tr\/ru\/haberler\/antalya\/antalyada-motorlu-kara-tasitlari-sayisi-1-bucuk-milyonu-gecti\/\" \/>\n<meta property=\"og:locale\" content=\"ru_RU\" \/>\n<meta property=\"og:type\" content=\"article\" \/>\n<meta property=\"og:title\" content=\"Antalya&#039;da motorlu kara ta\u015f\u0131tlar\u0131 say\u0131s\u0131 1 bu\u00e7uk milyonu ge\u00e7ti\" \/>\n<meta property=\"og:description\" content=\"T\u00fcrkiye \u0130statistik Kurumu (T\u00dc\u0130K), Motorlu Kara Ta\u015f\u0131tlar\u0131 Ocak 2025 istatistiklerini payla\u015ft\u0131. Ocak ay\u0131nda T\u00fcrkiye genelinde trafi\u011fe kayd\u0131 yap\u0131lan ta\u015f\u0131tlar\u0131n y\u00fczde 62,9&#8217;unu otomobil, y\u00fczde 16,7&#8217;sini motosiklet, y\u00fczde 14,7&#8217;sini kamyonet, y\u00fczde 2,3&#8217;\u00fcn\u00fc kamyon, y\u00fczde 1,9&#8217;unu trakt\u00f6r, y\u00fczde 1,0&#8217;\u0131n\u0131 minib\u00fcs, y\u00fczde 0,4&#8217;\u00fcn\u00fc otob\u00fcs ve y\u00fczde 0,1&#8217;ini \u00f6zel ama\u00e7l\u0131 ta\u015f\u0131tlar olu\u015fturdu. Trafi\u011fe kay\u0131tl\u0131 toplam ta\u015f\u0131t say\u0131s\u0131 Ocak ay\u0131 sonu itibariyle 31 milyon 463 bin 242 oldu. Ayr\u0131ca Ocak 2025\u2019te trafi\u011fe kayd\u0131 yap\u0131lan 104 bin 335 adet otomobilin y\u00fczde 51,3&#8217;\u00fc benzin, y\u00fczde 25,0&#8217;\u0131 hibrit, y\u00fczde 11,9&#8217;u elektrikli, y\u00fczde 10,9&#8217;u dizel ve y\u00fczde 0,9&#8217;u LPG\u2019li olarak kay\u0131tlara ge\u00e7ti. Ocak ay\u0131 sonu itibariyle Antalya\u2019da trafi\u011fe kay\u0131tl\u0131 ara\u00e7 say\u0131s\u0131 1 milyon 578 bin 360 adet olurken, Isparta\u2019da 229 bin 614, Burdur\u2019da ise 175 bin 201 oldu. Kaynak: www.kanalv.com.tr Haber Sitesinden Al\u0131nm\u0131\u015ft\u0131r.\" \/>\n<meta property=\"og:url\" content=\"https:\/\/denizcankizil.tr\/ru\/haberler\/antalya\/antalyada-motorlu-kara-tasitlari-sayisi-1-bucuk-milyonu-gecti\/\" \/>\n<meta property=\"og:site_name\" content=\"Av. Deniz Can K\u0131z\u0131l\" \/>\n<meta property=\"article:published_time\" content=\"2025-02-18T08:41:26+00:00\" \/>\n<meta property=\"og:image\" content=\"https:\/\/denizcankizil.tr\/wp-content\/uploads\/2025\/02\/5016-01-FvNrwO.jpeg\" \/>\n\t<meta property=\"og:image:width\" content=\"1280\" \/>\n\t<meta property=\"og:image:height\" content=\"720\" \/>\n\t<meta property=\"og:image:type\" content=\"image\/jpeg\" \/>\n<meta name=\"author\" content=\"Av. Deniz Can K\u0131z\u0131l\" \/>\n<meta name=\"twitter:card\" content=\"summary_large_image\" \/>\n<meta name=\"twitter:label1\" content=\"\u041d\u0430\u043f\u0438\u0441\u0430\u043d\u043e \u0430\u0432\u0442\u043e\u0440\u043e\u043c\" \/>\n\t<meta name=\"twitter:data1\" content=\"Av. Deniz Can K\u0131z\u0131l\" \/>\n\t<meta name=\"twitter:label2\" content=\"\u041f\u0440\u0438\u043c\u0435\u0440\u043d\u043e\u0435 \u0432\u0440\u0435\u043c\u044f \u0434\u043b\u044f \u0447\u0442\u0435\u043d\u0438\u044f\" \/>\n\t<meta name=\"twitter:data2\" content=\"1 \u043c\u0438\u043d\u0443\u0442\u0430\" \/>\n<script type=\"application\/ld+json\" class=\"yoast-schema-graph\">{\"@context\":\"https:\/\/schema.org\",\"@graph\":[{\"@type\":\"Article\",\"@id\":\"https:\/\/denizcankizil.tr\/ru\/haberler\/antalya\/antalyada-motorlu-kara-tasitlari-sayisi-1-bucuk-milyonu-gecti\/#article\",\"isPartOf\":{\"@id\":\"https:\/\/denizcankizil.tr\/ru\/haberler\/antalya\/antalyada-motorlu-kara-tasitlari-sayisi-1-bucuk-milyonu-gecti\/\"},\"author\":{\"name\":\"Av. Deniz Can K\u0131z\u0131l\",\"@id\":\"https:\/\/denizcankizil.tr\/de\/#\/schema\/person\/5dc1b22991bd7ac833867c10afc9b0ff\"},\"headline\":\"Antalya&#8217;da motorlu kara ta\u015f\u0131tlar\u0131 say\u0131s\u0131 1 bu\u00e7uk milyonu ge\u00e7ti\",\"datePublished\":\"2025-02-18T08:41:26+00:00\",\"mainEntityOfPage\":{\"@id\":\"https:\/\/denizcankizil.tr\/ru\/haberler\/antalya\/antalyada-motorlu-kara-tasitlari-sayisi-1-bucuk-milyonu-gecti\/\"},\"wordCount\":172,\"commentCount\":0,\"publisher\":{\"@id\":\"https:\/\/denizcankizil.tr\/de\/#organization\"},\"image\":{\"@id\":\"https:\/\/denizcankizil.tr\/ru\/haberler\/antalya\/antalyada-motorlu-kara-tasitlari-sayisi-1-bucuk-milyonu-gecti\/#primaryimage\"},\"thumbnailUrl\":\"https:\/\/denizcankizil.tr\/wp-content\/uploads\/2025\/02\/5016-01-FvNrwO.jpeg\",\"articleSection\":[\"Antalya\"],\"inLanguage\":\"ru-RU\",\"potentialAction\":[{\"@type\":\"CommentAction\",\"name\":\"Comment\",\"target\":[\"https:\/\/denizcankizil.tr\/ru\/haberler\/antalya\/antalyada-motorlu-kara-tasitlari-sayisi-1-bucuk-milyonu-gecti\/#respond\"]}]},{\"@type\":\"WebPage\",\"@id\":\"https:\/\/denizcankizil.tr\/ru\/haberler\/antalya\/antalyada-motorlu-kara-tasitlari-sayisi-1-bucuk-milyonu-gecti\/\",\"url\":\"https:\/\/denizcankizil.tr\/ru\/haberler\/antalya\/antalyada-motorlu-kara-tasitlari-sayisi-1-bucuk-milyonu-gecti\/\",\"name\":\"Antalya'da motorlu kara ta\u015f\u0131tlar\u0131 say\u0131s\u0131 1 bu\u00e7uk milyonu ge\u00e7ti - Av. Deniz Can K\u0131z\u0131l\",\"isPartOf\":{\"@id\":\"https:\/\/denizcankizil.tr\/de\/#website\"},\"primaryImageOfPage\":{\"@id\":\"https:\/\/denizcankizil.tr\/ru\/haberler\/antalya\/antalyada-motorlu-kara-tasitlari-sayisi-1-bucuk-milyonu-gecti\/#primaryimage\"},\"image\":{\"@id\":\"https:\/\/denizcankizil.tr\/ru\/haberler\/antalya\/antalyada-motorlu-kara-tasitlari-sayisi-1-bucuk-milyonu-gecti\/#primaryimage\"},\"thumbnailUrl\":\"https:\/\/denizcankizil.tr\/wp-content\/uploads\/2025\/02\/5016-01-FvNrwO.jpeg\",\"datePublished\":\"2025-02-18T08:41:26+00:00\",\"breadcrumb\":{\"@id\":\"https:\/\/denizcankizil.tr\/ru\/haberler\/antalya\/antalyada-motorlu-kara-tasitlari-sayisi-1-bucuk-milyonu-gecti\/#breadcrumb\"},\"inLanguage\":\"ru-RU\",\"potentialAction\":[{\"@type\":\"ReadAction\",\"target\":[\"https:\/\/denizcankizil.tr\/ru\/haberler\/antalya\/antalyada-motorlu-kara-tasitlari-sayisi-1-bucuk-milyonu-gecti\/\"]}]},{\"@type\":\"ImageObject\",\"inLanguage\":\"ru-RU\",\"@id\":\"https:\/\/denizcankizil.tr\/ru\/haberler\/antalya\/antalyada-motorlu-kara-tasitlari-sayisi-1-bucuk-milyonu-gecti\/#primaryimage\",\"url\":\"https:\/\/denizcankizil.tr\/wp-content\/uploads\/2025\/02\/5016-01-FvNrwO.jpeg\",\"contentUrl\":\"https:\/\/denizcankizil.tr\/wp-content\/uploads\/2025\/02\/5016-01-FvNrwO.jpeg\",\"width\":1280,\"height\":720},{\"@type\":\"BreadcrumbList\",\"@id\":\"https:\/\/denizcankizil.tr\/ru\/haberler\/antalya\/antalyada-motorlu-kara-tasitlari-sayisi-1-bucuk-milyonu-gecti\/#breadcrumb\",\"itemListElement\":[{\"@type\":\"ListItem\",\"position\":1,\"name\":\"Home\",\"item\":\"https:\/\/denizcankizil.tr\/de\/\"},{\"@type\":\"ListItem\",\"position\":2,\"name\":\"Antalya&#8217;da motorlu kara ta\u015f\u0131tlar\u0131 say\u0131s\u0131 1 bu\u00e7uk milyonu ge\u00e7ti\"}]},{\"@type\":\"WebSite\",\"@id\":\"https:\/\/denizcankizil.tr\/de\/#website\",\"url\":\"https:\/\/denizcankizil.tr\/de\/\",\"name\":\"Av. Deniz Can K\u0131z\u0131l\",\"description\":\"Avukat Deniz Can K\u0131z\u0131l Antalya Barosu\",\"publisher\":{\"@id\":\"https:\/\/denizcankizil.tr\/de\/#organization\"},\"potentialAction\":[{\"@type\":\"SearchAction\",\"target\":{\"@type\":\"EntryPoint\",\"urlTemplate\":\"https:\/\/denizcankizil.tr\/de\/?s={search_term_string}\"},\"query-input\":{\"@type\":\"PropertyValueSpecification\",\"valueRequired\":true,\"valueName\":\"search_term_string\"}}],\"inLanguage\":\"ru-RU\"},{\"@type\":\"Organization\",\"@id\":\"https:\/\/denizcankizil.tr\/de\/#organization\",\"name\":\"Av. Deniz Can K\u0131z\u0131l\",\"url\":\"https:\/\/denizcankizil.tr\/de\/\",\"logo\":{\"@type\":\"ImageObject\",\"inLanguage\":\"ru-RU\",\"@id\":\"https:\/\/denizcankizil.tr\/de\/#\/schema\/logo\/image\/\",\"url\":\"https:\/\/denizcankizil.tr\/wp-content\/uploads\/2024\/10\/siyah-logo-svg.svg\",\"contentUrl\":\"https:\/\/denizcankizil.tr\/wp-content\/uploads\/2024\/10\/siyah-logo-svg.svg\",\"width\":1080,\"height\":1080,\"caption\":\"Av. Deniz Can K\u0131z\u0131l\"},\"image\":{\"@id\":\"https:\/\/denizcankizil.tr\/de\/#\/schema\/logo\/image\/\"}},{\"@type\":\"Person\",\"@id\":\"https:\/\/denizcankizil.tr\/de\/#\/schema\/person\/5dc1b22991bd7ac833867c10afc9b0ff\",\"name\":\"Av. Deniz Can K\u0131z\u0131l\",\"image\":{\"@type\":\"ImageObject\",\"inLanguage\":\"ru-RU\",\"@id\":\"https:\/\/denizcankizil.tr\/de\/#\/schema\/person\/image\/\",\"url\":\"https:\/\/secure.gravatar.com\/avatar\/a0b128fb9855c79efc976d5640eedb31dc35ec297594d6016d2cf7c60e975bb6?s=96&d=mm&r=g\",\"contentUrl\":\"https:\/\/secure.gravatar.com\/avatar\/a0b128fb9855c79efc976d5640eedb31dc35ec297594d6016d2cf7c60e975bb6?s=96&d=mm&r=g\",\"caption\":\"Av. Deniz Can K\u0131z\u0131l\"},\"sameAs\":[\"http:\/\/www.denizcankizil.tr\"],\"url\":\"https:\/\/denizcankizil.tr\/ru\/author\/denizcankizil\/\"}]}<\/script>\n<!-- \/ Yoast SEO Premium plugin. -->","yoast_head_json":{"title":"Antalya'da motorlu kara ta\u015f\u0131tlar\u0131 say\u0131s\u0131 1 bu\u00e7uk milyonu ge\u00e7ti - Av. Deniz Can K\u0131z\u0131l","robots":{"index":"index","follow":"follow","max-snippet":"max-snippet:-1","max-image-preview":"max-image-preview:large","max-video-preview":"max-video-preview:-1"},"canonical":"https:\/\/denizcankizil.tr\/ru\/haberler\/antalya\/antalyada-motorlu-kara-tasitlari-sayisi-1-bucuk-milyonu-gecti\/","og_locale":"ru_RU","og_type":"article","og_title":"Antalya'da motorlu kara ta\u015f\u0131tlar\u0131 say\u0131s\u0131 1 bu\u00e7uk milyonu ge\u00e7ti","og_description":"T\u00fcrkiye \u0130statistik Kurumu (T\u00dc\u0130K), Motorlu Kara Ta\u015f\u0131tlar\u0131 Ocak 2025 istatistiklerini payla\u015ft\u0131. Ocak ay\u0131nda T\u00fcrkiye genelinde trafi\u011fe kayd\u0131 yap\u0131lan ta\u015f\u0131tlar\u0131n y\u00fczde 62,9&#8217;unu otomobil, y\u00fczde 16,7&#8217;sini motosiklet, y\u00fczde 14,7&#8217;sini kamyonet, y\u00fczde 2,3&#8217;\u00fcn\u00fc kamyon, y\u00fczde 1,9&#8217;unu trakt\u00f6r, y\u00fczde 1,0&#8217;\u0131n\u0131 minib\u00fcs, y\u00fczde 0,4&#8217;\u00fcn\u00fc otob\u00fcs ve y\u00fczde 0,1&#8217;ini \u00f6zel ama\u00e7l\u0131 ta\u015f\u0131tlar olu\u015fturdu. Trafi\u011fe kay\u0131tl\u0131 toplam ta\u015f\u0131t say\u0131s\u0131 Ocak ay\u0131 sonu itibariyle 31 milyon 463 bin 242 oldu. Ayr\u0131ca Ocak 2025\u2019te trafi\u011fe kayd\u0131 yap\u0131lan 104 bin 335 adet otomobilin y\u00fczde 51,3&#8217;\u00fc benzin, y\u00fczde 25,0&#8217;\u0131 hibrit, y\u00fczde 11,9&#8217;u elektrikli, y\u00fczde 10,9&#8217;u dizel ve y\u00fczde 0,9&#8217;u LPG\u2019li olarak kay\u0131tlara ge\u00e7ti. Ocak ay\u0131 sonu itibariyle Antalya\u2019da trafi\u011fe kay\u0131tl\u0131 ara\u00e7 say\u0131s\u0131 1 milyon 578 bin 360 adet olurken, Isparta\u2019da 229 bin 614, Burdur\u2019da ise 175 bin 201 oldu. Kaynak: www.kanalv.com.tr Haber Sitesinden Al\u0131nm\u0131\u015ft\u0131r.","og_url":"https:\/\/denizcankizil.tr\/ru\/haberler\/antalya\/antalyada-motorlu-kara-tasitlari-sayisi-1-bucuk-milyonu-gecti\/","og_site_name":"Av. Deniz Can K\u0131z\u0131l","article_published_time":"2025-02-18T08:41:26+00:00","og_image":[{"width":1280,"height":720,"url":"https:\/\/denizcankizil.tr\/wp-content\/uploads\/2025\/02\/5016-01-FvNrwO.jpeg","type":"image\/jpeg"}],"author":"Av. Deniz Can K\u0131z\u0131l","twitter_card":"summary_large_image","twitter_misc":{"\u041d\u0430\u043f\u0438\u0441\u0430\u043d\u043e \u0430\u0432\u0442\u043e\u0440\u043e\u043c":"Av. Deniz Can K\u0131z\u0131l","\u041f\u0440\u0438\u043c\u0435\u0440\u043d\u043e\u0435 \u0432\u0440\u0435\u043c\u044f \u0434\u043b\u044f \u0447\u0442\u0435\u043d\u0438\u044f":"1 \u043c\u0438\u043d\u0443\u0442\u0430"},"schema":{"@context":"https:\/\/schema.org","@graph":[{"@type":"Article","@id":"https:\/\/denizcankizil.tr\/ru\/haberler\/antalya\/antalyada-motorlu-kara-tasitlari-sayisi-1-bucuk-milyonu-gecti\/#article","isPartOf":{"@id":"https:\/\/denizcankizil.tr\/ru\/haberler\/antalya\/antalyada-motorlu-kara-tasitlari-sayisi-1-bucuk-milyonu-gecti\/"},"author":{"name":"Av. Deniz Can K\u0131z\u0131l","@id":"https:\/\/denizcankizil.tr\/de\/#\/schema\/person\/5dc1b22991bd7ac833867c10afc9b0ff"},"headline":"Antalya&#8217;da motorlu kara ta\u015f\u0131tlar\u0131 say\u0131s\u0131 1 bu\u00e7uk milyonu ge\u00e7ti","datePublished":"2025-02-18T08:41:26+00:00","mainEntityOfPage":{"@id":"https:\/\/denizcankizil.tr\/ru\/haberler\/antalya\/antalyada-motorlu-kara-tasitlari-sayisi-1-bucuk-milyonu-gecti\/"},"wordCount":172,"commentCount":0,"publisher":{"@id":"https:\/\/denizcankizil.tr\/de\/#organization"},"image":{"@id":"https:\/\/denizcankizil.tr\/ru\/haberler\/antalya\/antalyada-motorlu-kara-tasitlari-sayisi-1-bucuk-milyonu-gecti\/#primaryimage"},"thumbnailUrl":"https:\/\/denizcankizil.tr\/wp-content\/uploads\/2025\/02\/5016-01-FvNrwO.jpeg","articleSection":["Antalya"],"inLanguage":"ru-RU","potentialAction":[{"@type":"CommentAction","name":"Comment","target":["https:\/\/denizcankizil.tr\/ru\/haberler\/antalya\/antalyada-motorlu-kara-tasitlari-sayisi-1-bucuk-milyonu-gecti\/#respond"]}]},{"@type":"WebPage","@id":"https:\/\/denizcankizil.tr\/ru\/haberler\/antalya\/antalyada-motorlu-kara-tasitlari-sayisi-1-bucuk-milyonu-gecti\/","url":"https:\/\/denizcankizil.tr\/ru\/haberler\/antalya\/antalyada-motorlu-kara-tasitlari-sayisi-1-bucuk-milyonu-gecti\/","name":"Antalya'da motorlu kara ta\u015f\u0131tlar\u0131 say\u0131s\u0131 1 bu\u00e7uk milyonu ge\u00e7ti - Av. Deniz Can K\u0131z\u0131l","isPartOf":{"@id":"https:\/\/denizcankizil.tr\/de\/#website"},"primaryImageOfPage":{"@id":"https:\/\/denizcankizil.tr\/ru\/haberler\/antalya\/antalyada-motorlu-kara-tasitlari-sayisi-1-bucuk-milyonu-gecti\/#primaryimage"},"image":{"@id":"https:\/\/denizcankizil.tr\/ru\/haberler\/antalya\/antalyada-motorlu-kara-tasitlari-sayisi-1-bucuk-milyonu-gecti\/#primaryimage"},"thumbnailUrl":"https:\/\/denizcankizil.tr\/wp-content\/uploads\/2025\/02\/5016-01-FvNrwO.jpeg","datePublished":"2025-02-18T08:41:26+00:00","breadcrumb":{"@id":"https:\/\/denizcankizil.tr\/ru\/haberler\/antalya\/antalyada-motorlu-kara-tasitlari-sayisi-1-bucuk-milyonu-gecti\/#breadcrumb"},"inLanguage":"ru-RU","potentialAction":[{"@type":"ReadAction","target":["https:\/\/denizcankizil.tr\/ru\/haberler\/antalya\/antalyada-motorlu-kara-tasitlari-sayisi-1-bucuk-milyonu-gecti\/"]}]},{"@type":"ImageObject","inLanguage":"ru-RU","@id":"https:\/\/denizcankizil.tr\/ru\/haberler\/antalya\/antalyada-motorlu-kara-tasitlari-sayisi-1-bucuk-milyonu-gecti\/#primaryimage","url":"https:\/\/denizcankizil.tr\/wp-content\/uploads\/2025\/02\/5016-01-FvNrwO.jpeg","contentUrl":"https:\/\/denizcankizil.tr\/wp-content\/uploads\/2025\/02\/5016-01-FvNrwO.jpeg","width":1280,"height":720},{"@type":"BreadcrumbList","@id":"https:\/\/denizcankizil.tr\/ru\/haberler\/antalya\/antalyada-motorlu-kara-tasitlari-sayisi-1-bucuk-milyonu-gecti\/#breadcrumb","itemListElement":[{"@type":"ListItem","position":1,"name":"Home","item":"https:\/\/denizcankizil.tr\/de\/"},{"@type":"ListItem","position":2,"name":"Antalya&#8217;da motorlu kara ta\u015f\u0131tlar\u0131 say\u0131s\u0131 1 bu\u00e7uk milyonu ge\u00e7ti"}]},{"@type":"WebSite","@id":"https:\/\/denizcankizil.tr\/de\/#website","url":"https:\/\/denizcankizil.tr\/de\/","name":"Av. Deniz Can K\u0131z\u0131l","description":"Avukat Deniz Can K\u0131z\u0131l Antalya Barosu","publisher":{"@id":"https:\/\/denizcankizil.tr\/de\/#organization"},"potentialAction":[{"@type":"SearchAction","target":{"@type":"EntryPoint","urlTemplate":"https:\/\/denizcankizil.tr\/de\/?s={search_term_string}"},"query-input":{"@type":"PropertyValueSpecification","valueRequired":true,"valueName":"search_term_string"}}],"inLanguage":"ru-RU"},{"@type":"Organization","@id":"https:\/\/denizcankizil.tr\/de\/#organization","name":"Av. Deniz Can K\u0131z\u0131l","url":"https:\/\/denizcankizil.tr\/de\/","logo":{"@type":"ImageObject","inLanguage":"ru-RU","@id":"https:\/\/denizcankizil.tr\/de\/#\/schema\/logo\/image\/","url":"https:\/\/denizcankizil.tr\/wp-content\/uploads\/2024\/10\/siyah-logo-svg.svg","contentUrl":"https:\/\/denizcankizil.tr\/wp-content\/uploads\/2024\/10\/siyah-logo-svg.svg","width":1080,"height":1080,"caption":"Av. Deniz Can K\u0131z\u0131l"},"image":{"@id":"https:\/\/denizcankizil.tr\/de\/#\/schema\/logo\/image\/"}},{"@type":"Person","@id":"https:\/\/denizcankizil.tr\/de\/#\/schema\/person\/5dc1b22991bd7ac833867c10afc9b0ff","name":"Av. Deniz Can K\u0131z\u0131l","image":{"@type":"ImageObject","inLanguage":"ru-RU","@id":"https:\/\/denizcankizil.tr\/de\/#\/schema\/person\/image\/","url":"https:\/\/secure.gravatar.com\/avatar\/a0b128fb9855c79efc976d5640eedb31dc35ec297594d6016d2cf7c60e975bb6?s=96&d=mm&r=g","contentUrl":"https:\/\/secure.gravatar.com\/avatar\/a0b128fb9855c79efc976d5640eedb31dc35ec297594d6016d2cf7c60e975bb6?s=96&d=mm&r=g","caption":"Av. Deniz Can K\u0131z\u0131l"},"sameAs":["http:\/\/www.denizcankizil.tr"],"url":"https:\/\/denizcankizil.tr\/ru\/author\/denizcankizil\/"}]}},"_links":{"self":[{"href":"https:\/\/denizcankizil.tr\/ru\/wp-json\/wp\/v2\/posts\/33309","targetHints":{"allow":["GET"]}}],"collection":[{"href":"https:\/\/denizcankizil.tr\/ru\/wp-json\/wp\/v2\/posts"}],"about":[{"href":"https:\/\/denizcankizil.tr\/ru\/wp-json\/wp\/v2\/types\/post"}],"author":[{"embeddable":true,"href":"https:\/\/denizcankizil.tr\/ru\/wp-json\/wp\/v2\/users\/4"}],"replies":[{"embeddable":true,"href":"https:\/\/denizcankizil.tr\/ru\/wp-json\/wp\/v2\/comments?post=33309"}],"version-history":[{"count":0,"href":"https:\/\/denizcankizil.tr\/ru\/wp-json\/wp\/v2\/posts\/33309\/revisions"}],"wp:featuredmedia":[{"embeddable":true,"href":"https:\/\/denizcankizil.tr\/ru\/wp-json\/wp\/v2\/media\/33310"}],"wp:attachment":[{"href":"https:\/\/denizcankizil.tr\/ru\/wp-json\/wp\/v2\/media?parent=33309"}],"wp:term":[{"taxonomy":"category","embeddable":true,"href":"https:\/\/denizcankizil.tr\/ru\/wp-json\/wp\/v2\/categories?post=33309"},{"taxonomy":"post_tag","embeddable":true,"href":"https:\/\/denizcankizil.tr\/ru\/wp-json\/wp\/v2\/tags?post=33309"}],"curies":[{"name":"wp","href":"https:\/\/api.w.org\/{rel}","templated":true}]}}