{"id":32678,"date":"2025-02-14T11:41:57","date_gmt":"2025-02-14T08:41:57","guid":{"rendered":"https:\/\/denizcankizil.tr\/uncategorized-tr\/turkiyede-sevgililer-gunu-ne-zaman-basladi-hic-bilmediginiz-o-hikaye\/"},"modified":"2025-02-14T11:41:57","modified_gmt":"2025-02-14T08:41:57","slug":"turkiyede-sevgililer-gunu-ne-zaman-basladi-hic-bilmediginiz-o-hikaye","status":"publish","type":"post","link":"https:\/\/denizcankizil.tr\/ru\/haberler\/gundem\/turkiyede-sevgililer-gunu-ne-zaman-basladi-hic-bilmediginiz-o-hikaye\/","title":{"rendered":"T\u00fcrkiye&#8217;de Sevgililer G\u00fcn\u00fc Ne Zaman\u00a0Ba\u015flad\u0131? Hi\u00e7 Bilmedi\u011finiz O Hikaye&#8230;"},"content":{"rendered":"<p>Her y\u0131l \u015eubat ay\u0131n\u0131n 14\u2019\u00fc sevgililer g\u00fcn\u00fc olarak kutlan\u0131yor. Bat\u0131 d\u00fcnyas\u0131 gelene\u011fi olan \u201cValentine\u2019s Day\u201d olarak kutlan\u0131r ve Aziz Valentin\u2019in an\u0131s\u0131na adanm\u0131\u015ft\u0131r.<\/p>\n<p>Peki, T\u00fcrkiye\u2019de sevgililer g\u00fcn\u00fc ne zaman ba\u015flad\u0131 hi\u00e7 merak ettiniz mi? Sizin i\u00e7in ara\u015ft\u0131rd\u0131k\u2026<\/p>\n<p>T\u00fcrkiye\u2019de Sevgililer G\u00fcn\u00fc Ne Zaman Ba\u015flad\u0131?<\/p>\n<p>\u00dclkemiz de sevgililer g\u00fcn\u00fcn\u00fcn kutland\u0131\u011f\u0131 \u00fclkeler aras\u0131nda yer al\u0131yor. Fakat merak edilen T\u00fcrkiye\u2019de sevgililer g\u00fcn\u00fc ne zaman ba\u015flad\u0131 sorusunu yan\u0131tlamadan \u00f6nce sevgililer g\u00fcn\u00fc hakk\u0131nda bilgi edinelim\u2026<\/p>\n<p>Aziz Valentin g\u00fcn\u00fc olarak da bilinen sevgililer g\u00fcn\u00fc, d\u00fcnya genelinde kutlanan ve k\u00f6kl\u00fc bir ge\u00e7mi\u015fe sahip \u00f6zel g\u00fcnlerden biridir.<\/p>\n<p>Valentin, ayn\u0131 zamanda doktor olarak da \u00e7al\u0131\u015fan Katolik bir rahipti. Roma\u2019da g\u00f6rev yap\u0131yordu. Ya\u015fad\u0131\u011f\u0131 d\u00f6nemde birbirine a\u015f\u0131k olan fakat 2. Klaudius taraf\u0131ndan yasakland\u0131\u011f\u0131 i\u00e7in evlenemeyen \u00e7iftleri gizlice evlendirmesiyle tan\u0131nm\u0131\u015ft\u0131r.<\/p>\n<p>Klaudius\u2019un evlili\u011fi yasaklama sebebi ise ordu i\u00e7in yeni asker al\u0131rken evlili\u011fin bu askerler i\u00e7in engel te\u015fkil edece\u011fini d\u00fc\u015f\u00fcnmesiydi.<\/p>\n<p>\u0130mparator Klaudius bu durumu \u00f6\u011frendi\u011finde Valentin\u2019i hapse g\u00f6nderdi. Fakat sevgiyi anlatmaya ve desteklemeye devam eden Valentine sevgililer g\u00fcn\u00fcn\u00fcn her y\u0131l kutlanmas\u0131n\u0131 sa\u011flad\u0131.<\/p>\n<p>\u00d6l\u00fcm\u00fcne h\u00fckmedilen Valentine arkada\u015f\u0131 Julia\u2019ya bir mektup yazd\u0131. Bu mektup vesilesiyle Valentine\u2019in \u015fehit edildi\u011fi g\u00fcn olan 14 \u015fubat sevgililer g\u00fcn\u00fc olarak kutlanmaya ba\u015flad\u0131.<\/p>\n<p>T\u00fcrkiye\u2019de sevgililer g\u00fcn\u00fc ne zaman ba\u015flad\u0131 sorusuna cevap vermek i\u00e7in ise 1981 y\u0131l\u0131na kadar gitmemiz gerekiyor.<\/p>\n<p>\u015eubat ay\u0131 geldi\u011finde k\u0131p\u0131r k\u0131p\u0131r olan ve k\u0131rm\u0131z\u0131 atmosferiyle b\u00fcy\u00fcleyen 14 \u015eubat sevgililer g\u00fcn\u00fc \u00fclkemize gazeteci H\u0131ncal Ulu\u00e7 taraf\u0131ndan tan\u0131t\u0131lm\u0131\u015ft\u0131r.<\/p>\n<p>Sabah Gazetesi yazar\u0131 H\u0131ncal Ulu\u00e7 bu durumu \u015fu \u015fekilde anlat\u0131yor:<\/p>\n<p>\u201cB\u00f6yle bir g\u00fcn\u00fcn varl\u0131\u011f\u0131n\u0131 bana Amerikal\u0131 e\u015fim Holly \u00f6\u011fretti. Ben de o zaman Erkek\u00e7e dergisi ile T\u00fcrkiye&#8217;ye duyurdum. Y\u0131l 1981.. O g\u00fcn bug\u00fcn Sevgililer G\u00fcn\u00fc artan bir kat\u0131l\u0131m, artan bir co\u015fku ile kutlan\u0131yor, ben de bundan m\u00fcthi\u015f keyif al\u0131yor, gurur duyuyorum, \u00e7orbay\u0131 ate\u015fe ben koydum diye..\u201d<\/p>\n<p>\u201cSevgililer G\u00fcn\u00fc y\u00fcz\u00fcnden artan t\u00fcketim de fena halde mutlu ediyor beni.. Bir \u00fclke ekonomisin ayakta durmas\u0131, t\u00fcketimle m\u00fcmk\u00fcn.. Sevgilinize ald\u0131\u011f\u0131n\u0131z hediyenin bedeli, ka\u00e7 ailenin evine yemek g\u00f6t\u00fcr\u00fcyor bir d\u00fc\u015f\u00fcn\u00fcn hele..\u201d<\/p>\n<p>Sevgililer G\u00fcn\u00fc\u2019n\u00fcn D\u00fcnya\u2019da Kutlanmaya Ba\u015flanmas\u0131<\/p>\n<p>14 \u015eubat\u2019\u0131n as\u0131l hikayesi nedir sorusunun rahip Aziz Valentine\u2019e dayand\u0131\u011f\u0131n\u0131 anlatm\u0131\u015ft\u0131k. Peki, bu \u00f6zel g\u00fcn d\u00fcnya genelinde nas\u0131l yayg\u0131nla\u015ft\u0131?<\/p>\n<p>Hapse at\u0131lan Aziz Valentine 14 \u015eubat 270 tarihinde d\u00f6v\u00fclerek, ta\u015flanarak ve kafas\u0131 kesilerek \u00f6ld\u00fcr\u00fcld\u00fc. Bir\u00e7ok genci yasak olmas\u0131na ra\u011fmen evlendirmesiyle tan\u0131nan Valentine an\u0131s\u0131na onun hayat\u0131 ve hizmetleri an\u0131s\u0131na \u00f6l\u00fcm g\u00fcn\u00fc kutlanmaya ba\u015fland\u0131.<\/p>\n<p>Senelerce insanlara yard\u0131m etmesiyle ve sevgiyi desteklemesiyle tan\u0131nan bir aziz olarak an\u0131lmaya devam etti.<\/p>\n<p>MS. 496\u2019da ise Papa Gelasius taraf\u0131ndan 14 \u015eubat Sevgililer G\u00fcn\u00fc resmi bayram g\u00fcn\u00fc olarak belirlendi ve kutlanmaya ba\u015fland\u0131.<\/p>\n<p>Bu sayede ba\u015flayan kutlamalar d\u00fcnya geneline de yay\u0131ld\u0131 ve herkes taraf\u0131ndan benimsendi.<\/p>\n<p>Osmanl\u0131 D\u00f6neminde Sevgililer G\u00fcn\u00fc Kutlanmad\u0131!<\/p>\n<p>D\u00fcnya genelinde kutlanan \u00f6zel g\u00fcnlerden biri olan sevgililer g\u00fcn\u00fc k\u00f6kl\u00fc bir tarihe sahiptir. T\u00fcrkiye\u2019de sevgililer g\u00fcn\u00fc ne zaman ba\u015flad\u0131 sorusunun cevab\u0131n\u0131n 1981 y\u0131l\u0131ndan sonra oldu\u011funu s\u00f6ylemi\u015ftik. Peki ya Osmanl\u0131?<\/p>\n<p>O d\u00f6nemde Osmanl\u0131\u2019n\u0131n b\u00f6yle bir g\u00fcnden haberi var m\u0131yd\u0131 bilinmez. Fakat cihan h\u00fck\u00fcmdarl\u0131\u011f\u0131 oldu\u011fu g\u00f6z \u00f6n\u00fcne al\u0131nd\u0131\u011f\u0131nda bilindi\u011fi tahmin edilmektedir.<\/p>\n<p>Osmanl\u0131 devleti i\u00e7erisinde kutlanmas\u0131 kabul edilmemi\u015f sevgililer g\u00fcn\u00fc bu nedenle toplumumuz taraf\u0131ndan ge\u00e7 tan\u0131nm\u0131\u015ft\u0131r.<\/p>\n<p>Cumhuriyet ve sonras\u0131 d\u00f6nemde yava\u015f yava\u015f kutlanmaya ba\u015flayan sevgililer g\u00fcn\u00fc \u00f6zellikle 2000 y\u0131l\u0131 sonras\u0131nda daha da pop\u00fcler hale gelmi\u015ftir.<\/p>\n<p>Sevgililer G\u00fcn\u00fc Kutlamayan \u00dclkeler<\/p>\n<p>D\u00fcnya genelinde yayg\u0131n olarak kutlansa da bat\u0131 men\u015feili bir g\u00fcn olan sevgililer g\u00fcn\u00fc kimi \u00fclkeler taraf\u0131ndan kutlan\u0131lm\u0131yor.<\/p>\n<p>Suudi Arabistan\u2019da edinilen bilgilere g\u00f6re resmi olarak sevgililer g\u00fcn\u00fc kutlamak ve bu kutlamada kullan\u0131lan \u00fcr\u00fcnlerin sat\u0131\u015f\u0131 da yasak.<\/p>\n<p>Ayn\u0131 zamanda T\u00fcrkmenistan, \u00d6zbekistan, Malezya, Endonezya, \u0130ran ve Pakistan da sevgililer g\u00fcn\u00fc kutlamayan \u00fclkeler aras\u0131nda yer al\u0131yor.<\/p>\n<p>Bu yaz\u0131m\u0131zda T\u00fcrkiye\u2019de sevgililer g\u00fcn\u00fc ne zaman ba\u015flad\u0131 sorusuna ve merak edilen di\u011fer sorulara sizin i\u00e7in yan\u0131t verdik\u2026<\/p>\n<p>\u200bT\u00fcrkiye&#8217;de Sevgililer G\u00fcn\u00fc ne zaman ba\u015flad\u0131 biliyor muydunuz? Sizin i\u00e7in a\u00e7\u0131klad\u0131k!\u00a0<\/p>\n<p>\u200bHaberin Al\u0131nt\u0131land\u0131\u011f\u0131 Kaynak: www.antalyakorfez.com<\/p>","protected":false},"excerpt":{"rendered":"<p>Her y\u0131l \u015eubat ay\u0131n\u0131n 14\u2019\u00fc sevgililer g\u00fcn\u00fc olarak kutlan\u0131yor. Bat\u0131 d\u00fcnyas\u0131 gelene\u011fi olan \u201cValentine\u2019s Day\u201d olarak kutlan\u0131r ve Aziz Valentin\u2019in an\u0131s\u0131na adanm\u0131\u015ft\u0131r. Peki, T\u00fcrkiye\u2019de sevgililer g\u00fcn\u00fc ne zaman ba\u015flad\u0131 hi\u00e7 merak ettiniz mi? Sizin i\u00e7in ara\u015ft\u0131rd\u0131k\u2026 T\u00fcrkiye\u2019de Sevgililer G\u00fcn\u00fc Ne Zaman Ba\u015flad\u0131? \u00dclkemiz de sevgililer g\u00fcn\u00fcn\u00fcn kutland\u0131\u011f\u0131 \u00fclkeler aras\u0131nda yer al\u0131yor. Fakat merak edilen T\u00fcrkiye\u2019de sevgililer g\u00fcn\u00fc ne zaman ba\u015flad\u0131 sorusunu yan\u0131tlamadan \u00f6nce sevgililer g\u00fcn\u00fc hakk\u0131nda bilgi edinelim\u2026 Aziz Valentin g\u00fcn\u00fc olarak da bilinen sevgililer g\u00fcn\u00fc, d\u00fcnya genelinde kutlanan ve k\u00f6kl\u00fc bir ge\u00e7mi\u015fe sahip \u00f6zel g\u00fcnlerden biridir. Valentin, ayn\u0131 zamanda doktor olarak da \u00e7al\u0131\u015fan Katolik bir rahipti. Roma\u2019da g\u00f6rev yap\u0131yordu. Ya\u015fad\u0131\u011f\u0131 d\u00f6nemde birbirine a\u015f\u0131k olan fakat 2. Klaudius taraf\u0131ndan yasakland\u0131\u011f\u0131 i\u00e7in evlenemeyen \u00e7iftleri gizlice evlendirmesiyle tan\u0131nm\u0131\u015ft\u0131r. Klaudius\u2019un evlili\u011fi yasaklama sebebi ise ordu i\u00e7in yeni asker al\u0131rken evlili\u011fin bu askerler i\u00e7in engel te\u015fkil edece\u011fini d\u00fc\u015f\u00fcnmesiydi. \u0130mparator Klaudius bu durumu \u00f6\u011frendi\u011finde Valentin\u2019i hapse g\u00f6nderdi. Fakat sevgiyi anlatmaya ve desteklemeye devam eden Valentine sevgililer g\u00fcn\u00fcn\u00fcn her y\u0131l kutlanmas\u0131n\u0131 sa\u011flad\u0131. \u00d6l\u00fcm\u00fcne h\u00fckmedilen Valentine arkada\u015f\u0131 Julia\u2019ya bir mektup yazd\u0131. Bu mektup vesilesiyle Valentine\u2019in \u015fehit edildi\u011fi g\u00fcn olan 14 \u015fubat sevgililer g\u00fcn\u00fc olarak kutlanmaya ba\u015flad\u0131. T\u00fcrkiye\u2019de sevgililer g\u00fcn\u00fc ne zaman ba\u015flad\u0131 sorusuna cevap vermek i\u00e7in ise 1981 y\u0131l\u0131na kadar gitmemiz gerekiyor. \u015eubat ay\u0131 geldi\u011finde k\u0131p\u0131r k\u0131p\u0131r &hellip;<\/p>","protected":false},"author":5,"featured_media":0,"comment_status":"open","ping_status":"open","sticky":false,"template":"","format":"standard","meta":{"_acf_changed":false,"footnotes":""},"categories":[24],"tags":[],"class_list":["post-32678","post","type-post","status-publish","format-standard","has-post-thumbnail","hentry","category-gundem"],"acf":[],"yoast_head":"<!-- This site is optimized with the Yoast SEO Premium plugin v26.6 (Yoast SEO v27.1.1) - https:\/\/yoast.com\/product\/yoast-seo-premium-wordpress\/ -->\n<title>T\u00fcrkiye&#039;de Sevgililer G\u00fcn\u00fc Ne Zaman\u00a0Ba\u015flad\u0131? Hi\u00e7 Bilmedi\u011finiz O Hikaye... - Av. Deniz Can K\u0131z\u0131l<\/title>\n<meta name=\"robots\" content=\"index, follow, max-snippet:-1, max-image-preview:large, max-video-preview:-1\" \/>\n<link rel=\"canonical\" href=\"https:\/\/denizcankizil.tr\/ru\/haberler\/gundem\/turkiyede-sevgililer-gunu-ne-zaman-basladi-hic-bilmediginiz-o-hikaye\/\" \/>\n<meta property=\"og:locale\" content=\"ru_RU\" \/>\n<meta property=\"og:type\" content=\"article\" \/>\n<meta property=\"og:title\" content=\"T\u00fcrkiye&#039;de Sevgililer G\u00fcn\u00fc Ne Zaman\u00a0Ba\u015flad\u0131? Hi\u00e7 Bilmedi\u011finiz O Hikaye...\" \/>\n<meta property=\"og:description\" content=\"Her y\u0131l \u015eubat ay\u0131n\u0131n 14\u2019\u00fc sevgililer g\u00fcn\u00fc olarak kutlan\u0131yor. Bat\u0131 d\u00fcnyas\u0131 gelene\u011fi olan \u201cValentine\u2019s Day\u201d olarak kutlan\u0131r ve Aziz Valentin\u2019in an\u0131s\u0131na adanm\u0131\u015ft\u0131r. Peki, T\u00fcrkiye\u2019de sevgililer g\u00fcn\u00fc ne zaman ba\u015flad\u0131 hi\u00e7 merak ettiniz mi? Sizin i\u00e7in ara\u015ft\u0131rd\u0131k\u2026 T\u00fcrkiye\u2019de Sevgililer G\u00fcn\u00fc Ne Zaman Ba\u015flad\u0131? \u00dclkemiz de sevgililer g\u00fcn\u00fcn\u00fcn kutland\u0131\u011f\u0131 \u00fclkeler aras\u0131nda yer al\u0131yor. Fakat merak edilen T\u00fcrkiye\u2019de sevgililer g\u00fcn\u00fc ne zaman ba\u015flad\u0131 sorusunu yan\u0131tlamadan \u00f6nce sevgililer g\u00fcn\u00fc hakk\u0131nda bilgi edinelim\u2026 Aziz Valentin g\u00fcn\u00fc olarak da bilinen sevgililer g\u00fcn\u00fc, d\u00fcnya genelinde kutlanan ve k\u00f6kl\u00fc bir ge\u00e7mi\u015fe sahip \u00f6zel g\u00fcnlerden biridir. Valentin, ayn\u0131 zamanda doktor olarak da \u00e7al\u0131\u015fan Katolik bir rahipti. Roma\u2019da g\u00f6rev yap\u0131yordu. Ya\u015fad\u0131\u011f\u0131 d\u00f6nemde birbirine a\u015f\u0131k olan fakat 2. Klaudius taraf\u0131ndan yasakland\u0131\u011f\u0131 i\u00e7in evlenemeyen \u00e7iftleri gizlice evlendirmesiyle tan\u0131nm\u0131\u015ft\u0131r. Klaudius\u2019un evlili\u011fi yasaklama sebebi ise ordu i\u00e7in yeni asker al\u0131rken evlili\u011fin bu askerler i\u00e7in engel te\u015fkil edece\u011fini d\u00fc\u015f\u00fcnmesiydi. \u0130mparator Klaudius bu durumu \u00f6\u011frendi\u011finde Valentin\u2019i hapse g\u00f6nderdi. Fakat sevgiyi anlatmaya ve desteklemeye devam eden Valentine sevgililer g\u00fcn\u00fcn\u00fcn her y\u0131l kutlanmas\u0131n\u0131 sa\u011flad\u0131. \u00d6l\u00fcm\u00fcne h\u00fckmedilen Valentine arkada\u015f\u0131 Julia\u2019ya bir mektup yazd\u0131. Bu mektup vesilesiyle Valentine\u2019in \u015fehit edildi\u011fi g\u00fcn olan 14 \u015fubat sevgililer g\u00fcn\u00fc olarak kutlanmaya ba\u015flad\u0131. T\u00fcrkiye\u2019de sevgililer g\u00fcn\u00fc ne zaman ba\u015flad\u0131 sorusuna cevap vermek i\u00e7in ise 1981 y\u0131l\u0131na kadar gitmemiz gerekiyor. \u015eubat ay\u0131 geldi\u011finde k\u0131p\u0131r k\u0131p\u0131r &hellip;\" \/>\n<meta property=\"og:url\" content=\"https:\/\/denizcankizil.tr\/ru\/haberler\/gundem\/turkiyede-sevgililer-gunu-ne-zaman-basladi-hic-bilmediginiz-o-hikaye\/\" \/>\n<meta property=\"og:site_name\" content=\"Av. Deniz Can K\u0131z\u0131l\" \/>\n<meta property=\"article:published_time\" content=\"2025-02-14T08:41:57+00:00\" \/>\n<meta name=\"author\" content=\"Antalya K\u00f6rfez\" \/>\n<meta name=\"twitter:card\" content=\"summary_large_image\" \/>\n<meta name=\"twitter:label1\" content=\"\u041d\u0430\u043f\u0438\u0441\u0430\u043d\u043e \u0430\u0432\u0442\u043e\u0440\u043e\u043c\" \/>\n\t<meta name=\"twitter:data1\" content=\"Antalya K\u00f6rfez\" \/>\n\t<meta name=\"twitter:label2\" content=\"\u041f\u0440\u0438\u043c\u0435\u0440\u043d\u043e\u0435 \u0432\u0440\u0435\u043c\u044f \u0434\u043b\u044f \u0447\u0442\u0435\u043d\u0438\u044f\" \/>\n\t<meta name=\"twitter:data2\" content=\"4 \u043c\u0438\u043d\u0443\u0442\u044b\" \/>\n<script type=\"application\/ld+json\" class=\"yoast-schema-graph\">{\"@context\":\"https:\/\/schema.org\",\"@graph\":[{\"@type\":\"Article\",\"@id\":\"https:\/\/denizcankizil.tr\/ru\/haberler\/gundem\/turkiyede-sevgililer-gunu-ne-zaman-basladi-hic-bilmediginiz-o-hikaye\/#article\",\"isPartOf\":{\"@id\":\"https:\/\/denizcankizil.tr\/ru\/haberler\/gundem\/turkiyede-sevgililer-gunu-ne-zaman-basladi-hic-bilmediginiz-o-hikaye\/\"},\"author\":{\"name\":\"Antalya K\u00f6rfez\",\"@id\":\"https:\/\/denizcankizil.tr\/#\/schema\/person\/e1eb71bb4dd684d46563f0af307e1234\"},\"headline\":\"T\u00fcrkiye&#8217;de Sevgililer G\u00fcn\u00fc Ne Zaman\u00a0Ba\u015flad\u0131? Hi\u00e7 Bilmedi\u011finiz O Hikaye&#8230;\",\"datePublished\":\"2025-02-14T08:41:57+00:00\",\"mainEntityOfPage\":{\"@id\":\"https:\/\/denizcankizil.tr\/ru\/haberler\/gundem\/turkiyede-sevgililer-gunu-ne-zaman-basladi-hic-bilmediginiz-o-hikaye\/\"},\"wordCount\":849,\"commentCount\":0,\"publisher\":{\"@id\":\"https:\/\/denizcankizil.tr\/#organization\"},\"articleSection\":[\"G\u00fcndem\"],\"inLanguage\":\"ru-RU\",\"potentialAction\":[{\"@type\":\"CommentAction\",\"name\":\"Comment\",\"target\":[\"https:\/\/denizcankizil.tr\/ru\/haberler\/gundem\/turkiyede-sevgililer-gunu-ne-zaman-basladi-hic-bilmediginiz-o-hikaye\/#respond\"]}]},{\"@type\":\"WebPage\",\"@id\":\"https:\/\/denizcankizil.tr\/ru\/haberler\/gundem\/turkiyede-sevgililer-gunu-ne-zaman-basladi-hic-bilmediginiz-o-hikaye\/\",\"url\":\"https:\/\/denizcankizil.tr\/ru\/haberler\/gundem\/turkiyede-sevgililer-gunu-ne-zaman-basladi-hic-bilmediginiz-o-hikaye\/\",\"name\":\"T\u00fcrkiye'de Sevgililer G\u00fcn\u00fc Ne Zaman\u00a0Ba\u015flad\u0131? Hi\u00e7 Bilmedi\u011finiz O Hikaye... - Av. Deniz Can K\u0131z\u0131l\",\"isPartOf\":{\"@id\":\"https:\/\/denizcankizil.tr\/#website\"},\"datePublished\":\"2025-02-14T08:41:57+00:00\",\"breadcrumb\":{\"@id\":\"https:\/\/denizcankizil.tr\/ru\/haberler\/gundem\/turkiyede-sevgililer-gunu-ne-zaman-basladi-hic-bilmediginiz-o-hikaye\/#breadcrumb\"},\"inLanguage\":\"ru-RU\",\"potentialAction\":[{\"@type\":\"ReadAction\",\"target\":[\"https:\/\/denizcankizil.tr\/ru\/haberler\/gundem\/turkiyede-sevgililer-gunu-ne-zaman-basladi-hic-bilmediginiz-o-hikaye\/\"]}]},{\"@type\":\"BreadcrumbList\",\"@id\":\"https:\/\/denizcankizil.tr\/ru\/haberler\/gundem\/turkiyede-sevgililer-gunu-ne-zaman-basladi-hic-bilmediginiz-o-hikaye\/#breadcrumb\",\"itemListElement\":[{\"@type\":\"ListItem\",\"position\":1,\"name\":\"Home\",\"item\":\"https:\/\/denizcankizil.tr\/de\/\"},{\"@type\":\"ListItem\",\"position\":2,\"name\":\"T\u00fcrkiye&#8217;de Sevgililer G\u00fcn\u00fc Ne Zaman\u00a0Ba\u015flad\u0131? Hi\u00e7 Bilmedi\u011finiz O Hikaye&#8230;\"}]},{\"@type\":\"WebSite\",\"@id\":\"https:\/\/denizcankizil.tr\/#website\",\"url\":\"https:\/\/denizcankizil.tr\/\",\"name\":\"Av. Deniz Can K\u0131z\u0131l\",\"description\":\"Avukat Deniz Can K\u0131z\u0131l Antalya Barosu\",\"publisher\":{\"@id\":\"https:\/\/denizcankizil.tr\/#organization\"},\"potentialAction\":[{\"@type\":\"SearchAction\",\"target\":{\"@type\":\"EntryPoint\",\"urlTemplate\":\"https:\/\/denizcankizil.tr\/?s={search_term_string}\"},\"query-input\":{\"@type\":\"PropertyValueSpecification\",\"valueRequired\":true,\"valueName\":\"search_term_string\"}}],\"inLanguage\":\"ru-RU\"},{\"@type\":\"Organization\",\"@id\":\"https:\/\/denizcankizil.tr\/#organization\",\"name\":\"Av. Deniz Can K\u0131z\u0131l\",\"url\":\"https:\/\/denizcankizil.tr\/\",\"logo\":{\"@type\":\"ImageObject\",\"inLanguage\":\"ru-RU\",\"@id\":\"https:\/\/denizcankizil.tr\/#\/schema\/logo\/image\/\",\"url\":\"https:\/\/denizcankizil.tr\/wp-content\/uploads\/2024\/10\/siyah-logo-svg.svg\",\"contentUrl\":\"https:\/\/denizcankizil.tr\/wp-content\/uploads\/2024\/10\/siyah-logo-svg.svg\",\"width\":1080,\"height\":1080,\"caption\":\"Av. Deniz Can K\u0131z\u0131l\"},\"image\":{\"@id\":\"https:\/\/denizcankizil.tr\/#\/schema\/logo\/image\/\"}},{\"@type\":\"Person\",\"@id\":\"https:\/\/denizcankizil.tr\/#\/schema\/person\/e1eb71bb4dd684d46563f0af307e1234\",\"name\":\"Antalya K\u00f6rfez\",\"image\":{\"@type\":\"ImageObject\",\"inLanguage\":\"ru-RU\",\"@id\":\"https:\/\/denizcankizil.tr\/#\/schema\/person\/image\/\",\"url\":\"https:\/\/secure.gravatar.com\/avatar\/42b01982558a48a0b501fdcab6a408d3717ea5919095ee2e67b0e521799c5905?s=96&d=mm&r=g\",\"contentUrl\":\"https:\/\/secure.gravatar.com\/avatar\/42b01982558a48a0b501fdcab6a408d3717ea5919095ee2e67b0e521799c5905?s=96&d=mm&r=g\",\"caption\":\"Antalya K\u00f6rfez\"},\"sameAs\":[\"http:\/\/www.antalyakorfez.com\"],\"url\":\"https:\/\/www.antalyakorfez.com\/turkiyede-sevgililer-gunu-ne-zaman-basladi\"}]}<\/script>\n<!-- \/ Yoast SEO Premium plugin. -->","yoast_head_json":{"title":"T\u00fcrkiye'de Sevgililer G\u00fcn\u00fc Ne Zaman\u00a0Ba\u015flad\u0131? Hi\u00e7 Bilmedi\u011finiz O Hikaye... - Av. Deniz Can K\u0131z\u0131l","robots":{"index":"index","follow":"follow","max-snippet":"max-snippet:-1","max-image-preview":"max-image-preview:large","max-video-preview":"max-video-preview:-1"},"canonical":"https:\/\/denizcankizil.tr\/ru\/haberler\/gundem\/turkiyede-sevgililer-gunu-ne-zaman-basladi-hic-bilmediginiz-o-hikaye\/","og_locale":"ru_RU","og_type":"article","og_title":"T\u00fcrkiye'de Sevgililer G\u00fcn\u00fc Ne Zaman\u00a0Ba\u015flad\u0131? Hi\u00e7 Bilmedi\u011finiz O Hikaye...","og_description":"Her y\u0131l \u015eubat ay\u0131n\u0131n 14\u2019\u00fc sevgililer g\u00fcn\u00fc olarak kutlan\u0131yor. Bat\u0131 d\u00fcnyas\u0131 gelene\u011fi olan \u201cValentine\u2019s Day\u201d olarak kutlan\u0131r ve Aziz Valentin\u2019in an\u0131s\u0131na adanm\u0131\u015ft\u0131r. Peki, T\u00fcrkiye\u2019de sevgililer g\u00fcn\u00fc ne zaman ba\u015flad\u0131 hi\u00e7 merak ettiniz mi? Sizin i\u00e7in ara\u015ft\u0131rd\u0131k\u2026 T\u00fcrkiye\u2019de Sevgililer G\u00fcn\u00fc Ne Zaman Ba\u015flad\u0131? \u00dclkemiz de sevgililer g\u00fcn\u00fcn\u00fcn kutland\u0131\u011f\u0131 \u00fclkeler aras\u0131nda yer al\u0131yor. Fakat merak edilen T\u00fcrkiye\u2019de sevgililer g\u00fcn\u00fc ne zaman ba\u015flad\u0131 sorusunu yan\u0131tlamadan \u00f6nce sevgililer g\u00fcn\u00fc hakk\u0131nda bilgi edinelim\u2026 Aziz Valentin g\u00fcn\u00fc olarak da bilinen sevgililer g\u00fcn\u00fc, d\u00fcnya genelinde kutlanan ve k\u00f6kl\u00fc bir ge\u00e7mi\u015fe sahip \u00f6zel g\u00fcnlerden biridir. Valentin, ayn\u0131 zamanda doktor olarak da \u00e7al\u0131\u015fan Katolik bir rahipti. Roma\u2019da g\u00f6rev yap\u0131yordu. Ya\u015fad\u0131\u011f\u0131 d\u00f6nemde birbirine a\u015f\u0131k olan fakat 2. Klaudius taraf\u0131ndan yasakland\u0131\u011f\u0131 i\u00e7in evlenemeyen \u00e7iftleri gizlice evlendirmesiyle tan\u0131nm\u0131\u015ft\u0131r. Klaudius\u2019un evlili\u011fi yasaklama sebebi ise ordu i\u00e7in yeni asker al\u0131rken evlili\u011fin bu askerler i\u00e7in engel te\u015fkil edece\u011fini d\u00fc\u015f\u00fcnmesiydi. \u0130mparator Klaudius bu durumu \u00f6\u011frendi\u011finde Valentin\u2019i hapse g\u00f6nderdi. Fakat sevgiyi anlatmaya ve desteklemeye devam eden Valentine sevgililer g\u00fcn\u00fcn\u00fcn her y\u0131l kutlanmas\u0131n\u0131 sa\u011flad\u0131. \u00d6l\u00fcm\u00fcne h\u00fckmedilen Valentine arkada\u015f\u0131 Julia\u2019ya bir mektup yazd\u0131. Bu mektup vesilesiyle Valentine\u2019in \u015fehit edildi\u011fi g\u00fcn olan 14 \u015fubat sevgililer g\u00fcn\u00fc olarak kutlanmaya ba\u015flad\u0131. T\u00fcrkiye\u2019de sevgililer g\u00fcn\u00fc ne zaman ba\u015flad\u0131 sorusuna cevap vermek i\u00e7in ise 1981 y\u0131l\u0131na kadar gitmemiz gerekiyor. \u015eubat ay\u0131 geldi\u011finde k\u0131p\u0131r k\u0131p\u0131r &hellip;","og_url":"https:\/\/denizcankizil.tr\/ru\/haberler\/gundem\/turkiyede-sevgililer-gunu-ne-zaman-basladi-hic-bilmediginiz-o-hikaye\/","og_site_name":"Av. Deniz Can K\u0131z\u0131l","article_published_time":"2025-02-14T08:41:57+00:00","author":"Antalya K\u00f6rfez","twitter_card":"summary_large_image","twitter_misc":{"\u041d\u0430\u043f\u0438\u0441\u0430\u043d\u043e \u0430\u0432\u0442\u043e\u0440\u043e\u043c":"Antalya K\u00f6rfez","\u041f\u0440\u0438\u043c\u0435\u0440\u043d\u043e\u0435 \u0432\u0440\u0435\u043c\u044f \u0434\u043b\u044f \u0447\u0442\u0435\u043d\u0438\u044f":"4 \u043c\u0438\u043d\u0443\u0442\u044b"},"schema":{"@context":"https:\/\/schema.org","@graph":[{"@type":"Article","@id":"https:\/\/denizcankizil.tr\/ru\/haberler\/gundem\/turkiyede-sevgililer-gunu-ne-zaman-basladi-hic-bilmediginiz-o-hikaye\/#article","isPartOf":{"@id":"https:\/\/denizcankizil.tr\/ru\/haberler\/gundem\/turkiyede-sevgililer-gunu-ne-zaman-basladi-hic-bilmediginiz-o-hikaye\/"},"author":{"name":"Antalya K\u00f6rfez","@id":"https:\/\/denizcankizil.tr\/#\/schema\/person\/e1eb71bb4dd684d46563f0af307e1234"},"headline":"T\u00fcrkiye&#8217;de Sevgililer G\u00fcn\u00fc Ne Zaman\u00a0Ba\u015flad\u0131? Hi\u00e7 Bilmedi\u011finiz O Hikaye&#8230;","datePublished":"2025-02-14T08:41:57+00:00","mainEntityOfPage":{"@id":"https:\/\/denizcankizil.tr\/ru\/haberler\/gundem\/turkiyede-sevgililer-gunu-ne-zaman-basladi-hic-bilmediginiz-o-hikaye\/"},"wordCount":849,"commentCount":0,"publisher":{"@id":"https:\/\/denizcankizil.tr\/#organization"},"articleSection":["G\u00fcndem"],"inLanguage":"ru-RU","potentialAction":[{"@type":"CommentAction","name":"Comment","target":["https:\/\/denizcankizil.tr\/ru\/haberler\/gundem\/turkiyede-sevgililer-gunu-ne-zaman-basladi-hic-bilmediginiz-o-hikaye\/#respond"]}]},{"@type":"WebPage","@id":"https:\/\/denizcankizil.tr\/ru\/haberler\/gundem\/turkiyede-sevgililer-gunu-ne-zaman-basladi-hic-bilmediginiz-o-hikaye\/","url":"https:\/\/denizcankizil.tr\/ru\/haberler\/gundem\/turkiyede-sevgililer-gunu-ne-zaman-basladi-hic-bilmediginiz-o-hikaye\/","name":"T\u00fcrkiye'de Sevgililer G\u00fcn\u00fc Ne Zaman\u00a0Ba\u015flad\u0131? Hi\u00e7 Bilmedi\u011finiz O Hikaye... - Av. Deniz Can K\u0131z\u0131l","isPartOf":{"@id":"https:\/\/denizcankizil.tr\/#website"},"datePublished":"2025-02-14T08:41:57+00:00","breadcrumb":{"@id":"https:\/\/denizcankizil.tr\/ru\/haberler\/gundem\/turkiyede-sevgililer-gunu-ne-zaman-basladi-hic-bilmediginiz-o-hikaye\/#breadcrumb"},"inLanguage":"ru-RU","potentialAction":[{"@type":"ReadAction","target":["https:\/\/denizcankizil.tr\/ru\/haberler\/gundem\/turkiyede-sevgililer-gunu-ne-zaman-basladi-hic-bilmediginiz-o-hikaye\/"]}]},{"@type":"BreadcrumbList","@id":"https:\/\/denizcankizil.tr\/ru\/haberler\/gundem\/turkiyede-sevgililer-gunu-ne-zaman-basladi-hic-bilmediginiz-o-hikaye\/#breadcrumb","itemListElement":[{"@type":"ListItem","position":1,"name":"Home","item":"https:\/\/denizcankizil.tr\/de\/"},{"@type":"ListItem","position":2,"name":"T\u00fcrkiye&#8217;de Sevgililer G\u00fcn\u00fc Ne Zaman\u00a0Ba\u015flad\u0131? Hi\u00e7 Bilmedi\u011finiz O Hikaye&#8230;"}]},{"@type":"WebSite","@id":"https:\/\/denizcankizil.tr\/#website","url":"https:\/\/denizcankizil.tr\/","name":"Av. Deniz Can K\u0131z\u0131l","description":"Avukat Deniz Can K\u0131z\u0131l Antalya Barosu","publisher":{"@id":"https:\/\/denizcankizil.tr\/#organization"},"potentialAction":[{"@type":"SearchAction","target":{"@type":"EntryPoint","urlTemplate":"https:\/\/denizcankizil.tr\/?s={search_term_string}"},"query-input":{"@type":"PropertyValueSpecification","valueRequired":true,"valueName":"search_term_string"}}],"inLanguage":"ru-RU"},{"@type":"Organization","@id":"https:\/\/denizcankizil.tr\/#organization","name":"Av. Deniz Can K\u0131z\u0131l","url":"https:\/\/denizcankizil.tr\/","logo":{"@type":"ImageObject","inLanguage":"ru-RU","@id":"https:\/\/denizcankizil.tr\/#\/schema\/logo\/image\/","url":"https:\/\/denizcankizil.tr\/wp-content\/uploads\/2024\/10\/siyah-logo-svg.svg","contentUrl":"https:\/\/denizcankizil.tr\/wp-content\/uploads\/2024\/10\/siyah-logo-svg.svg","width":1080,"height":1080,"caption":"Av. Deniz Can K\u0131z\u0131l"},"image":{"@id":"https:\/\/denizcankizil.tr\/#\/schema\/logo\/image\/"}},{"@type":"Person","@id":"https:\/\/denizcankizil.tr\/#\/schema\/person\/e1eb71bb4dd684d46563f0af307e1234","name":"Antalya K\u00f6rfez","image":{"@type":"ImageObject","inLanguage":"ru-RU","@id":"https:\/\/denizcankizil.tr\/#\/schema\/person\/image\/","url":"https:\/\/secure.gravatar.com\/avatar\/42b01982558a48a0b501fdcab6a408d3717ea5919095ee2e67b0e521799c5905?s=96&d=mm&r=g","contentUrl":"https:\/\/secure.gravatar.com\/avatar\/42b01982558a48a0b501fdcab6a408d3717ea5919095ee2e67b0e521799c5905?s=96&d=mm&r=g","caption":"Antalya K\u00f6rfez"},"sameAs":["http:\/\/www.antalyakorfez.com"],"url":"https:\/\/www.antalyakorfez.com\/turkiyede-sevgililer-gunu-ne-zaman-basladi"}]}},"_links":{"self":[{"href":"https:\/\/denizcankizil.tr\/ru\/wp-json\/wp\/v2\/posts\/32678","targetHints":{"allow":["GET"]}}],"collection":[{"href":"https:\/\/denizcankizil.tr\/ru\/wp-json\/wp\/v2\/posts"}],"about":[{"href":"https:\/\/denizcankizil.tr\/ru\/wp-json\/wp\/v2\/types\/post"}],"author":[{"embeddable":true,"href":"https:\/\/denizcankizil.tr\/ru\/wp-json\/wp\/v2\/users\/5"}],"replies":[{"embeddable":true,"href":"https:\/\/denizcankizil.tr\/ru\/wp-json\/wp\/v2\/comments?post=32678"}],"version-history":[{"count":0,"href":"https:\/\/denizcankizil.tr\/ru\/wp-json\/wp\/v2\/posts\/32678\/revisions"}],"wp:attachment":[{"href":"https:\/\/denizcankizil.tr\/ru\/wp-json\/wp\/v2\/media?parent=32678"}],"wp:term":[{"taxonomy":"category","embeddable":true,"href":"https:\/\/denizcankizil.tr\/ru\/wp-json\/wp\/v2\/categories?post=32678"},{"taxonomy":"post_tag","embeddable":true,"href":"https:\/\/denizcankizil.tr\/ru\/wp-json\/wp\/v2\/tags?post=32678"}],"curies":[{"name":"wp","href":"https:\/\/api.w.org\/{rel}","templated":true}]}}