{"id":32555,"date":"2025-02-13T16:41:30","date_gmt":"2025-02-13T13:41:30","guid":{"rendered":"https:\/\/denizcankizil.tr\/uncategorized-tr\/baskan-kotan-esnafla-bulustu\/"},"modified":"2025-02-13T16:41:30","modified_gmt":"2025-02-13T13:41:30","slug":"baskan-kotan-esnafla-bulustu","status":"publish","type":"post","link":"https:\/\/denizcankizil.tr\/ru\/haberler\/antalya\/baskan-kotan-esnafla-bulustu\/","title":{"rendered":"Ba\u015fkan Kotan esnafla bulu\u015ftu"},"content":{"rendered":"<p>Konyaalt\u0131 Belediye Ba\u015fkan\u0131 Cem Kotan esnaf bulu\u015fmalar\u0131 kapsam\u0131nda i\u015fletme sahipleriyle bir araya geldi. \u0130l\u00e7enin ekonomik ve sosyal hayat\u0131nda esnaf\u0131n \u00f6nemli bir yere sahip oldu\u011funu dile getiren Kotan, &#8220;Sundu\u011funuz kaliteli hizmetlerle Konyaalt\u0131&#8217;n\u0131 cazip hale getiren sizlersiniz. \u0130nsanlar g\u00fcvenli ve huzurlu yerlere gelir, biz de bu bilin\u00e7le hareket ediyoruz&#8221; dedi. \u0130l\u00e7ede y\u00fcr\u00fct\u00fclen \u00e7al\u0131\u015fmalar hakk\u0131nda bilgi veren Kotan, yaz sezonuna haz\u0131rl\u0131k kapsam\u0131nda d\u00fczenlemeler yapt\u0131klar\u0131n\u0131 ve il\u00e7enin daha d\u00fczenli hale gelmesi i\u00e7in \u00e7al\u0131\u015ft\u0131klar\u0131n\u0131 ifade etti. Esnaf\u0131n kar\u015f\u0131la\u015ft\u0131\u011f\u0131 sorunlara h\u0131zl\u0131 \u00e7\u00f6z\u00fcm \u00fcretebilmek ad\u0131na kap\u0131lar\u0131n\u0131n her zaman a\u00e7\u0131k oldu\u011funu vurgulayan Kotan, &#8220;Sizlerle d\u00fczenli aral\u0131klarla bir araya gelmeyi s\u00fcrd\u00fcrelim. Biz yapt\u0131\u011f\u0131m\u0131z \u00e7al\u0131\u015fmalar\u0131 payla\u015f\u0131r\u0131z, sizler de talep ve \u00f6nerilerinizi do\u011frudan iletebilirsiniz&#8221; dedi. Denetimlerin halk sa\u011fl\u0131\u011f\u0131n\u0131 korumak amac\u0131yla yap\u0131ld\u0131\u011f\u0131n\u0131 belirten Ba\u015fkan Kotan, hijyen ve d\u00fczenin \u00f6nemine dikkat \u00e7ekti. Kotan, &#8220;Sizler bizim aynam\u0131zs\u0131n\u0131z. \u0130\u015fletmelerinizin temiz ve d\u00fczenli olmas\u0131 hem esnaf\u0131m\u0131za hem de il\u00e7emize de\u011fer katacakt\u0131r&#8221; ifadelerini kulland\u0131. Ayr\u0131ca, esnaf\u0131n da kent d\u00fczenine katk\u0131 sa\u011flamas\u0131 gerekti\u011fini ifade ederek, birlikte hareket edilmesi halinde Konyaalt\u0131&#8217;n\u0131n daha ya\u015fanabilir bir hale gelece\u011fini s\u00f6yledi.<\/p>\n<p>Kaynak: www.kanalv.com.tr Haber Sitesinden Al\u0131nm\u0131\u015ft\u0131r.<\/p>","protected":false},"excerpt":{"rendered":"<p>Konyaalt\u0131 Belediye Ba\u015fkan\u0131 Cem Kotan esnaf bulu\u015fmalar\u0131 kapsam\u0131nda i\u015fletme sahipleriyle bir araya geldi. \u0130l\u00e7enin ekonomik ve sosyal hayat\u0131nda esnaf\u0131n \u00f6nemli bir yere sahip oldu\u011funu dile getiren Kotan, &#8220;Sundu\u011funuz kaliteli hizmetlerle Konyaalt\u0131&#8217;n\u0131 cazip hale getiren sizlersiniz. \u0130nsanlar g\u00fcvenli ve huzurlu yerlere gelir, biz de bu bilin\u00e7le hareket ediyoruz&#8221; dedi. \u0130l\u00e7ede y\u00fcr\u00fct\u00fclen \u00e7al\u0131\u015fmalar hakk\u0131nda bilgi veren Kotan, yaz sezonuna haz\u0131rl\u0131k kapsam\u0131nda d\u00fczenlemeler yapt\u0131klar\u0131n\u0131 ve il\u00e7enin daha d\u00fczenli hale gelmesi i\u00e7in \u00e7al\u0131\u015ft\u0131klar\u0131n\u0131 ifade etti. Esnaf\u0131n kar\u015f\u0131la\u015ft\u0131\u011f\u0131 sorunlara h\u0131zl\u0131 \u00e7\u00f6z\u00fcm \u00fcretebilmek ad\u0131na kap\u0131lar\u0131n\u0131n her zaman a\u00e7\u0131k oldu\u011funu vurgulayan Kotan, &#8220;Sizlerle d\u00fczenli aral\u0131klarla bir araya gelmeyi s\u00fcrd\u00fcrelim. Biz yapt\u0131\u011f\u0131m\u0131z \u00e7al\u0131\u015fmalar\u0131 payla\u015f\u0131r\u0131z, sizler de talep ve \u00f6nerilerinizi do\u011frudan iletebilirsiniz&#8221; dedi. Denetimlerin halk sa\u011fl\u0131\u011f\u0131n\u0131 korumak amac\u0131yla yap\u0131ld\u0131\u011f\u0131n\u0131 belirten Ba\u015fkan Kotan, hijyen ve d\u00fczenin \u00f6nemine dikkat \u00e7ekti. Kotan, &#8220;Sizler bizim aynam\u0131zs\u0131n\u0131z. \u0130\u015fletmelerinizin temiz ve d\u00fczenli olmas\u0131 hem esnaf\u0131m\u0131za hem de il\u00e7emize de\u011fer katacakt\u0131r&#8221; ifadelerini kulland\u0131. Ayr\u0131ca, esnaf\u0131n da kent d\u00fczenine katk\u0131 sa\u011flamas\u0131 gerekti\u011fini ifade ederek, birlikte hareket edilmesi halinde Konyaalt\u0131&#8217;n\u0131n daha ya\u015fanabilir bir hale gelece\u011fini s\u00f6yledi. Kaynak: www.kanalv.com.tr Haber Sitesinden Al\u0131nm\u0131\u015ft\u0131r.<\/p>","protected":false},"author":4,"featured_media":32556,"comment_status":"open","ping_status":"open","sticky":false,"template":"","format":"standard","meta":{"_acf_changed":false,"footnotes":""},"categories":[26],"tags":[],"class_list":["post-32555","post","type-post","status-publish","format-standard","has-post-thumbnail","hentry","category-antalya"],"acf":[],"yoast_head":"<!-- This site is optimized with the Yoast SEO Premium plugin v26.6 (Yoast SEO v27.1.1) - https:\/\/yoast.com\/product\/yoast-seo-premium-wordpress\/ -->\n<title>Ba\u015fkan Kotan esnafla bulu\u015ftu - Av. Deniz Can K\u0131z\u0131l<\/title>\n<meta name=\"robots\" content=\"index, follow, max-snippet:-1, max-image-preview:large, max-video-preview:-1\" \/>\n<link rel=\"canonical\" href=\"https:\/\/denizcankizil.tr\/ru\/haberler\/antalya\/baskan-kotan-esnafla-bulustu\/\" \/>\n<meta property=\"og:locale\" content=\"ru_RU\" \/>\n<meta property=\"og:type\" content=\"article\" \/>\n<meta property=\"og:title\" content=\"Ba\u015fkan Kotan esnafla bulu\u015ftu\" \/>\n<meta property=\"og:description\" content=\"Konyaalt\u0131 Belediye Ba\u015fkan\u0131 Cem Kotan esnaf bulu\u015fmalar\u0131 kapsam\u0131nda i\u015fletme sahipleriyle bir araya geldi. \u0130l\u00e7enin ekonomik ve sosyal hayat\u0131nda esnaf\u0131n \u00f6nemli bir yere sahip oldu\u011funu dile getiren Kotan, &#8220;Sundu\u011funuz kaliteli hizmetlerle Konyaalt\u0131&#8217;n\u0131 cazip hale getiren sizlersiniz. \u0130nsanlar g\u00fcvenli ve huzurlu yerlere gelir, biz de bu bilin\u00e7le hareket ediyoruz&#8221; dedi. \u0130l\u00e7ede y\u00fcr\u00fct\u00fclen \u00e7al\u0131\u015fmalar hakk\u0131nda bilgi veren Kotan, yaz sezonuna haz\u0131rl\u0131k kapsam\u0131nda d\u00fczenlemeler yapt\u0131klar\u0131n\u0131 ve il\u00e7enin daha d\u00fczenli hale gelmesi i\u00e7in \u00e7al\u0131\u015ft\u0131klar\u0131n\u0131 ifade etti. Esnaf\u0131n kar\u015f\u0131la\u015ft\u0131\u011f\u0131 sorunlara h\u0131zl\u0131 \u00e7\u00f6z\u00fcm \u00fcretebilmek ad\u0131na kap\u0131lar\u0131n\u0131n her zaman a\u00e7\u0131k oldu\u011funu vurgulayan Kotan, &#8220;Sizlerle d\u00fczenli aral\u0131klarla bir araya gelmeyi s\u00fcrd\u00fcrelim. Biz yapt\u0131\u011f\u0131m\u0131z \u00e7al\u0131\u015fmalar\u0131 payla\u015f\u0131r\u0131z, sizler de talep ve \u00f6nerilerinizi do\u011frudan iletebilirsiniz&#8221; dedi. Denetimlerin halk sa\u011fl\u0131\u011f\u0131n\u0131 korumak amac\u0131yla yap\u0131ld\u0131\u011f\u0131n\u0131 belirten Ba\u015fkan Kotan, hijyen ve d\u00fczenin \u00f6nemine dikkat \u00e7ekti. Kotan, &#8220;Sizler bizim aynam\u0131zs\u0131n\u0131z. \u0130\u015fletmelerinizin temiz ve d\u00fczenli olmas\u0131 hem esnaf\u0131m\u0131za hem de il\u00e7emize de\u011fer katacakt\u0131r&#8221; ifadelerini kulland\u0131. Ayr\u0131ca, esnaf\u0131n da kent d\u00fczenine katk\u0131 sa\u011flamas\u0131 gerekti\u011fini ifade ederek, birlikte hareket edilmesi halinde Konyaalt\u0131&#8217;n\u0131n daha ya\u015fanabilir bir hale gelece\u011fini s\u00f6yledi. Kaynak: www.kanalv.com.tr Haber Sitesinden Al\u0131nm\u0131\u015ft\u0131r.\" \/>\n<meta property=\"og:url\" content=\"https:\/\/denizcankizil.tr\/ru\/haberler\/antalya\/baskan-kotan-esnafla-bulustu\/\" \/>\n<meta property=\"og:site_name\" content=\"Av. Deniz Can K\u0131z\u0131l\" \/>\n<meta property=\"article:published_time\" content=\"2025-02-13T13:41:30+00:00\" \/>\n<meta property=\"og:image\" content=\"https:\/\/denizcankizil.tr\/wp-content\/uploads\/2025\/02\/4634-01-btldgO.jpeg\" \/>\n\t<meta property=\"og:image:width\" content=\"1280\" \/>\n\t<meta property=\"og:image:height\" content=\"720\" \/>\n\t<meta property=\"og:image:type\" content=\"image\/jpeg\" \/>\n<meta name=\"author\" content=\"Av. Deniz Can K\u0131z\u0131l\" \/>\n<meta name=\"twitter:card\" content=\"summary_large_image\" \/>\n<meta name=\"twitter:label1\" content=\"\u041d\u0430\u043f\u0438\u0441\u0430\u043d\u043e \u0430\u0432\u0442\u043e\u0440\u043e\u043c\" \/>\n\t<meta name=\"twitter:data1\" content=\"Av. Deniz Can K\u0131z\u0131l\" \/>\n\t<meta name=\"twitter:label2\" content=\"\u041f\u0440\u0438\u043c\u0435\u0440\u043d\u043e\u0435 \u0432\u0440\u0435\u043c\u044f \u0434\u043b\u044f \u0447\u0442\u0435\u043d\u0438\u044f\" \/>\n\t<meta name=\"twitter:data2\" content=\"1 \u043c\u0438\u043d\u0443\u0442\u0430\" \/>\n<script type=\"application\/ld+json\" class=\"yoast-schema-graph\">{\"@context\":\"https:\/\/schema.org\",\"@graph\":[{\"@type\":\"Article\",\"@id\":\"https:\/\/denizcankizil.tr\/ru\/haberler\/antalya\/baskan-kotan-esnafla-bulustu\/#article\",\"isPartOf\":{\"@id\":\"https:\/\/denizcankizil.tr\/ru\/haberler\/antalya\/baskan-kotan-esnafla-bulustu\/\"},\"author\":{\"name\":\"Av. Deniz Can K\u0131z\u0131l\",\"@id\":\"https:\/\/denizcankizil.tr\/#\/schema\/person\/5dc1b22991bd7ac833867c10afc9b0ff\"},\"headline\":\"Ba\u015fkan Kotan esnafla bulu\u015ftu\",\"datePublished\":\"2025-02-13T13:41:30+00:00\",\"mainEntityOfPage\":{\"@id\":\"https:\/\/denizcankizil.tr\/ru\/haberler\/antalya\/baskan-kotan-esnafla-bulustu\/\"},\"wordCount\":252,\"commentCount\":0,\"publisher\":{\"@id\":\"https:\/\/denizcankizil.tr\/#organization\"},\"image\":{\"@id\":\"https:\/\/denizcankizil.tr\/ru\/haberler\/antalya\/baskan-kotan-esnafla-bulustu\/#primaryimage\"},\"thumbnailUrl\":\"https:\/\/denizcankizil.tr\/wp-content\/uploads\/2025\/02\/4634-01-btldgO.jpeg\",\"articleSection\":[\"Antalya\"],\"inLanguage\":\"ru-RU\",\"potentialAction\":[{\"@type\":\"CommentAction\",\"name\":\"Comment\",\"target\":[\"https:\/\/denizcankizil.tr\/ru\/haberler\/antalya\/baskan-kotan-esnafla-bulustu\/#respond\"]}]},{\"@type\":\"WebPage\",\"@id\":\"https:\/\/denizcankizil.tr\/ru\/haberler\/antalya\/baskan-kotan-esnafla-bulustu\/\",\"url\":\"https:\/\/denizcankizil.tr\/ru\/haberler\/antalya\/baskan-kotan-esnafla-bulustu\/\",\"name\":\"Ba\u015fkan Kotan esnafla bulu\u015ftu - Av. Deniz Can K\u0131z\u0131l\",\"isPartOf\":{\"@id\":\"https:\/\/denizcankizil.tr\/#website\"},\"primaryImageOfPage\":{\"@id\":\"https:\/\/denizcankizil.tr\/ru\/haberler\/antalya\/baskan-kotan-esnafla-bulustu\/#primaryimage\"},\"image\":{\"@id\":\"https:\/\/denizcankizil.tr\/ru\/haberler\/antalya\/baskan-kotan-esnafla-bulustu\/#primaryimage\"},\"thumbnailUrl\":\"https:\/\/denizcankizil.tr\/wp-content\/uploads\/2025\/02\/4634-01-btldgO.jpeg\",\"datePublished\":\"2025-02-13T13:41:30+00:00\",\"breadcrumb\":{\"@id\":\"https:\/\/denizcankizil.tr\/ru\/haberler\/antalya\/baskan-kotan-esnafla-bulustu\/#breadcrumb\"},\"inLanguage\":\"ru-RU\",\"potentialAction\":[{\"@type\":\"ReadAction\",\"target\":[\"https:\/\/denizcankizil.tr\/ru\/haberler\/antalya\/baskan-kotan-esnafla-bulustu\/\"]}]},{\"@type\":\"ImageObject\",\"inLanguage\":\"ru-RU\",\"@id\":\"https:\/\/denizcankizil.tr\/ru\/haberler\/antalya\/baskan-kotan-esnafla-bulustu\/#primaryimage\",\"url\":\"https:\/\/denizcankizil.tr\/wp-content\/uploads\/2025\/02\/4634-01-btldgO.jpeg\",\"contentUrl\":\"https:\/\/denizcankizil.tr\/wp-content\/uploads\/2025\/02\/4634-01-btldgO.jpeg\",\"width\":1280,\"height\":720},{\"@type\":\"BreadcrumbList\",\"@id\":\"https:\/\/denizcankizil.tr\/ru\/haberler\/antalya\/baskan-kotan-esnafla-bulustu\/#breadcrumb\",\"itemListElement\":[{\"@type\":\"ListItem\",\"position\":1,\"name\":\"Home\",\"item\":\"https:\/\/denizcankizil.tr\/de\/\"},{\"@type\":\"ListItem\",\"position\":2,\"name\":\"Ba\u015fkan Kotan esnafla bulu\u015ftu\"}]},{\"@type\":\"WebSite\",\"@id\":\"https:\/\/denizcankizil.tr\/#website\",\"url\":\"https:\/\/denizcankizil.tr\/\",\"name\":\"Av. Deniz Can K\u0131z\u0131l\",\"description\":\"Avukat Deniz Can K\u0131z\u0131l Antalya Barosu\",\"publisher\":{\"@id\":\"https:\/\/denizcankizil.tr\/#organization\"},\"potentialAction\":[{\"@type\":\"SearchAction\",\"target\":{\"@type\":\"EntryPoint\",\"urlTemplate\":\"https:\/\/denizcankizil.tr\/?s={search_term_string}\"},\"query-input\":{\"@type\":\"PropertyValueSpecification\",\"valueRequired\":true,\"valueName\":\"search_term_string\"}}],\"inLanguage\":\"ru-RU\"},{\"@type\":\"Organization\",\"@id\":\"https:\/\/denizcankizil.tr\/#organization\",\"name\":\"Av. Deniz Can K\u0131z\u0131l\",\"url\":\"https:\/\/denizcankizil.tr\/\",\"logo\":{\"@type\":\"ImageObject\",\"inLanguage\":\"ru-RU\",\"@id\":\"https:\/\/denizcankizil.tr\/#\/schema\/logo\/image\/\",\"url\":\"https:\/\/denizcankizil.tr\/wp-content\/uploads\/2024\/10\/siyah-logo-svg.svg\",\"contentUrl\":\"https:\/\/denizcankizil.tr\/wp-content\/uploads\/2024\/10\/siyah-logo-svg.svg\",\"width\":1080,\"height\":1080,\"caption\":\"Av. Deniz Can K\u0131z\u0131l\"},\"image\":{\"@id\":\"https:\/\/denizcankizil.tr\/#\/schema\/logo\/image\/\"}},{\"@type\":\"Person\",\"@id\":\"https:\/\/denizcankizil.tr\/#\/schema\/person\/5dc1b22991bd7ac833867c10afc9b0ff\",\"name\":\"Av. Deniz Can K\u0131z\u0131l\",\"image\":{\"@type\":\"ImageObject\",\"inLanguage\":\"ru-RU\",\"@id\":\"https:\/\/denizcankizil.tr\/#\/schema\/person\/image\/\",\"url\":\"https:\/\/secure.gravatar.com\/avatar\/a0b128fb9855c79efc976d5640eedb31dc35ec297594d6016d2cf7c60e975bb6?s=96&d=mm&r=g\",\"contentUrl\":\"https:\/\/secure.gravatar.com\/avatar\/a0b128fb9855c79efc976d5640eedb31dc35ec297594d6016d2cf7c60e975bb6?s=96&d=mm&r=g\",\"caption\":\"Av. Deniz Can K\u0131z\u0131l\"},\"sameAs\":[\"http:\/\/www.denizcankizil.tr\"],\"url\":\"https:\/\/denizcankizil.tr\/ru\/author\/denizcankizil\/\"}]}<\/script>\n<!-- \/ Yoast SEO Premium plugin. -->","yoast_head_json":{"title":"Ba\u015fkan Kotan esnafla bulu\u015ftu - Av. Deniz Can K\u0131z\u0131l","robots":{"index":"index","follow":"follow","max-snippet":"max-snippet:-1","max-image-preview":"max-image-preview:large","max-video-preview":"max-video-preview:-1"},"canonical":"https:\/\/denizcankizil.tr\/ru\/haberler\/antalya\/baskan-kotan-esnafla-bulustu\/","og_locale":"ru_RU","og_type":"article","og_title":"Ba\u015fkan Kotan esnafla bulu\u015ftu","og_description":"Konyaalt\u0131 Belediye Ba\u015fkan\u0131 Cem Kotan esnaf bulu\u015fmalar\u0131 kapsam\u0131nda i\u015fletme sahipleriyle bir araya geldi. \u0130l\u00e7enin ekonomik ve sosyal hayat\u0131nda esnaf\u0131n \u00f6nemli bir yere sahip oldu\u011funu dile getiren Kotan, &#8220;Sundu\u011funuz kaliteli hizmetlerle Konyaalt\u0131&#8217;n\u0131 cazip hale getiren sizlersiniz. \u0130nsanlar g\u00fcvenli ve huzurlu yerlere gelir, biz de bu bilin\u00e7le hareket ediyoruz&#8221; dedi. \u0130l\u00e7ede y\u00fcr\u00fct\u00fclen \u00e7al\u0131\u015fmalar hakk\u0131nda bilgi veren Kotan, yaz sezonuna haz\u0131rl\u0131k kapsam\u0131nda d\u00fczenlemeler yapt\u0131klar\u0131n\u0131 ve il\u00e7enin daha d\u00fczenli hale gelmesi i\u00e7in \u00e7al\u0131\u015ft\u0131klar\u0131n\u0131 ifade etti. Esnaf\u0131n kar\u015f\u0131la\u015ft\u0131\u011f\u0131 sorunlara h\u0131zl\u0131 \u00e7\u00f6z\u00fcm \u00fcretebilmek ad\u0131na kap\u0131lar\u0131n\u0131n her zaman a\u00e7\u0131k oldu\u011funu vurgulayan Kotan, &#8220;Sizlerle d\u00fczenli aral\u0131klarla bir araya gelmeyi s\u00fcrd\u00fcrelim. Biz yapt\u0131\u011f\u0131m\u0131z \u00e7al\u0131\u015fmalar\u0131 payla\u015f\u0131r\u0131z, sizler de talep ve \u00f6nerilerinizi do\u011frudan iletebilirsiniz&#8221; dedi. Denetimlerin halk sa\u011fl\u0131\u011f\u0131n\u0131 korumak amac\u0131yla yap\u0131ld\u0131\u011f\u0131n\u0131 belirten Ba\u015fkan Kotan, hijyen ve d\u00fczenin \u00f6nemine dikkat \u00e7ekti. Kotan, &#8220;Sizler bizim aynam\u0131zs\u0131n\u0131z. \u0130\u015fletmelerinizin temiz ve d\u00fczenli olmas\u0131 hem esnaf\u0131m\u0131za hem de il\u00e7emize de\u011fer katacakt\u0131r&#8221; ifadelerini kulland\u0131. Ayr\u0131ca, esnaf\u0131n da kent d\u00fczenine katk\u0131 sa\u011flamas\u0131 gerekti\u011fini ifade ederek, birlikte hareket edilmesi halinde Konyaalt\u0131&#8217;n\u0131n daha ya\u015fanabilir bir hale gelece\u011fini s\u00f6yledi. Kaynak: www.kanalv.com.tr Haber Sitesinden Al\u0131nm\u0131\u015ft\u0131r.","og_url":"https:\/\/denizcankizil.tr\/ru\/haberler\/antalya\/baskan-kotan-esnafla-bulustu\/","og_site_name":"Av. Deniz Can K\u0131z\u0131l","article_published_time":"2025-02-13T13:41:30+00:00","og_image":[{"width":1280,"height":720,"url":"https:\/\/denizcankizil.tr\/wp-content\/uploads\/2025\/02\/4634-01-btldgO.jpeg","type":"image\/jpeg"}],"author":"Av. Deniz Can K\u0131z\u0131l","twitter_card":"summary_large_image","twitter_misc":{"\u041d\u0430\u043f\u0438\u0441\u0430\u043d\u043e \u0430\u0432\u0442\u043e\u0440\u043e\u043c":"Av. Deniz Can K\u0131z\u0131l","\u041f\u0440\u0438\u043c\u0435\u0440\u043d\u043e\u0435 \u0432\u0440\u0435\u043c\u044f \u0434\u043b\u044f \u0447\u0442\u0435\u043d\u0438\u044f":"1 \u043c\u0438\u043d\u0443\u0442\u0430"},"schema":{"@context":"https:\/\/schema.org","@graph":[{"@type":"Article","@id":"https:\/\/denizcankizil.tr\/ru\/haberler\/antalya\/baskan-kotan-esnafla-bulustu\/#article","isPartOf":{"@id":"https:\/\/denizcankizil.tr\/ru\/haberler\/antalya\/baskan-kotan-esnafla-bulustu\/"},"author":{"name":"Av. Deniz Can K\u0131z\u0131l","@id":"https:\/\/denizcankizil.tr\/#\/schema\/person\/5dc1b22991bd7ac833867c10afc9b0ff"},"headline":"Ba\u015fkan Kotan esnafla bulu\u015ftu","datePublished":"2025-02-13T13:41:30+00:00","mainEntityOfPage":{"@id":"https:\/\/denizcankizil.tr\/ru\/haberler\/antalya\/baskan-kotan-esnafla-bulustu\/"},"wordCount":252,"commentCount":0,"publisher":{"@id":"https:\/\/denizcankizil.tr\/#organization"},"image":{"@id":"https:\/\/denizcankizil.tr\/ru\/haberler\/antalya\/baskan-kotan-esnafla-bulustu\/#primaryimage"},"thumbnailUrl":"https:\/\/denizcankizil.tr\/wp-content\/uploads\/2025\/02\/4634-01-btldgO.jpeg","articleSection":["Antalya"],"inLanguage":"ru-RU","potentialAction":[{"@type":"CommentAction","name":"Comment","target":["https:\/\/denizcankizil.tr\/ru\/haberler\/antalya\/baskan-kotan-esnafla-bulustu\/#respond"]}]},{"@type":"WebPage","@id":"https:\/\/denizcankizil.tr\/ru\/haberler\/antalya\/baskan-kotan-esnafla-bulustu\/","url":"https:\/\/denizcankizil.tr\/ru\/haberler\/antalya\/baskan-kotan-esnafla-bulustu\/","name":"Ba\u015fkan Kotan esnafla bulu\u015ftu - Av. Deniz Can K\u0131z\u0131l","isPartOf":{"@id":"https:\/\/denizcankizil.tr\/#website"},"primaryImageOfPage":{"@id":"https:\/\/denizcankizil.tr\/ru\/haberler\/antalya\/baskan-kotan-esnafla-bulustu\/#primaryimage"},"image":{"@id":"https:\/\/denizcankizil.tr\/ru\/haberler\/antalya\/baskan-kotan-esnafla-bulustu\/#primaryimage"},"thumbnailUrl":"https:\/\/denizcankizil.tr\/wp-content\/uploads\/2025\/02\/4634-01-btldgO.jpeg","datePublished":"2025-02-13T13:41:30+00:00","breadcrumb":{"@id":"https:\/\/denizcankizil.tr\/ru\/haberler\/antalya\/baskan-kotan-esnafla-bulustu\/#breadcrumb"},"inLanguage":"ru-RU","potentialAction":[{"@type":"ReadAction","target":["https:\/\/denizcankizil.tr\/ru\/haberler\/antalya\/baskan-kotan-esnafla-bulustu\/"]}]},{"@type":"ImageObject","inLanguage":"ru-RU","@id":"https:\/\/denizcankizil.tr\/ru\/haberler\/antalya\/baskan-kotan-esnafla-bulustu\/#primaryimage","url":"https:\/\/denizcankizil.tr\/wp-content\/uploads\/2025\/02\/4634-01-btldgO.jpeg","contentUrl":"https:\/\/denizcankizil.tr\/wp-content\/uploads\/2025\/02\/4634-01-btldgO.jpeg","width":1280,"height":720},{"@type":"BreadcrumbList","@id":"https:\/\/denizcankizil.tr\/ru\/haberler\/antalya\/baskan-kotan-esnafla-bulustu\/#breadcrumb","itemListElement":[{"@type":"ListItem","position":1,"name":"Home","item":"https:\/\/denizcankizil.tr\/de\/"},{"@type":"ListItem","position":2,"name":"Ba\u015fkan Kotan esnafla bulu\u015ftu"}]},{"@type":"WebSite","@id":"https:\/\/denizcankizil.tr\/#website","url":"https:\/\/denizcankizil.tr\/","name":"Av. Deniz Can K\u0131z\u0131l","description":"Avukat Deniz Can K\u0131z\u0131l Antalya Barosu","publisher":{"@id":"https:\/\/denizcankizil.tr\/#organization"},"potentialAction":[{"@type":"SearchAction","target":{"@type":"EntryPoint","urlTemplate":"https:\/\/denizcankizil.tr\/?s={search_term_string}"},"query-input":{"@type":"PropertyValueSpecification","valueRequired":true,"valueName":"search_term_string"}}],"inLanguage":"ru-RU"},{"@type":"Organization","@id":"https:\/\/denizcankizil.tr\/#organization","name":"Av. Deniz Can K\u0131z\u0131l","url":"https:\/\/denizcankizil.tr\/","logo":{"@type":"ImageObject","inLanguage":"ru-RU","@id":"https:\/\/denizcankizil.tr\/#\/schema\/logo\/image\/","url":"https:\/\/denizcankizil.tr\/wp-content\/uploads\/2024\/10\/siyah-logo-svg.svg","contentUrl":"https:\/\/denizcankizil.tr\/wp-content\/uploads\/2024\/10\/siyah-logo-svg.svg","width":1080,"height":1080,"caption":"Av. Deniz Can K\u0131z\u0131l"},"image":{"@id":"https:\/\/denizcankizil.tr\/#\/schema\/logo\/image\/"}},{"@type":"Person","@id":"https:\/\/denizcankizil.tr\/#\/schema\/person\/5dc1b22991bd7ac833867c10afc9b0ff","name":"Av. Deniz Can K\u0131z\u0131l","image":{"@type":"ImageObject","inLanguage":"ru-RU","@id":"https:\/\/denizcankizil.tr\/#\/schema\/person\/image\/","url":"https:\/\/secure.gravatar.com\/avatar\/a0b128fb9855c79efc976d5640eedb31dc35ec297594d6016d2cf7c60e975bb6?s=96&d=mm&r=g","contentUrl":"https:\/\/secure.gravatar.com\/avatar\/a0b128fb9855c79efc976d5640eedb31dc35ec297594d6016d2cf7c60e975bb6?s=96&d=mm&r=g","caption":"Av. Deniz Can K\u0131z\u0131l"},"sameAs":["http:\/\/www.denizcankizil.tr"],"url":"https:\/\/denizcankizil.tr\/ru\/author\/denizcankizil\/"}]}},"_links":{"self":[{"href":"https:\/\/denizcankizil.tr\/ru\/wp-json\/wp\/v2\/posts\/32555","targetHints":{"allow":["GET"]}}],"collection":[{"href":"https:\/\/denizcankizil.tr\/ru\/wp-json\/wp\/v2\/posts"}],"about":[{"href":"https:\/\/denizcankizil.tr\/ru\/wp-json\/wp\/v2\/types\/post"}],"author":[{"embeddable":true,"href":"https:\/\/denizcankizil.tr\/ru\/wp-json\/wp\/v2\/users\/4"}],"replies":[{"embeddable":true,"href":"https:\/\/denizcankizil.tr\/ru\/wp-json\/wp\/v2\/comments?post=32555"}],"version-history":[{"count":0,"href":"https:\/\/denizcankizil.tr\/ru\/wp-json\/wp\/v2\/posts\/32555\/revisions"}],"wp:featuredmedia":[{"embeddable":true,"href":"https:\/\/denizcankizil.tr\/ru\/wp-json\/wp\/v2\/media\/32556"}],"wp:attachment":[{"href":"https:\/\/denizcankizil.tr\/ru\/wp-json\/wp\/v2\/media?parent=32555"}],"wp:term":[{"taxonomy":"category","embeddable":true,"href":"https:\/\/denizcankizil.tr\/ru\/wp-json\/wp\/v2\/categories?post=32555"},{"taxonomy":"post_tag","embeddable":true,"href":"https:\/\/denizcankizil.tr\/ru\/wp-json\/wp\/v2\/tags?post=32555"}],"curies":[{"name":"wp","href":"https:\/\/api.w.org\/{rel}","templated":true}]}}