{"id":32549,"date":"2025-02-13T15:41:55","date_gmt":"2025-02-13T12:41:55","guid":{"rendered":"https:\/\/denizcankizil.tr\/uncategorized-tr\/konya-akilli-sehirde-lider-konumda-olacak\/"},"modified":"2025-02-13T15:41:55","modified_gmt":"2025-02-13T12:41:55","slug":"konya-akilli-sehirde-lider-konumda-olacak","status":"publish","type":"post","link":"https:\/\/denizcankizil.tr\/ru\/haberler\/gundem\/konya-akilli-sehirde-lider-konumda-olacak\/","title":{"rendered":"Konya ak\u0131ll\u0131 \u015fehirde lider konumda olacak"},"content":{"rendered":"<p>Yerli ve mill\u00ee imkanlarla hayata ge\u00e7irdikleri, \u015fehirdeki t\u00fcm ak\u0131ll\u0131 ula\u015f\u0131m sistemlerinin entegre edildi\u011fi &#8220;Dijital \u0130kiz Teknolojisi Projesi&#8221; bilgilendirme toplant\u0131s\u0131nda konu\u015fan Konya B\u00fcy\u00fck\u015fehir Belediye Ba\u015fkan\u0131 U\u011fur \u0130brahim Altay,  &#8216;Dijital \u0130kiz Teknolojisi&#8217; ile Konya\u2019y\u0131 ak\u0131ll\u0131 \u015fehircilikte lider konuma ta\u015f\u0131yacaklar\u0131n\u0131 s\u00f6yledi.KONYA (\u0130GFA) &#8211; Konya B\u00fcy\u00fck\u015fehir Belediye Ba\u015fkan\u0131 U\u011fur \u0130brahim Altay, B\u00fcy\u00fck\u015fehir Belediyesi taraf\u0131ndan t\u00fcm ak\u0131ll\u0131 ula\u015f\u0131m sistemlerinin entegre edildi\u011fi, yerli ve mill\u00ee \u201cDijital \u0130kiz Teknolojisi Projesi\u201d hakk\u0131nda bas\u0131n mensuplar\u0131yla bilgilendirme toplant\u0131s\u0131 yapt\u0131.<br \/>\nKonya B\u00fcy\u00fck\u015fehir Belediyesi Ta\u015f Bina\u2019da d\u00fczenlenen toplant\u0131da konu\u015fan Ba\u015fkan Altay, \u201cBir \u015fehrin can damar\u0131 olan ula\u015f\u0131m, sadece yollar, kav\u015faklar ve toplu ta\u015f\u0131ma sistemlerinden ibaret de\u011fildir; ayn\u0131 zamanda bir medeniyetin vizyonunu, insan hayat\u0131na verdi\u011fi de\u011feri ve gelece\u011fe dair iddias\u0131n\u0131 ortaya koyan en b\u00fcy\u00fck g\u00f6stergedir\u201d dedi.<br \/>\nBa\u015fkan Altay, Konya Modeli Belediyecilik anlay\u0131\u015f\u0131nda sadece yollar in\u015fa etmekle kalmad\u0131klar\u0131n\u0131; ak\u0131ll\u0131, verimli ve \u00e7evreci ula\u015f\u0131m sistemleriyle \u015fehri g\u00fc\u00e7l\u00fc yar\u0131nlara ta\u015f\u0131d\u0131klar\u0131n\u0131 belirterek, \u201cBu kapsamda ula\u015f\u0131mda \u00f6ne \u00e7\u0131kan projelerimizden biri ak\u0131ll\u0131 ula\u015f\u0131m ve t\u00fcm ak\u0131ll\u0131 ula\u015f\u0131m sistemlerini entegre etti\u011fimiz Dijital \u0130kiz Teknolojisi projemizdir. Ak\u0131ll\u0131 ula\u015f\u0131m sistemleri, modern \u015fehirlerin daha verimli, s\u00fcrd\u00fcr\u00fclebilir ve \u00e7evre dostu bir \u015fekilde y\u00f6netilmesi i\u00e7in hayati \u00f6neme sahiptir. Bu sistemler; trafik ak\u0131\u015f\u0131n\u0131 d\u00fczenleyen, toplu ta\u015f\u0131ma hizmetlerini optimize eden, \u00e7evreye duyarl\u0131 ve kullan\u0131c\u0131 odakl\u0131 \u00e7\u00f6z\u00fcmler sunan teknolojik altyap\u0131lar\u0131 kapsamaktad\u0131r. Bu sistemlere, insan\u0131m\u0131z\u0131n hayat\u0131n\u0131 kolayla\u015ft\u0131rmay\u0131 ve Konya\u2019y\u0131 gelece\u011fe ta\u015f\u0131may\u0131 ama\u00e7layan bir piramit modeli olarak bakabiliriz. Piramitin her bir katman\u0131, birbirine entegre bir \u015fekilde \u00e7al\u0131\u015farak \u015fehrimizin ula\u015f\u0131m vizyonunu hayata ge\u00e7iriyor\u201d de\u011ferlendirmesinde bulundu.<\/p>\n<p>SORUNLARA ANINDA \u00c7\u00d6Z\u00dcM \u00dcRET\u0130LEB\u0130LECEK<br \/>\nKriz veya afet durumlar\u0131nda Dijital \u0130kiz Teknolojisi\u2019nin h\u0131zl\u0131 m\u00fcdahale imkan\u0131 tan\u0131yaca\u011f\u0131n\u0131 ifade eden Ba\u015fkan Altay, \u201cDijital \u0130kiz Teknolojisi, ula\u015f\u0131m alan\u0131ndaki sahip oldu\u011fumuz t\u00fcm ak\u0131ll\u0131 sistemleri entegre olarak y\u00f6neten; ger\u00e7ek zamanl\u0131 veri analizi ve karar alma s\u00fcre\u00e7lerini y\u00f6neten teknolojimizdir. K\u0131saca bahsedecek olursak; Dijital \u0130kiz Teknolojisi ile fiberoptik ve kablosuz ileti\u015fim altyap\u0131m\u0131z\u0131, ak\u0131ll\u0131 kav\u015faklar\u0131m\u0131z\u0131, de\u011fi\u015fken mesaj sistemlerimizi, merkezi ve plaka tan\u0131ma tabanl\u0131 elektronik bariyerleri, Seyahat S\u00fcresi Tespit Sistemlerimizi, Konyakart, ATUS, Ak\u0131ll\u0131 Durak ve Yolcu Bilgilendirme Sistemlerimiz ile Yolcu Say\u0131m Sistemlerimizi y\u00f6netebiliyoruz. Bunun yan\u0131nda Dijital \u0130kiz Teknolojisi; \u015fehrimizin ula\u015f\u0131m altyap\u0131s\u0131n\u0131 dijital bir modelle yans\u0131tarak mevcut sorunlara an\u0131nda \u00e7\u00f6z\u00fcm \u00fcretmemize ve gelece\u011fe y\u00f6nelik projeleri sim\u00fcle etmemize olanak tan\u0131yor. Kriz veya afet durumlar\u0131nda h\u0131zl\u0131 m\u00fcdahaleler sa\u011flayarak \u015fehrimizin ula\u015f\u0131m a\u011f\u0131n\u0131 her ko\u015fulda s\u00fcrd\u00fcr\u00fclebilir k\u0131l\u0131yor. Buras\u0131 \u00e7ok \u00f6nemli arkada\u015flar; Hatay\u2019da edindi\u011fimiz tecr\u00fcbelerden birisi de bu verilerinizi ne kadar dijitale aktarm\u0131\u015f olur ve dijitalde kontrol edebilirseniz kriz anlar\u0131nda \u015fehirdeki ola\u011fan\u00fcst\u00fc olaylarda m\u00fcdahale etme \u015fans\u0131n\u0131z ve \u00f6zellikle afet alanlar\u0131nda ula\u015f\u0131m\u0131 sa\u011flaman\u0131z m\u00fcmk\u00fcn olacakt\u0131r. Bu teknoloji bize onunla ilgili b\u00fcy\u00fck bir kap\u0131 a\u00e7\u0131yor.\u201d diye konu\u015ftu.<\/p>\n<p>Ba\u015fkan Altay, Konya\u2019n\u0131n ak\u0131ll\u0131 \u015fehircilik \u00e7al\u0131\u015fmalar\u0131yla \u00f6rnek g\u00f6sterilen bir \u015fehir oldu\u011funu an\u0131msatt\u0131.<br \/>\nDijital \u0130kiz Teknoloji ile bu sisteme entegre projelerle Konya\u2019n\u0131n daha \u00e7evre dostu, verimli ve s\u00fcrd\u00fcr\u00fclebilir bir ula\u015f\u0131m a\u011f\u0131na kavu\u015fmu\u015f oldu\u011funu belirten Ba\u015fkan Altay, &#8220;Hamdolsun t\u00fcm bu \u00e7al\u0131\u015fmalar\u0131m\u0131zla \u015fehrimizi ak\u0131ll\u0131 \u015fehircilik alan\u0131nda lider konuma ta\u015f\u0131m\u0131\u015f oluyoruz. Konya B\u00fcy\u00fck\u015fehir Belediyesi olarak, teknoloji ve yeniliklerle \u015fehrimizi gelece\u011fe haz\u0131rlamaya, hem\u015fehrilerimize daha konforlu bir ya\u015fam sunmaya devam edece\u011fiz. Bildi\u011finiz gibi ak\u0131ll\u0131 \u015fehir uygulamalar\u0131nda T\u00fcrkiye\u2019de en \u00f6nde gelen belediyeyiz. Bunu iddial\u0131 olarak s\u00f6yleyebilirim. Hem bug\u00fcne kadar ald\u0131\u011f\u0131m\u0131z \u00f6d\u00fcller hem de yapm\u0131\u015f oldu\u011fumuz i\u015fler ortada. Zannediyorum T\u00fcrkiye\u2019de ilk kez bu kapsamda bir i\u015fi Konya B\u00fcy\u00fck\u015fehir Belediyesi olarak ba\u015farm\u0131\u015f oluyoruz. \u015eehrimizde ya\u015fayan insanlar\u0131n hayat\u0131n\u0131 kolayla\u015ft\u0131rmay\u0131 temenni ediyoruz. Yo\u011fun emek sarf eden t\u00fcm arkada\u015flar\u0131ma te\u015fekk\u00fcr ediyorum.\u201d dedi.<\/p>\n<p>\u200bYerli ve mill\u00ee imkanlarla hayata ge\u00e7irdikleri, \u015fehirdeki t\u00fcm ak\u0131ll\u0131 ula\u015f\u0131m sistemlerinin entegre edildi\u011fi &#8220;Dijital \u0130kiz Teknolojisi Projesi&#8221; bilgilendirme toplant\u0131s\u0131nda konu\u015fan Konya B\u00fcy\u00fck\u015fehir Belediye Ba\u015fkan\u0131 U\u011fur \u0130brahim Altay,  &#8216;Dijital \u0130kiz Teknolojisi&#8217; ile Konya\u2019y\u0131 ak\u0131ll\u0131 \u015fehircilikte lider konuma ta\u015f\u0131yacaklar\u0131n\u0131 s\u00f6yledi.KONYA (\u0130GFA) &#8211; Konya B\u00fcy\u00fck\u015fehir Belediye Ba\u015fkan\u0131 U\u011fur \u0130brahim Altay, B\u00fcy\u00fck\u015fehir Belediyesi taraf\u0131ndan t\u00fcm ak\u0131ll\u0131 ula\u015f\u0131m sistemlerinin entegre edildi\u011fi, yerli ve mill\u00ee \u201cDijital \u0130kiz Teknolojisi Projesi\u201d hakk\u0131nda bas\u0131n mensuplar\u0131yla bilgilendirme toplant\u0131s\u0131 yapt\u0131.<br \/>\nKonya B\u00fcy\u00fck\u015fehir Belediyesi Ta\u015f Bina\u2019da d\u00fczenlenen toplant\u0131da konu\u015fan Ba\u015fkan Altay, \u201cBir \u015fehrin can damar\u0131 olan ula\u015f\u0131m, sadece yollar, kav\u015faklar ve toplu ta\u015f\u0131ma sistemlerinden ibaret de\u011fildir; ayn\u0131 zamanda bir medeniyetin vizyonunu, insan hayat\u0131na verdi\u011fi de\u011feri ve gelece\u011fe dair iddias\u0131n\u0131 ortaya koyan en b\u00fcy\u00fck g\u00f6stergedir\u201d dedi.<br \/>\nBa\u015fkan Altay, Konya Modeli Belediyecilik anlay\u0131\u015f\u0131nda sadece yollar in\u015fa etmekle kalmad\u0131klar\u0131n\u0131; ak\u0131ll\u0131, verimli ve \u00e7evreci ula\u015f\u0131m sistemleriyle \u015fehri g\u00fc\u00e7l\u00fc yar\u0131nlara ta\u015f\u0131d\u0131klar\u0131n\u0131 belirterek, \u201cBu kapsamda ula\u015f\u0131mda \u00f6ne \u00e7\u0131kan projelerimizden biri ak\u0131ll\u0131 ula\u015f\u0131m ve t\u00fcm ak\u0131ll\u0131 ula\u015f\u0131m sistemlerini entegre etti\u011fimiz Dijital \u0130kiz Teknolojisi projemizdir. Ak\u0131ll\u0131 ula\u015f\u0131m sistemleri, modern \u015fehirlerin daha verimli, s\u00fcrd\u00fcr\u00fclebilir ve \u00e7evre dostu bir \u015fekilde y\u00f6netilmesi i\u00e7in hayati \u00f6neme sahiptir. Bu sistemler; trafik ak\u0131\u015f\u0131n\u0131 d\u00fczenleyen, toplu ta\u015f\u0131ma hizmetlerini optimize eden, \u00e7evreye duyarl\u0131 ve kullan\u0131c\u0131 odakl\u0131 \u00e7\u00f6z\u00fcmler sunan teknolojik altyap\u0131lar\u0131 kapsamaktad\u0131r. Bu sistemlere, insan\u0131m\u0131z\u0131n hayat\u0131n\u0131 kolayla\u015ft\u0131rmay\u0131 ve Konya\u2019y\u0131 gelece\u011fe ta\u015f\u0131may\u0131 ama\u00e7layan bir piramit modeli olarak bakabiliriz. Piramitin her bir katman\u0131, birbirine entegre bir \u015fekilde \u00e7al\u0131\u015farak \u015fehrimizin ula\u015f\u0131m vizyonunu hayata ge\u00e7iriyor\u201d de\u011ferlendirmesinde bulundu.<\/p>\n<p>SORUNLARA ANINDA \u00c7\u00d6Z\u00dcM \u00dcRET\u0130LEB\u0130LECEK<br \/>\nKriz veya afet durumlar\u0131nda Dijital \u0130kiz Teknolojisi\u2019nin h\u0131zl\u0131 m\u00fcdahale imkan\u0131 tan\u0131yaca\u011f\u0131n\u0131 ifade eden Ba\u015fkan Altay, \u201cDijital \u0130kiz Teknolojisi, ula\u015f\u0131m alan\u0131ndaki sahip oldu\u011fumuz t\u00fcm ak\u0131ll\u0131 sistemleri entegre olarak y\u00f6neten; ger\u00e7ek zamanl\u0131 veri analizi ve karar alma s\u00fcre\u00e7lerini y\u00f6neten teknolojimizdir. K\u0131saca bahsedecek olursak; Dijital \u0130kiz Teknolojisi ile fiberoptik ve kablosuz ileti\u015fim altyap\u0131m\u0131z\u0131, ak\u0131ll\u0131 kav\u015faklar\u0131m\u0131z\u0131, de\u011fi\u015fken mesaj sistemlerimizi, merkezi ve plaka tan\u0131ma tabanl\u0131 elektronik bariyerleri, Seyahat S\u00fcresi Tespit Sistemlerimizi, Konyakart, ATUS, Ak\u0131ll\u0131 Durak ve Yolcu Bilgilendirme Sistemlerimiz ile Yolcu Say\u0131m Sistemlerimizi y\u00f6netebiliyoruz. Bunun yan\u0131nda Dijital \u0130kiz Teknolojisi; \u015fehrimizin ula\u015f\u0131m altyap\u0131s\u0131n\u0131 dijital bir modelle yans\u0131tarak mevcut sorunlara an\u0131nda \u00e7\u00f6z\u00fcm \u00fcretmemize ve gelece\u011fe y\u00f6nelik projeleri sim\u00fcle etmemize olanak tan\u0131yor. Kriz veya afet durumlar\u0131nda h\u0131zl\u0131 m\u00fcdahaleler sa\u011flayarak \u015fehrimizin ula\u015f\u0131m a\u011f\u0131n\u0131 her ko\u015fulda s\u00fcrd\u00fcr\u00fclebilir k\u0131l\u0131yor. Buras\u0131 \u00e7ok \u00f6nemli arkada\u015flar; Hatay\u2019da edindi\u011fimiz tecr\u00fcbelerden birisi de bu verilerinizi ne kadar dijitale aktarm\u0131\u015f olur ve dijitalde kontrol edebilirseniz kriz anlar\u0131nda \u015fehirdeki ola\u011fan\u00fcst\u00fc olaylarda m\u00fcdahale etme \u015fans\u0131n\u0131z ve \u00f6zellikle afet alanlar\u0131nda ula\u015f\u0131m\u0131 sa\u011flaman\u0131z m\u00fcmk\u00fcn olacakt\u0131r. Bu teknoloji bize onunla ilgili b\u00fcy\u00fck bir kap\u0131 a\u00e7\u0131yor.\u201d diye konu\u015ftu.<\/p>\n<p>Ba\u015fkan Altay, Konya\u2019n\u0131n ak\u0131ll\u0131 \u015fehircilik \u00e7al\u0131\u015fmalar\u0131yla \u00f6rnek g\u00f6sterilen bir \u015fehir oldu\u011funu an\u0131msatt\u0131.<br \/>\nDijital \u0130kiz Teknoloji ile bu sisteme entegre projelerle Konya\u2019n\u0131n daha \u00e7evre dostu, verimli ve s\u00fcrd\u00fcr\u00fclebilir bir ula\u015f\u0131m a\u011f\u0131na kavu\u015fmu\u015f oldu\u011funu belirten Ba\u015fkan Altay, &#8220;Hamdolsun t\u00fcm bu \u00e7al\u0131\u015fmalar\u0131m\u0131zla \u015fehrimizi ak\u0131ll\u0131 \u015fehircilik alan\u0131nda lider konuma ta\u015f\u0131m\u0131\u015f oluyoruz. Konya B\u00fcy\u00fck\u015fehir Belediyesi olarak, teknoloji ve yeniliklerle \u015fehrimizi gelece\u011fe haz\u0131rlamaya, hem\u015fehrilerimize daha konforlu bir ya\u015fam sunmaya devam edece\u011fiz. Bildi\u011finiz gibi ak\u0131ll\u0131 \u015fehir uygulamalar\u0131nda T\u00fcrkiye\u2019de en \u00f6nde gelen belediyeyiz. Bunu iddial\u0131 olarak s\u00f6yleyebilirim. Hem bug\u00fcne kadar ald\u0131\u011f\u0131m\u0131z \u00f6d\u00fcller hem de yapm\u0131\u015f oldu\u011fumuz i\u015fler ortada. Zannediyorum T\u00fcrkiye\u2019de ilk kez bu kapsamda bir i\u015fi Konya B\u00fcy\u00fck\u015fehir Belediyesi olarak ba\u015farm\u0131\u015f oluyoruz. \u015eehrimizde ya\u015fayan insanlar\u0131n hayat\u0131n\u0131 kolayla\u015ft\u0131rmay\u0131 temenni ediyoruz. Yo\u011fun emek sarf eden t\u00fcm arkada\u015flar\u0131ma te\u015fekk\u00fcr ediyorum.\u201d dedi.\u00a0<\/p>\n<p>\u200bHaberin Al\u0131nt\u0131land\u0131\u011f\u0131 Kaynak: www.iskenderun.org<\/p>","protected":false},"excerpt":{"rendered":"<p>Yerli ve mill\u00ee imkanlarla hayata ge\u00e7irdikleri, \u015fehirdeki t\u00fcm ak\u0131ll\u0131 ula\u015f\u0131m sistemlerinin entegre edildi\u011fi &#8220;Dijital \u0130kiz Teknolojisi Projesi&#8221; bilgilendirme toplant\u0131s\u0131nda konu\u015fan Konya B\u00fcy\u00fck\u015fehir Belediye Ba\u015fkan\u0131 U\u011fur \u0130brahim Altay, &#8216;Dijital \u0130kiz Teknolojisi&#8217; ile Konya\u2019y\u0131 ak\u0131ll\u0131 \u015fehircilikte lider konuma ta\u015f\u0131yacaklar\u0131n\u0131 s\u00f6yledi.KONYA (\u0130GFA) &#8211; Konya B\u00fcy\u00fck\u015fehir Belediye Ba\u015fkan\u0131 U\u011fur \u0130brahim Altay, B\u00fcy\u00fck\u015fehir Belediyesi taraf\u0131ndan t\u00fcm ak\u0131ll\u0131 ula\u015f\u0131m sistemlerinin entegre edildi\u011fi, yerli ve mill\u00ee \u201cDijital \u0130kiz Teknolojisi Projesi\u201d hakk\u0131nda bas\u0131n mensuplar\u0131yla bilgilendirme toplant\u0131s\u0131 yapt\u0131. Konya B\u00fcy\u00fck\u015fehir Belediyesi Ta\u015f Bina\u2019da d\u00fczenlenen toplant\u0131da konu\u015fan Ba\u015fkan Altay, \u201cBir \u015fehrin can damar\u0131 olan ula\u015f\u0131m, sadece yollar, kav\u015faklar ve toplu ta\u015f\u0131ma sistemlerinden ibaret de\u011fildir; ayn\u0131 zamanda bir medeniyetin vizyonunu, insan hayat\u0131na verdi\u011fi de\u011feri ve gelece\u011fe dair iddias\u0131n\u0131 ortaya koyan en b\u00fcy\u00fck g\u00f6stergedir\u201d dedi. Ba\u015fkan Altay, Konya Modeli Belediyecilik anlay\u0131\u015f\u0131nda sadece yollar in\u015fa etmekle kalmad\u0131klar\u0131n\u0131; ak\u0131ll\u0131, verimli ve \u00e7evreci ula\u015f\u0131m sistemleriyle \u015fehri g\u00fc\u00e7l\u00fc yar\u0131nlara ta\u015f\u0131d\u0131klar\u0131n\u0131 belirterek, \u201cBu kapsamda ula\u015f\u0131mda \u00f6ne \u00e7\u0131kan projelerimizden biri ak\u0131ll\u0131 ula\u015f\u0131m ve t\u00fcm ak\u0131ll\u0131 ula\u015f\u0131m sistemlerini entegre etti\u011fimiz Dijital \u0130kiz Teknolojisi projemizdir. Ak\u0131ll\u0131 ula\u015f\u0131m sistemleri, modern \u015fehirlerin daha verimli, s\u00fcrd\u00fcr\u00fclebilir ve \u00e7evre dostu bir \u015fekilde y\u00f6netilmesi i\u00e7in hayati \u00f6neme sahiptir. Bu sistemler; trafik ak\u0131\u015f\u0131n\u0131 d\u00fczenleyen, toplu ta\u015f\u0131ma hizmetlerini optimize eden, \u00e7evreye duyarl\u0131 ve kullan\u0131c\u0131 odakl\u0131 \u00e7\u00f6z\u00fcmler sunan teknolojik altyap\u0131lar\u0131 kapsamaktad\u0131r. Bu sistemlere, insan\u0131m\u0131z\u0131n hayat\u0131n\u0131 kolayla\u015ft\u0131rmay\u0131 ve Konya\u2019y\u0131 &hellip;<\/p>","protected":false},"author":1,"featured_media":0,"comment_status":"open","ping_status":"open","sticky":false,"template":"","format":"standard","meta":{"_acf_changed":false,"footnotes":""},"categories":[24],"tags":[],"class_list":["post-32549","post","type-post","status-publish","format-standard","has-post-thumbnail","hentry","category-gundem"],"acf":[],"yoast_head":"<!-- This site is optimized with the Yoast SEO Premium plugin v26.6 (Yoast SEO v27.1.1) - https:\/\/yoast.com\/product\/yoast-seo-premium-wordpress\/ -->\n<title>Konya ak\u0131ll\u0131 \u015fehirde lider konumda olacak - Av. Deniz Can K\u0131z\u0131l<\/title>\n<meta name=\"robots\" content=\"index, follow, max-snippet:-1, max-image-preview:large, max-video-preview:-1\" \/>\n<link rel=\"canonical\" href=\"https:\/\/denizcankizil.tr\/ru\/haberler\/gundem\/konya-akilli-sehirde-lider-konumda-olacak\/\" \/>\n<meta property=\"og:locale\" content=\"ru_RU\" \/>\n<meta property=\"og:type\" content=\"article\" \/>\n<meta property=\"og:title\" content=\"Konya ak\u0131ll\u0131 \u015fehirde lider konumda olacak\" \/>\n<meta property=\"og:description\" content=\"Yerli ve mill\u00ee imkanlarla hayata ge\u00e7irdikleri, \u015fehirdeki t\u00fcm ak\u0131ll\u0131 ula\u015f\u0131m sistemlerinin entegre edildi\u011fi &#8220;Dijital \u0130kiz Teknolojisi Projesi&#8221; bilgilendirme toplant\u0131s\u0131nda konu\u015fan Konya B\u00fcy\u00fck\u015fehir Belediye Ba\u015fkan\u0131 U\u011fur \u0130brahim Altay, &#8216;Dijital \u0130kiz Teknolojisi&#8217; ile Konya\u2019y\u0131 ak\u0131ll\u0131 \u015fehircilikte lider konuma ta\u015f\u0131yacaklar\u0131n\u0131 s\u00f6yledi.KONYA (\u0130GFA) &#8211; Konya B\u00fcy\u00fck\u015fehir Belediye Ba\u015fkan\u0131 U\u011fur \u0130brahim Altay, B\u00fcy\u00fck\u015fehir Belediyesi taraf\u0131ndan t\u00fcm ak\u0131ll\u0131 ula\u015f\u0131m sistemlerinin entegre edildi\u011fi, yerli ve mill\u00ee \u201cDijital \u0130kiz Teknolojisi Projesi\u201d hakk\u0131nda bas\u0131n mensuplar\u0131yla bilgilendirme toplant\u0131s\u0131 yapt\u0131. Konya B\u00fcy\u00fck\u015fehir Belediyesi Ta\u015f Bina\u2019da d\u00fczenlenen toplant\u0131da konu\u015fan Ba\u015fkan Altay, \u201cBir \u015fehrin can damar\u0131 olan ula\u015f\u0131m, sadece yollar, kav\u015faklar ve toplu ta\u015f\u0131ma sistemlerinden ibaret de\u011fildir; ayn\u0131 zamanda bir medeniyetin vizyonunu, insan hayat\u0131na verdi\u011fi de\u011feri ve gelece\u011fe dair iddias\u0131n\u0131 ortaya koyan en b\u00fcy\u00fck g\u00f6stergedir\u201d dedi. Ba\u015fkan Altay, Konya Modeli Belediyecilik anlay\u0131\u015f\u0131nda sadece yollar in\u015fa etmekle kalmad\u0131klar\u0131n\u0131; ak\u0131ll\u0131, verimli ve \u00e7evreci ula\u015f\u0131m sistemleriyle \u015fehri g\u00fc\u00e7l\u00fc yar\u0131nlara ta\u015f\u0131d\u0131klar\u0131n\u0131 belirterek, \u201cBu kapsamda ula\u015f\u0131mda \u00f6ne \u00e7\u0131kan projelerimizden biri ak\u0131ll\u0131 ula\u015f\u0131m ve t\u00fcm ak\u0131ll\u0131 ula\u015f\u0131m sistemlerini entegre etti\u011fimiz Dijital \u0130kiz Teknolojisi projemizdir. Ak\u0131ll\u0131 ula\u015f\u0131m sistemleri, modern \u015fehirlerin daha verimli, s\u00fcrd\u00fcr\u00fclebilir ve \u00e7evre dostu bir \u015fekilde y\u00f6netilmesi i\u00e7in hayati \u00f6neme sahiptir. Bu sistemler; trafik ak\u0131\u015f\u0131n\u0131 d\u00fczenleyen, toplu ta\u015f\u0131ma hizmetlerini optimize eden, \u00e7evreye duyarl\u0131 ve kullan\u0131c\u0131 odakl\u0131 \u00e7\u00f6z\u00fcmler sunan teknolojik altyap\u0131lar\u0131 kapsamaktad\u0131r. Bu sistemlere, insan\u0131m\u0131z\u0131n hayat\u0131n\u0131 kolayla\u015ft\u0131rmay\u0131 ve Konya\u2019y\u0131 &hellip;\" \/>\n<meta property=\"og:url\" content=\"https:\/\/denizcankizil.tr\/ru\/haberler\/gundem\/konya-akilli-sehirde-lider-konumda-olacak\/\" \/>\n<meta property=\"og:site_name\" content=\"Av. Deniz Can K\u0131z\u0131l\" \/>\n<meta property=\"article:published_time\" content=\"2025-02-13T12:41:55+00:00\" \/>\n<meta name=\"author\" content=\"admin\" \/>\n<meta name=\"twitter:card\" content=\"summary_large_image\" \/>\n<meta name=\"twitter:label1\" content=\"\u041d\u0430\u043f\u0438\u0441\u0430\u043d\u043e \u0430\u0432\u0442\u043e\u0440\u043e\u043c\" \/>\n\t<meta name=\"twitter:data1\" content=\"admin\" \/>\n\t<meta name=\"twitter:label2\" content=\"\u041f\u0440\u0438\u043c\u0435\u0440\u043d\u043e\u0435 \u0432\u0440\u0435\u043c\u044f \u0434\u043b\u044f \u0447\u0442\u0435\u043d\u0438\u044f\" \/>\n\t<meta name=\"twitter:data2\" content=\"8 \u043c\u0438\u043d\u0443\u0442\" \/>\n<script type=\"application\/ld+json\" class=\"yoast-schema-graph\">{\"@context\":\"https:\/\/schema.org\",\"@graph\":[{\"@type\":\"Article\",\"@id\":\"https:\/\/denizcankizil.tr\/ru\/haberler\/gundem\/konya-akilli-sehirde-lider-konumda-olacak\/#article\",\"isPartOf\":{\"@id\":\"https:\/\/denizcankizil.tr\/ru\/haberler\/gundem\/konya-akilli-sehirde-lider-konumda-olacak\/\"},\"author\":{\"name\":\"admin\",\"@id\":\"https:\/\/denizcankizil.tr\/de\/#\/schema\/person\/be3c05fe6a12686905512445d8185489\"},\"headline\":\"Konya ak\u0131ll\u0131 \u015fehirde lider konumda olacak\",\"datePublished\":\"2025-02-13T12:41:55+00:00\",\"mainEntityOfPage\":{\"@id\":\"https:\/\/denizcankizil.tr\/ru\/haberler\/gundem\/konya-akilli-sehirde-lider-konumda-olacak\/\"},\"wordCount\":1533,\"commentCount\":0,\"publisher\":{\"@id\":\"https:\/\/denizcankizil.tr\/de\/#organization\"},\"articleSection\":[\"G\u00fcndem\"],\"inLanguage\":\"ru-RU\",\"potentialAction\":[{\"@type\":\"CommentAction\",\"name\":\"Comment\",\"target\":[\"https:\/\/denizcankizil.tr\/ru\/haberler\/gundem\/konya-akilli-sehirde-lider-konumda-olacak\/#respond\"]}]},{\"@type\":\"WebPage\",\"@id\":\"https:\/\/denizcankizil.tr\/ru\/haberler\/gundem\/konya-akilli-sehirde-lider-konumda-olacak\/\",\"url\":\"https:\/\/denizcankizil.tr\/ru\/haberler\/gundem\/konya-akilli-sehirde-lider-konumda-olacak\/\",\"name\":\"Konya ak\u0131ll\u0131 \u015fehirde lider konumda olacak - Av. Deniz Can K\u0131z\u0131l\",\"isPartOf\":{\"@id\":\"https:\/\/denizcankizil.tr\/de\/#website\"},\"datePublished\":\"2025-02-13T12:41:55+00:00\",\"breadcrumb\":{\"@id\":\"https:\/\/denizcankizil.tr\/ru\/haberler\/gundem\/konya-akilli-sehirde-lider-konumda-olacak\/#breadcrumb\"},\"inLanguage\":\"ru-RU\",\"potentialAction\":[{\"@type\":\"ReadAction\",\"target\":[\"https:\/\/denizcankizil.tr\/ru\/haberler\/gundem\/konya-akilli-sehirde-lider-konumda-olacak\/\"]}]},{\"@type\":\"BreadcrumbList\",\"@id\":\"https:\/\/denizcankizil.tr\/ru\/haberler\/gundem\/konya-akilli-sehirde-lider-konumda-olacak\/#breadcrumb\",\"itemListElement\":[{\"@type\":\"ListItem\",\"position\":1,\"name\":\"Home\",\"item\":\"https:\/\/denizcankizil.tr\/de\/\"},{\"@type\":\"ListItem\",\"position\":2,\"name\":\"Konya ak\u0131ll\u0131 \u015fehirde lider konumda olacak\"}]},{\"@type\":\"WebSite\",\"@id\":\"https:\/\/denizcankizil.tr\/de\/#website\",\"url\":\"https:\/\/denizcankizil.tr\/de\/\",\"name\":\"Av. Deniz Can K\u0131z\u0131l\",\"description\":\"Avukat Deniz Can K\u0131z\u0131l Antalya Barosu\",\"publisher\":{\"@id\":\"https:\/\/denizcankizil.tr\/de\/#organization\"},\"potentialAction\":[{\"@type\":\"SearchAction\",\"target\":{\"@type\":\"EntryPoint\",\"urlTemplate\":\"https:\/\/denizcankizil.tr\/de\/?s={search_term_string}\"},\"query-input\":{\"@type\":\"PropertyValueSpecification\",\"valueRequired\":true,\"valueName\":\"search_term_string\"}}],\"inLanguage\":\"ru-RU\"},{\"@type\":\"Organization\",\"@id\":\"https:\/\/denizcankizil.tr\/de\/#organization\",\"name\":\"Av. Deniz Can K\u0131z\u0131l\",\"url\":\"https:\/\/denizcankizil.tr\/de\/\",\"logo\":{\"@type\":\"ImageObject\",\"inLanguage\":\"ru-RU\",\"@id\":\"https:\/\/denizcankizil.tr\/de\/#\/schema\/logo\/image\/\",\"url\":\"https:\/\/denizcankizil.tr\/wp-content\/uploads\/2024\/10\/siyah-logo-svg.svg\",\"contentUrl\":\"https:\/\/denizcankizil.tr\/wp-content\/uploads\/2024\/10\/siyah-logo-svg.svg\",\"width\":1080,\"height\":1080,\"caption\":\"Av. Deniz Can K\u0131z\u0131l\"},\"image\":{\"@id\":\"https:\/\/denizcankizil.tr\/de\/#\/schema\/logo\/image\/\"}},{\"@type\":\"Person\",\"@id\":\"https:\/\/denizcankizil.tr\/de\/#\/schema\/person\/be3c05fe6a12686905512445d8185489\",\"name\":\"admin\",\"image\":{\"@type\":\"ImageObject\",\"inLanguage\":\"ru-RU\",\"@id\":\"https:\/\/denizcankizil.tr\/de\/#\/schema\/person\/image\/\",\"url\":\"https:\/\/secure.gravatar.com\/avatar\/c1fce94c830dc79107e174f890d7210541c4a63e8e5d816341794a2151c9d58c?s=96&d=mm&r=g\",\"contentUrl\":\"https:\/\/secure.gravatar.com\/avatar\/c1fce94c830dc79107e174f890d7210541c4a63e8e5d816341794a2151c9d58c?s=96&d=mm&r=g\",\"caption\":\"admin\"},\"sameAs\":[\"http:\/\/denizcankizil.tr\"],\"url\":\"https:\/\/www.iskenderun.org\/konya-akilli-sehirde-lider-konumda-olacak\"}]}<\/script>\n<!-- \/ Yoast SEO Premium plugin. -->","yoast_head_json":{"title":"Konya ak\u0131ll\u0131 \u015fehirde lider konumda olacak - Av. Deniz Can K\u0131z\u0131l","robots":{"index":"index","follow":"follow","max-snippet":"max-snippet:-1","max-image-preview":"max-image-preview:large","max-video-preview":"max-video-preview:-1"},"canonical":"https:\/\/denizcankizil.tr\/ru\/haberler\/gundem\/konya-akilli-sehirde-lider-konumda-olacak\/","og_locale":"ru_RU","og_type":"article","og_title":"Konya ak\u0131ll\u0131 \u015fehirde lider konumda olacak","og_description":"Yerli ve mill\u00ee imkanlarla hayata ge\u00e7irdikleri, \u015fehirdeki t\u00fcm ak\u0131ll\u0131 ula\u015f\u0131m sistemlerinin entegre edildi\u011fi &#8220;Dijital \u0130kiz Teknolojisi Projesi&#8221; bilgilendirme toplant\u0131s\u0131nda konu\u015fan Konya B\u00fcy\u00fck\u015fehir Belediye Ba\u015fkan\u0131 U\u011fur \u0130brahim Altay, &#8216;Dijital \u0130kiz Teknolojisi&#8217; ile Konya\u2019y\u0131 ak\u0131ll\u0131 \u015fehircilikte lider konuma ta\u015f\u0131yacaklar\u0131n\u0131 s\u00f6yledi.KONYA (\u0130GFA) &#8211; Konya B\u00fcy\u00fck\u015fehir Belediye Ba\u015fkan\u0131 U\u011fur \u0130brahim Altay, B\u00fcy\u00fck\u015fehir Belediyesi taraf\u0131ndan t\u00fcm ak\u0131ll\u0131 ula\u015f\u0131m sistemlerinin entegre edildi\u011fi, yerli ve mill\u00ee \u201cDijital \u0130kiz Teknolojisi Projesi\u201d hakk\u0131nda bas\u0131n mensuplar\u0131yla bilgilendirme toplant\u0131s\u0131 yapt\u0131. Konya B\u00fcy\u00fck\u015fehir Belediyesi Ta\u015f Bina\u2019da d\u00fczenlenen toplant\u0131da konu\u015fan Ba\u015fkan Altay, \u201cBir \u015fehrin can damar\u0131 olan ula\u015f\u0131m, sadece yollar, kav\u015faklar ve toplu ta\u015f\u0131ma sistemlerinden ibaret de\u011fildir; ayn\u0131 zamanda bir medeniyetin vizyonunu, insan hayat\u0131na verdi\u011fi de\u011feri ve gelece\u011fe dair iddias\u0131n\u0131 ortaya koyan en b\u00fcy\u00fck g\u00f6stergedir\u201d dedi. Ba\u015fkan Altay, Konya Modeli Belediyecilik anlay\u0131\u015f\u0131nda sadece yollar in\u015fa etmekle kalmad\u0131klar\u0131n\u0131; ak\u0131ll\u0131, verimli ve \u00e7evreci ula\u015f\u0131m sistemleriyle \u015fehri g\u00fc\u00e7l\u00fc yar\u0131nlara ta\u015f\u0131d\u0131klar\u0131n\u0131 belirterek, \u201cBu kapsamda ula\u015f\u0131mda \u00f6ne \u00e7\u0131kan projelerimizden biri ak\u0131ll\u0131 ula\u015f\u0131m ve t\u00fcm ak\u0131ll\u0131 ula\u015f\u0131m sistemlerini entegre etti\u011fimiz Dijital \u0130kiz Teknolojisi projemizdir. Ak\u0131ll\u0131 ula\u015f\u0131m sistemleri, modern \u015fehirlerin daha verimli, s\u00fcrd\u00fcr\u00fclebilir ve \u00e7evre dostu bir \u015fekilde y\u00f6netilmesi i\u00e7in hayati \u00f6neme sahiptir. Bu sistemler; trafik ak\u0131\u015f\u0131n\u0131 d\u00fczenleyen, toplu ta\u015f\u0131ma hizmetlerini optimize eden, \u00e7evreye duyarl\u0131 ve kullan\u0131c\u0131 odakl\u0131 \u00e7\u00f6z\u00fcmler sunan teknolojik altyap\u0131lar\u0131 kapsamaktad\u0131r. Bu sistemlere, insan\u0131m\u0131z\u0131n hayat\u0131n\u0131 kolayla\u015ft\u0131rmay\u0131 ve Konya\u2019y\u0131 &hellip;","og_url":"https:\/\/denizcankizil.tr\/ru\/haberler\/gundem\/konya-akilli-sehirde-lider-konumda-olacak\/","og_site_name":"Av. Deniz Can K\u0131z\u0131l","article_published_time":"2025-02-13T12:41:55+00:00","author":"admin","twitter_card":"summary_large_image","twitter_misc":{"\u041d\u0430\u043f\u0438\u0441\u0430\u043d\u043e \u0430\u0432\u0442\u043e\u0440\u043e\u043c":"admin","\u041f\u0440\u0438\u043c\u0435\u0440\u043d\u043e\u0435 \u0432\u0440\u0435\u043c\u044f \u0434\u043b\u044f \u0447\u0442\u0435\u043d\u0438\u044f":"8 \u043c\u0438\u043d\u0443\u0442"},"schema":{"@context":"https:\/\/schema.org","@graph":[{"@type":"Article","@id":"https:\/\/denizcankizil.tr\/ru\/haberler\/gundem\/konya-akilli-sehirde-lider-konumda-olacak\/#article","isPartOf":{"@id":"https:\/\/denizcankizil.tr\/ru\/haberler\/gundem\/konya-akilli-sehirde-lider-konumda-olacak\/"},"author":{"name":"admin","@id":"https:\/\/denizcankizil.tr\/de\/#\/schema\/person\/be3c05fe6a12686905512445d8185489"},"headline":"Konya ak\u0131ll\u0131 \u015fehirde lider konumda olacak","datePublished":"2025-02-13T12:41:55+00:00","mainEntityOfPage":{"@id":"https:\/\/denizcankizil.tr\/ru\/haberler\/gundem\/konya-akilli-sehirde-lider-konumda-olacak\/"},"wordCount":1533,"commentCount":0,"publisher":{"@id":"https:\/\/denizcankizil.tr\/de\/#organization"},"articleSection":["G\u00fcndem"],"inLanguage":"ru-RU","potentialAction":[{"@type":"CommentAction","name":"Comment","target":["https:\/\/denizcankizil.tr\/ru\/haberler\/gundem\/konya-akilli-sehirde-lider-konumda-olacak\/#respond"]}]},{"@type":"WebPage","@id":"https:\/\/denizcankizil.tr\/ru\/haberler\/gundem\/konya-akilli-sehirde-lider-konumda-olacak\/","url":"https:\/\/denizcankizil.tr\/ru\/haberler\/gundem\/konya-akilli-sehirde-lider-konumda-olacak\/","name":"Konya ak\u0131ll\u0131 \u015fehirde lider konumda olacak - Av. Deniz Can K\u0131z\u0131l","isPartOf":{"@id":"https:\/\/denizcankizil.tr\/de\/#website"},"datePublished":"2025-02-13T12:41:55+00:00","breadcrumb":{"@id":"https:\/\/denizcankizil.tr\/ru\/haberler\/gundem\/konya-akilli-sehirde-lider-konumda-olacak\/#breadcrumb"},"inLanguage":"ru-RU","potentialAction":[{"@type":"ReadAction","target":["https:\/\/denizcankizil.tr\/ru\/haberler\/gundem\/konya-akilli-sehirde-lider-konumda-olacak\/"]}]},{"@type":"BreadcrumbList","@id":"https:\/\/denizcankizil.tr\/ru\/haberler\/gundem\/konya-akilli-sehirde-lider-konumda-olacak\/#breadcrumb","itemListElement":[{"@type":"ListItem","position":1,"name":"Home","item":"https:\/\/denizcankizil.tr\/de\/"},{"@type":"ListItem","position":2,"name":"Konya ak\u0131ll\u0131 \u015fehirde lider konumda olacak"}]},{"@type":"WebSite","@id":"https:\/\/denizcankizil.tr\/de\/#website","url":"https:\/\/denizcankizil.tr\/de\/","name":"Av. Deniz Can K\u0131z\u0131l","description":"Avukat Deniz Can K\u0131z\u0131l Antalya Barosu","publisher":{"@id":"https:\/\/denizcankizil.tr\/de\/#organization"},"potentialAction":[{"@type":"SearchAction","target":{"@type":"EntryPoint","urlTemplate":"https:\/\/denizcankizil.tr\/de\/?s={search_term_string}"},"query-input":{"@type":"PropertyValueSpecification","valueRequired":true,"valueName":"search_term_string"}}],"inLanguage":"ru-RU"},{"@type":"Organization","@id":"https:\/\/denizcankizil.tr\/de\/#organization","name":"Av. Deniz Can K\u0131z\u0131l","url":"https:\/\/denizcankizil.tr\/de\/","logo":{"@type":"ImageObject","inLanguage":"ru-RU","@id":"https:\/\/denizcankizil.tr\/de\/#\/schema\/logo\/image\/","url":"https:\/\/denizcankizil.tr\/wp-content\/uploads\/2024\/10\/siyah-logo-svg.svg","contentUrl":"https:\/\/denizcankizil.tr\/wp-content\/uploads\/2024\/10\/siyah-logo-svg.svg","width":1080,"height":1080,"caption":"Av. Deniz Can K\u0131z\u0131l"},"image":{"@id":"https:\/\/denizcankizil.tr\/de\/#\/schema\/logo\/image\/"}},{"@type":"Person","@id":"https:\/\/denizcankizil.tr\/de\/#\/schema\/person\/be3c05fe6a12686905512445d8185489","name":"\u0430\u0434\u043c\u0438\u043d","image":{"@type":"ImageObject","inLanguage":"ru-RU","@id":"https:\/\/denizcankizil.tr\/de\/#\/schema\/person\/image\/","url":"https:\/\/secure.gravatar.com\/avatar\/c1fce94c830dc79107e174f890d7210541c4a63e8e5d816341794a2151c9d58c?s=96&d=mm&r=g","contentUrl":"https:\/\/secure.gravatar.com\/avatar\/c1fce94c830dc79107e174f890d7210541c4a63e8e5d816341794a2151c9d58c?s=96&d=mm&r=g","caption":"admin"},"sameAs":["http:\/\/denizcankizil.tr"],"url":"https:\/\/www.iskenderun.org\/konya-akilli-sehirde-lider-konumda-olacak"}]}},"_links":{"self":[{"href":"https:\/\/denizcankizil.tr\/ru\/wp-json\/wp\/v2\/posts\/32549","targetHints":{"allow":["GET"]}}],"collection":[{"href":"https:\/\/denizcankizil.tr\/ru\/wp-json\/wp\/v2\/posts"}],"about":[{"href":"https:\/\/denizcankizil.tr\/ru\/wp-json\/wp\/v2\/types\/post"}],"author":[{"embeddable":true,"href":"https:\/\/denizcankizil.tr\/ru\/wp-json\/wp\/v2\/users\/1"}],"replies":[{"embeddable":true,"href":"https:\/\/denizcankizil.tr\/ru\/wp-json\/wp\/v2\/comments?post=32549"}],"version-history":[{"count":0,"href":"https:\/\/denizcankizil.tr\/ru\/wp-json\/wp\/v2\/posts\/32549\/revisions"}],"wp:attachment":[{"href":"https:\/\/denizcankizil.tr\/ru\/wp-json\/wp\/v2\/media?parent=32549"}],"wp:term":[{"taxonomy":"category","embeddable":true,"href":"https:\/\/denizcankizil.tr\/ru\/wp-json\/wp\/v2\/categories?post=32549"},{"taxonomy":"post_tag","embeddable":true,"href":"https:\/\/denizcankizil.tr\/ru\/wp-json\/wp\/v2\/tags?post=32549"}],"curies":[{"name":"wp","href":"https:\/\/api.w.org\/{rel}","templated":true}]}}