{"id":32548,"date":"2025-02-13T15:41:54","date_gmt":"2025-02-13T12:41:54","guid":{"rendered":"https:\/\/denizcankizil.tr\/uncategorized-tr\/adiyamanda-uyusturucu-operasyonu-7-gozalti\/"},"modified":"2025-02-13T15:41:54","modified_gmt":"2025-02-13T12:41:54","slug":"adiyamanda-uyusturucu-operasyonu-7-gozalti","status":"publish","type":"post","link":"https:\/\/denizcankizil.tr\/ru\/haberler\/gundem\/adiyamanda-uyusturucu-operasyonu-7-gozalti\/","title":{"rendered":"Ad\u0131yaman\u2019da uyu\u015fturucu operasyonu: 7 g\u00f6zalt\u0131!"},"content":{"rendered":"<p>Ad\u0131yaman&#8217;da d\u00fczenlenen uyu\u015fturucu operasyonunda, Z.A.\u00c7, R.H, O.Y, \u0130.\u00c7, M.G.T, A.\u0130 ve F.E.B mahkemeye \u00e7\u0131kar\u0131ld\u0131. Operasyon kapsam\u0131nda tutuklanan \u00c7.\u00c7., M.A.Y ise yarg\u0131lama sonras\u0131nda adli kontrol \u015fart\u0131yla serbest b\u0131rak\u0131ld\u0131.ADIYAMAN (\u0130GFA) &#8211;\u00a0Ad\u0131yaman Emniyet M\u00fcd\u00fcrl\u00fc\u011f\u00fc taraf\u0131ndan y\u00fcr\u00fct\u00fclen operasyonda ele ge\u00e7irilen deliller do\u011frultusunda devam eden soru\u015fturmada, ilgili \u015fah\u0131slar\u0131n uyu\u015fturucu ticareti ile ili\u015fkileri \u00fczerine \u00e7al\u0131\u015fmalar s\u00fcrd\u00fcr\u00fcld\u00fc\u011f\u00fc bildirildi. Yetkililer, uyu\u015fturucu ile m\u00fccadelede kararl\u0131l\u0131klar\u0131n\u0131 koruduklar\u0131n\u0131 ve benzer operasyonlar\u0131n aral\u0131ks\u0131z devam edece\u011fini belirtti.<br \/>\nOlayla ilgili geli\u015fmeler ve soru\u015fturman\u0131n ilerleyen a\u015famalar\u0131, kamuoyu ile payla\u015f\u0131lmaya devam edilecek.<\/p>\n<p>\u200bAd\u0131yaman&#8217;da d\u00fczenlenen uyu\u015fturucu operasyonunda, Z.A.\u00c7, R.H, O.Y, \u0130.\u00c7, M.G.T, A.\u0130 ve F.E.B mahkemeye \u00e7\u0131kar\u0131ld\u0131. Operasyon kapsam\u0131nda tutuklanan \u00c7.\u00c7., M.A.Y ise yarg\u0131lama sonras\u0131nda adli kontrol \u015fart\u0131yla serbest b\u0131rak\u0131ld\u0131.ADIYAMAN (\u0130GFA) &#8211;\u00a0Ad\u0131yaman Emniyet M\u00fcd\u00fcrl\u00fc\u011f\u00fc taraf\u0131ndan y\u00fcr\u00fct\u00fclen operasyonda ele ge\u00e7irilen deliller do\u011frultusunda devam eden soru\u015fturmada, ilgili \u015fah\u0131slar\u0131n uyu\u015fturucu ticareti ile ili\u015fkileri \u00fczerine \u00e7al\u0131\u015fmalar s\u00fcrd\u00fcr\u00fcld\u00fc\u011f\u00fc bildirildi. Yetkililer, uyu\u015fturucu ile m\u00fccadelede kararl\u0131l\u0131klar\u0131n\u0131 koruduklar\u0131n\u0131 ve benzer operasyonlar\u0131n aral\u0131ks\u0131z devam edece\u011fini belirtti.<br \/>\nOlayla ilgili geli\u015fmeler ve soru\u015fturman\u0131n ilerleyen a\u015famalar\u0131, kamuoyu ile payla\u015f\u0131lmaya devam edilecek.\u00a0<\/p>\n<p>\u200bHaberin Al\u0131nt\u0131land\u0131\u011f\u0131 Kaynak: www.iskenderun.org<\/p>","protected":false},"excerpt":{"rendered":"<p>Ad\u0131yaman&#8217;da d\u00fczenlenen uyu\u015fturucu operasyonunda, Z.A.\u00c7, R.H, O.Y, \u0130.\u00c7, M.G.T, A.\u0130 ve F.E.B mahkemeye \u00e7\u0131kar\u0131ld\u0131. Operasyon kapsam\u0131nda tutuklanan \u00c7.\u00c7., M.A.Y ise yarg\u0131lama sonras\u0131nda adli kontrol \u015fart\u0131yla serbest b\u0131rak\u0131ld\u0131.ADIYAMAN (\u0130GFA) &#8211;\u00a0Ad\u0131yaman Emniyet M\u00fcd\u00fcrl\u00fc\u011f\u00fc taraf\u0131ndan y\u00fcr\u00fct\u00fclen operasyonda ele ge\u00e7irilen deliller do\u011frultusunda devam eden soru\u015fturmada, ilgili \u015fah\u0131slar\u0131n uyu\u015fturucu ticareti ile ili\u015fkileri \u00fczerine \u00e7al\u0131\u015fmalar s\u00fcrd\u00fcr\u00fcld\u00fc\u011f\u00fc bildirildi. Yetkililer, uyu\u015fturucu ile m\u00fccadelede kararl\u0131l\u0131klar\u0131n\u0131 koruduklar\u0131n\u0131 ve benzer operasyonlar\u0131n aral\u0131ks\u0131z devam edece\u011fini belirtti. Olayla ilgili geli\u015fmeler ve soru\u015fturman\u0131n ilerleyen a\u015famalar\u0131, kamuoyu ile payla\u015f\u0131lmaya devam edilecek. \u200bAd\u0131yaman&#8217;da d\u00fczenlenen uyu\u015fturucu operasyonunda, Z.A.\u00c7, R.H, O.Y, \u0130.\u00c7, M.G.T, A.\u0130 ve F.E.B mahkemeye \u00e7\u0131kar\u0131ld\u0131. Operasyon kapsam\u0131nda tutuklanan \u00c7.\u00c7., M.A.Y ise yarg\u0131lama sonras\u0131nda adli kontrol \u015fart\u0131yla serbest b\u0131rak\u0131ld\u0131.ADIYAMAN (\u0130GFA) &#8211;\u00a0Ad\u0131yaman Emniyet M\u00fcd\u00fcrl\u00fc\u011f\u00fc taraf\u0131ndan y\u00fcr\u00fct\u00fclen operasyonda ele ge\u00e7irilen deliller do\u011frultusunda devam eden soru\u015fturmada, ilgili \u015fah\u0131slar\u0131n uyu\u015fturucu ticareti ile ili\u015fkileri \u00fczerine \u00e7al\u0131\u015fmalar s\u00fcrd\u00fcr\u00fcld\u00fc\u011f\u00fc bildirildi. Yetkililer, uyu\u015fturucu ile m\u00fccadelede kararl\u0131l\u0131klar\u0131n\u0131 koruduklar\u0131n\u0131 ve benzer operasyonlar\u0131n aral\u0131ks\u0131z devam edece\u011fini belirtti. Olayla ilgili geli\u015fmeler ve soru\u015fturman\u0131n ilerleyen a\u015famalar\u0131, kamuoyu ile payla\u015f\u0131lmaya devam edilecek.\u00a0 \u200bHaberin Al\u0131nt\u0131land\u0131\u011f\u0131 Kaynak: www.iskenderun.org<\/p>","protected":false},"author":1,"featured_media":0,"comment_status":"open","ping_status":"open","sticky":false,"template":"","format":"standard","meta":{"_acf_changed":false,"footnotes":""},"categories":[24],"tags":[],"class_list":["post-32548","post","type-post","status-publish","format-standard","has-post-thumbnail","hentry","category-gundem"],"acf":[],"yoast_head":"<!-- This site is optimized with the Yoast SEO Premium plugin v26.6 (Yoast SEO v27.1.1) - https:\/\/yoast.com\/product\/yoast-seo-premium-wordpress\/ -->\n<title>Ad\u0131yaman\u2019da uyu\u015fturucu operasyonu: 7 g\u00f6zalt\u0131! - Av. Deniz Can K\u0131z\u0131l<\/title>\n<meta name=\"robots\" content=\"index, follow, max-snippet:-1, max-image-preview:large, max-video-preview:-1\" \/>\n<link rel=\"canonical\" href=\"https:\/\/denizcankizil.tr\/ru\/haberler\/gundem\/adiyamanda-uyusturucu-operasyonu-7-gozalti\/\" \/>\n<meta property=\"og:locale\" content=\"ru_RU\" \/>\n<meta property=\"og:type\" content=\"article\" \/>\n<meta property=\"og:title\" content=\"Ad\u0131yaman\u2019da uyu\u015fturucu operasyonu: 7 g\u00f6zalt\u0131!\" \/>\n<meta property=\"og:description\" content=\"Ad\u0131yaman&#8217;da d\u00fczenlenen uyu\u015fturucu operasyonunda, Z.A.\u00c7, R.H, O.Y, \u0130.\u00c7, M.G.T, A.\u0130 ve F.E.B mahkemeye \u00e7\u0131kar\u0131ld\u0131. Operasyon kapsam\u0131nda tutuklanan \u00c7.\u00c7., M.A.Y ise yarg\u0131lama sonras\u0131nda adli kontrol \u015fart\u0131yla serbest b\u0131rak\u0131ld\u0131.ADIYAMAN (\u0130GFA) &#8211;\u00a0Ad\u0131yaman Emniyet M\u00fcd\u00fcrl\u00fc\u011f\u00fc taraf\u0131ndan y\u00fcr\u00fct\u00fclen operasyonda ele ge\u00e7irilen deliller do\u011frultusunda devam eden soru\u015fturmada, ilgili \u015fah\u0131slar\u0131n uyu\u015fturucu ticareti ile ili\u015fkileri \u00fczerine \u00e7al\u0131\u015fmalar s\u00fcrd\u00fcr\u00fcld\u00fc\u011f\u00fc bildirildi. Yetkililer, uyu\u015fturucu ile m\u00fccadelede kararl\u0131l\u0131klar\u0131n\u0131 koruduklar\u0131n\u0131 ve benzer operasyonlar\u0131n aral\u0131ks\u0131z devam edece\u011fini belirtti. Olayla ilgili geli\u015fmeler ve soru\u015fturman\u0131n ilerleyen a\u015famalar\u0131, kamuoyu ile payla\u015f\u0131lmaya devam edilecek. \u200bAd\u0131yaman&#8217;da d\u00fczenlenen uyu\u015fturucu operasyonunda, Z.A.\u00c7, R.H, O.Y, \u0130.\u00c7, M.G.T, A.\u0130 ve F.E.B mahkemeye \u00e7\u0131kar\u0131ld\u0131. Operasyon kapsam\u0131nda tutuklanan \u00c7.\u00c7., M.A.Y ise yarg\u0131lama sonras\u0131nda adli kontrol \u015fart\u0131yla serbest b\u0131rak\u0131ld\u0131.ADIYAMAN (\u0130GFA) &#8211;\u00a0Ad\u0131yaman Emniyet M\u00fcd\u00fcrl\u00fc\u011f\u00fc taraf\u0131ndan y\u00fcr\u00fct\u00fclen operasyonda ele ge\u00e7irilen deliller do\u011frultusunda devam eden soru\u015fturmada, ilgili \u015fah\u0131slar\u0131n uyu\u015fturucu ticareti ile ili\u015fkileri \u00fczerine \u00e7al\u0131\u015fmalar s\u00fcrd\u00fcr\u00fcld\u00fc\u011f\u00fc bildirildi. Yetkililer, uyu\u015fturucu ile m\u00fccadelede kararl\u0131l\u0131klar\u0131n\u0131 koruduklar\u0131n\u0131 ve benzer operasyonlar\u0131n aral\u0131ks\u0131z devam edece\u011fini belirtti. Olayla ilgili geli\u015fmeler ve soru\u015fturman\u0131n ilerleyen a\u015famalar\u0131, kamuoyu ile payla\u015f\u0131lmaya devam edilecek.\u00a0 \u200bHaberin Al\u0131nt\u0131land\u0131\u011f\u0131 Kaynak: www.iskenderun.org\" \/>\n<meta property=\"og:url\" content=\"https:\/\/denizcankizil.tr\/ru\/haberler\/gundem\/adiyamanda-uyusturucu-operasyonu-7-gozalti\/\" \/>\n<meta property=\"og:site_name\" content=\"Av. Deniz Can K\u0131z\u0131l\" \/>\n<meta property=\"article:published_time\" content=\"2025-02-13T12:41:54+00:00\" \/>\n<meta name=\"author\" content=\"admin\" \/>\n<meta name=\"twitter:card\" content=\"summary_large_image\" \/>\n<meta name=\"twitter:label1\" content=\"\u041d\u0430\u043f\u0438\u0441\u0430\u043d\u043e \u0430\u0432\u0442\u043e\u0440\u043e\u043c\" \/>\n\t<meta name=\"twitter:data1\" content=\"admin\" \/>\n\t<meta name=\"twitter:label2\" content=\"\u041f\u0440\u0438\u043c\u0435\u0440\u043d\u043e\u0435 \u0432\u0440\u0435\u043c\u044f \u0434\u043b\u044f \u0447\u0442\u0435\u043d\u0438\u044f\" \/>\n\t<meta name=\"twitter:data2\" content=\"1 \u043c\u0438\u043d\u0443\u0442\u0430\" \/>\n<script type=\"application\/ld+json\" class=\"yoast-schema-graph\">{\"@context\":\"https:\/\/schema.org\",\"@graph\":[{\"@type\":\"Article\",\"@id\":\"https:\/\/denizcankizil.tr\/en\/haberler\/gundem\/adiyamanda-uyusturucu-operasyonu-7-gozalti\/#article\",\"isPartOf\":{\"@id\":\"https:\/\/denizcankizil.tr\/en\/haberler\/gundem\/adiyamanda-uyusturucu-operasyonu-7-gozalti\/\"},\"author\":{\"name\":\"admin\",\"@id\":\"https:\/\/denizcankizil.tr\/de\/#\/schema\/person\/be3c05fe6a12686905512445d8185489\"},\"headline\":\"Ad\u0131yaman\u2019da uyu\u015fturucu operasyonu: 7 g\u00f6zalt\u0131!\",\"datePublished\":\"2025-02-13T12:41:54+00:00\",\"mainEntityOfPage\":{\"@id\":\"https:\/\/denizcankizil.tr\/en\/haberler\/gundem\/adiyamanda-uyusturucu-operasyonu-7-gozalti\/\"},\"wordCount\":274,\"commentCount\":0,\"publisher\":{\"@id\":\"https:\/\/denizcankizil.tr\/de\/#organization\"},\"articleSection\":[\"G\u00fcndem\"],\"inLanguage\":\"ru-RU\",\"potentialAction\":[{\"@type\":\"CommentAction\",\"name\":\"Comment\",\"target\":[\"https:\/\/denizcankizil.tr\/en\/haberler\/gundem\/adiyamanda-uyusturucu-operasyonu-7-gozalti\/#respond\"]}]},{\"@type\":\"WebPage\",\"@id\":\"https:\/\/denizcankizil.tr\/en\/haberler\/gundem\/adiyamanda-uyusturucu-operasyonu-7-gozalti\/\",\"url\":\"https:\/\/denizcankizil.tr\/en\/haberler\/gundem\/adiyamanda-uyusturucu-operasyonu-7-gozalti\/\",\"name\":\"Ad\u0131yaman\u2019da uyu\u015fturucu operasyonu: 7 g\u00f6zalt\u0131! - Av. Deniz Can K\u0131z\u0131l\",\"isPartOf\":{\"@id\":\"https:\/\/denizcankizil.tr\/de\/#website\"},\"datePublished\":\"2025-02-13T12:41:54+00:00\",\"breadcrumb\":{\"@id\":\"https:\/\/denizcankizil.tr\/en\/haberler\/gundem\/adiyamanda-uyusturucu-operasyonu-7-gozalti\/#breadcrumb\"},\"inLanguage\":\"ru-RU\",\"potentialAction\":[{\"@type\":\"ReadAction\",\"target\":[\"https:\/\/denizcankizil.tr\/en\/haberler\/gundem\/adiyamanda-uyusturucu-operasyonu-7-gozalti\/\"]}]},{\"@type\":\"BreadcrumbList\",\"@id\":\"https:\/\/denizcankizil.tr\/en\/haberler\/gundem\/adiyamanda-uyusturucu-operasyonu-7-gozalti\/#breadcrumb\",\"itemListElement\":[{\"@type\":\"ListItem\",\"position\":1,\"name\":\"Home\",\"item\":\"https:\/\/denizcankizil.tr\/de\/\"},{\"@type\":\"ListItem\",\"position\":2,\"name\":\"Ad\u0131yaman\u2019da uyu\u015fturucu operasyonu: 7 g\u00f6zalt\u0131!\"}]},{\"@type\":\"WebSite\",\"@id\":\"https:\/\/denizcankizil.tr\/de\/#website\",\"url\":\"https:\/\/denizcankizil.tr\/de\/\",\"name\":\"Av. Deniz Can K\u0131z\u0131l\",\"description\":\"Avukat Deniz Can K\u0131z\u0131l Antalya Barosu\",\"publisher\":{\"@id\":\"https:\/\/denizcankizil.tr\/de\/#organization\"},\"potentialAction\":[{\"@type\":\"SearchAction\",\"target\":{\"@type\":\"EntryPoint\",\"urlTemplate\":\"https:\/\/denizcankizil.tr\/de\/?s={search_term_string}\"},\"query-input\":{\"@type\":\"PropertyValueSpecification\",\"valueRequired\":true,\"valueName\":\"search_term_string\"}}],\"inLanguage\":\"ru-RU\"},{\"@type\":\"Organization\",\"@id\":\"https:\/\/denizcankizil.tr\/de\/#organization\",\"name\":\"Av. Deniz Can K\u0131z\u0131l\",\"url\":\"https:\/\/denizcankizil.tr\/de\/\",\"logo\":{\"@type\":\"ImageObject\",\"inLanguage\":\"ru-RU\",\"@id\":\"https:\/\/denizcankizil.tr\/de\/#\/schema\/logo\/image\/\",\"url\":\"https:\/\/denizcankizil.tr\/wp-content\/uploads\/2024\/10\/siyah-logo-svg.svg\",\"contentUrl\":\"https:\/\/denizcankizil.tr\/wp-content\/uploads\/2024\/10\/siyah-logo-svg.svg\",\"width\":1080,\"height\":1080,\"caption\":\"Av. Deniz Can K\u0131z\u0131l\"},\"image\":{\"@id\":\"https:\/\/denizcankizil.tr\/de\/#\/schema\/logo\/image\/\"}},{\"@type\":\"Person\",\"@id\":\"https:\/\/denizcankizil.tr\/de\/#\/schema\/person\/be3c05fe6a12686905512445d8185489\",\"name\":\"admin\",\"image\":{\"@type\":\"ImageObject\",\"inLanguage\":\"ru-RU\",\"@id\":\"https:\/\/denizcankizil.tr\/de\/#\/schema\/person\/image\/\",\"url\":\"https:\/\/secure.gravatar.com\/avatar\/c1fce94c830dc79107e174f890d7210541c4a63e8e5d816341794a2151c9d58c?s=96&d=mm&r=g\",\"contentUrl\":\"https:\/\/secure.gravatar.com\/avatar\/c1fce94c830dc79107e174f890d7210541c4a63e8e5d816341794a2151c9d58c?s=96&d=mm&r=g\",\"caption\":\"admin\"},\"sameAs\":[\"http:\/\/denizcankizil.tr\"],\"url\":\"https:\/\/www.iskenderun.org\/adiyamanda-uyusturucu-operasyonu-7-gozalti\"}]}<\/script>\n<!-- \/ Yoast SEO Premium plugin. -->","yoast_head_json":{"title":"Ad\u0131yaman\u2019da uyu\u015fturucu operasyonu: 7 g\u00f6zalt\u0131! - Av. Deniz Can K\u0131z\u0131l","robots":{"index":"index","follow":"follow","max-snippet":"max-snippet:-1","max-image-preview":"max-image-preview:large","max-video-preview":"max-video-preview:-1"},"canonical":"https:\/\/denizcankizil.tr\/ru\/haberler\/gundem\/adiyamanda-uyusturucu-operasyonu-7-gozalti\/","og_locale":"ru_RU","og_type":"article","og_title":"Ad\u0131yaman\u2019da uyu\u015fturucu operasyonu: 7 g\u00f6zalt\u0131!","og_description":"Ad\u0131yaman&#8217;da d\u00fczenlenen uyu\u015fturucu operasyonunda, Z.A.\u00c7, R.H, O.Y, \u0130.\u00c7, M.G.T, A.\u0130 ve F.E.B mahkemeye \u00e7\u0131kar\u0131ld\u0131. Operasyon kapsam\u0131nda tutuklanan \u00c7.\u00c7., M.A.Y ise yarg\u0131lama sonras\u0131nda adli kontrol \u015fart\u0131yla serbest b\u0131rak\u0131ld\u0131.ADIYAMAN (\u0130GFA) &#8211;\u00a0Ad\u0131yaman Emniyet M\u00fcd\u00fcrl\u00fc\u011f\u00fc taraf\u0131ndan y\u00fcr\u00fct\u00fclen operasyonda ele ge\u00e7irilen deliller do\u011frultusunda devam eden soru\u015fturmada, ilgili \u015fah\u0131slar\u0131n uyu\u015fturucu ticareti ile ili\u015fkileri \u00fczerine \u00e7al\u0131\u015fmalar s\u00fcrd\u00fcr\u00fcld\u00fc\u011f\u00fc bildirildi. Yetkililer, uyu\u015fturucu ile m\u00fccadelede kararl\u0131l\u0131klar\u0131n\u0131 koruduklar\u0131n\u0131 ve benzer operasyonlar\u0131n aral\u0131ks\u0131z devam edece\u011fini belirtti. Olayla ilgili geli\u015fmeler ve soru\u015fturman\u0131n ilerleyen a\u015famalar\u0131, kamuoyu ile payla\u015f\u0131lmaya devam edilecek. \u200bAd\u0131yaman&#8217;da d\u00fczenlenen uyu\u015fturucu operasyonunda, Z.A.\u00c7, R.H, O.Y, \u0130.\u00c7, M.G.T, A.\u0130 ve F.E.B mahkemeye \u00e7\u0131kar\u0131ld\u0131. Operasyon kapsam\u0131nda tutuklanan \u00c7.\u00c7., M.A.Y ise yarg\u0131lama sonras\u0131nda adli kontrol \u015fart\u0131yla serbest b\u0131rak\u0131ld\u0131.ADIYAMAN (\u0130GFA) &#8211;\u00a0Ad\u0131yaman Emniyet M\u00fcd\u00fcrl\u00fc\u011f\u00fc taraf\u0131ndan y\u00fcr\u00fct\u00fclen operasyonda ele ge\u00e7irilen deliller do\u011frultusunda devam eden soru\u015fturmada, ilgili \u015fah\u0131slar\u0131n uyu\u015fturucu ticareti ile ili\u015fkileri \u00fczerine \u00e7al\u0131\u015fmalar s\u00fcrd\u00fcr\u00fcld\u00fc\u011f\u00fc bildirildi. Yetkililer, uyu\u015fturucu ile m\u00fccadelede kararl\u0131l\u0131klar\u0131n\u0131 koruduklar\u0131n\u0131 ve benzer operasyonlar\u0131n aral\u0131ks\u0131z devam edece\u011fini belirtti. Olayla ilgili geli\u015fmeler ve soru\u015fturman\u0131n ilerleyen a\u015famalar\u0131, kamuoyu ile payla\u015f\u0131lmaya devam edilecek.\u00a0 \u200bHaberin Al\u0131nt\u0131land\u0131\u011f\u0131 Kaynak: www.iskenderun.org","og_url":"https:\/\/denizcankizil.tr\/ru\/haberler\/gundem\/adiyamanda-uyusturucu-operasyonu-7-gozalti\/","og_site_name":"Av. Deniz Can K\u0131z\u0131l","article_published_time":"2025-02-13T12:41:54+00:00","author":"admin","twitter_card":"summary_large_image","twitter_misc":{"\u041d\u0430\u043f\u0438\u0441\u0430\u043d\u043e \u0430\u0432\u0442\u043e\u0440\u043e\u043c":"admin","\u041f\u0440\u0438\u043c\u0435\u0440\u043d\u043e\u0435 \u0432\u0440\u0435\u043c\u044f \u0434\u043b\u044f \u0447\u0442\u0435\u043d\u0438\u044f":"1 \u043c\u0438\u043d\u0443\u0442\u0430"},"schema":{"@context":"https:\/\/schema.org","@graph":[{"@type":"Article","@id":"https:\/\/denizcankizil.tr\/en\/haberler\/gundem\/adiyamanda-uyusturucu-operasyonu-7-gozalti\/#article","isPartOf":{"@id":"https:\/\/denizcankizil.tr\/en\/haberler\/gundem\/adiyamanda-uyusturucu-operasyonu-7-gozalti\/"},"author":{"name":"admin","@id":"https:\/\/denizcankizil.tr\/de\/#\/schema\/person\/be3c05fe6a12686905512445d8185489"},"headline":"Ad\u0131yaman\u2019da uyu\u015fturucu operasyonu: 7 g\u00f6zalt\u0131!","datePublished":"2025-02-13T12:41:54+00:00","mainEntityOfPage":{"@id":"https:\/\/denizcankizil.tr\/en\/haberler\/gundem\/adiyamanda-uyusturucu-operasyonu-7-gozalti\/"},"wordCount":274,"commentCount":0,"publisher":{"@id":"https:\/\/denizcankizil.tr\/de\/#organization"},"articleSection":["G\u00fcndem"],"inLanguage":"ru-RU","potentialAction":[{"@type":"CommentAction","name":"Comment","target":["https:\/\/denizcankizil.tr\/en\/haberler\/gundem\/adiyamanda-uyusturucu-operasyonu-7-gozalti\/#respond"]}]},{"@type":"WebPage","@id":"https:\/\/denizcankizil.tr\/en\/haberler\/gundem\/adiyamanda-uyusturucu-operasyonu-7-gozalti\/","url":"https:\/\/denizcankizil.tr\/en\/haberler\/gundem\/adiyamanda-uyusturucu-operasyonu-7-gozalti\/","name":"Ad\u0131yaman\u2019da uyu\u015fturucu operasyonu: 7 g\u00f6zalt\u0131! - Av. Deniz Can K\u0131z\u0131l","isPartOf":{"@id":"https:\/\/denizcankizil.tr\/de\/#website"},"datePublished":"2025-02-13T12:41:54+00:00","breadcrumb":{"@id":"https:\/\/denizcankizil.tr\/en\/haberler\/gundem\/adiyamanda-uyusturucu-operasyonu-7-gozalti\/#breadcrumb"},"inLanguage":"ru-RU","potentialAction":[{"@type":"ReadAction","target":["https:\/\/denizcankizil.tr\/en\/haberler\/gundem\/adiyamanda-uyusturucu-operasyonu-7-gozalti\/"]}]},{"@type":"BreadcrumbList","@id":"https:\/\/denizcankizil.tr\/en\/haberler\/gundem\/adiyamanda-uyusturucu-operasyonu-7-gozalti\/#breadcrumb","itemListElement":[{"@type":"ListItem","position":1,"name":"Home","item":"https:\/\/denizcankizil.tr\/de\/"},{"@type":"ListItem","position":2,"name":"Ad\u0131yaman\u2019da uyu\u015fturucu operasyonu: 7 g\u00f6zalt\u0131!"}]},{"@type":"WebSite","@id":"https:\/\/denizcankizil.tr\/de\/#website","url":"https:\/\/denizcankizil.tr\/de\/","name":"Av. Deniz Can K\u0131z\u0131l","description":"Avukat Deniz Can K\u0131z\u0131l Antalya Barosu","publisher":{"@id":"https:\/\/denizcankizil.tr\/de\/#organization"},"potentialAction":[{"@type":"SearchAction","target":{"@type":"EntryPoint","urlTemplate":"https:\/\/denizcankizil.tr\/de\/?s={search_term_string}"},"query-input":{"@type":"PropertyValueSpecification","valueRequired":true,"valueName":"search_term_string"}}],"inLanguage":"ru-RU"},{"@type":"Organization","@id":"https:\/\/denizcankizil.tr\/de\/#organization","name":"Av. Deniz Can K\u0131z\u0131l","url":"https:\/\/denizcankizil.tr\/de\/","logo":{"@type":"ImageObject","inLanguage":"ru-RU","@id":"https:\/\/denizcankizil.tr\/de\/#\/schema\/logo\/image\/","url":"https:\/\/denizcankizil.tr\/wp-content\/uploads\/2024\/10\/siyah-logo-svg.svg","contentUrl":"https:\/\/denizcankizil.tr\/wp-content\/uploads\/2024\/10\/siyah-logo-svg.svg","width":1080,"height":1080,"caption":"Av. Deniz Can K\u0131z\u0131l"},"image":{"@id":"https:\/\/denizcankizil.tr\/de\/#\/schema\/logo\/image\/"}},{"@type":"Person","@id":"https:\/\/denizcankizil.tr\/de\/#\/schema\/person\/be3c05fe6a12686905512445d8185489","name":"\u0430\u0434\u043c\u0438\u043d","image":{"@type":"ImageObject","inLanguage":"ru-RU","@id":"https:\/\/denizcankizil.tr\/de\/#\/schema\/person\/image\/","url":"https:\/\/secure.gravatar.com\/avatar\/c1fce94c830dc79107e174f890d7210541c4a63e8e5d816341794a2151c9d58c?s=96&d=mm&r=g","contentUrl":"https:\/\/secure.gravatar.com\/avatar\/c1fce94c830dc79107e174f890d7210541c4a63e8e5d816341794a2151c9d58c?s=96&d=mm&r=g","caption":"admin"},"sameAs":["http:\/\/denizcankizil.tr"],"url":"https:\/\/www.iskenderun.org\/adiyamanda-uyusturucu-operasyonu-7-gozalti"}]}},"_links":{"self":[{"href":"https:\/\/denizcankizil.tr\/ru\/wp-json\/wp\/v2\/posts\/32548","targetHints":{"allow":["GET"]}}],"collection":[{"href":"https:\/\/denizcankizil.tr\/ru\/wp-json\/wp\/v2\/posts"}],"about":[{"href":"https:\/\/denizcankizil.tr\/ru\/wp-json\/wp\/v2\/types\/post"}],"author":[{"embeddable":true,"href":"https:\/\/denizcankizil.tr\/ru\/wp-json\/wp\/v2\/users\/1"}],"replies":[{"embeddable":true,"href":"https:\/\/denizcankizil.tr\/ru\/wp-json\/wp\/v2\/comments?post=32548"}],"version-history":[{"count":0,"href":"https:\/\/denizcankizil.tr\/ru\/wp-json\/wp\/v2\/posts\/32548\/revisions"}],"wp:attachment":[{"href":"https:\/\/denizcankizil.tr\/ru\/wp-json\/wp\/v2\/media?parent=32548"}],"wp:term":[{"taxonomy":"category","embeddable":true,"href":"https:\/\/denizcankizil.tr\/ru\/wp-json\/wp\/v2\/categories?post=32548"},{"taxonomy":"post_tag","embeddable":true,"href":"https:\/\/denizcankizil.tr\/ru\/wp-json\/wp\/v2\/tags?post=32548"}],"curies":[{"name":"wp","href":"https:\/\/api.w.org\/{rel}","templated":true}]}}