{"id":32460,"date":"2025-02-13T11:41:21","date_gmt":"2025-02-13T08:41:21","guid":{"rendered":"https:\/\/denizcankizil.tr\/uncategorized-tr\/buldugu-sikkeleri-muzeye-teslim-etti\/"},"modified":"2025-02-13T11:41:21","modified_gmt":"2025-02-13T08:41:21","slug":"buldugu-sikkeleri-muzeye-teslim-etti","status":"publish","type":"post","link":"https:\/\/denizcankizil.tr\/ru\/haberler\/antalya\/buldugu-sikkeleri-muzeye-teslim-etti\/","title":{"rendered":"Buldu\u011fu sikkeleri m\u00fczeye teslim etti"},"content":{"rendered":"<p>Akseki il\u00e7esi De\u011firmenlik Mahallesi&#8217;nde ya\u015fayan lise son s\u0131n\u0131f \u00f6\u011frencisi Kamil Girgin, hafta sonu ailesiyle pikni\u011fe gitti. Antik e\u015fyalara merakl\u0131 olan Girgin, piknik alan\u0131ndaki y\u0131k\u0131nt\u0131lar i\u00e7erisinde gezinirken topra\u011f\u0131n i\u00e7erisinde bir \u00e7\u00f6mlek par\u00e7as\u0131 buldu. \u00c7\u00f6mle\u011fi kald\u0131ran Girgin, topra\u011f\u0131n i\u00e7erisine kar\u0131\u015fm\u0131\u015f iki eski para buldu. Girgin, buldu\u011fu sikkeleri ailesiyle birlikte Side M\u00fcze M\u00fcd\u00fcrl\u00fc\u011f\u00fcne giderek teslim etti.<br \/>\nKamil Girgin, &#8220;Babam, annem ve karde\u015flerim hep birlikte ailecek gezmeye gitmi\u015ftik. Orman i\u00e7erisinde y\u0131\u011f\u0131nt\u0131 ta\u015flar g\u00f6rd\u00fcm. Yak\u0131n\u0131na gitti\u011fim zaman \u00e7ok say\u0131da k\u0131rm\u0131z\u0131 renkli \u00e7\u00f6mlek par\u00e7alar\u0131 buldum&#8221; dedi.<br \/>\nTatil d\u00f6nemlerinde ailesi ile birlikte m\u00fcze ve \u00f6ren yerlerini gezdiklerini ve her zaman dikkatinin \u00e7ekti\u011fini s\u00f6yleyen Girgin, &#8220;Ailemle her tatil d\u00f6neminde \u00e7ok fazla m\u00fcze gezdi\u011fimiz i\u00e7in \u00f6ren yerleri, eski e\u015fyalar gibi \u015feyler her zaman dikkatimi \u00e7eker. Bu y\u0131k\u0131nt\u0131lar i\u00e7erisinde gezinirken topra\u011f\u0131n i\u00e7erisinde bir \u00e7\u00f6mlek par\u00e7as\u0131n\u0131n ucunu g\u00f6rd\u00fcm. Merak edip kald\u0131rd\u0131\u011f\u0131mda topra\u011f\u0131n i\u00e7erisine kar\u0131\u015fm\u0131\u015f iki tane eski para buldum. Buldu\u011fum \u00e7\u00f6mlek par\u00e7alar\u0131 ve paralar\u0131 annem ile babam\u0131n yan\u0131na g\u00f6t\u00fcrd\u00fcm. Annem tarih \u00f6\u011fretmeni oldu\u011fu i\u00e7in bu paralar\u0131n tarihi eser olabilece\u011fini, m\u00fczeye teslim etmemiz gerekti\u011fini s\u00f6yledi&#8221; diye konu\u015ftu.<\/p>\n<p>Girgin, \u015f\u00f6yle devam etti:<br \/>\n&#8220;Bize en yak\u0131n m\u00fcze Manavgat Side M\u00fczesi oldu\u011fu i\u00e7in babamla birlikte iki \u00e7\u00f6mlek par\u00e7as\u0131 ve iki eski paray\u0131 alarak Side M\u00fcze M\u00fcd\u00fcrl\u00fc\u011f\u00fcne gittik. M\u00fczeye teslim ettik. Teslim al\u0131nd\u0131\u011f\u0131na dair tutanak tuttular. \u00c7\u00f6mlek par\u00e7alar\u0131n\u0131 ald\u0131\u011f\u0131m\u0131z yere b\u0131rakmam\u0131z i\u00e7in bize geri verdiler. Sikkelerin birinin Do\u011fu Roma, di\u011ferinin de Roma d\u00f6nemine ait bronz sikke oldu\u011funu \u00f6\u011frendik. Paralar\u0131n ise de\u011feri konusunda bir komisyon kurulacakm\u0131\u015f. Bu komisyonun taktiri ile K\u00fclt\u00fcr ve Turizm Bakanl\u0131\u011f\u0131 taraf\u0131ndan para \u00f6d\u00fcl\u00fc ile \u00f6d\u00fcllendirilece\u011fim s\u00f6ylendi ve Side M\u00fcze M\u00fcd\u00fcr\u00fc bizim bu tutumumuzdan dolay\u0131 te\u015fekk\u00fcr etti.&#8221;<\/p>\n<p>Kaynak: www.kanalv.com.tr Haber Sitesinden Al\u0131nm\u0131\u015ft\u0131r.<\/p>","protected":false},"excerpt":{"rendered":"<p>Akseki il\u00e7esi De\u011firmenlik Mahallesi&#8217;nde ya\u015fayan lise son s\u0131n\u0131f \u00f6\u011frencisi Kamil Girgin, hafta sonu ailesiyle pikni\u011fe gitti. Antik e\u015fyalara merakl\u0131 olan Girgin, piknik alan\u0131ndaki y\u0131k\u0131nt\u0131lar i\u00e7erisinde gezinirken topra\u011f\u0131n i\u00e7erisinde bir \u00e7\u00f6mlek par\u00e7as\u0131 buldu. \u00c7\u00f6mle\u011fi kald\u0131ran Girgin, topra\u011f\u0131n i\u00e7erisine kar\u0131\u015fm\u0131\u015f iki eski para buldu. Girgin, buldu\u011fu sikkeleri ailesiyle birlikte Side M\u00fcze M\u00fcd\u00fcrl\u00fc\u011f\u00fcne giderek teslim etti. Kamil Girgin, &#8220;Babam, annem ve karde\u015flerim hep birlikte ailecek gezmeye gitmi\u015ftik. Orman i\u00e7erisinde y\u0131\u011f\u0131nt\u0131 ta\u015flar g\u00f6rd\u00fcm. Yak\u0131n\u0131na gitti\u011fim zaman \u00e7ok say\u0131da k\u0131rm\u0131z\u0131 renkli \u00e7\u00f6mlek par\u00e7alar\u0131 buldum&#8221; dedi. Tatil d\u00f6nemlerinde ailesi ile birlikte m\u00fcze ve \u00f6ren yerlerini gezdiklerini ve her zaman dikkatinin \u00e7ekti\u011fini s\u00f6yleyen Girgin, &#8220;Ailemle her tatil d\u00f6neminde \u00e7ok fazla m\u00fcze gezdi\u011fimiz i\u00e7in \u00f6ren yerleri, eski e\u015fyalar gibi \u015feyler her zaman dikkatimi \u00e7eker. Bu y\u0131k\u0131nt\u0131lar i\u00e7erisinde gezinirken topra\u011f\u0131n i\u00e7erisinde bir \u00e7\u00f6mlek par\u00e7as\u0131n\u0131n ucunu g\u00f6rd\u00fcm. Merak edip kald\u0131rd\u0131\u011f\u0131mda topra\u011f\u0131n i\u00e7erisine kar\u0131\u015fm\u0131\u015f iki tane eski para buldum. Buldu\u011fum \u00e7\u00f6mlek par\u00e7alar\u0131 ve paralar\u0131 annem ile babam\u0131n yan\u0131na g\u00f6t\u00fcrd\u00fcm. Annem tarih \u00f6\u011fretmeni oldu\u011fu i\u00e7in bu paralar\u0131n tarihi eser olabilece\u011fini, m\u00fczeye teslim etmemiz gerekti\u011fini s\u00f6yledi&#8221; diye konu\u015ftu. Girgin, \u015f\u00f6yle devam etti: &#8220;Bize en yak\u0131n m\u00fcze Manavgat Side M\u00fczesi oldu\u011fu i\u00e7in babamla birlikte iki \u00e7\u00f6mlek par\u00e7as\u0131 ve iki eski paray\u0131 alarak Side M\u00fcze M\u00fcd\u00fcrl\u00fc\u011f\u00fcne gittik. M\u00fczeye teslim ettik. Teslim al\u0131nd\u0131\u011f\u0131na dair tutanak tuttular. &hellip;<\/p>","protected":false},"author":4,"featured_media":32461,"comment_status":"open","ping_status":"open","sticky":false,"template":"","format":"standard","meta":{"_acf_changed":false,"footnotes":""},"categories":[26],"tags":[],"class_list":["post-32460","post","type-post","status-publish","format-standard","has-post-thumbnail","hentry","category-antalya"],"acf":[],"yoast_head":"<!-- This site is optimized with the Yoast SEO Premium plugin v26.6 (Yoast SEO v27.1.1) - https:\/\/yoast.com\/product\/yoast-seo-premium-wordpress\/ -->\n<title>Buldu\u011fu sikkeleri m\u00fczeye teslim etti - Av. Deniz Can K\u0131z\u0131l<\/title>\n<meta name=\"robots\" content=\"index, follow, max-snippet:-1, max-image-preview:large, max-video-preview:-1\" \/>\n<link rel=\"canonical\" href=\"https:\/\/denizcankizil.tr\/ru\/haberler\/antalya\/buldugu-sikkeleri-muzeye-teslim-etti\/\" \/>\n<meta property=\"og:locale\" content=\"ru_RU\" \/>\n<meta property=\"og:type\" content=\"article\" \/>\n<meta property=\"og:title\" content=\"Buldu\u011fu sikkeleri m\u00fczeye teslim etti\" \/>\n<meta property=\"og:description\" content=\"Akseki il\u00e7esi De\u011firmenlik Mahallesi&#8217;nde ya\u015fayan lise son s\u0131n\u0131f \u00f6\u011frencisi Kamil Girgin, hafta sonu ailesiyle pikni\u011fe gitti. Antik e\u015fyalara merakl\u0131 olan Girgin, piknik alan\u0131ndaki y\u0131k\u0131nt\u0131lar i\u00e7erisinde gezinirken topra\u011f\u0131n i\u00e7erisinde bir \u00e7\u00f6mlek par\u00e7as\u0131 buldu. \u00c7\u00f6mle\u011fi kald\u0131ran Girgin, topra\u011f\u0131n i\u00e7erisine kar\u0131\u015fm\u0131\u015f iki eski para buldu. Girgin, buldu\u011fu sikkeleri ailesiyle birlikte Side M\u00fcze M\u00fcd\u00fcrl\u00fc\u011f\u00fcne giderek teslim etti. Kamil Girgin, &#8220;Babam, annem ve karde\u015flerim hep birlikte ailecek gezmeye gitmi\u015ftik. Orman i\u00e7erisinde y\u0131\u011f\u0131nt\u0131 ta\u015flar g\u00f6rd\u00fcm. Yak\u0131n\u0131na gitti\u011fim zaman \u00e7ok say\u0131da k\u0131rm\u0131z\u0131 renkli \u00e7\u00f6mlek par\u00e7alar\u0131 buldum&#8221; dedi. Tatil d\u00f6nemlerinde ailesi ile birlikte m\u00fcze ve \u00f6ren yerlerini gezdiklerini ve her zaman dikkatinin \u00e7ekti\u011fini s\u00f6yleyen Girgin, &#8220;Ailemle her tatil d\u00f6neminde \u00e7ok fazla m\u00fcze gezdi\u011fimiz i\u00e7in \u00f6ren yerleri, eski e\u015fyalar gibi \u015feyler her zaman dikkatimi \u00e7eker. Bu y\u0131k\u0131nt\u0131lar i\u00e7erisinde gezinirken topra\u011f\u0131n i\u00e7erisinde bir \u00e7\u00f6mlek par\u00e7as\u0131n\u0131n ucunu g\u00f6rd\u00fcm. Merak edip kald\u0131rd\u0131\u011f\u0131mda topra\u011f\u0131n i\u00e7erisine kar\u0131\u015fm\u0131\u015f iki tane eski para buldum. Buldu\u011fum \u00e7\u00f6mlek par\u00e7alar\u0131 ve paralar\u0131 annem ile babam\u0131n yan\u0131na g\u00f6t\u00fcrd\u00fcm. Annem tarih \u00f6\u011fretmeni oldu\u011fu i\u00e7in bu paralar\u0131n tarihi eser olabilece\u011fini, m\u00fczeye teslim etmemiz gerekti\u011fini s\u00f6yledi&#8221; diye konu\u015ftu. Girgin, \u015f\u00f6yle devam etti: &#8220;Bize en yak\u0131n m\u00fcze Manavgat Side M\u00fczesi oldu\u011fu i\u00e7in babamla birlikte iki \u00e7\u00f6mlek par\u00e7as\u0131 ve iki eski paray\u0131 alarak Side M\u00fcze M\u00fcd\u00fcrl\u00fc\u011f\u00fcne gittik. M\u00fczeye teslim ettik. Teslim al\u0131nd\u0131\u011f\u0131na dair tutanak tuttular. &hellip;\" \/>\n<meta property=\"og:url\" content=\"https:\/\/denizcankizil.tr\/ru\/haberler\/antalya\/buldugu-sikkeleri-muzeye-teslim-etti\/\" \/>\n<meta property=\"og:site_name\" content=\"Av. Deniz Can K\u0131z\u0131l\" \/>\n<meta property=\"article:published_time\" content=\"2025-02-13T08:41:21+00:00\" \/>\n<meta property=\"og:image\" content=\"https:\/\/denizcankizil.tr\/wp-content\/uploads\/2025\/02\/4617-01-TOq1pz.jpeg\" \/>\n\t<meta property=\"og:image:width\" content=\"1280\" \/>\n\t<meta property=\"og:image:height\" content=\"720\" \/>\n\t<meta property=\"og:image:type\" content=\"image\/jpeg\" \/>\n<meta name=\"author\" content=\"Av. Deniz Can K\u0131z\u0131l\" \/>\n<meta name=\"twitter:card\" content=\"summary_large_image\" \/>\n<meta name=\"twitter:label1\" content=\"\u041d\u0430\u043f\u0438\u0441\u0430\u043d\u043e \u0430\u0432\u0442\u043e\u0440\u043e\u043c\" \/>\n\t<meta name=\"twitter:data1\" content=\"Av. Deniz Can K\u0131z\u0131l\" \/>\n\t<meta name=\"twitter:label2\" content=\"\u041f\u0440\u0438\u043c\u0435\u0440\u043d\u043e\u0435 \u0432\u0440\u0435\u043c\u044f \u0434\u043b\u044f \u0447\u0442\u0435\u043d\u0438\u044f\" \/>\n\t<meta name=\"twitter:data2\" content=\"2 \u043c\u0438\u043d\u0443\u0442\u044b\" \/>\n<script type=\"application\/ld+json\" class=\"yoast-schema-graph\">{\"@context\":\"https:\/\/schema.org\",\"@graph\":[{\"@type\":\"Article\",\"@id\":\"https:\/\/denizcankizil.tr\/ru\/haberler\/antalya\/buldugu-sikkeleri-muzeye-teslim-etti\/#article\",\"isPartOf\":{\"@id\":\"https:\/\/denizcankizil.tr\/ru\/haberler\/antalya\/buldugu-sikkeleri-muzeye-teslim-etti\/\"},\"author\":{\"name\":\"Av. Deniz Can K\u0131z\u0131l\",\"@id\":\"https:\/\/denizcankizil.tr\/de\/#\/schema\/person\/5dc1b22991bd7ac833867c10afc9b0ff\"},\"headline\":\"Buldu\u011fu sikkeleri m\u00fczeye teslim etti\",\"datePublished\":\"2025-02-13T08:41:21+00:00\",\"mainEntityOfPage\":{\"@id\":\"https:\/\/denizcankizil.tr\/ru\/haberler\/antalya\/buldugu-sikkeleri-muzeye-teslim-etti\/\"},\"wordCount\":389,\"commentCount\":0,\"publisher\":{\"@id\":\"https:\/\/denizcankizil.tr\/de\/#organization\"},\"image\":{\"@id\":\"https:\/\/denizcankizil.tr\/ru\/haberler\/antalya\/buldugu-sikkeleri-muzeye-teslim-etti\/#primaryimage\"},\"thumbnailUrl\":\"https:\/\/denizcankizil.tr\/wp-content\/uploads\/2025\/02\/4617-01-TOq1pz.jpeg\",\"articleSection\":[\"Antalya\"],\"inLanguage\":\"ru-RU\",\"potentialAction\":[{\"@type\":\"CommentAction\",\"name\":\"Comment\",\"target\":[\"https:\/\/denizcankizil.tr\/ru\/haberler\/antalya\/buldugu-sikkeleri-muzeye-teslim-etti\/#respond\"]}]},{\"@type\":\"WebPage\",\"@id\":\"https:\/\/denizcankizil.tr\/ru\/haberler\/antalya\/buldugu-sikkeleri-muzeye-teslim-etti\/\",\"url\":\"https:\/\/denizcankizil.tr\/ru\/haberler\/antalya\/buldugu-sikkeleri-muzeye-teslim-etti\/\",\"name\":\"Buldu\u011fu sikkeleri m\u00fczeye teslim etti - Av. Deniz Can K\u0131z\u0131l\",\"isPartOf\":{\"@id\":\"https:\/\/denizcankizil.tr\/de\/#website\"},\"primaryImageOfPage\":{\"@id\":\"https:\/\/denizcankizil.tr\/ru\/haberler\/antalya\/buldugu-sikkeleri-muzeye-teslim-etti\/#primaryimage\"},\"image\":{\"@id\":\"https:\/\/denizcankizil.tr\/ru\/haberler\/antalya\/buldugu-sikkeleri-muzeye-teslim-etti\/#primaryimage\"},\"thumbnailUrl\":\"https:\/\/denizcankizil.tr\/wp-content\/uploads\/2025\/02\/4617-01-TOq1pz.jpeg\",\"datePublished\":\"2025-02-13T08:41:21+00:00\",\"breadcrumb\":{\"@id\":\"https:\/\/denizcankizil.tr\/ru\/haberler\/antalya\/buldugu-sikkeleri-muzeye-teslim-etti\/#breadcrumb\"},\"inLanguage\":\"ru-RU\",\"potentialAction\":[{\"@type\":\"ReadAction\",\"target\":[\"https:\/\/denizcankizil.tr\/ru\/haberler\/antalya\/buldugu-sikkeleri-muzeye-teslim-etti\/\"]}]},{\"@type\":\"ImageObject\",\"inLanguage\":\"ru-RU\",\"@id\":\"https:\/\/denizcankizil.tr\/ru\/haberler\/antalya\/buldugu-sikkeleri-muzeye-teslim-etti\/#primaryimage\",\"url\":\"https:\/\/denizcankizil.tr\/wp-content\/uploads\/2025\/02\/4617-01-TOq1pz.jpeg\",\"contentUrl\":\"https:\/\/denizcankizil.tr\/wp-content\/uploads\/2025\/02\/4617-01-TOq1pz.jpeg\",\"width\":1280,\"height\":720},{\"@type\":\"BreadcrumbList\",\"@id\":\"https:\/\/denizcankizil.tr\/ru\/haberler\/antalya\/buldugu-sikkeleri-muzeye-teslim-etti\/#breadcrumb\",\"itemListElement\":[{\"@type\":\"ListItem\",\"position\":1,\"name\":\"Home\",\"item\":\"https:\/\/denizcankizil.tr\/de\/\"},{\"@type\":\"ListItem\",\"position\":2,\"name\":\"Buldu\u011fu sikkeleri m\u00fczeye teslim etti\"}]},{\"@type\":\"WebSite\",\"@id\":\"https:\/\/denizcankizil.tr\/de\/#website\",\"url\":\"https:\/\/denizcankizil.tr\/de\/\",\"name\":\"Av. Deniz Can K\u0131z\u0131l\",\"description\":\"Avukat Deniz Can K\u0131z\u0131l Antalya Barosu\",\"publisher\":{\"@id\":\"https:\/\/denizcankizil.tr\/de\/#organization\"},\"potentialAction\":[{\"@type\":\"SearchAction\",\"target\":{\"@type\":\"EntryPoint\",\"urlTemplate\":\"https:\/\/denizcankizil.tr\/de\/?s={search_term_string}\"},\"query-input\":{\"@type\":\"PropertyValueSpecification\",\"valueRequired\":true,\"valueName\":\"search_term_string\"}}],\"inLanguage\":\"ru-RU\"},{\"@type\":\"Organization\",\"@id\":\"https:\/\/denizcankizil.tr\/de\/#organization\",\"name\":\"Av. Deniz Can K\u0131z\u0131l\",\"url\":\"https:\/\/denizcankizil.tr\/de\/\",\"logo\":{\"@type\":\"ImageObject\",\"inLanguage\":\"ru-RU\",\"@id\":\"https:\/\/denizcankizil.tr\/de\/#\/schema\/logo\/image\/\",\"url\":\"https:\/\/denizcankizil.tr\/wp-content\/uploads\/2024\/10\/siyah-logo-svg.svg\",\"contentUrl\":\"https:\/\/denizcankizil.tr\/wp-content\/uploads\/2024\/10\/siyah-logo-svg.svg\",\"width\":1080,\"height\":1080,\"caption\":\"Av. Deniz Can K\u0131z\u0131l\"},\"image\":{\"@id\":\"https:\/\/denizcankizil.tr\/de\/#\/schema\/logo\/image\/\"}},{\"@type\":\"Person\",\"@id\":\"https:\/\/denizcankizil.tr\/de\/#\/schema\/person\/5dc1b22991bd7ac833867c10afc9b0ff\",\"name\":\"Av. Deniz Can K\u0131z\u0131l\",\"image\":{\"@type\":\"ImageObject\",\"inLanguage\":\"ru-RU\",\"@id\":\"https:\/\/denizcankizil.tr\/de\/#\/schema\/person\/image\/\",\"url\":\"https:\/\/secure.gravatar.com\/avatar\/a0b128fb9855c79efc976d5640eedb31dc35ec297594d6016d2cf7c60e975bb6?s=96&d=mm&r=g\",\"contentUrl\":\"https:\/\/secure.gravatar.com\/avatar\/a0b128fb9855c79efc976d5640eedb31dc35ec297594d6016d2cf7c60e975bb6?s=96&d=mm&r=g\",\"caption\":\"Av. Deniz Can K\u0131z\u0131l\"},\"sameAs\":[\"http:\/\/www.denizcankizil.tr\"],\"url\":\"https:\/\/denizcankizil.tr\/ru\/author\/denizcankizil\/\"}]}<\/script>\n<!-- \/ Yoast SEO Premium plugin. -->","yoast_head_json":{"title":"Buldu\u011fu sikkeleri m\u00fczeye teslim etti - Av. Deniz Can K\u0131z\u0131l","robots":{"index":"index","follow":"follow","max-snippet":"max-snippet:-1","max-image-preview":"max-image-preview:large","max-video-preview":"max-video-preview:-1"},"canonical":"https:\/\/denizcankizil.tr\/ru\/haberler\/antalya\/buldugu-sikkeleri-muzeye-teslim-etti\/","og_locale":"ru_RU","og_type":"article","og_title":"Buldu\u011fu sikkeleri m\u00fczeye teslim etti","og_description":"Akseki il\u00e7esi De\u011firmenlik Mahallesi&#8217;nde ya\u015fayan lise son s\u0131n\u0131f \u00f6\u011frencisi Kamil Girgin, hafta sonu ailesiyle pikni\u011fe gitti. Antik e\u015fyalara merakl\u0131 olan Girgin, piknik alan\u0131ndaki y\u0131k\u0131nt\u0131lar i\u00e7erisinde gezinirken topra\u011f\u0131n i\u00e7erisinde bir \u00e7\u00f6mlek par\u00e7as\u0131 buldu. \u00c7\u00f6mle\u011fi kald\u0131ran Girgin, topra\u011f\u0131n i\u00e7erisine kar\u0131\u015fm\u0131\u015f iki eski para buldu. Girgin, buldu\u011fu sikkeleri ailesiyle birlikte Side M\u00fcze M\u00fcd\u00fcrl\u00fc\u011f\u00fcne giderek teslim etti. Kamil Girgin, &#8220;Babam, annem ve karde\u015flerim hep birlikte ailecek gezmeye gitmi\u015ftik. Orman i\u00e7erisinde y\u0131\u011f\u0131nt\u0131 ta\u015flar g\u00f6rd\u00fcm. Yak\u0131n\u0131na gitti\u011fim zaman \u00e7ok say\u0131da k\u0131rm\u0131z\u0131 renkli \u00e7\u00f6mlek par\u00e7alar\u0131 buldum&#8221; dedi. Tatil d\u00f6nemlerinde ailesi ile birlikte m\u00fcze ve \u00f6ren yerlerini gezdiklerini ve her zaman dikkatinin \u00e7ekti\u011fini s\u00f6yleyen Girgin, &#8220;Ailemle her tatil d\u00f6neminde \u00e7ok fazla m\u00fcze gezdi\u011fimiz i\u00e7in \u00f6ren yerleri, eski e\u015fyalar gibi \u015feyler her zaman dikkatimi \u00e7eker. Bu y\u0131k\u0131nt\u0131lar i\u00e7erisinde gezinirken topra\u011f\u0131n i\u00e7erisinde bir \u00e7\u00f6mlek par\u00e7as\u0131n\u0131n ucunu g\u00f6rd\u00fcm. Merak edip kald\u0131rd\u0131\u011f\u0131mda topra\u011f\u0131n i\u00e7erisine kar\u0131\u015fm\u0131\u015f iki tane eski para buldum. Buldu\u011fum \u00e7\u00f6mlek par\u00e7alar\u0131 ve paralar\u0131 annem ile babam\u0131n yan\u0131na g\u00f6t\u00fcrd\u00fcm. Annem tarih \u00f6\u011fretmeni oldu\u011fu i\u00e7in bu paralar\u0131n tarihi eser olabilece\u011fini, m\u00fczeye teslim etmemiz gerekti\u011fini s\u00f6yledi&#8221; diye konu\u015ftu. Girgin, \u015f\u00f6yle devam etti: &#8220;Bize en yak\u0131n m\u00fcze Manavgat Side M\u00fczesi oldu\u011fu i\u00e7in babamla birlikte iki \u00e7\u00f6mlek par\u00e7as\u0131 ve iki eski paray\u0131 alarak Side M\u00fcze M\u00fcd\u00fcrl\u00fc\u011f\u00fcne gittik. M\u00fczeye teslim ettik. Teslim al\u0131nd\u0131\u011f\u0131na dair tutanak tuttular. &hellip;","og_url":"https:\/\/denizcankizil.tr\/ru\/haberler\/antalya\/buldugu-sikkeleri-muzeye-teslim-etti\/","og_site_name":"Av. Deniz Can K\u0131z\u0131l","article_published_time":"2025-02-13T08:41:21+00:00","og_image":[{"width":1280,"height":720,"url":"https:\/\/denizcankizil.tr\/wp-content\/uploads\/2025\/02\/4617-01-TOq1pz.jpeg","type":"image\/jpeg"}],"author":"Av. Deniz Can K\u0131z\u0131l","twitter_card":"summary_large_image","twitter_misc":{"\u041d\u0430\u043f\u0438\u0441\u0430\u043d\u043e \u0430\u0432\u0442\u043e\u0440\u043e\u043c":"Av. Deniz Can K\u0131z\u0131l","\u041f\u0440\u0438\u043c\u0435\u0440\u043d\u043e\u0435 \u0432\u0440\u0435\u043c\u044f \u0434\u043b\u044f \u0447\u0442\u0435\u043d\u0438\u044f":"2 \u043c\u0438\u043d\u0443\u0442\u044b"},"schema":{"@context":"https:\/\/schema.org","@graph":[{"@type":"Article","@id":"https:\/\/denizcankizil.tr\/ru\/haberler\/antalya\/buldugu-sikkeleri-muzeye-teslim-etti\/#article","isPartOf":{"@id":"https:\/\/denizcankizil.tr\/ru\/haberler\/antalya\/buldugu-sikkeleri-muzeye-teslim-etti\/"},"author":{"name":"Av. Deniz Can K\u0131z\u0131l","@id":"https:\/\/denizcankizil.tr\/de\/#\/schema\/person\/5dc1b22991bd7ac833867c10afc9b0ff"},"headline":"Buldu\u011fu sikkeleri m\u00fczeye teslim etti","datePublished":"2025-02-13T08:41:21+00:00","mainEntityOfPage":{"@id":"https:\/\/denizcankizil.tr\/ru\/haberler\/antalya\/buldugu-sikkeleri-muzeye-teslim-etti\/"},"wordCount":389,"commentCount":0,"publisher":{"@id":"https:\/\/denizcankizil.tr\/de\/#organization"},"image":{"@id":"https:\/\/denizcankizil.tr\/ru\/haberler\/antalya\/buldugu-sikkeleri-muzeye-teslim-etti\/#primaryimage"},"thumbnailUrl":"https:\/\/denizcankizil.tr\/wp-content\/uploads\/2025\/02\/4617-01-TOq1pz.jpeg","articleSection":["Antalya"],"inLanguage":"ru-RU","potentialAction":[{"@type":"CommentAction","name":"Comment","target":["https:\/\/denizcankizil.tr\/ru\/haberler\/antalya\/buldugu-sikkeleri-muzeye-teslim-etti\/#respond"]}]},{"@type":"WebPage","@id":"https:\/\/denizcankizil.tr\/ru\/haberler\/antalya\/buldugu-sikkeleri-muzeye-teslim-etti\/","url":"https:\/\/denizcankizil.tr\/ru\/haberler\/antalya\/buldugu-sikkeleri-muzeye-teslim-etti\/","name":"Buldu\u011fu sikkeleri m\u00fczeye teslim etti - Av. Deniz Can K\u0131z\u0131l","isPartOf":{"@id":"https:\/\/denizcankizil.tr\/de\/#website"},"primaryImageOfPage":{"@id":"https:\/\/denizcankizil.tr\/ru\/haberler\/antalya\/buldugu-sikkeleri-muzeye-teslim-etti\/#primaryimage"},"image":{"@id":"https:\/\/denizcankizil.tr\/ru\/haberler\/antalya\/buldugu-sikkeleri-muzeye-teslim-etti\/#primaryimage"},"thumbnailUrl":"https:\/\/denizcankizil.tr\/wp-content\/uploads\/2025\/02\/4617-01-TOq1pz.jpeg","datePublished":"2025-02-13T08:41:21+00:00","breadcrumb":{"@id":"https:\/\/denizcankizil.tr\/ru\/haberler\/antalya\/buldugu-sikkeleri-muzeye-teslim-etti\/#breadcrumb"},"inLanguage":"ru-RU","potentialAction":[{"@type":"ReadAction","target":["https:\/\/denizcankizil.tr\/ru\/haberler\/antalya\/buldugu-sikkeleri-muzeye-teslim-etti\/"]}]},{"@type":"ImageObject","inLanguage":"ru-RU","@id":"https:\/\/denizcankizil.tr\/ru\/haberler\/antalya\/buldugu-sikkeleri-muzeye-teslim-etti\/#primaryimage","url":"https:\/\/denizcankizil.tr\/wp-content\/uploads\/2025\/02\/4617-01-TOq1pz.jpeg","contentUrl":"https:\/\/denizcankizil.tr\/wp-content\/uploads\/2025\/02\/4617-01-TOq1pz.jpeg","width":1280,"height":720},{"@type":"BreadcrumbList","@id":"https:\/\/denizcankizil.tr\/ru\/haberler\/antalya\/buldugu-sikkeleri-muzeye-teslim-etti\/#breadcrumb","itemListElement":[{"@type":"ListItem","position":1,"name":"Home","item":"https:\/\/denizcankizil.tr\/de\/"},{"@type":"ListItem","position":2,"name":"Buldu\u011fu sikkeleri m\u00fczeye teslim etti"}]},{"@type":"WebSite","@id":"https:\/\/denizcankizil.tr\/de\/#website","url":"https:\/\/denizcankizil.tr\/de\/","name":"Av. Deniz Can K\u0131z\u0131l","description":"Avukat Deniz Can K\u0131z\u0131l Antalya Barosu","publisher":{"@id":"https:\/\/denizcankizil.tr\/de\/#organization"},"potentialAction":[{"@type":"SearchAction","target":{"@type":"EntryPoint","urlTemplate":"https:\/\/denizcankizil.tr\/de\/?s={search_term_string}"},"query-input":{"@type":"PropertyValueSpecification","valueRequired":true,"valueName":"search_term_string"}}],"inLanguage":"ru-RU"},{"@type":"Organization","@id":"https:\/\/denizcankizil.tr\/de\/#organization","name":"Av. Deniz Can K\u0131z\u0131l","url":"https:\/\/denizcankizil.tr\/de\/","logo":{"@type":"ImageObject","inLanguage":"ru-RU","@id":"https:\/\/denizcankizil.tr\/de\/#\/schema\/logo\/image\/","url":"https:\/\/denizcankizil.tr\/wp-content\/uploads\/2024\/10\/siyah-logo-svg.svg","contentUrl":"https:\/\/denizcankizil.tr\/wp-content\/uploads\/2024\/10\/siyah-logo-svg.svg","width":1080,"height":1080,"caption":"Av. Deniz Can K\u0131z\u0131l"},"image":{"@id":"https:\/\/denizcankizil.tr\/de\/#\/schema\/logo\/image\/"}},{"@type":"Person","@id":"https:\/\/denizcankizil.tr\/de\/#\/schema\/person\/5dc1b22991bd7ac833867c10afc9b0ff","name":"Av. Deniz Can K\u0131z\u0131l","image":{"@type":"ImageObject","inLanguage":"ru-RU","@id":"https:\/\/denizcankizil.tr\/de\/#\/schema\/person\/image\/","url":"https:\/\/secure.gravatar.com\/avatar\/a0b128fb9855c79efc976d5640eedb31dc35ec297594d6016d2cf7c60e975bb6?s=96&d=mm&r=g","contentUrl":"https:\/\/secure.gravatar.com\/avatar\/a0b128fb9855c79efc976d5640eedb31dc35ec297594d6016d2cf7c60e975bb6?s=96&d=mm&r=g","caption":"Av. Deniz Can K\u0131z\u0131l"},"sameAs":["http:\/\/www.denizcankizil.tr"],"url":"https:\/\/denizcankizil.tr\/ru\/author\/denizcankizil\/"}]}},"_links":{"self":[{"href":"https:\/\/denizcankizil.tr\/ru\/wp-json\/wp\/v2\/posts\/32460","targetHints":{"allow":["GET"]}}],"collection":[{"href":"https:\/\/denizcankizil.tr\/ru\/wp-json\/wp\/v2\/posts"}],"about":[{"href":"https:\/\/denizcankizil.tr\/ru\/wp-json\/wp\/v2\/types\/post"}],"author":[{"embeddable":true,"href":"https:\/\/denizcankizil.tr\/ru\/wp-json\/wp\/v2\/users\/4"}],"replies":[{"embeddable":true,"href":"https:\/\/denizcankizil.tr\/ru\/wp-json\/wp\/v2\/comments?post=32460"}],"version-history":[{"count":0,"href":"https:\/\/denizcankizil.tr\/ru\/wp-json\/wp\/v2\/posts\/32460\/revisions"}],"wp:featuredmedia":[{"embeddable":true,"href":"https:\/\/denizcankizil.tr\/ru\/wp-json\/wp\/v2\/media\/32461"}],"wp:attachment":[{"href":"https:\/\/denizcankizil.tr\/ru\/wp-json\/wp\/v2\/media?parent=32460"}],"wp:term":[{"taxonomy":"category","embeddable":true,"href":"https:\/\/denizcankizil.tr\/ru\/wp-json\/wp\/v2\/categories?post=32460"},{"taxonomy":"post_tag","embeddable":true,"href":"https:\/\/denizcankizil.tr\/ru\/wp-json\/wp\/v2\/tags?post=32460"}],"curies":[{"name":"wp","href":"https:\/\/api.w.org\/{rel}","templated":true}]}}