{"id":32444,"date":"2025-02-13T10:41:15","date_gmt":"2025-02-13T07:41:15","guid":{"rendered":"https:\/\/denizcankizil.tr\/uncategorized-tr\/yaylada-araclarinda-mahsur-kalan-vatandaslar-kurtarildi\/"},"modified":"2025-02-13T10:41:15","modified_gmt":"2025-02-13T07:41:15","slug":"yaylada-araclarinda-mahsur-kalan-vatandaslar-kurtarildi","status":"publish","type":"post","link":"https:\/\/denizcankizil.tr\/ru\/haberler\/antalya\/yaylada-araclarinda-mahsur-kalan-vatandaslar-kurtarildi\/","title":{"rendered":"Yaylada ara\u00e7lar\u0131nda mahsur kalan vatanda\u015flar kurtar\u0131ld\u0131"},"content":{"rendered":"<p>Alanya&#8217;n\u0131n y\u00fcksek kesimlerinde etkili olan yo\u011fun kar ya\u011f\u0131\u015f\u0131 ula\u015f\u0131mda aksamalara neden oldu. Kar nedeniyle Gedevet Yaylas\u0131 yol ayr\u0131m\u0131nda 2 ara\u00e7 mahsur kald\u0131. Ara\u00e7lar\u0131nda mahsur kalan vatanda\u015flar durumu Alanya Belediyesi&#8217;ne bildirdi. Alanya Belediyesi Acil Koordinasyon Merkezi koordinesindeki ekipler, h\u0131zla b\u00f6lgeye ula\u015ft\u0131. Ekipler, i\u015f makineleriyle yollar\u0131 a\u00e7arak, mahsur kalan ara\u00e7lar\u0131 g\u00fcvenli b\u00f6lgelere \u00e7ekti ve vatanda\u015flar\u0131n g\u00fcvenli\u011fini sa\u011flad\u0131.<\/p>\n<p>&#8220;Ekiplerimiz gece g\u00fcnd\u00fcz demeden sahada&#8221;<br \/>\nAlanya Belediye Ba\u015fkan\u0131 Osman Tar\u0131k \u00d6z\u00e7elik, konuyla ilgili yapt\u0131\u011f\u0131 a\u00e7\u0131klamada, &#8220;Belediye ekiplerimiz, gece g\u00fcnd\u00fcz demeden vatanda\u015flar\u0131m\u0131z\u0131n g\u00fcvenli\u011fi i\u00e7in sahada g\u00f6rev ba\u015f\u0131nda. Yo\u011fun kar ya\u011f\u0131\u015f\u0131 nedeniyle ula\u015f\u0131mda aksama ya\u015fayan vatanda\u015flar\u0131m\u0131z\u0131n yard\u0131m\u0131na ko\u015ftuk. Hem\u015fehrilerimizden, \u00f6zellikle y\u00fcksek kesimlerdeki k\u0131\u015f \u015fartlar\u0131na kar\u015f\u0131 dikkatli olmalar\u0131n\u0131 \u00f6nemle rica ediyorum&#8221; dedi. Ba\u015fkan \u00d6z\u00e7elik, k\u0131\u015f aylar\u0131nda olumsuz hava durumlar\u0131na kar\u015f\u0131 halk\u0131n ma\u011fdur olmamas\u0131 i\u00e7in \u00e7al\u0131\u015fmalar\u0131n aral\u0131ks\u0131z s\u00fcrd\u00fcr\u00fclece\u011fini kaydederek, vatanda\u015flar\u0131n herhangi bir durumda 444 82 07 numaral\u0131 hatta kendilerine ula\u015f\u0131labileceklerini s\u00f6yledi.<\/p>\n<p>Kaynak: www.kanalv.com.tr Haber Sitesinden Al\u0131nm\u0131\u015ft\u0131r.<\/p>","protected":false},"excerpt":{"rendered":"<p>Alanya&#8217;n\u0131n y\u00fcksek kesimlerinde etkili olan yo\u011fun kar ya\u011f\u0131\u015f\u0131 ula\u015f\u0131mda aksamalara neden oldu. Kar nedeniyle Gedevet Yaylas\u0131 yol ayr\u0131m\u0131nda 2 ara\u00e7 mahsur kald\u0131. Ara\u00e7lar\u0131nda mahsur kalan vatanda\u015flar durumu Alanya Belediyesi&#8217;ne bildirdi. Alanya Belediyesi Acil Koordinasyon Merkezi koordinesindeki ekipler, h\u0131zla b\u00f6lgeye ula\u015ft\u0131. Ekipler, i\u015f makineleriyle yollar\u0131 a\u00e7arak, mahsur kalan ara\u00e7lar\u0131 g\u00fcvenli b\u00f6lgelere \u00e7ekti ve vatanda\u015flar\u0131n g\u00fcvenli\u011fini sa\u011flad\u0131. &#8220;Ekiplerimiz gece g\u00fcnd\u00fcz demeden sahada&#8221; Alanya Belediye Ba\u015fkan\u0131 Osman Tar\u0131k \u00d6z\u00e7elik, konuyla ilgili yapt\u0131\u011f\u0131 a\u00e7\u0131klamada, &#8220;Belediye ekiplerimiz, gece g\u00fcnd\u00fcz demeden vatanda\u015flar\u0131m\u0131z\u0131n g\u00fcvenli\u011fi i\u00e7in sahada g\u00f6rev ba\u015f\u0131nda. Yo\u011fun kar ya\u011f\u0131\u015f\u0131 nedeniyle ula\u015f\u0131mda aksama ya\u015fayan vatanda\u015flar\u0131m\u0131z\u0131n yard\u0131m\u0131na ko\u015ftuk. Hem\u015fehrilerimizden, \u00f6zellikle y\u00fcksek kesimlerdeki k\u0131\u015f \u015fartlar\u0131na kar\u015f\u0131 dikkatli olmalar\u0131n\u0131 \u00f6nemle rica ediyorum&#8221; dedi. Ba\u015fkan \u00d6z\u00e7elik, k\u0131\u015f aylar\u0131nda olumsuz hava durumlar\u0131na kar\u015f\u0131 halk\u0131n ma\u011fdur olmamas\u0131 i\u00e7in \u00e7al\u0131\u015fmalar\u0131n aral\u0131ks\u0131z s\u00fcrd\u00fcr\u00fclece\u011fini kaydederek, vatanda\u015flar\u0131n herhangi bir durumda 444 82 07 numaral\u0131 hatta kendilerine ula\u015f\u0131labileceklerini s\u00f6yledi. Kaynak: www.kanalv.com.tr Haber Sitesinden Al\u0131nm\u0131\u015ft\u0131r.<\/p>","protected":false},"author":4,"featured_media":32445,"comment_status":"open","ping_status":"open","sticky":false,"template":"","format":"standard","meta":{"_acf_changed":false,"footnotes":""},"categories":[26],"tags":[],"class_list":["post-32444","post","type-post","status-publish","format-standard","has-post-thumbnail","hentry","category-antalya"],"acf":[],"yoast_head":"<!-- This site is optimized with the Yoast SEO Premium plugin v26.6 (Yoast SEO v27.1.1) - https:\/\/yoast.com\/product\/yoast-seo-premium-wordpress\/ -->\n<title>Yaylada ara\u00e7lar\u0131nda mahsur kalan vatanda\u015flar kurtar\u0131ld\u0131 - Av. Deniz Can K\u0131z\u0131l<\/title>\n<meta name=\"robots\" content=\"index, follow, max-snippet:-1, max-image-preview:large, max-video-preview:-1\" \/>\n<link rel=\"canonical\" href=\"https:\/\/denizcankizil.tr\/ru\/haberler\/antalya\/yaylada-araclarinda-mahsur-kalan-vatandaslar-kurtarildi\/\" \/>\n<meta property=\"og:locale\" content=\"ru_RU\" \/>\n<meta property=\"og:type\" content=\"article\" \/>\n<meta property=\"og:title\" content=\"Yaylada ara\u00e7lar\u0131nda mahsur kalan vatanda\u015flar kurtar\u0131ld\u0131\" \/>\n<meta property=\"og:description\" content=\"Alanya&#8217;n\u0131n y\u00fcksek kesimlerinde etkili olan yo\u011fun kar ya\u011f\u0131\u015f\u0131 ula\u015f\u0131mda aksamalara neden oldu. Kar nedeniyle Gedevet Yaylas\u0131 yol ayr\u0131m\u0131nda 2 ara\u00e7 mahsur kald\u0131. Ara\u00e7lar\u0131nda mahsur kalan vatanda\u015flar durumu Alanya Belediyesi&#8217;ne bildirdi. Alanya Belediyesi Acil Koordinasyon Merkezi koordinesindeki ekipler, h\u0131zla b\u00f6lgeye ula\u015ft\u0131. Ekipler, i\u015f makineleriyle yollar\u0131 a\u00e7arak, mahsur kalan ara\u00e7lar\u0131 g\u00fcvenli b\u00f6lgelere \u00e7ekti ve vatanda\u015flar\u0131n g\u00fcvenli\u011fini sa\u011flad\u0131. &#8220;Ekiplerimiz gece g\u00fcnd\u00fcz demeden sahada&#8221; Alanya Belediye Ba\u015fkan\u0131 Osman Tar\u0131k \u00d6z\u00e7elik, konuyla ilgili yapt\u0131\u011f\u0131 a\u00e7\u0131klamada, &#8220;Belediye ekiplerimiz, gece g\u00fcnd\u00fcz demeden vatanda\u015flar\u0131m\u0131z\u0131n g\u00fcvenli\u011fi i\u00e7in sahada g\u00f6rev ba\u015f\u0131nda. Yo\u011fun kar ya\u011f\u0131\u015f\u0131 nedeniyle ula\u015f\u0131mda aksama ya\u015fayan vatanda\u015flar\u0131m\u0131z\u0131n yard\u0131m\u0131na ko\u015ftuk. Hem\u015fehrilerimizden, \u00f6zellikle y\u00fcksek kesimlerdeki k\u0131\u015f \u015fartlar\u0131na kar\u015f\u0131 dikkatli olmalar\u0131n\u0131 \u00f6nemle rica ediyorum&#8221; dedi. Ba\u015fkan \u00d6z\u00e7elik, k\u0131\u015f aylar\u0131nda olumsuz hava durumlar\u0131na kar\u015f\u0131 halk\u0131n ma\u011fdur olmamas\u0131 i\u00e7in \u00e7al\u0131\u015fmalar\u0131n aral\u0131ks\u0131z s\u00fcrd\u00fcr\u00fclece\u011fini kaydederek, vatanda\u015flar\u0131n herhangi bir durumda 444 82 07 numaral\u0131 hatta kendilerine ula\u015f\u0131labileceklerini s\u00f6yledi. Kaynak: www.kanalv.com.tr Haber Sitesinden Al\u0131nm\u0131\u015ft\u0131r.\" \/>\n<meta property=\"og:url\" content=\"https:\/\/denizcankizil.tr\/ru\/haberler\/antalya\/yaylada-araclarinda-mahsur-kalan-vatandaslar-kurtarildi\/\" \/>\n<meta property=\"og:site_name\" content=\"Av. Deniz Can K\u0131z\u0131l\" \/>\n<meta property=\"article:published_time\" content=\"2025-02-13T07:41:15+00:00\" \/>\n<meta property=\"og:image\" content=\"https:\/\/denizcankizil.tr\/wp-content\/uploads\/2025\/02\/4613-01-QjJzaZ.jpeg\" \/>\n\t<meta property=\"og:image:width\" content=\"1280\" \/>\n\t<meta property=\"og:image:height\" content=\"720\" \/>\n\t<meta property=\"og:image:type\" content=\"image\/jpeg\" \/>\n<meta name=\"author\" content=\"Av. Deniz Can K\u0131z\u0131l\" \/>\n<meta name=\"twitter:card\" content=\"summary_large_image\" \/>\n<meta name=\"twitter:label1\" content=\"\u041d\u0430\u043f\u0438\u0441\u0430\u043d\u043e \u0430\u0432\u0442\u043e\u0440\u043e\u043c\" \/>\n\t<meta name=\"twitter:data1\" content=\"Av. Deniz Can K\u0131z\u0131l\" \/>\n\t<meta name=\"twitter:label2\" content=\"\u041f\u0440\u0438\u043c\u0435\u0440\u043d\u043e\u0435 \u0432\u0440\u0435\u043c\u044f \u0434\u043b\u044f \u0447\u0442\u0435\u043d\u0438\u044f\" \/>\n\t<meta name=\"twitter:data2\" content=\"1 \u043c\u0438\u043d\u0443\u0442\u0430\" \/>\n<script type=\"application\/ld+json\" class=\"yoast-schema-graph\">{\"@context\":\"https:\/\/schema.org\",\"@graph\":[{\"@type\":\"Article\",\"@id\":\"https:\/\/denizcankizil.tr\/ru\/haberler\/antalya\/yaylada-araclarinda-mahsur-kalan-vatandaslar-kurtarildi\/#article\",\"isPartOf\":{\"@id\":\"https:\/\/denizcankizil.tr\/ru\/haberler\/antalya\/yaylada-araclarinda-mahsur-kalan-vatandaslar-kurtarildi\/\"},\"author\":{\"name\":\"Av. Deniz Can K\u0131z\u0131l\",\"@id\":\"https:\/\/denizcankizil.tr\/de\/#\/schema\/person\/5dc1b22991bd7ac833867c10afc9b0ff\"},\"headline\":\"Yaylada ara\u00e7lar\u0131nda mahsur kalan vatanda\u015flar kurtar\u0131ld\u0131\",\"datePublished\":\"2025-02-13T07:41:15+00:00\",\"mainEntityOfPage\":{\"@id\":\"https:\/\/denizcankizil.tr\/ru\/haberler\/antalya\/yaylada-araclarinda-mahsur-kalan-vatandaslar-kurtarildi\/\"},\"wordCount\":222,\"commentCount\":0,\"publisher\":{\"@id\":\"https:\/\/denizcankizil.tr\/de\/#organization\"},\"image\":{\"@id\":\"https:\/\/denizcankizil.tr\/ru\/haberler\/antalya\/yaylada-araclarinda-mahsur-kalan-vatandaslar-kurtarildi\/#primaryimage\"},\"thumbnailUrl\":\"https:\/\/denizcankizil.tr\/wp-content\/uploads\/2025\/02\/4613-01-QjJzaZ.jpeg\",\"articleSection\":[\"Antalya\"],\"inLanguage\":\"ru-RU\",\"potentialAction\":[{\"@type\":\"CommentAction\",\"name\":\"Comment\",\"target\":[\"https:\/\/denizcankizil.tr\/ru\/haberler\/antalya\/yaylada-araclarinda-mahsur-kalan-vatandaslar-kurtarildi\/#respond\"]}]},{\"@type\":\"WebPage\",\"@id\":\"https:\/\/denizcankizil.tr\/ru\/haberler\/antalya\/yaylada-araclarinda-mahsur-kalan-vatandaslar-kurtarildi\/\",\"url\":\"https:\/\/denizcankizil.tr\/ru\/haberler\/antalya\/yaylada-araclarinda-mahsur-kalan-vatandaslar-kurtarildi\/\",\"name\":\"Yaylada ara\u00e7lar\u0131nda mahsur kalan vatanda\u015flar kurtar\u0131ld\u0131 - Av. Deniz Can K\u0131z\u0131l\",\"isPartOf\":{\"@id\":\"https:\/\/denizcankizil.tr\/de\/#website\"},\"primaryImageOfPage\":{\"@id\":\"https:\/\/denizcankizil.tr\/ru\/haberler\/antalya\/yaylada-araclarinda-mahsur-kalan-vatandaslar-kurtarildi\/#primaryimage\"},\"image\":{\"@id\":\"https:\/\/denizcankizil.tr\/ru\/haberler\/antalya\/yaylada-araclarinda-mahsur-kalan-vatandaslar-kurtarildi\/#primaryimage\"},\"thumbnailUrl\":\"https:\/\/denizcankizil.tr\/wp-content\/uploads\/2025\/02\/4613-01-QjJzaZ.jpeg\",\"datePublished\":\"2025-02-13T07:41:15+00:00\",\"breadcrumb\":{\"@id\":\"https:\/\/denizcankizil.tr\/ru\/haberler\/antalya\/yaylada-araclarinda-mahsur-kalan-vatandaslar-kurtarildi\/#breadcrumb\"},\"inLanguage\":\"ru-RU\",\"potentialAction\":[{\"@type\":\"ReadAction\",\"target\":[\"https:\/\/denizcankizil.tr\/ru\/haberler\/antalya\/yaylada-araclarinda-mahsur-kalan-vatandaslar-kurtarildi\/\"]}]},{\"@type\":\"ImageObject\",\"inLanguage\":\"ru-RU\",\"@id\":\"https:\/\/denizcankizil.tr\/ru\/haberler\/antalya\/yaylada-araclarinda-mahsur-kalan-vatandaslar-kurtarildi\/#primaryimage\",\"url\":\"https:\/\/denizcankizil.tr\/wp-content\/uploads\/2025\/02\/4613-01-QjJzaZ.jpeg\",\"contentUrl\":\"https:\/\/denizcankizil.tr\/wp-content\/uploads\/2025\/02\/4613-01-QjJzaZ.jpeg\",\"width\":1280,\"height\":720},{\"@type\":\"BreadcrumbList\",\"@id\":\"https:\/\/denizcankizil.tr\/ru\/haberler\/antalya\/yaylada-araclarinda-mahsur-kalan-vatandaslar-kurtarildi\/#breadcrumb\",\"itemListElement\":[{\"@type\":\"ListItem\",\"position\":1,\"name\":\"Home\",\"item\":\"https:\/\/denizcankizil.tr\/de\/\"},{\"@type\":\"ListItem\",\"position\":2,\"name\":\"Yaylada ara\u00e7lar\u0131nda mahsur kalan vatanda\u015flar kurtar\u0131ld\u0131\"}]},{\"@type\":\"WebSite\",\"@id\":\"https:\/\/denizcankizil.tr\/de\/#website\",\"url\":\"https:\/\/denizcankizil.tr\/de\/\",\"name\":\"Av. Deniz Can K\u0131z\u0131l\",\"description\":\"Avukat Deniz Can K\u0131z\u0131l Antalya Barosu\",\"publisher\":{\"@id\":\"https:\/\/denizcankizil.tr\/de\/#organization\"},\"potentialAction\":[{\"@type\":\"SearchAction\",\"target\":{\"@type\":\"EntryPoint\",\"urlTemplate\":\"https:\/\/denizcankizil.tr\/de\/?s={search_term_string}\"},\"query-input\":{\"@type\":\"PropertyValueSpecification\",\"valueRequired\":true,\"valueName\":\"search_term_string\"}}],\"inLanguage\":\"ru-RU\"},{\"@type\":\"Organization\",\"@id\":\"https:\/\/denizcankizil.tr\/de\/#organization\",\"name\":\"Av. Deniz Can K\u0131z\u0131l\",\"url\":\"https:\/\/denizcankizil.tr\/de\/\",\"logo\":{\"@type\":\"ImageObject\",\"inLanguage\":\"ru-RU\",\"@id\":\"https:\/\/denizcankizil.tr\/de\/#\/schema\/logo\/image\/\",\"url\":\"https:\/\/denizcankizil.tr\/wp-content\/uploads\/2024\/10\/siyah-logo-svg.svg\",\"contentUrl\":\"https:\/\/denizcankizil.tr\/wp-content\/uploads\/2024\/10\/siyah-logo-svg.svg\",\"width\":1080,\"height\":1080,\"caption\":\"Av. Deniz Can K\u0131z\u0131l\"},\"image\":{\"@id\":\"https:\/\/denizcankizil.tr\/de\/#\/schema\/logo\/image\/\"}},{\"@type\":\"Person\",\"@id\":\"https:\/\/denizcankizil.tr\/de\/#\/schema\/person\/5dc1b22991bd7ac833867c10afc9b0ff\",\"name\":\"Av. Deniz Can K\u0131z\u0131l\",\"image\":{\"@type\":\"ImageObject\",\"inLanguage\":\"ru-RU\",\"@id\":\"https:\/\/denizcankizil.tr\/de\/#\/schema\/person\/image\/\",\"url\":\"https:\/\/secure.gravatar.com\/avatar\/a0b128fb9855c79efc976d5640eedb31dc35ec297594d6016d2cf7c60e975bb6?s=96&d=mm&r=g\",\"contentUrl\":\"https:\/\/secure.gravatar.com\/avatar\/a0b128fb9855c79efc976d5640eedb31dc35ec297594d6016d2cf7c60e975bb6?s=96&d=mm&r=g\",\"caption\":\"Av. Deniz Can K\u0131z\u0131l\"},\"sameAs\":[\"http:\/\/www.denizcankizil.tr\"],\"url\":\"https:\/\/denizcankizil.tr\/ru\/author\/denizcankizil\/\"}]}<\/script>\n<!-- \/ Yoast SEO Premium plugin. -->","yoast_head_json":{"title":"Yaylada ara\u00e7lar\u0131nda mahsur kalan vatanda\u015flar kurtar\u0131ld\u0131 - Av. Deniz Can K\u0131z\u0131l","robots":{"index":"index","follow":"follow","max-snippet":"max-snippet:-1","max-image-preview":"max-image-preview:large","max-video-preview":"max-video-preview:-1"},"canonical":"https:\/\/denizcankizil.tr\/ru\/haberler\/antalya\/yaylada-araclarinda-mahsur-kalan-vatandaslar-kurtarildi\/","og_locale":"ru_RU","og_type":"article","og_title":"Yaylada ara\u00e7lar\u0131nda mahsur kalan vatanda\u015flar kurtar\u0131ld\u0131","og_description":"Alanya&#8217;n\u0131n y\u00fcksek kesimlerinde etkili olan yo\u011fun kar ya\u011f\u0131\u015f\u0131 ula\u015f\u0131mda aksamalara neden oldu. Kar nedeniyle Gedevet Yaylas\u0131 yol ayr\u0131m\u0131nda 2 ara\u00e7 mahsur kald\u0131. Ara\u00e7lar\u0131nda mahsur kalan vatanda\u015flar durumu Alanya Belediyesi&#8217;ne bildirdi. Alanya Belediyesi Acil Koordinasyon Merkezi koordinesindeki ekipler, h\u0131zla b\u00f6lgeye ula\u015ft\u0131. Ekipler, i\u015f makineleriyle yollar\u0131 a\u00e7arak, mahsur kalan ara\u00e7lar\u0131 g\u00fcvenli b\u00f6lgelere \u00e7ekti ve vatanda\u015flar\u0131n g\u00fcvenli\u011fini sa\u011flad\u0131. &#8220;Ekiplerimiz gece g\u00fcnd\u00fcz demeden sahada&#8221; Alanya Belediye Ba\u015fkan\u0131 Osman Tar\u0131k \u00d6z\u00e7elik, konuyla ilgili yapt\u0131\u011f\u0131 a\u00e7\u0131klamada, &#8220;Belediye ekiplerimiz, gece g\u00fcnd\u00fcz demeden vatanda\u015flar\u0131m\u0131z\u0131n g\u00fcvenli\u011fi i\u00e7in sahada g\u00f6rev ba\u015f\u0131nda. Yo\u011fun kar ya\u011f\u0131\u015f\u0131 nedeniyle ula\u015f\u0131mda aksama ya\u015fayan vatanda\u015flar\u0131m\u0131z\u0131n yard\u0131m\u0131na ko\u015ftuk. Hem\u015fehrilerimizden, \u00f6zellikle y\u00fcksek kesimlerdeki k\u0131\u015f \u015fartlar\u0131na kar\u015f\u0131 dikkatli olmalar\u0131n\u0131 \u00f6nemle rica ediyorum&#8221; dedi. Ba\u015fkan \u00d6z\u00e7elik, k\u0131\u015f aylar\u0131nda olumsuz hava durumlar\u0131na kar\u015f\u0131 halk\u0131n ma\u011fdur olmamas\u0131 i\u00e7in \u00e7al\u0131\u015fmalar\u0131n aral\u0131ks\u0131z s\u00fcrd\u00fcr\u00fclece\u011fini kaydederek, vatanda\u015flar\u0131n herhangi bir durumda 444 82 07 numaral\u0131 hatta kendilerine ula\u015f\u0131labileceklerini s\u00f6yledi. Kaynak: www.kanalv.com.tr Haber Sitesinden Al\u0131nm\u0131\u015ft\u0131r.","og_url":"https:\/\/denizcankizil.tr\/ru\/haberler\/antalya\/yaylada-araclarinda-mahsur-kalan-vatandaslar-kurtarildi\/","og_site_name":"Av. Deniz Can K\u0131z\u0131l","article_published_time":"2025-02-13T07:41:15+00:00","og_image":[{"width":1280,"height":720,"url":"https:\/\/denizcankizil.tr\/wp-content\/uploads\/2025\/02\/4613-01-QjJzaZ.jpeg","type":"image\/jpeg"}],"author":"Av. Deniz Can K\u0131z\u0131l","twitter_card":"summary_large_image","twitter_misc":{"\u041d\u0430\u043f\u0438\u0441\u0430\u043d\u043e \u0430\u0432\u0442\u043e\u0440\u043e\u043c":"Av. Deniz Can K\u0131z\u0131l","\u041f\u0440\u0438\u043c\u0435\u0440\u043d\u043e\u0435 \u0432\u0440\u0435\u043c\u044f \u0434\u043b\u044f \u0447\u0442\u0435\u043d\u0438\u044f":"1 \u043c\u0438\u043d\u0443\u0442\u0430"},"schema":{"@context":"https:\/\/schema.org","@graph":[{"@type":"Article","@id":"https:\/\/denizcankizil.tr\/ru\/haberler\/antalya\/yaylada-araclarinda-mahsur-kalan-vatandaslar-kurtarildi\/#article","isPartOf":{"@id":"https:\/\/denizcankizil.tr\/ru\/haberler\/antalya\/yaylada-araclarinda-mahsur-kalan-vatandaslar-kurtarildi\/"},"author":{"name":"Av. Deniz Can K\u0131z\u0131l","@id":"https:\/\/denizcankizil.tr\/de\/#\/schema\/person\/5dc1b22991bd7ac833867c10afc9b0ff"},"headline":"Yaylada ara\u00e7lar\u0131nda mahsur kalan vatanda\u015flar kurtar\u0131ld\u0131","datePublished":"2025-02-13T07:41:15+00:00","mainEntityOfPage":{"@id":"https:\/\/denizcankizil.tr\/ru\/haberler\/antalya\/yaylada-araclarinda-mahsur-kalan-vatandaslar-kurtarildi\/"},"wordCount":222,"commentCount":0,"publisher":{"@id":"https:\/\/denizcankizil.tr\/de\/#organization"},"image":{"@id":"https:\/\/denizcankizil.tr\/ru\/haberler\/antalya\/yaylada-araclarinda-mahsur-kalan-vatandaslar-kurtarildi\/#primaryimage"},"thumbnailUrl":"https:\/\/denizcankizil.tr\/wp-content\/uploads\/2025\/02\/4613-01-QjJzaZ.jpeg","articleSection":["Antalya"],"inLanguage":"ru-RU","potentialAction":[{"@type":"CommentAction","name":"Comment","target":["https:\/\/denizcankizil.tr\/ru\/haberler\/antalya\/yaylada-araclarinda-mahsur-kalan-vatandaslar-kurtarildi\/#respond"]}]},{"@type":"WebPage","@id":"https:\/\/denizcankizil.tr\/ru\/haberler\/antalya\/yaylada-araclarinda-mahsur-kalan-vatandaslar-kurtarildi\/","url":"https:\/\/denizcankizil.tr\/ru\/haberler\/antalya\/yaylada-araclarinda-mahsur-kalan-vatandaslar-kurtarildi\/","name":"Yaylada ara\u00e7lar\u0131nda mahsur kalan vatanda\u015flar kurtar\u0131ld\u0131 - Av. Deniz Can K\u0131z\u0131l","isPartOf":{"@id":"https:\/\/denizcankizil.tr\/de\/#website"},"primaryImageOfPage":{"@id":"https:\/\/denizcankizil.tr\/ru\/haberler\/antalya\/yaylada-araclarinda-mahsur-kalan-vatandaslar-kurtarildi\/#primaryimage"},"image":{"@id":"https:\/\/denizcankizil.tr\/ru\/haberler\/antalya\/yaylada-araclarinda-mahsur-kalan-vatandaslar-kurtarildi\/#primaryimage"},"thumbnailUrl":"https:\/\/denizcankizil.tr\/wp-content\/uploads\/2025\/02\/4613-01-QjJzaZ.jpeg","datePublished":"2025-02-13T07:41:15+00:00","breadcrumb":{"@id":"https:\/\/denizcankizil.tr\/ru\/haberler\/antalya\/yaylada-araclarinda-mahsur-kalan-vatandaslar-kurtarildi\/#breadcrumb"},"inLanguage":"ru-RU","potentialAction":[{"@type":"ReadAction","target":["https:\/\/denizcankizil.tr\/ru\/haberler\/antalya\/yaylada-araclarinda-mahsur-kalan-vatandaslar-kurtarildi\/"]}]},{"@type":"ImageObject","inLanguage":"ru-RU","@id":"https:\/\/denizcankizil.tr\/ru\/haberler\/antalya\/yaylada-araclarinda-mahsur-kalan-vatandaslar-kurtarildi\/#primaryimage","url":"https:\/\/denizcankizil.tr\/wp-content\/uploads\/2025\/02\/4613-01-QjJzaZ.jpeg","contentUrl":"https:\/\/denizcankizil.tr\/wp-content\/uploads\/2025\/02\/4613-01-QjJzaZ.jpeg","width":1280,"height":720},{"@type":"BreadcrumbList","@id":"https:\/\/denizcankizil.tr\/ru\/haberler\/antalya\/yaylada-araclarinda-mahsur-kalan-vatandaslar-kurtarildi\/#breadcrumb","itemListElement":[{"@type":"ListItem","position":1,"name":"Home","item":"https:\/\/denizcankizil.tr\/de\/"},{"@type":"ListItem","position":2,"name":"Yaylada ara\u00e7lar\u0131nda mahsur kalan vatanda\u015flar kurtar\u0131ld\u0131"}]},{"@type":"WebSite","@id":"https:\/\/denizcankizil.tr\/de\/#website","url":"https:\/\/denizcankizil.tr\/de\/","name":"Av. Deniz Can K\u0131z\u0131l","description":"Avukat Deniz Can K\u0131z\u0131l Antalya Barosu","publisher":{"@id":"https:\/\/denizcankizil.tr\/de\/#organization"},"potentialAction":[{"@type":"SearchAction","target":{"@type":"EntryPoint","urlTemplate":"https:\/\/denizcankizil.tr\/de\/?s={search_term_string}"},"query-input":{"@type":"PropertyValueSpecification","valueRequired":true,"valueName":"search_term_string"}}],"inLanguage":"ru-RU"},{"@type":"Organization","@id":"https:\/\/denizcankizil.tr\/de\/#organization","name":"Av. Deniz Can K\u0131z\u0131l","url":"https:\/\/denizcankizil.tr\/de\/","logo":{"@type":"ImageObject","inLanguage":"ru-RU","@id":"https:\/\/denizcankizil.tr\/de\/#\/schema\/logo\/image\/","url":"https:\/\/denizcankizil.tr\/wp-content\/uploads\/2024\/10\/siyah-logo-svg.svg","contentUrl":"https:\/\/denizcankizil.tr\/wp-content\/uploads\/2024\/10\/siyah-logo-svg.svg","width":1080,"height":1080,"caption":"Av. Deniz Can K\u0131z\u0131l"},"image":{"@id":"https:\/\/denizcankizil.tr\/de\/#\/schema\/logo\/image\/"}},{"@type":"Person","@id":"https:\/\/denizcankizil.tr\/de\/#\/schema\/person\/5dc1b22991bd7ac833867c10afc9b0ff","name":"Av. Deniz Can K\u0131z\u0131l","image":{"@type":"ImageObject","inLanguage":"ru-RU","@id":"https:\/\/denizcankizil.tr\/de\/#\/schema\/person\/image\/","url":"https:\/\/secure.gravatar.com\/avatar\/a0b128fb9855c79efc976d5640eedb31dc35ec297594d6016d2cf7c60e975bb6?s=96&d=mm&r=g","contentUrl":"https:\/\/secure.gravatar.com\/avatar\/a0b128fb9855c79efc976d5640eedb31dc35ec297594d6016d2cf7c60e975bb6?s=96&d=mm&r=g","caption":"Av. Deniz Can K\u0131z\u0131l"},"sameAs":["http:\/\/www.denizcankizil.tr"],"url":"https:\/\/denizcankizil.tr\/ru\/author\/denizcankizil\/"}]}},"_links":{"self":[{"href":"https:\/\/denizcankizil.tr\/ru\/wp-json\/wp\/v2\/posts\/32444","targetHints":{"allow":["GET"]}}],"collection":[{"href":"https:\/\/denizcankizil.tr\/ru\/wp-json\/wp\/v2\/posts"}],"about":[{"href":"https:\/\/denizcankizil.tr\/ru\/wp-json\/wp\/v2\/types\/post"}],"author":[{"embeddable":true,"href":"https:\/\/denizcankizil.tr\/ru\/wp-json\/wp\/v2\/users\/4"}],"replies":[{"embeddable":true,"href":"https:\/\/denizcankizil.tr\/ru\/wp-json\/wp\/v2\/comments?post=32444"}],"version-history":[{"count":0,"href":"https:\/\/denizcankizil.tr\/ru\/wp-json\/wp\/v2\/posts\/32444\/revisions"}],"wp:featuredmedia":[{"embeddable":true,"href":"https:\/\/denizcankizil.tr\/ru\/wp-json\/wp\/v2\/media\/32445"}],"wp:attachment":[{"href":"https:\/\/denizcankizil.tr\/ru\/wp-json\/wp\/v2\/media?parent=32444"}],"wp:term":[{"taxonomy":"category","embeddable":true,"href":"https:\/\/denizcankizil.tr\/ru\/wp-json\/wp\/v2\/categories?post=32444"},{"taxonomy":"post_tag","embeddable":true,"href":"https:\/\/denizcankizil.tr\/ru\/wp-json\/wp\/v2\/tags?post=32444"}],"curies":[{"name":"wp","href":"https:\/\/api.w.org\/{rel}","templated":true}]}}