{"id":32068,"date":"2025-02-11T18:42:04","date_gmt":"2025-02-11T15:42:04","guid":{"rendered":"https:\/\/denizcankizil.tr\/uncategorized-tr\/over-ege-denizi-deprem-firtinasini-yorumladi\/"},"modified":"2025-02-11T18:42:04","modified_gmt":"2025-02-11T15:42:04","slug":"over-ege-denizi-deprem-firtinasini-yorumladi","status":"publish","type":"post","link":"https:\/\/denizcankizil.tr\/ru\/haberler\/gundem\/over-ege-denizi-deprem-firtinasini-yorumladi\/","title":{"rendered":"\u00d6ver Ege Denizi Deprem F\u0131rt\u0131nas\u0131n\u0131 yorumlad\u0131\u2026"},"content":{"rendered":"<p>Ege\u2019de Deprem F\u0131rt\u0131nas\u0131 Ne Anlama Geliyor?<\/p>\n<p>Prof. Dr. Semir \u00d6ver yapt\u0131\u011f\u0131 a\u00e7\u0131klamada, Ege Denizi&#8217;nin orta kesiminde bulunan Santaroni-Amorgos adalar\u0131 aras\u0131nda kuzeydo\u011fu-g\u00fcneybat\u0131 (KD-GB) do\u011frultusunda uzanan bir hat \u00fczerinde 26 Ocak 2025&#8217;te ba\u015flayan ve halen devam eden yo\u011fun bir deprem aktivitesinin oldu\u011funu s\u00f6yledi. AFAD verilerine g\u00f6re, derinlikleri 5-25 km aras\u0131nda de\u011fi\u015fen y\u00fczlerce deprem meydana geldi\u011fi aktar\u0131ld\u0131.<\/p>\n<p>S\u00f6z konusu depremler, Helenik dalma zonunun merkezi Helenik volkanik yay\u0131 olarak tan\u0131mlanan b\u00f6lgede ger\u00e7ekle\u015fti. Bu durum, bir\u00e7ok yerbilimcinin depremleri volkanik aktivitenin habercisi olarak de\u011ferlendirmesine yol a\u00e7t\u0131. Ancak volkanik aktivitenin belirgin g\u00f6stergeleri olan gaz \u00e7\u0131k\u0131\u015f\u0131 ve su s\u0131cakl\u0131\u011f\u0131ndaki art\u0131\u015f gibi belirtilerin \u015fu ana kadar g\u00f6zlemlenmedi\u011fi vurguland\u0131.<\/p>\n<p>Deprem Aktivitesi Tektonik mi, Volkanik mi?<\/p>\n<p>Depremlerin odak mekanizmalar\u0131 incelendi\u011finde, b\u00fcy\u00fck bir k\u0131sm\u0131n\u0131n kuzeybat\u0131-g\u00fcneydo\u011fu (KB-GD) y\u00f6nl\u00fc \u00e7ekme gerilmesiyle ili\u015fkili olarak KD-GB do\u011frultulu normal faylar \u00fczerinde meydana geldi\u011fi anla\u015f\u0131ld\u0131. E\u011fer depremler volkanik kaynakl\u0131 olsayd\u0131, d\u00fczensiz faylanmalar ve k\u0131r\u0131klar olu\u015fmas\u0131 beklenirdi. Ancak mevcut veriler, depremlerin tektonik k\u00f6kenli oldu\u011funu g\u00f6steriyor.<\/p>\n<p>Bat\u0131 Anadolu ve Ege B\u00f6lgesi, Helenik-K\u0131br\u0131s yaylar\u0131 boyunca Afrika levhas\u0131n\u0131n Anadolu-Ege Blokunun alt\u0131na dalmas\u0131yla olu\u015fan tektonik kuvvetlerin etkisinde. Bu hareketlilik nedeniyle b\u00f6lgede s\u0131k s\u0131k depremler meydana geliyor.<\/p>\n<p>B\u00fcy\u00fck Bir Depremin Habercisi mi?<\/p>\n<p>Prof. Dr. \u00d6ver, bu depremlerin b\u00fcy\u00fck bir depremin habercisi olup olmad\u0131\u011f\u0131na dair kesin bir yorum yapman\u0131n zor oldu\u011funu belirterek, &#8220;B\u00fcy\u00fck deprem olmadan bunu s\u00f6ylemek do\u011fru olmaz&#8221; dedi. Ancak, 2017 y\u0131l\u0131nda Biga Yar\u0131madas\u0131&#8217;n\u0131n g\u00fcneyinde benzer bir sismik aktivitenin 3 ay boyunca s\u00fcrd\u00fc\u011f\u00fcn\u00fc ve b\u00fcy\u00fck bir depremin ya\u015fanmad\u0131\u011f\u0131n\u0131 hat\u0131rlatt\u0131.<\/p>\n<p>Bununla birlikte, Santaroni-Amorgos havzas\u0131nda ge\u00e7mi\u015fte 7.4 ve 7.1 b\u00fcy\u00fckl\u00fc\u011f\u00fcnde b\u00fcy\u00fck depremler ya\u015fand\u0131\u011f\u0131, \u00f6zellikle y\u00fczeye daha yak\u0131n olan 7.4 b\u00fcy\u00fckl\u00fc\u011f\u00fcndeki depremin mekanizmas\u0131n\u0131n \u015fu anki sismik aktiviteyle benzerlik g\u00f6sterdi\u011fi ifade edildi. Bu veriler, depremlerin volkanik de\u011fil, tektonik k\u00f6kenli oldu\u011funu bir kez daha do\u011fruluyor. Tektonik depremler b\u00fcy\u00fck olabilece\u011finden, y\u0131k\u0131m etkileri de y\u00fcksek olabiliyor.<\/p>\n<p>Depremlerin T\u00fcrkiye\u2019ye Etkisi Ne Olabilir?<\/p>\n<p>Depremler do\u011frudan T\u00fcrkiye k\u0131y\u0131lar\u0131n\u0131 etkilemeyecek olsa da, b\u00fcy\u00fck bir depremin meydana gelmesi durumunda \u015fiddetli sars\u0131nt\u0131lar ve tsunami riski ortaya \u00e7\u0131kabilir.<\/p>\n<p>1956 y\u0131l\u0131nda ya\u015fanan 7.4 b\u00fcy\u00fckl\u00fc\u011f\u00fcndeki depremin odak mekanizmas\u0131 da benzer \u015fekilde KB-GD y\u00f6nl\u00fc \u00e7ekme gerilmesiyle ili\u015fkiliydi. Ege Denizi&#8217;nin g\u00fcneyinde Afrika levhas\u0131n\u0131n kuzeye do\u011fru dalmas\u0131 (roll-back) nedeniyle b\u00f6lgede \u00e7ekme gerilmeleri ve normal faylanmalar meydana geliyor.<\/p>\n<p>\u00d6zellikle Dat\u00e7a ve Bozburun Yar\u0131madalar\u0131&#8217;nda yap\u0131lan saha \u00e7al\u0131\u015fmalar\u0131 ve fay analizleri sonucunda, Pliny-Strabo Zonu boyunca Afrika levhas\u0131n\u0131n yitim s\u00fcrecine ba\u011fl\u0131 olarak geli\u015fen KB-GD y\u00f6nl\u00fc \u00e7ekme gerilmelerinin etkisinin artt\u0131\u011f\u0131 tespit edildi. Bu nedenle, &#8220;sismik bo\u015fluk&#8221; olarak nitelendirilen Dat\u00e7a ve Bozburun \u00e7evresinde deprem riskinin g\u00f6z ard\u0131 edilmemesi gerekti\u011fi vurgulan\u0131yor.<\/p>\n<p>Son g\u00fcnlerde arta Ege Denizi depremlerinin sonu\u00e7lar\u0131n\u0131 analiz ederek de\u011ferlendiren Prof. Dr. Semir \u00d6ver, \u201cAFAD verilerine g\u00f6re, derinlikleri 5-25 km aras\u0131nda de\u011fi\u015fen y\u00fczlerce deprem meydana geldi. Bu sismik hareketlilik volkanik bir aktivitenin habercisi olup olmad\u0131\u011f\u0131 konusunda farkl\u0131 g\u00f6r\u00fc\u015fler ortaya konuyor.<\/p>\n<p>DEPREMLER VOLKAN\u0130K M\u0130, <\/p>\n<p>TEKTON\u0130K M\u0130?<\/p>\n<p>Depremlerin volkanik k\u00f6kenli olup olmad\u0131\u011f\u0131n\u0131 anlamak i\u00e7in gaz \u00e7\u0131k\u0131\u015f\u0131, su s\u0131cakl\u0131\u011f\u0131nda art\u0131\u015f gibi belirtilerin g\u00f6zlemlenmesi gerekti\u011fini vurgulayan Prof. Dr. Semir \u00d6ver, \u201cAncak \u015fu ana kadar bu t\u00fcr g\u00f6zlemler yap\u0131lmad\u0131. Bunun yan\u0131 s\u0131ra, meydana gelen depremlerin da\u011f\u0131l\u0131m\u0131 ve odak mekanizmalar\u0131 incelendi\u011finde, hareketlerin kuzeydo\u011fu-g\u00fcneybat\u0131 (KD-GB) y\u00f6nl\u00fc normal fay sistemleri ile ili\u015fkili oldu\u011fu tespit edildi. Bu durum, sismik aktivitenin tektonik kaynakl\u0131 oldu\u011fu g\u00f6r\u00fc\u015f\u00fcn\u00fc g\u00fc\u00e7lendiriyor. E\u011fer depremler volkanik kaynakl\u0131 olsayd\u0131, gaz ve magman\u0131n bas\u0131nc\u0131 sonucu farkl\u0131 y\u00f6nlerde d\u00fczensiz k\u0131r\u0131klar ve faylanmalar olu\u015furdu. Ancak mevcut veriler, depremlerin b\u00fcy\u00fck k\u0131sm\u0131n\u0131n kuzeybat\u0131-g\u00fcneydo\u011fu (KB-GD) y\u00f6nl\u00fc \u00e7ekme gerilmesi ile ili\u015fkili oldu\u011funu ortaya koyuyor\u201d diye konu\u015ftu.<\/p>\n<p>B\u00fcy\u00fck Bir Deprem Bekleniyor mu?<\/p>\n<p>Bu yo\u011fun sismik aktivitenin b\u00fcy\u00fck bir depremin habercisi olup olmad\u0131\u011f\u0131 konusunda kesin bir \u015fey s\u00f6ylemenin de m\u00fcmk\u00fcn olmad\u0131\u011f\u0131n\u0131n alt\u0131n\u0131 \u00e7izen Prof. Dr. Semir \u00d6ver, \u201c2017 y\u0131l\u0131nda Biga Yar\u0131madas\u0131&#8217;n\u0131n g\u00fcneyinde benzer bir deprem f\u0131rt\u0131nas\u0131 ya\u015fanm\u0131\u015f ancak b\u00fcy\u00fck bir deprem meydana gelmemi\u015fti. Ancak bu durum, \u015fu anki aktivitenin b\u00fcy\u00fck ve y\u0131k\u0131c\u0131 bir depreme neden olmayaca\u011f\u0131 anlam\u0131na da gelmiyor. Zira, Santaroni-Amorgos adalar\u0131 aras\u0131nda 7.4 ve 7.1 b\u00fcy\u00fckl\u00fc\u011f\u00fcnde, biri 25 km di\u011feri ise 60 km derinlikte meydana gelen depremler, b\u00f6lgede b\u00fcy\u00fck \u00f6l\u00e7ekli sars\u0131nt\u0131lar\u0131n ya\u015fanabilece\u011fini g\u00f6steriyor. \u00d6zellikle 7.4 b\u00fcy\u00fckl\u00fc\u011f\u00fcndeki depremin odak mekanizmas\u0131, mevcut deprem f\u0131rt\u0131nas\u0131ndaki 4.0 ve \u00fczeri b\u00fcy\u00fckl\u00fckteki depremlerle benzerlik ta\u015f\u0131yor. Bu da hareketlili\u011fin volkanik de\u011fil, tektonik kaynakl\u0131 oldu\u011funu destekleyen bir ba\u015fka \u00f6nemli veri olarak \u00f6ne \u00e7\u0131k\u0131yor\u201d \u015feklinde konu\u015ftu.<\/p>\n<p>BATI ANADOLU VE EGE <\/p>\n<p>SAH\u0130L\u0130 \u0130\u00c7\u0130N TEHL\u0130KE VAR MI?<\/p>\n<p>Depremlerin do\u011frudan T\u00fcrkiye&#8217;yi etkilemeyece\u011fi d\u00fc\u015f\u00fcn\u00fclse de, b\u00fcy\u00fck bir deprem meydana gelmesi durumunda \u015fiddetli sars\u0131nt\u0131lar ve tsunami riski olu\u015fabilece\u011fini de\u011ferlendiren Prof. Dr. Semir \u00d6ver, \u201c9 Temmuz 1956&#8217;da b\u00f6lgede meydana gelen 7.4 b\u00fcy\u00fckl\u00fc\u011f\u00fcndeki depremin odak mekanizmas\u0131, g\u00fcn\u00fcm\u00fczde ya\u015fanan depremlerle benzer \u00f6zellikler ta\u015f\u0131yor. Afrika levhas\u0131n\u0131n Helenik Yay\u0131 boyunca Anadolu ve Ege Bloku&#8217;nun alt\u0131na dalmas\u0131 sonucu meydana gelen gerilmeler, b\u00f6lgede normal faylanmalara yol a\u00e7\u0131yor\u201d dedi.<\/p>\n<p>\u00d6zellikle Pliny-Strabo Zonu boyunca geli\u015fen tektonik hareketlerin, Dat\u00e7a ve Bozburun yar\u0131madalar\u0131 i\u00e7in risk olu\u015fturdu\u011funu kaydeden Prof. Dr. Semir \u00d6ver, \u015funlar\u0131 payla\u015ft\u0131: \u201cB\u00f6lgede yap\u0131lan saha \u00e7al\u0131\u015fmalar\u0131 ve deprem analizleri, KB-GD y\u00f6nl\u00fc \u00e7ekme gerilmesinin etkili oldu\u011funu ortaya koyuyor. Sismik bo\u015fluk olarak nitelendirilen bu b\u00f6lgelerde deprem riskinin g\u00f6z ard\u0131 edilmemesi gerekti\u011fi vurgulad\u0131.\u00a0<\/p>\n<p>\u200b\u0130skenderun Teknik \u00dcniversitesi (\u0130STE) \u00f6\u011fretim \u00fcyesi Prof. Dr. Semir \u00d6ver, Ege Denizi&#8217;nin orta kesiminde, Santaroni-Amorgos adalar\u0131 aras\u0131nda 26 Ocak 2025 tarihinde ba\u015flayan ve halen devam eden yo\u011fun bir deprem aktivitesinin ya\u015fand\u0131\u011f\u0131n\u0131 s\u00f6yledi.\u00a0<\/p>\n<p>\u200bHaberin Al\u0131nt\u0131land\u0131\u011f\u0131 Kaynak: www.iskenderun.org<\/p>","protected":false},"excerpt":{"rendered":"<p>Ege\u2019de Deprem F\u0131rt\u0131nas\u0131 Ne Anlama Geliyor? Prof. Dr. Semir \u00d6ver yapt\u0131\u011f\u0131 a\u00e7\u0131klamada, Ege Denizi&#8217;nin orta kesiminde bulunan Santaroni-Amorgos adalar\u0131 aras\u0131nda kuzeydo\u011fu-g\u00fcneybat\u0131 (KD-GB) do\u011frultusunda uzanan bir hat \u00fczerinde 26 Ocak 2025&#8217;te ba\u015flayan ve halen devam eden yo\u011fun bir deprem aktivitesinin oldu\u011funu s\u00f6yledi. AFAD verilerine g\u00f6re, derinlikleri 5-25 km aras\u0131nda de\u011fi\u015fen y\u00fczlerce deprem meydana geldi\u011fi aktar\u0131ld\u0131. S\u00f6z konusu depremler, Helenik dalma zonunun merkezi Helenik volkanik yay\u0131 olarak tan\u0131mlanan b\u00f6lgede ger\u00e7ekle\u015fti. Bu durum, bir\u00e7ok yerbilimcinin depremleri volkanik aktivitenin habercisi olarak de\u011ferlendirmesine yol a\u00e7t\u0131. Ancak volkanik aktivitenin belirgin g\u00f6stergeleri olan gaz \u00e7\u0131k\u0131\u015f\u0131 ve su s\u0131cakl\u0131\u011f\u0131ndaki art\u0131\u015f gibi belirtilerin \u015fu ana kadar g\u00f6zlemlenmedi\u011fi vurguland\u0131. Deprem Aktivitesi Tektonik mi, Volkanik mi? Depremlerin odak mekanizmalar\u0131 incelendi\u011finde, b\u00fcy\u00fck bir k\u0131sm\u0131n\u0131n kuzeybat\u0131-g\u00fcneydo\u011fu (KB-GD) y\u00f6nl\u00fc \u00e7ekme gerilmesiyle ili\u015fkili olarak KD-GB do\u011frultulu normal faylar \u00fczerinde meydana geldi\u011fi anla\u015f\u0131ld\u0131. E\u011fer depremler volkanik kaynakl\u0131 olsayd\u0131, d\u00fczensiz faylanmalar ve k\u0131r\u0131klar olu\u015fmas\u0131 beklenirdi. Ancak mevcut veriler, depremlerin tektonik k\u00f6kenli oldu\u011funu g\u00f6steriyor. Bat\u0131 Anadolu ve Ege B\u00f6lgesi, Helenik-K\u0131br\u0131s yaylar\u0131 boyunca Afrika levhas\u0131n\u0131n Anadolu-Ege Blokunun alt\u0131na dalmas\u0131yla olu\u015fan tektonik kuvvetlerin etkisinde. Bu hareketlilik nedeniyle b\u00f6lgede s\u0131k s\u0131k depremler meydana geliyor. B\u00fcy\u00fck Bir Depremin Habercisi mi? Prof. Dr. \u00d6ver, bu depremlerin b\u00fcy\u00fck bir depremin habercisi olup olmad\u0131\u011f\u0131na dair kesin bir yorum yapman\u0131n zor oldu\u011funu belirterek, &#8220;B\u00fcy\u00fck deprem olmadan &hellip;<\/p>","protected":false},"author":1,"featured_media":0,"comment_status":"open","ping_status":"open","sticky":false,"template":"","format":"standard","meta":{"_acf_changed":false,"footnotes":""},"categories":[24],"tags":[],"class_list":["post-32068","post","type-post","status-publish","format-standard","has-post-thumbnail","hentry","category-gundem"],"acf":[],"yoast_head":"<!-- This site is optimized with the Yoast SEO Premium plugin v26.6 (Yoast SEO v27.1.1) - https:\/\/yoast.com\/product\/yoast-seo-premium-wordpress\/ -->\n<title>\u00d6ver Ege Denizi Deprem F\u0131rt\u0131nas\u0131n\u0131 yorumlad\u0131\u2026 - Av. Deniz Can K\u0131z\u0131l<\/title>\n<meta name=\"robots\" content=\"index, follow, max-snippet:-1, max-image-preview:large, max-video-preview:-1\" \/>\n<link rel=\"canonical\" href=\"https:\/\/denizcankizil.tr\/ru\/haberler\/gundem\/over-ege-denizi-deprem-firtinasini-yorumladi\/\" \/>\n<meta property=\"og:locale\" content=\"ru_RU\" \/>\n<meta property=\"og:type\" content=\"article\" \/>\n<meta property=\"og:title\" content=\"\u00d6ver Ege Denizi Deprem F\u0131rt\u0131nas\u0131n\u0131 yorumlad\u0131\u2026\" \/>\n<meta property=\"og:description\" content=\"Ege\u2019de Deprem F\u0131rt\u0131nas\u0131 Ne Anlama Geliyor? Prof. Dr. Semir \u00d6ver yapt\u0131\u011f\u0131 a\u00e7\u0131klamada, Ege Denizi&#8217;nin orta kesiminde bulunan Santaroni-Amorgos adalar\u0131 aras\u0131nda kuzeydo\u011fu-g\u00fcneybat\u0131 (KD-GB) do\u011frultusunda uzanan bir hat \u00fczerinde 26 Ocak 2025&#8217;te ba\u015flayan ve halen devam eden yo\u011fun bir deprem aktivitesinin oldu\u011funu s\u00f6yledi. AFAD verilerine g\u00f6re, derinlikleri 5-25 km aras\u0131nda de\u011fi\u015fen y\u00fczlerce deprem meydana geldi\u011fi aktar\u0131ld\u0131. S\u00f6z konusu depremler, Helenik dalma zonunun merkezi Helenik volkanik yay\u0131 olarak tan\u0131mlanan b\u00f6lgede ger\u00e7ekle\u015fti. Bu durum, bir\u00e7ok yerbilimcinin depremleri volkanik aktivitenin habercisi olarak de\u011ferlendirmesine yol a\u00e7t\u0131. Ancak volkanik aktivitenin belirgin g\u00f6stergeleri olan gaz \u00e7\u0131k\u0131\u015f\u0131 ve su s\u0131cakl\u0131\u011f\u0131ndaki art\u0131\u015f gibi belirtilerin \u015fu ana kadar g\u00f6zlemlenmedi\u011fi vurguland\u0131. Deprem Aktivitesi Tektonik mi, Volkanik mi? Depremlerin odak mekanizmalar\u0131 incelendi\u011finde, b\u00fcy\u00fck bir k\u0131sm\u0131n\u0131n kuzeybat\u0131-g\u00fcneydo\u011fu (KB-GD) y\u00f6nl\u00fc \u00e7ekme gerilmesiyle ili\u015fkili olarak KD-GB do\u011frultulu normal faylar \u00fczerinde meydana geldi\u011fi anla\u015f\u0131ld\u0131. E\u011fer depremler volkanik kaynakl\u0131 olsayd\u0131, d\u00fczensiz faylanmalar ve k\u0131r\u0131klar olu\u015fmas\u0131 beklenirdi. Ancak mevcut veriler, depremlerin tektonik k\u00f6kenli oldu\u011funu g\u00f6steriyor. Bat\u0131 Anadolu ve Ege B\u00f6lgesi, Helenik-K\u0131br\u0131s yaylar\u0131 boyunca Afrika levhas\u0131n\u0131n Anadolu-Ege Blokunun alt\u0131na dalmas\u0131yla olu\u015fan tektonik kuvvetlerin etkisinde. Bu hareketlilik nedeniyle b\u00f6lgede s\u0131k s\u0131k depremler meydana geliyor. B\u00fcy\u00fck Bir Depremin Habercisi mi? Prof. Dr. \u00d6ver, bu depremlerin b\u00fcy\u00fck bir depremin habercisi olup olmad\u0131\u011f\u0131na dair kesin bir yorum yapman\u0131n zor oldu\u011funu belirterek, &#8220;B\u00fcy\u00fck deprem olmadan &hellip;\" \/>\n<meta property=\"og:url\" content=\"https:\/\/denizcankizil.tr\/ru\/haberler\/gundem\/over-ege-denizi-deprem-firtinasini-yorumladi\/\" \/>\n<meta property=\"og:site_name\" content=\"Av. Deniz Can K\u0131z\u0131l\" \/>\n<meta property=\"article:published_time\" content=\"2025-02-11T15:42:04+00:00\" \/>\n<meta name=\"author\" content=\"admin\" \/>\n<meta name=\"twitter:card\" content=\"summary_large_image\" \/>\n<meta name=\"twitter:label1\" content=\"\u041d\u0430\u043f\u0438\u0441\u0430\u043d\u043e \u0430\u0432\u0442\u043e\u0440\u043e\u043c\" \/>\n\t<meta name=\"twitter:data1\" content=\"admin\" \/>\n\t<meta name=\"twitter:label2\" content=\"\u041f\u0440\u0438\u043c\u0435\u0440\u043d\u043e\u0435 \u0432\u0440\u0435\u043c\u044f \u0434\u043b\u044f \u0447\u0442\u0435\u043d\u0438\u044f\" \/>\n\t<meta name=\"twitter:data2\" content=\"6 \u043c\u0438\u043d\u0443\u0442\" \/>\n<script type=\"application\/ld+json\" class=\"yoast-schema-graph\">{\"@context\":\"https:\/\/schema.org\",\"@graph\":[{\"@type\":\"Article\",\"@id\":\"https:\/\/denizcankizil.tr\/ru\/haberler\/gundem\/over-ege-denizi-deprem-firtinasini-yorumladi\/#article\",\"isPartOf\":{\"@id\":\"https:\/\/denizcankizil.tr\/ru\/haberler\/gundem\/over-ege-denizi-deprem-firtinasini-yorumladi\/\"},\"author\":{\"name\":\"admin\",\"@id\":\"https:\/\/denizcankizil.tr\/#\/schema\/person\/be3c05fe6a12686905512445d8185489\"},\"headline\":\"\u00d6ver Ege Denizi Deprem F\u0131rt\u0131nas\u0131n\u0131 yorumlad\u0131\u2026\",\"datePublished\":\"2025-02-11T15:42:04+00:00\",\"mainEntityOfPage\":{\"@id\":\"https:\/\/denizcankizil.tr\/ru\/haberler\/gundem\/over-ege-denizi-deprem-firtinasini-yorumladi\/\"},\"wordCount\":1118,\"commentCount\":0,\"publisher\":{\"@id\":\"https:\/\/denizcankizil.tr\/#organization\"},\"articleSection\":[\"G\u00fcndem\"],\"inLanguage\":\"ru-RU\",\"potentialAction\":[{\"@type\":\"CommentAction\",\"name\":\"Comment\",\"target\":[\"https:\/\/denizcankizil.tr\/ru\/haberler\/gundem\/over-ege-denizi-deprem-firtinasini-yorumladi\/#respond\"]}]},{\"@type\":\"WebPage\",\"@id\":\"https:\/\/denizcankizil.tr\/ru\/haberler\/gundem\/over-ege-denizi-deprem-firtinasini-yorumladi\/\",\"url\":\"https:\/\/denizcankizil.tr\/ru\/haberler\/gundem\/over-ege-denizi-deprem-firtinasini-yorumladi\/\",\"name\":\"\u00d6ver Ege Denizi Deprem F\u0131rt\u0131nas\u0131n\u0131 yorumlad\u0131\u2026 - Av. Deniz Can K\u0131z\u0131l\",\"isPartOf\":{\"@id\":\"https:\/\/denizcankizil.tr\/#website\"},\"datePublished\":\"2025-02-11T15:42:04+00:00\",\"breadcrumb\":{\"@id\":\"https:\/\/denizcankizil.tr\/ru\/haberler\/gundem\/over-ege-denizi-deprem-firtinasini-yorumladi\/#breadcrumb\"},\"inLanguage\":\"ru-RU\",\"potentialAction\":[{\"@type\":\"ReadAction\",\"target\":[\"https:\/\/denizcankizil.tr\/ru\/haberler\/gundem\/over-ege-denizi-deprem-firtinasini-yorumladi\/\"]}]},{\"@type\":\"BreadcrumbList\",\"@id\":\"https:\/\/denizcankizil.tr\/ru\/haberler\/gundem\/over-ege-denizi-deprem-firtinasini-yorumladi\/#breadcrumb\",\"itemListElement\":[{\"@type\":\"ListItem\",\"position\":1,\"name\":\"Home\",\"item\":\"https:\/\/denizcankizil.tr\/de\/\"},{\"@type\":\"ListItem\",\"position\":2,\"name\":\"\u00d6ver Ege Denizi Deprem F\u0131rt\u0131nas\u0131n\u0131 yorumlad\u0131\u2026\"}]},{\"@type\":\"WebSite\",\"@id\":\"https:\/\/denizcankizil.tr\/#website\",\"url\":\"https:\/\/denizcankizil.tr\/\",\"name\":\"Av. Deniz Can K\u0131z\u0131l\",\"description\":\"Avukat Deniz Can K\u0131z\u0131l Antalya Barosu\",\"publisher\":{\"@id\":\"https:\/\/denizcankizil.tr\/#organization\"},\"potentialAction\":[{\"@type\":\"SearchAction\",\"target\":{\"@type\":\"EntryPoint\",\"urlTemplate\":\"https:\/\/denizcankizil.tr\/?s={search_term_string}\"},\"query-input\":{\"@type\":\"PropertyValueSpecification\",\"valueRequired\":true,\"valueName\":\"search_term_string\"}}],\"inLanguage\":\"ru-RU\"},{\"@type\":\"Organization\",\"@id\":\"https:\/\/denizcankizil.tr\/#organization\",\"name\":\"Av. Deniz Can K\u0131z\u0131l\",\"url\":\"https:\/\/denizcankizil.tr\/\",\"logo\":{\"@type\":\"ImageObject\",\"inLanguage\":\"ru-RU\",\"@id\":\"https:\/\/denizcankizil.tr\/#\/schema\/logo\/image\/\",\"url\":\"https:\/\/denizcankizil.tr\/wp-content\/uploads\/2024\/10\/siyah-logo-svg.svg\",\"contentUrl\":\"https:\/\/denizcankizil.tr\/wp-content\/uploads\/2024\/10\/siyah-logo-svg.svg\",\"width\":1080,\"height\":1080,\"caption\":\"Av. Deniz Can K\u0131z\u0131l\"},\"image\":{\"@id\":\"https:\/\/denizcankizil.tr\/#\/schema\/logo\/image\/\"}},{\"@type\":\"Person\",\"@id\":\"https:\/\/denizcankizil.tr\/#\/schema\/person\/be3c05fe6a12686905512445d8185489\",\"name\":\"admin\",\"image\":{\"@type\":\"ImageObject\",\"inLanguage\":\"ru-RU\",\"@id\":\"https:\/\/denizcankizil.tr\/#\/schema\/person\/image\/\",\"url\":\"https:\/\/secure.gravatar.com\/avatar\/c1fce94c830dc79107e174f890d7210541c4a63e8e5d816341794a2151c9d58c?s=96&d=mm&r=g\",\"contentUrl\":\"https:\/\/secure.gravatar.com\/avatar\/c1fce94c830dc79107e174f890d7210541c4a63e8e5d816341794a2151c9d58c?s=96&d=mm&r=g\",\"caption\":\"admin\"},\"sameAs\":[\"http:\/\/denizcankizil.tr\"],\"url\":\"https:\/\/www.iskenderun.org\/over-ege-denizi-deprem-firtinasini-yorumladi\"}]}<\/script>\n<!-- \/ Yoast SEO Premium plugin. -->","yoast_head_json":{"title":"\u00d6ver Ege Denizi Deprem F\u0131rt\u0131nas\u0131n\u0131 yorumlad\u0131\u2026 - Av. Deniz Can K\u0131z\u0131l","robots":{"index":"index","follow":"follow","max-snippet":"max-snippet:-1","max-image-preview":"max-image-preview:large","max-video-preview":"max-video-preview:-1"},"canonical":"https:\/\/denizcankizil.tr\/ru\/haberler\/gundem\/over-ege-denizi-deprem-firtinasini-yorumladi\/","og_locale":"ru_RU","og_type":"article","og_title":"\u00d6ver Ege Denizi Deprem F\u0131rt\u0131nas\u0131n\u0131 yorumlad\u0131\u2026","og_description":"Ege\u2019de Deprem F\u0131rt\u0131nas\u0131 Ne Anlama Geliyor? Prof. Dr. Semir \u00d6ver yapt\u0131\u011f\u0131 a\u00e7\u0131klamada, Ege Denizi&#8217;nin orta kesiminde bulunan Santaroni-Amorgos adalar\u0131 aras\u0131nda kuzeydo\u011fu-g\u00fcneybat\u0131 (KD-GB) do\u011frultusunda uzanan bir hat \u00fczerinde 26 Ocak 2025&#8217;te ba\u015flayan ve halen devam eden yo\u011fun bir deprem aktivitesinin oldu\u011funu s\u00f6yledi. AFAD verilerine g\u00f6re, derinlikleri 5-25 km aras\u0131nda de\u011fi\u015fen y\u00fczlerce deprem meydana geldi\u011fi aktar\u0131ld\u0131. S\u00f6z konusu depremler, Helenik dalma zonunun merkezi Helenik volkanik yay\u0131 olarak tan\u0131mlanan b\u00f6lgede ger\u00e7ekle\u015fti. Bu durum, bir\u00e7ok yerbilimcinin depremleri volkanik aktivitenin habercisi olarak de\u011ferlendirmesine yol a\u00e7t\u0131. Ancak volkanik aktivitenin belirgin g\u00f6stergeleri olan gaz \u00e7\u0131k\u0131\u015f\u0131 ve su s\u0131cakl\u0131\u011f\u0131ndaki art\u0131\u015f gibi belirtilerin \u015fu ana kadar g\u00f6zlemlenmedi\u011fi vurguland\u0131. Deprem Aktivitesi Tektonik mi, Volkanik mi? Depremlerin odak mekanizmalar\u0131 incelendi\u011finde, b\u00fcy\u00fck bir k\u0131sm\u0131n\u0131n kuzeybat\u0131-g\u00fcneydo\u011fu (KB-GD) y\u00f6nl\u00fc \u00e7ekme gerilmesiyle ili\u015fkili olarak KD-GB do\u011frultulu normal faylar \u00fczerinde meydana geldi\u011fi anla\u015f\u0131ld\u0131. E\u011fer depremler volkanik kaynakl\u0131 olsayd\u0131, d\u00fczensiz faylanmalar ve k\u0131r\u0131klar olu\u015fmas\u0131 beklenirdi. Ancak mevcut veriler, depremlerin tektonik k\u00f6kenli oldu\u011funu g\u00f6steriyor. Bat\u0131 Anadolu ve Ege B\u00f6lgesi, Helenik-K\u0131br\u0131s yaylar\u0131 boyunca Afrika levhas\u0131n\u0131n Anadolu-Ege Blokunun alt\u0131na dalmas\u0131yla olu\u015fan tektonik kuvvetlerin etkisinde. Bu hareketlilik nedeniyle b\u00f6lgede s\u0131k s\u0131k depremler meydana geliyor. B\u00fcy\u00fck Bir Depremin Habercisi mi? Prof. Dr. \u00d6ver, bu depremlerin b\u00fcy\u00fck bir depremin habercisi olup olmad\u0131\u011f\u0131na dair kesin bir yorum yapman\u0131n zor oldu\u011funu belirterek, &#8220;B\u00fcy\u00fck deprem olmadan &hellip;","og_url":"https:\/\/denizcankizil.tr\/ru\/haberler\/gundem\/over-ege-denizi-deprem-firtinasini-yorumladi\/","og_site_name":"Av. Deniz Can K\u0131z\u0131l","article_published_time":"2025-02-11T15:42:04+00:00","author":"admin","twitter_card":"summary_large_image","twitter_misc":{"\u041d\u0430\u043f\u0438\u0441\u0430\u043d\u043e \u0430\u0432\u0442\u043e\u0440\u043e\u043c":"admin","\u041f\u0440\u0438\u043c\u0435\u0440\u043d\u043e\u0435 \u0432\u0440\u0435\u043c\u044f \u0434\u043b\u044f \u0447\u0442\u0435\u043d\u0438\u044f":"6 \u043c\u0438\u043d\u0443\u0442"},"schema":{"@context":"https:\/\/schema.org","@graph":[{"@type":"Article","@id":"https:\/\/denizcankizil.tr\/ru\/haberler\/gundem\/over-ege-denizi-deprem-firtinasini-yorumladi\/#article","isPartOf":{"@id":"https:\/\/denizcankizil.tr\/ru\/haberler\/gundem\/over-ege-denizi-deprem-firtinasini-yorumladi\/"},"author":{"name":"admin","@id":"https:\/\/denizcankizil.tr\/#\/schema\/person\/be3c05fe6a12686905512445d8185489"},"headline":"\u00d6ver Ege Denizi Deprem F\u0131rt\u0131nas\u0131n\u0131 yorumlad\u0131\u2026","datePublished":"2025-02-11T15:42:04+00:00","mainEntityOfPage":{"@id":"https:\/\/denizcankizil.tr\/ru\/haberler\/gundem\/over-ege-denizi-deprem-firtinasini-yorumladi\/"},"wordCount":1118,"commentCount":0,"publisher":{"@id":"https:\/\/denizcankizil.tr\/#organization"},"articleSection":["G\u00fcndem"],"inLanguage":"ru-RU","potentialAction":[{"@type":"CommentAction","name":"Comment","target":["https:\/\/denizcankizil.tr\/ru\/haberler\/gundem\/over-ege-denizi-deprem-firtinasini-yorumladi\/#respond"]}]},{"@type":"WebPage","@id":"https:\/\/denizcankizil.tr\/ru\/haberler\/gundem\/over-ege-denizi-deprem-firtinasini-yorumladi\/","url":"https:\/\/denizcankizil.tr\/ru\/haberler\/gundem\/over-ege-denizi-deprem-firtinasini-yorumladi\/","name":"\u00d6ver Ege Denizi Deprem F\u0131rt\u0131nas\u0131n\u0131 yorumlad\u0131\u2026 - Av. Deniz Can K\u0131z\u0131l","isPartOf":{"@id":"https:\/\/denizcankizil.tr\/#website"},"datePublished":"2025-02-11T15:42:04+00:00","breadcrumb":{"@id":"https:\/\/denizcankizil.tr\/ru\/haberler\/gundem\/over-ege-denizi-deprem-firtinasini-yorumladi\/#breadcrumb"},"inLanguage":"ru-RU","potentialAction":[{"@type":"ReadAction","target":["https:\/\/denizcankizil.tr\/ru\/haberler\/gundem\/over-ege-denizi-deprem-firtinasini-yorumladi\/"]}]},{"@type":"BreadcrumbList","@id":"https:\/\/denizcankizil.tr\/ru\/haberler\/gundem\/over-ege-denizi-deprem-firtinasini-yorumladi\/#breadcrumb","itemListElement":[{"@type":"ListItem","position":1,"name":"Home","item":"https:\/\/denizcankizil.tr\/de\/"},{"@type":"ListItem","position":2,"name":"\u00d6ver Ege Denizi Deprem F\u0131rt\u0131nas\u0131n\u0131 yorumlad\u0131\u2026"}]},{"@type":"WebSite","@id":"https:\/\/denizcankizil.tr\/#website","url":"https:\/\/denizcankizil.tr\/","name":"Av. Deniz Can K\u0131z\u0131l","description":"Avukat Deniz Can K\u0131z\u0131l Antalya Barosu","publisher":{"@id":"https:\/\/denizcankizil.tr\/#organization"},"potentialAction":[{"@type":"SearchAction","target":{"@type":"EntryPoint","urlTemplate":"https:\/\/denizcankizil.tr\/?s={search_term_string}"},"query-input":{"@type":"PropertyValueSpecification","valueRequired":true,"valueName":"search_term_string"}}],"inLanguage":"ru-RU"},{"@type":"Organization","@id":"https:\/\/denizcankizil.tr\/#organization","name":"Av. Deniz Can K\u0131z\u0131l","url":"https:\/\/denizcankizil.tr\/","logo":{"@type":"ImageObject","inLanguage":"ru-RU","@id":"https:\/\/denizcankizil.tr\/#\/schema\/logo\/image\/","url":"https:\/\/denizcankizil.tr\/wp-content\/uploads\/2024\/10\/siyah-logo-svg.svg","contentUrl":"https:\/\/denizcankizil.tr\/wp-content\/uploads\/2024\/10\/siyah-logo-svg.svg","width":1080,"height":1080,"caption":"Av. Deniz Can K\u0131z\u0131l"},"image":{"@id":"https:\/\/denizcankizil.tr\/#\/schema\/logo\/image\/"}},{"@type":"Person","@id":"https:\/\/denizcankizil.tr\/#\/schema\/person\/be3c05fe6a12686905512445d8185489","name":"\u0430\u0434\u043c\u0438\u043d","image":{"@type":"ImageObject","inLanguage":"ru-RU","@id":"https:\/\/denizcankizil.tr\/#\/schema\/person\/image\/","url":"https:\/\/secure.gravatar.com\/avatar\/c1fce94c830dc79107e174f890d7210541c4a63e8e5d816341794a2151c9d58c?s=96&d=mm&r=g","contentUrl":"https:\/\/secure.gravatar.com\/avatar\/c1fce94c830dc79107e174f890d7210541c4a63e8e5d816341794a2151c9d58c?s=96&d=mm&r=g","caption":"admin"},"sameAs":["http:\/\/denizcankizil.tr"],"url":"https:\/\/www.iskenderun.org\/over-ege-denizi-deprem-firtinasini-yorumladi"}]}},"_links":{"self":[{"href":"https:\/\/denizcankizil.tr\/ru\/wp-json\/wp\/v2\/posts\/32068","targetHints":{"allow":["GET"]}}],"collection":[{"href":"https:\/\/denizcankizil.tr\/ru\/wp-json\/wp\/v2\/posts"}],"about":[{"href":"https:\/\/denizcankizil.tr\/ru\/wp-json\/wp\/v2\/types\/post"}],"author":[{"embeddable":true,"href":"https:\/\/denizcankizil.tr\/ru\/wp-json\/wp\/v2\/users\/1"}],"replies":[{"embeddable":true,"href":"https:\/\/denizcankizil.tr\/ru\/wp-json\/wp\/v2\/comments?post=32068"}],"version-history":[{"count":0,"href":"https:\/\/denizcankizil.tr\/ru\/wp-json\/wp\/v2\/posts\/32068\/revisions"}],"wp:attachment":[{"href":"https:\/\/denizcankizil.tr\/ru\/wp-json\/wp\/v2\/media?parent=32068"}],"wp:term":[{"taxonomy":"category","embeddable":true,"href":"https:\/\/denizcankizil.tr\/ru\/wp-json\/wp\/v2\/categories?post=32068"},{"taxonomy":"post_tag","embeddable":true,"href":"https:\/\/denizcankizil.tr\/ru\/wp-json\/wp\/v2\/tags?post=32068"}],"curies":[{"name":"wp","href":"https:\/\/api.w.org\/{rel}","templated":true}]}}