{"id":32039,"date":"2025-02-11T17:41:28","date_gmt":"2025-02-11T14:41:28","guid":{"rendered":"https:\/\/denizcankizil.tr\/uncategorized-tr\/beton-borunun-ayaklari-baliklarin-yasam-alani-oldu\/"},"modified":"2025-02-11T17:41:28","modified_gmt":"2025-02-11T14:41:28","slug":"beton-borunun-ayaklari-baliklarin-yasam-alani-oldu","status":"publish","type":"post","link":"https:\/\/denizcankizil.tr\/ru\/haberler\/antalya\/beton-borunun-ayaklari-baliklarin-yasam-alani-oldu\/","title":{"rendered":"Beton borunun ayaklar\u0131 bal\u0131klar\u0131n ya\u015fam alan\u0131 oldu"},"content":{"rendered":"<p>Konyaalt\u0131 Sahili a\u00e7\u0131klar\u0131nda \u00f6\u011frencilere e\u011fitim, ara\u015ft\u0131rma ve inceleme dal\u0131\u015flar\u0131 yapt\u0131ran Akdeniz \u00dcniversitesi Su \u00dcr\u00fcnleri Fak\u00fcltesi&#8217;nden Prof. Dr. Mehmet G\u00f6ko\u011flu, s\u00f6z konusu b\u00f6lgede denizin i\u00e7inde yer alan beton borunun d\u00fc\u015fen ayaklar\u0131n\u0131 bir yerde toplad\u0131. \u00d6\u011frencileriyle tekrar dal\u0131\u015f yapan G\u00f6ko\u011flu, onlarca t\u00fcrde bal\u0131\u011f\u0131n bar\u0131nma ama\u00e7l\u0131 beton birikintilerine bar\u0131nmak i\u00e7in geldi\u011fini g\u00f6rd\u00fc.<\/p>\n<p>Onlarca t\u00fcrden bal\u0131k geldi<br \/>\nO anlar ise su alt\u0131 kameras\u0131na yans\u0131d\u0131. G\u00f6r\u00fcnt\u00fclerde beton bloklar\u0131n i\u00e7inde ve etraf\u0131nda y\u00fczlerce bal\u0131\u011f\u0131n oldu\u011fu, hemen \u00fcst k\u0131sm\u0131nda ise bir aslan bal\u0131\u011f\u0131n\u0131n hareket etmeden durdu\u011fu g\u00f6zlendi. Suyun berrakl\u0131\u011f\u0131n\u0131n dikkat \u00e7ekti\u011fi g\u00f6r\u00fcnt\u00fclerde, G\u00f6ko\u011flu ve \u00f6\u011frencileri alana olduk\u00e7a \u00e7ok yakla\u015fmas\u0131na ra\u011fmen bal\u0131klar\u0131n ka\u00e7mad\u0131\u011f\u0131 yer ald\u0131. G\u00f6r\u00fcnt\u00fclerde ayr\u0131ca bir m\u00fcren bal\u0131\u011f\u0131n\u0131n da o b\u00f6lge yak\u0131n\u0131nda ava \u00e7\u0131kt\u0131\u011f\u0131 g\u00f6r\u00fcld\u00fc.<\/p>\n<p>&#8220;K\u00fc\u00e7\u00fcc\u00fck bir alanda \u00e7ok say\u0131da bal\u0131k bar\u0131nd\u0131&#8221;<br \/>\nAntalya K\u00f6rfezi&#8217;nde falezlerden Side&#8217;ye kadar denizin alt\u0131n\u0131n tamamen kum ve \u00e7amur oldu\u011funu kaydeden G\u00f6ko\u011flu, bu alanlara uygun habitatlar bulunup yapay resifler yap\u0131labilece\u011fini s\u00f6yledi. Beton ayaklar\u0131n bal\u0131klar\u0131n bar\u0131nmas\u0131na yarad\u0131\u011f\u0131n\u0131 da belirten Prof. Dr. G\u00f6ko\u011flu, &#8220;O g\u00f6r\u00fcnt\u00fcdeki bal\u0131klar\u0131n \u00e7o\u011funlu\u011fu K\u0131z\u0131ldeniz&#8217;den gelen t\u00fcrler. Naylon, aslan ve sokar bal\u0131\u011f\u0131 var. Yerli t\u00fcrler de yer al\u0131yor. Yapay resifin ne kadar \u00f6nemli oldu\u011funu g\u00f6steren bir g\u00f6r\u00fcnt\u00fcyd\u00fc. K\u00fc\u00e7\u00fcc\u00fck bir alanda \u00e7ok say\u0131da bal\u0131k bar\u0131nd\u0131. Orada bir aslan bal\u0131\u011f\u0131 da bek\u00e7isi gibi duruyor. Alt\u0131nda da birka\u00e7 tane daha vard\u0131. Bu t\u00fcr yerlerde aslan bal\u0131klar\u0131 kayal\u0131k alanlar ya\u015fad\u0131klar\u0131 i\u00e7in buray\u0131 mekan olarak benimsediler&#8221; dedi.<\/p>\n<p>Biyolojik \u00e7e\u015fitlili\u011fe fayda sa\u011fl\u0131yor<br \/>\nBiyolojik \u00e7e\u015fitlili\u011fin kayal\u0131k alanlarda daha \u00e7ok oldu\u011funu ifade eden G\u00f6ko\u011flu, &#8220;Bal\u0131klar buraya geliyor ve bar\u0131nmalar\u0131n\u0131n yan\u0131 s\u0131ra \u00fczerine yap\u0131\u015fan organizmalarla besleniyor. Kendileri beslenmese bile yavrular\u0131 besleniyor&#8221; diye konu\u015ftu.<\/p>\n<p>Kaynak: www.kanalv.com.tr Haber Sitesinden Al\u0131nm\u0131\u015ft\u0131r.<\/p>","protected":false},"excerpt":{"rendered":"<p>Konyaalt\u0131 Sahili a\u00e7\u0131klar\u0131nda \u00f6\u011frencilere e\u011fitim, ara\u015ft\u0131rma ve inceleme dal\u0131\u015flar\u0131 yapt\u0131ran Akdeniz \u00dcniversitesi Su \u00dcr\u00fcnleri Fak\u00fcltesi&#8217;nden Prof. Dr. Mehmet G\u00f6ko\u011flu, s\u00f6z konusu b\u00f6lgede denizin i\u00e7inde yer alan beton borunun d\u00fc\u015fen ayaklar\u0131n\u0131 bir yerde toplad\u0131. \u00d6\u011frencileriyle tekrar dal\u0131\u015f yapan G\u00f6ko\u011flu, onlarca t\u00fcrde bal\u0131\u011f\u0131n bar\u0131nma ama\u00e7l\u0131 beton birikintilerine bar\u0131nmak i\u00e7in geldi\u011fini g\u00f6rd\u00fc. Onlarca t\u00fcrden bal\u0131k geldi O anlar ise su alt\u0131 kameras\u0131na yans\u0131d\u0131. G\u00f6r\u00fcnt\u00fclerde beton bloklar\u0131n i\u00e7inde ve etraf\u0131nda y\u00fczlerce bal\u0131\u011f\u0131n oldu\u011fu, hemen \u00fcst k\u0131sm\u0131nda ise bir aslan bal\u0131\u011f\u0131n\u0131n hareket etmeden durdu\u011fu g\u00f6zlendi. Suyun berrakl\u0131\u011f\u0131n\u0131n dikkat \u00e7ekti\u011fi g\u00f6r\u00fcnt\u00fclerde, G\u00f6ko\u011flu ve \u00f6\u011frencileri alana olduk\u00e7a \u00e7ok yakla\u015fmas\u0131na ra\u011fmen bal\u0131klar\u0131n ka\u00e7mad\u0131\u011f\u0131 yer ald\u0131. G\u00f6r\u00fcnt\u00fclerde ayr\u0131ca bir m\u00fcren bal\u0131\u011f\u0131n\u0131n da o b\u00f6lge yak\u0131n\u0131nda ava \u00e7\u0131kt\u0131\u011f\u0131 g\u00f6r\u00fcld\u00fc. &#8220;K\u00fc\u00e7\u00fcc\u00fck bir alanda \u00e7ok say\u0131da bal\u0131k bar\u0131nd\u0131&#8221; Antalya K\u00f6rfezi&#8217;nde falezlerden Side&#8217;ye kadar denizin alt\u0131n\u0131n tamamen kum ve \u00e7amur oldu\u011funu kaydeden G\u00f6ko\u011flu, bu alanlara uygun habitatlar bulunup yapay resifler yap\u0131labilece\u011fini s\u00f6yledi. Beton ayaklar\u0131n bal\u0131klar\u0131n bar\u0131nmas\u0131na yarad\u0131\u011f\u0131n\u0131 da belirten Prof. Dr. G\u00f6ko\u011flu, &#8220;O g\u00f6r\u00fcnt\u00fcdeki bal\u0131klar\u0131n \u00e7o\u011funlu\u011fu K\u0131z\u0131ldeniz&#8217;den gelen t\u00fcrler. Naylon, aslan ve sokar bal\u0131\u011f\u0131 var. Yerli t\u00fcrler de yer al\u0131yor. Yapay resifin ne kadar \u00f6nemli oldu\u011funu g\u00f6steren bir g\u00f6r\u00fcnt\u00fcyd\u00fc. K\u00fc\u00e7\u00fcc\u00fck bir alanda \u00e7ok say\u0131da bal\u0131k bar\u0131nd\u0131. Orada bir aslan bal\u0131\u011f\u0131 da bek\u00e7isi gibi duruyor. Alt\u0131nda da birka\u00e7 tane daha vard\u0131. Bu t\u00fcr yerlerde &hellip;<\/p>","protected":false},"author":4,"featured_media":32040,"comment_status":"open","ping_status":"open","sticky":false,"template":"","format":"standard","meta":{"_acf_changed":false,"footnotes":""},"categories":[26],"tags":[],"class_list":["post-32039","post","type-post","status-publish","format-standard","has-post-thumbnail","hentry","category-antalya"],"acf":[],"yoast_head":"<!-- This site is optimized with the Yoast SEO Premium plugin v26.6 (Yoast SEO v27.1.1) - https:\/\/yoast.com\/product\/yoast-seo-premium-wordpress\/ -->\n<title>Beton borunun ayaklar\u0131 bal\u0131klar\u0131n ya\u015fam alan\u0131 oldu - Av. Deniz Can K\u0131z\u0131l<\/title>\n<meta name=\"robots\" content=\"index, follow, max-snippet:-1, max-image-preview:large, max-video-preview:-1\" \/>\n<link rel=\"canonical\" href=\"https:\/\/denizcankizil.tr\/ru\/haberler\/antalya\/beton-borunun-ayaklari-baliklarin-yasam-alani-oldu\/\" \/>\n<meta property=\"og:locale\" content=\"ru_RU\" \/>\n<meta property=\"og:type\" content=\"article\" \/>\n<meta property=\"og:title\" content=\"Beton borunun ayaklar\u0131 bal\u0131klar\u0131n ya\u015fam alan\u0131 oldu\" \/>\n<meta property=\"og:description\" content=\"Konyaalt\u0131 Sahili a\u00e7\u0131klar\u0131nda \u00f6\u011frencilere e\u011fitim, ara\u015ft\u0131rma ve inceleme dal\u0131\u015flar\u0131 yapt\u0131ran Akdeniz \u00dcniversitesi Su \u00dcr\u00fcnleri Fak\u00fcltesi&#8217;nden Prof. Dr. Mehmet G\u00f6ko\u011flu, s\u00f6z konusu b\u00f6lgede denizin i\u00e7inde yer alan beton borunun d\u00fc\u015fen ayaklar\u0131n\u0131 bir yerde toplad\u0131. \u00d6\u011frencileriyle tekrar dal\u0131\u015f yapan G\u00f6ko\u011flu, onlarca t\u00fcrde bal\u0131\u011f\u0131n bar\u0131nma ama\u00e7l\u0131 beton birikintilerine bar\u0131nmak i\u00e7in geldi\u011fini g\u00f6rd\u00fc. Onlarca t\u00fcrden bal\u0131k geldi O anlar ise su alt\u0131 kameras\u0131na yans\u0131d\u0131. G\u00f6r\u00fcnt\u00fclerde beton bloklar\u0131n i\u00e7inde ve etraf\u0131nda y\u00fczlerce bal\u0131\u011f\u0131n oldu\u011fu, hemen \u00fcst k\u0131sm\u0131nda ise bir aslan bal\u0131\u011f\u0131n\u0131n hareket etmeden durdu\u011fu g\u00f6zlendi. Suyun berrakl\u0131\u011f\u0131n\u0131n dikkat \u00e7ekti\u011fi g\u00f6r\u00fcnt\u00fclerde, G\u00f6ko\u011flu ve \u00f6\u011frencileri alana olduk\u00e7a \u00e7ok yakla\u015fmas\u0131na ra\u011fmen bal\u0131klar\u0131n ka\u00e7mad\u0131\u011f\u0131 yer ald\u0131. G\u00f6r\u00fcnt\u00fclerde ayr\u0131ca bir m\u00fcren bal\u0131\u011f\u0131n\u0131n da o b\u00f6lge yak\u0131n\u0131nda ava \u00e7\u0131kt\u0131\u011f\u0131 g\u00f6r\u00fcld\u00fc. &#8220;K\u00fc\u00e7\u00fcc\u00fck bir alanda \u00e7ok say\u0131da bal\u0131k bar\u0131nd\u0131&#8221; Antalya K\u00f6rfezi&#8217;nde falezlerden Side&#8217;ye kadar denizin alt\u0131n\u0131n tamamen kum ve \u00e7amur oldu\u011funu kaydeden G\u00f6ko\u011flu, bu alanlara uygun habitatlar bulunup yapay resifler yap\u0131labilece\u011fini s\u00f6yledi. Beton ayaklar\u0131n bal\u0131klar\u0131n bar\u0131nmas\u0131na yarad\u0131\u011f\u0131n\u0131 da belirten Prof. Dr. G\u00f6ko\u011flu, &#8220;O g\u00f6r\u00fcnt\u00fcdeki bal\u0131klar\u0131n \u00e7o\u011funlu\u011fu K\u0131z\u0131ldeniz&#8217;den gelen t\u00fcrler. Naylon, aslan ve sokar bal\u0131\u011f\u0131 var. Yerli t\u00fcrler de yer al\u0131yor. Yapay resifin ne kadar \u00f6nemli oldu\u011funu g\u00f6steren bir g\u00f6r\u00fcnt\u00fcyd\u00fc. K\u00fc\u00e7\u00fcc\u00fck bir alanda \u00e7ok say\u0131da bal\u0131k bar\u0131nd\u0131. Orada bir aslan bal\u0131\u011f\u0131 da bek\u00e7isi gibi duruyor. Alt\u0131nda da birka\u00e7 tane daha vard\u0131. Bu t\u00fcr yerlerde &hellip;\" \/>\n<meta property=\"og:url\" content=\"https:\/\/denizcankizil.tr\/ru\/haberler\/antalya\/beton-borunun-ayaklari-baliklarin-yasam-alani-oldu\/\" \/>\n<meta property=\"og:site_name\" content=\"Av. Deniz Can K\u0131z\u0131l\" \/>\n<meta property=\"article:published_time\" content=\"2025-02-11T14:41:28+00:00\" \/>\n<meta property=\"og:image\" content=\"https:\/\/denizcankizil.tr\/wp-content\/uploads\/2025\/02\/4583-01-1dllMS.jpeg\" \/>\n\t<meta property=\"og:image:width\" content=\"1280\" \/>\n\t<meta property=\"og:image:height\" content=\"720\" \/>\n\t<meta property=\"og:image:type\" content=\"image\/jpeg\" \/>\n<meta name=\"author\" content=\"Av. Deniz Can K\u0131z\u0131l\" \/>\n<meta name=\"twitter:card\" content=\"summary_large_image\" \/>\n<meta name=\"twitter:label1\" content=\"\u041d\u0430\u043f\u0438\u0441\u0430\u043d\u043e \u0430\u0432\u0442\u043e\u0440\u043e\u043c\" \/>\n\t<meta name=\"twitter:data1\" content=\"Av. Deniz Can K\u0131z\u0131l\" \/>\n\t<meta name=\"twitter:label2\" content=\"\u041f\u0440\u0438\u043c\u0435\u0440\u043d\u043e\u0435 \u0432\u0440\u0435\u043c\u044f \u0434\u043b\u044f \u0447\u0442\u0435\u043d\u0438\u044f\" \/>\n\t<meta name=\"twitter:data2\" content=\"2 \u043c\u0438\u043d\u0443\u0442\u044b\" \/>\n<script type=\"application\/ld+json\" class=\"yoast-schema-graph\">{\"@context\":\"https:\/\/schema.org\",\"@graph\":[{\"@type\":\"Article\",\"@id\":\"https:\/\/denizcankizil.tr\/ru\/haberler\/antalya\/beton-borunun-ayaklari-baliklarin-yasam-alani-oldu\/#article\",\"isPartOf\":{\"@id\":\"https:\/\/denizcankizil.tr\/ru\/haberler\/antalya\/beton-borunun-ayaklari-baliklarin-yasam-alani-oldu\/\"},\"author\":{\"name\":\"Av. Deniz Can K\u0131z\u0131l\",\"@id\":\"https:\/\/denizcankizil.tr\/#\/schema\/person\/5dc1b22991bd7ac833867c10afc9b0ff\"},\"headline\":\"Beton borunun ayaklar\u0131 bal\u0131klar\u0131n ya\u015fam alan\u0131 oldu\",\"datePublished\":\"2025-02-11T14:41:28+00:00\",\"mainEntityOfPage\":{\"@id\":\"https:\/\/denizcankizil.tr\/ru\/haberler\/antalya\/beton-borunun-ayaklari-baliklarin-yasam-alani-oldu\/\"},\"wordCount\":409,\"commentCount\":0,\"publisher\":{\"@id\":\"https:\/\/denizcankizil.tr\/#organization\"},\"image\":{\"@id\":\"https:\/\/denizcankizil.tr\/ru\/haberler\/antalya\/beton-borunun-ayaklari-baliklarin-yasam-alani-oldu\/#primaryimage\"},\"thumbnailUrl\":\"https:\/\/denizcankizil.tr\/wp-content\/uploads\/2025\/02\/4583-01-1dllMS.jpeg\",\"articleSection\":[\"Antalya\"],\"inLanguage\":\"ru-RU\",\"potentialAction\":[{\"@type\":\"CommentAction\",\"name\":\"Comment\",\"target\":[\"https:\/\/denizcankizil.tr\/ru\/haberler\/antalya\/beton-borunun-ayaklari-baliklarin-yasam-alani-oldu\/#respond\"]}]},{\"@type\":\"WebPage\",\"@id\":\"https:\/\/denizcankizil.tr\/ru\/haberler\/antalya\/beton-borunun-ayaklari-baliklarin-yasam-alani-oldu\/\",\"url\":\"https:\/\/denizcankizil.tr\/ru\/haberler\/antalya\/beton-borunun-ayaklari-baliklarin-yasam-alani-oldu\/\",\"name\":\"Beton borunun ayaklar\u0131 bal\u0131klar\u0131n ya\u015fam alan\u0131 oldu - Av. Deniz Can K\u0131z\u0131l\",\"isPartOf\":{\"@id\":\"https:\/\/denizcankizil.tr\/#website\"},\"primaryImageOfPage\":{\"@id\":\"https:\/\/denizcankizil.tr\/ru\/haberler\/antalya\/beton-borunun-ayaklari-baliklarin-yasam-alani-oldu\/#primaryimage\"},\"image\":{\"@id\":\"https:\/\/denizcankizil.tr\/ru\/haberler\/antalya\/beton-borunun-ayaklari-baliklarin-yasam-alani-oldu\/#primaryimage\"},\"thumbnailUrl\":\"https:\/\/denizcankizil.tr\/wp-content\/uploads\/2025\/02\/4583-01-1dllMS.jpeg\",\"datePublished\":\"2025-02-11T14:41:28+00:00\",\"breadcrumb\":{\"@id\":\"https:\/\/denizcankizil.tr\/ru\/haberler\/antalya\/beton-borunun-ayaklari-baliklarin-yasam-alani-oldu\/#breadcrumb\"},\"inLanguage\":\"ru-RU\",\"potentialAction\":[{\"@type\":\"ReadAction\",\"target\":[\"https:\/\/denizcankizil.tr\/ru\/haberler\/antalya\/beton-borunun-ayaklari-baliklarin-yasam-alani-oldu\/\"]}]},{\"@type\":\"ImageObject\",\"inLanguage\":\"ru-RU\",\"@id\":\"https:\/\/denizcankizil.tr\/ru\/haberler\/antalya\/beton-borunun-ayaklari-baliklarin-yasam-alani-oldu\/#primaryimage\",\"url\":\"https:\/\/denizcankizil.tr\/wp-content\/uploads\/2025\/02\/4583-01-1dllMS.jpeg\",\"contentUrl\":\"https:\/\/denizcankizil.tr\/wp-content\/uploads\/2025\/02\/4583-01-1dllMS.jpeg\",\"width\":1280,\"height\":720},{\"@type\":\"BreadcrumbList\",\"@id\":\"https:\/\/denizcankizil.tr\/ru\/haberler\/antalya\/beton-borunun-ayaklari-baliklarin-yasam-alani-oldu\/#breadcrumb\",\"itemListElement\":[{\"@type\":\"ListItem\",\"position\":1,\"name\":\"Home\",\"item\":\"https:\/\/denizcankizil.tr\/de\/\"},{\"@type\":\"ListItem\",\"position\":2,\"name\":\"Beton borunun ayaklar\u0131 bal\u0131klar\u0131n ya\u015fam alan\u0131 oldu\"}]},{\"@type\":\"WebSite\",\"@id\":\"https:\/\/denizcankizil.tr\/#website\",\"url\":\"https:\/\/denizcankizil.tr\/\",\"name\":\"Av. Deniz Can K\u0131z\u0131l\",\"description\":\"Avukat Deniz Can K\u0131z\u0131l Antalya Barosu\",\"publisher\":{\"@id\":\"https:\/\/denizcankizil.tr\/#organization\"},\"potentialAction\":[{\"@type\":\"SearchAction\",\"target\":{\"@type\":\"EntryPoint\",\"urlTemplate\":\"https:\/\/denizcankizil.tr\/?s={search_term_string}\"},\"query-input\":{\"@type\":\"PropertyValueSpecification\",\"valueRequired\":true,\"valueName\":\"search_term_string\"}}],\"inLanguage\":\"ru-RU\"},{\"@type\":\"Organization\",\"@id\":\"https:\/\/denizcankizil.tr\/#organization\",\"name\":\"Av. Deniz Can K\u0131z\u0131l\",\"url\":\"https:\/\/denizcankizil.tr\/\",\"logo\":{\"@type\":\"ImageObject\",\"inLanguage\":\"ru-RU\",\"@id\":\"https:\/\/denizcankizil.tr\/#\/schema\/logo\/image\/\",\"url\":\"https:\/\/denizcankizil.tr\/wp-content\/uploads\/2024\/10\/siyah-logo-svg.svg\",\"contentUrl\":\"https:\/\/denizcankizil.tr\/wp-content\/uploads\/2024\/10\/siyah-logo-svg.svg\",\"width\":1080,\"height\":1080,\"caption\":\"Av. Deniz Can K\u0131z\u0131l\"},\"image\":{\"@id\":\"https:\/\/denizcankizil.tr\/#\/schema\/logo\/image\/\"}},{\"@type\":\"Person\",\"@id\":\"https:\/\/denizcankizil.tr\/#\/schema\/person\/5dc1b22991bd7ac833867c10afc9b0ff\",\"name\":\"Av. Deniz Can K\u0131z\u0131l\",\"image\":{\"@type\":\"ImageObject\",\"inLanguage\":\"ru-RU\",\"@id\":\"https:\/\/denizcankizil.tr\/#\/schema\/person\/image\/\",\"url\":\"https:\/\/secure.gravatar.com\/avatar\/a0b128fb9855c79efc976d5640eedb31dc35ec297594d6016d2cf7c60e975bb6?s=96&d=mm&r=g\",\"contentUrl\":\"https:\/\/secure.gravatar.com\/avatar\/a0b128fb9855c79efc976d5640eedb31dc35ec297594d6016d2cf7c60e975bb6?s=96&d=mm&r=g\",\"caption\":\"Av. Deniz Can K\u0131z\u0131l\"},\"sameAs\":[\"http:\/\/www.denizcankizil.tr\"],\"url\":\"https:\/\/denizcankizil.tr\/ru\/author\/denizcankizil\/\"}]}<\/script>\n<!-- \/ Yoast SEO Premium plugin. -->","yoast_head_json":{"title":"Beton borunun ayaklar\u0131 bal\u0131klar\u0131n ya\u015fam alan\u0131 oldu - Av. Deniz Can K\u0131z\u0131l","robots":{"index":"index","follow":"follow","max-snippet":"max-snippet:-1","max-image-preview":"max-image-preview:large","max-video-preview":"max-video-preview:-1"},"canonical":"https:\/\/denizcankizil.tr\/ru\/haberler\/antalya\/beton-borunun-ayaklari-baliklarin-yasam-alani-oldu\/","og_locale":"ru_RU","og_type":"article","og_title":"Beton borunun ayaklar\u0131 bal\u0131klar\u0131n ya\u015fam alan\u0131 oldu","og_description":"Konyaalt\u0131 Sahili a\u00e7\u0131klar\u0131nda \u00f6\u011frencilere e\u011fitim, ara\u015ft\u0131rma ve inceleme dal\u0131\u015flar\u0131 yapt\u0131ran Akdeniz \u00dcniversitesi Su \u00dcr\u00fcnleri Fak\u00fcltesi&#8217;nden Prof. Dr. Mehmet G\u00f6ko\u011flu, s\u00f6z konusu b\u00f6lgede denizin i\u00e7inde yer alan beton borunun d\u00fc\u015fen ayaklar\u0131n\u0131 bir yerde toplad\u0131. \u00d6\u011frencileriyle tekrar dal\u0131\u015f yapan G\u00f6ko\u011flu, onlarca t\u00fcrde bal\u0131\u011f\u0131n bar\u0131nma ama\u00e7l\u0131 beton birikintilerine bar\u0131nmak i\u00e7in geldi\u011fini g\u00f6rd\u00fc. Onlarca t\u00fcrden bal\u0131k geldi O anlar ise su alt\u0131 kameras\u0131na yans\u0131d\u0131. G\u00f6r\u00fcnt\u00fclerde beton bloklar\u0131n i\u00e7inde ve etraf\u0131nda y\u00fczlerce bal\u0131\u011f\u0131n oldu\u011fu, hemen \u00fcst k\u0131sm\u0131nda ise bir aslan bal\u0131\u011f\u0131n\u0131n hareket etmeden durdu\u011fu g\u00f6zlendi. Suyun berrakl\u0131\u011f\u0131n\u0131n dikkat \u00e7ekti\u011fi g\u00f6r\u00fcnt\u00fclerde, G\u00f6ko\u011flu ve \u00f6\u011frencileri alana olduk\u00e7a \u00e7ok yakla\u015fmas\u0131na ra\u011fmen bal\u0131klar\u0131n ka\u00e7mad\u0131\u011f\u0131 yer ald\u0131. G\u00f6r\u00fcnt\u00fclerde ayr\u0131ca bir m\u00fcren bal\u0131\u011f\u0131n\u0131n da o b\u00f6lge yak\u0131n\u0131nda ava \u00e7\u0131kt\u0131\u011f\u0131 g\u00f6r\u00fcld\u00fc. &#8220;K\u00fc\u00e7\u00fcc\u00fck bir alanda \u00e7ok say\u0131da bal\u0131k bar\u0131nd\u0131&#8221; Antalya K\u00f6rfezi&#8217;nde falezlerden Side&#8217;ye kadar denizin alt\u0131n\u0131n tamamen kum ve \u00e7amur oldu\u011funu kaydeden G\u00f6ko\u011flu, bu alanlara uygun habitatlar bulunup yapay resifler yap\u0131labilece\u011fini s\u00f6yledi. Beton ayaklar\u0131n bal\u0131klar\u0131n bar\u0131nmas\u0131na yarad\u0131\u011f\u0131n\u0131 da belirten Prof. Dr. G\u00f6ko\u011flu, &#8220;O g\u00f6r\u00fcnt\u00fcdeki bal\u0131klar\u0131n \u00e7o\u011funlu\u011fu K\u0131z\u0131ldeniz&#8217;den gelen t\u00fcrler. Naylon, aslan ve sokar bal\u0131\u011f\u0131 var. Yerli t\u00fcrler de yer al\u0131yor. Yapay resifin ne kadar \u00f6nemli oldu\u011funu g\u00f6steren bir g\u00f6r\u00fcnt\u00fcyd\u00fc. K\u00fc\u00e7\u00fcc\u00fck bir alanda \u00e7ok say\u0131da bal\u0131k bar\u0131nd\u0131. Orada bir aslan bal\u0131\u011f\u0131 da bek\u00e7isi gibi duruyor. Alt\u0131nda da birka\u00e7 tane daha vard\u0131. Bu t\u00fcr yerlerde &hellip;","og_url":"https:\/\/denizcankizil.tr\/ru\/haberler\/antalya\/beton-borunun-ayaklari-baliklarin-yasam-alani-oldu\/","og_site_name":"Av. Deniz Can K\u0131z\u0131l","article_published_time":"2025-02-11T14:41:28+00:00","og_image":[{"width":1280,"height":720,"url":"https:\/\/denizcankizil.tr\/wp-content\/uploads\/2025\/02\/4583-01-1dllMS.jpeg","type":"image\/jpeg"}],"author":"Av. Deniz Can K\u0131z\u0131l","twitter_card":"summary_large_image","twitter_misc":{"\u041d\u0430\u043f\u0438\u0441\u0430\u043d\u043e \u0430\u0432\u0442\u043e\u0440\u043e\u043c":"Av. Deniz Can K\u0131z\u0131l","\u041f\u0440\u0438\u043c\u0435\u0440\u043d\u043e\u0435 \u0432\u0440\u0435\u043c\u044f \u0434\u043b\u044f \u0447\u0442\u0435\u043d\u0438\u044f":"2 \u043c\u0438\u043d\u0443\u0442\u044b"},"schema":{"@context":"https:\/\/schema.org","@graph":[{"@type":"Article","@id":"https:\/\/denizcankizil.tr\/ru\/haberler\/antalya\/beton-borunun-ayaklari-baliklarin-yasam-alani-oldu\/#article","isPartOf":{"@id":"https:\/\/denizcankizil.tr\/ru\/haberler\/antalya\/beton-borunun-ayaklari-baliklarin-yasam-alani-oldu\/"},"author":{"name":"Av. Deniz Can K\u0131z\u0131l","@id":"https:\/\/denizcankizil.tr\/#\/schema\/person\/5dc1b22991bd7ac833867c10afc9b0ff"},"headline":"Beton borunun ayaklar\u0131 bal\u0131klar\u0131n ya\u015fam alan\u0131 oldu","datePublished":"2025-02-11T14:41:28+00:00","mainEntityOfPage":{"@id":"https:\/\/denizcankizil.tr\/ru\/haberler\/antalya\/beton-borunun-ayaklari-baliklarin-yasam-alani-oldu\/"},"wordCount":409,"commentCount":0,"publisher":{"@id":"https:\/\/denizcankizil.tr\/#organization"},"image":{"@id":"https:\/\/denizcankizil.tr\/ru\/haberler\/antalya\/beton-borunun-ayaklari-baliklarin-yasam-alani-oldu\/#primaryimage"},"thumbnailUrl":"https:\/\/denizcankizil.tr\/wp-content\/uploads\/2025\/02\/4583-01-1dllMS.jpeg","articleSection":["Antalya"],"inLanguage":"ru-RU","potentialAction":[{"@type":"CommentAction","name":"Comment","target":["https:\/\/denizcankizil.tr\/ru\/haberler\/antalya\/beton-borunun-ayaklari-baliklarin-yasam-alani-oldu\/#respond"]}]},{"@type":"WebPage","@id":"https:\/\/denizcankizil.tr\/ru\/haberler\/antalya\/beton-borunun-ayaklari-baliklarin-yasam-alani-oldu\/","url":"https:\/\/denizcankizil.tr\/ru\/haberler\/antalya\/beton-borunun-ayaklari-baliklarin-yasam-alani-oldu\/","name":"Beton borunun ayaklar\u0131 bal\u0131klar\u0131n ya\u015fam alan\u0131 oldu - Av. Deniz Can K\u0131z\u0131l","isPartOf":{"@id":"https:\/\/denizcankizil.tr\/#website"},"primaryImageOfPage":{"@id":"https:\/\/denizcankizil.tr\/ru\/haberler\/antalya\/beton-borunun-ayaklari-baliklarin-yasam-alani-oldu\/#primaryimage"},"image":{"@id":"https:\/\/denizcankizil.tr\/ru\/haberler\/antalya\/beton-borunun-ayaklari-baliklarin-yasam-alani-oldu\/#primaryimage"},"thumbnailUrl":"https:\/\/denizcankizil.tr\/wp-content\/uploads\/2025\/02\/4583-01-1dllMS.jpeg","datePublished":"2025-02-11T14:41:28+00:00","breadcrumb":{"@id":"https:\/\/denizcankizil.tr\/ru\/haberler\/antalya\/beton-borunun-ayaklari-baliklarin-yasam-alani-oldu\/#breadcrumb"},"inLanguage":"ru-RU","potentialAction":[{"@type":"ReadAction","target":["https:\/\/denizcankizil.tr\/ru\/haberler\/antalya\/beton-borunun-ayaklari-baliklarin-yasam-alani-oldu\/"]}]},{"@type":"ImageObject","inLanguage":"ru-RU","@id":"https:\/\/denizcankizil.tr\/ru\/haberler\/antalya\/beton-borunun-ayaklari-baliklarin-yasam-alani-oldu\/#primaryimage","url":"https:\/\/denizcankizil.tr\/wp-content\/uploads\/2025\/02\/4583-01-1dllMS.jpeg","contentUrl":"https:\/\/denizcankizil.tr\/wp-content\/uploads\/2025\/02\/4583-01-1dllMS.jpeg","width":1280,"height":720},{"@type":"BreadcrumbList","@id":"https:\/\/denizcankizil.tr\/ru\/haberler\/antalya\/beton-borunun-ayaklari-baliklarin-yasam-alani-oldu\/#breadcrumb","itemListElement":[{"@type":"ListItem","position":1,"name":"Home","item":"https:\/\/denizcankizil.tr\/de\/"},{"@type":"ListItem","position":2,"name":"Beton borunun ayaklar\u0131 bal\u0131klar\u0131n ya\u015fam alan\u0131 oldu"}]},{"@type":"WebSite","@id":"https:\/\/denizcankizil.tr\/#website","url":"https:\/\/denizcankizil.tr\/","name":"Av. Deniz Can K\u0131z\u0131l","description":"Avukat Deniz Can K\u0131z\u0131l Antalya Barosu","publisher":{"@id":"https:\/\/denizcankizil.tr\/#organization"},"potentialAction":[{"@type":"SearchAction","target":{"@type":"EntryPoint","urlTemplate":"https:\/\/denizcankizil.tr\/?s={search_term_string}"},"query-input":{"@type":"PropertyValueSpecification","valueRequired":true,"valueName":"search_term_string"}}],"inLanguage":"ru-RU"},{"@type":"Organization","@id":"https:\/\/denizcankizil.tr\/#organization","name":"Av. Deniz Can K\u0131z\u0131l","url":"https:\/\/denizcankizil.tr\/","logo":{"@type":"ImageObject","inLanguage":"ru-RU","@id":"https:\/\/denizcankizil.tr\/#\/schema\/logo\/image\/","url":"https:\/\/denizcankizil.tr\/wp-content\/uploads\/2024\/10\/siyah-logo-svg.svg","contentUrl":"https:\/\/denizcankizil.tr\/wp-content\/uploads\/2024\/10\/siyah-logo-svg.svg","width":1080,"height":1080,"caption":"Av. Deniz Can K\u0131z\u0131l"},"image":{"@id":"https:\/\/denizcankizil.tr\/#\/schema\/logo\/image\/"}},{"@type":"Person","@id":"https:\/\/denizcankizil.tr\/#\/schema\/person\/5dc1b22991bd7ac833867c10afc9b0ff","name":"Av. Deniz Can K\u0131z\u0131l","image":{"@type":"ImageObject","inLanguage":"ru-RU","@id":"https:\/\/denizcankizil.tr\/#\/schema\/person\/image\/","url":"https:\/\/secure.gravatar.com\/avatar\/a0b128fb9855c79efc976d5640eedb31dc35ec297594d6016d2cf7c60e975bb6?s=96&d=mm&r=g","contentUrl":"https:\/\/secure.gravatar.com\/avatar\/a0b128fb9855c79efc976d5640eedb31dc35ec297594d6016d2cf7c60e975bb6?s=96&d=mm&r=g","caption":"Av. Deniz Can K\u0131z\u0131l"},"sameAs":["http:\/\/www.denizcankizil.tr"],"url":"https:\/\/denizcankizil.tr\/ru\/author\/denizcankizil\/"}]}},"_links":{"self":[{"href":"https:\/\/denizcankizil.tr\/ru\/wp-json\/wp\/v2\/posts\/32039","targetHints":{"allow":["GET"]}}],"collection":[{"href":"https:\/\/denizcankizil.tr\/ru\/wp-json\/wp\/v2\/posts"}],"about":[{"href":"https:\/\/denizcankizil.tr\/ru\/wp-json\/wp\/v2\/types\/post"}],"author":[{"embeddable":true,"href":"https:\/\/denizcankizil.tr\/ru\/wp-json\/wp\/v2\/users\/4"}],"replies":[{"embeddable":true,"href":"https:\/\/denizcankizil.tr\/ru\/wp-json\/wp\/v2\/comments?post=32039"}],"version-history":[{"count":0,"href":"https:\/\/denizcankizil.tr\/ru\/wp-json\/wp\/v2\/posts\/32039\/revisions"}],"wp:featuredmedia":[{"embeddable":true,"href":"https:\/\/denizcankizil.tr\/ru\/wp-json\/wp\/v2\/media\/32040"}],"wp:attachment":[{"href":"https:\/\/denizcankizil.tr\/ru\/wp-json\/wp\/v2\/media?parent=32039"}],"wp:term":[{"taxonomy":"category","embeddable":true,"href":"https:\/\/denizcankizil.tr\/ru\/wp-json\/wp\/v2\/categories?post=32039"},{"taxonomy":"post_tag","embeddable":true,"href":"https:\/\/denizcankizil.tr\/ru\/wp-json\/wp\/v2\/tags?post=32039"}],"curies":[{"name":"wp","href":"https:\/\/api.w.org\/{rel}","templated":true}]}}