{"id":32009,"date":"2025-02-11T15:41:17","date_gmt":"2025-02-11T12:41:17","guid":{"rendered":"https:\/\/denizcankizil.tr\/uncategorized-tr\/atso-ve-sgk-antalya-arasinda-protokol\/"},"modified":"2025-02-11T15:41:17","modified_gmt":"2025-02-11T12:41:17","slug":"atso-ve-sgk-antalya-arasinda-protokol","status":"publish","type":"post","link":"https:\/\/denizcankizil.tr\/ru\/haberler\/antalya\/atso-ve-sgk-antalya-arasinda-protokol\/","title":{"rendered":"ATSO VE SGK Antalya aras\u0131nda protokol"},"content":{"rendered":"<p>Ger\u00e7ekle\u015fen protokol imza t\u00f6renine, ATSO Y\u00f6netim Kurulu Ba\u015fkan\u0131 Yusuf Hac\u0131s\u00fcleyman, SGK Antalya \u0130l M\u00fcd\u00fcr\u00fc Mehmet Tanr\u0131\u00f6ver ve ATSO Genel Sekreteri Av. Asl\u0131 \u015eahin Tekin kat\u0131ld\u0131.<br \/>\n&#8220;G\u00fc\u00e7l\u00fc T\u00fcrkiye i\u00e7in istihdam ve \u00fcretimi destekliyoruz&#8221; mottosuyla hayata ge\u00e7irilen protokol, ATSO \u00fcyelerine sosyal g\u00fcvenlik uygulamalar\u0131 konusunda rehberlik ve bilgilendirme hizmetleri sunmay\u0131 ama\u00e7l\u0131yor. Ayr\u0131ca, i\u015fletmelerin SGK mevzuatlar\u0131na uygun olarak faaliyetlerini s\u00fcrd\u00fcrebilmeleri i\u00e7in yerinde destek sa\u011flanacak.<br \/>\nProtokol kapsam\u0131nda, ATSO \u00fcyelerinin sosyal g\u00fcvenlik uygulamalar\u0131 konusunda bilin\u00e7lendirilmesi, kay\u0131t d\u0131\u015f\u0131 i\u015f\u00e7ili\u011fin \u00f6nlenmesi, kay\u0131tl\u0131 istihdam\u0131n art\u0131r\u0131lmas\u0131, devlet te\u015fvikleri ve desteklerinin tan\u0131t\u0131lmas\u0131 ile i\u015fg\u00fcc\u00fc piyasas\u0131na rehberlik edilmesi hedefleniyor. Ayn\u0131 zamanda, ATSO b\u00fcnyesinde kurulan SGK dan\u0131\u015fma ofisi arac\u0131l\u0131\u011f\u0131yla \u015fehrin i\u015f hayat\u0131na y\u00f6nelik daha kapsaml\u0131 bir destek mekanizmas\u0131 olu\u015fturulacak.<\/p>\n<p>&#8220;ATSO ve SGK aras\u0131nda g\u00fc\u00e7l\u00fc i\u015f birli\u011fi&#8221;<br \/>\nATSO Ba\u015fkan\u0131 Yusuf Hac\u0131s\u00fcleyman, imzalanan protokol\u00fcn Antalya i\u015f d\u00fcnyas\u0131na sa\u011flayaca\u011f\u0131 faydalara dikkat \u00e7ekerek \u015fu ifadeleri kulland\u0131:<br \/>\n&#8220;Ger\u00e7ekle\u015ftirdi\u011fimiz bu protokol sayesinde ATSO \u00fcyeleri, Sosyal G\u00fcvenlik Kurumu&#8217;nun y\u00fcr\u00fcrl\u00fckteki mevzuatlar\u0131, d\u00fczenlemeleri ve te\u015fvikleri hakk\u0131nda en do\u011fru ve g\u00fcncel bilgilere ula\u015fabilecekler. Ya\u015fad\u0131klar\u0131 sorunlara \u00e7\u00f6z\u00fcm bulabilmeleri i\u00e7in odam\u0131z\u0131n giri\u015f kat\u0131nda bir SGK dan\u0131\u015fma ofisi olu\u015fturduk. Burada, ATSO \u00fcyeleri haftan\u0131n belirli g\u00fcnlerinde birebir dan\u0131\u015fmanl\u0131k hizmeti alabilecek. Antalya&#8217;da i\u015f hayat\u0131n\u0131 daha i\u015f birlik\u00e7i ve bar\u0131\u015f\u00e7\u0131l bir yakla\u015f\u0131mla y\u00fcr\u00fctmeyi ama\u00e7l\u0131yoruz.&#8221;<br \/>\nBa\u015fkan Hac\u0131s\u00fcleyman, ATSO&#8217;nun \u00fcyelerinin her zaman yan\u0131nda oldu\u011funu ve bu gibi i\u015f birlikleri ile Antalya ekonomisini daha ileriye ta\u015f\u0131mak i\u00e7in \u00e7al\u0131\u015fmalar\u0131n\u0131 s\u00fcrd\u00fcreceklerini vurgulad\u0131.<\/p>\n<p>&#8220;\u00dcreten ve b\u00fcy\u00fcyen T\u00fcrkiye i\u00e7in bir ad\u0131m daha&#8221;<br \/>\nSGK Antalya \u0130l M\u00fcd\u00fcr\u00fc Mehmet Tanr\u0131\u00f6ver ise, &#8220;\u00dcreten ve b\u00fcy\u00fcyen bir T\u00fcrkiye i\u00e7in i\u015f d\u00fcnyas\u0131n\u0131n yan\u0131nda olmaya devam edece\u011fiz. Antalya, istihdam\u0131n ve \u00fcretimin artmaya devam etti\u011fi bir il olacak. \u00c7al\u0131\u015fma hayat\u0131nda yer alan t\u00fcm vatanda\u015flar\u0131m\u0131z gibi i\u015fverenlerimizin de daima yan\u0131nday\u0131z. ATSO ile yapt\u0131\u011f\u0131m\u0131z bu protokol, i\u015fletmelere sosyal g\u00fcvenlik konusunda \u00f6nemli kolayl\u0131klar sa\u011flayacak&#8221; dedi.<br \/>\nTanr\u0131\u00f6ver, SGK olarak ATSO ile i\u015f birli\u011fi i\u00e7erisinde Antalya&#8217;n\u0131n b\u00fcy\u00fcyen ekonomisine ve i\u015f g\u00fcc\u00fc piyasas\u0131na destek olmaktan memnuniyet duyduklar\u0131n\u0131 belirtti.<\/p>\n<p>&#8220;SGK Dan\u0131\u015fma Ofisi haftada \u00fc\u00e7 g\u00fcn hizmet verecek&#8221;<br \/>\nHizmet ofisi hakk\u0131nda detaylar\u0131 g\u00f6r\u00fc\u015fen Hac\u0131s\u00fcleyman ve Tanr\u0131\u00f6ver, haftan\u0131n Sal\u0131, \u00c7ar\u015famba ve Cuma g\u00fcnlerinde Antalya Sosyal G\u00fcvenlik \u0130l M\u00fcd\u00fcrl\u00fc\u011f\u00fc g\u00f6revlilerinin bulunarak ATSO \u00fcyelerinin sorular\u0131n\u0131 cevaplayaca\u011f\u0131 alan\u0131 inceledi. Protokol kapsam\u0131nda ATSO binas\u0131 i\u00e7erisinde kurulan SGK dan\u0131\u015fma ofisi, ATSO \u00fcyelerine birebir dan\u0131\u015fmanl\u0131k ve rehberlik hizmeti verecek, d\u00fczenlenecek seminer ve bilgilendirme toplant\u0131lar\u0131yla, i\u015f d\u00fcnyas\u0131n\u0131n sosyal g\u00fcvenlik uygulamalar\u0131 hakk\u0131nda bilin\u00e7lendirilmesi ve g\u00fcncel geli\u015fmelerden haberdar edilmesi ama\u00e7lan\u0131yor.<\/p>\n<p>Kaynak: www.kanalv.com.tr Haber Sitesinden Al\u0131nm\u0131\u015ft\u0131r.<\/p>","protected":false},"excerpt":{"rendered":"<p>Ger\u00e7ekle\u015fen protokol imza t\u00f6renine, ATSO Y\u00f6netim Kurulu Ba\u015fkan\u0131 Yusuf Hac\u0131s\u00fcleyman, SGK Antalya \u0130l M\u00fcd\u00fcr\u00fc Mehmet Tanr\u0131\u00f6ver ve ATSO Genel Sekreteri Av. Asl\u0131 \u015eahin Tekin kat\u0131ld\u0131. &#8220;G\u00fc\u00e7l\u00fc T\u00fcrkiye i\u00e7in istihdam ve \u00fcretimi destekliyoruz&#8221; mottosuyla hayata ge\u00e7irilen protokol, ATSO \u00fcyelerine sosyal g\u00fcvenlik uygulamalar\u0131 konusunda rehberlik ve bilgilendirme hizmetleri sunmay\u0131 ama\u00e7l\u0131yor. Ayr\u0131ca, i\u015fletmelerin SGK mevzuatlar\u0131na uygun olarak faaliyetlerini s\u00fcrd\u00fcrebilmeleri i\u00e7in yerinde destek sa\u011flanacak. Protokol kapsam\u0131nda, ATSO \u00fcyelerinin sosyal g\u00fcvenlik uygulamalar\u0131 konusunda bilin\u00e7lendirilmesi, kay\u0131t d\u0131\u015f\u0131 i\u015f\u00e7ili\u011fin \u00f6nlenmesi, kay\u0131tl\u0131 istihdam\u0131n art\u0131r\u0131lmas\u0131, devlet te\u015fvikleri ve desteklerinin tan\u0131t\u0131lmas\u0131 ile i\u015fg\u00fcc\u00fc piyasas\u0131na rehberlik edilmesi hedefleniyor. Ayn\u0131 zamanda, ATSO b\u00fcnyesinde kurulan SGK dan\u0131\u015fma ofisi arac\u0131l\u0131\u011f\u0131yla \u015fehrin i\u015f hayat\u0131na y\u00f6nelik daha kapsaml\u0131 bir destek mekanizmas\u0131 olu\u015fturulacak. &#8220;ATSO ve SGK aras\u0131nda g\u00fc\u00e7l\u00fc i\u015f birli\u011fi&#8221; ATSO Ba\u015fkan\u0131 Yusuf Hac\u0131s\u00fcleyman, imzalanan protokol\u00fcn Antalya i\u015f d\u00fcnyas\u0131na sa\u011flayaca\u011f\u0131 faydalara dikkat \u00e7ekerek \u015fu ifadeleri kulland\u0131: &#8220;Ger\u00e7ekle\u015ftirdi\u011fimiz bu protokol sayesinde ATSO \u00fcyeleri, Sosyal G\u00fcvenlik Kurumu&#8217;nun y\u00fcr\u00fcrl\u00fckteki mevzuatlar\u0131, d\u00fczenlemeleri ve te\u015fvikleri hakk\u0131nda en do\u011fru ve g\u00fcncel bilgilere ula\u015fabilecekler. Ya\u015fad\u0131klar\u0131 sorunlara \u00e7\u00f6z\u00fcm bulabilmeleri i\u00e7in odam\u0131z\u0131n giri\u015f kat\u0131nda bir SGK dan\u0131\u015fma ofisi olu\u015fturduk. Burada, ATSO \u00fcyeleri haftan\u0131n belirli g\u00fcnlerinde birebir dan\u0131\u015fmanl\u0131k hizmeti alabilecek. Antalya&#8217;da i\u015f hayat\u0131n\u0131 daha i\u015f birlik\u00e7i ve bar\u0131\u015f\u00e7\u0131l bir yakla\u015f\u0131mla y\u00fcr\u00fctmeyi ama\u00e7l\u0131yoruz.&#8221; Ba\u015fkan Hac\u0131s\u00fcleyman, ATSO&#8217;nun \u00fcyelerinin her zaman yan\u0131nda oldu\u011funu ve bu gibi i\u015f birlikleri ile Antalya &hellip;<\/p>","protected":false},"author":4,"featured_media":32010,"comment_status":"open","ping_status":"open","sticky":false,"template":"","format":"standard","meta":{"_acf_changed":false,"footnotes":""},"categories":[26],"tags":[],"class_list":["post-32009","post","type-post","status-publish","format-standard","has-post-thumbnail","hentry","category-antalya"],"acf":[],"yoast_head":"<!-- This site is optimized with the Yoast SEO Premium plugin v26.6 (Yoast SEO v27.1.1) - https:\/\/yoast.com\/product\/yoast-seo-premium-wordpress\/ -->\n<title>ATSO VE SGK Antalya aras\u0131nda protokol - Av. Deniz Can K\u0131z\u0131l<\/title>\n<meta name=\"robots\" content=\"index, follow, max-snippet:-1, max-image-preview:large, max-video-preview:-1\" \/>\n<link rel=\"canonical\" href=\"https:\/\/denizcankizil.tr\/ru\/haberler\/antalya\/atso-ve-sgk-antalya-arasinda-protokol\/\" \/>\n<meta property=\"og:locale\" content=\"ru_RU\" \/>\n<meta property=\"og:type\" content=\"article\" \/>\n<meta property=\"og:title\" content=\"ATSO VE SGK Antalya aras\u0131nda protokol\" \/>\n<meta property=\"og:description\" content=\"Ger\u00e7ekle\u015fen protokol imza t\u00f6renine, ATSO Y\u00f6netim Kurulu Ba\u015fkan\u0131 Yusuf Hac\u0131s\u00fcleyman, SGK Antalya \u0130l M\u00fcd\u00fcr\u00fc Mehmet Tanr\u0131\u00f6ver ve ATSO Genel Sekreteri Av. Asl\u0131 \u015eahin Tekin kat\u0131ld\u0131. &#8220;G\u00fc\u00e7l\u00fc T\u00fcrkiye i\u00e7in istihdam ve \u00fcretimi destekliyoruz&#8221; mottosuyla hayata ge\u00e7irilen protokol, ATSO \u00fcyelerine sosyal g\u00fcvenlik uygulamalar\u0131 konusunda rehberlik ve bilgilendirme hizmetleri sunmay\u0131 ama\u00e7l\u0131yor. Ayr\u0131ca, i\u015fletmelerin SGK mevzuatlar\u0131na uygun olarak faaliyetlerini s\u00fcrd\u00fcrebilmeleri i\u00e7in yerinde destek sa\u011flanacak. Protokol kapsam\u0131nda, ATSO \u00fcyelerinin sosyal g\u00fcvenlik uygulamalar\u0131 konusunda bilin\u00e7lendirilmesi, kay\u0131t d\u0131\u015f\u0131 i\u015f\u00e7ili\u011fin \u00f6nlenmesi, kay\u0131tl\u0131 istihdam\u0131n art\u0131r\u0131lmas\u0131, devlet te\u015fvikleri ve desteklerinin tan\u0131t\u0131lmas\u0131 ile i\u015fg\u00fcc\u00fc piyasas\u0131na rehberlik edilmesi hedefleniyor. Ayn\u0131 zamanda, ATSO b\u00fcnyesinde kurulan SGK dan\u0131\u015fma ofisi arac\u0131l\u0131\u011f\u0131yla \u015fehrin i\u015f hayat\u0131na y\u00f6nelik daha kapsaml\u0131 bir destek mekanizmas\u0131 olu\u015fturulacak. &#8220;ATSO ve SGK aras\u0131nda g\u00fc\u00e7l\u00fc i\u015f birli\u011fi&#8221; ATSO Ba\u015fkan\u0131 Yusuf Hac\u0131s\u00fcleyman, imzalanan protokol\u00fcn Antalya i\u015f d\u00fcnyas\u0131na sa\u011flayaca\u011f\u0131 faydalara dikkat \u00e7ekerek \u015fu ifadeleri kulland\u0131: &#8220;Ger\u00e7ekle\u015ftirdi\u011fimiz bu protokol sayesinde ATSO \u00fcyeleri, Sosyal G\u00fcvenlik Kurumu&#8217;nun y\u00fcr\u00fcrl\u00fckteki mevzuatlar\u0131, d\u00fczenlemeleri ve te\u015fvikleri hakk\u0131nda en do\u011fru ve g\u00fcncel bilgilere ula\u015fabilecekler. Ya\u015fad\u0131klar\u0131 sorunlara \u00e7\u00f6z\u00fcm bulabilmeleri i\u00e7in odam\u0131z\u0131n giri\u015f kat\u0131nda bir SGK dan\u0131\u015fma ofisi olu\u015fturduk. Burada, ATSO \u00fcyeleri haftan\u0131n belirli g\u00fcnlerinde birebir dan\u0131\u015fmanl\u0131k hizmeti alabilecek. Antalya&#8217;da i\u015f hayat\u0131n\u0131 daha i\u015f birlik\u00e7i ve bar\u0131\u015f\u00e7\u0131l bir yakla\u015f\u0131mla y\u00fcr\u00fctmeyi ama\u00e7l\u0131yoruz.&#8221; Ba\u015fkan Hac\u0131s\u00fcleyman, ATSO&#8217;nun \u00fcyelerinin her zaman yan\u0131nda oldu\u011funu ve bu gibi i\u015f birlikleri ile Antalya &hellip;\" \/>\n<meta property=\"og:url\" content=\"https:\/\/denizcankizil.tr\/ru\/haberler\/antalya\/atso-ve-sgk-antalya-arasinda-protokol\/\" \/>\n<meta property=\"og:site_name\" content=\"Av. Deniz Can K\u0131z\u0131l\" \/>\n<meta property=\"article:published_time\" content=\"2025-02-11T12:41:17+00:00\" \/>\n<meta property=\"og:image\" content=\"https:\/\/denizcankizil.tr\/wp-content\/uploads\/2025\/02\/4581-01-Jmyioe.jpeg\" \/>\n\t<meta property=\"og:image:width\" content=\"1280\" \/>\n\t<meta property=\"og:image:height\" content=\"720\" \/>\n\t<meta property=\"og:image:type\" content=\"image\/jpeg\" \/>\n<meta name=\"author\" content=\"Av. Deniz Can K\u0131z\u0131l\" \/>\n<meta name=\"twitter:card\" content=\"summary_large_image\" \/>\n<meta name=\"twitter:label1\" content=\"\u041d\u0430\u043f\u0438\u0441\u0430\u043d\u043e \u0430\u0432\u0442\u043e\u0440\u043e\u043c\" \/>\n\t<meta name=\"twitter:data1\" content=\"Av. Deniz Can K\u0131z\u0131l\" \/>\n\t<meta name=\"twitter:label2\" content=\"\u041f\u0440\u0438\u043c\u0435\u0440\u043d\u043e\u0435 \u0432\u0440\u0435\u043c\u044f \u0434\u043b\u044f \u0447\u0442\u0435\u043d\u0438\u044f\" \/>\n\t<meta name=\"twitter:data2\" content=\"3 \u043c\u0438\u043d\u0443\u0442\u044b\" \/>\n<script type=\"application\/ld+json\" class=\"yoast-schema-graph\">{\"@context\":\"https:\/\/schema.org\",\"@graph\":[{\"@type\":\"Article\",\"@id\":\"https:\/\/denizcankizil.tr\/ru\/haberler\/antalya\/atso-ve-sgk-antalya-arasinda-protokol\/#article\",\"isPartOf\":{\"@id\":\"https:\/\/denizcankizil.tr\/ru\/haberler\/antalya\/atso-ve-sgk-antalya-arasinda-protokol\/\"},\"author\":{\"name\":\"Av. Deniz Can K\u0131z\u0131l\",\"@id\":\"https:\/\/denizcankizil.tr\/de\/#\/schema\/person\/5dc1b22991bd7ac833867c10afc9b0ff\"},\"headline\":\"ATSO VE SGK Antalya aras\u0131nda protokol\",\"datePublished\":\"2025-02-11T12:41:17+00:00\",\"mainEntityOfPage\":{\"@id\":\"https:\/\/denizcankizil.tr\/ru\/haberler\/antalya\/atso-ve-sgk-antalya-arasinda-protokol\/\"},\"wordCount\":560,\"commentCount\":0,\"publisher\":{\"@id\":\"https:\/\/denizcankizil.tr\/de\/#organization\"},\"image\":{\"@id\":\"https:\/\/denizcankizil.tr\/ru\/haberler\/antalya\/atso-ve-sgk-antalya-arasinda-protokol\/#primaryimage\"},\"thumbnailUrl\":\"https:\/\/denizcankizil.tr\/wp-content\/uploads\/2025\/02\/4581-01-Jmyioe.jpeg\",\"articleSection\":[\"Antalya\"],\"inLanguage\":\"ru-RU\",\"potentialAction\":[{\"@type\":\"CommentAction\",\"name\":\"Comment\",\"target\":[\"https:\/\/denizcankizil.tr\/ru\/haberler\/antalya\/atso-ve-sgk-antalya-arasinda-protokol\/#respond\"]}]},{\"@type\":\"WebPage\",\"@id\":\"https:\/\/denizcankizil.tr\/ru\/haberler\/antalya\/atso-ve-sgk-antalya-arasinda-protokol\/\",\"url\":\"https:\/\/denizcankizil.tr\/ru\/haberler\/antalya\/atso-ve-sgk-antalya-arasinda-protokol\/\",\"name\":\"ATSO VE SGK Antalya aras\u0131nda protokol - Av. Deniz Can K\u0131z\u0131l\",\"isPartOf\":{\"@id\":\"https:\/\/denizcankizil.tr\/de\/#website\"},\"primaryImageOfPage\":{\"@id\":\"https:\/\/denizcankizil.tr\/ru\/haberler\/antalya\/atso-ve-sgk-antalya-arasinda-protokol\/#primaryimage\"},\"image\":{\"@id\":\"https:\/\/denizcankizil.tr\/ru\/haberler\/antalya\/atso-ve-sgk-antalya-arasinda-protokol\/#primaryimage\"},\"thumbnailUrl\":\"https:\/\/denizcankizil.tr\/wp-content\/uploads\/2025\/02\/4581-01-Jmyioe.jpeg\",\"datePublished\":\"2025-02-11T12:41:17+00:00\",\"breadcrumb\":{\"@id\":\"https:\/\/denizcankizil.tr\/ru\/haberler\/antalya\/atso-ve-sgk-antalya-arasinda-protokol\/#breadcrumb\"},\"inLanguage\":\"ru-RU\",\"potentialAction\":[{\"@type\":\"ReadAction\",\"target\":[\"https:\/\/denizcankizil.tr\/ru\/haberler\/antalya\/atso-ve-sgk-antalya-arasinda-protokol\/\"]}]},{\"@type\":\"ImageObject\",\"inLanguage\":\"ru-RU\",\"@id\":\"https:\/\/denizcankizil.tr\/ru\/haberler\/antalya\/atso-ve-sgk-antalya-arasinda-protokol\/#primaryimage\",\"url\":\"https:\/\/denizcankizil.tr\/wp-content\/uploads\/2025\/02\/4581-01-Jmyioe.jpeg\",\"contentUrl\":\"https:\/\/denizcankizil.tr\/wp-content\/uploads\/2025\/02\/4581-01-Jmyioe.jpeg\",\"width\":1280,\"height\":720},{\"@type\":\"BreadcrumbList\",\"@id\":\"https:\/\/denizcankizil.tr\/ru\/haberler\/antalya\/atso-ve-sgk-antalya-arasinda-protokol\/#breadcrumb\",\"itemListElement\":[{\"@type\":\"ListItem\",\"position\":1,\"name\":\"Home\",\"item\":\"https:\/\/denizcankizil.tr\/de\/\"},{\"@type\":\"ListItem\",\"position\":2,\"name\":\"ATSO VE SGK Antalya aras\u0131nda protokol\"}]},{\"@type\":\"WebSite\",\"@id\":\"https:\/\/denizcankizil.tr\/de\/#website\",\"url\":\"https:\/\/denizcankizil.tr\/de\/\",\"name\":\"Av. Deniz Can K\u0131z\u0131l\",\"description\":\"Avukat Deniz Can K\u0131z\u0131l Antalya Barosu\",\"publisher\":{\"@id\":\"https:\/\/denizcankizil.tr\/de\/#organization\"},\"potentialAction\":[{\"@type\":\"SearchAction\",\"target\":{\"@type\":\"EntryPoint\",\"urlTemplate\":\"https:\/\/denizcankizil.tr\/de\/?s={search_term_string}\"},\"query-input\":{\"@type\":\"PropertyValueSpecification\",\"valueRequired\":true,\"valueName\":\"search_term_string\"}}],\"inLanguage\":\"ru-RU\"},{\"@type\":\"Organization\",\"@id\":\"https:\/\/denizcankizil.tr\/de\/#organization\",\"name\":\"Av. Deniz Can K\u0131z\u0131l\",\"url\":\"https:\/\/denizcankizil.tr\/de\/\",\"logo\":{\"@type\":\"ImageObject\",\"inLanguage\":\"ru-RU\",\"@id\":\"https:\/\/denizcankizil.tr\/de\/#\/schema\/logo\/image\/\",\"url\":\"https:\/\/denizcankizil.tr\/wp-content\/uploads\/2024\/10\/siyah-logo-svg.svg\",\"contentUrl\":\"https:\/\/denizcankizil.tr\/wp-content\/uploads\/2024\/10\/siyah-logo-svg.svg\",\"width\":1080,\"height\":1080,\"caption\":\"Av. Deniz Can K\u0131z\u0131l\"},\"image\":{\"@id\":\"https:\/\/denizcankizil.tr\/de\/#\/schema\/logo\/image\/\"}},{\"@type\":\"Person\",\"@id\":\"https:\/\/denizcankizil.tr\/de\/#\/schema\/person\/5dc1b22991bd7ac833867c10afc9b0ff\",\"name\":\"Av. Deniz Can K\u0131z\u0131l\",\"image\":{\"@type\":\"ImageObject\",\"inLanguage\":\"ru-RU\",\"@id\":\"https:\/\/denizcankizil.tr\/de\/#\/schema\/person\/image\/\",\"url\":\"https:\/\/secure.gravatar.com\/avatar\/a0b128fb9855c79efc976d5640eedb31dc35ec297594d6016d2cf7c60e975bb6?s=96&d=mm&r=g\",\"contentUrl\":\"https:\/\/secure.gravatar.com\/avatar\/a0b128fb9855c79efc976d5640eedb31dc35ec297594d6016d2cf7c60e975bb6?s=96&d=mm&r=g\",\"caption\":\"Av. Deniz Can K\u0131z\u0131l\"},\"sameAs\":[\"http:\/\/www.denizcankizil.tr\"],\"url\":\"https:\/\/denizcankizil.tr\/ru\/author\/denizcankizil\/\"}]}<\/script>\n<!-- \/ Yoast SEO Premium plugin. -->","yoast_head_json":{"title":"ATSO VE SGK Antalya aras\u0131nda protokol - Av. Deniz Can K\u0131z\u0131l","robots":{"index":"index","follow":"follow","max-snippet":"max-snippet:-1","max-image-preview":"max-image-preview:large","max-video-preview":"max-video-preview:-1"},"canonical":"https:\/\/denizcankizil.tr\/ru\/haberler\/antalya\/atso-ve-sgk-antalya-arasinda-protokol\/","og_locale":"ru_RU","og_type":"article","og_title":"ATSO VE SGK Antalya aras\u0131nda protokol","og_description":"Ger\u00e7ekle\u015fen protokol imza t\u00f6renine, ATSO Y\u00f6netim Kurulu Ba\u015fkan\u0131 Yusuf Hac\u0131s\u00fcleyman, SGK Antalya \u0130l M\u00fcd\u00fcr\u00fc Mehmet Tanr\u0131\u00f6ver ve ATSO Genel Sekreteri Av. Asl\u0131 \u015eahin Tekin kat\u0131ld\u0131. &#8220;G\u00fc\u00e7l\u00fc T\u00fcrkiye i\u00e7in istihdam ve \u00fcretimi destekliyoruz&#8221; mottosuyla hayata ge\u00e7irilen protokol, ATSO \u00fcyelerine sosyal g\u00fcvenlik uygulamalar\u0131 konusunda rehberlik ve bilgilendirme hizmetleri sunmay\u0131 ama\u00e7l\u0131yor. Ayr\u0131ca, i\u015fletmelerin SGK mevzuatlar\u0131na uygun olarak faaliyetlerini s\u00fcrd\u00fcrebilmeleri i\u00e7in yerinde destek sa\u011flanacak. Protokol kapsam\u0131nda, ATSO \u00fcyelerinin sosyal g\u00fcvenlik uygulamalar\u0131 konusunda bilin\u00e7lendirilmesi, kay\u0131t d\u0131\u015f\u0131 i\u015f\u00e7ili\u011fin \u00f6nlenmesi, kay\u0131tl\u0131 istihdam\u0131n art\u0131r\u0131lmas\u0131, devlet te\u015fvikleri ve desteklerinin tan\u0131t\u0131lmas\u0131 ile i\u015fg\u00fcc\u00fc piyasas\u0131na rehberlik edilmesi hedefleniyor. Ayn\u0131 zamanda, ATSO b\u00fcnyesinde kurulan SGK dan\u0131\u015fma ofisi arac\u0131l\u0131\u011f\u0131yla \u015fehrin i\u015f hayat\u0131na y\u00f6nelik daha kapsaml\u0131 bir destek mekanizmas\u0131 olu\u015fturulacak. &#8220;ATSO ve SGK aras\u0131nda g\u00fc\u00e7l\u00fc i\u015f birli\u011fi&#8221; ATSO Ba\u015fkan\u0131 Yusuf Hac\u0131s\u00fcleyman, imzalanan protokol\u00fcn Antalya i\u015f d\u00fcnyas\u0131na sa\u011flayaca\u011f\u0131 faydalara dikkat \u00e7ekerek \u015fu ifadeleri kulland\u0131: &#8220;Ger\u00e7ekle\u015ftirdi\u011fimiz bu protokol sayesinde ATSO \u00fcyeleri, Sosyal G\u00fcvenlik Kurumu&#8217;nun y\u00fcr\u00fcrl\u00fckteki mevzuatlar\u0131, d\u00fczenlemeleri ve te\u015fvikleri hakk\u0131nda en do\u011fru ve g\u00fcncel bilgilere ula\u015fabilecekler. Ya\u015fad\u0131klar\u0131 sorunlara \u00e7\u00f6z\u00fcm bulabilmeleri i\u00e7in odam\u0131z\u0131n giri\u015f kat\u0131nda bir SGK dan\u0131\u015fma ofisi olu\u015fturduk. Burada, ATSO \u00fcyeleri haftan\u0131n belirli g\u00fcnlerinde birebir dan\u0131\u015fmanl\u0131k hizmeti alabilecek. Antalya&#8217;da i\u015f hayat\u0131n\u0131 daha i\u015f birlik\u00e7i ve bar\u0131\u015f\u00e7\u0131l bir yakla\u015f\u0131mla y\u00fcr\u00fctmeyi ama\u00e7l\u0131yoruz.&#8221; Ba\u015fkan Hac\u0131s\u00fcleyman, ATSO&#8217;nun \u00fcyelerinin her zaman yan\u0131nda oldu\u011funu ve bu gibi i\u015f birlikleri ile Antalya &hellip;","og_url":"https:\/\/denizcankizil.tr\/ru\/haberler\/antalya\/atso-ve-sgk-antalya-arasinda-protokol\/","og_site_name":"Av. Deniz Can K\u0131z\u0131l","article_published_time":"2025-02-11T12:41:17+00:00","og_image":[{"width":1280,"height":720,"url":"https:\/\/denizcankizil.tr\/wp-content\/uploads\/2025\/02\/4581-01-Jmyioe.jpeg","type":"image\/jpeg"}],"author":"Av. Deniz Can K\u0131z\u0131l","twitter_card":"summary_large_image","twitter_misc":{"\u041d\u0430\u043f\u0438\u0441\u0430\u043d\u043e \u0430\u0432\u0442\u043e\u0440\u043e\u043c":"Av. Deniz Can K\u0131z\u0131l","\u041f\u0440\u0438\u043c\u0435\u0440\u043d\u043e\u0435 \u0432\u0440\u0435\u043c\u044f \u0434\u043b\u044f \u0447\u0442\u0435\u043d\u0438\u044f":"3 \u043c\u0438\u043d\u0443\u0442\u044b"},"schema":{"@context":"https:\/\/schema.org","@graph":[{"@type":"Article","@id":"https:\/\/denizcankizil.tr\/ru\/haberler\/antalya\/atso-ve-sgk-antalya-arasinda-protokol\/#article","isPartOf":{"@id":"https:\/\/denizcankizil.tr\/ru\/haberler\/antalya\/atso-ve-sgk-antalya-arasinda-protokol\/"},"author":{"name":"Av. Deniz Can K\u0131z\u0131l","@id":"https:\/\/denizcankizil.tr\/de\/#\/schema\/person\/5dc1b22991bd7ac833867c10afc9b0ff"},"headline":"ATSO VE SGK Antalya aras\u0131nda protokol","datePublished":"2025-02-11T12:41:17+00:00","mainEntityOfPage":{"@id":"https:\/\/denizcankizil.tr\/ru\/haberler\/antalya\/atso-ve-sgk-antalya-arasinda-protokol\/"},"wordCount":560,"commentCount":0,"publisher":{"@id":"https:\/\/denizcankizil.tr\/de\/#organization"},"image":{"@id":"https:\/\/denizcankizil.tr\/ru\/haberler\/antalya\/atso-ve-sgk-antalya-arasinda-protokol\/#primaryimage"},"thumbnailUrl":"https:\/\/denizcankizil.tr\/wp-content\/uploads\/2025\/02\/4581-01-Jmyioe.jpeg","articleSection":["Antalya"],"inLanguage":"ru-RU","potentialAction":[{"@type":"CommentAction","name":"Comment","target":["https:\/\/denizcankizil.tr\/ru\/haberler\/antalya\/atso-ve-sgk-antalya-arasinda-protokol\/#respond"]}]},{"@type":"WebPage","@id":"https:\/\/denizcankizil.tr\/ru\/haberler\/antalya\/atso-ve-sgk-antalya-arasinda-protokol\/","url":"https:\/\/denizcankizil.tr\/ru\/haberler\/antalya\/atso-ve-sgk-antalya-arasinda-protokol\/","name":"ATSO VE SGK Antalya aras\u0131nda protokol - Av. Deniz Can K\u0131z\u0131l","isPartOf":{"@id":"https:\/\/denizcankizil.tr\/de\/#website"},"primaryImageOfPage":{"@id":"https:\/\/denizcankizil.tr\/ru\/haberler\/antalya\/atso-ve-sgk-antalya-arasinda-protokol\/#primaryimage"},"image":{"@id":"https:\/\/denizcankizil.tr\/ru\/haberler\/antalya\/atso-ve-sgk-antalya-arasinda-protokol\/#primaryimage"},"thumbnailUrl":"https:\/\/denizcankizil.tr\/wp-content\/uploads\/2025\/02\/4581-01-Jmyioe.jpeg","datePublished":"2025-02-11T12:41:17+00:00","breadcrumb":{"@id":"https:\/\/denizcankizil.tr\/ru\/haberler\/antalya\/atso-ve-sgk-antalya-arasinda-protokol\/#breadcrumb"},"inLanguage":"ru-RU","potentialAction":[{"@type":"ReadAction","target":["https:\/\/denizcankizil.tr\/ru\/haberler\/antalya\/atso-ve-sgk-antalya-arasinda-protokol\/"]}]},{"@type":"ImageObject","inLanguage":"ru-RU","@id":"https:\/\/denizcankizil.tr\/ru\/haberler\/antalya\/atso-ve-sgk-antalya-arasinda-protokol\/#primaryimage","url":"https:\/\/denizcankizil.tr\/wp-content\/uploads\/2025\/02\/4581-01-Jmyioe.jpeg","contentUrl":"https:\/\/denizcankizil.tr\/wp-content\/uploads\/2025\/02\/4581-01-Jmyioe.jpeg","width":1280,"height":720},{"@type":"BreadcrumbList","@id":"https:\/\/denizcankizil.tr\/ru\/haberler\/antalya\/atso-ve-sgk-antalya-arasinda-protokol\/#breadcrumb","itemListElement":[{"@type":"ListItem","position":1,"name":"Home","item":"https:\/\/denizcankizil.tr\/de\/"},{"@type":"ListItem","position":2,"name":"ATSO VE SGK Antalya aras\u0131nda protokol"}]},{"@type":"WebSite","@id":"https:\/\/denizcankizil.tr\/de\/#website","url":"https:\/\/denizcankizil.tr\/de\/","name":"Av. Deniz Can K\u0131z\u0131l","description":"Avukat Deniz Can K\u0131z\u0131l Antalya Barosu","publisher":{"@id":"https:\/\/denizcankizil.tr\/de\/#organization"},"potentialAction":[{"@type":"SearchAction","target":{"@type":"EntryPoint","urlTemplate":"https:\/\/denizcankizil.tr\/de\/?s={search_term_string}"},"query-input":{"@type":"PropertyValueSpecification","valueRequired":true,"valueName":"search_term_string"}}],"inLanguage":"ru-RU"},{"@type":"Organization","@id":"https:\/\/denizcankizil.tr\/de\/#organization","name":"Av. Deniz Can K\u0131z\u0131l","url":"https:\/\/denizcankizil.tr\/de\/","logo":{"@type":"ImageObject","inLanguage":"ru-RU","@id":"https:\/\/denizcankizil.tr\/de\/#\/schema\/logo\/image\/","url":"https:\/\/denizcankizil.tr\/wp-content\/uploads\/2024\/10\/siyah-logo-svg.svg","contentUrl":"https:\/\/denizcankizil.tr\/wp-content\/uploads\/2024\/10\/siyah-logo-svg.svg","width":1080,"height":1080,"caption":"Av. Deniz Can K\u0131z\u0131l"},"image":{"@id":"https:\/\/denizcankizil.tr\/de\/#\/schema\/logo\/image\/"}},{"@type":"Person","@id":"https:\/\/denizcankizil.tr\/de\/#\/schema\/person\/5dc1b22991bd7ac833867c10afc9b0ff","name":"Av. Deniz Can K\u0131z\u0131l","image":{"@type":"ImageObject","inLanguage":"ru-RU","@id":"https:\/\/denizcankizil.tr\/de\/#\/schema\/person\/image\/","url":"https:\/\/secure.gravatar.com\/avatar\/a0b128fb9855c79efc976d5640eedb31dc35ec297594d6016d2cf7c60e975bb6?s=96&d=mm&r=g","contentUrl":"https:\/\/secure.gravatar.com\/avatar\/a0b128fb9855c79efc976d5640eedb31dc35ec297594d6016d2cf7c60e975bb6?s=96&d=mm&r=g","caption":"Av. Deniz Can K\u0131z\u0131l"},"sameAs":["http:\/\/www.denizcankizil.tr"],"url":"https:\/\/denizcankizil.tr\/ru\/author\/denizcankizil\/"}]}},"_links":{"self":[{"href":"https:\/\/denizcankizil.tr\/ru\/wp-json\/wp\/v2\/posts\/32009","targetHints":{"allow":["GET"]}}],"collection":[{"href":"https:\/\/denizcankizil.tr\/ru\/wp-json\/wp\/v2\/posts"}],"about":[{"href":"https:\/\/denizcankizil.tr\/ru\/wp-json\/wp\/v2\/types\/post"}],"author":[{"embeddable":true,"href":"https:\/\/denizcankizil.tr\/ru\/wp-json\/wp\/v2\/users\/4"}],"replies":[{"embeddable":true,"href":"https:\/\/denizcankizil.tr\/ru\/wp-json\/wp\/v2\/comments?post=32009"}],"version-history":[{"count":0,"href":"https:\/\/denizcankizil.tr\/ru\/wp-json\/wp\/v2\/posts\/32009\/revisions"}],"wp:featuredmedia":[{"embeddable":true,"href":"https:\/\/denizcankizil.tr\/ru\/wp-json\/wp\/v2\/media\/32010"}],"wp:attachment":[{"href":"https:\/\/denizcankizil.tr\/ru\/wp-json\/wp\/v2\/media?parent=32009"}],"wp:term":[{"taxonomy":"category","embeddable":true,"href":"https:\/\/denizcankizil.tr\/ru\/wp-json\/wp\/v2\/categories?post=32009"},{"taxonomy":"post_tag","embeddable":true,"href":"https:\/\/denizcankizil.tr\/ru\/wp-json\/wp\/v2\/tags?post=32009"}],"curies":[{"name":"wp","href":"https:\/\/api.w.org\/{rel}","templated":true}]}}