{"id":31978,"date":"2025-02-11T13:41:17","date_gmt":"2025-02-11T10:41:17","guid":{"rendered":"https:\/\/denizcankizil.tr\/uncategorized-tr\/suriyeye-elektrik-ihracatina-yalanlama-geldi\/"},"modified":"2025-02-11T13:41:17","modified_gmt":"2025-02-11T10:41:17","slug":"suriyeye-elektrik-ihracatina-yalanlama-geldi","status":"publish","type":"post","link":"https:\/\/denizcankizil.tr\/ru\/haberler\/gundem\/suriyeye-elektrik-ihracatina-yalanlama-geldi\/","title":{"rendered":"Suriye\u2019ye elektrik ihracat\u0131na yalanlama geldi!"},"content":{"rendered":"<p>T\u00fcrkiye\u2019de son g\u00fcnlerden en \u00e7ok konu\u015fulan konulardan biri elektrik faturalar\u0131 oldu. 1 \u015eubat 2025 tarihinden itibaren 417 kilowatt saatin \u00fczerindeki t\u00fcketimlerde (yakla\u015f\u0131k 1.050 TL)\u2019yi ge\u00e7en vatanda\u015flar\u0131n faturalar\u0131 ikiye katlanaca\u011f\u0131 a\u00e7\u0131kland\u0131. Bunun \u00fczerine ortaya ciddi bir s\u00f6ylenti at\u0131ld\u0131. Suriye\u2019ye yap\u0131lan elektrik ihracat\u0131 nedeniyle b\u00f6yle bir karar al\u0131nd\u0131\u011f\u0131 iddia edildi. \u0130leti\u015fim Ba\u015fkanl\u0131\u011f\u0131 ise s\u00f6z konusu iddialar\u0131 yalanlad\u0131. \u0130leti\u015fim Ba\u015fkanl\u0131\u011f\u0131ndan yap\u0131lan a\u00e7\u0131klamada, \u201cElektrik faturalar\u0131na ili\u015fkin yeni d\u00fczenleme, Suriye\u2019ye elektrik ihracat\u0131yla ilgili olmay\u0131p, y\u0131ll\u0131k 5 bin kilovat saatlik t\u00fcketimi a\u015fan abonelerin elektri\u011fin ger\u00e7ek maliyetini \u00f6deyece\u011fi y\u00f6n\u00fcndedir\u201d denildi.\u00a0<\/p>\n<p>ELEKTR\u0130K FATURALARINDA YEN\u0130 D\u00d6NEM<\/p>\n<p>Elektrik faturalar\u0131nda yeni d\u00f6nem 1 \u015eubat 2025 tarihi itibariyle ba\u015flad\u0131. Art\u0131k 417 kilowatt saatin \u00fczerindeki t\u00fcketimlerde (yakla\u015f\u0131k 1.050 TL) vatanda\u015flar\u0131n faturalar ikiye katlanacak. Enerji ve Tabii Kaynaklar Bakan\u0131 Alparslan Bayraktar T\u00fcrkiye&#8217;de ortalama bir hanenin elektrik faturas\u0131n\u0131n 414 lira oldu\u011funu s\u00f6yledi. Bayraktar&#8217;\u0131n verdi\u011fi bilgiye g\u00f6re abonenin ayl\u0131k faturas\u0131 1.050 liray\u0131 ge\u00e7erse elektri\u011fi &#8220;ger\u00e7ek maliyeti&#8221; ile sat\u0131n almaya ba\u015flayacak.\u00a0<\/p>\n<p>ELEKTR\u0130K FATURALARI SUR\u0130YE Y\u00dcZ\u00dcNDEN M\u0130 ARTTI?\u00a0<\/p>\n<p>T\u00fcrkiye&#8217;de yakla\u015f\u0131k 40 milyon mesken abonesi bulundu\u011funu, bunun da y\u00fczde 3&#8217;\u00fcn\u00fcn yani 1,2 milyon abonenin bu durumdan etkilenece\u011finin alt\u0131n\u0131 \u00e7izen Bayraktar, &#8220;Bunlar da dedi\u011fim gibi y\u00fcksek t\u00fcketim grubu olan, evi b\u00fcy\u00fck olan, evinde daha \u00e7ok elektrikli e\u015fya kullanan, belki elektrikli arac\u0131 olan kesimler bunlar da elektrik fiyat\u0131n\u0131 daha maliyetine uygun \u015fekilde \u00f6deyecek. D\u00fczenleme bunu i\u00e7eriyor&#8221; dedi. Son g\u00fcnlerde ise ortada ciddi bir s\u00f6ylenti dola\u015fmaya ba\u015flad\u0131. Suriye ihra\u00e7 edilecek elektrik nedeniyle faturalar\u0131n iki kat\u0131na \u00e7\u0131kar\u0131ld\u0131\u011f\u0131 iddia edildi. Bu s\u00f6ylentileri ise \u0130leti\u015fim Ba\u015fkanl\u0131\u011f\u0131, sosyal medya \u00fczerinden yapt\u0131\u011f\u0131 bir payla\u015f\u0131m ile yaland\u0131.\u00a0\u00a0<\/p>\n<p>\u0130LET\u0130\u015e\u0130M BA\u015eKANLI\u011eI \u0130DD\u0130ALARI YALANLADI\u00a0<\/p>\n<p>\u0130leti\u015fim Ba\u015fkanl\u0131\u011f\u0131\u2019na ba\u011fl\u0131 Dezenformasyonla M\u00fccadele Merkezi, Suriye ihra\u00e7 edilecek elektrik nedeniyle faturalar\u0131n iki kat\u0131na \u00e7\u0131kar\u0131lmad\u0131 iddialar\u0131na cevap verdi. \u0130leti\u015fim Ba\u015fkanl\u0131\u011f\u0131\u2019ndan yap\u0131lan a\u00e7\u0131klamada, \u201cBaz\u0131 sosyal medya hesaplar\u0131ndan Suriye&#8217;ye ihra\u00e7 edilen elektrik ile ilgili manip\u00fclatif payla\u015f\u0131mlar yap\u0131ld\u0131\u011f\u0131 tespit edilmi\u015ftir. Elektrik faturalar\u0131na ili\u015fkin yeni d\u00fczenleme, Suriye\u2019ye elektrik ihracat\u0131yla ilgili olmay\u0131p, y\u0131ll\u0131k 5 bin kilovat saatlik t\u00fcketimi a\u015fan abonelerin elektri\u011fin ger\u00e7ek maliyetini \u00f6deyece\u011fi y\u00f6n\u00fcndedir. Bahse konu yeni d\u00fczenleme, 42 milyon abonenin y\u00fczde 3&#8217;\u00fcn\u00fc kapsamakta olup Suriye&#8217;ye sat\u0131\u015f\u0131 ger\u00e7ekle\u015ftirilen elektrikle herhangi bir ilgisi bulunmamaktad\u0131r. As\u0131ls\u0131z iddialara itibar etmeyiniz\u201d denildi.<\/p>\n<p>Baz\u0131 sosyal medya hesaplar\u0131ndan Suriye&#8217;ye ihra\u00e7 edilen elektrik ile ilgili manip\u00fclatif payla\u015f\u0131mlar yap\u0131ld\u0131\u011f\u0131 tespit edilmi\u015ftir.<\/p>\n<p>Elektrik faturalar\u0131na ili\u015fkin yeni d\u00fczenleme, Suriye\u2019ye elektrik ihracat\u0131yla ilgili olmay\u0131p, y\u0131ll\u0131k 5 bin kilovat saatlik t\u00fcketimi a\u015fan abonelerin\u2026 pic.twitter.com\/orR97y0pe7<br \/>\n\u2014 Dezenformasyonla M\u00fccadele Merkezi (@dmmiletisim) February 11, 2025<\/p>\n<p>\u00a0<\/p>\n<p>\u200bSon g\u00fcnlerde Suriye\u2019ye yap\u0131lan elektrik ihracat\u0131 nedeniyle elektrik faturalar\u0131n\u0131n iki kat\u0131na \u00e7\u0131kaca\u011f\u0131na y\u00f6nelik iddialar T\u00fcrkiye g\u00fcndemine oturdu. \u0130leti\u015fim Ba\u015fkanl\u0131\u011f\u0131 s\u00f6z konusu iddialar\u0131 yalanlad\u0131.\u00a0<\/p>\n<p>\u200bHaberin Al\u0131nt\u0131land\u0131\u011f\u0131 Kaynak: www.antalyakorfez.com<\/p>","protected":false},"excerpt":{"rendered":"<p>T\u00fcrkiye\u2019de son g\u00fcnlerden en \u00e7ok konu\u015fulan konulardan biri elektrik faturalar\u0131 oldu. 1 \u015eubat 2025 tarihinden itibaren 417 kilowatt saatin \u00fczerindeki t\u00fcketimlerde (yakla\u015f\u0131k 1.050 TL)\u2019yi ge\u00e7en vatanda\u015flar\u0131n faturalar\u0131 ikiye katlanaca\u011f\u0131 a\u00e7\u0131kland\u0131. Bunun \u00fczerine ortaya ciddi bir s\u00f6ylenti at\u0131ld\u0131. Suriye\u2019ye yap\u0131lan elektrik ihracat\u0131 nedeniyle b\u00f6yle bir karar al\u0131nd\u0131\u011f\u0131 iddia edildi. \u0130leti\u015fim Ba\u015fkanl\u0131\u011f\u0131 ise s\u00f6z konusu iddialar\u0131 yalanlad\u0131. \u0130leti\u015fim Ba\u015fkanl\u0131\u011f\u0131ndan yap\u0131lan a\u00e7\u0131klamada, \u201cElektrik faturalar\u0131na ili\u015fkin yeni d\u00fczenleme, Suriye\u2019ye elektrik ihracat\u0131yla ilgili olmay\u0131p, y\u0131ll\u0131k 5 bin kilovat saatlik t\u00fcketimi a\u015fan abonelerin elektri\u011fin ger\u00e7ek maliyetini \u00f6deyece\u011fi y\u00f6n\u00fcndedir\u201d denildi.\u00a0 ELEKTR\u0130K FATURALARINDA YEN\u0130 D\u00d6NEM Elektrik faturalar\u0131nda yeni d\u00f6nem 1 \u015eubat 2025 tarihi itibariyle ba\u015flad\u0131. Art\u0131k 417 kilowatt saatin \u00fczerindeki t\u00fcketimlerde (yakla\u015f\u0131k 1.050 TL) vatanda\u015flar\u0131n faturalar ikiye katlanacak. Enerji ve Tabii Kaynaklar Bakan\u0131 Alparslan Bayraktar T\u00fcrkiye&#8217;de ortalama bir hanenin elektrik faturas\u0131n\u0131n 414 lira oldu\u011funu s\u00f6yledi. Bayraktar&#8217;\u0131n verdi\u011fi bilgiye g\u00f6re abonenin ayl\u0131k faturas\u0131 1.050 liray\u0131 ge\u00e7erse elektri\u011fi &#8220;ger\u00e7ek maliyeti&#8221; ile sat\u0131n almaya ba\u015flayacak.\u00a0 ELEKTR\u0130K FATURALARI SUR\u0130YE Y\u00dcZ\u00dcNDEN M\u0130 ARTTI?\u00a0 T\u00fcrkiye&#8217;de yakla\u015f\u0131k 40 milyon mesken abonesi bulundu\u011funu, bunun da y\u00fczde 3&#8217;\u00fcn\u00fcn yani 1,2 milyon abonenin bu durumdan etkilenece\u011finin alt\u0131n\u0131 \u00e7izen Bayraktar, &#8220;Bunlar da dedi\u011fim gibi y\u00fcksek t\u00fcketim grubu olan, evi b\u00fcy\u00fck olan, evinde daha \u00e7ok elektrikli e\u015fya kullanan, belki elektrikli arac\u0131 olan kesimler bunlar da elektrik fiyat\u0131n\u0131 daha maliyetine uygun &hellip;<\/p>","protected":false},"author":5,"featured_media":0,"comment_status":"open","ping_status":"open","sticky":false,"template":"","format":"standard","meta":{"_acf_changed":false,"footnotes":""},"categories":[24],"tags":[],"class_list":["post-31978","post","type-post","status-publish","format-standard","has-post-thumbnail","hentry","category-gundem"],"acf":[],"yoast_head":"<!-- This site is optimized with the Yoast SEO Premium plugin v26.6 (Yoast SEO v27.1.1) - https:\/\/yoast.com\/product\/yoast-seo-premium-wordpress\/ -->\n<title>Suriye\u2019ye elektrik ihracat\u0131na yalanlama geldi! - Av. Deniz Can K\u0131z\u0131l<\/title>\n<meta name=\"robots\" content=\"index, follow, max-snippet:-1, max-image-preview:large, max-video-preview:-1\" \/>\n<link rel=\"canonical\" href=\"https:\/\/denizcankizil.tr\/ru\/haberler\/gundem\/suriyeye-elektrik-ihracatina-yalanlama-geldi\/\" \/>\n<meta property=\"og:locale\" content=\"ru_RU\" \/>\n<meta property=\"og:type\" content=\"article\" \/>\n<meta property=\"og:title\" content=\"Suriye\u2019ye elektrik ihracat\u0131na yalanlama geldi!\" \/>\n<meta property=\"og:description\" content=\"T\u00fcrkiye\u2019de son g\u00fcnlerden en \u00e7ok konu\u015fulan konulardan biri elektrik faturalar\u0131 oldu. 1 \u015eubat 2025 tarihinden itibaren 417 kilowatt saatin \u00fczerindeki t\u00fcketimlerde (yakla\u015f\u0131k 1.050 TL)\u2019yi ge\u00e7en vatanda\u015flar\u0131n faturalar\u0131 ikiye katlanaca\u011f\u0131 a\u00e7\u0131kland\u0131. Bunun \u00fczerine ortaya ciddi bir s\u00f6ylenti at\u0131ld\u0131. Suriye\u2019ye yap\u0131lan elektrik ihracat\u0131 nedeniyle b\u00f6yle bir karar al\u0131nd\u0131\u011f\u0131 iddia edildi. \u0130leti\u015fim Ba\u015fkanl\u0131\u011f\u0131 ise s\u00f6z konusu iddialar\u0131 yalanlad\u0131. \u0130leti\u015fim Ba\u015fkanl\u0131\u011f\u0131ndan yap\u0131lan a\u00e7\u0131klamada, \u201cElektrik faturalar\u0131na ili\u015fkin yeni d\u00fczenleme, Suriye\u2019ye elektrik ihracat\u0131yla ilgili olmay\u0131p, y\u0131ll\u0131k 5 bin kilovat saatlik t\u00fcketimi a\u015fan abonelerin elektri\u011fin ger\u00e7ek maliyetini \u00f6deyece\u011fi y\u00f6n\u00fcndedir\u201d denildi.\u00a0 ELEKTR\u0130K FATURALARINDA YEN\u0130 D\u00d6NEM Elektrik faturalar\u0131nda yeni d\u00f6nem 1 \u015eubat 2025 tarihi itibariyle ba\u015flad\u0131. Art\u0131k 417 kilowatt saatin \u00fczerindeki t\u00fcketimlerde (yakla\u015f\u0131k 1.050 TL) vatanda\u015flar\u0131n faturalar ikiye katlanacak. Enerji ve Tabii Kaynaklar Bakan\u0131 Alparslan Bayraktar T\u00fcrkiye&#8217;de ortalama bir hanenin elektrik faturas\u0131n\u0131n 414 lira oldu\u011funu s\u00f6yledi. Bayraktar&#8217;\u0131n verdi\u011fi bilgiye g\u00f6re abonenin ayl\u0131k faturas\u0131 1.050 liray\u0131 ge\u00e7erse elektri\u011fi &#8220;ger\u00e7ek maliyeti&#8221; ile sat\u0131n almaya ba\u015flayacak.\u00a0 ELEKTR\u0130K FATURALARI SUR\u0130YE Y\u00dcZ\u00dcNDEN M\u0130 ARTTI?\u00a0 T\u00fcrkiye&#8217;de yakla\u015f\u0131k 40 milyon mesken abonesi bulundu\u011funu, bunun da y\u00fczde 3&#8217;\u00fcn\u00fcn yani 1,2 milyon abonenin bu durumdan etkilenece\u011finin alt\u0131n\u0131 \u00e7izen Bayraktar, &#8220;Bunlar da dedi\u011fim gibi y\u00fcksek t\u00fcketim grubu olan, evi b\u00fcy\u00fck olan, evinde daha \u00e7ok elektrikli e\u015fya kullanan, belki elektrikli arac\u0131 olan kesimler bunlar da elektrik fiyat\u0131n\u0131 daha maliyetine uygun &hellip;\" \/>\n<meta property=\"og:url\" content=\"https:\/\/denizcankizil.tr\/ru\/haberler\/gundem\/suriyeye-elektrik-ihracatina-yalanlama-geldi\/\" \/>\n<meta property=\"og:site_name\" content=\"Av. Deniz Can K\u0131z\u0131l\" \/>\n<meta property=\"article:published_time\" content=\"2025-02-11T10:41:17+00:00\" \/>\n<meta name=\"author\" content=\"Antalya K\u00f6rfez\" \/>\n<meta name=\"twitter:card\" content=\"summary_large_image\" \/>\n<meta name=\"twitter:label1\" content=\"\u041d\u0430\u043f\u0438\u0441\u0430\u043d\u043e \u0430\u0432\u0442\u043e\u0440\u043e\u043c\" \/>\n\t<meta name=\"twitter:data1\" content=\"Antalya K\u00f6rfez\" \/>\n\t<meta name=\"twitter:label2\" content=\"\u041f\u0440\u0438\u043c\u0435\u0440\u043d\u043e\u0435 \u0432\u0440\u0435\u043c\u044f \u0434\u043b\u044f \u0447\u0442\u0435\u043d\u0438\u044f\" \/>\n\t<meta name=\"twitter:data2\" content=\"3 \u043c\u0438\u043d\u0443\u0442\u044b\" \/>\n<script type=\"application\/ld+json\" class=\"yoast-schema-graph\">{\"@context\":\"https:\/\/schema.org\",\"@graph\":[{\"@type\":\"Article\",\"@id\":\"https:\/\/denizcankizil.tr\/ru\/haberler\/gundem\/suriyeye-elektrik-ihracatina-yalanlama-geldi\/#article\",\"isPartOf\":{\"@id\":\"https:\/\/denizcankizil.tr\/ru\/haberler\/gundem\/suriyeye-elektrik-ihracatina-yalanlama-geldi\/\"},\"author\":{\"name\":\"Antalya K\u00f6rfez\",\"@id\":\"https:\/\/denizcankizil.tr\/#\/schema\/person\/e1eb71bb4dd684d46563f0af307e1234\"},\"headline\":\"Suriye\u2019ye elektrik ihracat\u0131na yalanlama geldi!\",\"datePublished\":\"2025-02-11T10:41:17+00:00\",\"mainEntityOfPage\":{\"@id\":\"https:\/\/denizcankizil.tr\/ru\/haberler\/gundem\/suriyeye-elektrik-ihracatina-yalanlama-geldi\/\"},\"wordCount\":567,\"commentCount\":0,\"publisher\":{\"@id\":\"https:\/\/denizcankizil.tr\/#organization\"},\"articleSection\":[\"G\u00fcndem\"],\"inLanguage\":\"ru-RU\",\"potentialAction\":[{\"@type\":\"CommentAction\",\"name\":\"Comment\",\"target\":[\"https:\/\/denizcankizil.tr\/ru\/haberler\/gundem\/suriyeye-elektrik-ihracatina-yalanlama-geldi\/#respond\"]}]},{\"@type\":\"WebPage\",\"@id\":\"https:\/\/denizcankizil.tr\/ru\/haberler\/gundem\/suriyeye-elektrik-ihracatina-yalanlama-geldi\/\",\"url\":\"https:\/\/denizcankizil.tr\/ru\/haberler\/gundem\/suriyeye-elektrik-ihracatina-yalanlama-geldi\/\",\"name\":\"Suriye\u2019ye elektrik ihracat\u0131na yalanlama geldi! - Av. Deniz Can K\u0131z\u0131l\",\"isPartOf\":{\"@id\":\"https:\/\/denizcankizil.tr\/#website\"},\"datePublished\":\"2025-02-11T10:41:17+00:00\",\"breadcrumb\":{\"@id\":\"https:\/\/denizcankizil.tr\/ru\/haberler\/gundem\/suriyeye-elektrik-ihracatina-yalanlama-geldi\/#breadcrumb\"},\"inLanguage\":\"ru-RU\",\"potentialAction\":[{\"@type\":\"ReadAction\",\"target\":[\"https:\/\/denizcankizil.tr\/ru\/haberler\/gundem\/suriyeye-elektrik-ihracatina-yalanlama-geldi\/\"]}]},{\"@type\":\"BreadcrumbList\",\"@id\":\"https:\/\/denizcankizil.tr\/ru\/haberler\/gundem\/suriyeye-elektrik-ihracatina-yalanlama-geldi\/#breadcrumb\",\"itemListElement\":[{\"@type\":\"ListItem\",\"position\":1,\"name\":\"Home\",\"item\":\"https:\/\/denizcankizil.tr\/uk\/\"},{\"@type\":\"ListItem\",\"position\":2,\"name\":\"Suriye\u2019ye elektrik ihracat\u0131na yalanlama geldi!\"}]},{\"@type\":\"WebSite\",\"@id\":\"https:\/\/denizcankizil.tr\/#website\",\"url\":\"https:\/\/denizcankizil.tr\/\",\"name\":\"Av. Deniz Can K\u0131z\u0131l\",\"description\":\"Avukat Deniz Can K\u0131z\u0131l Antalya Barosu\",\"publisher\":{\"@id\":\"https:\/\/denizcankizil.tr\/#organization\"},\"potentialAction\":[{\"@type\":\"SearchAction\",\"target\":{\"@type\":\"EntryPoint\",\"urlTemplate\":\"https:\/\/denizcankizil.tr\/?s={search_term_string}\"},\"query-input\":{\"@type\":\"PropertyValueSpecification\",\"valueRequired\":true,\"valueName\":\"search_term_string\"}}],\"inLanguage\":\"ru-RU\"},{\"@type\":\"Organization\",\"@id\":\"https:\/\/denizcankizil.tr\/#organization\",\"name\":\"Av. Deniz Can K\u0131z\u0131l\",\"url\":\"https:\/\/denizcankizil.tr\/\",\"logo\":{\"@type\":\"ImageObject\",\"inLanguage\":\"ru-RU\",\"@id\":\"https:\/\/denizcankizil.tr\/#\/schema\/logo\/image\/\",\"url\":\"https:\/\/denizcankizil.tr\/wp-content\/uploads\/2024\/10\/siyah-logo-svg.svg\",\"contentUrl\":\"https:\/\/denizcankizil.tr\/wp-content\/uploads\/2024\/10\/siyah-logo-svg.svg\",\"width\":1080,\"height\":1080,\"caption\":\"Av. Deniz Can K\u0131z\u0131l\"},\"image\":{\"@id\":\"https:\/\/denizcankizil.tr\/#\/schema\/logo\/image\/\"}},{\"@type\":\"Person\",\"@id\":\"https:\/\/denizcankizil.tr\/#\/schema\/person\/e1eb71bb4dd684d46563f0af307e1234\",\"name\":\"Antalya K\u00f6rfez\",\"image\":{\"@type\":\"ImageObject\",\"inLanguage\":\"ru-RU\",\"@id\":\"https:\/\/denizcankizil.tr\/#\/schema\/person\/image\/\",\"url\":\"https:\/\/secure.gravatar.com\/avatar\/42b01982558a48a0b501fdcab6a408d3717ea5919095ee2e67b0e521799c5905?s=96&d=mm&r=g\",\"contentUrl\":\"https:\/\/secure.gravatar.com\/avatar\/42b01982558a48a0b501fdcab6a408d3717ea5919095ee2e67b0e521799c5905?s=96&d=mm&r=g\",\"caption\":\"Antalya K\u00f6rfez\"},\"sameAs\":[\"http:\/\/www.antalyakorfez.com\"],\"url\":\"https:\/\/www.antalyakorfez.com\/suriyeye-elektrik-ihracatina-yalanlama-geldi\"}]}<\/script>\n<!-- \/ Yoast SEO Premium plugin. -->","yoast_head_json":{"title":"Suriye\u2019ye elektrik ihracat\u0131na yalanlama geldi! - Av. Deniz Can K\u0131z\u0131l","robots":{"index":"index","follow":"follow","max-snippet":"max-snippet:-1","max-image-preview":"max-image-preview:large","max-video-preview":"max-video-preview:-1"},"canonical":"https:\/\/denizcankizil.tr\/ru\/haberler\/gundem\/suriyeye-elektrik-ihracatina-yalanlama-geldi\/","og_locale":"ru_RU","og_type":"article","og_title":"Suriye\u2019ye elektrik ihracat\u0131na yalanlama geldi!","og_description":"T\u00fcrkiye\u2019de son g\u00fcnlerden en \u00e7ok konu\u015fulan konulardan biri elektrik faturalar\u0131 oldu. 1 \u015eubat 2025 tarihinden itibaren 417 kilowatt saatin \u00fczerindeki t\u00fcketimlerde (yakla\u015f\u0131k 1.050 TL)\u2019yi ge\u00e7en vatanda\u015flar\u0131n faturalar\u0131 ikiye katlanaca\u011f\u0131 a\u00e7\u0131kland\u0131. Bunun \u00fczerine ortaya ciddi bir s\u00f6ylenti at\u0131ld\u0131. Suriye\u2019ye yap\u0131lan elektrik ihracat\u0131 nedeniyle b\u00f6yle bir karar al\u0131nd\u0131\u011f\u0131 iddia edildi. \u0130leti\u015fim Ba\u015fkanl\u0131\u011f\u0131 ise s\u00f6z konusu iddialar\u0131 yalanlad\u0131. \u0130leti\u015fim Ba\u015fkanl\u0131\u011f\u0131ndan yap\u0131lan a\u00e7\u0131klamada, \u201cElektrik faturalar\u0131na ili\u015fkin yeni d\u00fczenleme, Suriye\u2019ye elektrik ihracat\u0131yla ilgili olmay\u0131p, y\u0131ll\u0131k 5 bin kilovat saatlik t\u00fcketimi a\u015fan abonelerin elektri\u011fin ger\u00e7ek maliyetini \u00f6deyece\u011fi y\u00f6n\u00fcndedir\u201d denildi.\u00a0 ELEKTR\u0130K FATURALARINDA YEN\u0130 D\u00d6NEM Elektrik faturalar\u0131nda yeni d\u00f6nem 1 \u015eubat 2025 tarihi itibariyle ba\u015flad\u0131. Art\u0131k 417 kilowatt saatin \u00fczerindeki t\u00fcketimlerde (yakla\u015f\u0131k 1.050 TL) vatanda\u015flar\u0131n faturalar ikiye katlanacak. Enerji ve Tabii Kaynaklar Bakan\u0131 Alparslan Bayraktar T\u00fcrkiye&#8217;de ortalama bir hanenin elektrik faturas\u0131n\u0131n 414 lira oldu\u011funu s\u00f6yledi. Bayraktar&#8217;\u0131n verdi\u011fi bilgiye g\u00f6re abonenin ayl\u0131k faturas\u0131 1.050 liray\u0131 ge\u00e7erse elektri\u011fi &#8220;ger\u00e7ek maliyeti&#8221; ile sat\u0131n almaya ba\u015flayacak.\u00a0 ELEKTR\u0130K FATURALARI SUR\u0130YE Y\u00dcZ\u00dcNDEN M\u0130 ARTTI?\u00a0 T\u00fcrkiye&#8217;de yakla\u015f\u0131k 40 milyon mesken abonesi bulundu\u011funu, bunun da y\u00fczde 3&#8217;\u00fcn\u00fcn yani 1,2 milyon abonenin bu durumdan etkilenece\u011finin alt\u0131n\u0131 \u00e7izen Bayraktar, &#8220;Bunlar da dedi\u011fim gibi y\u00fcksek t\u00fcketim grubu olan, evi b\u00fcy\u00fck olan, evinde daha \u00e7ok elektrikli e\u015fya kullanan, belki elektrikli arac\u0131 olan kesimler bunlar da elektrik fiyat\u0131n\u0131 daha maliyetine uygun &hellip;","og_url":"https:\/\/denizcankizil.tr\/ru\/haberler\/gundem\/suriyeye-elektrik-ihracatina-yalanlama-geldi\/","og_site_name":"Av. Deniz Can K\u0131z\u0131l","article_published_time":"2025-02-11T10:41:17+00:00","author":"Antalya K\u00f6rfez","twitter_card":"summary_large_image","twitter_misc":{"\u041d\u0430\u043f\u0438\u0441\u0430\u043d\u043e \u0430\u0432\u0442\u043e\u0440\u043e\u043c":"Antalya K\u00f6rfez","\u041f\u0440\u0438\u043c\u0435\u0440\u043d\u043e\u0435 \u0432\u0440\u0435\u043c\u044f \u0434\u043b\u044f \u0447\u0442\u0435\u043d\u0438\u044f":"3 \u043c\u0438\u043d\u0443\u0442\u044b"},"schema":{"@context":"https:\/\/schema.org","@graph":[{"@type":"Article","@id":"https:\/\/denizcankizil.tr\/ru\/haberler\/gundem\/suriyeye-elektrik-ihracatina-yalanlama-geldi\/#article","isPartOf":{"@id":"https:\/\/denizcankizil.tr\/ru\/haberler\/gundem\/suriyeye-elektrik-ihracatina-yalanlama-geldi\/"},"author":{"name":"Antalya K\u00f6rfez","@id":"https:\/\/denizcankizil.tr\/#\/schema\/person\/e1eb71bb4dd684d46563f0af307e1234"},"headline":"Suriye\u2019ye elektrik ihracat\u0131na yalanlama geldi!","datePublished":"2025-02-11T10:41:17+00:00","mainEntityOfPage":{"@id":"https:\/\/denizcankizil.tr\/ru\/haberler\/gundem\/suriyeye-elektrik-ihracatina-yalanlama-geldi\/"},"wordCount":567,"commentCount":0,"publisher":{"@id":"https:\/\/denizcankizil.tr\/#organization"},"articleSection":["G\u00fcndem"],"inLanguage":"ru-RU","potentialAction":[{"@type":"CommentAction","name":"Comment","target":["https:\/\/denizcankizil.tr\/ru\/haberler\/gundem\/suriyeye-elektrik-ihracatina-yalanlama-geldi\/#respond"]}]},{"@type":"WebPage","@id":"https:\/\/denizcankizil.tr\/ru\/haberler\/gundem\/suriyeye-elektrik-ihracatina-yalanlama-geldi\/","url":"https:\/\/denizcankizil.tr\/ru\/haberler\/gundem\/suriyeye-elektrik-ihracatina-yalanlama-geldi\/","name":"Suriye\u2019ye elektrik ihracat\u0131na yalanlama geldi! - Av. Deniz Can K\u0131z\u0131l","isPartOf":{"@id":"https:\/\/denizcankizil.tr\/#website"},"datePublished":"2025-02-11T10:41:17+00:00","breadcrumb":{"@id":"https:\/\/denizcankizil.tr\/ru\/haberler\/gundem\/suriyeye-elektrik-ihracatina-yalanlama-geldi\/#breadcrumb"},"inLanguage":"ru-RU","potentialAction":[{"@type":"ReadAction","target":["https:\/\/denizcankizil.tr\/ru\/haberler\/gundem\/suriyeye-elektrik-ihracatina-yalanlama-geldi\/"]}]},{"@type":"BreadcrumbList","@id":"https:\/\/denizcankizil.tr\/ru\/haberler\/gundem\/suriyeye-elektrik-ihracatina-yalanlama-geldi\/#breadcrumb","itemListElement":[{"@type":"ListItem","position":1,"name":"Home","item":"https:\/\/denizcankizil.tr\/uk\/"},{"@type":"ListItem","position":2,"name":"Suriye\u2019ye elektrik ihracat\u0131na yalanlama geldi!"}]},{"@type":"WebSite","@id":"https:\/\/denizcankizil.tr\/#website","url":"https:\/\/denizcankizil.tr\/","name":"Av. Deniz Can K\u0131z\u0131l","description":"Avukat Deniz Can K\u0131z\u0131l Antalya Barosu","publisher":{"@id":"https:\/\/denizcankizil.tr\/#organization"},"potentialAction":[{"@type":"SearchAction","target":{"@type":"EntryPoint","urlTemplate":"https:\/\/denizcankizil.tr\/?s={search_term_string}"},"query-input":{"@type":"PropertyValueSpecification","valueRequired":true,"valueName":"search_term_string"}}],"inLanguage":"ru-RU"},{"@type":"Organization","@id":"https:\/\/denizcankizil.tr\/#organization","name":"Av. Deniz Can K\u0131z\u0131l","url":"https:\/\/denizcankizil.tr\/","logo":{"@type":"ImageObject","inLanguage":"ru-RU","@id":"https:\/\/denizcankizil.tr\/#\/schema\/logo\/image\/","url":"https:\/\/denizcankizil.tr\/wp-content\/uploads\/2024\/10\/siyah-logo-svg.svg","contentUrl":"https:\/\/denizcankizil.tr\/wp-content\/uploads\/2024\/10\/siyah-logo-svg.svg","width":1080,"height":1080,"caption":"Av. Deniz Can K\u0131z\u0131l"},"image":{"@id":"https:\/\/denizcankizil.tr\/#\/schema\/logo\/image\/"}},{"@type":"Person","@id":"https:\/\/denizcankizil.tr\/#\/schema\/person\/e1eb71bb4dd684d46563f0af307e1234","name":"Antalya K\u00f6rfez","image":{"@type":"ImageObject","inLanguage":"ru-RU","@id":"https:\/\/denizcankizil.tr\/#\/schema\/person\/image\/","url":"https:\/\/secure.gravatar.com\/avatar\/42b01982558a48a0b501fdcab6a408d3717ea5919095ee2e67b0e521799c5905?s=96&d=mm&r=g","contentUrl":"https:\/\/secure.gravatar.com\/avatar\/42b01982558a48a0b501fdcab6a408d3717ea5919095ee2e67b0e521799c5905?s=96&d=mm&r=g","caption":"Antalya K\u00f6rfez"},"sameAs":["http:\/\/www.antalyakorfez.com"],"url":"https:\/\/www.antalyakorfez.com\/suriyeye-elektrik-ihracatina-yalanlama-geldi"}]}},"_links":{"self":[{"href":"https:\/\/denizcankizil.tr\/ru\/wp-json\/wp\/v2\/posts\/31978","targetHints":{"allow":["GET"]}}],"collection":[{"href":"https:\/\/denizcankizil.tr\/ru\/wp-json\/wp\/v2\/posts"}],"about":[{"href":"https:\/\/denizcankizil.tr\/ru\/wp-json\/wp\/v2\/types\/post"}],"author":[{"embeddable":true,"href":"https:\/\/denizcankizil.tr\/ru\/wp-json\/wp\/v2\/users\/5"}],"replies":[{"embeddable":true,"href":"https:\/\/denizcankizil.tr\/ru\/wp-json\/wp\/v2\/comments?post=31978"}],"version-history":[{"count":0,"href":"https:\/\/denizcankizil.tr\/ru\/wp-json\/wp\/v2\/posts\/31978\/revisions"}],"wp:attachment":[{"href":"https:\/\/denizcankizil.tr\/ru\/wp-json\/wp\/v2\/media?parent=31978"}],"wp:term":[{"taxonomy":"category","embeddable":true,"href":"https:\/\/denizcankizil.tr\/ru\/wp-json\/wp\/v2\/categories?post=31978"},{"taxonomy":"post_tag","embeddable":true,"href":"https:\/\/denizcankizil.tr\/ru\/wp-json\/wp\/v2\/tags?post=31978"}],"curies":[{"name":"wp","href":"https:\/\/api.w.org\/{rel}","templated":true}]}}