{"id":31924,"date":"2025-02-11T09:41:46","date_gmt":"2025-02-11T06:41:46","guid":{"rendered":"https:\/\/denizcankizil.tr\/uncategorized-tr\/orta-karadeniz-ve-ic-anadoluda-kar-uyarisi\/"},"modified":"2025-02-11T09:41:46","modified_gmt":"2025-02-11T06:41:46","slug":"orta-karadeniz-ve-ic-anadoluda-kar-uyarisi","status":"publish","type":"post","link":"https:\/\/denizcankizil.tr\/ru\/haberler\/gundem\/orta-karadeniz-ve-ic-anadoluda-kar-uyarisi\/","title":{"rendered":"Orta Karadeniz ve \u0130\u00e7 Anadolu&#8217;da &#8216;kar&#8217; uyar\u0131s\u0131!"},"content":{"rendered":"<p>Meteoroloji Genel M\u00fcd\u00fcrl\u00fc\u011f\u00fc taraf\u0131ndan yap\u0131lan tahminlere g\u00f6re yurdun genelinin par\u00e7al\u0131 ve \u00e7ok bulutlu, Marmara\u2019n\u0131n do\u011fusu (Bilecik hari\u00e7), Do\u011fu Akdeniz, \u0130\u00e7 Anadolu\u2019nun kuzey ve do\u011fusu, Bat\u0131 ve Orta Karadeniz, G\u00fcneydo\u011fu Anadolu\u2019nun bat\u0131s\u0131, Bal\u0131kesir ve Giresun \u00e7evreleri ile K\u0131rklareli ve Tekirda\u011f&#8217;\u0131n do\u011fusunun aral\u0131kl\u0131 ya\u011f\u0131\u015fl\u0131 ge\u00e7ece\u011fi tahmin ediliyor.ANKARA (\u0130GFA) &#8211;\u00a0Meteoroloji Genel M\u00fcd\u00fcrl\u00fc\u011f\u00fc, 11 \u015eubat Sal\u0131\u00a0g\u00fcn\u00fcne ili\u015fkin g\u00fcnl\u00fck hava tahmin raporunu yay\u0131mlad\u0131.<\/p>\n<p>Do\u011fu Akdeniz k\u0131y\u0131lar\u0131, Orta Karadeniz k\u0131y\u0131lar\u0131 ile Kilis ve Mardin \u00e7evrelerinde ya\u011fmur, ya\u011f\u0131\u015f alan di\u011fer yerlerde karla kar\u0131\u015f\u0131k ya\u011fmur ve kar \u015feklinde olmas\u0131 beklenen ya\u011f\u0131\u015flar\u0131n, Amasya ve Kayseri \u00e7evreleri ile Samsun&#8217;un i\u00e7 kesimleri, Yozgat&#8217;\u0131n do\u011fu, Tokat ve Sivas&#8217;\u0131n bat\u0131 il\u00e7elerinde yerel kuvvetli olmas\u0131 bekleniyor. Sabah ve gece saatlerinde i\u00e7 ve do\u011fu kesimlerde buzlanma ve don ile birlikte pus ve yer yer sis bekleniyor. Do\u011fu Karadeniz\u2019in i\u00e7 kesimlerinin y\u00fcksekleri ile Do\u011fu Anadolu\u2019nun y\u00fcksek ve dik yama\u00e7lar\u0131nda \u00e7\u0131\u011f tehlikesi bulunmaktad\u0131r.<\/p>\n<p>\u00a0Hava s\u0131cakl\u0131\u011f\u0131nda \u00f6nemli bir de\u011fi\u015fiklik olmayaca\u011f\u0131 ve mevsim normallerinin alt\u0131nda seyretmeye devam edece\u011fi tahmin ediliyor.\u00a0R\u00fczg\u00e2r\u0131n, genellikle kuzeyli y\u00f6nlerden hafif, ara s\u0131ra orta kuvvette, Marmara\u2019n\u0131n bat\u0131s\u0131 ile K\u0131y\u0131 Ege\u2019de kuvvetli (40-60 km\/saat) esmesi bekleniyor.<\/p>\n<p>Orta Karadeniz&#8217;in \u0130\u00e7 Kesimleri ile \u0130\u00e7 Anadolu&#8217;nun Kuzeydo\u011fusunda Kar Ya\u011f\u0131\u015flar\u0131na Dikkat! Amasya ve Kayseri \u00e7evreleri ile Samsun&#8217;un i\u00e7 kesimleri, Yozgat&#8217;\u0131n do\u011fu, Tokat ve Sivas&#8217;\u0131n bat\u0131 il\u00e7elerinde g\u00f6r\u00fclecek kar ya\u011f\u0131\u015flar\u0131n\u0131n yerel kuvvetli (5-15 cm) olmas\u0131 beklendi\u011finden buzlanma ve don olay\u0131 ile ula\u015f\u0131mda aksamalar gibi olumsuzluklara kar\u015f\u0131 dikkatli ve tedbirli olunmas\u0131 gerekmektedir.<br \/>\nKUVVETL\u0130 R\u00dcZGAR UYARISI:<br \/>\nR\u00fczg\u00e2r\u0131n, Marmara\u2019n\u0131n bat\u0131s\u0131 ile K\u0131y\u0131 Ege\u2019de kuzeyli y\u00f6nlerden kuvvetli (40-60 km\/saat) esmesi beklendi\u011finden ya\u015fanabilecek olumsuzluklara kar\u015f\u0131 dikkatli ve tedbirli olunmas\u0131 gerekmektedir.<br \/>\n\u00c7I\u011e TEHL\u0130KES\u0130 \u0130LE BUZLANMA VE DON OLAYI UYARISI:<br \/>\nDo\u011fu Karadeniz\u2019in i\u00e7 kesimlerinin y\u00fcksekleri ile Do\u011fu Anadolu&#8217;nun do\u011fusunun dik ve e\u011fimli yama\u00e7lar\u0131nda \u00e7\u0131\u011f tehlikesi ile yurdun i\u00e7 ve do\u011fu kesimlerinde yer yer kuvvetli olmak \u00fczere buzlanma ve don olay\u0131 beklendi\u011finden meydana gelebilecek olumsuzluklara kar\u015f\u0131 dikkatli ve tedbirli olunmas\u0131 gerekmektedir.<\/p>\n<p>\u200bMeteoroloji Genel M\u00fcd\u00fcrl\u00fc\u011f\u00fc taraf\u0131ndan yap\u0131lan tahminlere g\u00f6re yurdun genelinin par\u00e7al\u0131 ve \u00e7ok bulutlu, Marmara\u2019n\u0131n do\u011fusu (Bilecik hari\u00e7), Do\u011fu Akdeniz, \u0130\u00e7 Anadolu\u2019nun kuzey ve do\u011fusu, Bat\u0131 ve Orta Karadeniz, G\u00fcneydo\u011fu Anadolu\u2019nun bat\u0131s\u0131, Bal\u0131kesir ve Giresun \u00e7evreleri ile K\u0131rklareli ve Tekirda\u011f&#8217;\u0131n do\u011fusunun aral\u0131kl\u0131 ya\u011f\u0131\u015fl\u0131 ge\u00e7ece\u011fi tahmin ediliyor.ANKARA (\u0130GFA) &#8211;\u00a0Meteoroloji Genel M\u00fcd\u00fcrl\u00fc\u011f\u00fc, 11 \u015eubat Sal\u0131\u00a0g\u00fcn\u00fcne ili\u015fkin g\u00fcnl\u00fck hava tahmin raporunu yay\u0131mlad\u0131.<\/p>\n<p>Do\u011fu Akdeniz k\u0131y\u0131lar\u0131, Orta Karadeniz k\u0131y\u0131lar\u0131 ile Kilis ve Mardin \u00e7evrelerinde ya\u011fmur, ya\u011f\u0131\u015f alan di\u011fer yerlerde karla kar\u0131\u015f\u0131k ya\u011fmur ve kar \u015feklinde olmas\u0131 beklenen ya\u011f\u0131\u015flar\u0131n, Amasya ve Kayseri \u00e7evreleri ile Samsun&#8217;un i\u00e7 kesimleri, Yozgat&#8217;\u0131n do\u011fu, Tokat ve Sivas&#8217;\u0131n bat\u0131 il\u00e7elerinde yerel kuvvetli olmas\u0131 bekleniyor. Sabah ve gece saatlerinde i\u00e7 ve do\u011fu kesimlerde buzlanma ve don ile birlikte pus ve yer yer sis bekleniyor. Do\u011fu Karadeniz\u2019in i\u00e7 kesimlerinin y\u00fcksekleri ile Do\u011fu Anadolu\u2019nun y\u00fcksek ve dik yama\u00e7lar\u0131nda \u00e7\u0131\u011f tehlikesi bulunmaktad\u0131r.<\/p>\n<p>\u00a0Hava s\u0131cakl\u0131\u011f\u0131nda \u00f6nemli bir de\u011fi\u015fiklik olmayaca\u011f\u0131 ve mevsim normallerinin alt\u0131nda seyretmeye devam edece\u011fi tahmin ediliyor.\u00a0R\u00fczg\u00e2r\u0131n, genellikle kuzeyli y\u00f6nlerden hafif, ara s\u0131ra orta kuvvette, Marmara\u2019n\u0131n bat\u0131s\u0131 ile K\u0131y\u0131 Ege\u2019de kuvvetli (40-60 km\/saat) esmesi bekleniyor.<\/p>\n<p>Orta Karadeniz&#8217;in \u0130\u00e7 Kesimleri ile \u0130\u00e7 Anadolu&#8217;nun Kuzeydo\u011fusunda Kar Ya\u011f\u0131\u015flar\u0131na Dikkat! Amasya ve Kayseri \u00e7evreleri ile Samsun&#8217;un i\u00e7 kesimleri, Yozgat&#8217;\u0131n do\u011fu, Tokat ve Sivas&#8217;\u0131n bat\u0131 il\u00e7elerinde g\u00f6r\u00fclecek kar ya\u011f\u0131\u015flar\u0131n\u0131n yerel kuvvetli (5-15 cm) olmas\u0131 beklendi\u011finden buzlanma ve don olay\u0131 ile ula\u015f\u0131mda aksamalar gibi olumsuzluklara kar\u015f\u0131 dikkatli ve tedbirli olunmas\u0131 gerekmektedir.<br \/>\nKUVVETL\u0130 R\u00dcZGAR UYARISI:<br \/>\nR\u00fczg\u00e2r\u0131n, Marmara\u2019n\u0131n bat\u0131s\u0131 ile K\u0131y\u0131 Ege\u2019de kuzeyli y\u00f6nlerden kuvvetli (40-60 km\/saat) esmesi beklendi\u011finden ya\u015fanabilecek olumsuzluklara kar\u015f\u0131 dikkatli ve tedbirli olunmas\u0131 gerekmektedir.<br \/>\n\u00c7I\u011e TEHL\u0130KES\u0130 \u0130LE BUZLANMA VE DON OLAYI UYARISI:<br \/>\nDo\u011fu Karadeniz\u2019in i\u00e7 kesimlerinin y\u00fcksekleri ile Do\u011fu Anadolu&#8217;nun do\u011fusunun dik ve e\u011fimli yama\u00e7lar\u0131nda \u00e7\u0131\u011f tehlikesi ile yurdun i\u00e7 ve do\u011fu kesimlerinde yer yer kuvvetli olmak \u00fczere buzlanma ve don olay\u0131 beklendi\u011finden meydana gelebilecek olumsuzluklara kar\u015f\u0131 dikkatli ve tedbirli olunmas\u0131 gerekmektedir.\u00a0<\/p>\n<p>\u200bHaberin Al\u0131nt\u0131land\u0131\u011f\u0131 Kaynak: www.iskenderun.org<\/p>","protected":false},"excerpt":{"rendered":"<p>Meteoroloji Genel M\u00fcd\u00fcrl\u00fc\u011f\u00fc taraf\u0131ndan yap\u0131lan tahminlere g\u00f6re yurdun genelinin par\u00e7al\u0131 ve \u00e7ok bulutlu, Marmara\u2019n\u0131n do\u011fusu (Bilecik hari\u00e7), Do\u011fu Akdeniz, \u0130\u00e7 Anadolu\u2019nun kuzey ve do\u011fusu, Bat\u0131 ve Orta Karadeniz, G\u00fcneydo\u011fu Anadolu\u2019nun bat\u0131s\u0131, Bal\u0131kesir ve Giresun \u00e7evreleri ile K\u0131rklareli ve Tekirda\u011f&#8217;\u0131n do\u011fusunun aral\u0131kl\u0131 ya\u011f\u0131\u015fl\u0131 ge\u00e7ece\u011fi tahmin ediliyor.ANKARA (\u0130GFA) &#8211;\u00a0Meteoroloji Genel M\u00fcd\u00fcrl\u00fc\u011f\u00fc, 11 \u015eubat Sal\u0131\u00a0g\u00fcn\u00fcne ili\u015fkin g\u00fcnl\u00fck hava tahmin raporunu yay\u0131mlad\u0131. Do\u011fu Akdeniz k\u0131y\u0131lar\u0131, Orta Karadeniz k\u0131y\u0131lar\u0131 ile Kilis ve Mardin \u00e7evrelerinde ya\u011fmur, ya\u011f\u0131\u015f alan di\u011fer yerlerde karla kar\u0131\u015f\u0131k ya\u011fmur ve kar \u015feklinde olmas\u0131 beklenen ya\u011f\u0131\u015flar\u0131n, Amasya ve Kayseri \u00e7evreleri ile Samsun&#8217;un i\u00e7 kesimleri, Yozgat&#8217;\u0131n do\u011fu, Tokat ve Sivas&#8217;\u0131n bat\u0131 il\u00e7elerinde yerel kuvvetli olmas\u0131 bekleniyor. Sabah ve gece saatlerinde i\u00e7 ve do\u011fu kesimlerde buzlanma ve don ile birlikte pus ve yer yer sis bekleniyor. Do\u011fu Karadeniz\u2019in i\u00e7 kesimlerinin y\u00fcksekleri ile Do\u011fu Anadolu\u2019nun y\u00fcksek ve dik yama\u00e7lar\u0131nda \u00e7\u0131\u011f tehlikesi bulunmaktad\u0131r. \u00a0Hava s\u0131cakl\u0131\u011f\u0131nda \u00f6nemli bir de\u011fi\u015fiklik olmayaca\u011f\u0131 ve mevsim normallerinin alt\u0131nda seyretmeye devam edece\u011fi tahmin ediliyor.\u00a0R\u00fczg\u00e2r\u0131n, genellikle kuzeyli y\u00f6nlerden hafif, ara s\u0131ra orta kuvvette, Marmara\u2019n\u0131n bat\u0131s\u0131 ile K\u0131y\u0131 Ege\u2019de kuvvetli (40-60 km\/saat) esmesi bekleniyor. Orta Karadeniz&#8217;in \u0130\u00e7 Kesimleri ile \u0130\u00e7 Anadolu&#8217;nun Kuzeydo\u011fusunda Kar Ya\u011f\u0131\u015flar\u0131na Dikkat! Amasya ve Kayseri \u00e7evreleri ile Samsun&#8217;un i\u00e7 kesimleri, Yozgat&#8217;\u0131n do\u011fu, Tokat ve Sivas&#8217;\u0131n bat\u0131 il\u00e7elerinde g\u00f6r\u00fclecek kar ya\u011f\u0131\u015flar\u0131n\u0131n yerel kuvvetli &hellip;<\/p>","protected":false},"author":1,"featured_media":0,"comment_status":"open","ping_status":"open","sticky":false,"template":"","format":"standard","meta":{"_acf_changed":false,"footnotes":""},"categories":[24],"tags":[],"class_list":["post-31924","post","type-post","status-publish","format-standard","has-post-thumbnail","hentry","category-gundem"],"acf":[],"yoast_head":"<!-- This site is optimized with the Yoast SEO Premium plugin v26.6 (Yoast SEO v27.1.1) - https:\/\/yoast.com\/product\/yoast-seo-premium-wordpress\/ -->\n<title>Orta Karadeniz ve \u0130\u00e7 Anadolu&#039;da &#039;kar&#039; uyar\u0131s\u0131! - Av. Deniz Can K\u0131z\u0131l<\/title>\n<meta name=\"robots\" content=\"index, follow, max-snippet:-1, max-image-preview:large, max-video-preview:-1\" \/>\n<link rel=\"canonical\" href=\"https:\/\/denizcankizil.tr\/ru\/haberler\/gundem\/orta-karadeniz-ve-ic-anadoluda-kar-uyarisi\/\" \/>\n<meta property=\"og:locale\" content=\"ru_RU\" \/>\n<meta property=\"og:type\" content=\"article\" \/>\n<meta property=\"og:title\" content=\"Orta Karadeniz ve \u0130\u00e7 Anadolu&#039;da &#039;kar&#039; uyar\u0131s\u0131!\" \/>\n<meta property=\"og:description\" content=\"Meteoroloji Genel M\u00fcd\u00fcrl\u00fc\u011f\u00fc taraf\u0131ndan yap\u0131lan tahminlere g\u00f6re yurdun genelinin par\u00e7al\u0131 ve \u00e7ok bulutlu, Marmara\u2019n\u0131n do\u011fusu (Bilecik hari\u00e7), Do\u011fu Akdeniz, \u0130\u00e7 Anadolu\u2019nun kuzey ve do\u011fusu, Bat\u0131 ve Orta Karadeniz, G\u00fcneydo\u011fu Anadolu\u2019nun bat\u0131s\u0131, Bal\u0131kesir ve Giresun \u00e7evreleri ile K\u0131rklareli ve Tekirda\u011f&#8217;\u0131n do\u011fusunun aral\u0131kl\u0131 ya\u011f\u0131\u015fl\u0131 ge\u00e7ece\u011fi tahmin ediliyor.ANKARA (\u0130GFA) &#8211;\u00a0Meteoroloji Genel M\u00fcd\u00fcrl\u00fc\u011f\u00fc, 11 \u015eubat Sal\u0131\u00a0g\u00fcn\u00fcne ili\u015fkin g\u00fcnl\u00fck hava tahmin raporunu yay\u0131mlad\u0131. Do\u011fu Akdeniz k\u0131y\u0131lar\u0131, Orta Karadeniz k\u0131y\u0131lar\u0131 ile Kilis ve Mardin \u00e7evrelerinde ya\u011fmur, ya\u011f\u0131\u015f alan di\u011fer yerlerde karla kar\u0131\u015f\u0131k ya\u011fmur ve kar \u015feklinde olmas\u0131 beklenen ya\u011f\u0131\u015flar\u0131n, Amasya ve Kayseri \u00e7evreleri ile Samsun&#8217;un i\u00e7 kesimleri, Yozgat&#8217;\u0131n do\u011fu, Tokat ve Sivas&#8217;\u0131n bat\u0131 il\u00e7elerinde yerel kuvvetli olmas\u0131 bekleniyor. Sabah ve gece saatlerinde i\u00e7 ve do\u011fu kesimlerde buzlanma ve don ile birlikte pus ve yer yer sis bekleniyor. Do\u011fu Karadeniz\u2019in i\u00e7 kesimlerinin y\u00fcksekleri ile Do\u011fu Anadolu\u2019nun y\u00fcksek ve dik yama\u00e7lar\u0131nda \u00e7\u0131\u011f tehlikesi bulunmaktad\u0131r. \u00a0Hava s\u0131cakl\u0131\u011f\u0131nda \u00f6nemli bir de\u011fi\u015fiklik olmayaca\u011f\u0131 ve mevsim normallerinin alt\u0131nda seyretmeye devam edece\u011fi tahmin ediliyor.\u00a0R\u00fczg\u00e2r\u0131n, genellikle kuzeyli y\u00f6nlerden hafif, ara s\u0131ra orta kuvvette, Marmara\u2019n\u0131n bat\u0131s\u0131 ile K\u0131y\u0131 Ege\u2019de kuvvetli (40-60 km\/saat) esmesi bekleniyor. Orta Karadeniz&#8217;in \u0130\u00e7 Kesimleri ile \u0130\u00e7 Anadolu&#8217;nun Kuzeydo\u011fusunda Kar Ya\u011f\u0131\u015flar\u0131na Dikkat! Amasya ve Kayseri \u00e7evreleri ile Samsun&#8217;un i\u00e7 kesimleri, Yozgat&#8217;\u0131n do\u011fu, Tokat ve Sivas&#8217;\u0131n bat\u0131 il\u00e7elerinde g\u00f6r\u00fclecek kar ya\u011f\u0131\u015flar\u0131n\u0131n yerel kuvvetli &hellip;\" \/>\n<meta property=\"og:url\" content=\"https:\/\/denizcankizil.tr\/ru\/haberler\/gundem\/orta-karadeniz-ve-ic-anadoluda-kar-uyarisi\/\" \/>\n<meta property=\"og:site_name\" content=\"Av. Deniz Can K\u0131z\u0131l\" \/>\n<meta property=\"article:published_time\" content=\"2025-02-11T06:41:46+00:00\" \/>\n<meta name=\"author\" content=\"admin\" \/>\n<meta name=\"twitter:card\" content=\"summary_large_image\" \/>\n<meta name=\"twitter:label1\" content=\"\u041d\u0430\u043f\u0438\u0441\u0430\u043d\u043e \u0430\u0432\u0442\u043e\u0440\u043e\u043c\" \/>\n\t<meta name=\"twitter:data1\" content=\"admin\" \/>\n\t<meta name=\"twitter:label2\" content=\"\u041f\u0440\u0438\u043c\u0435\u0440\u043d\u043e\u0435 \u0432\u0440\u0435\u043c\u044f \u0434\u043b\u044f \u0447\u0442\u0435\u043d\u0438\u044f\" \/>\n\t<meta name=\"twitter:data2\" content=\"4 \u043c\u0438\u043d\u0443\u0442\u044b\" \/>\n<script type=\"application\/ld+json\" class=\"yoast-schema-graph\">{\"@context\":\"https:\/\/schema.org\",\"@graph\":[{\"@type\":\"Article\",\"@id\":\"https:\/\/denizcankizil.tr\/ru\/haberler\/gundem\/orta-karadeniz-ve-ic-anadoluda-kar-uyarisi\/#article\",\"isPartOf\":{\"@id\":\"https:\/\/denizcankizil.tr\/ru\/haberler\/gundem\/orta-karadeniz-ve-ic-anadoluda-kar-uyarisi\/\"},\"author\":{\"name\":\"admin\",\"@id\":\"https:\/\/denizcankizil.tr\/#\/schema\/person\/be3c05fe6a12686905512445d8185489\"},\"headline\":\"Orta Karadeniz ve \u0130\u00e7 Anadolu&#8217;da &#8216;kar&#8217; uyar\u0131s\u0131!\",\"datePublished\":\"2025-02-11T06:41:46+00:00\",\"mainEntityOfPage\":{\"@id\":\"https:\/\/denizcankizil.tr\/ru\/haberler\/gundem\/orta-karadeniz-ve-ic-anadoluda-kar-uyarisi\/\"},\"wordCount\":828,\"commentCount\":0,\"publisher\":{\"@id\":\"https:\/\/denizcankizil.tr\/#organization\"},\"articleSection\":[\"G\u00fcndem\"],\"inLanguage\":\"ru-RU\",\"potentialAction\":[{\"@type\":\"CommentAction\",\"name\":\"Comment\",\"target\":[\"https:\/\/denizcankizil.tr\/ru\/haberler\/gundem\/orta-karadeniz-ve-ic-anadoluda-kar-uyarisi\/#respond\"]}]},{\"@type\":\"WebPage\",\"@id\":\"https:\/\/denizcankizil.tr\/ru\/haberler\/gundem\/orta-karadeniz-ve-ic-anadoluda-kar-uyarisi\/\",\"url\":\"https:\/\/denizcankizil.tr\/ru\/haberler\/gundem\/orta-karadeniz-ve-ic-anadoluda-kar-uyarisi\/\",\"name\":\"Orta Karadeniz ve \u0130\u00e7 Anadolu'da 'kar' uyar\u0131s\u0131! - Av. Deniz Can K\u0131z\u0131l\",\"isPartOf\":{\"@id\":\"https:\/\/denizcankizil.tr\/#website\"},\"datePublished\":\"2025-02-11T06:41:46+00:00\",\"breadcrumb\":{\"@id\":\"https:\/\/denizcankizil.tr\/ru\/haberler\/gundem\/orta-karadeniz-ve-ic-anadoluda-kar-uyarisi\/#breadcrumb\"},\"inLanguage\":\"ru-RU\",\"potentialAction\":[{\"@type\":\"ReadAction\",\"target\":[\"https:\/\/denizcankizil.tr\/ru\/haberler\/gundem\/orta-karadeniz-ve-ic-anadoluda-kar-uyarisi\/\"]}]},{\"@type\":\"BreadcrumbList\",\"@id\":\"https:\/\/denizcankizil.tr\/ru\/haberler\/gundem\/orta-karadeniz-ve-ic-anadoluda-kar-uyarisi\/#breadcrumb\",\"itemListElement\":[{\"@type\":\"ListItem\",\"position\":1,\"name\":\"Home\",\"item\":\"https:\/\/denizcankizil.tr\/de\/\"},{\"@type\":\"ListItem\",\"position\":2,\"name\":\"Orta Karadeniz ve \u0130\u00e7 Anadolu&#8217;da &#8216;kar&#8217; uyar\u0131s\u0131!\"}]},{\"@type\":\"WebSite\",\"@id\":\"https:\/\/denizcankizil.tr\/#website\",\"url\":\"https:\/\/denizcankizil.tr\/\",\"name\":\"Av. Deniz Can K\u0131z\u0131l\",\"description\":\"Avukat Deniz Can K\u0131z\u0131l Antalya Barosu\",\"publisher\":{\"@id\":\"https:\/\/denizcankizil.tr\/#organization\"},\"potentialAction\":[{\"@type\":\"SearchAction\",\"target\":{\"@type\":\"EntryPoint\",\"urlTemplate\":\"https:\/\/denizcankizil.tr\/?s={search_term_string}\"},\"query-input\":{\"@type\":\"PropertyValueSpecification\",\"valueRequired\":true,\"valueName\":\"search_term_string\"}}],\"inLanguage\":\"ru-RU\"},{\"@type\":\"Organization\",\"@id\":\"https:\/\/denizcankizil.tr\/#organization\",\"name\":\"Av. Deniz Can K\u0131z\u0131l\",\"url\":\"https:\/\/denizcankizil.tr\/\",\"logo\":{\"@type\":\"ImageObject\",\"inLanguage\":\"ru-RU\",\"@id\":\"https:\/\/denizcankizil.tr\/#\/schema\/logo\/image\/\",\"url\":\"https:\/\/denizcankizil.tr\/wp-content\/uploads\/2024\/10\/siyah-logo-svg.svg\",\"contentUrl\":\"https:\/\/denizcankizil.tr\/wp-content\/uploads\/2024\/10\/siyah-logo-svg.svg\",\"width\":1080,\"height\":1080,\"caption\":\"Av. Deniz Can K\u0131z\u0131l\"},\"image\":{\"@id\":\"https:\/\/denizcankizil.tr\/#\/schema\/logo\/image\/\"}},{\"@type\":\"Person\",\"@id\":\"https:\/\/denizcankizil.tr\/#\/schema\/person\/be3c05fe6a12686905512445d8185489\",\"name\":\"admin\",\"image\":{\"@type\":\"ImageObject\",\"inLanguage\":\"ru-RU\",\"@id\":\"https:\/\/denizcankizil.tr\/#\/schema\/person\/image\/\",\"url\":\"https:\/\/secure.gravatar.com\/avatar\/c1fce94c830dc79107e174f890d7210541c4a63e8e5d816341794a2151c9d58c?s=96&d=mm&r=g\",\"contentUrl\":\"https:\/\/secure.gravatar.com\/avatar\/c1fce94c830dc79107e174f890d7210541c4a63e8e5d816341794a2151c9d58c?s=96&d=mm&r=g\",\"caption\":\"admin\"},\"sameAs\":[\"http:\/\/denizcankizil.tr\"],\"url\":\"https:\/\/www.iskenderun.org\/orta-karadeniz-ve-ic-anadoluda-kar-uyarisi\"}]}<\/script>\n<!-- \/ Yoast SEO Premium plugin. -->","yoast_head_json":{"title":"Orta Karadeniz ve \u0130\u00e7 Anadolu'da 'kar' uyar\u0131s\u0131! - Av. Deniz Can K\u0131z\u0131l","robots":{"index":"index","follow":"follow","max-snippet":"max-snippet:-1","max-image-preview":"max-image-preview:large","max-video-preview":"max-video-preview:-1"},"canonical":"https:\/\/denizcankizil.tr\/ru\/haberler\/gundem\/orta-karadeniz-ve-ic-anadoluda-kar-uyarisi\/","og_locale":"ru_RU","og_type":"article","og_title":"Orta Karadeniz ve \u0130\u00e7 Anadolu'da 'kar' uyar\u0131s\u0131!","og_description":"Meteoroloji Genel M\u00fcd\u00fcrl\u00fc\u011f\u00fc taraf\u0131ndan yap\u0131lan tahminlere g\u00f6re yurdun genelinin par\u00e7al\u0131 ve \u00e7ok bulutlu, Marmara\u2019n\u0131n do\u011fusu (Bilecik hari\u00e7), Do\u011fu Akdeniz, \u0130\u00e7 Anadolu\u2019nun kuzey ve do\u011fusu, Bat\u0131 ve Orta Karadeniz, G\u00fcneydo\u011fu Anadolu\u2019nun bat\u0131s\u0131, Bal\u0131kesir ve Giresun \u00e7evreleri ile K\u0131rklareli ve Tekirda\u011f&#8217;\u0131n do\u011fusunun aral\u0131kl\u0131 ya\u011f\u0131\u015fl\u0131 ge\u00e7ece\u011fi tahmin ediliyor.ANKARA (\u0130GFA) &#8211;\u00a0Meteoroloji Genel M\u00fcd\u00fcrl\u00fc\u011f\u00fc, 11 \u015eubat Sal\u0131\u00a0g\u00fcn\u00fcne ili\u015fkin g\u00fcnl\u00fck hava tahmin raporunu yay\u0131mlad\u0131. Do\u011fu Akdeniz k\u0131y\u0131lar\u0131, Orta Karadeniz k\u0131y\u0131lar\u0131 ile Kilis ve Mardin \u00e7evrelerinde ya\u011fmur, ya\u011f\u0131\u015f alan di\u011fer yerlerde karla kar\u0131\u015f\u0131k ya\u011fmur ve kar \u015feklinde olmas\u0131 beklenen ya\u011f\u0131\u015flar\u0131n, Amasya ve Kayseri \u00e7evreleri ile Samsun&#8217;un i\u00e7 kesimleri, Yozgat&#8217;\u0131n do\u011fu, Tokat ve Sivas&#8217;\u0131n bat\u0131 il\u00e7elerinde yerel kuvvetli olmas\u0131 bekleniyor. Sabah ve gece saatlerinde i\u00e7 ve do\u011fu kesimlerde buzlanma ve don ile birlikte pus ve yer yer sis bekleniyor. Do\u011fu Karadeniz\u2019in i\u00e7 kesimlerinin y\u00fcksekleri ile Do\u011fu Anadolu\u2019nun y\u00fcksek ve dik yama\u00e7lar\u0131nda \u00e7\u0131\u011f tehlikesi bulunmaktad\u0131r. \u00a0Hava s\u0131cakl\u0131\u011f\u0131nda \u00f6nemli bir de\u011fi\u015fiklik olmayaca\u011f\u0131 ve mevsim normallerinin alt\u0131nda seyretmeye devam edece\u011fi tahmin ediliyor.\u00a0R\u00fczg\u00e2r\u0131n, genellikle kuzeyli y\u00f6nlerden hafif, ara s\u0131ra orta kuvvette, Marmara\u2019n\u0131n bat\u0131s\u0131 ile K\u0131y\u0131 Ege\u2019de kuvvetli (40-60 km\/saat) esmesi bekleniyor. Orta Karadeniz&#8217;in \u0130\u00e7 Kesimleri ile \u0130\u00e7 Anadolu&#8217;nun Kuzeydo\u011fusunda Kar Ya\u011f\u0131\u015flar\u0131na Dikkat! Amasya ve Kayseri \u00e7evreleri ile Samsun&#8217;un i\u00e7 kesimleri, Yozgat&#8217;\u0131n do\u011fu, Tokat ve Sivas&#8217;\u0131n bat\u0131 il\u00e7elerinde g\u00f6r\u00fclecek kar ya\u011f\u0131\u015flar\u0131n\u0131n yerel kuvvetli &hellip;","og_url":"https:\/\/denizcankizil.tr\/ru\/haberler\/gundem\/orta-karadeniz-ve-ic-anadoluda-kar-uyarisi\/","og_site_name":"Av. Deniz Can K\u0131z\u0131l","article_published_time":"2025-02-11T06:41:46+00:00","author":"admin","twitter_card":"summary_large_image","twitter_misc":{"\u041d\u0430\u043f\u0438\u0441\u0430\u043d\u043e \u0430\u0432\u0442\u043e\u0440\u043e\u043c":"admin","\u041f\u0440\u0438\u043c\u0435\u0440\u043d\u043e\u0435 \u0432\u0440\u0435\u043c\u044f \u0434\u043b\u044f \u0447\u0442\u0435\u043d\u0438\u044f":"4 \u043c\u0438\u043d\u0443\u0442\u044b"},"schema":{"@context":"https:\/\/schema.org","@graph":[{"@type":"Article","@id":"https:\/\/denizcankizil.tr\/ru\/haberler\/gundem\/orta-karadeniz-ve-ic-anadoluda-kar-uyarisi\/#article","isPartOf":{"@id":"https:\/\/denizcankizil.tr\/ru\/haberler\/gundem\/orta-karadeniz-ve-ic-anadoluda-kar-uyarisi\/"},"author":{"name":"admin","@id":"https:\/\/denizcankizil.tr\/#\/schema\/person\/be3c05fe6a12686905512445d8185489"},"headline":"Orta Karadeniz ve \u0130\u00e7 Anadolu&#8217;da &#8216;kar&#8217; uyar\u0131s\u0131!","datePublished":"2025-02-11T06:41:46+00:00","mainEntityOfPage":{"@id":"https:\/\/denizcankizil.tr\/ru\/haberler\/gundem\/orta-karadeniz-ve-ic-anadoluda-kar-uyarisi\/"},"wordCount":828,"commentCount":0,"publisher":{"@id":"https:\/\/denizcankizil.tr\/#organization"},"articleSection":["G\u00fcndem"],"inLanguage":"ru-RU","potentialAction":[{"@type":"CommentAction","name":"Comment","target":["https:\/\/denizcankizil.tr\/ru\/haberler\/gundem\/orta-karadeniz-ve-ic-anadoluda-kar-uyarisi\/#respond"]}]},{"@type":"WebPage","@id":"https:\/\/denizcankizil.tr\/ru\/haberler\/gundem\/orta-karadeniz-ve-ic-anadoluda-kar-uyarisi\/","url":"https:\/\/denizcankizil.tr\/ru\/haberler\/gundem\/orta-karadeniz-ve-ic-anadoluda-kar-uyarisi\/","name":"Orta Karadeniz ve \u0130\u00e7 Anadolu'da 'kar' uyar\u0131s\u0131! - Av. Deniz Can K\u0131z\u0131l","isPartOf":{"@id":"https:\/\/denizcankizil.tr\/#website"},"datePublished":"2025-02-11T06:41:46+00:00","breadcrumb":{"@id":"https:\/\/denizcankizil.tr\/ru\/haberler\/gundem\/orta-karadeniz-ve-ic-anadoluda-kar-uyarisi\/#breadcrumb"},"inLanguage":"ru-RU","potentialAction":[{"@type":"ReadAction","target":["https:\/\/denizcankizil.tr\/ru\/haberler\/gundem\/orta-karadeniz-ve-ic-anadoluda-kar-uyarisi\/"]}]},{"@type":"BreadcrumbList","@id":"https:\/\/denizcankizil.tr\/ru\/haberler\/gundem\/orta-karadeniz-ve-ic-anadoluda-kar-uyarisi\/#breadcrumb","itemListElement":[{"@type":"ListItem","position":1,"name":"Home","item":"https:\/\/denizcankizil.tr\/de\/"},{"@type":"ListItem","position":2,"name":"Orta Karadeniz ve \u0130\u00e7 Anadolu&#8217;da &#8216;kar&#8217; uyar\u0131s\u0131!"}]},{"@type":"WebSite","@id":"https:\/\/denizcankizil.tr\/#website","url":"https:\/\/denizcankizil.tr\/","name":"Av. Deniz Can K\u0131z\u0131l","description":"Avukat Deniz Can K\u0131z\u0131l Antalya Barosu","publisher":{"@id":"https:\/\/denizcankizil.tr\/#organization"},"potentialAction":[{"@type":"SearchAction","target":{"@type":"EntryPoint","urlTemplate":"https:\/\/denizcankizil.tr\/?s={search_term_string}"},"query-input":{"@type":"PropertyValueSpecification","valueRequired":true,"valueName":"search_term_string"}}],"inLanguage":"ru-RU"},{"@type":"Organization","@id":"https:\/\/denizcankizil.tr\/#organization","name":"Av. Deniz Can K\u0131z\u0131l","url":"https:\/\/denizcankizil.tr\/","logo":{"@type":"ImageObject","inLanguage":"ru-RU","@id":"https:\/\/denizcankizil.tr\/#\/schema\/logo\/image\/","url":"https:\/\/denizcankizil.tr\/wp-content\/uploads\/2024\/10\/siyah-logo-svg.svg","contentUrl":"https:\/\/denizcankizil.tr\/wp-content\/uploads\/2024\/10\/siyah-logo-svg.svg","width":1080,"height":1080,"caption":"Av. Deniz Can K\u0131z\u0131l"},"image":{"@id":"https:\/\/denizcankizil.tr\/#\/schema\/logo\/image\/"}},{"@type":"Person","@id":"https:\/\/denizcankizil.tr\/#\/schema\/person\/be3c05fe6a12686905512445d8185489","name":"\u0430\u0434\u043c\u0438\u043d","image":{"@type":"ImageObject","inLanguage":"ru-RU","@id":"https:\/\/denizcankizil.tr\/#\/schema\/person\/image\/","url":"https:\/\/secure.gravatar.com\/avatar\/c1fce94c830dc79107e174f890d7210541c4a63e8e5d816341794a2151c9d58c?s=96&d=mm&r=g","contentUrl":"https:\/\/secure.gravatar.com\/avatar\/c1fce94c830dc79107e174f890d7210541c4a63e8e5d816341794a2151c9d58c?s=96&d=mm&r=g","caption":"admin"},"sameAs":["http:\/\/denizcankizil.tr"],"url":"https:\/\/www.iskenderun.org\/orta-karadeniz-ve-ic-anadoluda-kar-uyarisi"}]}},"_links":{"self":[{"href":"https:\/\/denizcankizil.tr\/ru\/wp-json\/wp\/v2\/posts\/31924","targetHints":{"allow":["GET"]}}],"collection":[{"href":"https:\/\/denizcankizil.tr\/ru\/wp-json\/wp\/v2\/posts"}],"about":[{"href":"https:\/\/denizcankizil.tr\/ru\/wp-json\/wp\/v2\/types\/post"}],"author":[{"embeddable":true,"href":"https:\/\/denizcankizil.tr\/ru\/wp-json\/wp\/v2\/users\/1"}],"replies":[{"embeddable":true,"href":"https:\/\/denizcankizil.tr\/ru\/wp-json\/wp\/v2\/comments?post=31924"}],"version-history":[{"count":0,"href":"https:\/\/denizcankizil.tr\/ru\/wp-json\/wp\/v2\/posts\/31924\/revisions"}],"wp:attachment":[{"href":"https:\/\/denizcankizil.tr\/ru\/wp-json\/wp\/v2\/media?parent=31924"}],"wp:term":[{"taxonomy":"category","embeddable":true,"href":"https:\/\/denizcankizil.tr\/ru\/wp-json\/wp\/v2\/categories?post=31924"},{"taxonomy":"post_tag","embeddable":true,"href":"https:\/\/denizcankizil.tr\/ru\/wp-json\/wp\/v2\/tags?post=31924"}],"curies":[{"name":"wp","href":"https:\/\/api.w.org\/{rel}","templated":true}]}}