{"id":31811,"date":"2025-02-10T21:38:03","date_gmt":"2025-02-10T18:38:03","guid":{"rendered":"https:\/\/denizcankizil.tr\/uncategorized-tr\/bakan-goktas-acikladi-aile-ve-genclik-fonuna-51-bin-cift-basvurdu\/"},"modified":"2025-02-10T21:38:03","modified_gmt":"2025-02-10T18:38:03","slug":"bakan-goktas-acikladi-aile-ve-genclik-fonuna-51-bin-cift-basvurdu","status":"publish","type":"post","link":"https:\/\/denizcankizil.tr\/ru\/haberler\/gundem\/bakan-goktas-acikladi-aile-ve-genclik-fonuna-51-bin-cift-basvurdu\/","title":{"rendered":"Bakan G\u00f6kta\u015f a\u00e7\u0131klad\u0131&#8230; Aile ve Gen\u00e7lik Fonu&#8217;na 51 bin \u00e7ift ba\u015fvurdu"},"content":{"rendered":"<p>Aile ve Sosyal Hizmetler Bakan\u0131 Mahinur \u00d6zdemir G\u00f6kta\u015f, T\u00fcrkiye genelinde Aile ve Gen\u00e7lik Fonu&#8217;na ba\u015fvuran gen\u00e7 \u00e7fitlerin say\u0131s\u0131n\u0131n 50 bin 944&#8217;e ula\u015ft\u0131\u011f\u0131n\u0131 a\u00e7\u0131klad\u0131.ANKARA (\u0130GFA) &#8211; T\u00fcrk K\u0131z\u0131lay Bayburt \u015eubesinin yeni hizmet binas\u0131n\u0131n a\u00e7\u0131l\u0131\u015f\u0131nda konu\u015fan Aile ve Sosyal Hizmetler Bakan\u0131 Mahinur \u00d6zdemir G\u00f6kta\u015f, aile y\u0131l\u0131nda refah dolu bir gelecek sunmak i\u00e7in \u00e7al\u0131\u015fmalara h\u0131z verdiklerini s\u00f6yledi.<br \/>\nAile de\u011ferlerimizi koruyacak, gen\u00e7 ve dinamik n\u00fcfus yap\u0131s\u0131n\u0131 g\u00fc\u00e7lendirmeye devam edeceklerini belirten Bakan G\u00f6kta\u015f, &#8220;Sosyal destek, e\u011fitim ve dan\u0131\u015fmanl\u0131k programlar\u0131m\u0131zla ailelere destek olaca\u011f\u0131z. Do\u011fum destekleriyle \u00e7ocuk sahibi olmak isteyen ailelerin yan\u0131nda olmay\u0131 s\u00fcrd\u00fcrece\u011fiz. Kad\u0131nlar\u0131n ekonomik ve sosyal hayata daha fazla kat\u0131l\u0131m sa\u011flamalar\u0131 i\u00e7in yeni projeleri hayata ge\u00e7irece\u011fiz. \u00c7ocuklar\u0131m\u0131z\u0131n g\u00fcvenli bir \u015fekilde b\u00fcy\u00fcmeleri i\u00e7in bak\u0131m hizmetlerini art\u0131raca\u011f\u0131z.&#8221; dedi.<br \/>\nBakanl\u0131\u011f\u0131n resmi internet sitesinde yer alan habere g\u00f6re Bakan G\u00f6kta\u015f, gen\u00e7lere g\u00fc\u00e7l\u00fc bir gelecek sunmak ad\u0131na, yuva kurma yolunda Aile ve Gen\u00e7lik Fonu&#8217;yla birlikte gen\u00e7lerin yan\u0131nda olmaya devam edeceklerini vurgulayarak, &#8220;Bug\u00fcn T\u00fcrkiye genelinde Aile ve Gen\u00e7lik Fonu&#8217;na ba\u015fvuran gen\u00e7 \u00e7iftlerimizin say\u0131s\u0131 50 bin 944 olmu\u015ftur. 2025 aile y\u0131l\u0131nda, \u00e7al\u0131\u015fmalar\u0131m\u0131z\u0131 b\u00fcy\u00fck bir kararl\u0131l\u0131kla s\u00fcrd\u00fcrece\u011fiz. T\u00fcm bu hizmetlerimiz ve daha fazlas\u0131yla vatanda\u015flar\u0131m\u0131za destek olmay\u0131, onlar\u0131n yan\u0131nda olmay\u0131 s\u00fcrd\u00fcrece\u011fiz.&#8221; diye konu\u015ftu.<\/p>\n<p>\u200bAile ve Sosyal Hizmetler Bakan\u0131 Mahinur \u00d6zdemir G\u00f6kta\u015f, T\u00fcrkiye genelinde Aile ve Gen\u00e7lik Fonu&#8217;na ba\u015fvuran gen\u00e7 \u00e7fitlerin say\u0131s\u0131n\u0131n 50 bin 944&#8217;e ula\u015ft\u0131\u011f\u0131n\u0131 a\u00e7\u0131klad\u0131.ANKARA (\u0130GFA) &#8211; T\u00fcrk K\u0131z\u0131lay Bayburt \u015eubesinin yeni hizmet binas\u0131n\u0131n a\u00e7\u0131l\u0131\u015f\u0131nda konu\u015fan Aile ve Sosyal Hizmetler Bakan\u0131 Mahinur \u00d6zdemir G\u00f6kta\u015f, aile y\u0131l\u0131nda refah dolu bir gelecek sunmak i\u00e7in \u00e7al\u0131\u015fmalara h\u0131z verdiklerini s\u00f6yledi.<br \/>\nAile de\u011ferlerimizi koruyacak, gen\u00e7 ve dinamik n\u00fcfus yap\u0131s\u0131n\u0131 g\u00fc\u00e7lendirmeye devam edeceklerini belirten Bakan G\u00f6kta\u015f, &#8220;Sosyal destek, e\u011fitim ve dan\u0131\u015fmanl\u0131k programlar\u0131m\u0131zla ailelere destek olaca\u011f\u0131z. Do\u011fum destekleriyle \u00e7ocuk sahibi olmak isteyen ailelerin yan\u0131nda olmay\u0131 s\u00fcrd\u00fcrece\u011fiz. Kad\u0131nlar\u0131n ekonomik ve sosyal hayata daha fazla kat\u0131l\u0131m sa\u011flamalar\u0131 i\u00e7in yeni projeleri hayata ge\u00e7irece\u011fiz. \u00c7ocuklar\u0131m\u0131z\u0131n g\u00fcvenli bir \u015fekilde b\u00fcy\u00fcmeleri i\u00e7in bak\u0131m hizmetlerini art\u0131raca\u011f\u0131z.&#8221; dedi.<br \/>\nBakanl\u0131\u011f\u0131n resmi internet sitesinde yer alan habere g\u00f6re Bakan G\u00f6kta\u015f, gen\u00e7lere g\u00fc\u00e7l\u00fc bir gelecek sunmak ad\u0131na, yuva kurma yolunda Aile ve Gen\u00e7lik Fonu&#8217;yla birlikte gen\u00e7lerin yan\u0131nda olmaya devam edeceklerini vurgulayarak, &#8220;Bug\u00fcn T\u00fcrkiye genelinde Aile ve Gen\u00e7lik Fonu&#8217;na ba\u015fvuran gen\u00e7 \u00e7iftlerimizin say\u0131s\u0131 50 bin 944 olmu\u015ftur. 2025 aile y\u0131l\u0131nda, \u00e7al\u0131\u015fmalar\u0131m\u0131z\u0131 b\u00fcy\u00fck bir kararl\u0131l\u0131kla s\u00fcrd\u00fcrece\u011fiz. T\u00fcm bu hizmetlerimiz ve daha fazlas\u0131yla vatanda\u015flar\u0131m\u0131za destek olmay\u0131, onlar\u0131n yan\u0131nda olmay\u0131 s\u00fcrd\u00fcrece\u011fiz.&#8221; diye konu\u015ftu.\u00a0<\/p>\n<p>\u200bHaberin Al\u0131nt\u0131land\u0131\u011f\u0131 Kaynak: www.iskenderun.org<\/p>","protected":false},"excerpt":{"rendered":"<p>Aile ve Sosyal Hizmetler Bakan\u0131 Mahinur \u00d6zdemir G\u00f6kta\u015f, T\u00fcrkiye genelinde Aile ve Gen\u00e7lik Fonu&#8217;na ba\u015fvuran gen\u00e7 \u00e7fitlerin say\u0131s\u0131n\u0131n 50 bin 944&#8217;e ula\u015ft\u0131\u011f\u0131n\u0131 a\u00e7\u0131klad\u0131.ANKARA (\u0130GFA) &#8211; T\u00fcrk K\u0131z\u0131lay Bayburt \u015eubesinin yeni hizmet binas\u0131n\u0131n a\u00e7\u0131l\u0131\u015f\u0131nda konu\u015fan Aile ve Sosyal Hizmetler Bakan\u0131 Mahinur \u00d6zdemir G\u00f6kta\u015f, aile y\u0131l\u0131nda refah dolu bir gelecek sunmak i\u00e7in \u00e7al\u0131\u015fmalara h\u0131z verdiklerini s\u00f6yledi. Aile de\u011ferlerimizi koruyacak, gen\u00e7 ve dinamik n\u00fcfus yap\u0131s\u0131n\u0131 g\u00fc\u00e7lendirmeye devam edeceklerini belirten Bakan G\u00f6kta\u015f, &#8220;Sosyal destek, e\u011fitim ve dan\u0131\u015fmanl\u0131k programlar\u0131m\u0131zla ailelere destek olaca\u011f\u0131z. Do\u011fum destekleriyle \u00e7ocuk sahibi olmak isteyen ailelerin yan\u0131nda olmay\u0131 s\u00fcrd\u00fcrece\u011fiz. Kad\u0131nlar\u0131n ekonomik ve sosyal hayata daha fazla kat\u0131l\u0131m sa\u011flamalar\u0131 i\u00e7in yeni projeleri hayata ge\u00e7irece\u011fiz. \u00c7ocuklar\u0131m\u0131z\u0131n g\u00fcvenli bir \u015fekilde b\u00fcy\u00fcmeleri i\u00e7in bak\u0131m hizmetlerini art\u0131raca\u011f\u0131z.&#8221; dedi. Bakanl\u0131\u011f\u0131n resmi internet sitesinde yer alan habere g\u00f6re Bakan G\u00f6kta\u015f, gen\u00e7lere g\u00fc\u00e7l\u00fc bir gelecek sunmak ad\u0131na, yuva kurma yolunda Aile ve Gen\u00e7lik Fonu&#8217;yla birlikte gen\u00e7lerin yan\u0131nda olmaya devam edeceklerini vurgulayarak, &#8220;Bug\u00fcn T\u00fcrkiye genelinde Aile ve Gen\u00e7lik Fonu&#8217;na ba\u015fvuran gen\u00e7 \u00e7iftlerimizin say\u0131s\u0131 50 bin 944 olmu\u015ftur. 2025 aile y\u0131l\u0131nda, \u00e7al\u0131\u015fmalar\u0131m\u0131z\u0131 b\u00fcy\u00fck bir kararl\u0131l\u0131kla s\u00fcrd\u00fcrece\u011fiz. T\u00fcm bu hizmetlerimiz ve daha fazlas\u0131yla vatanda\u015flar\u0131m\u0131za destek olmay\u0131, onlar\u0131n yan\u0131nda olmay\u0131 s\u00fcrd\u00fcrece\u011fiz.&#8221; diye konu\u015ftu. \u200bAile ve Sosyal Hizmetler Bakan\u0131 Mahinur \u00d6zdemir G\u00f6kta\u015f, T\u00fcrkiye genelinde Aile ve Gen\u00e7lik Fonu&#8217;na ba\u015fvuran gen\u00e7 \u00e7fitlerin say\u0131s\u0131n\u0131n 50 bin 944&#8217;e &hellip;<\/p>","protected":false},"author":1,"featured_media":0,"comment_status":"open","ping_status":"open","sticky":false,"template":"","format":"standard","meta":{"_acf_changed":false,"footnotes":""},"categories":[24],"tags":[],"class_list":["post-31811","post","type-post","status-publish","format-standard","has-post-thumbnail","hentry","category-gundem"],"acf":[],"yoast_head":"<!-- This site is optimized with the Yoast SEO Premium plugin v26.6 (Yoast SEO v27.1.1) - https:\/\/yoast.com\/product\/yoast-seo-premium-wordpress\/ -->\n<title>Bakan G\u00f6kta\u015f a\u00e7\u0131klad\u0131... Aile ve Gen\u00e7lik Fonu&#039;na 51 bin \u00e7ift ba\u015fvurdu - Av. Deniz Can K\u0131z\u0131l<\/title>\n<meta name=\"robots\" content=\"index, follow, max-snippet:-1, max-image-preview:large, max-video-preview:-1\" \/>\n<link rel=\"canonical\" href=\"https:\/\/denizcankizil.tr\/ru\/haberler\/gundem\/bakan-goktas-acikladi-aile-ve-genclik-fonuna-51-bin-cift-basvurdu\/\" \/>\n<meta property=\"og:locale\" content=\"ru_RU\" \/>\n<meta property=\"og:type\" content=\"article\" \/>\n<meta property=\"og:title\" content=\"Bakan G\u00f6kta\u015f a\u00e7\u0131klad\u0131... Aile ve Gen\u00e7lik Fonu&#039;na 51 bin \u00e7ift ba\u015fvurdu\" \/>\n<meta property=\"og:description\" content=\"Aile ve Sosyal Hizmetler Bakan\u0131 Mahinur \u00d6zdemir G\u00f6kta\u015f, T\u00fcrkiye genelinde Aile ve Gen\u00e7lik Fonu&#8217;na ba\u015fvuran gen\u00e7 \u00e7fitlerin say\u0131s\u0131n\u0131n 50 bin 944&#8217;e ula\u015ft\u0131\u011f\u0131n\u0131 a\u00e7\u0131klad\u0131.ANKARA (\u0130GFA) &#8211; T\u00fcrk K\u0131z\u0131lay Bayburt \u015eubesinin yeni hizmet binas\u0131n\u0131n a\u00e7\u0131l\u0131\u015f\u0131nda konu\u015fan Aile ve Sosyal Hizmetler Bakan\u0131 Mahinur \u00d6zdemir G\u00f6kta\u015f, aile y\u0131l\u0131nda refah dolu bir gelecek sunmak i\u00e7in \u00e7al\u0131\u015fmalara h\u0131z verdiklerini s\u00f6yledi. Aile de\u011ferlerimizi koruyacak, gen\u00e7 ve dinamik n\u00fcfus yap\u0131s\u0131n\u0131 g\u00fc\u00e7lendirmeye devam edeceklerini belirten Bakan G\u00f6kta\u015f, &#8220;Sosyal destek, e\u011fitim ve dan\u0131\u015fmanl\u0131k programlar\u0131m\u0131zla ailelere destek olaca\u011f\u0131z. Do\u011fum destekleriyle \u00e7ocuk sahibi olmak isteyen ailelerin yan\u0131nda olmay\u0131 s\u00fcrd\u00fcrece\u011fiz. Kad\u0131nlar\u0131n ekonomik ve sosyal hayata daha fazla kat\u0131l\u0131m sa\u011flamalar\u0131 i\u00e7in yeni projeleri hayata ge\u00e7irece\u011fiz. \u00c7ocuklar\u0131m\u0131z\u0131n g\u00fcvenli bir \u015fekilde b\u00fcy\u00fcmeleri i\u00e7in bak\u0131m hizmetlerini art\u0131raca\u011f\u0131z.&#8221; dedi. Bakanl\u0131\u011f\u0131n resmi internet sitesinde yer alan habere g\u00f6re Bakan G\u00f6kta\u015f, gen\u00e7lere g\u00fc\u00e7l\u00fc bir gelecek sunmak ad\u0131na, yuva kurma yolunda Aile ve Gen\u00e7lik Fonu&#8217;yla birlikte gen\u00e7lerin yan\u0131nda olmaya devam edeceklerini vurgulayarak, &#8220;Bug\u00fcn T\u00fcrkiye genelinde Aile ve Gen\u00e7lik Fonu&#8217;na ba\u015fvuran gen\u00e7 \u00e7iftlerimizin say\u0131s\u0131 50 bin 944 olmu\u015ftur. 2025 aile y\u0131l\u0131nda, \u00e7al\u0131\u015fmalar\u0131m\u0131z\u0131 b\u00fcy\u00fck bir kararl\u0131l\u0131kla s\u00fcrd\u00fcrece\u011fiz. T\u00fcm bu hizmetlerimiz ve daha fazlas\u0131yla vatanda\u015flar\u0131m\u0131za destek olmay\u0131, onlar\u0131n yan\u0131nda olmay\u0131 s\u00fcrd\u00fcrece\u011fiz.&#8221; diye konu\u015ftu. \u200bAile ve Sosyal Hizmetler Bakan\u0131 Mahinur \u00d6zdemir G\u00f6kta\u015f, T\u00fcrkiye genelinde Aile ve Gen\u00e7lik Fonu&#8217;na ba\u015fvuran gen\u00e7 \u00e7fitlerin say\u0131s\u0131n\u0131n 50 bin 944&#8217;e &hellip;\" \/>\n<meta property=\"og:url\" content=\"https:\/\/denizcankizil.tr\/ru\/haberler\/gundem\/bakan-goktas-acikladi-aile-ve-genclik-fonuna-51-bin-cift-basvurdu\/\" \/>\n<meta property=\"og:site_name\" content=\"Av. Deniz Can K\u0131z\u0131l\" \/>\n<meta property=\"article:published_time\" content=\"2025-02-10T18:38:03+00:00\" \/>\n<meta name=\"author\" content=\"admin\" \/>\n<meta name=\"twitter:card\" content=\"summary_large_image\" \/>\n<meta name=\"twitter:label1\" content=\"\u041d\u0430\u043f\u0438\u0441\u0430\u043d\u043e \u0430\u0432\u0442\u043e\u0440\u043e\u043c\" \/>\n\t<meta name=\"twitter:data1\" content=\"admin\" \/>\n\t<meta name=\"twitter:label2\" content=\"\u041f\u0440\u0438\u043c\u0435\u0440\u043d\u043e\u0435 \u0432\u0440\u0435\u043c\u044f \u0434\u043b\u044f \u0447\u0442\u0435\u043d\u0438\u044f\" \/>\n\t<meta name=\"twitter:data2\" content=\"3 \u043c\u0438\u043d\u0443\u0442\u044b\" \/>\n<script type=\"application\/ld+json\" class=\"yoast-schema-graph\">{\"@context\":\"https:\/\/schema.org\",\"@graph\":[{\"@type\":\"Article\",\"@id\":\"https:\/\/denizcankizil.tr\/ru\/haberler\/gundem\/bakan-goktas-acikladi-aile-ve-genclik-fonuna-51-bin-cift-basvurdu\/#article\",\"isPartOf\":{\"@id\":\"https:\/\/denizcankizil.tr\/ru\/haberler\/gundem\/bakan-goktas-acikladi-aile-ve-genclik-fonuna-51-bin-cift-basvurdu\/\"},\"author\":{\"name\":\"admin\",\"@id\":\"https:\/\/denizcankizil.tr\/de\/#\/schema\/person\/be3c05fe6a12686905512445d8185489\"},\"headline\":\"Bakan G\u00f6kta\u015f a\u00e7\u0131klad\u0131&#8230; Aile ve Gen\u00e7lik Fonu&#8217;na 51 bin \u00e7ift ba\u015fvurdu\",\"datePublished\":\"2025-02-10T18:38:03+00:00\",\"mainEntityOfPage\":{\"@id\":\"https:\/\/denizcankizil.tr\/ru\/haberler\/gundem\/bakan-goktas-acikladi-aile-ve-genclik-fonuna-51-bin-cift-basvurdu\/\"},\"wordCount\":577,\"commentCount\":0,\"publisher\":{\"@id\":\"https:\/\/denizcankizil.tr\/de\/#organization\"},\"articleSection\":[\"G\u00fcndem\"],\"inLanguage\":\"ru-RU\",\"potentialAction\":[{\"@type\":\"CommentAction\",\"name\":\"Comment\",\"target\":[\"https:\/\/denizcankizil.tr\/ru\/haberler\/gundem\/bakan-goktas-acikladi-aile-ve-genclik-fonuna-51-bin-cift-basvurdu\/#respond\"]}]},{\"@type\":\"WebPage\",\"@id\":\"https:\/\/denizcankizil.tr\/ru\/haberler\/gundem\/bakan-goktas-acikladi-aile-ve-genclik-fonuna-51-bin-cift-basvurdu\/\",\"url\":\"https:\/\/denizcankizil.tr\/ru\/haberler\/gundem\/bakan-goktas-acikladi-aile-ve-genclik-fonuna-51-bin-cift-basvurdu\/\",\"name\":\"Bakan G\u00f6kta\u015f a\u00e7\u0131klad\u0131... Aile ve Gen\u00e7lik Fonu'na 51 bin \u00e7ift ba\u015fvurdu - Av. Deniz Can K\u0131z\u0131l\",\"isPartOf\":{\"@id\":\"https:\/\/denizcankizil.tr\/de\/#website\"},\"datePublished\":\"2025-02-10T18:38:03+00:00\",\"breadcrumb\":{\"@id\":\"https:\/\/denizcankizil.tr\/ru\/haberler\/gundem\/bakan-goktas-acikladi-aile-ve-genclik-fonuna-51-bin-cift-basvurdu\/#breadcrumb\"},\"inLanguage\":\"ru-RU\",\"potentialAction\":[{\"@type\":\"ReadAction\",\"target\":[\"https:\/\/denizcankizil.tr\/ru\/haberler\/gundem\/bakan-goktas-acikladi-aile-ve-genclik-fonuna-51-bin-cift-basvurdu\/\"]}]},{\"@type\":\"BreadcrumbList\",\"@id\":\"https:\/\/denizcankizil.tr\/ru\/haberler\/gundem\/bakan-goktas-acikladi-aile-ve-genclik-fonuna-51-bin-cift-basvurdu\/#breadcrumb\",\"itemListElement\":[{\"@type\":\"ListItem\",\"position\":1,\"name\":\"Home\",\"item\":\"https:\/\/denizcankizil.tr\/de\/\"},{\"@type\":\"ListItem\",\"position\":2,\"name\":\"Bakan G\u00f6kta\u015f a\u00e7\u0131klad\u0131&#8230; Aile ve Gen\u00e7lik Fonu&#8217;na 51 bin \u00e7ift ba\u015fvurdu\"}]},{\"@type\":\"WebSite\",\"@id\":\"https:\/\/denizcankizil.tr\/de\/#website\",\"url\":\"https:\/\/denizcankizil.tr\/de\/\",\"name\":\"Av. Deniz Can K\u0131z\u0131l\",\"description\":\"Avukat Deniz Can K\u0131z\u0131l Antalya Barosu\",\"publisher\":{\"@id\":\"https:\/\/denizcankizil.tr\/de\/#organization\"},\"potentialAction\":[{\"@type\":\"SearchAction\",\"target\":{\"@type\":\"EntryPoint\",\"urlTemplate\":\"https:\/\/denizcankizil.tr\/de\/?s={search_term_string}\"},\"query-input\":{\"@type\":\"PropertyValueSpecification\",\"valueRequired\":true,\"valueName\":\"search_term_string\"}}],\"inLanguage\":\"ru-RU\"},{\"@type\":\"Organization\",\"@id\":\"https:\/\/denizcankizil.tr\/de\/#organization\",\"name\":\"Av. Deniz Can K\u0131z\u0131l\",\"url\":\"https:\/\/denizcankizil.tr\/de\/\",\"logo\":{\"@type\":\"ImageObject\",\"inLanguage\":\"ru-RU\",\"@id\":\"https:\/\/denizcankizil.tr\/de\/#\/schema\/logo\/image\/\",\"url\":\"https:\/\/denizcankizil.tr\/wp-content\/uploads\/2024\/10\/siyah-logo-svg.svg\",\"contentUrl\":\"https:\/\/denizcankizil.tr\/wp-content\/uploads\/2024\/10\/siyah-logo-svg.svg\",\"width\":1080,\"height\":1080,\"caption\":\"Av. Deniz Can K\u0131z\u0131l\"},\"image\":{\"@id\":\"https:\/\/denizcankizil.tr\/de\/#\/schema\/logo\/image\/\"}},{\"@type\":\"Person\",\"@id\":\"https:\/\/denizcankizil.tr\/de\/#\/schema\/person\/be3c05fe6a12686905512445d8185489\",\"name\":\"admin\",\"image\":{\"@type\":\"ImageObject\",\"inLanguage\":\"ru-RU\",\"@id\":\"https:\/\/denizcankizil.tr\/de\/#\/schema\/person\/image\/\",\"url\":\"https:\/\/secure.gravatar.com\/avatar\/c1fce94c830dc79107e174f890d7210541c4a63e8e5d816341794a2151c9d58c?s=96&d=mm&r=g\",\"contentUrl\":\"https:\/\/secure.gravatar.com\/avatar\/c1fce94c830dc79107e174f890d7210541c4a63e8e5d816341794a2151c9d58c?s=96&d=mm&r=g\",\"caption\":\"admin\"},\"sameAs\":[\"http:\/\/denizcankizil.tr\"],\"url\":\"https:\/\/www.iskenderun.org\/bakan-goktas-acikladi-aile-ve-genclik-fonuna-51-bin-cift-basvurdu\"}]}<\/script>\n<!-- \/ Yoast SEO Premium plugin. -->","yoast_head_json":{"title":"Bakan G\u00f6kta\u015f a\u00e7\u0131klad\u0131... Aile ve Gen\u00e7lik Fonu'na 51 bin \u00e7ift ba\u015fvurdu - Av. Deniz Can K\u0131z\u0131l","robots":{"index":"index","follow":"follow","max-snippet":"max-snippet:-1","max-image-preview":"max-image-preview:large","max-video-preview":"max-video-preview:-1"},"canonical":"https:\/\/denizcankizil.tr\/ru\/haberler\/gundem\/bakan-goktas-acikladi-aile-ve-genclik-fonuna-51-bin-cift-basvurdu\/","og_locale":"ru_RU","og_type":"article","og_title":"Bakan G\u00f6kta\u015f a\u00e7\u0131klad\u0131... Aile ve Gen\u00e7lik Fonu'na 51 bin \u00e7ift ba\u015fvurdu","og_description":"Aile ve Sosyal Hizmetler Bakan\u0131 Mahinur \u00d6zdemir G\u00f6kta\u015f, T\u00fcrkiye genelinde Aile ve Gen\u00e7lik Fonu&#8217;na ba\u015fvuran gen\u00e7 \u00e7fitlerin say\u0131s\u0131n\u0131n 50 bin 944&#8217;e ula\u015ft\u0131\u011f\u0131n\u0131 a\u00e7\u0131klad\u0131.ANKARA (\u0130GFA) &#8211; T\u00fcrk K\u0131z\u0131lay Bayburt \u015eubesinin yeni hizmet binas\u0131n\u0131n a\u00e7\u0131l\u0131\u015f\u0131nda konu\u015fan Aile ve Sosyal Hizmetler Bakan\u0131 Mahinur \u00d6zdemir G\u00f6kta\u015f, aile y\u0131l\u0131nda refah dolu bir gelecek sunmak i\u00e7in \u00e7al\u0131\u015fmalara h\u0131z verdiklerini s\u00f6yledi. Aile de\u011ferlerimizi koruyacak, gen\u00e7 ve dinamik n\u00fcfus yap\u0131s\u0131n\u0131 g\u00fc\u00e7lendirmeye devam edeceklerini belirten Bakan G\u00f6kta\u015f, &#8220;Sosyal destek, e\u011fitim ve dan\u0131\u015fmanl\u0131k programlar\u0131m\u0131zla ailelere destek olaca\u011f\u0131z. Do\u011fum destekleriyle \u00e7ocuk sahibi olmak isteyen ailelerin yan\u0131nda olmay\u0131 s\u00fcrd\u00fcrece\u011fiz. Kad\u0131nlar\u0131n ekonomik ve sosyal hayata daha fazla kat\u0131l\u0131m sa\u011flamalar\u0131 i\u00e7in yeni projeleri hayata ge\u00e7irece\u011fiz. \u00c7ocuklar\u0131m\u0131z\u0131n g\u00fcvenli bir \u015fekilde b\u00fcy\u00fcmeleri i\u00e7in bak\u0131m hizmetlerini art\u0131raca\u011f\u0131z.&#8221; dedi. Bakanl\u0131\u011f\u0131n resmi internet sitesinde yer alan habere g\u00f6re Bakan G\u00f6kta\u015f, gen\u00e7lere g\u00fc\u00e7l\u00fc bir gelecek sunmak ad\u0131na, yuva kurma yolunda Aile ve Gen\u00e7lik Fonu&#8217;yla birlikte gen\u00e7lerin yan\u0131nda olmaya devam edeceklerini vurgulayarak, &#8220;Bug\u00fcn T\u00fcrkiye genelinde Aile ve Gen\u00e7lik Fonu&#8217;na ba\u015fvuran gen\u00e7 \u00e7iftlerimizin say\u0131s\u0131 50 bin 944 olmu\u015ftur. 2025 aile y\u0131l\u0131nda, \u00e7al\u0131\u015fmalar\u0131m\u0131z\u0131 b\u00fcy\u00fck bir kararl\u0131l\u0131kla s\u00fcrd\u00fcrece\u011fiz. T\u00fcm bu hizmetlerimiz ve daha fazlas\u0131yla vatanda\u015flar\u0131m\u0131za destek olmay\u0131, onlar\u0131n yan\u0131nda olmay\u0131 s\u00fcrd\u00fcrece\u011fiz.&#8221; diye konu\u015ftu. \u200bAile ve Sosyal Hizmetler Bakan\u0131 Mahinur \u00d6zdemir G\u00f6kta\u015f, T\u00fcrkiye genelinde Aile ve Gen\u00e7lik Fonu&#8217;na ba\u015fvuran gen\u00e7 \u00e7fitlerin say\u0131s\u0131n\u0131n 50 bin 944&#8217;e &hellip;","og_url":"https:\/\/denizcankizil.tr\/ru\/haberler\/gundem\/bakan-goktas-acikladi-aile-ve-genclik-fonuna-51-bin-cift-basvurdu\/","og_site_name":"Av. Deniz Can K\u0131z\u0131l","article_published_time":"2025-02-10T18:38:03+00:00","author":"admin","twitter_card":"summary_large_image","twitter_misc":{"\u041d\u0430\u043f\u0438\u0441\u0430\u043d\u043e \u0430\u0432\u0442\u043e\u0440\u043e\u043c":"admin","\u041f\u0440\u0438\u043c\u0435\u0440\u043d\u043e\u0435 \u0432\u0440\u0435\u043c\u044f \u0434\u043b\u044f \u0447\u0442\u0435\u043d\u0438\u044f":"3 \u043c\u0438\u043d\u0443\u0442\u044b"},"schema":{"@context":"https:\/\/schema.org","@graph":[{"@type":"Article","@id":"https:\/\/denizcankizil.tr\/ru\/haberler\/gundem\/bakan-goktas-acikladi-aile-ve-genclik-fonuna-51-bin-cift-basvurdu\/#article","isPartOf":{"@id":"https:\/\/denizcankizil.tr\/ru\/haberler\/gundem\/bakan-goktas-acikladi-aile-ve-genclik-fonuna-51-bin-cift-basvurdu\/"},"author":{"name":"admin","@id":"https:\/\/denizcankizil.tr\/de\/#\/schema\/person\/be3c05fe6a12686905512445d8185489"},"headline":"Bakan G\u00f6kta\u015f a\u00e7\u0131klad\u0131&#8230; Aile ve Gen\u00e7lik Fonu&#8217;na 51 bin \u00e7ift ba\u015fvurdu","datePublished":"2025-02-10T18:38:03+00:00","mainEntityOfPage":{"@id":"https:\/\/denizcankizil.tr\/ru\/haberler\/gundem\/bakan-goktas-acikladi-aile-ve-genclik-fonuna-51-bin-cift-basvurdu\/"},"wordCount":577,"commentCount":0,"publisher":{"@id":"https:\/\/denizcankizil.tr\/de\/#organization"},"articleSection":["G\u00fcndem"],"inLanguage":"ru-RU","potentialAction":[{"@type":"CommentAction","name":"Comment","target":["https:\/\/denizcankizil.tr\/ru\/haberler\/gundem\/bakan-goktas-acikladi-aile-ve-genclik-fonuna-51-bin-cift-basvurdu\/#respond"]}]},{"@type":"WebPage","@id":"https:\/\/denizcankizil.tr\/ru\/haberler\/gundem\/bakan-goktas-acikladi-aile-ve-genclik-fonuna-51-bin-cift-basvurdu\/","url":"https:\/\/denizcankizil.tr\/ru\/haberler\/gundem\/bakan-goktas-acikladi-aile-ve-genclik-fonuna-51-bin-cift-basvurdu\/","name":"Bakan G\u00f6kta\u015f a\u00e7\u0131klad\u0131... Aile ve Gen\u00e7lik Fonu'na 51 bin \u00e7ift ba\u015fvurdu - Av. Deniz Can K\u0131z\u0131l","isPartOf":{"@id":"https:\/\/denizcankizil.tr\/de\/#website"},"datePublished":"2025-02-10T18:38:03+00:00","breadcrumb":{"@id":"https:\/\/denizcankizil.tr\/ru\/haberler\/gundem\/bakan-goktas-acikladi-aile-ve-genclik-fonuna-51-bin-cift-basvurdu\/#breadcrumb"},"inLanguage":"ru-RU","potentialAction":[{"@type":"ReadAction","target":["https:\/\/denizcankizil.tr\/ru\/haberler\/gundem\/bakan-goktas-acikladi-aile-ve-genclik-fonuna-51-bin-cift-basvurdu\/"]}]},{"@type":"BreadcrumbList","@id":"https:\/\/denizcankizil.tr\/ru\/haberler\/gundem\/bakan-goktas-acikladi-aile-ve-genclik-fonuna-51-bin-cift-basvurdu\/#breadcrumb","itemListElement":[{"@type":"ListItem","position":1,"name":"Home","item":"https:\/\/denizcankizil.tr\/de\/"},{"@type":"ListItem","position":2,"name":"Bakan G\u00f6kta\u015f a\u00e7\u0131klad\u0131&#8230; Aile ve Gen\u00e7lik Fonu&#8217;na 51 bin \u00e7ift ba\u015fvurdu"}]},{"@type":"WebSite","@id":"https:\/\/denizcankizil.tr\/de\/#website","url":"https:\/\/denizcankizil.tr\/de\/","name":"Av. Deniz Can K\u0131z\u0131l","description":"Avukat Deniz Can K\u0131z\u0131l Antalya Barosu","publisher":{"@id":"https:\/\/denizcankizil.tr\/de\/#organization"},"potentialAction":[{"@type":"SearchAction","target":{"@type":"EntryPoint","urlTemplate":"https:\/\/denizcankizil.tr\/de\/?s={search_term_string}"},"query-input":{"@type":"PropertyValueSpecification","valueRequired":true,"valueName":"search_term_string"}}],"inLanguage":"ru-RU"},{"@type":"Organization","@id":"https:\/\/denizcankizil.tr\/de\/#organization","name":"Av. Deniz Can K\u0131z\u0131l","url":"https:\/\/denizcankizil.tr\/de\/","logo":{"@type":"ImageObject","inLanguage":"ru-RU","@id":"https:\/\/denizcankizil.tr\/de\/#\/schema\/logo\/image\/","url":"https:\/\/denizcankizil.tr\/wp-content\/uploads\/2024\/10\/siyah-logo-svg.svg","contentUrl":"https:\/\/denizcankizil.tr\/wp-content\/uploads\/2024\/10\/siyah-logo-svg.svg","width":1080,"height":1080,"caption":"Av. Deniz Can K\u0131z\u0131l"},"image":{"@id":"https:\/\/denizcankizil.tr\/de\/#\/schema\/logo\/image\/"}},{"@type":"Person","@id":"https:\/\/denizcankizil.tr\/de\/#\/schema\/person\/be3c05fe6a12686905512445d8185489","name":"\u0430\u0434\u043c\u0438\u043d","image":{"@type":"ImageObject","inLanguage":"ru-RU","@id":"https:\/\/denizcankizil.tr\/de\/#\/schema\/person\/image\/","url":"https:\/\/secure.gravatar.com\/avatar\/c1fce94c830dc79107e174f890d7210541c4a63e8e5d816341794a2151c9d58c?s=96&d=mm&r=g","contentUrl":"https:\/\/secure.gravatar.com\/avatar\/c1fce94c830dc79107e174f890d7210541c4a63e8e5d816341794a2151c9d58c?s=96&d=mm&r=g","caption":"admin"},"sameAs":["http:\/\/denizcankizil.tr"],"url":"https:\/\/www.iskenderun.org\/bakan-goktas-acikladi-aile-ve-genclik-fonuna-51-bin-cift-basvurdu"}]}},"_links":{"self":[{"href":"https:\/\/denizcankizil.tr\/ru\/wp-json\/wp\/v2\/posts\/31811","targetHints":{"allow":["GET"]}}],"collection":[{"href":"https:\/\/denizcankizil.tr\/ru\/wp-json\/wp\/v2\/posts"}],"about":[{"href":"https:\/\/denizcankizil.tr\/ru\/wp-json\/wp\/v2\/types\/post"}],"author":[{"embeddable":true,"href":"https:\/\/denizcankizil.tr\/ru\/wp-json\/wp\/v2\/users\/1"}],"replies":[{"embeddable":true,"href":"https:\/\/denizcankizil.tr\/ru\/wp-json\/wp\/v2\/comments?post=31811"}],"version-history":[{"count":0,"href":"https:\/\/denizcankizil.tr\/ru\/wp-json\/wp\/v2\/posts\/31811\/revisions"}],"wp:attachment":[{"href":"https:\/\/denizcankizil.tr\/ru\/wp-json\/wp\/v2\/media?parent=31811"}],"wp:term":[{"taxonomy":"category","embeddable":true,"href":"https:\/\/denizcankizil.tr\/ru\/wp-json\/wp\/v2\/categories?post=31811"},{"taxonomy":"post_tag","embeddable":true,"href":"https:\/\/denizcankizil.tr\/ru\/wp-json\/wp\/v2\/tags?post=31811"}],"curies":[{"name":"wp","href":"https:\/\/api.w.org\/{rel}","templated":true}]}}