{"id":31806,"date":"2025-02-10T21:38:00","date_gmt":"2025-02-10T18:38:00","guid":{"rendered":"https:\/\/denizcankizil.tr\/uncategorized-tr\/tbmm-2024te-368-bin-ziyaretciyi-agirladi\/"},"modified":"2025-02-10T21:38:00","modified_gmt":"2025-02-10T18:38:00","slug":"tbmm-2024te-368-bin-ziyaretciyi-agirladi","status":"publish","type":"post","link":"https:\/\/denizcankizil.tr\/ru\/haberler\/gundem\/tbmm-2024te-368-bin-ziyaretciyi-agirladi\/","title":{"rendered":"TBMM, 2024&#8217;te 368 bin ziyaret\u00e7iyi a\u011f\u0131rlad\u0131"},"content":{"rendered":"<p>TBMM Genel Sekreterli\u011fi&#8217;nden al\u0131nan bilgiye g\u00f6re, 28. Yasama D\u00f6nemi&#8217;nin 2. Yasama Y\u0131l\u0131 ile 3. Yasama Y\u0131l\u0131&#8217;n\u0131 kapsayan 1 Ocak-31 Aral\u0131k 2024 tarihlerinde Gazi Meclis&#8217;te yo\u011fun ziyaret\u00e7i trafi\u011fi ya\u015fand\u0131.ANKARA (\u0130GFA) -T\u00fcrkiye B\u00fcy\u00fck Millet Meclisi (TBMM), 2024 y\u0131l\u0131nda 368 bin 144 ziyaret\u00e7iyi a\u011f\u0131rlad\u0131.<br \/>\nTBMM&#8217;nin resmi internet sitesinde yer alan habere g\u00f6re ge\u00e7en y\u0131l TBMM&#8217;yi toplam 368 bin 144 ki\u015fi ziyaret ederken, en \u00e7ok ziyaret 48 bin 727 ki\u015fi ile May\u0131s ay\u0131nda ger\u00e7ekle\u015fti.<br \/>\nBu ay\u0131, 42 bin 699 ki\u015fi ile kas\u0131m, 41 bin 862 ki\u015fi ile ekim takip etti. Mart, a\u011fustos ve eyl\u00fcl ise Meclis&#8217;e en az ziyaret\u00e7inin geldi\u011fi aylar oldu.<br \/>\nZiyaret\u00e7ilerin b\u00fcy\u00fck \u00e7o\u011funlu\u011funu, Meclis&#8217;te grubu bulunan siyasi partilerin haftal\u0131k grup toplant\u0131lar\u0131na kat\u0131lanlar olu\u015fturdu.<br \/>\nAyn\u0131 d\u00f6nemde, Meclis&#8217;te grubu bulunan siyasi partiler taraf\u0131ndan ger\u00e7ekle\u015ftirilen bin 7 grup toplant\u0131s\u0131na kat\u0131lan 96 bin 376 ki\u015fi, Cumhurba\u015fkan\u0131 ve AK Parti Genel Ba\u015fkan\u0131 Recep Tayyip Erdo\u011fan, CHP Genel Ba\u015fkan\u0131 \u00d6zg\u00fcr \u00d6zel, MHP Genel Ba\u015fkan\u0131 Devlet Bah\u00e7eli, DEM Parti E\u015f Genel ba\u015fkanlar\u0131 Tulay Hat\u0131mo\u011fullar\u0131 Oru\u00e7 ve Tuncer Bak\u0131rhan, \u0130Y\u0130 Parti Genel Ba\u015fkan\u0131 M\u00fcsavat Dervi\u015fo\u011flu ve eski Genel Ba\u015fkan Meral Ak\u015fener, Saadet Partisi Genel Ba\u015fkan\u0131 Mahmut Ar\u0131kan ve eski Genel Ba\u015fkan Temel Karamollao\u011flu, Gelecek Partisi Genel Ba\u015fkan\u0131 Ahmet Davuto\u011flu ve DEVA Partisi Genel Ba\u015fkan\u0131 Ali Babacan&#8217;\u0131 toplant\u0131 salonlar\u0131nda canl\u0131 izledi.<br \/>\nMeclis&#8217;te her ay\u0131n ilk Cumartesi g\u00fcn\u00fc ger\u00e7ekle\u015ftirilen Halk G\u00fcn\u00fc ziyaretlerine ise 2 bin 203 ki\u015fi kat\u0131ld\u0131.<br \/>\nBu kapsamda her ay\u0131n ilk Cumartesi g\u00fcn\u00fc 11.00-15.00 saatleri aras\u0131nda randevuya gereksinim duymadan, TBMM Dikmen Kap\u0131s\u0131&#8217;ndan giri\u015f yapan ki\u015filer, ziyaret\u00e7i kart\u0131 alarak rehber e\u015fli\u011finde Meclis gezisine kat\u0131ld\u0131. Programda rehberler taraf\u0131ndan ziyaret\u00e7ilere, Genel Kurul Salonu dinleyici locas\u0131nda TBMM&#8217;nin tarih\u00e7esi, Genel Kurul Salonu oturma d\u00fczeni ve Meclis \u00e7al\u0131\u015fmalar\u0131 ile ilgili bilgi verilirken \u015eeref Hol\u00fc, T\u00f6ren Alan\u0131 ve 15 Temmuz 2016&#8217;daki darbe giri\u015fiminde hasar g\u00f6ren alanlar g\u00f6steriliyor.<\/p>\n<p>\u200bTBMM Genel Sekreterli\u011fi&#8217;nden al\u0131nan bilgiye g\u00f6re, 28. Yasama D\u00f6nemi&#8217;nin 2. Yasama Y\u0131l\u0131 ile 3. Yasama Y\u0131l\u0131&#8217;n\u0131 kapsayan 1 Ocak-31 Aral\u0131k 2024 tarihlerinde Gazi Meclis&#8217;te yo\u011fun ziyaret\u00e7i trafi\u011fi ya\u015fand\u0131.ANKARA (\u0130GFA) -T\u00fcrkiye B\u00fcy\u00fck Millet Meclisi (TBMM), 2024 y\u0131l\u0131nda 368 bin 144 ziyaret\u00e7iyi a\u011f\u0131rlad\u0131.<br \/>\nTBMM&#8217;nin resmi internet sitesinde yer alan habere g\u00f6re ge\u00e7en y\u0131l TBMM&#8217;yi toplam 368 bin 144 ki\u015fi ziyaret ederken, en \u00e7ok ziyaret 48 bin 727 ki\u015fi ile May\u0131s ay\u0131nda ger\u00e7ekle\u015fti.<br \/>\nBu ay\u0131, 42 bin 699 ki\u015fi ile kas\u0131m, 41 bin 862 ki\u015fi ile ekim takip etti. Mart, a\u011fustos ve eyl\u00fcl ise Meclis&#8217;e en az ziyaret\u00e7inin geldi\u011fi aylar oldu.<br \/>\nZiyaret\u00e7ilerin b\u00fcy\u00fck \u00e7o\u011funlu\u011funu, Meclis&#8217;te grubu bulunan siyasi partilerin haftal\u0131k grup toplant\u0131lar\u0131na kat\u0131lanlar olu\u015fturdu.<br \/>\nAyn\u0131 d\u00f6nemde, Meclis&#8217;te grubu bulunan siyasi partiler taraf\u0131ndan ger\u00e7ekle\u015ftirilen bin 7 grup toplant\u0131s\u0131na kat\u0131lan 96 bin 376 ki\u015fi, Cumhurba\u015fkan\u0131 ve AK Parti Genel Ba\u015fkan\u0131 Recep Tayyip Erdo\u011fan, CHP Genel Ba\u015fkan\u0131 \u00d6zg\u00fcr \u00d6zel, MHP Genel Ba\u015fkan\u0131 Devlet Bah\u00e7eli, DEM Parti E\u015f Genel ba\u015fkanlar\u0131 Tulay Hat\u0131mo\u011fullar\u0131 Oru\u00e7 ve Tuncer Bak\u0131rhan, \u0130Y\u0130 Parti Genel Ba\u015fkan\u0131 M\u00fcsavat Dervi\u015fo\u011flu ve eski Genel Ba\u015fkan Meral Ak\u015fener, Saadet Partisi Genel Ba\u015fkan\u0131 Mahmut Ar\u0131kan ve eski Genel Ba\u015fkan Temel Karamollao\u011flu, Gelecek Partisi Genel Ba\u015fkan\u0131 Ahmet Davuto\u011flu ve DEVA Partisi Genel Ba\u015fkan\u0131 Ali Babacan&#8217;\u0131 toplant\u0131 salonlar\u0131nda canl\u0131 izledi.<br \/>\nMeclis&#8217;te her ay\u0131n ilk Cumartesi g\u00fcn\u00fc ger\u00e7ekle\u015ftirilen Halk G\u00fcn\u00fc ziyaretlerine ise 2 bin 203 ki\u015fi kat\u0131ld\u0131.<br \/>\nBu kapsamda her ay\u0131n ilk Cumartesi g\u00fcn\u00fc 11.00-15.00 saatleri aras\u0131nda randevuya gereksinim duymadan, TBMM Dikmen Kap\u0131s\u0131&#8217;ndan giri\u015f yapan ki\u015filer, ziyaret\u00e7i kart\u0131 alarak rehber e\u015fli\u011finde Meclis gezisine kat\u0131ld\u0131. Programda rehberler taraf\u0131ndan ziyaret\u00e7ilere, Genel Kurul Salonu dinleyici locas\u0131nda TBMM&#8217;nin tarih\u00e7esi, Genel Kurul Salonu oturma d\u00fczeni ve Meclis \u00e7al\u0131\u015fmalar\u0131 ile ilgili bilgi verilirken \u015eeref Hol\u00fc, T\u00f6ren Alan\u0131 ve 15 Temmuz 2016&#8217;daki darbe giri\u015fiminde hasar g\u00f6ren alanlar g\u00f6steriliyor.\u00a0<\/p>\n<p>\u200bHaberin Al\u0131nt\u0131land\u0131\u011f\u0131 Kaynak: www.iskenderun.org<\/p>","protected":false},"excerpt":{"rendered":"<p>TBMM Genel Sekreterli\u011fi&#8217;nden al\u0131nan bilgiye g\u00f6re, 28. Yasama D\u00f6nemi&#8217;nin 2. Yasama Y\u0131l\u0131 ile 3. Yasama Y\u0131l\u0131&#8217;n\u0131 kapsayan 1 Ocak-31 Aral\u0131k 2024 tarihlerinde Gazi Meclis&#8217;te yo\u011fun ziyaret\u00e7i trafi\u011fi ya\u015fand\u0131.ANKARA (\u0130GFA) -T\u00fcrkiye B\u00fcy\u00fck Millet Meclisi (TBMM), 2024 y\u0131l\u0131nda 368 bin 144 ziyaret\u00e7iyi a\u011f\u0131rlad\u0131. TBMM&#8217;nin resmi internet sitesinde yer alan habere g\u00f6re ge\u00e7en y\u0131l TBMM&#8217;yi toplam 368 bin 144 ki\u015fi ziyaret ederken, en \u00e7ok ziyaret 48 bin 727 ki\u015fi ile May\u0131s ay\u0131nda ger\u00e7ekle\u015fti. Bu ay\u0131, 42 bin 699 ki\u015fi ile kas\u0131m, 41 bin 862 ki\u015fi ile ekim takip etti. Mart, a\u011fustos ve eyl\u00fcl ise Meclis&#8217;e en az ziyaret\u00e7inin geldi\u011fi aylar oldu. Ziyaret\u00e7ilerin b\u00fcy\u00fck \u00e7o\u011funlu\u011funu, Meclis&#8217;te grubu bulunan siyasi partilerin haftal\u0131k grup toplant\u0131lar\u0131na kat\u0131lanlar olu\u015fturdu. Ayn\u0131 d\u00f6nemde, Meclis&#8217;te grubu bulunan siyasi partiler taraf\u0131ndan ger\u00e7ekle\u015ftirilen bin 7 grup toplant\u0131s\u0131na kat\u0131lan 96 bin 376 ki\u015fi, Cumhurba\u015fkan\u0131 ve AK Parti Genel Ba\u015fkan\u0131 Recep Tayyip Erdo\u011fan, CHP Genel Ba\u015fkan\u0131 \u00d6zg\u00fcr \u00d6zel, MHP Genel Ba\u015fkan\u0131 Devlet Bah\u00e7eli, DEM Parti E\u015f Genel ba\u015fkanlar\u0131 Tulay Hat\u0131mo\u011fullar\u0131 Oru\u00e7 ve Tuncer Bak\u0131rhan, \u0130Y\u0130 Parti Genel Ba\u015fkan\u0131 M\u00fcsavat Dervi\u015fo\u011flu ve eski Genel Ba\u015fkan Meral Ak\u015fener, Saadet Partisi Genel Ba\u015fkan\u0131 Mahmut Ar\u0131kan ve eski Genel Ba\u015fkan Temel Karamollao\u011flu, Gelecek Partisi Genel Ba\u015fkan\u0131 Ahmet Davuto\u011flu ve DEVA Partisi Genel Ba\u015fkan\u0131 Ali Babacan&#8217;\u0131 toplant\u0131 salonlar\u0131nda canl\u0131 izledi. &hellip;<\/p>","protected":false},"author":1,"featured_media":0,"comment_status":"open","ping_status":"open","sticky":false,"template":"","format":"standard","meta":{"_acf_changed":false,"footnotes":""},"categories":[24],"tags":[],"class_list":["post-31806","post","type-post","status-publish","format-standard","has-post-thumbnail","hentry","category-gundem"],"acf":[],"yoast_head":"<!-- This site is optimized with the Yoast SEO Premium plugin v26.6 (Yoast SEO v27.1.1) - https:\/\/yoast.com\/product\/yoast-seo-premium-wordpress\/ -->\n<title>TBMM, 2024&#039;te 368 bin ziyaret\u00e7iyi a\u011f\u0131rlad\u0131 - Av. Deniz Can K\u0131z\u0131l<\/title>\n<meta name=\"robots\" content=\"index, follow, max-snippet:-1, max-image-preview:large, max-video-preview:-1\" \/>\n<link rel=\"canonical\" href=\"https:\/\/denizcankizil.tr\/ru\/haberler\/gundem\/tbmm-2024te-368-bin-ziyaretciyi-agirladi\/\" \/>\n<meta property=\"og:locale\" content=\"ru_RU\" \/>\n<meta property=\"og:type\" content=\"article\" \/>\n<meta property=\"og:title\" content=\"TBMM, 2024&#039;te 368 bin ziyaret\u00e7iyi a\u011f\u0131rlad\u0131\" \/>\n<meta property=\"og:description\" content=\"TBMM Genel Sekreterli\u011fi&#8217;nden al\u0131nan bilgiye g\u00f6re, 28. Yasama D\u00f6nemi&#8217;nin 2. Yasama Y\u0131l\u0131 ile 3. Yasama Y\u0131l\u0131&#8217;n\u0131 kapsayan 1 Ocak-31 Aral\u0131k 2024 tarihlerinde Gazi Meclis&#8217;te yo\u011fun ziyaret\u00e7i trafi\u011fi ya\u015fand\u0131.ANKARA (\u0130GFA) -T\u00fcrkiye B\u00fcy\u00fck Millet Meclisi (TBMM), 2024 y\u0131l\u0131nda 368 bin 144 ziyaret\u00e7iyi a\u011f\u0131rlad\u0131. TBMM&#8217;nin resmi internet sitesinde yer alan habere g\u00f6re ge\u00e7en y\u0131l TBMM&#8217;yi toplam 368 bin 144 ki\u015fi ziyaret ederken, en \u00e7ok ziyaret 48 bin 727 ki\u015fi ile May\u0131s ay\u0131nda ger\u00e7ekle\u015fti. Bu ay\u0131, 42 bin 699 ki\u015fi ile kas\u0131m, 41 bin 862 ki\u015fi ile ekim takip etti. Mart, a\u011fustos ve eyl\u00fcl ise Meclis&#8217;e en az ziyaret\u00e7inin geldi\u011fi aylar oldu. Ziyaret\u00e7ilerin b\u00fcy\u00fck \u00e7o\u011funlu\u011funu, Meclis&#8217;te grubu bulunan siyasi partilerin haftal\u0131k grup toplant\u0131lar\u0131na kat\u0131lanlar olu\u015fturdu. Ayn\u0131 d\u00f6nemde, Meclis&#8217;te grubu bulunan siyasi partiler taraf\u0131ndan ger\u00e7ekle\u015ftirilen bin 7 grup toplant\u0131s\u0131na kat\u0131lan 96 bin 376 ki\u015fi, Cumhurba\u015fkan\u0131 ve AK Parti Genel Ba\u015fkan\u0131 Recep Tayyip Erdo\u011fan, CHP Genel Ba\u015fkan\u0131 \u00d6zg\u00fcr \u00d6zel, MHP Genel Ba\u015fkan\u0131 Devlet Bah\u00e7eli, DEM Parti E\u015f Genel ba\u015fkanlar\u0131 Tulay Hat\u0131mo\u011fullar\u0131 Oru\u00e7 ve Tuncer Bak\u0131rhan, \u0130Y\u0130 Parti Genel Ba\u015fkan\u0131 M\u00fcsavat Dervi\u015fo\u011flu ve eski Genel Ba\u015fkan Meral Ak\u015fener, Saadet Partisi Genel Ba\u015fkan\u0131 Mahmut Ar\u0131kan ve eski Genel Ba\u015fkan Temel Karamollao\u011flu, Gelecek Partisi Genel Ba\u015fkan\u0131 Ahmet Davuto\u011flu ve DEVA Partisi Genel Ba\u015fkan\u0131 Ali Babacan&#8217;\u0131 toplant\u0131 salonlar\u0131nda canl\u0131 izledi. &hellip;\" \/>\n<meta property=\"og:url\" content=\"https:\/\/denizcankizil.tr\/ru\/haberler\/gundem\/tbmm-2024te-368-bin-ziyaretciyi-agirladi\/\" \/>\n<meta property=\"og:site_name\" content=\"Av. Deniz Can K\u0131z\u0131l\" \/>\n<meta property=\"article:published_time\" content=\"2025-02-10T18:38:00+00:00\" \/>\n<meta name=\"author\" content=\"admin\" \/>\n<meta name=\"twitter:card\" content=\"summary_large_image\" \/>\n<meta name=\"twitter:label1\" content=\"\u041d\u0430\u043f\u0438\u0441\u0430\u043d\u043e \u0430\u0432\u0442\u043e\u0440\u043e\u043c\" \/>\n\t<meta name=\"twitter:data1\" content=\"admin\" \/>\n\t<meta name=\"twitter:label2\" content=\"\u041f\u0440\u0438\u043c\u0435\u0440\u043d\u043e\u0435 \u0432\u0440\u0435\u043c\u044f \u0434\u043b\u044f \u0447\u0442\u0435\u043d\u0438\u044f\" \/>\n\t<meta name=\"twitter:data2\" content=\"4 \u043c\u0438\u043d\u0443\u0442\u044b\" \/>\n<script type=\"application\/ld+json\" class=\"yoast-schema-graph\">{\"@context\":\"https:\/\/schema.org\",\"@graph\":[{\"@type\":\"Article\",\"@id\":\"https:\/\/denizcankizil.tr\/ru\/haberler\/gundem\/tbmm-2024te-368-bin-ziyaretciyi-agirladi\/#article\",\"isPartOf\":{\"@id\":\"https:\/\/denizcankizil.tr\/ru\/haberler\/gundem\/tbmm-2024te-368-bin-ziyaretciyi-agirladi\/\"},\"author\":{\"name\":\"admin\",\"@id\":\"https:\/\/denizcankizil.tr\/#\/schema\/person\/be3c05fe6a12686905512445d8185489\"},\"headline\":\"TBMM, 2024&#8217;te 368 bin ziyaret\u00e7iyi a\u011f\u0131rlad\u0131\",\"datePublished\":\"2025-02-10T18:38:00+00:00\",\"mainEntityOfPage\":{\"@id\":\"https:\/\/denizcankizil.tr\/ru\/haberler\/gundem\/tbmm-2024te-368-bin-ziyaretciyi-agirladi\/\"},\"wordCount\":763,\"commentCount\":0,\"publisher\":{\"@id\":\"https:\/\/denizcankizil.tr\/#organization\"},\"articleSection\":[\"G\u00fcndem\"],\"inLanguage\":\"ru-RU\",\"potentialAction\":[{\"@type\":\"CommentAction\",\"name\":\"Comment\",\"target\":[\"https:\/\/denizcankizil.tr\/ru\/haberler\/gundem\/tbmm-2024te-368-bin-ziyaretciyi-agirladi\/#respond\"]}]},{\"@type\":\"WebPage\",\"@id\":\"https:\/\/denizcankizil.tr\/ru\/haberler\/gundem\/tbmm-2024te-368-bin-ziyaretciyi-agirladi\/\",\"url\":\"https:\/\/denizcankizil.tr\/ru\/haberler\/gundem\/tbmm-2024te-368-bin-ziyaretciyi-agirladi\/\",\"name\":\"TBMM, 2024'te 368 bin ziyaret\u00e7iyi a\u011f\u0131rlad\u0131 - Av. Deniz Can K\u0131z\u0131l\",\"isPartOf\":{\"@id\":\"https:\/\/denizcankizil.tr\/#website\"},\"datePublished\":\"2025-02-10T18:38:00+00:00\",\"breadcrumb\":{\"@id\":\"https:\/\/denizcankizil.tr\/ru\/haberler\/gundem\/tbmm-2024te-368-bin-ziyaretciyi-agirladi\/#breadcrumb\"},\"inLanguage\":\"ru-RU\",\"potentialAction\":[{\"@type\":\"ReadAction\",\"target\":[\"https:\/\/denizcankizil.tr\/ru\/haberler\/gundem\/tbmm-2024te-368-bin-ziyaretciyi-agirladi\/\"]}]},{\"@type\":\"BreadcrumbList\",\"@id\":\"https:\/\/denizcankizil.tr\/ru\/haberler\/gundem\/tbmm-2024te-368-bin-ziyaretciyi-agirladi\/#breadcrumb\",\"itemListElement\":[{\"@type\":\"ListItem\",\"position\":1,\"name\":\"Home\",\"item\":\"https:\/\/denizcankizil.tr\/uk\/\"},{\"@type\":\"ListItem\",\"position\":2,\"name\":\"TBMM, 2024&#8217;te 368 bin ziyaret\u00e7iyi a\u011f\u0131rlad\u0131\"}]},{\"@type\":\"WebSite\",\"@id\":\"https:\/\/denizcankizil.tr\/#website\",\"url\":\"https:\/\/denizcankizil.tr\/\",\"name\":\"Av. Deniz Can K\u0131z\u0131l\",\"description\":\"Avukat Deniz Can K\u0131z\u0131l Antalya Barosu\",\"publisher\":{\"@id\":\"https:\/\/denizcankizil.tr\/#organization\"},\"potentialAction\":[{\"@type\":\"SearchAction\",\"target\":{\"@type\":\"EntryPoint\",\"urlTemplate\":\"https:\/\/denizcankizil.tr\/?s={search_term_string}\"},\"query-input\":{\"@type\":\"PropertyValueSpecification\",\"valueRequired\":true,\"valueName\":\"search_term_string\"}}],\"inLanguage\":\"ru-RU\"},{\"@type\":\"Organization\",\"@id\":\"https:\/\/denizcankizil.tr\/#organization\",\"name\":\"Av. Deniz Can K\u0131z\u0131l\",\"url\":\"https:\/\/denizcankizil.tr\/\",\"logo\":{\"@type\":\"ImageObject\",\"inLanguage\":\"ru-RU\",\"@id\":\"https:\/\/denizcankizil.tr\/#\/schema\/logo\/image\/\",\"url\":\"https:\/\/denizcankizil.tr\/wp-content\/uploads\/2024\/10\/siyah-logo-svg.svg\",\"contentUrl\":\"https:\/\/denizcankizil.tr\/wp-content\/uploads\/2024\/10\/siyah-logo-svg.svg\",\"width\":1080,\"height\":1080,\"caption\":\"Av. Deniz Can K\u0131z\u0131l\"},\"image\":{\"@id\":\"https:\/\/denizcankizil.tr\/#\/schema\/logo\/image\/\"}},{\"@type\":\"Person\",\"@id\":\"https:\/\/denizcankizil.tr\/#\/schema\/person\/be3c05fe6a12686905512445d8185489\",\"name\":\"admin\",\"image\":{\"@type\":\"ImageObject\",\"inLanguage\":\"ru-RU\",\"@id\":\"https:\/\/denizcankizil.tr\/#\/schema\/person\/image\/\",\"url\":\"https:\/\/secure.gravatar.com\/avatar\/c1fce94c830dc79107e174f890d7210541c4a63e8e5d816341794a2151c9d58c?s=96&d=mm&r=g\",\"contentUrl\":\"https:\/\/secure.gravatar.com\/avatar\/c1fce94c830dc79107e174f890d7210541c4a63e8e5d816341794a2151c9d58c?s=96&d=mm&r=g\",\"caption\":\"admin\"},\"sameAs\":[\"http:\/\/denizcankizil.tr\"],\"url\":\"https:\/\/www.iskenderun.org\/tbmm-2024te-368-bin-ziyaretciyi-agirladi\"}]}<\/script>\n<!-- \/ Yoast SEO Premium plugin. -->","yoast_head_json":{"title":"TBMM, 2024'te 368 bin ziyaret\u00e7iyi a\u011f\u0131rlad\u0131 - Av. Deniz Can K\u0131z\u0131l","robots":{"index":"index","follow":"follow","max-snippet":"max-snippet:-1","max-image-preview":"max-image-preview:large","max-video-preview":"max-video-preview:-1"},"canonical":"https:\/\/denizcankizil.tr\/ru\/haberler\/gundem\/tbmm-2024te-368-bin-ziyaretciyi-agirladi\/","og_locale":"ru_RU","og_type":"article","og_title":"TBMM, 2024'te 368 bin ziyaret\u00e7iyi a\u011f\u0131rlad\u0131","og_description":"TBMM Genel Sekreterli\u011fi&#8217;nden al\u0131nan bilgiye g\u00f6re, 28. Yasama D\u00f6nemi&#8217;nin 2. Yasama Y\u0131l\u0131 ile 3. Yasama Y\u0131l\u0131&#8217;n\u0131 kapsayan 1 Ocak-31 Aral\u0131k 2024 tarihlerinde Gazi Meclis&#8217;te yo\u011fun ziyaret\u00e7i trafi\u011fi ya\u015fand\u0131.ANKARA (\u0130GFA) -T\u00fcrkiye B\u00fcy\u00fck Millet Meclisi (TBMM), 2024 y\u0131l\u0131nda 368 bin 144 ziyaret\u00e7iyi a\u011f\u0131rlad\u0131. TBMM&#8217;nin resmi internet sitesinde yer alan habere g\u00f6re ge\u00e7en y\u0131l TBMM&#8217;yi toplam 368 bin 144 ki\u015fi ziyaret ederken, en \u00e7ok ziyaret 48 bin 727 ki\u015fi ile May\u0131s ay\u0131nda ger\u00e7ekle\u015fti. Bu ay\u0131, 42 bin 699 ki\u015fi ile kas\u0131m, 41 bin 862 ki\u015fi ile ekim takip etti. Mart, a\u011fustos ve eyl\u00fcl ise Meclis&#8217;e en az ziyaret\u00e7inin geldi\u011fi aylar oldu. Ziyaret\u00e7ilerin b\u00fcy\u00fck \u00e7o\u011funlu\u011funu, Meclis&#8217;te grubu bulunan siyasi partilerin haftal\u0131k grup toplant\u0131lar\u0131na kat\u0131lanlar olu\u015fturdu. Ayn\u0131 d\u00f6nemde, Meclis&#8217;te grubu bulunan siyasi partiler taraf\u0131ndan ger\u00e7ekle\u015ftirilen bin 7 grup toplant\u0131s\u0131na kat\u0131lan 96 bin 376 ki\u015fi, Cumhurba\u015fkan\u0131 ve AK Parti Genel Ba\u015fkan\u0131 Recep Tayyip Erdo\u011fan, CHP Genel Ba\u015fkan\u0131 \u00d6zg\u00fcr \u00d6zel, MHP Genel Ba\u015fkan\u0131 Devlet Bah\u00e7eli, DEM Parti E\u015f Genel ba\u015fkanlar\u0131 Tulay Hat\u0131mo\u011fullar\u0131 Oru\u00e7 ve Tuncer Bak\u0131rhan, \u0130Y\u0130 Parti Genel Ba\u015fkan\u0131 M\u00fcsavat Dervi\u015fo\u011flu ve eski Genel Ba\u015fkan Meral Ak\u015fener, Saadet Partisi Genel Ba\u015fkan\u0131 Mahmut Ar\u0131kan ve eski Genel Ba\u015fkan Temel Karamollao\u011flu, Gelecek Partisi Genel Ba\u015fkan\u0131 Ahmet Davuto\u011flu ve DEVA Partisi Genel Ba\u015fkan\u0131 Ali Babacan&#8217;\u0131 toplant\u0131 salonlar\u0131nda canl\u0131 izledi. &hellip;","og_url":"https:\/\/denizcankizil.tr\/ru\/haberler\/gundem\/tbmm-2024te-368-bin-ziyaretciyi-agirladi\/","og_site_name":"Av. Deniz Can K\u0131z\u0131l","article_published_time":"2025-02-10T18:38:00+00:00","author":"admin","twitter_card":"summary_large_image","twitter_misc":{"\u041d\u0430\u043f\u0438\u0441\u0430\u043d\u043e \u0430\u0432\u0442\u043e\u0440\u043e\u043c":"admin","\u041f\u0440\u0438\u043c\u0435\u0440\u043d\u043e\u0435 \u0432\u0440\u0435\u043c\u044f \u0434\u043b\u044f \u0447\u0442\u0435\u043d\u0438\u044f":"4 \u043c\u0438\u043d\u0443\u0442\u044b"},"schema":{"@context":"https:\/\/schema.org","@graph":[{"@type":"Article","@id":"https:\/\/denizcankizil.tr\/ru\/haberler\/gundem\/tbmm-2024te-368-bin-ziyaretciyi-agirladi\/#article","isPartOf":{"@id":"https:\/\/denizcankizil.tr\/ru\/haberler\/gundem\/tbmm-2024te-368-bin-ziyaretciyi-agirladi\/"},"author":{"name":"admin","@id":"https:\/\/denizcankizil.tr\/#\/schema\/person\/be3c05fe6a12686905512445d8185489"},"headline":"TBMM, 2024&#8217;te 368 bin ziyaret\u00e7iyi a\u011f\u0131rlad\u0131","datePublished":"2025-02-10T18:38:00+00:00","mainEntityOfPage":{"@id":"https:\/\/denizcankizil.tr\/ru\/haberler\/gundem\/tbmm-2024te-368-bin-ziyaretciyi-agirladi\/"},"wordCount":763,"commentCount":0,"publisher":{"@id":"https:\/\/denizcankizil.tr\/#organization"},"articleSection":["G\u00fcndem"],"inLanguage":"ru-RU","potentialAction":[{"@type":"CommentAction","name":"Comment","target":["https:\/\/denizcankizil.tr\/ru\/haberler\/gundem\/tbmm-2024te-368-bin-ziyaretciyi-agirladi\/#respond"]}]},{"@type":"WebPage","@id":"https:\/\/denizcankizil.tr\/ru\/haberler\/gundem\/tbmm-2024te-368-bin-ziyaretciyi-agirladi\/","url":"https:\/\/denizcankizil.tr\/ru\/haberler\/gundem\/tbmm-2024te-368-bin-ziyaretciyi-agirladi\/","name":"TBMM, 2024'te 368 bin ziyaret\u00e7iyi a\u011f\u0131rlad\u0131 - Av. Deniz Can K\u0131z\u0131l","isPartOf":{"@id":"https:\/\/denizcankizil.tr\/#website"},"datePublished":"2025-02-10T18:38:00+00:00","breadcrumb":{"@id":"https:\/\/denizcankizil.tr\/ru\/haberler\/gundem\/tbmm-2024te-368-bin-ziyaretciyi-agirladi\/#breadcrumb"},"inLanguage":"ru-RU","potentialAction":[{"@type":"ReadAction","target":["https:\/\/denizcankizil.tr\/ru\/haberler\/gundem\/tbmm-2024te-368-bin-ziyaretciyi-agirladi\/"]}]},{"@type":"BreadcrumbList","@id":"https:\/\/denizcankizil.tr\/ru\/haberler\/gundem\/tbmm-2024te-368-bin-ziyaretciyi-agirladi\/#breadcrumb","itemListElement":[{"@type":"ListItem","position":1,"name":"Home","item":"https:\/\/denizcankizil.tr\/uk\/"},{"@type":"ListItem","position":2,"name":"TBMM, 2024&#8217;te 368 bin ziyaret\u00e7iyi a\u011f\u0131rlad\u0131"}]},{"@type":"WebSite","@id":"https:\/\/denizcankizil.tr\/#website","url":"https:\/\/denizcankizil.tr\/","name":"Av. Deniz Can K\u0131z\u0131l","description":"Avukat Deniz Can K\u0131z\u0131l Antalya Barosu","publisher":{"@id":"https:\/\/denizcankizil.tr\/#organization"},"potentialAction":[{"@type":"SearchAction","target":{"@type":"EntryPoint","urlTemplate":"https:\/\/denizcankizil.tr\/?s={search_term_string}"},"query-input":{"@type":"PropertyValueSpecification","valueRequired":true,"valueName":"search_term_string"}}],"inLanguage":"ru-RU"},{"@type":"Organization","@id":"https:\/\/denizcankizil.tr\/#organization","name":"Av. Deniz Can K\u0131z\u0131l","url":"https:\/\/denizcankizil.tr\/","logo":{"@type":"ImageObject","inLanguage":"ru-RU","@id":"https:\/\/denizcankizil.tr\/#\/schema\/logo\/image\/","url":"https:\/\/denizcankizil.tr\/wp-content\/uploads\/2024\/10\/siyah-logo-svg.svg","contentUrl":"https:\/\/denizcankizil.tr\/wp-content\/uploads\/2024\/10\/siyah-logo-svg.svg","width":1080,"height":1080,"caption":"Av. Deniz Can K\u0131z\u0131l"},"image":{"@id":"https:\/\/denizcankizil.tr\/#\/schema\/logo\/image\/"}},{"@type":"Person","@id":"https:\/\/denizcankizil.tr\/#\/schema\/person\/be3c05fe6a12686905512445d8185489","name":"\u0430\u0434\u043c\u0438\u043d","image":{"@type":"ImageObject","inLanguage":"ru-RU","@id":"https:\/\/denizcankizil.tr\/#\/schema\/person\/image\/","url":"https:\/\/secure.gravatar.com\/avatar\/c1fce94c830dc79107e174f890d7210541c4a63e8e5d816341794a2151c9d58c?s=96&d=mm&r=g","contentUrl":"https:\/\/secure.gravatar.com\/avatar\/c1fce94c830dc79107e174f890d7210541c4a63e8e5d816341794a2151c9d58c?s=96&d=mm&r=g","caption":"admin"},"sameAs":["http:\/\/denizcankizil.tr"],"url":"https:\/\/www.iskenderun.org\/tbmm-2024te-368-bin-ziyaretciyi-agirladi"}]}},"_links":{"self":[{"href":"https:\/\/denizcankizil.tr\/ru\/wp-json\/wp\/v2\/posts\/31806","targetHints":{"allow":["GET"]}}],"collection":[{"href":"https:\/\/denizcankizil.tr\/ru\/wp-json\/wp\/v2\/posts"}],"about":[{"href":"https:\/\/denizcankizil.tr\/ru\/wp-json\/wp\/v2\/types\/post"}],"author":[{"embeddable":true,"href":"https:\/\/denizcankizil.tr\/ru\/wp-json\/wp\/v2\/users\/1"}],"replies":[{"embeddable":true,"href":"https:\/\/denizcankizil.tr\/ru\/wp-json\/wp\/v2\/comments?post=31806"}],"version-history":[{"count":0,"href":"https:\/\/denizcankizil.tr\/ru\/wp-json\/wp\/v2\/posts\/31806\/revisions"}],"wp:attachment":[{"href":"https:\/\/denizcankizil.tr\/ru\/wp-json\/wp\/v2\/media?parent=31806"}],"wp:term":[{"taxonomy":"category","embeddable":true,"href":"https:\/\/denizcankizil.tr\/ru\/wp-json\/wp\/v2\/categories?post=31806"},{"taxonomy":"post_tag","embeddable":true,"href":"https:\/\/denizcankizil.tr\/ru\/wp-json\/wp\/v2\/tags?post=31806"}],"curies":[{"name":"wp","href":"https:\/\/api.w.org\/{rel}","templated":true}]}}