{"id":31770,"date":"2025-02-10T18:41:18","date_gmt":"2025-02-10T15:41:18","guid":{"rendered":"https:\/\/denizcankizil.tr\/uncategorized-tr\/saglikcilar-satranc-turnuvasinda-bir-araya-geldi\/"},"modified":"2025-02-10T18:41:18","modified_gmt":"2025-02-10T15:41:18","slug":"saglikcilar-satranc-turnuvasinda-bir-araya-geldi","status":"publish","type":"post","link":"https:\/\/denizcankizil.tr\/ru\/haberler\/antalya\/saglikcilar-satranc-turnuvasinda-bir-araya-geldi\/","title":{"rendered":"Sa\u011fl\u0131k\u00e7\u0131lar satran\u00e7 turnuvas\u0131nda bir araya geldi"},"content":{"rendered":"<p>Sa\u011fl\u0131k \u00e7al\u0131\u015fanlar\u0131 aras\u0131nda dayan\u0131\u015fma bilincini geli\u015ftirmek, i\u015f stresini azaltarak motivasyonu\u2019nu art\u0131rmak ad\u0131na yap\u0131lan turnuvaya 20 ki\u015fi kat\u0131ld\u0131. Saat 10.00&#8217;da ba\u015flayan organizasyon T\u00fcrkiye Satran\u00e7 Federasyonu Uluslararas\u0131 hakemlerinden Emrah S\u0131tk\u0131 Sa\u011flam, Osman \u00c7uha\u2019n\u0131n kontrol\u00fcnde 6 tur \u015feklinde yap\u0131ld\u0131. Dereceye giren satran\u00e7 severlere \u00f6d\u00fclleri taktim edildi. Turnuva\u2019da birinci Umut G\u00f6lgeli olurken, ikinci Mervan Sa\u011f\u0131r \u00fc\u00e7\u00fcnc\u00fc ise Deniz Ali oldu. Ayr\u0131ca turnuvaya kat\u0131lan t\u00fcm sporculara Kat\u0131l\u0131m sertifikas\u0131 verildi. Turnuva hakk\u0131nda bilgi veren Ba\u015fhekim Yard\u0131mc\u0131s\u0131 Uzm. Dr. Mesut Y\u0131ld\u0131r\u0131m, &#8220;Sa\u011fl\u0131k \u00e7al\u0131\u015fanlar\u0131m\u0131z\u0131n iste\u011fi \u00fczerine hem keyifli bir hafta sonu ge\u00e7irmek hem de birimler ve \u00e7al\u0131\u015fanlar aras\u0131nda birlik, beraberli\u011fin artmas\u0131 ad\u0131na bu organizasyonu d\u00fczenledik. Bizler i\u00e7in \u00e7ok keyifli bir g\u00fcn ve an\u0131 oldu. Satran\u00e7 Turnuvas\u0131nda dereceye giren arkada\u015flar\u0131m\u0131 tebrik ediyorum. Bu t\u00fcr organizasyonlar\u0131 hastane olarak d\u00fczenlemeye devam edece\u011fiz&#8221; dedi.<\/p>\n<p>Kaynak: www.kanalv.com.tr Haber Sitesinden Al\u0131nm\u0131\u015ft\u0131r.<\/p>","protected":false},"excerpt":{"rendered":"<p>Sa\u011fl\u0131k \u00e7al\u0131\u015fanlar\u0131 aras\u0131nda dayan\u0131\u015fma bilincini geli\u015ftirmek, i\u015f stresini azaltarak motivasyonu\u2019nu art\u0131rmak ad\u0131na yap\u0131lan turnuvaya 20 ki\u015fi kat\u0131ld\u0131. Saat 10.00&#8217;da ba\u015flayan organizasyon T\u00fcrkiye Satran\u00e7 Federasyonu Uluslararas\u0131 hakemlerinden Emrah S\u0131tk\u0131 Sa\u011flam, Osman \u00c7uha\u2019n\u0131n kontrol\u00fcnde 6 tur \u015feklinde yap\u0131ld\u0131. Dereceye giren satran\u00e7 severlere \u00f6d\u00fclleri taktim edildi. Turnuva\u2019da birinci Umut G\u00f6lgeli olurken, ikinci Mervan Sa\u011f\u0131r \u00fc\u00e7\u00fcnc\u00fc ise Deniz Ali oldu. Ayr\u0131ca turnuvaya kat\u0131lan t\u00fcm sporculara Kat\u0131l\u0131m sertifikas\u0131 verildi. Turnuva hakk\u0131nda bilgi veren Ba\u015fhekim Yard\u0131mc\u0131s\u0131 Uzm. Dr. Mesut Y\u0131ld\u0131r\u0131m, &#8220;Sa\u011fl\u0131k \u00e7al\u0131\u015fanlar\u0131m\u0131z\u0131n iste\u011fi \u00fczerine hem keyifli bir hafta sonu ge\u00e7irmek hem de birimler ve \u00e7al\u0131\u015fanlar aras\u0131nda birlik, beraberli\u011fin artmas\u0131 ad\u0131na bu organizasyonu d\u00fczenledik. Bizler i\u00e7in \u00e7ok keyifli bir g\u00fcn ve an\u0131 oldu. Satran\u00e7 Turnuvas\u0131nda dereceye giren arkada\u015flar\u0131m\u0131 tebrik ediyorum. Bu t\u00fcr organizasyonlar\u0131 hastane olarak d\u00fczenlemeye devam edece\u011fiz&#8221; dedi. Kaynak: www.kanalv.com.tr Haber Sitesinden Al\u0131nm\u0131\u015ft\u0131r.<\/p>","protected":false},"author":4,"featured_media":31771,"comment_status":"open","ping_status":"open","sticky":false,"template":"","format":"standard","meta":{"_acf_changed":false,"footnotes":""},"categories":[26],"tags":[],"class_list":["post-31770","post","type-post","status-publish","format-standard","has-post-thumbnail","hentry","category-antalya"],"acf":[],"yoast_head":"<!-- This site is optimized with the Yoast SEO Premium plugin v26.6 (Yoast SEO v27.1.1) - https:\/\/yoast.com\/product\/yoast-seo-premium-wordpress\/ -->\n<title>Sa\u011fl\u0131k\u00e7\u0131lar satran\u00e7 turnuvas\u0131nda bir araya geldi - Av. Deniz Can K\u0131z\u0131l<\/title>\n<meta name=\"robots\" content=\"index, follow, max-snippet:-1, max-image-preview:large, max-video-preview:-1\" \/>\n<link rel=\"canonical\" href=\"https:\/\/denizcankizil.tr\/ru\/haberler\/antalya\/saglikcilar-satranc-turnuvasinda-bir-araya-geldi\/\" \/>\n<meta property=\"og:locale\" content=\"ru_RU\" \/>\n<meta property=\"og:type\" content=\"article\" \/>\n<meta property=\"og:title\" content=\"Sa\u011fl\u0131k\u00e7\u0131lar satran\u00e7 turnuvas\u0131nda bir araya geldi\" \/>\n<meta property=\"og:description\" content=\"Sa\u011fl\u0131k \u00e7al\u0131\u015fanlar\u0131 aras\u0131nda dayan\u0131\u015fma bilincini geli\u015ftirmek, i\u015f stresini azaltarak motivasyonu\u2019nu art\u0131rmak ad\u0131na yap\u0131lan turnuvaya 20 ki\u015fi kat\u0131ld\u0131. Saat 10.00&#8217;da ba\u015flayan organizasyon T\u00fcrkiye Satran\u00e7 Federasyonu Uluslararas\u0131 hakemlerinden Emrah S\u0131tk\u0131 Sa\u011flam, Osman \u00c7uha\u2019n\u0131n kontrol\u00fcnde 6 tur \u015feklinde yap\u0131ld\u0131. Dereceye giren satran\u00e7 severlere \u00f6d\u00fclleri taktim edildi. Turnuva\u2019da birinci Umut G\u00f6lgeli olurken, ikinci Mervan Sa\u011f\u0131r \u00fc\u00e7\u00fcnc\u00fc ise Deniz Ali oldu. Ayr\u0131ca turnuvaya kat\u0131lan t\u00fcm sporculara Kat\u0131l\u0131m sertifikas\u0131 verildi. Turnuva hakk\u0131nda bilgi veren Ba\u015fhekim Yard\u0131mc\u0131s\u0131 Uzm. Dr. Mesut Y\u0131ld\u0131r\u0131m, &#8220;Sa\u011fl\u0131k \u00e7al\u0131\u015fanlar\u0131m\u0131z\u0131n iste\u011fi \u00fczerine hem keyifli bir hafta sonu ge\u00e7irmek hem de birimler ve \u00e7al\u0131\u015fanlar aras\u0131nda birlik, beraberli\u011fin artmas\u0131 ad\u0131na bu organizasyonu d\u00fczenledik. Bizler i\u00e7in \u00e7ok keyifli bir g\u00fcn ve an\u0131 oldu. Satran\u00e7 Turnuvas\u0131nda dereceye giren arkada\u015flar\u0131m\u0131 tebrik ediyorum. Bu t\u00fcr organizasyonlar\u0131 hastane olarak d\u00fczenlemeye devam edece\u011fiz&#8221; dedi. Kaynak: www.kanalv.com.tr Haber Sitesinden Al\u0131nm\u0131\u015ft\u0131r.\" \/>\n<meta property=\"og:url\" content=\"https:\/\/denizcankizil.tr\/ru\/haberler\/antalya\/saglikcilar-satranc-turnuvasinda-bir-araya-geldi\/\" \/>\n<meta property=\"og:site_name\" content=\"Av. Deniz Can K\u0131z\u0131l\" \/>\n<meta property=\"article:published_time\" content=\"2025-02-10T15:41:18+00:00\" \/>\n<meta property=\"og:image\" content=\"https:\/\/denizcankizil.tr\/wp-content\/uploads\/2025\/02\/4565-01-UvygkQ.jpeg\" \/>\n\t<meta property=\"og:image:width\" content=\"1280\" \/>\n\t<meta property=\"og:image:height\" content=\"720\" \/>\n\t<meta property=\"og:image:type\" content=\"image\/jpeg\" \/>\n<meta name=\"author\" content=\"Av. Deniz Can K\u0131z\u0131l\" \/>\n<meta name=\"twitter:card\" content=\"summary_large_image\" \/>\n<meta name=\"twitter:label1\" content=\"\u041d\u0430\u043f\u0438\u0441\u0430\u043d\u043e \u0430\u0432\u0442\u043e\u0440\u043e\u043c\" \/>\n\t<meta name=\"twitter:data1\" content=\"Av. Deniz Can K\u0131z\u0131l\" \/>\n\t<meta name=\"twitter:label2\" content=\"\u041f\u0440\u0438\u043c\u0435\u0440\u043d\u043e\u0435 \u0432\u0440\u0435\u043c\u044f \u0434\u043b\u044f \u0447\u0442\u0435\u043d\u0438\u044f\" \/>\n\t<meta name=\"twitter:data2\" content=\"1 \u043c\u0438\u043d\u0443\u0442\u0430\" \/>\n<script type=\"application\/ld+json\" class=\"yoast-schema-graph\">{\"@context\":\"https:\/\/schema.org\",\"@graph\":[{\"@type\":\"Article\",\"@id\":\"https:\/\/denizcankizil.tr\/ru\/haberler\/antalya\/saglikcilar-satranc-turnuvasinda-bir-araya-geldi\/#article\",\"isPartOf\":{\"@id\":\"https:\/\/denizcankizil.tr\/ru\/haberler\/antalya\/saglikcilar-satranc-turnuvasinda-bir-araya-geldi\/\"},\"author\":{\"name\":\"Av. Deniz Can K\u0131z\u0131l\",\"@id\":\"https:\/\/denizcankizil.tr\/de\/#\/schema\/person\/5dc1b22991bd7ac833867c10afc9b0ff\"},\"headline\":\"Sa\u011fl\u0131k\u00e7\u0131lar satran\u00e7 turnuvas\u0131nda bir araya geldi\",\"datePublished\":\"2025-02-10T15:41:18+00:00\",\"mainEntityOfPage\":{\"@id\":\"https:\/\/denizcankizil.tr\/ru\/haberler\/antalya\/saglikcilar-satranc-turnuvasinda-bir-araya-geldi\/\"},\"wordCount\":198,\"commentCount\":0,\"publisher\":{\"@id\":\"https:\/\/denizcankizil.tr\/de\/#organization\"},\"image\":{\"@id\":\"https:\/\/denizcankizil.tr\/ru\/haberler\/antalya\/saglikcilar-satranc-turnuvasinda-bir-araya-geldi\/#primaryimage\"},\"thumbnailUrl\":\"https:\/\/denizcankizil.tr\/wp-content\/uploads\/2025\/02\/4565-01-UvygkQ.jpeg\",\"articleSection\":[\"Antalya\"],\"inLanguage\":\"ru-RU\",\"potentialAction\":[{\"@type\":\"CommentAction\",\"name\":\"Comment\",\"target\":[\"https:\/\/denizcankizil.tr\/ru\/haberler\/antalya\/saglikcilar-satranc-turnuvasinda-bir-araya-geldi\/#respond\"]}]},{\"@type\":\"WebPage\",\"@id\":\"https:\/\/denizcankizil.tr\/ru\/haberler\/antalya\/saglikcilar-satranc-turnuvasinda-bir-araya-geldi\/\",\"url\":\"https:\/\/denizcankizil.tr\/ru\/haberler\/antalya\/saglikcilar-satranc-turnuvasinda-bir-araya-geldi\/\",\"name\":\"Sa\u011fl\u0131k\u00e7\u0131lar satran\u00e7 turnuvas\u0131nda bir araya geldi - Av. Deniz Can K\u0131z\u0131l\",\"isPartOf\":{\"@id\":\"https:\/\/denizcankizil.tr\/de\/#website\"},\"primaryImageOfPage\":{\"@id\":\"https:\/\/denizcankizil.tr\/ru\/haberler\/antalya\/saglikcilar-satranc-turnuvasinda-bir-araya-geldi\/#primaryimage\"},\"image\":{\"@id\":\"https:\/\/denizcankizil.tr\/ru\/haberler\/antalya\/saglikcilar-satranc-turnuvasinda-bir-araya-geldi\/#primaryimage\"},\"thumbnailUrl\":\"https:\/\/denizcankizil.tr\/wp-content\/uploads\/2025\/02\/4565-01-UvygkQ.jpeg\",\"datePublished\":\"2025-02-10T15:41:18+00:00\",\"breadcrumb\":{\"@id\":\"https:\/\/denizcankizil.tr\/ru\/haberler\/antalya\/saglikcilar-satranc-turnuvasinda-bir-araya-geldi\/#breadcrumb\"},\"inLanguage\":\"ru-RU\",\"potentialAction\":[{\"@type\":\"ReadAction\",\"target\":[\"https:\/\/denizcankizil.tr\/ru\/haberler\/antalya\/saglikcilar-satranc-turnuvasinda-bir-araya-geldi\/\"]}]},{\"@type\":\"ImageObject\",\"inLanguage\":\"ru-RU\",\"@id\":\"https:\/\/denizcankizil.tr\/ru\/haberler\/antalya\/saglikcilar-satranc-turnuvasinda-bir-araya-geldi\/#primaryimage\",\"url\":\"https:\/\/denizcankizil.tr\/wp-content\/uploads\/2025\/02\/4565-01-UvygkQ.jpeg\",\"contentUrl\":\"https:\/\/denizcankizil.tr\/wp-content\/uploads\/2025\/02\/4565-01-UvygkQ.jpeg\",\"width\":1280,\"height\":720},{\"@type\":\"BreadcrumbList\",\"@id\":\"https:\/\/denizcankizil.tr\/ru\/haberler\/antalya\/saglikcilar-satranc-turnuvasinda-bir-araya-geldi\/#breadcrumb\",\"itemListElement\":[{\"@type\":\"ListItem\",\"position\":1,\"name\":\"Home\",\"item\":\"https:\/\/denizcankizil.tr\/de\/\"},{\"@type\":\"ListItem\",\"position\":2,\"name\":\"Sa\u011fl\u0131k\u00e7\u0131lar satran\u00e7 turnuvas\u0131nda bir araya geldi\"}]},{\"@type\":\"WebSite\",\"@id\":\"https:\/\/denizcankizil.tr\/de\/#website\",\"url\":\"https:\/\/denizcankizil.tr\/de\/\",\"name\":\"Av. Deniz Can K\u0131z\u0131l\",\"description\":\"Avukat Deniz Can K\u0131z\u0131l Antalya Barosu\",\"publisher\":{\"@id\":\"https:\/\/denizcankizil.tr\/de\/#organization\"},\"potentialAction\":[{\"@type\":\"SearchAction\",\"target\":{\"@type\":\"EntryPoint\",\"urlTemplate\":\"https:\/\/denizcankizil.tr\/de\/?s={search_term_string}\"},\"query-input\":{\"@type\":\"PropertyValueSpecification\",\"valueRequired\":true,\"valueName\":\"search_term_string\"}}],\"inLanguage\":\"ru-RU\"},{\"@type\":\"Organization\",\"@id\":\"https:\/\/denizcankizil.tr\/de\/#organization\",\"name\":\"Av. Deniz Can K\u0131z\u0131l\",\"url\":\"https:\/\/denizcankizil.tr\/de\/\",\"logo\":{\"@type\":\"ImageObject\",\"inLanguage\":\"ru-RU\",\"@id\":\"https:\/\/denizcankizil.tr\/de\/#\/schema\/logo\/image\/\",\"url\":\"https:\/\/denizcankizil.tr\/wp-content\/uploads\/2024\/10\/siyah-logo-svg.svg\",\"contentUrl\":\"https:\/\/denizcankizil.tr\/wp-content\/uploads\/2024\/10\/siyah-logo-svg.svg\",\"width\":1080,\"height\":1080,\"caption\":\"Av. Deniz Can K\u0131z\u0131l\"},\"image\":{\"@id\":\"https:\/\/denizcankizil.tr\/de\/#\/schema\/logo\/image\/\"}},{\"@type\":\"Person\",\"@id\":\"https:\/\/denizcankizil.tr\/de\/#\/schema\/person\/5dc1b22991bd7ac833867c10afc9b0ff\",\"name\":\"Av. Deniz Can K\u0131z\u0131l\",\"image\":{\"@type\":\"ImageObject\",\"inLanguage\":\"ru-RU\",\"@id\":\"https:\/\/denizcankizil.tr\/de\/#\/schema\/person\/image\/\",\"url\":\"https:\/\/secure.gravatar.com\/avatar\/a0b128fb9855c79efc976d5640eedb31dc35ec297594d6016d2cf7c60e975bb6?s=96&d=mm&r=g\",\"contentUrl\":\"https:\/\/secure.gravatar.com\/avatar\/a0b128fb9855c79efc976d5640eedb31dc35ec297594d6016d2cf7c60e975bb6?s=96&d=mm&r=g\",\"caption\":\"Av. Deniz Can K\u0131z\u0131l\"},\"sameAs\":[\"http:\/\/www.denizcankizil.tr\"],\"url\":\"https:\/\/denizcankizil.tr\/ru\/author\/denizcankizil\/\"}]}<\/script>\n<!-- \/ Yoast SEO Premium plugin. -->","yoast_head_json":{"title":"Sa\u011fl\u0131k\u00e7\u0131lar satran\u00e7 turnuvas\u0131nda bir araya geldi - Av. Deniz Can K\u0131z\u0131l","robots":{"index":"index","follow":"follow","max-snippet":"max-snippet:-1","max-image-preview":"max-image-preview:large","max-video-preview":"max-video-preview:-1"},"canonical":"https:\/\/denizcankizil.tr\/ru\/haberler\/antalya\/saglikcilar-satranc-turnuvasinda-bir-araya-geldi\/","og_locale":"ru_RU","og_type":"article","og_title":"Sa\u011fl\u0131k\u00e7\u0131lar satran\u00e7 turnuvas\u0131nda bir araya geldi","og_description":"Sa\u011fl\u0131k \u00e7al\u0131\u015fanlar\u0131 aras\u0131nda dayan\u0131\u015fma bilincini geli\u015ftirmek, i\u015f stresini azaltarak motivasyonu\u2019nu art\u0131rmak ad\u0131na yap\u0131lan turnuvaya 20 ki\u015fi kat\u0131ld\u0131. Saat 10.00&#8217;da ba\u015flayan organizasyon T\u00fcrkiye Satran\u00e7 Federasyonu Uluslararas\u0131 hakemlerinden Emrah S\u0131tk\u0131 Sa\u011flam, Osman \u00c7uha\u2019n\u0131n kontrol\u00fcnde 6 tur \u015feklinde yap\u0131ld\u0131. Dereceye giren satran\u00e7 severlere \u00f6d\u00fclleri taktim edildi. Turnuva\u2019da birinci Umut G\u00f6lgeli olurken, ikinci Mervan Sa\u011f\u0131r \u00fc\u00e7\u00fcnc\u00fc ise Deniz Ali oldu. Ayr\u0131ca turnuvaya kat\u0131lan t\u00fcm sporculara Kat\u0131l\u0131m sertifikas\u0131 verildi. Turnuva hakk\u0131nda bilgi veren Ba\u015fhekim Yard\u0131mc\u0131s\u0131 Uzm. Dr. Mesut Y\u0131ld\u0131r\u0131m, &#8220;Sa\u011fl\u0131k \u00e7al\u0131\u015fanlar\u0131m\u0131z\u0131n iste\u011fi \u00fczerine hem keyifli bir hafta sonu ge\u00e7irmek hem de birimler ve \u00e7al\u0131\u015fanlar aras\u0131nda birlik, beraberli\u011fin artmas\u0131 ad\u0131na bu organizasyonu d\u00fczenledik. Bizler i\u00e7in \u00e7ok keyifli bir g\u00fcn ve an\u0131 oldu. Satran\u00e7 Turnuvas\u0131nda dereceye giren arkada\u015flar\u0131m\u0131 tebrik ediyorum. Bu t\u00fcr organizasyonlar\u0131 hastane olarak d\u00fczenlemeye devam edece\u011fiz&#8221; dedi. Kaynak: www.kanalv.com.tr Haber Sitesinden Al\u0131nm\u0131\u015ft\u0131r.","og_url":"https:\/\/denizcankizil.tr\/ru\/haberler\/antalya\/saglikcilar-satranc-turnuvasinda-bir-araya-geldi\/","og_site_name":"Av. Deniz Can K\u0131z\u0131l","article_published_time":"2025-02-10T15:41:18+00:00","og_image":[{"width":1280,"height":720,"url":"https:\/\/denizcankizil.tr\/wp-content\/uploads\/2025\/02\/4565-01-UvygkQ.jpeg","type":"image\/jpeg"}],"author":"Av. Deniz Can K\u0131z\u0131l","twitter_card":"summary_large_image","twitter_misc":{"\u041d\u0430\u043f\u0438\u0441\u0430\u043d\u043e \u0430\u0432\u0442\u043e\u0440\u043e\u043c":"Av. Deniz Can K\u0131z\u0131l","\u041f\u0440\u0438\u043c\u0435\u0440\u043d\u043e\u0435 \u0432\u0440\u0435\u043c\u044f \u0434\u043b\u044f \u0447\u0442\u0435\u043d\u0438\u044f":"1 \u043c\u0438\u043d\u0443\u0442\u0430"},"schema":{"@context":"https:\/\/schema.org","@graph":[{"@type":"Article","@id":"https:\/\/denizcankizil.tr\/ru\/haberler\/antalya\/saglikcilar-satranc-turnuvasinda-bir-araya-geldi\/#article","isPartOf":{"@id":"https:\/\/denizcankizil.tr\/ru\/haberler\/antalya\/saglikcilar-satranc-turnuvasinda-bir-araya-geldi\/"},"author":{"name":"Av. Deniz Can K\u0131z\u0131l","@id":"https:\/\/denizcankizil.tr\/de\/#\/schema\/person\/5dc1b22991bd7ac833867c10afc9b0ff"},"headline":"Sa\u011fl\u0131k\u00e7\u0131lar satran\u00e7 turnuvas\u0131nda bir araya geldi","datePublished":"2025-02-10T15:41:18+00:00","mainEntityOfPage":{"@id":"https:\/\/denizcankizil.tr\/ru\/haberler\/antalya\/saglikcilar-satranc-turnuvasinda-bir-araya-geldi\/"},"wordCount":198,"commentCount":0,"publisher":{"@id":"https:\/\/denizcankizil.tr\/de\/#organization"},"image":{"@id":"https:\/\/denizcankizil.tr\/ru\/haberler\/antalya\/saglikcilar-satranc-turnuvasinda-bir-araya-geldi\/#primaryimage"},"thumbnailUrl":"https:\/\/denizcankizil.tr\/wp-content\/uploads\/2025\/02\/4565-01-UvygkQ.jpeg","articleSection":["Antalya"],"inLanguage":"ru-RU","potentialAction":[{"@type":"CommentAction","name":"Comment","target":["https:\/\/denizcankizil.tr\/ru\/haberler\/antalya\/saglikcilar-satranc-turnuvasinda-bir-araya-geldi\/#respond"]}]},{"@type":"WebPage","@id":"https:\/\/denizcankizil.tr\/ru\/haberler\/antalya\/saglikcilar-satranc-turnuvasinda-bir-araya-geldi\/","url":"https:\/\/denizcankizil.tr\/ru\/haberler\/antalya\/saglikcilar-satranc-turnuvasinda-bir-araya-geldi\/","name":"Sa\u011fl\u0131k\u00e7\u0131lar satran\u00e7 turnuvas\u0131nda bir araya geldi - Av. Deniz Can K\u0131z\u0131l","isPartOf":{"@id":"https:\/\/denizcankizil.tr\/de\/#website"},"primaryImageOfPage":{"@id":"https:\/\/denizcankizil.tr\/ru\/haberler\/antalya\/saglikcilar-satranc-turnuvasinda-bir-araya-geldi\/#primaryimage"},"image":{"@id":"https:\/\/denizcankizil.tr\/ru\/haberler\/antalya\/saglikcilar-satranc-turnuvasinda-bir-araya-geldi\/#primaryimage"},"thumbnailUrl":"https:\/\/denizcankizil.tr\/wp-content\/uploads\/2025\/02\/4565-01-UvygkQ.jpeg","datePublished":"2025-02-10T15:41:18+00:00","breadcrumb":{"@id":"https:\/\/denizcankizil.tr\/ru\/haberler\/antalya\/saglikcilar-satranc-turnuvasinda-bir-araya-geldi\/#breadcrumb"},"inLanguage":"ru-RU","potentialAction":[{"@type":"ReadAction","target":["https:\/\/denizcankizil.tr\/ru\/haberler\/antalya\/saglikcilar-satranc-turnuvasinda-bir-araya-geldi\/"]}]},{"@type":"ImageObject","inLanguage":"ru-RU","@id":"https:\/\/denizcankizil.tr\/ru\/haberler\/antalya\/saglikcilar-satranc-turnuvasinda-bir-araya-geldi\/#primaryimage","url":"https:\/\/denizcankizil.tr\/wp-content\/uploads\/2025\/02\/4565-01-UvygkQ.jpeg","contentUrl":"https:\/\/denizcankizil.tr\/wp-content\/uploads\/2025\/02\/4565-01-UvygkQ.jpeg","width":1280,"height":720},{"@type":"BreadcrumbList","@id":"https:\/\/denizcankizil.tr\/ru\/haberler\/antalya\/saglikcilar-satranc-turnuvasinda-bir-araya-geldi\/#breadcrumb","itemListElement":[{"@type":"ListItem","position":1,"name":"Home","item":"https:\/\/denizcankizil.tr\/de\/"},{"@type":"ListItem","position":2,"name":"Sa\u011fl\u0131k\u00e7\u0131lar satran\u00e7 turnuvas\u0131nda bir araya geldi"}]},{"@type":"WebSite","@id":"https:\/\/denizcankizil.tr\/de\/#website","url":"https:\/\/denizcankizil.tr\/de\/","name":"Av. Deniz Can K\u0131z\u0131l","description":"Avukat Deniz Can K\u0131z\u0131l Antalya Barosu","publisher":{"@id":"https:\/\/denizcankizil.tr\/de\/#organization"},"potentialAction":[{"@type":"SearchAction","target":{"@type":"EntryPoint","urlTemplate":"https:\/\/denizcankizil.tr\/de\/?s={search_term_string}"},"query-input":{"@type":"PropertyValueSpecification","valueRequired":true,"valueName":"search_term_string"}}],"inLanguage":"ru-RU"},{"@type":"Organization","@id":"https:\/\/denizcankizil.tr\/de\/#organization","name":"Av. Deniz Can K\u0131z\u0131l","url":"https:\/\/denizcankizil.tr\/de\/","logo":{"@type":"ImageObject","inLanguage":"ru-RU","@id":"https:\/\/denizcankizil.tr\/de\/#\/schema\/logo\/image\/","url":"https:\/\/denizcankizil.tr\/wp-content\/uploads\/2024\/10\/siyah-logo-svg.svg","contentUrl":"https:\/\/denizcankizil.tr\/wp-content\/uploads\/2024\/10\/siyah-logo-svg.svg","width":1080,"height":1080,"caption":"Av. Deniz Can K\u0131z\u0131l"},"image":{"@id":"https:\/\/denizcankizil.tr\/de\/#\/schema\/logo\/image\/"}},{"@type":"Person","@id":"https:\/\/denizcankizil.tr\/de\/#\/schema\/person\/5dc1b22991bd7ac833867c10afc9b0ff","name":"Av. Deniz Can K\u0131z\u0131l","image":{"@type":"ImageObject","inLanguage":"ru-RU","@id":"https:\/\/denizcankizil.tr\/de\/#\/schema\/person\/image\/","url":"https:\/\/secure.gravatar.com\/avatar\/a0b128fb9855c79efc976d5640eedb31dc35ec297594d6016d2cf7c60e975bb6?s=96&d=mm&r=g","contentUrl":"https:\/\/secure.gravatar.com\/avatar\/a0b128fb9855c79efc976d5640eedb31dc35ec297594d6016d2cf7c60e975bb6?s=96&d=mm&r=g","caption":"Av. Deniz Can K\u0131z\u0131l"},"sameAs":["http:\/\/www.denizcankizil.tr"],"url":"https:\/\/denizcankizil.tr\/ru\/author\/denizcankizil\/"}]}},"_links":{"self":[{"href":"https:\/\/denizcankizil.tr\/ru\/wp-json\/wp\/v2\/posts\/31770","targetHints":{"allow":["GET"]}}],"collection":[{"href":"https:\/\/denizcankizil.tr\/ru\/wp-json\/wp\/v2\/posts"}],"about":[{"href":"https:\/\/denizcankizil.tr\/ru\/wp-json\/wp\/v2\/types\/post"}],"author":[{"embeddable":true,"href":"https:\/\/denizcankizil.tr\/ru\/wp-json\/wp\/v2\/users\/4"}],"replies":[{"embeddable":true,"href":"https:\/\/denizcankizil.tr\/ru\/wp-json\/wp\/v2\/comments?post=31770"}],"version-history":[{"count":0,"href":"https:\/\/denizcankizil.tr\/ru\/wp-json\/wp\/v2\/posts\/31770\/revisions"}],"wp:featuredmedia":[{"embeddable":true,"href":"https:\/\/denizcankizil.tr\/ru\/wp-json\/wp\/v2\/media\/31771"}],"wp:attachment":[{"href":"https:\/\/denizcankizil.tr\/ru\/wp-json\/wp\/v2\/media?parent=31770"}],"wp:term":[{"taxonomy":"category","embeddable":true,"href":"https:\/\/denizcankizil.tr\/ru\/wp-json\/wp\/v2\/categories?post=31770"},{"taxonomy":"post_tag","embeddable":true,"href":"https:\/\/denizcankizil.tr\/ru\/wp-json\/wp\/v2\/tags?post=31770"}],"curies":[{"name":"wp","href":"https:\/\/api.w.org\/{rel}","templated":true}]}}