{"id":31333,"date":"2025-02-08T22:41:20","date_gmt":"2025-02-08T19:41:20","guid":{"rendered":"https:\/\/denizcankizil.tr\/uncategorized-tr\/baskan-niyazi-nefi-karaya-vizyoner-odul\/"},"modified":"2025-02-08T22:41:20","modified_gmt":"2025-02-08T19:41:20","slug":"baskan-niyazi-nefi-karaya-vizyoner-odul","status":"publish","type":"post","link":"https:\/\/denizcankizil.tr\/ru\/haberler\/gundem\/baskan-niyazi-nefi-karaya-vizyoner-odul\/","title":{"rendered":"Ba\u015fkan Niyazi Nefi Kara&#8217;ya vizyoner \u00f6d\u00fcl!"},"content":{"rendered":"<p>Manavgat Belediye Ba\u015fkan\u0131 Dr. Niyazi Nefi Kara, \u015eehir ve Belediye Dergisi taraf\u0131ndan d\u00fczenlenen Vizyon \u00d6d\u00fclleri kapsam\u0131nda, \u00e7evre ve do\u011fa ile uyumlu kalk\u0131nma hamleleri nedeniyle \u201cS\u00fcrd\u00fcr\u00fclebilir \u00c7evre\u201d \u00f6d\u00fcl\u00fcne lay\u0131k g\u00f6r\u00fcld\u00fc. \u00d6d\u00fcl t\u00f6reni, \u0130stanbul\u2019da ger\u00e7ekle\u015ftirilen g\u00f6rkemli bir organizasyonla yap\u0131ld\u0131 ve \u00f6d\u00fcl, Ba\u015fkan Kara\u2019ya takdim edildi.<\/p>\n<p>KIYMETL\u0130 B\u0130R \u00d6D\u00dcL T\u00d6REN\u0130<\/p>\n<p>\u00d6d\u00fcl t\u00f6reninin ard\u0131ndan bir a\u00e7\u0131klama yapan Manavgat Belediye Ba\u015fkan\u0131 Dr. Niyazi Nefi Kara, &#8220;\u015eehir ve Belediye Dergisi\u2019nin d\u00fczenledi\u011fi Vizyon \u00d6d\u00fclleri kapsam\u0131nda, Manavgat\u2019ta \u00e7evre ve do\u011fa ile uyumlu kalk\u0131nma hamlelerimizden dolay\u0131 \u015fahs\u0131ma \u2018S\u00fcrd\u00fcr\u00fclebilir \u00c7evre \u00d6d\u00fcl\u00fc\u2019 lay\u0131k g\u00f6r\u00fcld\u00fc. Kentlerine kal\u0131c\u0131 de\u011ferler kazand\u0131ran yerel y\u00f6neticiler, i\u015f insanlar\u0131, spor ve sanat camias\u0131n\u0131n en iyilerinin belirlendi\u011fi b\u00f6ylesine k\u0131ymetli bir \u00f6d\u00fcl t\u00f6reninde Manavgat\u2019\u0131m\u0131z\u0131 temsil etmenin gururunu ya\u015fad\u0131m&#8221; dedi.<\/p>\n<p>MANAVGAT HALKINA TE\u015eEKK\u00dcR<\/p>\n<p>Ba\u015fkan Kara, \u00f6d\u00fcle lay\u0131k g\u00f6r\u00fclmesinde eme\u011fi ge\u00e7en t\u00fcm ekip arkada\u015flar\u0131na ve do\u011fay\u0131 koruma noktas\u0131nda destek veren Manavgat halk\u0131na te\u015fekk\u00fcr ederek, &#8220;Bu \u00f6d\u00fclde eme\u011fi ge\u00e7en t\u00fcm ekip arkada\u015flar\u0131ma, do\u011fay\u0131 koruma noktas\u0131nda bizlere destek olan Manavgat halk\u0131na ve b\u00f6ylesine anlaml\u0131 bir \u00f6d\u00fcle bizi lay\u0131k g\u00f6ren \u015eehir ve Belediye Dergisi\u2019ne te\u015fekk\u00fcr ediyorum&#8221; diye konu\u015ftu.\u00a0<\/p>\n<p>\u00d6D\u00dcLE KONU OLAN \u00c7ALI\u015eMALAR<\/p>\n<p>Manavgat, son y\u0131llarda \u00e7evre dostu projeleri ile dikkat \u00e7ekiyor. Ba\u015fkan Kara, deniz kaplumba\u011falar\u0131n\u0131n ya\u015fam alanlar\u0131n\u0131n korunmas\u0131, plastik geri d\u00f6n\u00fc\u015f\u00fcm\u00fc ve a\u011fa\u00e7land\u0131rma faaliyetlerine \u00f6nc\u00fcl\u00fck ediyor. Kara, s\u00fcrd\u00fcr\u00fclebilir \u00e7evre politikalar\u0131yla, Manavgat\u2019\u0131 do\u011fayla uyumlu bir \u015fekilde geli\u015ftirmeyi ve yerel kalk\u0131nmay\u0131 g\u00fc\u00e7lendirmeyi ama\u00e7l\u0131yor.<\/p>\n<p>\u200bManavgat Belediye Ba\u015fkan\u0131 Niyazi Nefi Kara, &#8220;Vizyon \u00d6d\u00fclleri&#8221; kapsam\u0131nda, &#8220;S\u00fcrd\u00fcr\u00fclebilir \u00c7evre&#8221; \u00f6d\u00fcl\u00fcne lay\u0131k g\u00f6r\u00fcld\u00fc\u00a0<\/p>\n<p>\u200bHaberin Al\u0131nt\u0131land\u0131\u011f\u0131 Kaynak: www.antalyakorfez.com<\/p>","protected":false},"excerpt":{"rendered":"<p>Manavgat Belediye Ba\u015fkan\u0131 Dr. Niyazi Nefi Kara, \u015eehir ve Belediye Dergisi taraf\u0131ndan d\u00fczenlenen Vizyon \u00d6d\u00fclleri kapsam\u0131nda, \u00e7evre ve do\u011fa ile uyumlu kalk\u0131nma hamleleri nedeniyle \u201cS\u00fcrd\u00fcr\u00fclebilir \u00c7evre\u201d \u00f6d\u00fcl\u00fcne lay\u0131k g\u00f6r\u00fcld\u00fc. \u00d6d\u00fcl t\u00f6reni, \u0130stanbul\u2019da ger\u00e7ekle\u015ftirilen g\u00f6rkemli bir organizasyonla yap\u0131ld\u0131 ve \u00f6d\u00fcl, Ba\u015fkan Kara\u2019ya takdim edildi. KIYMETL\u0130 B\u0130R \u00d6D\u00dcL T\u00d6REN\u0130 \u00d6d\u00fcl t\u00f6reninin ard\u0131ndan bir a\u00e7\u0131klama yapan Manavgat Belediye Ba\u015fkan\u0131 Dr. Niyazi Nefi Kara, &#8220;\u015eehir ve Belediye Dergisi\u2019nin d\u00fczenledi\u011fi Vizyon \u00d6d\u00fclleri kapsam\u0131nda, Manavgat\u2019ta \u00e7evre ve do\u011fa ile uyumlu kalk\u0131nma hamlelerimizden dolay\u0131 \u015fahs\u0131ma \u2018S\u00fcrd\u00fcr\u00fclebilir \u00c7evre \u00d6d\u00fcl\u00fc\u2019 lay\u0131k g\u00f6r\u00fcld\u00fc. Kentlerine kal\u0131c\u0131 de\u011ferler kazand\u0131ran yerel y\u00f6neticiler, i\u015f insanlar\u0131, spor ve sanat camias\u0131n\u0131n en iyilerinin belirlendi\u011fi b\u00f6ylesine k\u0131ymetli bir \u00f6d\u00fcl t\u00f6reninde Manavgat\u2019\u0131m\u0131z\u0131 temsil etmenin gururunu ya\u015fad\u0131m&#8221; dedi. MANAVGAT HALKINA TE\u015eEKK\u00dcR Ba\u015fkan Kara, \u00f6d\u00fcle lay\u0131k g\u00f6r\u00fclmesinde eme\u011fi ge\u00e7en t\u00fcm ekip arkada\u015flar\u0131na ve do\u011fay\u0131 koruma noktas\u0131nda destek veren Manavgat halk\u0131na te\u015fekk\u00fcr ederek, &#8220;Bu \u00f6d\u00fclde eme\u011fi ge\u00e7en t\u00fcm ekip arkada\u015flar\u0131ma, do\u011fay\u0131 koruma noktas\u0131nda bizlere destek olan Manavgat halk\u0131na ve b\u00f6ylesine anlaml\u0131 bir \u00f6d\u00fcle bizi lay\u0131k g\u00f6ren \u015eehir ve Belediye Dergisi\u2019ne te\u015fekk\u00fcr ediyorum&#8221; diye konu\u015ftu.\u00a0 \u00d6D\u00dcLE KONU OLAN \u00c7ALI\u015eMALAR Manavgat, son y\u0131llarda \u00e7evre dostu projeleri ile dikkat \u00e7ekiyor. Ba\u015fkan Kara, deniz kaplumba\u011falar\u0131n\u0131n ya\u015fam alanlar\u0131n\u0131n korunmas\u0131, plastik geri d\u00f6n\u00fc\u015f\u00fcm\u00fc ve a\u011fa\u00e7land\u0131rma faaliyetlerine \u00f6nc\u00fcl\u00fck ediyor. Kara, s\u00fcrd\u00fcr\u00fclebilir \u00e7evre politikalar\u0131yla, Manavgat\u2019\u0131 do\u011fayla uyumlu bir \u015fekilde &hellip;<\/p>","protected":false},"author":5,"featured_media":0,"comment_status":"open","ping_status":"open","sticky":false,"template":"","format":"standard","meta":{"_acf_changed":false,"footnotes":""},"categories":[24],"tags":[],"class_list":["post-31333","post","type-post","status-publish","format-standard","has-post-thumbnail","hentry","category-gundem"],"acf":[],"yoast_head":"<!-- This site is optimized with the Yoast SEO Premium plugin v26.6 (Yoast SEO v27.1.1) - https:\/\/yoast.com\/product\/yoast-seo-premium-wordpress\/ -->\n<title>Ba\u015fkan Niyazi Nefi Kara&#039;ya vizyoner \u00f6d\u00fcl! - Av. Deniz Can K\u0131z\u0131l<\/title>\n<meta name=\"robots\" content=\"index, follow, max-snippet:-1, max-image-preview:large, max-video-preview:-1\" \/>\n<link rel=\"canonical\" href=\"http:\/\/denizcankizil.tr\/ru\/haberler\/gundem\/baskan-niyazi-nefi-karaya-vizyoner-odul\/\" \/>\n<meta property=\"og:locale\" content=\"ru_RU\" \/>\n<meta property=\"og:type\" content=\"article\" \/>\n<meta property=\"og:title\" content=\"Ba\u015fkan Niyazi Nefi Kara&#039;ya vizyoner \u00f6d\u00fcl!\" \/>\n<meta property=\"og:description\" content=\"Manavgat Belediye Ba\u015fkan\u0131 Dr. Niyazi Nefi Kara, \u015eehir ve Belediye Dergisi taraf\u0131ndan d\u00fczenlenen Vizyon \u00d6d\u00fclleri kapsam\u0131nda, \u00e7evre ve do\u011fa ile uyumlu kalk\u0131nma hamleleri nedeniyle \u201cS\u00fcrd\u00fcr\u00fclebilir \u00c7evre\u201d \u00f6d\u00fcl\u00fcne lay\u0131k g\u00f6r\u00fcld\u00fc. \u00d6d\u00fcl t\u00f6reni, \u0130stanbul\u2019da ger\u00e7ekle\u015ftirilen g\u00f6rkemli bir organizasyonla yap\u0131ld\u0131 ve \u00f6d\u00fcl, Ba\u015fkan Kara\u2019ya takdim edildi. KIYMETL\u0130 B\u0130R \u00d6D\u00dcL T\u00d6REN\u0130 \u00d6d\u00fcl t\u00f6reninin ard\u0131ndan bir a\u00e7\u0131klama yapan Manavgat Belediye Ba\u015fkan\u0131 Dr. Niyazi Nefi Kara, &#8220;\u015eehir ve Belediye Dergisi\u2019nin d\u00fczenledi\u011fi Vizyon \u00d6d\u00fclleri kapsam\u0131nda, Manavgat\u2019ta \u00e7evre ve do\u011fa ile uyumlu kalk\u0131nma hamlelerimizden dolay\u0131 \u015fahs\u0131ma \u2018S\u00fcrd\u00fcr\u00fclebilir \u00c7evre \u00d6d\u00fcl\u00fc\u2019 lay\u0131k g\u00f6r\u00fcld\u00fc. Kentlerine kal\u0131c\u0131 de\u011ferler kazand\u0131ran yerel y\u00f6neticiler, i\u015f insanlar\u0131, spor ve sanat camias\u0131n\u0131n en iyilerinin belirlendi\u011fi b\u00f6ylesine k\u0131ymetli bir \u00f6d\u00fcl t\u00f6reninde Manavgat\u2019\u0131m\u0131z\u0131 temsil etmenin gururunu ya\u015fad\u0131m&#8221; dedi. MANAVGAT HALKINA TE\u015eEKK\u00dcR Ba\u015fkan Kara, \u00f6d\u00fcle lay\u0131k g\u00f6r\u00fclmesinde eme\u011fi ge\u00e7en t\u00fcm ekip arkada\u015flar\u0131na ve do\u011fay\u0131 koruma noktas\u0131nda destek veren Manavgat halk\u0131na te\u015fekk\u00fcr ederek, &#8220;Bu \u00f6d\u00fclde eme\u011fi ge\u00e7en t\u00fcm ekip arkada\u015flar\u0131ma, do\u011fay\u0131 koruma noktas\u0131nda bizlere destek olan Manavgat halk\u0131na ve b\u00f6ylesine anlaml\u0131 bir \u00f6d\u00fcle bizi lay\u0131k g\u00f6ren \u015eehir ve Belediye Dergisi\u2019ne te\u015fekk\u00fcr ediyorum&#8221; diye konu\u015ftu.\u00a0 \u00d6D\u00dcLE KONU OLAN \u00c7ALI\u015eMALAR Manavgat, son y\u0131llarda \u00e7evre dostu projeleri ile dikkat \u00e7ekiyor. Ba\u015fkan Kara, deniz kaplumba\u011falar\u0131n\u0131n ya\u015fam alanlar\u0131n\u0131n korunmas\u0131, plastik geri d\u00f6n\u00fc\u015f\u00fcm\u00fc ve a\u011fa\u00e7land\u0131rma faaliyetlerine \u00f6nc\u00fcl\u00fck ediyor. Kara, s\u00fcrd\u00fcr\u00fclebilir \u00e7evre politikalar\u0131yla, Manavgat\u2019\u0131 do\u011fayla uyumlu bir \u015fekilde &hellip;\" \/>\n<meta property=\"og:url\" content=\"http:\/\/denizcankizil.tr\/ru\/haberler\/gundem\/baskan-niyazi-nefi-karaya-vizyoner-odul\/\" \/>\n<meta property=\"og:site_name\" content=\"Av. Deniz Can K\u0131z\u0131l\" \/>\n<meta property=\"article:published_time\" content=\"2025-02-08T19:41:20+00:00\" \/>\n<meta name=\"author\" content=\"Antalya K\u00f6rfez\" \/>\n<meta name=\"twitter:card\" content=\"summary_large_image\" \/>\n<meta name=\"twitter:label1\" content=\"\u041d\u0430\u043f\u0438\u0441\u0430\u043d\u043e \u0430\u0432\u0442\u043e\u0440\u043e\u043c\" \/>\n\t<meta name=\"twitter:data1\" content=\"Antalya K\u00f6rfez\" \/>\n\t<meta name=\"twitter:label2\" content=\"\u041f\u0440\u0438\u043c\u0435\u0440\u043d\u043e\u0435 \u0432\u0440\u0435\u043c\u044f \u0434\u043b\u044f \u0447\u0442\u0435\u043d\u0438\u044f\" \/>\n\t<meta name=\"twitter:data2\" content=\"2 \u043c\u0438\u043d\u0443\u0442\u044b\" \/>\n<script type=\"application\/ld+json\" class=\"yoast-schema-graph\">{\"@context\":\"https:\/\/schema.org\",\"@graph\":[{\"@type\":\"Article\",\"@id\":\"http:\/\/denizcankizil.tr\/en\/haberler\/gundem\/baskan-niyazi-nefi-karaya-vizyoner-odul\/#article\",\"isPartOf\":{\"@id\":\"http:\/\/denizcankizil.tr\/en\/haberler\/gundem\/baskan-niyazi-nefi-karaya-vizyoner-odul\/\"},\"author\":{\"name\":\"Antalya K\u00f6rfez\",\"@id\":\"https:\/\/denizcankizil.tr\/#\/schema\/person\/e1eb71bb4dd684d46563f0af307e1234\"},\"headline\":\"Ba\u015fkan Niyazi Nefi Kara&#8217;ya vizyoner \u00f6d\u00fcl!\",\"datePublished\":\"2025-02-08T19:41:20+00:00\",\"mainEntityOfPage\":{\"@id\":\"http:\/\/denizcankizil.tr\/en\/haberler\/gundem\/baskan-niyazi-nefi-karaya-vizyoner-odul\/\"},\"wordCount\":373,\"commentCount\":0,\"publisher\":{\"@id\":\"https:\/\/denizcankizil.tr\/#organization\"},\"articleSection\":[\"G\u00fcndem\"],\"inLanguage\":\"ru-RU\",\"potentialAction\":[{\"@type\":\"CommentAction\",\"name\":\"Comment\",\"target\":[\"http:\/\/denizcankizil.tr\/en\/haberler\/gundem\/baskan-niyazi-nefi-karaya-vizyoner-odul\/#respond\"]}]},{\"@type\":\"WebPage\",\"@id\":\"http:\/\/denizcankizil.tr\/en\/haberler\/gundem\/baskan-niyazi-nefi-karaya-vizyoner-odul\/\",\"url\":\"http:\/\/denizcankizil.tr\/en\/haberler\/gundem\/baskan-niyazi-nefi-karaya-vizyoner-odul\/\",\"name\":\"Ba\u015fkan Niyazi Nefi Kara'ya vizyoner \u00f6d\u00fcl! - Av. Deniz Can K\u0131z\u0131l\",\"isPartOf\":{\"@id\":\"https:\/\/denizcankizil.tr\/#website\"},\"datePublished\":\"2025-02-08T19:41:20+00:00\",\"breadcrumb\":{\"@id\":\"http:\/\/denizcankizil.tr\/en\/haberler\/gundem\/baskan-niyazi-nefi-karaya-vizyoner-odul\/#breadcrumb\"},\"inLanguage\":\"ru-RU\",\"potentialAction\":[{\"@type\":\"ReadAction\",\"target\":[\"http:\/\/denizcankizil.tr\/en\/haberler\/gundem\/baskan-niyazi-nefi-karaya-vizyoner-odul\/\"]}]},{\"@type\":\"BreadcrumbList\",\"@id\":\"http:\/\/denizcankizil.tr\/en\/haberler\/gundem\/baskan-niyazi-nefi-karaya-vizyoner-odul\/#breadcrumb\",\"itemListElement\":[{\"@type\":\"ListItem\",\"position\":1,\"name\":\"Home\",\"item\":\"https:\/\/denizcankizil.tr\/de\/\"},{\"@type\":\"ListItem\",\"position\":2,\"name\":\"Ba\u015fkan Niyazi Nefi Kara&#8217;ya vizyoner \u00f6d\u00fcl!\"}]},{\"@type\":\"WebSite\",\"@id\":\"https:\/\/denizcankizil.tr\/#website\",\"url\":\"https:\/\/denizcankizil.tr\/\",\"name\":\"Av. Deniz Can K\u0131z\u0131l\",\"description\":\"Avukat Deniz Can K\u0131z\u0131l Antalya Barosu\",\"publisher\":{\"@id\":\"https:\/\/denizcankizil.tr\/#organization\"},\"potentialAction\":[{\"@type\":\"SearchAction\",\"target\":{\"@type\":\"EntryPoint\",\"urlTemplate\":\"https:\/\/denizcankizil.tr\/?s={search_term_string}\"},\"query-input\":{\"@type\":\"PropertyValueSpecification\",\"valueRequired\":true,\"valueName\":\"search_term_string\"}}],\"inLanguage\":\"ru-RU\"},{\"@type\":\"Organization\",\"@id\":\"https:\/\/denizcankizil.tr\/#organization\",\"name\":\"Av. Deniz Can K\u0131z\u0131l\",\"url\":\"https:\/\/denizcankizil.tr\/\",\"logo\":{\"@type\":\"ImageObject\",\"inLanguage\":\"ru-RU\",\"@id\":\"https:\/\/denizcankizil.tr\/#\/schema\/logo\/image\/\",\"url\":\"https:\/\/denizcankizil.tr\/wp-content\/uploads\/2024\/10\/siyah-logo-svg.svg\",\"contentUrl\":\"https:\/\/denizcankizil.tr\/wp-content\/uploads\/2024\/10\/siyah-logo-svg.svg\",\"width\":1080,\"height\":1080,\"caption\":\"Av. Deniz Can K\u0131z\u0131l\"},\"image\":{\"@id\":\"https:\/\/denizcankizil.tr\/#\/schema\/logo\/image\/\"}},{\"@type\":\"Person\",\"@id\":\"https:\/\/denizcankizil.tr\/#\/schema\/person\/e1eb71bb4dd684d46563f0af307e1234\",\"name\":\"Antalya K\u00f6rfez\",\"image\":{\"@type\":\"ImageObject\",\"inLanguage\":\"ru-RU\",\"@id\":\"https:\/\/denizcankizil.tr\/#\/schema\/person\/image\/\",\"url\":\"https:\/\/secure.gravatar.com\/avatar\/42b01982558a48a0b501fdcab6a408d3717ea5919095ee2e67b0e521799c5905?s=96&d=mm&r=g\",\"contentUrl\":\"https:\/\/secure.gravatar.com\/avatar\/42b01982558a48a0b501fdcab6a408d3717ea5919095ee2e67b0e521799c5905?s=96&d=mm&r=g\",\"caption\":\"Antalya K\u00f6rfez\"},\"sameAs\":[\"http:\/\/www.antalyakorfez.com\"],\"url\":\"https:\/\/www.antalyakorfez.com\/baskan-niyazi-nefi-karaya-vizyoner-odul\"}]}<\/script>\n<!-- \/ Yoast SEO Premium plugin. -->","yoast_head_json":{"title":"Ba\u015fkan Niyazi Nefi Kara'ya vizyoner \u00f6d\u00fcl! - Av. Deniz Can K\u0131z\u0131l","robots":{"index":"index","follow":"follow","max-snippet":"max-snippet:-1","max-image-preview":"max-image-preview:large","max-video-preview":"max-video-preview:-1"},"canonical":"http:\/\/denizcankizil.tr\/ru\/haberler\/gundem\/baskan-niyazi-nefi-karaya-vizyoner-odul\/","og_locale":"ru_RU","og_type":"article","og_title":"Ba\u015fkan Niyazi Nefi Kara'ya vizyoner \u00f6d\u00fcl!","og_description":"Manavgat Belediye Ba\u015fkan\u0131 Dr. Niyazi Nefi Kara, \u015eehir ve Belediye Dergisi taraf\u0131ndan d\u00fczenlenen Vizyon \u00d6d\u00fclleri kapsam\u0131nda, \u00e7evre ve do\u011fa ile uyumlu kalk\u0131nma hamleleri nedeniyle \u201cS\u00fcrd\u00fcr\u00fclebilir \u00c7evre\u201d \u00f6d\u00fcl\u00fcne lay\u0131k g\u00f6r\u00fcld\u00fc. \u00d6d\u00fcl t\u00f6reni, \u0130stanbul\u2019da ger\u00e7ekle\u015ftirilen g\u00f6rkemli bir organizasyonla yap\u0131ld\u0131 ve \u00f6d\u00fcl, Ba\u015fkan Kara\u2019ya takdim edildi. KIYMETL\u0130 B\u0130R \u00d6D\u00dcL T\u00d6REN\u0130 \u00d6d\u00fcl t\u00f6reninin ard\u0131ndan bir a\u00e7\u0131klama yapan Manavgat Belediye Ba\u015fkan\u0131 Dr. Niyazi Nefi Kara, &#8220;\u015eehir ve Belediye Dergisi\u2019nin d\u00fczenledi\u011fi Vizyon \u00d6d\u00fclleri kapsam\u0131nda, Manavgat\u2019ta \u00e7evre ve do\u011fa ile uyumlu kalk\u0131nma hamlelerimizden dolay\u0131 \u015fahs\u0131ma \u2018S\u00fcrd\u00fcr\u00fclebilir \u00c7evre \u00d6d\u00fcl\u00fc\u2019 lay\u0131k g\u00f6r\u00fcld\u00fc. Kentlerine kal\u0131c\u0131 de\u011ferler kazand\u0131ran yerel y\u00f6neticiler, i\u015f insanlar\u0131, spor ve sanat camias\u0131n\u0131n en iyilerinin belirlendi\u011fi b\u00f6ylesine k\u0131ymetli bir \u00f6d\u00fcl t\u00f6reninde Manavgat\u2019\u0131m\u0131z\u0131 temsil etmenin gururunu ya\u015fad\u0131m&#8221; dedi. MANAVGAT HALKINA TE\u015eEKK\u00dcR Ba\u015fkan Kara, \u00f6d\u00fcle lay\u0131k g\u00f6r\u00fclmesinde eme\u011fi ge\u00e7en t\u00fcm ekip arkada\u015flar\u0131na ve do\u011fay\u0131 koruma noktas\u0131nda destek veren Manavgat halk\u0131na te\u015fekk\u00fcr ederek, &#8220;Bu \u00f6d\u00fclde eme\u011fi ge\u00e7en t\u00fcm ekip arkada\u015flar\u0131ma, do\u011fay\u0131 koruma noktas\u0131nda bizlere destek olan Manavgat halk\u0131na ve b\u00f6ylesine anlaml\u0131 bir \u00f6d\u00fcle bizi lay\u0131k g\u00f6ren \u015eehir ve Belediye Dergisi\u2019ne te\u015fekk\u00fcr ediyorum&#8221; diye konu\u015ftu.\u00a0 \u00d6D\u00dcLE KONU OLAN \u00c7ALI\u015eMALAR Manavgat, son y\u0131llarda \u00e7evre dostu projeleri ile dikkat \u00e7ekiyor. Ba\u015fkan Kara, deniz kaplumba\u011falar\u0131n\u0131n ya\u015fam alanlar\u0131n\u0131n korunmas\u0131, plastik geri d\u00f6n\u00fc\u015f\u00fcm\u00fc ve a\u011fa\u00e7land\u0131rma faaliyetlerine \u00f6nc\u00fcl\u00fck ediyor. Kara, s\u00fcrd\u00fcr\u00fclebilir \u00e7evre politikalar\u0131yla, Manavgat\u2019\u0131 do\u011fayla uyumlu bir \u015fekilde &hellip;","og_url":"http:\/\/denizcankizil.tr\/ru\/haberler\/gundem\/baskan-niyazi-nefi-karaya-vizyoner-odul\/","og_site_name":"Av. Deniz Can K\u0131z\u0131l","article_published_time":"2025-02-08T19:41:20+00:00","author":"Antalya K\u00f6rfez","twitter_card":"summary_large_image","twitter_misc":{"\u041d\u0430\u043f\u0438\u0441\u0430\u043d\u043e \u0430\u0432\u0442\u043e\u0440\u043e\u043c":"Antalya K\u00f6rfez","\u041f\u0440\u0438\u043c\u0435\u0440\u043d\u043e\u0435 \u0432\u0440\u0435\u043c\u044f \u0434\u043b\u044f \u0447\u0442\u0435\u043d\u0438\u044f":"2 \u043c\u0438\u043d\u0443\u0442\u044b"},"schema":{"@context":"https:\/\/schema.org","@graph":[{"@type":"Article","@id":"http:\/\/denizcankizil.tr\/en\/haberler\/gundem\/baskan-niyazi-nefi-karaya-vizyoner-odul\/#article","isPartOf":{"@id":"http:\/\/denizcankizil.tr\/en\/haberler\/gundem\/baskan-niyazi-nefi-karaya-vizyoner-odul\/"},"author":{"name":"Antalya K\u00f6rfez","@id":"https:\/\/denizcankizil.tr\/#\/schema\/person\/e1eb71bb4dd684d46563f0af307e1234"},"headline":"Ba\u015fkan Niyazi Nefi Kara&#8217;ya vizyoner \u00f6d\u00fcl!","datePublished":"2025-02-08T19:41:20+00:00","mainEntityOfPage":{"@id":"http:\/\/denizcankizil.tr\/en\/haberler\/gundem\/baskan-niyazi-nefi-karaya-vizyoner-odul\/"},"wordCount":373,"commentCount":0,"publisher":{"@id":"https:\/\/denizcankizil.tr\/#organization"},"articleSection":["G\u00fcndem"],"inLanguage":"ru-RU","potentialAction":[{"@type":"CommentAction","name":"Comment","target":["http:\/\/denizcankizil.tr\/en\/haberler\/gundem\/baskan-niyazi-nefi-karaya-vizyoner-odul\/#respond"]}]},{"@type":"WebPage","@id":"http:\/\/denizcankizil.tr\/en\/haberler\/gundem\/baskan-niyazi-nefi-karaya-vizyoner-odul\/","url":"http:\/\/denizcankizil.tr\/en\/haberler\/gundem\/baskan-niyazi-nefi-karaya-vizyoner-odul\/","name":"Ba\u015fkan Niyazi Nefi Kara'ya vizyoner \u00f6d\u00fcl! - Av. Deniz Can K\u0131z\u0131l","isPartOf":{"@id":"https:\/\/denizcankizil.tr\/#website"},"datePublished":"2025-02-08T19:41:20+00:00","breadcrumb":{"@id":"http:\/\/denizcankizil.tr\/en\/haberler\/gundem\/baskan-niyazi-nefi-karaya-vizyoner-odul\/#breadcrumb"},"inLanguage":"ru-RU","potentialAction":[{"@type":"ReadAction","target":["http:\/\/denizcankizil.tr\/en\/haberler\/gundem\/baskan-niyazi-nefi-karaya-vizyoner-odul\/"]}]},{"@type":"BreadcrumbList","@id":"http:\/\/denizcankizil.tr\/en\/haberler\/gundem\/baskan-niyazi-nefi-karaya-vizyoner-odul\/#breadcrumb","itemListElement":[{"@type":"ListItem","position":1,"name":"Home","item":"https:\/\/denizcankizil.tr\/de\/"},{"@type":"ListItem","position":2,"name":"Ba\u015fkan Niyazi Nefi Kara&#8217;ya vizyoner \u00f6d\u00fcl!"}]},{"@type":"WebSite","@id":"https:\/\/denizcankizil.tr\/#website","url":"https:\/\/denizcankizil.tr\/","name":"Av. Deniz Can K\u0131z\u0131l","description":"Avukat Deniz Can K\u0131z\u0131l Antalya Barosu","publisher":{"@id":"https:\/\/denizcankizil.tr\/#organization"},"potentialAction":[{"@type":"SearchAction","target":{"@type":"EntryPoint","urlTemplate":"https:\/\/denizcankizil.tr\/?s={search_term_string}"},"query-input":{"@type":"PropertyValueSpecification","valueRequired":true,"valueName":"search_term_string"}}],"inLanguage":"ru-RU"},{"@type":"Organization","@id":"https:\/\/denizcankizil.tr\/#organization","name":"Av. Deniz Can K\u0131z\u0131l","url":"https:\/\/denizcankizil.tr\/","logo":{"@type":"ImageObject","inLanguage":"ru-RU","@id":"https:\/\/denizcankizil.tr\/#\/schema\/logo\/image\/","url":"https:\/\/denizcankizil.tr\/wp-content\/uploads\/2024\/10\/siyah-logo-svg.svg","contentUrl":"https:\/\/denizcankizil.tr\/wp-content\/uploads\/2024\/10\/siyah-logo-svg.svg","width":1080,"height":1080,"caption":"Av. Deniz Can K\u0131z\u0131l"},"image":{"@id":"https:\/\/denizcankizil.tr\/#\/schema\/logo\/image\/"}},{"@type":"Person","@id":"https:\/\/denizcankizil.tr\/#\/schema\/person\/e1eb71bb4dd684d46563f0af307e1234","name":"Antalya K\u00f6rfez","image":{"@type":"ImageObject","inLanguage":"ru-RU","@id":"https:\/\/denizcankizil.tr\/#\/schema\/person\/image\/","url":"https:\/\/secure.gravatar.com\/avatar\/42b01982558a48a0b501fdcab6a408d3717ea5919095ee2e67b0e521799c5905?s=96&d=mm&r=g","contentUrl":"https:\/\/secure.gravatar.com\/avatar\/42b01982558a48a0b501fdcab6a408d3717ea5919095ee2e67b0e521799c5905?s=96&d=mm&r=g","caption":"Antalya K\u00f6rfez"},"sameAs":["http:\/\/www.antalyakorfez.com"],"url":"https:\/\/www.antalyakorfez.com\/baskan-niyazi-nefi-karaya-vizyoner-odul"}]}},"_links":{"self":[{"href":"https:\/\/denizcankizil.tr\/ru\/wp-json\/wp\/v2\/posts\/31333","targetHints":{"allow":["GET"]}}],"collection":[{"href":"https:\/\/denizcankizil.tr\/ru\/wp-json\/wp\/v2\/posts"}],"about":[{"href":"https:\/\/denizcankizil.tr\/ru\/wp-json\/wp\/v2\/types\/post"}],"author":[{"embeddable":true,"href":"https:\/\/denizcankizil.tr\/ru\/wp-json\/wp\/v2\/users\/5"}],"replies":[{"embeddable":true,"href":"https:\/\/denizcankizil.tr\/ru\/wp-json\/wp\/v2\/comments?post=31333"}],"version-history":[{"count":0,"href":"https:\/\/denizcankizil.tr\/ru\/wp-json\/wp\/v2\/posts\/31333\/revisions"}],"wp:attachment":[{"href":"https:\/\/denizcankizil.tr\/ru\/wp-json\/wp\/v2\/media?parent=31333"}],"wp:term":[{"taxonomy":"category","embeddable":true,"href":"https:\/\/denizcankizil.tr\/ru\/wp-json\/wp\/v2\/categories?post=31333"},{"taxonomy":"post_tag","embeddable":true,"href":"https:\/\/denizcankizil.tr\/ru\/wp-json\/wp\/v2\/tags?post=31333"}],"curies":[{"name":"wp","href":"https:\/\/api.w.org\/{rel}","templated":true}]}}