{"id":30968,"date":"2025-02-07T12:42:30","date_gmt":"2025-02-07T09:42:30","guid":{"rendered":"https:\/\/denizcankizil.tr\/uncategorized-tr\/antalyada-sokak-hayvanlari-artik-hastane-bahcelerine-giremeyecek\/"},"modified":"2025-02-07T12:42:30","modified_gmt":"2025-02-07T09:42:30","slug":"antalyada-sokak-hayvanlari-artik-hastane-bahcelerine-giremeyecek","status":"publish","type":"post","link":"https:\/\/denizcankizil.tr\/ru\/haberler\/gundem\/antalyada-sokak-hayvanlari-artik-hastane-bahcelerine-giremeyecek\/","title":{"rendered":"Antalya\u2019da sokak hayvanlar\u0131 art\u0131k hastane bah\u00e7elerine giremeyecek"},"content":{"rendered":"<p>Sa\u011fl\u0131k Bakanl\u0131\u011f\u0131; valilik, il sa\u011fl\u0131k m\u00fcd\u00fcrl\u00fckleri ve tar\u0131m ve orman m\u00fcd\u00fcrl\u00fcklerine,\u00a0 &#8220;Sa\u011fl\u0131k Kurulu\u015flar\u0131nda Sahipsiz Hayvanlarla \u0130lgili Al\u0131nmas\u0131 Gereken Tedbirler&#8221; ba\u015fl\u0131kl\u0131 yaz\u0131 g\u00f6nderdi. Yaz\u0131da ba\u015fta k\u00f6pekler olmak \u00fczere sahipsiz hayvanlarla ilgili gerekli tedbirlerin al\u0131nmas\u0131 istendi. Bu yaz\u0131 sonras\u0131 sokak hayvanlar\u0131n\u0131n hastane yerle\u015fkelerine girmesi yasakland\u0131.\u00a0<\/p>\n<p>ANTALYA\u2019DA HASTANE BAH\u00c7ELER\u0130NE G\u0130REMEYECEKLER\u00a0<\/p>\n<p>Antalya\u2019da ise pek \u00e7ok hastanenin bah\u00e7esinde sokakta ya\u015fayan kedi ve k\u00f6pekler bulunuyor. Hastanede \u00e7al\u0131\u015fan personel ve hayvansever vatanda\u015flar taraf\u0131ndan hastane bah\u00e7elerinde sokak hayvanlar\u0131 i\u00e7in mama b\u0131rak\u0131l\u0131yor. Sokak hayvanlar\u0131 \u00f6zellikle ya\u011fmurlu ve so\u011fuk havalarda hastane bah\u00e7elerine ve giri\u015flerine s\u0131\u011f\u0131n\u0131yor . Yeni yaz\u0131 ile birlikte Antalya\u2019da hastanelerin bah\u00e7elerine art\u0131k kediler ve k\u00f6pekler al\u0131nmayacak.\u00a0<\/p>\n<p>BU KARAR NEDEN ALINDI?<\/p>\n<p>Yaz\u0131da, hastane yerle\u015fkesinde ba\u015fta k\u00f6pekler olmak \u00fczere sahipsiz hayvanlarla ilgili gerekli tedbirlerin al\u0131nmas\u0131 ve sa\u011fl\u0131k kurulu\u015flar\u0131 i\u00e7erisine girmi\u015f olan sahipsiz hayvanlar\u0131n d\u0131\u015far\u0131 \u00e7\u0131kar\u0131lmas\u0131 i\u00e7in yerel y\u00f6netimlerle koordinasyon i\u00e7erisinde olunmas\u0131 istendi. Bakanl\u0131k son d\u00f6nemlerde sa\u011fl\u0131k kurulu\u015flar\u0131n\u0131n giri\u015findeki hayvanlardan dolay\u0131 vatanda\u015flardan \u00e7ok fazla \u015fikayet geldi\u011fini ve bu durumun insan sa\u011fl\u0131\u011f\u0131n\u0131 tehdit eder bir duruma geldi\u011fi belirtildi.\u00a0<\/p>\n<p>BU KARARDAN \u00c7OK DAHA \u00d6NCE YASAKLANDI\u00a0<\/p>\n<p>Antalya Atat\u00fcrk Devlet Hastanesi ise \u00e7ok \u00f6nceden sokak hayvanlar\u0131n\u0131n hastaneye giri\u015fini yasaklam\u0131\u015ft\u0131. Hastanenin ba\u015fhekimli\u011fi taraf\u0131ndan al\u0131nan kararda hayvanlar\u0131n insan sa\u011fl\u0131\u011f\u0131na zarar verdi\u011fi i\u00e7in hasta yerle\u015fkesine al\u0131nmas\u0131 ve beslenmesi yasaklanm\u0131\u015ft\u0131. Yap\u0131lan a\u00e7\u0131klamada, \u201cHastanemizde sa\u011fl\u0131kl\u0131 i\u015f ortam\u0131 ve hijyen ko\u015fullar\u0131n\u0131n olu\u015fturulmas\u0131 ve enfeksiyon a\u00e7\u0131s\u0131ndan kapal\u0131 alanlara kedi ve benzeri hayvanlar\u0131n al\u0131nmamas\u0131, beslenmemesi hususunda; gere\u011fini \u00f6nemle rica ederim\u201d denilmi\u015fti.\u00a0<\/p>\n<p>VATANDA\u015eLAR \u0130K\u0130YE B\u00d6L\u00dcND\u00dc\u00a0<\/p>\n<p>Al\u0131nan bu karar\u0131n ard\u0131ndan sosyal medya ikiye b\u00f6l\u00fcnd\u00fc. Pek \u00e7ok kullan\u0131c\u0131 al\u0131nan bu karar\u0131 desteklerken baz\u0131lar\u0131 da kar\u015f\u0131 \u00e7\u0131kt\u0131. Karar\u0131 destekleyen vatanda\u015flar bu durumun insan sa\u011fl\u0131\u011f\u0131 ve hijyen i\u00e7in do\u011fru oldu\u011funu savunurken, desteklemeyenler ise hayvanlar\u0131n nereye gidece\u011fini ve sa\u011fl\u0131kta daha \u00f6nemli sorunlar oldu\u011funu dile getirdi. \u0130\u015fte kullan\u0131c\u0131lardan gelen baz\u0131 yorumlar:\u00a0<\/p>\n<p>\u00a0<\/p>\n<p>\u200bSa\u011fl\u0131k Bakanl\u0131\u011f\u0131; valilik, sa\u011fl\u0131k il m\u00fcd\u00fcrl\u00fckleri ile tar\u0131m ve orman m\u00fcd\u00fcrl\u00fcklerine g\u00f6nderdi\u011fi yaz\u0131 ile sa\u011fl\u0131k kurulu\u015flar\u0131n\u0131n bah\u00e7esine ve yerle\u015fkesine sokak hayvanlar\u0131n\u0131n girmesini yasaklad\u0131\u00a0<\/p>\n<p>\u200bHaberin Al\u0131nt\u0131land\u0131\u011f\u0131 Kaynak: www.antalyakorfez.com<\/p>","protected":false},"excerpt":{"rendered":"<p>Sa\u011fl\u0131k Bakanl\u0131\u011f\u0131; valilik, il sa\u011fl\u0131k m\u00fcd\u00fcrl\u00fckleri ve tar\u0131m ve orman m\u00fcd\u00fcrl\u00fcklerine,\u00a0 &#8220;Sa\u011fl\u0131k Kurulu\u015flar\u0131nda Sahipsiz Hayvanlarla \u0130lgili Al\u0131nmas\u0131 Gereken Tedbirler&#8221; ba\u015fl\u0131kl\u0131 yaz\u0131 g\u00f6nderdi. Yaz\u0131da ba\u015fta k\u00f6pekler olmak \u00fczere sahipsiz hayvanlarla ilgili gerekli tedbirlerin al\u0131nmas\u0131 istendi. Bu yaz\u0131 sonras\u0131 sokak hayvanlar\u0131n\u0131n hastane yerle\u015fkelerine girmesi yasakland\u0131.\u00a0 ANTALYA\u2019DA HASTANE BAH\u00c7ELER\u0130NE G\u0130REMEYECEKLER\u00a0 Antalya\u2019da ise pek \u00e7ok hastanenin bah\u00e7esinde sokakta ya\u015fayan kedi ve k\u00f6pekler bulunuyor. Hastanede \u00e7al\u0131\u015fan personel ve hayvansever vatanda\u015flar taraf\u0131ndan hastane bah\u00e7elerinde sokak hayvanlar\u0131 i\u00e7in mama b\u0131rak\u0131l\u0131yor. Sokak hayvanlar\u0131 \u00f6zellikle ya\u011fmurlu ve so\u011fuk havalarda hastane bah\u00e7elerine ve giri\u015flerine s\u0131\u011f\u0131n\u0131yor . Yeni yaz\u0131 ile birlikte Antalya\u2019da hastanelerin bah\u00e7elerine art\u0131k kediler ve k\u00f6pekler al\u0131nmayacak.\u00a0 BU KARAR NEDEN ALINDI? Yaz\u0131da, hastane yerle\u015fkesinde ba\u015fta k\u00f6pekler olmak \u00fczere sahipsiz hayvanlarla ilgili gerekli tedbirlerin al\u0131nmas\u0131 ve sa\u011fl\u0131k kurulu\u015flar\u0131 i\u00e7erisine girmi\u015f olan sahipsiz hayvanlar\u0131n d\u0131\u015far\u0131 \u00e7\u0131kar\u0131lmas\u0131 i\u00e7in yerel y\u00f6netimlerle koordinasyon i\u00e7erisinde olunmas\u0131 istendi. Bakanl\u0131k son d\u00f6nemlerde sa\u011fl\u0131k kurulu\u015flar\u0131n\u0131n giri\u015findeki hayvanlardan dolay\u0131 vatanda\u015flardan \u00e7ok fazla \u015fikayet geldi\u011fini ve bu durumun insan sa\u011fl\u0131\u011f\u0131n\u0131 tehdit eder bir duruma geldi\u011fi belirtildi.\u00a0 BU KARARDAN \u00c7OK DAHA \u00d6NCE YASAKLANDI\u00a0 Antalya Atat\u00fcrk Devlet Hastanesi ise \u00e7ok \u00f6nceden sokak hayvanlar\u0131n\u0131n hastaneye giri\u015fini yasaklam\u0131\u015ft\u0131. Hastanenin ba\u015fhekimli\u011fi taraf\u0131ndan al\u0131nan kararda hayvanlar\u0131n insan sa\u011fl\u0131\u011f\u0131na zarar verdi\u011fi i\u00e7in hasta yerle\u015fkesine al\u0131nmas\u0131 ve beslenmesi yasaklanm\u0131\u015ft\u0131. Yap\u0131lan a\u00e7\u0131klamada, \u201cHastanemizde sa\u011fl\u0131kl\u0131 i\u015f ortam\u0131 ve hijyen ko\u015fullar\u0131n\u0131n &hellip;<\/p>","protected":false},"author":5,"featured_media":0,"comment_status":"open","ping_status":"open","sticky":false,"template":"","format":"standard","meta":{"_acf_changed":false,"footnotes":""},"categories":[24],"tags":[],"class_list":["post-30968","post","type-post","status-publish","format-standard","has-post-thumbnail","hentry","category-gundem"],"acf":[],"yoast_head":"<!-- This site is optimized with the Yoast SEO Premium plugin v26.6 (Yoast SEO v27.1.1) - https:\/\/yoast.com\/product\/yoast-seo-premium-wordpress\/ -->\n<title>Antalya\u2019da sokak hayvanlar\u0131 art\u0131k hastane bah\u00e7elerine giremeyecek - Av. Deniz Can K\u0131z\u0131l<\/title>\n<meta name=\"robots\" content=\"index, follow, max-snippet:-1, max-image-preview:large, max-video-preview:-1\" \/>\n<link rel=\"canonical\" href=\"https:\/\/denizcankizil.tr\/ru\/haberler\/gundem\/antalyada-sokak-hayvanlari-artik-hastane-bahcelerine-giremeyecek\/\" \/>\n<meta property=\"og:locale\" content=\"ru_RU\" \/>\n<meta property=\"og:type\" content=\"article\" \/>\n<meta property=\"og:title\" content=\"Antalya\u2019da sokak hayvanlar\u0131 art\u0131k hastane bah\u00e7elerine giremeyecek\" \/>\n<meta property=\"og:description\" content=\"Sa\u011fl\u0131k Bakanl\u0131\u011f\u0131; valilik, il sa\u011fl\u0131k m\u00fcd\u00fcrl\u00fckleri ve tar\u0131m ve orman m\u00fcd\u00fcrl\u00fcklerine,\u00a0 &#8220;Sa\u011fl\u0131k Kurulu\u015flar\u0131nda Sahipsiz Hayvanlarla \u0130lgili Al\u0131nmas\u0131 Gereken Tedbirler&#8221; ba\u015fl\u0131kl\u0131 yaz\u0131 g\u00f6nderdi. Yaz\u0131da ba\u015fta k\u00f6pekler olmak \u00fczere sahipsiz hayvanlarla ilgili gerekli tedbirlerin al\u0131nmas\u0131 istendi. Bu yaz\u0131 sonras\u0131 sokak hayvanlar\u0131n\u0131n hastane yerle\u015fkelerine girmesi yasakland\u0131.\u00a0 ANTALYA\u2019DA HASTANE BAH\u00c7ELER\u0130NE G\u0130REMEYECEKLER\u00a0 Antalya\u2019da ise pek \u00e7ok hastanenin bah\u00e7esinde sokakta ya\u015fayan kedi ve k\u00f6pekler bulunuyor. Hastanede \u00e7al\u0131\u015fan personel ve hayvansever vatanda\u015flar taraf\u0131ndan hastane bah\u00e7elerinde sokak hayvanlar\u0131 i\u00e7in mama b\u0131rak\u0131l\u0131yor. Sokak hayvanlar\u0131 \u00f6zellikle ya\u011fmurlu ve so\u011fuk havalarda hastane bah\u00e7elerine ve giri\u015flerine s\u0131\u011f\u0131n\u0131yor . Yeni yaz\u0131 ile birlikte Antalya\u2019da hastanelerin bah\u00e7elerine art\u0131k kediler ve k\u00f6pekler al\u0131nmayacak.\u00a0 BU KARAR NEDEN ALINDI? Yaz\u0131da, hastane yerle\u015fkesinde ba\u015fta k\u00f6pekler olmak \u00fczere sahipsiz hayvanlarla ilgili gerekli tedbirlerin al\u0131nmas\u0131 ve sa\u011fl\u0131k kurulu\u015flar\u0131 i\u00e7erisine girmi\u015f olan sahipsiz hayvanlar\u0131n d\u0131\u015far\u0131 \u00e7\u0131kar\u0131lmas\u0131 i\u00e7in yerel y\u00f6netimlerle koordinasyon i\u00e7erisinde olunmas\u0131 istendi. Bakanl\u0131k son d\u00f6nemlerde sa\u011fl\u0131k kurulu\u015flar\u0131n\u0131n giri\u015findeki hayvanlardan dolay\u0131 vatanda\u015flardan \u00e7ok fazla \u015fikayet geldi\u011fini ve bu durumun insan sa\u011fl\u0131\u011f\u0131n\u0131 tehdit eder bir duruma geldi\u011fi belirtildi.\u00a0 BU KARARDAN \u00c7OK DAHA \u00d6NCE YASAKLANDI\u00a0 Antalya Atat\u00fcrk Devlet Hastanesi ise \u00e7ok \u00f6nceden sokak hayvanlar\u0131n\u0131n hastaneye giri\u015fini yasaklam\u0131\u015ft\u0131. Hastanenin ba\u015fhekimli\u011fi taraf\u0131ndan al\u0131nan kararda hayvanlar\u0131n insan sa\u011fl\u0131\u011f\u0131na zarar verdi\u011fi i\u00e7in hasta yerle\u015fkesine al\u0131nmas\u0131 ve beslenmesi yasaklanm\u0131\u015ft\u0131. Yap\u0131lan a\u00e7\u0131klamada, \u201cHastanemizde sa\u011fl\u0131kl\u0131 i\u015f ortam\u0131 ve hijyen ko\u015fullar\u0131n\u0131n &hellip;\" \/>\n<meta property=\"og:url\" content=\"https:\/\/denizcankizil.tr\/ru\/haberler\/gundem\/antalyada-sokak-hayvanlari-artik-hastane-bahcelerine-giremeyecek\/\" \/>\n<meta property=\"og:site_name\" content=\"Av. Deniz Can K\u0131z\u0131l\" \/>\n<meta property=\"article:published_time\" content=\"2025-02-07T09:42:30+00:00\" \/>\n<meta name=\"author\" content=\"Antalya K\u00f6rfez\" \/>\n<meta name=\"twitter:card\" content=\"summary_large_image\" \/>\n<meta name=\"twitter:label1\" content=\"\u041d\u0430\u043f\u0438\u0441\u0430\u043d\u043e \u0430\u0432\u0442\u043e\u0440\u043e\u043c\" \/>\n\t<meta name=\"twitter:data1\" content=\"Antalya K\u00f6rfez\" \/>\n\t<meta name=\"twitter:label2\" content=\"\u041f\u0440\u0438\u043c\u0435\u0440\u043d\u043e\u0435 \u0432\u0440\u0435\u043c\u044f \u0434\u043b\u044f \u0447\u0442\u0435\u043d\u0438\u044f\" \/>\n\t<meta name=\"twitter:data2\" content=\"2 \u043c\u0438\u043d\u0443\u0442\u044b\" \/>\n<script type=\"application\/ld+json\" class=\"yoast-schema-graph\">{\"@context\":\"https:\/\/schema.org\",\"@graph\":[{\"@type\":\"Article\",\"@id\":\"https:\/\/denizcankizil.tr\/uk\/haberler\/gundem\/antalyada-sokak-hayvanlari-artik-hastane-bahcelerine-giremeyecek\/#article\",\"isPartOf\":{\"@id\":\"https:\/\/denizcankizil.tr\/uk\/haberler\/gundem\/antalyada-sokak-hayvanlari-artik-hastane-bahcelerine-giremeyecek\/\"},\"author\":{\"name\":\"Antalya K\u00f6rfez\",\"@id\":\"https:\/\/denizcankizil.tr\/de\/#\/schema\/person\/e1eb71bb4dd684d46563f0af307e1234\"},\"headline\":\"Antalya\u2019da sokak hayvanlar\u0131 art\u0131k hastane bah\u00e7elerine giremeyecek\",\"datePublished\":\"2025-02-07T09:42:30+00:00\",\"mainEntityOfPage\":{\"@id\":\"https:\/\/denizcankizil.tr\/uk\/haberler\/gundem\/antalyada-sokak-hayvanlari-artik-hastane-bahcelerine-giremeyecek\/\"},\"wordCount\":469,\"commentCount\":0,\"publisher\":{\"@id\":\"https:\/\/denizcankizil.tr\/de\/#organization\"},\"articleSection\":[\"G\u00fcndem\"],\"inLanguage\":\"ru-RU\",\"potentialAction\":[{\"@type\":\"CommentAction\",\"name\":\"Comment\",\"target\":[\"https:\/\/denizcankizil.tr\/uk\/haberler\/gundem\/antalyada-sokak-hayvanlari-artik-hastane-bahcelerine-giremeyecek\/#respond\"]}]},{\"@type\":\"WebPage\",\"@id\":\"https:\/\/denizcankizil.tr\/uk\/haberler\/gundem\/antalyada-sokak-hayvanlari-artik-hastane-bahcelerine-giremeyecek\/\",\"url\":\"https:\/\/denizcankizil.tr\/uk\/haberler\/gundem\/antalyada-sokak-hayvanlari-artik-hastane-bahcelerine-giremeyecek\/\",\"name\":\"Antalya\u2019da sokak hayvanlar\u0131 art\u0131k hastane bah\u00e7elerine giremeyecek - Av. Deniz Can K\u0131z\u0131l\",\"isPartOf\":{\"@id\":\"https:\/\/denizcankizil.tr\/de\/#website\"},\"datePublished\":\"2025-02-07T09:42:30+00:00\",\"breadcrumb\":{\"@id\":\"https:\/\/denizcankizil.tr\/uk\/haberler\/gundem\/antalyada-sokak-hayvanlari-artik-hastane-bahcelerine-giremeyecek\/#breadcrumb\"},\"inLanguage\":\"ru-RU\",\"potentialAction\":[{\"@type\":\"ReadAction\",\"target\":[\"https:\/\/denizcankizil.tr\/uk\/haberler\/gundem\/antalyada-sokak-hayvanlari-artik-hastane-bahcelerine-giremeyecek\/\"]}]},{\"@type\":\"BreadcrumbList\",\"@id\":\"https:\/\/denizcankizil.tr\/uk\/haberler\/gundem\/antalyada-sokak-hayvanlari-artik-hastane-bahcelerine-giremeyecek\/#breadcrumb\",\"itemListElement\":[{\"@type\":\"ListItem\",\"position\":1,\"name\":\"Home\",\"item\":\"https:\/\/denizcankizil.tr\/de\/\"},{\"@type\":\"ListItem\",\"position\":2,\"name\":\"Antalya\u2019da sokak hayvanlar\u0131 art\u0131k hastane bah\u00e7elerine giremeyecek\"}]},{\"@type\":\"WebSite\",\"@id\":\"https:\/\/denizcankizil.tr\/de\/#website\",\"url\":\"https:\/\/denizcankizil.tr\/de\/\",\"name\":\"Av. Deniz Can K\u0131z\u0131l\",\"description\":\"Avukat Deniz Can K\u0131z\u0131l Antalya Barosu\",\"publisher\":{\"@id\":\"https:\/\/denizcankizil.tr\/de\/#organization\"},\"potentialAction\":[{\"@type\":\"SearchAction\",\"target\":{\"@type\":\"EntryPoint\",\"urlTemplate\":\"https:\/\/denizcankizil.tr\/de\/?s={search_term_string}\"},\"query-input\":{\"@type\":\"PropertyValueSpecification\",\"valueRequired\":true,\"valueName\":\"search_term_string\"}}],\"inLanguage\":\"ru-RU\"},{\"@type\":\"Organization\",\"@id\":\"https:\/\/denizcankizil.tr\/de\/#organization\",\"name\":\"Av. Deniz Can K\u0131z\u0131l\",\"url\":\"https:\/\/denizcankizil.tr\/de\/\",\"logo\":{\"@type\":\"ImageObject\",\"inLanguage\":\"ru-RU\",\"@id\":\"https:\/\/denizcankizil.tr\/de\/#\/schema\/logo\/image\/\",\"url\":\"https:\/\/denizcankizil.tr\/wp-content\/uploads\/2024\/10\/siyah-logo-svg.svg\",\"contentUrl\":\"https:\/\/denizcankizil.tr\/wp-content\/uploads\/2024\/10\/siyah-logo-svg.svg\",\"width\":1080,\"height\":1080,\"caption\":\"Av. Deniz Can K\u0131z\u0131l\"},\"image\":{\"@id\":\"https:\/\/denizcankizil.tr\/de\/#\/schema\/logo\/image\/\"}},{\"@type\":\"Person\",\"@id\":\"https:\/\/denizcankizil.tr\/de\/#\/schema\/person\/e1eb71bb4dd684d46563f0af307e1234\",\"name\":\"Antalya K\u00f6rfez\",\"image\":{\"@type\":\"ImageObject\",\"inLanguage\":\"ru-RU\",\"@id\":\"https:\/\/denizcankizil.tr\/de\/#\/schema\/person\/image\/\",\"url\":\"https:\/\/secure.gravatar.com\/avatar\/42b01982558a48a0b501fdcab6a408d3717ea5919095ee2e67b0e521799c5905?s=96&d=mm&r=g\",\"contentUrl\":\"https:\/\/secure.gravatar.com\/avatar\/42b01982558a48a0b501fdcab6a408d3717ea5919095ee2e67b0e521799c5905?s=96&d=mm&r=g\",\"caption\":\"Antalya K\u00f6rfez\"},\"sameAs\":[\"http:\/\/www.antalyakorfez.com\"],\"url\":\"https:\/\/www.antalyakorfez.com\/antalyada-sokak-hayvanlari-artik-hastane-bahcelerine-giremeyecek\"}]}<\/script>\n<!-- \/ Yoast SEO Premium plugin. -->","yoast_head_json":{"title":"Antalya\u2019da sokak hayvanlar\u0131 art\u0131k hastane bah\u00e7elerine giremeyecek - Av. Deniz Can K\u0131z\u0131l","robots":{"index":"index","follow":"follow","max-snippet":"max-snippet:-1","max-image-preview":"max-image-preview:large","max-video-preview":"max-video-preview:-1"},"canonical":"https:\/\/denizcankizil.tr\/ru\/haberler\/gundem\/antalyada-sokak-hayvanlari-artik-hastane-bahcelerine-giremeyecek\/","og_locale":"ru_RU","og_type":"article","og_title":"Antalya\u2019da sokak hayvanlar\u0131 art\u0131k hastane bah\u00e7elerine giremeyecek","og_description":"Sa\u011fl\u0131k Bakanl\u0131\u011f\u0131; valilik, il sa\u011fl\u0131k m\u00fcd\u00fcrl\u00fckleri ve tar\u0131m ve orman m\u00fcd\u00fcrl\u00fcklerine,\u00a0 &#8220;Sa\u011fl\u0131k Kurulu\u015flar\u0131nda Sahipsiz Hayvanlarla \u0130lgili Al\u0131nmas\u0131 Gereken Tedbirler&#8221; ba\u015fl\u0131kl\u0131 yaz\u0131 g\u00f6nderdi. Yaz\u0131da ba\u015fta k\u00f6pekler olmak \u00fczere sahipsiz hayvanlarla ilgili gerekli tedbirlerin al\u0131nmas\u0131 istendi. Bu yaz\u0131 sonras\u0131 sokak hayvanlar\u0131n\u0131n hastane yerle\u015fkelerine girmesi yasakland\u0131.\u00a0 ANTALYA\u2019DA HASTANE BAH\u00c7ELER\u0130NE G\u0130REMEYECEKLER\u00a0 Antalya\u2019da ise pek \u00e7ok hastanenin bah\u00e7esinde sokakta ya\u015fayan kedi ve k\u00f6pekler bulunuyor. Hastanede \u00e7al\u0131\u015fan personel ve hayvansever vatanda\u015flar taraf\u0131ndan hastane bah\u00e7elerinde sokak hayvanlar\u0131 i\u00e7in mama b\u0131rak\u0131l\u0131yor. Sokak hayvanlar\u0131 \u00f6zellikle ya\u011fmurlu ve so\u011fuk havalarda hastane bah\u00e7elerine ve giri\u015flerine s\u0131\u011f\u0131n\u0131yor . Yeni yaz\u0131 ile birlikte Antalya\u2019da hastanelerin bah\u00e7elerine art\u0131k kediler ve k\u00f6pekler al\u0131nmayacak.\u00a0 BU KARAR NEDEN ALINDI? Yaz\u0131da, hastane yerle\u015fkesinde ba\u015fta k\u00f6pekler olmak \u00fczere sahipsiz hayvanlarla ilgili gerekli tedbirlerin al\u0131nmas\u0131 ve sa\u011fl\u0131k kurulu\u015flar\u0131 i\u00e7erisine girmi\u015f olan sahipsiz hayvanlar\u0131n d\u0131\u015far\u0131 \u00e7\u0131kar\u0131lmas\u0131 i\u00e7in yerel y\u00f6netimlerle koordinasyon i\u00e7erisinde olunmas\u0131 istendi. Bakanl\u0131k son d\u00f6nemlerde sa\u011fl\u0131k kurulu\u015flar\u0131n\u0131n giri\u015findeki hayvanlardan dolay\u0131 vatanda\u015flardan \u00e7ok fazla \u015fikayet geldi\u011fini ve bu durumun insan sa\u011fl\u0131\u011f\u0131n\u0131 tehdit eder bir duruma geldi\u011fi belirtildi.\u00a0 BU KARARDAN \u00c7OK DAHA \u00d6NCE YASAKLANDI\u00a0 Antalya Atat\u00fcrk Devlet Hastanesi ise \u00e7ok \u00f6nceden sokak hayvanlar\u0131n\u0131n hastaneye giri\u015fini yasaklam\u0131\u015ft\u0131. Hastanenin ba\u015fhekimli\u011fi taraf\u0131ndan al\u0131nan kararda hayvanlar\u0131n insan sa\u011fl\u0131\u011f\u0131na zarar verdi\u011fi i\u00e7in hasta yerle\u015fkesine al\u0131nmas\u0131 ve beslenmesi yasaklanm\u0131\u015ft\u0131. Yap\u0131lan a\u00e7\u0131klamada, \u201cHastanemizde sa\u011fl\u0131kl\u0131 i\u015f ortam\u0131 ve hijyen ko\u015fullar\u0131n\u0131n &hellip;","og_url":"https:\/\/denizcankizil.tr\/ru\/haberler\/gundem\/antalyada-sokak-hayvanlari-artik-hastane-bahcelerine-giremeyecek\/","og_site_name":"Av. Deniz Can K\u0131z\u0131l","article_published_time":"2025-02-07T09:42:30+00:00","author":"Antalya K\u00f6rfez","twitter_card":"summary_large_image","twitter_misc":{"\u041d\u0430\u043f\u0438\u0441\u0430\u043d\u043e \u0430\u0432\u0442\u043e\u0440\u043e\u043c":"Antalya K\u00f6rfez","\u041f\u0440\u0438\u043c\u0435\u0440\u043d\u043e\u0435 \u0432\u0440\u0435\u043c\u044f \u0434\u043b\u044f \u0447\u0442\u0435\u043d\u0438\u044f":"2 \u043c\u0438\u043d\u0443\u0442\u044b"},"schema":{"@context":"https:\/\/schema.org","@graph":[{"@type":"Article","@id":"https:\/\/denizcankizil.tr\/uk\/haberler\/gundem\/antalyada-sokak-hayvanlari-artik-hastane-bahcelerine-giremeyecek\/#article","isPartOf":{"@id":"https:\/\/denizcankizil.tr\/uk\/haberler\/gundem\/antalyada-sokak-hayvanlari-artik-hastane-bahcelerine-giremeyecek\/"},"author":{"name":"Antalya K\u00f6rfez","@id":"https:\/\/denizcankizil.tr\/de\/#\/schema\/person\/e1eb71bb4dd684d46563f0af307e1234"},"headline":"Antalya\u2019da sokak hayvanlar\u0131 art\u0131k hastane bah\u00e7elerine giremeyecek","datePublished":"2025-02-07T09:42:30+00:00","mainEntityOfPage":{"@id":"https:\/\/denizcankizil.tr\/uk\/haberler\/gundem\/antalyada-sokak-hayvanlari-artik-hastane-bahcelerine-giremeyecek\/"},"wordCount":469,"commentCount":0,"publisher":{"@id":"https:\/\/denizcankizil.tr\/de\/#organization"},"articleSection":["G\u00fcndem"],"inLanguage":"ru-RU","potentialAction":[{"@type":"CommentAction","name":"Comment","target":["https:\/\/denizcankizil.tr\/uk\/haberler\/gundem\/antalyada-sokak-hayvanlari-artik-hastane-bahcelerine-giremeyecek\/#respond"]}]},{"@type":"WebPage","@id":"https:\/\/denizcankizil.tr\/uk\/haberler\/gundem\/antalyada-sokak-hayvanlari-artik-hastane-bahcelerine-giremeyecek\/","url":"https:\/\/denizcankizil.tr\/uk\/haberler\/gundem\/antalyada-sokak-hayvanlari-artik-hastane-bahcelerine-giremeyecek\/","name":"Antalya\u2019da sokak hayvanlar\u0131 art\u0131k hastane bah\u00e7elerine giremeyecek - Av. Deniz Can K\u0131z\u0131l","isPartOf":{"@id":"https:\/\/denizcankizil.tr\/de\/#website"},"datePublished":"2025-02-07T09:42:30+00:00","breadcrumb":{"@id":"https:\/\/denizcankizil.tr\/uk\/haberler\/gundem\/antalyada-sokak-hayvanlari-artik-hastane-bahcelerine-giremeyecek\/#breadcrumb"},"inLanguage":"ru-RU","potentialAction":[{"@type":"ReadAction","target":["https:\/\/denizcankizil.tr\/uk\/haberler\/gundem\/antalyada-sokak-hayvanlari-artik-hastane-bahcelerine-giremeyecek\/"]}]},{"@type":"BreadcrumbList","@id":"https:\/\/denizcankizil.tr\/uk\/haberler\/gundem\/antalyada-sokak-hayvanlari-artik-hastane-bahcelerine-giremeyecek\/#breadcrumb","itemListElement":[{"@type":"ListItem","position":1,"name":"Home","item":"https:\/\/denizcankizil.tr\/de\/"},{"@type":"ListItem","position":2,"name":"Antalya\u2019da sokak hayvanlar\u0131 art\u0131k hastane bah\u00e7elerine giremeyecek"}]},{"@type":"WebSite","@id":"https:\/\/denizcankizil.tr\/de\/#website","url":"https:\/\/denizcankizil.tr\/de\/","name":"Av. Deniz Can K\u0131z\u0131l","description":"Avukat Deniz Can K\u0131z\u0131l Antalya Barosu","publisher":{"@id":"https:\/\/denizcankizil.tr\/de\/#organization"},"potentialAction":[{"@type":"SearchAction","target":{"@type":"EntryPoint","urlTemplate":"https:\/\/denizcankizil.tr\/de\/?s={search_term_string}"},"query-input":{"@type":"PropertyValueSpecification","valueRequired":true,"valueName":"search_term_string"}}],"inLanguage":"ru-RU"},{"@type":"Organization","@id":"https:\/\/denizcankizil.tr\/de\/#organization","name":"Av. Deniz Can K\u0131z\u0131l","url":"https:\/\/denizcankizil.tr\/de\/","logo":{"@type":"ImageObject","inLanguage":"ru-RU","@id":"https:\/\/denizcankizil.tr\/de\/#\/schema\/logo\/image\/","url":"https:\/\/denizcankizil.tr\/wp-content\/uploads\/2024\/10\/siyah-logo-svg.svg","contentUrl":"https:\/\/denizcankizil.tr\/wp-content\/uploads\/2024\/10\/siyah-logo-svg.svg","width":1080,"height":1080,"caption":"Av. Deniz Can K\u0131z\u0131l"},"image":{"@id":"https:\/\/denizcankizil.tr\/de\/#\/schema\/logo\/image\/"}},{"@type":"Person","@id":"https:\/\/denizcankizil.tr\/de\/#\/schema\/person\/e1eb71bb4dd684d46563f0af307e1234","name":"Antalya K\u00f6rfez","image":{"@type":"ImageObject","inLanguage":"ru-RU","@id":"https:\/\/denizcankizil.tr\/de\/#\/schema\/person\/image\/","url":"https:\/\/secure.gravatar.com\/avatar\/42b01982558a48a0b501fdcab6a408d3717ea5919095ee2e67b0e521799c5905?s=96&d=mm&r=g","contentUrl":"https:\/\/secure.gravatar.com\/avatar\/42b01982558a48a0b501fdcab6a408d3717ea5919095ee2e67b0e521799c5905?s=96&d=mm&r=g","caption":"Antalya K\u00f6rfez"},"sameAs":["http:\/\/www.antalyakorfez.com"],"url":"https:\/\/www.antalyakorfez.com\/antalyada-sokak-hayvanlari-artik-hastane-bahcelerine-giremeyecek"}]}},"_links":{"self":[{"href":"https:\/\/denizcankizil.tr\/ru\/wp-json\/wp\/v2\/posts\/30968","targetHints":{"allow":["GET"]}}],"collection":[{"href":"https:\/\/denizcankizil.tr\/ru\/wp-json\/wp\/v2\/posts"}],"about":[{"href":"https:\/\/denizcankizil.tr\/ru\/wp-json\/wp\/v2\/types\/post"}],"author":[{"embeddable":true,"href":"https:\/\/denizcankizil.tr\/ru\/wp-json\/wp\/v2\/users\/5"}],"replies":[{"embeddable":true,"href":"https:\/\/denizcankizil.tr\/ru\/wp-json\/wp\/v2\/comments?post=30968"}],"version-history":[{"count":0,"href":"https:\/\/denizcankizil.tr\/ru\/wp-json\/wp\/v2\/posts\/30968\/revisions"}],"wp:attachment":[{"href":"https:\/\/denizcankizil.tr\/ru\/wp-json\/wp\/v2\/media?parent=30968"}],"wp:term":[{"taxonomy":"category","embeddable":true,"href":"https:\/\/denizcankizil.tr\/ru\/wp-json\/wp\/v2\/categories?post=30968"},{"taxonomy":"post_tag","embeddable":true,"href":"https:\/\/denizcankizil.tr\/ru\/wp-json\/wp\/v2\/tags?post=30968"}],"curies":[{"name":"wp","href":"https:\/\/api.w.org\/{rel}","templated":true}]}}