{"id":30899,"date":"2025-02-07T09:41:48","date_gmt":"2025-02-07T06:41:48","guid":{"rendered":"https:\/\/denizcankizil.tr\/uncategorized-tr\/antalya-emek-ve-demokrasi-gucleri-2-yil-gecti-ne-acimiz-dindi-ne-de-ofkemiz\/"},"modified":"2025-02-07T09:41:48","modified_gmt":"2025-02-07T06:41:48","slug":"antalya-emek-ve-demokrasi-gucleri-2-yil-gecti-ne-acimiz-dindi-ne-de-ofkemiz","status":"publish","type":"post","link":"https:\/\/denizcankizil.tr\/ru\/haberler\/gundem\/antalya-emek-ve-demokrasi-gucleri-2-yil-gecti-ne-acimiz-dindi-ne-de-ofkemiz\/","title":{"rendered":"Antalya Emek ve Demokrasi G\u00fc\u00e7leri: 2 y\u0131l ge\u00e7ti, ne ac\u0131m\u0131z dindi ne de \u00f6fkemiz"},"content":{"rendered":"<p>Antalya\u2019da Attalos An\u0131t\u0131 \u00f6n\u00fcnde ger\u00e7ekle\u015ftirilen anma etkinli\u011fi hayat\u0131n\u0131 kaybedenler i\u00e7in yap\u0131lan sayg\u0131 duru\u015fuyla ba\u015flad\u0131. Antalya Emek ve Demokrasi G\u00fc\u00e7leri ad\u0131na bas\u0131n a\u00e7\u0131klamas\u0131n\u0131 Kadriye Tu\u011fcu okudu. Kadriye Tu\u011fcu, \u201c\u0130ki y\u0131l \u00f6nce, 6 \u015eubat 2023\u2019te hepimizin y\u00fcre\u011fine kordan bir ate\u015f d\u00fc\u015ft\u00fc\u201d dedi.<\/p>\n<p>DER\u0130N B\u0130R SARSINTI YA\u015eADIK!<\/p>\n<p>Antalya Emek ve Demokrasi G\u00fc\u00e7leri, Kahramanmara\u015f merkezli ya\u015fanan 6 \u015eubat depremlerinde hayat\u0131n\u0131 kaybeden on binlerce vatanda\u015f i\u00e7in anma t\u00f6reni d\u00fczenledi. Attalos An\u0131t\u0131 \u00f6n\u00fcnde ger\u00e7ekle\u015ftirilen anma t\u00f6renine kat\u0131l\u0131m y\u00fcksek oldu. Anma t\u00f6reninde a\u00e7\u0131klama yapan Kadriye Tu\u011fcu, \u201cGecenin zifiri karanl\u0131\u011f\u0131nda, saatler 04.17\u2019yi g\u00f6sterirken sadece Kahramanmara\u015f, Hatay, Ad\u0131yaman, Malatya, Adana, Osmaniye, Gaziantep, \u015eanl\u0131urfa, Kilis, El\u00e2z\u0131\u011f ve Diyarbak\u0131r de\u011fil, hepimiz derin bir ac\u0131yla sars\u0131ld\u0131k, y\u0131k\u0131ld\u0131k. 2 y\u0131ld\u0131r y\u00fcre\u011fimize saplanan onlarca kara sapl\u0131 b\u0131\u00e7akla ya\u015f\u0131yoruz. Aradan iki y\u0131l ge\u00e7se de ne yas\u0131m\u0131z bitti. Ne ac\u0131m\u0131z dindi ne de \u00f6fkemiz\u201d dedi.<\/p>\n<p>G\u00d6Z G\u00d6RE G\u00d6RE GELEN AFET<\/p>\n<p>\u201c\u00d6fkeliyiz. \u00c7\u00fcnk\u00fc 6 \u015eubat 2023\u2019te do\u011fal bir afetin g\u00f6z g\u00f6re g\u00f6re b\u00fcy\u00fck bir felakete d\u00f6n\u00fc\u015fmesine tan\u0131k olduk. On binlerce yurtta\u015f\u0131m\u0131z\u0131n hayat\u0131na mal olan, kentlerimizi yerle bir eden bu felaket g\u00f6z g\u00f6re g\u00f6re geldi\u201d \u015feklinde konu\u015fan Kadriye Tu\u011fcu, \u201c\u00d6fkeliyiz. \u00c7\u00fcnk\u00fc \u00fclkeyi y\u00f6netenlerin akla, bilime, mant\u0131\u011fa, uyar\u0131lara kulaklar\u0131n\u0131 t\u0131kamas\u0131n\u0131 on binlerce yurtta\u015f canlar\u0131 ile \u00f6dedi. 1999 Marmara depreminin ard\u0131ndan d\u00f6nemin Cumhurba\u015fkan\u0131 \u201cAlt\u0131m\u0131z \u00e7\u00fcr\u00fckt\u00fcr, ama yine de bu alt\u0131n \u00fcst\u00fcnde ya\u015famaya mecburuz. Bu depremden \u00e7ok \u015fey \u00f6\u011frendik\u201d demi\u015fti. 24 y\u0131l sonra ger\u00e7ekle\u015fen 6 \u015eubat depremi ise \u00fcst\u00fcm\u00fcz\u00fcn, yani mevcut devlet organizasyonunun, alt\u0131m\u0131zdan \u00e7ok daha \u00e7\u00fcr\u00fck oldu\u011funu g\u00f6stermi\u015ftir. En son daha 2 hafta \u00f6nce, 36&#8217;s\u0131 \u00e7ocuk 78 yurtta\u015f\u0131m\u0131z\u0131n hayat\u0131n\u0131 kaybetti\u011fi Kartalkaya Grand Otel facias\u0131nda bir kez daha g\u00f6rd\u00fck.\u00a0 Bu \u00fclkenin \u00fczerine ad\u0131m ad\u0131m k\u00e2r ve rant h\u0131rs\u0131n\u0131 ba\u015f tac\u0131 eden, insan hayat\u0131n\u0131 yok sayan bir y\u00f6netim anlay\u0131\u015f\u0131 \u00e7\u00f6reklenmi\u015ftir\u201d diye konu\u015ftu.<\/p>\n<p>ALGI OPERASYONLARINI UNUTMADIK<\/p>\n<p>Deprem sonras\u0131 sorumlular\u0131n ortadan kayboldu\u011funu dile getiren Kadriye Tu\u011fcu, \u201cYak\u0131nlar\u0131m\u0131zdan haber almak i\u00e7in \u00e7\u0131rp\u0131n\u0131rken devreye konulan bant daraltmalar\u0131n\u0131, internet kesintilerini unutmad\u0131k. Depremin ya\u015fand\u0131\u011f\u0131 illerde daha 24 saat ge\u00e7meden OHAL ilan edenleri, \u00e7aresizlikle k\u0131vranan, derdine derman arayan depremzedeleri \u201ckimse kalkanlar\u0131 kald\u0131rmayaca\u011f\u0131m\u0131z\u0131 zannetmesin\u201d tehdidiyle susturmak isteyenleri unutmad\u0131k. KESK olarak y\u00fczlerce g\u00f6n\u00fcll\u00fcm\u00fczle deprem b\u00f6lgesine gitmeye \u00e7al\u0131\u015f\u0131rken \u00f6n\u00fcm\u00fcze konulan engelleri, sadece bizim de\u011fil, muhalefet partilerinin, Demokratik Kitle \u00d6rg\u00fctlerinin, Sivil Toplum Kurulu\u015flar\u0131n\u0131n yard\u0131mlar\u0131n\u0131n depremzedelere ula\u015ft\u0131r\u0131lmas\u0131na engel olanlar\u0131 unutmad\u0131k. K\u0131z\u0131lay\u2019\u0131n \u00e7ad\u0131r satmas\u0131ndan, yard\u0131mlar\u0131 zimmetine ge\u00e7iren yetkililere kadar uzanan rezaletler zincirini unutmad\u0131k. Evet, aradan 2 y\u0131l ge\u00e7ti.&#8221;<\/p>\n<p>VERG\u0130LER NEREYE G\u0130D\u0130YOR\u00a0<\/p>\n<p>&#8220;Ama ya\u015fanan y\u0131k\u0131m\u0131n etkisi b\u00fcy\u00fck \u00f6l\u00e7\u00fcde s\u00fcr\u00fcyor. Verilen s\u00f6zler tutulmad\u0131\u011f\u0131 i\u00e7in ya\u015fanan sorunlar, ac\u0131lar devam ediyor. Mevcut iktidar bug\u00fcne kadar depremzedelerin sorunlar\u0131n\u0131 \u00e7\u00f6zmek ad\u0131na b\u00fct\u00e7eden 2 trilyon TL\u2019ye yak\u0131n kaynak ay\u0131rd\u0131\u011f\u0131n\u0131 a\u00e7\u0131klad\u0131. Buna ek olarak Milli Dayan\u0131\u015fma ad\u0131 alt\u0131nda bir paket \u00e7\u0131kard\u0131.\u00a0 Halktan al\u0131nan KDV, \u00d6TV. Motorlu Ta\u015f\u0131tlar Vergisi gibi vergiler fahi\u015f oranda art\u0131r\u0131ld\u0131. Ama bu kaynaklar\u0131n nereye, kime gitti belli de\u011fil. Aradan ge\u00e7en iki y\u0131la ra\u011fmen deprem b\u00f6lgesinde hala tek bir \u00e7ivinin \u00e7ak\u0131lmad\u0131\u011f\u0131, molozlar\u0131n dahi kald\u0131r\u0131lmad\u0131\u011f\u0131 yerler var. Binlerce insan hala \u00e7ad\u0131rlarda ya\u015famaya devam ediyor\u201d dedi.<\/p>\n<p>\u200bAntalya Emek ve Demokrasi G\u00fc\u00e7leri, 6 \u015eubat\u2019\u0131n 2. y\u0131l\u0131nda depremde hayat\u0131n\u0131 kaybeden vatanda\u015flar\u0131 and\u0131. Siyasi parti temsilcileri, sendikalar ve STK temsilcilerinin kat\u0131ld\u0131\u011f\u0131 anma t\u00f6reninde duygu dolu anlar ya\u015fand\u0131.\u00a0<\/p>\n<p>\u200bHaberin Al\u0131nt\u0131land\u0131\u011f\u0131 Kaynak: www.antalyakorfez.com<\/p>","protected":false},"excerpt":{"rendered":"<p>Antalya\u2019da Attalos An\u0131t\u0131 \u00f6n\u00fcnde ger\u00e7ekle\u015ftirilen anma etkinli\u011fi hayat\u0131n\u0131 kaybedenler i\u00e7in yap\u0131lan sayg\u0131 duru\u015fuyla ba\u015flad\u0131. Antalya Emek ve Demokrasi G\u00fc\u00e7leri ad\u0131na bas\u0131n a\u00e7\u0131klamas\u0131n\u0131 Kadriye Tu\u011fcu okudu. Kadriye Tu\u011fcu, \u201c\u0130ki y\u0131l \u00f6nce, 6 \u015eubat 2023\u2019te hepimizin y\u00fcre\u011fine kordan bir ate\u015f d\u00fc\u015ft\u00fc\u201d dedi. DER\u0130N B\u0130R SARSINTI YA\u015eADIK! Antalya Emek ve Demokrasi G\u00fc\u00e7leri, Kahramanmara\u015f merkezli ya\u015fanan 6 \u015eubat depremlerinde hayat\u0131n\u0131 kaybeden on binlerce vatanda\u015f i\u00e7in anma t\u00f6reni d\u00fczenledi. Attalos An\u0131t\u0131 \u00f6n\u00fcnde ger\u00e7ekle\u015ftirilen anma t\u00f6renine kat\u0131l\u0131m y\u00fcksek oldu. Anma t\u00f6reninde a\u00e7\u0131klama yapan Kadriye Tu\u011fcu, \u201cGecenin zifiri karanl\u0131\u011f\u0131nda, saatler 04.17\u2019yi g\u00f6sterirken sadece Kahramanmara\u015f, Hatay, Ad\u0131yaman, Malatya, Adana, Osmaniye, Gaziantep, \u015eanl\u0131urfa, Kilis, El\u00e2z\u0131\u011f ve Diyarbak\u0131r de\u011fil, hepimiz derin bir ac\u0131yla sars\u0131ld\u0131k, y\u0131k\u0131ld\u0131k. 2 y\u0131ld\u0131r y\u00fcre\u011fimize saplanan onlarca kara sapl\u0131 b\u0131\u00e7akla ya\u015f\u0131yoruz. Aradan iki y\u0131l ge\u00e7se de ne yas\u0131m\u0131z bitti. Ne ac\u0131m\u0131z dindi ne de \u00f6fkemiz\u201d dedi. G\u00d6Z G\u00d6RE G\u00d6RE GELEN AFET \u201c\u00d6fkeliyiz. \u00c7\u00fcnk\u00fc 6 \u015eubat 2023\u2019te do\u011fal bir afetin g\u00f6z g\u00f6re g\u00f6re b\u00fcy\u00fck bir felakete d\u00f6n\u00fc\u015fmesine tan\u0131k olduk. On binlerce yurtta\u015f\u0131m\u0131z\u0131n hayat\u0131na mal olan, kentlerimizi yerle bir eden bu felaket g\u00f6z g\u00f6re g\u00f6re geldi\u201d \u015feklinde konu\u015fan Kadriye Tu\u011fcu, \u201c\u00d6fkeliyiz. \u00c7\u00fcnk\u00fc \u00fclkeyi y\u00f6netenlerin akla, bilime, mant\u0131\u011fa, uyar\u0131lara kulaklar\u0131n\u0131 t\u0131kamas\u0131n\u0131 on binlerce yurtta\u015f canlar\u0131 ile \u00f6dedi. 1999 Marmara depreminin ard\u0131ndan d\u00f6nemin Cumhurba\u015fkan\u0131 \u201cAlt\u0131m\u0131z \u00e7\u00fcr\u00fckt\u00fcr, ama yine de bu alt\u0131n &hellip;<\/p>","protected":false},"author":5,"featured_media":0,"comment_status":"open","ping_status":"open","sticky":false,"template":"","format":"standard","meta":{"_acf_changed":false,"footnotes":""},"categories":[24],"tags":[],"class_list":["post-30899","post","type-post","status-publish","format-standard","has-post-thumbnail","hentry","category-gundem"],"acf":[],"yoast_head":"<!-- This site is optimized with the Yoast SEO Premium plugin v26.6 (Yoast SEO v27.1.1) - https:\/\/yoast.com\/product\/yoast-seo-premium-wordpress\/ -->\n<title>Antalya Emek ve Demokrasi G\u00fc\u00e7leri: 2 y\u0131l ge\u00e7ti, ne ac\u0131m\u0131z dindi ne de \u00f6fkemiz - Av. Deniz Can K\u0131z\u0131l<\/title>\n<meta name=\"robots\" content=\"index, follow, max-snippet:-1, max-image-preview:large, max-video-preview:-1\" \/>\n<link rel=\"canonical\" href=\"https:\/\/denizcankizil.tr\/ru\/haberler\/gundem\/antalya-emek-ve-demokrasi-gucleri-2-yil-gecti-ne-acimiz-dindi-ne-de-ofkemiz\/\" \/>\n<meta property=\"og:locale\" content=\"ru_RU\" \/>\n<meta property=\"og:type\" content=\"article\" \/>\n<meta property=\"og:title\" content=\"Antalya Emek ve Demokrasi G\u00fc\u00e7leri: 2 y\u0131l ge\u00e7ti, ne ac\u0131m\u0131z dindi ne de \u00f6fkemiz\" \/>\n<meta property=\"og:description\" content=\"Antalya\u2019da Attalos An\u0131t\u0131 \u00f6n\u00fcnde ger\u00e7ekle\u015ftirilen anma etkinli\u011fi hayat\u0131n\u0131 kaybedenler i\u00e7in yap\u0131lan sayg\u0131 duru\u015fuyla ba\u015flad\u0131. Antalya Emek ve Demokrasi G\u00fc\u00e7leri ad\u0131na bas\u0131n a\u00e7\u0131klamas\u0131n\u0131 Kadriye Tu\u011fcu okudu. Kadriye Tu\u011fcu, \u201c\u0130ki y\u0131l \u00f6nce, 6 \u015eubat 2023\u2019te hepimizin y\u00fcre\u011fine kordan bir ate\u015f d\u00fc\u015ft\u00fc\u201d dedi. DER\u0130N B\u0130R SARSINTI YA\u015eADIK! Antalya Emek ve Demokrasi G\u00fc\u00e7leri, Kahramanmara\u015f merkezli ya\u015fanan 6 \u015eubat depremlerinde hayat\u0131n\u0131 kaybeden on binlerce vatanda\u015f i\u00e7in anma t\u00f6reni d\u00fczenledi. Attalos An\u0131t\u0131 \u00f6n\u00fcnde ger\u00e7ekle\u015ftirilen anma t\u00f6renine kat\u0131l\u0131m y\u00fcksek oldu. Anma t\u00f6reninde a\u00e7\u0131klama yapan Kadriye Tu\u011fcu, \u201cGecenin zifiri karanl\u0131\u011f\u0131nda, saatler 04.17\u2019yi g\u00f6sterirken sadece Kahramanmara\u015f, Hatay, Ad\u0131yaman, Malatya, Adana, Osmaniye, Gaziantep, \u015eanl\u0131urfa, Kilis, El\u00e2z\u0131\u011f ve Diyarbak\u0131r de\u011fil, hepimiz derin bir ac\u0131yla sars\u0131ld\u0131k, y\u0131k\u0131ld\u0131k. 2 y\u0131ld\u0131r y\u00fcre\u011fimize saplanan onlarca kara sapl\u0131 b\u0131\u00e7akla ya\u015f\u0131yoruz. Aradan iki y\u0131l ge\u00e7se de ne yas\u0131m\u0131z bitti. Ne ac\u0131m\u0131z dindi ne de \u00f6fkemiz\u201d dedi. G\u00d6Z G\u00d6RE G\u00d6RE GELEN AFET \u201c\u00d6fkeliyiz. \u00c7\u00fcnk\u00fc 6 \u015eubat 2023\u2019te do\u011fal bir afetin g\u00f6z g\u00f6re g\u00f6re b\u00fcy\u00fck bir felakete d\u00f6n\u00fc\u015fmesine tan\u0131k olduk. On binlerce yurtta\u015f\u0131m\u0131z\u0131n hayat\u0131na mal olan, kentlerimizi yerle bir eden bu felaket g\u00f6z g\u00f6re g\u00f6re geldi\u201d \u015feklinde konu\u015fan Kadriye Tu\u011fcu, \u201c\u00d6fkeliyiz. \u00c7\u00fcnk\u00fc \u00fclkeyi y\u00f6netenlerin akla, bilime, mant\u0131\u011fa, uyar\u0131lara kulaklar\u0131n\u0131 t\u0131kamas\u0131n\u0131 on binlerce yurtta\u015f canlar\u0131 ile \u00f6dedi. 1999 Marmara depreminin ard\u0131ndan d\u00f6nemin Cumhurba\u015fkan\u0131 \u201cAlt\u0131m\u0131z \u00e7\u00fcr\u00fckt\u00fcr, ama yine de bu alt\u0131n &hellip;\" \/>\n<meta property=\"og:url\" content=\"https:\/\/denizcankizil.tr\/ru\/haberler\/gundem\/antalya-emek-ve-demokrasi-gucleri-2-yil-gecti-ne-acimiz-dindi-ne-de-ofkemiz\/\" \/>\n<meta property=\"og:site_name\" content=\"Av. Deniz Can K\u0131z\u0131l\" \/>\n<meta property=\"article:published_time\" content=\"2025-02-07T06:41:48+00:00\" \/>\n<meta name=\"author\" content=\"Antalya K\u00f6rfez\" \/>\n<meta name=\"twitter:card\" content=\"summary_large_image\" \/>\n<meta name=\"twitter:label1\" content=\"\u041d\u0430\u043f\u0438\u0441\u0430\u043d\u043e \u0430\u0432\u0442\u043e\u0440\u043e\u043c\" \/>\n\t<meta name=\"twitter:data1\" content=\"Antalya K\u00f6rfez\" \/>\n\t<meta name=\"twitter:label2\" content=\"\u041f\u0440\u0438\u043c\u0435\u0440\u043d\u043e\u0435 \u0432\u0440\u0435\u043c\u044f \u0434\u043b\u044f \u0447\u0442\u0435\u043d\u0438\u044f\" \/>\n\t<meta name=\"twitter:data2\" content=\"4 \u043c\u0438\u043d\u0443\u0442\u044b\" \/>\n<script type=\"application\/ld+json\" class=\"yoast-schema-graph\">{\"@context\":\"https:\/\/schema.org\",\"@graph\":[{\"@type\":\"Article\",\"@id\":\"https:\/\/denizcankizil.tr\/de\/haberler\/gundem\/antalya-emek-ve-demokrasi-gucleri-2-yil-gecti-ne-acimiz-dindi-ne-de-ofkemiz\/#article\",\"isPartOf\":{\"@id\":\"https:\/\/denizcankizil.tr\/de\/haberler\/gundem\/antalya-emek-ve-demokrasi-gucleri-2-yil-gecti-ne-acimiz-dindi-ne-de-ofkemiz\/\"},\"author\":{\"name\":\"Antalya K\u00f6rfez\",\"@id\":\"https:\/\/denizcankizil.tr\/#\/schema\/person\/e1eb71bb4dd684d46563f0af307e1234\"},\"headline\":\"Antalya Emek ve Demokrasi G\u00fc\u00e7leri: 2 y\u0131l ge\u00e7ti, ne ac\u0131m\u0131z dindi ne de \u00f6fkemiz\",\"datePublished\":\"2025-02-07T06:41:48+00:00\",\"mainEntityOfPage\":{\"@id\":\"https:\/\/denizcankizil.tr\/de\/haberler\/gundem\/antalya-emek-ve-demokrasi-gucleri-2-yil-gecti-ne-acimiz-dindi-ne-de-ofkemiz\/\"},\"wordCount\":730,\"commentCount\":0,\"publisher\":{\"@id\":\"https:\/\/denizcankizil.tr\/#organization\"},\"articleSection\":[\"G\u00fcndem\"],\"inLanguage\":\"ru-RU\",\"potentialAction\":[{\"@type\":\"CommentAction\",\"name\":\"Comment\",\"target\":[\"https:\/\/denizcankizil.tr\/de\/haberler\/gundem\/antalya-emek-ve-demokrasi-gucleri-2-yil-gecti-ne-acimiz-dindi-ne-de-ofkemiz\/#respond\"]}]},{\"@type\":\"WebPage\",\"@id\":\"https:\/\/denizcankizil.tr\/de\/haberler\/gundem\/antalya-emek-ve-demokrasi-gucleri-2-yil-gecti-ne-acimiz-dindi-ne-de-ofkemiz\/\",\"url\":\"https:\/\/denizcankizil.tr\/de\/haberler\/gundem\/antalya-emek-ve-demokrasi-gucleri-2-yil-gecti-ne-acimiz-dindi-ne-de-ofkemiz\/\",\"name\":\"Antalya Emek ve Demokrasi G\u00fc\u00e7leri: 2 y\u0131l ge\u00e7ti, ne ac\u0131m\u0131z dindi ne de \u00f6fkemiz - Av. Deniz Can K\u0131z\u0131l\",\"isPartOf\":{\"@id\":\"https:\/\/denizcankizil.tr\/#website\"},\"datePublished\":\"2025-02-07T06:41:48+00:00\",\"breadcrumb\":{\"@id\":\"https:\/\/denizcankizil.tr\/de\/haberler\/gundem\/antalya-emek-ve-demokrasi-gucleri-2-yil-gecti-ne-acimiz-dindi-ne-de-ofkemiz\/#breadcrumb\"},\"inLanguage\":\"ru-RU\",\"potentialAction\":[{\"@type\":\"ReadAction\",\"target\":[\"https:\/\/denizcankizil.tr\/de\/haberler\/gundem\/antalya-emek-ve-demokrasi-gucleri-2-yil-gecti-ne-acimiz-dindi-ne-de-ofkemiz\/\"]}]},{\"@type\":\"BreadcrumbList\",\"@id\":\"https:\/\/denizcankizil.tr\/de\/haberler\/gundem\/antalya-emek-ve-demokrasi-gucleri-2-yil-gecti-ne-acimiz-dindi-ne-de-ofkemiz\/#breadcrumb\",\"itemListElement\":[{\"@type\":\"ListItem\",\"position\":1,\"name\":\"Home\",\"item\":\"https:\/\/denizcankizil.tr\/de\/\"},{\"@type\":\"ListItem\",\"position\":2,\"name\":\"Antalya Emek ve Demokrasi G\u00fc\u00e7leri: 2 y\u0131l ge\u00e7ti, ne ac\u0131m\u0131z dindi ne de \u00f6fkemiz\"}]},{\"@type\":\"WebSite\",\"@id\":\"https:\/\/denizcankizil.tr\/#website\",\"url\":\"https:\/\/denizcankizil.tr\/\",\"name\":\"Av. Deniz Can K\u0131z\u0131l\",\"description\":\"Avukat Deniz Can K\u0131z\u0131l Antalya Barosu\",\"publisher\":{\"@id\":\"https:\/\/denizcankizil.tr\/#organization\"},\"potentialAction\":[{\"@type\":\"SearchAction\",\"target\":{\"@type\":\"EntryPoint\",\"urlTemplate\":\"https:\/\/denizcankizil.tr\/?s={search_term_string}\"},\"query-input\":{\"@type\":\"PropertyValueSpecification\",\"valueRequired\":true,\"valueName\":\"search_term_string\"}}],\"inLanguage\":\"ru-RU\"},{\"@type\":\"Organization\",\"@id\":\"https:\/\/denizcankizil.tr\/#organization\",\"name\":\"Av. Deniz Can K\u0131z\u0131l\",\"url\":\"https:\/\/denizcankizil.tr\/\",\"logo\":{\"@type\":\"ImageObject\",\"inLanguage\":\"ru-RU\",\"@id\":\"https:\/\/denizcankizil.tr\/#\/schema\/logo\/image\/\",\"url\":\"https:\/\/denizcankizil.tr\/wp-content\/uploads\/2024\/10\/siyah-logo-svg.svg\",\"contentUrl\":\"https:\/\/denizcankizil.tr\/wp-content\/uploads\/2024\/10\/siyah-logo-svg.svg\",\"width\":1080,\"height\":1080,\"caption\":\"Av. Deniz Can K\u0131z\u0131l\"},\"image\":{\"@id\":\"https:\/\/denizcankizil.tr\/#\/schema\/logo\/image\/\"}},{\"@type\":\"Person\",\"@id\":\"https:\/\/denizcankizil.tr\/#\/schema\/person\/e1eb71bb4dd684d46563f0af307e1234\",\"name\":\"Antalya K\u00f6rfez\",\"image\":{\"@type\":\"ImageObject\",\"inLanguage\":\"ru-RU\",\"@id\":\"https:\/\/denizcankizil.tr\/#\/schema\/person\/image\/\",\"url\":\"https:\/\/secure.gravatar.com\/avatar\/42b01982558a48a0b501fdcab6a408d3717ea5919095ee2e67b0e521799c5905?s=96&d=mm&r=g\",\"contentUrl\":\"https:\/\/secure.gravatar.com\/avatar\/42b01982558a48a0b501fdcab6a408d3717ea5919095ee2e67b0e521799c5905?s=96&d=mm&r=g\",\"caption\":\"Antalya K\u00f6rfez\"},\"sameAs\":[\"http:\/\/www.antalyakorfez.com\"],\"url\":\"https:\/\/www.antalyakorfez.com\/antalya-emek-ve-demokrasi-gucleri-2-yil-gecti-ne-acimiz-dindi-ne-de-ofkemiz\"}]}<\/script>\n<!-- \/ Yoast SEO Premium plugin. -->","yoast_head_json":{"title":"Antalya Emek ve Demokrasi G\u00fc\u00e7leri: 2 y\u0131l ge\u00e7ti, ne ac\u0131m\u0131z dindi ne de \u00f6fkemiz - Av. Deniz Can K\u0131z\u0131l","robots":{"index":"index","follow":"follow","max-snippet":"max-snippet:-1","max-image-preview":"max-image-preview:large","max-video-preview":"max-video-preview:-1"},"canonical":"https:\/\/denizcankizil.tr\/ru\/haberler\/gundem\/antalya-emek-ve-demokrasi-gucleri-2-yil-gecti-ne-acimiz-dindi-ne-de-ofkemiz\/","og_locale":"ru_RU","og_type":"article","og_title":"Antalya Emek ve Demokrasi G\u00fc\u00e7leri: 2 y\u0131l ge\u00e7ti, ne ac\u0131m\u0131z dindi ne de \u00f6fkemiz","og_description":"Antalya\u2019da Attalos An\u0131t\u0131 \u00f6n\u00fcnde ger\u00e7ekle\u015ftirilen anma etkinli\u011fi hayat\u0131n\u0131 kaybedenler i\u00e7in yap\u0131lan sayg\u0131 duru\u015fuyla ba\u015flad\u0131. Antalya Emek ve Demokrasi G\u00fc\u00e7leri ad\u0131na bas\u0131n a\u00e7\u0131klamas\u0131n\u0131 Kadriye Tu\u011fcu okudu. Kadriye Tu\u011fcu, \u201c\u0130ki y\u0131l \u00f6nce, 6 \u015eubat 2023\u2019te hepimizin y\u00fcre\u011fine kordan bir ate\u015f d\u00fc\u015ft\u00fc\u201d dedi. DER\u0130N B\u0130R SARSINTI YA\u015eADIK! Antalya Emek ve Demokrasi G\u00fc\u00e7leri, Kahramanmara\u015f merkezli ya\u015fanan 6 \u015eubat depremlerinde hayat\u0131n\u0131 kaybeden on binlerce vatanda\u015f i\u00e7in anma t\u00f6reni d\u00fczenledi. Attalos An\u0131t\u0131 \u00f6n\u00fcnde ger\u00e7ekle\u015ftirilen anma t\u00f6renine kat\u0131l\u0131m y\u00fcksek oldu. Anma t\u00f6reninde a\u00e7\u0131klama yapan Kadriye Tu\u011fcu, \u201cGecenin zifiri karanl\u0131\u011f\u0131nda, saatler 04.17\u2019yi g\u00f6sterirken sadece Kahramanmara\u015f, Hatay, Ad\u0131yaman, Malatya, Adana, Osmaniye, Gaziantep, \u015eanl\u0131urfa, Kilis, El\u00e2z\u0131\u011f ve Diyarbak\u0131r de\u011fil, hepimiz derin bir ac\u0131yla sars\u0131ld\u0131k, y\u0131k\u0131ld\u0131k. 2 y\u0131ld\u0131r y\u00fcre\u011fimize saplanan onlarca kara sapl\u0131 b\u0131\u00e7akla ya\u015f\u0131yoruz. Aradan iki y\u0131l ge\u00e7se de ne yas\u0131m\u0131z bitti. Ne ac\u0131m\u0131z dindi ne de \u00f6fkemiz\u201d dedi. G\u00d6Z G\u00d6RE G\u00d6RE GELEN AFET \u201c\u00d6fkeliyiz. \u00c7\u00fcnk\u00fc 6 \u015eubat 2023\u2019te do\u011fal bir afetin g\u00f6z g\u00f6re g\u00f6re b\u00fcy\u00fck bir felakete d\u00f6n\u00fc\u015fmesine tan\u0131k olduk. On binlerce yurtta\u015f\u0131m\u0131z\u0131n hayat\u0131na mal olan, kentlerimizi yerle bir eden bu felaket g\u00f6z g\u00f6re g\u00f6re geldi\u201d \u015feklinde konu\u015fan Kadriye Tu\u011fcu, \u201c\u00d6fkeliyiz. \u00c7\u00fcnk\u00fc \u00fclkeyi y\u00f6netenlerin akla, bilime, mant\u0131\u011fa, uyar\u0131lara kulaklar\u0131n\u0131 t\u0131kamas\u0131n\u0131 on binlerce yurtta\u015f canlar\u0131 ile \u00f6dedi. 1999 Marmara depreminin ard\u0131ndan d\u00f6nemin Cumhurba\u015fkan\u0131 \u201cAlt\u0131m\u0131z \u00e7\u00fcr\u00fckt\u00fcr, ama yine de bu alt\u0131n &hellip;","og_url":"https:\/\/denizcankizil.tr\/ru\/haberler\/gundem\/antalya-emek-ve-demokrasi-gucleri-2-yil-gecti-ne-acimiz-dindi-ne-de-ofkemiz\/","og_site_name":"Av. Deniz Can K\u0131z\u0131l","article_published_time":"2025-02-07T06:41:48+00:00","author":"Antalya K\u00f6rfez","twitter_card":"summary_large_image","twitter_misc":{"\u041d\u0430\u043f\u0438\u0441\u0430\u043d\u043e \u0430\u0432\u0442\u043e\u0440\u043e\u043c":"Antalya K\u00f6rfez","\u041f\u0440\u0438\u043c\u0435\u0440\u043d\u043e\u0435 \u0432\u0440\u0435\u043c\u044f \u0434\u043b\u044f \u0447\u0442\u0435\u043d\u0438\u044f":"4 \u043c\u0438\u043d\u0443\u0442\u044b"},"schema":{"@context":"https:\/\/schema.org","@graph":[{"@type":"Article","@id":"https:\/\/denizcankizil.tr\/de\/haberler\/gundem\/antalya-emek-ve-demokrasi-gucleri-2-yil-gecti-ne-acimiz-dindi-ne-de-ofkemiz\/#article","isPartOf":{"@id":"https:\/\/denizcankizil.tr\/de\/haberler\/gundem\/antalya-emek-ve-demokrasi-gucleri-2-yil-gecti-ne-acimiz-dindi-ne-de-ofkemiz\/"},"author":{"name":"Antalya K\u00f6rfez","@id":"https:\/\/denizcankizil.tr\/#\/schema\/person\/e1eb71bb4dd684d46563f0af307e1234"},"headline":"Antalya Emek ve Demokrasi G\u00fc\u00e7leri: 2 y\u0131l ge\u00e7ti, ne ac\u0131m\u0131z dindi ne de \u00f6fkemiz","datePublished":"2025-02-07T06:41:48+00:00","mainEntityOfPage":{"@id":"https:\/\/denizcankizil.tr\/de\/haberler\/gundem\/antalya-emek-ve-demokrasi-gucleri-2-yil-gecti-ne-acimiz-dindi-ne-de-ofkemiz\/"},"wordCount":730,"commentCount":0,"publisher":{"@id":"https:\/\/denizcankizil.tr\/#organization"},"articleSection":["G\u00fcndem"],"inLanguage":"ru-RU","potentialAction":[{"@type":"CommentAction","name":"Comment","target":["https:\/\/denizcankizil.tr\/de\/haberler\/gundem\/antalya-emek-ve-demokrasi-gucleri-2-yil-gecti-ne-acimiz-dindi-ne-de-ofkemiz\/#respond"]}]},{"@type":"WebPage","@id":"https:\/\/denizcankizil.tr\/de\/haberler\/gundem\/antalya-emek-ve-demokrasi-gucleri-2-yil-gecti-ne-acimiz-dindi-ne-de-ofkemiz\/","url":"https:\/\/denizcankizil.tr\/de\/haberler\/gundem\/antalya-emek-ve-demokrasi-gucleri-2-yil-gecti-ne-acimiz-dindi-ne-de-ofkemiz\/","name":"Antalya Emek ve Demokrasi G\u00fc\u00e7leri: 2 y\u0131l ge\u00e7ti, ne ac\u0131m\u0131z dindi ne de \u00f6fkemiz - Av. Deniz Can K\u0131z\u0131l","isPartOf":{"@id":"https:\/\/denizcankizil.tr\/#website"},"datePublished":"2025-02-07T06:41:48+00:00","breadcrumb":{"@id":"https:\/\/denizcankizil.tr\/de\/haberler\/gundem\/antalya-emek-ve-demokrasi-gucleri-2-yil-gecti-ne-acimiz-dindi-ne-de-ofkemiz\/#breadcrumb"},"inLanguage":"ru-RU","potentialAction":[{"@type":"ReadAction","target":["https:\/\/denizcankizil.tr\/de\/haberler\/gundem\/antalya-emek-ve-demokrasi-gucleri-2-yil-gecti-ne-acimiz-dindi-ne-de-ofkemiz\/"]}]},{"@type":"BreadcrumbList","@id":"https:\/\/denizcankizil.tr\/de\/haberler\/gundem\/antalya-emek-ve-demokrasi-gucleri-2-yil-gecti-ne-acimiz-dindi-ne-de-ofkemiz\/#breadcrumb","itemListElement":[{"@type":"ListItem","position":1,"name":"Home","item":"https:\/\/denizcankizil.tr\/de\/"},{"@type":"ListItem","position":2,"name":"Antalya Emek ve Demokrasi G\u00fc\u00e7leri: 2 y\u0131l ge\u00e7ti, ne ac\u0131m\u0131z dindi ne de \u00f6fkemiz"}]},{"@type":"WebSite","@id":"https:\/\/denizcankizil.tr\/#website","url":"https:\/\/denizcankizil.tr\/","name":"Av. Deniz Can K\u0131z\u0131l","description":"Avukat Deniz Can K\u0131z\u0131l Antalya Barosu","publisher":{"@id":"https:\/\/denizcankizil.tr\/#organization"},"potentialAction":[{"@type":"SearchAction","target":{"@type":"EntryPoint","urlTemplate":"https:\/\/denizcankizil.tr\/?s={search_term_string}"},"query-input":{"@type":"PropertyValueSpecification","valueRequired":true,"valueName":"search_term_string"}}],"inLanguage":"ru-RU"},{"@type":"Organization","@id":"https:\/\/denizcankizil.tr\/#organization","name":"Av. Deniz Can K\u0131z\u0131l","url":"https:\/\/denizcankizil.tr\/","logo":{"@type":"ImageObject","inLanguage":"ru-RU","@id":"https:\/\/denizcankizil.tr\/#\/schema\/logo\/image\/","url":"https:\/\/denizcankizil.tr\/wp-content\/uploads\/2024\/10\/siyah-logo-svg.svg","contentUrl":"https:\/\/denizcankizil.tr\/wp-content\/uploads\/2024\/10\/siyah-logo-svg.svg","width":1080,"height":1080,"caption":"Av. Deniz Can K\u0131z\u0131l"},"image":{"@id":"https:\/\/denizcankizil.tr\/#\/schema\/logo\/image\/"}},{"@type":"Person","@id":"https:\/\/denizcankizil.tr\/#\/schema\/person\/e1eb71bb4dd684d46563f0af307e1234","name":"Antalya K\u00f6rfez","image":{"@type":"ImageObject","inLanguage":"ru-RU","@id":"https:\/\/denizcankizil.tr\/#\/schema\/person\/image\/","url":"https:\/\/secure.gravatar.com\/avatar\/42b01982558a48a0b501fdcab6a408d3717ea5919095ee2e67b0e521799c5905?s=96&d=mm&r=g","contentUrl":"https:\/\/secure.gravatar.com\/avatar\/42b01982558a48a0b501fdcab6a408d3717ea5919095ee2e67b0e521799c5905?s=96&d=mm&r=g","caption":"Antalya K\u00f6rfez"},"sameAs":["http:\/\/www.antalyakorfez.com"],"url":"https:\/\/www.antalyakorfez.com\/antalya-emek-ve-demokrasi-gucleri-2-yil-gecti-ne-acimiz-dindi-ne-de-ofkemiz"}]}},"_links":{"self":[{"href":"https:\/\/denizcankizil.tr\/ru\/wp-json\/wp\/v2\/posts\/30899","targetHints":{"allow":["GET"]}}],"collection":[{"href":"https:\/\/denizcankizil.tr\/ru\/wp-json\/wp\/v2\/posts"}],"about":[{"href":"https:\/\/denizcankizil.tr\/ru\/wp-json\/wp\/v2\/types\/post"}],"author":[{"embeddable":true,"href":"https:\/\/denizcankizil.tr\/ru\/wp-json\/wp\/v2\/users\/5"}],"replies":[{"embeddable":true,"href":"https:\/\/denizcankizil.tr\/ru\/wp-json\/wp\/v2\/comments?post=30899"}],"version-history":[{"count":0,"href":"https:\/\/denizcankizil.tr\/ru\/wp-json\/wp\/v2\/posts\/30899\/revisions"}],"wp:attachment":[{"href":"https:\/\/denizcankizil.tr\/ru\/wp-json\/wp\/v2\/media?parent=30899"}],"wp:term":[{"taxonomy":"category","embeddable":true,"href":"https:\/\/denizcankizil.tr\/ru\/wp-json\/wp\/v2\/categories?post=30899"},{"taxonomy":"post_tag","embeddable":true,"href":"https:\/\/denizcankizil.tr\/ru\/wp-json\/wp\/v2\/tags?post=30899"}],"curies":[{"name":"wp","href":"https:\/\/api.w.org\/{rel}","templated":true}]}}