{"id":30790,"date":"2025-02-06T19:41:25","date_gmt":"2025-02-06T16:41:25","guid":{"rendered":"https:\/\/denizcankizil.tr\/uncategorized-tr\/zeynep-deniz-cavide-sahutoglu-okullarinda-anildi\/"},"modified":"2025-02-06T19:41:25","modified_gmt":"2025-02-06T16:41:25","slug":"zeynep-deniz-cavide-sahutoglu-okullarinda-anildi","status":"publish","type":"post","link":"https:\/\/denizcankizil.tr\/ru\/haberler\/gundem\/zeynep-deniz-cavide-sahutoglu-okullarinda-anildi\/","title":{"rendered":"Zeynep Deniz Cavide \u015eahuto\u011flu okullar\u0131nda an\u0131ld\u0131\u2026"},"content":{"rendered":"<p>Okul bah\u00e7esinde ger\u00e7ekle\u015fen t\u00f6rene \u0130skenderun Kaymakam\u0131 Muhammet \u00d6nder, Milletvekili Nermin Y\u0131ld\u0131r\u0131m Kara, Belediye Ba\u015fkan\u0131 Mehmet D\u00f6nmez, \u0130l\u00e7e Milli E\u011fitim M\u00fcd\u00fcr\u00fc Ali Haytaz, oda ve STK ba\u015fkanlar\u0131, i\u015f insanlar\u0131, siyasi parti temsilcileri, vatanda\u015flar ve \u00f6\u011frenciler kat\u0131ld\u0131.<\/p>\n<p>Program sayg\u0131 duru\u015fu ve \u0130stiklal Mar\u015f\u0131 ile ba\u015flad\u0131. \u00d6\u011frenciler ve e\u011fitimciler \u015fiirler okurken, okul korosu oratoryo seslendirdi. Zeynep, Deniz ve Cavide \u015eahuto\u011flu\u2019nun biyografileri aktar\u0131ld\u0131. Programda Kur\u2019an-\u0131 Kerim tilaveti ve dualar da okundu.<\/p>\n<p>\u00a0\u00a0\u00a0\u00a0\u00a0\u00a0\u00a0\u00a0 Anma program\u0131nda kat\u0131l\u0131mc\u0131lara h\u00fczn\u00fc, ac\u0131y\u0131 6 \u015eubat felaketini iliklerine kadar hissettiren bir konu\u015fma yapan Genel Cerrah Operat\u00f6r Dr. Y\u0131lmaz \u015eahuto\u011flu \u201cZeynep&#8217;imin, Deniz&#8217;imin, Cavide&#8217;min \u00e7ok de\u011ferli misafirleri, dostlar\u0131, arkada\u015flar\u0131, yol arkada\u015flar\u0131, k\u0131ymetli misafirler. Hepiniz y\u00fcrek y\u00fcrek s\u0131radan ac\u0131l\u0131 g\u00fcn\u00fcm\u00fczde bizimle dayan\u0131\u015fma ruhunu hissetti\u011fimiz i\u00e7in Ruhen ve bedenen aram\u0131zda bulundu\u011fumuz i\u00e7in hepinize canlar\u0131m ad\u0131na \u2018Ho\u015f geldiniz\u2019 te\u015fekk\u00fcrlerimizi sunuyoruz\u201d dedi.<\/p>\n<p>Bug\u00fcn\u00fcn 6 \u015eubat, oldu\u011funun alt\u0131n\u0131 \u00e7izen Dr. \u015eahuto\u011flu \u015funlar\u0131 s\u00f6yledi: \u201cBundan tam 732 g\u00fcn \u00f6nce, 2 sene, iki kocaman, sene bizi bu hayata ba\u011flayan b\u00fct\u00fcn de\u011ferlerimizden, ya\u015fam sevincimizden, benli\u011fimizden, varl\u0131\u011f\u0131m\u0131z\u0131n \u00f6z\u00fcnden ay\u0131ran, talihsiz bir an ya\u015fad\u0131k. Y\u00fcz y\u0131llarca, belki bin y\u0131llarca s\u00fcre i\u00e7erisinde nadir kar\u015f\u0131la\u015fabilece\u011fimiz bir olay bizim ba\u015f\u0131m\u0131za geldi. Bizler gibi tabii 11 ilde on binlerce insan\u0131m\u0131z, y\u00fcz binlerce insan\u0131m\u0131z bu felaketten etkilendi. Ben bu s\u00fcreci do\u011fal bir Olay\u0131n \u00f6tesinde \u00e7ok farkl\u0131 g\u00f6r\u00fcn\u00fcyor. \u00c7\u00fcnk\u00fc etkisi o kadar a\u011f\u0131r ki bir yere kondurmaya, bir yere, bir s\u0131n\u0131fa ait hissettirme noktas\u0131nda \u00e7ok zorluk \u00e7ekiyor. 6 \u015eubat bizim y\u0131ld\u0131zlar\u0131m\u0131z\u0131n s\u00f6nd\u00fc\u011f\u00fc, g\u00fcne\u015fimizin ufuktan bir daha do\u011fmamak \u00fczere batt\u0131\u011f\u0131, \u0131\u015f\u0131ktan karanl\u0131\u011fa, varl\u0131ktan yoklu\u011fa S\u0131cac\u0131k sevgi yuvalar\u0131ndan buz gibi yapayaln\u0131zl\u0131\u011fa umut dolu hayallerden tarifsiz ac\u0131lara ya\u015fam sevincinden b\u00fcy\u00fck bo\u015fluklara yani k\u0131sacas\u0131 cennet hayat\u0131ndan cehennem \u0131st\u0131rab\u0131na d\u00f6n\u00fc\u015f\u00fcn an\u0131d\u0131r 6 \u015eubat\u2026\u201d<\/p>\n<p>\u200bHatay\u2019\u0131n \u0130skenderun il\u00e7esinde, 6 \u015eubat 2023 depremlerinde hayat\u0131n\u0131 kaybeden Zeynep, Deniz ve Cavide \u015eahuto\u011flu, adlar\u0131na yapt\u0131r\u0131lan Zeynep Deniz Cavide \u015eahuto\u011flu Ortaokulunda d\u00fczenlenen anma program\u0131yla an\u0131ld\u0131.\u00a0<\/p>\n<p>\u200bHaberin Al\u0131nt\u0131land\u0131\u011f\u0131 Kaynak: www.iskenderun.org<\/p>","protected":false},"excerpt":{"rendered":"<p>Okul bah\u00e7esinde ger\u00e7ekle\u015fen t\u00f6rene \u0130skenderun Kaymakam\u0131 Muhammet \u00d6nder, Milletvekili Nermin Y\u0131ld\u0131r\u0131m Kara, Belediye Ba\u015fkan\u0131 Mehmet D\u00f6nmez, \u0130l\u00e7e Milli E\u011fitim M\u00fcd\u00fcr\u00fc Ali Haytaz, oda ve STK ba\u015fkanlar\u0131, i\u015f insanlar\u0131, siyasi parti temsilcileri, vatanda\u015flar ve \u00f6\u011frenciler kat\u0131ld\u0131. Program sayg\u0131 duru\u015fu ve \u0130stiklal Mar\u015f\u0131 ile ba\u015flad\u0131. \u00d6\u011frenciler ve e\u011fitimciler \u015fiirler okurken, okul korosu oratoryo seslendirdi. Zeynep, Deniz ve Cavide \u015eahuto\u011flu\u2019nun biyografileri aktar\u0131ld\u0131. Programda Kur\u2019an-\u0131 Kerim tilaveti ve dualar da okundu. \u00a0\u00a0\u00a0\u00a0\u00a0\u00a0\u00a0\u00a0 Anma program\u0131nda kat\u0131l\u0131mc\u0131lara h\u00fczn\u00fc, ac\u0131y\u0131 6 \u015eubat felaketini iliklerine kadar hissettiren bir konu\u015fma yapan Genel Cerrah Operat\u00f6r Dr. Y\u0131lmaz \u015eahuto\u011flu \u201cZeynep&#8217;imin, Deniz&#8217;imin, Cavide&#8217;min \u00e7ok de\u011ferli misafirleri, dostlar\u0131, arkada\u015flar\u0131, yol arkada\u015flar\u0131, k\u0131ymetli misafirler. Hepiniz y\u00fcrek y\u00fcrek s\u0131radan ac\u0131l\u0131 g\u00fcn\u00fcm\u00fczde bizimle dayan\u0131\u015fma ruhunu hissetti\u011fimiz i\u00e7in Ruhen ve bedenen aram\u0131zda bulundu\u011fumuz i\u00e7in hepinize canlar\u0131m ad\u0131na \u2018Ho\u015f geldiniz\u2019 te\u015fekk\u00fcrlerimizi sunuyoruz\u201d dedi. Bug\u00fcn\u00fcn 6 \u015eubat, oldu\u011funun alt\u0131n\u0131 \u00e7izen Dr. \u015eahuto\u011flu \u015funlar\u0131 s\u00f6yledi: \u201cBundan tam 732 g\u00fcn \u00f6nce, 2 sene, iki kocaman, sene bizi bu hayata ba\u011flayan b\u00fct\u00fcn de\u011ferlerimizden, ya\u015fam sevincimizden, benli\u011fimizden, varl\u0131\u011f\u0131m\u0131z\u0131n \u00f6z\u00fcnden ay\u0131ran, talihsiz bir an ya\u015fad\u0131k. Y\u00fcz y\u0131llarca, belki bin y\u0131llarca s\u00fcre i\u00e7erisinde nadir kar\u015f\u0131la\u015fabilece\u011fimiz bir olay bizim ba\u015f\u0131m\u0131za geldi. Bizler gibi tabii 11 ilde on binlerce insan\u0131m\u0131z, y\u00fcz binlerce insan\u0131m\u0131z bu felaketten etkilendi. Ben bu s\u00fcreci do\u011fal bir Olay\u0131n \u00f6tesinde \u00e7ok farkl\u0131 g\u00f6r\u00fcn\u00fcyor. \u00c7\u00fcnk\u00fc &hellip;<\/p>","protected":false},"author":1,"featured_media":0,"comment_status":"open","ping_status":"open","sticky":false,"template":"","format":"standard","meta":{"_acf_changed":false,"footnotes":""},"categories":[24],"tags":[],"class_list":["post-30790","post","type-post","status-publish","format-standard","has-post-thumbnail","hentry","category-gundem"],"acf":[],"yoast_head":"<!-- This site is optimized with the Yoast SEO Premium plugin v26.6 (Yoast SEO v27.1.1) - https:\/\/yoast.com\/product\/yoast-seo-premium-wordpress\/ -->\n<title>Zeynep Deniz Cavide \u015eahuto\u011flu okullar\u0131nda an\u0131ld\u0131\u2026 - Av. Deniz Can K\u0131z\u0131l<\/title>\n<meta name=\"robots\" content=\"index, follow, max-snippet:-1, max-image-preview:large, max-video-preview:-1\" \/>\n<link rel=\"canonical\" href=\"https:\/\/denizcankizil.tr\/ru\/haberler\/gundem\/zeynep-deniz-cavide-sahutoglu-okullarinda-anildi\/\" \/>\n<meta property=\"og:locale\" content=\"ru_RU\" \/>\n<meta property=\"og:type\" content=\"article\" \/>\n<meta property=\"og:title\" content=\"Zeynep Deniz Cavide \u015eahuto\u011flu okullar\u0131nda an\u0131ld\u0131\u2026\" \/>\n<meta property=\"og:description\" content=\"Okul bah\u00e7esinde ger\u00e7ekle\u015fen t\u00f6rene \u0130skenderun Kaymakam\u0131 Muhammet \u00d6nder, Milletvekili Nermin Y\u0131ld\u0131r\u0131m Kara, Belediye Ba\u015fkan\u0131 Mehmet D\u00f6nmez, \u0130l\u00e7e Milli E\u011fitim M\u00fcd\u00fcr\u00fc Ali Haytaz, oda ve STK ba\u015fkanlar\u0131, i\u015f insanlar\u0131, siyasi parti temsilcileri, vatanda\u015flar ve \u00f6\u011frenciler kat\u0131ld\u0131. Program sayg\u0131 duru\u015fu ve \u0130stiklal Mar\u015f\u0131 ile ba\u015flad\u0131. \u00d6\u011frenciler ve e\u011fitimciler \u015fiirler okurken, okul korosu oratoryo seslendirdi. Zeynep, Deniz ve Cavide \u015eahuto\u011flu\u2019nun biyografileri aktar\u0131ld\u0131. Programda Kur\u2019an-\u0131 Kerim tilaveti ve dualar da okundu. \u00a0\u00a0\u00a0\u00a0\u00a0\u00a0\u00a0\u00a0 Anma program\u0131nda kat\u0131l\u0131mc\u0131lara h\u00fczn\u00fc, ac\u0131y\u0131 6 \u015eubat felaketini iliklerine kadar hissettiren bir konu\u015fma yapan Genel Cerrah Operat\u00f6r Dr. Y\u0131lmaz \u015eahuto\u011flu \u201cZeynep&#8217;imin, Deniz&#8217;imin, Cavide&#8217;min \u00e7ok de\u011ferli misafirleri, dostlar\u0131, arkada\u015flar\u0131, yol arkada\u015flar\u0131, k\u0131ymetli misafirler. Hepiniz y\u00fcrek y\u00fcrek s\u0131radan ac\u0131l\u0131 g\u00fcn\u00fcm\u00fczde bizimle dayan\u0131\u015fma ruhunu hissetti\u011fimiz i\u00e7in Ruhen ve bedenen aram\u0131zda bulundu\u011fumuz i\u00e7in hepinize canlar\u0131m ad\u0131na \u2018Ho\u015f geldiniz\u2019 te\u015fekk\u00fcrlerimizi sunuyoruz\u201d dedi. Bug\u00fcn\u00fcn 6 \u015eubat, oldu\u011funun alt\u0131n\u0131 \u00e7izen Dr. \u015eahuto\u011flu \u015funlar\u0131 s\u00f6yledi: \u201cBundan tam 732 g\u00fcn \u00f6nce, 2 sene, iki kocaman, sene bizi bu hayata ba\u011flayan b\u00fct\u00fcn de\u011ferlerimizden, ya\u015fam sevincimizden, benli\u011fimizden, varl\u0131\u011f\u0131m\u0131z\u0131n \u00f6z\u00fcnden ay\u0131ran, talihsiz bir an ya\u015fad\u0131k. Y\u00fcz y\u0131llarca, belki bin y\u0131llarca s\u00fcre i\u00e7erisinde nadir kar\u015f\u0131la\u015fabilece\u011fimiz bir olay bizim ba\u015f\u0131m\u0131za geldi. Bizler gibi tabii 11 ilde on binlerce insan\u0131m\u0131z, y\u00fcz binlerce insan\u0131m\u0131z bu felaketten etkilendi. Ben bu s\u00fcreci do\u011fal bir Olay\u0131n \u00f6tesinde \u00e7ok farkl\u0131 g\u00f6r\u00fcn\u00fcyor. \u00c7\u00fcnk\u00fc &hellip;\" \/>\n<meta property=\"og:url\" content=\"https:\/\/denizcankizil.tr\/ru\/haberler\/gundem\/zeynep-deniz-cavide-sahutoglu-okullarinda-anildi\/\" \/>\n<meta property=\"og:site_name\" content=\"Av. Deniz Can K\u0131z\u0131l\" \/>\n<meta property=\"article:published_time\" content=\"2025-02-06T16:41:25+00:00\" \/>\n<meta name=\"author\" content=\"admin\" \/>\n<meta name=\"twitter:card\" content=\"summary_large_image\" \/>\n<meta name=\"twitter:label1\" content=\"\u041d\u0430\u043f\u0438\u0441\u0430\u043d\u043e \u0430\u0432\u0442\u043e\u0440\u043e\u043c\" \/>\n\t<meta name=\"twitter:data1\" content=\"admin\" \/>\n\t<meta name=\"twitter:label2\" content=\"\u041f\u0440\u0438\u043c\u0435\u0440\u043d\u043e\u0435 \u0432\u0440\u0435\u043c\u044f \u0434\u043b\u044f \u0447\u0442\u0435\u043d\u0438\u044f\" \/>\n\t<meta name=\"twitter:data2\" content=\"2 \u043c\u0438\u043d\u0443\u0442\u044b\" \/>\n<script type=\"application\/ld+json\" class=\"yoast-schema-graph\">{\"@context\":\"https:\/\/schema.org\",\"@graph\":[{\"@type\":\"Article\",\"@id\":\"https:\/\/denizcankizil.tr\/ru\/haberler\/gundem\/zeynep-deniz-cavide-sahutoglu-okullarinda-anildi\/#article\",\"isPartOf\":{\"@id\":\"https:\/\/denizcankizil.tr\/ru\/haberler\/gundem\/zeynep-deniz-cavide-sahutoglu-okullarinda-anildi\/\"},\"author\":{\"name\":\"admin\",\"@id\":\"https:\/\/denizcankizil.tr\/#\/schema\/person\/be3c05fe6a12686905512445d8185489\"},\"headline\":\"Zeynep Deniz Cavide \u015eahuto\u011flu okullar\u0131nda an\u0131ld\u0131\u2026\",\"datePublished\":\"2025-02-06T16:41:25+00:00\",\"mainEntityOfPage\":{\"@id\":\"https:\/\/denizcankizil.tr\/ru\/haberler\/gundem\/zeynep-deniz-cavide-sahutoglu-okullarinda-anildi\/\"},\"wordCount\":434,\"commentCount\":0,\"publisher\":{\"@id\":\"https:\/\/denizcankizil.tr\/#organization\"},\"articleSection\":[\"G\u00fcndem\"],\"inLanguage\":\"ru-RU\",\"potentialAction\":[{\"@type\":\"CommentAction\",\"name\":\"Comment\",\"target\":[\"https:\/\/denizcankizil.tr\/ru\/haberler\/gundem\/zeynep-deniz-cavide-sahutoglu-okullarinda-anildi\/#respond\"]}]},{\"@type\":\"WebPage\",\"@id\":\"https:\/\/denizcankizil.tr\/ru\/haberler\/gundem\/zeynep-deniz-cavide-sahutoglu-okullarinda-anildi\/\",\"url\":\"https:\/\/denizcankizil.tr\/ru\/haberler\/gundem\/zeynep-deniz-cavide-sahutoglu-okullarinda-anildi\/\",\"name\":\"Zeynep Deniz Cavide \u015eahuto\u011flu okullar\u0131nda an\u0131ld\u0131\u2026 - Av. Deniz Can K\u0131z\u0131l\",\"isPartOf\":{\"@id\":\"https:\/\/denizcankizil.tr\/#website\"},\"datePublished\":\"2025-02-06T16:41:25+00:00\",\"breadcrumb\":{\"@id\":\"https:\/\/denizcankizil.tr\/ru\/haberler\/gundem\/zeynep-deniz-cavide-sahutoglu-okullarinda-anildi\/#breadcrumb\"},\"inLanguage\":\"ru-RU\",\"potentialAction\":[{\"@type\":\"ReadAction\",\"target\":[\"https:\/\/denizcankizil.tr\/ru\/haberler\/gundem\/zeynep-deniz-cavide-sahutoglu-okullarinda-anildi\/\"]}]},{\"@type\":\"BreadcrumbList\",\"@id\":\"https:\/\/denizcankizil.tr\/ru\/haberler\/gundem\/zeynep-deniz-cavide-sahutoglu-okullarinda-anildi\/#breadcrumb\",\"itemListElement\":[{\"@type\":\"ListItem\",\"position\":1,\"name\":\"Home\",\"item\":\"https:\/\/denizcankizil.tr\/de\/\"},{\"@type\":\"ListItem\",\"position\":2,\"name\":\"Zeynep Deniz Cavide \u015eahuto\u011flu okullar\u0131nda an\u0131ld\u0131\u2026\"}]},{\"@type\":\"WebSite\",\"@id\":\"https:\/\/denizcankizil.tr\/#website\",\"url\":\"https:\/\/denizcankizil.tr\/\",\"name\":\"Av. Deniz Can K\u0131z\u0131l\",\"description\":\"Avukat Deniz Can K\u0131z\u0131l Antalya Barosu\",\"publisher\":{\"@id\":\"https:\/\/denizcankizil.tr\/#organization\"},\"potentialAction\":[{\"@type\":\"SearchAction\",\"target\":{\"@type\":\"EntryPoint\",\"urlTemplate\":\"https:\/\/denizcankizil.tr\/?s={search_term_string}\"},\"query-input\":{\"@type\":\"PropertyValueSpecification\",\"valueRequired\":true,\"valueName\":\"search_term_string\"}}],\"inLanguage\":\"ru-RU\"},{\"@type\":\"Organization\",\"@id\":\"https:\/\/denizcankizil.tr\/#organization\",\"name\":\"Av. Deniz Can K\u0131z\u0131l\",\"url\":\"https:\/\/denizcankizil.tr\/\",\"logo\":{\"@type\":\"ImageObject\",\"inLanguage\":\"ru-RU\",\"@id\":\"https:\/\/denizcankizil.tr\/#\/schema\/logo\/image\/\",\"url\":\"https:\/\/denizcankizil.tr\/wp-content\/uploads\/2024\/10\/siyah-logo-svg.svg\",\"contentUrl\":\"https:\/\/denizcankizil.tr\/wp-content\/uploads\/2024\/10\/siyah-logo-svg.svg\",\"width\":1080,\"height\":1080,\"caption\":\"Av. Deniz Can K\u0131z\u0131l\"},\"image\":{\"@id\":\"https:\/\/denizcankizil.tr\/#\/schema\/logo\/image\/\"}},{\"@type\":\"Person\",\"@id\":\"https:\/\/denizcankizil.tr\/#\/schema\/person\/be3c05fe6a12686905512445d8185489\",\"name\":\"admin\",\"image\":{\"@type\":\"ImageObject\",\"inLanguage\":\"ru-RU\",\"@id\":\"https:\/\/denizcankizil.tr\/#\/schema\/person\/image\/\",\"url\":\"https:\/\/secure.gravatar.com\/avatar\/c1fce94c830dc79107e174f890d7210541c4a63e8e5d816341794a2151c9d58c?s=96&d=mm&r=g\",\"contentUrl\":\"https:\/\/secure.gravatar.com\/avatar\/c1fce94c830dc79107e174f890d7210541c4a63e8e5d816341794a2151c9d58c?s=96&d=mm&r=g\",\"caption\":\"admin\"},\"sameAs\":[\"http:\/\/denizcankizil.tr\"],\"url\":\"https:\/\/www.iskenderun.org\/zeynep-deniz-cavide-sahutoglu-okullarinda-anildi\"}]}<\/script>\n<!-- \/ Yoast SEO Premium plugin. -->","yoast_head_json":{"title":"Zeynep Deniz Cavide \u015eahuto\u011flu okullar\u0131nda an\u0131ld\u0131\u2026 - Av. Deniz Can K\u0131z\u0131l","robots":{"index":"index","follow":"follow","max-snippet":"max-snippet:-1","max-image-preview":"max-image-preview:large","max-video-preview":"max-video-preview:-1"},"canonical":"https:\/\/denizcankizil.tr\/ru\/haberler\/gundem\/zeynep-deniz-cavide-sahutoglu-okullarinda-anildi\/","og_locale":"ru_RU","og_type":"article","og_title":"Zeynep Deniz Cavide \u015eahuto\u011flu okullar\u0131nda an\u0131ld\u0131\u2026","og_description":"Okul bah\u00e7esinde ger\u00e7ekle\u015fen t\u00f6rene \u0130skenderun Kaymakam\u0131 Muhammet \u00d6nder, Milletvekili Nermin Y\u0131ld\u0131r\u0131m Kara, Belediye Ba\u015fkan\u0131 Mehmet D\u00f6nmez, \u0130l\u00e7e Milli E\u011fitim M\u00fcd\u00fcr\u00fc Ali Haytaz, oda ve STK ba\u015fkanlar\u0131, i\u015f insanlar\u0131, siyasi parti temsilcileri, vatanda\u015flar ve \u00f6\u011frenciler kat\u0131ld\u0131. Program sayg\u0131 duru\u015fu ve \u0130stiklal Mar\u015f\u0131 ile ba\u015flad\u0131. \u00d6\u011frenciler ve e\u011fitimciler \u015fiirler okurken, okul korosu oratoryo seslendirdi. Zeynep, Deniz ve Cavide \u015eahuto\u011flu\u2019nun biyografileri aktar\u0131ld\u0131. Programda Kur\u2019an-\u0131 Kerim tilaveti ve dualar da okundu. \u00a0\u00a0\u00a0\u00a0\u00a0\u00a0\u00a0\u00a0 Anma program\u0131nda kat\u0131l\u0131mc\u0131lara h\u00fczn\u00fc, ac\u0131y\u0131 6 \u015eubat felaketini iliklerine kadar hissettiren bir konu\u015fma yapan Genel Cerrah Operat\u00f6r Dr. Y\u0131lmaz \u015eahuto\u011flu \u201cZeynep&#8217;imin, Deniz&#8217;imin, Cavide&#8217;min \u00e7ok de\u011ferli misafirleri, dostlar\u0131, arkada\u015flar\u0131, yol arkada\u015flar\u0131, k\u0131ymetli misafirler. Hepiniz y\u00fcrek y\u00fcrek s\u0131radan ac\u0131l\u0131 g\u00fcn\u00fcm\u00fczde bizimle dayan\u0131\u015fma ruhunu hissetti\u011fimiz i\u00e7in Ruhen ve bedenen aram\u0131zda bulundu\u011fumuz i\u00e7in hepinize canlar\u0131m ad\u0131na \u2018Ho\u015f geldiniz\u2019 te\u015fekk\u00fcrlerimizi sunuyoruz\u201d dedi. Bug\u00fcn\u00fcn 6 \u015eubat, oldu\u011funun alt\u0131n\u0131 \u00e7izen Dr. \u015eahuto\u011flu \u015funlar\u0131 s\u00f6yledi: \u201cBundan tam 732 g\u00fcn \u00f6nce, 2 sene, iki kocaman, sene bizi bu hayata ba\u011flayan b\u00fct\u00fcn de\u011ferlerimizden, ya\u015fam sevincimizden, benli\u011fimizden, varl\u0131\u011f\u0131m\u0131z\u0131n \u00f6z\u00fcnden ay\u0131ran, talihsiz bir an ya\u015fad\u0131k. Y\u00fcz y\u0131llarca, belki bin y\u0131llarca s\u00fcre i\u00e7erisinde nadir kar\u015f\u0131la\u015fabilece\u011fimiz bir olay bizim ba\u015f\u0131m\u0131za geldi. Bizler gibi tabii 11 ilde on binlerce insan\u0131m\u0131z, y\u00fcz binlerce insan\u0131m\u0131z bu felaketten etkilendi. Ben bu s\u00fcreci do\u011fal bir Olay\u0131n \u00f6tesinde \u00e7ok farkl\u0131 g\u00f6r\u00fcn\u00fcyor. \u00c7\u00fcnk\u00fc &hellip;","og_url":"https:\/\/denizcankizil.tr\/ru\/haberler\/gundem\/zeynep-deniz-cavide-sahutoglu-okullarinda-anildi\/","og_site_name":"Av. Deniz Can K\u0131z\u0131l","article_published_time":"2025-02-06T16:41:25+00:00","author":"admin","twitter_card":"summary_large_image","twitter_misc":{"\u041d\u0430\u043f\u0438\u0441\u0430\u043d\u043e \u0430\u0432\u0442\u043e\u0440\u043e\u043c":"admin","\u041f\u0440\u0438\u043c\u0435\u0440\u043d\u043e\u0435 \u0432\u0440\u0435\u043c\u044f \u0434\u043b\u044f \u0447\u0442\u0435\u043d\u0438\u044f":"2 \u043c\u0438\u043d\u0443\u0442\u044b"},"schema":{"@context":"https:\/\/schema.org","@graph":[{"@type":"Article","@id":"https:\/\/denizcankizil.tr\/ru\/haberler\/gundem\/zeynep-deniz-cavide-sahutoglu-okullarinda-anildi\/#article","isPartOf":{"@id":"https:\/\/denizcankizil.tr\/ru\/haberler\/gundem\/zeynep-deniz-cavide-sahutoglu-okullarinda-anildi\/"},"author":{"name":"admin","@id":"https:\/\/denizcankizil.tr\/#\/schema\/person\/be3c05fe6a12686905512445d8185489"},"headline":"Zeynep Deniz Cavide \u015eahuto\u011flu okullar\u0131nda an\u0131ld\u0131\u2026","datePublished":"2025-02-06T16:41:25+00:00","mainEntityOfPage":{"@id":"https:\/\/denizcankizil.tr\/ru\/haberler\/gundem\/zeynep-deniz-cavide-sahutoglu-okullarinda-anildi\/"},"wordCount":434,"commentCount":0,"publisher":{"@id":"https:\/\/denizcankizil.tr\/#organization"},"articleSection":["G\u00fcndem"],"inLanguage":"ru-RU","potentialAction":[{"@type":"CommentAction","name":"Comment","target":["https:\/\/denizcankizil.tr\/ru\/haberler\/gundem\/zeynep-deniz-cavide-sahutoglu-okullarinda-anildi\/#respond"]}]},{"@type":"WebPage","@id":"https:\/\/denizcankizil.tr\/ru\/haberler\/gundem\/zeynep-deniz-cavide-sahutoglu-okullarinda-anildi\/","url":"https:\/\/denizcankizil.tr\/ru\/haberler\/gundem\/zeynep-deniz-cavide-sahutoglu-okullarinda-anildi\/","name":"Zeynep Deniz Cavide \u015eahuto\u011flu okullar\u0131nda an\u0131ld\u0131\u2026 - Av. Deniz Can K\u0131z\u0131l","isPartOf":{"@id":"https:\/\/denizcankizil.tr\/#website"},"datePublished":"2025-02-06T16:41:25+00:00","breadcrumb":{"@id":"https:\/\/denizcankizil.tr\/ru\/haberler\/gundem\/zeynep-deniz-cavide-sahutoglu-okullarinda-anildi\/#breadcrumb"},"inLanguage":"ru-RU","potentialAction":[{"@type":"ReadAction","target":["https:\/\/denizcankizil.tr\/ru\/haberler\/gundem\/zeynep-deniz-cavide-sahutoglu-okullarinda-anildi\/"]}]},{"@type":"BreadcrumbList","@id":"https:\/\/denizcankizil.tr\/ru\/haberler\/gundem\/zeynep-deniz-cavide-sahutoglu-okullarinda-anildi\/#breadcrumb","itemListElement":[{"@type":"ListItem","position":1,"name":"Home","item":"https:\/\/denizcankizil.tr\/de\/"},{"@type":"ListItem","position":2,"name":"Zeynep Deniz Cavide \u015eahuto\u011flu okullar\u0131nda an\u0131ld\u0131\u2026"}]},{"@type":"WebSite","@id":"https:\/\/denizcankizil.tr\/#website","url":"https:\/\/denizcankizil.tr\/","name":"Av. Deniz Can K\u0131z\u0131l","description":"Avukat Deniz Can K\u0131z\u0131l Antalya Barosu","publisher":{"@id":"https:\/\/denizcankizil.tr\/#organization"},"potentialAction":[{"@type":"SearchAction","target":{"@type":"EntryPoint","urlTemplate":"https:\/\/denizcankizil.tr\/?s={search_term_string}"},"query-input":{"@type":"PropertyValueSpecification","valueRequired":true,"valueName":"search_term_string"}}],"inLanguage":"ru-RU"},{"@type":"Organization","@id":"https:\/\/denizcankizil.tr\/#organization","name":"Av. Deniz Can K\u0131z\u0131l","url":"https:\/\/denizcankizil.tr\/","logo":{"@type":"ImageObject","inLanguage":"ru-RU","@id":"https:\/\/denizcankizil.tr\/#\/schema\/logo\/image\/","url":"https:\/\/denizcankizil.tr\/wp-content\/uploads\/2024\/10\/siyah-logo-svg.svg","contentUrl":"https:\/\/denizcankizil.tr\/wp-content\/uploads\/2024\/10\/siyah-logo-svg.svg","width":1080,"height":1080,"caption":"Av. Deniz Can K\u0131z\u0131l"},"image":{"@id":"https:\/\/denizcankizil.tr\/#\/schema\/logo\/image\/"}},{"@type":"Person","@id":"https:\/\/denizcankizil.tr\/#\/schema\/person\/be3c05fe6a12686905512445d8185489","name":"\u0430\u0434\u043c\u0438\u043d","image":{"@type":"ImageObject","inLanguage":"ru-RU","@id":"https:\/\/denizcankizil.tr\/#\/schema\/person\/image\/","url":"https:\/\/secure.gravatar.com\/avatar\/c1fce94c830dc79107e174f890d7210541c4a63e8e5d816341794a2151c9d58c?s=96&d=mm&r=g","contentUrl":"https:\/\/secure.gravatar.com\/avatar\/c1fce94c830dc79107e174f890d7210541c4a63e8e5d816341794a2151c9d58c?s=96&d=mm&r=g","caption":"admin"},"sameAs":["http:\/\/denizcankizil.tr"],"url":"https:\/\/www.iskenderun.org\/zeynep-deniz-cavide-sahutoglu-okullarinda-anildi"}]}},"_links":{"self":[{"href":"https:\/\/denizcankizil.tr\/ru\/wp-json\/wp\/v2\/posts\/30790","targetHints":{"allow":["GET"]}}],"collection":[{"href":"https:\/\/denizcankizil.tr\/ru\/wp-json\/wp\/v2\/posts"}],"about":[{"href":"https:\/\/denizcankizil.tr\/ru\/wp-json\/wp\/v2\/types\/post"}],"author":[{"embeddable":true,"href":"https:\/\/denizcankizil.tr\/ru\/wp-json\/wp\/v2\/users\/1"}],"replies":[{"embeddable":true,"href":"https:\/\/denizcankizil.tr\/ru\/wp-json\/wp\/v2\/comments?post=30790"}],"version-history":[{"count":0,"href":"https:\/\/denizcankizil.tr\/ru\/wp-json\/wp\/v2\/posts\/30790\/revisions"}],"wp:attachment":[{"href":"https:\/\/denizcankizil.tr\/ru\/wp-json\/wp\/v2\/media?parent=30790"}],"wp:term":[{"taxonomy":"category","embeddable":true,"href":"https:\/\/denizcankizil.tr\/ru\/wp-json\/wp\/v2\/categories?post=30790"},{"taxonomy":"post_tag","embeddable":true,"href":"https:\/\/denizcankizil.tr\/ru\/wp-json\/wp\/v2\/tags?post=30790"}],"curies":[{"name":"wp","href":"https:\/\/api.w.org\/{rel}","templated":true}]}}