{"id":30674,"date":"2025-02-06T13:41:44","date_gmt":"2025-02-06T10:41:44","guid":{"rendered":"https:\/\/denizcankizil.tr\/uncategorized-tr\/serikte-korkutan-yangin-komsulari-tarafindan-kurtarildilar\/"},"modified":"2025-02-06T13:41:44","modified_gmt":"2025-02-06T10:41:44","slug":"serikte-korkutan-yangin-komsulari-tarafindan-kurtarildilar","status":"publish","type":"post","link":"https:\/\/denizcankizil.tr\/ru\/haberler\/antalya\/serikte-korkutan-yangin-komsulari-tarafindan-kurtarildilar\/","title":{"rendered":"Serik&#8217;te korkutan yang\u0131n, kom\u015fular\u0131 taraf\u0131ndan kurtar\u0131ld\u0131lar"},"content":{"rendered":"<p>Yang\u0131n, saat 09.30 s\u0131ralar\u0131nda Ak\u00e7aalan Mahallesi Antalya &#8211; Alanya D400 karayolu 4227 sokakta 4 katl\u0131 apartman\u0131n 4. Kat\u0131nda Ay\u015fe Kaplan\u2019a ait dairede meydana geldi.<br \/>\nDuman\u0131 fark eden kom\u015fular\u0131n ihbar\u0131 \u00fczerine olay yerin e itfaiye, sa\u011fl\u0131k ve polis ekipleri sevk edildi.<br \/>\n2 itfaiye ekibinin m\u00fcdahale etti\u011fi yang\u0131n k\u0131sa s\u00fcrede s\u00f6nd\u00fcr\u00fcld\u00fc.<br \/>\nSobadan \u00e7\u0131kan yang\u0131nda o s\u0131rada evde bulunan 3 ki\u015fi, kom\u015fular\u0131n\u0131n yard\u0131m\u0131 ile evden \u00e7\u0131kar\u0131ld\u0131. \u00c7\u0131kan yang\u0131nda ev sahibi Ay\u015fe Kaplan dumandan etkilendi. Kaplan\u2019a ilk m\u00fcdahale olay yerinde yap\u0131l\u0131rken, tedavi i\u00e7in ambulans ile Serik Devlet hastanesine kald\u0131r\u0131ld\u0131. Sa\u011fl\u0131k durumunun iyi oldu\u011fu \u00f6\u011frenildi.<br \/>\nOlaya ilk m\u00fcdahaleyi yapan Ali Kara gazetecilere yapt\u0131\u011f\u0131 a\u00e7\u0131klamada, &#8220;Evdeki dumanlar\u0131 fark edince ilk m\u00fcdahaleyi biz yapt\u0131k. Yo\u011fun dumandan dolay\u0131 itfaiyeye haber verdik. \u0130tfaiye zaman\u0131nda geldi ve m\u00fcdahale etti. Ekiplere te\u015fekk\u00fcr ederiz. Yang\u0131n\u0131n bildi\u011fim kadar\u0131yla evdeki sobadan \u00e7\u0131kt\u0131\u011f\u0131n\u0131 \u00f6\u011frendim. Evde 3 ki\u015fi ya\u015f\u0131yor. Onlar\u0131 evden \u00e7\u0131kard\u0131k. \u0130kisi ya\u015fl\u0131 biri gen\u00e7. Sadece 1 ki\u015fi dumandan etkilendi tansiyon problemi de varm\u0131\u015f. Sa\u011fl\u0131k ekipleri m\u00fcdahale etti. O anda biz gaz maskesi takt\u0131\u011f\u0131m\u0131z halde dumandan odaya giremedik&#8221; dedi.<br \/>\nYang\u0131nda evin bir odas\u0131nda bulunan e\u015fyalar tamamen yanarak maddi zarar meydana geldi.<br \/>\nYang\u0131n\u0131n ev sakinlerinin evde kahvalt\u0131 yapt\u0131klar\u0131 s\u0131rada meydana geldi\u011fi \u00f6\u011frenildi.<\/p>\n<p>Kaynak: www.kanalv.com.tr Haber Sitesinden Al\u0131nm\u0131\u015ft\u0131r.<\/p>","protected":false},"excerpt":{"rendered":"<p>Yang\u0131n, saat 09.30 s\u0131ralar\u0131nda Ak\u00e7aalan Mahallesi Antalya &#8211; Alanya D400 karayolu 4227 sokakta 4 katl\u0131 apartman\u0131n 4. Kat\u0131nda Ay\u015fe Kaplan\u2019a ait dairede meydana geldi. Duman\u0131 fark eden kom\u015fular\u0131n ihbar\u0131 \u00fczerine olay yerin e itfaiye, sa\u011fl\u0131k ve polis ekipleri sevk edildi. 2 itfaiye ekibinin m\u00fcdahale etti\u011fi yang\u0131n k\u0131sa s\u00fcrede s\u00f6nd\u00fcr\u00fcld\u00fc. Sobadan \u00e7\u0131kan yang\u0131nda o s\u0131rada evde bulunan 3 ki\u015fi, kom\u015fular\u0131n\u0131n yard\u0131m\u0131 ile evden \u00e7\u0131kar\u0131ld\u0131. \u00c7\u0131kan yang\u0131nda ev sahibi Ay\u015fe Kaplan dumandan etkilendi. Kaplan\u2019a ilk m\u00fcdahale olay yerinde yap\u0131l\u0131rken, tedavi i\u00e7in ambulans ile Serik Devlet hastanesine kald\u0131r\u0131ld\u0131. Sa\u011fl\u0131k durumunun iyi oldu\u011fu \u00f6\u011frenildi. Olaya ilk m\u00fcdahaleyi yapan Ali Kara gazetecilere yapt\u0131\u011f\u0131 a\u00e7\u0131klamada, &#8220;Evdeki dumanlar\u0131 fark edince ilk m\u00fcdahaleyi biz yapt\u0131k. Yo\u011fun dumandan dolay\u0131 itfaiyeye haber verdik. \u0130tfaiye zaman\u0131nda geldi ve m\u00fcdahale etti. Ekiplere te\u015fekk\u00fcr ederiz. Yang\u0131n\u0131n bildi\u011fim kadar\u0131yla evdeki sobadan \u00e7\u0131kt\u0131\u011f\u0131n\u0131 \u00f6\u011frendim. Evde 3 ki\u015fi ya\u015f\u0131yor. Onlar\u0131 evden \u00e7\u0131kard\u0131k. \u0130kisi ya\u015fl\u0131 biri gen\u00e7. Sadece 1 ki\u015fi dumandan etkilendi tansiyon problemi de varm\u0131\u015f. Sa\u011fl\u0131k ekipleri m\u00fcdahale etti. O anda biz gaz maskesi takt\u0131\u011f\u0131m\u0131z halde dumandan odaya giremedik&#8221; dedi. Yang\u0131nda evin bir odas\u0131nda bulunan e\u015fyalar tamamen yanarak maddi zarar meydana geldi. Yang\u0131n\u0131n ev sakinlerinin evde kahvalt\u0131 yapt\u0131klar\u0131 s\u0131rada meydana geldi\u011fi \u00f6\u011frenildi. Kaynak: www.kanalv.com.tr Haber Sitesinden Al\u0131nm\u0131\u015ft\u0131r.<\/p>","protected":false},"author":4,"featured_media":30675,"comment_status":"open","ping_status":"open","sticky":false,"template":"","format":"standard","meta":{"_acf_changed":false,"footnotes":""},"categories":[26],"tags":[],"class_list":["post-30674","post","type-post","status-publish","format-standard","has-post-thumbnail","hentry","category-antalya"],"acf":[],"yoast_head":"<!-- This site is optimized with the Yoast SEO Premium plugin v26.6 (Yoast SEO v27.1.1) - https:\/\/yoast.com\/product\/yoast-seo-premium-wordpress\/ -->\n<title>Serik&#039;te korkutan yang\u0131n, kom\u015fular\u0131 taraf\u0131ndan kurtar\u0131ld\u0131lar - Av. Deniz Can K\u0131z\u0131l<\/title>\n<meta name=\"robots\" content=\"index, follow, max-snippet:-1, max-image-preview:large, max-video-preview:-1\" \/>\n<link rel=\"canonical\" href=\"https:\/\/denizcankizil.tr\/ru\/haberler\/antalya\/serikte-korkutan-yangin-komsulari-tarafindan-kurtarildilar\/\" \/>\n<meta property=\"og:locale\" content=\"ru_RU\" \/>\n<meta property=\"og:type\" content=\"article\" \/>\n<meta property=\"og:title\" content=\"Serik&#039;te korkutan yang\u0131n, kom\u015fular\u0131 taraf\u0131ndan kurtar\u0131ld\u0131lar\" \/>\n<meta property=\"og:description\" content=\"Yang\u0131n, saat 09.30 s\u0131ralar\u0131nda Ak\u00e7aalan Mahallesi Antalya &#8211; Alanya D400 karayolu 4227 sokakta 4 katl\u0131 apartman\u0131n 4. Kat\u0131nda Ay\u015fe Kaplan\u2019a ait dairede meydana geldi. Duman\u0131 fark eden kom\u015fular\u0131n ihbar\u0131 \u00fczerine olay yerin e itfaiye, sa\u011fl\u0131k ve polis ekipleri sevk edildi. 2 itfaiye ekibinin m\u00fcdahale etti\u011fi yang\u0131n k\u0131sa s\u00fcrede s\u00f6nd\u00fcr\u00fcld\u00fc. Sobadan \u00e7\u0131kan yang\u0131nda o s\u0131rada evde bulunan 3 ki\u015fi, kom\u015fular\u0131n\u0131n yard\u0131m\u0131 ile evden \u00e7\u0131kar\u0131ld\u0131. \u00c7\u0131kan yang\u0131nda ev sahibi Ay\u015fe Kaplan dumandan etkilendi. Kaplan\u2019a ilk m\u00fcdahale olay yerinde yap\u0131l\u0131rken, tedavi i\u00e7in ambulans ile Serik Devlet hastanesine kald\u0131r\u0131ld\u0131. Sa\u011fl\u0131k durumunun iyi oldu\u011fu \u00f6\u011frenildi. Olaya ilk m\u00fcdahaleyi yapan Ali Kara gazetecilere yapt\u0131\u011f\u0131 a\u00e7\u0131klamada, &#8220;Evdeki dumanlar\u0131 fark edince ilk m\u00fcdahaleyi biz yapt\u0131k. Yo\u011fun dumandan dolay\u0131 itfaiyeye haber verdik. \u0130tfaiye zaman\u0131nda geldi ve m\u00fcdahale etti. Ekiplere te\u015fekk\u00fcr ederiz. Yang\u0131n\u0131n bildi\u011fim kadar\u0131yla evdeki sobadan \u00e7\u0131kt\u0131\u011f\u0131n\u0131 \u00f6\u011frendim. Evde 3 ki\u015fi ya\u015f\u0131yor. Onlar\u0131 evden \u00e7\u0131kard\u0131k. \u0130kisi ya\u015fl\u0131 biri gen\u00e7. Sadece 1 ki\u015fi dumandan etkilendi tansiyon problemi de varm\u0131\u015f. Sa\u011fl\u0131k ekipleri m\u00fcdahale etti. O anda biz gaz maskesi takt\u0131\u011f\u0131m\u0131z halde dumandan odaya giremedik&#8221; dedi. Yang\u0131nda evin bir odas\u0131nda bulunan e\u015fyalar tamamen yanarak maddi zarar meydana geldi. Yang\u0131n\u0131n ev sakinlerinin evde kahvalt\u0131 yapt\u0131klar\u0131 s\u0131rada meydana geldi\u011fi \u00f6\u011frenildi. Kaynak: www.kanalv.com.tr Haber Sitesinden Al\u0131nm\u0131\u015ft\u0131r.\" \/>\n<meta property=\"og:url\" content=\"https:\/\/denizcankizil.tr\/ru\/haberler\/antalya\/serikte-korkutan-yangin-komsulari-tarafindan-kurtarildilar\/\" \/>\n<meta property=\"og:site_name\" content=\"Av. Deniz Can K\u0131z\u0131l\" \/>\n<meta property=\"article:published_time\" content=\"2025-02-06T10:41:44+00:00\" \/>\n<meta property=\"og:image\" content=\"https:\/\/denizcankizil.tr\/wp-content\/uploads\/2025\/02\/4502-01-5gqxle.jpeg\" \/>\n\t<meta property=\"og:image:width\" content=\"1280\" \/>\n\t<meta property=\"og:image:height\" content=\"720\" \/>\n\t<meta property=\"og:image:type\" content=\"image\/jpeg\" \/>\n<meta name=\"author\" content=\"Av. Deniz Can K\u0131z\u0131l\" \/>\n<meta name=\"twitter:card\" content=\"summary_large_image\" \/>\n<meta name=\"twitter:label1\" content=\"\u041d\u0430\u043f\u0438\u0441\u0430\u043d\u043e \u0430\u0432\u0442\u043e\u0440\u043e\u043c\" \/>\n\t<meta name=\"twitter:data1\" content=\"Av. Deniz Can K\u0131z\u0131l\" \/>\n\t<meta name=\"twitter:label2\" content=\"\u041f\u0440\u0438\u043c\u0435\u0440\u043d\u043e\u0435 \u0432\u0440\u0435\u043c\u044f \u0434\u043b\u044f \u0447\u0442\u0435\u043d\u0438\u044f\" \/>\n\t<meta name=\"twitter:data2\" content=\"1 \u043c\u0438\u043d\u0443\u0442\u0430\" \/>\n<script type=\"application\/ld+json\" class=\"yoast-schema-graph\">{\"@context\":\"https:\/\/schema.org\",\"@graph\":[{\"@type\":\"Article\",\"@id\":\"https:\/\/denizcankizil.tr\/ru\/haberler\/antalya\/serikte-korkutan-yangin-komsulari-tarafindan-kurtarildilar\/#article\",\"isPartOf\":{\"@id\":\"https:\/\/denizcankizil.tr\/ru\/haberler\/antalya\/serikte-korkutan-yangin-komsulari-tarafindan-kurtarildilar\/\"},\"author\":{\"name\":\"Av. Deniz Can K\u0131z\u0131l\",\"@id\":\"https:\/\/denizcankizil.tr\/de\/#\/schema\/person\/5dc1b22991bd7ac833867c10afc9b0ff\"},\"headline\":\"Serik&#8217;te korkutan yang\u0131n, kom\u015fular\u0131 taraf\u0131ndan kurtar\u0131ld\u0131lar\",\"datePublished\":\"2025-02-06T10:41:44+00:00\",\"mainEntityOfPage\":{\"@id\":\"https:\/\/denizcankizil.tr\/ru\/haberler\/antalya\/serikte-korkutan-yangin-komsulari-tarafindan-kurtarildilar\/\"},\"wordCount\":273,\"commentCount\":0,\"publisher\":{\"@id\":\"https:\/\/denizcankizil.tr\/de\/#organization\"},\"image\":{\"@id\":\"https:\/\/denizcankizil.tr\/ru\/haberler\/antalya\/serikte-korkutan-yangin-komsulari-tarafindan-kurtarildilar\/#primaryimage\"},\"thumbnailUrl\":\"https:\/\/denizcankizil.tr\/wp-content\/uploads\/2025\/02\/4502-01-5gqxle.jpeg\",\"articleSection\":[\"Antalya\"],\"inLanguage\":\"ru-RU\",\"potentialAction\":[{\"@type\":\"CommentAction\",\"name\":\"Comment\",\"target\":[\"https:\/\/denizcankizil.tr\/ru\/haberler\/antalya\/serikte-korkutan-yangin-komsulari-tarafindan-kurtarildilar\/#respond\"]}]},{\"@type\":\"WebPage\",\"@id\":\"https:\/\/denizcankizil.tr\/ru\/haberler\/antalya\/serikte-korkutan-yangin-komsulari-tarafindan-kurtarildilar\/\",\"url\":\"https:\/\/denizcankizil.tr\/ru\/haberler\/antalya\/serikte-korkutan-yangin-komsulari-tarafindan-kurtarildilar\/\",\"name\":\"Serik'te korkutan yang\u0131n, kom\u015fular\u0131 taraf\u0131ndan kurtar\u0131ld\u0131lar - Av. Deniz Can K\u0131z\u0131l\",\"isPartOf\":{\"@id\":\"https:\/\/denizcankizil.tr\/de\/#website\"},\"primaryImageOfPage\":{\"@id\":\"https:\/\/denizcankizil.tr\/ru\/haberler\/antalya\/serikte-korkutan-yangin-komsulari-tarafindan-kurtarildilar\/#primaryimage\"},\"image\":{\"@id\":\"https:\/\/denizcankizil.tr\/ru\/haberler\/antalya\/serikte-korkutan-yangin-komsulari-tarafindan-kurtarildilar\/#primaryimage\"},\"thumbnailUrl\":\"https:\/\/denizcankizil.tr\/wp-content\/uploads\/2025\/02\/4502-01-5gqxle.jpeg\",\"datePublished\":\"2025-02-06T10:41:44+00:00\",\"breadcrumb\":{\"@id\":\"https:\/\/denizcankizil.tr\/ru\/haberler\/antalya\/serikte-korkutan-yangin-komsulari-tarafindan-kurtarildilar\/#breadcrumb\"},\"inLanguage\":\"ru-RU\",\"potentialAction\":[{\"@type\":\"ReadAction\",\"target\":[\"https:\/\/denizcankizil.tr\/ru\/haberler\/antalya\/serikte-korkutan-yangin-komsulari-tarafindan-kurtarildilar\/\"]}]},{\"@type\":\"ImageObject\",\"inLanguage\":\"ru-RU\",\"@id\":\"https:\/\/denizcankizil.tr\/ru\/haberler\/antalya\/serikte-korkutan-yangin-komsulari-tarafindan-kurtarildilar\/#primaryimage\",\"url\":\"https:\/\/denizcankizil.tr\/wp-content\/uploads\/2025\/02\/4502-01-5gqxle.jpeg\",\"contentUrl\":\"https:\/\/denizcankizil.tr\/wp-content\/uploads\/2025\/02\/4502-01-5gqxle.jpeg\",\"width\":1280,\"height\":720},{\"@type\":\"BreadcrumbList\",\"@id\":\"https:\/\/denizcankizil.tr\/ru\/haberler\/antalya\/serikte-korkutan-yangin-komsulari-tarafindan-kurtarildilar\/#breadcrumb\",\"itemListElement\":[{\"@type\":\"ListItem\",\"position\":1,\"name\":\"Home\",\"item\":\"https:\/\/denizcankizil.tr\/de\/\"},{\"@type\":\"ListItem\",\"position\":2,\"name\":\"Serik&#8217;te korkutan yang\u0131n, kom\u015fular\u0131 taraf\u0131ndan kurtar\u0131ld\u0131lar\"}]},{\"@type\":\"WebSite\",\"@id\":\"https:\/\/denizcankizil.tr\/de\/#website\",\"url\":\"https:\/\/denizcankizil.tr\/de\/\",\"name\":\"Av. Deniz Can K\u0131z\u0131l\",\"description\":\"Avukat Deniz Can K\u0131z\u0131l Antalya Barosu\",\"publisher\":{\"@id\":\"https:\/\/denizcankizil.tr\/de\/#organization\"},\"potentialAction\":[{\"@type\":\"SearchAction\",\"target\":{\"@type\":\"EntryPoint\",\"urlTemplate\":\"https:\/\/denizcankizil.tr\/de\/?s={search_term_string}\"},\"query-input\":{\"@type\":\"PropertyValueSpecification\",\"valueRequired\":true,\"valueName\":\"search_term_string\"}}],\"inLanguage\":\"ru-RU\"},{\"@type\":\"Organization\",\"@id\":\"https:\/\/denizcankizil.tr\/de\/#organization\",\"name\":\"Av. Deniz Can K\u0131z\u0131l\",\"url\":\"https:\/\/denizcankizil.tr\/de\/\",\"logo\":{\"@type\":\"ImageObject\",\"inLanguage\":\"ru-RU\",\"@id\":\"https:\/\/denizcankizil.tr\/de\/#\/schema\/logo\/image\/\",\"url\":\"https:\/\/denizcankizil.tr\/wp-content\/uploads\/2024\/10\/siyah-logo-svg.svg\",\"contentUrl\":\"https:\/\/denizcankizil.tr\/wp-content\/uploads\/2024\/10\/siyah-logo-svg.svg\",\"width\":1080,\"height\":1080,\"caption\":\"Av. Deniz Can K\u0131z\u0131l\"},\"image\":{\"@id\":\"https:\/\/denizcankizil.tr\/de\/#\/schema\/logo\/image\/\"}},{\"@type\":\"Person\",\"@id\":\"https:\/\/denizcankizil.tr\/de\/#\/schema\/person\/5dc1b22991bd7ac833867c10afc9b0ff\",\"name\":\"Av. Deniz Can K\u0131z\u0131l\",\"image\":{\"@type\":\"ImageObject\",\"inLanguage\":\"ru-RU\",\"@id\":\"https:\/\/denizcankizil.tr\/de\/#\/schema\/person\/image\/\",\"url\":\"https:\/\/secure.gravatar.com\/avatar\/a0b128fb9855c79efc976d5640eedb31dc35ec297594d6016d2cf7c60e975bb6?s=96&d=mm&r=g\",\"contentUrl\":\"https:\/\/secure.gravatar.com\/avatar\/a0b128fb9855c79efc976d5640eedb31dc35ec297594d6016d2cf7c60e975bb6?s=96&d=mm&r=g\",\"caption\":\"Av. Deniz Can K\u0131z\u0131l\"},\"sameAs\":[\"http:\/\/www.denizcankizil.tr\"],\"url\":\"https:\/\/denizcankizil.tr\/ru\/author\/denizcankizil\/\"}]}<\/script>\n<!-- \/ Yoast SEO Premium plugin. -->","yoast_head_json":{"title":"Serik'te korkutan yang\u0131n, kom\u015fular\u0131 taraf\u0131ndan kurtar\u0131ld\u0131lar - Av. Deniz Can K\u0131z\u0131l","robots":{"index":"index","follow":"follow","max-snippet":"max-snippet:-1","max-image-preview":"max-image-preview:large","max-video-preview":"max-video-preview:-1"},"canonical":"https:\/\/denizcankizil.tr\/ru\/haberler\/antalya\/serikte-korkutan-yangin-komsulari-tarafindan-kurtarildilar\/","og_locale":"ru_RU","og_type":"article","og_title":"Serik'te korkutan yang\u0131n, kom\u015fular\u0131 taraf\u0131ndan kurtar\u0131ld\u0131lar","og_description":"Yang\u0131n, saat 09.30 s\u0131ralar\u0131nda Ak\u00e7aalan Mahallesi Antalya &#8211; Alanya D400 karayolu 4227 sokakta 4 katl\u0131 apartman\u0131n 4. Kat\u0131nda Ay\u015fe Kaplan\u2019a ait dairede meydana geldi. Duman\u0131 fark eden kom\u015fular\u0131n ihbar\u0131 \u00fczerine olay yerin e itfaiye, sa\u011fl\u0131k ve polis ekipleri sevk edildi. 2 itfaiye ekibinin m\u00fcdahale etti\u011fi yang\u0131n k\u0131sa s\u00fcrede s\u00f6nd\u00fcr\u00fcld\u00fc. Sobadan \u00e7\u0131kan yang\u0131nda o s\u0131rada evde bulunan 3 ki\u015fi, kom\u015fular\u0131n\u0131n yard\u0131m\u0131 ile evden \u00e7\u0131kar\u0131ld\u0131. \u00c7\u0131kan yang\u0131nda ev sahibi Ay\u015fe Kaplan dumandan etkilendi. Kaplan\u2019a ilk m\u00fcdahale olay yerinde yap\u0131l\u0131rken, tedavi i\u00e7in ambulans ile Serik Devlet hastanesine kald\u0131r\u0131ld\u0131. Sa\u011fl\u0131k durumunun iyi oldu\u011fu \u00f6\u011frenildi. Olaya ilk m\u00fcdahaleyi yapan Ali Kara gazetecilere yapt\u0131\u011f\u0131 a\u00e7\u0131klamada, &#8220;Evdeki dumanlar\u0131 fark edince ilk m\u00fcdahaleyi biz yapt\u0131k. Yo\u011fun dumandan dolay\u0131 itfaiyeye haber verdik. \u0130tfaiye zaman\u0131nda geldi ve m\u00fcdahale etti. Ekiplere te\u015fekk\u00fcr ederiz. Yang\u0131n\u0131n bildi\u011fim kadar\u0131yla evdeki sobadan \u00e7\u0131kt\u0131\u011f\u0131n\u0131 \u00f6\u011frendim. Evde 3 ki\u015fi ya\u015f\u0131yor. Onlar\u0131 evden \u00e7\u0131kard\u0131k. \u0130kisi ya\u015fl\u0131 biri gen\u00e7. Sadece 1 ki\u015fi dumandan etkilendi tansiyon problemi de varm\u0131\u015f. Sa\u011fl\u0131k ekipleri m\u00fcdahale etti. O anda biz gaz maskesi takt\u0131\u011f\u0131m\u0131z halde dumandan odaya giremedik&#8221; dedi. Yang\u0131nda evin bir odas\u0131nda bulunan e\u015fyalar tamamen yanarak maddi zarar meydana geldi. Yang\u0131n\u0131n ev sakinlerinin evde kahvalt\u0131 yapt\u0131klar\u0131 s\u0131rada meydana geldi\u011fi \u00f6\u011frenildi. Kaynak: www.kanalv.com.tr Haber Sitesinden Al\u0131nm\u0131\u015ft\u0131r.","og_url":"https:\/\/denizcankizil.tr\/ru\/haberler\/antalya\/serikte-korkutan-yangin-komsulari-tarafindan-kurtarildilar\/","og_site_name":"Av. Deniz Can K\u0131z\u0131l","article_published_time":"2025-02-06T10:41:44+00:00","og_image":[{"width":1280,"height":720,"url":"https:\/\/denizcankizil.tr\/wp-content\/uploads\/2025\/02\/4502-01-5gqxle.jpeg","type":"image\/jpeg"}],"author":"Av. Deniz Can K\u0131z\u0131l","twitter_card":"summary_large_image","twitter_misc":{"\u041d\u0430\u043f\u0438\u0441\u0430\u043d\u043e \u0430\u0432\u0442\u043e\u0440\u043e\u043c":"Av. Deniz Can K\u0131z\u0131l","\u041f\u0440\u0438\u043c\u0435\u0440\u043d\u043e\u0435 \u0432\u0440\u0435\u043c\u044f \u0434\u043b\u044f \u0447\u0442\u0435\u043d\u0438\u044f":"1 \u043c\u0438\u043d\u0443\u0442\u0430"},"schema":{"@context":"https:\/\/schema.org","@graph":[{"@type":"Article","@id":"https:\/\/denizcankizil.tr\/ru\/haberler\/antalya\/serikte-korkutan-yangin-komsulari-tarafindan-kurtarildilar\/#article","isPartOf":{"@id":"https:\/\/denizcankizil.tr\/ru\/haberler\/antalya\/serikte-korkutan-yangin-komsulari-tarafindan-kurtarildilar\/"},"author":{"name":"Av. Deniz Can K\u0131z\u0131l","@id":"https:\/\/denizcankizil.tr\/de\/#\/schema\/person\/5dc1b22991bd7ac833867c10afc9b0ff"},"headline":"Serik&#8217;te korkutan yang\u0131n, kom\u015fular\u0131 taraf\u0131ndan kurtar\u0131ld\u0131lar","datePublished":"2025-02-06T10:41:44+00:00","mainEntityOfPage":{"@id":"https:\/\/denizcankizil.tr\/ru\/haberler\/antalya\/serikte-korkutan-yangin-komsulari-tarafindan-kurtarildilar\/"},"wordCount":273,"commentCount":0,"publisher":{"@id":"https:\/\/denizcankizil.tr\/de\/#organization"},"image":{"@id":"https:\/\/denizcankizil.tr\/ru\/haberler\/antalya\/serikte-korkutan-yangin-komsulari-tarafindan-kurtarildilar\/#primaryimage"},"thumbnailUrl":"https:\/\/denizcankizil.tr\/wp-content\/uploads\/2025\/02\/4502-01-5gqxle.jpeg","articleSection":["Antalya"],"inLanguage":"ru-RU","potentialAction":[{"@type":"CommentAction","name":"Comment","target":["https:\/\/denizcankizil.tr\/ru\/haberler\/antalya\/serikte-korkutan-yangin-komsulari-tarafindan-kurtarildilar\/#respond"]}]},{"@type":"WebPage","@id":"https:\/\/denizcankizil.tr\/ru\/haberler\/antalya\/serikte-korkutan-yangin-komsulari-tarafindan-kurtarildilar\/","url":"https:\/\/denizcankizil.tr\/ru\/haberler\/antalya\/serikte-korkutan-yangin-komsulari-tarafindan-kurtarildilar\/","name":"Serik'te korkutan yang\u0131n, kom\u015fular\u0131 taraf\u0131ndan kurtar\u0131ld\u0131lar - Av. Deniz Can K\u0131z\u0131l","isPartOf":{"@id":"https:\/\/denizcankizil.tr\/de\/#website"},"primaryImageOfPage":{"@id":"https:\/\/denizcankizil.tr\/ru\/haberler\/antalya\/serikte-korkutan-yangin-komsulari-tarafindan-kurtarildilar\/#primaryimage"},"image":{"@id":"https:\/\/denizcankizil.tr\/ru\/haberler\/antalya\/serikte-korkutan-yangin-komsulari-tarafindan-kurtarildilar\/#primaryimage"},"thumbnailUrl":"https:\/\/denizcankizil.tr\/wp-content\/uploads\/2025\/02\/4502-01-5gqxle.jpeg","datePublished":"2025-02-06T10:41:44+00:00","breadcrumb":{"@id":"https:\/\/denizcankizil.tr\/ru\/haberler\/antalya\/serikte-korkutan-yangin-komsulari-tarafindan-kurtarildilar\/#breadcrumb"},"inLanguage":"ru-RU","potentialAction":[{"@type":"ReadAction","target":["https:\/\/denizcankizil.tr\/ru\/haberler\/antalya\/serikte-korkutan-yangin-komsulari-tarafindan-kurtarildilar\/"]}]},{"@type":"ImageObject","inLanguage":"ru-RU","@id":"https:\/\/denizcankizil.tr\/ru\/haberler\/antalya\/serikte-korkutan-yangin-komsulari-tarafindan-kurtarildilar\/#primaryimage","url":"https:\/\/denizcankizil.tr\/wp-content\/uploads\/2025\/02\/4502-01-5gqxle.jpeg","contentUrl":"https:\/\/denizcankizil.tr\/wp-content\/uploads\/2025\/02\/4502-01-5gqxle.jpeg","width":1280,"height":720},{"@type":"BreadcrumbList","@id":"https:\/\/denizcankizil.tr\/ru\/haberler\/antalya\/serikte-korkutan-yangin-komsulari-tarafindan-kurtarildilar\/#breadcrumb","itemListElement":[{"@type":"ListItem","position":1,"name":"Home","item":"https:\/\/denizcankizil.tr\/de\/"},{"@type":"ListItem","position":2,"name":"Serik&#8217;te korkutan yang\u0131n, kom\u015fular\u0131 taraf\u0131ndan kurtar\u0131ld\u0131lar"}]},{"@type":"WebSite","@id":"https:\/\/denizcankizil.tr\/de\/#website","url":"https:\/\/denizcankizil.tr\/de\/","name":"Av. Deniz Can K\u0131z\u0131l","description":"Avukat Deniz Can K\u0131z\u0131l Antalya Barosu","publisher":{"@id":"https:\/\/denizcankizil.tr\/de\/#organization"},"potentialAction":[{"@type":"SearchAction","target":{"@type":"EntryPoint","urlTemplate":"https:\/\/denizcankizil.tr\/de\/?s={search_term_string}"},"query-input":{"@type":"PropertyValueSpecification","valueRequired":true,"valueName":"search_term_string"}}],"inLanguage":"ru-RU"},{"@type":"Organization","@id":"https:\/\/denizcankizil.tr\/de\/#organization","name":"Av. Deniz Can K\u0131z\u0131l","url":"https:\/\/denizcankizil.tr\/de\/","logo":{"@type":"ImageObject","inLanguage":"ru-RU","@id":"https:\/\/denizcankizil.tr\/de\/#\/schema\/logo\/image\/","url":"https:\/\/denizcankizil.tr\/wp-content\/uploads\/2024\/10\/siyah-logo-svg.svg","contentUrl":"https:\/\/denizcankizil.tr\/wp-content\/uploads\/2024\/10\/siyah-logo-svg.svg","width":1080,"height":1080,"caption":"Av. Deniz Can K\u0131z\u0131l"},"image":{"@id":"https:\/\/denizcankizil.tr\/de\/#\/schema\/logo\/image\/"}},{"@type":"Person","@id":"https:\/\/denizcankizil.tr\/de\/#\/schema\/person\/5dc1b22991bd7ac833867c10afc9b0ff","name":"Av. Deniz Can K\u0131z\u0131l","image":{"@type":"ImageObject","inLanguage":"ru-RU","@id":"https:\/\/denizcankizil.tr\/de\/#\/schema\/person\/image\/","url":"https:\/\/secure.gravatar.com\/avatar\/a0b128fb9855c79efc976d5640eedb31dc35ec297594d6016d2cf7c60e975bb6?s=96&d=mm&r=g","contentUrl":"https:\/\/secure.gravatar.com\/avatar\/a0b128fb9855c79efc976d5640eedb31dc35ec297594d6016d2cf7c60e975bb6?s=96&d=mm&r=g","caption":"Av. Deniz Can K\u0131z\u0131l"},"sameAs":["http:\/\/www.denizcankizil.tr"],"url":"https:\/\/denizcankizil.tr\/ru\/author\/denizcankizil\/"}]}},"_links":{"self":[{"href":"https:\/\/denizcankizil.tr\/ru\/wp-json\/wp\/v2\/posts\/30674","targetHints":{"allow":["GET"]}}],"collection":[{"href":"https:\/\/denizcankizil.tr\/ru\/wp-json\/wp\/v2\/posts"}],"about":[{"href":"https:\/\/denizcankizil.tr\/ru\/wp-json\/wp\/v2\/types\/post"}],"author":[{"embeddable":true,"href":"https:\/\/denizcankizil.tr\/ru\/wp-json\/wp\/v2\/users\/4"}],"replies":[{"embeddable":true,"href":"https:\/\/denizcankizil.tr\/ru\/wp-json\/wp\/v2\/comments?post=30674"}],"version-history":[{"count":0,"href":"https:\/\/denizcankizil.tr\/ru\/wp-json\/wp\/v2\/posts\/30674\/revisions"}],"wp:featuredmedia":[{"embeddable":true,"href":"https:\/\/denizcankizil.tr\/ru\/wp-json\/wp\/v2\/media\/30675"}],"wp:attachment":[{"href":"https:\/\/denizcankizil.tr\/ru\/wp-json\/wp\/v2\/media?parent=30674"}],"wp:term":[{"taxonomy":"category","embeddable":true,"href":"https:\/\/denizcankizil.tr\/ru\/wp-json\/wp\/v2\/categories?post=30674"},{"taxonomy":"post_tag","embeddable":true,"href":"https:\/\/denizcankizil.tr\/ru\/wp-json\/wp\/v2\/tags?post=30674"}],"curies":[{"name":"wp","href":"https:\/\/api.w.org\/{rel}","templated":true}]}}