{"id":30636,"date":"2025-02-06T10:42:13","date_gmt":"2025-02-06T07:42:13","guid":{"rendered":"https:\/\/denizcankizil.tr\/uncategorized-tr\/rumelisiaddan-bursanin-hava-ulasimina-tam-destek\/"},"modified":"2025-02-06T10:42:13","modified_gmt":"2025-02-06T07:42:13","slug":"rumelisiaddan-bursanin-hava-ulasimina-tam-destek","status":"publish","type":"post","link":"https:\/\/denizcankizil.tr\/ru\/haberler\/gundem\/rumelisiaddan-bursanin-hava-ulasimina-tam-destek\/","title":{"rendered":"RUMEL\u0130S\u0130AD&#8217;dan Bursa&#8217;n\u0131n hava ula\u015f\u0131m\u0131na tam destek"},"content":{"rendered":"<p>RUMEL\u0130S\u0130AD, Bursa Yeni\u015fehir Havaalan\u0131\u2019na \u00f6nc\u00fcl\u00fck etmek ad\u0131na 6-9 \u015eubat\u2019ta KKTC de ger\u00e7ekle\u015ftirece\u011fi Ekonomi ve Yat\u0131r\u0131m Zirvesi i\u00e7in 140 ki\u015filik kafilesini Bursa&#8217;dan kald\u0131rd\u0131\u011f\u0131 u\u00e7ak ile g\u00f6t\u00fcrd\u00fc.BURSA (\u0130GFA)- RUMEL\u0130S\u0130AD Y\u00f6netim Kurulu Ba\u015fkan\u0131 Murat Evke, Bursa\u2019n\u0131n T\u00fcrkiye\u2019nin en \u00f6nemli sanayi ve ticaret merkezlerinden biri oldu\u011funu vurgulayarak, hava ula\u015f\u0131m\u0131n\u0131n bu potansiyeli destekleyecek en kritik unsurlardan biri oldu\u011funu belirtti.<br \/>\nBa\u015fkan Evke, Bursa gibi bir \u015fehir, g\u00fc\u00e7l\u00fc bir hava ula\u015f\u0131m a\u011f\u0131na sahip olmay\u0131 hak etti\u011fini belirterek, &#8220;Yeni\u015fehir Havaalan\u0131\u2019n\u0131n daha etkin kullan\u0131lmas\u0131, hem i\u015f d\u00fcnyas\u0131 hem de turizm a\u00e7\u0131s\u0131ndan b\u00fcy\u00fck bir kazan\u0131m olacakt\u0131r. Bu do\u011frultuda, RUMEL\u0130S\u0130AD olarak \u00fczerimize d\u00fc\u015feni yapmaya haz\u0131r\u0131z\u201d dedi.<br \/>\nYEN\u0130 SEFERLER B\u0130RAN \u00d6NCE BA\u015eLAMALI!<br \/>\nRUMEL\u0130S\u0130AD Ba\u015fkan\u0131 Murat Evke, Bursa Havaalan\u0131\u2019ndan belirli destinasyonlara y\u00f6nelik u\u00e7u\u015flar\u0131n, i\u015f d\u00fcnyas\u0131n\u0131n yo\u011fun talep g\u00f6sterdi\u011fi \u0130stanbul, Ankara, \u0130zmir ve Kuzey K\u0131br\u0131s T\u00fcrk Cumhuriyeti gibi noktalara d\u00fczenli u\u00e7u\u015flarla ba\u015flat\u0131l\u0131p; Balkan \u00fclkelerine y\u00f6nelik direkt u\u00e7u\u015flar\u0131n da biran \u00f6nce\u00a0 hayata ge\u00e7irilmesinin \u00f6nemine de\u011findi.<br \/>\nMurat Evke, bu giri\u015fimin yaln\u0131zca ula\u015f\u0131m\u0131 kolayla\u015ft\u0131rmakla kalmayaca\u011f\u0131n\u0131, ayn\u0131 zamanda Bursa\u2019n\u0131n ulusal ve uluslararas\u0131 arenadaki konumunu g\u00fc\u00e7lendirece\u011fini ifade ederek, \u201cBursa, sanayi ve ticaretin yan\u0131 s\u0131ra tarihi ve k\u00fclt\u00fcrel zenginlikleriyle de bir cazibe merkezi. Yeni u\u00e7u\u015flarla birlikte, hem i\u015f d\u00fcnyas\u0131n\u0131n hem de turistlerin Bursa\u2019ya eri\u015fimi kolayla\u015facak. Bu da \u015fehrimizin ekonomik ve sosyal kalk\u0131nmas\u0131na b\u00fcy\u00fck katk\u0131 sa\u011flayacak\u201d dedi.<br \/>\nRUMEL\u0130S\u0130AD\u2019\u0131n giri\u015fimi, Bursa i\u015f d\u00fcnyas\u0131 ve halk\u0131 taraf\u0131ndan b\u00fcy\u00fck bir memnuniyetle kar\u015f\u0131land\u0131.<br \/>\n\u0130\u015f insanlar\u0131, hava ula\u015f\u0131m\u0131n\u0131n kolayla\u015fmas\u0131n\u0131n ticari faaliyetlere h\u0131z kazand\u0131raca\u011f\u0131n\u0131 belirtirken, vatanda\u015flar da seyahat imkanlar\u0131n\u0131n artmas\u0131ndan duyduklar\u0131 memnuniyeti dile getirdi.<\/p>\n<p>\u200bRUMEL\u0130S\u0130AD, Bursa Yeni\u015fehir Havaalan\u0131\u2019na \u00f6nc\u00fcl\u00fck etmek ad\u0131na 6-9 \u015eubat\u2019ta KKTC de ger\u00e7ekle\u015ftirece\u011fi Ekonomi ve Yat\u0131r\u0131m Zirvesi i\u00e7in 140 ki\u015filik kafilesini Bursa&#8217;dan kald\u0131rd\u0131\u011f\u0131 u\u00e7ak ile g\u00f6t\u00fcrd\u00fc.BURSA (\u0130GFA)- RUMEL\u0130S\u0130AD Y\u00f6netim Kurulu Ba\u015fkan\u0131 Murat Evke, Bursa\u2019n\u0131n T\u00fcrkiye\u2019nin en \u00f6nemli sanayi ve ticaret merkezlerinden biri oldu\u011funu vurgulayarak, hava ula\u015f\u0131m\u0131n\u0131n bu potansiyeli destekleyecek en kritik unsurlardan biri oldu\u011funu belirtti.<br \/>\nBa\u015fkan Evke, Bursa gibi bir \u015fehir, g\u00fc\u00e7l\u00fc bir hava ula\u015f\u0131m a\u011f\u0131na sahip olmay\u0131 hak etti\u011fini belirterek, &#8220;Yeni\u015fehir Havaalan\u0131\u2019n\u0131n daha etkin kullan\u0131lmas\u0131, hem i\u015f d\u00fcnyas\u0131 hem de turizm a\u00e7\u0131s\u0131ndan b\u00fcy\u00fck bir kazan\u0131m olacakt\u0131r. Bu do\u011frultuda, RUMEL\u0130S\u0130AD olarak \u00fczerimize d\u00fc\u015feni yapmaya haz\u0131r\u0131z\u201d dedi.<br \/>\nYEN\u0130 SEFERLER B\u0130RAN \u00d6NCE BA\u015eLAMALI!<br \/>\nRUMEL\u0130S\u0130AD Ba\u015fkan\u0131 Murat Evke, Bursa Havaalan\u0131\u2019ndan belirli destinasyonlara y\u00f6nelik u\u00e7u\u015flar\u0131n, i\u015f d\u00fcnyas\u0131n\u0131n yo\u011fun talep g\u00f6sterdi\u011fi \u0130stanbul, Ankara, \u0130zmir ve Kuzey K\u0131br\u0131s T\u00fcrk Cumhuriyeti gibi noktalara d\u00fczenli u\u00e7u\u015flarla ba\u015flat\u0131l\u0131p; Balkan \u00fclkelerine y\u00f6nelik direkt u\u00e7u\u015flar\u0131n da biran \u00f6nce\u00a0 hayata ge\u00e7irilmesinin \u00f6nemine de\u011findi.<br \/>\nMurat Evke, bu giri\u015fimin yaln\u0131zca ula\u015f\u0131m\u0131 kolayla\u015ft\u0131rmakla kalmayaca\u011f\u0131n\u0131, ayn\u0131 zamanda Bursa\u2019n\u0131n ulusal ve uluslararas\u0131 arenadaki konumunu g\u00fc\u00e7lendirece\u011fini ifade ederek, \u201cBursa, sanayi ve ticaretin yan\u0131 s\u0131ra tarihi ve k\u00fclt\u00fcrel zenginlikleriyle de bir cazibe merkezi. Yeni u\u00e7u\u015flarla birlikte, hem i\u015f d\u00fcnyas\u0131n\u0131n hem de turistlerin Bursa\u2019ya eri\u015fimi kolayla\u015facak. Bu da \u015fehrimizin ekonomik ve sosyal kalk\u0131nmas\u0131na b\u00fcy\u00fck katk\u0131 sa\u011flayacak\u201d dedi.<br \/>\nRUMEL\u0130S\u0130AD\u2019\u0131n giri\u015fimi, Bursa i\u015f d\u00fcnyas\u0131 ve halk\u0131 taraf\u0131ndan b\u00fcy\u00fck bir memnuniyetle kar\u015f\u0131land\u0131.<br \/>\n\u0130\u015f insanlar\u0131, hava ula\u015f\u0131m\u0131n\u0131n kolayla\u015fmas\u0131n\u0131n ticari faaliyetlere h\u0131z kazand\u0131raca\u011f\u0131n\u0131 belirtirken, vatanda\u015flar da seyahat imkanlar\u0131n\u0131n artmas\u0131ndan duyduklar\u0131 memnuniyeti dile getirdi.\u00a0<\/p>\n<p>\u200bHaberin Al\u0131nt\u0131land\u0131\u011f\u0131 Kaynak: www.iskenderun.org<\/p>","protected":false},"excerpt":{"rendered":"<p>RUMEL\u0130S\u0130AD, Bursa Yeni\u015fehir Havaalan\u0131\u2019na \u00f6nc\u00fcl\u00fck etmek ad\u0131na 6-9 \u015eubat\u2019ta KKTC de ger\u00e7ekle\u015ftirece\u011fi Ekonomi ve Yat\u0131r\u0131m Zirvesi i\u00e7in 140 ki\u015filik kafilesini Bursa&#8217;dan kald\u0131rd\u0131\u011f\u0131 u\u00e7ak ile g\u00f6t\u00fcrd\u00fc.BURSA (\u0130GFA)- RUMEL\u0130S\u0130AD Y\u00f6netim Kurulu Ba\u015fkan\u0131 Murat Evke, Bursa\u2019n\u0131n T\u00fcrkiye\u2019nin en \u00f6nemli sanayi ve ticaret merkezlerinden biri oldu\u011funu vurgulayarak, hava ula\u015f\u0131m\u0131n\u0131n bu potansiyeli destekleyecek en kritik unsurlardan biri oldu\u011funu belirtti. Ba\u015fkan Evke, Bursa gibi bir \u015fehir, g\u00fc\u00e7l\u00fc bir hava ula\u015f\u0131m a\u011f\u0131na sahip olmay\u0131 hak etti\u011fini belirterek, &#8220;Yeni\u015fehir Havaalan\u0131\u2019n\u0131n daha etkin kullan\u0131lmas\u0131, hem i\u015f d\u00fcnyas\u0131 hem de turizm a\u00e7\u0131s\u0131ndan b\u00fcy\u00fck bir kazan\u0131m olacakt\u0131r. Bu do\u011frultuda, RUMEL\u0130S\u0130AD olarak \u00fczerimize d\u00fc\u015feni yapmaya haz\u0131r\u0131z\u201d dedi. YEN\u0130 SEFERLER B\u0130RAN \u00d6NCE BA\u015eLAMALI! RUMEL\u0130S\u0130AD Ba\u015fkan\u0131 Murat Evke, Bursa Havaalan\u0131\u2019ndan belirli destinasyonlara y\u00f6nelik u\u00e7u\u015flar\u0131n, i\u015f d\u00fcnyas\u0131n\u0131n yo\u011fun talep g\u00f6sterdi\u011fi \u0130stanbul, Ankara, \u0130zmir ve Kuzey K\u0131br\u0131s T\u00fcrk Cumhuriyeti gibi noktalara d\u00fczenli u\u00e7u\u015flarla ba\u015flat\u0131l\u0131p; Balkan \u00fclkelerine y\u00f6nelik direkt u\u00e7u\u015flar\u0131n da biran \u00f6nce\u00a0 hayata ge\u00e7irilmesinin \u00f6nemine de\u011findi. Murat Evke, bu giri\u015fimin yaln\u0131zca ula\u015f\u0131m\u0131 kolayla\u015ft\u0131rmakla kalmayaca\u011f\u0131n\u0131, ayn\u0131 zamanda Bursa\u2019n\u0131n ulusal ve uluslararas\u0131 arenadaki konumunu g\u00fc\u00e7lendirece\u011fini ifade ederek, \u201cBursa, sanayi ve ticaretin yan\u0131 s\u0131ra tarihi ve k\u00fclt\u00fcrel zenginlikleriyle de bir cazibe merkezi. Yeni u\u00e7u\u015flarla birlikte, hem i\u015f d\u00fcnyas\u0131n\u0131n hem de turistlerin Bursa\u2019ya eri\u015fimi kolayla\u015facak. Bu da \u015fehrimizin ekonomik ve sosyal kalk\u0131nmas\u0131na b\u00fcy\u00fck katk\u0131 sa\u011flayacak\u201d dedi. RUMEL\u0130S\u0130AD\u2019\u0131n giri\u015fimi, Bursa i\u015f &hellip;<\/p>","protected":false},"author":1,"featured_media":0,"comment_status":"open","ping_status":"open","sticky":false,"template":"","format":"standard","meta":{"_acf_changed":false,"footnotes":""},"categories":[24],"tags":[],"class_list":["post-30636","post","type-post","status-publish","format-standard","has-post-thumbnail","hentry","category-gundem"],"acf":[],"yoast_head":"<!-- This site is optimized with the Yoast SEO Premium plugin v26.6 (Yoast SEO v27.1.1) - https:\/\/yoast.com\/product\/yoast-seo-premium-wordpress\/ -->\n<title>RUMEL\u0130S\u0130AD&#039;dan Bursa&#039;n\u0131n hava ula\u015f\u0131m\u0131na tam destek - Av. Deniz Can K\u0131z\u0131l<\/title>\n<meta name=\"robots\" content=\"index, follow, max-snippet:-1, max-image-preview:large, max-video-preview:-1\" \/>\n<link rel=\"canonical\" href=\"https:\/\/denizcankizil.tr\/ru\/haberler\/gundem\/rumelisiaddan-bursanin-hava-ulasimina-tam-destek\/\" \/>\n<meta property=\"og:locale\" content=\"ru_RU\" \/>\n<meta property=\"og:type\" content=\"article\" \/>\n<meta property=\"og:title\" content=\"RUMEL\u0130S\u0130AD&#039;dan Bursa&#039;n\u0131n hava ula\u015f\u0131m\u0131na tam destek\" \/>\n<meta property=\"og:description\" content=\"RUMEL\u0130S\u0130AD, Bursa Yeni\u015fehir Havaalan\u0131\u2019na \u00f6nc\u00fcl\u00fck etmek ad\u0131na 6-9 \u015eubat\u2019ta KKTC de ger\u00e7ekle\u015ftirece\u011fi Ekonomi ve Yat\u0131r\u0131m Zirvesi i\u00e7in 140 ki\u015filik kafilesini Bursa&#8217;dan kald\u0131rd\u0131\u011f\u0131 u\u00e7ak ile g\u00f6t\u00fcrd\u00fc.BURSA (\u0130GFA)- RUMEL\u0130S\u0130AD Y\u00f6netim Kurulu Ba\u015fkan\u0131 Murat Evke, Bursa\u2019n\u0131n T\u00fcrkiye\u2019nin en \u00f6nemli sanayi ve ticaret merkezlerinden biri oldu\u011funu vurgulayarak, hava ula\u015f\u0131m\u0131n\u0131n bu potansiyeli destekleyecek en kritik unsurlardan biri oldu\u011funu belirtti. Ba\u015fkan Evke, Bursa gibi bir \u015fehir, g\u00fc\u00e7l\u00fc bir hava ula\u015f\u0131m a\u011f\u0131na sahip olmay\u0131 hak etti\u011fini belirterek, &#8220;Yeni\u015fehir Havaalan\u0131\u2019n\u0131n daha etkin kullan\u0131lmas\u0131, hem i\u015f d\u00fcnyas\u0131 hem de turizm a\u00e7\u0131s\u0131ndan b\u00fcy\u00fck bir kazan\u0131m olacakt\u0131r. Bu do\u011frultuda, RUMEL\u0130S\u0130AD olarak \u00fczerimize d\u00fc\u015feni yapmaya haz\u0131r\u0131z\u201d dedi. YEN\u0130 SEFERLER B\u0130RAN \u00d6NCE BA\u015eLAMALI! RUMEL\u0130S\u0130AD Ba\u015fkan\u0131 Murat Evke, Bursa Havaalan\u0131\u2019ndan belirli destinasyonlara y\u00f6nelik u\u00e7u\u015flar\u0131n, i\u015f d\u00fcnyas\u0131n\u0131n yo\u011fun talep g\u00f6sterdi\u011fi \u0130stanbul, Ankara, \u0130zmir ve Kuzey K\u0131br\u0131s T\u00fcrk Cumhuriyeti gibi noktalara d\u00fczenli u\u00e7u\u015flarla ba\u015flat\u0131l\u0131p; Balkan \u00fclkelerine y\u00f6nelik direkt u\u00e7u\u015flar\u0131n da biran \u00f6nce\u00a0 hayata ge\u00e7irilmesinin \u00f6nemine de\u011findi. Murat Evke, bu giri\u015fimin yaln\u0131zca ula\u015f\u0131m\u0131 kolayla\u015ft\u0131rmakla kalmayaca\u011f\u0131n\u0131, ayn\u0131 zamanda Bursa\u2019n\u0131n ulusal ve uluslararas\u0131 arenadaki konumunu g\u00fc\u00e7lendirece\u011fini ifade ederek, \u201cBursa, sanayi ve ticaretin yan\u0131 s\u0131ra tarihi ve k\u00fclt\u00fcrel zenginlikleriyle de bir cazibe merkezi. Yeni u\u00e7u\u015flarla birlikte, hem i\u015f d\u00fcnyas\u0131n\u0131n hem de turistlerin Bursa\u2019ya eri\u015fimi kolayla\u015facak. Bu da \u015fehrimizin ekonomik ve sosyal kalk\u0131nmas\u0131na b\u00fcy\u00fck katk\u0131 sa\u011flayacak\u201d dedi. RUMEL\u0130S\u0130AD\u2019\u0131n giri\u015fimi, Bursa i\u015f &hellip;\" \/>\n<meta property=\"og:url\" content=\"https:\/\/denizcankizil.tr\/ru\/haberler\/gundem\/rumelisiaddan-bursanin-hava-ulasimina-tam-destek\/\" \/>\n<meta property=\"og:site_name\" content=\"Av. Deniz Can K\u0131z\u0131l\" \/>\n<meta property=\"article:published_time\" content=\"2025-02-06T07:42:13+00:00\" \/>\n<meta name=\"author\" content=\"admin\" \/>\n<meta name=\"twitter:card\" content=\"summary_large_image\" \/>\n<meta name=\"twitter:label1\" content=\"\u041d\u0430\u043f\u0438\u0441\u0430\u043d\u043e \u0430\u0432\u0442\u043e\u0440\u043e\u043c\" \/>\n\t<meta name=\"twitter:data1\" content=\"admin\" \/>\n\t<meta name=\"twitter:label2\" content=\"\u041f\u0440\u0438\u043c\u0435\u0440\u043d\u043e\u0435 \u0432\u0440\u0435\u043c\u044f \u0434\u043b\u044f \u0447\u0442\u0435\u043d\u0438\u044f\" \/>\n\t<meta name=\"twitter:data2\" content=\"4 \u043c\u0438\u043d\u0443\u0442\u044b\" \/>\n<script type=\"application\/ld+json\" class=\"yoast-schema-graph\">{\"@context\":\"https:\/\/schema.org\",\"@graph\":[{\"@type\":\"Article\",\"@id\":\"https:\/\/denizcankizil.tr\/ru\/haberler\/gundem\/rumelisiaddan-bursanin-hava-ulasimina-tam-destek\/#article\",\"isPartOf\":{\"@id\":\"https:\/\/denizcankizil.tr\/ru\/haberler\/gundem\/rumelisiaddan-bursanin-hava-ulasimina-tam-destek\/\"},\"author\":{\"name\":\"admin\",\"@id\":\"https:\/\/denizcankizil.tr\/#\/schema\/person\/be3c05fe6a12686905512445d8185489\"},\"headline\":\"RUMEL\u0130S\u0130AD&#8217;dan Bursa&#8217;n\u0131n hava ula\u015f\u0131m\u0131na tam destek\",\"datePublished\":\"2025-02-06T07:42:13+00:00\",\"mainEntityOfPage\":{\"@id\":\"https:\/\/denizcankizil.tr\/ru\/haberler\/gundem\/rumelisiaddan-bursanin-hava-ulasimina-tam-destek\/\"},\"wordCount\":743,\"commentCount\":0,\"publisher\":{\"@id\":\"https:\/\/denizcankizil.tr\/#organization\"},\"articleSection\":[\"G\u00fcndem\"],\"inLanguage\":\"ru-RU\",\"potentialAction\":[{\"@type\":\"CommentAction\",\"name\":\"Comment\",\"target\":[\"https:\/\/denizcankizil.tr\/ru\/haberler\/gundem\/rumelisiaddan-bursanin-hava-ulasimina-tam-destek\/#respond\"]}]},{\"@type\":\"WebPage\",\"@id\":\"https:\/\/denizcankizil.tr\/ru\/haberler\/gundem\/rumelisiaddan-bursanin-hava-ulasimina-tam-destek\/\",\"url\":\"https:\/\/denizcankizil.tr\/ru\/haberler\/gundem\/rumelisiaddan-bursanin-hava-ulasimina-tam-destek\/\",\"name\":\"RUMEL\u0130S\u0130AD'dan Bursa'n\u0131n hava ula\u015f\u0131m\u0131na tam destek - Av. Deniz Can K\u0131z\u0131l\",\"isPartOf\":{\"@id\":\"https:\/\/denizcankizil.tr\/#website\"},\"datePublished\":\"2025-02-06T07:42:13+00:00\",\"breadcrumb\":{\"@id\":\"https:\/\/denizcankizil.tr\/ru\/haberler\/gundem\/rumelisiaddan-bursanin-hava-ulasimina-tam-destek\/#breadcrumb\"},\"inLanguage\":\"ru-RU\",\"potentialAction\":[{\"@type\":\"ReadAction\",\"target\":[\"https:\/\/denizcankizil.tr\/ru\/haberler\/gundem\/rumelisiaddan-bursanin-hava-ulasimina-tam-destek\/\"]}]},{\"@type\":\"BreadcrumbList\",\"@id\":\"https:\/\/denizcankizil.tr\/ru\/haberler\/gundem\/rumelisiaddan-bursanin-hava-ulasimina-tam-destek\/#breadcrumb\",\"itemListElement\":[{\"@type\":\"ListItem\",\"position\":1,\"name\":\"Home\",\"item\":\"https:\/\/denizcankizil.tr\/de\/\"},{\"@type\":\"ListItem\",\"position\":2,\"name\":\"RUMEL\u0130S\u0130AD&#8217;dan Bursa&#8217;n\u0131n hava ula\u015f\u0131m\u0131na tam destek\"}]},{\"@type\":\"WebSite\",\"@id\":\"https:\/\/denizcankizil.tr\/#website\",\"url\":\"https:\/\/denizcankizil.tr\/\",\"name\":\"Av. Deniz Can K\u0131z\u0131l\",\"description\":\"Avukat Deniz Can K\u0131z\u0131l Antalya Barosu\",\"publisher\":{\"@id\":\"https:\/\/denizcankizil.tr\/#organization\"},\"potentialAction\":[{\"@type\":\"SearchAction\",\"target\":{\"@type\":\"EntryPoint\",\"urlTemplate\":\"https:\/\/denizcankizil.tr\/?s={search_term_string}\"},\"query-input\":{\"@type\":\"PropertyValueSpecification\",\"valueRequired\":true,\"valueName\":\"search_term_string\"}}],\"inLanguage\":\"ru-RU\"},{\"@type\":\"Organization\",\"@id\":\"https:\/\/denizcankizil.tr\/#organization\",\"name\":\"Av. Deniz Can K\u0131z\u0131l\",\"url\":\"https:\/\/denizcankizil.tr\/\",\"logo\":{\"@type\":\"ImageObject\",\"inLanguage\":\"ru-RU\",\"@id\":\"https:\/\/denizcankizil.tr\/#\/schema\/logo\/image\/\",\"url\":\"https:\/\/denizcankizil.tr\/wp-content\/uploads\/2024\/10\/siyah-logo-svg.svg\",\"contentUrl\":\"https:\/\/denizcankizil.tr\/wp-content\/uploads\/2024\/10\/siyah-logo-svg.svg\",\"width\":1080,\"height\":1080,\"caption\":\"Av. Deniz Can K\u0131z\u0131l\"},\"image\":{\"@id\":\"https:\/\/denizcankizil.tr\/#\/schema\/logo\/image\/\"}},{\"@type\":\"Person\",\"@id\":\"https:\/\/denizcankizil.tr\/#\/schema\/person\/be3c05fe6a12686905512445d8185489\",\"name\":\"admin\",\"image\":{\"@type\":\"ImageObject\",\"inLanguage\":\"ru-RU\",\"@id\":\"https:\/\/denizcankizil.tr\/#\/schema\/person\/image\/\",\"url\":\"https:\/\/secure.gravatar.com\/avatar\/c1fce94c830dc79107e174f890d7210541c4a63e8e5d816341794a2151c9d58c?s=96&d=mm&r=g\",\"contentUrl\":\"https:\/\/secure.gravatar.com\/avatar\/c1fce94c830dc79107e174f890d7210541c4a63e8e5d816341794a2151c9d58c?s=96&d=mm&r=g\",\"caption\":\"admin\"},\"sameAs\":[\"http:\/\/denizcankizil.tr\"],\"url\":\"https:\/\/www.iskenderun.org\/rumelisiaddan-bursanin-hava-ulasimina-tam-destek\"}]}<\/script>\n<!-- \/ Yoast SEO Premium plugin. -->","yoast_head_json":{"title":"RUMEL\u0130S\u0130AD'dan Bursa'n\u0131n hava ula\u015f\u0131m\u0131na tam destek - Av. Deniz Can K\u0131z\u0131l","robots":{"index":"index","follow":"follow","max-snippet":"max-snippet:-1","max-image-preview":"max-image-preview:large","max-video-preview":"max-video-preview:-1"},"canonical":"https:\/\/denizcankizil.tr\/ru\/haberler\/gundem\/rumelisiaddan-bursanin-hava-ulasimina-tam-destek\/","og_locale":"ru_RU","og_type":"article","og_title":"RUMEL\u0130S\u0130AD'dan Bursa'n\u0131n hava ula\u015f\u0131m\u0131na tam destek","og_description":"RUMEL\u0130S\u0130AD, Bursa Yeni\u015fehir Havaalan\u0131\u2019na \u00f6nc\u00fcl\u00fck etmek ad\u0131na 6-9 \u015eubat\u2019ta KKTC de ger\u00e7ekle\u015ftirece\u011fi Ekonomi ve Yat\u0131r\u0131m Zirvesi i\u00e7in 140 ki\u015filik kafilesini Bursa&#8217;dan kald\u0131rd\u0131\u011f\u0131 u\u00e7ak ile g\u00f6t\u00fcrd\u00fc.BURSA (\u0130GFA)- RUMEL\u0130S\u0130AD Y\u00f6netim Kurulu Ba\u015fkan\u0131 Murat Evke, Bursa\u2019n\u0131n T\u00fcrkiye\u2019nin en \u00f6nemli sanayi ve ticaret merkezlerinden biri oldu\u011funu vurgulayarak, hava ula\u015f\u0131m\u0131n\u0131n bu potansiyeli destekleyecek en kritik unsurlardan biri oldu\u011funu belirtti. Ba\u015fkan Evke, Bursa gibi bir \u015fehir, g\u00fc\u00e7l\u00fc bir hava ula\u015f\u0131m a\u011f\u0131na sahip olmay\u0131 hak etti\u011fini belirterek, &#8220;Yeni\u015fehir Havaalan\u0131\u2019n\u0131n daha etkin kullan\u0131lmas\u0131, hem i\u015f d\u00fcnyas\u0131 hem de turizm a\u00e7\u0131s\u0131ndan b\u00fcy\u00fck bir kazan\u0131m olacakt\u0131r. Bu do\u011frultuda, RUMEL\u0130S\u0130AD olarak \u00fczerimize d\u00fc\u015feni yapmaya haz\u0131r\u0131z\u201d dedi. YEN\u0130 SEFERLER B\u0130RAN \u00d6NCE BA\u015eLAMALI! RUMEL\u0130S\u0130AD Ba\u015fkan\u0131 Murat Evke, Bursa Havaalan\u0131\u2019ndan belirli destinasyonlara y\u00f6nelik u\u00e7u\u015flar\u0131n, i\u015f d\u00fcnyas\u0131n\u0131n yo\u011fun talep g\u00f6sterdi\u011fi \u0130stanbul, Ankara, \u0130zmir ve Kuzey K\u0131br\u0131s T\u00fcrk Cumhuriyeti gibi noktalara d\u00fczenli u\u00e7u\u015flarla ba\u015flat\u0131l\u0131p; Balkan \u00fclkelerine y\u00f6nelik direkt u\u00e7u\u015flar\u0131n da biran \u00f6nce\u00a0 hayata ge\u00e7irilmesinin \u00f6nemine de\u011findi. Murat Evke, bu giri\u015fimin yaln\u0131zca ula\u015f\u0131m\u0131 kolayla\u015ft\u0131rmakla kalmayaca\u011f\u0131n\u0131, ayn\u0131 zamanda Bursa\u2019n\u0131n ulusal ve uluslararas\u0131 arenadaki konumunu g\u00fc\u00e7lendirece\u011fini ifade ederek, \u201cBursa, sanayi ve ticaretin yan\u0131 s\u0131ra tarihi ve k\u00fclt\u00fcrel zenginlikleriyle de bir cazibe merkezi. Yeni u\u00e7u\u015flarla birlikte, hem i\u015f d\u00fcnyas\u0131n\u0131n hem de turistlerin Bursa\u2019ya eri\u015fimi kolayla\u015facak. Bu da \u015fehrimizin ekonomik ve sosyal kalk\u0131nmas\u0131na b\u00fcy\u00fck katk\u0131 sa\u011flayacak\u201d dedi. RUMEL\u0130S\u0130AD\u2019\u0131n giri\u015fimi, Bursa i\u015f &hellip;","og_url":"https:\/\/denizcankizil.tr\/ru\/haberler\/gundem\/rumelisiaddan-bursanin-hava-ulasimina-tam-destek\/","og_site_name":"Av. Deniz Can K\u0131z\u0131l","article_published_time":"2025-02-06T07:42:13+00:00","author":"admin","twitter_card":"summary_large_image","twitter_misc":{"\u041d\u0430\u043f\u0438\u0441\u0430\u043d\u043e \u0430\u0432\u0442\u043e\u0440\u043e\u043c":"admin","\u041f\u0440\u0438\u043c\u0435\u0440\u043d\u043e\u0435 \u0432\u0440\u0435\u043c\u044f \u0434\u043b\u044f \u0447\u0442\u0435\u043d\u0438\u044f":"4 \u043c\u0438\u043d\u0443\u0442\u044b"},"schema":{"@context":"https:\/\/schema.org","@graph":[{"@type":"Article","@id":"https:\/\/denizcankizil.tr\/ru\/haberler\/gundem\/rumelisiaddan-bursanin-hava-ulasimina-tam-destek\/#article","isPartOf":{"@id":"https:\/\/denizcankizil.tr\/ru\/haberler\/gundem\/rumelisiaddan-bursanin-hava-ulasimina-tam-destek\/"},"author":{"name":"admin","@id":"https:\/\/denizcankizil.tr\/#\/schema\/person\/be3c05fe6a12686905512445d8185489"},"headline":"RUMEL\u0130S\u0130AD&#8217;dan Bursa&#8217;n\u0131n hava ula\u015f\u0131m\u0131na tam destek","datePublished":"2025-02-06T07:42:13+00:00","mainEntityOfPage":{"@id":"https:\/\/denizcankizil.tr\/ru\/haberler\/gundem\/rumelisiaddan-bursanin-hava-ulasimina-tam-destek\/"},"wordCount":743,"commentCount":0,"publisher":{"@id":"https:\/\/denizcankizil.tr\/#organization"},"articleSection":["G\u00fcndem"],"inLanguage":"ru-RU","potentialAction":[{"@type":"CommentAction","name":"Comment","target":["https:\/\/denizcankizil.tr\/ru\/haberler\/gundem\/rumelisiaddan-bursanin-hava-ulasimina-tam-destek\/#respond"]}]},{"@type":"WebPage","@id":"https:\/\/denizcankizil.tr\/ru\/haberler\/gundem\/rumelisiaddan-bursanin-hava-ulasimina-tam-destek\/","url":"https:\/\/denizcankizil.tr\/ru\/haberler\/gundem\/rumelisiaddan-bursanin-hava-ulasimina-tam-destek\/","name":"RUMEL\u0130S\u0130AD'dan Bursa'n\u0131n hava ula\u015f\u0131m\u0131na tam destek - Av. Deniz Can K\u0131z\u0131l","isPartOf":{"@id":"https:\/\/denizcankizil.tr\/#website"},"datePublished":"2025-02-06T07:42:13+00:00","breadcrumb":{"@id":"https:\/\/denizcankizil.tr\/ru\/haberler\/gundem\/rumelisiaddan-bursanin-hava-ulasimina-tam-destek\/#breadcrumb"},"inLanguage":"ru-RU","potentialAction":[{"@type":"ReadAction","target":["https:\/\/denizcankizil.tr\/ru\/haberler\/gundem\/rumelisiaddan-bursanin-hava-ulasimina-tam-destek\/"]}]},{"@type":"BreadcrumbList","@id":"https:\/\/denizcankizil.tr\/ru\/haberler\/gundem\/rumelisiaddan-bursanin-hava-ulasimina-tam-destek\/#breadcrumb","itemListElement":[{"@type":"ListItem","position":1,"name":"Home","item":"https:\/\/denizcankizil.tr\/de\/"},{"@type":"ListItem","position":2,"name":"RUMEL\u0130S\u0130AD&#8217;dan Bursa&#8217;n\u0131n hava ula\u015f\u0131m\u0131na tam destek"}]},{"@type":"WebSite","@id":"https:\/\/denizcankizil.tr\/#website","url":"https:\/\/denizcankizil.tr\/","name":"Av. Deniz Can K\u0131z\u0131l","description":"Avukat Deniz Can K\u0131z\u0131l Antalya Barosu","publisher":{"@id":"https:\/\/denizcankizil.tr\/#organization"},"potentialAction":[{"@type":"SearchAction","target":{"@type":"EntryPoint","urlTemplate":"https:\/\/denizcankizil.tr\/?s={search_term_string}"},"query-input":{"@type":"PropertyValueSpecification","valueRequired":true,"valueName":"search_term_string"}}],"inLanguage":"ru-RU"},{"@type":"Organization","@id":"https:\/\/denizcankizil.tr\/#organization","name":"Av. Deniz Can K\u0131z\u0131l","url":"https:\/\/denizcankizil.tr\/","logo":{"@type":"ImageObject","inLanguage":"ru-RU","@id":"https:\/\/denizcankizil.tr\/#\/schema\/logo\/image\/","url":"https:\/\/denizcankizil.tr\/wp-content\/uploads\/2024\/10\/siyah-logo-svg.svg","contentUrl":"https:\/\/denizcankizil.tr\/wp-content\/uploads\/2024\/10\/siyah-logo-svg.svg","width":1080,"height":1080,"caption":"Av. Deniz Can K\u0131z\u0131l"},"image":{"@id":"https:\/\/denizcankizil.tr\/#\/schema\/logo\/image\/"}},{"@type":"Person","@id":"https:\/\/denizcankizil.tr\/#\/schema\/person\/be3c05fe6a12686905512445d8185489","name":"\u0430\u0434\u043c\u0438\u043d","image":{"@type":"ImageObject","inLanguage":"ru-RU","@id":"https:\/\/denizcankizil.tr\/#\/schema\/person\/image\/","url":"https:\/\/secure.gravatar.com\/avatar\/c1fce94c830dc79107e174f890d7210541c4a63e8e5d816341794a2151c9d58c?s=96&d=mm&r=g","contentUrl":"https:\/\/secure.gravatar.com\/avatar\/c1fce94c830dc79107e174f890d7210541c4a63e8e5d816341794a2151c9d58c?s=96&d=mm&r=g","caption":"admin"},"sameAs":["http:\/\/denizcankizil.tr"],"url":"https:\/\/www.iskenderun.org\/rumelisiaddan-bursanin-hava-ulasimina-tam-destek"}]}},"_links":{"self":[{"href":"https:\/\/denizcankizil.tr\/ru\/wp-json\/wp\/v2\/posts\/30636","targetHints":{"allow":["GET"]}}],"collection":[{"href":"https:\/\/denizcankizil.tr\/ru\/wp-json\/wp\/v2\/posts"}],"about":[{"href":"https:\/\/denizcankizil.tr\/ru\/wp-json\/wp\/v2\/types\/post"}],"author":[{"embeddable":true,"href":"https:\/\/denizcankizil.tr\/ru\/wp-json\/wp\/v2\/users\/1"}],"replies":[{"embeddable":true,"href":"https:\/\/denizcankizil.tr\/ru\/wp-json\/wp\/v2\/comments?post=30636"}],"version-history":[{"count":0,"href":"https:\/\/denizcankizil.tr\/ru\/wp-json\/wp\/v2\/posts\/30636\/revisions"}],"wp:attachment":[{"href":"https:\/\/denizcankizil.tr\/ru\/wp-json\/wp\/v2\/media?parent=30636"}],"wp:term":[{"taxonomy":"category","embeddable":true,"href":"https:\/\/denizcankizil.tr\/ru\/wp-json\/wp\/v2\/categories?post=30636"},{"taxonomy":"post_tag","embeddable":true,"href":"https:\/\/denizcankizil.tr\/ru\/wp-json\/wp\/v2\/tags?post=30636"}],"curies":[{"name":"wp","href":"https:\/\/api.w.org\/{rel}","templated":true}]}}