{"id":30393,"date":"2025-02-05T15:41:30","date_gmt":"2025-02-05T12:41:30","guid":{"rendered":"https:\/\/denizcankizil.tr\/uncategorized-tr\/20-yildir-mezarligi-tek-basina-temizliyor\/"},"modified":"2025-02-05T15:41:30","modified_gmt":"2025-02-05T12:41:30","slug":"20-yildir-mezarligi-tek-basina-temizliyor","status":"publish","type":"post","link":"https:\/\/denizcankizil.tr\/ru\/haberler\/antalya\/20-yildir-mezarligi-tek-basina-temizliyor\/","title":{"rendered":"20 y\u0131ld\u0131r mezarl\u0131\u011f\u0131 tek ba\u015f\u0131na temizliyor"},"content":{"rendered":"<p>G\u00fczelyurt Mahallesi\u2019nin sakinlerinden 75 ya\u015f\u0131ndaki Raziye Atik, mezarl\u0131\u011f\u0131n her k\u00f6\u015fesine titizlikle bak\u0131m yaparken, yard\u0131m almadan bu i\u015fi tek ba\u015f\u0131na \u00fcstleniyor. Temizlik yapmad\u0131\u011f\u0131 zamanlar \u00fcz\u00fcld\u00fc\u011f\u00fcn\u00fc belirten Atik, i\u015fin zorluklar\u0131na ra\u011fmen bu g\u00f6revi g\u00f6n\u00fclden yerine getirdi\u011fini s\u00f6yledi. Baz\u0131 mezar sahiplerinin bayramlarda geldi\u011fini belirten Raziye Atik, &#8220;Burada bulunan mezarl\u0131\u011f\u0131n i\u00e7erisini hi\u00e7 tan\u0131d\u0131k yabanc\u0131 demeden ben temizliyorum. Temizlik yapmad\u0131\u011f\u0131m zamanlar \u00fcz\u00fcl\u00fcyorum ve huzursuz oluyorum. Geleni var gelmeyeni var. Mezar sahiplerinden sadece bayramda gelenler var. Buna ra\u011fmen her yeri temizliyorum&#8221; dedi.<\/p>\n<p>&#8220;Her g\u00fcn 4 saat \u00e7al\u0131\u015f\u0131yorum&#8221;<br \/>\nMahalleden kimsenin deste\u011fini almad\u0131\u011f\u0131n\u0131 kaydeden Atik, &#8220;20 senedir tek ba\u015f\u0131ma yap\u0131yorum. Sadece temizlikten sonra \u00e7\u0131kan at\u0131klar\u0131 \u00e7ekmekte g\u00fc\u00e7l\u00fck \u00e7ekiyorum. Mezarlar\u0131n aras\u0131 dar oldu\u011fu i\u00e7in zorlan\u0131yorum. Mahalleden kimse yard\u0131ma gelmiyor. Hatta bana \u2018Herkes kendi mezar\u0131na sahip \u00e7\u0131ks\u0131n sen niye gidiyorsun?\u2019 diye de s\u00f6yleniyorlar. \u0130\u00e7im durmaz benim. Yak\u0131nda Ramazan ay\u0131 geliyor, yava\u015f yava\u015f temizlerim. Ramazan ay\u0131nda gelemiyorum. Bayram \u00f6n\u00fc temizli\u011fi bitirmeliyim. Her g\u00fcn sabah geliyorum. 3-4 saatim burada ge\u00e7iyor&#8221; \u015feklinde konu\u015ftu.<\/p>\n<p>&#8220;Belediye temizliyor san\u0131yorlar&#8221;<br \/>\nAtik, &#8220;Mezarl\u0131\u011f\u0131 temiz bulduklar\u0131nda belediyenin \u00e7ok g\u00fczel temizlediklerini s\u00f6yl\u00fcyorlar. Belediye temizledi san\u0131yorlar. En temiz bizim mezarl\u0131k diye \u00f6v\u00fcn\u00fcyorlar. Buraya gelip her \u015feyden uzakla\u015f\u0131yorum. Burada i\u015fime kar\u0131\u015fan da yok. Burada yak\u0131nlar\u0131m\u0131n da mezar\u0131 var. Kay\u0131npederim, kay\u0131nvalidem, annem, 4 karde\u015fim var. Hepsi akraba. Bu i\u015fi g\u00fcc\u00fcm yettik\u00e7e yapaca\u011f\u0131m&#8221; dedi.<\/p>\n<p>&#8220;\u00c7al\u0131 s\u00fcp\u00fcrgesi istiyorum&#8221;<br \/>\nBelediyeden temizli\u011fe gelmediklerini ifade eden Atik, &#8220;Arada geliyorlar, temizledi\u011fim at\u0131klar\u0131 yak\u0131yorlar. D\u0131\u015far\u0131 bile atm\u0131yorlar. Buraya temizli\u011fe geldiklerinde \u00f6\u011fle yemeklerini getiriyorum bir yere gitmesinler, i\u015fi bitirsinler diye. Yemeklerini getiriyorum \u00e7al\u0131\u015fanlar\u0131n. Yemek yeme\u011fe gider, gelmezler diye getiriyorum. B\u00fcy\u00fck\u015fehir Belediyesi Mezarl\u0131klar M\u00fcd\u00fcrl\u00fc\u011f\u00fcnden sadece s\u00fcp\u00fcrge istiyorum, s\u00fcp\u00fcrgem eskidi&#8221; diye konu\u015ftu.<\/p>\n<p>Kaynak: www.kanalv.com.tr Haber Sitesinden Al\u0131nm\u0131\u015ft\u0131r.<\/p>","protected":false},"excerpt":{"rendered":"<p>G\u00fczelyurt Mahallesi\u2019nin sakinlerinden 75 ya\u015f\u0131ndaki Raziye Atik, mezarl\u0131\u011f\u0131n her k\u00f6\u015fesine titizlikle bak\u0131m yaparken, yard\u0131m almadan bu i\u015fi tek ba\u015f\u0131na \u00fcstleniyor. Temizlik yapmad\u0131\u011f\u0131 zamanlar \u00fcz\u00fcld\u00fc\u011f\u00fcn\u00fc belirten Atik, i\u015fin zorluklar\u0131na ra\u011fmen bu g\u00f6revi g\u00f6n\u00fclden yerine getirdi\u011fini s\u00f6yledi. Baz\u0131 mezar sahiplerinin bayramlarda geldi\u011fini belirten Raziye Atik, &#8220;Burada bulunan mezarl\u0131\u011f\u0131n i\u00e7erisini hi\u00e7 tan\u0131d\u0131k yabanc\u0131 demeden ben temizliyorum. Temizlik yapmad\u0131\u011f\u0131m zamanlar \u00fcz\u00fcl\u00fcyorum ve huzursuz oluyorum. Geleni var gelmeyeni var. Mezar sahiplerinden sadece bayramda gelenler var. Buna ra\u011fmen her yeri temizliyorum&#8221; dedi. &#8220;Her g\u00fcn 4 saat \u00e7al\u0131\u015f\u0131yorum&#8221; Mahalleden kimsenin deste\u011fini almad\u0131\u011f\u0131n\u0131 kaydeden Atik, &#8220;20 senedir tek ba\u015f\u0131ma yap\u0131yorum. Sadece temizlikten sonra \u00e7\u0131kan at\u0131klar\u0131 \u00e7ekmekte g\u00fc\u00e7l\u00fck \u00e7ekiyorum. Mezarlar\u0131n aras\u0131 dar oldu\u011fu i\u00e7in zorlan\u0131yorum. Mahalleden kimse yard\u0131ma gelmiyor. Hatta bana \u2018Herkes kendi mezar\u0131na sahip \u00e7\u0131ks\u0131n sen niye gidiyorsun?\u2019 diye de s\u00f6yleniyorlar. \u0130\u00e7im durmaz benim. Yak\u0131nda Ramazan ay\u0131 geliyor, yava\u015f yava\u015f temizlerim. Ramazan ay\u0131nda gelemiyorum. Bayram \u00f6n\u00fc temizli\u011fi bitirmeliyim. Her g\u00fcn sabah geliyorum. 3-4 saatim burada ge\u00e7iyor&#8221; \u015feklinde konu\u015ftu. &#8220;Belediye temizliyor san\u0131yorlar&#8221; Atik, &#8220;Mezarl\u0131\u011f\u0131 temiz bulduklar\u0131nda belediyenin \u00e7ok g\u00fczel temizlediklerini s\u00f6yl\u00fcyorlar. Belediye temizledi san\u0131yorlar. En temiz bizim mezarl\u0131k diye \u00f6v\u00fcn\u00fcyorlar. Buraya gelip her \u015feyden uzakla\u015f\u0131yorum. Burada i\u015fime kar\u0131\u015fan da yok. Burada yak\u0131nlar\u0131m\u0131n da mezar\u0131 var. Kay\u0131npederim, kay\u0131nvalidem, annem, 4 karde\u015fim var. Hepsi akraba. Bu i\u015fi g\u00fcc\u00fcm yettik\u00e7e yapaca\u011f\u0131m&#8221; dedi. &hellip;<\/p>","protected":false},"author":4,"featured_media":30394,"comment_status":"open","ping_status":"open","sticky":false,"template":"","format":"standard","meta":{"_acf_changed":false,"footnotes":""},"categories":[26],"tags":[],"class_list":["post-30393","post","type-post","status-publish","format-standard","has-post-thumbnail","hentry","category-antalya"],"acf":[],"yoast_head":"<!-- This site is optimized with the Yoast SEO Premium plugin v26.6 (Yoast SEO v27.1.1) - https:\/\/yoast.com\/product\/yoast-seo-premium-wordpress\/ -->\n<title>20 y\u0131ld\u0131r mezarl\u0131\u011f\u0131 tek ba\u015f\u0131na temizliyor - Av. Deniz Can K\u0131z\u0131l<\/title>\n<meta name=\"robots\" content=\"index, follow, max-snippet:-1, max-image-preview:large, max-video-preview:-1\" \/>\n<link rel=\"canonical\" href=\"https:\/\/denizcankizil.tr\/ru\/haberler\/antalya\/20-yildir-mezarligi-tek-basina-temizliyor\/\" \/>\n<meta property=\"og:locale\" content=\"ru_RU\" \/>\n<meta property=\"og:type\" content=\"article\" \/>\n<meta property=\"og:title\" content=\"20 y\u0131ld\u0131r mezarl\u0131\u011f\u0131 tek ba\u015f\u0131na temizliyor\" \/>\n<meta property=\"og:description\" content=\"G\u00fczelyurt Mahallesi\u2019nin sakinlerinden 75 ya\u015f\u0131ndaki Raziye Atik, mezarl\u0131\u011f\u0131n her k\u00f6\u015fesine titizlikle bak\u0131m yaparken, yard\u0131m almadan bu i\u015fi tek ba\u015f\u0131na \u00fcstleniyor. Temizlik yapmad\u0131\u011f\u0131 zamanlar \u00fcz\u00fcld\u00fc\u011f\u00fcn\u00fc belirten Atik, i\u015fin zorluklar\u0131na ra\u011fmen bu g\u00f6revi g\u00f6n\u00fclden yerine getirdi\u011fini s\u00f6yledi. Baz\u0131 mezar sahiplerinin bayramlarda geldi\u011fini belirten Raziye Atik, &#8220;Burada bulunan mezarl\u0131\u011f\u0131n i\u00e7erisini hi\u00e7 tan\u0131d\u0131k yabanc\u0131 demeden ben temizliyorum. Temizlik yapmad\u0131\u011f\u0131m zamanlar \u00fcz\u00fcl\u00fcyorum ve huzursuz oluyorum. Geleni var gelmeyeni var. Mezar sahiplerinden sadece bayramda gelenler var. Buna ra\u011fmen her yeri temizliyorum&#8221; dedi. &#8220;Her g\u00fcn 4 saat \u00e7al\u0131\u015f\u0131yorum&#8221; Mahalleden kimsenin deste\u011fini almad\u0131\u011f\u0131n\u0131 kaydeden Atik, &#8220;20 senedir tek ba\u015f\u0131ma yap\u0131yorum. Sadece temizlikten sonra \u00e7\u0131kan at\u0131klar\u0131 \u00e7ekmekte g\u00fc\u00e7l\u00fck \u00e7ekiyorum. Mezarlar\u0131n aras\u0131 dar oldu\u011fu i\u00e7in zorlan\u0131yorum. Mahalleden kimse yard\u0131ma gelmiyor. Hatta bana \u2018Herkes kendi mezar\u0131na sahip \u00e7\u0131ks\u0131n sen niye gidiyorsun?\u2019 diye de s\u00f6yleniyorlar. \u0130\u00e7im durmaz benim. Yak\u0131nda Ramazan ay\u0131 geliyor, yava\u015f yava\u015f temizlerim. Ramazan ay\u0131nda gelemiyorum. Bayram \u00f6n\u00fc temizli\u011fi bitirmeliyim. Her g\u00fcn sabah geliyorum. 3-4 saatim burada ge\u00e7iyor&#8221; \u015feklinde konu\u015ftu. &#8220;Belediye temizliyor san\u0131yorlar&#8221; Atik, &#8220;Mezarl\u0131\u011f\u0131 temiz bulduklar\u0131nda belediyenin \u00e7ok g\u00fczel temizlediklerini s\u00f6yl\u00fcyorlar. Belediye temizledi san\u0131yorlar. En temiz bizim mezarl\u0131k diye \u00f6v\u00fcn\u00fcyorlar. Buraya gelip her \u015feyden uzakla\u015f\u0131yorum. Burada i\u015fime kar\u0131\u015fan da yok. Burada yak\u0131nlar\u0131m\u0131n da mezar\u0131 var. Kay\u0131npederim, kay\u0131nvalidem, annem, 4 karde\u015fim var. Hepsi akraba. Bu i\u015fi g\u00fcc\u00fcm yettik\u00e7e yapaca\u011f\u0131m&#8221; dedi. &hellip;\" \/>\n<meta property=\"og:url\" content=\"https:\/\/denizcankizil.tr\/ru\/haberler\/antalya\/20-yildir-mezarligi-tek-basina-temizliyor\/\" \/>\n<meta property=\"og:site_name\" content=\"Av. Deniz Can K\u0131z\u0131l\" \/>\n<meta property=\"article:published_time\" content=\"2025-02-05T12:41:30+00:00\" \/>\n<meta property=\"og:image\" content=\"https:\/\/denizcankizil.tr\/wp-content\/uploads\/2025\/02\/4490-01-1wPgcH.jpeg\" \/>\n\t<meta property=\"og:image:width\" content=\"1280\" \/>\n\t<meta property=\"og:image:height\" content=\"720\" \/>\n\t<meta property=\"og:image:type\" content=\"image\/jpeg\" \/>\n<meta name=\"author\" content=\"Av. Deniz Can K\u0131z\u0131l\" \/>\n<meta name=\"twitter:card\" content=\"summary_large_image\" \/>\n<meta name=\"twitter:label1\" content=\"\u041d\u0430\u043f\u0438\u0441\u0430\u043d\u043e \u0430\u0432\u0442\u043e\u0440\u043e\u043c\" \/>\n\t<meta name=\"twitter:data1\" content=\"Av. Deniz Can K\u0131z\u0131l\" \/>\n\t<meta name=\"twitter:label2\" content=\"\u041f\u0440\u0438\u043c\u0435\u0440\u043d\u043e\u0435 \u0432\u0440\u0435\u043c\u044f \u0434\u043b\u044f \u0447\u0442\u0435\u043d\u0438\u044f\" \/>\n\t<meta name=\"twitter:data2\" content=\"2 \u043c\u0438\u043d\u0443\u0442\u044b\" \/>\n<script type=\"application\/ld+json\" class=\"yoast-schema-graph\">{\"@context\":\"https:\/\/schema.org\",\"@graph\":[{\"@type\":\"Article\",\"@id\":\"https:\/\/denizcankizil.tr\/ru\/haberler\/antalya\/20-yildir-mezarligi-tek-basina-temizliyor\/#article\",\"isPartOf\":{\"@id\":\"https:\/\/denizcankizil.tr\/ru\/haberler\/antalya\/20-yildir-mezarligi-tek-basina-temizliyor\/\"},\"author\":{\"name\":\"Av. Deniz Can K\u0131z\u0131l\",\"@id\":\"https:\/\/denizcankizil.tr\/#\/schema\/person\/5dc1b22991bd7ac833867c10afc9b0ff\"},\"headline\":\"20 y\u0131ld\u0131r mezarl\u0131\u011f\u0131 tek ba\u015f\u0131na temizliyor\",\"datePublished\":\"2025-02-05T12:41:30+00:00\",\"mainEntityOfPage\":{\"@id\":\"https:\/\/denizcankizil.tr\/ru\/haberler\/antalya\/20-yildir-mezarligi-tek-basina-temizliyor\/\"},\"wordCount\":363,\"commentCount\":0,\"publisher\":{\"@id\":\"https:\/\/denizcankizil.tr\/#organization\"},\"image\":{\"@id\":\"https:\/\/denizcankizil.tr\/ru\/haberler\/antalya\/20-yildir-mezarligi-tek-basina-temizliyor\/#primaryimage\"},\"thumbnailUrl\":\"https:\/\/denizcankizil.tr\/wp-content\/uploads\/2025\/02\/4490-01-1wPgcH.jpeg\",\"articleSection\":[\"Antalya\"],\"inLanguage\":\"ru-RU\",\"potentialAction\":[{\"@type\":\"CommentAction\",\"name\":\"Comment\",\"target\":[\"https:\/\/denizcankizil.tr\/ru\/haberler\/antalya\/20-yildir-mezarligi-tek-basina-temizliyor\/#respond\"]}]},{\"@type\":\"WebPage\",\"@id\":\"https:\/\/denizcankizil.tr\/ru\/haberler\/antalya\/20-yildir-mezarligi-tek-basina-temizliyor\/\",\"url\":\"https:\/\/denizcankizil.tr\/ru\/haberler\/antalya\/20-yildir-mezarligi-tek-basina-temizliyor\/\",\"name\":\"20 y\u0131ld\u0131r mezarl\u0131\u011f\u0131 tek ba\u015f\u0131na temizliyor - Av. Deniz Can K\u0131z\u0131l\",\"isPartOf\":{\"@id\":\"https:\/\/denizcankizil.tr\/#website\"},\"primaryImageOfPage\":{\"@id\":\"https:\/\/denizcankizil.tr\/ru\/haberler\/antalya\/20-yildir-mezarligi-tek-basina-temizliyor\/#primaryimage\"},\"image\":{\"@id\":\"https:\/\/denizcankizil.tr\/ru\/haberler\/antalya\/20-yildir-mezarligi-tek-basina-temizliyor\/#primaryimage\"},\"thumbnailUrl\":\"https:\/\/denizcankizil.tr\/wp-content\/uploads\/2025\/02\/4490-01-1wPgcH.jpeg\",\"datePublished\":\"2025-02-05T12:41:30+00:00\",\"breadcrumb\":{\"@id\":\"https:\/\/denizcankizil.tr\/ru\/haberler\/antalya\/20-yildir-mezarligi-tek-basina-temizliyor\/#breadcrumb\"},\"inLanguage\":\"ru-RU\",\"potentialAction\":[{\"@type\":\"ReadAction\",\"target\":[\"https:\/\/denizcankizil.tr\/ru\/haberler\/antalya\/20-yildir-mezarligi-tek-basina-temizliyor\/\"]}]},{\"@type\":\"ImageObject\",\"inLanguage\":\"ru-RU\",\"@id\":\"https:\/\/denizcankizil.tr\/ru\/haberler\/antalya\/20-yildir-mezarligi-tek-basina-temizliyor\/#primaryimage\",\"url\":\"https:\/\/denizcankizil.tr\/wp-content\/uploads\/2025\/02\/4490-01-1wPgcH.jpeg\",\"contentUrl\":\"https:\/\/denizcankizil.tr\/wp-content\/uploads\/2025\/02\/4490-01-1wPgcH.jpeg\",\"width\":1280,\"height\":720},{\"@type\":\"BreadcrumbList\",\"@id\":\"https:\/\/denizcankizil.tr\/ru\/haberler\/antalya\/20-yildir-mezarligi-tek-basina-temizliyor\/#breadcrumb\",\"itemListElement\":[{\"@type\":\"ListItem\",\"position\":1,\"name\":\"Home\",\"item\":\"https:\/\/denizcankizil.tr\/uk\/\"},{\"@type\":\"ListItem\",\"position\":2,\"name\":\"20 y\u0131ld\u0131r mezarl\u0131\u011f\u0131 tek ba\u015f\u0131na temizliyor\"}]},{\"@type\":\"WebSite\",\"@id\":\"https:\/\/denizcankizil.tr\/#website\",\"url\":\"https:\/\/denizcankizil.tr\/\",\"name\":\"Av. Deniz Can K\u0131z\u0131l\",\"description\":\"Avukat Deniz Can K\u0131z\u0131l Antalya Barosu\",\"publisher\":{\"@id\":\"https:\/\/denizcankizil.tr\/#organization\"},\"potentialAction\":[{\"@type\":\"SearchAction\",\"target\":{\"@type\":\"EntryPoint\",\"urlTemplate\":\"https:\/\/denizcankizil.tr\/?s={search_term_string}\"},\"query-input\":{\"@type\":\"PropertyValueSpecification\",\"valueRequired\":true,\"valueName\":\"search_term_string\"}}],\"inLanguage\":\"ru-RU\"},{\"@type\":\"Organization\",\"@id\":\"https:\/\/denizcankizil.tr\/#organization\",\"name\":\"Av. Deniz Can K\u0131z\u0131l\",\"url\":\"https:\/\/denizcankizil.tr\/\",\"logo\":{\"@type\":\"ImageObject\",\"inLanguage\":\"ru-RU\",\"@id\":\"https:\/\/denizcankizil.tr\/#\/schema\/logo\/image\/\",\"url\":\"https:\/\/denizcankizil.tr\/wp-content\/uploads\/2024\/10\/siyah-logo-svg.svg\",\"contentUrl\":\"https:\/\/denizcankizil.tr\/wp-content\/uploads\/2024\/10\/siyah-logo-svg.svg\",\"width\":1080,\"height\":1080,\"caption\":\"Av. Deniz Can K\u0131z\u0131l\"},\"image\":{\"@id\":\"https:\/\/denizcankizil.tr\/#\/schema\/logo\/image\/\"}},{\"@type\":\"Person\",\"@id\":\"https:\/\/denizcankizil.tr\/#\/schema\/person\/5dc1b22991bd7ac833867c10afc9b0ff\",\"name\":\"Av. Deniz Can K\u0131z\u0131l\",\"image\":{\"@type\":\"ImageObject\",\"inLanguage\":\"ru-RU\",\"@id\":\"https:\/\/denizcankizil.tr\/#\/schema\/person\/image\/\",\"url\":\"https:\/\/secure.gravatar.com\/avatar\/a0b128fb9855c79efc976d5640eedb31dc35ec297594d6016d2cf7c60e975bb6?s=96&d=mm&r=g\",\"contentUrl\":\"https:\/\/secure.gravatar.com\/avatar\/a0b128fb9855c79efc976d5640eedb31dc35ec297594d6016d2cf7c60e975bb6?s=96&d=mm&r=g\",\"caption\":\"Av. Deniz Can K\u0131z\u0131l\"},\"sameAs\":[\"http:\/\/www.denizcankizil.tr\"],\"url\":\"https:\/\/denizcankizil.tr\/ru\/author\/denizcankizil\/\"}]}<\/script>\n<!-- \/ Yoast SEO Premium plugin. -->","yoast_head_json":{"title":"20 y\u0131ld\u0131r mezarl\u0131\u011f\u0131 tek ba\u015f\u0131na temizliyor - Av. Deniz Can K\u0131z\u0131l","robots":{"index":"index","follow":"follow","max-snippet":"max-snippet:-1","max-image-preview":"max-image-preview:large","max-video-preview":"max-video-preview:-1"},"canonical":"https:\/\/denizcankizil.tr\/ru\/haberler\/antalya\/20-yildir-mezarligi-tek-basina-temizliyor\/","og_locale":"ru_RU","og_type":"article","og_title":"20 y\u0131ld\u0131r mezarl\u0131\u011f\u0131 tek ba\u015f\u0131na temizliyor","og_description":"G\u00fczelyurt Mahallesi\u2019nin sakinlerinden 75 ya\u015f\u0131ndaki Raziye Atik, mezarl\u0131\u011f\u0131n her k\u00f6\u015fesine titizlikle bak\u0131m yaparken, yard\u0131m almadan bu i\u015fi tek ba\u015f\u0131na \u00fcstleniyor. Temizlik yapmad\u0131\u011f\u0131 zamanlar \u00fcz\u00fcld\u00fc\u011f\u00fcn\u00fc belirten Atik, i\u015fin zorluklar\u0131na ra\u011fmen bu g\u00f6revi g\u00f6n\u00fclden yerine getirdi\u011fini s\u00f6yledi. Baz\u0131 mezar sahiplerinin bayramlarda geldi\u011fini belirten Raziye Atik, &#8220;Burada bulunan mezarl\u0131\u011f\u0131n i\u00e7erisini hi\u00e7 tan\u0131d\u0131k yabanc\u0131 demeden ben temizliyorum. Temizlik yapmad\u0131\u011f\u0131m zamanlar \u00fcz\u00fcl\u00fcyorum ve huzursuz oluyorum. Geleni var gelmeyeni var. Mezar sahiplerinden sadece bayramda gelenler var. Buna ra\u011fmen her yeri temizliyorum&#8221; dedi. &#8220;Her g\u00fcn 4 saat \u00e7al\u0131\u015f\u0131yorum&#8221; Mahalleden kimsenin deste\u011fini almad\u0131\u011f\u0131n\u0131 kaydeden Atik, &#8220;20 senedir tek ba\u015f\u0131ma yap\u0131yorum. Sadece temizlikten sonra \u00e7\u0131kan at\u0131klar\u0131 \u00e7ekmekte g\u00fc\u00e7l\u00fck \u00e7ekiyorum. Mezarlar\u0131n aras\u0131 dar oldu\u011fu i\u00e7in zorlan\u0131yorum. Mahalleden kimse yard\u0131ma gelmiyor. Hatta bana \u2018Herkes kendi mezar\u0131na sahip \u00e7\u0131ks\u0131n sen niye gidiyorsun?\u2019 diye de s\u00f6yleniyorlar. \u0130\u00e7im durmaz benim. Yak\u0131nda Ramazan ay\u0131 geliyor, yava\u015f yava\u015f temizlerim. Ramazan ay\u0131nda gelemiyorum. Bayram \u00f6n\u00fc temizli\u011fi bitirmeliyim. Her g\u00fcn sabah geliyorum. 3-4 saatim burada ge\u00e7iyor&#8221; \u015feklinde konu\u015ftu. &#8220;Belediye temizliyor san\u0131yorlar&#8221; Atik, &#8220;Mezarl\u0131\u011f\u0131 temiz bulduklar\u0131nda belediyenin \u00e7ok g\u00fczel temizlediklerini s\u00f6yl\u00fcyorlar. Belediye temizledi san\u0131yorlar. En temiz bizim mezarl\u0131k diye \u00f6v\u00fcn\u00fcyorlar. Buraya gelip her \u015feyden uzakla\u015f\u0131yorum. Burada i\u015fime kar\u0131\u015fan da yok. Burada yak\u0131nlar\u0131m\u0131n da mezar\u0131 var. Kay\u0131npederim, kay\u0131nvalidem, annem, 4 karde\u015fim var. Hepsi akraba. Bu i\u015fi g\u00fcc\u00fcm yettik\u00e7e yapaca\u011f\u0131m&#8221; dedi. &hellip;","og_url":"https:\/\/denizcankizil.tr\/ru\/haberler\/antalya\/20-yildir-mezarligi-tek-basina-temizliyor\/","og_site_name":"Av. Deniz Can K\u0131z\u0131l","article_published_time":"2025-02-05T12:41:30+00:00","og_image":[{"width":1280,"height":720,"url":"https:\/\/denizcankizil.tr\/wp-content\/uploads\/2025\/02\/4490-01-1wPgcH.jpeg","type":"image\/jpeg"}],"author":"Av. Deniz Can K\u0131z\u0131l","twitter_card":"summary_large_image","twitter_misc":{"\u041d\u0430\u043f\u0438\u0441\u0430\u043d\u043e \u0430\u0432\u0442\u043e\u0440\u043e\u043c":"Av. Deniz Can K\u0131z\u0131l","\u041f\u0440\u0438\u043c\u0435\u0440\u043d\u043e\u0435 \u0432\u0440\u0435\u043c\u044f \u0434\u043b\u044f \u0447\u0442\u0435\u043d\u0438\u044f":"2 \u043c\u0438\u043d\u0443\u0442\u044b"},"schema":{"@context":"https:\/\/schema.org","@graph":[{"@type":"Article","@id":"https:\/\/denizcankizil.tr\/ru\/haberler\/antalya\/20-yildir-mezarligi-tek-basina-temizliyor\/#article","isPartOf":{"@id":"https:\/\/denizcankizil.tr\/ru\/haberler\/antalya\/20-yildir-mezarligi-tek-basina-temizliyor\/"},"author":{"name":"Av. Deniz Can K\u0131z\u0131l","@id":"https:\/\/denizcankizil.tr\/#\/schema\/person\/5dc1b22991bd7ac833867c10afc9b0ff"},"headline":"20 y\u0131ld\u0131r mezarl\u0131\u011f\u0131 tek ba\u015f\u0131na temizliyor","datePublished":"2025-02-05T12:41:30+00:00","mainEntityOfPage":{"@id":"https:\/\/denizcankizil.tr\/ru\/haberler\/antalya\/20-yildir-mezarligi-tek-basina-temizliyor\/"},"wordCount":363,"commentCount":0,"publisher":{"@id":"https:\/\/denizcankizil.tr\/#organization"},"image":{"@id":"https:\/\/denizcankizil.tr\/ru\/haberler\/antalya\/20-yildir-mezarligi-tek-basina-temizliyor\/#primaryimage"},"thumbnailUrl":"https:\/\/denizcankizil.tr\/wp-content\/uploads\/2025\/02\/4490-01-1wPgcH.jpeg","articleSection":["Antalya"],"inLanguage":"ru-RU","potentialAction":[{"@type":"CommentAction","name":"Comment","target":["https:\/\/denizcankizil.tr\/ru\/haberler\/antalya\/20-yildir-mezarligi-tek-basina-temizliyor\/#respond"]}]},{"@type":"WebPage","@id":"https:\/\/denizcankizil.tr\/ru\/haberler\/antalya\/20-yildir-mezarligi-tek-basina-temizliyor\/","url":"https:\/\/denizcankizil.tr\/ru\/haberler\/antalya\/20-yildir-mezarligi-tek-basina-temizliyor\/","name":"20 y\u0131ld\u0131r mezarl\u0131\u011f\u0131 tek ba\u015f\u0131na temizliyor - Av. Deniz Can K\u0131z\u0131l","isPartOf":{"@id":"https:\/\/denizcankizil.tr\/#website"},"primaryImageOfPage":{"@id":"https:\/\/denizcankizil.tr\/ru\/haberler\/antalya\/20-yildir-mezarligi-tek-basina-temizliyor\/#primaryimage"},"image":{"@id":"https:\/\/denizcankizil.tr\/ru\/haberler\/antalya\/20-yildir-mezarligi-tek-basina-temizliyor\/#primaryimage"},"thumbnailUrl":"https:\/\/denizcankizil.tr\/wp-content\/uploads\/2025\/02\/4490-01-1wPgcH.jpeg","datePublished":"2025-02-05T12:41:30+00:00","breadcrumb":{"@id":"https:\/\/denizcankizil.tr\/ru\/haberler\/antalya\/20-yildir-mezarligi-tek-basina-temizliyor\/#breadcrumb"},"inLanguage":"ru-RU","potentialAction":[{"@type":"ReadAction","target":["https:\/\/denizcankizil.tr\/ru\/haberler\/antalya\/20-yildir-mezarligi-tek-basina-temizliyor\/"]}]},{"@type":"ImageObject","inLanguage":"ru-RU","@id":"https:\/\/denizcankizil.tr\/ru\/haberler\/antalya\/20-yildir-mezarligi-tek-basina-temizliyor\/#primaryimage","url":"https:\/\/denizcankizil.tr\/wp-content\/uploads\/2025\/02\/4490-01-1wPgcH.jpeg","contentUrl":"https:\/\/denizcankizil.tr\/wp-content\/uploads\/2025\/02\/4490-01-1wPgcH.jpeg","width":1280,"height":720},{"@type":"BreadcrumbList","@id":"https:\/\/denizcankizil.tr\/ru\/haberler\/antalya\/20-yildir-mezarligi-tek-basina-temizliyor\/#breadcrumb","itemListElement":[{"@type":"ListItem","position":1,"name":"Home","item":"https:\/\/denizcankizil.tr\/uk\/"},{"@type":"ListItem","position":2,"name":"20 y\u0131ld\u0131r mezarl\u0131\u011f\u0131 tek ba\u015f\u0131na temizliyor"}]},{"@type":"WebSite","@id":"https:\/\/denizcankizil.tr\/#website","url":"https:\/\/denizcankizil.tr\/","name":"Av. Deniz Can K\u0131z\u0131l","description":"Avukat Deniz Can K\u0131z\u0131l Antalya Barosu","publisher":{"@id":"https:\/\/denizcankizil.tr\/#organization"},"potentialAction":[{"@type":"SearchAction","target":{"@type":"EntryPoint","urlTemplate":"https:\/\/denizcankizil.tr\/?s={search_term_string}"},"query-input":{"@type":"PropertyValueSpecification","valueRequired":true,"valueName":"search_term_string"}}],"inLanguage":"ru-RU"},{"@type":"Organization","@id":"https:\/\/denizcankizil.tr\/#organization","name":"Av. Deniz Can K\u0131z\u0131l","url":"https:\/\/denizcankizil.tr\/","logo":{"@type":"ImageObject","inLanguage":"ru-RU","@id":"https:\/\/denizcankizil.tr\/#\/schema\/logo\/image\/","url":"https:\/\/denizcankizil.tr\/wp-content\/uploads\/2024\/10\/siyah-logo-svg.svg","contentUrl":"https:\/\/denizcankizil.tr\/wp-content\/uploads\/2024\/10\/siyah-logo-svg.svg","width":1080,"height":1080,"caption":"Av. Deniz Can K\u0131z\u0131l"},"image":{"@id":"https:\/\/denizcankizil.tr\/#\/schema\/logo\/image\/"}},{"@type":"Person","@id":"https:\/\/denizcankizil.tr\/#\/schema\/person\/5dc1b22991bd7ac833867c10afc9b0ff","name":"Av. Deniz Can K\u0131z\u0131l","image":{"@type":"ImageObject","inLanguage":"ru-RU","@id":"https:\/\/denizcankizil.tr\/#\/schema\/person\/image\/","url":"https:\/\/secure.gravatar.com\/avatar\/a0b128fb9855c79efc976d5640eedb31dc35ec297594d6016d2cf7c60e975bb6?s=96&d=mm&r=g","contentUrl":"https:\/\/secure.gravatar.com\/avatar\/a0b128fb9855c79efc976d5640eedb31dc35ec297594d6016d2cf7c60e975bb6?s=96&d=mm&r=g","caption":"Av. Deniz Can K\u0131z\u0131l"},"sameAs":["http:\/\/www.denizcankizil.tr"],"url":"https:\/\/denizcankizil.tr\/ru\/author\/denizcankizil\/"}]}},"_links":{"self":[{"href":"https:\/\/denizcankizil.tr\/ru\/wp-json\/wp\/v2\/posts\/30393","targetHints":{"allow":["GET"]}}],"collection":[{"href":"https:\/\/denizcankizil.tr\/ru\/wp-json\/wp\/v2\/posts"}],"about":[{"href":"https:\/\/denizcankizil.tr\/ru\/wp-json\/wp\/v2\/types\/post"}],"author":[{"embeddable":true,"href":"https:\/\/denizcankizil.tr\/ru\/wp-json\/wp\/v2\/users\/4"}],"replies":[{"embeddable":true,"href":"https:\/\/denizcankizil.tr\/ru\/wp-json\/wp\/v2\/comments?post=30393"}],"version-history":[{"count":0,"href":"https:\/\/denizcankizil.tr\/ru\/wp-json\/wp\/v2\/posts\/30393\/revisions"}],"wp:featuredmedia":[{"embeddable":true,"href":"https:\/\/denizcankizil.tr\/ru\/wp-json\/wp\/v2\/media\/30394"}],"wp:attachment":[{"href":"https:\/\/denizcankizil.tr\/ru\/wp-json\/wp\/v2\/media?parent=30393"}],"wp:term":[{"taxonomy":"category","embeddable":true,"href":"https:\/\/denizcankizil.tr\/ru\/wp-json\/wp\/v2\/categories?post=30393"},{"taxonomy":"post_tag","embeddable":true,"href":"https:\/\/denizcankizil.tr\/ru\/wp-json\/wp\/v2\/tags?post=30393"}],"curies":[{"name":"wp","href":"https:\/\/api.w.org\/{rel}","templated":true}]}}