{"id":30334,"date":"2025-02-05T12:41:35","date_gmt":"2025-02-05T09:41:35","guid":{"rendered":"https:\/\/denizcankizil.tr\/uncategorized-tr\/arizali-sinyalizasyon-kazalara-neden-oldu\/"},"modified":"2025-02-05T12:41:35","modified_gmt":"2025-02-05T09:41:35","slug":"arizali-sinyalizasyon-kazalara-neden-oldu","status":"publish","type":"post","link":"https:\/\/denizcankizil.tr\/ru\/haberler\/antalya\/arizali-sinyalizasyon-kazalara-neden-oldu\/","title":{"rendered":"Ar\u0131zal\u0131 sinyalizasyon kazalara neden oldu"},"content":{"rendered":"<p>Sorgun-Otogar Kav\u015fa\u011f\u0131&#8217;nda sinyalizasyon sisteminde ya\u015fanan ar\u0131za kazalara neden oldu. 5 dakika ara ile meydana gelen 3 ara\u00e7l\u0131 zincirleme kazada yaralanan olmazken, ikinci kazada ise 1 ki\u015fi yaraland\u0131. Kav\u015fakta \u00e7evreyolu k\u00f6pr\u00fcs\u00fc y\u00f6n\u00fcne d\u00f6nmekte olan Sezer Y.&#8217;nin kulland\u0131\u011f\u0131 07 S 4649 plakal\u0131 Tofa\u015f marka otomobil ile Alanya y\u00f6n\u00fcnden gelen G\u00fcls\u00fcm D.&#8217;nin kulland\u0131\u011f\u0131 07 BTT 730 plakal\u0131 Fiat marka otomobil \u00e7arp\u0131\u015ft\u0131. Kazada yaralanan s\u00fcr\u00fcc\u00fc G\u00fcls\u00fcm D., sa\u011fl\u0131k ekibinin olay yerindeki m\u00fcdahalesinin ard\u0131ndan ambulansla hastaneye kald\u0131r\u0131ld\u0131.<\/p>\n<p>Sorunu trafik polisi \u00e7\u00f6zd\u00fc<br \/>\nKaza yerinde bulunan Manavgat Emniyet M\u00fcd\u00fcrl\u00fc\u011f\u00fc Trafik Denetleme B\u00fcro Amirli\u011finde g\u00f6revli polis memuru, sinyalizasyon kontrol panosunu a\u00e7t\u0131. Polisin sinyalizasyon \u015falterlerini kapat\u0131p a\u00e7mas\u0131n\u0131n ard\u0131ndan kav\u015fak sistemindeki sinyalizasyon \u00e7al\u0131\u015fmaya ba\u015flad\u0131. D\u00fcn \u00f6\u011flede saatlerinden bu yana kav\u015faktaki sinyalizasyonlar\u0131n \u00e7al\u0131\u015fmad\u0131\u011f\u0131, yetkililere bilgi verilmesine ra\u011fmen ekip olmad\u0131\u011f\u0131 gerek\u00e7esiyle ar\u0131zan\u0131n giderilmedi\u011fi ve kaza s\u0131ras\u0131nda da sinyalizasyonun aktif olmad\u0131\u011f\u0131 \u00f6\u011frenildi.<\/p>\n<p>Kaynak: www.kanalv.com.tr Haber Sitesinden Al\u0131nm\u0131\u015ft\u0131r.<\/p>","protected":false},"excerpt":{"rendered":"<p>Sorgun-Otogar Kav\u015fa\u011f\u0131&#8217;nda sinyalizasyon sisteminde ya\u015fanan ar\u0131za kazalara neden oldu. 5 dakika ara ile meydana gelen 3 ara\u00e7l\u0131 zincirleme kazada yaralanan olmazken, ikinci kazada ise 1 ki\u015fi yaraland\u0131. Kav\u015fakta \u00e7evreyolu k\u00f6pr\u00fcs\u00fc y\u00f6n\u00fcne d\u00f6nmekte olan Sezer Y.&#8217;nin kulland\u0131\u011f\u0131 07 S 4649 plakal\u0131 Tofa\u015f marka otomobil ile Alanya y\u00f6n\u00fcnden gelen G\u00fcls\u00fcm D.&#8217;nin kulland\u0131\u011f\u0131 07 BTT 730 plakal\u0131 Fiat marka otomobil \u00e7arp\u0131\u015ft\u0131. Kazada yaralanan s\u00fcr\u00fcc\u00fc G\u00fcls\u00fcm D., sa\u011fl\u0131k ekibinin olay yerindeki m\u00fcdahalesinin ard\u0131ndan ambulansla hastaneye kald\u0131r\u0131ld\u0131. Sorunu trafik polisi \u00e7\u00f6zd\u00fc Kaza yerinde bulunan Manavgat Emniyet M\u00fcd\u00fcrl\u00fc\u011f\u00fc Trafik Denetleme B\u00fcro Amirli\u011finde g\u00f6revli polis memuru, sinyalizasyon kontrol panosunu a\u00e7t\u0131. Polisin sinyalizasyon \u015falterlerini kapat\u0131p a\u00e7mas\u0131n\u0131n ard\u0131ndan kav\u015fak sistemindeki sinyalizasyon \u00e7al\u0131\u015fmaya ba\u015flad\u0131. D\u00fcn \u00f6\u011flede saatlerinden bu yana kav\u015faktaki sinyalizasyonlar\u0131n \u00e7al\u0131\u015fmad\u0131\u011f\u0131, yetkililere bilgi verilmesine ra\u011fmen ekip olmad\u0131\u011f\u0131 gerek\u00e7esiyle ar\u0131zan\u0131n giderilmedi\u011fi ve kaza s\u0131ras\u0131nda da sinyalizasyonun aktif olmad\u0131\u011f\u0131 \u00f6\u011frenildi. Kaynak: www.kanalv.com.tr Haber Sitesinden Al\u0131nm\u0131\u015ft\u0131r.<\/p>","protected":false},"author":4,"featured_media":30335,"comment_status":"open","ping_status":"open","sticky":false,"template":"","format":"standard","meta":{"_acf_changed":false,"footnotes":""},"categories":[26],"tags":[],"class_list":["post-30334","post","type-post","status-publish","format-standard","has-post-thumbnail","hentry","category-antalya"],"acf":[],"yoast_head":"<!-- This site is optimized with the Yoast SEO Premium plugin v26.6 (Yoast SEO v27.1.1) - https:\/\/yoast.com\/product\/yoast-seo-premium-wordpress\/ -->\n<title>Ar\u0131zal\u0131 sinyalizasyon kazalara neden oldu - Av. Deniz Can K\u0131z\u0131l<\/title>\n<meta name=\"robots\" content=\"index, follow, max-snippet:-1, max-image-preview:large, max-video-preview:-1\" \/>\n<link rel=\"canonical\" href=\"https:\/\/denizcankizil.tr\/ru\/haberler\/antalya\/arizali-sinyalizasyon-kazalara-neden-oldu\/\" \/>\n<meta property=\"og:locale\" content=\"ru_RU\" \/>\n<meta property=\"og:type\" content=\"article\" \/>\n<meta property=\"og:title\" content=\"Ar\u0131zal\u0131 sinyalizasyon kazalara neden oldu\" \/>\n<meta property=\"og:description\" content=\"Sorgun-Otogar Kav\u015fa\u011f\u0131&#8217;nda sinyalizasyon sisteminde ya\u015fanan ar\u0131za kazalara neden oldu. 5 dakika ara ile meydana gelen 3 ara\u00e7l\u0131 zincirleme kazada yaralanan olmazken, ikinci kazada ise 1 ki\u015fi yaraland\u0131. Kav\u015fakta \u00e7evreyolu k\u00f6pr\u00fcs\u00fc y\u00f6n\u00fcne d\u00f6nmekte olan Sezer Y.&#8217;nin kulland\u0131\u011f\u0131 07 S 4649 plakal\u0131 Tofa\u015f marka otomobil ile Alanya y\u00f6n\u00fcnden gelen G\u00fcls\u00fcm D.&#8217;nin kulland\u0131\u011f\u0131 07 BTT 730 plakal\u0131 Fiat marka otomobil \u00e7arp\u0131\u015ft\u0131. Kazada yaralanan s\u00fcr\u00fcc\u00fc G\u00fcls\u00fcm D., sa\u011fl\u0131k ekibinin olay yerindeki m\u00fcdahalesinin ard\u0131ndan ambulansla hastaneye kald\u0131r\u0131ld\u0131. Sorunu trafik polisi \u00e7\u00f6zd\u00fc Kaza yerinde bulunan Manavgat Emniyet M\u00fcd\u00fcrl\u00fc\u011f\u00fc Trafik Denetleme B\u00fcro Amirli\u011finde g\u00f6revli polis memuru, sinyalizasyon kontrol panosunu a\u00e7t\u0131. Polisin sinyalizasyon \u015falterlerini kapat\u0131p a\u00e7mas\u0131n\u0131n ard\u0131ndan kav\u015fak sistemindeki sinyalizasyon \u00e7al\u0131\u015fmaya ba\u015flad\u0131. D\u00fcn \u00f6\u011flede saatlerinden bu yana kav\u015faktaki sinyalizasyonlar\u0131n \u00e7al\u0131\u015fmad\u0131\u011f\u0131, yetkililere bilgi verilmesine ra\u011fmen ekip olmad\u0131\u011f\u0131 gerek\u00e7esiyle ar\u0131zan\u0131n giderilmedi\u011fi ve kaza s\u0131ras\u0131nda da sinyalizasyonun aktif olmad\u0131\u011f\u0131 \u00f6\u011frenildi. Kaynak: www.kanalv.com.tr Haber Sitesinden Al\u0131nm\u0131\u015ft\u0131r.\" \/>\n<meta property=\"og:url\" content=\"https:\/\/denizcankizil.tr\/ru\/haberler\/antalya\/arizali-sinyalizasyon-kazalara-neden-oldu\/\" \/>\n<meta property=\"og:site_name\" content=\"Av. Deniz Can K\u0131z\u0131l\" \/>\n<meta property=\"article:published_time\" content=\"2025-02-05T09:41:35+00:00\" \/>\n<meta property=\"og:image\" content=\"https:\/\/denizcankizil.tr\/wp-content\/uploads\/2025\/02\/4483-01-pRr33O.jpeg\" \/>\n\t<meta property=\"og:image:width\" content=\"1280\" \/>\n\t<meta property=\"og:image:height\" content=\"720\" \/>\n\t<meta property=\"og:image:type\" content=\"image\/jpeg\" \/>\n<meta name=\"author\" content=\"Av. Deniz Can K\u0131z\u0131l\" \/>\n<meta name=\"twitter:card\" content=\"summary_large_image\" \/>\n<meta name=\"twitter:label1\" content=\"\u041d\u0430\u043f\u0438\u0441\u0430\u043d\u043e \u0430\u0432\u0442\u043e\u0440\u043e\u043c\" \/>\n\t<meta name=\"twitter:data1\" content=\"Av. Deniz Can K\u0131z\u0131l\" \/>\n\t<meta name=\"twitter:label2\" content=\"\u041f\u0440\u0438\u043c\u0435\u0440\u043d\u043e\u0435 \u0432\u0440\u0435\u043c\u044f \u0434\u043b\u044f \u0447\u0442\u0435\u043d\u0438\u044f\" \/>\n\t<meta name=\"twitter:data2\" content=\"1 \u043c\u0438\u043d\u0443\u0442\u0430\" \/>\n<script type=\"application\/ld+json\" class=\"yoast-schema-graph\">{\"@context\":\"https:\/\/schema.org\",\"@graph\":[{\"@type\":\"Article\",\"@id\":\"https:\/\/denizcankizil.tr\/ru\/haberler\/antalya\/arizali-sinyalizasyon-kazalara-neden-oldu\/#article\",\"isPartOf\":{\"@id\":\"https:\/\/denizcankizil.tr\/ru\/haberler\/antalya\/arizali-sinyalizasyon-kazalara-neden-oldu\/\"},\"author\":{\"name\":\"Av. Deniz Can K\u0131z\u0131l\",\"@id\":\"https:\/\/denizcankizil.tr\/de\/#\/schema\/person\/5dc1b22991bd7ac833867c10afc9b0ff\"},\"headline\":\"Ar\u0131zal\u0131 sinyalizasyon kazalara neden oldu\",\"datePublished\":\"2025-02-05T09:41:35+00:00\",\"mainEntityOfPage\":{\"@id\":\"https:\/\/denizcankizil.tr\/ru\/haberler\/antalya\/arizali-sinyalizasyon-kazalara-neden-oldu\/\"},\"wordCount\":193,\"commentCount\":0,\"publisher\":{\"@id\":\"https:\/\/denizcankizil.tr\/de\/#organization\"},\"image\":{\"@id\":\"https:\/\/denizcankizil.tr\/ru\/haberler\/antalya\/arizali-sinyalizasyon-kazalara-neden-oldu\/#primaryimage\"},\"thumbnailUrl\":\"https:\/\/denizcankizil.tr\/wp-content\/uploads\/2025\/02\/4483-01-pRr33O.jpeg\",\"articleSection\":[\"Antalya\"],\"inLanguage\":\"ru-RU\",\"potentialAction\":[{\"@type\":\"CommentAction\",\"name\":\"Comment\",\"target\":[\"https:\/\/denizcankizil.tr\/ru\/haberler\/antalya\/arizali-sinyalizasyon-kazalara-neden-oldu\/#respond\"]}]},{\"@type\":\"WebPage\",\"@id\":\"https:\/\/denizcankizil.tr\/ru\/haberler\/antalya\/arizali-sinyalizasyon-kazalara-neden-oldu\/\",\"url\":\"https:\/\/denizcankizil.tr\/ru\/haberler\/antalya\/arizali-sinyalizasyon-kazalara-neden-oldu\/\",\"name\":\"Ar\u0131zal\u0131 sinyalizasyon kazalara neden oldu - Av. Deniz Can K\u0131z\u0131l\",\"isPartOf\":{\"@id\":\"https:\/\/denizcankizil.tr\/de\/#website\"},\"primaryImageOfPage\":{\"@id\":\"https:\/\/denizcankizil.tr\/ru\/haberler\/antalya\/arizali-sinyalizasyon-kazalara-neden-oldu\/#primaryimage\"},\"image\":{\"@id\":\"https:\/\/denizcankizil.tr\/ru\/haberler\/antalya\/arizali-sinyalizasyon-kazalara-neden-oldu\/#primaryimage\"},\"thumbnailUrl\":\"https:\/\/denizcankizil.tr\/wp-content\/uploads\/2025\/02\/4483-01-pRr33O.jpeg\",\"datePublished\":\"2025-02-05T09:41:35+00:00\",\"breadcrumb\":{\"@id\":\"https:\/\/denizcankizil.tr\/ru\/haberler\/antalya\/arizali-sinyalizasyon-kazalara-neden-oldu\/#breadcrumb\"},\"inLanguage\":\"ru-RU\",\"potentialAction\":[{\"@type\":\"ReadAction\",\"target\":[\"https:\/\/denizcankizil.tr\/ru\/haberler\/antalya\/arizali-sinyalizasyon-kazalara-neden-oldu\/\"]}]},{\"@type\":\"ImageObject\",\"inLanguage\":\"ru-RU\",\"@id\":\"https:\/\/denizcankizil.tr\/ru\/haberler\/antalya\/arizali-sinyalizasyon-kazalara-neden-oldu\/#primaryimage\",\"url\":\"https:\/\/denizcankizil.tr\/wp-content\/uploads\/2025\/02\/4483-01-pRr33O.jpeg\",\"contentUrl\":\"https:\/\/denizcankizil.tr\/wp-content\/uploads\/2025\/02\/4483-01-pRr33O.jpeg\",\"width\":1280,\"height\":720},{\"@type\":\"BreadcrumbList\",\"@id\":\"https:\/\/denizcankizil.tr\/ru\/haberler\/antalya\/arizali-sinyalizasyon-kazalara-neden-oldu\/#breadcrumb\",\"itemListElement\":[{\"@type\":\"ListItem\",\"position\":1,\"name\":\"Home\",\"item\":\"https:\/\/denizcankizil.tr\/de\/\"},{\"@type\":\"ListItem\",\"position\":2,\"name\":\"Ar\u0131zal\u0131 sinyalizasyon kazalara neden oldu\"}]},{\"@type\":\"WebSite\",\"@id\":\"https:\/\/denizcankizil.tr\/de\/#website\",\"url\":\"https:\/\/denizcankizil.tr\/de\/\",\"name\":\"Av. Deniz Can K\u0131z\u0131l\",\"description\":\"Avukat Deniz Can K\u0131z\u0131l Antalya Barosu\",\"publisher\":{\"@id\":\"https:\/\/denizcankizil.tr\/de\/#organization\"},\"potentialAction\":[{\"@type\":\"SearchAction\",\"target\":{\"@type\":\"EntryPoint\",\"urlTemplate\":\"https:\/\/denizcankizil.tr\/de\/?s={search_term_string}\"},\"query-input\":{\"@type\":\"PropertyValueSpecification\",\"valueRequired\":true,\"valueName\":\"search_term_string\"}}],\"inLanguage\":\"ru-RU\"},{\"@type\":\"Organization\",\"@id\":\"https:\/\/denizcankizil.tr\/de\/#organization\",\"name\":\"Av. Deniz Can K\u0131z\u0131l\",\"url\":\"https:\/\/denizcankizil.tr\/de\/\",\"logo\":{\"@type\":\"ImageObject\",\"inLanguage\":\"ru-RU\",\"@id\":\"https:\/\/denizcankizil.tr\/de\/#\/schema\/logo\/image\/\",\"url\":\"https:\/\/denizcankizil.tr\/wp-content\/uploads\/2024\/10\/siyah-logo-svg.svg\",\"contentUrl\":\"https:\/\/denizcankizil.tr\/wp-content\/uploads\/2024\/10\/siyah-logo-svg.svg\",\"width\":1080,\"height\":1080,\"caption\":\"Av. Deniz Can K\u0131z\u0131l\"},\"image\":{\"@id\":\"https:\/\/denizcankizil.tr\/de\/#\/schema\/logo\/image\/\"}},{\"@type\":\"Person\",\"@id\":\"https:\/\/denizcankizil.tr\/de\/#\/schema\/person\/5dc1b22991bd7ac833867c10afc9b0ff\",\"name\":\"Av. Deniz Can K\u0131z\u0131l\",\"image\":{\"@type\":\"ImageObject\",\"inLanguage\":\"ru-RU\",\"@id\":\"https:\/\/denizcankizil.tr\/de\/#\/schema\/person\/image\/\",\"url\":\"https:\/\/secure.gravatar.com\/avatar\/a0b128fb9855c79efc976d5640eedb31dc35ec297594d6016d2cf7c60e975bb6?s=96&d=mm&r=g\",\"contentUrl\":\"https:\/\/secure.gravatar.com\/avatar\/a0b128fb9855c79efc976d5640eedb31dc35ec297594d6016d2cf7c60e975bb6?s=96&d=mm&r=g\",\"caption\":\"Av. Deniz Can K\u0131z\u0131l\"},\"sameAs\":[\"http:\/\/www.denizcankizil.tr\"],\"url\":\"https:\/\/denizcankizil.tr\/ru\/author\/denizcankizil\/\"}]}<\/script>\n<!-- \/ Yoast SEO Premium plugin. -->","yoast_head_json":{"title":"Ar\u0131zal\u0131 sinyalizasyon kazalara neden oldu - Av. Deniz Can K\u0131z\u0131l","robots":{"index":"index","follow":"follow","max-snippet":"max-snippet:-1","max-image-preview":"max-image-preview:large","max-video-preview":"max-video-preview:-1"},"canonical":"https:\/\/denizcankizil.tr\/ru\/haberler\/antalya\/arizali-sinyalizasyon-kazalara-neden-oldu\/","og_locale":"ru_RU","og_type":"article","og_title":"Ar\u0131zal\u0131 sinyalizasyon kazalara neden oldu","og_description":"Sorgun-Otogar Kav\u015fa\u011f\u0131&#8217;nda sinyalizasyon sisteminde ya\u015fanan ar\u0131za kazalara neden oldu. 5 dakika ara ile meydana gelen 3 ara\u00e7l\u0131 zincirleme kazada yaralanan olmazken, ikinci kazada ise 1 ki\u015fi yaraland\u0131. Kav\u015fakta \u00e7evreyolu k\u00f6pr\u00fcs\u00fc y\u00f6n\u00fcne d\u00f6nmekte olan Sezer Y.&#8217;nin kulland\u0131\u011f\u0131 07 S 4649 plakal\u0131 Tofa\u015f marka otomobil ile Alanya y\u00f6n\u00fcnden gelen G\u00fcls\u00fcm D.&#8217;nin kulland\u0131\u011f\u0131 07 BTT 730 plakal\u0131 Fiat marka otomobil \u00e7arp\u0131\u015ft\u0131. Kazada yaralanan s\u00fcr\u00fcc\u00fc G\u00fcls\u00fcm D., sa\u011fl\u0131k ekibinin olay yerindeki m\u00fcdahalesinin ard\u0131ndan ambulansla hastaneye kald\u0131r\u0131ld\u0131. Sorunu trafik polisi \u00e7\u00f6zd\u00fc Kaza yerinde bulunan Manavgat Emniyet M\u00fcd\u00fcrl\u00fc\u011f\u00fc Trafik Denetleme B\u00fcro Amirli\u011finde g\u00f6revli polis memuru, sinyalizasyon kontrol panosunu a\u00e7t\u0131. Polisin sinyalizasyon \u015falterlerini kapat\u0131p a\u00e7mas\u0131n\u0131n ard\u0131ndan kav\u015fak sistemindeki sinyalizasyon \u00e7al\u0131\u015fmaya ba\u015flad\u0131. D\u00fcn \u00f6\u011flede saatlerinden bu yana kav\u015faktaki sinyalizasyonlar\u0131n \u00e7al\u0131\u015fmad\u0131\u011f\u0131, yetkililere bilgi verilmesine ra\u011fmen ekip olmad\u0131\u011f\u0131 gerek\u00e7esiyle ar\u0131zan\u0131n giderilmedi\u011fi ve kaza s\u0131ras\u0131nda da sinyalizasyonun aktif olmad\u0131\u011f\u0131 \u00f6\u011frenildi. Kaynak: www.kanalv.com.tr Haber Sitesinden Al\u0131nm\u0131\u015ft\u0131r.","og_url":"https:\/\/denizcankizil.tr\/ru\/haberler\/antalya\/arizali-sinyalizasyon-kazalara-neden-oldu\/","og_site_name":"Av. Deniz Can K\u0131z\u0131l","article_published_time":"2025-02-05T09:41:35+00:00","og_image":[{"width":1280,"height":720,"url":"https:\/\/denizcankizil.tr\/wp-content\/uploads\/2025\/02\/4483-01-pRr33O.jpeg","type":"image\/jpeg"}],"author":"Av. Deniz Can K\u0131z\u0131l","twitter_card":"summary_large_image","twitter_misc":{"\u041d\u0430\u043f\u0438\u0441\u0430\u043d\u043e \u0430\u0432\u0442\u043e\u0440\u043e\u043c":"Av. Deniz Can K\u0131z\u0131l","\u041f\u0440\u0438\u043c\u0435\u0440\u043d\u043e\u0435 \u0432\u0440\u0435\u043c\u044f \u0434\u043b\u044f \u0447\u0442\u0435\u043d\u0438\u044f":"1 \u043c\u0438\u043d\u0443\u0442\u0430"},"schema":{"@context":"https:\/\/schema.org","@graph":[{"@type":"Article","@id":"https:\/\/denizcankizil.tr\/ru\/haberler\/antalya\/arizali-sinyalizasyon-kazalara-neden-oldu\/#article","isPartOf":{"@id":"https:\/\/denizcankizil.tr\/ru\/haberler\/antalya\/arizali-sinyalizasyon-kazalara-neden-oldu\/"},"author":{"name":"Av. Deniz Can K\u0131z\u0131l","@id":"https:\/\/denizcankizil.tr\/de\/#\/schema\/person\/5dc1b22991bd7ac833867c10afc9b0ff"},"headline":"Ar\u0131zal\u0131 sinyalizasyon kazalara neden oldu","datePublished":"2025-02-05T09:41:35+00:00","mainEntityOfPage":{"@id":"https:\/\/denizcankizil.tr\/ru\/haberler\/antalya\/arizali-sinyalizasyon-kazalara-neden-oldu\/"},"wordCount":193,"commentCount":0,"publisher":{"@id":"https:\/\/denizcankizil.tr\/de\/#organization"},"image":{"@id":"https:\/\/denizcankizil.tr\/ru\/haberler\/antalya\/arizali-sinyalizasyon-kazalara-neden-oldu\/#primaryimage"},"thumbnailUrl":"https:\/\/denizcankizil.tr\/wp-content\/uploads\/2025\/02\/4483-01-pRr33O.jpeg","articleSection":["Antalya"],"inLanguage":"ru-RU","potentialAction":[{"@type":"CommentAction","name":"Comment","target":["https:\/\/denizcankizil.tr\/ru\/haberler\/antalya\/arizali-sinyalizasyon-kazalara-neden-oldu\/#respond"]}]},{"@type":"WebPage","@id":"https:\/\/denizcankizil.tr\/ru\/haberler\/antalya\/arizali-sinyalizasyon-kazalara-neden-oldu\/","url":"https:\/\/denizcankizil.tr\/ru\/haberler\/antalya\/arizali-sinyalizasyon-kazalara-neden-oldu\/","name":"Ar\u0131zal\u0131 sinyalizasyon kazalara neden oldu - Av. Deniz Can K\u0131z\u0131l","isPartOf":{"@id":"https:\/\/denizcankizil.tr\/de\/#website"},"primaryImageOfPage":{"@id":"https:\/\/denizcankizil.tr\/ru\/haberler\/antalya\/arizali-sinyalizasyon-kazalara-neden-oldu\/#primaryimage"},"image":{"@id":"https:\/\/denizcankizil.tr\/ru\/haberler\/antalya\/arizali-sinyalizasyon-kazalara-neden-oldu\/#primaryimage"},"thumbnailUrl":"https:\/\/denizcankizil.tr\/wp-content\/uploads\/2025\/02\/4483-01-pRr33O.jpeg","datePublished":"2025-02-05T09:41:35+00:00","breadcrumb":{"@id":"https:\/\/denizcankizil.tr\/ru\/haberler\/antalya\/arizali-sinyalizasyon-kazalara-neden-oldu\/#breadcrumb"},"inLanguage":"ru-RU","potentialAction":[{"@type":"ReadAction","target":["https:\/\/denizcankizil.tr\/ru\/haberler\/antalya\/arizali-sinyalizasyon-kazalara-neden-oldu\/"]}]},{"@type":"ImageObject","inLanguage":"ru-RU","@id":"https:\/\/denizcankizil.tr\/ru\/haberler\/antalya\/arizali-sinyalizasyon-kazalara-neden-oldu\/#primaryimage","url":"https:\/\/denizcankizil.tr\/wp-content\/uploads\/2025\/02\/4483-01-pRr33O.jpeg","contentUrl":"https:\/\/denizcankizil.tr\/wp-content\/uploads\/2025\/02\/4483-01-pRr33O.jpeg","width":1280,"height":720},{"@type":"BreadcrumbList","@id":"https:\/\/denizcankizil.tr\/ru\/haberler\/antalya\/arizali-sinyalizasyon-kazalara-neden-oldu\/#breadcrumb","itemListElement":[{"@type":"ListItem","position":1,"name":"Home","item":"https:\/\/denizcankizil.tr\/de\/"},{"@type":"ListItem","position":2,"name":"Ar\u0131zal\u0131 sinyalizasyon kazalara neden oldu"}]},{"@type":"WebSite","@id":"https:\/\/denizcankizil.tr\/de\/#website","url":"https:\/\/denizcankizil.tr\/de\/","name":"Av. Deniz Can K\u0131z\u0131l","description":"Avukat Deniz Can K\u0131z\u0131l Antalya Barosu","publisher":{"@id":"https:\/\/denizcankizil.tr\/de\/#organization"},"potentialAction":[{"@type":"SearchAction","target":{"@type":"EntryPoint","urlTemplate":"https:\/\/denizcankizil.tr\/de\/?s={search_term_string}"},"query-input":{"@type":"PropertyValueSpecification","valueRequired":true,"valueName":"search_term_string"}}],"inLanguage":"ru-RU"},{"@type":"Organization","@id":"https:\/\/denizcankizil.tr\/de\/#organization","name":"Av. Deniz Can K\u0131z\u0131l","url":"https:\/\/denizcankizil.tr\/de\/","logo":{"@type":"ImageObject","inLanguage":"ru-RU","@id":"https:\/\/denizcankizil.tr\/de\/#\/schema\/logo\/image\/","url":"https:\/\/denizcankizil.tr\/wp-content\/uploads\/2024\/10\/siyah-logo-svg.svg","contentUrl":"https:\/\/denizcankizil.tr\/wp-content\/uploads\/2024\/10\/siyah-logo-svg.svg","width":1080,"height":1080,"caption":"Av. Deniz Can K\u0131z\u0131l"},"image":{"@id":"https:\/\/denizcankizil.tr\/de\/#\/schema\/logo\/image\/"}},{"@type":"Person","@id":"https:\/\/denizcankizil.tr\/de\/#\/schema\/person\/5dc1b22991bd7ac833867c10afc9b0ff","name":"Av. Deniz Can K\u0131z\u0131l","image":{"@type":"ImageObject","inLanguage":"ru-RU","@id":"https:\/\/denizcankizil.tr\/de\/#\/schema\/person\/image\/","url":"https:\/\/secure.gravatar.com\/avatar\/a0b128fb9855c79efc976d5640eedb31dc35ec297594d6016d2cf7c60e975bb6?s=96&d=mm&r=g","contentUrl":"https:\/\/secure.gravatar.com\/avatar\/a0b128fb9855c79efc976d5640eedb31dc35ec297594d6016d2cf7c60e975bb6?s=96&d=mm&r=g","caption":"Av. Deniz Can K\u0131z\u0131l"},"sameAs":["http:\/\/www.denizcankizil.tr"],"url":"https:\/\/denizcankizil.tr\/ru\/author\/denizcankizil\/"}]}},"_links":{"self":[{"href":"https:\/\/denizcankizil.tr\/ru\/wp-json\/wp\/v2\/posts\/30334","targetHints":{"allow":["GET"]}}],"collection":[{"href":"https:\/\/denizcankizil.tr\/ru\/wp-json\/wp\/v2\/posts"}],"about":[{"href":"https:\/\/denizcankizil.tr\/ru\/wp-json\/wp\/v2\/types\/post"}],"author":[{"embeddable":true,"href":"https:\/\/denizcankizil.tr\/ru\/wp-json\/wp\/v2\/users\/4"}],"replies":[{"embeddable":true,"href":"https:\/\/denizcankizil.tr\/ru\/wp-json\/wp\/v2\/comments?post=30334"}],"version-history":[{"count":0,"href":"https:\/\/denizcankizil.tr\/ru\/wp-json\/wp\/v2\/posts\/30334\/revisions"}],"wp:featuredmedia":[{"embeddable":true,"href":"https:\/\/denizcankizil.tr\/ru\/wp-json\/wp\/v2\/media\/30335"}],"wp:attachment":[{"href":"https:\/\/denizcankizil.tr\/ru\/wp-json\/wp\/v2\/media?parent=30334"}],"wp:term":[{"taxonomy":"category","embeddable":true,"href":"https:\/\/denizcankizil.tr\/ru\/wp-json\/wp\/v2\/categories?post=30334"},{"taxonomy":"post_tag","embeddable":true,"href":"https:\/\/denizcankizil.tr\/ru\/wp-json\/wp\/v2\/tags?post=30334"}],"curies":[{"name":"wp","href":"https:\/\/api.w.org\/{rel}","templated":true}]}}